{"id":12311,"date":"2021-11-15T12:02:18","date_gmt":"2021-11-15T12:02:18","guid":{"rendered":"https:\/\/www.welovecycling.com\/pl\/?p=12311"},"modified":"2021-11-17T09:09:06","modified_gmt":"2021-11-17T09:09:06","slug":"najzabawniejsze-momenty-w-kolarstwie-w-2021-roku","status":"publish","type":"post","link":"https:\/\/www.welovecycling.com\/pl\/2021\/11\/15\/najzabawniejsze-momenty-w-kolarstwie-w-2021-roku\/","title":{"rendered":"Najzabawniejsze momenty w kolarstwie w 2021 roku!"},"content":{"rendered":"<p><strong>Po trudnym 2020 roku sezon 2021 ofiarowa\u0142 fanom na ca\u0142ym \u015bwiecie powr\u00f3t do wzgl\u0119dnej normalno\u015bci z prawie takim samym kalendarzem wy\u015bcig\u00f3w, jaki obowi\u0105zywa\u0142 przed pandemi\u0105.<\/strong><\/p>\n<p>Co wi\u0119cej, fani kolarstwa wr\u00f3cili na pobocza tras wy\u015bcig\u00f3w. Punkt kulminacyjny stanowi\u0142y wrze\u015bniowe mistrzostwa \u015bwiata w Leuven, podczas kt\u00f3rych t\u0142umy by\u0142y ju\u017c na pe\u0142nych obrotach, wsp\u00f3\u0142tworz\u0105c niesamowite widowisko. Oznacza to, \u017ce powr\u00f3ci\u0142y interakcje pomi\u0119dzy fanami a zawodnikami, a niekt\u00f3re z nich sta\u0142y si\u0119 najzabawniejszymi momentami mijaj\u0105cego sezonu.<\/p>\n<figure id=\"attachment_186654\" aria-describedby=\"caption-attachment-186654\" style=\"width: 1000px\" class=\"wp-caption alignnone\"><img loading=\"lazy\" decoding=\"async\" class=\"loading wp-image-186654 size-full\" src=\"https:\/\/d2p6e6u75xmxt8.cloudfront.net\/2\/2021\/10\/2021-Tour-Devil-profimedia-0619245539.jpg\" sizes=\"auto, (max-width: 1000px) 100vw, 1000px\" srcset=\"https:\/\/d2p6e6u75xmxt8.cloudfront.net\/2\/2021\/10\/2021-Tour-Devil-profimedia-0619245539.jpg 1000w, https:\/\/d2p6e6u75xmxt8.cloudfront.net\/2\/2021\/10\/2021-Tour-Devil-profimedia-0619245539-300x200.jpg 300w, https:\/\/d2p6e6u75xmxt8.cloudfront.net\/2\/2021\/10\/2021-Tour-Devil-profimedia-0619245539-768x511.jpg 768w, https:\/\/d2p6e6u75xmxt8.cloudfront.net\/2\/2021\/10\/2021-Tour-Devil-profimedia-0619245539-272x182.jpg 272w\" alt=\"Tour de France\" width=\"1000\" height=\"666\" data-was-processed=\"true\" \/><figcaption id=\"caption-attachment-186654\" class=\"wp-caption-text\">Dieter \u201eDidi\u201d Senft, znany jako Didi the Devil lub El Diablo, z Rogerem Klugem podczas 6. etapu Tour de France 2021. \u00a9 Profimedia<\/figcaption><\/figure>\n<p>Przyjrzyjmy si\u0119 najciekawszym z nich, kt\u00f3re wywo\u0142a\u0142y u\u015bmiech w tym roku.<\/p>\n<h2><strong>Piosenka dla Primo\u017ea Rogli\u010da<\/strong><\/h2>\n<p>Tegoroczny Tour de France b\u0119dzie niezapomniany dla Rogli\u010da. S\u0142oweniec otrzyma\u0142 w prezencie od Tour de Tietema hit, kt\u00f3ry sta\u0142 si\u0119 viralem na YouTubie. Grupa wyprodukowa\u0142a kolejn\u0105 chwytliw\u0105 piosenk\u0119 \u2013 po utworach po\u015bwi\u0119conych Woutowi van Aertowi i Dylanowi Groenewegenowi w poprzednich latach \u2013 nawi\u0105zuj\u0105c\u0105 do czas\u00f3w, kiedy kolarz Jumbo-Visma by\u0142 skoczkiem narciarskim.<\/p>\n<p>Oryginalny teledysk zosta\u0142 nakr\u0119cony z przymru\u017ceniem oka, a sam Rogli\u010d poszed\u0142 w \u015blady trio z Francji, wykonuj\u0105c taniec w towarzystwie swojej rodziny. To wszystko uchwyci\u0142 Tour de Tietema, tworz\u0105c zabawn\u0105 i krzepi\u0105c\u0105 opowie\u015b\u0107 o smutnym dla Rogli\u010da czasie.<\/p>\n<p>Z g\u00f3ry przepraszamy, je\u015bli znowu zaczniesz nuci\u0107 ten utw\u00f3r!<\/p>\n<div class=\"embed-controller-wrapper\">\n<div class=\"embed-wrapper\"><iframe title=\"TOUR DE TIETEMA - PRIMOZ ROGLIC (APR\u00c8S SKISCHANS HIT) FT. KAAIGEZELLIG\" width=\"500\" height=\"281\" data-src=\"https:\/\/www.youtube.com\/embed\/NxX-t4-Xc8g?feature=oembed\" frameborder=\"0\" allow=\"accelerometer; autoplay; clipboard-write; encrypted-media; gyroscope; picture-in-picture; web-share\" referrerpolicy=\"strict-origin-when-cross-origin\" allowfullscreen><\/iframe><\/div>\n<\/div>\n<h2><strong>Dramatyczna lama<\/strong><\/h2>\n<p>Jak zawsze w przypadku kolarstwa zwierz\u0119ta staj\u0105 si\u0119 mistrzami drugiego planu przez ca\u0142y sezon. Jest mn\u00f3stwo wydarze\u0144 do wyboru, ale chyba najzabawniejsze mia\u0142o miejsce podczas tegorocznego Tour de France. Bez kontekstu ten obraz rodzi znacznie wi\u0119cej pyta\u0144 ni\u017c odpowiedzi. Kto sprowadza lam\u0119 na wy\u015bcig i jak kamerzysta zmusi\u0142 j\u0105 do stania tak nieruchomo?<\/p>\n<p>Jakkolwiek by na to nie spojrze\u0107, niespodzianka dla widz\u00f3w podczas wy\u015bcigu by\u0142a ogromna i z tego powodu musi to by\u0107 najlepszy kadr ze zwierz\u0119ciem w tym roku.<\/p>\n<div class=\"embed-controller-wrapper\">\n<blockquote class=\"twitter-tweet\" data-width=\"500\" data-dnt=\"true\">\n<p lang=\"zxx\" dir=\"ltr\"><a href=\"https:\/\/t.co\/ubokDoaDiQ\">pic.twitter.com\/ubokDoaDiQ<\/a><\/p>\n<p>&mdash; Cycling out of context (@OutOfCycling) <a href=\"https:\/\/twitter.com\/OutOfCycling\/status\/1410915517263757312?ref_src=twsrc%5Etfw\">July 2, 2021<\/a><\/p><\/blockquote>\n<p><script async data-src=\"https:\/\/platform.twitter.com\/widgets.js\" charset=\"utf-8\"><\/script><\/div>\n<h2><strong>\u015awi\u0119towanie Trek-Segafredo po wy\u015bcigu Mediolan\u2013San Remo<\/strong><\/h2>\n<p>Dla Jaspera Stuyvena zwyci\u0119stwo w tegorocznym wy\u015bcigu Mediolan\u2013San Remo zapewne b\u0119dzie najwa\u017cniejszym wydarzeniem w karierze i je\u015bli nie zapewni mu wiecznej chwa\u0142y, to przynajmniej z pewno\u015bci\u0105 oka\u017ce si\u0119 wygran\u0105 pami\u0119tan\u0105 przez reszt\u0119 \u017cycia. Emocje z tym zwi\u0105zane zosta\u0142y pi\u0119knie uchwycone po wy\u015bcigu, kiedy koledzy z dru\u017cyny powitali Stuyvena piosenk\u0105 \u201eLink Rechts\u201d Snollebollekesa, czyli klasycznym hymnem kolarskim.<\/p>\n<p>Ale to, co nast\u0105pi\u0142o potem, jest jeszcze ciekawsze. Dru\u017cyna spr\u00f3bowa\u0142a do\u0142\u0105czy\u0107 do zabawy w zespo\u0142owym autobusie i pod\u0105\u017ca\u0107 za tanecznymi ruchami Belga, cho\u0107 nie wychodzi\u0142o im to zbyt r\u00f3wno. Przy\u0142\u0105czyli si\u0119 jednak wszyscy, w tym zdezorientowany Vincenzo Nibali.<\/p>\n<p>W ka\u017cdym razie ta beztroska chwila by\u0142a perfekcyjnym zwie\u0144czeniem niesamowitego dnia dla 29-letniego Stuyvena i cieszymy si\u0119, \u017ce wszystko zosta\u0142o uwiecznione.<\/p>\n<p>Nie mo\u017cesz si\u0119 nacieszy\u0107 widokiem kolarzy ta\u0144cz\u0105cych do tej piosenki? Co powiesz na kolejny filmik, tym razem z udzia\u0142em Lucindy Brand?<\/p>\n<div class=\"embed-controller-wrapper\">\n<blockquote class=\"twitter-tweet\" data-width=\"500\" data-dnt=\"true\">\n<p lang=\"zxx\" dir=\"ltr\"><a href=\"https:\/\/t.co\/rS24gDPnpT\">pic.twitter.com\/rS24gDPnpT<\/a><\/p>\n<p>&mdash; Cycling out of context (@OutOfCycling) <a href=\"https:\/\/twitter.com\/OutOfCycling\/status\/1437829888518598664?ref_src=twsrc%5Etfw\">September 14, 2021<\/a><\/p><\/blockquote>\n<p><script async data-src=\"https:\/\/platform.twitter.com\/widgets.js\" charset=\"utf-8\"><\/script><\/div>\n<h2><strong>Sztuczki Netflixa<\/strong><\/h2>\n<p>Popularny film dokumentalny o hiszpa\u0144skiej dru\u017cynie Movistar odni\u00f3s\u0142 sukces nie tylko ze wzgl\u0119du na ukazanie jej od wewn\u0105trz, ale tak\u017ce z powodu pewnego tragikomicznego wydarzenia. W tym sezonie internet oszala\u0142 podczas ostatniego etapu La Vuelta, gdy Miguel Angel Lopez wybuch\u0142, zrezygnowa\u0142 z wy\u015bcigu i opu\u015bci\u0142 w gniewie zesp\u00f3\u0142, do\u0142\u0105czaj\u0105c do Astany. W tym momencie wszyscy oczekuj\u0105 trzeciego sezonu serialu, aby dowiedzie\u0107 si\u0119, co dok\u0142adnie wydarzy\u0142o si\u0119 tego pami\u0119tnego dnia. Tak wi\u0119c tragikomedia z Movistarem i Netflixem w rolach g\u0142\u00f3wnych trwa, a fani nie mog\u0105 przesta\u0107 jej ogl\u0105da\u0107.<\/p>\n<div class=\"embed-controller-wrapper\">\n<div class=\"embed-wrapper\"><iframe title=\"Miguel \u00c1ngel L\u00f3pez Contract TERMINATED at Movistar | Fair or Overreaction?\" width=\"500\" height=\"281\" data-src=\"https:\/\/www.youtube.com\/embed\/q0_0voAv9Pg?feature=oembed\" frameborder=\"0\" allow=\"accelerometer; autoplay; clipboard-write; encrypted-media; gyroscope; picture-in-picture; web-share\" referrerpolicy=\"strict-origin-when-cross-origin\" allowfullscreen><\/iframe><\/div>\n<\/div>\n<h2><strong>Rozci\u0105gni\u0119ty na maksa<\/strong><\/h2>\n<p>I na koniec wracamy do Trek-Segafredo, zawsze wartego obserwowania w mediach spo\u0142eczno\u015bciowych, i meldujemy si\u0119 wraz z Edwardem Theunsem na tegorocznym wy\u015bcigu Pary\u017c\u2013Nicea.<\/p>\n<div class=\"embed-controller-wrapper\">\n<blockquote class=\"twitter-tweet\" data-width=\"500\" data-dnt=\"true\">\n<p lang=\"en\" dir=\"ltr\">Pre-race stretch demonstration from <a href=\"https:\/\/twitter.com\/EdwardTheuns?ref_src=twsrc%5Etfw\">@EdwardTheuns<\/a> \ud83d\ude46\ud83c\udffb\u200d\u2642\ufe0f<a href=\"https:\/\/twitter.com\/hashtag\/ParisNice?src=hash&amp;ref_src=twsrc%5Etfw\">#ParisNice<\/a> <a href=\"https:\/\/t.co\/qGguRh3AMq\">pic.twitter.com\/qGguRh3AMq<\/a><\/p>\n<p>&mdash; Lidl-Trek (@LidlTrek) <a href=\"https:\/\/twitter.com\/LidlTrek\/status\/1371084651910078468?ref_src=twsrc%5Etfw\">March 14, 2021<\/a><\/p><\/blockquote>\n<p><script async data-src=\"https:\/\/platform.twitter.com\/widgets.js\" charset=\"utf-8\"><\/script><\/div>\n<p>To by\u0142 szalony rok \u015bcigania si\u0119 w peletonie. Przed nami jeszcze Roubaix i Il Lombardia, wi\u0119c jeste\u015bmy przygotowani na fantastyczny punkt kulminacyjny sezonu.<\/p>\n<p>Chocia\u017c wy\u015bcig\u00f3w jest du\u017co, a zawodnicy s\u0105 na nich skoncentrowani, zawsze wspaniale jest zobaczy\u0107 ich osobowo\u015bci, a tak\u017ce przekona\u0107 si\u0119, co inni ludzie w spo\u0142eczno\u015bci kolarskiej potrafi\u0105 zrobi\u0107, aby\u015bmy mogli si\u0119 u\u015bmiechn\u0105\u0107 podczas ogl\u0105dania tego wspania\u0142ego sportu.<\/p>\n<p>Oby 2022 przyni\u00f3s\u0142 nam jeszcze wi\u0119cej rado\u015bci.<\/p>\n<p><span data-sheets-value=\"{&quot;1&quot;:2,&quot;2&quot;:&quot;Artyku\u0142 powsta\u0142 we wsp\u00f3\u0142pracy ze skoda-auto.pl&quot;}\" data-sheets-userformat=\"{&quot;2&quot;:1,&quot;3&quot;:{&quot;1&quot;:0}}\" data-sheets-hyperlink=\"http:\/\/www.skoda-auto.pl\/\"><a class=\"in-cell-link\" href=\"http:\/\/www.skoda-auto.pl\/\" target=\"_blank\" rel=\"noopener noreferrer\">Artyku\u0142 powsta\u0142 we wsp\u00f3\u0142pracy ze skoda-auto.pl<\/a><\/span><\/p>\n<p><a href=\"https:\/\/www.skoda-auto.pl\/modele\/nowa-octavia\"><img loading=\"lazy\" decoding=\"async\" class=\"alignnone size-full wp-image-11630 aligncenter\" src=\"https:\/\/d2p6e6u75xmxt8.cloudfront.net\/5\/2021\/12\/640x350-1.jpg\" alt=\"\" width=\"640\" height=\"350\" srcset=\"https:\/\/d2p6e6u75xmxt8.cloudfront.net\/5\/2021\/12\/640x350-1.jpg 640w, https:\/\/d2p6e6u75xmxt8.cloudfront.net\/5\/2021\/12\/640x350-1-300x164.jpg 300w\" sizes=\"auto, (max-width: 640px) 100vw, 640px\" \/><\/a><\/p>\n","protected":false},"excerpt":{"rendered":"<p>Po trudnym 2020 roku sezon 2021 ofiarowa\u0142 fanom na ca\u0142ym \u015bwiecie powr\u00f3t do wzgl\u0119dnej normalno\u015bci z prawie takim samym kalendarzem [&hellip;]<\/p>\n","protected":false},"author":153,"featured_media":12319,"comment_status":"open","ping_status":"open","sticky":false,"template":"","format":"standard","meta":{"footnotes":""},"categories":[332],"tags":[],"global-categories":[303],"class_list":["post-12311","post","type-post","status-publish","format-standard","has-post-thumbnail","hentry","category-lifestyle","global-categories-cycling"],"yoast_head":"<!-- This site is optimized with the Yoast SEO Premium plugin v25.3 (Yoast SEO v25.9) - https:\/\/yoast.com\/wordpress\/plugins\/seo\/ -->\n<title>Najzabawniejsze momenty w kolarstwie w 2021 roku! - \u0160koda We Love Cycling - Poland<\/title>\n<meta name=\"robots\" content=\"index, follow, max-snippet:-1, max-image-preview:large, max-video-preview:-1\" \/>\n<link rel=\"canonical\" href=\"https:\/\/www.welovecycling.com\/pl\/2021\/11\/15\/najzabawniejsze-momenty-w-kolarstwie-w-2021-roku\/\" \/>\n<meta property=\"og:locale\" content=\"pl_PL\" \/>\n<meta property=\"og:type\" content=\"article\" \/>\n<meta property=\"og:title\" content=\"Najzabawniejsze momenty w kolarstwie w 2021 roku!\" \/>\n<meta property=\"og:description\" content=\"Po trudnym 2020 roku sezon 2021 ofiarowa\u0142 fanom na ca\u0142ym \u015bwiecie powr\u00f3t do wzgl\u0119dnej normalno\u015bci z prawie takim samym kalendarzem [&hellip;]\" \/>\n<meta property=\"og:url\" content=\"https:\/\/www.welovecycling.com\/pl\/2021\/11\/15\/najzabawniejsze-momenty-w-kolarstwie-w-2021-roku\/\" \/>\n<meta property=\"og:site_name\" content=\"\u0160koda We Love Cycling - Poland\" \/>\n<meta property=\"article:published_time\" content=\"2021-11-15T12:02:18+00:00\" \/>\n<meta property=\"article:modified_time\" content=\"2021-11-17T09:09:06+00:00\" \/>\n<meta property=\"og:image\" content=\"https:\/\/d2p6e6u75xmxt8.cloudfront.net\/5\/2021\/11\/Tour-de-France-horse-profimedia-0620407885-CVR-1024x450-1.jpg\" \/>\n\t<meta property=\"og:image:width\" content=\"1024\" \/>\n\t<meta property=\"og:image:height\" content=\"450\" \/>\n\t<meta property=\"og:image:type\" content=\"image\/jpeg\" \/>\n<meta name=\"author\" content=\"rafal\" \/>\n<meta name=\"twitter:card\" content=\"summary_large_image\" \/>\n<meta name=\"twitter:label1\" content=\"Written by\" \/>\n\t<meta name=\"twitter:data1\" content=\"Joshua Donaldson\" \/>\n\t<meta name=\"twitter:label2\" content=\"Est. reading time\" \/>\n\t<meta name=\"twitter:data2\" content=\"4 minutes\" \/>\n<script type=\"application\/ld+json\" class=\"yoast-schema-graph\">{\"@context\":\"https:\/\/schema.org\",\"@graph\":[{\"@type\":\"WebPage\",\"@id\":\"https:\/\/www.welovecycling.com\/pl\/2021\/11\/15\/najzabawniejsze-momenty-w-kolarstwie-w-2021-roku\/\",\"url\":\"https:\/\/www.welovecycling.com\/pl\/2021\/11\/15\/najzabawniejsze-momenty-w-kolarstwie-w-2021-roku\/\",\"name\":\"Najzabawniejsze momenty w kolarstwie w 2021 roku! - \u0160koda We Love Cycling - Poland\",\"isPartOf\":{\"@id\":\"https:\/\/www.welovecycling.com\/pl\/#website\"},\"primaryImageOfPage\":{\"@id\":\"https:\/\/www.welovecycling.com\/pl\/2021\/11\/15\/najzabawniejsze-momenty-w-kolarstwie-w-2021-roku\/#primaryimage\"},\"image\":{\"@id\":\"https:\/\/www.welovecycling.com\/pl\/2021\/11\/15\/najzabawniejsze-momenty-w-kolarstwie-w-2021-roku\/#primaryimage\"},\"thumbnailUrl\":\"https:\/\/d2p6e6u75xmxt8.cloudfront.net\/5\/2021\/11\/Tour-de-France-horse-profimedia-0620407885-CVR-1024x450-1.jpg\",\"datePublished\":\"2021-11-15T12:02:18+00:00\",\"dateModified\":\"2021-11-17T09:09:06+00:00\",\"author\":{\"@id\":\"https:\/\/www.welovecycling.com\/pl\/#\/schema\/person\/bf06ed916a1ef16618807fb60d2ebe42\"},\"breadcrumb\":{\"@id\":\"https:\/\/www.welovecycling.com\/pl\/2021\/11\/15\/najzabawniejsze-momenty-w-kolarstwie-w-2021-roku\/#breadcrumb\"},\"inLanguage\":\"pl-PL\",\"potentialAction\":[{\"@type\":\"ReadAction\",\"target\":[\"https:\/\/www.welovecycling.com\/pl\/2021\/11\/15\/najzabawniejsze-momenty-w-kolarstwie-w-2021-roku\/\"]}]},{\"@type\":\"ImageObject\",\"inLanguage\":\"pl-PL\",\"@id\":\"https:\/\/www.welovecycling.com\/pl\/2021\/11\/15\/najzabawniejsze-momenty-w-kolarstwie-w-2021-roku\/#primaryimage\",\"url\":\"https:\/\/d2p6e6u75xmxt8.cloudfront.net\/5\/2021\/11\/Tour-de-France-horse-profimedia-0620407885-CVR-1024x450-1.jpg\",\"contentUrl\":\"https:\/\/d2p6e6u75xmxt8.cloudfront.net\/5\/2021\/11\/Tour-de-France-horse-profimedia-0620407885-CVR-1024x450-1.jpg\",\"width\":1024,\"height\":450},{\"@type\":\"BreadcrumbList\",\"@id\":\"https:\/\/www.welovecycling.com\/pl\/2021\/11\/15\/najzabawniejsze-momenty-w-kolarstwie-w-2021-roku\/#breadcrumb\",\"itemListElement\":[{\"@type\":\"ListItem\",\"position\":1,\"name\":\"Home\",\"item\":\"https:\/\/www.welovecycling.com\/pl\/\"},{\"@type\":\"ListItem\",\"position\":2,\"name\":\"Najzabawniejsze momenty w kolarstwie w 2021 roku!\"}]},{\"@type\":\"WebSite\",\"@id\":\"https:\/\/www.welovecycling.com\/pl\/#website\",\"url\":\"https:\/\/www.welovecycling.com\/pl\/\",\"name\":\"\u0160koda We Love Cycling - Poland\",\"description\":\"\",\"potentialAction\":[{\"@type\":\"SearchAction\",\"target\":{\"@type\":\"EntryPoint\",\"urlTemplate\":\"https:\/\/www.welovecycling.com\/pl\/?s={search_term_string}\"},\"query-input\":{\"@type\":\"PropertyValueSpecification\",\"valueRequired\":true,\"valueName\":\"search_term_string\"}}],\"inLanguage\":\"pl-PL\"},{\"@type\":\"Person\",\"@id\":\"https:\/\/www.welovecycling.com\/pl\/#\/schema\/person\/bf06ed916a1ef16618807fb60d2ebe42\",\"name\":\"rafal\",\"image\":{\"@type\":\"ImageObject\",\"inLanguage\":\"pl-PL\",\"@id\":\"https:\/\/www.welovecycling.com\/pl\/#\/schema\/person\/image\/\",\"url\":\"https:\/\/secure.gravatar.com\/avatar\/203f240e63bee214f6f3a0dacbeb600c7829c09716c2b9ee3230c6961debcde2?s=96&d=mm&r=g\",\"contentUrl\":\"https:\/\/secure.gravatar.com\/avatar\/203f240e63bee214f6f3a0dacbeb600c7829c09716c2b9ee3230c6961debcde2?s=96&d=mm&r=g\",\"caption\":\"rafal\"},\"url\":\"https:\/\/www.welovecycling.com\/pl\/author\/rafal\/\"}]}<\/script>\n<!-- \/ Yoast SEO Premium plugin. -->","yoast_head_json":{"title":"Najzabawniejsze momenty w kolarstwie w 2021 roku! - \u0160koda We Love Cycling - Poland","robots":{"index":"index","follow":"follow","max-snippet":"max-snippet:-1","max-image-preview":"max-image-preview:large","max-video-preview":"max-video-preview:-1"},"canonical":"https:\/\/www.welovecycling.com\/pl\/2021\/11\/15\/najzabawniejsze-momenty-w-kolarstwie-w-2021-roku\/","og_locale":"pl_PL","og_type":"article","og_title":"Najzabawniejsze momenty w kolarstwie w 2021 roku!","og_description":"Po trudnym 2020 roku sezon 2021 ofiarowa\u0142 fanom na ca\u0142ym \u015bwiecie powr\u00f3t do wzgl\u0119dnej normalno\u015bci z prawie takim samym kalendarzem [&hellip;]","og_url":"https:\/\/www.welovecycling.com\/pl\/2021\/11\/15\/najzabawniejsze-momenty-w-kolarstwie-w-2021-roku\/","og_site_name":"\u0160koda We Love Cycling - Poland","article_published_time":"2021-11-15T12:02:18+00:00","article_modified_time":"2021-11-17T09:09:06+00:00","og_image":[{"width":1024,"height":450,"url":"https:\/\/d2p6e6u75xmxt8.cloudfront.net\/5\/2021\/11\/Tour-de-France-horse-profimedia-0620407885-CVR-1024x450-1.jpg","type":"image\/jpeg"}],"author":"rafal","twitter_card":"summary_large_image","twitter_misc":{"Written by":"Joshua Donaldson","Est. reading time":"4 minutes"},"schema":{"@context":"https:\/\/schema.org","@graph":[{"@type":"WebPage","@id":"https:\/\/www.welovecycling.com\/pl\/2021\/11\/15\/najzabawniejsze-momenty-w-kolarstwie-w-2021-roku\/","url":"https:\/\/www.welovecycling.com\/pl\/2021\/11\/15\/najzabawniejsze-momenty-w-kolarstwie-w-2021-roku\/","name":"Najzabawniejsze momenty w kolarstwie w 2021 roku! - \u0160koda We Love Cycling - Poland","isPartOf":{"@id":"https:\/\/www.welovecycling.com\/pl\/#website"},"primaryImageOfPage":{"@id":"https:\/\/www.welovecycling.com\/pl\/2021\/11\/15\/najzabawniejsze-momenty-w-kolarstwie-w-2021-roku\/#primaryimage"},"image":{"@id":"https:\/\/www.welovecycling.com\/pl\/2021\/11\/15\/najzabawniejsze-momenty-w-kolarstwie-w-2021-roku\/#primaryimage"},"thumbnailUrl":"https:\/\/d2p6e6u75xmxt8.cloudfront.net\/5\/2021\/11\/Tour-de-France-horse-profimedia-0620407885-CVR-1024x450-1.jpg","datePublished":"2021-11-15T12:02:18+00:00","dateModified":"2021-11-17T09:09:06+00:00","author":{"@id":"https:\/\/www.welovecycling.com\/pl\/#\/schema\/person\/bf06ed916a1ef16618807fb60d2ebe42"},"breadcrumb":{"@id":"https:\/\/www.welovecycling.com\/pl\/2021\/11\/15\/najzabawniejsze-momenty-w-kolarstwie-w-2021-roku\/#breadcrumb"},"inLanguage":"pl-PL","potentialAction":[{"@type":"ReadAction","target":["https:\/\/www.welovecycling.com\/pl\/2021\/11\/15\/najzabawniejsze-momenty-w-kolarstwie-w-2021-roku\/"]}]},{"@type":"ImageObject","inLanguage":"pl-PL","@id":"https:\/\/www.welovecycling.com\/pl\/2021\/11\/15\/najzabawniejsze-momenty-w-kolarstwie-w-2021-roku\/#primaryimage","url":"https:\/\/d2p6e6u75xmxt8.cloudfront.net\/5\/2021\/11\/Tour-de-France-horse-profimedia-0620407885-CVR-1024x450-1.jpg","contentUrl":"https:\/\/d2p6e6u75xmxt8.cloudfront.net\/5\/2021\/11\/Tour-de-France-horse-profimedia-0620407885-CVR-1024x450-1.jpg","width":1024,"height":450},{"@type":"BreadcrumbList","@id":"https:\/\/www.welovecycling.com\/pl\/2021\/11\/15\/najzabawniejsze-momenty-w-kolarstwie-w-2021-roku\/#breadcrumb","itemListElement":[{"@type":"ListItem","position":1,"name":"Home","item":"https:\/\/www.welovecycling.com\/pl\/"},{"@type":"ListItem","position":2,"name":"Najzabawniejsze momenty w kolarstwie w 2021 roku!"}]},{"@type":"WebSite","@id":"https:\/\/www.welovecycling.com\/pl\/#website","url":"https:\/\/www.welovecycling.com\/pl\/","name":"\u0160koda We Love Cycling - Poland","description":"","potentialAction":[{"@type":"SearchAction","target":{"@type":"EntryPoint","urlTemplate":"https:\/\/www.welovecycling.com\/pl\/?s={search_term_string}"},"query-input":{"@type":"PropertyValueSpecification","valueRequired":true,"valueName":"search_term_string"}}],"inLanguage":"pl-PL"},{"@type":"Person","@id":"https:\/\/www.welovecycling.com\/pl\/#\/schema\/person\/bf06ed916a1ef16618807fb60d2ebe42","name":"rafal","image":{"@type":"ImageObject","inLanguage":"pl-PL","@id":"https:\/\/www.welovecycling.com\/pl\/#\/schema\/person\/image\/","url":"https:\/\/secure.gravatar.com\/avatar\/203f240e63bee214f6f3a0dacbeb600c7829c09716c2b9ee3230c6961debcde2?s=96&d=mm&r=g","contentUrl":"https:\/\/secure.gravatar.com\/avatar\/203f240e63bee214f6f3a0dacbeb600c7829c09716c2b9ee3230c6961debcde2?s=96&d=mm&r=g","caption":"rafal"},"url":"https:\/\/www.welovecycling.com\/pl\/author\/rafal\/"}]}},"_links":{"self":[{"href":"https:\/\/www.welovecycling.com\/pl\/wp-json\/wp\/v2\/posts\/12311","targetHints":{"allow":["GET"]}}],"collection":[{"href":"https:\/\/www.welovecycling.com\/pl\/wp-json\/wp\/v2\/posts"}],"about":[{"href":"https:\/\/www.welovecycling.com\/pl\/wp-json\/wp\/v2\/types\/post"}],"author":[{"embeddable":true,"href":"https:\/\/www.welovecycling.com\/pl\/wp-json\/wp\/v2\/users\/153"}],"replies":[{"embeddable":true,"href":"https:\/\/www.welovecycling.com\/pl\/wp-json\/wp\/v2\/comments?post=12311"}],"version-history":[{"count":2,"href":"https:\/\/www.welovecycling.com\/pl\/wp-json\/wp\/v2\/posts\/12311\/revisions"}],"predecessor-version":[{"id":12320,"href":"https:\/\/www.welovecycling.com\/pl\/wp-json\/wp\/v2\/posts\/12311\/revisions\/12320"}],"wp:featuredmedia":[{"embeddable":true,"href":"https:\/\/www.welovecycling.com\/pl\/wp-json\/wp\/v2\/media\/12319"}],"wp:attachment":[{"href":"https:\/\/www.welovecycling.com\/pl\/wp-json\/wp\/v2\/media?parent=12311"}],"wp:term":[{"taxonomy":"category","embeddable":true,"href":"https:\/\/www.welovecycling.com\/pl\/wp-json\/wp\/v2\/categories?post=12311"},{"taxonomy":"post_tag","embeddable":true,"href":"https:\/\/www.welovecycling.com\/pl\/wp-json\/wp\/v2\/tags?post=12311"},{"taxonomy":"global-categories","embeddable":true,"href":"https:\/\/www.welovecycling.com\/pl\/wp-json\/wp\/v2\/global-categories?post=12311"}],"curies":[{"name":"wp","href":"https:\/\/api.w.org\/{rel}","templated":true}]}}