{"id":12297,"date":"2021-11-10T14:51:49","date_gmt":"2021-11-10T14:51:49","guid":{"rendered":"https:\/\/www.welovecycling.com\/pl\/?p=12297"},"modified":"2023-07-19T07:38:51","modified_gmt":"2023-07-19T07:38:51","slug":"na-tour-de-france-trzeba-sie-prezentowac-oto-kolekcja-na-2022-rok","status":"publish","type":"post","link":"https:\/\/www.welovecycling.com\/pl\/2021\/11\/10\/na-tour-de-france-trzeba-sie-prezentowac-oto-kolekcja-na-2022-rok\/","title":{"rendered":"Na Tour de France trzeba si\u0119 prezentowa\u0107! Oto kolekcja na 2022 rok."},"content":{"rendered":"<p><strong>Jak zwykle b\u0119dzie subtelnie, ale te\u017c atrakcyjnie i ekologicznie. Podczas prezentacji trasy Tour de France 2022 pokazano \u015bwiatu nowe koszulki lider\u00f3w poszczeg\u00f3lnych klasyfikacji.<\/strong><\/p>\n<p>Na pocz\u0105tek ciekawostka &#8211; skoro Tour de France, to koszulki projektowane s\u0105 w Pary\u017cu, europejskiej stolicy mody, prawda? Nie, nic z tych rzeczy! Za wygl\u0105d lider\u00f3w wy\u015bcigu, z kt\u00f3rego Francuzi s\u0105 tak bardzo dumni, odpowiadaj\u0105\u2026 W\u0142osi. A dok\u0142adnie firma Santini Cycling Wear z Bergamo, z kt\u00f3r\u0105 organizatorzy Wielkiej P\u0119tli wsp\u00f3\u0142pracuj\u0105 od lat. W\u0142osi miesi\u0105cami przygotowuj\u0105 nowe wzory koszulek dla najlepszych zawodnik\u00f3w Wielkiej P\u0119tli i &#8211; je\u015bli wierzy\u0107 ich stronie internetowej &#8211; robi\u0105 to z wielk\u0105 pasj\u0105.<\/p>\n<p>\u201eTo jest wpisane w nasze DNA, nasze my\u015bli i w nasze nogi. Na pami\u0119\u0107 znamy legendarne historie, ka\u017cdy odcinek asfaltu, po kt\u00f3rym je\u017cd\u017c\u0105 zawodnicy, i ka\u017cd\u0105 koszulk\u0119, kt\u00f3r\u0105 nosz\u0105\u201d \u2013 pisze Santini na witrynie specjalnie dedykowanej koszulkom na Tour de France.<\/p>\n<h2><strong>\u201eLegendy nigdy nie umieraj\u0105&#8221;<\/strong><\/h2>\n<p>Zaprojektowanie koszulki to jednak nie tylko zadbanie o jej wygl\u0105d, bo r\u00f3wnie wa\u017cna jest lekko\u015b\u0107, materia\u0142 wykonania, a tak\u017ce\u2026 ekologia.<\/p>\n<p>\u201eKoszulki s\u0105 wyj\u0105tkowo trwa\u0142e i przyjazne dla \u015brodowiska. Dzi\u0119ki bardzo dok\u0142adnym badaniom wybrano idealne materia\u0142y do ich produkcji\u201d \u2013 informuj\u0105 organizatorzy Tour de France.<\/p>\n<div class=\"embed-controller-wrapper\">\n<blockquote class=\"twitter-tweet\" data-width=\"500\" data-dnt=\"true\">\n<p lang=\"fr\" dir=\"ltr\">When you wear it, <br \/>You\u2019re wearing a Legend.<br \/>And the Legend never dies.<br \/>\/<br \/>Portez-le pour devenir une L\u00e9gende.<br \/>Et la L\u00e9gende ne meurt jamais.<a href=\"https:\/\/t.co\/WAi7yBBiWn\">https:\/\/t.co\/WAi7yBBiWn<\/a><a href=\"https:\/\/twitter.com\/hashtag\/TDF?src=hash&amp;ref_src=twsrc%5Etfw\">#TDF<\/a> <a href=\"https:\/\/twitter.com\/hashtag\/tourdefrance?src=hash&amp;ref_src=twsrc%5Etfw\">#tourdefrance<\/a> <a href=\"https:\/\/twitter.com\/hashtag\/tdf2022?src=hash&amp;ref_src=twsrc%5Etfw\">#tdf2022<\/a> <a href=\"https:\/\/twitter.com\/hashtag\/maillotjaune?src=hash&amp;ref_src=twsrc%5Etfw\">#maillotjaune<\/a> <a href=\"https:\/\/twitter.com\/hashtag\/yellowjersey?src=hash&amp;ref_src=twsrc%5Etfw\">#yellowjersey<\/a> <a href=\"https:\/\/twitter.com\/hashtag\/santini?src=hash&amp;ref_src=twsrc%5Etfw\">#santini<\/a> <a href=\"https:\/\/twitter.com\/hashtag\/cycling?src=hash&amp;ref_src=twsrc%5Etfw\">#cycling<\/a> <a href=\"https:\/\/twitter.com\/LeTourFemmes?ref_src=twsrc%5Etfw\">@LeTourFemmes<\/a> <a href=\"https:\/\/twitter.com\/LeTour?ref_src=twsrc%5Etfw\">@LeTour<\/a> <a href=\"https:\/\/twitter.com\/MaillotjauneLCL?ref_src=twsrc%5Etfw\">@MaillotjauneLCL<\/a><\/p>\n<p>&mdash; Santini Cycling (@SANTINI_SMS) <a href=\"https:\/\/twitter.com\/SANTINI_SMS\/status\/1448659570889408531?ref_src=twsrc%5Etfw\">October 14, 2021<\/a><\/p><\/blockquote>\n<p><script async data-src=\"https:\/\/platform.twitter.com\/widgets.js\" charset=\"utf-8\"><\/script><\/div>\n<p>Przysz\u0142oroczna kolekcja koszulek promowana jest has\u0142em: \u201eKiedy j\u0105 zak\u0142adasz, zak\u0142adasz legend\u0119. A legendy nigdy nie umieraj\u0105\u201d.<\/p>\n<p>&#8211; Ca\u0142emu naszemu zespo\u0142owi b\u0119d\u0105 towarzyszy\u0142y niesamowite emocje, gdy w lipcu przysz\u0142ego roku b\u0119dziemy ogl\u0105dali, jak zawodnicy wchodz\u0105 na podium na Polach Elizejskich w naszych koszulkach. To co\u015b wyj\u0105tkowego &#8211; podkre\u015bla Paola Santini, kierownik ds. marketingu Santini Cycling Wear.<\/p>\n<h2><strong>Do noszenia r\u00f3wnie\u017c na co dzie\u0144<\/strong><\/h2>\n<p>Za\u0142o\u017cenia podczas projektowania koszulek na Tour de France zawsze s\u0105 podobne \u2013 maj\u0105 by\u0107 efektowne, ale proste, a wyr\u00f3\u017cnia\u0107 maj\u0105 je detale. Od lat nie zmieniaj\u0105 si\u0119 r\u00f3wnie\u017c barwy koszulek: \u017c\u00f3\u0142ta dla lidera klasyfikacji generalnej, zielona dla lidera klasyfikacji punktowej, bia\u0142a w grochy dla najlepszego \u201eg\u00f3rala\u201d oraz bia\u0142a dla najlepszego m\u0142odzie\u017cowca.<\/p>\n<p>&#8211; Przeprowadzili\u015bmy badania ka\u017cdej z koszulek, aby nawi\u0105za\u0107 do ich historii oraz specjalnego znaczenia i to nie tylko dla profesjonalnych rowerzyst\u00f3w, ale tak\u017ce dla fan\u00f3w kolarstwa, kt\u00f3rzy repliki tych koszulek b\u0119d\u0105 mogli nosi\u0107 na co dzie\u0144 \u2013 podkre\u015bla Fergus Niland, dyrektor kreatywny Santini.<\/p>\n<div class=\"embed-controller-wrapper\">\n<blockquote class=\"twitter-tweet\" data-width=\"500\" data-dnt=\"true\">\n<p lang=\"en\" dir=\"ltr\">\ud83d\udc9b\ud83d\udc9a <a href=\"https:\/\/twitter.com\/hashtag\/TDF2022?src=hash&amp;ref_src=twsrc%5Etfw\">#TDF2022<\/a>\u26aa\ud83d\udd34\ud83e\udd0d<\/p>\n<p>\ud83e\udec2 Here are the distinctive jerseys designed by <a href=\"https:\/\/twitter.com\/SANTINI_SMS?ref_src=twsrc%5Etfw\">@SANTINI_SMS<\/a>. \ud83e\udd29<\/p>\n<p>\ud83e\udec2 Voici les maillots distinctifs par <a href=\"https:\/\/twitter.com\/SANTINI_SMS?ref_src=twsrc%5Etfw\">@SANTINI_SMS<\/a>. \ud83e\udd29 <a href=\"https:\/\/t.co\/XoA3O0GhnS\">pic.twitter.com\/XoA3O0GhnS<\/a><\/p>\n<p>&mdash; Tour de France\u2122 (@LeTour) <a href=\"https:\/\/twitter.com\/LeTour\/status\/1448639811687010305?ref_src=twsrc%5Etfw\">October 14, 2021<\/a><\/p><\/blockquote>\n<p><script async data-src=\"https:\/\/platform.twitter.com\/widgets.js\" charset=\"utf-8\"><\/script><\/div>\n<h2><strong>Specjalna kolekcja tak\u017ce dla kobiet<\/strong><\/h2>\n<p>Podczas projektowania kolekcji nie zapomniano r\u00f3wnie\u017c o paniach. Zaraz po zako\u0144czeniu Tour de France 2022, wystartuje przecie\u017c Tour de France Femmes avec Zwift, czyli Tour de France kobiet (o wielkim powrocie tego wy\u015bcigu pisali\u015bmy <a href=\"https:\/\/www.welovecycling.com\/pl\/2021\/11\/05\/13-dlugich-lat-i-dosc-panie-wracaja-na-tour-de-france\/\">TUTAJ<\/a>).<\/p>\n<p>A najbardziej po\u017c\u0105dane koszulki w \u015bwiecie \u017ce\u0144skiego kolarstwa prezentuj\u0105 si\u0119 tak:<\/p>\n<div class=\"embed-controller-wrapper\">\n<blockquote class=\"twitter-tweet\" data-width=\"500\" data-dnt=\"true\">\n<p lang=\"fr\" dir=\"ltr\">\ud83d\udc9b\ud83d\udc9a <a href=\"https:\/\/twitter.com\/hashtag\/TDFF?src=hash&amp;ref_src=twsrc%5Etfw\">#TDFF<\/a> avec Zwift \u26aa\ufe0f\ud83d\udd34\ud83e\udd0d<\/p>\n<p>\ud83e\udd29 Here are the distinctive jerseys designed by <a href=\"https:\/\/twitter.com\/SANTINI_SMS?ref_src=twsrc%5Etfw\">@SANTINI_SMS<\/a>!\ud83c\udfbd<\/p>\n<p>\ud83e\udd29 Voici les maillots distinctifs du <a href=\"https:\/\/twitter.com\/hashtag\/TDFF?src=hash&amp;ref_src=twsrc%5Etfw\">#TDFF<\/a> par <a href=\"https:\/\/twitter.com\/SANTINI_SMS?ref_src=twsrc%5Etfw\">@SANTINI_SMS<\/a> ! \ud83c\udfbd <a href=\"https:\/\/t.co\/PF7yJYkOEd\">pic.twitter.com\/PF7yJYkOEd<\/a><\/p>\n<p>&mdash; Le Tour de France Femmes avec Zwift (@LeTourFemmes) <a href=\"https:\/\/twitter.com\/LeTourFemmes\/status\/1448642329724784641?ref_src=twsrc%5Etfw\">October 14, 2021<\/a><\/p><\/blockquote>\n<p><script async data-src=\"https:\/\/platform.twitter.com\/widgets.js\" charset=\"utf-8\"><\/script><\/div>\n<p>Przypomnijmy, \u017ce Tour de France 2022 zaczyna si\u0119 1 lipca w Kopenhadze, a ko\u0144czy 24 lipca na Polach Elizejskich. Tak\u017ce 24 lipca z Pary\u017ca wystartuje Tour de France Femmes, a panie rywalizacj\u0119 zako\u0144cz\u0105 31 lipca na La Planche des Belles Filles.<\/p>\n<p><span data-sheets-value=\"{&quot;1&quot;:2,&quot;2&quot;:&quot;Artyku\u0142 powsta\u0142 we wsp\u00f3\u0142pracy ze skoda-auto.pl&quot;}\" data-sheets-userformat=\"{&quot;2&quot;:1,&quot;3&quot;:{&quot;1&quot;:0}}\" data-sheets-hyperlink=\"http:\/\/www.skoda-auto.pl\/\"><a class=\"in-cell-link\" href=\"http:\/\/www.skoda-auto.pl\/\" target=\"_blank\" rel=\"noopener noreferrer\">Artyku\u0142 powsta\u0142 we wsp\u00f3\u0142pracy ze skoda-auto.pl<\/a><\/span><\/p>\n<p><a href=\"https:\/\/www.skoda-auto.pl\/modele\/nowa-octavia\"><img loading=\"lazy\" decoding=\"async\" class=\"alignnone size-full wp-image-11630 aligncenter\" src=\"https:\/\/d2p6e6u75xmxt8.cloudfront.net\/5\/2021\/12\/640x350-1.jpg\" alt=\"\" width=\"640\" height=\"350\" srcset=\"https:\/\/d2p6e6u75xmxt8.cloudfront.net\/5\/2021\/12\/640x350-1.jpg 640w, https:\/\/d2p6e6u75xmxt8.cloudfront.net\/5\/2021\/12\/640x350-1-300x164.jpg 300w\" sizes=\"auto, (max-width: 640px) 100vw, 640px\" \/><\/a><\/p>\n","protected":false},"excerpt":{"rendered":"<p>Jak zwykle b\u0119dzie subtelnie, ale te\u017c atrakcyjnie i ekologicznie. Podczas prezentacji trasy Tour de France 2022 pokazano \u015bwiatu nowe koszulki [&hellip;]<\/p>\n","protected":false},"author":153,"featured_media":12301,"comment_status":"open","ping_status":"open","sticky":false,"template":"","format":"standard","meta":{"footnotes":""},"categories":[337],"tags":[176,362,77,366,146],"global-categories":[303],"class_list":["post-12297","post","type-post","status-publish","format-standard","has-post-thumbnail","hentry","category-tour-de-france","tag-kolarstwo","tag-piotr-nowik","tag-tour-de-france","tag-tour-de-france-2022","tag-wyscig","global-categories-cycling"],"yoast_head":"<!-- This site is optimized with the Yoast SEO Premium plugin v25.3 (Yoast SEO v25.9) - https:\/\/yoast.com\/wordpress\/plugins\/seo\/ -->\n<title>Na Tour de France trzeba si\u0119 prezentowa\u0107! Oto kolekcja na 2022 rok. - \u0160koda We Love Cycling - Poland<\/title>\n<meta name=\"robots\" content=\"index, follow, max-snippet:-1, max-image-preview:large, max-video-preview:-1\" \/>\n<link rel=\"canonical\" href=\"https:\/\/www.welovecycling.com\/pl\/2021\/11\/10\/na-tour-de-france-trzeba-sie-prezentowac-oto-kolekcja-na-2022-rok\/\" \/>\n<meta property=\"og:locale\" content=\"pl_PL\" \/>\n<meta property=\"og:type\" content=\"article\" \/>\n<meta property=\"og:title\" content=\"Na Tour de France trzeba si\u0119 prezentowa\u0107! Oto kolekcja na 2022 rok.\" \/>\n<meta property=\"og:description\" content=\"Jak zwykle b\u0119dzie subtelnie, ale te\u017c atrakcyjnie i ekologicznie. Podczas prezentacji trasy Tour de France 2022 pokazano \u015bwiatu nowe koszulki [&hellip;]\" \/>\n<meta property=\"og:url\" content=\"https:\/\/www.welovecycling.com\/pl\/2021\/11\/10\/na-tour-de-france-trzeba-sie-prezentowac-oto-kolekcja-na-2022-rok\/\" \/>\n<meta property=\"og:site_name\" content=\"\u0160koda We Love Cycling - Poland\" \/>\n<meta property=\"article:published_time\" content=\"2021-11-10T14:51:49+00:00\" \/>\n<meta property=\"article:modified_time\" content=\"2023-07-19T07:38:51+00:00\" \/>\n<meta property=\"og:image\" content=\"https:\/\/d2p6e6u75xmxt8.cloudfront.net\/5\/2021\/11\/Tour-peloton-profimedia-0557231437-CVR-1024x450-1.jpg\" \/>\n\t<meta property=\"og:image:width\" content=\"1024\" \/>\n\t<meta property=\"og:image:height\" content=\"450\" \/>\n\t<meta property=\"og:image:type\" content=\"image\/jpeg\" \/>\n<meta name=\"author\" content=\"rafal\" \/>\n<meta name=\"twitter:card\" content=\"summary_large_image\" \/>\n<meta name=\"twitter:label1\" content=\"Written by\" \/>\n\t<meta name=\"twitter:data1\" content=\"Piotr Nowik\" \/>\n\t<meta name=\"twitter:label2\" content=\"Est. reading time\" \/>\n\t<meta name=\"twitter:data2\" content=\"3 minutes\" \/>\n<script type=\"application\/ld+json\" class=\"yoast-schema-graph\">{\"@context\":\"https:\/\/schema.org\",\"@graph\":[{\"@type\":\"WebPage\",\"@id\":\"https:\/\/www.welovecycling.com\/pl\/2021\/11\/10\/na-tour-de-france-trzeba-sie-prezentowac-oto-kolekcja-na-2022-rok\/\",\"url\":\"https:\/\/www.welovecycling.com\/pl\/2021\/11\/10\/na-tour-de-france-trzeba-sie-prezentowac-oto-kolekcja-na-2022-rok\/\",\"name\":\"Na Tour de France trzeba si\u0119 prezentowa\u0107! Oto kolekcja na 2022 rok. - \u0160koda We Love Cycling - Poland\",\"isPartOf\":{\"@id\":\"https:\/\/www.welovecycling.com\/pl\/#website\"},\"primaryImageOfPage\":{\"@id\":\"https:\/\/www.welovecycling.com\/pl\/2021\/11\/10\/na-tour-de-france-trzeba-sie-prezentowac-oto-kolekcja-na-2022-rok\/#primaryimage\"},\"image\":{\"@id\":\"https:\/\/www.welovecycling.com\/pl\/2021\/11\/10\/na-tour-de-france-trzeba-sie-prezentowac-oto-kolekcja-na-2022-rok\/#primaryimage\"},\"thumbnailUrl\":\"https:\/\/d2p6e6u75xmxt8.cloudfront.net\/5\/2021\/11\/Tour-peloton-profimedia-0557231437-CVR-1024x450-1.jpg\",\"datePublished\":\"2021-11-10T14:51:49+00:00\",\"dateModified\":\"2023-07-19T07:38:51+00:00\",\"author\":{\"@id\":\"https:\/\/www.welovecycling.com\/pl\/#\/schema\/person\/bf06ed916a1ef16618807fb60d2ebe42\"},\"breadcrumb\":{\"@id\":\"https:\/\/www.welovecycling.com\/pl\/2021\/11\/10\/na-tour-de-france-trzeba-sie-prezentowac-oto-kolekcja-na-2022-rok\/#breadcrumb\"},\"inLanguage\":\"pl-PL\",\"potentialAction\":[{\"@type\":\"ReadAction\",\"target\":[\"https:\/\/www.welovecycling.com\/pl\/2021\/11\/10\/na-tour-de-france-trzeba-sie-prezentowac-oto-kolekcja-na-2022-rok\/\"]}]},{\"@type\":\"ImageObject\",\"inLanguage\":\"pl-PL\",\"@id\":\"https:\/\/www.welovecycling.com\/pl\/2021\/11\/10\/na-tour-de-france-trzeba-sie-prezentowac-oto-kolekcja-na-2022-rok\/#primaryimage\",\"url\":\"https:\/\/d2p6e6u75xmxt8.cloudfront.net\/5\/2021\/11\/Tour-peloton-profimedia-0557231437-CVR-1024x450-1.jpg\",\"contentUrl\":\"https:\/\/d2p6e6u75xmxt8.cloudfront.net\/5\/2021\/11\/Tour-peloton-profimedia-0557231437-CVR-1024x450-1.jpg\",\"width\":1024,\"height\":450},{\"@type\":\"BreadcrumbList\",\"@id\":\"https:\/\/www.welovecycling.com\/pl\/2021\/11\/10\/na-tour-de-france-trzeba-sie-prezentowac-oto-kolekcja-na-2022-rok\/#breadcrumb\",\"itemListElement\":[{\"@type\":\"ListItem\",\"position\":1,\"name\":\"Home\",\"item\":\"https:\/\/www.welovecycling.com\/pl\/\"},{\"@type\":\"ListItem\",\"position\":2,\"name\":\"Na Tour de France trzeba si\u0119 prezentowa\u0107! Oto kolekcja na 2022 rok.\"}]},{\"@type\":\"WebSite\",\"@id\":\"https:\/\/www.welovecycling.com\/pl\/#website\",\"url\":\"https:\/\/www.welovecycling.com\/pl\/\",\"name\":\"\u0160koda We Love Cycling - Poland\",\"description\":\"\",\"potentialAction\":[{\"@type\":\"SearchAction\",\"target\":{\"@type\":\"EntryPoint\",\"urlTemplate\":\"https:\/\/www.welovecycling.com\/pl\/?s={search_term_string}\"},\"query-input\":{\"@type\":\"PropertyValueSpecification\",\"valueRequired\":true,\"valueName\":\"search_term_string\"}}],\"inLanguage\":\"pl-PL\"},{\"@type\":\"Person\",\"@id\":\"https:\/\/www.welovecycling.com\/pl\/#\/schema\/person\/bf06ed916a1ef16618807fb60d2ebe42\",\"name\":\"rafal\",\"image\":{\"@type\":\"ImageObject\",\"inLanguage\":\"pl-PL\",\"@id\":\"https:\/\/www.welovecycling.com\/pl\/#\/schema\/person\/image\/\",\"url\":\"https:\/\/secure.gravatar.com\/avatar\/203f240e63bee214f6f3a0dacbeb600c7829c09716c2b9ee3230c6961debcde2?s=96&d=mm&r=g\",\"contentUrl\":\"https:\/\/secure.gravatar.com\/avatar\/203f240e63bee214f6f3a0dacbeb600c7829c09716c2b9ee3230c6961debcde2?s=96&d=mm&r=g\",\"caption\":\"rafal\"},\"url\":\"https:\/\/www.welovecycling.com\/pl\/author\/rafal\/\"}]}<\/script>\n<!-- \/ Yoast SEO Premium plugin. -->","yoast_head_json":{"title":"Na Tour de France trzeba si\u0119 prezentowa\u0107! Oto kolekcja na 2022 rok. - \u0160koda We Love Cycling - Poland","robots":{"index":"index","follow":"follow","max-snippet":"max-snippet:-1","max-image-preview":"max-image-preview:large","max-video-preview":"max-video-preview:-1"},"canonical":"https:\/\/www.welovecycling.com\/pl\/2021\/11\/10\/na-tour-de-france-trzeba-sie-prezentowac-oto-kolekcja-na-2022-rok\/","og_locale":"pl_PL","og_type":"article","og_title":"Na Tour de France trzeba si\u0119 prezentowa\u0107! Oto kolekcja na 2022 rok.","og_description":"Jak zwykle b\u0119dzie subtelnie, ale te\u017c atrakcyjnie i ekologicznie. Podczas prezentacji trasy Tour de France 2022 pokazano \u015bwiatu nowe koszulki [&hellip;]","og_url":"https:\/\/www.welovecycling.com\/pl\/2021\/11\/10\/na-tour-de-france-trzeba-sie-prezentowac-oto-kolekcja-na-2022-rok\/","og_site_name":"\u0160koda We Love Cycling - Poland","article_published_time":"2021-11-10T14:51:49+00:00","article_modified_time":"2023-07-19T07:38:51+00:00","og_image":[{"width":1024,"height":450,"url":"https:\/\/d2p6e6u75xmxt8.cloudfront.net\/5\/2021\/11\/Tour-peloton-profimedia-0557231437-CVR-1024x450-1.jpg","type":"image\/jpeg"}],"author":"rafal","twitter_card":"summary_large_image","twitter_misc":{"Written by":"Piotr Nowik","Est. reading time":"3 minutes"},"schema":{"@context":"https:\/\/schema.org","@graph":[{"@type":"WebPage","@id":"https:\/\/www.welovecycling.com\/pl\/2021\/11\/10\/na-tour-de-france-trzeba-sie-prezentowac-oto-kolekcja-na-2022-rok\/","url":"https:\/\/www.welovecycling.com\/pl\/2021\/11\/10\/na-tour-de-france-trzeba-sie-prezentowac-oto-kolekcja-na-2022-rok\/","name":"Na Tour de France trzeba si\u0119 prezentowa\u0107! Oto kolekcja na 2022 rok. - \u0160koda We Love Cycling - Poland","isPartOf":{"@id":"https:\/\/www.welovecycling.com\/pl\/#website"},"primaryImageOfPage":{"@id":"https:\/\/www.welovecycling.com\/pl\/2021\/11\/10\/na-tour-de-france-trzeba-sie-prezentowac-oto-kolekcja-na-2022-rok\/#primaryimage"},"image":{"@id":"https:\/\/www.welovecycling.com\/pl\/2021\/11\/10\/na-tour-de-france-trzeba-sie-prezentowac-oto-kolekcja-na-2022-rok\/#primaryimage"},"thumbnailUrl":"https:\/\/d2p6e6u75xmxt8.cloudfront.net\/5\/2021\/11\/Tour-peloton-profimedia-0557231437-CVR-1024x450-1.jpg","datePublished":"2021-11-10T14:51:49+00:00","dateModified":"2023-07-19T07:38:51+00:00","author":{"@id":"https:\/\/www.welovecycling.com\/pl\/#\/schema\/person\/bf06ed916a1ef16618807fb60d2ebe42"},"breadcrumb":{"@id":"https:\/\/www.welovecycling.com\/pl\/2021\/11\/10\/na-tour-de-france-trzeba-sie-prezentowac-oto-kolekcja-na-2022-rok\/#breadcrumb"},"inLanguage":"pl-PL","potentialAction":[{"@type":"ReadAction","target":["https:\/\/www.welovecycling.com\/pl\/2021\/11\/10\/na-tour-de-france-trzeba-sie-prezentowac-oto-kolekcja-na-2022-rok\/"]}]},{"@type":"ImageObject","inLanguage":"pl-PL","@id":"https:\/\/www.welovecycling.com\/pl\/2021\/11\/10\/na-tour-de-france-trzeba-sie-prezentowac-oto-kolekcja-na-2022-rok\/#primaryimage","url":"https:\/\/d2p6e6u75xmxt8.cloudfront.net\/5\/2021\/11\/Tour-peloton-profimedia-0557231437-CVR-1024x450-1.jpg","contentUrl":"https:\/\/d2p6e6u75xmxt8.cloudfront.net\/5\/2021\/11\/Tour-peloton-profimedia-0557231437-CVR-1024x450-1.jpg","width":1024,"height":450},{"@type":"BreadcrumbList","@id":"https:\/\/www.welovecycling.com\/pl\/2021\/11\/10\/na-tour-de-france-trzeba-sie-prezentowac-oto-kolekcja-na-2022-rok\/#breadcrumb","itemListElement":[{"@type":"ListItem","position":1,"name":"Home","item":"https:\/\/www.welovecycling.com\/pl\/"},{"@type":"ListItem","position":2,"name":"Na Tour de France trzeba si\u0119 prezentowa\u0107! Oto kolekcja na 2022 rok."}]},{"@type":"WebSite","@id":"https:\/\/www.welovecycling.com\/pl\/#website","url":"https:\/\/www.welovecycling.com\/pl\/","name":"\u0160koda We Love Cycling - Poland","description":"","potentialAction":[{"@type":"SearchAction","target":{"@type":"EntryPoint","urlTemplate":"https:\/\/www.welovecycling.com\/pl\/?s={search_term_string}"},"query-input":{"@type":"PropertyValueSpecification","valueRequired":true,"valueName":"search_term_string"}}],"inLanguage":"pl-PL"},{"@type":"Person","@id":"https:\/\/www.welovecycling.com\/pl\/#\/schema\/person\/bf06ed916a1ef16618807fb60d2ebe42","name":"rafal","image":{"@type":"ImageObject","inLanguage":"pl-PL","@id":"https:\/\/www.welovecycling.com\/pl\/#\/schema\/person\/image\/","url":"https:\/\/secure.gravatar.com\/avatar\/203f240e63bee214f6f3a0dacbeb600c7829c09716c2b9ee3230c6961debcde2?s=96&d=mm&r=g","contentUrl":"https:\/\/secure.gravatar.com\/avatar\/203f240e63bee214f6f3a0dacbeb600c7829c09716c2b9ee3230c6961debcde2?s=96&d=mm&r=g","caption":"rafal"},"url":"https:\/\/www.welovecycling.com\/pl\/author\/rafal\/"}]}},"_links":{"self":[{"href":"https:\/\/www.welovecycling.com\/pl\/wp-json\/wp\/v2\/posts\/12297","targetHints":{"allow":["GET"]}}],"collection":[{"href":"https:\/\/www.welovecycling.com\/pl\/wp-json\/wp\/v2\/posts"}],"about":[{"href":"https:\/\/www.welovecycling.com\/pl\/wp-json\/wp\/v2\/types\/post"}],"author":[{"embeddable":true,"href":"https:\/\/www.welovecycling.com\/pl\/wp-json\/wp\/v2\/users\/153"}],"replies":[{"embeddable":true,"href":"https:\/\/www.welovecycling.com\/pl\/wp-json\/wp\/v2\/comments?post=12297"}],"version-history":[{"count":1,"href":"https:\/\/www.welovecycling.com\/pl\/wp-json\/wp\/v2\/posts\/12297\/revisions"}],"predecessor-version":[{"id":12302,"href":"https:\/\/www.welovecycling.com\/pl\/wp-json\/wp\/v2\/posts\/12297\/revisions\/12302"}],"wp:featuredmedia":[{"embeddable":true,"href":"https:\/\/www.welovecycling.com\/pl\/wp-json\/wp\/v2\/media\/12301"}],"wp:attachment":[{"href":"https:\/\/www.welovecycling.com\/pl\/wp-json\/wp\/v2\/media?parent=12297"}],"wp:term":[{"taxonomy":"category","embeddable":true,"href":"https:\/\/www.welovecycling.com\/pl\/wp-json\/wp\/v2\/categories?post=12297"},{"taxonomy":"post_tag","embeddable":true,"href":"https:\/\/www.welovecycling.com\/pl\/wp-json\/wp\/v2\/tags?post=12297"},{"taxonomy":"global-categories","embeddable":true,"href":"https:\/\/www.welovecycling.com\/pl\/wp-json\/wp\/v2\/global-categories?post=12297"}],"curies":[{"name":"wp","href":"https:\/\/api.w.org\/{rel}","templated":true}]}}