{"id":12295,"date":"2021-11-12T11:00:52","date_gmt":"2021-11-12T11:00:52","guid":{"rendered":"https:\/\/www.welovecycling.com\/pl\/?p=12295"},"modified":"2021-11-10T15:26:12","modified_gmt":"2021-11-10T15:26:12","slug":"na-rower-z-dziecmi-dostepne-opcje","status":"publish","type":"post","link":"https:\/\/www.welovecycling.com\/pl\/2021\/11\/12\/na-rower-z-dziecmi-dostepne-opcje\/","title":{"rendered":"Na rower z dzie\u0107mi \u2013 dost\u0119pne opcje!"},"content":{"rendered":"<p><strong>W powietrzu panuje ju\u017c ch\u0142\u00f3d, drzewa trac\u0105 kolorowe li\u015bcie, ale wci\u0105\u017c mo\u017cna czerpa\u0107 mn\u00f3stwo rado\u015bci ze sp\u0119dzenia dnia z rodzin\u0105 na rowerach. Niezale\u017cnie od tego, czy chodzi o rekreacj\u0119, czy o dojazd do szko\u0142y, odpowiednia logistyka jazdy z dzieckiem (lub dzie\u0107mi) na dw\u00f3ch k\u00f3\u0142kach mo\u017ce zapewni\u0107 Wam niezapomniane wra\u017cenia i sprawi\u0107, \u017ce maluch od samego pocz\u0105tku ch\u0119tnie wskoczy na rower.<\/strong><\/p>\n<h2><strong>W\u0142asny rower<\/strong><\/h2>\n<p>Zaczniemy od rzeczy oczywistej, a mianowicie tego, \u017ce Twoje dziecko b\u0119dzie mia\u0142o w\u0142asny rower. Od <a href=\"https:\/\/www.welovecycling.com\/pl\/2021\/03\/08\/jak-wybrac-odpowiedni-rowerek-biegowy-dla-dziecka\/\"><u>rowerk\u00f3w biegowych<\/u><\/a> po najwy\u017cszej klasy rowery szosowe \u2013 wyb\u00f3r pojazd\u00f3w odpowiednich dla dzieci w ka\u017cdym wieku jest ogromny.<\/p>\n<figure id=\"attachment_186769\" aria-describedby=\"caption-attachment-186769\" style=\"width: 1000px\" class=\"wp-caption alignnone\"><img loading=\"lazy\" decoding=\"async\" class=\"loading wp-image-186769 size-full\" src=\"https:\/\/d2p6e6u75xmxt8.cloudfront.net\/2\/2021\/10\/Kid-on-a-bike-profimedia-0636986791.jpg\" sizes=\"auto, (max-width: 1000px) 100vw, 1000px\" srcset=\"https:\/\/d2p6e6u75xmxt8.cloudfront.net\/2\/2021\/10\/Kid-on-a-bike-profimedia-0636986791.jpg 1000w, https:\/\/d2p6e6u75xmxt8.cloudfront.net\/2\/2021\/10\/Kid-on-a-bike-profimedia-0636986791-300x200.jpg 300w, https:\/\/d2p6e6u75xmxt8.cloudfront.net\/2\/2021\/10\/Kid-on-a-bike-profimedia-0636986791-768x513.jpg 768w, https:\/\/d2p6e6u75xmxt8.cloudfront.net\/2\/2021\/10\/Kid-on-a-bike-profimedia-0636986791-272x182.jpg 272w\" alt=\"A child on a bike\" width=\"1000\" height=\"668\" data-was-processed=\"true\" \/><figcaption id=\"caption-attachment-186769\" class=\"wp-caption-text\">Jaki rower wybra\u0107 dla dziecka? \u00a9 Profimedia<\/figcaption><\/figure>\n<h2><strong>Fotelik rowerowy<\/strong><\/h2>\n<p>Fotelik rowerowy jest najta\u0144sz\u0105 i najprostsz\u0105 opcj\u0105 przewidzian\u0105 dla dziecka w wieku od 6 miesi\u0119cy do 4 lat (lub do oko\u0142o 20 kg). Mo\u017cliwe jest zamontowanie na rowerze dw\u00f3ch fotelik\u00f3w (prz\u00f3d i ty\u0142), jednak pod wzgl\u0119dem obs\u0142ugi i bezpiecze\u0144stwa lepszym rozwi\u0105zaniem jest fotelik z ty\u0142u.<\/p>\n<p>Istnieje r\u00f3wnie\u017c trzecia opcja fotelika, umiejscowiona na ramie, jak WeeRide lub Shotgun. Przeznaczony jest dla dzieci w wieku od 2 do 5 lat i mo\u017cna zamontowa\u0107 go na g\u00f3rnej ramie roweru. Dzi\u0119ki lepszemu roz\u0142o\u017ceniu masy rower jest wtedy cz\u0119sto \u0142atwiejszy w prowadzeniu. Dziecko widzi, co si\u0119 dzieje, a Ty mo\u017cesz z nim \u0142atwiej rozmawia\u0107, ni\u017c to ma miejsce w przypadku fotelika z ty\u0142u. Jest to dobry spos\u00f3b na przygotowanie dziecka do przyg\u00f3d na w\u0142asnym rowerze.<\/p>\n<h2><strong>Przyczepka<\/strong><\/h2>\n<figure id=\"attachment_186770\" aria-describedby=\"caption-attachment-186770\" style=\"width: 1250px\" class=\"wp-caption alignnone\"><img loading=\"lazy\" decoding=\"async\" class=\"loading wp-image-186770 size-full\" src=\"https:\/\/d2p6e6u75xmxt8.cloudfront.net\/2\/2021\/10\/Bike-trailer-profimedia-0609973926.jpg\" sizes=\"auto, (max-width: 1250px) 100vw, 1250px\" srcset=\"https:\/\/d2p6e6u75xmxt8.cloudfront.net\/2\/2021\/10\/Bike-trailer-profimedia-0609973926.jpg 1250w, https:\/\/d2p6e6u75xmxt8.cloudfront.net\/2\/2021\/10\/Bike-trailer-profimedia-0609973926-300x200.jpg 300w, https:\/\/d2p6e6u75xmxt8.cloudfront.net\/2\/2021\/10\/Bike-trailer-profimedia-0609973926-1024x682.jpg 1024w, https:\/\/d2p6e6u75xmxt8.cloudfront.net\/2\/2021\/10\/Bike-trailer-profimedia-0609973926-768x512.jpg 768w, https:\/\/d2p6e6u75xmxt8.cloudfront.net\/2\/2021\/10\/Bike-trailer-profimedia-0609973926-272x182.jpg 272w\" alt=\"Bike trailer\" width=\"1250\" height=\"833\" data-was-processed=\"true\" \/><figcaption id=\"caption-attachment-186770\" class=\"wp-caption-text\">Przyczepki kryte to wygodny wyb\u00f3r dla najm\u0142odszych. \u00a9 Profimedia<\/figcaption><\/figure>\n<p>Przyczepk\u0119 mocuje si\u0119 z ty\u0142u ka\u017cdego roweru, r\u00f3wnie\u017c elektrycznego. S\u0105 te\u017c podw\u00f3jne, do przewo\u017cenia dw\u00f3ch ma\u0142ych pasa\u017cer\u00f3w. Przyczepki cz\u0119sto maj\u0105 wodoodporny pokrowiec, s\u0105 wi\u0119c wygodn\u0105 opcj\u0105, poniewa\u017c nie musisz si\u0119 martwi\u0107, \u017ce maluchy zmokn\u0105 lub si\u0119 ub\u0142oc\u0105. Jest to zatem \u015bwietne rozwi\u0105zanie na dojazdy do szko\u0142y. W przyczepkach mo\u017cna r\u00f3wnie\u017c przewozi\u0107 zakupy spo\u017cywcze, co czyni je wszechstronnym akcesorium rowerowym.<\/p>\n<h2><strong>Rower cargo<\/strong><\/h2>\n<p>Rower cargo jest bardzo podobny do tr\u00f3jko\u0142owca z dwoma ko\u0142ami z przodu i skrzyni\u0105 do przewo\u017cenia dzieci lub ci\u0119\u017ckich przedmiot\u00f3w. Rowery bakfiets s\u0105 tego doskona\u0142ym przyk\u0142adem. Odk\u0105d ro\u015bnie ich popularno\u015b\u0107, dost\u0119pnych jest wiele r\u00f3\u017cnych modeli. W zale\u017cno\u015bci od liczby dzieci, wzniesie\u0144 i odleg\u0142o\u015bci, kt\u00f3re zamierzasz pokonywa\u0107, mo\u017cesz zdecydowa\u0107 si\u0119 na rower cargo ze wspomaganiem elektrycznym, co sprawi, \u017ce zabieranie pociech na przeja\u017cd\u017cki b\u0119dzie dziecinnie proste. Istniej\u0105 pojazdy, kt\u00f3re s\u0105 idealne do przewo\u017cenia dzieci, takie jak rowery Taga i Zigo Leader, zatem mo\u017cliwo\u015bci s\u0105 naprawd\u0119 nieograniczone.<\/p>\n<h2><strong>Tandemy<\/strong><\/h2>\n<figure id=\"attachment_186772\" aria-describedby=\"caption-attachment-186772\" style=\"width: 999px\" class=\"wp-caption alignnone\"><img loading=\"lazy\" decoding=\"async\" class=\"initial loaded wp-image-186772 size-full\" src=\"https:\/\/d2p6e6u75xmxt8.cloudfront.net\/2\/2021\/10\/Tandem-cycling-with-a-child-profimedia-0409431424.jpg\" sizes=\"auto, (max-width: 999px) 100vw, 999px\" srcset=\"https:\/\/d2p6e6u75xmxt8.cloudfront.net\/2\/2021\/10\/Tandem-cycling-with-a-child-profimedia-0409431424.jpg 999w, https:\/\/d2p6e6u75xmxt8.cloudfront.net\/2\/2021\/10\/Tandem-cycling-with-a-child-profimedia-0409431424-300x200.jpg 300w, https:\/\/d2p6e6u75xmxt8.cloudfront.net\/2\/2021\/10\/Tandem-cycling-with-a-child-profimedia-0409431424-768x511.jpg 768w, https:\/\/d2p6e6u75xmxt8.cloudfront.net\/2\/2021\/10\/Tandem-cycling-with-a-child-profimedia-0409431424-272x182.jpg 272w\" alt=\"Tandem kidback\" width=\"999\" height=\"665\" data-was-processed=\"true\" \/><figcaption id=\"caption-attachment-186772\" class=\"wp-caption-text\">Czy pr\u00f3bowa\u0142e\u015b je\u017adzi\u0107 ze swoim dzieckiem na tandemie? \u00a9 Profimedia<\/figcaption><\/figure>\n<p>Tandem to kolejny pojazd z r\u00f3\u017cnymi opcjami dostosowanymi do Waszych potrzeb. Prosty tandem to rower, na kt\u00f3rym mog\u0105 je\u017adzi\u0107 dwie osoby, ka\u017cda ma w\u0142asne siode\u0142ko, peda\u0142y i kierownic\u0119. Jest idealny na dalekie podr\u00f3\u017ce, co wiele m\u00f3wi o jego komforcie.<\/p>\n<p>Tandem z ustawieniem kidback pozwala na jazd\u0119 z du\u017co ni\u017cszym partnerem. Ma mocowanie zaciskowe na rurze podsiod\u0142owej, kt\u00f3re umo\u017cliwia dziecku dosi\u0119gni\u0119cie do peda\u0142\u00f3w. Taka konfiguracja jest \u015bwietna, je\u015bli chcesz zapewni\u0107 maluchowi ciekawe wra\u017cenia z jazdy na rowerze, ale bez du\u017cej r\u00f3\u017cnicy w poziomie energii i zdolno\u015bci wp\u0142ywaj\u0105cej na pr\u0119dko\u015b\u0107 i pokonywany dystans.<\/p>\n<p>Istniej\u0105 te\u017c inne konfiguracje, takie jak Kivo, gdzie dziecko jest z przodu, lub FollowMe, kt\u00f3ra pozwala na do\u0142\u0105czenie mniejszego roweru do wi\u0119kszego i stworzenie w\u0142asnego tandemu.<\/p>\n<h2><strong>Rower tagalong lub doczepiany<\/strong><\/h2>\n<p>Rowery tagalong, inaczej zwane doczepianymi, maj\u0105 podobny styl mocowania jak FollowMe, ale pozbawione s\u0105 przedniego ko\u0142a, widelca i ster\u00f3w. Zamiast tego jest hak holowniczy. To \u015bwietna opcja dla dzieci powy\u017cej czterech lat z dobr\u0105 r\u00f3wnowag\u0105. Taka konfiguracja zagwarantuje ma\u0142emu rowerzy\u015bcie wspania\u0142e wra\u017cenia z jazdy, zwi\u0119kszaj\u0105c przy tym jego pewno\u015b\u0107 siebie i wytrzyma\u0142o\u015b\u0107, co przygotuje go do samodzielnej jazdy.<\/p>\n<figure id=\"attachment_186771\" aria-describedby=\"caption-attachment-186771\" style=\"width: 1000px\" class=\"wp-caption alignnone\"><img loading=\"lazy\" decoding=\"async\" class=\"loading wp-image-186771 size-full\" src=\"https:\/\/d2p6e6u75xmxt8.cloudfront.net\/2\/2021\/10\/Tandem-kidback-profimedia-0102472869.jpg\" sizes=\"auto, (max-width: 1000px) 100vw, 1000px\" srcset=\"https:\/\/d2p6e6u75xmxt8.cloudfront.net\/2\/2021\/10\/Tandem-kidback-profimedia-0102472869.jpg 1000w, https:\/\/d2p6e6u75xmxt8.cloudfront.net\/2\/2021\/10\/Tandem-kidback-profimedia-0102472869-300x199.jpg 300w, https:\/\/d2p6e6u75xmxt8.cloudfront.net\/2\/2021\/10\/Tandem-kidback-profimedia-0102472869-768x510.jpg 768w, https:\/\/d2p6e6u75xmxt8.cloudfront.net\/2\/2021\/10\/Tandem-kidback-profimedia-0102472869-272x182.jpg 272w\" alt=\"Tandem kidback\" width=\"1000\" height=\"664\" data-was-processed=\"true\" \/><figcaption id=\"caption-attachment-186771\" class=\"wp-caption-text\">Tagalong nie ma przedniego ko\u0142a.<\/figcaption><\/figure>\n<h2><strong>Linia holownicza<\/strong><\/h2>\n<p>Ta opcja jest dla dzieci troch\u0119 starszych i bardziej pewnych siebie. Takich, kt\u00f3re podzielaj\u0105 ju\u017c zami\u0142owanie do kolarstwa g\u00f3rskiego i dobrze sobie radz\u0105 na w\u0142asnym rowerze, ale maj\u0105 jeszcze problemy z podjazdami. Lina holownicza jest stosunkowo tanim i prostym rozwi\u0105zaniem tego do\u015b\u0107 powszechnego problemu.<\/p>\n<p>Jak sama nazwa wskazuje, jest to amortyzuj\u0105ca lina, kt\u00f3ra \u0142\u0105czy obydwa rowery i jest w stanie holowa\u0107 nawet 225 kg. Mo\u017cesz nawet kupi\u0107 saszetk\u0119 na biodra dla ma\u0142ego rowerzysty g\u00f3rskiego, aby schowa\u0107 tam lin\u0119, kiedy maluch peda\u0142uje o w\u0142asnych si\u0142ach.<\/p>\n<p>Jak wida\u0107, istnieje niesko\u0144czona ilo\u015b\u0107 opcji, kt\u00f3re mo\u017cesz dopasowa\u0107 do Waszych potrzeb i bud\u017cetu, a liczba pojazd\u00f3w nadaj\u0105cych si\u0119 do zabierania dzieci na rodzinne przeja\u017cd\u017cki stale ro\u015bnie. Niezale\u017cnie od tego, czy chcesz codziennie podrzuca\u0107 swoje pociechy do szko\u0142y bez wzgl\u0119du na pogod\u0119, czy te\u017c wybra\u0107 si\u0119 na przeja\u017cd\u017ck\u0119 rowerem g\u00f3rskim przez las, znajdziesz odpowiedni do tego sprz\u0119t. Zatem \u017cyczymy Tobie i maluchom mi\u0142ej jazdy!<\/p>\n<p><span data-sheets-value=\"{&quot;1&quot;:2,&quot;2&quot;:&quot;Artyku\u0142 powsta\u0142 we wsp\u00f3\u0142pracy ze skoda-auto.pl&quot;}\" data-sheets-userformat=\"{&quot;2&quot;:1,&quot;3&quot;:{&quot;1&quot;:0}}\" data-sheets-hyperlink=\"http:\/\/www.skoda-auto.pl\/\"><a class=\"in-cell-link\" href=\"http:\/\/www.skoda-auto.pl\/\" target=\"_blank\" rel=\"noopener noreferrer\">Artyku\u0142 powsta\u0142 we wsp\u00f3\u0142pracy ze skoda-auto.pl<\/a><\/span><\/p>\n<p><a href=\"https:\/\/sklep.skoda.pl\/pl\/sklep\/b\/331\/rowery-i-akcesoria-rowery.html\"><img loading=\"lazy\" decoding=\"async\" class=\"aligncenter wp-image-9608 size-full loading\" src=\"https:\/\/d2p6e6u75xmxt8.cloudfront.net\/5\/2019\/08\/baner_WLC_640x350_3.png\" sizes=\"auto, (max-width: 640px) 100vw, 640px\" srcset=\"https:\/\/d2p6e6u75xmxt8.cloudfront.net\/5\/2019\/08\/baner_WLC_640x350_3.png 640w, https:\/\/d2p6e6u75xmxt8.cloudfront.net\/5\/2019\/08\/baner_WLC_640x350_3-300x164.png 300w\" alt=\"\" width=\"640\" height=\"350\" data-was-processed=\"true\" \/><\/a><\/p>\n","protected":false},"excerpt":{"rendered":"<p>W powietrzu panuje ju\u017c ch\u0142\u00f3d, drzewa trac\u0105 kolorowe li\u015bcie, ale wci\u0105\u017c mo\u017cna czerpa\u0107 mn\u00f3stwo rado\u015bci ze sp\u0119dzenia dnia z rodzin\u0105 [&hellip;]<\/p>\n","protected":false},"author":153,"featured_media":12296,"comment_status":"open","ping_status":"open","sticky":false,"template":"","format":"standard","meta":{"footnotes":""},"categories":[268],"tags":[],"global-categories":[303],"class_list":["post-12295","post","type-post","status-publish","format-standard","has-post-thumbnail","hentry","category-rodzina","global-categories-cycling"],"yoast_head":"<!-- This site is optimized with the Yoast SEO Premium plugin v25.3 (Yoast SEO v25.9) - https:\/\/yoast.com\/wordpress\/plugins\/seo\/ -->\n<title>Na rower z dzie\u0107mi \u2013 dost\u0119pne opcje! - \u0160koda We Love Cycling - Poland<\/title>\n<meta name=\"robots\" content=\"index, follow, max-snippet:-1, max-image-preview:large, max-video-preview:-1\" \/>\n<link rel=\"canonical\" href=\"https:\/\/www.welovecycling.com\/pl\/2021\/11\/12\/na-rower-z-dziecmi-dostepne-opcje\/\" \/>\n<meta property=\"og:locale\" content=\"pl_PL\" \/>\n<meta property=\"og:type\" content=\"article\" \/>\n<meta property=\"og:title\" content=\"Na rower z dzie\u0107mi \u2013 dost\u0119pne opcje!\" \/>\n<meta property=\"og:description\" content=\"W powietrzu panuje ju\u017c ch\u0142\u00f3d, drzewa trac\u0105 kolorowe li\u015bcie, ale wci\u0105\u017c mo\u017cna czerpa\u0107 mn\u00f3stwo rado\u015bci ze sp\u0119dzenia dnia z rodzin\u0105 [&hellip;]\" \/>\n<meta property=\"og:url\" content=\"https:\/\/www.welovecycling.com\/pl\/2021\/11\/12\/na-rower-z-dziecmi-dostepne-opcje\/\" \/>\n<meta property=\"og:site_name\" content=\"\u0160koda We Love Cycling - Poland\" \/>\n<meta property=\"article:published_time\" content=\"2021-11-12T11:00:52+00:00\" \/>\n<meta property=\"og:image\" content=\"https:\/\/d2p6e6u75xmxt8.cloudfront.net\/5\/2021\/11\/12.11..jpg\" \/>\n\t<meta property=\"og:image:width\" content=\"1024\" \/>\n\t<meta property=\"og:image:height\" content=\"450\" \/>\n\t<meta property=\"og:image:type\" content=\"image\/jpeg\" \/>\n<meta name=\"author\" content=\"rafal\" \/>\n<meta name=\"twitter:card\" content=\"summary_large_image\" \/>\n<meta name=\"twitter:label1\" content=\"Written by\" \/>\n\t<meta name=\"twitter:data1\" content=\"rafal\" \/>\n\t<meta name=\"twitter:label2\" content=\"Est. reading time\" \/>\n\t<meta name=\"twitter:data2\" content=\"5 minutes\" \/>\n<script type=\"application\/ld+json\" class=\"yoast-schema-graph\">{\"@context\":\"https:\/\/schema.org\",\"@graph\":[{\"@type\":\"WebPage\",\"@id\":\"https:\/\/www.welovecycling.com\/pl\/2021\/11\/12\/na-rower-z-dziecmi-dostepne-opcje\/\",\"url\":\"https:\/\/www.welovecycling.com\/pl\/2021\/11\/12\/na-rower-z-dziecmi-dostepne-opcje\/\",\"name\":\"Na rower z dzie\u0107mi \u2013 dost\u0119pne opcje! - \u0160koda We Love Cycling - Poland\",\"isPartOf\":{\"@id\":\"https:\/\/www.welovecycling.com\/pl\/#website\"},\"primaryImageOfPage\":{\"@id\":\"https:\/\/www.welovecycling.com\/pl\/2021\/11\/12\/na-rower-z-dziecmi-dostepne-opcje\/#primaryimage\"},\"image\":{\"@id\":\"https:\/\/www.welovecycling.com\/pl\/2021\/11\/12\/na-rower-z-dziecmi-dostepne-opcje\/#primaryimage\"},\"thumbnailUrl\":\"https:\/\/d2p6e6u75xmxt8.cloudfront.net\/5\/2021\/11\/12.11..jpg\",\"datePublished\":\"2021-11-12T11:00:52+00:00\",\"author\":{\"@id\":\"https:\/\/www.welovecycling.com\/pl\/#\/schema\/person\/bf06ed916a1ef16618807fb60d2ebe42\"},\"breadcrumb\":{\"@id\":\"https:\/\/www.welovecycling.com\/pl\/2021\/11\/12\/na-rower-z-dziecmi-dostepne-opcje\/#breadcrumb\"},\"inLanguage\":\"pl-PL\",\"potentialAction\":[{\"@type\":\"ReadAction\",\"target\":[\"https:\/\/www.welovecycling.com\/pl\/2021\/11\/12\/na-rower-z-dziecmi-dostepne-opcje\/\"]}]},{\"@type\":\"ImageObject\",\"inLanguage\":\"pl-PL\",\"@id\":\"https:\/\/www.welovecycling.com\/pl\/2021\/11\/12\/na-rower-z-dziecmi-dostepne-opcje\/#primaryimage\",\"url\":\"https:\/\/d2p6e6u75xmxt8.cloudfront.net\/5\/2021\/11\/12.11..jpg\",\"contentUrl\":\"https:\/\/d2p6e6u75xmxt8.cloudfront.net\/5\/2021\/11\/12.11..jpg\",\"width\":1024,\"height\":450},{\"@type\":\"BreadcrumbList\",\"@id\":\"https:\/\/www.welovecycling.com\/pl\/2021\/11\/12\/na-rower-z-dziecmi-dostepne-opcje\/#breadcrumb\",\"itemListElement\":[{\"@type\":\"ListItem\",\"position\":1,\"name\":\"Home\",\"item\":\"https:\/\/www.welovecycling.com\/pl\/\"},{\"@type\":\"ListItem\",\"position\":2,\"name\":\"Na rower z dzie\u0107mi \u2013 dost\u0119pne opcje!\"}]},{\"@type\":\"WebSite\",\"@id\":\"https:\/\/www.welovecycling.com\/pl\/#website\",\"url\":\"https:\/\/www.welovecycling.com\/pl\/\",\"name\":\"\u0160koda We Love Cycling - Poland\",\"description\":\"\",\"potentialAction\":[{\"@type\":\"SearchAction\",\"target\":{\"@type\":\"EntryPoint\",\"urlTemplate\":\"https:\/\/www.welovecycling.com\/pl\/?s={search_term_string}\"},\"query-input\":{\"@type\":\"PropertyValueSpecification\",\"valueRequired\":true,\"valueName\":\"search_term_string\"}}],\"inLanguage\":\"pl-PL\"},{\"@type\":\"Person\",\"@id\":\"https:\/\/www.welovecycling.com\/pl\/#\/schema\/person\/bf06ed916a1ef16618807fb60d2ebe42\",\"name\":\"rafal\",\"image\":{\"@type\":\"ImageObject\",\"inLanguage\":\"pl-PL\",\"@id\":\"https:\/\/www.welovecycling.com\/pl\/#\/schema\/person\/image\/\",\"url\":\"https:\/\/secure.gravatar.com\/avatar\/203f240e63bee214f6f3a0dacbeb600c7829c09716c2b9ee3230c6961debcde2?s=96&d=mm&r=g\",\"contentUrl\":\"https:\/\/secure.gravatar.com\/avatar\/203f240e63bee214f6f3a0dacbeb600c7829c09716c2b9ee3230c6961debcde2?s=96&d=mm&r=g\",\"caption\":\"rafal\"},\"url\":\"https:\/\/www.welovecycling.com\/pl\/author\/rafal\/\"}]}<\/script>\n<!-- \/ Yoast SEO Premium plugin. -->","yoast_head_json":{"title":"Na rower z dzie\u0107mi \u2013 dost\u0119pne opcje! - \u0160koda We Love Cycling - Poland","robots":{"index":"index","follow":"follow","max-snippet":"max-snippet:-1","max-image-preview":"max-image-preview:large","max-video-preview":"max-video-preview:-1"},"canonical":"https:\/\/www.welovecycling.com\/pl\/2021\/11\/12\/na-rower-z-dziecmi-dostepne-opcje\/","og_locale":"pl_PL","og_type":"article","og_title":"Na rower z dzie\u0107mi \u2013 dost\u0119pne opcje!","og_description":"W powietrzu panuje ju\u017c ch\u0142\u00f3d, drzewa trac\u0105 kolorowe li\u015bcie, ale wci\u0105\u017c mo\u017cna czerpa\u0107 mn\u00f3stwo rado\u015bci ze sp\u0119dzenia dnia z rodzin\u0105 [&hellip;]","og_url":"https:\/\/www.welovecycling.com\/pl\/2021\/11\/12\/na-rower-z-dziecmi-dostepne-opcje\/","og_site_name":"\u0160koda We Love Cycling - Poland","article_published_time":"2021-11-12T11:00:52+00:00","og_image":[{"width":1024,"height":450,"url":"https:\/\/d2p6e6u75xmxt8.cloudfront.net\/5\/2021\/11\/12.11..jpg","type":"image\/jpeg"}],"author":"rafal","twitter_card":"summary_large_image","twitter_misc":{"Written by":"rafal","Est. reading time":"5 minutes"},"schema":{"@context":"https:\/\/schema.org","@graph":[{"@type":"WebPage","@id":"https:\/\/www.welovecycling.com\/pl\/2021\/11\/12\/na-rower-z-dziecmi-dostepne-opcje\/","url":"https:\/\/www.welovecycling.com\/pl\/2021\/11\/12\/na-rower-z-dziecmi-dostepne-opcje\/","name":"Na rower z dzie\u0107mi \u2013 dost\u0119pne opcje! - \u0160koda We Love Cycling - Poland","isPartOf":{"@id":"https:\/\/www.welovecycling.com\/pl\/#website"},"primaryImageOfPage":{"@id":"https:\/\/www.welovecycling.com\/pl\/2021\/11\/12\/na-rower-z-dziecmi-dostepne-opcje\/#primaryimage"},"image":{"@id":"https:\/\/www.welovecycling.com\/pl\/2021\/11\/12\/na-rower-z-dziecmi-dostepne-opcje\/#primaryimage"},"thumbnailUrl":"https:\/\/d2p6e6u75xmxt8.cloudfront.net\/5\/2021\/11\/12.11..jpg","datePublished":"2021-11-12T11:00:52+00:00","author":{"@id":"https:\/\/www.welovecycling.com\/pl\/#\/schema\/person\/bf06ed916a1ef16618807fb60d2ebe42"},"breadcrumb":{"@id":"https:\/\/www.welovecycling.com\/pl\/2021\/11\/12\/na-rower-z-dziecmi-dostepne-opcje\/#breadcrumb"},"inLanguage":"pl-PL","potentialAction":[{"@type":"ReadAction","target":["https:\/\/www.welovecycling.com\/pl\/2021\/11\/12\/na-rower-z-dziecmi-dostepne-opcje\/"]}]},{"@type":"ImageObject","inLanguage":"pl-PL","@id":"https:\/\/www.welovecycling.com\/pl\/2021\/11\/12\/na-rower-z-dziecmi-dostepne-opcje\/#primaryimage","url":"https:\/\/d2p6e6u75xmxt8.cloudfront.net\/5\/2021\/11\/12.11..jpg","contentUrl":"https:\/\/d2p6e6u75xmxt8.cloudfront.net\/5\/2021\/11\/12.11..jpg","width":1024,"height":450},{"@type":"BreadcrumbList","@id":"https:\/\/www.welovecycling.com\/pl\/2021\/11\/12\/na-rower-z-dziecmi-dostepne-opcje\/#breadcrumb","itemListElement":[{"@type":"ListItem","position":1,"name":"Home","item":"https:\/\/www.welovecycling.com\/pl\/"},{"@type":"ListItem","position":2,"name":"Na rower z dzie\u0107mi \u2013 dost\u0119pne opcje!"}]},{"@type":"WebSite","@id":"https:\/\/www.welovecycling.com\/pl\/#website","url":"https:\/\/www.welovecycling.com\/pl\/","name":"\u0160koda We Love Cycling - Poland","description":"","potentialAction":[{"@type":"SearchAction","target":{"@type":"EntryPoint","urlTemplate":"https:\/\/www.welovecycling.com\/pl\/?s={search_term_string}"},"query-input":{"@type":"PropertyValueSpecification","valueRequired":true,"valueName":"search_term_string"}}],"inLanguage":"pl-PL"},{"@type":"Person","@id":"https:\/\/www.welovecycling.com\/pl\/#\/schema\/person\/bf06ed916a1ef16618807fb60d2ebe42","name":"rafal","image":{"@type":"ImageObject","inLanguage":"pl-PL","@id":"https:\/\/www.welovecycling.com\/pl\/#\/schema\/person\/image\/","url":"https:\/\/secure.gravatar.com\/avatar\/203f240e63bee214f6f3a0dacbeb600c7829c09716c2b9ee3230c6961debcde2?s=96&d=mm&r=g","contentUrl":"https:\/\/secure.gravatar.com\/avatar\/203f240e63bee214f6f3a0dacbeb600c7829c09716c2b9ee3230c6961debcde2?s=96&d=mm&r=g","caption":"rafal"},"url":"https:\/\/www.welovecycling.com\/pl\/author\/rafal\/"}]}},"_links":{"self":[{"href":"https:\/\/www.welovecycling.com\/pl\/wp-json\/wp\/v2\/posts\/12295","targetHints":{"allow":["GET"]}}],"collection":[{"href":"https:\/\/www.welovecycling.com\/pl\/wp-json\/wp\/v2\/posts"}],"about":[{"href":"https:\/\/www.welovecycling.com\/pl\/wp-json\/wp\/v2\/types\/post"}],"author":[{"embeddable":true,"href":"https:\/\/www.welovecycling.com\/pl\/wp-json\/wp\/v2\/users\/153"}],"replies":[{"embeddable":true,"href":"https:\/\/www.welovecycling.com\/pl\/wp-json\/wp\/v2\/comments?post=12295"}],"version-history":[{"count":2,"href":"https:\/\/www.welovecycling.com\/pl\/wp-json\/wp\/v2\/posts\/12295\/revisions"}],"predecessor-version":[{"id":12309,"href":"https:\/\/www.welovecycling.com\/pl\/wp-json\/wp\/v2\/posts\/12295\/revisions\/12309"}],"wp:featuredmedia":[{"embeddable":true,"href":"https:\/\/www.welovecycling.com\/pl\/wp-json\/wp\/v2\/media\/12296"}],"wp:attachment":[{"href":"https:\/\/www.welovecycling.com\/pl\/wp-json\/wp\/v2\/media?parent=12295"}],"wp:term":[{"taxonomy":"category","embeddable":true,"href":"https:\/\/www.welovecycling.com\/pl\/wp-json\/wp\/v2\/categories?post=12295"},{"taxonomy":"post_tag","embeddable":true,"href":"https:\/\/www.welovecycling.com\/pl\/wp-json\/wp\/v2\/tags?post=12295"},{"taxonomy":"global-categories","embeddable":true,"href":"https:\/\/www.welovecycling.com\/pl\/wp-json\/wp\/v2\/global-categories?post=12295"}],"curies":[{"name":"wp","href":"https:\/\/api.w.org\/{rel}","templated":true}]}}