{"id":12278,"date":"2021-11-05T16:26:08","date_gmt":"2021-11-05T16:26:08","guid":{"rendered":"https:\/\/www.welovecycling.com\/pl\/?p=12278"},"modified":"2023-07-19T07:40:09","modified_gmt":"2023-07-19T07:40:09","slug":"13-dlugich-lat-i-dosc-panie-wracaja-na-tour-de-france","status":"publish","type":"post","link":"https:\/\/www.welovecycling.com\/pl\/2021\/11\/05\/13-dlugich-lat-i-dosc-panie-wracaja-na-tour-de-france\/","title":{"rendered":"13 d\u0142ugich lat i do\u015b\u0107. Panie wracaj\u0105 na Tour de France!"},"content":{"rendered":"<p><strong>&#8211; Tour de France kobiet to klejnot, kt\u00f3ry musimy piel\u0119gnowa\u0107 \u2013 m\u00f3wi dyrektorka wy\u015bcigu Marion Rousse. Panie na Wielk\u0105 P\u0119tl\u0119 wracaj\u0105 po 13 latach i chc\u0105 si\u0119 w niej rozgo\u015bci\u0107 na dobre.<\/strong><\/p>\n<p>&#8211; Nie s\u0105dzi\u0142am, \u017ce w mojej karierze b\u0119d\u0119 mia\u0142a jeszcze okazj\u0119 wyst\u0105pi\u0107 na Tour de France. Ju\u017c sam fakt, \u017ce mog\u0142am by\u0107 obecna na prezentacji trasy by\u0142 dla mnie czym\u015b wyj\u0105tkowym. Wspaniale dosta\u0107 mo\u017cliwo\u015b\u0107 jazdy w takim wy\u015bcigu i miejmy nadziej\u0119, \u017ce wiele innych dziewczyn b\u0119dzie mog\u0142o cieszy\u0107 si\u0119 podobnym przywilejem przez kolejne lata \u2013 m\u00f3wi\u0142a w Cycling News Katarzyna Niewiadoma, najlepsza polska zawodniczka, kt\u00f3ra zosta\u0142a zaproszona na oficjaln\u0105 prezentacj\u0119 trasy do Pa\u0142acu Kongresowego w Pary\u017cu.<\/p>\n<div class=\"embed-controller-wrapper\">\n<blockquote class=\"twitter-tweet\" data-width=\"500\" data-dnt=\"true\">\n<p lang=\"fr\" dir=\"ltr\">\ud83c\udf99\ud83c\uddf5\ud83c\uddf1 <a href=\"https:\/\/twitter.com\/KNiewiadoma?ref_src=twsrc%5Etfw\">@KNiewiadoma<\/a> <\/p>\n<p>&quot;I think it will be very interesting and unpredictable&quot; <\/p>\n<p>&quot;Je crois que \u00e7a va \u00eatre tr\u00e8s int\u00e9ressant et impr\u00e9visible&quot;<a href=\"https:\/\/twitter.com\/hashtag\/TDFF?src=hash&amp;ref_src=twsrc%5Etfw\">#TDFF<\/a> <a href=\"https:\/\/t.co\/DpL3hDVAUH\">pic.twitter.com\/DpL3hDVAUH<\/a><\/p>\n<p>&mdash; Le Tour de France Femmes avec Zwift (@LeTourFemmes) <a href=\"https:\/\/twitter.com\/LeTourFemmes\/status\/1448619281474785285?ref_src=twsrc%5Etfw\">October 14, 2021<\/a><\/p><\/blockquote>\n<p><script async data-src=\"https:\/\/platform.twitter.com\/widgets.js\" charset=\"utf-8\"><\/script><\/div>\n<h2><strong>Nie zawsze by\u0142o tak uroczy\u015bcie<\/strong><\/h2>\n<p>Panie d\u0142ugo jednak musia\u0142y czeka\u0107, nim sta\u0142y si\u0119 cz\u0119\u015bci\u0105 najwi\u0119kszego wy\u015bcigu \u015bwiata. Pierwszy Tour de France m\u0119\u017cczyzn wystartowa\u0142 w 1903 r., a kobiet dopiero 81 lat p\u00f3\u017aniej. Przez lata impreza zmienia\u0142a nazwy i format, bo nie by\u0142o ni\u0105 wielkiego zainteresowania. Miasta ch\u0119tniej go\u015bci\u0142y pan\u00f3w, poniewa\u017c rywalizacja kobiet nie poci\u0105ga\u0142a za sob\u0105 ca\u0142ej machiny komercyjno \u2013 reklamowej.<\/p>\n<p>Tour de France Femmes brakowa\u0142o tak\u017ce stabilizacji. Wy\u015bcig nie by\u0142 organizowany regularnie. Raz liczy\u0142 kilkana\u015bcie etap\u00f3w, a np. w 2009 r. trwa\u0142 tylko cztery dni. To w\u0142a\u015bnie wtedy wy\u015bcig pojecha\u0142 po raz ostatni, a zawodniczki nazywa\u0142y go nie Wielk\u0105 P\u0119tl\u0105, ale\u2026 male\u0144k\u0105.<\/p>\n<p>Wiele jednak wskazuje, \u017ce w przysz\u0142ym roku wszystko si\u0119 zmieni. Ju\u017c pa\u017adziernikowa prezentacja trasy \u017ce\u0144skiego Tour de France zosta\u0142a potraktowana z honorami. Do Pa\u0142acu Kongresowego w Pary\u017cu zaproszono czo\u0142owe zawodniczki \u015bwiata, wy\u015bcig zaprezentowano r\u00f3wnie atrakcyjnie co przejazd pan\u00f3w, a tak\u017ce oficjalnie przedstawiono powa\u017cnego sponsora wy\u015bcigu \u2013 firm\u0119 Zwift, znan\u0105 fanom kolarstwa m.in. z wprowadzenia na rynek aplikacji do wirtualnego treningu.<\/p>\n<div class=\"embed-controller-wrapper\">\n<blockquote class=\"twitter-tweet\" data-width=\"500\" data-dnt=\"true\">\n<p lang=\"fr\" dir=\"ltr\">Il ne faudra pas manquer la premi\u00e8re \u00e9dition du <a href=\"https:\/\/twitter.com\/LeTourFemmes?ref_src=twsrc%5Etfw\">@LeTourFemmes<\/a> ! <br \/>\ud83d\udeb4\u200d\u2640\ufe0fAu programme du spectacle autour de l\u2019<a href=\"https:\/\/twitter.com\/ArcDeTriomphe?ref_src=twsrc%5Etfw\">@ArcDeTriomphe<\/a> le 24 juillet puis un d\u00e9part au pied de la cath\u00e9drale de <a href=\"https:\/\/twitter.com\/hashtag\/Reims?src=hash&amp;ref_src=twsrc%5Etfw\">#Reims<\/a> le 26 juillet. <a href=\"https:\/\/twitter.com\/hashtag\/TDF2022?src=hash&amp;ref_src=twsrc%5Etfw\">#TDF2022<\/a> <a href=\"https:\/\/t.co\/avwMTzrkhj\">pic.twitter.com\/avwMTzrkhj<\/a><\/p>\n<p>&mdash; le CMN (@leCMN) <a href=\"https:\/\/twitter.com\/leCMN\/status\/1448591026441105411?ref_src=twsrc%5Etfw\">October 14, 2021<\/a><\/p><\/blockquote>\n<p><script async data-src=\"https:\/\/platform.twitter.com\/widgets.js\" charset=\"utf-8\"><\/script><\/div>\n<p>&#8211; Chcemy stworzy\u0107 co\u015b trwa\u0142ego, co b\u0119dzie dzia\u0142a\u0142o tak\u017ce za sto lat \u2013 m\u00f3wi Christian Prudhomme, dyrektor Tour de France m\u0119\u017cczyzn.<\/p>\n<p>Z kolei dyrektork\u0105 Tour de France kobiet zosta\u0142a by\u0142a zawodniczka Marion Rousse.<br \/>\n&#8211; To prawdziwy zaszczyt by\u0107 pierwszym dyrektorem. Odk\u0105d wycofa\u0142am si\u0119 z wy\u015bcig\u00f3w, widz\u0119 wi\u0119cej \u017ce\u0144skich zespo\u0142\u00f3w, wi\u0119cej zawodniczek i wi\u0119cej pieni\u0119dzy w wy\u015bcigach kolarskich kobiet. To klejnot, kt\u00f3ry musimy piel\u0119gnowa\u0107 \u2013 podkre\u015bla\u0142a Rousse.<\/p>\n<h2><strong>Osiem dni rywalizacji<\/strong><\/h2>\n<p>Panie \u015bciganie rozpoczn\u0105 24 lipca, czyli w dniu, gdy ostatni etap przejad\u0105 panowie. Tour de France Femmes 2022 potrwa osiem dni, a zawodniczki pokonaj\u0105 1029 km. W planie wy\u015bcigu s\u0105 dwa p\u0142askie odcinki, cztery pag\u00f3rkowate, a na zako\u0144czenie \u2013 dwa g\u00f3rskie.<\/p>\n<div class=\"embed-controller-wrapper\">\n<blockquote class=\"twitter-tweet\" data-width=\"500\" data-dnt=\"true\">\n<p lang=\"fr\" dir=\"ltr\">LE TOUR DE FRANCE FEMMES 2022 \ud83d\udfe1\ud83d\udeb4\u200d\u2640\ufe0f<br \/>Red\u00e9couvrez le trac\u00e9 de <a href=\"https:\/\/twitter.com\/LeTourFemmes?ref_src=twsrc%5Etfw\">@LeTourFemmes<\/a> avec <a href=\"https:\/\/twitter.com\/GoZwift?ref_src=twsrc%5Etfw\">@GoZwift<\/a> <a href=\"https:\/\/twitter.com\/GoZwiftFR?ref_src=twsrc%5Etfw\">@GoZwiftFR<\/a> 2022 qui fera \u00e9tape \u00e0 <a href=\"https:\/\/twitter.com\/hashtag\/Troyes?src=hash&amp;ref_src=twsrc%5Etfw\">#Troyes<\/a>, mercredi 27 juillet. La 4e \u00e9tape du <a href=\"https:\/\/twitter.com\/hashtag\/TDFF?src=hash&amp;ref_src=twsrc%5Etfw\">#TDFF<\/a> partira donc de Troyes pour arriver \u00e0 Bar-sur-Aube apr\u00e8s 126 km \u00e0 travers les chemins du vignoble aubois. <a href=\"https:\/\/t.co\/97By6xM0Sa\">pic.twitter.com\/97By6xM0Sa<\/a><\/p>\n<p>&mdash; Ville de Troyes (@VilledeTroyes) <a href=\"https:\/\/twitter.com\/VilledeTroyes\/status\/1448961759910506500?ref_src=twsrc%5Etfw\">October 15, 2021<\/a><\/p><\/blockquote>\n<p><script async data-src=\"https:\/\/platform.twitter.com\/widgets.js\" charset=\"utf-8\"><\/script><\/div>\n<p>\u201eMimo \u017ce trasa nie zawiera jazdy na czas, a wszystkie pozosta\u0142e etapy b\u0119d\u0105 odbywa\u0142y si\u0119 we wschodniej Francji, to odzew zawodniczek by\u0142 taki, \u017ce wy\u015bcig zapowiada si\u0119 na wyr\u00f3wnany i jest zgodny z tym, czego spodziewa\u0142 si\u0119 kobiecy peleton\u201d \u2013 napisa\u0142 Cycling News.<\/p>\n<p>&#8211; Ju\u017c marzymy o wygraniu jednego z tych pi\u0119knych odcink\u00f3w. Osobi\u015bcie bardzo si\u0119 ciesz\u0119, \u017ce ka\u017cdy znajdzie co\u015b dla siebie! Etapy sprinterskie, techniczne, pag\u00f3rkowate, g\u00f3rskie \u2013 ka\u017cdy ma szans\u0119 sta\u0107 si\u0119 cz\u0119\u015bci\u0105 tej wyj\u0105tkowej historii \u2013 oceni\u0142a tras\u0119 Niewiadoma.<\/p>\n<p>https:\/\/www.instagram.com\/p\/CVAu494oght\/?utm_source=ig_web_copy_link<\/p>\n<p>Wiele wskazuje na to, \u017ce paniom na trasie kibicowa\u0142 b\u0119dzie tegoroczny zwyci\u0119zca Tour de France \u2013 Tadej Pogacar. I zrobi to w do\u015b\u0107 oryginalny spos\u00f3b. \u2013 Kiedy sko\u0144czy si\u0119 nasz Tour, to najprawdopodobniej wsi\u0105d\u0119 do kampera i pojad\u0119 kibicowa\u0107 na Tour de France kobiet \u2013 zapowiedzia\u0142 Pogacar.<\/p>\n<p>Start Tour de France m\u0119\u017cczyzn zaplanowano na 1 lipca, a kobiet 24 lipca.<\/p>\n<p><span data-sheets-value=\"{&quot;1&quot;:2,&quot;2&quot;:&quot;Artyku\u0142 powsta\u0142 we wsp\u00f3\u0142pracy ze skoda-auto.pl&quot;}\" data-sheets-userformat=\"{&quot;2&quot;:1,&quot;3&quot;:{&quot;1&quot;:0}}\" data-sheets-hyperlink=\"http:\/\/www.skoda-auto.pl\/\"><a class=\"in-cell-link\" href=\"http:\/\/www.skoda-auto.pl\/\" target=\"_blank\" rel=\"noopener noreferrer\">Artyku\u0142 powsta\u0142 we wsp\u00f3\u0142pracy ze skoda-auto.pl<\/a><\/span><\/p>\n<p><span data-sheets-value=\"{&quot;1&quot;:2,&quot;2&quot;:&quot;Artyku\u0142 powsta\u0142 we wsp\u00f3\u0142pracy ze skoda-auto.pl&quot;}\" data-sheets-userformat=\"{&quot;2&quot;:1,&quot;3&quot;:{&quot;1&quot;:0}}\" data-sheets-hyperlink=\"http:\/\/www.skoda-auto.pl\/\"><a class=\"in-cell-link\" href=\"http:\/\/www.skoda-auto.pl\/\" target=\"_blank\" rel=\"noopener noreferrer\"><img loading=\"lazy\" decoding=\"async\" class=\"alignnone size-full wp-image-11630 aligncenter\" src=\"https:\/\/d2p6e6u75xmxt8.cloudfront.net\/5\/2021\/12\/640x350-1.jpg\" alt=\"\" width=\"640\" height=\"350\" srcset=\"https:\/\/d2p6e6u75xmxt8.cloudfront.net\/5\/2021\/12\/640x350-1.jpg 640w, https:\/\/d2p6e6u75xmxt8.cloudfront.net\/5\/2021\/12\/640x350-1-300x164.jpg 300w\" sizes=\"auto, (max-width: 640px) 100vw, 640px\" \/><\/a><\/span><\/p>\n","protected":false},"excerpt":{"rendered":"<p>&#8211; Tour de France kobiet to klejnot, kt\u00f3ry musimy piel\u0119gnowa\u0107 \u2013 m\u00f3wi dyrektorka wy\u015bcigu Marion Rousse. Panie na Wielk\u0105 P\u0119tl\u0119 [&hellip;]<\/p>\n","protected":false},"author":153,"featured_media":12283,"comment_status":"open","ping_status":"open","sticky":false,"template":"","format":"standard","meta":{"footnotes":""},"categories":[337],"tags":[176,362,77,366,406,146],"global-categories":[303],"class_list":["post-12278","post","type-post","status-publish","format-standard","has-post-thumbnail","hentry","category-tour-de-france","tag-kolarstwo","tag-piotr-nowik","tag-tour-de-france","tag-tour-de-france-2022","tag-tour-de-france-femmes","tag-wyscig","global-categories-cycling"],"yoast_head":"<!-- This site is optimized with the Yoast SEO Premium plugin v25.3 (Yoast SEO v25.9) - https:\/\/yoast.com\/wordpress\/plugins\/seo\/ -->\n<title>13 d\u0142ugich lat i do\u015b\u0107. Panie wracaj\u0105 na Tour de France! - \u0160koda We Love Cycling - Poland<\/title>\n<meta name=\"robots\" content=\"index, follow, max-snippet:-1, max-image-preview:large, max-video-preview:-1\" \/>\n<link rel=\"canonical\" href=\"https:\/\/www.welovecycling.com\/pl\/2021\/11\/05\/13-dlugich-lat-i-dosc-panie-wracaja-na-tour-de-france\/\" \/>\n<meta property=\"og:locale\" content=\"pl_PL\" \/>\n<meta property=\"og:type\" content=\"article\" \/>\n<meta property=\"og:title\" content=\"13 d\u0142ugich lat i do\u015b\u0107. Panie wracaj\u0105 na Tour de France!\" \/>\n<meta property=\"og:description\" content=\"&#8211; Tour de France kobiet to klejnot, kt\u00f3ry musimy piel\u0119gnowa\u0107 \u2013 m\u00f3wi dyrektorka wy\u015bcigu Marion Rousse. Panie na Wielk\u0105 P\u0119tl\u0119 [&hellip;]\" \/>\n<meta property=\"og:url\" content=\"https:\/\/www.welovecycling.com\/pl\/2021\/11\/05\/13-dlugich-lat-i-dosc-panie-wracaja-na-tour-de-france\/\" \/>\n<meta property=\"og:site_name\" content=\"\u0160koda We Love Cycling - Poland\" \/>\n<meta property=\"article:published_time\" content=\"2021-11-05T16:26:08+00:00\" \/>\n<meta property=\"article:modified_time\" content=\"2023-07-19T07:40:09+00:00\" \/>\n<meta property=\"og:image\" content=\"https:\/\/d2p6e6u75xmxt8.cloudfront.net\/5\/2021\/11\/Womens-Peloton-profimedia-0617976051-CVR-1024x450-1.jpg\" \/>\n\t<meta property=\"og:image:width\" content=\"1024\" \/>\n\t<meta property=\"og:image:height\" content=\"450\" \/>\n\t<meta property=\"og:image:type\" content=\"image\/jpeg\" \/>\n<meta name=\"author\" content=\"rafal\" \/>\n<meta name=\"twitter:card\" content=\"summary_large_image\" \/>\n<meta name=\"twitter:label1\" content=\"Written by\" \/>\n\t<meta name=\"twitter:data1\" content=\"Piotr Nowik\" \/>\n\t<meta name=\"twitter:label2\" content=\"Est. reading time\" \/>\n\t<meta name=\"twitter:data2\" content=\"3 minutes\" \/>\n<script type=\"application\/ld+json\" class=\"yoast-schema-graph\">{\"@context\":\"https:\/\/schema.org\",\"@graph\":[{\"@type\":\"WebPage\",\"@id\":\"https:\/\/www.welovecycling.com\/pl\/2021\/11\/05\/13-dlugich-lat-i-dosc-panie-wracaja-na-tour-de-france\/\",\"url\":\"https:\/\/www.welovecycling.com\/pl\/2021\/11\/05\/13-dlugich-lat-i-dosc-panie-wracaja-na-tour-de-france\/\",\"name\":\"13 d\u0142ugich lat i do\u015b\u0107. Panie wracaj\u0105 na Tour de France! - \u0160koda We Love Cycling - Poland\",\"isPartOf\":{\"@id\":\"https:\/\/www.welovecycling.com\/pl\/#website\"},\"primaryImageOfPage\":{\"@id\":\"https:\/\/www.welovecycling.com\/pl\/2021\/11\/05\/13-dlugich-lat-i-dosc-panie-wracaja-na-tour-de-france\/#primaryimage\"},\"image\":{\"@id\":\"https:\/\/www.welovecycling.com\/pl\/2021\/11\/05\/13-dlugich-lat-i-dosc-panie-wracaja-na-tour-de-france\/#primaryimage\"},\"thumbnailUrl\":\"https:\/\/d2p6e6u75xmxt8.cloudfront.net\/5\/2021\/11\/Womens-Peloton-profimedia-0617976051-CVR-1024x450-1.jpg\",\"datePublished\":\"2021-11-05T16:26:08+00:00\",\"dateModified\":\"2023-07-19T07:40:09+00:00\",\"author\":{\"@id\":\"https:\/\/www.welovecycling.com\/pl\/#\/schema\/person\/bf06ed916a1ef16618807fb60d2ebe42\"},\"breadcrumb\":{\"@id\":\"https:\/\/www.welovecycling.com\/pl\/2021\/11\/05\/13-dlugich-lat-i-dosc-panie-wracaja-na-tour-de-france\/#breadcrumb\"},\"inLanguage\":\"pl-PL\",\"potentialAction\":[{\"@type\":\"ReadAction\",\"target\":[\"https:\/\/www.welovecycling.com\/pl\/2021\/11\/05\/13-dlugich-lat-i-dosc-panie-wracaja-na-tour-de-france\/\"]}]},{\"@type\":\"ImageObject\",\"inLanguage\":\"pl-PL\",\"@id\":\"https:\/\/www.welovecycling.com\/pl\/2021\/11\/05\/13-dlugich-lat-i-dosc-panie-wracaja-na-tour-de-france\/#primaryimage\",\"url\":\"https:\/\/d2p6e6u75xmxt8.cloudfront.net\/5\/2021\/11\/Womens-Peloton-profimedia-0617976051-CVR-1024x450-1.jpg\",\"contentUrl\":\"https:\/\/d2p6e6u75xmxt8.cloudfront.net\/5\/2021\/11\/Womens-Peloton-profimedia-0617976051-CVR-1024x450-1.jpg\",\"width\":1024,\"height\":450},{\"@type\":\"BreadcrumbList\",\"@id\":\"https:\/\/www.welovecycling.com\/pl\/2021\/11\/05\/13-dlugich-lat-i-dosc-panie-wracaja-na-tour-de-france\/#breadcrumb\",\"itemListElement\":[{\"@type\":\"ListItem\",\"position\":1,\"name\":\"Home\",\"item\":\"https:\/\/www.welovecycling.com\/pl\/\"},{\"@type\":\"ListItem\",\"position\":2,\"name\":\"13 d\u0142ugich lat i do\u015b\u0107. Panie wracaj\u0105 na Tour de France!\"}]},{\"@type\":\"WebSite\",\"@id\":\"https:\/\/www.welovecycling.com\/pl\/#website\",\"url\":\"https:\/\/www.welovecycling.com\/pl\/\",\"name\":\"\u0160koda We Love Cycling - Poland\",\"description\":\"\",\"potentialAction\":[{\"@type\":\"SearchAction\",\"target\":{\"@type\":\"EntryPoint\",\"urlTemplate\":\"https:\/\/www.welovecycling.com\/pl\/?s={search_term_string}\"},\"query-input\":{\"@type\":\"PropertyValueSpecification\",\"valueRequired\":true,\"valueName\":\"search_term_string\"}}],\"inLanguage\":\"pl-PL\"},{\"@type\":\"Person\",\"@id\":\"https:\/\/www.welovecycling.com\/pl\/#\/schema\/person\/bf06ed916a1ef16618807fb60d2ebe42\",\"name\":\"rafal\",\"image\":{\"@type\":\"ImageObject\",\"inLanguage\":\"pl-PL\",\"@id\":\"https:\/\/www.welovecycling.com\/pl\/#\/schema\/person\/image\/\",\"url\":\"https:\/\/secure.gravatar.com\/avatar\/203f240e63bee214f6f3a0dacbeb600c7829c09716c2b9ee3230c6961debcde2?s=96&d=mm&r=g\",\"contentUrl\":\"https:\/\/secure.gravatar.com\/avatar\/203f240e63bee214f6f3a0dacbeb600c7829c09716c2b9ee3230c6961debcde2?s=96&d=mm&r=g\",\"caption\":\"rafal\"},\"url\":\"https:\/\/www.welovecycling.com\/pl\/author\/rafal\/\"}]}<\/script>\n<!-- \/ Yoast SEO Premium plugin. -->","yoast_head_json":{"title":"13 d\u0142ugich lat i do\u015b\u0107. Panie wracaj\u0105 na Tour de France! - \u0160koda We Love Cycling - Poland","robots":{"index":"index","follow":"follow","max-snippet":"max-snippet:-1","max-image-preview":"max-image-preview:large","max-video-preview":"max-video-preview:-1"},"canonical":"https:\/\/www.welovecycling.com\/pl\/2021\/11\/05\/13-dlugich-lat-i-dosc-panie-wracaja-na-tour-de-france\/","og_locale":"pl_PL","og_type":"article","og_title":"13 d\u0142ugich lat i do\u015b\u0107. Panie wracaj\u0105 na Tour de France!","og_description":"&#8211; Tour de France kobiet to klejnot, kt\u00f3ry musimy piel\u0119gnowa\u0107 \u2013 m\u00f3wi dyrektorka wy\u015bcigu Marion Rousse. Panie na Wielk\u0105 P\u0119tl\u0119 [&hellip;]","og_url":"https:\/\/www.welovecycling.com\/pl\/2021\/11\/05\/13-dlugich-lat-i-dosc-panie-wracaja-na-tour-de-france\/","og_site_name":"\u0160koda We Love Cycling - Poland","article_published_time":"2021-11-05T16:26:08+00:00","article_modified_time":"2023-07-19T07:40:09+00:00","og_image":[{"width":1024,"height":450,"url":"https:\/\/d2p6e6u75xmxt8.cloudfront.net\/5\/2021\/11\/Womens-Peloton-profimedia-0617976051-CVR-1024x450-1.jpg","type":"image\/jpeg"}],"author":"rafal","twitter_card":"summary_large_image","twitter_misc":{"Written by":"Piotr Nowik","Est. reading time":"3 minutes"},"schema":{"@context":"https:\/\/schema.org","@graph":[{"@type":"WebPage","@id":"https:\/\/www.welovecycling.com\/pl\/2021\/11\/05\/13-dlugich-lat-i-dosc-panie-wracaja-na-tour-de-france\/","url":"https:\/\/www.welovecycling.com\/pl\/2021\/11\/05\/13-dlugich-lat-i-dosc-panie-wracaja-na-tour-de-france\/","name":"13 d\u0142ugich lat i do\u015b\u0107. Panie wracaj\u0105 na Tour de France! - \u0160koda We Love Cycling - Poland","isPartOf":{"@id":"https:\/\/www.welovecycling.com\/pl\/#website"},"primaryImageOfPage":{"@id":"https:\/\/www.welovecycling.com\/pl\/2021\/11\/05\/13-dlugich-lat-i-dosc-panie-wracaja-na-tour-de-france\/#primaryimage"},"image":{"@id":"https:\/\/www.welovecycling.com\/pl\/2021\/11\/05\/13-dlugich-lat-i-dosc-panie-wracaja-na-tour-de-france\/#primaryimage"},"thumbnailUrl":"https:\/\/d2p6e6u75xmxt8.cloudfront.net\/5\/2021\/11\/Womens-Peloton-profimedia-0617976051-CVR-1024x450-1.jpg","datePublished":"2021-11-05T16:26:08+00:00","dateModified":"2023-07-19T07:40:09+00:00","author":{"@id":"https:\/\/www.welovecycling.com\/pl\/#\/schema\/person\/bf06ed916a1ef16618807fb60d2ebe42"},"breadcrumb":{"@id":"https:\/\/www.welovecycling.com\/pl\/2021\/11\/05\/13-dlugich-lat-i-dosc-panie-wracaja-na-tour-de-france\/#breadcrumb"},"inLanguage":"pl-PL","potentialAction":[{"@type":"ReadAction","target":["https:\/\/www.welovecycling.com\/pl\/2021\/11\/05\/13-dlugich-lat-i-dosc-panie-wracaja-na-tour-de-france\/"]}]},{"@type":"ImageObject","inLanguage":"pl-PL","@id":"https:\/\/www.welovecycling.com\/pl\/2021\/11\/05\/13-dlugich-lat-i-dosc-panie-wracaja-na-tour-de-france\/#primaryimage","url":"https:\/\/d2p6e6u75xmxt8.cloudfront.net\/5\/2021\/11\/Womens-Peloton-profimedia-0617976051-CVR-1024x450-1.jpg","contentUrl":"https:\/\/d2p6e6u75xmxt8.cloudfront.net\/5\/2021\/11\/Womens-Peloton-profimedia-0617976051-CVR-1024x450-1.jpg","width":1024,"height":450},{"@type":"BreadcrumbList","@id":"https:\/\/www.welovecycling.com\/pl\/2021\/11\/05\/13-dlugich-lat-i-dosc-panie-wracaja-na-tour-de-france\/#breadcrumb","itemListElement":[{"@type":"ListItem","position":1,"name":"Home","item":"https:\/\/www.welovecycling.com\/pl\/"},{"@type":"ListItem","position":2,"name":"13 d\u0142ugich lat i do\u015b\u0107. Panie wracaj\u0105 na Tour de France!"}]},{"@type":"WebSite","@id":"https:\/\/www.welovecycling.com\/pl\/#website","url":"https:\/\/www.welovecycling.com\/pl\/","name":"\u0160koda We Love Cycling - Poland","description":"","potentialAction":[{"@type":"SearchAction","target":{"@type":"EntryPoint","urlTemplate":"https:\/\/www.welovecycling.com\/pl\/?s={search_term_string}"},"query-input":{"@type":"PropertyValueSpecification","valueRequired":true,"valueName":"search_term_string"}}],"inLanguage":"pl-PL"},{"@type":"Person","@id":"https:\/\/www.welovecycling.com\/pl\/#\/schema\/person\/bf06ed916a1ef16618807fb60d2ebe42","name":"rafal","image":{"@type":"ImageObject","inLanguage":"pl-PL","@id":"https:\/\/www.welovecycling.com\/pl\/#\/schema\/person\/image\/","url":"https:\/\/secure.gravatar.com\/avatar\/203f240e63bee214f6f3a0dacbeb600c7829c09716c2b9ee3230c6961debcde2?s=96&d=mm&r=g","contentUrl":"https:\/\/secure.gravatar.com\/avatar\/203f240e63bee214f6f3a0dacbeb600c7829c09716c2b9ee3230c6961debcde2?s=96&d=mm&r=g","caption":"rafal"},"url":"https:\/\/www.welovecycling.com\/pl\/author\/rafal\/"}]}},"_links":{"self":[{"href":"https:\/\/www.welovecycling.com\/pl\/wp-json\/wp\/v2\/posts\/12278","targetHints":{"allow":["GET"]}}],"collection":[{"href":"https:\/\/www.welovecycling.com\/pl\/wp-json\/wp\/v2\/posts"}],"about":[{"href":"https:\/\/www.welovecycling.com\/pl\/wp-json\/wp\/v2\/types\/post"}],"author":[{"embeddable":true,"href":"https:\/\/www.welovecycling.com\/pl\/wp-json\/wp\/v2\/users\/153"}],"replies":[{"embeddable":true,"href":"https:\/\/www.welovecycling.com\/pl\/wp-json\/wp\/v2\/comments?post=12278"}],"version-history":[{"count":1,"href":"https:\/\/www.welovecycling.com\/pl\/wp-json\/wp\/v2\/posts\/12278\/revisions"}],"predecessor-version":[{"id":12284,"href":"https:\/\/www.welovecycling.com\/pl\/wp-json\/wp\/v2\/posts\/12278\/revisions\/12284"}],"wp:featuredmedia":[{"embeddable":true,"href":"https:\/\/www.welovecycling.com\/pl\/wp-json\/wp\/v2\/media\/12283"}],"wp:attachment":[{"href":"https:\/\/www.welovecycling.com\/pl\/wp-json\/wp\/v2\/media?parent=12278"}],"wp:term":[{"taxonomy":"category","embeddable":true,"href":"https:\/\/www.welovecycling.com\/pl\/wp-json\/wp\/v2\/categories?post=12278"},{"taxonomy":"post_tag","embeddable":true,"href":"https:\/\/www.welovecycling.com\/pl\/wp-json\/wp\/v2\/tags?post=12278"},{"taxonomy":"global-categories","embeddable":true,"href":"https:\/\/www.welovecycling.com\/pl\/wp-json\/wp\/v2\/global-categories?post=12278"}],"curies":[{"name":"wp","href":"https:\/\/api.w.org\/{rel}","templated":true}]}}