{"id":12268,"date":"2021-10-27T14:47:46","date_gmt":"2021-10-27T14:47:46","guid":{"rendered":"https:\/\/www.welovecycling.com\/pl\/?p=12268"},"modified":"2021-10-27T14:47:46","modified_gmt":"2021-10-27T14:47:46","slug":"najciekawsze-chwile-z-mistrzostw-swiata-warte-zapamietania","status":"publish","type":"post","link":"https:\/\/www.welovecycling.com\/pl\/2021\/10\/27\/najciekawsze-chwile-z-mistrzostw-swiata-warte-zapamietania\/","title":{"rendered":"Najciekawsze chwile z mistrzostw \u015bwiata warte zapami\u0119tania"},"content":{"rendered":"<p><strong>Mistrzostwa \u015awiata w Kolarstwie Szosowym od momentu ich powstania 100 lat temu znacz\u0105co si\u0119 zmieni\u0142y. W tym czasie mia\u0142o miejsce kilka niezapomnianych wydarze\u0144, kt\u00f3re ukszta\u0142towa\u0142y spos\u00f3b, w jaki obecnie postrzegamy ten sport.<\/strong><\/p>\n<p>Oto najbardziej kluczowe \u2013 naszym zdaniem \u2013 chwile.<\/p>\n<h2><strong>Pierwszy mistrz: Alfredo Binda, 1927 rok<\/strong><\/h2>\n<p>Chocia\u017c pomys\u0142 mistrzostw \u015bwiata pojawi\u0142 si\u0119 w 1920 roku, to pierwszy wy\u015bcig szosowy z udzia\u0142em profesjonalist\u00f3w \u2013 w takiej formie jak dzisiaj \u2013 odby\u0142 si\u0119 dopiero w 1927 roku na torze N\u00fcrburgring w Niemczech.<\/p>\n<p>Do tego momentu mistrzostwa by\u0142y jazd\u0105 na czas, ale na torze wy\u015bcig\u00f3w samochodowych. Binda, jeden z uczestnik\u00f3w, pojawi\u0142 si\u0119 na linii startu, \u017ceby zapisa\u0107 si\u0119 na zawsze na kartach historii. Na torze, kt\u00f3ry wed\u0142ug dzisiejszych standard\u00f3w mo\u017cna by uzna\u0107 za kr\u00f3tki (nieco ponad 182 km), W\u0142och zdominowa\u0142 wy\u015bcig i wygra\u0142 w wielkim stylu z 17 zawodnikami.<\/p>\n<figure id=\"attachment_178079\" aria-describedby=\"caption-attachment-178079\" style=\"width: 1250px\" class=\"wp-caption alignnone\"><img loading=\"lazy\" decoding=\"async\" class=\"loaded wp-image-178079 size-full\" src=\"https:\/\/d2p6e6u75xmxt8.cloudfront.net\/2\/2020\/05\/Alfredo-Binda-profimedia-0331471163.jpg\" alt=\"\" width=\"1250\" height=\"904\" data-was-processed=\"true\" \/><figcaption id=\"caption-attachment-178079\" class=\"wp-caption-text\">Francuz Maurice Archambaud i W\u0142och Alfredo Binda rywalizuj\u0105 w Giro, 1935 rok. \u00a9 AFP \/ AFP \/ Profimedia<\/figcaption><\/figure>\n<p>Binda zdoby\u0142 jeszcze dwa tytu\u0142y mistrza \u015bwiata, co da\u0142o mu w sumie bilans trzech zwyci\u0119stw. Jego wyczyn wyr\u00f3wnywano, ale nikt go nie pobi\u0142. By\u0142 pierwszym zawodowym kolarzem, kt\u00f3ry zwyci\u0119\u017cy\u0142 w mistrzostwach \u015bwiata, i przyczyni\u0142 si\u0119 do tego, jak obecnie wygl\u0105daj\u0105 wy\u015bcigi rowerowe.<\/p>\n<h2><strong>Pionierka: Elsy Jacobs, 1958 rok<\/strong><\/h2>\n<p>Binda w 1927 roku zosta\u0142 pierwszym mistrzem w wy\u015bcigach m\u0119\u017cczyzn, wi\u0119c kwesti\u0105 czasu by\u0142o pojawienie si\u0119 pierwszej mistrzyni w wy\u015bcigach szosowych kobiet. I chocia\u017c UCI zaj\u0119\u0142o kolejne 31 lat, aby zwr\u00f3ci\u0107 uwag\u0119 na zawody kobiet, to w ko\u0144cu, w 1958 roku, nast\u0105pi\u0142o historyczne wydarzenie. W Reims we Francji kobiecy peleton pojawi\u0142 si\u0119 na linii startu inauguracyjnego wy\u015bcigu.<\/p>\n<p>Show skrad\u0142a 25-letnia zawodniczka z Luksemburga. Jacobs, kt\u00f3ra wkr\u00f3tce zdominowa\u0142a wy\u015bcigi szosowe w swoim kraju, jako pierwsza przekroczy\u0142a lini\u0119 mety w Reims i wygra\u0142a ze znacz\u0105c\u0105 przewag\u0105.<\/p>\n<figure id=\"attachment_186374\" aria-describedby=\"caption-attachment-186374\" style=\"width: 1270px\" class=\"wp-caption alignnone\"><img loading=\"lazy\" decoding=\"async\" class=\"loading wp-image-186374 size-full\" src=\"https:\/\/d2p6e6u75xmxt8.cloudfront.net\/2\/2021\/09\/Elsy-Jacobs-profimedia-0209927377.jpg\" sizes=\"auto, (max-width: 1270px) 100vw, 1270px\" srcset=\"https:\/\/d2p6e6u75xmxt8.cloudfront.net\/2\/2021\/09\/Elsy-Jacobs-profimedia-0209927377.jpg 1270w, https:\/\/d2p6e6u75xmxt8.cloudfront.net\/2\/2021\/09\/Elsy-Jacobs-profimedia-0209927377-300x253.jpg 300w, https:\/\/d2p6e6u75xmxt8.cloudfront.net\/2\/2021\/09\/Elsy-Jacobs-profimedia-0209927377-1024x863.jpg 1024w, https:\/\/d2p6e6u75xmxt8.cloudfront.net\/2\/2021\/09\/Elsy-Jacobs-profimedia-0209927377-768x647.jpg 768w\" alt=\"Elsy Jacobs\" width=\"1270\" height=\"1070\" data-was-processed=\"true\" \/><figcaption id=\"caption-attachment-186374\" class=\"wp-caption-text\">Niesamowita Elsy. \u00a9 Profimedia<\/figcaption><\/figure>\n<p>Od tego czasu wy\u015bcigi kobiet zmieni\u0142y si\u0119 diametralnie. Obecnie mistrzostwa \u015bwiata z ich udzia\u0142em s\u0105 postrzegane jako jedno z najbardziej rozrywkowych i gor\u0105cych wydarze\u0144 kolarskich. W ostatnich latach zdominowa\u0142y je takie gwiazdy jak Anna van der Breggen i Annemiek van Vleuten.<\/p>\n<p>Jacob mistrzostwa wygra\u0142a tylko raz, ale to ona zawsze b\u0119dzie pami\u0119tana jako pierwsza mistrzyni \u015bwiata.<\/p>\n<h2><strong>Po drugiej stronie oceanu: Eddy Merckx, 1974 rok<\/strong><\/h2>\n<p>Lista najlepszych moment\u00f3w nie by\u0142aby pe\u0142na bez \u201eKanibala\u201d. Merckx wygrywa\u0142 prawie jedn\u0105 trzeci\u0105 wy\u015bcig\u00f3w, w kt\u00f3rych bra\u0142 udzia\u0142, ale nieobce by\u0142y mu te\u017c inne sukcesy na wcze\u015bniejszym etapie kariery. T\u0119czow\u0105 koszulk\u0119 nosi\u0142 dwukrotnie, w 1967 i 1971 roku. Jednak to jego trzecie i ostatnie zwyci\u0119stwo w 1974 roku jest najwa\u017cniejsze, ale z innego powodu \u2013 lokalizacji.<\/p>\n<p>Od 1927 roku mistrzostwa \u015bwiata odbywa\u0142y si\u0119 tylko na kontynencie europejskim, w centrum kolarstwa. Jednak w 1974 roku wy\u015bcig zosta\u0142 przeniesiony za Atlantyk: do Montrealu w Kanadzie, gdzie zbudowano trudny, pofa\u0142dowany tor. Nie by\u0142o niespodziank\u0105, \u017ce Merckx triumfowa\u0142, pokonuj\u0105c swojego historycznego rywala Raymonda Poulidora zaledwie o dwie sekundy.<\/p>\n<figure id=\"attachment_184365\" aria-describedby=\"caption-attachment-184365\" style=\"width: 1000px\" class=\"wp-caption alignnone\"><img loading=\"lazy\" decoding=\"async\" class=\"loading wp-image-184365 size-full\" src=\"https:\/\/d2p6e6u75xmxt8.cloudfront.net\/2\/2021\/06\/Eddy-Merckx-1975-profimedia-0288070914.jpg\" sizes=\"auto, (max-width: 1000px) 100vw, 1000px\" srcset=\"https:\/\/d2p6e6u75xmxt8.cloudfront.net\/2\/2021\/06\/Eddy-Merckx-1975-profimedia-0288070914.jpg 1000w, https:\/\/d2p6e6u75xmxt8.cloudfront.net\/2\/2021\/06\/Eddy-Merckx-1975-profimedia-0288070914-300x200.jpg 300w, https:\/\/d2p6e6u75xmxt8.cloudfront.net\/2\/2021\/06\/Eddy-Merckx-1975-profimedia-0288070914-768x512.jpg 768w, https:\/\/d2p6e6u75xmxt8.cloudfront.net\/2\/2021\/06\/Eddy-Merckx-1975-profimedia-0288070914-272x182.jpg 272w\" alt=\"Eddy Merckx\" width=\"1000\" height=\"667\" data-was-processed=\"true\" \/><figcaption id=\"caption-attachment-184365\" class=\"wp-caption-text\">Na pocz\u0105tku 15. etapu. \u00a9 Profimedia<\/figcaption><\/figure>\n<p>Po zawodach w Montrealu, mie\u015bcie, w kt\u00f3rym dwa lata p\u00f3\u017aniej odby\u0142y si\u0119 letnie igrzyska olimpijskie, mistrzostwa \u015bwiata otworzy\u0142y si\u0119 na zupe\u0142nie nowy \u015bwiat i nowe mo\u017cliwo\u015bci, kt\u00f3re zainspirowa\u0142y zawodnik\u00f3w z wielu kraj\u00f3w.<\/p>\n<p>Do tej pory wy\u015bcig odwiedzi\u0142 wszystkie zamieszkane kontynenty z wyj\u0105tkiem Afryki. Prawdopodobnie zmieni si\u0119 to jeszcze w tej dekadzie, poniewa\u017c Rwanda, rosn\u0105ca pot\u0119ga kolarstwa, postrzegana jest jako potencjalny kandydat do zorganizowania wy\u015bcig\u00f3w.<\/p>\n<p>Wracaj\u0105c jeszcze do Montrealu, to zwyci\u0119stwo Merckxa zapewni\u0142o mu potr\u00f3jn\u0105 koron\u0119 za wygranie dw\u00f3ch Grand Tours i mistrzostw \u015bwiata w tym samym roku. Jego wyczyn zosta\u0142 powt\u00f3rzony tylko raz \u2013 w 1987 roku przez Stephena Roche\u2019a.<\/p>\n<h2><strong>Powr\u00f3t: Greg LeMond, 1989 rok<\/strong><\/h2>\n<p>Czy wierzysz w cuda? Je\u015bli znasz histori\u0119 LeMonda, to powiniene\u015b. Ten zdobywca tytu\u0142u mistrza \u015bwiata w 1983 roku by\u0142 r\u00f3wnie\u017c licz\u0105cym si\u0119 zawodnikiem etapowym, zwyci\u0119\u017cy\u0142 w Tour De France w 1986 i 1989 roku. Jednak wiosn\u0105 1987 roku jego historia przybra\u0142a nieoczekiwany obr\u00f3t. Przypadkowo postrzelony przez szwagra podczas polowania, LeMond walczy\u0142 o \u017cycie i na pewnym etapie by\u0142 zaledwie 20 minut od \u015bmierci.<\/p>\n<p>Powr\u00f3t do kolarstwa wydawa\u0142 si\u0119 niemo\u017cliwy, ale w 1989 roku LeMond zn\u00f3w walczy\u0142 i na finiszu wszech czas\u00f3w Tour de France pokona\u0142 Laurenta Fignona o dziewi\u0119\u0107 sekund.<\/p>\n<figure id=\"attachment_180602\" aria-describedby=\"caption-attachment-180602\" style=\"width: 1250px\" class=\"wp-caption alignnone\"><img loading=\"lazy\" decoding=\"async\" class=\"loading wp-image-180602 size-full\" src=\"https:\/\/d2p6e6u75xmxt8.cloudfront.net\/2\/2020\/11\/Hinault-LeMond-profimedia-0020457183.jpg\" sizes=\"auto, (max-width: 1250px) 100vw, 1250px\" srcset=\"https:\/\/d2p6e6u75xmxt8.cloudfront.net\/2\/2020\/11\/Hinault-LeMond-profimedia-0020457183.jpg 1250w, https:\/\/d2p6e6u75xmxt8.cloudfront.net\/2\/2020\/11\/Hinault-LeMond-profimedia-0020457183-300x210.jpg 300w, https:\/\/d2p6e6u75xmxt8.cloudfront.net\/2\/2020\/11\/Hinault-LeMond-profimedia-0020457183-1024x716.jpg 1024w, https:\/\/d2p6e6u75xmxt8.cloudfront.net\/2\/2020\/11\/Hinault-LeMond-profimedia-0020457183-768x537.jpg 768w\" alt=\"Hinault and LeMond\" width=\"1250\" height=\"874\" data-was-processed=\"true\" \/><figcaption id=\"caption-attachment-180602\" class=\"wp-caption-text\">Bernard Hinault (po lewej) i Greg LeMond (po prawej) na Tour, 1986 rok. \u00a9 Profimedia<\/figcaption><\/figure>\n<p>Ale to, co nast\u0105pi\u0142o kilka miesi\u0119cy p\u00f3\u017aniej w Chambery, by\u0142o r\u00f3wnie niesamowite. W sprincie, podobnie jak w 1983 roku, Amerykanin pokona\u0142 Dimitrija Konysheva ze Zwi\u0105zku Radzieckiego i Seana Kelly\u2019ego z Irlandii, i tak zako\u0144czy\u0142 ten wyj\u0105tkowy rok. Wygra\u0142 Tour w 1990 roku, ale jego wyczyny w epoce EPO nie by\u0142y ju\u017c tak spektakularne.<\/p>\n<p>Historia LeMonda \u2013 otarcie si\u0119 o \u015bmier\u0107 oraz drugie zwyci\u0119stwo w mistrzostwach \u015bwiata \u2013 jest czym\u015b niewiarygodnym.<\/p>\n<h2><strong>Holenderska duma: Marianne Vos, 2013 rok<\/strong><\/h2>\n<p>Czy na mistrzostwach \u015bwiata od 2006 roku istnia\u0142a silniejsza dru\u017cyna kobiet ni\u017c holenderska? Nie, a jednym z powod\u00f3w jest Vos \u2013 zawodniczka stworzona do jazdy w ka\u017cd\u0105 pogod\u0119, w ka\u017cdym terenie i ka\u017cdych warunkach. Od 2006 do 2013 roku zajmowa\u0142a nie dalej ni\u017c drugie miejsce na mistrzostwach \u015bwiata, a wygra\u0142a je trzykrotnie.<\/p>\n<p>W jej zwyci\u0119stwach du\u017cy udzia\u0142 mia\u0142a ca\u0142a dru\u017cyna. Od 2006 roku Holenderka ko\u0144czy\u0142a wy\u015bcigi na podium w ka\u017cdej edycji (poza 2014 rokiem). Od 2017 roku zawodniczki za ka\u017cdym razem zabiera\u0142y do domu zwyci\u0119skie koszulki. Nic dziwnego, \u017ce Holandia jest najbardziej utytu\u0142owanym krajem w historii wy\u015bcig\u00f3w szosowych kobiet.<\/p>\n<figure id=\"attachment_186375\" aria-describedby=\"caption-attachment-186375\" style=\"width: 1000px\" class=\"wp-caption alignnone\"><img loading=\"lazy\" decoding=\"async\" class=\"loading wp-image-186375 size-full\" src=\"https:\/\/d2p6e6u75xmxt8.cloudfront.net\/2\/2021\/09\/Marianne-Vos-profimedia-0237734189.jpg\" sizes=\"auto, (max-width: 1000px) 100vw, 1000px\" srcset=\"https:\/\/d2p6e6u75xmxt8.cloudfront.net\/2\/2021\/09\/Marianne-Vos-profimedia-0237734189.jpg 1000w, https:\/\/d2p6e6u75xmxt8.cloudfront.net\/2\/2021\/09\/Marianne-Vos-profimedia-0237734189-300x238.jpg 300w, https:\/\/d2p6e6u75xmxt8.cloudfront.net\/2\/2021\/09\/Marianne-Vos-profimedia-0237734189-768x609.jpg 768w\" alt=\"Marianne Vos\" width=\"1000\" height=\"793\" data-was-processed=\"true\" \/><figcaption id=\"caption-attachment-186375\" class=\"wp-caption-text\">Zas\u0142u\u017cone zwyci\u0119stwo w 2013 roku. \u00a9 Profimedia<\/figcaption><\/figure>\n<p>Zwyci\u0119stwo Vos w 2013 roku by\u0142o przyk\u0142adem pracy zespo\u0142owej. Gdy we Florencji wy\u015bcig s\u0142ab\u0142, ona i Anna van der Breggen pracowa\u0142y razem, atakuj\u0105c pole, dop\u00f3ki Vos nie wystartowa\u0142a ze swoim tradycyjnym przyspieszeniem na ostatnim podje\u017adzie. Nikt nie m\u00f3g\u0142 si\u0119 z ni\u0105 r\u00f3wna\u0107 \u2013 zostawi\u0142a w tyle nawet Szwedk\u0119 Emm\u0119 Johannson i W\u0142oszk\u0119 Rosell\u0119 Ratto.<\/p>\n<p>To by\u0142o jej ostatnie podium, Vos wygra\u0142a z przewag\u0105 15 sekund. Ten wy\u015bcig nie tylko pokaza\u0142, jak niesamowit\u0105 jest zawodniczk\u0105, ale r\u00f3wnie\u017c jak jedna dru\u017cyna mo\u017ce zdominowa\u0107 \u015bwiat kolarstwa.<\/p>\n<h2><strong>Potr\u00f3jne zwyci\u0119stwo: Peter Sagan, 2017 rok<\/strong><\/h2>\n<p>Jego osi\u0105gni\u0119cia w 2015 i 2016 roku by\u0142y niesamowite, ale w 2017 <a href=\"https:\/\/www.welovecycling.com\/pl\/2020\/09\/08\/historia-zielonej-koszulki-skody-i-legenda-petera-sagana\/\">Sagan<\/a> znalaz\u0142 si\u0119 na innym poziomie. Mimo \u017ce trasie, kt\u00f3ra by\u0142a odpowiednia dla energicznych sprinter\u00f3w, startowali szybsi zawodnicy, to Sagan walczy\u0142 o historyczny trzeci tytu\u0142 z rz\u0119du, zdobyty wcze\u015bniej tylko raz \u2013 przez francusk\u0105 zawodniczk\u0119 Jeannie Longo.<\/p>\n<figure id=\"attachment_186376\" aria-describedby=\"caption-attachment-186376\" style=\"width: 1000px\" class=\"wp-caption alignnone\"><img loading=\"lazy\" decoding=\"async\" class=\"loading wp-image-186376 size-full\" src=\"https:\/\/d2p6e6u75xmxt8.cloudfront.net\/2\/2021\/09\/Sagan-2017-profimedia-0350374095.jpg\" sizes=\"auto, (max-width: 1000px) 100vw, 1000px\" srcset=\"https:\/\/d2p6e6u75xmxt8.cloudfront.net\/2\/2021\/09\/Sagan-2017-profimedia-0350374095.jpg 1000w, https:\/\/d2p6e6u75xmxt8.cloudfront.net\/2\/2021\/09\/Sagan-2017-profimedia-0350374095-300x200.jpg 300w, https:\/\/d2p6e6u75xmxt8.cloudfront.net\/2\/2021\/09\/Sagan-2017-profimedia-0350374095-768x511.jpg 768w, https:\/\/d2p6e6u75xmxt8.cloudfront.net\/2\/2021\/09\/Sagan-2017-profimedia-0350374095-272x182.jpg 272w\" alt=\"Peter Sagan\" width=\"1000\" height=\"666\" data-was-processed=\"true\" \/><figcaption id=\"caption-attachment-186376\" class=\"wp-caption-text\">Je\u015bli b\u0119dziesz szuka\u0107 w sieci zdj\u0119\u0107 Petera Sagana, 30-letniego s\u0142owackiego zawodowego kolarza wy\u015bcigowego, zazwyczaj zobaczysz go w zielonej koszulce lidera. \u00a9 Profimedia<\/figcaption><\/figure>\n<p>Na ostatnich czterech kilometrach Sagan jecha\u0142 bez koleg\u00f3w z dru\u017cyny i pokaza\u0142, na co go sta\u0107. Zacz\u0105\u0142 od ataku na Bena Swifta i wyprzedzi\u0142 go sprintem, przekonany, \u017ce mo\u017ce pokona\u0107 te\u017c zawodnik\u00f3w pokroju Alexandra Kristoffa i Michaela Matthewsa. Kilkaset metr\u00f3w p\u00f3\u017aniej kolarze przyspieszyli, a Sagan wy\u0142\u0105czy\u0142 ich, pokazuj\u0105c swoj\u0105 si\u0142\u0119, i wcale si\u0119 przy tym nie przem\u0119czy\u0142.<\/p>\n<p>Jego pozycja na ostatnim zakr\u0119cie by\u0142a idealna. Wskoczy\u0142 za Kristoffem i czeka\u0142, a\u017c wielki Norweg rozpocznie sprint. Gdy tylko to zrobi\u0142, Sagan przyczai\u0142 si\u0119 i czeka\u0142 na odpowiedni\u0105 chwil\u0119, zanim rzuci\u0142 si\u0119 do ataku i wygra\u0142 z minimaln\u0105 przewag\u0105. To by\u0142 pokaz, jak koncertowo wygra\u0107 wy\u015bcig, oraz wyj\u0105tkowy moment w historii tego wyj\u0105tkowego zawodnika.<\/p>\n<p>Czy o czym\u015b zapomnieli\u015bmy? Daj nam zna\u0107, jakie jest Twoje ulubione wspomnienie z mistrzostw \u015bwiata!<\/p>\n<p><span data-sheets-value=\"{&quot;1&quot;:2,&quot;2&quot;:&quot;Artyku\u0142 powsta\u0142 we wsp\u00f3\u0142pracy ze skoda-auto.pl&quot;}\" data-sheets-userformat=\"{&quot;2&quot;:1,&quot;3&quot;:{&quot;1&quot;:0}}\" data-sheets-hyperlink=\"http:\/\/www.skoda-auto.pl\/\"><a class=\"in-cell-link\" href=\"http:\/\/www.skoda-auto.pl\/\" target=\"_blank\" rel=\"noopener noreferrer\">Artyku\u0142 powsta\u0142 we wsp\u00f3\u0142pracy ze skoda-auto.pl<\/a><\/span><\/p>\n<p><img loading=\"lazy\" decoding=\"async\" class=\"aligncenter wp-image-9608 size-full loading\" src=\"https:\/\/d2p6e6u75xmxt8.cloudfront.net\/5\/2019\/08\/baner_WLC_640x350_3.png\" sizes=\"auto, (max-width: 640px) 100vw, 640px\" srcset=\"https:\/\/d2p6e6u75xmxt8.cloudfront.net\/5\/2019\/08\/baner_WLC_640x350_3.png 640w, https:\/\/d2p6e6u75xmxt8.cloudfront.net\/5\/2019\/08\/baner_WLC_640x350_3-300x164.png 300w\" alt=\"\" width=\"640\" height=\"350\" data-was-processed=\"true\" \/><\/p>\n","protected":false},"excerpt":{"rendered":"<p>Mistrzostwa \u015awiata w Kolarstwie Szosowym od momentu ich powstania 100 lat temu znacz\u0105co si\u0119 zmieni\u0142y. W tym czasie mia\u0142o miejsce [&hellip;]<\/p>\n","protected":false},"author":153,"featured_media":12269,"comment_status":"open","ping_status":"open","sticky":false,"template":"","format":"standard","meta":{"footnotes":""},"categories":[6],"tags":[],"global-categories":[303],"class_list":["post-12268","post","type-post","status-publish","format-standard","has-post-thumbnail","hentry","category-kolarstwo-szosowe","global-categories-cycling"],"yoast_head":"<!-- This site is optimized with the Yoast SEO Premium plugin v25.3 (Yoast SEO v25.9) - https:\/\/yoast.com\/wordpress\/plugins\/seo\/ -->\n<title>Najciekawsze chwile z mistrzostw \u015bwiata warte zapami\u0119tania - \u0160koda We Love Cycling - Poland<\/title>\n<meta name=\"robots\" content=\"index, follow, max-snippet:-1, max-image-preview:large, max-video-preview:-1\" \/>\n<link rel=\"canonical\" href=\"https:\/\/www.welovecycling.com\/pl\/2021\/10\/27\/najciekawsze-chwile-z-mistrzostw-swiata-warte-zapamietania\/\" \/>\n<meta property=\"og:locale\" content=\"pl_PL\" \/>\n<meta property=\"og:type\" content=\"article\" \/>\n<meta property=\"og:title\" content=\"Najciekawsze chwile z mistrzostw \u015bwiata warte zapami\u0119tania\" \/>\n<meta property=\"og:description\" content=\"Mistrzostwa \u015awiata w Kolarstwie Szosowym od momentu ich powstania 100 lat temu znacz\u0105co si\u0119 zmieni\u0142y. W tym czasie mia\u0142o miejsce [&hellip;]\" \/>\n<meta property=\"og:url\" content=\"https:\/\/www.welovecycling.com\/pl\/2021\/10\/27\/najciekawsze-chwile-z-mistrzostw-swiata-warte-zapamietania\/\" \/>\n<meta property=\"og:site_name\" content=\"\u0160koda We Love Cycling - Poland\" \/>\n<meta property=\"article:published_time\" content=\"2021-10-27T14:47:46+00:00\" \/>\n<meta property=\"og:image\" content=\"https:\/\/d2p6e6u75xmxt8.cloudfront.net\/5\/2021\/10\/2017-UCI-World-Championships-profimedia-0350287766-CVR-1024x450-1.jpg\" \/>\n\t<meta property=\"og:image:width\" content=\"1024\" \/>\n\t<meta property=\"og:image:height\" content=\"450\" \/>\n\t<meta property=\"og:image:type\" content=\"image\/jpeg\" \/>\n<meta name=\"author\" content=\"rafal\" \/>\n<meta name=\"twitter:card\" content=\"summary_large_image\" \/>\n<meta name=\"twitter:label1\" content=\"Written by\" \/>\n\t<meta name=\"twitter:data1\" content=\"Joshua Donaldson\" \/>\n\t<meta name=\"twitter:label2\" content=\"Est. reading time\" \/>\n\t<meta name=\"twitter:data2\" content=\"7 minutes\" \/>\n<script type=\"application\/ld+json\" class=\"yoast-schema-graph\">{\"@context\":\"https:\/\/schema.org\",\"@graph\":[{\"@type\":\"WebPage\",\"@id\":\"https:\/\/www.welovecycling.com\/pl\/2021\/10\/27\/najciekawsze-chwile-z-mistrzostw-swiata-warte-zapamietania\/\",\"url\":\"https:\/\/www.welovecycling.com\/pl\/2021\/10\/27\/najciekawsze-chwile-z-mistrzostw-swiata-warte-zapamietania\/\",\"name\":\"Najciekawsze chwile z mistrzostw \u015bwiata warte zapami\u0119tania - \u0160koda We Love Cycling - Poland\",\"isPartOf\":{\"@id\":\"https:\/\/www.welovecycling.com\/pl\/#website\"},\"primaryImageOfPage\":{\"@id\":\"https:\/\/www.welovecycling.com\/pl\/2021\/10\/27\/najciekawsze-chwile-z-mistrzostw-swiata-warte-zapamietania\/#primaryimage\"},\"image\":{\"@id\":\"https:\/\/www.welovecycling.com\/pl\/2021\/10\/27\/najciekawsze-chwile-z-mistrzostw-swiata-warte-zapamietania\/#primaryimage\"},\"thumbnailUrl\":\"https:\/\/d2p6e6u75xmxt8.cloudfront.net\/5\/2021\/10\/2017-UCI-World-Championships-profimedia-0350287766-CVR-1024x450-1.jpg\",\"datePublished\":\"2021-10-27T14:47:46+00:00\",\"author\":{\"@id\":\"https:\/\/www.welovecycling.com\/pl\/#\/schema\/person\/bf06ed916a1ef16618807fb60d2ebe42\"},\"breadcrumb\":{\"@id\":\"https:\/\/www.welovecycling.com\/pl\/2021\/10\/27\/najciekawsze-chwile-z-mistrzostw-swiata-warte-zapamietania\/#breadcrumb\"},\"inLanguage\":\"pl-PL\",\"potentialAction\":[{\"@type\":\"ReadAction\",\"target\":[\"https:\/\/www.welovecycling.com\/pl\/2021\/10\/27\/najciekawsze-chwile-z-mistrzostw-swiata-warte-zapamietania\/\"]}]},{\"@type\":\"ImageObject\",\"inLanguage\":\"pl-PL\",\"@id\":\"https:\/\/www.welovecycling.com\/pl\/2021\/10\/27\/najciekawsze-chwile-z-mistrzostw-swiata-warte-zapamietania\/#primaryimage\",\"url\":\"https:\/\/d2p6e6u75xmxt8.cloudfront.net\/5\/2021\/10\/2017-UCI-World-Championships-profimedia-0350287766-CVR-1024x450-1.jpg\",\"contentUrl\":\"https:\/\/d2p6e6u75xmxt8.cloudfront.net\/5\/2021\/10\/2017-UCI-World-Championships-profimedia-0350287766-CVR-1024x450-1.jpg\",\"width\":1024,\"height\":450},{\"@type\":\"BreadcrumbList\",\"@id\":\"https:\/\/www.welovecycling.com\/pl\/2021\/10\/27\/najciekawsze-chwile-z-mistrzostw-swiata-warte-zapamietania\/#breadcrumb\",\"itemListElement\":[{\"@type\":\"ListItem\",\"position\":1,\"name\":\"Home\",\"item\":\"https:\/\/www.welovecycling.com\/pl\/\"},{\"@type\":\"ListItem\",\"position\":2,\"name\":\"Najciekawsze chwile z mistrzostw \u015bwiata warte zapami\u0119tania\"}]},{\"@type\":\"WebSite\",\"@id\":\"https:\/\/www.welovecycling.com\/pl\/#website\",\"url\":\"https:\/\/www.welovecycling.com\/pl\/\",\"name\":\"\u0160koda We Love Cycling - Poland\",\"description\":\"\",\"potentialAction\":[{\"@type\":\"SearchAction\",\"target\":{\"@type\":\"EntryPoint\",\"urlTemplate\":\"https:\/\/www.welovecycling.com\/pl\/?s={search_term_string}\"},\"query-input\":{\"@type\":\"PropertyValueSpecification\",\"valueRequired\":true,\"valueName\":\"search_term_string\"}}],\"inLanguage\":\"pl-PL\"},{\"@type\":\"Person\",\"@id\":\"https:\/\/www.welovecycling.com\/pl\/#\/schema\/person\/bf06ed916a1ef16618807fb60d2ebe42\",\"name\":\"rafal\",\"image\":{\"@type\":\"ImageObject\",\"inLanguage\":\"pl-PL\",\"@id\":\"https:\/\/www.welovecycling.com\/pl\/#\/schema\/person\/image\/\",\"url\":\"https:\/\/secure.gravatar.com\/avatar\/203f240e63bee214f6f3a0dacbeb600c7829c09716c2b9ee3230c6961debcde2?s=96&d=mm&r=g\",\"contentUrl\":\"https:\/\/secure.gravatar.com\/avatar\/203f240e63bee214f6f3a0dacbeb600c7829c09716c2b9ee3230c6961debcde2?s=96&d=mm&r=g\",\"caption\":\"rafal\"},\"url\":\"https:\/\/www.welovecycling.com\/pl\/author\/rafal\/\"}]}<\/script>\n<!-- \/ Yoast SEO Premium plugin. -->","yoast_head_json":{"title":"Najciekawsze chwile z mistrzostw \u015bwiata warte zapami\u0119tania - \u0160koda We Love Cycling - Poland","robots":{"index":"index","follow":"follow","max-snippet":"max-snippet:-1","max-image-preview":"max-image-preview:large","max-video-preview":"max-video-preview:-1"},"canonical":"https:\/\/www.welovecycling.com\/pl\/2021\/10\/27\/najciekawsze-chwile-z-mistrzostw-swiata-warte-zapamietania\/","og_locale":"pl_PL","og_type":"article","og_title":"Najciekawsze chwile z mistrzostw \u015bwiata warte zapami\u0119tania","og_description":"Mistrzostwa \u015awiata w Kolarstwie Szosowym od momentu ich powstania 100 lat temu znacz\u0105co si\u0119 zmieni\u0142y. W tym czasie mia\u0142o miejsce [&hellip;]","og_url":"https:\/\/www.welovecycling.com\/pl\/2021\/10\/27\/najciekawsze-chwile-z-mistrzostw-swiata-warte-zapamietania\/","og_site_name":"\u0160koda We Love Cycling - Poland","article_published_time":"2021-10-27T14:47:46+00:00","og_image":[{"width":1024,"height":450,"url":"https:\/\/d2p6e6u75xmxt8.cloudfront.net\/5\/2021\/10\/2017-UCI-World-Championships-profimedia-0350287766-CVR-1024x450-1.jpg","type":"image\/jpeg"}],"author":"rafal","twitter_card":"summary_large_image","twitter_misc":{"Written by":"Joshua Donaldson","Est. reading time":"7 minutes"},"schema":{"@context":"https:\/\/schema.org","@graph":[{"@type":"WebPage","@id":"https:\/\/www.welovecycling.com\/pl\/2021\/10\/27\/najciekawsze-chwile-z-mistrzostw-swiata-warte-zapamietania\/","url":"https:\/\/www.welovecycling.com\/pl\/2021\/10\/27\/najciekawsze-chwile-z-mistrzostw-swiata-warte-zapamietania\/","name":"Najciekawsze chwile z mistrzostw \u015bwiata warte zapami\u0119tania - \u0160koda We Love Cycling - Poland","isPartOf":{"@id":"https:\/\/www.welovecycling.com\/pl\/#website"},"primaryImageOfPage":{"@id":"https:\/\/www.welovecycling.com\/pl\/2021\/10\/27\/najciekawsze-chwile-z-mistrzostw-swiata-warte-zapamietania\/#primaryimage"},"image":{"@id":"https:\/\/www.welovecycling.com\/pl\/2021\/10\/27\/najciekawsze-chwile-z-mistrzostw-swiata-warte-zapamietania\/#primaryimage"},"thumbnailUrl":"https:\/\/d2p6e6u75xmxt8.cloudfront.net\/5\/2021\/10\/2017-UCI-World-Championships-profimedia-0350287766-CVR-1024x450-1.jpg","datePublished":"2021-10-27T14:47:46+00:00","author":{"@id":"https:\/\/www.welovecycling.com\/pl\/#\/schema\/person\/bf06ed916a1ef16618807fb60d2ebe42"},"breadcrumb":{"@id":"https:\/\/www.welovecycling.com\/pl\/2021\/10\/27\/najciekawsze-chwile-z-mistrzostw-swiata-warte-zapamietania\/#breadcrumb"},"inLanguage":"pl-PL","potentialAction":[{"@type":"ReadAction","target":["https:\/\/www.welovecycling.com\/pl\/2021\/10\/27\/najciekawsze-chwile-z-mistrzostw-swiata-warte-zapamietania\/"]}]},{"@type":"ImageObject","inLanguage":"pl-PL","@id":"https:\/\/www.welovecycling.com\/pl\/2021\/10\/27\/najciekawsze-chwile-z-mistrzostw-swiata-warte-zapamietania\/#primaryimage","url":"https:\/\/d2p6e6u75xmxt8.cloudfront.net\/5\/2021\/10\/2017-UCI-World-Championships-profimedia-0350287766-CVR-1024x450-1.jpg","contentUrl":"https:\/\/d2p6e6u75xmxt8.cloudfront.net\/5\/2021\/10\/2017-UCI-World-Championships-profimedia-0350287766-CVR-1024x450-1.jpg","width":1024,"height":450},{"@type":"BreadcrumbList","@id":"https:\/\/www.welovecycling.com\/pl\/2021\/10\/27\/najciekawsze-chwile-z-mistrzostw-swiata-warte-zapamietania\/#breadcrumb","itemListElement":[{"@type":"ListItem","position":1,"name":"Home","item":"https:\/\/www.welovecycling.com\/pl\/"},{"@type":"ListItem","position":2,"name":"Najciekawsze chwile z mistrzostw \u015bwiata warte zapami\u0119tania"}]},{"@type":"WebSite","@id":"https:\/\/www.welovecycling.com\/pl\/#website","url":"https:\/\/www.welovecycling.com\/pl\/","name":"\u0160koda We Love Cycling - Poland","description":"","potentialAction":[{"@type":"SearchAction","target":{"@type":"EntryPoint","urlTemplate":"https:\/\/www.welovecycling.com\/pl\/?s={search_term_string}"},"query-input":{"@type":"PropertyValueSpecification","valueRequired":true,"valueName":"search_term_string"}}],"inLanguage":"pl-PL"},{"@type":"Person","@id":"https:\/\/www.welovecycling.com\/pl\/#\/schema\/person\/bf06ed916a1ef16618807fb60d2ebe42","name":"rafal","image":{"@type":"ImageObject","inLanguage":"pl-PL","@id":"https:\/\/www.welovecycling.com\/pl\/#\/schema\/person\/image\/","url":"https:\/\/secure.gravatar.com\/avatar\/203f240e63bee214f6f3a0dacbeb600c7829c09716c2b9ee3230c6961debcde2?s=96&d=mm&r=g","contentUrl":"https:\/\/secure.gravatar.com\/avatar\/203f240e63bee214f6f3a0dacbeb600c7829c09716c2b9ee3230c6961debcde2?s=96&d=mm&r=g","caption":"rafal"},"url":"https:\/\/www.welovecycling.com\/pl\/author\/rafal\/"}]}},"_links":{"self":[{"href":"https:\/\/www.welovecycling.com\/pl\/wp-json\/wp\/v2\/posts\/12268","targetHints":{"allow":["GET"]}}],"collection":[{"href":"https:\/\/www.welovecycling.com\/pl\/wp-json\/wp\/v2\/posts"}],"about":[{"href":"https:\/\/www.welovecycling.com\/pl\/wp-json\/wp\/v2\/types\/post"}],"author":[{"embeddable":true,"href":"https:\/\/www.welovecycling.com\/pl\/wp-json\/wp\/v2\/users\/153"}],"replies":[{"embeddable":true,"href":"https:\/\/www.welovecycling.com\/pl\/wp-json\/wp\/v2\/comments?post=12268"}],"version-history":[{"count":1,"href":"https:\/\/www.welovecycling.com\/pl\/wp-json\/wp\/v2\/posts\/12268\/revisions"}],"predecessor-version":[{"id":12270,"href":"https:\/\/www.welovecycling.com\/pl\/wp-json\/wp\/v2\/posts\/12268\/revisions\/12270"}],"wp:featuredmedia":[{"embeddable":true,"href":"https:\/\/www.welovecycling.com\/pl\/wp-json\/wp\/v2\/media\/12269"}],"wp:attachment":[{"href":"https:\/\/www.welovecycling.com\/pl\/wp-json\/wp\/v2\/media?parent=12268"}],"wp:term":[{"taxonomy":"category","embeddable":true,"href":"https:\/\/www.welovecycling.com\/pl\/wp-json\/wp\/v2\/categories?post=12268"},{"taxonomy":"post_tag","embeddable":true,"href":"https:\/\/www.welovecycling.com\/pl\/wp-json\/wp\/v2\/tags?post=12268"},{"taxonomy":"global-categories","embeddable":true,"href":"https:\/\/www.welovecycling.com\/pl\/wp-json\/wp\/v2\/global-categories?post=12268"}],"curies":[{"name":"wp","href":"https:\/\/api.w.org\/{rel}","templated":true}]}}