{"id":12265,"date":"2021-10-26T16:51:41","date_gmt":"2021-10-26T16:51:41","guid":{"rendered":"https:\/\/www.welovecycling.com\/pl\/?p=12265"},"modified":"2021-10-26T16:51:41","modified_gmt":"2021-10-26T16:51:41","slug":"5-europejskich-wyzwan-rowerowych-na-2022-rok-zacznij-sie-juz-do-nich-przygotowywac","status":"publish","type":"post","link":"https:\/\/www.welovecycling.com\/pl\/2021\/10\/26\/5-europejskich-wyzwan-rowerowych-na-2022-rok-zacznij-sie-juz-do-nich-przygotowywac\/","title":{"rendered":"5 europejskich wyzwa\u0144 rowerowych na 2022 rok. Zacznij si\u0119 ju\u017c do nich przygotowywa\u0107!"},"content":{"rendered":"<p><strong>Mamy ju\u017c jesie\u0144 i chocia\u017c jazda na rowerze jest aktywno\u015bci\u0105 ca\u0142oroczn\u0105, niekt\u00f3re wyprawy s\u0105 przeznaczone specjalnie na lato, na d\u0142ugie dni, kiedy pogoda najprawdopodobniej b\u0119dzie dopisywa\u0107. S\u0105 to trasy licz\u0105ce sporo kilometr\u00f3w, kt\u00f3re naprawd\u0119 rzucaj\u0105 wyzwanie Twoim zdolno\u015bciom fizycznym i psychicznym. Niekt\u00f3re z nich to jednodniowe podr\u00f3\u017ce tam i z powrotem, inne natomiast mog\u0105 zaj\u0105\u0107 du\u017co wi\u0119cej czasu. Na tego rodzaju przygody trzeba si\u0119 odpowiednio wcze\u015bniej przygotowa\u0107. Tak wi\u0119c, je\u015bli nie zaplanowa\u0142e\u015b jeszcze wakacji na nast\u0119pny rok, podzielimy si\u0119 z Tob\u0105 pomys\u0142ami na najlepsze wycieczki, jakie mo\u017cesz odby\u0107 w Europie.<\/strong><\/p>\n<h2><strong>Z Londynu do Pary\u017ca<\/strong><\/h2>\n<p>Trasa z Londynu do Pary\u017ca w zaledwie 24 godziny brzmi jak szalony pomys\u0142, prawda? C\u00f3\u017c, co roku setki entuzjast\u00f3w podejmuj\u0105 to wyzwanie i odbywaj\u0105 300-kilometrow\u0105 podr\u00f3\u017c w ci\u0105gu jednego dnia. Najlepsze jest to, \u017ce nie musisz szuka\u0107 sobie towarzystwa. Wystarczy, \u017ce we\u017amiesz udzia\u0142 w zorganizowanej imprezie, kt\u00f3ra odb\u0119dzie si\u0119 30 marca 2022 roku. Je\u015bli jednak jeste\u015b samotnym kolarzem i wolisz nie miesza\u0107 si\u0119 z t\u0142umem, zw\u0142aszcza podczas pandemii, mo\u017cesz podj\u0105\u0107 to wyzwanie samodzielnie. Strona internetowa <a href=\"https:\/\/london2paris.co.uk\/\">london2paris<\/a> zawiera wszystkie potrzebne informacje.<\/p>\n<p><a href=\"https:\/\/www.instagram.com\/p\/CTaHM5WsK8k\/?utm_source=ig_web_button_share_sheet\">https:\/\/www.instagram.com\/p\/CTaHM5WsK8k\/?utm_source=ig_web_button_share_sheet<\/a><\/p>\n<p>Pami\u0119taj, \u017ce to wyzwanie zdecydowanie nie jest dla pocz\u0105tkuj\u0105cych. Najlepiej mie\u0107 ju\u017c za sob\u0105 setki kilometr\u00f3w, zanim spr\u00f3bujesz trasy Londyn\u2013Pary\u017c. Ponadto je\u015bli chcesz jecha\u0107 sam, upewnij si\u0119, \u017ce masz przy sobie wystarczaj\u0105c\u0105 ilo\u015b\u0107 jedzenia, <a href=\"https:\/\/www.welovecycling.com\/pl\/2020\/01\/16\/ziemniaki-tak-samo-skuteczne-podczas-jazdy-wytrzymalosciowej-jak-zele-energetyczne\/\">\u017celi energetycznych<\/a>, napoj\u00f3w i odpowiednich ubra\u0144. B\u0119dziesz musia\u0142 sp\u0119dzi\u0107 w Pary\u017cu przynajmniej jedn\u0105 noc, wi\u0119c dobrym pomys\u0142em jest zarezerwowanie hotelu lub Airbnb, w kt\u00f3rym bezpiecznie przechowasz sw\u00f3j rower.<\/p>\n<p>Co najwa\u017cniejsze, nie zapomnij zrobi\u0107 zdj\u0119cia pod Big Benem na pocz\u0105tku i pod wie\u017c\u0105 Eiffla na ko\u0144cu. Po uko\u0144czeniu wyzwania b\u0119dziesz ich potrzebowa\u0107, \u017ceby pochwali\u0107 si\u0119 swoim osi\u0105gni\u0119ciem.<\/p>\n<h2><strong>Alpe d\u2019Huez i Mont Ventoux<\/strong><\/h2>\n<p>Je\u017celi jeste\u015b fanem Tour de France (a prawdopodobnie jeste\u015b, je\u015bli nas odwiedzasz), to pewnie marzysz o przetestowaniu swoich umiej\u0119tno\u015bci wraz z Tadejem Poga\u010darem. Oczywi\u015bcie nie gwarantujemy Ci, \u017ce w tym czasie spotkasz na trasie S\u0142owe\u0144ca, b\u0119d\u0105cego, jak podejrzewamy, w rzeczywisto\u015bci kozic\u0105 g\u00f3rsk\u0105, kt\u00f3ra nauczy\u0142a si\u0119 je\u017adzi\u0107 na rowerze. Jednak mimo tego i tak powiniene\u015b spr\u00f3bowa\u0107 niekt\u00f3rych (je\u015bli nie wszystkich) skategoryzowanych podjazd\u00f3w Tour de France. Proponujemy Ci Mont Ventoux albo Alpe d&#8217;Huez, chyba \u017ce znajdziesz czas na jedno i drugie. Alpe d\u2019Huez to jedna z najs\u0142ynniejszych wspinaczek na \u015bwiecie. Dzi\u0119ki legendarnym 21 zakr\u0119tom i \u015bredniemu nachyleniu 7,9% dystans 13,8 km jest wyzwaniem dla ka\u017cdego rowerzysty.<\/p>\n<p>Mont Ventoux jest nieco d\u0142u\u017cszy i bardziej stromy. Mimo \u017ce 21,8-kilometrowy odcinek ma \u015brednie nachylenie tylko 7,43%, ostatnie 16 km to w rzeczywisto\u015bci nachylenie 9%, co czyni t\u0119 tras\u0119 jedn\u0105 z najtrudniejszych, jakie kiedykolwiek pokonasz na dw\u00f3ch k\u00f3\u0142kach. Nie trzeba dodawa\u0107, \u017ce b\u0119dziesz si\u0119 musia\u0142 intensywnie przygotowa\u0107 do obu wyzwa\u0144, zw\u0142aszcza je\u015bli zamierzasz zrobi\u0107 je w jeden weekend. Zatem je\u015bli chcesz by\u0107 na nie gotowy w 2022 roku, powiniene\u015b zacz\u0105\u0107 trenowa\u0107 ju\u017c teraz. Stopniowo zwi\u0119kszaj obci\u0105\u017cenie i zacznij je\u017adzi\u0107 na wi\u0119kszych wysoko\u015bciach. Pami\u0119taj, \u017ce powietrze w g\u00f3rach jest rzadsze i b\u0119dziesz musia\u0142 si\u0119 do tego przyzwyczai\u0107.<\/p>\n<figure id=\"attachment_175068\" aria-describedby=\"caption-attachment-175068\" style=\"width: 1250px\" class=\"wp-caption alignnone\"><img loading=\"lazy\" decoding=\"async\" class=\"loading wp-image-175068 size-full\" src=\"https:\/\/d2p6e6u75xmxt8.cloudfront.net\/2\/2019\/08\/mont-ventoux-profimedia-0397272618.jpg\" sizes=\"auto, (max-width: 1250px) 100vw, 1250px\" srcset=\"https:\/\/d2p6e6u75xmxt8.cloudfront.net\/2\/2019\/08\/mont-ventoux-profimedia-0397272618.jpg 1250w, https:\/\/d2p6e6u75xmxt8.cloudfront.net\/2\/2019\/08\/mont-ventoux-profimedia-0397272618-300x200.jpg 300w, https:\/\/d2p6e6u75xmxt8.cloudfront.net\/2\/2019\/08\/mont-ventoux-profimedia-0397272618-768x512.jpg 768w, https:\/\/d2p6e6u75xmxt8.cloudfront.net\/2\/2019\/08\/mont-ventoux-profimedia-0397272618-1024x682.jpg 1024w, https:\/\/d2p6e6u75xmxt8.cloudfront.net\/2\/2019\/08\/mont-ventoux-profimedia-0397272618-272x182.jpg 272w\" alt=\"Mont Ventoux\" width=\"1250\" height=\"833\" data-was-processed=\"true\" \/><figcaption id=\"caption-attachment-175068\" class=\"wp-caption-text\">Widok na szczytow\u0105 stacj\u0119 na Mont Ventoux od strony zachodniej drogi na szczyt. \u00a9 Profimedia, AFP<\/figcaption><\/figure>\n<p>Najlepsz\u0105 cz\u0119\u015bci\u0105 tego wyzwania s\u0105 osza\u0142amiaj\u0105ce widoki, kt\u00f3rych niestety raczej nie zobaczysz, poniewa\u017c b\u0119dziesz zbyt zaj\u0119ty wpatrywaniem si\u0119 w przednie ko\u0142o, staraj\u0105c si\u0119 nie zwymiotowa\u0107. Jednak kiedy znajdziesz si\u0119 na szczycie, b\u0119dziesz m\u00f3g\u0142 si\u0119 cieszy\u0107 nie tylko wspania\u0142ymi widokami francuskich Alp, ale tak\u017ce otaczaj\u0105c\u0105 Ci\u0119 przyrod\u0105 i, co najwa\u017cniejsze, d\u0142ugim i zas\u0142u\u017conym zjazdem.<\/p>\n<h2><strong>Tour du Mont Blanc<\/strong><\/h2>\n<p>Je\u015bli Alpe d&#8217;Huez i Mont Ventoux wydaj\u0105 Ci si\u0119 zbyt \u0142atwe, mo\u017cesz spr\u00f3bowa\u0107 wyzwania Tour du Mont Blanc. Ludzie, kt\u00f3rzy je podj\u0119li, uwa\u017caj\u0105, \u017ce jest to najtrudniejsza, najbardziej wyniszczaj\u0105ca p\u0142uca i nogi droga, jakiej do\u015bwiadczyli. Trasa o d\u0142ugo\u015bci 338 km ma oko\u0142o 8500 m deniwelacji. Zazwyczaj wysportowani kolarze robi\u0105 j\u0105 w dwa dni, ale to nie jest jeszcze prawdziwe wyzwanie, prawda? Masz ochot\u0119 na co\u015b naprawd\u0119 wielkiego i bezwzgl\u0119dnego? W takim razie powiniene\u015b wystartowa\u0107 w wy\u015bcigu Tour du Mont Blanc Cyclo. Wydarzenie b\u0119dzie mia\u0142o miejsce 16 lipca 2022 roku. O 4:58 rano, b\u0119d\u0105c na linii startu, s\u0142usznie zadasz sobie pytanie \u201eCo ja tutaj robi\u0119?\u201d. Jednak gdy w nieca\u0142e 24 godziny pokonasz ten 338-kilometrowy dystans, b\u00f3l, kt\u00f3ry odczujesz, cho\u0107 intensywny, b\u0119dzie niczym w por\u00f3wnaniu z dum\u0105 i rado\u015bci\u0105 z uko\u0144czenia najwspanialszego kolarskiego wyzwania, jakie mo\u017ce zaoferowa\u0107 Europa.<\/p>\n<p>Wy\u015bcig przebiega przez malownicze g\u00f3rskie zbocza W\u0142och, Francji i Szwajcarii i zdobywasz podczas niego kilka szczyt\u00f3w, kt\u00f3re dos\u0142ownie i w przeno\u015bni zapieraj\u0105 dech w piersiach.<\/p>\n<p><a href=\"https:\/\/www.instagram.com\/p\/CQ1KpBOoLtN\/?utm_source=ig_web_copy_link\">https:\/\/www.instagram.com\/p\/CQ1KpBOoLtN\/?utm_source=ig_web_copy_link<\/a><\/p>\n<p>Temu wyzwaniu sprostaj\u0105 tylko najlepsi z najlepszych. Wielu pr\u00f3bowa\u0142o i ponios\u0142o pora\u017ck\u0119. Przygotowanie trwa latami, a je\u015bli nie odby\u0142e\u015b jeszcze \u017cadnych d\u0142ugodystansowych g\u00f3rskich wycieczek, lepiej zostaw to wyzwanie przynajmniej na 2025 rok. Je\u017celi jednak jeste\u015b pasjonatem kolarstwa szosowego, a wspinanie si\u0119 po g\u00f3rskich drogach to dla Ciebie tylko formalno\u015b\u0107, ten wy\u015bcig zapewni Ci w\u0142a\u015bnie taki dreszczyk emocji, jakiego szukasz. R\u00f3b cz\u0119stsze treningi w g\u00f3rach i zwi\u0119ksz obci\u0105\u017cenie mi\u0119\u015bni. Pokonuj d\u0142u\u017csze dystanse w ci\u0105gu 24 godzin i zintensyfikuj swoje przeja\u017cd\u017cki. Zobacz, ile energii b\u0119dziesz potrzebowa\u0107, i postaraj si\u0119 doskonali\u0107 technik\u0119 wspinaczki. To wszystko oka\u017ce si\u0119 niezb\u0119dne, je\u015bli chcesz uko\u0144czy\u0107 <a href=\"https:\/\/letourdumontblanc.fr\/index.php\">Tour du Mont Blanc Cyclo<\/a>.<\/p>\n<h2><strong>Trasa wzd\u0142u\u017c Dunaju<\/strong><\/h2>\n<p>Je\u015bli szukasz jakiej\u015b niezbyt g\u00f3rzystej trasy i chcesz rzuci\u0107 wyzwanie nie swoim kolanom, p\u0142ucom i mi\u0119\u015bniom, ale raczej zdolno\u015bci do jazdy na d\u0142ugich dystansach, to Cycle the Danube zdecydowanie powinien znale\u017a\u0107 si\u0119 na Twojej li\u015bcie. Prawie 3000 km wzd\u0142u\u017c brzeg\u00f3w tej pot\u0119\u017cnej rzeki, przecinaj\u0105cej osiem kraj\u00f3w. Nie trzeba dodawa\u0107, \u017ce nie jest to co\u015b, co zrobisz w jeden dzie\u0144 \u2013 chocia\u017c je\u015bli jecha\u0142by\u015b ze \u015bredni\u0105 pr\u0119dko\u015bci\u0105 125 km\/h przez 24 godziny, by\u0142oby to wykonalne. Wracaj\u0105c jednak do rzeczywisto\u015bci, ta podr\u00f3\u017c potrwa co najmniej miesi\u0105c, je\u017celi chcesz uko\u0144czy\u0107 ca\u0142e wyzwanie. Dlatego wielu decyduje si\u0119 przejecha\u0107 tylko jej fragment. Og\u00f3lnie trasa sk\u0142ada si\u0119 z 4 g\u0142\u00f3wnych cz\u0119\u015bci: niemieckiej, austriackiej, s\u0142owacko-w\u0119gierskiej oraz wschodnioeuropejskiej. Wszystkie \u0142\u0105czy jedno: p\u0142aski teren, kt\u00f3ry stopniowo opada. To sprawia, \u017ce \u200b\u200bwyzwanie jest idealne nawet dla pocz\u0105tkuj\u0105cych, poniewa\u017c podr\u00f3\u017c drog\u0105 z Donaueschingen (gdzie rzeki Brigach, Breg, Stille Musel i Riedgraben \u0142\u0105cz\u0105 si\u0119, tworz\u0105c pot\u0119\u017cny Dunaj) do Budapesztu jest bardzo wygodna i \u0142atwa. Rzadko dochodzi do konfrontacji z ruchem ulicznym, a na trasie czekaj\u0105 na Ciebie malownicze wioski, przyja\u017ani rowerzy\u015bci, hotele i kawiarnie oraz og\u00f3lnie komfortowe warunki.<\/p>\n<p><a href=\"https:\/\/www.instagram.com\/p\/CF9FHNNlPr7\/?utm_source=ig_web_copy_link\">https:\/\/www.instagram.com\/p\/CF9FHNNlPr7\/?utm_source=ig_web_copy_link<\/a><\/p>\n<p>Z drugiej strony, je\u015bli chcesz, aby Twoja podr\u00f3\u017c by\u0142a nieco trudniejsza, powiniene\u015b kontynuowa\u0107 lub zacz\u0105\u0107 tras\u0119 za Budapesztem. Pami\u0119taj, \u017ce chocia\u017c reszta W\u0119gier mo\u017ce mie\u0107 troch\u0119 wygodnych \u015bcie\u017cek rowerowych wzd\u0142u\u017c rzeki, to g\u0142\u00f3wnie b\u0119dziesz mia\u0142 do pokonania 140 km w Chorwacji, 380 km w Serbii i oko\u0142o 870 km w Rumunii i Bu\u0142garii. Miejsca te nie s\u0105 zbyt przyjazne rowerzystom i b\u0119dziesz musia\u0142 jecha\u0107 starymi drogami, a nawet drogami gruntowymi. W przypadku cz\u0119\u015bci rumu\u0144sko-bu\u0142garskiej nale\u017cy pami\u0119ta\u0107, \u017ce na trasie s\u0105 tylko dwa mosty oddalone od siebie o oko\u0142o 400 km. Je\u015bli wi\u0119c zdecydujesz si\u0119 jecha\u0107 przez Bu\u0142gari\u0119, nie b\u0119dziesz w stanie tak \u0142atwo przeprawi\u0107 si\u0119 do Rumunii, chocia\u017c po drodze jest te\u017c kilka prom\u00f3w. Dlatego uwa\u017cnie wybierz swoj\u0105 tras\u0119 i zaplanuj j\u0105 z wyprzedzeniem.<\/p>\n<p>W cz\u0119\u015bci wschodnioeuropejskiej zaleca si\u0119 pobyt w wi\u0119kszych miastach. Ludzie s\u0105 tam przyzwyczajeni do obcokrajowc\u00f3w i na og\u00f3\u0142 m\u00f3wi\u0105 co najmniej jednym j\u0119zykiem obcym. Na wsiach sytuacja mo\u017ce by\u0107 inna, zaplanuj wi\u0119c postoje w miastach takich jak Osijek, Nowy Sad, Belgrad, Drobeta-Turnu Severin, Vidin, Rouse, Calarasi lub Silistra czy Braila. Wyprawa wzd\u0142u\u017c Dunaju to test si\u0142y woli i wytrzyma\u0142o\u015bci, wymagaj\u0105cy przeje\u017cd\u017cania 100 km dziennie przez miesi\u0105c. Je\u015bli chcesz zaplanowa\u0107 t\u0119 fantastyczn\u0105 podr\u00f3\u017c, strona internetowa <a href=\"https:\/\/www.danube-cycle-path.com\/cycling-slovakia-hungary.html\">Danube Cycle Path<\/a> zawiera wiele wa\u017cnych informacji.<\/p>\n<h2><strong>Z Lizbony do Stambu\u0142u<\/strong><\/h2>\n<p>Ta paneuropejska trasa to nie tylko wyzwanie. To do\u015bwiadczenie na ca\u0142e \u017cycie, kt\u00f3rym mo\u017ce si\u0119 pochwali\u0107 tylko garstka. Podczas gdy wi\u0119kszo\u015b\u0107 tras przeznaczona jest na dzie\u0144 lub weekend, a tylko niekt\u00f3re, takie jak szlak wzd\u0142u\u017c Dunaju, zajmuj\u0105 miesi\u0105c, przejechanie tej trwa oko\u0142o jednej czwartej roku. Podr\u00f3\u017c z Lizbony do Stambu\u0142u wymaga po\u015bwi\u0119cenia, przygotowania i wielkiej mi\u0142o\u015bci do jazdy na rowerze. Rzeczywi\u015bcie tylko nielicznym uda\u0142o si\u0119 uko\u0144czy\u0107 t\u0119 5000-kilometrow\u0105 tras\u0119. Prowadzi ona przez 12 kraj\u00f3w i 7 europejskich stolic. Ca\u0142kowita suma podjazd\u00f3w wynosi 13 620 m, poniewa\u017c szlak prowadzi przez serce Pirenej\u00f3w, cz\u0119\u015bci Alp i g\u00f3ry ba\u0142ka\u0144skie. Najtrudniejsze podjazdy s\u0105 jednak na pocz\u0105tku, mi\u0119dzy Hiszpani\u0105 a Andor\u0105.<\/p>\n<p>Twoja podr\u00f3\u017c rozpocznie si\u0119 w Lizbonie, nad Oceanem Atlantyckim. Stamt\u0105d pojedziesz wiejskimi drogami do Madrytu, a nast\u0119pnie udasz si\u0119 na p\u00f3\u0142nocny wsch\u00f3d do Andorra la Vella. Pi\u0119kne francuskie \u015br\u00f3dziemnomorskie miasto Montpellier jest Twoim nast\u0119pnym celem, z kt\u00f3rego b\u0119dziesz kontynuowa\u0142 podr\u00f3\u017c wzd\u0142u\u017c wybrze\u017ca przez Marsyli\u0119, Nice\u0119, Monako i Genu\u0119. Nast\u0119pnie przejedziesz obok wspania\u0142ych zabytk\u00f3w prowincji Emilia-Romania we W\u0142oszech i ponapawasz oczy pere\u0142k\u0105 turystyczn\u0105, jak\u0105 jest Wenecja.<\/p>\n<figure id=\"attachment_186428\" aria-describedby=\"caption-attachment-186428\" style=\"width: 1000px\" class=\"wp-caption alignnone\"><img loading=\"lazy\" decoding=\"async\" class=\"loading wp-image-186428 size-full\" src=\"https:\/\/d2p6e6u75xmxt8.cloudfront.net\/2\/2021\/09\/Venezia-profimedia-0630792644.jpg\" sizes=\"auto, (max-width: 1000px) 100vw, 1000px\" srcset=\"https:\/\/d2p6e6u75xmxt8.cloudfront.net\/2\/2021\/09\/Venezia-profimedia-0630792644.jpg 1000w, https:\/\/d2p6e6u75xmxt8.cloudfront.net\/2\/2021\/09\/Venezia-profimedia-0630792644-300x200.jpg 300w, https:\/\/d2p6e6u75xmxt8.cloudfront.net\/2\/2021\/09\/Venezia-profimedia-0630792644-768x511.jpg 768w, https:\/\/d2p6e6u75xmxt8.cloudfront.net\/2\/2021\/09\/Venezia-profimedia-0630792644-272x182.jpg 272w\" alt=\"Venezia\" width=\"1000\" height=\"666\" data-was-processed=\"true\" \/><figcaption id=\"caption-attachment-186428\" class=\"wp-caption-text\">Trasa poprowadzi Ci\u0119 przez pi\u0119kn\u0105 Wenecj\u0119.<\/figcaption><\/figure>\n<p>Do tego momentu Twoja podr\u00f3\u017c b\u0119dzie stosunkowo bezpieczna i wygodna. Jednak po wjechaniu na Ba\u0142kany przygotuj si\u0119 na bardziej wymagaj\u0105ce drogi, chocia\u017c ludzie s\u0105 tam przyja\u017ani i zawsze gotowi do pomocy. Nast\u0119pne cele to Lublana i Zagrzeb. Obie stolice to urocze miejsca z otwartymi lud\u017ami i pysznym jedzeniem, maj\u0105ce wiele atrakcji do zaoferowania. Po dotarciu do Dunaju na granicy Chorwacji i Serbii ju\u017c tylko miesi\u0105c dzieli Ci\u0119 od celu.<\/p>\n<p>Pozostan\u0105 jeszcze Belgrad oraz Rouse. Chyba \u017ce chcesz troch\u0119 zboczy\u0107 z g\u0142\u00f3wnej drogi \u2013 wtedy w drodze do Stambu\u0142u zdecydowanie powiniene\u015b odwiedzi\u0107 Bukareszt i Veliko Turnovo. Upewnij si\u0119, \u017ce zostaniesz przynajmniej na jedn\u0105 noc w Erdine i podelektujesz si\u0119 lokaln\u0105 kuchni\u0105. Twoja podr\u00f3\u017c zako\u0144czy si\u0119 przed Hagi\u0105 Sophi\u0105 w centrum Stambu\u0142u, na kra\u0144cu Europy.<\/p>\n<p>Tej trasy nie nale\u017cy lekcewa\u017cy\u0107. Ka\u017cdy, kto odwa\u017cy si\u0119 w ni\u0105 wyruszy\u0107, musi by\u0107 przygotowany na wielotygodniow\u0105 jazd\u0119 i by\u0107 mo\u017ce spanie w namiotach, \u015bpiworach, a nawet pod go\u0142ym niebem. Tw\u00f3j rower powinien by\u0107 w idealnym stanie i musz zabra\u0107 ze sob\u0105 du\u017co niezb\u0119dnego baga\u017cu. To nie jest jedno- czy nawet kilkudniowa wycieczka. B\u0119dziesz nieustannie w drodze przez co najmniej dwa miesi\u0105ce. Je\u015bli jednak uda Ci si\u0119 uko\u0144czy\u0107 podr\u00f3\u017c, b\u0119dziesz jednym z niewielu, kt\u00f3rzy to zrobili. Ta trasa to kolejne wyzwanie do umieszczenia na li\u015bcie rzeczy do zrobienia w 2022 roku.<\/p>\n<p>Kt\u00f3re opisane przez nas wyzwanie kr\u0119ci Ci\u0119 najbardziej?<\/p>\n<p><span data-sheets-value=\"{&quot;1&quot;:2,&quot;2&quot;:&quot;Artyku\u0142 powsta\u0142 we wsp\u00f3\u0142pracy ze skoda-auto.pl&quot;}\" data-sheets-userformat=\"{&quot;2&quot;:1,&quot;3&quot;:{&quot;1&quot;:0}}\" data-sheets-hyperlink=\"http:\/\/www.skoda-auto.pl\/\"><a class=\"in-cell-link\" href=\"http:\/\/www.skoda-auto.pl\/\" target=\"_blank\" rel=\"noopener noreferrer\">Artyku\u0142 powsta\u0142 we wsp\u00f3\u0142pracy ze skoda-auto.pl<\/a><\/span><\/p>\n<p><img loading=\"lazy\" decoding=\"async\" class=\"alignnone size-full wp-image-11630 aligncenter\" src=\"https:\/\/d2p6e6u75xmxt8.cloudfront.net\/5\/2021\/12\/640x350-1.jpg\" alt=\"\" width=\"640\" height=\"350\" srcset=\"https:\/\/d2p6e6u75xmxt8.cloudfront.net\/5\/2021\/12\/640x350-1.jpg 640w, https:\/\/d2p6e6u75xmxt8.cloudfront.net\/5\/2021\/12\/640x350-1-300x164.jpg 300w\" sizes=\"auto, (max-width: 640px) 100vw, 640px\" \/><\/p>\n","protected":false},"excerpt":{"rendered":"<p>Mamy ju\u017c jesie\u0144 i chocia\u017c jazda na rowerze jest aktywno\u015bci\u0105 ca\u0142oroczn\u0105, niekt\u00f3re wyprawy s\u0105 przeznaczone specjalnie na lato, na d\u0142ugie [&hellip;]<\/p>\n","protected":false},"author":153,"featured_media":12266,"comment_status":"open","ping_status":"open","sticky":false,"template":"","format":"standard","meta":{"footnotes":""},"categories":[5],"tags":[],"global-categories":[303],"class_list":["post-12265","post","type-post","status-publish","format-standard","has-post-thumbnail","hentry","category-outdoormtb","global-categories-cycling"],"yoast_head":"<!-- This site is optimized with the Yoast SEO Premium plugin v25.3 (Yoast SEO v25.9) - https:\/\/yoast.com\/wordpress\/plugins\/seo\/ -->\n<title>5 europejskich wyzwa\u0144 rowerowych na 2022 rok. Zacznij si\u0119 ju\u017c do nich przygotowywa\u0107! - \u0160koda We Love Cycling - Poland<\/title>\n<meta name=\"robots\" content=\"index, follow, max-snippet:-1, max-image-preview:large, max-video-preview:-1\" \/>\n<link rel=\"canonical\" href=\"https:\/\/www.welovecycling.com\/pl\/2021\/10\/26\/5-europejskich-wyzwan-rowerowych-na-2022-rok-zacznij-sie-juz-do-nich-przygotowywac\/\" \/>\n<meta property=\"og:locale\" content=\"pl_PL\" \/>\n<meta property=\"og:type\" content=\"article\" \/>\n<meta property=\"og:title\" content=\"5 europejskich wyzwa\u0144 rowerowych na 2022 rok. Zacznij si\u0119 ju\u017c do nich przygotowywa\u0107!\" \/>\n<meta property=\"og:description\" content=\"Mamy ju\u017c jesie\u0144 i chocia\u017c jazda na rowerze jest aktywno\u015bci\u0105 ca\u0142oroczn\u0105, niekt\u00f3re wyprawy s\u0105 przeznaczone specjalnie na lato, na d\u0142ugie [&hellip;]\" \/>\n<meta property=\"og:url\" content=\"https:\/\/www.welovecycling.com\/pl\/2021\/10\/26\/5-europejskich-wyzwan-rowerowych-na-2022-rok-zacznij-sie-juz-do-nich-przygotowywac\/\" \/>\n<meta property=\"og:site_name\" content=\"\u0160koda We Love Cycling - Poland\" \/>\n<meta property=\"article:published_time\" content=\"2021-10-26T16:51:41+00:00\" \/>\n<meta property=\"og:image\" content=\"https:\/\/d2p6e6u75xmxt8.cloudfront.net\/5\/2021\/10\/Mont-Ventoux-profimedia-0620239650-CVR-1024x450-1.jpg\" \/>\n\t<meta property=\"og:image:width\" content=\"1024\" \/>\n\t<meta property=\"og:image:height\" content=\"450\" \/>\n\t<meta property=\"og:image:type\" content=\"image\/jpeg\" \/>\n<meta name=\"author\" content=\"rafal\" \/>\n<meta name=\"twitter:card\" content=\"summary_large_image\" \/>\n<meta name=\"twitter:label1\" content=\"Written by\" \/>\n\t<meta name=\"twitter:data1\" content=\"Martin Atanasov\" \/>\n\t<meta name=\"twitter:label2\" content=\"Est. reading time\" \/>\n\t<meta name=\"twitter:data2\" content=\"10 minutes\" \/>\n<script type=\"application\/ld+json\" class=\"yoast-schema-graph\">{\"@context\":\"https:\/\/schema.org\",\"@graph\":[{\"@type\":\"WebPage\",\"@id\":\"https:\/\/www.welovecycling.com\/pl\/2021\/10\/26\/5-europejskich-wyzwan-rowerowych-na-2022-rok-zacznij-sie-juz-do-nich-przygotowywac\/\",\"url\":\"https:\/\/www.welovecycling.com\/pl\/2021\/10\/26\/5-europejskich-wyzwan-rowerowych-na-2022-rok-zacznij-sie-juz-do-nich-przygotowywac\/\",\"name\":\"5 europejskich wyzwa\u0144 rowerowych na 2022 rok. Zacznij si\u0119 ju\u017c do nich przygotowywa\u0107! - \u0160koda We Love Cycling - Poland\",\"isPartOf\":{\"@id\":\"https:\/\/www.welovecycling.com\/pl\/#website\"},\"primaryImageOfPage\":{\"@id\":\"https:\/\/www.welovecycling.com\/pl\/2021\/10\/26\/5-europejskich-wyzwan-rowerowych-na-2022-rok-zacznij-sie-juz-do-nich-przygotowywac\/#primaryimage\"},\"image\":{\"@id\":\"https:\/\/www.welovecycling.com\/pl\/2021\/10\/26\/5-europejskich-wyzwan-rowerowych-na-2022-rok-zacznij-sie-juz-do-nich-przygotowywac\/#primaryimage\"},\"thumbnailUrl\":\"https:\/\/d2p6e6u75xmxt8.cloudfront.net\/5\/2021\/10\/Mont-Ventoux-profimedia-0620239650-CVR-1024x450-1.jpg\",\"datePublished\":\"2021-10-26T16:51:41+00:00\",\"author\":{\"@id\":\"https:\/\/www.welovecycling.com\/pl\/#\/schema\/person\/bf06ed916a1ef16618807fb60d2ebe42\"},\"breadcrumb\":{\"@id\":\"https:\/\/www.welovecycling.com\/pl\/2021\/10\/26\/5-europejskich-wyzwan-rowerowych-na-2022-rok-zacznij-sie-juz-do-nich-przygotowywac\/#breadcrumb\"},\"inLanguage\":\"pl-PL\",\"potentialAction\":[{\"@type\":\"ReadAction\",\"target\":[\"https:\/\/www.welovecycling.com\/pl\/2021\/10\/26\/5-europejskich-wyzwan-rowerowych-na-2022-rok-zacznij-sie-juz-do-nich-przygotowywac\/\"]}]},{\"@type\":\"ImageObject\",\"inLanguage\":\"pl-PL\",\"@id\":\"https:\/\/www.welovecycling.com\/pl\/2021\/10\/26\/5-europejskich-wyzwan-rowerowych-na-2022-rok-zacznij-sie-juz-do-nich-przygotowywac\/#primaryimage\",\"url\":\"https:\/\/d2p6e6u75xmxt8.cloudfront.net\/5\/2021\/10\/Mont-Ventoux-profimedia-0620239650-CVR-1024x450-1.jpg\",\"contentUrl\":\"https:\/\/d2p6e6u75xmxt8.cloudfront.net\/5\/2021\/10\/Mont-Ventoux-profimedia-0620239650-CVR-1024x450-1.jpg\",\"width\":1024,\"height\":450},{\"@type\":\"BreadcrumbList\",\"@id\":\"https:\/\/www.welovecycling.com\/pl\/2021\/10\/26\/5-europejskich-wyzwan-rowerowych-na-2022-rok-zacznij-sie-juz-do-nich-przygotowywac\/#breadcrumb\",\"itemListElement\":[{\"@type\":\"ListItem\",\"position\":1,\"name\":\"Home\",\"item\":\"https:\/\/www.welovecycling.com\/pl\/\"},{\"@type\":\"ListItem\",\"position\":2,\"name\":\"5 europejskich wyzwa\u0144 rowerowych na 2022 rok. Zacznij si\u0119 ju\u017c do nich przygotowywa\u0107!\"}]},{\"@type\":\"WebSite\",\"@id\":\"https:\/\/www.welovecycling.com\/pl\/#website\",\"url\":\"https:\/\/www.welovecycling.com\/pl\/\",\"name\":\"\u0160koda We Love Cycling - Poland\",\"description\":\"\",\"potentialAction\":[{\"@type\":\"SearchAction\",\"target\":{\"@type\":\"EntryPoint\",\"urlTemplate\":\"https:\/\/www.welovecycling.com\/pl\/?s={search_term_string}\"},\"query-input\":{\"@type\":\"PropertyValueSpecification\",\"valueRequired\":true,\"valueName\":\"search_term_string\"}}],\"inLanguage\":\"pl-PL\"},{\"@type\":\"Person\",\"@id\":\"https:\/\/www.welovecycling.com\/pl\/#\/schema\/person\/bf06ed916a1ef16618807fb60d2ebe42\",\"name\":\"rafal\",\"image\":{\"@type\":\"ImageObject\",\"inLanguage\":\"pl-PL\",\"@id\":\"https:\/\/www.welovecycling.com\/pl\/#\/schema\/person\/image\/\",\"url\":\"https:\/\/secure.gravatar.com\/avatar\/203f240e63bee214f6f3a0dacbeb600c7829c09716c2b9ee3230c6961debcde2?s=96&d=mm&r=g\",\"contentUrl\":\"https:\/\/secure.gravatar.com\/avatar\/203f240e63bee214f6f3a0dacbeb600c7829c09716c2b9ee3230c6961debcde2?s=96&d=mm&r=g\",\"caption\":\"rafal\"},\"url\":\"https:\/\/www.welovecycling.com\/pl\/author\/rafal\/\"}]}<\/script>\n<!-- \/ Yoast SEO Premium plugin. -->","yoast_head_json":{"title":"5 europejskich wyzwa\u0144 rowerowych na 2022 rok. Zacznij si\u0119 ju\u017c do nich przygotowywa\u0107! - \u0160koda We Love Cycling - Poland","robots":{"index":"index","follow":"follow","max-snippet":"max-snippet:-1","max-image-preview":"max-image-preview:large","max-video-preview":"max-video-preview:-1"},"canonical":"https:\/\/www.welovecycling.com\/pl\/2021\/10\/26\/5-europejskich-wyzwan-rowerowych-na-2022-rok-zacznij-sie-juz-do-nich-przygotowywac\/","og_locale":"pl_PL","og_type":"article","og_title":"5 europejskich wyzwa\u0144 rowerowych na 2022 rok. Zacznij si\u0119 ju\u017c do nich przygotowywa\u0107!","og_description":"Mamy ju\u017c jesie\u0144 i chocia\u017c jazda na rowerze jest aktywno\u015bci\u0105 ca\u0142oroczn\u0105, niekt\u00f3re wyprawy s\u0105 przeznaczone specjalnie na lato, na d\u0142ugie [&hellip;]","og_url":"https:\/\/www.welovecycling.com\/pl\/2021\/10\/26\/5-europejskich-wyzwan-rowerowych-na-2022-rok-zacznij-sie-juz-do-nich-przygotowywac\/","og_site_name":"\u0160koda We Love Cycling - Poland","article_published_time":"2021-10-26T16:51:41+00:00","og_image":[{"width":1024,"height":450,"url":"https:\/\/d2p6e6u75xmxt8.cloudfront.net\/5\/2021\/10\/Mont-Ventoux-profimedia-0620239650-CVR-1024x450-1.jpg","type":"image\/jpeg"}],"author":"rafal","twitter_card":"summary_large_image","twitter_misc":{"Written by":"Martin Atanasov","Est. reading time":"10 minutes"},"schema":{"@context":"https:\/\/schema.org","@graph":[{"@type":"WebPage","@id":"https:\/\/www.welovecycling.com\/pl\/2021\/10\/26\/5-europejskich-wyzwan-rowerowych-na-2022-rok-zacznij-sie-juz-do-nich-przygotowywac\/","url":"https:\/\/www.welovecycling.com\/pl\/2021\/10\/26\/5-europejskich-wyzwan-rowerowych-na-2022-rok-zacznij-sie-juz-do-nich-przygotowywac\/","name":"5 europejskich wyzwa\u0144 rowerowych na 2022 rok. Zacznij si\u0119 ju\u017c do nich przygotowywa\u0107! - \u0160koda We Love Cycling - Poland","isPartOf":{"@id":"https:\/\/www.welovecycling.com\/pl\/#website"},"primaryImageOfPage":{"@id":"https:\/\/www.welovecycling.com\/pl\/2021\/10\/26\/5-europejskich-wyzwan-rowerowych-na-2022-rok-zacznij-sie-juz-do-nich-przygotowywac\/#primaryimage"},"image":{"@id":"https:\/\/www.welovecycling.com\/pl\/2021\/10\/26\/5-europejskich-wyzwan-rowerowych-na-2022-rok-zacznij-sie-juz-do-nich-przygotowywac\/#primaryimage"},"thumbnailUrl":"https:\/\/d2p6e6u75xmxt8.cloudfront.net\/5\/2021\/10\/Mont-Ventoux-profimedia-0620239650-CVR-1024x450-1.jpg","datePublished":"2021-10-26T16:51:41+00:00","author":{"@id":"https:\/\/www.welovecycling.com\/pl\/#\/schema\/person\/bf06ed916a1ef16618807fb60d2ebe42"},"breadcrumb":{"@id":"https:\/\/www.welovecycling.com\/pl\/2021\/10\/26\/5-europejskich-wyzwan-rowerowych-na-2022-rok-zacznij-sie-juz-do-nich-przygotowywac\/#breadcrumb"},"inLanguage":"pl-PL","potentialAction":[{"@type":"ReadAction","target":["https:\/\/www.welovecycling.com\/pl\/2021\/10\/26\/5-europejskich-wyzwan-rowerowych-na-2022-rok-zacznij-sie-juz-do-nich-przygotowywac\/"]}]},{"@type":"ImageObject","inLanguage":"pl-PL","@id":"https:\/\/www.welovecycling.com\/pl\/2021\/10\/26\/5-europejskich-wyzwan-rowerowych-na-2022-rok-zacznij-sie-juz-do-nich-przygotowywac\/#primaryimage","url":"https:\/\/d2p6e6u75xmxt8.cloudfront.net\/5\/2021\/10\/Mont-Ventoux-profimedia-0620239650-CVR-1024x450-1.jpg","contentUrl":"https:\/\/d2p6e6u75xmxt8.cloudfront.net\/5\/2021\/10\/Mont-Ventoux-profimedia-0620239650-CVR-1024x450-1.jpg","width":1024,"height":450},{"@type":"BreadcrumbList","@id":"https:\/\/www.welovecycling.com\/pl\/2021\/10\/26\/5-europejskich-wyzwan-rowerowych-na-2022-rok-zacznij-sie-juz-do-nich-przygotowywac\/#breadcrumb","itemListElement":[{"@type":"ListItem","position":1,"name":"Home","item":"https:\/\/www.welovecycling.com\/pl\/"},{"@type":"ListItem","position":2,"name":"5 europejskich wyzwa\u0144 rowerowych na 2022 rok. Zacznij si\u0119 ju\u017c do nich przygotowywa\u0107!"}]},{"@type":"WebSite","@id":"https:\/\/www.welovecycling.com\/pl\/#website","url":"https:\/\/www.welovecycling.com\/pl\/","name":"\u0160koda We Love Cycling - Poland","description":"","potentialAction":[{"@type":"SearchAction","target":{"@type":"EntryPoint","urlTemplate":"https:\/\/www.welovecycling.com\/pl\/?s={search_term_string}"},"query-input":{"@type":"PropertyValueSpecification","valueRequired":true,"valueName":"search_term_string"}}],"inLanguage":"pl-PL"},{"@type":"Person","@id":"https:\/\/www.welovecycling.com\/pl\/#\/schema\/person\/bf06ed916a1ef16618807fb60d2ebe42","name":"rafal","image":{"@type":"ImageObject","inLanguage":"pl-PL","@id":"https:\/\/www.welovecycling.com\/pl\/#\/schema\/person\/image\/","url":"https:\/\/secure.gravatar.com\/avatar\/203f240e63bee214f6f3a0dacbeb600c7829c09716c2b9ee3230c6961debcde2?s=96&d=mm&r=g","contentUrl":"https:\/\/secure.gravatar.com\/avatar\/203f240e63bee214f6f3a0dacbeb600c7829c09716c2b9ee3230c6961debcde2?s=96&d=mm&r=g","caption":"rafal"},"url":"https:\/\/www.welovecycling.com\/pl\/author\/rafal\/"}]}},"_links":{"self":[{"href":"https:\/\/www.welovecycling.com\/pl\/wp-json\/wp\/v2\/posts\/12265","targetHints":{"allow":["GET"]}}],"collection":[{"href":"https:\/\/www.welovecycling.com\/pl\/wp-json\/wp\/v2\/posts"}],"about":[{"href":"https:\/\/www.welovecycling.com\/pl\/wp-json\/wp\/v2\/types\/post"}],"author":[{"embeddable":true,"href":"https:\/\/www.welovecycling.com\/pl\/wp-json\/wp\/v2\/users\/153"}],"replies":[{"embeddable":true,"href":"https:\/\/www.welovecycling.com\/pl\/wp-json\/wp\/v2\/comments?post=12265"}],"version-history":[{"count":1,"href":"https:\/\/www.welovecycling.com\/pl\/wp-json\/wp\/v2\/posts\/12265\/revisions"}],"predecessor-version":[{"id":12267,"href":"https:\/\/www.welovecycling.com\/pl\/wp-json\/wp\/v2\/posts\/12265\/revisions\/12267"}],"wp:featuredmedia":[{"embeddable":true,"href":"https:\/\/www.welovecycling.com\/pl\/wp-json\/wp\/v2\/media\/12266"}],"wp:attachment":[{"href":"https:\/\/www.welovecycling.com\/pl\/wp-json\/wp\/v2\/media?parent=12265"}],"wp:term":[{"taxonomy":"category","embeddable":true,"href":"https:\/\/www.welovecycling.com\/pl\/wp-json\/wp\/v2\/categories?post=12265"},{"taxonomy":"post_tag","embeddable":true,"href":"https:\/\/www.welovecycling.com\/pl\/wp-json\/wp\/v2\/tags?post=12265"},{"taxonomy":"global-categories","embeddable":true,"href":"https:\/\/www.welovecycling.com\/pl\/wp-json\/wp\/v2\/global-categories?post=12265"}],"curies":[{"name":"wp","href":"https:\/\/api.w.org\/{rel}","templated":true}]}}