{"id":12261,"date":"2021-10-22T22:00:24","date_gmt":"2021-10-22T22:00:24","guid":{"rendered":"https:\/\/www.welovecycling.com\/pl\/?p=12261"},"modified":"2021-10-26T13:02:13","modified_gmt":"2021-10-26T13:02:13","slug":"kawa-i-jazda-na-rowerze-czyli-idealne-polaczenie","status":"publish","type":"post","link":"https:\/\/www.welovecycling.com\/pl\/2021\/10\/22\/kawa-i-jazda-na-rowerze-czyli-idealne-polaczenie\/","title":{"rendered":"Kawa i jazda na rowerze, czyli idealne po\u0142\u0105czenie?"},"content":{"rendered":"<p><strong>Po latach debat na temat pozytywnych lub negatywnych skutk\u00f3w picia kawy wydaje si\u0119, \u017ce dietetycy osi\u0105gn\u0119li konsensus. Kawa pita z umiarem jest dla Ciebie dobra, zw\u0142aszcza je\u015bli regularnie \u0107wiczysz.<\/strong><\/p>\n<p>Zgodnie z licznymi badaniami przeprowadzonymi w ci\u0105gu ostatniej dekady kawa to jeden z najzdrowszych napoj\u00f3w. Jest na\u0142adowana polifenolami i ma wysok\u0105 zawarto\u015b\u0107 przeciwutleniaczy. Wed\u0142ug Natural Products Insider: \u201eSpo\u017cywanie kawy mo\u017ce obni\u017cy\u0107 ryzyko chor\u00f3b sercowo-naczyniowych i zmniejszy\u0107 ryzyko zachorowania na cukrzyc\u0119 typu 2 nawet o 50 procent. Wydaje si\u0119, \u017ce kawa ma r\u00f3wnie\u017c pozytywny wp\u0142yw na choroby neurologiczne, poniewa\u017c jej spo\u017cywanie prawdopodobnie zmniejsza ryzyko choroby Parkinsona i Alzheimera\u201d.<\/p>\n<figure id=\"attachment_184555\" aria-describedby=\"caption-attachment-184555\" style=\"width: 1000px\" class=\"wp-caption alignnone\"><img loading=\"lazy\" decoding=\"async\" class=\"initial loaded wp-image-184555 size-full\" src=\"https:\/\/d2p6e6u75xmxt8.cloudfront.net\/2\/2021\/07\/Wout-van-Aert-Coffee-profimedia-0460999705.jpg\" sizes=\"auto, (max-width: 1000px) 100vw, 1000px\" srcset=\"https:\/\/d2p6e6u75xmxt8.cloudfront.net\/2\/2021\/07\/Wout-van-Aert-Coffee-profimedia-0460999705.jpg 1000w, https:\/\/d2p6e6u75xmxt8.cloudfront.net\/2\/2021\/07\/Wout-van-Aert-Coffee-profimedia-0460999705-300x200.jpg 300w, https:\/\/d2p6e6u75xmxt8.cloudfront.net\/2\/2021\/07\/Wout-van-Aert-Coffee-profimedia-0460999705-768x511.jpg 768w, https:\/\/d2p6e6u75xmxt8.cloudfront.net\/2\/2021\/07\/Wout-van-Aert-Coffee-profimedia-0460999705-272x182.jpg 272w\" alt=\"Wout van Aert drinking coffee\" width=\"1000\" height=\"666\" data-was-processed=\"true\" \/><figcaption id=\"caption-attachment-184555\" class=\"wp-caption-text\">Niekt\u00f3rzy rowerzy\u015bci twierdz\u0105, \u017ce powstrzymywanie si\u0119 od kofeiny przez tydzie\u0144 lub dwa zwi\u0119ksza jej dzia\u0142anie w dniu wy\u015bcigu. \u00a9 Profimedia<\/figcaption><\/figure>\n<p>Film wyprodukowany przez Instytut Informacji Naukowej o Kawie opowiada o tym, \u017ce kawa jest idealnym napojem do spo\u017cywania podczas jazdy na rowerze. Multidyscyplinarna zawodniczka Juliet Elliott trenuje oko\u0142o 12 godzin tygodniowo, bierze udzia\u0142 w wy\u015bcigach wytrzyma\u0142o\u015bciowych, szutrowych i bikepackingowych oraz w wydarzeniach takich jak Grinduro i Tuscany Trail. \u201eTo, co jem i pij\u0119, ma kluczowe znaczenie dla mojej wydajno\u015bci i ciesz\u0119 si\u0119, \u017ce kawa jest cz\u0119\u015bci\u0105 mojej codziennej rutyny\u201d \u2013 m\u00f3wi Elliott. I dodaje, \u017ce zaczyna dzie\u0144 od kawy do \u015bniadania, a potem wypija kolejn\u0105 fili\u017cank\u0119 przed p\u00f3j\u015bciem na si\u0142owni\u0119 lub wskoczeniem na rower. \u201eJestem wielk\u0105 fank\u0105 <a href=\"https:\/\/www.welovecycling.com\/pl\/2021\/05\/24\/mocna-kawa-przed-cwiczeniami-zwieksza-spalanie-tluszczu\/\">kawy<\/a>. To ona sprawia, \u017ce \u200b\u200bczuj\u0119 si\u0119 na\u0142adowana energi\u0105 i sprawniejsza umys\u0142owo. Jestem w pe\u0142ni \u015bwiadoma korzy\u015bci zwi\u0105zanych z wydajno\u015bci\u0105. To dzi\u0119ki kawie mog\u0119 peda\u0142owa\u0107 mocniej, szybciej i d\u0142u\u017cej\u201d \u2013 podsumowuje Juliet.<\/p>\n<p>Nauka potwierdza jej s\u0142owa. Dr Neil Clark, ekspert w dziedzinie sportu i \u017cywienia w sporcie z Coventry University, twierdzi, \u017ce picie kawy daje korzy\u015bci, kt\u00f3re mog\u0105 poprawi\u0107 sprawno\u015b\u0107 fizyczn\u0105. \u201eObejmuj\u0105 one mi\u0119dzy innymi popraw\u0119 si\u0142y i wytrzyma\u0142o\u015bci mi\u0119\u015bni oraz pr\u0119dko\u015bci ruchu\u201d \u2013 m\u00f3wi Clark. Badania dowodz\u0105, \u017ce kofeina umo\u017cliwia mi\u0119\u015bniom mocniejsze i bardziej regularne kurczenie si\u0119, a Clark dodaje jeszcze: \u201eWykazano, \u017ce <a href=\"https:\/\/www.welovecycling.com\/pl\/2018\/11\/22\/wiecej-kawy-dluzsze-zycie\/\">spo\u017cywanie kawy<\/a> poprawia wytrzyma\u0142o\u015b\u0107 i wydajno\u015b\u0107 sprintu\u201d.<\/p>\n<div class=\"embed-controller-wrapper\">\n<div class=\"embed-wrapper\"><iframe title=\"Coffee, Caffeine and Cycling Performance with Dr Neil Clarke and Juliet Elliott\" width=\"500\" height=\"281\" data-src=\"https:\/\/www.youtube.com\/embed\/RFj-G-zf6Rk?feature=oembed\" frameborder=\"0\" allow=\"accelerometer; autoplay; clipboard-write; encrypted-media; gyroscope; picture-in-picture; web-share\" referrerpolicy=\"strict-origin-when-cross-origin\" allowfullscreen><\/iframe><\/div>\n<\/div>\n<p>Ponadto kawa mo\u017ce poprawi\u0107 samopoczucie, poniewa\u017c uwalnia endorfiny, kt\u00f3re zmniejszaj\u0105 b\u00f3l i skutki wysi\u0142ku podczas \u0107wicze\u0144. \u201eCzynniki takie jak lepsze funkcje poznawcze, czas reakcji i nastr\u00f3j prawdopodobnie r\u00f3wnie\u017c b\u0119d\u0105 mia\u0142y pozytywny wp\u0142yw na wydajno\u015b\u0107. Niezale\u017cnie od tego, czy uprawia si\u0119 kolarstwo wyczynowe czy je\u017adzi w celach rekreacyjnych, istniej\u0105 dowody na to, \u017ce wypicie fili\u017canki kawy mo\u017ce poprawi\u0107 wydajno\u015b\u0107\u201d \u2013 powiedzia\u0142 Clark. Okazuje si\u0119, \u017ce <a href=\"https:\/\/www.welovecycling.com\/pl\/2019\/09\/02\/nowe-badania-kawa-pomaga-w-walce-z-otyloscia-i-cukrzyca\/\">wypicie kawy<\/a> przed jazd\u0105 mo\u017ce te\u017c pom\u00f3c uchroni\u0107 si\u0119 przed wypadkami. Dr Neil Clark tak to uzasadnia: \u201e[Picie kawy] mo\u017ce r\u00f3wnie\u017c zwi\u0119kszy\u0107 czujno\u015b\u0107, zdolno\u015bci poznawcze i pobudzi\u0107, co sprawi, \u017ce ludzie b\u0119d\u0105 bardziej bezpieczni na drogach\u201d.<\/p>\n<p>Badacz ostrzega jednak, \u017ce kaw\u0119 nale\u017cy zawsze spo\u017cywa\u0107 z umiarem. Europejski Urz\u0105d ds. Standard\u00f3w \u017bywno\u015bci zaleca picie od trzech do pi\u0119ciu fili\u017canek dziennie, ale Clark twierdzi, \u017ce wra\u017cliwo\u015b\u0107 na dzia\u0142anie kawy r\u00f3\u017cni si\u0119 w zale\u017cno\u015bci od osoby. \u201eZawsze dobrze jest zacz\u0105\u0107 od najmniejszej ilo\u015bci. Wypij jedn\u0105 fili\u017cank\u0119 i zobacz, jak na Ciebie dzia\u0142a. I zdecydowanie nale\u017cy najpierw wypr\u00f3bowa\u0107 dzia\u0142anie kawy w praktyce, zanim wypijesz j\u0105 w dniu zawod\u00f3w\u201d \u2013 radzi Clark.<\/p>\n<p>Jak ju\u017c wspomnieli\u015bmy, Juliet Elliott to wielka mi\u0142o\u015bniczka kawy. Je\u015bli te\u017c nale\u017cysz do tego grona, z pewno\u015bci\u0105 to, co s\u0105dzi na temat tego napoju, b\u0119dzie Ci bliskie: \u201eDla mnie kawa i jazda na rowerze id\u0105 w parze. Ten nap\u00f3j podnosi mnie na duchu, pomaga mi je\u017adzi\u0107 d\u0142u\u017cej i szybciej, wi\u0119c jak mam go nie lubi\u0107?\u201d<\/p>\n<p><span data-sheets-value=\"{&quot;1&quot;:2,&quot;2&quot;:&quot;Artyku\u0142 powsta\u0142 we wsp\u00f3\u0142pracy ze skoda-auto.pl&quot;}\" data-sheets-userformat=\"{&quot;2&quot;:1,&quot;3&quot;:{&quot;1&quot;:0}}\" data-sheets-hyperlink=\"http:\/\/www.skoda-auto.pl\/\"><a class=\"in-cell-link\" href=\"http:\/\/www.skoda-auto.pl\/\" target=\"_blank\" rel=\"noopener noreferrer\">Artyku\u0142 powsta\u0142 we wsp\u00f3\u0142pracy ze skoda-auto.pl<\/a><\/span><\/p>\n<p><img loading=\"lazy\" decoding=\"async\" class=\"alignnone size-full wp-image-11628 aligncenter\" src=\"https:\/\/d2p6e6u75xmxt8.cloudfront.net\/5\/2021\/12\/640x350-2-1.jpg\" alt=\"\" width=\"640\" height=\"350\" srcset=\"https:\/\/d2p6e6u75xmxt8.cloudfront.net\/5\/2021\/12\/640x350-2-1.jpg 640w, https:\/\/d2p6e6u75xmxt8.cloudfront.net\/5\/2021\/12\/640x350-2-1-300x164.jpg 300w\" sizes=\"auto, (max-width: 640px) 100vw, 640px\" \/><\/p>\n","protected":false},"excerpt":{"rendered":"<p>Po latach debat na temat pozytywnych lub negatywnych skutk\u00f3w picia kawy wydaje si\u0119, \u017ce dietetycy osi\u0105gn\u0119li konsensus. Kawa pita z [&hellip;]<\/p>\n","protected":false},"author":153,"featured_media":12262,"comment_status":"open","ping_status":"open","sticky":false,"template":"","format":"standard","meta":{"footnotes":""},"categories":[4],"tags":[],"global-categories":[303],"class_list":["post-12261","post","type-post","status-publish","format-standard","has-post-thumbnail","hentry","category-zdrowie-i-trening","global-categories-cycling"],"yoast_head":"<!-- This site is optimized with the Yoast SEO Premium plugin v25.3 (Yoast SEO v25.9) - https:\/\/yoast.com\/wordpress\/plugins\/seo\/ -->\n<title>Kawa i jazda na rowerze, czyli idealne po\u0142\u0105czenie? - \u0160koda We Love Cycling - Poland<\/title>\n<meta name=\"robots\" content=\"index, follow, max-snippet:-1, max-image-preview:large, max-video-preview:-1\" \/>\n<link rel=\"canonical\" href=\"https:\/\/www.welovecycling.com\/pl\/2021\/10\/22\/kawa-i-jazda-na-rowerze-czyli-idealne-polaczenie\/\" \/>\n<meta property=\"og:locale\" content=\"pl_PL\" \/>\n<meta property=\"og:type\" content=\"article\" \/>\n<meta property=\"og:title\" content=\"Kawa i jazda na rowerze, czyli idealne po\u0142\u0105czenie?\" \/>\n<meta property=\"og:description\" content=\"Po latach debat na temat pozytywnych lub negatywnych skutk\u00f3w picia kawy wydaje si\u0119, \u017ce dietetycy osi\u0105gn\u0119li konsensus. Kawa pita z [&hellip;]\" \/>\n<meta property=\"og:url\" content=\"https:\/\/www.welovecycling.com\/pl\/2021\/10\/22\/kawa-i-jazda-na-rowerze-czyli-idealne-polaczenie\/\" \/>\n<meta property=\"og:site_name\" content=\"\u0160koda We Love Cycling - Poland\" \/>\n<meta property=\"article:published_time\" content=\"2021-10-22T22:00:24+00:00\" \/>\n<meta property=\"article:modified_time\" content=\"2021-10-26T13:02:13+00:00\" \/>\n<meta property=\"og:image\" content=\"https:\/\/d2p6e6u75xmxt8.cloudfront.net\/5\/2021\/10\/Coffee-beans-pexels-igor-haritanovich-1695052-CVR-1024x450-1.jpg\" \/>\n\t<meta property=\"og:image:width\" content=\"1024\" \/>\n\t<meta property=\"og:image:height\" content=\"450\" \/>\n\t<meta property=\"og:image:type\" content=\"image\/jpeg\" \/>\n<meta name=\"author\" content=\"rafal\" \/>\n<meta name=\"twitter:card\" content=\"summary_large_image\" \/>\n<meta name=\"twitter:label1\" content=\"Written by\" \/>\n\t<meta name=\"twitter:data1\" content=\"Siegfried Mortkowitz\" \/>\n\t<meta name=\"twitter:label2\" content=\"Est. reading time\" \/>\n\t<meta name=\"twitter:data2\" content=\"3 minutes\" \/>\n<script type=\"application\/ld+json\" class=\"yoast-schema-graph\">{\"@context\":\"https:\/\/schema.org\",\"@graph\":[{\"@type\":\"WebPage\",\"@id\":\"https:\/\/www.welovecycling.com\/pl\/2021\/10\/22\/kawa-i-jazda-na-rowerze-czyli-idealne-polaczenie\/\",\"url\":\"https:\/\/www.welovecycling.com\/pl\/2021\/10\/22\/kawa-i-jazda-na-rowerze-czyli-idealne-polaczenie\/\",\"name\":\"Kawa i jazda na rowerze, czyli idealne po\u0142\u0105czenie? - \u0160koda We Love Cycling - Poland\",\"isPartOf\":{\"@id\":\"https:\/\/www.welovecycling.com\/pl\/#website\"},\"primaryImageOfPage\":{\"@id\":\"https:\/\/www.welovecycling.com\/pl\/2021\/10\/22\/kawa-i-jazda-na-rowerze-czyli-idealne-polaczenie\/#primaryimage\"},\"image\":{\"@id\":\"https:\/\/www.welovecycling.com\/pl\/2021\/10\/22\/kawa-i-jazda-na-rowerze-czyli-idealne-polaczenie\/#primaryimage\"},\"thumbnailUrl\":\"https:\/\/d2p6e6u75xmxt8.cloudfront.net\/5\/2021\/10\/Coffee-beans-pexels-igor-haritanovich-1695052-CVR-1024x450-1.jpg\",\"datePublished\":\"2021-10-22T22:00:24+00:00\",\"dateModified\":\"2021-10-26T13:02:13+00:00\",\"author\":{\"@id\":\"https:\/\/www.welovecycling.com\/pl\/#\/schema\/person\/bf06ed916a1ef16618807fb60d2ebe42\"},\"breadcrumb\":{\"@id\":\"https:\/\/www.welovecycling.com\/pl\/2021\/10\/22\/kawa-i-jazda-na-rowerze-czyli-idealne-polaczenie\/#breadcrumb\"},\"inLanguage\":\"pl-PL\",\"potentialAction\":[{\"@type\":\"ReadAction\",\"target\":[\"https:\/\/www.welovecycling.com\/pl\/2021\/10\/22\/kawa-i-jazda-na-rowerze-czyli-idealne-polaczenie\/\"]}]},{\"@type\":\"ImageObject\",\"inLanguage\":\"pl-PL\",\"@id\":\"https:\/\/www.welovecycling.com\/pl\/2021\/10\/22\/kawa-i-jazda-na-rowerze-czyli-idealne-polaczenie\/#primaryimage\",\"url\":\"https:\/\/d2p6e6u75xmxt8.cloudfront.net\/5\/2021\/10\/Coffee-beans-pexels-igor-haritanovich-1695052-CVR-1024x450-1.jpg\",\"contentUrl\":\"https:\/\/d2p6e6u75xmxt8.cloudfront.net\/5\/2021\/10\/Coffee-beans-pexels-igor-haritanovich-1695052-CVR-1024x450-1.jpg\",\"width\":1024,\"height\":450},{\"@type\":\"BreadcrumbList\",\"@id\":\"https:\/\/www.welovecycling.com\/pl\/2021\/10\/22\/kawa-i-jazda-na-rowerze-czyli-idealne-polaczenie\/#breadcrumb\",\"itemListElement\":[{\"@type\":\"ListItem\",\"position\":1,\"name\":\"Home\",\"item\":\"https:\/\/www.welovecycling.com\/pl\/\"},{\"@type\":\"ListItem\",\"position\":2,\"name\":\"Kawa i jazda na rowerze, czyli idealne po\u0142\u0105czenie?\"}]},{\"@type\":\"WebSite\",\"@id\":\"https:\/\/www.welovecycling.com\/pl\/#website\",\"url\":\"https:\/\/www.welovecycling.com\/pl\/\",\"name\":\"\u0160koda We Love Cycling - Poland\",\"description\":\"\",\"potentialAction\":[{\"@type\":\"SearchAction\",\"target\":{\"@type\":\"EntryPoint\",\"urlTemplate\":\"https:\/\/www.welovecycling.com\/pl\/?s={search_term_string}\"},\"query-input\":{\"@type\":\"PropertyValueSpecification\",\"valueRequired\":true,\"valueName\":\"search_term_string\"}}],\"inLanguage\":\"pl-PL\"},{\"@type\":\"Person\",\"@id\":\"https:\/\/www.welovecycling.com\/pl\/#\/schema\/person\/bf06ed916a1ef16618807fb60d2ebe42\",\"name\":\"rafal\",\"image\":{\"@type\":\"ImageObject\",\"inLanguage\":\"pl-PL\",\"@id\":\"https:\/\/www.welovecycling.com\/pl\/#\/schema\/person\/image\/\",\"url\":\"https:\/\/secure.gravatar.com\/avatar\/203f240e63bee214f6f3a0dacbeb600c7829c09716c2b9ee3230c6961debcde2?s=96&d=mm&r=g\",\"contentUrl\":\"https:\/\/secure.gravatar.com\/avatar\/203f240e63bee214f6f3a0dacbeb600c7829c09716c2b9ee3230c6961debcde2?s=96&d=mm&r=g\",\"caption\":\"rafal\"},\"url\":\"https:\/\/www.welovecycling.com\/pl\/author\/rafal\/\"}]}<\/script>\n<!-- \/ Yoast SEO Premium plugin. -->","yoast_head_json":{"title":"Kawa i jazda na rowerze, czyli idealne po\u0142\u0105czenie? - \u0160koda We Love Cycling - Poland","robots":{"index":"index","follow":"follow","max-snippet":"max-snippet:-1","max-image-preview":"max-image-preview:large","max-video-preview":"max-video-preview:-1"},"canonical":"https:\/\/www.welovecycling.com\/pl\/2021\/10\/22\/kawa-i-jazda-na-rowerze-czyli-idealne-polaczenie\/","og_locale":"pl_PL","og_type":"article","og_title":"Kawa i jazda na rowerze, czyli idealne po\u0142\u0105czenie?","og_description":"Po latach debat na temat pozytywnych lub negatywnych skutk\u00f3w picia kawy wydaje si\u0119, \u017ce dietetycy osi\u0105gn\u0119li konsensus. Kawa pita z [&hellip;]","og_url":"https:\/\/www.welovecycling.com\/pl\/2021\/10\/22\/kawa-i-jazda-na-rowerze-czyli-idealne-polaczenie\/","og_site_name":"\u0160koda We Love Cycling - Poland","article_published_time":"2021-10-22T22:00:24+00:00","article_modified_time":"2021-10-26T13:02:13+00:00","og_image":[{"width":1024,"height":450,"url":"https:\/\/d2p6e6u75xmxt8.cloudfront.net\/5\/2021\/10\/Coffee-beans-pexels-igor-haritanovich-1695052-CVR-1024x450-1.jpg","type":"image\/jpeg"}],"author":"rafal","twitter_card":"summary_large_image","twitter_misc":{"Written by":"Siegfried Mortkowitz","Est. reading time":"3 minutes"},"schema":{"@context":"https:\/\/schema.org","@graph":[{"@type":"WebPage","@id":"https:\/\/www.welovecycling.com\/pl\/2021\/10\/22\/kawa-i-jazda-na-rowerze-czyli-idealne-polaczenie\/","url":"https:\/\/www.welovecycling.com\/pl\/2021\/10\/22\/kawa-i-jazda-na-rowerze-czyli-idealne-polaczenie\/","name":"Kawa i jazda na rowerze, czyli idealne po\u0142\u0105czenie? - \u0160koda We Love Cycling - Poland","isPartOf":{"@id":"https:\/\/www.welovecycling.com\/pl\/#website"},"primaryImageOfPage":{"@id":"https:\/\/www.welovecycling.com\/pl\/2021\/10\/22\/kawa-i-jazda-na-rowerze-czyli-idealne-polaczenie\/#primaryimage"},"image":{"@id":"https:\/\/www.welovecycling.com\/pl\/2021\/10\/22\/kawa-i-jazda-na-rowerze-czyli-idealne-polaczenie\/#primaryimage"},"thumbnailUrl":"https:\/\/d2p6e6u75xmxt8.cloudfront.net\/5\/2021\/10\/Coffee-beans-pexels-igor-haritanovich-1695052-CVR-1024x450-1.jpg","datePublished":"2021-10-22T22:00:24+00:00","dateModified":"2021-10-26T13:02:13+00:00","author":{"@id":"https:\/\/www.welovecycling.com\/pl\/#\/schema\/person\/bf06ed916a1ef16618807fb60d2ebe42"},"breadcrumb":{"@id":"https:\/\/www.welovecycling.com\/pl\/2021\/10\/22\/kawa-i-jazda-na-rowerze-czyli-idealne-polaczenie\/#breadcrumb"},"inLanguage":"pl-PL","potentialAction":[{"@type":"ReadAction","target":["https:\/\/www.welovecycling.com\/pl\/2021\/10\/22\/kawa-i-jazda-na-rowerze-czyli-idealne-polaczenie\/"]}]},{"@type":"ImageObject","inLanguage":"pl-PL","@id":"https:\/\/www.welovecycling.com\/pl\/2021\/10\/22\/kawa-i-jazda-na-rowerze-czyli-idealne-polaczenie\/#primaryimage","url":"https:\/\/d2p6e6u75xmxt8.cloudfront.net\/5\/2021\/10\/Coffee-beans-pexels-igor-haritanovich-1695052-CVR-1024x450-1.jpg","contentUrl":"https:\/\/d2p6e6u75xmxt8.cloudfront.net\/5\/2021\/10\/Coffee-beans-pexels-igor-haritanovich-1695052-CVR-1024x450-1.jpg","width":1024,"height":450},{"@type":"BreadcrumbList","@id":"https:\/\/www.welovecycling.com\/pl\/2021\/10\/22\/kawa-i-jazda-na-rowerze-czyli-idealne-polaczenie\/#breadcrumb","itemListElement":[{"@type":"ListItem","position":1,"name":"Home","item":"https:\/\/www.welovecycling.com\/pl\/"},{"@type":"ListItem","position":2,"name":"Kawa i jazda na rowerze, czyli idealne po\u0142\u0105czenie?"}]},{"@type":"WebSite","@id":"https:\/\/www.welovecycling.com\/pl\/#website","url":"https:\/\/www.welovecycling.com\/pl\/","name":"\u0160koda We Love Cycling - Poland","description":"","potentialAction":[{"@type":"SearchAction","target":{"@type":"EntryPoint","urlTemplate":"https:\/\/www.welovecycling.com\/pl\/?s={search_term_string}"},"query-input":{"@type":"PropertyValueSpecification","valueRequired":true,"valueName":"search_term_string"}}],"inLanguage":"pl-PL"},{"@type":"Person","@id":"https:\/\/www.welovecycling.com\/pl\/#\/schema\/person\/bf06ed916a1ef16618807fb60d2ebe42","name":"rafal","image":{"@type":"ImageObject","inLanguage":"pl-PL","@id":"https:\/\/www.welovecycling.com\/pl\/#\/schema\/person\/image\/","url":"https:\/\/secure.gravatar.com\/avatar\/203f240e63bee214f6f3a0dacbeb600c7829c09716c2b9ee3230c6961debcde2?s=96&d=mm&r=g","contentUrl":"https:\/\/secure.gravatar.com\/avatar\/203f240e63bee214f6f3a0dacbeb600c7829c09716c2b9ee3230c6961debcde2?s=96&d=mm&r=g","caption":"rafal"},"url":"https:\/\/www.welovecycling.com\/pl\/author\/rafal\/"}]}},"_links":{"self":[{"href":"https:\/\/www.welovecycling.com\/pl\/wp-json\/wp\/v2\/posts\/12261","targetHints":{"allow":["GET"]}}],"collection":[{"href":"https:\/\/www.welovecycling.com\/pl\/wp-json\/wp\/v2\/posts"}],"about":[{"href":"https:\/\/www.welovecycling.com\/pl\/wp-json\/wp\/v2\/types\/post"}],"author":[{"embeddable":true,"href":"https:\/\/www.welovecycling.com\/pl\/wp-json\/wp\/v2\/users\/153"}],"replies":[{"embeddable":true,"href":"https:\/\/www.welovecycling.com\/pl\/wp-json\/wp\/v2\/comments?post=12261"}],"version-history":[{"count":1,"href":"https:\/\/www.welovecycling.com\/pl\/wp-json\/wp\/v2\/posts\/12261\/revisions"}],"predecessor-version":[{"id":12264,"href":"https:\/\/www.welovecycling.com\/pl\/wp-json\/wp\/v2\/posts\/12261\/revisions\/12264"}],"wp:featuredmedia":[{"embeddable":true,"href":"https:\/\/www.welovecycling.com\/pl\/wp-json\/wp\/v2\/media\/12262"}],"wp:attachment":[{"href":"https:\/\/www.welovecycling.com\/pl\/wp-json\/wp\/v2\/media?parent=12261"}],"wp:term":[{"taxonomy":"category","embeddable":true,"href":"https:\/\/www.welovecycling.com\/pl\/wp-json\/wp\/v2\/categories?post=12261"},{"taxonomy":"post_tag","embeddable":true,"href":"https:\/\/www.welovecycling.com\/pl\/wp-json\/wp\/v2\/tags?post=12261"},{"taxonomy":"global-categories","embeddable":true,"href":"https:\/\/www.welovecycling.com\/pl\/wp-json\/wp\/v2\/global-categories?post=12261"}],"curies":[{"name":"wp","href":"https:\/\/api.w.org\/{rel}","templated":true}]}}