{"id":12241,"date":"2021-10-18T12:18:17","date_gmt":"2021-10-18T12:18:17","guid":{"rendered":"https:\/\/www.welovecycling.com\/pl\/?p=12241"},"modified":"2023-07-19T07:40:39","modified_gmt":"2023-07-19T07:40:39","slug":"dobrze-ze-mnie-tam-nie-bedzie-oto-pierwsze-komentarze-po-prezentacji-trasy-tour-de-france-2022","status":"publish","type":"post","link":"https:\/\/www.welovecycling.com\/pl\/2021\/10\/18\/dobrze-ze-mnie-tam-nie-bedzie-oto-pierwsze-komentarze-po-prezentacji-trasy-tour-de-france-2022\/","title":{"rendered":"\u201eDobrze, \u017ce mnie tam nie b\u0119dzie\u201d. Oto pierwsze komentarze po prezentacji trasy Tour de France 2022"},"content":{"rendered":"<p><strong>Przekl\u0119te bruki, mordercze g\u00f3ry, niewiele szans dla sprinter\u00f3w \u2013 na trasie Tour de France 2022 na zawodnik\u00f3w czeka wiele niespodzianek, co zapowiada\u2026 wielkie emocje dla kibic\u00f3w! \u201eTen wy\u015bcig b\u0119dzie mo\u017cna szybko przegra\u0107, ale trasa mi si\u0119 podoba\u201d \u2013 przyznaje Tadej Poga\u010dar (UAE Team Emirates), ostatni zwyci\u0119zca Wielkiej P\u0119tli.<\/strong><\/p>\n<p>Co roku z tras\u0105 Wielkiej P\u0119tli jest jak z prognoz\u0105 pogody: jednym za zimno, innym za ciep\u0142o, jeszcze inni chcieliby deszcz lub przeciwnie \u2013 przeklinaj\u0105, \u017ce zbli\u017caj\u0105 si\u0119 opady. Dogodzi\u0107 ka\u017cdemu si\u0119 nie da, ale na og\u00f3\u0142 oznacza to emocje dla kibic\u00f3w.<\/p>\n<h2><strong>Wszyscy m\u00f3wi\u0105 o brukach<\/strong><\/h2>\n<p>W kolarstwie nie ma nic gorszego ni\u017c przewidywalny wy\u015bcig, ale tego o Tour de France powiedzie\u0107 nie mo\u017cna. Z jednej strony ka\u017cdy znajdzie tu co\u015b dla siebie, ale z drugiej \u2013 trzeba uwa\u017ca\u0107 niemal na ka\u017cdym kilometrze, by nie pope\u0142ni\u0107 b\u0142\u0119du, kt\u00f3ry momentalnie zako\u0144czy udzia\u0142 w najbardziej wyczekiwanej imprezie roku.<\/p>\n<p>A przypomnijmy, \u017ce rywalizacja na Tour de France 2022 b\u0119dzie przebiega\u0142a tak:<\/p>\n<div class=\"embed-controller-wrapper\">\n<blockquote class=\"twitter-tweet\" data-width=\"500\" data-dnt=\"true\">\n<p lang=\"fr\" dir=\"ltr\">The  <a href=\"https:\/\/twitter.com\/hashtag\/TDF2022?src=hash&amp;ref_src=twsrc%5Etfw\">#TDF2022<\/a>: <br \/>\ud83d\udea9 3,328 km<br \/>\u26f0 29 2nd, 1st or HC cols<br \/>6 Mountain stages<br \/>5 altitude finishes<\/p>\n<p>Le <a href=\"https:\/\/twitter.com\/hashtag\/TDF2022?src=hash&amp;ref_src=twsrc%5Etfw\">#TDF2022<\/a> en r\u00e9sum\u00e9 : <br \/>\ud83d\udea9 3 328 km<br \/>\u26f0 23 cols de 2\u00e8me, 1\u00e8re ou Hors Cat\u00e9gorie<br \/>6 \u00e9tapes de montagne<br \/>5 arriv\u00e9es en altitude <a href=\"https:\/\/t.co\/mhpWjnrynb\">pic.twitter.com\/mhpWjnrynb<\/a><\/p>\n<p>&mdash; Tour de France\u2122 (@LeTour) <a href=\"https:\/\/twitter.com\/LeTour\/status\/1448605057252052995?ref_src=twsrc%5Etfw\">October 14, 2021<\/a><\/p><\/blockquote>\n<p><script async data-src=\"https:\/\/platform.twitter.com\/widgets.js\" charset=\"utf-8\"><\/script><\/div>\n<p>\u201ePodoba mi si\u0119 ta trasa, a szczeg\u00f3lnie zainteresowany b\u0119d\u0119 pierwszym tygodniem \u015bcigania. Tak\u017ce powr\u00f3t bruk\u00f3w jest interesuj\u0105cy\u201d \u2013 analizuje Julian Alaphilippe (Deceuninck-Quick Step).<\/p>\n<p>Tadej Poga\u010dar natomiast zauwa\u017ca: \u201eTrasa jest zr\u00f3\u017cnicowana, a na brukach b\u0119dzie trzeba mie\u0107 troch\u0119 szcz\u0119\u015bcia\u201d.<\/p>\n<p>Nie wszystkim podobaj\u0105 si\u0119 jednak fragmenty trasy znane z wy\u015bcigu Pary\u017c\u2013Roubaix. Niekt\u00f3rzy uwa\u017caj\u0105, \u017ce bruki s\u0105 zbyt niebezpieczne, inni, \u017ce potrafi\u0105 w niesprawiedliwy spos\u00f3b odrze\u0107 zawodnik\u00f3w z marze\u0144 o dobrym wyniku. Zabawnie ca\u0142e to zamieszanie skwitowa\u0142a za to ekipa Ineos Grenadiers:<\/p>\n<p>\u201eBruki wracaj\u0105 na Tour de France 2022. Jak skomentuje to Micha\u0142 Kwiatkowski?\u201d \u2013 napisa\u0142a brytyjska ekipa i umie\u015bci\u0142a poni\u017csze zdj\u0119cie polskiego zawodnika:<\/p>\n<div class=\"embed-controller-wrapper\">\n<blockquote class=\"twitter-tweet\" data-width=\"500\" data-dnt=\"true\">\n<p lang=\"en\" dir=\"ltr\">The cobbles are returning to <a href=\"https:\/\/twitter.com\/hashtag\/TDF2022?src=hash&amp;ref_src=twsrc%5Etfw\">#TDF2022<\/a>\u2026<\/p>\n<p>How does that sound <a href=\"https:\/\/twitter.com\/kwiato?ref_src=twsrc%5Etfw\">@kwiato<\/a>? <a href=\"https:\/\/t.co\/P8lkTH1NnI\">pic.twitter.com\/P8lkTH1NnI<\/a><\/p>\n<p>&mdash; INEOS Grenadiers (@INEOSGrenadiers) <a href=\"https:\/\/twitter.com\/INEOSGrenadiers\/status\/1448631842882703362?ref_src=twsrc%5Etfw\">October 14, 2021<\/a><\/p><\/blockquote>\n<p><script async data-src=\"https:\/\/platform.twitter.com\/widgets.js\" charset=\"utf-8\"><\/script><\/div>\n<h2><strong>Wy\u015bcig w wygodnym fotelu<\/strong><\/h2>\n<p>Zdarzaj\u0105 si\u0119 narzekania na bruki, ale \u0142atwo nie b\u0119d\u0105 mieli r\u00f3wnie\u017c zawodnicy, kt\u00f3rzy nie s\u0105 fanami g\u00f3rskich wspinaczek. Podczas Tour de France 2022 zaplanowano sze\u015b\u0107 etap\u00f3w g\u00f3rskich i trzeba przyzna\u0107, \u017ce analizuj\u0105c niekt\u00f3re podjazdy, mo\u017cna poczu\u0107 pieczenie w nogach.<\/p>\n<p>\u201eTo dziwne uczucie patrze\u0107 na poszczeg\u00f3lne etapy, wiedz\u0105c, \u017ce ju\u017c mnie tam nie b\u0119dzie\u2026 Cho\u0107 przyznaj\u0119, \u017ce r\u00f3wnie\u017c ciesz\u0119 si\u0119, \u017ce nie b\u0119dzie mnie tam podczas g\u00f3rskich odcink\u00f3w\u201d \u2013 napisa\u0142 z przymru\u017ceniem oka Andre Greipel, kt\u00f3ry w tym roku ko\u0144czy karier\u0119, wi\u0119c Tour de France 2022 b\u0119dzie m\u00f3g\u0142 ju\u017c ogl\u0105da\u0107 z wygodnego fotela.<\/p>\n<p>\u201eJest du\u017co g\u00f3r, a prawdopodobnie te etapy zainteresuj\u0105 mnie troch\u0119 bardziej. Trasa jest wymagaj\u0105ca pod ka\u017cdym wzgl\u0119dem, ju\u017c nie mog\u0119 doczeka\u0107 si\u0119 startu\u201d \u2013 podkre\u015bla z kolei Martin Guillaume, zawodnik Cofidisu.<\/p>\n<div class=\"embed-controller-wrapper\">\n<blockquote class=\"twitter-tweet\" data-width=\"500\" data-dnt=\"true\">\n<p lang=\"fr\" dir=\"ltr\">Durant <a href=\"https:\/\/twitter.com\/LeTour?ref_src=twsrc%5Etfw\">@LeTour<\/a> 2022, il y en aura pour tous les go\u00fbts. Qui a d\u00e9j\u00e0 h\u00e2te d&#39;y \u00eatre? \u261d<\/p>\n<p>Presentation of next year Tour. Demanding route on every field. Already looking forward! \ud83d\ude0f<a href=\"https:\/\/twitter.com\/TeamCOFIDIS?ref_src=twsrc%5Etfw\">@TeamCOFIDIS<\/a> <a href=\"https:\/\/t.co\/xQBrI05Ddp\">pic.twitter.com\/xQBrI05Ddp<\/a><\/p>\n<p>&mdash; Guillaume Martin (@GuilmMartin) <a href=\"https:\/\/twitter.com\/GuilmMartin\/status\/1448670984089784329?ref_src=twsrc%5Etfw\">October 14, 2021<\/a><\/p><\/blockquote>\n<p><script async data-src=\"https:\/\/platform.twitter.com\/widgets.js\" charset=\"utf-8\"><\/script><\/div>\n<p><strong>Czas przej\u015b\u0107 do historii?<\/strong><\/p>\n<p>Dla jednych zmor\u0105 s\u0105 bruki, innym sen z powiek sp\u0119dzaj\u0105 g\u00f3ry, ale jest jeden zawodnik, kt\u00f3ry szczeg\u00f3lnie ostrzy sobie z\u0119by na etapy sprinterskie. To Mark Cavendish, kt\u00f3ry w 2022 roku b\u0119dzie chcia\u0142 przej\u015b\u0107 do historii Tour de France. A stanie si\u0119 tak, je\u015bli wygra jeszcze jeden etap. W\u00f3wczas b\u0119dzie mia\u0142 na koncie 35 zwyci\u0119stw w Wielkiej P\u0119tli, wyprzedzi pod tym wzgl\u0119dem legendarnego Eddy\u2019ego Merckxa i tym samym zostanie samodzielnym liderem klasyfikacji wygranych etap\u00f3w w historii Wielkiej P\u0119tli.<\/p>\n<p>\u201eWy\u015bcig zapowiada si\u0119 bardzo wymagaj\u0105co, a pierwsze dni mog\u0105 by\u0107 naprawd\u0119 szalone. Sprinterzy nie b\u0119d\u0105 mieli tak wielu szans jak w poprzednich latach, dlatego trzeba jak najlepiej wykorzystywa\u0107 ka\u017cd\u0105 okazj\u0119\u201d \u2013 podkre\u015bla w rozmowie z CyclingNews Cavendish, kt\u00f3ry do ko\u0144ca roku jest zawodnikiem Deceuninck-Quick Step, ale nie wiadomo, czy przed\u0142u\u017cy umow\u0119.<\/p>\n<p>Przypomnijmy, \u017ce Tour de France 2022 odb\u0119dzie si\u0119 w dniach 1\u201324 lipca, a Tour de France kobiet w dniach 24\u201331 lipca. Wi\u0119cej o przysz\u0142orocznej Wielkiej P\u0119tli pisali\u015bmy <a href=\"https:\/\/www.welovecycling.com\/pl\/2021\/10\/15\/karty-odkryte-oto-asy-w-talii-tour-de-france-2022\/\">TUTAJ<\/a>.<\/p>\n<p><span data-sheets-value=\"{&quot;1&quot;:2,&quot;2&quot;:&quot;Artyku\u0142 powsta\u0142 we wsp\u00f3\u0142pracy ze skoda-auto.pl&quot;}\" data-sheets-userformat=\"{&quot;2&quot;:1,&quot;3&quot;:{&quot;1&quot;:0}}\" data-sheets-hyperlink=\"http:\/\/www.skoda-auto.pl\/\"><a class=\"in-cell-link\" href=\"http:\/\/www.skoda-auto.pl\/\" target=\"_blank\" rel=\"noopener noreferrer\">Artyku\u0142 powsta\u0142 we wsp\u00f3\u0142pracy ze skoda-auto.pl<\/a><\/span><\/p>\n<p><img loading=\"lazy\" decoding=\"async\" class=\"alignnone size-full wp-image-11628 aligncenter\" src=\"https:\/\/d2p6e6u75xmxt8.cloudfront.net\/5\/2021\/12\/640x350-2-1.jpg\" alt=\"\" width=\"640\" height=\"350\" srcset=\"https:\/\/d2p6e6u75xmxt8.cloudfront.net\/5\/2021\/12\/640x350-2-1.jpg 640w, https:\/\/d2p6e6u75xmxt8.cloudfront.net\/5\/2021\/12\/640x350-2-1-300x164.jpg 300w\" sizes=\"auto, (max-width: 640px) 100vw, 640px\" \/><\/p>\n","protected":false},"excerpt":{"rendered":"<p>Przekl\u0119te bruki, mordercze g\u00f3ry, niewiele szans dla sprinter\u00f3w \u2013 na trasie Tour de France 2022 na zawodnik\u00f3w czeka wiele niespodzianek, [&hellip;]<\/p>\n","protected":false},"author":153,"featured_media":12245,"comment_status":"open","ping_status":"open","sticky":false,"template":"","format":"standard","meta":{"footnotes":""},"categories":[337],"tags":[176,362,77,366,181,146],"global-categories":[303],"class_list":["post-12241","post","type-post","status-publish","format-standard","has-post-thumbnail","hentry","category-tour-de-france","tag-kolarstwo","tag-piotr-nowik","tag-tour-de-france","tag-tour-de-france-2022","tag-trasa-tour-de-france","tag-wyscig","global-categories-cycling"],"yoast_head":"<!-- This site is optimized with the Yoast SEO Premium plugin v25.3 (Yoast SEO v25.9) - https:\/\/yoast.com\/wordpress\/plugins\/seo\/ -->\n<title>\u201eDobrze, \u017ce mnie tam nie b\u0119dzie\u201d. Oto pierwsze komentarze po prezentacji trasy Tour de France 2022 - \u0160koda We Love Cycling - Poland<\/title>\n<meta name=\"robots\" content=\"index, follow, max-snippet:-1, max-image-preview:large, max-video-preview:-1\" \/>\n<link rel=\"canonical\" href=\"https:\/\/www.welovecycling.com\/pl\/2021\/10\/18\/dobrze-ze-mnie-tam-nie-bedzie-oto-pierwsze-komentarze-po-prezentacji-trasy-tour-de-france-2022\/\" \/>\n<meta property=\"og:locale\" content=\"pl_PL\" \/>\n<meta property=\"og:type\" content=\"article\" \/>\n<meta property=\"og:title\" content=\"\u201eDobrze, \u017ce mnie tam nie b\u0119dzie\u201d. Oto pierwsze komentarze po prezentacji trasy Tour de France 2022\" \/>\n<meta property=\"og:description\" content=\"Przekl\u0119te bruki, mordercze g\u00f3ry, niewiele szans dla sprinter\u00f3w \u2013 na trasie Tour de France 2022 na zawodnik\u00f3w czeka wiele niespodzianek, [&hellip;]\" \/>\n<meta property=\"og:url\" content=\"https:\/\/www.welovecycling.com\/pl\/2021\/10\/18\/dobrze-ze-mnie-tam-nie-bedzie-oto-pierwsze-komentarze-po-prezentacji-trasy-tour-de-france-2022\/\" \/>\n<meta property=\"og:site_name\" content=\"\u0160koda We Love Cycling - Poland\" \/>\n<meta property=\"article:published_time\" content=\"2021-10-18T12:18:17+00:00\" \/>\n<meta property=\"article:modified_time\" content=\"2023-07-19T07:40:39+00:00\" \/>\n<meta property=\"og:image\" content=\"https:\/\/d2p6e6u75xmxt8.cloudfront.net\/5\/2021\/10\/2022-Tour-de-France-profimedia-0637996984-CVR-1024x450-1.jpg\" \/>\n\t<meta property=\"og:image:width\" content=\"1024\" \/>\n\t<meta property=\"og:image:height\" content=\"450\" \/>\n\t<meta property=\"og:image:type\" content=\"image\/jpeg\" \/>\n<meta name=\"author\" content=\"rafal\" \/>\n<meta name=\"twitter:card\" content=\"summary_large_image\" \/>\n<meta name=\"twitter:label1\" content=\"Written by\" \/>\n\t<meta name=\"twitter:data1\" content=\"Piotr Nowik\" \/>\n\t<meta name=\"twitter:label2\" content=\"Est. reading time\" \/>\n\t<meta name=\"twitter:data2\" content=\"3 minutes\" \/>\n<script type=\"application\/ld+json\" class=\"yoast-schema-graph\">{\"@context\":\"https:\/\/schema.org\",\"@graph\":[{\"@type\":\"WebPage\",\"@id\":\"https:\/\/www.welovecycling.com\/pl\/2021\/10\/18\/dobrze-ze-mnie-tam-nie-bedzie-oto-pierwsze-komentarze-po-prezentacji-trasy-tour-de-france-2022\/\",\"url\":\"https:\/\/www.welovecycling.com\/pl\/2021\/10\/18\/dobrze-ze-mnie-tam-nie-bedzie-oto-pierwsze-komentarze-po-prezentacji-trasy-tour-de-france-2022\/\",\"name\":\"\u201eDobrze, \u017ce mnie tam nie b\u0119dzie\u201d. Oto pierwsze komentarze po prezentacji trasy Tour de France 2022 - \u0160koda We Love Cycling - Poland\",\"isPartOf\":{\"@id\":\"https:\/\/www.welovecycling.com\/pl\/#website\"},\"primaryImageOfPage\":{\"@id\":\"https:\/\/www.welovecycling.com\/pl\/2021\/10\/18\/dobrze-ze-mnie-tam-nie-bedzie-oto-pierwsze-komentarze-po-prezentacji-trasy-tour-de-france-2022\/#primaryimage\"},\"image\":{\"@id\":\"https:\/\/www.welovecycling.com\/pl\/2021\/10\/18\/dobrze-ze-mnie-tam-nie-bedzie-oto-pierwsze-komentarze-po-prezentacji-trasy-tour-de-france-2022\/#primaryimage\"},\"thumbnailUrl\":\"https:\/\/d2p6e6u75xmxt8.cloudfront.net\/5\/2021\/10\/2022-Tour-de-France-profimedia-0637996984-CVR-1024x450-1.jpg\",\"datePublished\":\"2021-10-18T12:18:17+00:00\",\"dateModified\":\"2023-07-19T07:40:39+00:00\",\"author\":{\"@id\":\"https:\/\/www.welovecycling.com\/pl\/#\/schema\/person\/bf06ed916a1ef16618807fb60d2ebe42\"},\"breadcrumb\":{\"@id\":\"https:\/\/www.welovecycling.com\/pl\/2021\/10\/18\/dobrze-ze-mnie-tam-nie-bedzie-oto-pierwsze-komentarze-po-prezentacji-trasy-tour-de-france-2022\/#breadcrumb\"},\"inLanguage\":\"pl-PL\",\"potentialAction\":[{\"@type\":\"ReadAction\",\"target\":[\"https:\/\/www.welovecycling.com\/pl\/2021\/10\/18\/dobrze-ze-mnie-tam-nie-bedzie-oto-pierwsze-komentarze-po-prezentacji-trasy-tour-de-france-2022\/\"]}]},{\"@type\":\"ImageObject\",\"inLanguage\":\"pl-PL\",\"@id\":\"https:\/\/www.welovecycling.com\/pl\/2021\/10\/18\/dobrze-ze-mnie-tam-nie-bedzie-oto-pierwsze-komentarze-po-prezentacji-trasy-tour-de-france-2022\/#primaryimage\",\"url\":\"https:\/\/d2p6e6u75xmxt8.cloudfront.net\/5\/2021\/10\/2022-Tour-de-France-profimedia-0637996984-CVR-1024x450-1.jpg\",\"contentUrl\":\"https:\/\/d2p6e6u75xmxt8.cloudfront.net\/5\/2021\/10\/2022-Tour-de-France-profimedia-0637996984-CVR-1024x450-1.jpg\",\"width\":1024,\"height\":450},{\"@type\":\"BreadcrumbList\",\"@id\":\"https:\/\/www.welovecycling.com\/pl\/2021\/10\/18\/dobrze-ze-mnie-tam-nie-bedzie-oto-pierwsze-komentarze-po-prezentacji-trasy-tour-de-france-2022\/#breadcrumb\",\"itemListElement\":[{\"@type\":\"ListItem\",\"position\":1,\"name\":\"Home\",\"item\":\"https:\/\/www.welovecycling.com\/pl\/\"},{\"@type\":\"ListItem\",\"position\":2,\"name\":\"\u201eDobrze, \u017ce mnie tam nie b\u0119dzie\u201d. Oto pierwsze komentarze po prezentacji trasy Tour de France 2022\"}]},{\"@type\":\"WebSite\",\"@id\":\"https:\/\/www.welovecycling.com\/pl\/#website\",\"url\":\"https:\/\/www.welovecycling.com\/pl\/\",\"name\":\"\u0160koda We Love Cycling - Poland\",\"description\":\"\",\"potentialAction\":[{\"@type\":\"SearchAction\",\"target\":{\"@type\":\"EntryPoint\",\"urlTemplate\":\"https:\/\/www.welovecycling.com\/pl\/?s={search_term_string}\"},\"query-input\":{\"@type\":\"PropertyValueSpecification\",\"valueRequired\":true,\"valueName\":\"search_term_string\"}}],\"inLanguage\":\"pl-PL\"},{\"@type\":\"Person\",\"@id\":\"https:\/\/www.welovecycling.com\/pl\/#\/schema\/person\/bf06ed916a1ef16618807fb60d2ebe42\",\"name\":\"rafal\",\"image\":{\"@type\":\"ImageObject\",\"inLanguage\":\"pl-PL\",\"@id\":\"https:\/\/www.welovecycling.com\/pl\/#\/schema\/person\/image\/\",\"url\":\"https:\/\/secure.gravatar.com\/avatar\/203f240e63bee214f6f3a0dacbeb600c7829c09716c2b9ee3230c6961debcde2?s=96&d=mm&r=g\",\"contentUrl\":\"https:\/\/secure.gravatar.com\/avatar\/203f240e63bee214f6f3a0dacbeb600c7829c09716c2b9ee3230c6961debcde2?s=96&d=mm&r=g\",\"caption\":\"rafal\"},\"url\":\"https:\/\/www.welovecycling.com\/pl\/author\/rafal\/\"}]}<\/script>\n<!-- \/ Yoast SEO Premium plugin. -->","yoast_head_json":{"title":"\u201eDobrze, \u017ce mnie tam nie b\u0119dzie\u201d. Oto pierwsze komentarze po prezentacji trasy Tour de France 2022 - \u0160koda We Love Cycling - Poland","robots":{"index":"index","follow":"follow","max-snippet":"max-snippet:-1","max-image-preview":"max-image-preview:large","max-video-preview":"max-video-preview:-1"},"canonical":"https:\/\/www.welovecycling.com\/pl\/2021\/10\/18\/dobrze-ze-mnie-tam-nie-bedzie-oto-pierwsze-komentarze-po-prezentacji-trasy-tour-de-france-2022\/","og_locale":"pl_PL","og_type":"article","og_title":"\u201eDobrze, \u017ce mnie tam nie b\u0119dzie\u201d. Oto pierwsze komentarze po prezentacji trasy Tour de France 2022","og_description":"Przekl\u0119te bruki, mordercze g\u00f3ry, niewiele szans dla sprinter\u00f3w \u2013 na trasie Tour de France 2022 na zawodnik\u00f3w czeka wiele niespodzianek, [&hellip;]","og_url":"https:\/\/www.welovecycling.com\/pl\/2021\/10\/18\/dobrze-ze-mnie-tam-nie-bedzie-oto-pierwsze-komentarze-po-prezentacji-trasy-tour-de-france-2022\/","og_site_name":"\u0160koda We Love Cycling - Poland","article_published_time":"2021-10-18T12:18:17+00:00","article_modified_time":"2023-07-19T07:40:39+00:00","og_image":[{"width":1024,"height":450,"url":"https:\/\/d2p6e6u75xmxt8.cloudfront.net\/5\/2021\/10\/2022-Tour-de-France-profimedia-0637996984-CVR-1024x450-1.jpg","type":"image\/jpeg"}],"author":"rafal","twitter_card":"summary_large_image","twitter_misc":{"Written by":"Piotr Nowik","Est. reading time":"3 minutes"},"schema":{"@context":"https:\/\/schema.org","@graph":[{"@type":"WebPage","@id":"https:\/\/www.welovecycling.com\/pl\/2021\/10\/18\/dobrze-ze-mnie-tam-nie-bedzie-oto-pierwsze-komentarze-po-prezentacji-trasy-tour-de-france-2022\/","url":"https:\/\/www.welovecycling.com\/pl\/2021\/10\/18\/dobrze-ze-mnie-tam-nie-bedzie-oto-pierwsze-komentarze-po-prezentacji-trasy-tour-de-france-2022\/","name":"\u201eDobrze, \u017ce mnie tam nie b\u0119dzie\u201d. Oto pierwsze komentarze po prezentacji trasy Tour de France 2022 - \u0160koda We Love Cycling - Poland","isPartOf":{"@id":"https:\/\/www.welovecycling.com\/pl\/#website"},"primaryImageOfPage":{"@id":"https:\/\/www.welovecycling.com\/pl\/2021\/10\/18\/dobrze-ze-mnie-tam-nie-bedzie-oto-pierwsze-komentarze-po-prezentacji-trasy-tour-de-france-2022\/#primaryimage"},"image":{"@id":"https:\/\/www.welovecycling.com\/pl\/2021\/10\/18\/dobrze-ze-mnie-tam-nie-bedzie-oto-pierwsze-komentarze-po-prezentacji-trasy-tour-de-france-2022\/#primaryimage"},"thumbnailUrl":"https:\/\/d2p6e6u75xmxt8.cloudfront.net\/5\/2021\/10\/2022-Tour-de-France-profimedia-0637996984-CVR-1024x450-1.jpg","datePublished":"2021-10-18T12:18:17+00:00","dateModified":"2023-07-19T07:40:39+00:00","author":{"@id":"https:\/\/www.welovecycling.com\/pl\/#\/schema\/person\/bf06ed916a1ef16618807fb60d2ebe42"},"breadcrumb":{"@id":"https:\/\/www.welovecycling.com\/pl\/2021\/10\/18\/dobrze-ze-mnie-tam-nie-bedzie-oto-pierwsze-komentarze-po-prezentacji-trasy-tour-de-france-2022\/#breadcrumb"},"inLanguage":"pl-PL","potentialAction":[{"@type":"ReadAction","target":["https:\/\/www.welovecycling.com\/pl\/2021\/10\/18\/dobrze-ze-mnie-tam-nie-bedzie-oto-pierwsze-komentarze-po-prezentacji-trasy-tour-de-france-2022\/"]}]},{"@type":"ImageObject","inLanguage":"pl-PL","@id":"https:\/\/www.welovecycling.com\/pl\/2021\/10\/18\/dobrze-ze-mnie-tam-nie-bedzie-oto-pierwsze-komentarze-po-prezentacji-trasy-tour-de-france-2022\/#primaryimage","url":"https:\/\/d2p6e6u75xmxt8.cloudfront.net\/5\/2021\/10\/2022-Tour-de-France-profimedia-0637996984-CVR-1024x450-1.jpg","contentUrl":"https:\/\/d2p6e6u75xmxt8.cloudfront.net\/5\/2021\/10\/2022-Tour-de-France-profimedia-0637996984-CVR-1024x450-1.jpg","width":1024,"height":450},{"@type":"BreadcrumbList","@id":"https:\/\/www.welovecycling.com\/pl\/2021\/10\/18\/dobrze-ze-mnie-tam-nie-bedzie-oto-pierwsze-komentarze-po-prezentacji-trasy-tour-de-france-2022\/#breadcrumb","itemListElement":[{"@type":"ListItem","position":1,"name":"Home","item":"https:\/\/www.welovecycling.com\/pl\/"},{"@type":"ListItem","position":2,"name":"\u201eDobrze, \u017ce mnie tam nie b\u0119dzie\u201d. Oto pierwsze komentarze po prezentacji trasy Tour de France 2022"}]},{"@type":"WebSite","@id":"https:\/\/www.welovecycling.com\/pl\/#website","url":"https:\/\/www.welovecycling.com\/pl\/","name":"\u0160koda We Love Cycling - Poland","description":"","potentialAction":[{"@type":"SearchAction","target":{"@type":"EntryPoint","urlTemplate":"https:\/\/www.welovecycling.com\/pl\/?s={search_term_string}"},"query-input":{"@type":"PropertyValueSpecification","valueRequired":true,"valueName":"search_term_string"}}],"inLanguage":"pl-PL"},{"@type":"Person","@id":"https:\/\/www.welovecycling.com\/pl\/#\/schema\/person\/bf06ed916a1ef16618807fb60d2ebe42","name":"rafal","image":{"@type":"ImageObject","inLanguage":"pl-PL","@id":"https:\/\/www.welovecycling.com\/pl\/#\/schema\/person\/image\/","url":"https:\/\/secure.gravatar.com\/avatar\/203f240e63bee214f6f3a0dacbeb600c7829c09716c2b9ee3230c6961debcde2?s=96&d=mm&r=g","contentUrl":"https:\/\/secure.gravatar.com\/avatar\/203f240e63bee214f6f3a0dacbeb600c7829c09716c2b9ee3230c6961debcde2?s=96&d=mm&r=g","caption":"rafal"},"url":"https:\/\/www.welovecycling.com\/pl\/author\/rafal\/"}]}},"_links":{"self":[{"href":"https:\/\/www.welovecycling.com\/pl\/wp-json\/wp\/v2\/posts\/12241","targetHints":{"allow":["GET"]}}],"collection":[{"href":"https:\/\/www.welovecycling.com\/pl\/wp-json\/wp\/v2\/posts"}],"about":[{"href":"https:\/\/www.welovecycling.com\/pl\/wp-json\/wp\/v2\/types\/post"}],"author":[{"embeddable":true,"href":"https:\/\/www.welovecycling.com\/pl\/wp-json\/wp\/v2\/users\/153"}],"replies":[{"embeddable":true,"href":"https:\/\/www.welovecycling.com\/pl\/wp-json\/wp\/v2\/comments?post=12241"}],"version-history":[{"count":1,"href":"https:\/\/www.welovecycling.com\/pl\/wp-json\/wp\/v2\/posts\/12241\/revisions"}],"predecessor-version":[{"id":12246,"href":"https:\/\/www.welovecycling.com\/pl\/wp-json\/wp\/v2\/posts\/12241\/revisions\/12246"}],"wp:featuredmedia":[{"embeddable":true,"href":"https:\/\/www.welovecycling.com\/pl\/wp-json\/wp\/v2\/media\/12245"}],"wp:attachment":[{"href":"https:\/\/www.welovecycling.com\/pl\/wp-json\/wp\/v2\/media?parent=12241"}],"wp:term":[{"taxonomy":"category","embeddable":true,"href":"https:\/\/www.welovecycling.com\/pl\/wp-json\/wp\/v2\/categories?post=12241"},{"taxonomy":"post_tag","embeddable":true,"href":"https:\/\/www.welovecycling.com\/pl\/wp-json\/wp\/v2\/tags?post=12241"},{"taxonomy":"global-categories","embeddable":true,"href":"https:\/\/www.welovecycling.com\/pl\/wp-json\/wp\/v2\/global-categories?post=12241"}],"curies":[{"name":"wp","href":"https:\/\/api.w.org\/{rel}","templated":true}]}}