{"id":12232,"date":"2021-10-15T16:22:54","date_gmt":"2021-10-15T16:22:54","guid":{"rendered":"https:\/\/www.welovecycling.com\/pl\/?p=12232"},"modified":"2023-07-19T07:40:59","modified_gmt":"2023-07-19T07:40:59","slug":"karty-odkryte-oto-asy-w-talii-tour-de-france-2022","status":"publish","type":"post","link":"https:\/\/www.welovecycling.com\/pl\/2021\/10\/15\/karty-odkryte-oto-asy-w-talii-tour-de-france-2022\/","title":{"rendered":"Karty odkryte! Oto asy w talii Tour de France 2022"},"content":{"rendered":"<p><strong>3328 kilometr\u00f3w, cztery pa\u0144stwa i emocje ju\u017c na osiem miesi\u0119cy przed startem! W\u0142a\u015bnie poznali\u015bmy trasy przysz\u0142orocznych Tour de France oraz Tour de France Femmes.<\/strong><\/p>\n<p>\u017baden wy\u015bcig na \u015bwiecie nie jest prezentowany w taki spos\u00f3b. Co roku uroczysta gala w Pa\u0142acu Kongresowym w Pary\u017cu gromadzi setki najwa\u017cniejszych os\u00f3b ze \u015bwiata kolarstwa. S\u0105 dyrektorzy wy\u015bcig\u00f3w, przedstawiciele najwi\u0119kszych ekip \u015bwiata i przede wszystkim zawodnicy. Wszyscy czuj\u0105 si\u0119 troch\u0119 jak przed premier\u0105 nowego filmu o Jamesie Bondzie \u2013 zako\u0144czenie mo\u017ce nie ka\u017cdemu si\u0119 spodoba, ale wszyscy wiedz\u0105, \u017ce b\u0119d\u0105 emocje i zaskoczenia.<\/p>\n<div class=\"embed-controller-wrapper\">\n<blockquote class=\"twitter-tweet\" data-width=\"500\" data-dnt=\"true\">\n<p lang=\"en\" dir=\"ltr\">\ud83e\udd14 Nervous, excited, confident?<\/p>\n<p>What&#39;s going through the riders&#39; heads right now?<\/p>\n<p>\ud83e\udd14 Nerveux, excit\u00e9s, confiants ?<\/p>\n<p>Que pensent-ils de ces parcours ?<a href=\"https:\/\/twitter.com\/hashtag\/TDF2022?src=hash&amp;ref_src=twsrc%5Etfw\">#TDF2022<\/a> <a href=\"https:\/\/t.co\/Ya6JjCykqG\">pic.twitter.com\/Ya6JjCykqG<\/a><\/p>\n<p>&mdash; Tour de France\u2122 (@LeTour) <a href=\"https:\/\/twitter.com\/LeTour\/status\/1448607672731947016?ref_src=twsrc%5Etfw\">October 14, 2021<\/a><\/p><\/blockquote>\n<p><script async data-src=\"https:\/\/platform.twitter.com\/widgets.js\" charset=\"utf-8\"><\/script><\/div>\n<p>Pierwsze komentarze dotycz\u0105ce trasy Tour de France 2022 s\u0105 nawet bardziej przychylne ni\u017c te kt\u00f3re dotycz\u0105 najnowszych przyg\u00f3d Agenta 007. Nic dziwnego, w ko\u0144cu organizatorzy Wielkiej P\u0119tli w przysz\u0142orocznej imprezie postanowili zmie\u015bci\u0107 wszystko: niecodzienny Grand Depart, walk\u0119 na morderczych brukach, d\u0142ug\u0105 czas\u00f3wk\u0119 i wyniszczaj\u0105c\u0105 walk\u0119 w g\u00f3rach. Oto, jak b\u0119dzie przebiega\u0142a trasa Tour de France 2022:<\/p>\n<div class=\"embed-controller-wrapper\">\n<blockquote class=\"twitter-tweet\" data-width=\"500\" data-dnt=\"true\">\n<p lang=\"en\" dir=\"ltr\">\ud83e\udd29 Here is is, the \ud835\ude64\ud835\ude5b\ud835\ude5b\ud835\ude5e\ud835\ude58\ud835\ude5e\ud835\ude56\ud835\ude61 \ud835\ude67\ud835\ude64\ud835\ude6a\ud835\ude69\ud835\ude5a of the <a href=\"https:\/\/twitter.com\/hashtag\/TDF2022?src=hash&amp;ref_src=twsrc%5Etfw\">#TDF2022<\/a>!<\/p>\n<p>\ud83e\udd29 Voici le \ud835\ude65\ud835\ude56\ud835\ude67\ud835\ude58\ud835\ude64\ud835\ude6a\ud835\ude67\ud835\ude68 \ud835\ude64\ud835\ude5b\ud835\ude5b\ud835\ude5e\ud835\ude58\ud835\ude5e\ud835\ude5a\ud835\ude61 du <a href=\"https:\/\/twitter.com\/hashtag\/TDF2022?src=hash&amp;ref_src=twsrc%5Etfw\">#TDF2022<\/a> ! <a href=\"https:\/\/t.co\/4eccacs9Ip\">pic.twitter.com\/4eccacs9Ip<\/a><\/p>\n<p>&mdash; Tour de France\u2122 (@LeTour) <a href=\"https:\/\/twitter.com\/LeTour\/status\/1448597417234997249?ref_src=twsrc%5Etfw\">October 14, 2021<\/a><\/p><\/blockquote>\n<p><script async data-src=\"https:\/\/platform.twitter.com\/widgets.js\" charset=\"utf-8\"><\/script><\/div>\n<h2><strong>Zacznie si\u0119 w Danii<\/strong><\/h2>\n<p>Fani kolarstwa w kalendarzu na czerwono musz\u0105 zaznaczy\u0107 okres od 1 do 24 lipca. To w\u0142a\u015bnie wtedy odb\u0119dzie si\u0119 Tour de France 2022, a wszystko zacznie si\u0119 w Kopenhadze. Stolica Danii na zawodnik\u00f3w musia\u0142a si\u0119 naczeka\u0107, bo Grand Depart zapowiadany by\u0142 tam w 2021 roku, ale plany storpedowa\u0142a pandemia koronawirusa. Rozkochani w rowerach Du\u0144czycy przygotowali jednak w zamian naprawd\u0119 ciekawe trasy.<\/p>\n<p>Zacznie si\u0119 13-kilmetrow\u0105 jazd\u0105 na czas po Kopenhadze. Trasa b\u0119dzie p\u0142aska, ale ma pokazywa\u0107 wszystkie najpi\u0119kniejsze zak\u0105tki miasta. Z kolei dwa kolejne etapy zaprezentuj\u0105 blisko 400 kilometr\u00f3w du\u0144skich krajobraz\u00f3w z niesamowitymi i monumentalnymi mostami. Mo\u017cna si\u0119 wi\u0119c spodziewa\u0107, \u017ce zawodnicy b\u0119d\u0105 walczyli nie tylko z dystansem, ale te\u017c z mocnym wiatrem.<\/p>\n<div class=\"embed-controller-wrapper\">\n<blockquote class=\"twitter-tweet\" data-width=\"500\" data-dnt=\"true\">\n<p lang=\"fr\" dir=\"ltr\">Etape 2 \/ Stage 2<br \/>\ud83d\udea9@roskildekommune  &#8211; Nyborg \ud83c\udfc1 199 km <a href=\"https:\/\/twitter.com\/hashtag\/TDF2022?src=hash&amp;ref_src=twsrc%5Etfw\">#TDF2022<\/a><\/p>\n<p>\ud83d\udca8 Watch out for the crosswinds on the 18 exposed kilometres just before the finish.<\/p>\n<p>\ud83d\udca8 Attention aux bordures sur les 18 km expos\u00e9s au vent au dessus de la mer juste avant l&#39;arriv\u00e9e !<\/p>\n<p>\ud83d\udcf8 Evan Hemmingsen <a href=\"https:\/\/t.co\/mmDIqalV8D\">pic.twitter.com\/mmDIqalV8D<\/a><\/p>\n<p>&mdash; Tour de France\u2122 (@LeTour) <a href=\"https:\/\/twitter.com\/LeTour\/status\/1448599137050578947?ref_src=twsrc%5Etfw\">October 14, 2021<\/a><\/p><\/blockquote>\n<p><script async data-src=\"https:\/\/platform.twitter.com\/widgets.js\" charset=\"utf-8\"><\/script><\/div>\n<p>4 lipca b\u0119dzie dniem przerwy, w kt\u00f3rym zawodnicy przetransportuj\u0105 si\u0119 do Francji. Rywalizacj\u0119 zaczn\u0105 na p\u00f3\u0142nocy od trzech pag\u00f3rkowatych etap\u00f3w, w trakcie kt\u00f3rych zahacz\u0105 r\u00f3wnie\u017c o Belgi\u0119 oraz bruki znane z wy\u015bcigu Pary\u017c \u2013 Roubaix. Zabawa rozkr\u0119ci si\u0119 na dobre 8 lipca, gdy kolarze po raz pierwszy spr\u00f3buj\u0105 swoich si\u0142 w g\u00f3rach podczas etapu Tomblaine \u2013 La Planche des Belles Filles. Trzeba przyzna\u0107, \u017ce ju\u017c od patrzenia na ten podjazd zaczynaj\u0105 bole\u0107 nogi:<\/p>\n<div class=\"embed-controller-wrapper\">\n<blockquote class=\"twitter-tweet\" data-width=\"500\" data-dnt=\"true\">\n<p lang=\"fr\" dir=\"ltr\">Etape 7 \/ Stage 7<br \/>\ud83d\udea9Tomblaine &#8211; La super Planche des Belles Filles  \ud83c\udfc1 176 km <a href=\"https:\/\/twitter.com\/hashtag\/TDF2022?src=hash&amp;ref_src=twsrc%5Etfw\">#TDF2022<\/a><\/p>\n<p>\u26f0 The first summit finish of the <a href=\"https:\/\/twitter.com\/hashtag\/TDF2022?src=hash&amp;ref_src=twsrc%5Etfw\">#TDF2022<\/a>! Over to the climbers! <\/p>\n<p>\u26f0 Premi\u00e8re arriv\u00e9e au sommet de ce <a href=\"https:\/\/twitter.com\/hashtag\/TDF2022?src=hash&amp;ref_src=twsrc%5Etfw\">#TDF2022<\/a> ! Parole aux grimpeurs ! <a href=\"https:\/\/t.co\/HyHoOsJWx2\">pic.twitter.com\/HyHoOsJWx2<\/a><\/p>\n<p>&mdash; Tour de France\u2122 (@LeTour) <a href=\"https:\/\/twitter.com\/LeTour\/status\/1448600412790067200?ref_src=twsrc%5Etfw\">October 14, 2021<\/a><\/p><\/blockquote>\n<p><script async data-src=\"https:\/\/platform.twitter.com\/widgets.js\" charset=\"utf-8\"><\/script><\/div>\n<p>Nast\u0119pnie peleton wjedzie do Szwajcarii i tym samym zaliczy czwarte pa\u0144stwo podczas Tour de France 2022. P\u00f3\u017aniej zn\u00f3w dzie\u0144 przerwy, a w kolejnym tygodniu kibice b\u0119d\u0105 czekali g\u0142\u00f3wnie na etap z Briancon, kt\u00f3ry zako\u0144czy si\u0119 na legendarnym Alpe d\u2019Huez. Dzie\u0144 wcze\u015bniej zapowiada si\u0119 r\u00f3wnie mordercza walka podczas 149-kilometrowego g\u00f3rskiego etapu z Albertville do Col du Granon.<\/p>\n<p>W ostatnim tygodniu Tour de France 2022 usatysfakcjonowany b\u0119dzie ka\u017cdy kibic kolarstwa. Rozpocznie si\u0119 od pag\u00f3rkowatego etapu (Carcassonne \u2013 Foix), nast\u0119pnie dwa dni w g\u00f3rach (Saint-Gaudens \u2013 Peyragudes oraz Lourdes \u2013 Hautacam), jeden p\u0142aski etap (Castelnau-Magnoac \u2013 Cahors), 40-kilometrowa czas\u00f3wka (Lacapelle-Marival \u2013 Rocamadour) i zako\u0144czenie 24 lipca na Polach Elizejskich.<\/p>\n<div class=\"embed-controller-wrapper\">\n<blockquote class=\"twitter-tweet\" data-width=\"500\" data-dnt=\"true\">\n<p lang=\"fr\" dir=\"ltr\">Etape 21 \/ Stage 21<\/p>\n<p>\ud83e\udd29The final pedal-strokes on the mythical Champs-Elys\u00e9es circuit! <\/p>\n<p>\ud83e\udd29Derniers tours de roue sur le mythique circuit des Champs-Elys\u00e9es ! <a href=\"https:\/\/t.co\/KW6AcubGbE\">pic.twitter.com\/KW6AcubGbE<\/a><\/p>\n<p>&mdash; Tour de France\u2122 (@LeTour) <a href=\"https:\/\/twitter.com\/LeTour\/status\/1448604723939057665?ref_src=twsrc%5Etfw\">October 14, 2021<\/a><\/p><\/blockquote>\n<p><script async data-src=\"https:\/\/platform.twitter.com\/widgets.js\" charset=\"utf-8\"><\/script><\/div>\n<h2><strong>Kobiety wracaj\u0105 na Tour de France!<\/strong><\/h2>\n<p>Podczas gali w Pa\u0142acu Kongresowym przedstawiono r\u00f3wnie\u017c Tour de France Femmes 2022. Kobiety rozpoczn\u0105 rywalizacj\u0119 w dniu, gdy b\u0119d\u0105 ko\u0144czyli j\u0105 m\u0119\u017cczy\u017ani, czyli 24 lipca. Wystartuj\u0105 z Pary\u017ca i b\u0119d\u0105 rywalizowa\u0142y przez osiem dni. W tym czasie pokonaj\u0105 cztery p\u0142askie, dwa pag\u00f3rkowate i dwa g\u00f3rskie etapy. W sumie przejad\u0105 1029 kilometr\u00f3w.<\/p>\n<div class=\"embed-controller-wrapper\">\n<blockquote class=\"twitter-tweet\" data-width=\"500\" data-dnt=\"true\">\n<p lang=\"fr\" dir=\"ltr\">\ud83e\udd29The \ud835\uddfc\ud835\uddf3\ud835\uddf3\ud835\uddf6\ud835\uddf0\ud835\uddf6\ud835\uddee\ud835\uddf9 \ud835\uddff\ud835\uddfc\ud835\ude02\ud835\ude01\ud835\uddf2 <a href=\"https:\/\/twitter.com\/hashtag\/%F0%9D%97%A7%F0%9D%97%97%F0%9D%97%99%F0%9D%97%99?src=hash&amp;ref_src=twsrc%5Etfw\">#\ud835\udde7\ud835\uddd7\ud835\uddd9\ud835\uddd9<\/a> avec @\ud835\uddda\ud835\uddfc\ud835\udded\ud835\ude04\ud835\uddf6\ud835\uddf3\ud835\ude01!<\/p>\n<p>\ud83e\udd29 Voici \ud835\uddf9\ud835\uddf2 \ud835\uddfd\ud835\uddee\ud835\uddff\ud835\uddf0\ud835\uddfc\ud835\ude02\ud835\uddff\ud835\ude00 \ud835\uddfc\ud835\uddf3\ud835\uddf3\ud835\uddf6\ud835\uddf0\ud835\uddf6\ud835\uddf2\ud835\uddf9 du <a href=\"https:\/\/twitter.com\/hashtag\/%F0%9D%97%A7%F0%9D%97%97%F0%9D%97%99%F0%9D%97%99?src=hash&amp;ref_src=twsrc%5Etfw\">#\ud835\udde7\ud835\uddd7\ud835\uddd9\ud835\uddd9<\/a> avec \ud835\udded\ud835\ude04\ud835\uddf6\ud835\uddf3\ud835\ude01 ! <a href=\"https:\/\/t.co\/3Qms6zgoCv\">pic.twitter.com\/3Qms6zgoCv<\/a><\/p>\n<p>&mdash; Le Tour de France Femmes avec Zwift (@LeTourFemmes) <a href=\"https:\/\/twitter.com\/LeTourFemmes\/status\/1448588194195386371?ref_src=twsrc%5Etfw\">October 14, 2021<\/a><\/p><\/blockquote>\n<p><script async data-src=\"https:\/\/platform.twitter.com\/widgets.js\" charset=\"utf-8\"><\/script><\/div>\n<p>Szczeg\u00f3lnie ciekawie zapowiada si\u0119 ko\u0144c\u00f3wka wy\u015bcigu kobiet \u2013 przedostatni etap z Selestat do Le Markstein (127 km) i ostatni z Lure do La Super Planche des Belles Filles.<\/p>\n<p>\u2013 My\u015bl\u0119, \u017ce b\u0119dzie bardzo ciekawie i nieprzewidywalnie \u2013 oceni\u0142a tras\u0119 Katarzyna Niewiadoma, kt\u00f3ra zosta\u0142a zaproszona na gal\u0119 przez organizator\u00f3w Tour de France.<\/p>\n<p>Wy\u015bcig kobiet zako\u0144czy si\u0119 31 lipca, a to oznacza, \u017ce ca\u0142y ten miesi\u0105c b\u0119dzie prawdziw\u0105 uczt\u0105 dla fan\u00f3w kolarstwa!<\/p>\n<p><span data-sheets-value=\"{&quot;1&quot;:2,&quot;2&quot;:&quot;Artyku\u0142 powsta\u0142 we wsp\u00f3\u0142pracy ze skoda-auto.pl&quot;}\" data-sheets-userformat=\"{&quot;2&quot;:1,&quot;3&quot;:{&quot;1&quot;:0}}\" data-sheets-hyperlink=\"http:\/\/www.skoda-auto.pl\/\"><a class=\"in-cell-link\" href=\"http:\/\/www.skoda-auto.pl\/\" target=\"_blank\" rel=\"noopener noreferrer\">Artyku\u0142 powsta\u0142 we wsp\u00f3\u0142pracy ze skoda-auto.pl<\/a><\/span><\/p>\n<p><img loading=\"lazy\" decoding=\"async\" class=\"alignnone size-full wp-image-11630 aligncenter\" src=\"https:\/\/d2p6e6u75xmxt8.cloudfront.net\/5\/2021\/12\/640x350-1.jpg\" alt=\"\" width=\"640\" height=\"350\" srcset=\"https:\/\/d2p6e6u75xmxt8.cloudfront.net\/5\/2021\/12\/640x350-1.jpg 640w, https:\/\/d2p6e6u75xmxt8.cloudfront.net\/5\/2021\/12\/640x350-1-300x164.jpg 300w\" sizes=\"auto, (max-width: 640px) 100vw, 640px\" \/><\/p>\n","protected":false},"excerpt":{"rendered":"<p>3328 kilometr\u00f3w, cztery pa\u0144stwa i emocje ju\u017c na osiem miesi\u0119cy przed startem! W\u0142a\u015bnie poznali\u015bmy trasy przysz\u0142orocznych Tour de France oraz [&hellip;]<\/p>\n","protected":false},"author":153,"featured_media":12239,"comment_status":"open","ping_status":"open","sticky":false,"template":"","format":"standard","meta":{"footnotes":""},"categories":[337],"tags":[176,362,77,366,146],"global-categories":[303],"class_list":["post-12232","post","type-post","status-publish","format-standard","has-post-thumbnail","hentry","category-tour-de-france","tag-kolarstwo","tag-piotr-nowik","tag-tour-de-france","tag-tour-de-france-2022","tag-wyscig","global-categories-cycling"],"yoast_head":"<!-- This site is optimized with the Yoast SEO Premium plugin v25.3 (Yoast SEO v25.9) - https:\/\/yoast.com\/wordpress\/plugins\/seo\/ -->\n<title>Karty odkryte! Oto asy w talii Tour de France 2022 - \u0160koda We Love Cycling - Poland<\/title>\n<meta name=\"robots\" content=\"index, follow, max-snippet:-1, max-image-preview:large, max-video-preview:-1\" \/>\n<link rel=\"canonical\" href=\"https:\/\/www.welovecycling.com\/pl\/2021\/10\/15\/karty-odkryte-oto-asy-w-talii-tour-de-france-2022\/\" \/>\n<meta property=\"og:locale\" content=\"pl_PL\" \/>\n<meta property=\"og:type\" content=\"article\" \/>\n<meta property=\"og:title\" content=\"Karty odkryte! Oto asy w talii Tour de France 2022\" \/>\n<meta property=\"og:description\" content=\"3328 kilometr\u00f3w, cztery pa\u0144stwa i emocje ju\u017c na osiem miesi\u0119cy przed startem! W\u0142a\u015bnie poznali\u015bmy trasy przysz\u0142orocznych Tour de France oraz [&hellip;]\" \/>\n<meta property=\"og:url\" content=\"https:\/\/www.welovecycling.com\/pl\/2021\/10\/15\/karty-odkryte-oto-asy-w-talii-tour-de-france-2022\/\" \/>\n<meta property=\"og:site_name\" content=\"\u0160koda We Love Cycling - Poland\" \/>\n<meta property=\"article:published_time\" content=\"2021-10-15T16:22:54+00:00\" \/>\n<meta property=\"article:modified_time\" content=\"2023-07-19T07:40:59+00:00\" \/>\n<meta property=\"og:image\" content=\"https:\/\/d2p6e6u75xmxt8.cloudfront.net\/5\/2021\/10\/Tour-de-France-profimedia-0558935695-CVR-1024x447-1.jpg\" \/>\n\t<meta property=\"og:image:width\" content=\"1024\" \/>\n\t<meta property=\"og:image:height\" content=\"447\" \/>\n\t<meta property=\"og:image:type\" content=\"image\/jpeg\" \/>\n<meta name=\"author\" content=\"rafal\" \/>\n<meta name=\"twitter:card\" content=\"summary_large_image\" \/>\n<meta name=\"twitter:label1\" content=\"Written by\" \/>\n\t<meta name=\"twitter:data1\" content=\"Piotr Nowik\" \/>\n\t<meta name=\"twitter:label2\" content=\"Est. reading time\" \/>\n\t<meta name=\"twitter:data2\" content=\"3 minutes\" \/>\n<script type=\"application\/ld+json\" class=\"yoast-schema-graph\">{\"@context\":\"https:\/\/schema.org\",\"@graph\":[{\"@type\":\"WebPage\",\"@id\":\"https:\/\/www.welovecycling.com\/pl\/2021\/10\/15\/karty-odkryte-oto-asy-w-talii-tour-de-france-2022\/\",\"url\":\"https:\/\/www.welovecycling.com\/pl\/2021\/10\/15\/karty-odkryte-oto-asy-w-talii-tour-de-france-2022\/\",\"name\":\"Karty odkryte! Oto asy w talii Tour de France 2022 - \u0160koda We Love Cycling - Poland\",\"isPartOf\":{\"@id\":\"https:\/\/www.welovecycling.com\/pl\/#website\"},\"primaryImageOfPage\":{\"@id\":\"https:\/\/www.welovecycling.com\/pl\/2021\/10\/15\/karty-odkryte-oto-asy-w-talii-tour-de-france-2022\/#primaryimage\"},\"image\":{\"@id\":\"https:\/\/www.welovecycling.com\/pl\/2021\/10\/15\/karty-odkryte-oto-asy-w-talii-tour-de-france-2022\/#primaryimage\"},\"thumbnailUrl\":\"https:\/\/d2p6e6u75xmxt8.cloudfront.net\/5\/2021\/10\/Tour-de-France-profimedia-0558935695-CVR-1024x447-1.jpg\",\"datePublished\":\"2021-10-15T16:22:54+00:00\",\"dateModified\":\"2023-07-19T07:40:59+00:00\",\"author\":{\"@id\":\"https:\/\/www.welovecycling.com\/pl\/#\/schema\/person\/bf06ed916a1ef16618807fb60d2ebe42\"},\"breadcrumb\":{\"@id\":\"https:\/\/www.welovecycling.com\/pl\/2021\/10\/15\/karty-odkryte-oto-asy-w-talii-tour-de-france-2022\/#breadcrumb\"},\"inLanguage\":\"pl-PL\",\"potentialAction\":[{\"@type\":\"ReadAction\",\"target\":[\"https:\/\/www.welovecycling.com\/pl\/2021\/10\/15\/karty-odkryte-oto-asy-w-talii-tour-de-france-2022\/\"]}]},{\"@type\":\"ImageObject\",\"inLanguage\":\"pl-PL\",\"@id\":\"https:\/\/www.welovecycling.com\/pl\/2021\/10\/15\/karty-odkryte-oto-asy-w-talii-tour-de-france-2022\/#primaryimage\",\"url\":\"https:\/\/d2p6e6u75xmxt8.cloudfront.net\/5\/2021\/10\/Tour-de-France-profimedia-0558935695-CVR-1024x447-1.jpg\",\"contentUrl\":\"https:\/\/d2p6e6u75xmxt8.cloudfront.net\/5\/2021\/10\/Tour-de-France-profimedia-0558935695-CVR-1024x447-1.jpg\",\"width\":1024,\"height\":447},{\"@type\":\"BreadcrumbList\",\"@id\":\"https:\/\/www.welovecycling.com\/pl\/2021\/10\/15\/karty-odkryte-oto-asy-w-talii-tour-de-france-2022\/#breadcrumb\",\"itemListElement\":[{\"@type\":\"ListItem\",\"position\":1,\"name\":\"Home\",\"item\":\"https:\/\/www.welovecycling.com\/pl\/\"},{\"@type\":\"ListItem\",\"position\":2,\"name\":\"Karty odkryte! Oto asy w talii Tour de France 2022\"}]},{\"@type\":\"WebSite\",\"@id\":\"https:\/\/www.welovecycling.com\/pl\/#website\",\"url\":\"https:\/\/www.welovecycling.com\/pl\/\",\"name\":\"\u0160koda We Love Cycling - Poland\",\"description\":\"\",\"potentialAction\":[{\"@type\":\"SearchAction\",\"target\":{\"@type\":\"EntryPoint\",\"urlTemplate\":\"https:\/\/www.welovecycling.com\/pl\/?s={search_term_string}\"},\"query-input\":{\"@type\":\"PropertyValueSpecification\",\"valueRequired\":true,\"valueName\":\"search_term_string\"}}],\"inLanguage\":\"pl-PL\"},{\"@type\":\"Person\",\"@id\":\"https:\/\/www.welovecycling.com\/pl\/#\/schema\/person\/bf06ed916a1ef16618807fb60d2ebe42\",\"name\":\"rafal\",\"image\":{\"@type\":\"ImageObject\",\"inLanguage\":\"pl-PL\",\"@id\":\"https:\/\/www.welovecycling.com\/pl\/#\/schema\/person\/image\/\",\"url\":\"https:\/\/secure.gravatar.com\/avatar\/203f240e63bee214f6f3a0dacbeb600c7829c09716c2b9ee3230c6961debcde2?s=96&d=mm&r=g\",\"contentUrl\":\"https:\/\/secure.gravatar.com\/avatar\/203f240e63bee214f6f3a0dacbeb600c7829c09716c2b9ee3230c6961debcde2?s=96&d=mm&r=g\",\"caption\":\"rafal\"},\"url\":\"https:\/\/www.welovecycling.com\/pl\/author\/rafal\/\"}]}<\/script>\n<!-- \/ Yoast SEO Premium plugin. -->","yoast_head_json":{"title":"Karty odkryte! Oto asy w talii Tour de France 2022 - \u0160koda We Love Cycling - Poland","robots":{"index":"index","follow":"follow","max-snippet":"max-snippet:-1","max-image-preview":"max-image-preview:large","max-video-preview":"max-video-preview:-1"},"canonical":"https:\/\/www.welovecycling.com\/pl\/2021\/10\/15\/karty-odkryte-oto-asy-w-talii-tour-de-france-2022\/","og_locale":"pl_PL","og_type":"article","og_title":"Karty odkryte! Oto asy w talii Tour de France 2022","og_description":"3328 kilometr\u00f3w, cztery pa\u0144stwa i emocje ju\u017c na osiem miesi\u0119cy przed startem! W\u0142a\u015bnie poznali\u015bmy trasy przysz\u0142orocznych Tour de France oraz [&hellip;]","og_url":"https:\/\/www.welovecycling.com\/pl\/2021\/10\/15\/karty-odkryte-oto-asy-w-talii-tour-de-france-2022\/","og_site_name":"\u0160koda We Love Cycling - Poland","article_published_time":"2021-10-15T16:22:54+00:00","article_modified_time":"2023-07-19T07:40:59+00:00","og_image":[{"width":1024,"height":447,"url":"https:\/\/d2p6e6u75xmxt8.cloudfront.net\/5\/2021\/10\/Tour-de-France-profimedia-0558935695-CVR-1024x447-1.jpg","type":"image\/jpeg"}],"author":"rafal","twitter_card":"summary_large_image","twitter_misc":{"Written by":"Piotr Nowik","Est. reading time":"3 minutes"},"schema":{"@context":"https:\/\/schema.org","@graph":[{"@type":"WebPage","@id":"https:\/\/www.welovecycling.com\/pl\/2021\/10\/15\/karty-odkryte-oto-asy-w-talii-tour-de-france-2022\/","url":"https:\/\/www.welovecycling.com\/pl\/2021\/10\/15\/karty-odkryte-oto-asy-w-talii-tour-de-france-2022\/","name":"Karty odkryte! Oto asy w talii Tour de France 2022 - \u0160koda We Love Cycling - Poland","isPartOf":{"@id":"https:\/\/www.welovecycling.com\/pl\/#website"},"primaryImageOfPage":{"@id":"https:\/\/www.welovecycling.com\/pl\/2021\/10\/15\/karty-odkryte-oto-asy-w-talii-tour-de-france-2022\/#primaryimage"},"image":{"@id":"https:\/\/www.welovecycling.com\/pl\/2021\/10\/15\/karty-odkryte-oto-asy-w-talii-tour-de-france-2022\/#primaryimage"},"thumbnailUrl":"https:\/\/d2p6e6u75xmxt8.cloudfront.net\/5\/2021\/10\/Tour-de-France-profimedia-0558935695-CVR-1024x447-1.jpg","datePublished":"2021-10-15T16:22:54+00:00","dateModified":"2023-07-19T07:40:59+00:00","author":{"@id":"https:\/\/www.welovecycling.com\/pl\/#\/schema\/person\/bf06ed916a1ef16618807fb60d2ebe42"},"breadcrumb":{"@id":"https:\/\/www.welovecycling.com\/pl\/2021\/10\/15\/karty-odkryte-oto-asy-w-talii-tour-de-france-2022\/#breadcrumb"},"inLanguage":"pl-PL","potentialAction":[{"@type":"ReadAction","target":["https:\/\/www.welovecycling.com\/pl\/2021\/10\/15\/karty-odkryte-oto-asy-w-talii-tour-de-france-2022\/"]}]},{"@type":"ImageObject","inLanguage":"pl-PL","@id":"https:\/\/www.welovecycling.com\/pl\/2021\/10\/15\/karty-odkryte-oto-asy-w-talii-tour-de-france-2022\/#primaryimage","url":"https:\/\/d2p6e6u75xmxt8.cloudfront.net\/5\/2021\/10\/Tour-de-France-profimedia-0558935695-CVR-1024x447-1.jpg","contentUrl":"https:\/\/d2p6e6u75xmxt8.cloudfront.net\/5\/2021\/10\/Tour-de-France-profimedia-0558935695-CVR-1024x447-1.jpg","width":1024,"height":447},{"@type":"BreadcrumbList","@id":"https:\/\/www.welovecycling.com\/pl\/2021\/10\/15\/karty-odkryte-oto-asy-w-talii-tour-de-france-2022\/#breadcrumb","itemListElement":[{"@type":"ListItem","position":1,"name":"Home","item":"https:\/\/www.welovecycling.com\/pl\/"},{"@type":"ListItem","position":2,"name":"Karty odkryte! Oto asy w talii Tour de France 2022"}]},{"@type":"WebSite","@id":"https:\/\/www.welovecycling.com\/pl\/#website","url":"https:\/\/www.welovecycling.com\/pl\/","name":"\u0160koda We Love Cycling - Poland","description":"","potentialAction":[{"@type":"SearchAction","target":{"@type":"EntryPoint","urlTemplate":"https:\/\/www.welovecycling.com\/pl\/?s={search_term_string}"},"query-input":{"@type":"PropertyValueSpecification","valueRequired":true,"valueName":"search_term_string"}}],"inLanguage":"pl-PL"},{"@type":"Person","@id":"https:\/\/www.welovecycling.com\/pl\/#\/schema\/person\/bf06ed916a1ef16618807fb60d2ebe42","name":"rafal","image":{"@type":"ImageObject","inLanguage":"pl-PL","@id":"https:\/\/www.welovecycling.com\/pl\/#\/schema\/person\/image\/","url":"https:\/\/secure.gravatar.com\/avatar\/203f240e63bee214f6f3a0dacbeb600c7829c09716c2b9ee3230c6961debcde2?s=96&d=mm&r=g","contentUrl":"https:\/\/secure.gravatar.com\/avatar\/203f240e63bee214f6f3a0dacbeb600c7829c09716c2b9ee3230c6961debcde2?s=96&d=mm&r=g","caption":"rafal"},"url":"https:\/\/www.welovecycling.com\/pl\/author\/rafal\/"}]}},"_links":{"self":[{"href":"https:\/\/www.welovecycling.com\/pl\/wp-json\/wp\/v2\/posts\/12232","targetHints":{"allow":["GET"]}}],"collection":[{"href":"https:\/\/www.welovecycling.com\/pl\/wp-json\/wp\/v2\/posts"}],"about":[{"href":"https:\/\/www.welovecycling.com\/pl\/wp-json\/wp\/v2\/types\/post"}],"author":[{"embeddable":true,"href":"https:\/\/www.welovecycling.com\/pl\/wp-json\/wp\/v2\/users\/153"}],"replies":[{"embeddable":true,"href":"https:\/\/www.welovecycling.com\/pl\/wp-json\/wp\/v2\/comments?post=12232"}],"version-history":[{"count":1,"href":"https:\/\/www.welovecycling.com\/pl\/wp-json\/wp\/v2\/posts\/12232\/revisions"}],"predecessor-version":[{"id":12240,"href":"https:\/\/www.welovecycling.com\/pl\/wp-json\/wp\/v2\/posts\/12232\/revisions\/12240"}],"wp:featuredmedia":[{"embeddable":true,"href":"https:\/\/www.welovecycling.com\/pl\/wp-json\/wp\/v2\/media\/12239"}],"wp:attachment":[{"href":"https:\/\/www.welovecycling.com\/pl\/wp-json\/wp\/v2\/media?parent=12232"}],"wp:term":[{"taxonomy":"category","embeddable":true,"href":"https:\/\/www.welovecycling.com\/pl\/wp-json\/wp\/v2\/categories?post=12232"},{"taxonomy":"post_tag","embeddable":true,"href":"https:\/\/www.welovecycling.com\/pl\/wp-json\/wp\/v2\/tags?post=12232"},{"taxonomy":"global-categories","embeddable":true,"href":"https:\/\/www.welovecycling.com\/pl\/wp-json\/wp\/v2\/global-categories?post=12232"}],"curies":[{"name":"wp","href":"https:\/\/api.w.org\/{rel}","templated":true}]}}