{"id":12189,"date":"2021-10-04T17:00:11","date_gmt":"2021-10-04T17:00:11","guid":{"rendered":"https:\/\/www.welovecycling.com\/pl\/?p=12189"},"modified":"2021-10-15T08:41:31","modified_gmt":"2021-10-15T08:41:31","slug":"bloto-meka-i-lzy-tego-wyscigu-kolarze-dlugo-nie-zapomna","status":"publish","type":"post","link":"https:\/\/www.welovecycling.com\/pl\/2021\/10\/04\/bloto-meka-i-lzy-tego-wyscigu-kolarze-dlugo-nie-zapomna\/","title":{"rendered":"B\u0142oto, m\u0119ka i \u0142zy. Tego wy\u015bcigu kolarze d\u0142ugo nie zapomn\u0105!"},"content":{"rendered":"<p><strong>Gdy pad\u0142 na mecie, nie by\u0142o wiadomo, czy si\u0119 cieszy, czy p\u0142acze. Sonny Colbrelli (Bahrain-Victorious) wygra\u0142 wy\u015bcig Pary\u017c \u2013 Roubaix, kt\u00f3ry w tym roku udowodni\u0142, dlaczego nazywany jest \u201ePiek\u0142em P\u00f3\u0142nocy\u201d.<\/strong><\/p>\n<p>Wielu uwa\u017ca, \u017ce nie ma nic bardziej nieprzewidywalnego ni\u017c bruki na Pary\u017c \u2013 Roubaix. W weekend przekonali si\u0119 jednak, \u017ce bruki to nic w por\u00f3wnaniu z\u2026 mokrymi brukami. Kraksy, po\u015blizgni\u0119cia, awarie i marzenia, kt\u00f3re w sekundzie stawa\u0142y si\u0119 nieaktualne &#8211; to wszystko wydarzy\u0142o si\u0119 weekend.<\/p>\n<div class=\"embed-controller-wrapper\">\n<blockquote class=\"twitter-tweet\" data-width=\"500\" data-dnt=\"true\">\n<p lang=\"en\" dir=\"ltr\">Don\u2019t wake me up \u2022 KING of @Paris_Roubaix <a href=\"https:\/\/twitter.com\/hashtag\/ParisRoubaix2021?src=hash&amp;ref_src=twsrc%5Etfw\">#ParisRoubaix2021<\/a> <a href=\"https:\/\/twitter.com\/hashtag\/RideAsOne?src=hash&amp;ref_src=twsrc%5Etfw\">#RideAsOne<\/a> photo: Bettini <a href=\"https:\/\/t.co\/7QTdMvR4Ma\">pic.twitter.com\/7QTdMvR4Ma<\/a><\/p>\n<p>&mdash; Sonny Colbrelli (@sonnycolbrelli) <a href=\"https:\/\/twitter.com\/sonnycolbrelli\/status\/1444699759776784384?ref_src=twsrc%5Etfw\">October 3, 2021<\/a><\/p><\/blockquote>\n<p><script async data-src=\"https:\/\/platform.twitter.com\/widgets.js\" charset=\"utf-8\"><\/script><\/div>\n<h2><strong>Obraz, kt\u00f3ry przejdzie do historii<\/strong><\/h2>\n<p>Prognozy pogody analizowano na d\u0142ugo przed wy\u015bcigiem. Zanosi\u0142o si\u0119 na ch\u0142odny weekend z podmuchami wiatru, ale z czasem zacz\u0119\u0142o prognozowa\u0107 to, czego zawodnicy bali si\u0119 najbardziej, czyli deszcz. Opady nie omin\u0119\u0142y p\u00f3\u0142nocy Francji i w efekcie wy\u015bcig zamieni\u0142 si\u0119 w walk\u0119 o przetrwanie.<\/p>\n<div class=\"embed-controller-wrapper\">\n<blockquote class=\"twitter-tweet\" data-width=\"500\" data-dnt=\"true\">\n<p lang=\"en\" dir=\"ltr\">\ud83c\uddeb\ud83c\uddf7 <a href=\"https:\/\/twitter.com\/hashtag\/ParisRoubaix?src=hash&amp;ref_src=twsrc%5Etfw\">#ParisRoubaix<\/a><\/p>\n<p>no words needed. <a href=\"https:\/\/t.co\/5WMsMfF9In\">pic.twitter.com\/5WMsMfF9In<\/a><\/p>\n<p>&mdash; BORA \u2013 hansgrohe (@BORAhansgrohe) <a href=\"https:\/\/twitter.com\/BORAhansgrohe\/status\/1444731505050275844?ref_src=twsrc%5Etfw\">October 3, 2021<\/a><\/p><\/blockquote>\n<p><script async data-src=\"https:\/\/platform.twitter.com\/widgets.js\" charset=\"utf-8\"><\/script><\/div>\n<p>Oblepieni b\u0142otem zawodnicy wygl\u0105dali, jakby brali udzia\u0142 w runmageddonie, a nie wy\u015bcigu kolarskim. Do tego ich rowery zachowywa\u0142y si\u0119 jak na lodowej tafli. Ju\u017c same bruki maj\u0105 bardzo s\u0142ab\u0105 przyczepno\u015b\u0107, a mokre zamieniaj\u0105 si\u0119 w nawierzchni\u0119, kt\u00f3ra staje si\u0119 koszmarem. Efekt? Upadki i ogromna nieprzewidywalno\u015b\u0107.<\/p>\n<p>Odczu\u0142 to m.in. Gianno Moscon (Ineos Grenadiers). Przebrn\u0105\u0142 przez b\u0142ota, wyprzedzi\u0142 rywali i 30 km przed met\u0105 mkn\u0105\u0142 w kierunku welodromu w Roubaix, gdy nagle jego rower niemal stan\u0105\u0142. W\u0142och z\u0142apa\u0142 gum\u0119 w tylnym kole i potrzebny by\u0142 ekspresowy serwis. Uda\u0142o si\u0119 go przeprowadzi\u0107 sprawnie, ale po\u0142owa przewagi Moscona by\u0142a ju\u017c tylko histori\u0105 \u2013 z 90 sekund, zosta\u0142o niespe\u0142na 40. Jakby tego by\u0142o ma\u0142o, chwil\u0119 p\u00f3\u017aniej W\u0142och \u2013 w do\u015b\u0107 niegro\u017anie wygl\u0105daj\u0105cej sytuacji &#8211; przewr\u00f3ci\u0142 si\u0119 i zn\u00f3w straci\u0142 cenne sekundy. Dla Moscona by\u0142o to prawdziwe piek\u0142o.<\/p>\n<div class=\"embed-controller-wrapper\">\n<blockquote class=\"twitter-tweet\" data-width=\"500\" data-dnt=\"true\">\n<p lang=\"fr\" dir=\"ltr\">\ud83c\udfa5 \ud83c\uddee\ud83c\uddf9Gianni Moscon crashed while leading the race. <\/p>\n<p>\ud83c\udfa5 La chute de \ud83c\uddee\ud83c\uddf9Gianni Moscon alors qu\u2019il est en t\u00eate de ce <a href=\"https:\/\/twitter.com\/hashtag\/ParisRoubaix?src=hash&amp;ref_src=twsrc%5Etfw\">#ParisRoubaix<\/a>. <a href=\"https:\/\/t.co\/q24kbbuYbk\">pic.twitter.com\/q24kbbuYbk<\/a><\/p>\n<p>&mdash; Paris-Roubaix (@parisroubaix) <a href=\"https:\/\/twitter.com\/parisroubaix\/status\/1444674700404211712?ref_src=twsrc%5Etfw\">October 3, 2021<\/a><\/p><\/blockquote>\n<p><script async data-src=\"https:\/\/platform.twitter.com\/widgets.js\" charset=\"utf-8\"><\/script><\/div>\n<p>W\u0142och nie za\u0142ama\u0142 si\u0119, tylko walczy\u0142 dalej, ale w ko\u0144cu dopad\u0142a go grupa po\u015bcigowa i losy wy\u015bcigu rozstrzygn\u0119\u0142y si\u0119 na s\u0142ynnym welodromie. Tu zawodnicy musieli zaprezentowa\u0107 nie tylko nadludzk\u0105 si\u0142\u0119, ale tak\u017ce koncentracj\u0119, by jak najlepiej taktycznie rozegra\u0107 ko\u0144c\u00f3wk\u0119. A wygl\u0105da\u0142o to tak:<\/p>\n<div class=\"embed-controller-wrapper\">\n<blockquote class=\"twitter-tweet\" data-width=\"500\" data-dnt=\"true\">\n<p lang=\"fr\" dir=\"ltr\">\ud83c\udfc1 After an epic day, 3 debutants contested the sprint in the Roubaix Velodrome. \ud83c\udfc6<br \/>\u23ea Relive the last kilometre of <a href=\"https:\/\/twitter.com\/hashtag\/ParisRoubaix?src=hash&amp;ref_src=twsrc%5Etfw\">#ParisRoubaix<\/a>.<\/p>\n<p>\ud83c\udfc1 Apr\u00e8s une journ\u00e9e \u00e9pique, la victoire s\u2019est jou\u00e9e au sprint dans le v\u00e9lodrome de Roubaix. \ud83c\udfc6<br \/>\u23ea Revivez le dernier kilom\u00e8tre de <a href=\"https:\/\/twitter.com\/hashtag\/ParisRoubaix?src=hash&amp;ref_src=twsrc%5Etfw\">#ParisRoubaix<\/a>. <a href=\"https:\/\/t.co\/7HoNFvFJ3I\">pic.twitter.com\/7HoNFvFJ3I<\/a><\/p>\n<p>&mdash; Paris-Roubaix (@parisroubaix) <a href=\"https:\/\/twitter.com\/parisroubaix\/status\/1444685983526662147?ref_src=twsrc%5Etfw\">October 3, 2021<\/a><\/p><\/blockquote>\n<p><script async data-src=\"https:\/\/platform.twitter.com\/widgets.js\" charset=\"utf-8\"><\/script><\/div>\n<p>Na ostatnich metrach Sonny Colbrelli (Bahrain-Victorious) wyprzedzi\u0142 Floriana Vermeerscha (Lotto Soudal) i Mathieu van der Poela (Alpecin-Fenix).<\/p>\n<p>&#8211; Nie mog\u0119 uwierzy\u0107 w to, co si\u0119 sta\u0142o. W tym b\u0142ocie wy\u015bcig by\u0142 o wiele trudniejszy. Kilka razy by\u0142em blisko upadku, ale uda\u0142o si\u0119 utrzyma\u0107 koncentracj\u0119 \u2013 cieszy\u0142 si\u0119 na mecie Colbrelli, kt\u00f3ry chwil\u0119 wcze\u015bniej na p\u0142ycie welodromu da\u0142 upust wszystkim emocjom i zm\u0119czeniu, kt\u00f3re nagromadzi\u0142y si\u0119 w nim przez ostatnie sze\u015b\u0107 godzin \u015bcigania. To w\u0142a\u015bnie ten obraz b\u0119dzie jednym z najwa\u017cniejszych w ko\u0144cz\u0105cym si\u0119 sezonie:<\/p>\n<div class=\"embed-controller-wrapper\">\n<blockquote class=\"twitter-tweet\" data-width=\"500\" data-dnt=\"true\">\n<p lang=\"en\" dir=\"ltr\">Elation.<a href=\"https:\/\/twitter.com\/hashtag\/ParisRoubaix?src=hash&amp;ref_src=twsrc%5Etfw\">#ParisRoubaix<\/a> <a href=\"https:\/\/t.co\/03wzPcjXMq\">pic.twitter.com\/03wzPcjXMq<\/a><\/p>\n<p>&mdash; Paris-Roubaix (@parisroubaix) <a href=\"https:\/\/twitter.com\/parisroubaix\/status\/1444686713276796930?ref_src=twsrc%5Etfw\">October 3, 2021<\/a><\/p><\/blockquote>\n<p><script async data-src=\"https:\/\/platform.twitter.com\/widgets.js\" charset=\"utf-8\"><\/script><\/div>\n<h2><strong>Obola\u0142a, ale szcz\u0119\u015bliwa<\/strong><\/h2>\n<p>Dzie\u0144 wcze\u015bniej czo\u0142a brukom musia\u0142y stawi\u0107 kobiety. \u017be\u0144ski Pary\u017c \u2013 Roubaix odby\u0142 si\u0119 po raz pierwszy w 125-letniej historii wy\u015bcigu, ale debiutantek nie zamierza\u0142 oszcz\u0119dza\u0107. Trudy i specyfik\u0119 odczu\u0142a m.in. Katarzyna Niewiadoma (Canyon SRAM Racing), kt\u00f3ra na wczesnym etapie wzi\u0119\u0142a udzia\u0142 w kraksie i na tras\u0119 ju\u017c nie wr\u00f3ci\u0142a.<\/p>\n<p>&#8211; Czuj\u0119 si\u0119, jakbym musia\u0142a wyj\u015b\u0107 z jakiej\u015b \u015bwietnej imprezy, ale z drugiej strony jestem podekscytowana i szcz\u0119\u015bliwa, \u017ce mog\u0142am wzi\u0105\u0107 udzia\u0142 w tym historycznym wydarzeniu. Jestem dumna z mojego zespo\u0142u za walk\u0119 mimo ci\u0105g\u0142ego pecha. Ja wyl\u0105dowa\u0142am w szpitalu, ale mam tylko obola\u0142e kolano. Sezon oficjalnie ju\u017c si\u0119 dla mnie zako\u0144czy\u0142, dzi\u0119kuj\u0119 za wsparcie i pozytywne wiadomo\u015bci\u201d \u2013 napisa\u0142a Niewiadoma na Instagramie.<\/p>\n<p><a href=\"https:\/\/www.instagram.com\/p\/CUiTsPgo403\/?utm_source=ig_web_button_share_sheet\">https:\/\/www.instagram.com\/p\/CUiTsPgo403\/?utm_source=ig_web_button_share_sheet<\/a><\/p>\n<p>Pary\u017c \u2013 Roubaix Femme wygra\u0142a Lizzie Deignan (Trek-Segafredo), przed Marianne Vos (Jumbo-Visma Women Team) i Elis\u0105 Longo Borghini (Trek-Segafredo).<\/p>\n<p><span data-sheets-value=\"{&quot;1&quot;:2,&quot;2&quot;:&quot;Artyku\u0142 powsta\u0142 we wsp\u00f3\u0142pracy ze skoda-auto.pl&quot;}\" data-sheets-userformat=\"{&quot;2&quot;:1,&quot;3&quot;:{&quot;1&quot;:0}}\" data-sheets-hyperlink=\"http:\/\/www.skoda-auto.pl\/\"><a class=\"in-cell-link\" href=\"http:\/\/www.skoda-auto.pl\/\" target=\"_blank\" rel=\"noopener noreferrer\">Artyku\u0142 powsta\u0142 we wsp\u00f3\u0142pracy ze skoda-auto.pl<\/a><\/span><\/p>\n<p><a href=\"https:\/\/www.skoda-auto.pl\/modele\/kodiaq\"><img loading=\"lazy\" decoding=\"async\" class=\"size-full wp-image-11327 aligncenter\" src=\"https:\/\/d2p6e6u75xmxt8.cloudfront.net\/5\/2021\/12\/baner-WLC.jpg\" alt=\"\" width=\"640\" height=\"350\" srcset=\"https:\/\/d2p6e6u75xmxt8.cloudfront.net\/5\/2021\/12\/baner-WLC.jpg 640w, https:\/\/d2p6e6u75xmxt8.cloudfront.net\/5\/2021\/12\/baner-WLC-300x164.jpg 300w\" sizes=\"auto, (max-width: 640px) 100vw, 640px\" \/><\/a><\/p>\n","protected":false},"excerpt":{"rendered":"<p>Gdy pad\u0142 na mecie, nie by\u0142o wiadomo, czy si\u0119 cieszy, czy p\u0142acze. Sonny Colbrelli (Bahrain-Victorious) wygra\u0142 wy\u015bcig Pary\u017c \u2013 Roubaix, [&hellip;]<\/p>\n","protected":false},"author":153,"featured_media":12171,"comment_status":"open","ping_status":"open","sticky":false,"template":"","format":"standard","meta":{"footnotes":""},"categories":[6],"tags":[362],"global-categories":[303],"class_list":["post-12189","post","type-post","status-publish","format-standard","has-post-thumbnail","hentry","category-kolarstwo-szosowe","tag-piotr-nowik","global-categories-cycling"],"yoast_head":"<!-- This site is optimized with the Yoast SEO Premium plugin v25.3 (Yoast SEO v25.9) - https:\/\/yoast.com\/wordpress\/plugins\/seo\/ -->\n<title>B\u0142oto, m\u0119ka i \u0142zy. Tego wy\u015bcigu kolarze d\u0142ugo nie zapomn\u0105! - \u0160koda We Love Cycling - Poland<\/title>\n<meta name=\"robots\" content=\"index, follow, max-snippet:-1, max-image-preview:large, max-video-preview:-1\" \/>\n<link rel=\"canonical\" href=\"https:\/\/www.welovecycling.com\/pl\/2021\/10\/04\/bloto-meka-i-lzy-tego-wyscigu-kolarze-dlugo-nie-zapomna\/\" \/>\n<meta property=\"og:locale\" content=\"pl_PL\" \/>\n<meta property=\"og:type\" content=\"article\" \/>\n<meta property=\"og:title\" content=\"B\u0142oto, m\u0119ka i \u0142zy. Tego wy\u015bcigu kolarze d\u0142ugo nie zapomn\u0105!\" \/>\n<meta property=\"og:description\" content=\"Gdy pad\u0142 na mecie, nie by\u0142o wiadomo, czy si\u0119 cieszy, czy p\u0142acze. Sonny Colbrelli (Bahrain-Victorious) wygra\u0142 wy\u015bcig Pary\u017c \u2013 Roubaix, [&hellip;]\" \/>\n<meta property=\"og:url\" content=\"https:\/\/www.welovecycling.com\/pl\/2021\/10\/04\/bloto-meka-i-lzy-tego-wyscigu-kolarze-dlugo-nie-zapomna\/\" \/>\n<meta property=\"og:site_name\" content=\"\u0160koda We Love Cycling - Poland\" \/>\n<meta property=\"article:published_time\" content=\"2021-10-04T17:00:11+00:00\" \/>\n<meta property=\"article:modified_time\" content=\"2021-10-15T08:41:31+00:00\" \/>\n<meta property=\"og:image\" content=\"https:\/\/d2p6e6u75xmxt8.cloudfront.net\/5\/2021\/09\/Strade-Bianche-Women-profimedia-0595622332-CVR-1024x450-1.jpg\" \/>\n\t<meta property=\"og:image:width\" content=\"1024\" \/>\n\t<meta property=\"og:image:height\" content=\"450\" \/>\n\t<meta property=\"og:image:type\" content=\"image\/jpeg\" \/>\n<meta name=\"author\" content=\"rafal\" \/>\n<meta name=\"twitter:card\" content=\"summary_large_image\" \/>\n<meta name=\"twitter:label1\" content=\"Written by\" \/>\n\t<meta name=\"twitter:data1\" content=\"Piotr Nowik\" \/>\n\t<meta name=\"twitter:label2\" content=\"Est. reading time\" \/>\n\t<meta name=\"twitter:data2\" content=\"3 minutes\" \/>\n<script type=\"application\/ld+json\" class=\"yoast-schema-graph\">{\"@context\":\"https:\/\/schema.org\",\"@graph\":[{\"@type\":\"WebPage\",\"@id\":\"https:\/\/www.welovecycling.com\/pl\/2021\/10\/04\/bloto-meka-i-lzy-tego-wyscigu-kolarze-dlugo-nie-zapomna\/\",\"url\":\"https:\/\/www.welovecycling.com\/pl\/2021\/10\/04\/bloto-meka-i-lzy-tego-wyscigu-kolarze-dlugo-nie-zapomna\/\",\"name\":\"B\u0142oto, m\u0119ka i \u0142zy. Tego wy\u015bcigu kolarze d\u0142ugo nie zapomn\u0105! - \u0160koda We Love Cycling - Poland\",\"isPartOf\":{\"@id\":\"https:\/\/www.welovecycling.com\/pl\/#website\"},\"primaryImageOfPage\":{\"@id\":\"https:\/\/www.welovecycling.com\/pl\/2021\/10\/04\/bloto-meka-i-lzy-tego-wyscigu-kolarze-dlugo-nie-zapomna\/#primaryimage\"},\"image\":{\"@id\":\"https:\/\/www.welovecycling.com\/pl\/2021\/10\/04\/bloto-meka-i-lzy-tego-wyscigu-kolarze-dlugo-nie-zapomna\/#primaryimage\"},\"thumbnailUrl\":\"https:\/\/d2p6e6u75xmxt8.cloudfront.net\/5\/2021\/09\/Strade-Bianche-Women-profimedia-0595622332-CVR-1024x450-1.jpg\",\"datePublished\":\"2021-10-04T17:00:11+00:00\",\"dateModified\":\"2021-10-15T08:41:31+00:00\",\"author\":{\"@id\":\"https:\/\/www.welovecycling.com\/pl\/#\/schema\/person\/bf06ed916a1ef16618807fb60d2ebe42\"},\"breadcrumb\":{\"@id\":\"https:\/\/www.welovecycling.com\/pl\/2021\/10\/04\/bloto-meka-i-lzy-tego-wyscigu-kolarze-dlugo-nie-zapomna\/#breadcrumb\"},\"inLanguage\":\"pl-PL\",\"potentialAction\":[{\"@type\":\"ReadAction\",\"target\":[\"https:\/\/www.welovecycling.com\/pl\/2021\/10\/04\/bloto-meka-i-lzy-tego-wyscigu-kolarze-dlugo-nie-zapomna\/\"]}]},{\"@type\":\"ImageObject\",\"inLanguage\":\"pl-PL\",\"@id\":\"https:\/\/www.welovecycling.com\/pl\/2021\/10\/04\/bloto-meka-i-lzy-tego-wyscigu-kolarze-dlugo-nie-zapomna\/#primaryimage\",\"url\":\"https:\/\/d2p6e6u75xmxt8.cloudfront.net\/5\/2021\/09\/Strade-Bianche-Women-profimedia-0595622332-CVR-1024x450-1.jpg\",\"contentUrl\":\"https:\/\/d2p6e6u75xmxt8.cloudfront.net\/5\/2021\/09\/Strade-Bianche-Women-profimedia-0595622332-CVR-1024x450-1.jpg\",\"width\":1024,\"height\":450},{\"@type\":\"BreadcrumbList\",\"@id\":\"https:\/\/www.welovecycling.com\/pl\/2021\/10\/04\/bloto-meka-i-lzy-tego-wyscigu-kolarze-dlugo-nie-zapomna\/#breadcrumb\",\"itemListElement\":[{\"@type\":\"ListItem\",\"position\":1,\"name\":\"Home\",\"item\":\"https:\/\/www.welovecycling.com\/pl\/\"},{\"@type\":\"ListItem\",\"position\":2,\"name\":\"B\u0142oto, m\u0119ka i \u0142zy. Tego wy\u015bcigu kolarze d\u0142ugo nie zapomn\u0105!\"}]},{\"@type\":\"WebSite\",\"@id\":\"https:\/\/www.welovecycling.com\/pl\/#website\",\"url\":\"https:\/\/www.welovecycling.com\/pl\/\",\"name\":\"\u0160koda We Love Cycling - Poland\",\"description\":\"\",\"potentialAction\":[{\"@type\":\"SearchAction\",\"target\":{\"@type\":\"EntryPoint\",\"urlTemplate\":\"https:\/\/www.welovecycling.com\/pl\/?s={search_term_string}\"},\"query-input\":{\"@type\":\"PropertyValueSpecification\",\"valueRequired\":true,\"valueName\":\"search_term_string\"}}],\"inLanguage\":\"pl-PL\"},{\"@type\":\"Person\",\"@id\":\"https:\/\/www.welovecycling.com\/pl\/#\/schema\/person\/bf06ed916a1ef16618807fb60d2ebe42\",\"name\":\"rafal\",\"image\":{\"@type\":\"ImageObject\",\"inLanguage\":\"pl-PL\",\"@id\":\"https:\/\/www.welovecycling.com\/pl\/#\/schema\/person\/image\/\",\"url\":\"https:\/\/secure.gravatar.com\/avatar\/203f240e63bee214f6f3a0dacbeb600c7829c09716c2b9ee3230c6961debcde2?s=96&d=mm&r=g\",\"contentUrl\":\"https:\/\/secure.gravatar.com\/avatar\/203f240e63bee214f6f3a0dacbeb600c7829c09716c2b9ee3230c6961debcde2?s=96&d=mm&r=g\",\"caption\":\"rafal\"},\"url\":\"https:\/\/www.welovecycling.com\/pl\/author\/rafal\/\"}]}<\/script>\n<!-- \/ Yoast SEO Premium plugin. -->","yoast_head_json":{"title":"B\u0142oto, m\u0119ka i \u0142zy. Tego wy\u015bcigu kolarze d\u0142ugo nie zapomn\u0105! - \u0160koda We Love Cycling - Poland","robots":{"index":"index","follow":"follow","max-snippet":"max-snippet:-1","max-image-preview":"max-image-preview:large","max-video-preview":"max-video-preview:-1"},"canonical":"https:\/\/www.welovecycling.com\/pl\/2021\/10\/04\/bloto-meka-i-lzy-tego-wyscigu-kolarze-dlugo-nie-zapomna\/","og_locale":"pl_PL","og_type":"article","og_title":"B\u0142oto, m\u0119ka i \u0142zy. Tego wy\u015bcigu kolarze d\u0142ugo nie zapomn\u0105!","og_description":"Gdy pad\u0142 na mecie, nie by\u0142o wiadomo, czy si\u0119 cieszy, czy p\u0142acze. Sonny Colbrelli (Bahrain-Victorious) wygra\u0142 wy\u015bcig Pary\u017c \u2013 Roubaix, [&hellip;]","og_url":"https:\/\/www.welovecycling.com\/pl\/2021\/10\/04\/bloto-meka-i-lzy-tego-wyscigu-kolarze-dlugo-nie-zapomna\/","og_site_name":"\u0160koda We Love Cycling - Poland","article_published_time":"2021-10-04T17:00:11+00:00","article_modified_time":"2021-10-15T08:41:31+00:00","og_image":[{"width":1024,"height":450,"url":"https:\/\/d2p6e6u75xmxt8.cloudfront.net\/5\/2021\/09\/Strade-Bianche-Women-profimedia-0595622332-CVR-1024x450-1.jpg","type":"image\/jpeg"}],"author":"rafal","twitter_card":"summary_large_image","twitter_misc":{"Written by":"Piotr Nowik","Est. reading time":"3 minutes"},"schema":{"@context":"https:\/\/schema.org","@graph":[{"@type":"WebPage","@id":"https:\/\/www.welovecycling.com\/pl\/2021\/10\/04\/bloto-meka-i-lzy-tego-wyscigu-kolarze-dlugo-nie-zapomna\/","url":"https:\/\/www.welovecycling.com\/pl\/2021\/10\/04\/bloto-meka-i-lzy-tego-wyscigu-kolarze-dlugo-nie-zapomna\/","name":"B\u0142oto, m\u0119ka i \u0142zy. Tego wy\u015bcigu kolarze d\u0142ugo nie zapomn\u0105! - \u0160koda We Love Cycling - Poland","isPartOf":{"@id":"https:\/\/www.welovecycling.com\/pl\/#website"},"primaryImageOfPage":{"@id":"https:\/\/www.welovecycling.com\/pl\/2021\/10\/04\/bloto-meka-i-lzy-tego-wyscigu-kolarze-dlugo-nie-zapomna\/#primaryimage"},"image":{"@id":"https:\/\/www.welovecycling.com\/pl\/2021\/10\/04\/bloto-meka-i-lzy-tego-wyscigu-kolarze-dlugo-nie-zapomna\/#primaryimage"},"thumbnailUrl":"https:\/\/d2p6e6u75xmxt8.cloudfront.net\/5\/2021\/09\/Strade-Bianche-Women-profimedia-0595622332-CVR-1024x450-1.jpg","datePublished":"2021-10-04T17:00:11+00:00","dateModified":"2021-10-15T08:41:31+00:00","author":{"@id":"https:\/\/www.welovecycling.com\/pl\/#\/schema\/person\/bf06ed916a1ef16618807fb60d2ebe42"},"breadcrumb":{"@id":"https:\/\/www.welovecycling.com\/pl\/2021\/10\/04\/bloto-meka-i-lzy-tego-wyscigu-kolarze-dlugo-nie-zapomna\/#breadcrumb"},"inLanguage":"pl-PL","potentialAction":[{"@type":"ReadAction","target":["https:\/\/www.welovecycling.com\/pl\/2021\/10\/04\/bloto-meka-i-lzy-tego-wyscigu-kolarze-dlugo-nie-zapomna\/"]}]},{"@type":"ImageObject","inLanguage":"pl-PL","@id":"https:\/\/www.welovecycling.com\/pl\/2021\/10\/04\/bloto-meka-i-lzy-tego-wyscigu-kolarze-dlugo-nie-zapomna\/#primaryimage","url":"https:\/\/d2p6e6u75xmxt8.cloudfront.net\/5\/2021\/09\/Strade-Bianche-Women-profimedia-0595622332-CVR-1024x450-1.jpg","contentUrl":"https:\/\/d2p6e6u75xmxt8.cloudfront.net\/5\/2021\/09\/Strade-Bianche-Women-profimedia-0595622332-CVR-1024x450-1.jpg","width":1024,"height":450},{"@type":"BreadcrumbList","@id":"https:\/\/www.welovecycling.com\/pl\/2021\/10\/04\/bloto-meka-i-lzy-tego-wyscigu-kolarze-dlugo-nie-zapomna\/#breadcrumb","itemListElement":[{"@type":"ListItem","position":1,"name":"Home","item":"https:\/\/www.welovecycling.com\/pl\/"},{"@type":"ListItem","position":2,"name":"B\u0142oto, m\u0119ka i \u0142zy. Tego wy\u015bcigu kolarze d\u0142ugo nie zapomn\u0105!"}]},{"@type":"WebSite","@id":"https:\/\/www.welovecycling.com\/pl\/#website","url":"https:\/\/www.welovecycling.com\/pl\/","name":"\u0160koda We Love Cycling - Poland","description":"","potentialAction":[{"@type":"SearchAction","target":{"@type":"EntryPoint","urlTemplate":"https:\/\/www.welovecycling.com\/pl\/?s={search_term_string}"},"query-input":{"@type":"PropertyValueSpecification","valueRequired":true,"valueName":"search_term_string"}}],"inLanguage":"pl-PL"},{"@type":"Person","@id":"https:\/\/www.welovecycling.com\/pl\/#\/schema\/person\/bf06ed916a1ef16618807fb60d2ebe42","name":"rafal","image":{"@type":"ImageObject","inLanguage":"pl-PL","@id":"https:\/\/www.welovecycling.com\/pl\/#\/schema\/person\/image\/","url":"https:\/\/secure.gravatar.com\/avatar\/203f240e63bee214f6f3a0dacbeb600c7829c09716c2b9ee3230c6961debcde2?s=96&d=mm&r=g","contentUrl":"https:\/\/secure.gravatar.com\/avatar\/203f240e63bee214f6f3a0dacbeb600c7829c09716c2b9ee3230c6961debcde2?s=96&d=mm&r=g","caption":"rafal"},"url":"https:\/\/www.welovecycling.com\/pl\/author\/rafal\/"}]}},"_links":{"self":[{"href":"https:\/\/www.welovecycling.com\/pl\/wp-json\/wp\/v2\/posts\/12189","targetHints":{"allow":["GET"]}}],"collection":[{"href":"https:\/\/www.welovecycling.com\/pl\/wp-json\/wp\/v2\/posts"}],"about":[{"href":"https:\/\/www.welovecycling.com\/pl\/wp-json\/wp\/v2\/types\/post"}],"author":[{"embeddable":true,"href":"https:\/\/www.welovecycling.com\/pl\/wp-json\/wp\/v2\/users\/153"}],"replies":[{"embeddable":true,"href":"https:\/\/www.welovecycling.com\/pl\/wp-json\/wp\/v2\/comments?post=12189"}],"version-history":[{"count":2,"href":"https:\/\/www.welovecycling.com\/pl\/wp-json\/wp\/v2\/posts\/12189\/revisions"}],"predecessor-version":[{"id":12198,"href":"https:\/\/www.welovecycling.com\/pl\/wp-json\/wp\/v2\/posts\/12189\/revisions\/12198"}],"wp:featuredmedia":[{"embeddable":true,"href":"https:\/\/www.welovecycling.com\/pl\/wp-json\/wp\/v2\/media\/12171"}],"wp:attachment":[{"href":"https:\/\/www.welovecycling.com\/pl\/wp-json\/wp\/v2\/media?parent=12189"}],"wp:term":[{"taxonomy":"category","embeddable":true,"href":"https:\/\/www.welovecycling.com\/pl\/wp-json\/wp\/v2\/categories?post=12189"},{"taxonomy":"post_tag","embeddable":true,"href":"https:\/\/www.welovecycling.com\/pl\/wp-json\/wp\/v2\/tags?post=12189"},{"taxonomy":"global-categories","embeddable":true,"href":"https:\/\/www.welovecycling.com\/pl\/wp-json\/wp\/v2\/global-categories?post=12189"}],"curies":[{"name":"wp","href":"https:\/\/api.w.org\/{rel}","templated":true}]}}