{"id":12179,"date":"2021-10-01T17:00:11","date_gmt":"2021-10-01T17:00:11","guid":{"rendered":"https:\/\/www.welovecycling.com\/pl\/?p=12179"},"modified":"2021-10-18T12:40:45","modified_gmt":"2021-10-18T12:40:45","slug":"tu-niebezpieczenstwo-czai-sie-na-kazdym-metrze-czas-na-kolarskie-pieklo","status":"publish","type":"post","link":"https:\/\/www.welovecycling.com\/pl\/2021\/10\/01\/tu-niebezpieczenstwo-czai-sie-na-kazdym-metrze-czas-na-kolarskie-pieklo\/","title":{"rendered":"Tu niebezpiecze\u0144stwo czai si\u0119 na ka\u017cdym metrze\u2026 Czas na kolarskie piek\u0142o!"},"content":{"rendered":"<p><strong>\u201ePiek\u0142o p\u00f3\u0142nocy\u201d, \u201eKr\u00f3lowa klasyk\u00f3w\u201d, \u201ePiekielna niedziela\u201d. Nazw ma wiele, ale pod ka\u017cd\u0105 kryje si\u0119 to samo \u2013 jeden z najstarszych, najs\u0142ynniejszych i najbardziej presti\u017cowych wy\u015bcig\u00f3w jednodniowych na \u015bwiecie. W najbli\u017csz\u0105 niedziel\u0119 wraca Pary\u017c \u2013 Roubaix. Dzie\u0144 wcze\u015bniej, po raz pierwszy w historii, na starcie stan\u0105 kobiety.<\/strong><\/p>\n<p>W Atenach rozgrywano pierwsze nowo\u017cytne igrzyska olimpijskie, w Stanach Zjednoczonych w\u0142a\u015bnie opatentowano p\u0142atki kukurydziane, a w Grudzi\u0105dzu \u015bwi\u0119towano uruchomienie pierwszej linii tramwaju konnego. To w\u0142a\u015bnie wtedy, w 1896 r., w po\u0142udniowej Francji po raz pierwszy wystartowa\u0142 wy\u015bcig Pary\u017c \u2013 Roubaix.<\/p>\n<h2><strong>Niebezpiecze\u0144stwo czai si\u0119 na ka\u017cdym metrze<\/strong><\/h2>\n<p>To jeden z najtrudniejszych i najwa\u017cniejszych wy\u015bcig\u00f3w \u015bwiata, a przez 125 lat tylko trzykrotnie musiano zrezygnowa\u0107 z jego organizacji: podczas I i II wojny \u015bwiatowej oraz w trakcie pandemii koronawirusa. Teraz jednak zawody wracaj\u0105 i rozbudzaj\u0105 wyobra\u017anie fan\u00f3w kolarstwa.<\/p>\n<div class=\"embed-controller-wrapper\">\n<blockquote class=\"twitter-tweet\" data-width=\"500\" data-dnt=\"true\">\n<p lang=\"fr\" dir=\"ltr\">\ud83d\udeb4\u200d\u2642\ufe0f\ud83d\udeb4\u200d\u2640\ufe0f The final recces before taking on the Hell of the North!<\/p>\n<p>\ud83d\ude08 Are you all ready?<\/p>\n<p>\ud83d\udeb4\u200d\u2642\ufe0f\ud83d\udeb4\u200d\u2640\ufe0f Ultimes reconnaissances avant d\u2019affronter l\u2019Enfer du Nord !<\/p>\n<p>\ud83d\ude08 \u00cates-vous pr\u00eats et pr\u00eates ?<a href=\"https:\/\/twitter.com\/hashtag\/ParisRoubaix?src=hash&amp;ref_src=twsrc%5Etfw\">#ParisRoubaix<\/a> <a href=\"https:\/\/twitter.com\/hashtag\/ParisRoubaixFemmes?src=hash&amp;ref_src=twsrc%5Etfw\">#ParisRoubaixFemmes<\/a> <a href=\"https:\/\/t.co\/4vEooeikEk\">pic.twitter.com\/4vEooeikEk<\/a><\/p>\n<p>&mdash; Paris-Roubaix (@parisroubaix) <a href=\"https:\/\/twitter.com\/parisroubaix\/status\/1443590797006295050?ref_src=twsrc%5Etfw\">September 30, 2021<\/a><\/p><\/blockquote>\n<p><script async data-src=\"https:\/\/platform.twitter.com\/widgets.js\" charset=\"utf-8\"><\/script><\/div>\n<p>Ostatni Pary\u017c \u2013 Roubaix odby\u0142 si\u0119 w 2019 r. Rok p\u00f3\u017aniej dwukrotnie go przek\u0142adano, ale mimo to nie uda\u0142o si\u0119 wy\u015bcigu zorganizowa\u0107. Start pod znakiem zapytania stan\u0105\u0142 r\u00f3wnie\u017c w tym roku, bo Pary\u017c \u2013 Roubaix zawsze odbywa si\u0119 w kwietniu. W\u00f3wczas jednak sytuacja nie pozwoli\u0142a na jego rozegranie, ale w sobot\u0119 i niedziel\u0119 nic ju\u017c nie powinno stan\u0105\u0107 na przeszkodzie.<\/p>\n<p>Zawodnicy do przejechania b\u0119d\u0105 mieli blisko 258 km. \u015aciganie rozpocznie si\u0119 w podparyskim Compiegne, a zako\u0144czy tradycyjnie na betonowym welodromie w Roubaix. Wszystko mo\u017ce si\u0119 jednak rozstrzygn\u0105\u0107 w miejscach, z kt\u00f3rych wy\u015bcig s\u0142ynie, czyli w sektorach prowadz\u0105cych po brukach. \u0141\u0105cznie po tej nawierzchni zawodnicy przejad\u0105 55 km, a niebezpiecze\u0144stwo upadku b\u0119dzie czai\u0142o si\u0119 na niemal ka\u017cdym metrze.<\/p>\n<div class=\"embed-controller-wrapper\">\n<blockquote class=\"twitter-tweet\" data-width=\"500\" data-dnt=\"true\">\n<p lang=\"en\" dir=\"ltr\">\ud83c\uddeb\ud83c\uddf7 <a href=\"https:\/\/twitter.com\/hashtag\/ParisRoubaix?src=hash&amp;ref_src=twsrc%5Etfw\">#ParisRoubaix<\/a> <\/p>\n<p>Just like a rolling stone\ud83e\udea8 <a href=\"https:\/\/t.co\/GCyFXfY1KE\">pic.twitter.com\/GCyFXfY1KE<\/a><\/p>\n<p>&mdash; Team Visma | Lease a Bike (@vismaleaseabike) <a href=\"https:\/\/twitter.com\/vismaleaseabike\/status\/1443614215533641734?ref_src=twsrc%5Etfw\">September 30, 2021<\/a><\/p><\/blockquote>\n<p><script async data-src=\"https:\/\/platform.twitter.com\/widgets.js\" charset=\"utf-8\"><\/script><\/div>\n<p>Z kolei zawodniczki wystartuj\u0105 w sobot\u0119 z Denain, a na welodromie w Roubaix zamelduj\u0105 si\u0119 po przejechaniu 116 km (w tym niespe\u0142na 30 km po brukach). Panie wyj\u0105tkowo d\u0142ugo musia\u0142y czeka\u0107 na debiut w tej imprezie, poniewa\u017c planowano j\u0105 ju\u017c na kwiecie\u0144 2020 r.<\/p>\n<h2><strong>Polki i Polacy gotowi do startu<\/strong><\/h2>\n<p>Pary\u017c \u2013 Roubaix jest ostatnim z najwa\u017cniejszych jednodniowych wy\u015bcig\u00f3w w tym sezonie, wi\u0119c na starcie mo\u017cna spodziewa\u0107 si\u0119 wielu zawodnik\u00f3w ze \u015bwiatowej czo\u0142\u00f3wki. Bora-hansgrohe stawia na Petera Sagana, a wspiera\u0142 go b\u0119dzie m.in. Maciej Bodnar.<\/p>\n<div class=\"embed-controller-wrapper\">\n<blockquote class=\"twitter-tweet\" data-width=\"500\" data-dnt=\"true\">\n<p lang=\"fr\" dir=\"ltr\">Recon time! There are many roads with cobblestones but only one Hell of the North! <\/p>\n<p>C&#39;est l&#39;heure de la reconnaissance! Il y a plein de routes pav\u00e9es mais un seul Enfer du Nord! <a href=\"https:\/\/twitter.com\/BORAhansgrohe?ref_src=twsrc%5Etfw\">@BORAhansgrohe<\/a> @Paris_Roubaix<\/p>\n<p>(Photos <a href=\"https:\/\/twitter.com\/veloimages?ref_src=twsrc%5Etfw\">@veloimages<\/a> \/ <a href=\"https:\/\/twitter.com\/billy_lebelge?ref_src=twsrc%5Etfw\">@billy_lebelge<\/a>) <a href=\"https:\/\/t.co\/hn5m0h67yz\">pic.twitter.com\/hn5m0h67yz<\/a><\/p>\n<p>&mdash; Peter Sagan (@petosagan) <a href=\"https:\/\/twitter.com\/petosagan\/status\/1443615208652656640?ref_src=twsrc%5Etfw\">September 30, 2021<\/a><\/p><\/blockquote>\n<p><script async data-src=\"https:\/\/platform.twitter.com\/widgets.js\" charset=\"utf-8\"><\/script><\/div>\n<p>Debiut w \u201ePiekle P\u00f3\u0142nocy\u201d zaliczy Micha\u0142 Kwiatkowski, z kolei ten wy\u015bcig najprawdopodobniej b\u0119dzie ostatnim dla Micha\u0142a Go\u0142asia, kt\u00f3ry po sezonie ko\u0144czy zawodow\u0105 karier\u0119. W tej sytuacji ekipa Ineos Grenadiers, cho\u0107 bez swoich najg\u0142o\u015bniejszych nazwisk, b\u0119dzie chcia\u0142a bardzo si\u0119 pokaza\u0107.<\/p>\n<div class=\"embed-controller-wrapper\">\n<blockquote class=\"twitter-tweet\" data-width=\"500\" data-dnt=\"true\">\n<p lang=\"en\" dir=\"ltr\">\ud835\udde5\ud835\uddfc\ud835\ude02\ud835\uddef\ud835\uddee\ud835\uddf6\ud835\ude05 \ud835\uddff\ud835\uddf2\ud835\uddee\ud835\uddf1\ud835\ude06 \ud83d\udc4a. Here&#39;s how we&#39;ll line up on Sunday for the one, the only&#8230; <a href=\"https:\/\/twitter.com\/hashtag\/ParisRoubaix?src=hash&amp;ref_src=twsrc%5Etfw\">#ParisRoubaix<\/a><\/p>\n<p>\u25fb\ufe0f Leonardo Basso<br \/>\u25fb\ufe0f <a href=\"https:\/\/twitter.com\/owaindoull?ref_src=twsrc%5Etfw\">@owaindoull<\/a> <br \/>\u25fb\ufe0f <a href=\"https:\/\/twitter.com\/golasmichal?ref_src=twsrc%5Etfw\">@golasmichal<\/a> <br \/>\u25fb\ufe0f <a href=\"https:\/\/twitter.com\/kwiato?ref_src=twsrc%5Etfw\">@kwiato<\/a> <br \/>\u25fb\ufe0f Gianni Moscon<br \/>\u25fb\ufe0f <a href=\"https:\/\/twitter.com\/LukeRowe1990?ref_src=twsrc%5Etfw\">@LukeRowe1990<\/a> <br \/>\u25fb\ufe0f <a href=\"https:\/\/twitter.com\/DylanvanBaarle?ref_src=twsrc%5Etfw\">@DylanvanBaarle<\/a> <a href=\"https:\/\/t.co\/QfcjohVxI7\">pic.twitter.com\/QfcjohVxI7<\/a><\/p>\n<p>&mdash; INEOS Grenadiers (@INEOSGrenadiers) <a href=\"https:\/\/twitter.com\/INEOSGrenadiers\/status\/1443550565334650886?ref_src=twsrc%5Etfw\">September 30, 2021<\/a><\/p><\/blockquote>\n<p><script async data-src=\"https:\/\/platform.twitter.com\/widgets.js\" charset=\"utf-8\"><\/script><\/div>\n<p>Z Polak\u00f3w w niedziel\u0119 zaprezentowa\u0107 maj\u0105 si\u0119 r\u00f3wnie\u017c Szymon Sajnok (Cofidis) i Stanis\u0142aw Anio\u0142kowski (Bingoal Pauwels Sauces WB), ale tak\u017ce w sobot\u0119 nie zabraknie bia\u0142o-czerwonych, poniewa\u017c na starcie Pary\u017c \u2013 Roubaix Femmes stanie br\u0105zowa medalistka mistrzostw \u015bwiata Katarzyna Niewiadoma (Canyon SRAM Racing) oraz Marta Lach (Ceratizit-WNT).<\/p>\n<div class=\"embed-controller-wrapper\">\n<blockquote class=\"twitter-tweet\" data-width=\"500\" data-dnt=\"true\">\n<p lang=\"en\" dir=\"ltr\">After 125 years, there will be a women&#39;s Paris-Roubaix.<\/p>\n<p>A monumental moment in cycling.<a href=\"https:\/\/twitter.com\/hashtag\/ParisRoubaixFemmes?src=hash&amp;ref_src=twsrc%5Etfw\">#ParisRoubaixFemmes<\/a> <a href=\"https:\/\/twitter.com\/hashtag\/UCIWWT?src=hash&amp;ref_src=twsrc%5Etfw\">#UCIWWT<\/a> <a href=\"https:\/\/t.co\/weDXunwPAB\">https:\/\/t.co\/weDXunwPAB<\/a> <a href=\"https:\/\/t.co\/EB79aZNH9V\">pic.twitter.com\/EB79aZNH9V<\/a><\/p>\n<p>&mdash; CANYON\/\/SRAM Racing &amp; CANYON\/\/SRAM Generation (@WMNcycling) <a href=\"https:\/\/twitter.com\/WMNcycling\/status\/1443480942790815744?ref_src=twsrc%5Etfw\">September 30, 2021<\/a><\/p><\/blockquote>\n<p><script async data-src=\"https:\/\/platform.twitter.com\/widgets.js\" charset=\"utf-8\"><\/script><\/div>\n<p>Wy\u015bcig kobiet zaczyna si\u0119 w sobot\u0119 o godz. 13:30, a m\u0119\u017cczyzn w niedziel\u0119 o godz. 11. Transmisj\u0119 z obu zapowiada Eurosport (pan\u00f3w w ca\u0142o\u015bci, pa\u0144 od godz. 15:15).<\/p>\n<p><span data-sheets-value=\"{&quot;1&quot;:2,&quot;2&quot;:&quot;Artyku\u0142 powsta\u0142 we wsp\u00f3\u0142pracy ze skoda-auto.pl&quot;}\" data-sheets-userformat=\"{&quot;2&quot;:1,&quot;3&quot;:{&quot;1&quot;:0}}\" data-sheets-hyperlink=\"http:\/\/www.skoda-auto.pl\/\"><a class=\"in-cell-link\" href=\"http:\/\/www.skoda-auto.pl\/\" target=\"_blank\" rel=\"noopener noreferrer\">Artyku\u0142 powsta\u0142 we wsp\u00f3\u0142pracy ze skoda-auto.pl<\/a><\/span><\/p>\n<p><a href=\"https:\/\/www.skoda-auto.pl\/modele\/superb\"><img loading=\"lazy\" decoding=\"async\" class=\"alignnone size-full wp-image-11628 aligncenter\" src=\"https:\/\/d2p6e6u75xmxt8.cloudfront.net\/5\/2021\/12\/640x350-2-1.jpg\" alt=\"\" width=\"640\" height=\"350\" srcset=\"https:\/\/d2p6e6u75xmxt8.cloudfront.net\/5\/2021\/12\/640x350-2-1.jpg 640w, https:\/\/d2p6e6u75xmxt8.cloudfront.net\/5\/2021\/12\/640x350-2-1-300x164.jpg 300w\" sizes=\"auto, (max-width: 640px) 100vw, 640px\" \/><\/a><\/p>\n","protected":false},"excerpt":{"rendered":"<p>\u201ePiek\u0142o p\u00f3\u0142nocy\u201d, \u201eKr\u00f3lowa klasyk\u00f3w\u201d, \u201ePiekielna niedziela\u201d. Nazw ma wiele, ale pod ka\u017cd\u0105 kryje si\u0119 to samo \u2013 jeden z najstarszych, [&hellip;]<\/p>\n","protected":false},"author":153,"featured_media":12180,"comment_status":"open","ping_status":"open","sticky":false,"template":"","format":"standard","meta":{"footnotes":""},"categories":[6],"tags":[362],"global-categories":[303],"class_list":["post-12179","post","type-post","status-publish","format-standard","has-post-thumbnail","hentry","category-kolarstwo-szosowe","tag-piotr-nowik","global-categories-cycling"],"yoast_head":"<!-- This site is optimized with the Yoast SEO Premium plugin v25.3 (Yoast SEO v25.9) - https:\/\/yoast.com\/wordpress\/plugins\/seo\/ -->\n<title>Tu niebezpiecze\u0144stwo czai si\u0119 na ka\u017cdym metrze\u2026 Czas na kolarskie piek\u0142o! - \u0160koda We Love Cycling - Poland<\/title>\n<meta name=\"robots\" content=\"index, follow, max-snippet:-1, max-image-preview:large, max-video-preview:-1\" \/>\n<link rel=\"canonical\" href=\"https:\/\/www.welovecycling.com\/pl\/2021\/10\/01\/tu-niebezpieczenstwo-czai-sie-na-kazdym-metrze-czas-na-kolarskie-pieklo\/\" \/>\n<meta property=\"og:locale\" content=\"pl_PL\" \/>\n<meta property=\"og:type\" content=\"article\" \/>\n<meta property=\"og:title\" content=\"Tu niebezpiecze\u0144stwo czai si\u0119 na ka\u017cdym metrze\u2026 Czas na kolarskie piek\u0142o!\" \/>\n<meta property=\"og:description\" content=\"\u201ePiek\u0142o p\u00f3\u0142nocy\u201d, \u201eKr\u00f3lowa klasyk\u00f3w\u201d, \u201ePiekielna niedziela\u201d. Nazw ma wiele, ale pod ka\u017cd\u0105 kryje si\u0119 to samo \u2013 jeden z najstarszych, [&hellip;]\" \/>\n<meta property=\"og:url\" content=\"https:\/\/www.welovecycling.com\/pl\/2021\/10\/01\/tu-niebezpieczenstwo-czai-sie-na-kazdym-metrze-czas-na-kolarskie-pieklo\/\" \/>\n<meta property=\"og:site_name\" content=\"\u0160koda We Love Cycling - Poland\" \/>\n<meta property=\"article:published_time\" content=\"2021-10-01T17:00:11+00:00\" \/>\n<meta property=\"article:modified_time\" content=\"2021-10-18T12:40:45+00:00\" \/>\n<meta property=\"og:image\" content=\"https:\/\/d2p6e6u75xmxt8.cloudfront.net\/5\/2021\/10\/2017-UCI-World-Championships-profimedia-0350287766-CVR-1024x450-1.jpg\" \/>\n\t<meta property=\"og:image:width\" content=\"1024\" \/>\n\t<meta property=\"og:image:height\" content=\"450\" \/>\n\t<meta property=\"og:image:type\" content=\"image\/jpeg\" \/>\n<meta name=\"author\" content=\"rafal\" \/>\n<meta name=\"twitter:card\" content=\"summary_large_image\" \/>\n<meta name=\"twitter:label1\" content=\"Written by\" \/>\n\t<meta name=\"twitter:data1\" content=\"Piotr Nowik\" \/>\n\t<meta name=\"twitter:label2\" content=\"Est. reading time\" \/>\n\t<meta name=\"twitter:data2\" content=\"3 minutes\" \/>\n<script type=\"application\/ld+json\" class=\"yoast-schema-graph\">{\"@context\":\"https:\/\/schema.org\",\"@graph\":[{\"@type\":\"WebPage\",\"@id\":\"https:\/\/www.welovecycling.com\/pl\/2021\/10\/01\/tu-niebezpieczenstwo-czai-sie-na-kazdym-metrze-czas-na-kolarskie-pieklo\/\",\"url\":\"https:\/\/www.welovecycling.com\/pl\/2021\/10\/01\/tu-niebezpieczenstwo-czai-sie-na-kazdym-metrze-czas-na-kolarskie-pieklo\/\",\"name\":\"Tu niebezpiecze\u0144stwo czai si\u0119 na ka\u017cdym metrze\u2026 Czas na kolarskie piek\u0142o! - \u0160koda We Love Cycling - Poland\",\"isPartOf\":{\"@id\":\"https:\/\/www.welovecycling.com\/pl\/#website\"},\"primaryImageOfPage\":{\"@id\":\"https:\/\/www.welovecycling.com\/pl\/2021\/10\/01\/tu-niebezpieczenstwo-czai-sie-na-kazdym-metrze-czas-na-kolarskie-pieklo\/#primaryimage\"},\"image\":{\"@id\":\"https:\/\/www.welovecycling.com\/pl\/2021\/10\/01\/tu-niebezpieczenstwo-czai-sie-na-kazdym-metrze-czas-na-kolarskie-pieklo\/#primaryimage\"},\"thumbnailUrl\":\"https:\/\/d2p6e6u75xmxt8.cloudfront.net\/5\/2021\/10\/2017-UCI-World-Championships-profimedia-0350287766-CVR-1024x450-1.jpg\",\"datePublished\":\"2021-10-01T17:00:11+00:00\",\"dateModified\":\"2021-10-18T12:40:45+00:00\",\"author\":{\"@id\":\"https:\/\/www.welovecycling.com\/pl\/#\/schema\/person\/bf06ed916a1ef16618807fb60d2ebe42\"},\"breadcrumb\":{\"@id\":\"https:\/\/www.welovecycling.com\/pl\/2021\/10\/01\/tu-niebezpieczenstwo-czai-sie-na-kazdym-metrze-czas-na-kolarskie-pieklo\/#breadcrumb\"},\"inLanguage\":\"pl-PL\",\"potentialAction\":[{\"@type\":\"ReadAction\",\"target\":[\"https:\/\/www.welovecycling.com\/pl\/2021\/10\/01\/tu-niebezpieczenstwo-czai-sie-na-kazdym-metrze-czas-na-kolarskie-pieklo\/\"]}]},{\"@type\":\"ImageObject\",\"inLanguage\":\"pl-PL\",\"@id\":\"https:\/\/www.welovecycling.com\/pl\/2021\/10\/01\/tu-niebezpieczenstwo-czai-sie-na-kazdym-metrze-czas-na-kolarskie-pieklo\/#primaryimage\",\"url\":\"https:\/\/d2p6e6u75xmxt8.cloudfront.net\/5\/2021\/10\/2017-UCI-World-Championships-profimedia-0350287766-CVR-1024x450-1.jpg\",\"contentUrl\":\"https:\/\/d2p6e6u75xmxt8.cloudfront.net\/5\/2021\/10\/2017-UCI-World-Championships-profimedia-0350287766-CVR-1024x450-1.jpg\",\"width\":1024,\"height\":450},{\"@type\":\"BreadcrumbList\",\"@id\":\"https:\/\/www.welovecycling.com\/pl\/2021\/10\/01\/tu-niebezpieczenstwo-czai-sie-na-kazdym-metrze-czas-na-kolarskie-pieklo\/#breadcrumb\",\"itemListElement\":[{\"@type\":\"ListItem\",\"position\":1,\"name\":\"Home\",\"item\":\"https:\/\/www.welovecycling.com\/pl\/\"},{\"@type\":\"ListItem\",\"position\":2,\"name\":\"Tu niebezpiecze\u0144stwo czai si\u0119 na ka\u017cdym metrze\u2026 Czas na kolarskie piek\u0142o!\"}]},{\"@type\":\"WebSite\",\"@id\":\"https:\/\/www.welovecycling.com\/pl\/#website\",\"url\":\"https:\/\/www.welovecycling.com\/pl\/\",\"name\":\"\u0160koda We Love Cycling - Poland\",\"description\":\"\",\"potentialAction\":[{\"@type\":\"SearchAction\",\"target\":{\"@type\":\"EntryPoint\",\"urlTemplate\":\"https:\/\/www.welovecycling.com\/pl\/?s={search_term_string}\"},\"query-input\":{\"@type\":\"PropertyValueSpecification\",\"valueRequired\":true,\"valueName\":\"search_term_string\"}}],\"inLanguage\":\"pl-PL\"},{\"@type\":\"Person\",\"@id\":\"https:\/\/www.welovecycling.com\/pl\/#\/schema\/person\/bf06ed916a1ef16618807fb60d2ebe42\",\"name\":\"rafal\",\"image\":{\"@type\":\"ImageObject\",\"inLanguage\":\"pl-PL\",\"@id\":\"https:\/\/www.welovecycling.com\/pl\/#\/schema\/person\/image\/\",\"url\":\"https:\/\/secure.gravatar.com\/avatar\/203f240e63bee214f6f3a0dacbeb600c7829c09716c2b9ee3230c6961debcde2?s=96&d=mm&r=g\",\"contentUrl\":\"https:\/\/secure.gravatar.com\/avatar\/203f240e63bee214f6f3a0dacbeb600c7829c09716c2b9ee3230c6961debcde2?s=96&d=mm&r=g\",\"caption\":\"rafal\"},\"url\":\"https:\/\/www.welovecycling.com\/pl\/author\/rafal\/\"}]}<\/script>\n<!-- \/ Yoast SEO Premium plugin. -->","yoast_head_json":{"title":"Tu niebezpiecze\u0144stwo czai si\u0119 na ka\u017cdym metrze\u2026 Czas na kolarskie piek\u0142o! - \u0160koda We Love Cycling - Poland","robots":{"index":"index","follow":"follow","max-snippet":"max-snippet:-1","max-image-preview":"max-image-preview:large","max-video-preview":"max-video-preview:-1"},"canonical":"https:\/\/www.welovecycling.com\/pl\/2021\/10\/01\/tu-niebezpieczenstwo-czai-sie-na-kazdym-metrze-czas-na-kolarskie-pieklo\/","og_locale":"pl_PL","og_type":"article","og_title":"Tu niebezpiecze\u0144stwo czai si\u0119 na ka\u017cdym metrze\u2026 Czas na kolarskie piek\u0142o!","og_description":"\u201ePiek\u0142o p\u00f3\u0142nocy\u201d, \u201eKr\u00f3lowa klasyk\u00f3w\u201d, \u201ePiekielna niedziela\u201d. Nazw ma wiele, ale pod ka\u017cd\u0105 kryje si\u0119 to samo \u2013 jeden z najstarszych, [&hellip;]","og_url":"https:\/\/www.welovecycling.com\/pl\/2021\/10\/01\/tu-niebezpieczenstwo-czai-sie-na-kazdym-metrze-czas-na-kolarskie-pieklo\/","og_site_name":"\u0160koda We Love Cycling - Poland","article_published_time":"2021-10-01T17:00:11+00:00","article_modified_time":"2021-10-18T12:40:45+00:00","og_image":[{"width":1024,"height":450,"url":"https:\/\/d2p6e6u75xmxt8.cloudfront.net\/5\/2021\/10\/2017-UCI-World-Championships-profimedia-0350287766-CVR-1024x450-1.jpg","type":"image\/jpeg"}],"author":"rafal","twitter_card":"summary_large_image","twitter_misc":{"Written by":"Piotr Nowik","Est. reading time":"3 minutes"},"schema":{"@context":"https:\/\/schema.org","@graph":[{"@type":"WebPage","@id":"https:\/\/www.welovecycling.com\/pl\/2021\/10\/01\/tu-niebezpieczenstwo-czai-sie-na-kazdym-metrze-czas-na-kolarskie-pieklo\/","url":"https:\/\/www.welovecycling.com\/pl\/2021\/10\/01\/tu-niebezpieczenstwo-czai-sie-na-kazdym-metrze-czas-na-kolarskie-pieklo\/","name":"Tu niebezpiecze\u0144stwo czai si\u0119 na ka\u017cdym metrze\u2026 Czas na kolarskie piek\u0142o! - \u0160koda We Love Cycling - Poland","isPartOf":{"@id":"https:\/\/www.welovecycling.com\/pl\/#website"},"primaryImageOfPage":{"@id":"https:\/\/www.welovecycling.com\/pl\/2021\/10\/01\/tu-niebezpieczenstwo-czai-sie-na-kazdym-metrze-czas-na-kolarskie-pieklo\/#primaryimage"},"image":{"@id":"https:\/\/www.welovecycling.com\/pl\/2021\/10\/01\/tu-niebezpieczenstwo-czai-sie-na-kazdym-metrze-czas-na-kolarskie-pieklo\/#primaryimage"},"thumbnailUrl":"https:\/\/d2p6e6u75xmxt8.cloudfront.net\/5\/2021\/10\/2017-UCI-World-Championships-profimedia-0350287766-CVR-1024x450-1.jpg","datePublished":"2021-10-01T17:00:11+00:00","dateModified":"2021-10-18T12:40:45+00:00","author":{"@id":"https:\/\/www.welovecycling.com\/pl\/#\/schema\/person\/bf06ed916a1ef16618807fb60d2ebe42"},"breadcrumb":{"@id":"https:\/\/www.welovecycling.com\/pl\/2021\/10\/01\/tu-niebezpieczenstwo-czai-sie-na-kazdym-metrze-czas-na-kolarskie-pieklo\/#breadcrumb"},"inLanguage":"pl-PL","potentialAction":[{"@type":"ReadAction","target":["https:\/\/www.welovecycling.com\/pl\/2021\/10\/01\/tu-niebezpieczenstwo-czai-sie-na-kazdym-metrze-czas-na-kolarskie-pieklo\/"]}]},{"@type":"ImageObject","inLanguage":"pl-PL","@id":"https:\/\/www.welovecycling.com\/pl\/2021\/10\/01\/tu-niebezpieczenstwo-czai-sie-na-kazdym-metrze-czas-na-kolarskie-pieklo\/#primaryimage","url":"https:\/\/d2p6e6u75xmxt8.cloudfront.net\/5\/2021\/10\/2017-UCI-World-Championships-profimedia-0350287766-CVR-1024x450-1.jpg","contentUrl":"https:\/\/d2p6e6u75xmxt8.cloudfront.net\/5\/2021\/10\/2017-UCI-World-Championships-profimedia-0350287766-CVR-1024x450-1.jpg","width":1024,"height":450},{"@type":"BreadcrumbList","@id":"https:\/\/www.welovecycling.com\/pl\/2021\/10\/01\/tu-niebezpieczenstwo-czai-sie-na-kazdym-metrze-czas-na-kolarskie-pieklo\/#breadcrumb","itemListElement":[{"@type":"ListItem","position":1,"name":"Home","item":"https:\/\/www.welovecycling.com\/pl\/"},{"@type":"ListItem","position":2,"name":"Tu niebezpiecze\u0144stwo czai si\u0119 na ka\u017cdym metrze\u2026 Czas na kolarskie piek\u0142o!"}]},{"@type":"WebSite","@id":"https:\/\/www.welovecycling.com\/pl\/#website","url":"https:\/\/www.welovecycling.com\/pl\/","name":"\u0160koda We Love Cycling - Poland","description":"","potentialAction":[{"@type":"SearchAction","target":{"@type":"EntryPoint","urlTemplate":"https:\/\/www.welovecycling.com\/pl\/?s={search_term_string}"},"query-input":{"@type":"PropertyValueSpecification","valueRequired":true,"valueName":"search_term_string"}}],"inLanguage":"pl-PL"},{"@type":"Person","@id":"https:\/\/www.welovecycling.com\/pl\/#\/schema\/person\/bf06ed916a1ef16618807fb60d2ebe42","name":"rafal","image":{"@type":"ImageObject","inLanguage":"pl-PL","@id":"https:\/\/www.welovecycling.com\/pl\/#\/schema\/person\/image\/","url":"https:\/\/secure.gravatar.com\/avatar\/203f240e63bee214f6f3a0dacbeb600c7829c09716c2b9ee3230c6961debcde2?s=96&d=mm&r=g","contentUrl":"https:\/\/secure.gravatar.com\/avatar\/203f240e63bee214f6f3a0dacbeb600c7829c09716c2b9ee3230c6961debcde2?s=96&d=mm&r=g","caption":"rafal"},"url":"https:\/\/www.welovecycling.com\/pl\/author\/rafal\/"}]}},"_links":{"self":[{"href":"https:\/\/www.welovecycling.com\/pl\/wp-json\/wp\/v2\/posts\/12179","targetHints":{"allow":["GET"]}}],"collection":[{"href":"https:\/\/www.welovecycling.com\/pl\/wp-json\/wp\/v2\/posts"}],"about":[{"href":"https:\/\/www.welovecycling.com\/pl\/wp-json\/wp\/v2\/types\/post"}],"author":[{"embeddable":true,"href":"https:\/\/www.welovecycling.com\/pl\/wp-json\/wp\/v2\/users\/153"}],"replies":[{"embeddable":true,"href":"https:\/\/www.welovecycling.com\/pl\/wp-json\/wp\/v2\/comments?post=12179"}],"version-history":[{"count":1,"href":"https:\/\/www.welovecycling.com\/pl\/wp-json\/wp\/v2\/posts\/12179\/revisions"}],"predecessor-version":[{"id":12187,"href":"https:\/\/www.welovecycling.com\/pl\/wp-json\/wp\/v2\/posts\/12179\/revisions\/12187"}],"wp:featuredmedia":[{"embeddable":true,"href":"https:\/\/www.welovecycling.com\/pl\/wp-json\/wp\/v2\/media\/12180"}],"wp:attachment":[{"href":"https:\/\/www.welovecycling.com\/pl\/wp-json\/wp\/v2\/media?parent=12179"}],"wp:term":[{"taxonomy":"category","embeddable":true,"href":"https:\/\/www.welovecycling.com\/pl\/wp-json\/wp\/v2\/categories?post=12179"},{"taxonomy":"post_tag","embeddable":true,"href":"https:\/\/www.welovecycling.com\/pl\/wp-json\/wp\/v2\/tags?post=12179"},{"taxonomy":"global-categories","embeddable":true,"href":"https:\/\/www.welovecycling.com\/pl\/wp-json\/wp\/v2\/global-categories?post=12179"}],"curies":[{"name":"wp","href":"https:\/\/api.w.org\/{rel}","templated":true}]}}