{"id":12165,"date":"2021-09-27T15:56:29","date_gmt":"2021-09-27T15:56:29","guid":{"rendered":"https:\/\/www.welovecycling.com\/pl\/?p=12165"},"modified":"2023-07-19T09:51:28","modified_gmt":"2023-07-19T09:51:28","slug":"co-za-jazda-katarzyna-niewiadoma-medalistka-mistrzostw-swiata","status":"publish","type":"post","link":"https:\/\/www.welovecycling.com\/pl\/2021\/09\/27\/co-za-jazda-katarzyna-niewiadoma-medalistka-mistrzostw-swiata\/","title":{"rendered":"Co za jazda! Katarzyna Niewiadoma medalistk\u0105 mistrzostw \u015bwiata!"},"content":{"rendered":"<p><strong>Pi\u0119kna walka, pokaz si\u0142y, jazda na skraju ryzyka\u2026 i op\u0142aci\u0142o si\u0119! Katarzyna Niewidoma zosta\u0142a br\u0105zow\u0105 medalistk\u0105 mistrzostw \u015bwiata!<\/strong><\/p>\n<p>Wielu kibic\u00f3w na to liczy\u0142o, ale niewielu m\u00f3wi\u0142o o tym g\u0142o\u015bno. 27-letnia zawodniczka z Limanowej od kilku sezon\u00f3w atakuje czo\u0142\u00f3wk\u0119 \u015bwiatowego kolarstwa, jednak do faworytek sobotniego wy\u015bcigu nie nale\u017ca\u0142a. W rywalizacji o mistrzostwo \u015bwiata da\u0142a jednak z siebie wszystko i stan\u0119\u0142a na podium!<\/p>\n<p>https:\/\/www.instagram.com\/p\/CUQOhFWohGc\/?utm_source=ig_web_button_share_sheet<\/p>\n<h2><strong>\u201eMo\u017ce nawet troszk\u0119 przesadzi\u0142am\u201d<\/strong><\/h2>\n<p>Wiadomo by\u0142o, \u017ce piekielnie mocne b\u0119d\u0105 W\u0142oszki i Holenderki, wi\u0119c obstawiano, \u017ce to mi\u0119dzy\u00a0 nimi rozegra si\u0119 sprawa mistrzostwa \u015bwiata. Do rozdysponowania na podium by\u0142o jeszcze jedno miejsce i w\u0142a\u015bnie o nim nie\u015bmia\u0142o marzyli polscy kibice. Tyle, \u017ce ch\u0119tnych do medalu by\u0142o znaczenie wi\u0119cej.<\/p>\n<p>Zawodniczki mia\u0142y do przejechania blisko 158 km. Trasa by\u0142a trudna i by\u0142o wiadomo, \u017ce nie mo\u017cna pozwoli\u0107 sobie na wi\u0119ksze straty. Peleton wystartowa\u0142 z Antwerpii i ju\u017c wtedy zacz\u0119\u0142y si\u0119 taktyczne szachy, w kt\u00f3rych Niewiadom\u0105 wspiera\u0142y: Marta Jaskulska, Karolina Karasiewicz, Karolina Kumi\u0119ga, Marta Lach i Aurela Nerlo. &#8211; Dziewczyny bardzo mi pomog\u0142y i jestem z nich bardzo dumna. Cho\u0107 na co dzie\u0144 nie je\u017adzimy razem, to by\u0142y bardzo zaanga\u017cowane \u2013 cieszy\u0142a si\u0119 na mecie Niewiadoma.<\/p>\n<p>https:\/\/www.instagram.com\/p\/CURwgBkLmHJ\/?utm_source=ig_web_button_share_sheet<\/p>\n<p>Wydawa\u0142o si\u0119, \u017ce Polka ca\u0142y czas kontroluje sytuacj\u0119 i ci\u0105gle ma wystarczaj\u0105co du\u017co si\u0142y, by jeszcze mocniej zaatakowa\u0107. Pr\u00f3bowa\u0142a rozrywa\u0107 grup\u0119, ale mimo to wy\u015bcig zako\u0144czy\u0142 si\u0119 mocnym sprintem. Doskonale rozegra\u0142y go W\u0142oszki i pierwsza lini\u0119 mety przeci\u0119\u0142a Elisa Balsamo. Zaraz za ni\u0105 by\u0142a Holenderka Marianne Vos, a trzecia Niewiadoma. A ko\u0144c\u00f3wka wy\u015bcigu wygl\u0105da\u0142a tak:<\/p>\n<div class=\"embed-controller-wrapper\">\n<blockquote class=\"twitter-tweet\" data-width=\"500\" data-dnt=\"true\">\n<p lang=\"en\" dir=\"ltr\">Whoever saw this coming?! \ud83e\udd2f<\/p>\n<p>\ud83c\udf08Elisa Balsamo \ud83e\udd47\ud83c\uddee\ud83c\uddf9<a href=\"https:\/\/twitter.com\/hashtag\/Flanders2021?src=hash&amp;ref_src=twsrc%5Etfw\">#Flanders2021<\/a> <a href=\"https:\/\/t.co\/YX1U1odLKY\">pic.twitter.com\/YX1U1odLKY<\/a><\/p>\n<p>&mdash; UCI (@UCI_cycling) <a href=\"https:\/\/twitter.com\/UCI_cycling\/status\/1441776506355650562?ref_src=twsrc%5Etfw\">September 25, 2021<\/a><\/p><\/blockquote>\n<p><script async data-src=\"https:\/\/platform.twitter.com\/widgets.js\" charset=\"utf-8\"><\/script><\/div>\n<p>&#8211; Wiedzia\u0142am, \u017ce b\u0119dzie nerwowo i chaotycznie. Stawia\u0142am wszystko na jedn\u0105 kart\u0119, w jednym zakr\u0119cie zaryzykowa\u0142am upadek. Mo\u017ce nawet troszk\u0119 przesadzi\u0142am, ale mia\u0142am w sobie tyle adrenaliny, \u017ce musia\u0142am i\u015b\u0107 na ca\u0142o\u015b\u0107. Dzi\u0119ki Bogu po drodze nic mi si\u0119 nie sta\u0142o i mog\u0142am dalej atakowa\u0107 \u2013 opowiada\u0142a Polka na mecie.<\/p>\n<p>&#8211; Jestem bardzo szcz\u0119\u015bliwa, bo to m\u00f3j pierwszy medal mistrzostw \u015bwiata. Wreszcie uda\u0142o mi si\u0119 tego dokona\u0107. Wy\u015bcig by\u0142 bardzo ci\u0119\u017cki, szuka\u0142am swoich szans. Oczywi\u015bcie, \u017ce marzy\u0142am o t\u0119czowej koszulce mistrzyni \u015bwiata, ale zdobycie medalu to te\u017c co\u015b niesamowitego \u2013 doda\u0142a.<\/p>\n<div class=\"embed-controller-wrapper\">\n<blockquote class=\"twitter-tweet\" data-width=\"500\" data-dnt=\"true\">\n<p lang=\"pl\" dir=\"ltr\">Katarzyna Niewiadoma na podium mistrzostw \u015bwiata \u2013 pi\u0119kne obrazki i ogromna rado\u015b\u0107\u2757\ufe0f\ud83d\ude0d\ud83c\uddf5\ud83c\uddf1 <a href=\"https:\/\/t.co\/5HR1mrhLIs\">pic.twitter.com\/5HR1mrhLIs<\/a><\/p>\n<p>&mdash; TVP SPORT (@sport_tvppl) <a href=\"https:\/\/twitter.com\/sport_tvppl\/status\/1441777801879867393?ref_src=twsrc%5Etfw\">September 25, 2021<\/a><\/p><\/blockquote>\n<p><script async data-src=\"https:\/\/platform.twitter.com\/widgets.js\" charset=\"utf-8\"><\/script><\/div>\n<h2><strong>Powt\u00f3rka sukcesu<\/strong><\/h2>\n<p>W wy\u015bcigu m\u0119\u017cczyzn liczyli\u015bmy na Micha\u0142a Kwiatkowskiego. Cho\u0107 Polak ma za sob\u0105 trudny i wyczerpuj\u0105cy sezon, to jednak zapowiada\u0142, \u017ce powalczy o medal. W kolarstwie sama ambicja cz\u0119sto jednak nie wystarcza. Mistrz \u015bwiata z 2014 r. atakowa\u0142, ale gdy do gry weszli najlepsi, si\u0142 w nogach ju\u017c mu zabrak\u0142o.<\/p>\n<p>Kwiatkowskiemu pomagali: Maciej Bodnar, Micha\u0142 Go\u0142a\u015b, \u0141ukasz Owsian, Stanis\u0142aw Anio\u0142kowski oraz Cesare Benedetti. Zawodnik\u00f3w do mety nie\u015bli te\u017c zakochani w kolarstwie belgijscy kibice, a najlepiej na trudnej flandryskiej trasie poradzi\u0142 sobie Julian Alaphilippe, kt\u00f3ry obroni\u0142 tytu\u0142 wywalczony przed rokiem.<\/p>\n<p>Francuz finiszowa\u0142 samotnie, a za nim na met\u0119 wjechali Holender Dylan van Baarle i Du\u0144czyk Michael Valgren.\u00a0 Kwiatkowski zaj\u0105\u0142 36. miejsce.<\/p>\n<div class=\"embed-controller-wrapper\">\n<blockquote class=\"twitter-tweet\" data-width=\"500\" data-dnt=\"true\">\n<p lang=\"en\" dir=\"ltr\">2021 UCI ROAD WORLD CHAMPION! <\/p>\n<p>Incredible <a href=\"https:\/\/twitter.com\/alafpolak1?ref_src=twsrc%5Etfw\">@alafpolak1<\/a> \ud83c\uddeb\ud83c\uddf7 <a href=\"https:\/\/twitter.com\/hashtag\/Flanders2021?src=hash&amp;ref_src=twsrc%5Etfw\">#Flanders2021<\/a> <a href=\"https:\/\/t.co\/E04HSP0QhP\">pic.twitter.com\/E04HSP0QhP<\/a><\/p>\n<p>&mdash; UCI (@UCI_cycling) <a href=\"https:\/\/twitter.com\/UCI_cycling\/status\/1442141091936018439?ref_src=twsrc%5Etfw\">September 26, 2021<\/a><\/p><\/blockquote>\n<p><script async data-src=\"https:\/\/platform.twitter.com\/widgets.js\" charset=\"utf-8\"><\/script><\/div>\n<p>Sezon kolarski powoli zbli\u017ca si\u0119 do ko\u0144ca. Z najwi\u0119kszych wy\u015bcig\u00f3w zosta\u0142y jeszcze Pary\u017c \u2013 Roubaix (3 pa\u017adziernika) i Giro di Lombardia (9 pa\u017adziernika). Po nich zawodnicy rozjad\u0105 si\u0119 na urlopy.<\/p>\n<p><span data-sheets-value=\"{&quot;1&quot;:2,&quot;2&quot;:&quot;Artyku\u0142 powsta\u0142 we wsp\u00f3\u0142pracy ze skoda-auto.pl&quot;}\" data-sheets-userformat=\"{&quot;2&quot;:1,&quot;3&quot;:{&quot;1&quot;:0}}\" data-sheets-hyperlink=\"http:\/\/www.skoda-auto.pl\/\"><a class=\"in-cell-link\" href=\"http:\/\/www.skoda-auto.pl\/\" target=\"_blank\" rel=\"noopener noreferrer\">Artyku\u0142 powsta\u0142 we wsp\u00f3\u0142pracy ze skoda-auto.pl<\/a><\/span><\/p>\n<p><img loading=\"lazy\" decoding=\"async\" class=\"aligncenter wp-image-9608 size-full loading\" src=\"https:\/\/d2p6e6u75xmxt8.cloudfront.net\/5\/2019\/08\/baner_WLC_640x350_3.png\" sizes=\"auto, (max-width: 640px) 100vw, 640px\" srcset=\"https:\/\/d2p6e6u75xmxt8.cloudfront.net\/5\/2019\/08\/baner_WLC_640x350_3.png 640w, https:\/\/d2p6e6u75xmxt8.cloudfront.net\/5\/2019\/08\/baner_WLC_640x350_3-300x164.png 300w\" alt=\"\" width=\"640\" height=\"350\" data-was-processed=\"true\" \/><\/p>\n","protected":false},"excerpt":{"rendered":"<p>Pi\u0119kna walka, pokaz si\u0142y, jazda na skraju ryzyka\u2026 i op\u0142aci\u0142o si\u0119! Katarzyna Niewidoma zosta\u0142a br\u0105zow\u0105 medalistk\u0105 mistrzostw \u015bwiata! Wielu kibic\u00f3w [&hellip;]<\/p>\n","protected":false},"author":153,"featured_media":12172,"comment_status":"open","ping_status":"open","sticky":false,"template":"","format":"standard","meta":{"footnotes":""},"categories":[407,6],"tags":[369,362],"global-categories":[303],"class_list":["post-12165","post","type-post","status-publish","format-standard","has-post-thumbnail","hentry","category-kasia-niewiadoma","category-kolarstwo-szosowe","tag-kasia-niewiadoma","tag-piotr-nowik","global-categories-cycling"],"yoast_head":"<!-- This site is optimized with the Yoast SEO Premium plugin v25.3 (Yoast SEO v25.9) - https:\/\/yoast.com\/wordpress\/plugins\/seo\/ -->\n<title>Co za jazda! Katarzyna Niewiadoma medalistk\u0105 mistrzostw \u015bwiata! - \u0160koda We Love Cycling - Poland<\/title>\n<meta name=\"robots\" content=\"index, follow, max-snippet:-1, max-image-preview:large, max-video-preview:-1\" \/>\n<link rel=\"canonical\" href=\"https:\/\/www.welovecycling.com\/pl\/2021\/09\/27\/co-za-jazda-katarzyna-niewiadoma-medalistka-mistrzostw-swiata\/\" \/>\n<meta property=\"og:locale\" content=\"pl_PL\" \/>\n<meta property=\"og:type\" content=\"article\" \/>\n<meta property=\"og:title\" content=\"Co za jazda! Katarzyna Niewiadoma medalistk\u0105 mistrzostw \u015bwiata!\" \/>\n<meta property=\"og:description\" content=\"Pi\u0119kna walka, pokaz si\u0142y, jazda na skraju ryzyka\u2026 i op\u0142aci\u0142o si\u0119! Katarzyna Niewidoma zosta\u0142a br\u0105zow\u0105 medalistk\u0105 mistrzostw \u015bwiata! Wielu kibic\u00f3w [&hellip;]\" \/>\n<meta property=\"og:url\" content=\"https:\/\/www.welovecycling.com\/pl\/2021\/09\/27\/co-za-jazda-katarzyna-niewiadoma-medalistka-mistrzostw-swiata\/\" \/>\n<meta property=\"og:site_name\" content=\"\u0160koda We Love Cycling - Poland\" \/>\n<meta property=\"article:published_time\" content=\"2021-09-27T15:56:29+00:00\" \/>\n<meta property=\"article:modified_time\" content=\"2023-07-19T09:51:28+00:00\" \/>\n<meta property=\"og:image\" content=\"https:\/\/d2p6e6u75xmxt8.cloudfront.net\/5\/2021\/09\/Elisa-Balsamo-profimedia-0634257137-CVR-1024x450-1.jpg\" \/>\n\t<meta property=\"og:image:width\" content=\"1024\" \/>\n\t<meta property=\"og:image:height\" content=\"450\" \/>\n\t<meta property=\"og:image:type\" content=\"image\/jpeg\" \/>\n<meta name=\"author\" content=\"rafal\" \/>\n<meta name=\"twitter:card\" content=\"summary_large_image\" \/>\n<meta name=\"twitter:label1\" content=\"Written by\" \/>\n\t<meta name=\"twitter:data1\" content=\"Piotr Nowik\" \/>\n\t<meta name=\"twitter:label2\" content=\"Est. reading time\" \/>\n\t<meta name=\"twitter:data2\" content=\"3 minutes\" \/>\n<script type=\"application\/ld+json\" class=\"yoast-schema-graph\">{\"@context\":\"https:\/\/schema.org\",\"@graph\":[{\"@type\":\"WebPage\",\"@id\":\"https:\/\/www.welovecycling.com\/pl\/2021\/09\/27\/co-za-jazda-katarzyna-niewiadoma-medalistka-mistrzostw-swiata\/\",\"url\":\"https:\/\/www.welovecycling.com\/pl\/2021\/09\/27\/co-za-jazda-katarzyna-niewiadoma-medalistka-mistrzostw-swiata\/\",\"name\":\"Co za jazda! Katarzyna Niewiadoma medalistk\u0105 mistrzostw \u015bwiata! - \u0160koda We Love Cycling - Poland\",\"isPartOf\":{\"@id\":\"https:\/\/www.welovecycling.com\/pl\/#website\"},\"primaryImageOfPage\":{\"@id\":\"https:\/\/www.welovecycling.com\/pl\/2021\/09\/27\/co-za-jazda-katarzyna-niewiadoma-medalistka-mistrzostw-swiata\/#primaryimage\"},\"image\":{\"@id\":\"https:\/\/www.welovecycling.com\/pl\/2021\/09\/27\/co-za-jazda-katarzyna-niewiadoma-medalistka-mistrzostw-swiata\/#primaryimage\"},\"thumbnailUrl\":\"https:\/\/d2p6e6u75xmxt8.cloudfront.net\/5\/2021\/09\/Elisa-Balsamo-profimedia-0634257137-CVR-1024x450-1.jpg\",\"datePublished\":\"2021-09-27T15:56:29+00:00\",\"dateModified\":\"2023-07-19T09:51:28+00:00\",\"author\":{\"@id\":\"https:\/\/www.welovecycling.com\/pl\/#\/schema\/person\/bf06ed916a1ef16618807fb60d2ebe42\"},\"breadcrumb\":{\"@id\":\"https:\/\/www.welovecycling.com\/pl\/2021\/09\/27\/co-za-jazda-katarzyna-niewiadoma-medalistka-mistrzostw-swiata\/#breadcrumb\"},\"inLanguage\":\"pl-PL\",\"potentialAction\":[{\"@type\":\"ReadAction\",\"target\":[\"https:\/\/www.welovecycling.com\/pl\/2021\/09\/27\/co-za-jazda-katarzyna-niewiadoma-medalistka-mistrzostw-swiata\/\"]}]},{\"@type\":\"ImageObject\",\"inLanguage\":\"pl-PL\",\"@id\":\"https:\/\/www.welovecycling.com\/pl\/2021\/09\/27\/co-za-jazda-katarzyna-niewiadoma-medalistka-mistrzostw-swiata\/#primaryimage\",\"url\":\"https:\/\/d2p6e6u75xmxt8.cloudfront.net\/5\/2021\/09\/Elisa-Balsamo-profimedia-0634257137-CVR-1024x450-1.jpg\",\"contentUrl\":\"https:\/\/d2p6e6u75xmxt8.cloudfront.net\/5\/2021\/09\/Elisa-Balsamo-profimedia-0634257137-CVR-1024x450-1.jpg\",\"width\":1024,\"height\":450},{\"@type\":\"BreadcrumbList\",\"@id\":\"https:\/\/www.welovecycling.com\/pl\/2021\/09\/27\/co-za-jazda-katarzyna-niewiadoma-medalistka-mistrzostw-swiata\/#breadcrumb\",\"itemListElement\":[{\"@type\":\"ListItem\",\"position\":1,\"name\":\"Home\",\"item\":\"https:\/\/www.welovecycling.com\/pl\/\"},{\"@type\":\"ListItem\",\"position\":2,\"name\":\"Co za jazda! Katarzyna Niewiadoma medalistk\u0105 mistrzostw \u015bwiata!\"}]},{\"@type\":\"WebSite\",\"@id\":\"https:\/\/www.welovecycling.com\/pl\/#website\",\"url\":\"https:\/\/www.welovecycling.com\/pl\/\",\"name\":\"\u0160koda We Love Cycling - Poland\",\"description\":\"\",\"potentialAction\":[{\"@type\":\"SearchAction\",\"target\":{\"@type\":\"EntryPoint\",\"urlTemplate\":\"https:\/\/www.welovecycling.com\/pl\/?s={search_term_string}\"},\"query-input\":{\"@type\":\"PropertyValueSpecification\",\"valueRequired\":true,\"valueName\":\"search_term_string\"}}],\"inLanguage\":\"pl-PL\"},{\"@type\":\"Person\",\"@id\":\"https:\/\/www.welovecycling.com\/pl\/#\/schema\/person\/bf06ed916a1ef16618807fb60d2ebe42\",\"name\":\"rafal\",\"image\":{\"@type\":\"ImageObject\",\"inLanguage\":\"pl-PL\",\"@id\":\"https:\/\/www.welovecycling.com\/pl\/#\/schema\/person\/image\/\",\"url\":\"https:\/\/secure.gravatar.com\/avatar\/203f240e63bee214f6f3a0dacbeb600c7829c09716c2b9ee3230c6961debcde2?s=96&d=mm&r=g\",\"contentUrl\":\"https:\/\/secure.gravatar.com\/avatar\/203f240e63bee214f6f3a0dacbeb600c7829c09716c2b9ee3230c6961debcde2?s=96&d=mm&r=g\",\"caption\":\"rafal\"},\"url\":\"https:\/\/www.welovecycling.com\/pl\/author\/rafal\/\"}]}<\/script>\n<!-- \/ Yoast SEO Premium plugin. -->","yoast_head_json":{"title":"Co za jazda! Katarzyna Niewiadoma medalistk\u0105 mistrzostw \u015bwiata! - \u0160koda We Love Cycling - Poland","robots":{"index":"index","follow":"follow","max-snippet":"max-snippet:-1","max-image-preview":"max-image-preview:large","max-video-preview":"max-video-preview:-1"},"canonical":"https:\/\/www.welovecycling.com\/pl\/2021\/09\/27\/co-za-jazda-katarzyna-niewiadoma-medalistka-mistrzostw-swiata\/","og_locale":"pl_PL","og_type":"article","og_title":"Co za jazda! Katarzyna Niewiadoma medalistk\u0105 mistrzostw \u015bwiata!","og_description":"Pi\u0119kna walka, pokaz si\u0142y, jazda na skraju ryzyka\u2026 i op\u0142aci\u0142o si\u0119! Katarzyna Niewidoma zosta\u0142a br\u0105zow\u0105 medalistk\u0105 mistrzostw \u015bwiata! Wielu kibic\u00f3w [&hellip;]","og_url":"https:\/\/www.welovecycling.com\/pl\/2021\/09\/27\/co-za-jazda-katarzyna-niewiadoma-medalistka-mistrzostw-swiata\/","og_site_name":"\u0160koda We Love Cycling - Poland","article_published_time":"2021-09-27T15:56:29+00:00","article_modified_time":"2023-07-19T09:51:28+00:00","og_image":[{"width":1024,"height":450,"url":"https:\/\/d2p6e6u75xmxt8.cloudfront.net\/5\/2021\/09\/Elisa-Balsamo-profimedia-0634257137-CVR-1024x450-1.jpg","type":"image\/jpeg"}],"author":"rafal","twitter_card":"summary_large_image","twitter_misc":{"Written by":"Piotr Nowik","Est. reading time":"3 minutes"},"schema":{"@context":"https:\/\/schema.org","@graph":[{"@type":"WebPage","@id":"https:\/\/www.welovecycling.com\/pl\/2021\/09\/27\/co-za-jazda-katarzyna-niewiadoma-medalistka-mistrzostw-swiata\/","url":"https:\/\/www.welovecycling.com\/pl\/2021\/09\/27\/co-za-jazda-katarzyna-niewiadoma-medalistka-mistrzostw-swiata\/","name":"Co za jazda! Katarzyna Niewiadoma medalistk\u0105 mistrzostw \u015bwiata! - \u0160koda We Love Cycling - Poland","isPartOf":{"@id":"https:\/\/www.welovecycling.com\/pl\/#website"},"primaryImageOfPage":{"@id":"https:\/\/www.welovecycling.com\/pl\/2021\/09\/27\/co-za-jazda-katarzyna-niewiadoma-medalistka-mistrzostw-swiata\/#primaryimage"},"image":{"@id":"https:\/\/www.welovecycling.com\/pl\/2021\/09\/27\/co-za-jazda-katarzyna-niewiadoma-medalistka-mistrzostw-swiata\/#primaryimage"},"thumbnailUrl":"https:\/\/d2p6e6u75xmxt8.cloudfront.net\/5\/2021\/09\/Elisa-Balsamo-profimedia-0634257137-CVR-1024x450-1.jpg","datePublished":"2021-09-27T15:56:29+00:00","dateModified":"2023-07-19T09:51:28+00:00","author":{"@id":"https:\/\/www.welovecycling.com\/pl\/#\/schema\/person\/bf06ed916a1ef16618807fb60d2ebe42"},"breadcrumb":{"@id":"https:\/\/www.welovecycling.com\/pl\/2021\/09\/27\/co-za-jazda-katarzyna-niewiadoma-medalistka-mistrzostw-swiata\/#breadcrumb"},"inLanguage":"pl-PL","potentialAction":[{"@type":"ReadAction","target":["https:\/\/www.welovecycling.com\/pl\/2021\/09\/27\/co-za-jazda-katarzyna-niewiadoma-medalistka-mistrzostw-swiata\/"]}]},{"@type":"ImageObject","inLanguage":"pl-PL","@id":"https:\/\/www.welovecycling.com\/pl\/2021\/09\/27\/co-za-jazda-katarzyna-niewiadoma-medalistka-mistrzostw-swiata\/#primaryimage","url":"https:\/\/d2p6e6u75xmxt8.cloudfront.net\/5\/2021\/09\/Elisa-Balsamo-profimedia-0634257137-CVR-1024x450-1.jpg","contentUrl":"https:\/\/d2p6e6u75xmxt8.cloudfront.net\/5\/2021\/09\/Elisa-Balsamo-profimedia-0634257137-CVR-1024x450-1.jpg","width":1024,"height":450},{"@type":"BreadcrumbList","@id":"https:\/\/www.welovecycling.com\/pl\/2021\/09\/27\/co-za-jazda-katarzyna-niewiadoma-medalistka-mistrzostw-swiata\/#breadcrumb","itemListElement":[{"@type":"ListItem","position":1,"name":"Home","item":"https:\/\/www.welovecycling.com\/pl\/"},{"@type":"ListItem","position":2,"name":"Co za jazda! Katarzyna Niewiadoma medalistk\u0105 mistrzostw \u015bwiata!"}]},{"@type":"WebSite","@id":"https:\/\/www.welovecycling.com\/pl\/#website","url":"https:\/\/www.welovecycling.com\/pl\/","name":"\u0160koda We Love Cycling - Poland","description":"","potentialAction":[{"@type":"SearchAction","target":{"@type":"EntryPoint","urlTemplate":"https:\/\/www.welovecycling.com\/pl\/?s={search_term_string}"},"query-input":{"@type":"PropertyValueSpecification","valueRequired":true,"valueName":"search_term_string"}}],"inLanguage":"pl-PL"},{"@type":"Person","@id":"https:\/\/www.welovecycling.com\/pl\/#\/schema\/person\/bf06ed916a1ef16618807fb60d2ebe42","name":"rafal","image":{"@type":"ImageObject","inLanguage":"pl-PL","@id":"https:\/\/www.welovecycling.com\/pl\/#\/schema\/person\/image\/","url":"https:\/\/secure.gravatar.com\/avatar\/203f240e63bee214f6f3a0dacbeb600c7829c09716c2b9ee3230c6961debcde2?s=96&d=mm&r=g","contentUrl":"https:\/\/secure.gravatar.com\/avatar\/203f240e63bee214f6f3a0dacbeb600c7829c09716c2b9ee3230c6961debcde2?s=96&d=mm&r=g","caption":"rafal"},"url":"https:\/\/www.welovecycling.com\/pl\/author\/rafal\/"}]}},"_links":{"self":[{"href":"https:\/\/www.welovecycling.com\/pl\/wp-json\/wp\/v2\/posts\/12165","targetHints":{"allow":["GET"]}}],"collection":[{"href":"https:\/\/www.welovecycling.com\/pl\/wp-json\/wp\/v2\/posts"}],"about":[{"href":"https:\/\/www.welovecycling.com\/pl\/wp-json\/wp\/v2\/types\/post"}],"author":[{"embeddable":true,"href":"https:\/\/www.welovecycling.com\/pl\/wp-json\/wp\/v2\/users\/153"}],"replies":[{"embeddable":true,"href":"https:\/\/www.welovecycling.com\/pl\/wp-json\/wp\/v2\/comments?post=12165"}],"version-history":[{"count":1,"href":"https:\/\/www.welovecycling.com\/pl\/wp-json\/wp\/v2\/posts\/12165\/revisions"}],"predecessor-version":[{"id":12174,"href":"https:\/\/www.welovecycling.com\/pl\/wp-json\/wp\/v2\/posts\/12165\/revisions\/12174"}],"wp:featuredmedia":[{"embeddable":true,"href":"https:\/\/www.welovecycling.com\/pl\/wp-json\/wp\/v2\/media\/12172"}],"wp:attachment":[{"href":"https:\/\/www.welovecycling.com\/pl\/wp-json\/wp\/v2\/media?parent=12165"}],"wp:term":[{"taxonomy":"category","embeddable":true,"href":"https:\/\/www.welovecycling.com\/pl\/wp-json\/wp\/v2\/categories?post=12165"},{"taxonomy":"post_tag","embeddable":true,"href":"https:\/\/www.welovecycling.com\/pl\/wp-json\/wp\/v2\/tags?post=12165"},{"taxonomy":"global-categories","embeddable":true,"href":"https:\/\/www.welovecycling.com\/pl\/wp-json\/wp\/v2\/global-categories?post=12165"}],"curies":[{"name":"wp","href":"https:\/\/api.w.org\/{rel}","templated":true}]}}