{"id":12156,"date":"2021-09-22T14:00:38","date_gmt":"2021-09-22T14:00:38","guid":{"rendered":"https:\/\/www.welovecycling.com\/pl\/?p=12156"},"modified":"2021-10-18T12:44:50","modified_gmt":"2021-10-18T12:44:50","slug":"rowerem-w-deszcz-oczywiscie","status":"publish","type":"post","link":"https:\/\/www.welovecycling.com\/pl\/2021\/09\/22\/rowerem-w-deszcz-oczywiscie\/","title":{"rendered":"Rowerem w deszcz?! Oczywi\u015bcie!"},"content":{"rendered":"<p><strong>Zaczynaj\u0105 si\u0119 deszczowe dni, a wraz z nimi dylemat: jecha\u0107 czy odpu\u015bci\u0107? Poni\u017cej radzimy, jak wyposa\u017cy\u0107 siebie oraz rower, by opady przesta\u0142y by\u0107 problemem.<\/strong><\/p>\n<p>\u201eNie ma z\u0142ej pogody na rower, s\u0105 tylko \u017ale przygotowani rowerzy\u015bci\u201d \u2013 to has\u0142o s\u0142yszeli\u015bcie pewnie nie raz, ale od lat nie traci ono na aktualno\u015bci. Jak jesieni\u0105 powinien \u201euzbroi\u0107\u201d si\u0119 rowerzysta? Ju\u017c radzimy.<\/p>\n<h2><strong>B\u0142otniki<\/strong><\/h2>\n<p>Je\u015bli chodzi o wyposa\u017cenie roweru, to podstawa. Przydadz\u0105 si\u0119 nie tylko w czasie deszczu, ale tak\u017ce po. I nie tylko nam, ale r\u00f3wnie\u017c innym rowerzystom oraz przechodniom, kt\u00f3rych mo\u017cemy ochlapa\u0107 wod\u0105 oraz b\u0142otem. Je\u015bli nasz rower nie jest wyposa\u017cony w b\u0142otniki, to mo\u017cemy zainwestowa\u0107 w takie, kt\u00f3re czasowo b\u0119dzie mo\u017cna \u015bci\u0105ga\u0107 lub np. montowa\u0107 na rurze podsiod\u0142owej.<\/p>\n<h2><strong>\u015awiat\u0142a<\/strong><\/h2>\n<p>Nie \u0142\u0105cz\u0105 si\u0119 bezpo\u015brednio z deszczem, ale trzeba pami\u0119ta\u0107, \u017ce d\u017cd\u017cysta pogoda pogarsza widoczno\u015b\u0107, do tego jesieni\u0105 coraz wcze\u015bniej robi si\u0119 ciemno. Wkr\u00f3tce powroty z pracy czy szko\u0142y bez odpowiedniego o\u015bwietlenia zrobi\u0105 si\u0119 niebezpiecznie i niezgodne z kodeksem drogowym, wi\u0119c lepiej ju\u017c teraz si\u0119 przygotowa\u0107.<\/p>\n<h2><strong>Sakwy i torby<\/strong><\/h2>\n<p>Je\u015bli rower s\u0142u\u017cy ci do transportu r\u00f3\u017cnych rzeczy, to tak\u017ce musisz go przystosowa\u0107 do deszczowej pogody. Nieprzemakalne sakwy, sakiewki i torby b\u0119d\u0105 na wag\u0119 z\u0142ota, gdy np. b\u0119dziemy musieli przewie\u017a\u0107 laptopa.<\/p>\n<h2><strong>Ubi\u00f3r<\/strong><\/h2>\n<p>To ju\u017c szersze zagadnienie, wi\u0119c warto si\u0119 mu przyjrze\u0107 dok\u0142adniej. Oto podstawowe elementy ubioru, kt\u00f3re przydadz\u0105 si\u0119 podczas jazdy w deszczu:<\/p>\n<p><strong>Wodoodporna kurtka.<\/strong> To nie tylko wyposa\u017cenie na rower, ale na deszczow\u0105 pogod\u0119 w og\u00f3le. Dobrze, \u017ceby nie by\u0142a zbyt gruba, w\u00f3wczas b\u0119dzie s\u0142u\u017cy\u0142a niemal przez ca\u0142y rok (opr\u00f3cz mroz\u00f3w), a zmienia\u0107 b\u0119dziemy tylko ubi\u00f3r pod spodem. Warto r\u00f3wnie\u017c, by taka kurtka mia\u0142a odpowiedni\u0105 membran\u0119, a tak\u017ce kaptur.<\/p>\n<p><strong>Spodnie przeciwdeszczowe.<\/strong> Kurtka ochroni g\u00f3r\u0119 cia\u0142a, spodnie d\u00f3\u0142. Te\u017c powinny by\u0107 wodoszczelne, a szczeg\u00f3lnie polecamy takie, kt\u00f3re maj\u0105 rozpinane nogawki. Dzi\u0119ki temu ich zak\u0142adanie i \u015bci\u0105ganie jest znacznie szybsze i \u0142atwiejsze.<\/p>\n<p><strong>Peleryna rowerowa.<\/strong> Jest bardziej dedykowana w\u0142a\u015bnie do jazdy na rowerze ni\u017c na spacer w deszczu. Dobra peleryna powinna zas\u0142oni\u0107 ca\u0142e cia\u0142o. To bardzo solidna ochrona, cho\u0107 niekt\u00f3rzy twierdz\u0105, \u017ce niezbyt estetyczna, bo troch\u0119 przypomina\u2026 spadochron. Dzi\u0119ki temu jednak od razu mamy os\u0142oni\u0119te od deszczu nie tylko nogi, ale r\u00f3wnie\u017c d\u0142onie.<\/p>\n<p><strong>Ochraniacze na buty.<\/strong> Mokre buty to nic przyjemnego i estetycznego. Dlatego warto zabezpieczy\u0107 je odpowiednimi ochraniaczami. Wa\u017cne, by by\u0142y dobrze dopasowane i si\u0119ga\u0142y co najmniej do kostki.<\/p>\n<p><strong>R\u0119kawiczki.<\/strong> Mokre d\u0142onie w po\u0142\u0105czeniu z zimnym wiatrem oznaczaj\u0105 nieprzyjemne dr\u0119twienie. A zdr\u0119twia\u0142e palce gorzej reaguj\u0105 np. podczas naciskania hamulc\u00f3w czy zmiany prze\u0142o\u017ce\u0144. Poza tym zimne d\u0142onie rowerzy\u015bci cz\u0119sto pr\u00f3buj\u0105 ogrzewa\u0107 w trakcie jazdy w kieszeni, a to prosta droga do upadku.<\/p>\n<p><strong>Czapka pod kask.<\/strong> Skoro pada, to mo\u017ce by\u0107 te\u017c zimno. A je\u015bli nie jest, to pewnie za kilka tygodni ju\u017c b\u0119dzie. Dlatego warto wyposa\u017cy\u0107 si\u0119 w nieprzemakaln\u0105 czapk\u0119 pod kask. Zapewni ciep\u0142o, ochroni przed deszczem, ale nie sprawi, \u017ce b\u0119dziemy musieli zrezygnowa\u0107 z kasku, poniewa\u017c bardzo dok\u0142adnie przylega do g\u0142owy.<\/p>\n<p>Z takim wyposa\u017ceniem jeste\u015bmy przekonani, \u017ce \u017caden deszcz nie b\u0119dzie Wam straszny!<\/p>\n<p><span data-sheets-value=\"{&quot;1&quot;:2,&quot;2&quot;:&quot;Artyku\u0142 powsta\u0142 we wsp\u00f3\u0142pracy ze skoda-auto.pl&quot;}\" data-sheets-userformat=\"{&quot;2&quot;:1,&quot;3&quot;:{&quot;1&quot;:0}}\" data-sheets-hyperlink=\"http:\/\/www.skoda-auto.pl\/\"><a class=\"in-cell-link\" href=\"http:\/\/www.skoda-auto.pl\/\" target=\"_blank\" rel=\"noopener noreferrer\">Artyku\u0142 powsta\u0142 we wsp\u00f3\u0142pracy ze skoda-auto.pl<\/a><\/span><\/p>\n<p><a href=\"https:\/\/www.skoda-auto.pl\/modele\/superb\"><img loading=\"lazy\" decoding=\"async\" class=\"alignnone size-full wp-image-11628 aligncenter\" src=\"https:\/\/d2p6e6u75xmxt8.cloudfront.net\/5\/2021\/12\/640x350-2-1.jpg\" alt=\"\" width=\"640\" height=\"350\" srcset=\"https:\/\/d2p6e6u75xmxt8.cloudfront.net\/5\/2021\/12\/640x350-2-1.jpg 640w, https:\/\/d2p6e6u75xmxt8.cloudfront.net\/5\/2021\/12\/640x350-2-1-300x164.jpg 300w\" sizes=\"auto, (max-width: 640px) 100vw, 640px\" \/><\/a><\/p>\n","protected":false},"excerpt":{"rendered":"<p>Zaczynaj\u0105 si\u0119 deszczowe dni, a wraz z nimi dylemat: jecha\u0107 czy odpu\u015bci\u0107? Poni\u017cej radzimy, jak wyposa\u017cy\u0107 siebie oraz rower, by [&hellip;]<\/p>\n","protected":false},"author":153,"featured_media":12157,"comment_status":"open","ping_status":"open","sticky":false,"template":"","format":"standard","meta":{"footnotes":""},"categories":[7],"tags":[362],"global-categories":[303],"class_list":["post-12156","post","type-post","status-publish","format-standard","has-post-thumbnail","hentry","category-bezpieczenstwo","tag-piotr-nowik","global-categories-cycling"],"yoast_head":"<!-- This site is optimized with the Yoast SEO Premium plugin v25.3 (Yoast SEO v25.9) - https:\/\/yoast.com\/wordpress\/plugins\/seo\/ -->\n<title>Rowerem w deszcz?! Oczywi\u015bcie! - \u0160koda We Love Cycling - Poland<\/title>\n<meta name=\"robots\" content=\"index, follow, max-snippet:-1, max-image-preview:large, max-video-preview:-1\" \/>\n<link rel=\"canonical\" href=\"https:\/\/www.welovecycling.com\/pl\/2021\/09\/22\/rowerem-w-deszcz-oczywiscie\/\" \/>\n<meta property=\"og:locale\" content=\"pl_PL\" \/>\n<meta property=\"og:type\" content=\"article\" \/>\n<meta property=\"og:title\" content=\"Rowerem w deszcz?! Oczywi\u015bcie!\" \/>\n<meta property=\"og:description\" content=\"Zaczynaj\u0105 si\u0119 deszczowe dni, a wraz z nimi dylemat: jecha\u0107 czy odpu\u015bci\u0107? Poni\u017cej radzimy, jak wyposa\u017cy\u0107 siebie oraz rower, by [&hellip;]\" \/>\n<meta property=\"og:url\" content=\"https:\/\/www.welovecycling.com\/pl\/2021\/09\/22\/rowerem-w-deszcz-oczywiscie\/\" \/>\n<meta property=\"og:site_name\" content=\"\u0160koda We Love Cycling - Poland\" \/>\n<meta property=\"article:published_time\" content=\"2021-09-22T14:00:38+00:00\" \/>\n<meta property=\"article:modified_time\" content=\"2021-10-18T12:44:50+00:00\" \/>\n<meta property=\"og:image\" content=\"https:\/\/d2p6e6u75xmxt8.cloudfront.net\/5\/2021\/09\/profimedia-0036359202-1-1024x450-1.jpg\" \/>\n\t<meta property=\"og:image:width\" content=\"1024\" \/>\n\t<meta property=\"og:image:height\" content=\"450\" \/>\n\t<meta property=\"og:image:type\" content=\"image\/jpeg\" \/>\n<meta name=\"author\" content=\"rafal\" \/>\n<meta name=\"twitter:card\" content=\"summary_large_image\" \/>\n<meta name=\"twitter:label1\" content=\"Written by\" \/>\n\t<meta name=\"twitter:data1\" content=\"Piotr Nowik\" \/>\n\t<meta name=\"twitter:label2\" content=\"Est. reading time\" \/>\n\t<meta name=\"twitter:data2\" content=\"3 minutes\" \/>\n<script type=\"application\/ld+json\" class=\"yoast-schema-graph\">{\"@context\":\"https:\/\/schema.org\",\"@graph\":[{\"@type\":\"WebPage\",\"@id\":\"https:\/\/www.welovecycling.com\/pl\/2021\/09\/22\/rowerem-w-deszcz-oczywiscie\/\",\"url\":\"https:\/\/www.welovecycling.com\/pl\/2021\/09\/22\/rowerem-w-deszcz-oczywiscie\/\",\"name\":\"Rowerem w deszcz?! Oczywi\u015bcie! - \u0160koda We Love Cycling - Poland\",\"isPartOf\":{\"@id\":\"https:\/\/www.welovecycling.com\/pl\/#website\"},\"primaryImageOfPage\":{\"@id\":\"https:\/\/www.welovecycling.com\/pl\/2021\/09\/22\/rowerem-w-deszcz-oczywiscie\/#primaryimage\"},\"image\":{\"@id\":\"https:\/\/www.welovecycling.com\/pl\/2021\/09\/22\/rowerem-w-deszcz-oczywiscie\/#primaryimage\"},\"thumbnailUrl\":\"https:\/\/d2p6e6u75xmxt8.cloudfront.net\/5\/2021\/09\/profimedia-0036359202-1-1024x450-1.jpg\",\"datePublished\":\"2021-09-22T14:00:38+00:00\",\"dateModified\":\"2021-10-18T12:44:50+00:00\",\"author\":{\"@id\":\"https:\/\/www.welovecycling.com\/pl\/#\/schema\/person\/bf06ed916a1ef16618807fb60d2ebe42\"},\"breadcrumb\":{\"@id\":\"https:\/\/www.welovecycling.com\/pl\/2021\/09\/22\/rowerem-w-deszcz-oczywiscie\/#breadcrumb\"},\"inLanguage\":\"pl-PL\",\"potentialAction\":[{\"@type\":\"ReadAction\",\"target\":[\"https:\/\/www.welovecycling.com\/pl\/2021\/09\/22\/rowerem-w-deszcz-oczywiscie\/\"]}]},{\"@type\":\"ImageObject\",\"inLanguage\":\"pl-PL\",\"@id\":\"https:\/\/www.welovecycling.com\/pl\/2021\/09\/22\/rowerem-w-deszcz-oczywiscie\/#primaryimage\",\"url\":\"https:\/\/d2p6e6u75xmxt8.cloudfront.net\/5\/2021\/09\/profimedia-0036359202-1-1024x450-1.jpg\",\"contentUrl\":\"https:\/\/d2p6e6u75xmxt8.cloudfront.net\/5\/2021\/09\/profimedia-0036359202-1-1024x450-1.jpg\",\"width\":1024,\"height\":450},{\"@type\":\"BreadcrumbList\",\"@id\":\"https:\/\/www.welovecycling.com\/pl\/2021\/09\/22\/rowerem-w-deszcz-oczywiscie\/#breadcrumb\",\"itemListElement\":[{\"@type\":\"ListItem\",\"position\":1,\"name\":\"Home\",\"item\":\"https:\/\/www.welovecycling.com\/pl\/\"},{\"@type\":\"ListItem\",\"position\":2,\"name\":\"Rowerem w deszcz?! Oczywi\u015bcie!\"}]},{\"@type\":\"WebSite\",\"@id\":\"https:\/\/www.welovecycling.com\/pl\/#website\",\"url\":\"https:\/\/www.welovecycling.com\/pl\/\",\"name\":\"\u0160koda We Love Cycling - Poland\",\"description\":\"\",\"potentialAction\":[{\"@type\":\"SearchAction\",\"target\":{\"@type\":\"EntryPoint\",\"urlTemplate\":\"https:\/\/www.welovecycling.com\/pl\/?s={search_term_string}\"},\"query-input\":{\"@type\":\"PropertyValueSpecification\",\"valueRequired\":true,\"valueName\":\"search_term_string\"}}],\"inLanguage\":\"pl-PL\"},{\"@type\":\"Person\",\"@id\":\"https:\/\/www.welovecycling.com\/pl\/#\/schema\/person\/bf06ed916a1ef16618807fb60d2ebe42\",\"name\":\"rafal\",\"image\":{\"@type\":\"ImageObject\",\"inLanguage\":\"pl-PL\",\"@id\":\"https:\/\/www.welovecycling.com\/pl\/#\/schema\/person\/image\/\",\"url\":\"https:\/\/secure.gravatar.com\/avatar\/203f240e63bee214f6f3a0dacbeb600c7829c09716c2b9ee3230c6961debcde2?s=96&d=mm&r=g\",\"contentUrl\":\"https:\/\/secure.gravatar.com\/avatar\/203f240e63bee214f6f3a0dacbeb600c7829c09716c2b9ee3230c6961debcde2?s=96&d=mm&r=g\",\"caption\":\"rafal\"},\"url\":\"https:\/\/www.welovecycling.com\/pl\/author\/rafal\/\"}]}<\/script>\n<!-- \/ Yoast SEO Premium plugin. -->","yoast_head_json":{"title":"Rowerem w deszcz?! Oczywi\u015bcie! - \u0160koda We Love Cycling - Poland","robots":{"index":"index","follow":"follow","max-snippet":"max-snippet:-1","max-image-preview":"max-image-preview:large","max-video-preview":"max-video-preview:-1"},"canonical":"https:\/\/www.welovecycling.com\/pl\/2021\/09\/22\/rowerem-w-deszcz-oczywiscie\/","og_locale":"pl_PL","og_type":"article","og_title":"Rowerem w deszcz?! Oczywi\u015bcie!","og_description":"Zaczynaj\u0105 si\u0119 deszczowe dni, a wraz z nimi dylemat: jecha\u0107 czy odpu\u015bci\u0107? Poni\u017cej radzimy, jak wyposa\u017cy\u0107 siebie oraz rower, by [&hellip;]","og_url":"https:\/\/www.welovecycling.com\/pl\/2021\/09\/22\/rowerem-w-deszcz-oczywiscie\/","og_site_name":"\u0160koda We Love Cycling - Poland","article_published_time":"2021-09-22T14:00:38+00:00","article_modified_time":"2021-10-18T12:44:50+00:00","og_image":[{"width":1024,"height":450,"url":"https:\/\/d2p6e6u75xmxt8.cloudfront.net\/5\/2021\/09\/profimedia-0036359202-1-1024x450-1.jpg","type":"image\/jpeg"}],"author":"rafal","twitter_card":"summary_large_image","twitter_misc":{"Written by":"Piotr Nowik","Est. reading time":"3 minutes"},"schema":{"@context":"https:\/\/schema.org","@graph":[{"@type":"WebPage","@id":"https:\/\/www.welovecycling.com\/pl\/2021\/09\/22\/rowerem-w-deszcz-oczywiscie\/","url":"https:\/\/www.welovecycling.com\/pl\/2021\/09\/22\/rowerem-w-deszcz-oczywiscie\/","name":"Rowerem w deszcz?! Oczywi\u015bcie! - \u0160koda We Love Cycling - Poland","isPartOf":{"@id":"https:\/\/www.welovecycling.com\/pl\/#website"},"primaryImageOfPage":{"@id":"https:\/\/www.welovecycling.com\/pl\/2021\/09\/22\/rowerem-w-deszcz-oczywiscie\/#primaryimage"},"image":{"@id":"https:\/\/www.welovecycling.com\/pl\/2021\/09\/22\/rowerem-w-deszcz-oczywiscie\/#primaryimage"},"thumbnailUrl":"https:\/\/d2p6e6u75xmxt8.cloudfront.net\/5\/2021\/09\/profimedia-0036359202-1-1024x450-1.jpg","datePublished":"2021-09-22T14:00:38+00:00","dateModified":"2021-10-18T12:44:50+00:00","author":{"@id":"https:\/\/www.welovecycling.com\/pl\/#\/schema\/person\/bf06ed916a1ef16618807fb60d2ebe42"},"breadcrumb":{"@id":"https:\/\/www.welovecycling.com\/pl\/2021\/09\/22\/rowerem-w-deszcz-oczywiscie\/#breadcrumb"},"inLanguage":"pl-PL","potentialAction":[{"@type":"ReadAction","target":["https:\/\/www.welovecycling.com\/pl\/2021\/09\/22\/rowerem-w-deszcz-oczywiscie\/"]}]},{"@type":"ImageObject","inLanguage":"pl-PL","@id":"https:\/\/www.welovecycling.com\/pl\/2021\/09\/22\/rowerem-w-deszcz-oczywiscie\/#primaryimage","url":"https:\/\/d2p6e6u75xmxt8.cloudfront.net\/5\/2021\/09\/profimedia-0036359202-1-1024x450-1.jpg","contentUrl":"https:\/\/d2p6e6u75xmxt8.cloudfront.net\/5\/2021\/09\/profimedia-0036359202-1-1024x450-1.jpg","width":1024,"height":450},{"@type":"BreadcrumbList","@id":"https:\/\/www.welovecycling.com\/pl\/2021\/09\/22\/rowerem-w-deszcz-oczywiscie\/#breadcrumb","itemListElement":[{"@type":"ListItem","position":1,"name":"Home","item":"https:\/\/www.welovecycling.com\/pl\/"},{"@type":"ListItem","position":2,"name":"Rowerem w deszcz?! Oczywi\u015bcie!"}]},{"@type":"WebSite","@id":"https:\/\/www.welovecycling.com\/pl\/#website","url":"https:\/\/www.welovecycling.com\/pl\/","name":"\u0160koda We Love Cycling - Poland","description":"","potentialAction":[{"@type":"SearchAction","target":{"@type":"EntryPoint","urlTemplate":"https:\/\/www.welovecycling.com\/pl\/?s={search_term_string}"},"query-input":{"@type":"PropertyValueSpecification","valueRequired":true,"valueName":"search_term_string"}}],"inLanguage":"pl-PL"},{"@type":"Person","@id":"https:\/\/www.welovecycling.com\/pl\/#\/schema\/person\/bf06ed916a1ef16618807fb60d2ebe42","name":"rafal","image":{"@type":"ImageObject","inLanguage":"pl-PL","@id":"https:\/\/www.welovecycling.com\/pl\/#\/schema\/person\/image\/","url":"https:\/\/secure.gravatar.com\/avatar\/203f240e63bee214f6f3a0dacbeb600c7829c09716c2b9ee3230c6961debcde2?s=96&d=mm&r=g","contentUrl":"https:\/\/secure.gravatar.com\/avatar\/203f240e63bee214f6f3a0dacbeb600c7829c09716c2b9ee3230c6961debcde2?s=96&d=mm&r=g","caption":"rafal"},"url":"https:\/\/www.welovecycling.com\/pl\/author\/rafal\/"}]}},"_links":{"self":[{"href":"https:\/\/www.welovecycling.com\/pl\/wp-json\/wp\/v2\/posts\/12156","targetHints":{"allow":["GET"]}}],"collection":[{"href":"https:\/\/www.welovecycling.com\/pl\/wp-json\/wp\/v2\/posts"}],"about":[{"href":"https:\/\/www.welovecycling.com\/pl\/wp-json\/wp\/v2\/types\/post"}],"author":[{"embeddable":true,"href":"https:\/\/www.welovecycling.com\/pl\/wp-json\/wp\/v2\/users\/153"}],"replies":[{"embeddable":true,"href":"https:\/\/www.welovecycling.com\/pl\/wp-json\/wp\/v2\/comments?post=12156"}],"version-history":[{"count":1,"href":"https:\/\/www.welovecycling.com\/pl\/wp-json\/wp\/v2\/posts\/12156\/revisions"}],"predecessor-version":[{"id":12159,"href":"https:\/\/www.welovecycling.com\/pl\/wp-json\/wp\/v2\/posts\/12156\/revisions\/12159"}],"wp:featuredmedia":[{"embeddable":true,"href":"https:\/\/www.welovecycling.com\/pl\/wp-json\/wp\/v2\/media\/12157"}],"wp:attachment":[{"href":"https:\/\/www.welovecycling.com\/pl\/wp-json\/wp\/v2\/media?parent=12156"}],"wp:term":[{"taxonomy":"category","embeddable":true,"href":"https:\/\/www.welovecycling.com\/pl\/wp-json\/wp\/v2\/categories?post=12156"},{"taxonomy":"post_tag","embeddable":true,"href":"https:\/\/www.welovecycling.com\/pl\/wp-json\/wp\/v2\/tags?post=12156"},{"taxonomy":"global-categories","embeddable":true,"href":"https:\/\/www.welovecycling.com\/pl\/wp-json\/wp\/v2\/global-categories?post=12156"}],"curies":[{"name":"wp","href":"https:\/\/api.w.org\/{rel}","templated":true}]}}