{"id":12148,"date":"2021-09-20T13:00:46","date_gmt":"2021-09-20T13:00:46","guid":{"rendered":"https:\/\/www.welovecycling.com\/pl\/?p=12148"},"modified":"2021-09-20T13:32:17","modified_gmt":"2021-09-20T13:32:17","slug":"poczatek-dnia-z-mleczna-czekolada-ma-swoje-zalety","status":"publish","type":"post","link":"https:\/\/www.welovecycling.com\/pl\/2021\/09\/20\/poczatek-dnia-z-mleczna-czekolada-ma-swoje-zalety\/","title":{"rendered":"Pocz\u0105tek dnia z mleczn\u0105 czekolad\u0105 ma swoje zalety"},"content":{"rendered":"<p><strong>S\u0105dzi si\u0119, \u017ce czekolada tuczy, zw\u0142aszcza je\u015bli jest mleczna. Nowe badania sugeruj\u0105, \u017ce wcale tak nie musi by\u0107. Por\u00f3wnano, co si\u0119 dzieje, gdy kobiety zaczynaj\u0105 dzie\u0144 od tabliczki mlecznej czekolady, kiedy jedz\u0105 j\u0105 wieczorem oraz gdy nie spo\u017cywaj\u0105 jej w og\u00f3le. Wyniki mog\u0105 Ci\u0119 zaskoczy\u0107.<\/strong><\/p>\n<p>Istnieje wiele bada\u0144 dotycz\u0105cych zalet czekolady, kt\u00f3re koncentruj\u0105 si\u0119 na zwi\u0105zkach takich jak polifenole, teobromina lub kofeina, jednak wi\u0119kszo\u015b\u0107 z nich m\u00f3wi o gorzkiej czekoladzie. To <a href=\"https:\/\/pubmed.ncbi.nlm.nih.gov\/34164846\/\"><u>nowe badanie<\/u><\/a> jest pierwszym, kt\u00f3re dotyczy mlecznej czekolady, a tak\u017ce czasu jej spo\u017cywania.<\/p>\n<h2><strong>Poranna tabliczka mlecznej czekolady<\/strong><\/h2>\n<figure id=\"attachment_185586\" aria-describedby=\"caption-attachment-185586\" style=\"width: 1024px\" class=\"wp-caption alignnone\"><img loading=\"lazy\" decoding=\"async\" class=\"loading wp-image-185586 size-large\" src=\"https:\/\/d2p6e6u75xmxt8.cloudfront.net\/2\/2021\/08\/Chocolate-profimedia-0371832875-1024x682.jpg\" sizes=\"auto, (max-width: 1024px) 100vw, 1024px\" srcset=\"https:\/\/d2p6e6u75xmxt8.cloudfront.net\/2\/2021\/08\/Chocolate-profimedia-0371832875-1024x682.jpg 1024w, https:\/\/d2p6e6u75xmxt8.cloudfront.net\/2\/2021\/08\/Chocolate-profimedia-0371832875-300x200.jpg 300w, https:\/\/d2p6e6u75xmxt8.cloudfront.net\/2\/2021\/08\/Chocolate-profimedia-0371832875-768x512.jpg 768w, https:\/\/d2p6e6u75xmxt8.cloudfront.net\/2\/2021\/08\/Chocolate-profimedia-0371832875-272x182.jpg 272w, https:\/\/d2p6e6u75xmxt8.cloudfront.net\/2\/2021\/08\/Chocolate-profimedia-0371832875.jpg 1250w\" alt=\"Chocolate\" width=\"1024\" height=\"682\" data-was-processed=\"true\" \/><figcaption id=\"caption-attachment-185586\" class=\"wp-caption-text\">Jedzenie czekolady rano przynios\u0142o pozytywne efekty. \u00a9 Profimedia<\/figcaption><\/figure>\n<p>Aby pozna\u0107 skutki spo\u017cywania mlecznej czekolady o r\u00f3\u017cnych porach dnia, naukowcy przeprowadzili randomizowane, kontrolowane, krzy\u017cowe badanie, w kt\u00f3rym wzi\u0119\u0142o udzia\u0142 19 kobiet. Uczestniczki przesz\u0142y przez trzy scenariusze, z kt\u00f3rych ka\u017cdy trwa\u0142 14 dni.<\/p>\n<ol>\n<li>Spo\u017cywa\u0142y 100 g mlecznej czekolady rano (w ci\u0105gu godziny od przebudzenia).<\/li>\n<li>Spo\u017cywa\u0142y 100 g mlecznej czekolady na noc (w ci\u0105gu godziny przed snem).<\/li>\n<li>W og\u00f3le nie spo\u017cywa\u0142y czekolady.<\/li>\n<\/ol>\n<p>Czekolada mleczna zawiera\u0142a 18% kakao i sk\u0142ada\u0142a si\u0119 z oko\u0142o 31 g t\u0142uszczu, 58 g w\u0119glowodan\u00f3w, 58 g cukru, 6 g bia\u0142ka i 2 g b\u0142onnika na 100 g.<\/p>\n<h2><strong>Pomaga spali\u0107 t\u0142uszcz i obni\u017cy\u0107 poziom glukozy<\/strong><\/h2>\n<p>Badanie przynios\u0142o kilka bardzo interesuj\u0105cych wynik\u00f3w.<\/p>\n<ul>\n<li>Czekolada spo\u017cywana rano mo\u017ce pom\u00f3c spali\u0107 t\u0142uszcz i obni\u017cy\u0107 poziom glukozy we krwi.<\/li>\n<li>Jedzenie czekolady zar\u00f3wno rano, jak i wieczorem nie prowadzi\u0142o do przyrostu masy cia\u0142a.<\/li>\n<li>Poranna i wieczorna czekolada mo\u017ce wp\u0142ywa\u0107 na g\u0142\u00f3d i apetyt, sk\u0142ad mikrobioty i sen.<\/li>\n<li>Wieczorna czekolada zmieni\u0142a metabolizm spoczynkowy i wysi\u0142kowy nast\u0119pnego ranka.<\/li>\n<\/ul>\n<figure id=\"attachment_185585\" aria-describedby=\"caption-attachment-185585\" style=\"width: 1024px\" class=\"wp-caption alignnone\"><img loading=\"lazy\" decoding=\"async\" class=\"initial loading wp-image-185585 size-large\" src=\"https:\/\/d2p6e6u75xmxt8.cloudfront.net\/2\/2021\/08\/Chocolate-pexels-alleksana-4113301-1024x682.jpg\" sizes=\"auto, (max-width: 1024px) 100vw, 1024px\" srcset=\"https:\/\/d2p6e6u75xmxt8.cloudfront.net\/2\/2021\/08\/Chocolate-pexels-alleksana-4113301-1024x682.jpg 1024w, https:\/\/d2p6e6u75xmxt8.cloudfront.net\/2\/2021\/08\/Chocolate-pexels-alleksana-4113301-300x200.jpg 300w, https:\/\/d2p6e6u75xmxt8.cloudfront.net\/2\/2021\/08\/Chocolate-pexels-alleksana-4113301-768x512.jpg 768w, https:\/\/d2p6e6u75xmxt8.cloudfront.net\/2\/2021\/08\/Chocolate-pexels-alleksana-4113301-272x182.jpg 272w, https:\/\/d2p6e6u75xmxt8.cloudfront.net\/2\/2021\/08\/Chocolate-pexels-alleksana-4113301.jpg 1280w\" alt=\"\" width=\"1024\" height=\"682\" data-was-processed=\"true\" \/><figcaption id=\"caption-attachment-185585\" class=\"wp-caption-text\">Niekt\u00f3re czekolady zawieraj\u0105 bardzo ma\u0142o prawdziwego kakao lub nie zawieraj\u0105 go wcale, inne s\u0105 na\u0142adowane cukrem i wype\u0142niaczami.<\/figcaption><\/figure>\n<p>\u201eNasze odkrycia podkre\u015blaj\u0105, \u017ce nie tylko to, co jemy, ale tak\u017ce kiedy jemy, mo\u017ce wp\u0142ywa\u0107 na mechanizmy fizjologiczne zaanga\u017cowane w regulacj\u0119 masy cia\u0142a\u201d \u2013 powiedzia\u0142 Frank A.J.L. Scheer, wsp\u00f3\u0142autor badania.<\/p>\n<h2><strong>Jak to mo\u017cliwe, \u017ce nie przyty\u0142y?<\/strong><\/h2>\n<p>Badacze sugeruj\u0105, \u017ce zwi\u0119kszone kalorie wynikaj\u0105ce z jedzenia czekolady zosta\u0142y zrekompensowane zmniejszeniem g\u0142odu. Innymi s\u0142owy, uczestniczki jad\u0142y o wiele mniej w dni, kiedy delektowa\u0142y si\u0119 czekolad\u0105.<\/p>\n<p>\u201eOchotniczki nie przyty\u0142y pomimo zwi\u0119kszonego spo\u017cycia kalorii. Nasze wyniki pokazuj\u0105, \u017ce czekolada zmniejszy\u0142a spo\u017cycie energii mimo braku ogranicze\u0144 w diecie, co jest zgodne z obserwowanym zmniejszeniem g\u0142odu, apetytu i ch\u0119ci na s\u0142odycze wykazanym w poprzednich badaniach\u201d \u2013 powiedzia\u0142a Marta Garaulet, wsp\u00f3\u0142autorka badania.<\/p>\n<p>Podsumowuj\u0105c, to badanie to dobra wiadomo\u015b\u0107 dla mi\u0142o\u015bnik\u00f3w s\u0142odko\u015bci, poniewa\u017c czekolada wydaje si\u0119 zmniejsza\u0107 apetyt na s\u0142odycze, a spo\u017cywana rano daje r\u00f3wnie\u017c inne, wspomniane wy\u017cej korzy\u015bci.<\/p>\n<p>A Ty? Jeste\u015b fanem czekolady? Wolisz gorzk\u0105 czy mleczn\u0105?<\/p>\n<p><span data-sheets-value=\"{&quot;1&quot;:2,&quot;2&quot;:&quot;Artyku\u0142 powsta\u0142 we wsp\u00f3\u0142pracy ze skoda-auto.pl&quot;}\" data-sheets-userformat=\"{&quot;2&quot;:1,&quot;3&quot;:{&quot;1&quot;:0}}\" data-sheets-hyperlink=\"http:\/\/www.skoda-auto.pl\/\"><a class=\"in-cell-link\" href=\"http:\/\/www.skoda-auto.pl\/\" target=\"_blank\" rel=\"noopener noreferrer\">Artyku\u0142 powsta\u0142 we wsp\u00f3\u0142pracy ze skoda-auto.pl<\/a><\/span><\/p>\n<p><a href=\"https:\/\/sklep.skoda.pl\/pl\/sklep\/b\/331\/rowery-i-akcesoria-rowery.html\"><img loading=\"lazy\" decoding=\"async\" class=\"aligncenter wp-image-9608 size-full loading\" src=\"https:\/\/d2p6e6u75xmxt8.cloudfront.net\/5\/2019\/08\/baner_WLC_640x350_3.png\" sizes=\"auto, (max-width: 640px) 100vw, 640px\" srcset=\"https:\/\/d2p6e6u75xmxt8.cloudfront.net\/5\/2019\/08\/baner_WLC_640x350_3.png 640w, https:\/\/d2p6e6u75xmxt8.cloudfront.net\/5\/2019\/08\/baner_WLC_640x350_3-300x164.png 300w\" alt=\"\" width=\"640\" height=\"350\" data-was-processed=\"true\" \/><\/a><\/p>\n","protected":false},"excerpt":{"rendered":"<p>S\u0105dzi si\u0119, \u017ce czekolada tuczy, zw\u0142aszcza je\u015bli jest mleczna. Nowe badania sugeruj\u0105, \u017ce wcale tak nie musi by\u0107. Por\u00f3wnano, co [&hellip;]<\/p>\n","protected":false},"author":153,"featured_media":12149,"comment_status":"open","ping_status":"open","sticky":false,"template":"","format":"standard","meta":{"footnotes":""},"categories":[4],"tags":[],"global-categories":[303],"class_list":["post-12148","post","type-post","status-publish","format-standard","has-post-thumbnail","hentry","category-zdrowie-i-trening","global-categories-cycling"],"yoast_head":"<!-- This site is optimized with the Yoast SEO Premium plugin v25.3 (Yoast SEO v25.9) - https:\/\/yoast.com\/wordpress\/plugins\/seo\/ -->\n<title>Pocz\u0105tek dnia z mleczn\u0105 czekolad\u0105 ma swoje zalety - \u0160koda We Love Cycling - Poland<\/title>\n<meta name=\"robots\" content=\"index, follow, max-snippet:-1, max-image-preview:large, max-video-preview:-1\" \/>\n<link rel=\"canonical\" href=\"https:\/\/www.welovecycling.com\/pl\/2021\/09\/20\/poczatek-dnia-z-mleczna-czekolada-ma-swoje-zalety\/\" \/>\n<meta property=\"og:locale\" content=\"pl_PL\" \/>\n<meta property=\"og:type\" content=\"article\" \/>\n<meta property=\"og:title\" content=\"Pocz\u0105tek dnia z mleczn\u0105 czekolad\u0105 ma swoje zalety\" \/>\n<meta property=\"og:description\" content=\"S\u0105dzi si\u0119, \u017ce czekolada tuczy, zw\u0142aszcza je\u015bli jest mleczna. Nowe badania sugeruj\u0105, \u017ce wcale tak nie musi by\u0107. Por\u00f3wnano, co [&hellip;]\" \/>\n<meta property=\"og:url\" content=\"https:\/\/www.welovecycling.com\/pl\/2021\/09\/20\/poczatek-dnia-z-mleczna-czekolada-ma-swoje-zalety\/\" \/>\n<meta property=\"og:site_name\" content=\"\u0160koda We Love Cycling - Poland\" \/>\n<meta property=\"article:published_time\" content=\"2021-09-20T13:00:46+00:00\" \/>\n<meta property=\"article:modified_time\" content=\"2021-09-20T13:32:17+00:00\" \/>\n<meta property=\"og:image\" content=\"https:\/\/d2p6e6u75xmxt8.cloudfront.net\/5\/2021\/09\/Milk-Chocolate-pexels-vie-studio-6167329-CVR-1024x450-1.jpg\" \/>\n\t<meta property=\"og:image:width\" content=\"1024\" \/>\n\t<meta property=\"og:image:height\" content=\"450\" \/>\n\t<meta property=\"og:image:type\" content=\"image\/jpeg\" \/>\n<meta name=\"author\" content=\"rafal\" \/>\n<meta name=\"twitter:card\" content=\"summary_large_image\" \/>\n<meta name=\"twitter:label1\" content=\"Written by\" \/>\n\t<meta name=\"twitter:data1\" content=\"Ji\u0159\u00ed Kalo\u010d\" \/>\n\t<meta name=\"twitter:label2\" content=\"Est. reading time\" \/>\n\t<meta name=\"twitter:data2\" content=\"3 minutes\" \/>\n<script type=\"application\/ld+json\" class=\"yoast-schema-graph\">{\"@context\":\"https:\/\/schema.org\",\"@graph\":[{\"@type\":\"WebPage\",\"@id\":\"https:\/\/www.welovecycling.com\/pl\/2021\/09\/20\/poczatek-dnia-z-mleczna-czekolada-ma-swoje-zalety\/\",\"url\":\"https:\/\/www.welovecycling.com\/pl\/2021\/09\/20\/poczatek-dnia-z-mleczna-czekolada-ma-swoje-zalety\/\",\"name\":\"Pocz\u0105tek dnia z mleczn\u0105 czekolad\u0105 ma swoje zalety - \u0160koda We Love Cycling - Poland\",\"isPartOf\":{\"@id\":\"https:\/\/www.welovecycling.com\/pl\/#website\"},\"primaryImageOfPage\":{\"@id\":\"https:\/\/www.welovecycling.com\/pl\/2021\/09\/20\/poczatek-dnia-z-mleczna-czekolada-ma-swoje-zalety\/#primaryimage\"},\"image\":{\"@id\":\"https:\/\/www.welovecycling.com\/pl\/2021\/09\/20\/poczatek-dnia-z-mleczna-czekolada-ma-swoje-zalety\/#primaryimage\"},\"thumbnailUrl\":\"https:\/\/d2p6e6u75xmxt8.cloudfront.net\/5\/2021\/09\/Milk-Chocolate-pexels-vie-studio-6167329-CVR-1024x450-1.jpg\",\"datePublished\":\"2021-09-20T13:00:46+00:00\",\"dateModified\":\"2021-09-20T13:32:17+00:00\",\"author\":{\"@id\":\"https:\/\/www.welovecycling.com\/pl\/#\/schema\/person\/bf06ed916a1ef16618807fb60d2ebe42\"},\"breadcrumb\":{\"@id\":\"https:\/\/www.welovecycling.com\/pl\/2021\/09\/20\/poczatek-dnia-z-mleczna-czekolada-ma-swoje-zalety\/#breadcrumb\"},\"inLanguage\":\"pl-PL\",\"potentialAction\":[{\"@type\":\"ReadAction\",\"target\":[\"https:\/\/www.welovecycling.com\/pl\/2021\/09\/20\/poczatek-dnia-z-mleczna-czekolada-ma-swoje-zalety\/\"]}]},{\"@type\":\"ImageObject\",\"inLanguage\":\"pl-PL\",\"@id\":\"https:\/\/www.welovecycling.com\/pl\/2021\/09\/20\/poczatek-dnia-z-mleczna-czekolada-ma-swoje-zalety\/#primaryimage\",\"url\":\"https:\/\/d2p6e6u75xmxt8.cloudfront.net\/5\/2021\/09\/Milk-Chocolate-pexels-vie-studio-6167329-CVR-1024x450-1.jpg\",\"contentUrl\":\"https:\/\/d2p6e6u75xmxt8.cloudfront.net\/5\/2021\/09\/Milk-Chocolate-pexels-vie-studio-6167329-CVR-1024x450-1.jpg\",\"width\":1024,\"height\":450},{\"@type\":\"BreadcrumbList\",\"@id\":\"https:\/\/www.welovecycling.com\/pl\/2021\/09\/20\/poczatek-dnia-z-mleczna-czekolada-ma-swoje-zalety\/#breadcrumb\",\"itemListElement\":[{\"@type\":\"ListItem\",\"position\":1,\"name\":\"Home\",\"item\":\"https:\/\/www.welovecycling.com\/pl\/\"},{\"@type\":\"ListItem\",\"position\":2,\"name\":\"Pocz\u0105tek dnia z mleczn\u0105 czekolad\u0105 ma swoje zalety\"}]},{\"@type\":\"WebSite\",\"@id\":\"https:\/\/www.welovecycling.com\/pl\/#website\",\"url\":\"https:\/\/www.welovecycling.com\/pl\/\",\"name\":\"\u0160koda We Love Cycling - Poland\",\"description\":\"\",\"potentialAction\":[{\"@type\":\"SearchAction\",\"target\":{\"@type\":\"EntryPoint\",\"urlTemplate\":\"https:\/\/www.welovecycling.com\/pl\/?s={search_term_string}\"},\"query-input\":{\"@type\":\"PropertyValueSpecification\",\"valueRequired\":true,\"valueName\":\"search_term_string\"}}],\"inLanguage\":\"pl-PL\"},{\"@type\":\"Person\",\"@id\":\"https:\/\/www.welovecycling.com\/pl\/#\/schema\/person\/bf06ed916a1ef16618807fb60d2ebe42\",\"name\":\"rafal\",\"image\":{\"@type\":\"ImageObject\",\"inLanguage\":\"pl-PL\",\"@id\":\"https:\/\/www.welovecycling.com\/pl\/#\/schema\/person\/image\/\",\"url\":\"https:\/\/secure.gravatar.com\/avatar\/203f240e63bee214f6f3a0dacbeb600c7829c09716c2b9ee3230c6961debcde2?s=96&d=mm&r=g\",\"contentUrl\":\"https:\/\/secure.gravatar.com\/avatar\/203f240e63bee214f6f3a0dacbeb600c7829c09716c2b9ee3230c6961debcde2?s=96&d=mm&r=g\",\"caption\":\"rafal\"},\"url\":\"https:\/\/www.welovecycling.com\/pl\/author\/rafal\/\"}]}<\/script>\n<!-- \/ Yoast SEO Premium plugin. -->","yoast_head_json":{"title":"Pocz\u0105tek dnia z mleczn\u0105 czekolad\u0105 ma swoje zalety - \u0160koda We Love Cycling - Poland","robots":{"index":"index","follow":"follow","max-snippet":"max-snippet:-1","max-image-preview":"max-image-preview:large","max-video-preview":"max-video-preview:-1"},"canonical":"https:\/\/www.welovecycling.com\/pl\/2021\/09\/20\/poczatek-dnia-z-mleczna-czekolada-ma-swoje-zalety\/","og_locale":"pl_PL","og_type":"article","og_title":"Pocz\u0105tek dnia z mleczn\u0105 czekolad\u0105 ma swoje zalety","og_description":"S\u0105dzi si\u0119, \u017ce czekolada tuczy, zw\u0142aszcza je\u015bli jest mleczna. Nowe badania sugeruj\u0105, \u017ce wcale tak nie musi by\u0107. Por\u00f3wnano, co [&hellip;]","og_url":"https:\/\/www.welovecycling.com\/pl\/2021\/09\/20\/poczatek-dnia-z-mleczna-czekolada-ma-swoje-zalety\/","og_site_name":"\u0160koda We Love Cycling - Poland","article_published_time":"2021-09-20T13:00:46+00:00","article_modified_time":"2021-09-20T13:32:17+00:00","og_image":[{"width":1024,"height":450,"url":"https:\/\/d2p6e6u75xmxt8.cloudfront.net\/5\/2021\/09\/Milk-Chocolate-pexels-vie-studio-6167329-CVR-1024x450-1.jpg","type":"image\/jpeg"}],"author":"rafal","twitter_card":"summary_large_image","twitter_misc":{"Written by":"Ji\u0159\u00ed Kalo\u010d","Est. reading time":"3 minutes"},"schema":{"@context":"https:\/\/schema.org","@graph":[{"@type":"WebPage","@id":"https:\/\/www.welovecycling.com\/pl\/2021\/09\/20\/poczatek-dnia-z-mleczna-czekolada-ma-swoje-zalety\/","url":"https:\/\/www.welovecycling.com\/pl\/2021\/09\/20\/poczatek-dnia-z-mleczna-czekolada-ma-swoje-zalety\/","name":"Pocz\u0105tek dnia z mleczn\u0105 czekolad\u0105 ma swoje zalety - \u0160koda We Love Cycling - Poland","isPartOf":{"@id":"https:\/\/www.welovecycling.com\/pl\/#website"},"primaryImageOfPage":{"@id":"https:\/\/www.welovecycling.com\/pl\/2021\/09\/20\/poczatek-dnia-z-mleczna-czekolada-ma-swoje-zalety\/#primaryimage"},"image":{"@id":"https:\/\/www.welovecycling.com\/pl\/2021\/09\/20\/poczatek-dnia-z-mleczna-czekolada-ma-swoje-zalety\/#primaryimage"},"thumbnailUrl":"https:\/\/d2p6e6u75xmxt8.cloudfront.net\/5\/2021\/09\/Milk-Chocolate-pexels-vie-studio-6167329-CVR-1024x450-1.jpg","datePublished":"2021-09-20T13:00:46+00:00","dateModified":"2021-09-20T13:32:17+00:00","author":{"@id":"https:\/\/www.welovecycling.com\/pl\/#\/schema\/person\/bf06ed916a1ef16618807fb60d2ebe42"},"breadcrumb":{"@id":"https:\/\/www.welovecycling.com\/pl\/2021\/09\/20\/poczatek-dnia-z-mleczna-czekolada-ma-swoje-zalety\/#breadcrumb"},"inLanguage":"pl-PL","potentialAction":[{"@type":"ReadAction","target":["https:\/\/www.welovecycling.com\/pl\/2021\/09\/20\/poczatek-dnia-z-mleczna-czekolada-ma-swoje-zalety\/"]}]},{"@type":"ImageObject","inLanguage":"pl-PL","@id":"https:\/\/www.welovecycling.com\/pl\/2021\/09\/20\/poczatek-dnia-z-mleczna-czekolada-ma-swoje-zalety\/#primaryimage","url":"https:\/\/d2p6e6u75xmxt8.cloudfront.net\/5\/2021\/09\/Milk-Chocolate-pexels-vie-studio-6167329-CVR-1024x450-1.jpg","contentUrl":"https:\/\/d2p6e6u75xmxt8.cloudfront.net\/5\/2021\/09\/Milk-Chocolate-pexels-vie-studio-6167329-CVR-1024x450-1.jpg","width":1024,"height":450},{"@type":"BreadcrumbList","@id":"https:\/\/www.welovecycling.com\/pl\/2021\/09\/20\/poczatek-dnia-z-mleczna-czekolada-ma-swoje-zalety\/#breadcrumb","itemListElement":[{"@type":"ListItem","position":1,"name":"Home","item":"https:\/\/www.welovecycling.com\/pl\/"},{"@type":"ListItem","position":2,"name":"Pocz\u0105tek dnia z mleczn\u0105 czekolad\u0105 ma swoje zalety"}]},{"@type":"WebSite","@id":"https:\/\/www.welovecycling.com\/pl\/#website","url":"https:\/\/www.welovecycling.com\/pl\/","name":"\u0160koda We Love Cycling - Poland","description":"","potentialAction":[{"@type":"SearchAction","target":{"@type":"EntryPoint","urlTemplate":"https:\/\/www.welovecycling.com\/pl\/?s={search_term_string}"},"query-input":{"@type":"PropertyValueSpecification","valueRequired":true,"valueName":"search_term_string"}}],"inLanguage":"pl-PL"},{"@type":"Person","@id":"https:\/\/www.welovecycling.com\/pl\/#\/schema\/person\/bf06ed916a1ef16618807fb60d2ebe42","name":"rafal","image":{"@type":"ImageObject","inLanguage":"pl-PL","@id":"https:\/\/www.welovecycling.com\/pl\/#\/schema\/person\/image\/","url":"https:\/\/secure.gravatar.com\/avatar\/203f240e63bee214f6f3a0dacbeb600c7829c09716c2b9ee3230c6961debcde2?s=96&d=mm&r=g","contentUrl":"https:\/\/secure.gravatar.com\/avatar\/203f240e63bee214f6f3a0dacbeb600c7829c09716c2b9ee3230c6961debcde2?s=96&d=mm&r=g","caption":"rafal"},"url":"https:\/\/www.welovecycling.com\/pl\/author\/rafal\/"}]}},"_links":{"self":[{"href":"https:\/\/www.welovecycling.com\/pl\/wp-json\/wp\/v2\/posts\/12148","targetHints":{"allow":["GET"]}}],"collection":[{"href":"https:\/\/www.welovecycling.com\/pl\/wp-json\/wp\/v2\/posts"}],"about":[{"href":"https:\/\/www.welovecycling.com\/pl\/wp-json\/wp\/v2\/types\/post"}],"author":[{"embeddable":true,"href":"https:\/\/www.welovecycling.com\/pl\/wp-json\/wp\/v2\/users\/153"}],"replies":[{"embeddable":true,"href":"https:\/\/www.welovecycling.com\/pl\/wp-json\/wp\/v2\/comments?post=12148"}],"version-history":[{"count":2,"href":"https:\/\/www.welovecycling.com\/pl\/wp-json\/wp\/v2\/posts\/12148\/revisions"}],"predecessor-version":[{"id":12153,"href":"https:\/\/www.welovecycling.com\/pl\/wp-json\/wp\/v2\/posts\/12148\/revisions\/12153"}],"wp:featuredmedia":[{"embeddable":true,"href":"https:\/\/www.welovecycling.com\/pl\/wp-json\/wp\/v2\/media\/12149"}],"wp:attachment":[{"href":"https:\/\/www.welovecycling.com\/pl\/wp-json\/wp\/v2\/media?parent=12148"}],"wp:term":[{"taxonomy":"category","embeddable":true,"href":"https:\/\/www.welovecycling.com\/pl\/wp-json\/wp\/v2\/categories?post=12148"},{"taxonomy":"post_tag","embeddable":true,"href":"https:\/\/www.welovecycling.com\/pl\/wp-json\/wp\/v2\/tags?post=12148"},{"taxonomy":"global-categories","embeddable":true,"href":"https:\/\/www.welovecycling.com\/pl\/wp-json\/wp\/v2\/global-categories?post=12148"}],"curies":[{"name":"wp","href":"https:\/\/api.w.org\/{rel}","templated":true}]}}