{"id":12142,"date":"2021-09-17T12:00:45","date_gmt":"2021-09-17T12:00:45","guid":{"rendered":"https:\/\/www.welovecycling.com\/pl\/?p=12142"},"modified":"2021-10-18T12:42:46","modified_gmt":"2021-10-18T12:42:46","slug":"zamykamy-sezon-nic-z-tych-rzeczy-startuja-mistrzostwa-swiata","status":"publish","type":"post","link":"https:\/\/www.welovecycling.com\/pl\/2021\/09\/17\/zamykamy-sezon-nic-z-tych-rzeczy-startuja-mistrzostwa-swiata\/","title":{"rendered":"Zamykamy sezon? Nic z tych rzeczy. Startuj\u0105 mistrzostwa \u015bwiata!"},"content":{"rendered":"<p><strong>Sezon kolarski powoli zbli\u017ca si\u0119 do ko\u0144ca, jednak zawodnicy nie hamuj\u0105, ale wrzucaj\u0105 wy\u017cszy bieg. W niedziel\u0119 rozpoczynaj\u0105 si\u0119 mistrzostwa \u015bwiata w kolarstwie szosowym Flandria 2021!<\/strong><\/p>\n<p>Niekt\u00f3rzy mogliby si\u0119 ju\u017c przygotowywa\u0107 do zimowego roztrenowania. Powoli konserwowa\u0107 sprz\u0119t, zmniejsza\u0107 obroty, przechodzi\u0107 w okres regeneracji. Nic z tych rzeczy! Mimo \u017ce wy\u015bcigi Grand Tour ju\u017c za nami, to nie oznacza to, i\u017c kolarskie emocje ju\u017c si\u0119 sko\u0144czy\u0142y.<\/p>\n<p>https:\/\/twitter.com\/ucirwc2021\/status\/1438267525347766276?s=20<\/p>\n<p>Tradycyjnie mistrzostwa \u015bwiata by\u0142y ostatnim z najpowa\u017cniejszych akcent\u00f3w sezonu, ale w tym roku b\u0119dziemy czekali jeszcze na prze\u0142o\u017cony klasyk Pary\u017c \u2013 Roubaix (ma si\u0119 doby\u0107 3 pa\u017adziernika). Tegoroczna walka m.in. o t\u0119czow\u0105 koszulk\u0119 zapowiada si\u0119 jednak bardzo ciekawie, bo rywalizacja b\u0119dzie toczy\u0142a si\u0119 po kr\u0119tych i w\u0105skich uliczkach Flandrii, mi\u0119dzy rozkochanymi w kolarstwie kibicami. W takich okoliczno\u015bci\u0105 walk\u0119 o medale zapowiada Micha\u0142 Kwiatkowski.<\/p>\n<h2><strong>Powt\u00f3rka sprzed siedmiu lat mile widziana\u00a0<\/strong><\/h2>\n<p>Dla 31-letniego Polaka mistrzostwa \u015bwiata to czas, gdy mo\u017ce b\u0142ysn\u0105\u0107. Zawodnik Ineos Grenadiers podczas wielkich tour\u00f3w jest wa\u017cn\u0105 postaci\u0105 zespo\u0142u, ale na og\u00f3\u0142 chowa si\u0119 w cieniu lider\u00f3w. Gdy jednak zak\u0142ada bia\u0142o-czerwone barwy, my\u015bli tylko o zwyci\u0119stwie. &#8211; Jazda w koszulce z or\u0142em dodaje motywacji. Zrobi\u0119 wszystko, by by\u0107 jak najlepiej przygotowanym do walki \u2013 m\u00f3wi \u201eKwiato\u201d serwisowi Cyclingnews.com.<\/p>\n<p>Tak by\u0142o siedem lat temu w Ponferradzie. Oczywi\u015bcie, \u017ce wtedy Kwiatkowski te\u017c m\u00f3wi\u0142 o medalu, ale lista zawodnik\u00f3w z takimi ambicjami by\u0142a niemal r\u00f3wna d\u0142ugo\u015bci listy startowej. Polak zadziwi\u0142 jednak ca\u0142y kolarski \u015bwiat dojrza\u0142o\u015bci\u0105 oraz waleczno\u015bci\u0105 &#8211; zdoby\u0142 z\u0142oto i przez rok dumnie je\u017adzi\u0142 w t\u0119czowej koszulce zarezerwowanej w\u0142a\u015bnie dla mistrza \u015bwiata.<\/p>\n<div class=\"embed-controller-wrapper\">\n<blockquote class=\"twitter-tweet\" data-width=\"500\" data-dnt=\"true\">\n<p lang=\"pl\" dir=\"ltr\">WORLD CHAMPION &#8211; MICHAL KWIATKOWSKI<a href=\"https:\/\/t.co\/8CTwJtYibm\">https:\/\/t.co\/8CTwJtYibm<\/a><a href=\"https:\/\/twitter.com\/hashtag\/TUBED?src=hash&amp;ref_src=twsrc%5Etfw\">#TUBED<\/a> <a href=\"https:\/\/twitter.com\/hashtag\/Sports?src=hash&amp;ref_src=twsrc%5Etfw\">#Sports<\/a> <a href=\"http:\/\/t.co\/ZqhVQLFzoa\">pic.twitter.com\/ZqhVQLFzoa<\/a><\/p>\n<p>&mdash; TUBED Sports APP (@TUBEDSports) <a href=\"https:\/\/twitter.com\/TUBEDSports\/status\/578376884330827777?ref_src=twsrc%5Etfw\">March 19, 2015<\/a><\/p><\/blockquote>\n<p><script async data-src=\"https:\/\/platform.twitter.com\/widgets.js\" charset=\"utf-8\"><\/script><\/div>\n<p>W tym roku Kwiatkowski celuje w wy\u015bcig ze startu wsp\u00f3lnego elity m\u0119\u017cczyzn (z Antwerpii do Leuven). &#8211; Czeka mnie 260 kilometr\u00f3w pe\u0142nej koncentracji. To b\u0119dzie bardzo wymagaj\u0105cy wy\u015bcig. Trzeba mie\u0107 bardzo mocn\u0105 g\u0142ow\u0119, szczeg\u00f3lnie w tym momencie. To by\u0142 d\u0142ugi sezon, w kt\u00f3rym nie mia\u0142em zbyt wielu przerw. Zapewniam jednak, \u017ce b\u0119d\u0119 bardzo mocno zmotywowany. Chc\u0119 w dobrym stylu zaprezentowa\u0107 si\u0119 na mistrzostwach \u015bwiata i w wy\u015bcigu Pary\u017c-Roubaix. Postaram si\u0119 zapolowa\u0107 na medal \u2013 podkre\u015bla.<\/p>\n<h2><strong>Co jeszcze czeka nas na mistrzostwach \u015bwiata?<\/strong><\/h2>\n<p>Wy\u015bcig ze startu wsp\u00f3lnego elity m\u0119\u017cczyzn zaplanowany jest na 26 wrze\u015bnia i b\u0119dzie to ostatni akcent mistrzostw, kt\u00f3re zaczynaj\u0105 si\u0119 ju\u017c w niedziel\u0119 jazd\u0105 indywidualn\u0105 na czas elity m\u0119\u017cczyzn (tu Polak\u00f3w tak\u017ce ma reprezentowa\u0107 Kwiatkowski, poniewa\u017c Maciej Bodnar nie dosta\u0142 zgody na start od swojej grupy Bora-Hansgrohe). Trasa tego wy\u015bcigu prowadzi z Knokke-Heist do Brugii i liczy 43,3 km. Dzie\u0144 p\u00f3\u017aniej w tej samej konkurencji i w tej samej lokalizacji, ale na trasie kr\u00f3tszej o 13 km trasie, b\u0119d\u0105 rywalizowa\u0142y kobiety. P\u00f3\u017aniej do g\u0142osu dojd\u0105 juniorzy oraz m\u0142odzie\u017cowcy.<\/p>\n<p>W sobot\u0119 (25 wrze\u015bnia) o medale mistrzostw \u015bwiata w wy\u015bcig ze startu wsp\u00f3lnego powalcz\u0105 kobiety (Antwerpia \u2013 Leuven, 157,7 km), a nazajutrz m\u0119\u017cczy\u017ani (Antwerpia \u2013 Leuven, 268,3 km).<\/p>\n<p>https:\/\/twitter.com\/ucirwc2021\/status\/1438270082941997057?s=20<\/p>\n<p>Transmisje z wy\u015bcig\u00f3w w Eurosporcie i TVP Sport. Trzymamy kciuki za bia\u0142o \u2013 czerwonych!<\/p>\n<p><span data-sheets-value=\"{&quot;1&quot;:2,&quot;2&quot;:&quot;Artyku\u0142 powsta\u0142 we wsp\u00f3\u0142pracy ze skoda-auto.pl&quot;}\" data-sheets-userformat=\"{&quot;2&quot;:1,&quot;3&quot;:{&quot;1&quot;:0}}\" data-sheets-hyperlink=\"http:\/\/www.skoda-auto.pl\/\"><a class=\"in-cell-link\" href=\"http:\/\/www.skoda-auto.pl\/\" target=\"_blank\" rel=\"noopener noreferrer\">Artyku\u0142 powsta\u0142 we wsp\u00f3\u0142pracy ze skoda-auto.pl<\/a><\/span><\/p>\n<p><img loading=\"lazy\" decoding=\"async\" class=\"alignnone size-full wp-image-11630 aligncenter\" src=\"https:\/\/d2p6e6u75xmxt8.cloudfront.net\/5\/2021\/12\/640x350-1.jpg\" alt=\"\" width=\"640\" height=\"350\" srcset=\"https:\/\/d2p6e6u75xmxt8.cloudfront.net\/5\/2021\/12\/640x350-1.jpg 640w, https:\/\/d2p6e6u75xmxt8.cloudfront.net\/5\/2021\/12\/640x350-1-300x164.jpg 300w\" sizes=\"auto, (max-width: 640px) 100vw, 640px\" \/><\/p>\n","protected":false},"excerpt":{"rendered":"<p>Sezon kolarski powoli zbli\u017ca si\u0119 do ko\u0144ca, jednak zawodnicy nie hamuj\u0105, ale wrzucaj\u0105 wy\u017cszy bieg. W niedziel\u0119 rozpoczynaj\u0105 si\u0119 mistrzostwa [&hellip;]<\/p>\n","protected":false},"author":153,"featured_media":12143,"comment_status":"open","ping_status":"open","sticky":false,"template":"","format":"standard","meta":{"footnotes":""},"categories":[6],"tags":[362],"global-categories":[303],"class_list":["post-12142","post","type-post","status-publish","format-standard","has-post-thumbnail","hentry","category-kolarstwo-szosowe","tag-piotr-nowik","global-categories-cycling"],"yoast_head":"<!-- This site is optimized with the Yoast SEO Premium plugin v25.3 (Yoast SEO v25.9) - https:\/\/yoast.com\/wordpress\/plugins\/seo\/ -->\n<title>Zamykamy sezon? Nic z tych rzeczy. Startuj\u0105 mistrzostwa \u015bwiata! - \u0160koda We Love Cycling - Poland<\/title>\n<meta name=\"robots\" content=\"index, follow, max-snippet:-1, max-image-preview:large, max-video-preview:-1\" \/>\n<link rel=\"canonical\" href=\"https:\/\/www.welovecycling.com\/pl\/2021\/09\/17\/zamykamy-sezon-nic-z-tych-rzeczy-startuja-mistrzostwa-swiata\/\" \/>\n<meta property=\"og:locale\" content=\"pl_PL\" \/>\n<meta property=\"og:type\" content=\"article\" \/>\n<meta property=\"og:title\" content=\"Zamykamy sezon? Nic z tych rzeczy. Startuj\u0105 mistrzostwa \u015bwiata!\" \/>\n<meta property=\"og:description\" content=\"Sezon kolarski powoli zbli\u017ca si\u0119 do ko\u0144ca, jednak zawodnicy nie hamuj\u0105, ale wrzucaj\u0105 wy\u017cszy bieg. W niedziel\u0119 rozpoczynaj\u0105 si\u0119 mistrzostwa [&hellip;]\" \/>\n<meta property=\"og:url\" content=\"https:\/\/www.welovecycling.com\/pl\/2021\/09\/17\/zamykamy-sezon-nic-z-tych-rzeczy-startuja-mistrzostwa-swiata\/\" \/>\n<meta property=\"og:site_name\" content=\"\u0160koda We Love Cycling - Poland\" \/>\n<meta property=\"article:published_time\" content=\"2021-09-17T12:00:45+00:00\" \/>\n<meta property=\"article:modified_time\" content=\"2021-10-18T12:42:46+00:00\" \/>\n<meta property=\"og:image\" content=\"https:\/\/d2p6e6u75xmxt8.cloudfront.net\/5\/2021\/09\/shutterstock_635675588.jpg\" \/>\n\t<meta property=\"og:image:width\" content=\"1000\" \/>\n\t<meta property=\"og:image:height\" content=\"474\" \/>\n\t<meta property=\"og:image:type\" content=\"image\/jpeg\" \/>\n<meta name=\"author\" content=\"rafal\" \/>\n<meta name=\"twitter:card\" content=\"summary_large_image\" \/>\n<meta name=\"twitter:label1\" content=\"Written by\" \/>\n\t<meta name=\"twitter:data1\" content=\"Piotr Nowik\" \/>\n\t<meta name=\"twitter:label2\" content=\"Est. reading time\" \/>\n\t<meta name=\"twitter:data2\" content=\"3 minutes\" \/>\n<script type=\"application\/ld+json\" class=\"yoast-schema-graph\">{\"@context\":\"https:\/\/schema.org\",\"@graph\":[{\"@type\":\"WebPage\",\"@id\":\"https:\/\/www.welovecycling.com\/pl\/2021\/09\/17\/zamykamy-sezon-nic-z-tych-rzeczy-startuja-mistrzostwa-swiata\/\",\"url\":\"https:\/\/www.welovecycling.com\/pl\/2021\/09\/17\/zamykamy-sezon-nic-z-tych-rzeczy-startuja-mistrzostwa-swiata\/\",\"name\":\"Zamykamy sezon? Nic z tych rzeczy. Startuj\u0105 mistrzostwa \u015bwiata! - \u0160koda We Love Cycling - Poland\",\"isPartOf\":{\"@id\":\"https:\/\/www.welovecycling.com\/pl\/#website\"},\"primaryImageOfPage\":{\"@id\":\"https:\/\/www.welovecycling.com\/pl\/2021\/09\/17\/zamykamy-sezon-nic-z-tych-rzeczy-startuja-mistrzostwa-swiata\/#primaryimage\"},\"image\":{\"@id\":\"https:\/\/www.welovecycling.com\/pl\/2021\/09\/17\/zamykamy-sezon-nic-z-tych-rzeczy-startuja-mistrzostwa-swiata\/#primaryimage\"},\"thumbnailUrl\":\"https:\/\/d2p6e6u75xmxt8.cloudfront.net\/5\/2021\/09\/shutterstock_635675588.jpg\",\"datePublished\":\"2021-09-17T12:00:45+00:00\",\"dateModified\":\"2021-10-18T12:42:46+00:00\",\"author\":{\"@id\":\"https:\/\/www.welovecycling.com\/pl\/#\/schema\/person\/bf06ed916a1ef16618807fb60d2ebe42\"},\"breadcrumb\":{\"@id\":\"https:\/\/www.welovecycling.com\/pl\/2021\/09\/17\/zamykamy-sezon-nic-z-tych-rzeczy-startuja-mistrzostwa-swiata\/#breadcrumb\"},\"inLanguage\":\"pl-PL\",\"potentialAction\":[{\"@type\":\"ReadAction\",\"target\":[\"https:\/\/www.welovecycling.com\/pl\/2021\/09\/17\/zamykamy-sezon-nic-z-tych-rzeczy-startuja-mistrzostwa-swiata\/\"]}]},{\"@type\":\"ImageObject\",\"inLanguage\":\"pl-PL\",\"@id\":\"https:\/\/www.welovecycling.com\/pl\/2021\/09\/17\/zamykamy-sezon-nic-z-tych-rzeczy-startuja-mistrzostwa-swiata\/#primaryimage\",\"url\":\"https:\/\/d2p6e6u75xmxt8.cloudfront.net\/5\/2021\/09\/shutterstock_635675588.jpg\",\"contentUrl\":\"https:\/\/d2p6e6u75xmxt8.cloudfront.net\/5\/2021\/09\/shutterstock_635675588.jpg\",\"width\":1000,\"height\":474},{\"@type\":\"BreadcrumbList\",\"@id\":\"https:\/\/www.welovecycling.com\/pl\/2021\/09\/17\/zamykamy-sezon-nic-z-tych-rzeczy-startuja-mistrzostwa-swiata\/#breadcrumb\",\"itemListElement\":[{\"@type\":\"ListItem\",\"position\":1,\"name\":\"Home\",\"item\":\"https:\/\/www.welovecycling.com\/pl\/\"},{\"@type\":\"ListItem\",\"position\":2,\"name\":\"Zamykamy sezon? Nic z tych rzeczy. Startuj\u0105 mistrzostwa \u015bwiata!\"}]},{\"@type\":\"WebSite\",\"@id\":\"https:\/\/www.welovecycling.com\/pl\/#website\",\"url\":\"https:\/\/www.welovecycling.com\/pl\/\",\"name\":\"\u0160koda We Love Cycling - Poland\",\"description\":\"\",\"potentialAction\":[{\"@type\":\"SearchAction\",\"target\":{\"@type\":\"EntryPoint\",\"urlTemplate\":\"https:\/\/www.welovecycling.com\/pl\/?s={search_term_string}\"},\"query-input\":{\"@type\":\"PropertyValueSpecification\",\"valueRequired\":true,\"valueName\":\"search_term_string\"}}],\"inLanguage\":\"pl-PL\"},{\"@type\":\"Person\",\"@id\":\"https:\/\/www.welovecycling.com\/pl\/#\/schema\/person\/bf06ed916a1ef16618807fb60d2ebe42\",\"name\":\"rafal\",\"image\":{\"@type\":\"ImageObject\",\"inLanguage\":\"pl-PL\",\"@id\":\"https:\/\/www.welovecycling.com\/pl\/#\/schema\/person\/image\/\",\"url\":\"https:\/\/secure.gravatar.com\/avatar\/203f240e63bee214f6f3a0dacbeb600c7829c09716c2b9ee3230c6961debcde2?s=96&d=mm&r=g\",\"contentUrl\":\"https:\/\/secure.gravatar.com\/avatar\/203f240e63bee214f6f3a0dacbeb600c7829c09716c2b9ee3230c6961debcde2?s=96&d=mm&r=g\",\"caption\":\"rafal\"},\"url\":\"https:\/\/www.welovecycling.com\/pl\/author\/rafal\/\"}]}<\/script>\n<!-- \/ Yoast SEO Premium plugin. -->","yoast_head_json":{"title":"Zamykamy sezon? Nic z tych rzeczy. Startuj\u0105 mistrzostwa \u015bwiata! - \u0160koda We Love Cycling - Poland","robots":{"index":"index","follow":"follow","max-snippet":"max-snippet:-1","max-image-preview":"max-image-preview:large","max-video-preview":"max-video-preview:-1"},"canonical":"https:\/\/www.welovecycling.com\/pl\/2021\/09\/17\/zamykamy-sezon-nic-z-tych-rzeczy-startuja-mistrzostwa-swiata\/","og_locale":"pl_PL","og_type":"article","og_title":"Zamykamy sezon? Nic z tych rzeczy. Startuj\u0105 mistrzostwa \u015bwiata!","og_description":"Sezon kolarski powoli zbli\u017ca si\u0119 do ko\u0144ca, jednak zawodnicy nie hamuj\u0105, ale wrzucaj\u0105 wy\u017cszy bieg. W niedziel\u0119 rozpoczynaj\u0105 si\u0119 mistrzostwa [&hellip;]","og_url":"https:\/\/www.welovecycling.com\/pl\/2021\/09\/17\/zamykamy-sezon-nic-z-tych-rzeczy-startuja-mistrzostwa-swiata\/","og_site_name":"\u0160koda We Love Cycling - Poland","article_published_time":"2021-09-17T12:00:45+00:00","article_modified_time":"2021-10-18T12:42:46+00:00","og_image":[{"width":1000,"height":474,"url":"https:\/\/d2p6e6u75xmxt8.cloudfront.net\/5\/2021\/09\/shutterstock_635675588.jpg","type":"image\/jpeg"}],"author":"rafal","twitter_card":"summary_large_image","twitter_misc":{"Written by":"Piotr Nowik","Est. reading time":"3 minutes"},"schema":{"@context":"https:\/\/schema.org","@graph":[{"@type":"WebPage","@id":"https:\/\/www.welovecycling.com\/pl\/2021\/09\/17\/zamykamy-sezon-nic-z-tych-rzeczy-startuja-mistrzostwa-swiata\/","url":"https:\/\/www.welovecycling.com\/pl\/2021\/09\/17\/zamykamy-sezon-nic-z-tych-rzeczy-startuja-mistrzostwa-swiata\/","name":"Zamykamy sezon? Nic z tych rzeczy. Startuj\u0105 mistrzostwa \u015bwiata! - \u0160koda We Love Cycling - Poland","isPartOf":{"@id":"https:\/\/www.welovecycling.com\/pl\/#website"},"primaryImageOfPage":{"@id":"https:\/\/www.welovecycling.com\/pl\/2021\/09\/17\/zamykamy-sezon-nic-z-tych-rzeczy-startuja-mistrzostwa-swiata\/#primaryimage"},"image":{"@id":"https:\/\/www.welovecycling.com\/pl\/2021\/09\/17\/zamykamy-sezon-nic-z-tych-rzeczy-startuja-mistrzostwa-swiata\/#primaryimage"},"thumbnailUrl":"https:\/\/d2p6e6u75xmxt8.cloudfront.net\/5\/2021\/09\/shutterstock_635675588.jpg","datePublished":"2021-09-17T12:00:45+00:00","dateModified":"2021-10-18T12:42:46+00:00","author":{"@id":"https:\/\/www.welovecycling.com\/pl\/#\/schema\/person\/bf06ed916a1ef16618807fb60d2ebe42"},"breadcrumb":{"@id":"https:\/\/www.welovecycling.com\/pl\/2021\/09\/17\/zamykamy-sezon-nic-z-tych-rzeczy-startuja-mistrzostwa-swiata\/#breadcrumb"},"inLanguage":"pl-PL","potentialAction":[{"@type":"ReadAction","target":["https:\/\/www.welovecycling.com\/pl\/2021\/09\/17\/zamykamy-sezon-nic-z-tych-rzeczy-startuja-mistrzostwa-swiata\/"]}]},{"@type":"ImageObject","inLanguage":"pl-PL","@id":"https:\/\/www.welovecycling.com\/pl\/2021\/09\/17\/zamykamy-sezon-nic-z-tych-rzeczy-startuja-mistrzostwa-swiata\/#primaryimage","url":"https:\/\/d2p6e6u75xmxt8.cloudfront.net\/5\/2021\/09\/shutterstock_635675588.jpg","contentUrl":"https:\/\/d2p6e6u75xmxt8.cloudfront.net\/5\/2021\/09\/shutterstock_635675588.jpg","width":1000,"height":474},{"@type":"BreadcrumbList","@id":"https:\/\/www.welovecycling.com\/pl\/2021\/09\/17\/zamykamy-sezon-nic-z-tych-rzeczy-startuja-mistrzostwa-swiata\/#breadcrumb","itemListElement":[{"@type":"ListItem","position":1,"name":"Home","item":"https:\/\/www.welovecycling.com\/pl\/"},{"@type":"ListItem","position":2,"name":"Zamykamy sezon? Nic z tych rzeczy. Startuj\u0105 mistrzostwa \u015bwiata!"}]},{"@type":"WebSite","@id":"https:\/\/www.welovecycling.com\/pl\/#website","url":"https:\/\/www.welovecycling.com\/pl\/","name":"\u0160koda We Love Cycling - Poland","description":"","potentialAction":[{"@type":"SearchAction","target":{"@type":"EntryPoint","urlTemplate":"https:\/\/www.welovecycling.com\/pl\/?s={search_term_string}"},"query-input":{"@type":"PropertyValueSpecification","valueRequired":true,"valueName":"search_term_string"}}],"inLanguage":"pl-PL"},{"@type":"Person","@id":"https:\/\/www.welovecycling.com\/pl\/#\/schema\/person\/bf06ed916a1ef16618807fb60d2ebe42","name":"rafal","image":{"@type":"ImageObject","inLanguage":"pl-PL","@id":"https:\/\/www.welovecycling.com\/pl\/#\/schema\/person\/image\/","url":"https:\/\/secure.gravatar.com\/avatar\/203f240e63bee214f6f3a0dacbeb600c7829c09716c2b9ee3230c6961debcde2?s=96&d=mm&r=g","contentUrl":"https:\/\/secure.gravatar.com\/avatar\/203f240e63bee214f6f3a0dacbeb600c7829c09716c2b9ee3230c6961debcde2?s=96&d=mm&r=g","caption":"rafal"},"url":"https:\/\/www.welovecycling.com\/pl\/author\/rafal\/"}]}},"_links":{"self":[{"href":"https:\/\/www.welovecycling.com\/pl\/wp-json\/wp\/v2\/posts\/12142","targetHints":{"allow":["GET"]}}],"collection":[{"href":"https:\/\/www.welovecycling.com\/pl\/wp-json\/wp\/v2\/posts"}],"about":[{"href":"https:\/\/www.welovecycling.com\/pl\/wp-json\/wp\/v2\/types\/post"}],"author":[{"embeddable":true,"href":"https:\/\/www.welovecycling.com\/pl\/wp-json\/wp\/v2\/users\/153"}],"replies":[{"embeddable":true,"href":"https:\/\/www.welovecycling.com\/pl\/wp-json\/wp\/v2\/comments?post=12142"}],"version-history":[{"count":1,"href":"https:\/\/www.welovecycling.com\/pl\/wp-json\/wp\/v2\/posts\/12142\/revisions"}],"predecessor-version":[{"id":12147,"href":"https:\/\/www.welovecycling.com\/pl\/wp-json\/wp\/v2\/posts\/12142\/revisions\/12147"}],"wp:featuredmedia":[{"embeddable":true,"href":"https:\/\/www.welovecycling.com\/pl\/wp-json\/wp\/v2\/media\/12143"}],"wp:attachment":[{"href":"https:\/\/www.welovecycling.com\/pl\/wp-json\/wp\/v2\/media?parent=12142"}],"wp:term":[{"taxonomy":"category","embeddable":true,"href":"https:\/\/www.welovecycling.com\/pl\/wp-json\/wp\/v2\/categories?post=12142"},{"taxonomy":"post_tag","embeddable":true,"href":"https:\/\/www.welovecycling.com\/pl\/wp-json\/wp\/v2\/tags?post=12142"},{"taxonomy":"global-categories","embeddable":true,"href":"https:\/\/www.welovecycling.com\/pl\/wp-json\/wp\/v2\/global-categories?post=12142"}],"curies":[{"name":"wp","href":"https:\/\/api.w.org\/{rel}","templated":true}]}}