{"id":12110,"date":"2021-09-06T14:53:10","date_gmt":"2021-09-06T14:53:10","guid":{"rendered":"https:\/\/www.welovecycling.com\/pl\/?p=12110"},"modified":"2021-09-07T15:01:06","modified_gmt":"2021-09-07T15:01:06","slug":"hiszpanska-vuelta-wyscig-marzenie-bylego-skoczka-narciarskiego","status":"publish","type":"post","link":"https:\/\/www.welovecycling.com\/pl\/2021\/09\/06\/hiszpanska-vuelta-wyscig-marzenie-bylego-skoczka-narciarskiego\/","title":{"rendered":"Hiszpa\u0144ska Vuelta \u2013 wy\u015bcig marzenie by\u0142ego skoczka narciarskiego"},"content":{"rendered":"<p><strong>Primo\u017e Rogli\u010d wygra\u0142 76. edycj\u0119 wy\u015bcigu Vuelta a Espa\u00f1a, kt\u00f3ry 14 sierpnia rozpocz\u0105\u0142 si\u0119 w Burgos. Po pokonaniu 3714 km podzielonych na 21 etap\u00f3w to s\u0142owe\u0144ski by\u0142y skoczek narciarski mia\u0142 najlepszy czas ze wszystkich, kt\u00f3rzy dotarli do mety ostatniego etapu w Santiago de Compostela.<\/strong><\/p>\n<h2><strong>O zwyci\u0119scy 76. edycj\u0119 wy\u015bcigu Vuelta a Espa\u00f1a<\/strong><\/h2>\n<p>Powiedzie\u0107, \u017ce Rogli\u010d mia\u0142 najlepszy czas ze wszystkich i by\u0142 najlepszym zawodnikiem tego wy\u015bcigu, to jak nic nie powiedzie\u0107. Na szczeg\u00f3ln\u0105 uwag\u0119 zas\u0142uguje styl, w jakim 31-latek z Team Jumbo-Visma przejecha\u0142 te trzy tygodnie. Po wspania\u0142ym otwarciu w Burgos, podczas jazdy indywidualnej na czas, mistrz olimpijski w tej specjalno\u015bci nie da\u0142 szans rywalom i wyra\u017anie pokaza\u0142, \u017ce jest doskonale przygotowany i b\u0119dzie niesamowicie gro\u017any. Pierwszy cios zada\u0142 rywalom ju\u017c pierwszego dnia rywalizacji \u2013 nie mo\u017cna sobie wymarzy\u0107 lepszego pocz\u0105tku. W tym roku szcz\u0119\u015bcie sprzyja\u0142o Rogli\u010dowi, kt\u00f3ry znany jest z tego, \u017ce w najmniej oczekiwanym momencie potrafi si\u0119 przewr\u00f3ci\u0107 i w jednej sekundzie pogrzeba\u0107 szanse na wygran\u0105. Primo\u017e rozpocz\u0105\u0142 wy\u015bcig bardzo dobrze i doskonale go sko\u0144czy\u0142 \u2013 triumfowa\u0142 na ostatnim z etap\u00f3w, kt\u00f3rym by\u0142a rywalizacji w je\u017adzie indywidualnej na czas. \u0141\u0105cznie na konto S\u0142owe\u0144ca zapisujemy cztery wygrane etapowe, a wydawa\u0107 by si\u0119 mog\u0142o, \u017ce sporo z ca\u0142ej puli do wzi\u0119cia odda\u0142 swoim rywalom. To ocieplenie wizerunku czy wyci\u0105gni\u0119te wnioski z innych wy\u015bcig\u00f3w? Tego nie wiem, ale taki styl podoba mi si\u0119 bardziej. Jak wida\u0107, nie tylko karma, ale i dobro wraca. Dla Rogli\u010da by\u0142 to trzeci sukces w hiszpa\u0144skiej Vuelcie. Po latach 2019 i 2020 zn\u00f3w stan\u0105\u0142 na najwy\u017cszym stopniu podium \u2013 pi\u0119kny hat-trick. Wielkie gratulacje.<\/p>\n<figure id=\"attachment_186108\" aria-describedby=\"caption-attachment-186108\" style=\"width: 1250px\" class=\"wp-caption alignnone\"><img loading=\"lazy\" decoding=\"async\" class=\"initial loaded wp-image-186108 size-full\" src=\"https:\/\/d2p6e6u75xmxt8.cloudfront.net\/2\/2021\/09\/Clement-Champoussin-profimedia-0630399307.jpg\" sizes=\"auto, (max-width: 1250px) 100vw, 1250px\" srcset=\"https:\/\/d2p6e6u75xmxt8.cloudfront.net\/2\/2021\/09\/Clement-Champoussin-profimedia-0630399307.jpg 1250w, https:\/\/d2p6e6u75xmxt8.cloudfront.net\/2\/2021\/09\/Clement-Champoussin-profimedia-0630399307-300x199.jpg 300w, https:\/\/d2p6e6u75xmxt8.cloudfront.net\/2\/2021\/09\/Clement-Champoussin-profimedia-0630399307-1024x681.jpg 1024w, https:\/\/d2p6e6u75xmxt8.cloudfront.net\/2\/2021\/09\/Clement-Champoussin-profimedia-0630399307-768x511.jpg 768w, https:\/\/d2p6e6u75xmxt8.cloudfront.net\/2\/2021\/09\/Clement-Champoussin-profimedia-0630399307-272x182.jpg 272w\" alt=\"Clement Champoussin\" width=\"1250\" height=\"831\" data-was-processed=\"true\" \/><figcaption id=\"caption-attachment-186108\" class=\"wp-caption-text\">\u00a9 Profimedia<\/figcaption><\/figure>\n<p>&nbsp;<\/p>\n<h2><strong>Vuelta a Espa\u00f1a, czyli nie\u0142atwe wyzwanie\u00a0<\/strong><\/h2>\n<p>Sama Vuelta to ulubiony wy\u015bcig wi\u0119kszo\u015bci zawodowego peletonu. Oczywi\u015bcie ka\u017cdy z Grand Tour\u00f3w jest pi\u0119kny na sw\u00f3j spos\u00f3b, ale to Vuelta zbiera najlepsze opinie w\u015br\u00f3d zawodnik\u00f3w. Gdy sam si\u0119 \u015bciga\u0142em, r\u00f3wnie\u017c mnie Vuelta podoba\u0142a si\u0119 najbardziej. Czuj\u0119 do niej pewien dziwny sentyment, gdy\u017c by\u0142 to ostatni profesjonalny wy\u015bcig w moim \u017cyciu. Do tego przedwcze\u015bnie zako\u0144czony, bo na 10. etapie prowadz\u0105cym do Lagos de Covadonga w Asturii zaliczy\u0142em kraks\u0119, w kt\u00f3rej z\u0142ama\u0142em obojczyk i \u0142opatk\u0119. Jako ciekawostk\u0119 wtr\u0105c\u0119 tutaj, \u017ce by\u0142o to moje pierwsze z\u0142amanie w karierze, co jest niema\u0142ym sukcesem, gdy spojrzy si\u0119 na og\u00f3ln\u0105 liczb\u0119 uraz\u00f3w w peletonie i liczb\u0119 lat, kt\u00f3re sp\u0119dzi\u0142em na rowerze.<\/p>\n<figure id=\"attachment_186106\" aria-describedby=\"caption-attachment-186106\" style=\"width: 1250px\" class=\"wp-caption alignnone\"><img loading=\"lazy\" decoding=\"async\" class=\"loading wp-image-186106 size-full\" src=\"https:\/\/d2p6e6u75xmxt8.cloudfront.net\/2\/2021\/09\/Gino-Mader-profimedia-0630531302.jpg\" sizes=\"auto, (max-width: 1250px) 100vw, 1250px\" srcset=\"https:\/\/d2p6e6u75xmxt8.cloudfront.net\/2\/2021\/09\/Gino-Mader-profimedia-0630531302.jpg 1250w, https:\/\/d2p6e6u75xmxt8.cloudfront.net\/2\/2021\/09\/Gino-Mader-profimedia-0630531302-300x169.jpg 300w, https:\/\/d2p6e6u75xmxt8.cloudfront.net\/2\/2021\/09\/Gino-Mader-profimedia-0630531302-1024x576.jpg 1024w, https:\/\/d2p6e6u75xmxt8.cloudfront.net\/2\/2021\/09\/Gino-Mader-profimedia-0630531302-768x432.jpg 768w\" alt=\"Gino M\u00e4der\" width=\"1250\" height=\"703\" data-was-processed=\"true\" \/><figcaption id=\"caption-attachment-186106\" class=\"wp-caption-text\">\u00a9 Profimedia<\/figcaption><\/figure>\n<p>Vuelta jest fajna, bo jest zdecydowanie bardziej spokojna, etapy s\u0105 kr\u00f3tsze, ale wymagaj\u0105ce i dynamiczne. Do tego hiszpa\u0144ski klimat udziela si\u0119 wszystkim bardzo szybko i kolarstwo, kt\u00f3re jest sportem nerwowym, a zarazem bardzo pouk\u0142adanym, r\u00f3wnie\u017c \u0142apie tu troch\u0119 luzu. Wy\u015bcig s\u0142ynie z tego, \u017ce cz\u0119sto szanse na wyst\u0119p w swoim pierwszym trzytygodniowym wy\u015bcigu dostaj\u0105 m\u0142odzi zawodnicy, kt\u00f3rzy wracaj\u0105 do dom\u00f3w z ogromnym baga\u017cem do\u015bwiadcze\u0144.<\/p>\n<h2><strong>Polacy podczas Vuelta a Espa\u00f1a<\/strong><\/h2>\n<p>Tegoroczny najwi\u0119kszy hiszpa\u0144ski wy\u015bcig by\u0142 r\u00f3wnie\u017c szcz\u0119\u015bliwy dla Polak\u00f3w. Jad\u0105cy bez presji wyniku w klasyfikacji generalnej oraz bez zdecydowanego faworyta w swojej dru\u017cynie, Rafa\u0142 Majka wygra\u0142 etap. To bardzo wa\u017cne i potrzebne zwyci\u0119stwo \u2013 nie tylko ca\u0142emu naszemu kolarstwu, ale r\u00f3wnie\u017c samemu zawodnikowi. T\u0119sknili\u015bmy za takim w\u0142a\u015bnie Rafa\u0142em i fajnie, \u017ce uda\u0142o mu si\u0119 wr\u00f3ci\u0107 i wygra\u0107 15. etap tegorocznej Vuelty. Dla Polaka jest to drugi triumf w historii tego wy\u015bcigu, a pi\u0105ty w wy\u015bcigach trzytygodniowych. Drugi z zawodnik\u00f3w z bia\u0142o-czerwon\u0105 flag\u0105 przy nazwisku, Cesare Benedetti, kt\u00f3ry po otrzymaniu polskiego obywatelstwa automatycznie m\u00f3g\u0142 si\u0119 zg\u0142osi\u0107 do Polskiego Zwi\u0105zku Kolarskiego o now\u0105 licencj\u0119, zako\u0144czy\u0142 wy\u015bcig na 107. miejscu. Cesare by\u0142 widoczny, pomocny dru\u017cynie, ale trzytygodniowe zmagania w Hiszpanii przejecha\u0142 bez wi\u0119kszych osi\u0105gni\u0119\u0107. Wspomniany Rafa\u0142 Majka finalnie uplasowa\u0142 si\u0119 na 21. miejscu, ale jeszcze raz nale\u017cy podkre\u015bli\u0107, \u017ce nie jecha\u0142 z celem osi\u0105gni\u0119cia jak najlepszego wyniku w klasyfikacji generalnej.<\/p>\n<p>https:\/\/www.instagram.com\/p\/CTUIsCgozD6\/?utm_source=ig_embed<\/p>\n<p>Kolejnym mocnym akcentem w kolarstwie pochwali\u0107 si\u0119 mo\u017ce r\u00f3wnie\u017c \u0160koda, gdy\u017c to w\u0142a\u015bnie nasza flota zabezpiecza\u0142a wy\u015bcig. Samochody dla komisji s\u0119dziowskiej, dyrektora wy\u015bcigu, s\u0142u\u017cb zabezpieczaj\u0105cych zmagania i oczywi\u015bcie czerwony ENYAQ iV na czele peletonu. To by\u0142 kolejny wielki test, trzytygodniowy sprawdzian nowej technologii oraz wszechstronno\u015bci w pe\u0142ni elektrycznego SUV-a \u0160KODY. Mo\u017ce nie by\u0142o tu takiego rozmachu jak na Tour de France, kt\u00f3ry jest wy\u015bcigiem znacznie wi\u0119kszym, ale \u0160koda udzieli\u0142a organizatorom bardzo mocnego wsparcia. Dziesi\u0105tki samochod\u00f3w musia\u0142o przez trzy tygodnie pokona\u0107 oko\u0142o 7000 km \u2013 to bardzo du\u017ce przedsi\u0119wzi\u0119cie, ale nie od dzi\u015b wiadomo, \u017ce We Love Cycling.<\/p>\n<h2><strong>Najlepsza dziesi\u0105tka tegorocznej edycji:<\/strong><\/h2>\n<ol>\n<li>ROGLI\u010c Primo\u017e \u2013 Team Jumbo-Visma, 83:55:29<\/li>\n<li>MAS Enric \u2013 Movistar Team, 4:42<\/li>\n<li>HAIG Jack \u2013 Bahrain \u2013 Victorious, 7:40<\/li>\n<li>YATES Adam \u2013 INEOS Grenadiers, 9:06<\/li>\n<li>M\u00c4DER Gino \u2013 Bahrain \u2013 Victorious, 11:33<\/li>\n<li>BERNAL Egan \u2013 INEOS Grenadiers, 13:27<\/li>\n<li>DE LA CRUZ David \u2013 UAE-Team Emirates, 18:33<\/li>\n<li>KUSS Sepp \u2013 Team Jumbo-Visma, 18:55<\/li>\n<li>MARTIN Guillaume \u2013 Cofidis, Solutions Cr\u00e9dits, 20:27<\/li>\n<li>GRO\u00dfSCHARTNER Felix \u2013 BORA \u2013 hansgrohe, 22:22<\/li>\n<\/ol>\n<p>&nbsp;<\/p>\n<p><span data-sheets-value=\"{&quot;1&quot;:2,&quot;2&quot;:&quot;Artyku\u0142 powsta\u0142 we wsp\u00f3\u0142pracy ze skoda-auto.pl&quot;}\" data-sheets-userformat=\"{&quot;2&quot;:1,&quot;3&quot;:{&quot;1&quot;:0}}\" data-sheets-hyperlink=\"http:\/\/www.skoda-auto.pl\/\"><a class=\"in-cell-link\" href=\"http:\/\/www.skoda-auto.pl\/\" target=\"_blank\" rel=\"noopener noreferrer\">Artyku\u0142 powsta\u0142 we wsp\u00f3\u0142pracy ze skoda-auto.pl<\/a><\/span><\/p>\n<p><a href=\"https:\/\/www.skoda-auto.pl\/modele\/nowa-octavia\"><img loading=\"lazy\" decoding=\"async\" class=\"alignnone size-full wp-image-11630 aligncenter\" src=\"https:\/\/d2p6e6u75xmxt8.cloudfront.net\/5\/2021\/12\/640x350-1.jpg\" alt=\"\" width=\"640\" height=\"350\" srcset=\"https:\/\/d2p6e6u75xmxt8.cloudfront.net\/5\/2021\/12\/640x350-1.jpg 640w, https:\/\/d2p6e6u75xmxt8.cloudfront.net\/5\/2021\/12\/640x350-1-300x164.jpg 300w\" sizes=\"auto, (max-width: 640px) 100vw, 640px\" \/><\/a><\/p>\n","protected":false},"excerpt":{"rendered":"<p>Primo\u017e Rogli\u010d wygra\u0142 76. edycj\u0119 wy\u015bcigu Vuelta a Espa\u00f1a, kt\u00f3ry 14 sierpnia rozpocz\u0105\u0142 si\u0119 w Burgos. Po pokonaniu 3714 km [&hellip;]<\/p>\n","protected":false},"author":125,"featured_media":12111,"comment_status":"open","ping_status":"open","sticky":false,"template":"","format":"standard","meta":{"footnotes":""},"categories":[203,361],"tags":[108],"global-categories":[303],"class_list":["post-12110","post","type-post","status-publish","format-standard","has-post-thumbnail","hentry","category-bartosz-huzarski","category-vuelta-a-espana","tag-bartosz-huzarski","global-categories-cycling"],"yoast_head":"<!-- This site is optimized with the Yoast SEO Premium plugin v25.3 (Yoast SEO v25.9) - https:\/\/yoast.com\/wordpress\/plugins\/seo\/ -->\n<title>Hiszpa\u0144ska Vuelta \u2013 wy\u015bcig marzenie by\u0142ego skoczka narciarskiego - \u0160koda We Love Cycling - Poland<\/title>\n<meta name=\"description\" content=\"Primo\u017e Rogli\u010d wygra\u0142 76. edycj\u0119 wy\u015bcigu Vuelta a Espa\u00f1a, kt\u00f3ry 14 sierpnia rozpocz\u0105\u0142 si\u0119 w Burgos. Po pokonaniu 3714 km podzielonych na 21 etap\u00f3w to s\u0142owe\u0144ski by\u0142y skoczek narciarski mia\u0142 najlepszy czas ze wszystkich, kt\u00f3rzy dotarli do mety ostatniego etapu w Santiago de Compostela.\" \/>\n<meta name=\"robots\" content=\"index, follow, max-snippet:-1, max-image-preview:large, max-video-preview:-1\" \/>\n<link rel=\"canonical\" href=\"https:\/\/www.welovecycling.com\/pl\/2021\/09\/06\/hiszpanska-vuelta-wyscig-marzenie-bylego-skoczka-narciarskiego\/\" \/>\n<meta property=\"og:locale\" content=\"pl_PL\" \/>\n<meta property=\"og:type\" content=\"article\" \/>\n<meta property=\"og:title\" content=\"Hiszpa\u0144ska Vuelta \u2013 wy\u015bcig marzenie by\u0142ego skoczka narciarskiego\" \/>\n<meta property=\"og:description\" content=\"Primo\u017e Rogli\u010d wygra\u0142 76. edycj\u0119 wy\u015bcigu Vuelta a Espa\u00f1a, kt\u00f3ry 14 sierpnia rozpocz\u0105\u0142 si\u0119 w Burgos. Po pokonaniu 3714 km podzielonych na 21 etap\u00f3w to s\u0142owe\u0144ski by\u0142y skoczek narciarski mia\u0142 najlepszy czas ze wszystkich, kt\u00f3rzy dotarli do mety ostatniego etapu w Santiago de Compostela.\" \/>\n<meta property=\"og:url\" content=\"https:\/\/www.welovecycling.com\/pl\/2021\/09\/06\/hiszpanska-vuelta-wyscig-marzenie-bylego-skoczka-narciarskiego\/\" \/>\n<meta property=\"og:site_name\" content=\"\u0160koda We Love Cycling - Poland\" \/>\n<meta property=\"article:published_time\" content=\"2021-09-06T14:53:10+00:00\" \/>\n<meta property=\"article:modified_time\" content=\"2021-09-07T15:01:06+00:00\" \/>\n<meta property=\"og:image\" content=\"https:\/\/d2p6e6u75xmxt8.cloudfront.net\/5\/2021\/09\/La-Vuelta-2021-Winners-profimedia-0630542759-CVR-1024x450-1.jpg\" \/>\n\t<meta property=\"og:image:width\" content=\"1024\" \/>\n\t<meta property=\"og:image:height\" content=\"450\" \/>\n\t<meta property=\"og:image:type\" content=\"image\/jpeg\" \/>\n<meta name=\"author\" content=\"oktawiamikulska\" \/>\n<meta name=\"twitter:card\" content=\"summary_large_image\" \/>\n<meta name=\"twitter:label1\" content=\"Written by\" \/>\n\t<meta name=\"twitter:data1\" content=\"Bartosz Huzarski\" \/>\n\t<meta name=\"twitter:label2\" content=\"Est. reading time\" \/>\n\t<meta name=\"twitter:data2\" content=\"5 minutes\" \/>\n<script type=\"application\/ld+json\" class=\"yoast-schema-graph\">{\"@context\":\"https:\/\/schema.org\",\"@graph\":[{\"@type\":\"WebPage\",\"@id\":\"https:\/\/www.welovecycling.com\/pl\/2021\/09\/06\/hiszpanska-vuelta-wyscig-marzenie-bylego-skoczka-narciarskiego\/\",\"url\":\"https:\/\/www.welovecycling.com\/pl\/2021\/09\/06\/hiszpanska-vuelta-wyscig-marzenie-bylego-skoczka-narciarskiego\/\",\"name\":\"Hiszpa\u0144ska Vuelta \u2013 wy\u015bcig marzenie by\u0142ego skoczka narciarskiego - \u0160koda We Love Cycling - Poland\",\"isPartOf\":{\"@id\":\"https:\/\/www.welovecycling.com\/pl\/#website\"},\"primaryImageOfPage\":{\"@id\":\"https:\/\/www.welovecycling.com\/pl\/2021\/09\/06\/hiszpanska-vuelta-wyscig-marzenie-bylego-skoczka-narciarskiego\/#primaryimage\"},\"image\":{\"@id\":\"https:\/\/www.welovecycling.com\/pl\/2021\/09\/06\/hiszpanska-vuelta-wyscig-marzenie-bylego-skoczka-narciarskiego\/#primaryimage\"},\"thumbnailUrl\":\"https:\/\/d2p6e6u75xmxt8.cloudfront.net\/5\/2021\/09\/La-Vuelta-2021-Winners-profimedia-0630542759-CVR-1024x450-1.jpg\",\"datePublished\":\"2021-09-06T14:53:10+00:00\",\"dateModified\":\"2021-09-07T15:01:06+00:00\",\"author\":{\"@id\":\"https:\/\/www.welovecycling.com\/pl\/#\/schema\/person\/4a79bac7bd265aa6a35a1079d36648be\"},\"description\":\"Primo\u017e Rogli\u010d wygra\u0142 76. edycj\u0119 wy\u015bcigu Vuelta a Espa\u00f1a, kt\u00f3ry 14 sierpnia rozpocz\u0105\u0142 si\u0119 w Burgos. Po pokonaniu 3714 km podzielonych na 21 etap\u00f3w to s\u0142owe\u0144ski by\u0142y skoczek narciarski mia\u0142 najlepszy czas ze wszystkich, kt\u00f3rzy dotarli do mety ostatniego etapu w Santiago de Compostela.\",\"breadcrumb\":{\"@id\":\"https:\/\/www.welovecycling.com\/pl\/2021\/09\/06\/hiszpanska-vuelta-wyscig-marzenie-bylego-skoczka-narciarskiego\/#breadcrumb\"},\"inLanguage\":\"pl-PL\",\"potentialAction\":[{\"@type\":\"ReadAction\",\"target\":[\"https:\/\/www.welovecycling.com\/pl\/2021\/09\/06\/hiszpanska-vuelta-wyscig-marzenie-bylego-skoczka-narciarskiego\/\"]}]},{\"@type\":\"ImageObject\",\"inLanguage\":\"pl-PL\",\"@id\":\"https:\/\/www.welovecycling.com\/pl\/2021\/09\/06\/hiszpanska-vuelta-wyscig-marzenie-bylego-skoczka-narciarskiego\/#primaryimage\",\"url\":\"https:\/\/d2p6e6u75xmxt8.cloudfront.net\/5\/2021\/09\/La-Vuelta-2021-Winners-profimedia-0630542759-CVR-1024x450-1.jpg\",\"contentUrl\":\"https:\/\/d2p6e6u75xmxt8.cloudfront.net\/5\/2021\/09\/La-Vuelta-2021-Winners-profimedia-0630542759-CVR-1024x450-1.jpg\",\"width\":1024,\"height\":450},{\"@type\":\"BreadcrumbList\",\"@id\":\"https:\/\/www.welovecycling.com\/pl\/2021\/09\/06\/hiszpanska-vuelta-wyscig-marzenie-bylego-skoczka-narciarskiego\/#breadcrumb\",\"itemListElement\":[{\"@type\":\"ListItem\",\"position\":1,\"name\":\"Home\",\"item\":\"https:\/\/www.welovecycling.com\/pl\/\"},{\"@type\":\"ListItem\",\"position\":2,\"name\":\"Hiszpa\u0144ska Vuelta \u2013 wy\u015bcig marzenie by\u0142ego skoczka narciarskiego\"}]},{\"@type\":\"WebSite\",\"@id\":\"https:\/\/www.welovecycling.com\/pl\/#website\",\"url\":\"https:\/\/www.welovecycling.com\/pl\/\",\"name\":\"\u0160koda We Love Cycling - Poland\",\"description\":\"\",\"potentialAction\":[{\"@type\":\"SearchAction\",\"target\":{\"@type\":\"EntryPoint\",\"urlTemplate\":\"https:\/\/www.welovecycling.com\/pl\/?s={search_term_string}\"},\"query-input\":{\"@type\":\"PropertyValueSpecification\",\"valueRequired\":true,\"valueName\":\"search_term_string\"}}],\"inLanguage\":\"pl-PL\"},{\"@type\":\"Person\",\"@id\":\"https:\/\/www.welovecycling.com\/pl\/#\/schema\/person\/4a79bac7bd265aa6a35a1079d36648be\",\"name\":\"oktawiamikulska\",\"image\":{\"@type\":\"ImageObject\",\"inLanguage\":\"pl-PL\",\"@id\":\"https:\/\/www.welovecycling.com\/pl\/#\/schema\/person\/image\/\",\"url\":\"https:\/\/secure.gravatar.com\/avatar\/b97a3f44e2de6d2f8dd358975937e49823662e12cbd810b9d1a2bff1c149e8a7?s=96&d=mm&r=g\",\"contentUrl\":\"https:\/\/secure.gravatar.com\/avatar\/b97a3f44e2de6d2f8dd358975937e49823662e12cbd810b9d1a2bff1c149e8a7?s=96&d=mm&r=g\",\"caption\":\"oktawiamikulska\"},\"url\":\"https:\/\/www.welovecycling.com\/pl\/author\/oktawiamikulska\/\"}]}<\/script>\n<!-- \/ Yoast SEO Premium plugin. -->","yoast_head_json":{"title":"Hiszpa\u0144ska Vuelta \u2013 wy\u015bcig marzenie by\u0142ego skoczka narciarskiego - \u0160koda We Love Cycling - Poland","description":"Primo\u017e Rogli\u010d wygra\u0142 76. edycj\u0119 wy\u015bcigu Vuelta a Espa\u00f1a, kt\u00f3ry 14 sierpnia rozpocz\u0105\u0142 si\u0119 w Burgos. Po pokonaniu 3714 km podzielonych na 21 etap\u00f3w to s\u0142owe\u0144ski by\u0142y skoczek narciarski mia\u0142 najlepszy czas ze wszystkich, kt\u00f3rzy dotarli do mety ostatniego etapu w Santiago de Compostela.","robots":{"index":"index","follow":"follow","max-snippet":"max-snippet:-1","max-image-preview":"max-image-preview:large","max-video-preview":"max-video-preview:-1"},"canonical":"https:\/\/www.welovecycling.com\/pl\/2021\/09\/06\/hiszpanska-vuelta-wyscig-marzenie-bylego-skoczka-narciarskiego\/","og_locale":"pl_PL","og_type":"article","og_title":"Hiszpa\u0144ska Vuelta \u2013 wy\u015bcig marzenie by\u0142ego skoczka narciarskiego","og_description":"Primo\u017e Rogli\u010d wygra\u0142 76. edycj\u0119 wy\u015bcigu Vuelta a Espa\u00f1a, kt\u00f3ry 14 sierpnia rozpocz\u0105\u0142 si\u0119 w Burgos. Po pokonaniu 3714 km podzielonych na 21 etap\u00f3w to s\u0142owe\u0144ski by\u0142y skoczek narciarski mia\u0142 najlepszy czas ze wszystkich, kt\u00f3rzy dotarli do mety ostatniego etapu w Santiago de Compostela.","og_url":"https:\/\/www.welovecycling.com\/pl\/2021\/09\/06\/hiszpanska-vuelta-wyscig-marzenie-bylego-skoczka-narciarskiego\/","og_site_name":"\u0160koda We Love Cycling - Poland","article_published_time":"2021-09-06T14:53:10+00:00","article_modified_time":"2021-09-07T15:01:06+00:00","og_image":[{"width":1024,"height":450,"url":"https:\/\/d2p6e6u75xmxt8.cloudfront.net\/5\/2021\/09\/La-Vuelta-2021-Winners-profimedia-0630542759-CVR-1024x450-1.jpg","type":"image\/jpeg"}],"author":"oktawiamikulska","twitter_card":"summary_large_image","twitter_misc":{"Written by":"Bartosz Huzarski","Est. reading time":"5 minutes"},"schema":{"@context":"https:\/\/schema.org","@graph":[{"@type":"WebPage","@id":"https:\/\/www.welovecycling.com\/pl\/2021\/09\/06\/hiszpanska-vuelta-wyscig-marzenie-bylego-skoczka-narciarskiego\/","url":"https:\/\/www.welovecycling.com\/pl\/2021\/09\/06\/hiszpanska-vuelta-wyscig-marzenie-bylego-skoczka-narciarskiego\/","name":"Hiszpa\u0144ska Vuelta \u2013 wy\u015bcig marzenie by\u0142ego skoczka narciarskiego - \u0160koda We Love Cycling - Poland","isPartOf":{"@id":"https:\/\/www.welovecycling.com\/pl\/#website"},"primaryImageOfPage":{"@id":"https:\/\/www.welovecycling.com\/pl\/2021\/09\/06\/hiszpanska-vuelta-wyscig-marzenie-bylego-skoczka-narciarskiego\/#primaryimage"},"image":{"@id":"https:\/\/www.welovecycling.com\/pl\/2021\/09\/06\/hiszpanska-vuelta-wyscig-marzenie-bylego-skoczka-narciarskiego\/#primaryimage"},"thumbnailUrl":"https:\/\/d2p6e6u75xmxt8.cloudfront.net\/5\/2021\/09\/La-Vuelta-2021-Winners-profimedia-0630542759-CVR-1024x450-1.jpg","datePublished":"2021-09-06T14:53:10+00:00","dateModified":"2021-09-07T15:01:06+00:00","author":{"@id":"https:\/\/www.welovecycling.com\/pl\/#\/schema\/person\/4a79bac7bd265aa6a35a1079d36648be"},"description":"Primo\u017e Rogli\u010d wygra\u0142 76. edycj\u0119 wy\u015bcigu Vuelta a Espa\u00f1a, kt\u00f3ry 14 sierpnia rozpocz\u0105\u0142 si\u0119 w Burgos. Po pokonaniu 3714 km podzielonych na 21 etap\u00f3w to s\u0142owe\u0144ski by\u0142y skoczek narciarski mia\u0142 najlepszy czas ze wszystkich, kt\u00f3rzy dotarli do mety ostatniego etapu w Santiago de Compostela.","breadcrumb":{"@id":"https:\/\/www.welovecycling.com\/pl\/2021\/09\/06\/hiszpanska-vuelta-wyscig-marzenie-bylego-skoczka-narciarskiego\/#breadcrumb"},"inLanguage":"pl-PL","potentialAction":[{"@type":"ReadAction","target":["https:\/\/www.welovecycling.com\/pl\/2021\/09\/06\/hiszpanska-vuelta-wyscig-marzenie-bylego-skoczka-narciarskiego\/"]}]},{"@type":"ImageObject","inLanguage":"pl-PL","@id":"https:\/\/www.welovecycling.com\/pl\/2021\/09\/06\/hiszpanska-vuelta-wyscig-marzenie-bylego-skoczka-narciarskiego\/#primaryimage","url":"https:\/\/d2p6e6u75xmxt8.cloudfront.net\/5\/2021\/09\/La-Vuelta-2021-Winners-profimedia-0630542759-CVR-1024x450-1.jpg","contentUrl":"https:\/\/d2p6e6u75xmxt8.cloudfront.net\/5\/2021\/09\/La-Vuelta-2021-Winners-profimedia-0630542759-CVR-1024x450-1.jpg","width":1024,"height":450},{"@type":"BreadcrumbList","@id":"https:\/\/www.welovecycling.com\/pl\/2021\/09\/06\/hiszpanska-vuelta-wyscig-marzenie-bylego-skoczka-narciarskiego\/#breadcrumb","itemListElement":[{"@type":"ListItem","position":1,"name":"Home","item":"https:\/\/www.welovecycling.com\/pl\/"},{"@type":"ListItem","position":2,"name":"Hiszpa\u0144ska Vuelta \u2013 wy\u015bcig marzenie by\u0142ego skoczka narciarskiego"}]},{"@type":"WebSite","@id":"https:\/\/www.welovecycling.com\/pl\/#website","url":"https:\/\/www.welovecycling.com\/pl\/","name":"\u0160koda We Love Cycling - Poland","description":"","potentialAction":[{"@type":"SearchAction","target":{"@type":"EntryPoint","urlTemplate":"https:\/\/www.welovecycling.com\/pl\/?s={search_term_string}"},"query-input":{"@type":"PropertyValueSpecification","valueRequired":true,"valueName":"search_term_string"}}],"inLanguage":"pl-PL"},{"@type":"Person","@id":"https:\/\/www.welovecycling.com\/pl\/#\/schema\/person\/4a79bac7bd265aa6a35a1079d36648be","name":"oktawiamikulska","image":{"@type":"ImageObject","inLanguage":"pl-PL","@id":"https:\/\/www.welovecycling.com\/pl\/#\/schema\/person\/image\/","url":"https:\/\/secure.gravatar.com\/avatar\/b97a3f44e2de6d2f8dd358975937e49823662e12cbd810b9d1a2bff1c149e8a7?s=96&d=mm&r=g","contentUrl":"https:\/\/secure.gravatar.com\/avatar\/b97a3f44e2de6d2f8dd358975937e49823662e12cbd810b9d1a2bff1c149e8a7?s=96&d=mm&r=g","caption":"oktawiamikulska"},"url":"https:\/\/www.welovecycling.com\/pl\/author\/oktawiamikulska\/"}]}},"_links":{"self":[{"href":"https:\/\/www.welovecycling.com\/pl\/wp-json\/wp\/v2\/posts\/12110","targetHints":{"allow":["GET"]}}],"collection":[{"href":"https:\/\/www.welovecycling.com\/pl\/wp-json\/wp\/v2\/posts"}],"about":[{"href":"https:\/\/www.welovecycling.com\/pl\/wp-json\/wp\/v2\/types\/post"}],"author":[{"embeddable":true,"href":"https:\/\/www.welovecycling.com\/pl\/wp-json\/wp\/v2\/users\/125"}],"replies":[{"embeddable":true,"href":"https:\/\/www.welovecycling.com\/pl\/wp-json\/wp\/v2\/comments?post=12110"}],"version-history":[{"count":1,"href":"https:\/\/www.welovecycling.com\/pl\/wp-json\/wp\/v2\/posts\/12110\/revisions"}],"predecessor-version":[{"id":12113,"href":"https:\/\/www.welovecycling.com\/pl\/wp-json\/wp\/v2\/posts\/12110\/revisions\/12113"}],"wp:featuredmedia":[{"embeddable":true,"href":"https:\/\/www.welovecycling.com\/pl\/wp-json\/wp\/v2\/media\/12111"}],"wp:attachment":[{"href":"https:\/\/www.welovecycling.com\/pl\/wp-json\/wp\/v2\/media?parent=12110"}],"wp:term":[{"taxonomy":"category","embeddable":true,"href":"https:\/\/www.welovecycling.com\/pl\/wp-json\/wp\/v2\/categories?post=12110"},{"taxonomy":"post_tag","embeddable":true,"href":"https:\/\/www.welovecycling.com\/pl\/wp-json\/wp\/v2\/tags?post=12110"},{"taxonomy":"global-categories","embeddable":true,"href":"https:\/\/www.welovecycling.com\/pl\/wp-json\/wp\/v2\/global-categories?post=12110"}],"curies":[{"name":"wp","href":"https:\/\/api.w.org\/{rel}","templated":true}]}}