{"id":12103,"date":"2021-09-03T09:24:46","date_gmt":"2021-09-03T09:24:46","guid":{"rendered":"https:\/\/www.welovecycling.com\/pl\/?p=12103"},"modified":"2021-10-18T13:01:39","modified_gmt":"2021-10-18T13:01:39","slug":"bezlitosnie-rozprawial-sie-z-konkurencja-oto-zwyciezca-vuelta-a-espana","status":"publish","type":"post","link":"https:\/\/www.welovecycling.com\/pl\/2021\/09\/03\/bezlitosnie-rozprawial-sie-z-konkurencja-oto-zwyciezca-vuelta-a-espana\/","title":{"rendered":"Bezlito\u015bnie rozprawia\u0142 si\u0119 z konkurencj\u0105! Oto zwyci\u0119zca Vuelta a Espana?"},"content":{"rendered":"<p><strong>Primo\u017c Rogli\u0107 da\u0142 popis w g\u00f3rach i zn\u00f3w jedzie w czerwonej koszulce lidera Vuelta a Espana. Je\u015bli rywale my\u015bl\u0105 jeszcze o jego detronizacji, to maj\u0105 na to zaledwie trzy etapy.<\/strong><\/p>\n<p>D\u0142ugo rozgrywali taktyczne szachy, a\u017c w ko\u0144cu do ofensywy wszed\u0142 Rogli\u0107 (Jumbo &#8211; Visma) i wykona\u0142 kilka kapitalnych ruch\u00f3w. Powiedzia\u0142 ju\u017c \u201eszach\u201d, czy powie te\u017c \u201emat\u201d?<\/p>\n<div class=\"embed-controller-wrapper\">\n<blockquote class=\"twitter-tweet\" data-width=\"500\" data-dnt=\"true\">\n<p lang=\"en\" dir=\"ltr\">\ud83c\uddea\ud83c\uddf8 <a href=\"https:\/\/twitter.com\/hashtag\/LaVuelta21?src=hash&amp;ref_src=twsrc%5Etfw\">#LaVuelta21<\/a><\/p>\n<p>Back in red. \u2764\ufe0f <a href=\"https:\/\/t.co\/OYdzBqJveZ\">pic.twitter.com\/OYdzBqJveZ<\/a><\/p>\n<p>&mdash; Team Visma | Lease a Bike (@vismaleaseabike) <a href=\"https:\/\/twitter.com\/vismaleaseabike\/status\/1433106393461055495?ref_src=twsrc%5Etfw\">September 1, 2021<\/a><\/p><\/blockquote>\n<p><script async data-src=\"https:\/\/platform.twitter.com\/widgets.js\" charset=\"utf-8\"><\/script><\/div>\n<p>S\u0142oweniec dobrze rozpocz\u0105\u0142 tegoroczn\u0105 Vuelt\u0119. Po pierwszych dziewi\u0119ciu etapach, sze\u015b\u0107 razy by\u0142 na czele klasyfikacji generalnej, ale p\u00f3\u017aniej odda\u0142 prowadzenie w r\u0119ce Odda Christiana Eikinga (Intermarche-Wanty-Gobert Materiaux). Du\u0144czyk d\u0142ugo cieszy\u0142 si\u0119 czerwon\u0105 koszulk\u0105, ale by\u0142o niemal pewne, \u017ce do ko\u0144ca jej nie dowiezie.<\/p>\n<h2><strong>Atak Roglicia<\/strong><\/h2>\n<p>Nieuniknione wydarzy\u0142o si\u0119 w \u015brod\u0119, na kolejnym g\u00f3rskim etapie. Co prawda jako pierwszy zaatakowa\u0142 Egan Bernal (Ineos Grenadiers), ale zaraz doskoczy\u0142 do niego Rogli\u0107. Obaj dawali sobie zmiany na prowadzeniu i mkn\u0119li w stron\u0119 mety w strugach padaj\u0105cego deszczu. Tym razem jednak do\u015bwiadczenie wygra\u0142o z m\u0142odzie\u017cow\u0105 fantazj\u0105 i Kolumbijczyk osiem kilometr\u00f3w przed met\u0105 powiedzia\u0142: \u201edo\u015b\u0107\u201d.<\/p>\n<div class=\"embed-controller-wrapper\">\n<blockquote class=\"twitter-tweet\" data-width=\"500\" data-dnt=\"true\">\n<p lang=\"en\" dir=\"ltr\">\ud83c\uddea\ud83c\uddf8 <a href=\"https:\/\/twitter.com\/hashtag\/LaVuelta21?src=hash&amp;ref_src=twsrc%5Etfw\">#LaVuelta21<\/a><\/p>\n<p>What. A. Stage. \ud83e\udd29 <a href=\"https:\/\/t.co\/TPsKauW4L0\">pic.twitter.com\/TPsKauW4L0<\/a><\/p>\n<p>&mdash; Team Visma | Lease a Bike (@vismaleaseabike) <a href=\"https:\/\/twitter.com\/vismaleaseabike\/status\/1433151181673668615?ref_src=twsrc%5Etfw\">September 1, 2021<\/a><\/p><\/blockquote>\n<p><script async data-src=\"https:\/\/platform.twitter.com\/widgets.js\" charset=\"utf-8\"><\/script><\/div>\n<p>&#8211; My\u015bla\u0142em tylko o tym, by jecha\u0107 za Bernalem. Pokazali\u015bmy kawa\u0142 dobrego \u015bcigania, zgodnie pracowali\u015bmy. Na fina\u0142owej wspinaczce jecha\u0142em ile si\u0142. Egan nie wytrzyma\u0142, wi\u0119c do mety pomkn\u0105\u0142em ju\u017c sam \u2013 opowiada\u0142 na mecie Rogli\u0107.<\/p>\n<p>Ko\u0144c\u00f3wk\u0119 pojecha\u0142 na tyle mocno, \u017ce w klasyfikacji generalnej uzyska\u0142 ponad dwie minuty przewagi nad Enricem Masem (Movistar) i ponad trzy nad Angelem Lopezem (Movistar) oraz Jackem Haigem (Bahrain Victorious).<\/p>\n<p>&#8211; To by\u0142 m\u00f3j najlepszy dzie\u0144 na Vuelcie i dzi\u0119ki temu mam niez\u0142\u0105 przewag\u0119 w klasyfikacji generalnej, ale ta nigdy nie jest wystarczaj\u0105co du\u017ca. Musimy zachowa\u0107 czujno\u015b\u0107, jednak z obecnej sytuacji jestem zadowolony. Zobaczymy, jak b\u0119dzie wygl\u0105da\u0142 kr\u00f3lewski etap \u2013 zastanawia\u0142 si\u0119 Rogli\u0107.<\/p>\n<h2><strong>Superman pierwszy na mecie<\/strong><\/h2>\n<p>Czwartkowe \u015bciganie nie przynios\u0142o wi\u0119kszych przetasowa\u0144 w klasyfikacji generalnej, cho\u0107 etap wygra\u0142 Lopez i tym samym nadrobi\u0142 do Roglicia 18 sekund. Przy bardzo kapry\u015bnej pogodzie S\u0142oweniec nie decydowa\u0142 si\u0119 jednak na szar\u017c\u0119, tylko pilnowa\u0142 rywali, kt\u00f3rzy ostrzyli sobie z\u0119by na jego czerwon\u0105 koszulk\u0119. Ostatecznie zaj\u0105\u0142 drugie miejsce, w\u0142a\u015bnie za Lopezem.<\/p>\n<p>&#8211; Superman wygrywa ten nies\u0142ychanie trudny etap \u2013 zachwycali si\u0119 komentatorzy zwyci\u0119stwem Lopeza.<\/p>\n<p>https:\/\/twitter.com\/lavuelta\/status\/1433506193981444101?s=20<\/p>\n<p>Podczas 18. etapu pokaza\u0142 si\u0119 r\u00f3wnie\u017c Rafa\u0142 Majka, kt\u00f3ry wzi\u0105\u0142 udzia\u0142 w ucieczce i na pierwszej g\u00f3rskiej premii zameldowa\u0142 si\u0119 jako trzeci. P\u00f3\u017aniej ju\u017c jednak odpu\u015bci\u0142 i sta\u0142o si\u0119 jasne, \u017ce nie b\u0119dzie liczy\u0142 si\u0119 w walce o koszulk\u0119 w grochy. Obecnie w klasyfikacji g\u00f3rskiej zajmuje pi\u0105te miejsce, ale rywalizacja tam jeszcze nie jest rozstrzygni\u0119ta. Prowadzi Michael Stoer (Team DSM), kt\u00f3ry ma pi\u0119\u0107 punkt\u00f3w wi\u0119cej od Romaina Bardeta (Team DSM) i 11 wi\u0119cej od Roglicia.<\/p>\n<p>Du\u017co bardziej klarowna sytuacja jest w klasyfikacji punktowej, gdzie prowadz\u0105cy Fabio Jakobsen (Deceuninck &#8211; Quick &#8211; Step) ma prawie 100 punkt\u00f3w wi\u0119cej do Roglicia. Z kolei w klasyfikacji m\u0142odzie\u017cowej pewnie prowadzi Bernal.<\/p>\n<div class=\"embed-controller-wrapper\">\n<blockquote class=\"twitter-tweet\" data-width=\"500\" data-dnt=\"true\">\n<p lang=\"pt\" dir=\"ltr\">\ud83c\udfc6 L\u00edderes tras la etapa 18 | Leaders after stage 18<\/p>\n<p>\u2764\ufe0f\ud83c\uddf8\ud83c\uddee  <a href=\"https:\/\/twitter.com\/rogla?ref_src=twsrc%5Etfw\">@rogla<\/a> <br \/>\ud83d\udc9a\ud83c\uddf3\ud83c\uddf1 <a href=\"https:\/\/twitter.com\/FabioJakobsen?ref_src=twsrc%5Etfw\">@FabioJakobsen<\/a> <br \/>\ud83d\udd35\ud83c\udde6\ud83c\uddfa <a href=\"https:\/\/twitter.com\/mjstorer_au?ref_src=twsrc%5Etfw\">@mjstorer_au<\/a> <br \/>\u26aa\ud83c\udde8\ud83c\uddf4 <a href=\"https:\/\/twitter.com\/Eganbernal?ref_src=twsrc%5Etfw\">@Eganbernal<\/a> <a href=\"https:\/\/twitter.com\/hashtag\/LaVuelta21?src=hash&amp;ref_src=twsrc%5Etfw\">#LaVuelta21<\/a> <a href=\"https:\/\/t.co\/7Zdt0h22K6\">pic.twitter.com\/7Zdt0h22K6<\/a><\/p>\n<p>&mdash; La Vuelta (@lavuelta) <a href=\"https:\/\/twitter.com\/lavuelta\/status\/1433486747560710154?ref_src=twsrc%5Etfw\">September 2, 2021<\/a><\/p><\/blockquote>\n<p><script async data-src=\"https:\/\/platform.twitter.com\/widgets.js\" charset=\"utf-8\"><\/script><\/div>\n<h2><strong>Ostatnie trzy etapy<\/strong><\/h2>\n<p>Dzi\u015b wi\u0119kszych sensacji nie nale\u017cy si\u0119 spodziewa\u0107, poniewa\u017c zawodnik\u00f3w czeka lekko pag\u00f3rkowaty etap z Tapia de Casariego do Monforte de Lemos. Znacznie ciekawiej powinno by\u0107 w sobot\u0119, gdy Vuelta b\u0119dzie \u017cegna\u0142a si\u0119 z g\u00f3rami ponad 200-kilometrowym etapem z Sanxenxo do Mos. Tu te\u017c rywale b\u0119d\u0105 prawdopodobnie mieli ostatni\u0105 szans\u0119 na zdetronizowanie Roglicia, poniewa\u017c podczas ostatniego etapu &#8211; \u201eczas\u00f3wki\u201d z Padr\u00f3n do Santiago de Compostela &#8211; S\u0142oweniec zn\u00f3w powinien pokaza\u0107 moc.<\/p>\n<p><span data-sheets-value=\"{&quot;1&quot;:2,&quot;2&quot;:&quot;Artyku\u0142 powsta\u0142 we wsp\u00f3\u0142pracy ze skoda-auto.pl&quot;}\" data-sheets-userformat=\"{&quot;2&quot;:1,&quot;3&quot;:{&quot;1&quot;:0}}\" data-sheets-hyperlink=\"http:\/\/www.skoda-auto.pl\/\"><a class=\"in-cell-link\" href=\"http:\/\/www.skoda-auto.pl\/\" target=\"_blank\" rel=\"noopener noreferrer\">Artyku\u0142 powsta\u0142 we wsp\u00f3\u0142pracy ze skoda-auto.pl<\/a><\/span><\/p>\n<p><a href=\"https:\/\/www.skoda-auto.pl\/modele\/nowa-octavia\"><img loading=\"lazy\" decoding=\"async\" class=\"alignnone size-full wp-image-11630 aligncenter\" src=\"https:\/\/d2p6e6u75xmxt8.cloudfront.net\/5\/2021\/12\/640x350-1.jpg\" alt=\"\" width=\"640\" height=\"350\" srcset=\"https:\/\/d2p6e6u75xmxt8.cloudfront.net\/5\/2021\/12\/640x350-1.jpg 640w, https:\/\/d2p6e6u75xmxt8.cloudfront.net\/5\/2021\/12\/640x350-1-300x164.jpg 300w\" sizes=\"auto, (max-width: 640px) 100vw, 640px\" \/><\/a><\/p>\n","protected":false},"excerpt":{"rendered":"<p>Primo\u017c Rogli\u0107 da\u0142 popis w g\u00f3rach i zn\u00f3w jedzie w czerwonej koszulce lidera Vuelta a Espana. Je\u015bli rywale my\u015bl\u0105 jeszcze [&hellip;]<\/p>\n","protected":false},"author":125,"featured_media":12108,"comment_status":"open","ping_status":"open","sticky":false,"template":"","format":"standard","meta":{"footnotes":""},"categories":[361],"tags":[362],"global-categories":[303],"class_list":["post-12103","post","type-post","status-publish","format-standard","has-post-thumbnail","hentry","category-vuelta-a-espana","tag-piotr-nowik","global-categories-cycling"],"yoast_head":"<!-- This site is optimized with the Yoast SEO Premium plugin v25.3 (Yoast SEO v25.9) - https:\/\/yoast.com\/wordpress\/plugins\/seo\/ -->\n<title>Bezlito\u015bnie rozprawia\u0142 si\u0119 z konkurencj\u0105! Oto zwyci\u0119zca Vuelta a Espana? - \u0160koda We Love Cycling - Poland<\/title>\n<meta name=\"robots\" content=\"index, follow, max-snippet:-1, max-image-preview:large, max-video-preview:-1\" \/>\n<link rel=\"canonical\" href=\"https:\/\/www.welovecycling.com\/pl\/2021\/09\/03\/bezlitosnie-rozprawial-sie-z-konkurencja-oto-zwyciezca-vuelta-a-espana\/\" \/>\n<meta property=\"og:locale\" content=\"pl_PL\" \/>\n<meta property=\"og:type\" content=\"article\" \/>\n<meta property=\"og:title\" content=\"Bezlito\u015bnie rozprawia\u0142 si\u0119 z konkurencj\u0105! Oto zwyci\u0119zca Vuelta a Espana?\" \/>\n<meta property=\"og:description\" content=\"Primo\u017c Rogli\u0107 da\u0142 popis w g\u00f3rach i zn\u00f3w jedzie w czerwonej koszulce lidera Vuelta a Espana. Je\u015bli rywale my\u015bl\u0105 jeszcze [&hellip;]\" \/>\n<meta property=\"og:url\" content=\"https:\/\/www.welovecycling.com\/pl\/2021\/09\/03\/bezlitosnie-rozprawial-sie-z-konkurencja-oto-zwyciezca-vuelta-a-espana\/\" \/>\n<meta property=\"og:site_name\" content=\"\u0160koda We Love Cycling - Poland\" \/>\n<meta property=\"article:published_time\" content=\"2021-09-03T09:24:46+00:00\" \/>\n<meta property=\"article:modified_time\" content=\"2021-10-18T13:01:39+00:00\" \/>\n<meta property=\"og:image\" content=\"https:\/\/d2p6e6u75xmxt8.cloudfront.net\/5\/2021\/09\/Fabio-Jakobsen-profimedia-0629657625-CVR-1024x450-1.jpg\" \/>\n\t<meta property=\"og:image:width\" content=\"1024\" \/>\n\t<meta property=\"og:image:height\" content=\"450\" \/>\n\t<meta property=\"og:image:type\" content=\"image\/jpeg\" \/>\n<meta name=\"author\" content=\"oktawiamikulska\" \/>\n<meta name=\"twitter:card\" content=\"summary_large_image\" \/>\n<meta name=\"twitter:label1\" content=\"Written by\" \/>\n\t<meta name=\"twitter:data1\" content=\"Piotr Nowik\" \/>\n\t<meta name=\"twitter:label2\" content=\"Est. reading time\" \/>\n\t<meta name=\"twitter:data2\" content=\"3 minutes\" \/>\n<script type=\"application\/ld+json\" class=\"yoast-schema-graph\">{\"@context\":\"https:\/\/schema.org\",\"@graph\":[{\"@type\":\"WebPage\",\"@id\":\"https:\/\/www.welovecycling.com\/pl\/2021\/09\/03\/bezlitosnie-rozprawial-sie-z-konkurencja-oto-zwyciezca-vuelta-a-espana\/\",\"url\":\"https:\/\/www.welovecycling.com\/pl\/2021\/09\/03\/bezlitosnie-rozprawial-sie-z-konkurencja-oto-zwyciezca-vuelta-a-espana\/\",\"name\":\"Bezlito\u015bnie rozprawia\u0142 si\u0119 z konkurencj\u0105! Oto zwyci\u0119zca Vuelta a Espana? - \u0160koda We Love Cycling - Poland\",\"isPartOf\":{\"@id\":\"https:\/\/www.welovecycling.com\/pl\/#website\"},\"primaryImageOfPage\":{\"@id\":\"https:\/\/www.welovecycling.com\/pl\/2021\/09\/03\/bezlitosnie-rozprawial-sie-z-konkurencja-oto-zwyciezca-vuelta-a-espana\/#primaryimage\"},\"image\":{\"@id\":\"https:\/\/www.welovecycling.com\/pl\/2021\/09\/03\/bezlitosnie-rozprawial-sie-z-konkurencja-oto-zwyciezca-vuelta-a-espana\/#primaryimage\"},\"thumbnailUrl\":\"https:\/\/d2p6e6u75xmxt8.cloudfront.net\/5\/2021\/09\/Fabio-Jakobsen-profimedia-0629657625-CVR-1024x450-1.jpg\",\"datePublished\":\"2021-09-03T09:24:46+00:00\",\"dateModified\":\"2021-10-18T13:01:39+00:00\",\"author\":{\"@id\":\"https:\/\/www.welovecycling.com\/pl\/#\/schema\/person\/4a79bac7bd265aa6a35a1079d36648be\"},\"breadcrumb\":{\"@id\":\"https:\/\/www.welovecycling.com\/pl\/2021\/09\/03\/bezlitosnie-rozprawial-sie-z-konkurencja-oto-zwyciezca-vuelta-a-espana\/#breadcrumb\"},\"inLanguage\":\"pl-PL\",\"potentialAction\":[{\"@type\":\"ReadAction\",\"target\":[\"https:\/\/www.welovecycling.com\/pl\/2021\/09\/03\/bezlitosnie-rozprawial-sie-z-konkurencja-oto-zwyciezca-vuelta-a-espana\/\"]}]},{\"@type\":\"ImageObject\",\"inLanguage\":\"pl-PL\",\"@id\":\"https:\/\/www.welovecycling.com\/pl\/2021\/09\/03\/bezlitosnie-rozprawial-sie-z-konkurencja-oto-zwyciezca-vuelta-a-espana\/#primaryimage\",\"url\":\"https:\/\/d2p6e6u75xmxt8.cloudfront.net\/5\/2021\/09\/Fabio-Jakobsen-profimedia-0629657625-CVR-1024x450-1.jpg\",\"contentUrl\":\"https:\/\/d2p6e6u75xmxt8.cloudfront.net\/5\/2021\/09\/Fabio-Jakobsen-profimedia-0629657625-CVR-1024x450-1.jpg\",\"width\":1024,\"height\":450},{\"@type\":\"BreadcrumbList\",\"@id\":\"https:\/\/www.welovecycling.com\/pl\/2021\/09\/03\/bezlitosnie-rozprawial-sie-z-konkurencja-oto-zwyciezca-vuelta-a-espana\/#breadcrumb\",\"itemListElement\":[{\"@type\":\"ListItem\",\"position\":1,\"name\":\"Home\",\"item\":\"https:\/\/www.welovecycling.com\/pl\/\"},{\"@type\":\"ListItem\",\"position\":2,\"name\":\"Bezlito\u015bnie rozprawia\u0142 si\u0119 z konkurencj\u0105! Oto zwyci\u0119zca Vuelta a Espana?\"}]},{\"@type\":\"WebSite\",\"@id\":\"https:\/\/www.welovecycling.com\/pl\/#website\",\"url\":\"https:\/\/www.welovecycling.com\/pl\/\",\"name\":\"\u0160koda We Love Cycling - Poland\",\"description\":\"\",\"potentialAction\":[{\"@type\":\"SearchAction\",\"target\":{\"@type\":\"EntryPoint\",\"urlTemplate\":\"https:\/\/www.welovecycling.com\/pl\/?s={search_term_string}\"},\"query-input\":{\"@type\":\"PropertyValueSpecification\",\"valueRequired\":true,\"valueName\":\"search_term_string\"}}],\"inLanguage\":\"pl-PL\"},{\"@type\":\"Person\",\"@id\":\"https:\/\/www.welovecycling.com\/pl\/#\/schema\/person\/4a79bac7bd265aa6a35a1079d36648be\",\"name\":\"oktawiamikulska\",\"image\":{\"@type\":\"ImageObject\",\"inLanguage\":\"pl-PL\",\"@id\":\"https:\/\/www.welovecycling.com\/pl\/#\/schema\/person\/image\/\",\"url\":\"https:\/\/secure.gravatar.com\/avatar\/b97a3f44e2de6d2f8dd358975937e49823662e12cbd810b9d1a2bff1c149e8a7?s=96&d=mm&r=g\",\"contentUrl\":\"https:\/\/secure.gravatar.com\/avatar\/b97a3f44e2de6d2f8dd358975937e49823662e12cbd810b9d1a2bff1c149e8a7?s=96&d=mm&r=g\",\"caption\":\"oktawiamikulska\"},\"url\":\"https:\/\/www.welovecycling.com\/pl\/author\/oktawiamikulska\/\"}]}<\/script>\n<!-- \/ Yoast SEO Premium plugin. -->","yoast_head_json":{"title":"Bezlito\u015bnie rozprawia\u0142 si\u0119 z konkurencj\u0105! Oto zwyci\u0119zca Vuelta a Espana? - \u0160koda We Love Cycling - Poland","robots":{"index":"index","follow":"follow","max-snippet":"max-snippet:-1","max-image-preview":"max-image-preview:large","max-video-preview":"max-video-preview:-1"},"canonical":"https:\/\/www.welovecycling.com\/pl\/2021\/09\/03\/bezlitosnie-rozprawial-sie-z-konkurencja-oto-zwyciezca-vuelta-a-espana\/","og_locale":"pl_PL","og_type":"article","og_title":"Bezlito\u015bnie rozprawia\u0142 si\u0119 z konkurencj\u0105! Oto zwyci\u0119zca Vuelta a Espana?","og_description":"Primo\u017c Rogli\u0107 da\u0142 popis w g\u00f3rach i zn\u00f3w jedzie w czerwonej koszulce lidera Vuelta a Espana. Je\u015bli rywale my\u015bl\u0105 jeszcze [&hellip;]","og_url":"https:\/\/www.welovecycling.com\/pl\/2021\/09\/03\/bezlitosnie-rozprawial-sie-z-konkurencja-oto-zwyciezca-vuelta-a-espana\/","og_site_name":"\u0160koda We Love Cycling - Poland","article_published_time":"2021-09-03T09:24:46+00:00","article_modified_time":"2021-10-18T13:01:39+00:00","og_image":[{"width":1024,"height":450,"url":"https:\/\/d2p6e6u75xmxt8.cloudfront.net\/5\/2021\/09\/Fabio-Jakobsen-profimedia-0629657625-CVR-1024x450-1.jpg","type":"image\/jpeg"}],"author":"oktawiamikulska","twitter_card":"summary_large_image","twitter_misc":{"Written by":"Piotr Nowik","Est. reading time":"3 minutes"},"schema":{"@context":"https:\/\/schema.org","@graph":[{"@type":"WebPage","@id":"https:\/\/www.welovecycling.com\/pl\/2021\/09\/03\/bezlitosnie-rozprawial-sie-z-konkurencja-oto-zwyciezca-vuelta-a-espana\/","url":"https:\/\/www.welovecycling.com\/pl\/2021\/09\/03\/bezlitosnie-rozprawial-sie-z-konkurencja-oto-zwyciezca-vuelta-a-espana\/","name":"Bezlito\u015bnie rozprawia\u0142 si\u0119 z konkurencj\u0105! Oto zwyci\u0119zca Vuelta a Espana? - \u0160koda We Love Cycling - Poland","isPartOf":{"@id":"https:\/\/www.welovecycling.com\/pl\/#website"},"primaryImageOfPage":{"@id":"https:\/\/www.welovecycling.com\/pl\/2021\/09\/03\/bezlitosnie-rozprawial-sie-z-konkurencja-oto-zwyciezca-vuelta-a-espana\/#primaryimage"},"image":{"@id":"https:\/\/www.welovecycling.com\/pl\/2021\/09\/03\/bezlitosnie-rozprawial-sie-z-konkurencja-oto-zwyciezca-vuelta-a-espana\/#primaryimage"},"thumbnailUrl":"https:\/\/d2p6e6u75xmxt8.cloudfront.net\/5\/2021\/09\/Fabio-Jakobsen-profimedia-0629657625-CVR-1024x450-1.jpg","datePublished":"2021-09-03T09:24:46+00:00","dateModified":"2021-10-18T13:01:39+00:00","author":{"@id":"https:\/\/www.welovecycling.com\/pl\/#\/schema\/person\/4a79bac7bd265aa6a35a1079d36648be"},"breadcrumb":{"@id":"https:\/\/www.welovecycling.com\/pl\/2021\/09\/03\/bezlitosnie-rozprawial-sie-z-konkurencja-oto-zwyciezca-vuelta-a-espana\/#breadcrumb"},"inLanguage":"pl-PL","potentialAction":[{"@type":"ReadAction","target":["https:\/\/www.welovecycling.com\/pl\/2021\/09\/03\/bezlitosnie-rozprawial-sie-z-konkurencja-oto-zwyciezca-vuelta-a-espana\/"]}]},{"@type":"ImageObject","inLanguage":"pl-PL","@id":"https:\/\/www.welovecycling.com\/pl\/2021\/09\/03\/bezlitosnie-rozprawial-sie-z-konkurencja-oto-zwyciezca-vuelta-a-espana\/#primaryimage","url":"https:\/\/d2p6e6u75xmxt8.cloudfront.net\/5\/2021\/09\/Fabio-Jakobsen-profimedia-0629657625-CVR-1024x450-1.jpg","contentUrl":"https:\/\/d2p6e6u75xmxt8.cloudfront.net\/5\/2021\/09\/Fabio-Jakobsen-profimedia-0629657625-CVR-1024x450-1.jpg","width":1024,"height":450},{"@type":"BreadcrumbList","@id":"https:\/\/www.welovecycling.com\/pl\/2021\/09\/03\/bezlitosnie-rozprawial-sie-z-konkurencja-oto-zwyciezca-vuelta-a-espana\/#breadcrumb","itemListElement":[{"@type":"ListItem","position":1,"name":"Home","item":"https:\/\/www.welovecycling.com\/pl\/"},{"@type":"ListItem","position":2,"name":"Bezlito\u015bnie rozprawia\u0142 si\u0119 z konkurencj\u0105! Oto zwyci\u0119zca Vuelta a Espana?"}]},{"@type":"WebSite","@id":"https:\/\/www.welovecycling.com\/pl\/#website","url":"https:\/\/www.welovecycling.com\/pl\/","name":"\u0160koda We Love Cycling - Poland","description":"","potentialAction":[{"@type":"SearchAction","target":{"@type":"EntryPoint","urlTemplate":"https:\/\/www.welovecycling.com\/pl\/?s={search_term_string}"},"query-input":{"@type":"PropertyValueSpecification","valueRequired":true,"valueName":"search_term_string"}}],"inLanguage":"pl-PL"},{"@type":"Person","@id":"https:\/\/www.welovecycling.com\/pl\/#\/schema\/person\/4a79bac7bd265aa6a35a1079d36648be","name":"oktawiamikulska","image":{"@type":"ImageObject","inLanguage":"pl-PL","@id":"https:\/\/www.welovecycling.com\/pl\/#\/schema\/person\/image\/","url":"https:\/\/secure.gravatar.com\/avatar\/b97a3f44e2de6d2f8dd358975937e49823662e12cbd810b9d1a2bff1c149e8a7?s=96&d=mm&r=g","contentUrl":"https:\/\/secure.gravatar.com\/avatar\/b97a3f44e2de6d2f8dd358975937e49823662e12cbd810b9d1a2bff1c149e8a7?s=96&d=mm&r=g","caption":"oktawiamikulska"},"url":"https:\/\/www.welovecycling.com\/pl\/author\/oktawiamikulska\/"}]}},"_links":{"self":[{"href":"https:\/\/www.welovecycling.com\/pl\/wp-json\/wp\/v2\/posts\/12103","targetHints":{"allow":["GET"]}}],"collection":[{"href":"https:\/\/www.welovecycling.com\/pl\/wp-json\/wp\/v2\/posts"}],"about":[{"href":"https:\/\/www.welovecycling.com\/pl\/wp-json\/wp\/v2\/types\/post"}],"author":[{"embeddable":true,"href":"https:\/\/www.welovecycling.com\/pl\/wp-json\/wp\/v2\/users\/125"}],"replies":[{"embeddable":true,"href":"https:\/\/www.welovecycling.com\/pl\/wp-json\/wp\/v2\/comments?post=12103"}],"version-history":[{"count":2,"href":"https:\/\/www.welovecycling.com\/pl\/wp-json\/wp\/v2\/posts\/12103\/revisions"}],"predecessor-version":[{"id":12247,"href":"https:\/\/www.welovecycling.com\/pl\/wp-json\/wp\/v2\/posts\/12103\/revisions\/12247"}],"wp:featuredmedia":[{"embeddable":true,"href":"https:\/\/www.welovecycling.com\/pl\/wp-json\/wp\/v2\/media\/12108"}],"wp:attachment":[{"href":"https:\/\/www.welovecycling.com\/pl\/wp-json\/wp\/v2\/media?parent=12103"}],"wp:term":[{"taxonomy":"category","embeddable":true,"href":"https:\/\/www.welovecycling.com\/pl\/wp-json\/wp\/v2\/categories?post=12103"},{"taxonomy":"post_tag","embeddable":true,"href":"https:\/\/www.welovecycling.com\/pl\/wp-json\/wp\/v2\/tags?post=12103"},{"taxonomy":"global-categories","embeddable":true,"href":"https:\/\/www.welovecycling.com\/pl\/wp-json\/wp\/v2\/global-categories?post=12103"}],"curies":[{"name":"wp","href":"https:\/\/api.w.org\/{rel}","templated":true}]}}