{"id":12095,"date":"2021-09-01T09:16:41","date_gmt":"2021-09-01T09:16:41","guid":{"rendered":"https:\/\/www.welovecycling.com\/pl\/?p=12095"},"modified":"2021-10-18T13:02:00","modified_gmt":"2021-10-18T13:02:00","slug":"zastanawiali-sie-czy-kiedys-jeszcze-wsiadzie-na-rower-piekny-powrot","status":"publish","type":"post","link":"https:\/\/www.welovecycling.com\/pl\/2021\/09\/01\/zastanawiali-sie-czy-kiedys-jeszcze-wsiadzie-na-rower-piekny-powrot\/","title":{"rendered":"Zastanawiali si\u0119, czy kiedy\u015b jeszcze wsi\u0105dzie na rower\u2026 Pi\u0119kny powr\u00f3t!"},"content":{"rendered":"<p><strong>Rok temu walczy\u0142 o \u017cycie po makabrycznym wypadku, dzi\u015b zadziwia kolarski \u015bwiat. W dniu 25. urodzin Fabio Jakobsen (Deceuninck-Quick Step) wygra\u0142 sw\u00f3j trzeci etap na tegorocznej Vuelta a Espana!<\/strong><\/p>\n<p>Jest dowodem na ta, \u017ce up\u00f3r, sportowa ambicja i ci\u0119\u017cka praca mog\u0105 zdzia\u0142a\u0107 cuda. Jeszcze kilka miesi\u0119cy temu nie by\u0142o wiadomo, czy Holender kiedykolwiek wr\u00f3ci na rower, a dzi\u015b pokazuje plecy najlepszym zawodnikom na \u015bwiecie.<\/p>\n<div class=\"embed-controller-wrapper\">\n<blockquote class=\"twitter-tweet\" data-width=\"500\" data-dnt=\"true\">\n<p lang=\"es\" dir=\"ltr\">\ud83e\udd70 La felicitaci\u00f3n tras la llegada<br \/>\ud83d\udc9aWell done, mate! <a href=\"https:\/\/twitter.com\/MATTEOTRENTIN?ref_src=twsrc%5Etfw\">@MATTEOTRENTIN<\/a>  \ud83e\udd32 <a href=\"https:\/\/twitter.com\/FabioJakobsen?ref_src=twsrc%5Etfw\">@FabioJakobsen<\/a> <a href=\"https:\/\/twitter.com\/hashtag\/LaVuelta21?src=hash&amp;ref_src=twsrc%5Etfw\">#LaVuelta21<\/a><\/p>\n<p>\ud83d\udcf8: <a href=\"https:\/\/twitter.com\/cxcling?ref_src=twsrc%5Etfw\">@cxcling<\/a> <a href=\"https:\/\/t.co\/xZwIPPgSg5\">pic.twitter.com\/xZwIPPgSg5<\/a><\/p>\n<p>&mdash; La Vuelta (@lavuelta) <a href=\"https:\/\/twitter.com\/lavuelta\/status\/1432745106449305603?ref_src=twsrc%5Etfw\">August 31, 2021<\/a><\/p><\/blockquote>\n<p><script async data-src=\"https:\/\/platform.twitter.com\/widgets.js\" charset=\"utf-8\"><\/script><\/div>\n<h2><strong>Wypadek, kt\u00f3ry m\u00f3g\u0142 zmieni\u0107 wszystko<\/strong><\/h2>\n<p>Jest 5 sierpnia, 2020 r., finisz pierwszego etapu Tour de Pologne. Po faulu Dylana Groenewegena Jakobsen wpada w barierki i w ci\u0119\u017ckim stanie trafia do szpitala. Ekipa dr\u017cy o jego \u017cycie, lekarze robi\u0105 co mog\u0105. Ko\u0144czy si\u0119 na utracie kilkunastu z\u0119b\u00f3w, na ciele pojawia si\u0119 ponad 100 szw\u00f3w. Potrzebna jest te\u017c rekonstrukcja szcz\u0119ki. Po wyj\u015bciu ze szpitala Holender nie jest w stanie sam funkcjonowa\u0107. O \u015bciganiu nikt nawet nie wspomina, liczy si\u0119 tylko powr\u00f3t do normalnego \u017cycia. A jednak. Po dziewi\u0119ciu miesi\u0105cach, ci\u0119\u017ckich treningach oraz wielu sesjach z psychologiem, zn\u00f3w stan\u0105\u0142 na starcie. I zn\u00f3w potwierdzi\u0142 sw\u00f3j talent, wygrywaj\u0105c dwa etapy w Tour de Wallonie. Jednak nawet wtedy niewielu spodziewa\u0142o si\u0119, \u017ce Jakobsen b\u0119dzie odgrywa\u0142 tak wa\u017cn\u0105 rol\u0119 podczas trwaj\u0105cej w\u0142a\u015bnie Vuelta a Espana.<\/p>\n<div class=\"embed-controller-wrapper\">\n<blockquote class=\"twitter-tweet\" data-width=\"500\" data-dnt=\"true\">\n<p lang=\"es\" dir=\"ltr\">\ud83e\udd70Las emociones de <a href=\"https:\/\/twitter.com\/FabioJakobsen?ref_src=twsrc%5Etfw\">@FabioJakobsen<\/a> despu\u00e9s de un peleado tercer triunfo de etapa en <a href=\"https:\/\/twitter.com\/hashtag\/LaVuelta21?src=hash&amp;ref_src=twsrc%5Etfw\">#LaVuelta21<\/a><\/p>\n<p>\ud83d\udcf9The emotions from Jakobsen and <a href=\"https:\/\/twitter.com\/deceuninck_qst?ref_src=twsrc%5Etfw\">@deceuninck_qst<\/a> after a great team effort to grab another stage win in La Vuelta! <a href=\"https:\/\/t.co\/dVe9zhzijc\">pic.twitter.com\/dVe9zhzijc<\/a><\/p>\n<p>&mdash; La Vuelta (@lavuelta) <a href=\"https:\/\/twitter.com\/lavuelta\/status\/1432743240252469248?ref_src=twsrc%5Etfw\">August 31, 2021<\/a><\/p><\/blockquote>\n<p><script async data-src=\"https:\/\/platform.twitter.com\/widgets.js\" charset=\"utf-8\"><\/script><\/div>\n<p>Holender przewodzi klasyfikacji punktowej i musi ju\u017c tylko dowie\u017a\u0107 zielon\u0105 koszulk\u0119 do mety. Po drodze zgarnia tak\u017ce kolejne etapy. Wygra\u0142 czwarty i \u00f3smy, a we wtorek do\u0142o\u017cy\u0142 kolejny triumf po finiszu z peletonu.<\/p>\n<p>Etap by\u0142 skrojony pod sprintera, na trasie by\u0142a tylko jedna g\u00f3rska premia. Plany Jakobsena pr\u00f3bowa\u0142o pokrzy\u017cowa\u0107 jeszcze pi\u0119ciu uciekinier\u00f3w, ale peleton nie pozwoli\u0142 wypracowa\u0107 im wi\u0119kszej przewagi. Holendrowi nosa chcieli utrze\u0107 te\u017c zawodnicy UAE Team Emirates, ale ko\u0144c\u00f3wk\u0119 Jakobsen rozegra\u0142 perfekcyjnie i sprawi\u0142 sobie pi\u0119kny prezent w dniu 25. urodzin.<\/p>\n<p>https:\/\/twitter.com\/lavuelta\/status\/1432736297249038347?s=20<\/p>\n<h2><strong>Jeszcze b\u0119dzie ciekawie\u2026<\/strong><\/h2>\n<p>Na czele klasyfikacji generalnej nie dosz\u0142o do zmian. Wci\u0105\u017c prowadzi Odd Christian Eiking (Intermarche-Wanty-Gobert Materiaux), kt\u00f3ry ma 54 sekundy przewagi nad Guillaume Martinem (Cofidis) i 96 sekund nad Primo\u017cem Rogliciem (Jumbo-Visma). Du\u017co bardziej klarowna sytuacja jest w klasyfikacji punktowej, gdzie Jakobsen ma 127 punkt\u00f3w wi\u0119cej od Matteo Trentina (UAE Team Emirates). Ciekawie mo\u017ce by\u0107 jeszcze w klasyfikacji g\u00f3rskiej, gdzie zamiesza\u0107 mo\u017ce nawet Rafa\u0142 Majka (UAE Team Emirates). Na razie Polak zajmuje trzecie miejsce i ma dwa punkty straty do Damiano Caruso (Bahrain Victorious) oraz 21 punkt\u00f3w do prowadz\u0105cego Romaina Bardeta (Team DSM).<\/p>\n<div class=\"embed-controller-wrapper\">\n<blockquote class=\"twitter-tweet\" data-width=\"500\" data-dnt=\"true\">\n<p lang=\"pt\" dir=\"ltr\">\ud83c\udfc6 L\u00edderes tras la etapa 16 | Leaders after stage 16<\/p>\n<p>\u2764\ufe0f\ud83c\uddf3\ud83c\uddf4 <a href=\"https:\/\/twitter.com\/Oddeiking?ref_src=twsrc%5Etfw\">@Oddeiking<\/a> <br \/>\ud83d\udc9a\ud83c\uddf3\ud83c\uddf1 <a href=\"https:\/\/twitter.com\/FabioJakobsen?ref_src=twsrc%5Etfw\">@FabioJakobsen<\/a> <br \/>\ud83d\udd35\ud83c\uddeb\ud83c\uddf7 <a href=\"https:\/\/twitter.com\/romainbardet?ref_src=twsrc%5Etfw\">@romainbardet<\/a> <br \/>\u26aa\ud83c\udde8\ud83c\uddf4 <a href=\"https:\/\/twitter.com\/Eganbernal?ref_src=twsrc%5Etfw\">@Eganbernal<\/a> <a href=\"https:\/\/twitter.com\/hashtag\/LaVuelta21?src=hash&amp;ref_src=twsrc%5Etfw\">#LaVuelta21<\/a> <a href=\"https:\/\/t.co\/vtN2mfNROn\">pic.twitter.com\/vtN2mfNROn<\/a><\/p>\n<p>&mdash; La Vuelta (@lavuelta) <a href=\"https:\/\/twitter.com\/lavuelta\/status\/1432752897939361798?ref_src=twsrc%5Etfw\">August 31, 2021<\/a><\/p><\/blockquote>\n<p><script async data-src=\"https:\/\/platform.twitter.com\/widgets.js\" charset=\"utf-8\"><\/script><\/div>\n<h2><strong>Czas na fina\u0142!<\/strong><\/h2>\n<p>Dzi\u015b zaczynaj\u0105 si\u0119 decyduj\u0105ce etapy 76. Vuelta a Espana. O ile wtorek by\u0142 rozgrzewk\u0105 po dniu przerwy, to w \u015brod\u0119 zawodnicy musz\u0105 stawi\u0107 czo\u0142a powa\u017cnym g\u00f3rom. Na licz\u0105cej niespe\u0142na 186 km trasie z Unquera do Lagos de Covadonga usytuowano trzy g\u00f3rskie premie, jest tak\u017ce kilka miejsc, gdzie mo\u017cna pokusi\u0107 si\u0119 o ucieczk\u0119. By\u0107 mo\u017ce do walki o zgarni\u0119cie kolejnego etapu w\u0142\u0105czy si\u0119 Rafa\u0142 Majka?<\/p>\n<p>Faworyci do wygrania ca\u0142ego wy\u015bcigu si\u0142y mog\u0105 chomikowa\u0107 na czwartkowy etap Salas \u2013 El Gamoniteiru, a w pi\u0105tek zawodnik\u00f3w czeka ponad 190 km jazdy po terenie pag\u00f3rkowatym. Rozstrzygni\u0119cie Vuelta a Espana w sobot\u0119 w g\u00f3rach oraz podczas niedzielnej czas\u00f3wki, kt\u00f3ra ko\u0144czy wy\u015bcig.<\/p>\n<p><span data-sheets-value=\"{&quot;1&quot;:2,&quot;2&quot;:&quot;Artyku\u0142 powsta\u0142 we wsp\u00f3\u0142pracy ze skoda-auto.pl&quot;}\" data-sheets-userformat=\"{&quot;2&quot;:1,&quot;3&quot;:{&quot;1&quot;:0}}\" data-sheets-hyperlink=\"http:\/\/www.skoda-auto.pl\/\"><a class=\"in-cell-link\" href=\"http:\/\/www.skoda-auto.pl\/\" target=\"_blank\" rel=\"noopener noreferrer\">Artyku\u0142 powsta\u0142 we wsp\u00f3\u0142pracy ze skoda-auto.pl<\/a><\/span><\/p>\n<p><a href=\"https:\/\/www.skoda-auto.pl\/modele\/superb\"><img loading=\"lazy\" decoding=\"async\" class=\"alignnone size-full wp-image-11628 aligncenter\" src=\"https:\/\/d2p6e6u75xmxt8.cloudfront.net\/5\/2021\/12\/640x350-2-1.jpg\" alt=\"\" width=\"640\" height=\"350\" srcset=\"https:\/\/d2p6e6u75xmxt8.cloudfront.net\/5\/2021\/12\/640x350-2-1.jpg 640w, https:\/\/d2p6e6u75xmxt8.cloudfront.net\/5\/2021\/12\/640x350-2-1-300x164.jpg 300w\" sizes=\"auto, (max-width: 640px) 100vw, 640px\" \/><\/a><\/p>\n","protected":false},"excerpt":{"rendered":"<p>Rok temu walczy\u0142 o \u017cycie po makabrycznym wypadku, dzi\u015b zadziwia kolarski \u015bwiat. W dniu 25. urodzin Fabio Jakobsen (Deceuninck-Quick Step) [&hellip;]<\/p>\n","protected":false},"author":125,"featured_media":12100,"comment_status":"open","ping_status":"open","sticky":false,"template":"","format":"standard","meta":{"footnotes":""},"categories":[361],"tags":[362],"global-categories":[303],"class_list":["post-12095","post","type-post","status-publish","format-standard","has-post-thumbnail","hentry","category-vuelta-a-espana","tag-piotr-nowik","global-categories-cycling"],"yoast_head":"<!-- This site is optimized with the Yoast SEO Premium plugin v25.3 (Yoast SEO v25.9) - https:\/\/yoast.com\/wordpress\/plugins\/seo\/ -->\n<title>Zastanawiali si\u0119, czy kiedy\u015b jeszcze wsi\u0105dzie na rower\u2026 Pi\u0119kny powr\u00f3t! - \u0160koda We Love Cycling - Poland<\/title>\n<meta name=\"description\" content=\"Rok temu walczy\u0142 o \u017cycie po makabrycznym wypadku, dzi\u015b zadziwia kolarski \u015bwiat. W dniu 25. urodzin Fabio Jakobsen (Deceuninck-Quick Step) wygra\u0142 sw\u00f3j trzeci etap na tegorocznej Vuelta a Espana!\" \/>\n<meta name=\"robots\" content=\"index, follow, max-snippet:-1, max-image-preview:large, max-video-preview:-1\" \/>\n<link rel=\"canonical\" href=\"https:\/\/www.welovecycling.com\/pl\/2021\/09\/01\/zastanawiali-sie-czy-kiedys-jeszcze-wsiadzie-na-rower-piekny-powrot\/\" \/>\n<meta property=\"og:locale\" content=\"pl_PL\" \/>\n<meta property=\"og:type\" content=\"article\" \/>\n<meta property=\"og:title\" content=\"Zastanawiali si\u0119, czy kiedy\u015b jeszcze wsi\u0105dzie na rower\u2026 Pi\u0119kny powr\u00f3t!\" \/>\n<meta property=\"og:description\" content=\"Rok temu walczy\u0142 o \u017cycie po makabrycznym wypadku, dzi\u015b zadziwia kolarski \u015bwiat. W dniu 25. urodzin Fabio Jakobsen (Deceuninck-Quick Step) wygra\u0142 sw\u00f3j trzeci etap na tegorocznej Vuelta a Espana!\" \/>\n<meta property=\"og:url\" content=\"https:\/\/www.welovecycling.com\/pl\/2021\/09\/01\/zastanawiali-sie-czy-kiedys-jeszcze-wsiadzie-na-rower-piekny-powrot\/\" \/>\n<meta property=\"og:site_name\" content=\"\u0160koda We Love Cycling - Poland\" \/>\n<meta property=\"article:published_time\" content=\"2021-09-01T09:16:41+00:00\" \/>\n<meta property=\"article:modified_time\" content=\"2021-10-18T13:02:00+00:00\" \/>\n<meta property=\"og:image\" content=\"https:\/\/d2p6e6u75xmxt8.cloudfront.net\/5\/2021\/09\/La-Vuelta-profimedia-0628586789-CVR-1024x450-1.jpg\" \/>\n\t<meta property=\"og:image:width\" content=\"1024\" \/>\n\t<meta property=\"og:image:height\" content=\"450\" \/>\n\t<meta property=\"og:image:type\" content=\"image\/jpeg\" \/>\n<meta name=\"author\" content=\"oktawiamikulska\" \/>\n<meta name=\"twitter:card\" content=\"summary_large_image\" \/>\n<meta name=\"twitter:label1\" content=\"Written by\" \/>\n\t<meta name=\"twitter:data1\" content=\"Piotr Nowik\" \/>\n\t<meta name=\"twitter:label2\" content=\"Est. reading time\" \/>\n\t<meta name=\"twitter:data2\" content=\"3 minutes\" \/>\n<script type=\"application\/ld+json\" class=\"yoast-schema-graph\">{\"@context\":\"https:\/\/schema.org\",\"@graph\":[{\"@type\":\"WebPage\",\"@id\":\"https:\/\/www.welovecycling.com\/pl\/2021\/09\/01\/zastanawiali-sie-czy-kiedys-jeszcze-wsiadzie-na-rower-piekny-powrot\/\",\"url\":\"https:\/\/www.welovecycling.com\/pl\/2021\/09\/01\/zastanawiali-sie-czy-kiedys-jeszcze-wsiadzie-na-rower-piekny-powrot\/\",\"name\":\"Zastanawiali si\u0119, czy kiedy\u015b jeszcze wsi\u0105dzie na rower\u2026 Pi\u0119kny powr\u00f3t! - \u0160koda We Love Cycling - Poland\",\"isPartOf\":{\"@id\":\"https:\/\/www.welovecycling.com\/pl\/#website\"},\"primaryImageOfPage\":{\"@id\":\"https:\/\/www.welovecycling.com\/pl\/2021\/09\/01\/zastanawiali-sie-czy-kiedys-jeszcze-wsiadzie-na-rower-piekny-powrot\/#primaryimage\"},\"image\":{\"@id\":\"https:\/\/www.welovecycling.com\/pl\/2021\/09\/01\/zastanawiali-sie-czy-kiedys-jeszcze-wsiadzie-na-rower-piekny-powrot\/#primaryimage\"},\"thumbnailUrl\":\"https:\/\/d2p6e6u75xmxt8.cloudfront.net\/5\/2021\/09\/La-Vuelta-profimedia-0628586789-CVR-1024x450-1.jpg\",\"datePublished\":\"2021-09-01T09:16:41+00:00\",\"dateModified\":\"2021-10-18T13:02:00+00:00\",\"author\":{\"@id\":\"https:\/\/www.welovecycling.com\/pl\/#\/schema\/person\/4a79bac7bd265aa6a35a1079d36648be\"},\"description\":\"Rok temu walczy\u0142 o \u017cycie po makabrycznym wypadku, dzi\u015b zadziwia kolarski \u015bwiat. W dniu 25. urodzin Fabio Jakobsen (Deceuninck-Quick Step) wygra\u0142 sw\u00f3j trzeci etap na tegorocznej Vuelta a Espana!\",\"breadcrumb\":{\"@id\":\"https:\/\/www.welovecycling.com\/pl\/2021\/09\/01\/zastanawiali-sie-czy-kiedys-jeszcze-wsiadzie-na-rower-piekny-powrot\/#breadcrumb\"},\"inLanguage\":\"pl-PL\",\"potentialAction\":[{\"@type\":\"ReadAction\",\"target\":[\"https:\/\/www.welovecycling.com\/pl\/2021\/09\/01\/zastanawiali-sie-czy-kiedys-jeszcze-wsiadzie-na-rower-piekny-powrot\/\"]}]},{\"@type\":\"ImageObject\",\"inLanguage\":\"pl-PL\",\"@id\":\"https:\/\/www.welovecycling.com\/pl\/2021\/09\/01\/zastanawiali-sie-czy-kiedys-jeszcze-wsiadzie-na-rower-piekny-powrot\/#primaryimage\",\"url\":\"https:\/\/d2p6e6u75xmxt8.cloudfront.net\/5\/2021\/09\/La-Vuelta-profimedia-0628586789-CVR-1024x450-1.jpg\",\"contentUrl\":\"https:\/\/d2p6e6u75xmxt8.cloudfront.net\/5\/2021\/09\/La-Vuelta-profimedia-0628586789-CVR-1024x450-1.jpg\",\"width\":1024,\"height\":450},{\"@type\":\"BreadcrumbList\",\"@id\":\"https:\/\/www.welovecycling.com\/pl\/2021\/09\/01\/zastanawiali-sie-czy-kiedys-jeszcze-wsiadzie-na-rower-piekny-powrot\/#breadcrumb\",\"itemListElement\":[{\"@type\":\"ListItem\",\"position\":1,\"name\":\"Home\",\"item\":\"https:\/\/www.welovecycling.com\/pl\/\"},{\"@type\":\"ListItem\",\"position\":2,\"name\":\"Zastanawiali si\u0119, czy kiedy\u015b jeszcze wsi\u0105dzie na rower\u2026 Pi\u0119kny powr\u00f3t!\"}]},{\"@type\":\"WebSite\",\"@id\":\"https:\/\/www.welovecycling.com\/pl\/#website\",\"url\":\"https:\/\/www.welovecycling.com\/pl\/\",\"name\":\"\u0160koda We Love Cycling - Poland\",\"description\":\"\",\"potentialAction\":[{\"@type\":\"SearchAction\",\"target\":{\"@type\":\"EntryPoint\",\"urlTemplate\":\"https:\/\/www.welovecycling.com\/pl\/?s={search_term_string}\"},\"query-input\":{\"@type\":\"PropertyValueSpecification\",\"valueRequired\":true,\"valueName\":\"search_term_string\"}}],\"inLanguage\":\"pl-PL\"},{\"@type\":\"Person\",\"@id\":\"https:\/\/www.welovecycling.com\/pl\/#\/schema\/person\/4a79bac7bd265aa6a35a1079d36648be\",\"name\":\"oktawiamikulska\",\"image\":{\"@type\":\"ImageObject\",\"inLanguage\":\"pl-PL\",\"@id\":\"https:\/\/www.welovecycling.com\/pl\/#\/schema\/person\/image\/\",\"url\":\"https:\/\/secure.gravatar.com\/avatar\/b97a3f44e2de6d2f8dd358975937e49823662e12cbd810b9d1a2bff1c149e8a7?s=96&d=mm&r=g\",\"contentUrl\":\"https:\/\/secure.gravatar.com\/avatar\/b97a3f44e2de6d2f8dd358975937e49823662e12cbd810b9d1a2bff1c149e8a7?s=96&d=mm&r=g\",\"caption\":\"oktawiamikulska\"},\"url\":\"https:\/\/www.welovecycling.com\/pl\/author\/oktawiamikulska\/\"}]}<\/script>\n<!-- \/ Yoast SEO Premium plugin. -->","yoast_head_json":{"title":"Zastanawiali si\u0119, czy kiedy\u015b jeszcze wsi\u0105dzie na rower\u2026 Pi\u0119kny powr\u00f3t! - \u0160koda We Love Cycling - Poland","description":"Rok temu walczy\u0142 o \u017cycie po makabrycznym wypadku, dzi\u015b zadziwia kolarski \u015bwiat. W dniu 25. urodzin Fabio Jakobsen (Deceuninck-Quick Step) wygra\u0142 sw\u00f3j trzeci etap na tegorocznej Vuelta a Espana!","robots":{"index":"index","follow":"follow","max-snippet":"max-snippet:-1","max-image-preview":"max-image-preview:large","max-video-preview":"max-video-preview:-1"},"canonical":"https:\/\/www.welovecycling.com\/pl\/2021\/09\/01\/zastanawiali-sie-czy-kiedys-jeszcze-wsiadzie-na-rower-piekny-powrot\/","og_locale":"pl_PL","og_type":"article","og_title":"Zastanawiali si\u0119, czy kiedy\u015b jeszcze wsi\u0105dzie na rower\u2026 Pi\u0119kny powr\u00f3t!","og_description":"Rok temu walczy\u0142 o \u017cycie po makabrycznym wypadku, dzi\u015b zadziwia kolarski \u015bwiat. W dniu 25. urodzin Fabio Jakobsen (Deceuninck-Quick Step) wygra\u0142 sw\u00f3j trzeci etap na tegorocznej Vuelta a Espana!","og_url":"https:\/\/www.welovecycling.com\/pl\/2021\/09\/01\/zastanawiali-sie-czy-kiedys-jeszcze-wsiadzie-na-rower-piekny-powrot\/","og_site_name":"\u0160koda We Love Cycling - Poland","article_published_time":"2021-09-01T09:16:41+00:00","article_modified_time":"2021-10-18T13:02:00+00:00","og_image":[{"width":1024,"height":450,"url":"https:\/\/d2p6e6u75xmxt8.cloudfront.net\/5\/2021\/09\/La-Vuelta-profimedia-0628586789-CVR-1024x450-1.jpg","type":"image\/jpeg"}],"author":"oktawiamikulska","twitter_card":"summary_large_image","twitter_misc":{"Written by":"Piotr Nowik","Est. reading time":"3 minutes"},"schema":{"@context":"https:\/\/schema.org","@graph":[{"@type":"WebPage","@id":"https:\/\/www.welovecycling.com\/pl\/2021\/09\/01\/zastanawiali-sie-czy-kiedys-jeszcze-wsiadzie-na-rower-piekny-powrot\/","url":"https:\/\/www.welovecycling.com\/pl\/2021\/09\/01\/zastanawiali-sie-czy-kiedys-jeszcze-wsiadzie-na-rower-piekny-powrot\/","name":"Zastanawiali si\u0119, czy kiedy\u015b jeszcze wsi\u0105dzie na rower\u2026 Pi\u0119kny powr\u00f3t! - \u0160koda We Love Cycling - Poland","isPartOf":{"@id":"https:\/\/www.welovecycling.com\/pl\/#website"},"primaryImageOfPage":{"@id":"https:\/\/www.welovecycling.com\/pl\/2021\/09\/01\/zastanawiali-sie-czy-kiedys-jeszcze-wsiadzie-na-rower-piekny-powrot\/#primaryimage"},"image":{"@id":"https:\/\/www.welovecycling.com\/pl\/2021\/09\/01\/zastanawiali-sie-czy-kiedys-jeszcze-wsiadzie-na-rower-piekny-powrot\/#primaryimage"},"thumbnailUrl":"https:\/\/d2p6e6u75xmxt8.cloudfront.net\/5\/2021\/09\/La-Vuelta-profimedia-0628586789-CVR-1024x450-1.jpg","datePublished":"2021-09-01T09:16:41+00:00","dateModified":"2021-10-18T13:02:00+00:00","author":{"@id":"https:\/\/www.welovecycling.com\/pl\/#\/schema\/person\/4a79bac7bd265aa6a35a1079d36648be"},"description":"Rok temu walczy\u0142 o \u017cycie po makabrycznym wypadku, dzi\u015b zadziwia kolarski \u015bwiat. W dniu 25. urodzin Fabio Jakobsen (Deceuninck-Quick Step) wygra\u0142 sw\u00f3j trzeci etap na tegorocznej Vuelta a Espana!","breadcrumb":{"@id":"https:\/\/www.welovecycling.com\/pl\/2021\/09\/01\/zastanawiali-sie-czy-kiedys-jeszcze-wsiadzie-na-rower-piekny-powrot\/#breadcrumb"},"inLanguage":"pl-PL","potentialAction":[{"@type":"ReadAction","target":["https:\/\/www.welovecycling.com\/pl\/2021\/09\/01\/zastanawiali-sie-czy-kiedys-jeszcze-wsiadzie-na-rower-piekny-powrot\/"]}]},{"@type":"ImageObject","inLanguage":"pl-PL","@id":"https:\/\/www.welovecycling.com\/pl\/2021\/09\/01\/zastanawiali-sie-czy-kiedys-jeszcze-wsiadzie-na-rower-piekny-powrot\/#primaryimage","url":"https:\/\/d2p6e6u75xmxt8.cloudfront.net\/5\/2021\/09\/La-Vuelta-profimedia-0628586789-CVR-1024x450-1.jpg","contentUrl":"https:\/\/d2p6e6u75xmxt8.cloudfront.net\/5\/2021\/09\/La-Vuelta-profimedia-0628586789-CVR-1024x450-1.jpg","width":1024,"height":450},{"@type":"BreadcrumbList","@id":"https:\/\/www.welovecycling.com\/pl\/2021\/09\/01\/zastanawiali-sie-czy-kiedys-jeszcze-wsiadzie-na-rower-piekny-powrot\/#breadcrumb","itemListElement":[{"@type":"ListItem","position":1,"name":"Home","item":"https:\/\/www.welovecycling.com\/pl\/"},{"@type":"ListItem","position":2,"name":"Zastanawiali si\u0119, czy kiedy\u015b jeszcze wsi\u0105dzie na rower\u2026 Pi\u0119kny powr\u00f3t!"}]},{"@type":"WebSite","@id":"https:\/\/www.welovecycling.com\/pl\/#website","url":"https:\/\/www.welovecycling.com\/pl\/","name":"\u0160koda We Love Cycling - Poland","description":"","potentialAction":[{"@type":"SearchAction","target":{"@type":"EntryPoint","urlTemplate":"https:\/\/www.welovecycling.com\/pl\/?s={search_term_string}"},"query-input":{"@type":"PropertyValueSpecification","valueRequired":true,"valueName":"search_term_string"}}],"inLanguage":"pl-PL"},{"@type":"Person","@id":"https:\/\/www.welovecycling.com\/pl\/#\/schema\/person\/4a79bac7bd265aa6a35a1079d36648be","name":"oktawiamikulska","image":{"@type":"ImageObject","inLanguage":"pl-PL","@id":"https:\/\/www.welovecycling.com\/pl\/#\/schema\/person\/image\/","url":"https:\/\/secure.gravatar.com\/avatar\/b97a3f44e2de6d2f8dd358975937e49823662e12cbd810b9d1a2bff1c149e8a7?s=96&d=mm&r=g","contentUrl":"https:\/\/secure.gravatar.com\/avatar\/b97a3f44e2de6d2f8dd358975937e49823662e12cbd810b9d1a2bff1c149e8a7?s=96&d=mm&r=g","caption":"oktawiamikulska"},"url":"https:\/\/www.welovecycling.com\/pl\/author\/oktawiamikulska\/"}]}},"_links":{"self":[{"href":"https:\/\/www.welovecycling.com\/pl\/wp-json\/wp\/v2\/posts\/12095","targetHints":{"allow":["GET"]}}],"collection":[{"href":"https:\/\/www.welovecycling.com\/pl\/wp-json\/wp\/v2\/posts"}],"about":[{"href":"https:\/\/www.welovecycling.com\/pl\/wp-json\/wp\/v2\/types\/post"}],"author":[{"embeddable":true,"href":"https:\/\/www.welovecycling.com\/pl\/wp-json\/wp\/v2\/users\/125"}],"replies":[{"embeddable":true,"href":"https:\/\/www.welovecycling.com\/pl\/wp-json\/wp\/v2\/comments?post=12095"}],"version-history":[{"count":1,"href":"https:\/\/www.welovecycling.com\/pl\/wp-json\/wp\/v2\/posts\/12095\/revisions"}],"predecessor-version":[{"id":12101,"href":"https:\/\/www.welovecycling.com\/pl\/wp-json\/wp\/v2\/posts\/12095\/revisions\/12101"}],"wp:featuredmedia":[{"embeddable":true,"href":"https:\/\/www.welovecycling.com\/pl\/wp-json\/wp\/v2\/media\/12100"}],"wp:attachment":[{"href":"https:\/\/www.welovecycling.com\/pl\/wp-json\/wp\/v2\/media?parent=12095"}],"wp:term":[{"taxonomy":"category","embeddable":true,"href":"https:\/\/www.welovecycling.com\/pl\/wp-json\/wp\/v2\/categories?post=12095"},{"taxonomy":"post_tag","embeddable":true,"href":"https:\/\/www.welovecycling.com\/pl\/wp-json\/wp\/v2\/tags?post=12095"},{"taxonomy":"global-categories","embeddable":true,"href":"https:\/\/www.welovecycling.com\/pl\/wp-json\/wp\/v2\/global-categories?post=12095"}],"curies":[{"name":"wp","href":"https:\/\/api.w.org\/{rel}","templated":true}]}}