{"id":12087,"date":"2021-08-30T14:07:49","date_gmt":"2021-08-30T14:07:49","guid":{"rendered":"https:\/\/www.welovecycling.com\/pl\/?p=12087"},"modified":"2021-08-30T14:07:49","modified_gmt":"2021-08-30T14:07:49","slug":"wielki-sukces-rafala-majki-polak-wygral-etap-vuelta-a-espana","status":"publish","type":"post","link":"https:\/\/www.welovecycling.com\/pl\/2021\/08\/30\/wielki-sukces-rafala-majki-polak-wygral-etap-vuelta-a-espana\/","title":{"rendered":"Wielki sukces Rafa\u0142a Majki! Polak wygra\u0142 etap Vuelta a Espana"},"content":{"rendered":"<h2><strong>Dla takich chwil trenuje si\u0119 ca\u0142\u0105 karier\u0119 i po\u015bwi\u0119ca znaczn\u0105 cz\u0119\u015b\u0107 \u017cycia. Rafa\u0142 Majka w kapitalnym stylu wygra\u0142 niedzielny etap Vuelta a Espana, a zwyci\u0119stwo zadedykowa\u0142 dzieciom oraz zmar\u0142emu ojcu.<\/strong><\/h2>\n<p>To by\u0142 pi\u0119kny wy\u015bcig kolarza z Zegartowic. Po przej\u015bciu Majki do UAE Team Emirates spekulowano, \u017ce ju\u017c na dobre zostanie przypisana mu drugoplanowa rola pomocnika, ale tym razem Polak dosta\u0142 zielone \u015bwiat\u0142o do ataku i doskonale wiedzia\u0142, co z tym zrobi\u0107.<\/p>\n<div class=\"embed-controller-wrapper\">\n<blockquote class=\"twitter-tweet\" data-width=\"500\" data-dnt=\"true\">\n<p lang=\"es\" dir=\"ltr\">\ud83d\udcf8 FOTO DEL D\u00cdA | PIC OF THE DAY \ud83d\ude0d  <\/p>\n<p>Powered by <a href=\"https:\/\/twitter.com\/fenieenergia?ref_src=twsrc%5Etfw\">@fenieenergia<\/a>   <a href=\"https:\/\/twitter.com\/hashtag\/LaVuelta21?src=hash&amp;ref_src=twsrc%5Etfw\">#LaVuelta21<\/a> &#8211; \ud83d\udcf8 <a href=\"https:\/\/twitter.com\/charlylopezph?ref_src=twsrc%5Etfw\">@Charlylopezph<\/a> <a href=\"https:\/\/t.co\/WpZFCRyoLC\">pic.twitter.com\/WpZFCRyoLC<\/a><\/p>\n<p>&mdash; La Vuelta (@lavuelta) <a href=\"https:\/\/twitter.com\/lavuelta\/status\/1432078100104241153?ref_src=twsrc%5Etfw\">August 29, 2021<\/a><\/p><\/blockquote>\n<p><script async data-src=\"https:\/\/platform.twitter.com\/widgets.js\" charset=\"utf-8\"><\/script><\/div>\n<h2><strong>Samob\u00f3jcza taktyka?<\/strong><\/h2>\n<p>Majka nie chcia\u0142 straci\u0107 szansy i zaatakowa\u0142 bardzo wcze\u015bniej, gdy do mety by\u0142o jeszcze ponad 100 kilometr\u00f3w. Na pierwszy rzut oka by\u0142a to samob\u00f3jcza taktyka, ale w niedziel\u0119 Polak by\u0142 niesamowicie mocny. Wraz z nim w ucieczk\u0119 zabrali si\u0119 Fabio Aru (Team Qhubeka-NextHash) i Maxim Van Gils (Lotto Soudal), ale z czasem ten drugi nie wytrzyma\u0142 tempa. Peleton pr\u00f3bowa\u0142 atakowa\u0107 wsp\u00f3lnie, p\u00f3\u017aniej utworzono grup\u0119 po\u015bcigow\u0105, ale Majka ci\u0105gle by\u0142 piekielnie silny. Odczu\u0142 to r\u00f3wnie\u017c Aru, kt\u00f3ry te\u017c musia\u0142 spasowa\u0107, a to oznacza\u0142o, \u017ce Polak ponad 80 kilometr\u00f3w b\u0119dzie musia\u0142 walczy\u0107 sam. I walczy\u0142 jak lew, utrzymuj\u0105c nad goni\u0105cymi go rywalami co najmniej p\u00f3\u0142torej minuty przewagi. Najaktywniejszy by\u0142 wtedy Steven Kruijswijk (Jumbo-Visma), ale Polak trzyma\u0142 Holendra na bezpieczn\u0105 odleg\u0142o\u015b\u0107.<\/p>\n<p>Kilkaset metr\u00f3w przed met\u0105 Majka ju\u017c wiedzia\u0142, \u017ce tego dnia nie ma na niego mocnych. Zacisn\u0105\u0142 pi\u0119\u015bci, podni\u00f3s\u0142 r\u0119ce do g\u00f3ry i z u\u015bmiechem na ustach wygra\u0142 drugi w swojej karierze etap Vuelta a Espana (poprzednio triumfowa\u0142 w 2017 r.).<\/p>\n<div class=\"embed-controller-wrapper\">\n<blockquote class=\"twitter-tweet\" data-width=\"500\" data-dnt=\"true\">\n<p lang=\"es\" dir=\"ltr\">\ud83c\udfa5Etapa 15 &#8211; Stage 15 | <a href=\"https:\/\/twitter.com\/hashtag\/LaVuelta21?src=hash&amp;ref_src=twsrc%5Etfw\">#LaVuelta21<\/a><\/p>\n<p>\ud83c\uddea\ud83c\uddf8 Vive el \u00faltimo kil\u00f3metro de la victoria de <a href=\"https:\/\/twitter.com\/majkaformal?ref_src=twsrc%5Etfw\">@majkaformal<\/a> en El Barraco gracias a <a href=\"https:\/\/twitter.com\/CarrefourES?ref_src=twsrc%5Etfw\">@CarrefourES<\/a><br \/>\ud83c\uddec\ud83c\udde7 Live the last km. of Rafal Majka&#39;s victory thanks to <a href=\"https:\/\/twitter.com\/CarrefourES?ref_src=twsrc%5Etfw\">@CarrefourES<\/a><a href=\"https:\/\/twitter.com\/hashtag\/CarrefourConLaVuelta?src=hash&amp;ref_src=twsrc%5Etfw\">#CarrefourConLaVuelta<\/a> <a href=\"https:\/\/t.co\/7LQMeyVpab\">pic.twitter.com\/7LQMeyVpab<\/a><\/p>\n<p>&mdash; La Vuelta (@lavuelta) <a href=\"https:\/\/twitter.com\/lavuelta\/status\/1431994738241060872?ref_src=twsrc%5Etfw\">August 29, 2021<\/a><\/p><\/blockquote>\n<p><script async data-src=\"https:\/\/platform.twitter.com\/widgets.js\" charset=\"utf-8\"><\/script><\/div>\n<p>&#8211; To co\u015b wyj\u0105tkowego. Czasami wiele razy pr\u00f3bujesz zabra\u0107 si\u0119 w odjazd, ale nie jest to \u0142atwe. Pr\u00f3bowa\u0142em ucieka\u0107 od samego pocz\u0105tku, na nikogo nie czeka\u0142em. Chcia\u0142em wygra\u0107 etap dla mojego zmar\u0142ego ojca oraz dw\u00f3jki moich dzieci, a tak\u017ce dla wspania\u0142ej dru\u017cyny, jak\u0105 jest UAE Team Emirates. Jestem bardzo szcz\u0119\u015bliwy, bo mia\u0142em z\u0142y pocz\u0105tek sezonu, co nie by\u0142o \u0142atwe, ani dla mnie, ani dla mojej rodziny \u2013 m\u00f3wi\u0142 na mecie szcz\u0119\u015bliwy Polak.<\/p>\n<p>P\u00f3\u017aniej na facebooku Majka napisa\u0142 m.in. \u201eWiele emocji towarzyszy\u0142o mi po przekroczeniu linii mety, ale ca\u0142y czas powtarzam, \u017ce ZAWSZE warto walczy\u0107 i wierzy\u0107 w to, co si\u0119 robi! MAMY TO!\u201d<\/p>\n<p>https:\/\/www.facebook.com\/rafalmajkaofficial\/posts\/388003862689263<\/p>\n<p>Gdyby opiera\u0107 si\u0119 tylko na liczbach Polaka z tegorocznej Vulety, to niewielu wskazywa\u0142oby go w roli faworyta do wygrania etapu. Przed niedzielnym \u015bciganiem zajmowa\u0142 22. miejsce w klasyfikacji generalnej (obecnie jest 18.), a najlepszym miejscem etapowym by\u0142o 29., zdobyte podczas dziewi\u0105tej kampanii. Gdy jednak w niedziel\u0119 Polak zaatakowa\u0142, wszystkie te zestawienia mo\u017cna by\u0142o wrzuci\u0107 do kosza.<\/p>\n<div class=\"embed-controller-wrapper\">\n<blockquote class=\"twitter-tweet\" data-width=\"500\" data-dnt=\"true\">\n<p lang=\"es\" dir=\"ltr\">\ud83e\udd70 Las emociones de <a href=\"https:\/\/twitter.com\/majkaformal?ref_src=twsrc%5Etfw\">@majkaformal<\/a> llegando victorioso a El Barraco tras una larga escapada en solitario.<\/p>\n<p>\ud83d\udcf9 The emotions from Majka <a href=\"https:\/\/twitter.com\/TeamEmiratesUAE?ref_src=twsrc%5Etfw\">@TeamEmiratesUAE<\/a> after an epic solo win in El Barraco<a href=\"https:\/\/twitter.com\/hashtag\/LaVuelta21?src=hash&amp;ref_src=twsrc%5Etfw\">#LaVuelta21<\/a> <a href=\"https:\/\/t.co\/Odk1GZRGcu\">pic.twitter.com\/Odk1GZRGcu<\/a><\/p>\n<p>&mdash; La Vuelta (@lavuelta) <a href=\"https:\/\/twitter.com\/lavuelta\/status\/1432000429186076678?ref_src=twsrc%5Etfw\">August 29, 2021<\/a><\/p><\/blockquote>\n<p><script async data-src=\"https:\/\/platform.twitter.com\/widgets.js\" charset=\"utf-8\"><\/script><\/div>\n<h2><strong>Czas na decyduj\u0105cy tydzie\u0144<\/strong><\/h2>\n<p>Dzi\u015b zawodnicy maj\u0105 ostatni dzie\u0144 przerwy w \u015bciganiu, a p\u00f3\u017aniej zapowiadaj\u0105 si\u0119 niesamowite emocje. W klasyfikacji generalnej prowadzi Odd Christian Eiking (Intermarche &#8211; Wanty &#8211; Gobert Materiaux), kt\u00f3ry ma 54 sekundy przewagi nad Guillaume Martinem (Cofidis) i 96 sekund nad Primo\u017cem Rogliciem (Jumbo &#8211; Visma). W klasyfikacji punktowej wyra\u017anie przewodzi Fabio Jakobsen (Deceuninck &#8211; Quick &#8211; Step), kt\u00f3ry ma blisko 100 punkt\u00f3w wi\u0119cej od goni\u0105cych go rywali. W g\u00f3rskiej na czele jest Romain Bardet (Team DMS), kt\u00f3ry ma o 19 punkt\u00f3w wi\u0119cej od Damiana Caruso (Bahrain Victorious) i 21 punkt\u00f3w wi\u0119cej od Majki. Z kolei najlepszym m\u0142odzie\u017cowcem niezmiennie jest Egan Bernal (Ineos Grenadiers).<\/p>\n<div class=\"embed-controller-wrapper\">\n<blockquote class=\"twitter-tweet\" data-width=\"500\" data-dnt=\"true\">\n<p lang=\"pt\" dir=\"ltr\">\ud83c\udfc6 L\u00edderes tras la etapa 15 | Leaders after stage 15<\/p>\n<p>\u2764\ufe0f\ud83c\uddf3\ud83c\uddf4 <a href=\"https:\/\/twitter.com\/Oddeiking?ref_src=twsrc%5Etfw\">@Oddeiking<\/a> <br \/>\ud83d\udc9a\ud83c\uddf3\ud83c\uddf1 <a href=\"https:\/\/twitter.com\/FabioJakobsen?ref_src=twsrc%5Etfw\">@FabioJakobsen<\/a> <br \/>\ud83d\udd35\ud83c\uddeb\ud83c\uddf7 <a href=\"https:\/\/twitter.com\/romainbardet?ref_src=twsrc%5Etfw\">@romainbardet<\/a> <br \/>\u26aa\ud83c\udde8\ud83c\uddf4 <a href=\"https:\/\/twitter.com\/Eganbernal?ref_src=twsrc%5Etfw\">@Eganbernal<\/a> <a href=\"https:\/\/twitter.com\/hashtag\/LaVuelta21?src=hash&amp;ref_src=twsrc%5Etfw\">#LaVuelta21<\/a> <a href=\"https:\/\/t.co\/XKVD5K9mUx\">pic.twitter.com\/XKVD5K9mUx<\/a><\/p>\n<p>&mdash; La Vuelta (@lavuelta) <a href=\"https:\/\/twitter.com\/lavuelta\/status\/1432017176945430535?ref_src=twsrc%5Etfw\">August 29, 2021<\/a><\/p><\/blockquote>\n<p><script async data-src=\"https:\/\/platform.twitter.com\/widgets.js\" charset=\"utf-8\"><\/script><\/div>\n<p>W klasyfikacjach wiele jeszcze mo\u017ce si\u0119 pozmienia\u0107, bo przed zawodnikami decyduj\u0105cy tydzie\u0144. Zacznie si\u0119 od wtorkowego p\u0142askiego etapu Laredo \u2013 Santa Cruz de Bezana, ale p\u00f3\u017aniej \u017carty si\u0119 sko\u0144cz\u0105 i na dwa dni zawodnicy przenios\u0105 si\u0119 w g\u00f3ry. W pi\u0105tek z kolei czeka ich etap pag\u00f3rkowaty, a w sobot\u0119 kolejne g\u00f3rskie wspinaczki. Zako\u0144czenie 76. Vuelta a Espana w niedziel\u0119, czas\u00f3wk\u0105 Padron \u2013 Santiago de Compostela.<\/p>\n<p><span data-sheets-value=\"{&quot;1&quot;:2,&quot;2&quot;:&quot;Artyku\u0142 powsta\u0142 we wsp\u00f3\u0142pracy ze skoda-auto.pl&quot;}\" data-sheets-userformat=\"{&quot;2&quot;:1,&quot;3&quot;:{&quot;1&quot;:0}}\" data-sheets-hyperlink=\"http:\/\/www.skoda-auto.pl\/\"><a class=\"in-cell-link\" href=\"http:\/\/www.skoda-auto.pl\/\" target=\"_blank\" rel=\"noopener noreferrer\">Artyku\u0142 powsta\u0142 we wsp\u00f3\u0142pracy ze skoda-auto.pl<\/a><\/span><\/p>\n<p><a href=\"https:\/\/www.skoda-auto.pl\/modele\/superb\"><img loading=\"lazy\" decoding=\"async\" class=\"alignnone size-full wp-image-11628 aligncenter\" src=\"https:\/\/d2p6e6u75xmxt8.cloudfront.net\/5\/2021\/12\/640x350-2-1.jpg\" alt=\"\" width=\"640\" height=\"350\" srcset=\"https:\/\/d2p6e6u75xmxt8.cloudfront.net\/5\/2021\/12\/640x350-2-1.jpg 640w, https:\/\/d2p6e6u75xmxt8.cloudfront.net\/5\/2021\/12\/640x350-2-1-300x164.jpg 300w\" sizes=\"auto, (max-width: 640px) 100vw, 640px\" \/><\/a><\/p>\n","protected":false},"excerpt":{"rendered":"<p>Dla takich chwil trenuje si\u0119 ca\u0142\u0105 karier\u0119 i po\u015bwi\u0119ca znaczn\u0105 cz\u0119\u015b\u0107 \u017cycia. Rafa\u0142 Majka w kapitalnym stylu wygra\u0142 niedzielny etap [&hellip;]<\/p>\n","protected":false},"author":125,"featured_media":12093,"comment_status":"open","ping_status":"open","sticky":false,"template":"","format":"standard","meta":{"footnotes":""},"categories":[361],"tags":[],"global-categories":[303],"class_list":["post-12087","post","type-post","status-publish","format-standard","has-post-thumbnail","hentry","category-vuelta-a-espana","global-categories-cycling"],"yoast_head":"<!-- This site is optimized with the Yoast SEO Premium plugin v25.3 (Yoast SEO v25.9) - https:\/\/yoast.com\/wordpress\/plugins\/seo\/ -->\n<title>Wielki sukces Rafa\u0142a Majki! Polak wygra\u0142 etap Vuelta a Espana - \u0160koda We Love Cycling - Poland<\/title>\n<meta name=\"robots\" content=\"index, follow, max-snippet:-1, max-image-preview:large, max-video-preview:-1\" \/>\n<link rel=\"canonical\" href=\"https:\/\/www.welovecycling.com\/pl\/2021\/08\/30\/wielki-sukces-rafala-majki-polak-wygral-etap-vuelta-a-espana\/\" \/>\n<meta property=\"og:locale\" content=\"pl_PL\" \/>\n<meta property=\"og:type\" content=\"article\" \/>\n<meta property=\"og:title\" content=\"Wielki sukces Rafa\u0142a Majki! Polak wygra\u0142 etap Vuelta a Espana\" \/>\n<meta property=\"og:description\" content=\"Dla takich chwil trenuje si\u0119 ca\u0142\u0105 karier\u0119 i po\u015bwi\u0119ca znaczn\u0105 cz\u0119\u015b\u0107 \u017cycia. Rafa\u0142 Majka w kapitalnym stylu wygra\u0142 niedzielny etap [&hellip;]\" \/>\n<meta property=\"og:url\" content=\"https:\/\/www.welovecycling.com\/pl\/2021\/08\/30\/wielki-sukces-rafala-majki-polak-wygral-etap-vuelta-a-espana\/\" \/>\n<meta property=\"og:site_name\" content=\"\u0160koda We Love Cycling - Poland\" \/>\n<meta property=\"article:published_time\" content=\"2021-08-30T14:07:49+00:00\" \/>\n<meta property=\"og:image\" content=\"https:\/\/d2p6e6u75xmxt8.cloudfront.net\/5\/2021\/08\/thomas-geraint-tour-2018-profimedia-0396703005-CVR-1024x450-1.jpg\" \/>\n\t<meta property=\"og:image:width\" content=\"1024\" \/>\n\t<meta property=\"og:image:height\" content=\"450\" \/>\n\t<meta property=\"og:image:type\" content=\"image\/jpeg\" \/>\n<meta name=\"author\" content=\"oktawiamikulska\" \/>\n<meta name=\"twitter:card\" content=\"summary_large_image\" \/>\n<meta name=\"twitter:label1\" content=\"Written by\" \/>\n\t<meta name=\"twitter:data1\" content=\"Piotr Nowik\" \/>\n\t<meta name=\"twitter:label2\" content=\"Est. reading time\" \/>\n\t<meta name=\"twitter:data2\" content=\"3 minutes\" \/>\n<script type=\"application\/ld+json\" class=\"yoast-schema-graph\">{\"@context\":\"https:\/\/schema.org\",\"@graph\":[{\"@type\":\"WebPage\",\"@id\":\"https:\/\/www.welovecycling.com\/pl\/2021\/08\/30\/wielki-sukces-rafala-majki-polak-wygral-etap-vuelta-a-espana\/\",\"url\":\"https:\/\/www.welovecycling.com\/pl\/2021\/08\/30\/wielki-sukces-rafala-majki-polak-wygral-etap-vuelta-a-espana\/\",\"name\":\"Wielki sukces Rafa\u0142a Majki! Polak wygra\u0142 etap Vuelta a Espana - \u0160koda We Love Cycling - Poland\",\"isPartOf\":{\"@id\":\"https:\/\/www.welovecycling.com\/pl\/#website\"},\"primaryImageOfPage\":{\"@id\":\"https:\/\/www.welovecycling.com\/pl\/2021\/08\/30\/wielki-sukces-rafala-majki-polak-wygral-etap-vuelta-a-espana\/#primaryimage\"},\"image\":{\"@id\":\"https:\/\/www.welovecycling.com\/pl\/2021\/08\/30\/wielki-sukces-rafala-majki-polak-wygral-etap-vuelta-a-espana\/#primaryimage\"},\"thumbnailUrl\":\"https:\/\/d2p6e6u75xmxt8.cloudfront.net\/5\/2021\/08\/thomas-geraint-tour-2018-profimedia-0396703005-CVR-1024x450-1.jpg\",\"datePublished\":\"2021-08-30T14:07:49+00:00\",\"author\":{\"@id\":\"https:\/\/www.welovecycling.com\/pl\/#\/schema\/person\/4a79bac7bd265aa6a35a1079d36648be\"},\"breadcrumb\":{\"@id\":\"https:\/\/www.welovecycling.com\/pl\/2021\/08\/30\/wielki-sukces-rafala-majki-polak-wygral-etap-vuelta-a-espana\/#breadcrumb\"},\"inLanguage\":\"pl-PL\",\"potentialAction\":[{\"@type\":\"ReadAction\",\"target\":[\"https:\/\/www.welovecycling.com\/pl\/2021\/08\/30\/wielki-sukces-rafala-majki-polak-wygral-etap-vuelta-a-espana\/\"]}]},{\"@type\":\"ImageObject\",\"inLanguage\":\"pl-PL\",\"@id\":\"https:\/\/www.welovecycling.com\/pl\/2021\/08\/30\/wielki-sukces-rafala-majki-polak-wygral-etap-vuelta-a-espana\/#primaryimage\",\"url\":\"https:\/\/d2p6e6u75xmxt8.cloudfront.net\/5\/2021\/08\/thomas-geraint-tour-2018-profimedia-0396703005-CVR-1024x450-1.jpg\",\"contentUrl\":\"https:\/\/d2p6e6u75xmxt8.cloudfront.net\/5\/2021\/08\/thomas-geraint-tour-2018-profimedia-0396703005-CVR-1024x450-1.jpg\",\"width\":1024,\"height\":450},{\"@type\":\"BreadcrumbList\",\"@id\":\"https:\/\/www.welovecycling.com\/pl\/2021\/08\/30\/wielki-sukces-rafala-majki-polak-wygral-etap-vuelta-a-espana\/#breadcrumb\",\"itemListElement\":[{\"@type\":\"ListItem\",\"position\":1,\"name\":\"Home\",\"item\":\"https:\/\/www.welovecycling.com\/pl\/\"},{\"@type\":\"ListItem\",\"position\":2,\"name\":\"Wielki sukces Rafa\u0142a Majki! Polak wygra\u0142 etap Vuelta a Espana\"}]},{\"@type\":\"WebSite\",\"@id\":\"https:\/\/www.welovecycling.com\/pl\/#website\",\"url\":\"https:\/\/www.welovecycling.com\/pl\/\",\"name\":\"\u0160koda We Love Cycling - Poland\",\"description\":\"\",\"potentialAction\":[{\"@type\":\"SearchAction\",\"target\":{\"@type\":\"EntryPoint\",\"urlTemplate\":\"https:\/\/www.welovecycling.com\/pl\/?s={search_term_string}\"},\"query-input\":{\"@type\":\"PropertyValueSpecification\",\"valueRequired\":true,\"valueName\":\"search_term_string\"}}],\"inLanguage\":\"pl-PL\"},{\"@type\":\"Person\",\"@id\":\"https:\/\/www.welovecycling.com\/pl\/#\/schema\/person\/4a79bac7bd265aa6a35a1079d36648be\",\"name\":\"oktawiamikulska\",\"image\":{\"@type\":\"ImageObject\",\"inLanguage\":\"pl-PL\",\"@id\":\"https:\/\/www.welovecycling.com\/pl\/#\/schema\/person\/image\/\",\"url\":\"https:\/\/secure.gravatar.com\/avatar\/b97a3f44e2de6d2f8dd358975937e49823662e12cbd810b9d1a2bff1c149e8a7?s=96&d=mm&r=g\",\"contentUrl\":\"https:\/\/secure.gravatar.com\/avatar\/b97a3f44e2de6d2f8dd358975937e49823662e12cbd810b9d1a2bff1c149e8a7?s=96&d=mm&r=g\",\"caption\":\"oktawiamikulska\"},\"url\":\"https:\/\/www.welovecycling.com\/pl\/author\/oktawiamikulska\/\"}]}<\/script>\n<!-- \/ Yoast SEO Premium plugin. -->","yoast_head_json":{"title":"Wielki sukces Rafa\u0142a Majki! Polak wygra\u0142 etap Vuelta a Espana - \u0160koda We Love Cycling - Poland","robots":{"index":"index","follow":"follow","max-snippet":"max-snippet:-1","max-image-preview":"max-image-preview:large","max-video-preview":"max-video-preview:-1"},"canonical":"https:\/\/www.welovecycling.com\/pl\/2021\/08\/30\/wielki-sukces-rafala-majki-polak-wygral-etap-vuelta-a-espana\/","og_locale":"pl_PL","og_type":"article","og_title":"Wielki sukces Rafa\u0142a Majki! Polak wygra\u0142 etap Vuelta a Espana","og_description":"Dla takich chwil trenuje si\u0119 ca\u0142\u0105 karier\u0119 i po\u015bwi\u0119ca znaczn\u0105 cz\u0119\u015b\u0107 \u017cycia. Rafa\u0142 Majka w kapitalnym stylu wygra\u0142 niedzielny etap [&hellip;]","og_url":"https:\/\/www.welovecycling.com\/pl\/2021\/08\/30\/wielki-sukces-rafala-majki-polak-wygral-etap-vuelta-a-espana\/","og_site_name":"\u0160koda We Love Cycling - Poland","article_published_time":"2021-08-30T14:07:49+00:00","og_image":[{"width":1024,"height":450,"url":"https:\/\/d2p6e6u75xmxt8.cloudfront.net\/5\/2021\/08\/thomas-geraint-tour-2018-profimedia-0396703005-CVR-1024x450-1.jpg","type":"image\/jpeg"}],"author":"oktawiamikulska","twitter_card":"summary_large_image","twitter_misc":{"Written by":"Piotr Nowik","Est. reading time":"3 minutes"},"schema":{"@context":"https:\/\/schema.org","@graph":[{"@type":"WebPage","@id":"https:\/\/www.welovecycling.com\/pl\/2021\/08\/30\/wielki-sukces-rafala-majki-polak-wygral-etap-vuelta-a-espana\/","url":"https:\/\/www.welovecycling.com\/pl\/2021\/08\/30\/wielki-sukces-rafala-majki-polak-wygral-etap-vuelta-a-espana\/","name":"Wielki sukces Rafa\u0142a Majki! Polak wygra\u0142 etap Vuelta a Espana - \u0160koda We Love Cycling - Poland","isPartOf":{"@id":"https:\/\/www.welovecycling.com\/pl\/#website"},"primaryImageOfPage":{"@id":"https:\/\/www.welovecycling.com\/pl\/2021\/08\/30\/wielki-sukces-rafala-majki-polak-wygral-etap-vuelta-a-espana\/#primaryimage"},"image":{"@id":"https:\/\/www.welovecycling.com\/pl\/2021\/08\/30\/wielki-sukces-rafala-majki-polak-wygral-etap-vuelta-a-espana\/#primaryimage"},"thumbnailUrl":"https:\/\/d2p6e6u75xmxt8.cloudfront.net\/5\/2021\/08\/thomas-geraint-tour-2018-profimedia-0396703005-CVR-1024x450-1.jpg","datePublished":"2021-08-30T14:07:49+00:00","author":{"@id":"https:\/\/www.welovecycling.com\/pl\/#\/schema\/person\/4a79bac7bd265aa6a35a1079d36648be"},"breadcrumb":{"@id":"https:\/\/www.welovecycling.com\/pl\/2021\/08\/30\/wielki-sukces-rafala-majki-polak-wygral-etap-vuelta-a-espana\/#breadcrumb"},"inLanguage":"pl-PL","potentialAction":[{"@type":"ReadAction","target":["https:\/\/www.welovecycling.com\/pl\/2021\/08\/30\/wielki-sukces-rafala-majki-polak-wygral-etap-vuelta-a-espana\/"]}]},{"@type":"ImageObject","inLanguage":"pl-PL","@id":"https:\/\/www.welovecycling.com\/pl\/2021\/08\/30\/wielki-sukces-rafala-majki-polak-wygral-etap-vuelta-a-espana\/#primaryimage","url":"https:\/\/d2p6e6u75xmxt8.cloudfront.net\/5\/2021\/08\/thomas-geraint-tour-2018-profimedia-0396703005-CVR-1024x450-1.jpg","contentUrl":"https:\/\/d2p6e6u75xmxt8.cloudfront.net\/5\/2021\/08\/thomas-geraint-tour-2018-profimedia-0396703005-CVR-1024x450-1.jpg","width":1024,"height":450},{"@type":"BreadcrumbList","@id":"https:\/\/www.welovecycling.com\/pl\/2021\/08\/30\/wielki-sukces-rafala-majki-polak-wygral-etap-vuelta-a-espana\/#breadcrumb","itemListElement":[{"@type":"ListItem","position":1,"name":"Home","item":"https:\/\/www.welovecycling.com\/pl\/"},{"@type":"ListItem","position":2,"name":"Wielki sukces Rafa\u0142a Majki! Polak wygra\u0142 etap Vuelta a Espana"}]},{"@type":"WebSite","@id":"https:\/\/www.welovecycling.com\/pl\/#website","url":"https:\/\/www.welovecycling.com\/pl\/","name":"\u0160koda We Love Cycling - Poland","description":"","potentialAction":[{"@type":"SearchAction","target":{"@type":"EntryPoint","urlTemplate":"https:\/\/www.welovecycling.com\/pl\/?s={search_term_string}"},"query-input":{"@type":"PropertyValueSpecification","valueRequired":true,"valueName":"search_term_string"}}],"inLanguage":"pl-PL"},{"@type":"Person","@id":"https:\/\/www.welovecycling.com\/pl\/#\/schema\/person\/4a79bac7bd265aa6a35a1079d36648be","name":"oktawiamikulska","image":{"@type":"ImageObject","inLanguage":"pl-PL","@id":"https:\/\/www.welovecycling.com\/pl\/#\/schema\/person\/image\/","url":"https:\/\/secure.gravatar.com\/avatar\/b97a3f44e2de6d2f8dd358975937e49823662e12cbd810b9d1a2bff1c149e8a7?s=96&d=mm&r=g","contentUrl":"https:\/\/secure.gravatar.com\/avatar\/b97a3f44e2de6d2f8dd358975937e49823662e12cbd810b9d1a2bff1c149e8a7?s=96&d=mm&r=g","caption":"oktawiamikulska"},"url":"https:\/\/www.welovecycling.com\/pl\/author\/oktawiamikulska\/"}]}},"_links":{"self":[{"href":"https:\/\/www.welovecycling.com\/pl\/wp-json\/wp\/v2\/posts\/12087","targetHints":{"allow":["GET"]}}],"collection":[{"href":"https:\/\/www.welovecycling.com\/pl\/wp-json\/wp\/v2\/posts"}],"about":[{"href":"https:\/\/www.welovecycling.com\/pl\/wp-json\/wp\/v2\/types\/post"}],"author":[{"embeddable":true,"href":"https:\/\/www.welovecycling.com\/pl\/wp-json\/wp\/v2\/users\/125"}],"replies":[{"embeddable":true,"href":"https:\/\/www.welovecycling.com\/pl\/wp-json\/wp\/v2\/comments?post=12087"}],"version-history":[{"count":1,"href":"https:\/\/www.welovecycling.com\/pl\/wp-json\/wp\/v2\/posts\/12087\/revisions"}],"predecessor-version":[{"id":12094,"href":"https:\/\/www.welovecycling.com\/pl\/wp-json\/wp\/v2\/posts\/12087\/revisions\/12094"}],"wp:featuredmedia":[{"embeddable":true,"href":"https:\/\/www.welovecycling.com\/pl\/wp-json\/wp\/v2\/media\/12093"}],"wp:attachment":[{"href":"https:\/\/www.welovecycling.com\/pl\/wp-json\/wp\/v2\/media?parent=12087"}],"wp:term":[{"taxonomy":"category","embeddable":true,"href":"https:\/\/www.welovecycling.com\/pl\/wp-json\/wp\/v2\/categories?post=12087"},{"taxonomy":"post_tag","embeddable":true,"href":"https:\/\/www.welovecycling.com\/pl\/wp-json\/wp\/v2\/tags?post=12087"},{"taxonomy":"global-categories","embeddable":true,"href":"https:\/\/www.welovecycling.com\/pl\/wp-json\/wp\/v2\/global-categories?post=12087"}],"curies":[{"name":"wp","href":"https:\/\/api.w.org\/{rel}","templated":true}]}}