{"id":12082,"date":"2021-08-27T12:54:44","date_gmt":"2021-08-27T12:54:44","guid":{"rendered":"https:\/\/www.welovecycling.com\/pl\/?p=12082"},"modified":"2021-08-27T12:55:22","modified_gmt":"2021-08-27T12:55:22","slug":"czy-wiek-zawodowego-kolarza-ma-znaczenie","status":"publish","type":"post","link":"https:\/\/www.welovecycling.com\/pl\/2021\/08\/27\/czy-wiek-zawodowego-kolarza-ma-znaczenie\/","title":{"rendered":"Czy wiek zawodowego kolarza ma znaczenie?"},"content":{"rendered":"<p><strong>Kiedy zawodowy kolarz jest \u201eza stary\u201d, \u017ceby si\u0119 \u015bciga\u0107 w peletonie? Czy to wiek jest czynnikiem decyduj\u0105cym? A mo\u017ce to wyniki s\u0105 jedynym miernikiem zdolno\u015bci zawodnika? Odpowied\u017a nie jest oczywista.<\/strong><\/p>\n<p>Dzisiejsi zwyci\u0119zcy Grand Tour s\u0105 coraz m\u0142odsi. Zawodnicy tacy jak Tadej Poga\u010dar (21 l.) i Egan Bernal (22 l.) s\u0105 tego doskona\u0142ymi przyk\u0142adami. Ka\u017cdy z nich ma ju\u017c na koncie zwyci\u0119stwo w Tour de France osi\u0105gni\u0119te w wieku, w kt\u00f3rym wi\u0119kszo\u015b\u0107 kolarzy dopiero ostrzy sobie z\u0119by na wygran\u0105.<\/p>\n<p>Zanim m\u0142ode pokolenie opanowa\u0142o kolarsk\u0105 scen\u0119, \u015bredni wiek zwyci\u0119zcy Tour de France, co stanowi szczyt mo\u017cliwo\u015bci osi\u0105ganych przez kolarzy, wynosi\u0142 28 lat. Czy to oznacza, \u017ce zawodnicy tacy jak Poga\u010dar i <u>Bernal <\/u>osi\u0105gn\u0119li najwy\u017cszy poziom sprawno\u015bci fizycznej przed uko\u0144czeniem 23. roku \u017cycia? A mo\u017ce maj\u0105 jeszcze czas na dalszy rozw\u00f3j?<\/p>\n<figure id=\"attachment_184426\" aria-describedby=\"caption-attachment-184426\" style=\"width: 1024px\" class=\"wp-caption alignnone\"><img loading=\"lazy\" decoding=\"async\" class=\"initial loaded wp-image-184426 size-large\" src=\"https:\/\/d2p6e6u75xmxt8.cloudfront.net\/2\/2021\/07\/profimedia-0619640037-1024x683.jpg\" sizes=\"auto, (max-width: 1024px) 100vw, 1024px\" srcset=\"https:\/\/d2p6e6u75xmxt8.cloudfront.net\/2\/2021\/07\/profimedia-0619640037-1024x683.jpg 1024w, https:\/\/d2p6e6u75xmxt8.cloudfront.net\/2\/2021\/07\/profimedia-0619640037-300x200.jpg 300w, https:\/\/d2p6e6u75xmxt8.cloudfront.net\/2\/2021\/07\/profimedia-0619640037-768x512.jpg 768w, https:\/\/d2p6e6u75xmxt8.cloudfront.net\/2\/2021\/07\/profimedia-0619640037-1536x1024.jpg 1536w, https:\/\/d2p6e6u75xmxt8.cloudfront.net\/2\/2021\/07\/profimedia-0619640037-272x182.jpg 272w, https:\/\/d2p6e6u75xmxt8.cloudfront.net\/2\/2021\/07\/profimedia-0619640037.jpg 1800w\" alt=\"Tadej Poga\u010dar\" width=\"1024\" height=\"683\" data-was-processed=\"true\" \/><figcaption id=\"caption-attachment-184426\" class=\"wp-caption-text\">Czy jest jeszcze czas na rozw\u00f3j? \u00a9 Profimedia<\/figcaption><\/figure>\n<p>Do tej pory najstarszym zwyci\u0119zc\u0105 Tour jest Belg Firmin Lambot, kt\u00f3ry w 1922 roku stan\u0105\u0142 na najwy\u017cszym stopniu podium w wieku 36 lat. Z kolei Poga\u010dar nie jest najm\u0142odszym zwyci\u0119zc\u0105 TdF, tytu\u0142 ten przypad\u0142 Francuzowi Henri Cornetowi, kt\u00f3ry wygra\u0142 wy\u015bcig w przeddzie\u0144 20. urodzin, w 1904 roku. Zosta\u0142 uznany za zwyci\u0119zc\u0119 po tym, jak czterech kolarzy, kt\u00f3rzy uko\u0144czyli wy\u015bcig przed nim, zosta\u0142o zdyskwalifikowanych przez Francusk\u0105 Uni\u0119 Kolarsk\u0105 w zwi\u0105zku z szerz\u0105cymi si\u0119 oskar\u017ceniami o oszustwa.<\/p>\n<p>Trendem w tym sporcie jest znajdowanie ig\u0142y w stogu siana, czyli m\u0142odego i dobrze zapowiadaj\u0105cego si\u0119 kolarza z umiej\u0119tno\u015bciami, dojrza\u0142o\u015bci\u0105 i wytrzyma\u0142o\u015bci\u0105 do\u015bwiadczonego weterana. Jest jednak garstka starszych zawodnik\u00f3w, kt\u00f3rzy mimo wieku nadal robi\u0105 swoje. Oto oni.<\/p>\n<h2><strong>Alejandro Valverde<\/strong><\/h2>\n<figure id=\"attachment_176333\" aria-describedby=\"caption-attachment-176333\" style=\"width: 1024px\" class=\"wp-caption alignnone\"><img loading=\"lazy\" decoding=\"async\" class=\"loading wp-image-176333 size-large\" src=\"https:\/\/d2p6e6u75xmxt8.cloudfront.net\/2\/2019\/12\/profimedia-0421577390-1024x682.jpg\" sizes=\"auto, (max-width: 1024px) 100vw, 1024px\" srcset=\"https:\/\/d2p6e6u75xmxt8.cloudfront.net\/2\/2019\/12\/profimedia-0421577390-1024x682.jpg 1024w, https:\/\/d2p6e6u75xmxt8.cloudfront.net\/2\/2019\/12\/profimedia-0421577390-300x200.jpg 300w, https:\/\/d2p6e6u75xmxt8.cloudfront.net\/2\/2019\/12\/profimedia-0421577390-768x511.jpg 768w, https:\/\/d2p6e6u75xmxt8.cloudfront.net\/2\/2019\/12\/profimedia-0421577390-272x182.jpg 272w, https:\/\/d2p6e6u75xmxt8.cloudfront.net\/2\/2019\/12\/profimedia-0421577390.jpg 1250w\" alt=\"Alejandro Valverde\" width=\"1024\" height=\"682\" data-was-processed=\"true\" \/><figcaption id=\"caption-attachment-176333\" class=\"wp-caption-text\">Valverde (Movistar) przygotowuje si\u0119 do startu w 2019 roku w wy\u015bcigu Mediolan \u2013 San Remo. \u00a9 Profimedia<\/figcaption><\/figure>\n<p>Alejandro Valverde, urodzony w 1980 roku, jest zawodowcem od 2002 roku i obecnie ma 41 lat. Od dw\u00f3ch lat jest najstarszym kolarzem na profesjonalnym poziomie World Team.<\/p>\n<p>Do tej pory odni\u00f3s\u0142 129 zwyci\u0119stw, w tym kilka w presti\u017cowych jednodniowych wiosennych klasykach, ma na koncie wielokrotne zwyci\u0119stwa etapowe w Grand Tour, a nawet tytu\u0142 mistrza \u015bwiata w 2018 roku. Kiedy \u201eEl Bala\u201d (\u201ePocisk\u201d) w wieku 42 lat wjedzie w 2022 rok, b\u0119dzie \u2013 na r\u00f3wni z by\u0142ym niemieckim zawodnikiem, Jensem Voigtem \u2013 najstarszym kolarzem World Team, kt\u00f3ry we\u017amie udzia\u0142 w Tour de France.<\/p>\n<p>Vuelta 2021 to 30. Grand Tour Valverde, kt\u00f3ry zajmuje 9. miejsce w rankingu kolarzy UCI 2021 i 7. w klasyfikacji generalnej. To naprawd\u0119 imponuj\u0105ce! Rywale powinni na niego uwa\u017ca\u0107 w trwaj\u0105cej Vuelcie na jego ojczystym terenie.<\/p>\n<h2><strong>Mark Cavendish<\/strong><\/h2>\n<figure id=\"attachment_184491\" aria-describedby=\"caption-attachment-184491\" style=\"width: 1000px\" class=\"wp-caption alignnone\"><img loading=\"lazy\" decoding=\"async\" class=\"loading wp-image-184491 size-full\" src=\"https:\/\/d2p6e6u75xmxt8.cloudfront.net\/2\/2021\/07\/Mark-Cavendish-profimedia-0620584127.jpg\" sizes=\"auto, (max-width: 1000px) 100vw, 1000px\" srcset=\"https:\/\/d2p6e6u75xmxt8.cloudfront.net\/2\/2021\/07\/Mark-Cavendish-profimedia-0620584127.jpg 1000w, https:\/\/d2p6e6u75xmxt8.cloudfront.net\/2\/2021\/07\/Mark-Cavendish-profimedia-0620584127-300x200.jpg 300w, https:\/\/d2p6e6u75xmxt8.cloudfront.net\/2\/2021\/07\/Mark-Cavendish-profimedia-0620584127-768x511.jpg 768w, https:\/\/d2p6e6u75xmxt8.cloudfront.net\/2\/2021\/07\/Mark-Cavendish-profimedia-0620584127-272x182.jpg 272w\" alt=\"Mark Cavendish\" width=\"1000\" height=\"666\" data-was-processed=\"true\" \/><figcaption id=\"caption-attachment-184491\" class=\"wp-caption-text\">36 lat i nadal w znakomitej formie! \u00a9 Profimedia<\/figcaption><\/figure>\n<p>Je\u015bli \u015bledzi\u0142e\u015b tegoroczny Tour de France, widzia\u0142e\u015b, jak Manx Missile tworzy histori\u0119 Tour i kolarstwa, dor\u00f3wnuj\u0105c Eddy\u2019emu Merckxowi w zwyci\u0119stwach etapowych TDF (34). Cav ma 36 lat i by\u0142 u schy\u0142ku swojej kariery, zanim zosta\u0142 powo\u0142any do TDF w ostatniej chwili po to, aby zast\u0105pi\u0107 Sama Bennetta w roli sprintera Quick Stepa.<\/p>\n<p>Relacje zwi\u0105zane z jego czterema zwyci\u0119stwami etapowymi i zielon\u0105 koszulk\u0105 pojawi\u0142y si\u0119 w mediach sportowych na ca\u0142ym \u015bwiecie. Musia\u0142 by\u0107 niezwykle podekscytowany udowadnianiem sobie i swoim konkurentom, \u017ce nadal stanowi zagro\u017cenie jako sprinter. Zobaczymy, czy Cav b\u0119dzie w tak \u015bwietnej formie w 2022 roku, ale mo\u017cna podejrzewa\u0107, \u017ce b\u0119dzie chcia\u0142 zdoby\u0107 35. zwyci\u0119stwo i ustanowi\u0107 rekord.<\/p>\n<h2><strong>Philippe Gilbert<\/strong><\/h2>\n<figure id=\"attachment_178414\" aria-describedby=\"caption-attachment-178414\" style=\"width: 1250px\" class=\"wp-caption alignnone\"><img loading=\"lazy\" decoding=\"async\" class=\"loading wp-image-178414 size-full\" src=\"https:\/\/d2p6e6u75xmxt8.cloudfront.net\/2\/2020\/06\/Philippe-Gilbert-CVR-profimedia-0506318164.jpg\" alt=\"Philippe Gilbert\" width=\"1250\" height=\"833\" data-was-processed=\"true\" \/><figcaption id=\"caption-attachment-178414\" class=\"wp-caption-text\">Prawie 20 lat w peletonie. \u00a9 Profimedia<\/figcaption><\/figure>\n<p>Philippe Gilbert to belgijski kolarz z blisko 20-letnim sta\u017cem w zawodowym peletonie. Urodzony w 1982 roku 39-latek ma na swoim koncie imponuj\u0105c\u0105 list\u0119 zwyci\u0119stw w karierze, w tym tytu\u0142 mistrza \u015bwiata 2012 roku, najwy\u017csz\u0105 og\u00f3ln\u0105 liczb\u0119 punkt\u00f3w UCI w 2011 roku, kilka zwyci\u0119stw etapowych Grand Tour i wybitne jednodniowe klasyki.<\/p>\n<p>Kolarz Lotto\u2013Soudal og\u0142osi\u0142 odej\u015bcie na emerytur\u0119 pod koniec sezonu 2022. \u201eW pewnym momencie musz\u0119 przesta\u0107\u201d \u2013 powiedzia\u0142. Mimo \u017ce w ostatnich kilku sezonach nie pojawi\u0142y si\u0119 na jego koncie szczeg\u00f3lnie dobre wyniki, pozostaje wa\u017cnym cz\u0142onkiem belgijskiej dru\u017cyny, kt\u00f3ry ma wp\u0142yw na wy\u015bcigi i og\u00f3lny sukces zespo\u0142u.<\/p>\n<h2><strong>Richie Porte<\/strong><\/h2>\n<figure id=\"attachment_185514\" aria-describedby=\"caption-attachment-185514\" style=\"width: 1000px\" class=\"wp-caption alignnone\"><img loading=\"lazy\" decoding=\"async\" class=\"loading wp-image-185514 size-full\" src=\"https:\/\/d2p6e6u75xmxt8.cloudfront.net\/2\/2021\/08\/Richie-Porte-profimedia-0624445907.jpg\" sizes=\"auto, (max-width: 1000px) 100vw, 1000px\" srcset=\"https:\/\/d2p6e6u75xmxt8.cloudfront.net\/2\/2021\/08\/Richie-Porte-profimedia-0624445907.jpg 1000w, https:\/\/d2p6e6u75xmxt8.cloudfront.net\/2\/2021\/08\/Richie-Porte-profimedia-0624445907-300x200.jpg 300w, https:\/\/d2p6e6u75xmxt8.cloudfront.net\/2\/2021\/08\/Richie-Porte-profimedia-0624445907-768x511.jpg 768w, https:\/\/d2p6e6u75xmxt8.cloudfront.net\/2\/2021\/08\/Richie-Porte-profimedia-0624445907-272x182.jpg 272w\" alt=\"Richie Porte\" width=\"1000\" height=\"666\" data-was-processed=\"true\" \/><figcaption id=\"caption-attachment-185514\" class=\"wp-caption-text\">Porte na igrzyskach olimpijskich w Tokio. \u00a9 Profimedia<\/figcaption><\/figure>\n<p>36-letni Australijczyk je\u017adzi\u0142 w peletonie dla najbogatszych zespo\u0142\u00f3w. S\u0142u\u017cy\u0142 jako super-domestic Team Sky w latach 2012\u20132015 i przyczyni\u0142 si\u0119 do zwyci\u0119stwa TDF mistrz\u00f3w Bradleya Wigginsa (2012) i Chrisa Froome\u2019a (2013, 2015).<\/p>\n<p>Porte opu\u015bci\u0142 Team Sky, aby obj\u0105\u0107 rol\u0119 lidera zespo\u0142u BMC w latach 2016\u20132018, a w Trek-Segafredo od 2019 do 2020 roku. W tym czasie wygra\u0142 Tour of Switzerland, zaj\u0105\u0142 drugie miejsce w Tour of Romandie i trzecie miejsce w Tour de France 2020 za Tadejem Poga\u010darem i Primo\u017eem Rogli\u010dem. Je\u017adzi\u0142 tak dobrze, \u017ce otrzyma\u0142 dwuletni kontrakt z Ineos Grenadiers (dawniej Team Sky).<\/p>\n<p>M\u00f3wiono, \u017ce ten ruch by\u0142 \u015bwiadom\u0105 decyzj\u0105 powrotu do swoich korzeni (jako super-domestic), ale z zielonym \u015bwiat\u0142em dla samodzielnej jazdy w niekt\u00f3rych wy\u015bcigach. W 2021 roku wygra\u0142 Tour of Catalunya i <u>Criterium du Dauphin\u00e9<\/u> i by\u0142 pretendentem do TDF, ale straci\u0142 sporo czasu po tym, jak utkn\u0105\u0142 w wielu powa\u017cnych karambolach, kt\u00f3re mia\u0142y miejsce w pierwszym tygodniu.<\/p>\n<h2><strong>Davide Rebellin<\/strong><\/h2>\n<figure id=\"attachment_185516\" aria-describedby=\"caption-attachment-185516\" style=\"width: 1000px\" class=\"wp-caption alignnone\"><img loading=\"lazy\" decoding=\"async\" class=\"loading wp-image-185516 size-full\" src=\"https:\/\/d2p6e6u75xmxt8.cloudfront.net\/2\/2021\/08\/Davide-Rebellin-profimedia-0330934902.jpg\" sizes=\"auto, (max-width: 1000px) 100vw, 1000px\" srcset=\"https:\/\/d2p6e6u75xmxt8.cloudfront.net\/2\/2021\/08\/Davide-Rebellin-profimedia-0330934902.jpg 1000w, https:\/\/d2p6e6u75xmxt8.cloudfront.net\/2\/2021\/08\/Davide-Rebellin-profimedia-0330934902-300x200.jpg 300w, https:\/\/d2p6e6u75xmxt8.cloudfront.net\/2\/2021\/08\/Davide-Rebellin-profimedia-0330934902-768x511.jpg 768w, https:\/\/d2p6e6u75xmxt8.cloudfront.net\/2\/2021\/08\/Davide-Rebellin-profimedia-0330934902-272x182.jpg 272w\" alt=\"Davide Rebellin\" width=\"1000\" height=\"666\" data-was-processed=\"true\" \/><figcaption id=\"caption-attachment-185516\" class=\"wp-caption-text\">Davide Rebellin na Vuelta a Asturias 2017. \u00a9 Profimedia<\/figcaption><\/figure>\n<p>Chocia\u017c nie je\u017adzi ju\u017c w dru\u017cynie World Tour, W\u0142och Davide Rebellin jest zdecydowanie najstarszym zawodowym kolarzem, kt\u00f3ry w wieku 49 lat zosta\u0142 zakontraktowany na rok 2021 przez w\u0142oski UCI Continental Team Work Service Marchiol Vega. Rebellin je\u017adzi ju\u017c 29. rok z rz\u0119du jako zawodowiec.<\/p>\n<p>Urodzi\u0142 si\u0119 w 1971 roku, a na zawodowstwo przeszed\u0142 w 1992 roku. Rywalizowa\u0142 z takimi zawodnikami jak Sean Kelly i Stephen Roche. Lista jego osi\u0105gni\u0119\u0107 jest d\u0142uga, ukoronowana etapowym zwyci\u0119stwem w Tour of Italy (1996), Tirreno-Adriatico (2001), Paris-Nice (2008) oraz r\u00f3\u017cnorodnymi jednodniowymi wy\u015bcigami i klasykami, takimi jak Li\u00e8ge\u2013Bastogne\u2013Li\u00e8ge, Amstel\u2013Gold i La Fleche Wallonne w 2004 roku. Dwukrotnie wygra\u0142 La Fleche Wallonne w 2007 i 2009 roku.<\/p>\n<h2><strong>Chris Horner<\/strong><\/h2>\n<figure id=\"attachment_185515\" aria-describedby=\"caption-attachment-185515\" style=\"width: 1000px\" class=\"wp-caption alignnone\"><img loading=\"lazy\" decoding=\"async\" class=\"loading wp-image-185515 size-full\" src=\"https:\/\/d2p6e6u75xmxt8.cloudfront.net\/2\/2021\/08\/Chris-Horner-profimedia-0237650335.jpg\" sizes=\"auto, (max-width: 1000px) 100vw, 1000px\" srcset=\"https:\/\/d2p6e6u75xmxt8.cloudfront.net\/2\/2021\/08\/Chris-Horner-profimedia-0237650335.jpg 1000w, https:\/\/d2p6e6u75xmxt8.cloudfront.net\/2\/2021\/08\/Chris-Horner-profimedia-0237650335-300x200.jpg 300w, https:\/\/d2p6e6u75xmxt8.cloudfront.net\/2\/2021\/08\/Chris-Horner-profimedia-0237650335-768x511.jpg 768w, https:\/\/d2p6e6u75xmxt8.cloudfront.net\/2\/2021\/08\/Chris-Horner-profimedia-0237650335-272x182.jpg 272w\" alt=\"Chris Horner\" width=\"1000\" height=\"666\" data-was-processed=\"true\" \/><figcaption id=\"caption-attachment-185515\" class=\"wp-caption-text\">Horner w 2013 roku. \u00a9 Profimedia<\/figcaption><\/figure>\n<p>Uznanie nale\u017cy si\u0119 Amerykaninowi Chrisowi Hornerowi, kt\u00f3ry jest na emeryturze, ale zosta\u0142 najstarszym zwyci\u0119zc\u0105 Grand Tour w 2013 roku w wieku 41 lat, je\u017cd\u017c\u0105c dla Radio Shack-Leopard Trek. Umocni\u0142 swoj\u0105 przewag\u0119 nad Vincenzo Nibalim podczas niesamowitego etapu na mitycznym Angliru, a najbardziej zaci\u0119ta walka rozegra\u0142a si\u0119 podczas ostatniego kilometra.<\/p>\n<h2><strong>Kobiety<\/strong><\/h2>\n<figure id=\"attachment_178866\" aria-describedby=\"caption-attachment-178866\" style=\"width: 1024px\" class=\"wp-caption alignnone\"><img loading=\"lazy\" decoding=\"async\" class=\"loading wp-image-178866 size-large\" src=\"https:\/\/d2p6e6u75xmxt8.cloudfront.net\/2\/2020\/08\/profimedia-0378093507-1-1024x682.jpg\" sizes=\"auto, (max-width: 1024px) 100vw, 1024px\" srcset=\"https:\/\/d2p6e6u75xmxt8.cloudfront.net\/2\/2020\/08\/profimedia-0378093507-1-1024x682.jpg 1024w, https:\/\/d2p6e6u75xmxt8.cloudfront.net\/2\/2020\/08\/profimedia-0378093507-1-300x200.jpg 300w, https:\/\/d2p6e6u75xmxt8.cloudfront.net\/2\/2020\/08\/profimedia-0378093507-1-768x512.jpg 768w, https:\/\/d2p6e6u75xmxt8.cloudfront.net\/2\/2020\/08\/profimedia-0378093507-1-272x182.jpg 272w, https:\/\/d2p6e6u75xmxt8.cloudfront.net\/2\/2020\/08\/profimedia-0378093507-1.jpg 1250w\" alt=\"Annemiek Van Vleuten\" width=\"1024\" height=\"682\" data-was-processed=\"true\" \/><figcaption id=\"caption-attachment-178866\" class=\"wp-caption-text\">Annemiek Van Vleuten zwyci\u0119\u017ca w \u201aLa Course by Le Tour de France w 2018 roku. \u00a9 Profimedia<\/figcaption><\/figure>\n<p>Istnieje r\u00f3wnie\u017c du\u017ca grupa kobiet, kt\u00f3re przecz\u0105 stereotypowi wieku. Holenderka Annemiek Van Vleuten, kt\u00f3ra je\u017adzi w kobiecej dru\u017cynie Movistar World Team, w wieku 38 lat wygra\u0142a Rosa Giro, zosta\u0142a mistrzyni\u0105 \u015bwiata w 2019 roku, a ostatnio zgarn\u0119\u0142a srebro olimpijskie w wy\u015bcigu szosowym kobiet, z\u0142oto w je\u017adzie indywidualnej na czas w Tokio i zaraz potem Cl\u00e1sica de San Sebasti\u00e1n.<\/p>\n<p>Mav\u00ed Garcia (Hiszpania, Ale Ljubljana) i Trixi Worrack (Niemcy, Trek-Segafredo) do\u0142\u0105czaj\u0105 do Van Vleuten jako dojrza\u0142e zawodniczki w \u017ce\u0144skim peletonie. Mav\u00ed ma 37 lat i jest wielokrotn\u0105 mistrzyni\u0105 Hiszpanii w je\u017adzie na czas i na szosie. W wieku 39 lat Trixi jest by\u0142\u0105 mistrzyni\u0105 Niemiec w wy\u015bcigach szosowych z 2003 roku i zwyci\u0119\u017cczyni\u0105 Primavera Rosa w 2005 roku (kobiece Mediolan \u2013 San Remo).<\/p>\n<p>A zatem jaki jest ich sekret? Nie chodzi tylko o walk\u0119 z naturalnymi skutkami starzenia si\u0119, ale o umiej\u0119tno\u015b\u0107 radzenia sobie z psychicznymi i fizycznymi wymaganiami podczas d\u0142ugoterminowych profesjonalnych wy\u015bcig\u00f3w. Poza tym niekt\u00f3rzy po prostu rodz\u0105 si\u0119 z predyspozycjami fizjologicznymi, kt\u00f3re czyni\u0105 ich wyj\u0105tkowymi. Odpowied\u017a le\u017cy jednak prawdopodobnie w bardziej holistycznym podej\u015bciu: jest nim mieszanka psychicznej wytrzyma\u0142o\u015bci, g\u0142\u0119bokiej mi\u0142o\u015bci do sportu, kole\u017ce\u0144stwa i dreszczyku rywalizacji.<\/p>\n<p>A jakie jest Twoje zdanie? Daj nam zna\u0107, kto jest Twoim ulubionym kolarzem, kt\u00f3ry po latach zawodowej jazdy w peletonie wci\u0105\u017c jest mocny.<\/p>\n<p><span data-sheets-value=\"{&quot;1&quot;:2,&quot;2&quot;:&quot;Artyku\u0142 powsta\u0142 we wsp\u00f3\u0142pracy ze skoda-auto.pl&quot;}\" data-sheets-userformat=\"{&quot;2&quot;:1,&quot;3&quot;:{&quot;1&quot;:0}}\" data-sheets-hyperlink=\"http:\/\/www.skoda-auto.pl\/\"><a class=\"in-cell-link\" href=\"http:\/\/www.skoda-auto.pl\/\" target=\"_blank\" rel=\"noopener noreferrer\">Artyku\u0142 powsta\u0142 we wsp\u00f3\u0142pracy ze skoda-auto.pl<\/a><\/span><\/p>\n<p><a href=\"https:\/\/sklep.skoda.pl\/pl\/sklep\/b\/331\/rowery-i-akcesoria-rowery.html\"><img loading=\"lazy\" decoding=\"async\" class=\"aligncenter wp-image-9608 size-full loading\" src=\"https:\/\/d2p6e6u75xmxt8.cloudfront.net\/5\/2019\/08\/baner_WLC_640x350_3.png\" sizes=\"auto, (max-width: 640px) 100vw, 640px\" srcset=\"https:\/\/d2p6e6u75xmxt8.cloudfront.net\/5\/2019\/08\/baner_WLC_640x350_3.png 640w, https:\/\/d2p6e6u75xmxt8.cloudfront.net\/5\/2019\/08\/baner_WLC_640x350_3-300x164.png 300w\" alt=\"\" width=\"640\" height=\"350\" data-was-processed=\"true\" \/><\/a><\/p>\n","protected":false},"excerpt":{"rendered":"<p>Kiedy zawodowy kolarz jest \u201eza stary\u201d, \u017ceby si\u0119 \u015bciga\u0107 w peletonie? Czy to wiek jest czynnikiem decyduj\u0105cym? A mo\u017ce to [&hellip;]<\/p>\n","protected":false},"author":125,"featured_media":12083,"comment_status":"open","ping_status":"open","sticky":false,"template":"","format":"standard","meta":{"footnotes":""},"categories":[6],"tags":[],"global-categories":[303],"class_list":["post-12082","post","type-post","status-publish","format-standard","has-post-thumbnail","hentry","category-kolarstwo-szosowe","global-categories-cycling"],"yoast_head":"<!-- This site is optimized with the Yoast SEO Premium plugin v25.3 (Yoast SEO v25.9) - https:\/\/yoast.com\/wordpress\/plugins\/seo\/ -->\n<title>Czy wiek zawodowego kolarza ma znaczenie? - \u0160koda We Love Cycling - Poland<\/title>\n<meta name=\"robots\" content=\"index, follow, max-snippet:-1, max-image-preview:large, max-video-preview:-1\" \/>\n<link rel=\"canonical\" href=\"https:\/\/www.welovecycling.com\/pl\/2021\/08\/27\/czy-wiek-zawodowego-kolarza-ma-znaczenie\/\" \/>\n<meta property=\"og:locale\" content=\"pl_PL\" \/>\n<meta property=\"og:type\" content=\"article\" \/>\n<meta property=\"og:title\" content=\"Czy wiek zawodowego kolarza ma znaczenie?\" \/>\n<meta property=\"og:description\" content=\"Kiedy zawodowy kolarz jest \u201eza stary\u201d, \u017ceby si\u0119 \u015bciga\u0107 w peletonie? Czy to wiek jest czynnikiem decyduj\u0105cym? A mo\u017ce to [&hellip;]\" \/>\n<meta property=\"og:url\" content=\"https:\/\/www.welovecycling.com\/pl\/2021\/08\/27\/czy-wiek-zawodowego-kolarza-ma-znaczenie\/\" \/>\n<meta property=\"og:site_name\" content=\"\u0160koda We Love Cycling - Poland\" \/>\n<meta property=\"article:published_time\" content=\"2021-08-27T12:54:44+00:00\" \/>\n<meta property=\"article:modified_time\" content=\"2021-08-27T12:55:22+00:00\" \/>\n<meta property=\"og:image\" content=\"https:\/\/d2p6e6u75xmxt8.cloudfront.net\/5\/2021\/08\/Tokyo-peloton-profimedia-0623070356-CvR-1024x450-1.jpg\" \/>\n\t<meta property=\"og:image:width\" content=\"1024\" \/>\n\t<meta property=\"og:image:height\" content=\"450\" \/>\n\t<meta property=\"og:image:type\" content=\"image\/jpeg\" \/>\n<meta name=\"author\" content=\"oktawiamikulska\" \/>\n<meta name=\"twitter:card\" content=\"summary_large_image\" \/>\n<meta name=\"twitter:label1\" content=\"Written by\" \/>\n\t<meta name=\"twitter:data1\" content=\"Andrea Champredonde\" \/>\n\t<meta name=\"twitter:label2\" content=\"Est. reading time\" \/>\n\t<meta name=\"twitter:data2\" content=\"7 minutes\" \/>\n<script type=\"application\/ld+json\" class=\"yoast-schema-graph\">{\"@context\":\"https:\/\/schema.org\",\"@graph\":[{\"@type\":\"WebPage\",\"@id\":\"https:\/\/www.welovecycling.com\/pl\/2021\/08\/27\/czy-wiek-zawodowego-kolarza-ma-znaczenie\/\",\"url\":\"https:\/\/www.welovecycling.com\/pl\/2021\/08\/27\/czy-wiek-zawodowego-kolarza-ma-znaczenie\/\",\"name\":\"Czy wiek zawodowego kolarza ma znaczenie? - \u0160koda We Love Cycling - Poland\",\"isPartOf\":{\"@id\":\"https:\/\/www.welovecycling.com\/pl\/#website\"},\"primaryImageOfPage\":{\"@id\":\"https:\/\/www.welovecycling.com\/pl\/2021\/08\/27\/czy-wiek-zawodowego-kolarza-ma-znaczenie\/#primaryimage\"},\"image\":{\"@id\":\"https:\/\/www.welovecycling.com\/pl\/2021\/08\/27\/czy-wiek-zawodowego-kolarza-ma-znaczenie\/#primaryimage\"},\"thumbnailUrl\":\"https:\/\/d2p6e6u75xmxt8.cloudfront.net\/5\/2021\/08\/Tokyo-peloton-profimedia-0623070356-CvR-1024x450-1.jpg\",\"datePublished\":\"2021-08-27T12:54:44+00:00\",\"dateModified\":\"2021-08-27T12:55:22+00:00\",\"author\":{\"@id\":\"https:\/\/www.welovecycling.com\/pl\/#\/schema\/person\/4a79bac7bd265aa6a35a1079d36648be\"},\"breadcrumb\":{\"@id\":\"https:\/\/www.welovecycling.com\/pl\/2021\/08\/27\/czy-wiek-zawodowego-kolarza-ma-znaczenie\/#breadcrumb\"},\"inLanguage\":\"pl-PL\",\"potentialAction\":[{\"@type\":\"ReadAction\",\"target\":[\"https:\/\/www.welovecycling.com\/pl\/2021\/08\/27\/czy-wiek-zawodowego-kolarza-ma-znaczenie\/\"]}]},{\"@type\":\"ImageObject\",\"inLanguage\":\"pl-PL\",\"@id\":\"https:\/\/www.welovecycling.com\/pl\/2021\/08\/27\/czy-wiek-zawodowego-kolarza-ma-znaczenie\/#primaryimage\",\"url\":\"https:\/\/d2p6e6u75xmxt8.cloudfront.net\/5\/2021\/08\/Tokyo-peloton-profimedia-0623070356-CvR-1024x450-1.jpg\",\"contentUrl\":\"https:\/\/d2p6e6u75xmxt8.cloudfront.net\/5\/2021\/08\/Tokyo-peloton-profimedia-0623070356-CvR-1024x450-1.jpg\",\"width\":1024,\"height\":450},{\"@type\":\"BreadcrumbList\",\"@id\":\"https:\/\/www.welovecycling.com\/pl\/2021\/08\/27\/czy-wiek-zawodowego-kolarza-ma-znaczenie\/#breadcrumb\",\"itemListElement\":[{\"@type\":\"ListItem\",\"position\":1,\"name\":\"Home\",\"item\":\"https:\/\/www.welovecycling.com\/pl\/\"},{\"@type\":\"ListItem\",\"position\":2,\"name\":\"Czy wiek zawodowego kolarza ma znaczenie?\"}]},{\"@type\":\"WebSite\",\"@id\":\"https:\/\/www.welovecycling.com\/pl\/#website\",\"url\":\"https:\/\/www.welovecycling.com\/pl\/\",\"name\":\"\u0160koda We Love Cycling - Poland\",\"description\":\"\",\"potentialAction\":[{\"@type\":\"SearchAction\",\"target\":{\"@type\":\"EntryPoint\",\"urlTemplate\":\"https:\/\/www.welovecycling.com\/pl\/?s={search_term_string}\"},\"query-input\":{\"@type\":\"PropertyValueSpecification\",\"valueRequired\":true,\"valueName\":\"search_term_string\"}}],\"inLanguage\":\"pl-PL\"},{\"@type\":\"Person\",\"@id\":\"https:\/\/www.welovecycling.com\/pl\/#\/schema\/person\/4a79bac7bd265aa6a35a1079d36648be\",\"name\":\"oktawiamikulska\",\"image\":{\"@type\":\"ImageObject\",\"inLanguage\":\"pl-PL\",\"@id\":\"https:\/\/www.welovecycling.com\/pl\/#\/schema\/person\/image\/\",\"url\":\"https:\/\/secure.gravatar.com\/avatar\/b97a3f44e2de6d2f8dd358975937e49823662e12cbd810b9d1a2bff1c149e8a7?s=96&d=mm&r=g\",\"contentUrl\":\"https:\/\/secure.gravatar.com\/avatar\/b97a3f44e2de6d2f8dd358975937e49823662e12cbd810b9d1a2bff1c149e8a7?s=96&d=mm&r=g\",\"caption\":\"oktawiamikulska\"},\"url\":\"https:\/\/www.welovecycling.com\/pl\/author\/oktawiamikulska\/\"}]}<\/script>\n<!-- \/ Yoast SEO Premium plugin. -->","yoast_head_json":{"title":"Czy wiek zawodowego kolarza ma znaczenie? - \u0160koda We Love Cycling - Poland","robots":{"index":"index","follow":"follow","max-snippet":"max-snippet:-1","max-image-preview":"max-image-preview:large","max-video-preview":"max-video-preview:-1"},"canonical":"https:\/\/www.welovecycling.com\/pl\/2021\/08\/27\/czy-wiek-zawodowego-kolarza-ma-znaczenie\/","og_locale":"pl_PL","og_type":"article","og_title":"Czy wiek zawodowego kolarza ma znaczenie?","og_description":"Kiedy zawodowy kolarz jest \u201eza stary\u201d, \u017ceby si\u0119 \u015bciga\u0107 w peletonie? Czy to wiek jest czynnikiem decyduj\u0105cym? A mo\u017ce to [&hellip;]","og_url":"https:\/\/www.welovecycling.com\/pl\/2021\/08\/27\/czy-wiek-zawodowego-kolarza-ma-znaczenie\/","og_site_name":"\u0160koda We Love Cycling - Poland","article_published_time":"2021-08-27T12:54:44+00:00","article_modified_time":"2021-08-27T12:55:22+00:00","og_image":[{"width":1024,"height":450,"url":"https:\/\/d2p6e6u75xmxt8.cloudfront.net\/5\/2021\/08\/Tokyo-peloton-profimedia-0623070356-CvR-1024x450-1.jpg","type":"image\/jpeg"}],"author":"oktawiamikulska","twitter_card":"summary_large_image","twitter_misc":{"Written by":"Andrea Champredonde","Est. reading time":"7 minutes"},"schema":{"@context":"https:\/\/schema.org","@graph":[{"@type":"WebPage","@id":"https:\/\/www.welovecycling.com\/pl\/2021\/08\/27\/czy-wiek-zawodowego-kolarza-ma-znaczenie\/","url":"https:\/\/www.welovecycling.com\/pl\/2021\/08\/27\/czy-wiek-zawodowego-kolarza-ma-znaczenie\/","name":"Czy wiek zawodowego kolarza ma znaczenie? - \u0160koda We Love Cycling - Poland","isPartOf":{"@id":"https:\/\/www.welovecycling.com\/pl\/#website"},"primaryImageOfPage":{"@id":"https:\/\/www.welovecycling.com\/pl\/2021\/08\/27\/czy-wiek-zawodowego-kolarza-ma-znaczenie\/#primaryimage"},"image":{"@id":"https:\/\/www.welovecycling.com\/pl\/2021\/08\/27\/czy-wiek-zawodowego-kolarza-ma-znaczenie\/#primaryimage"},"thumbnailUrl":"https:\/\/d2p6e6u75xmxt8.cloudfront.net\/5\/2021\/08\/Tokyo-peloton-profimedia-0623070356-CvR-1024x450-1.jpg","datePublished":"2021-08-27T12:54:44+00:00","dateModified":"2021-08-27T12:55:22+00:00","author":{"@id":"https:\/\/www.welovecycling.com\/pl\/#\/schema\/person\/4a79bac7bd265aa6a35a1079d36648be"},"breadcrumb":{"@id":"https:\/\/www.welovecycling.com\/pl\/2021\/08\/27\/czy-wiek-zawodowego-kolarza-ma-znaczenie\/#breadcrumb"},"inLanguage":"pl-PL","potentialAction":[{"@type":"ReadAction","target":["https:\/\/www.welovecycling.com\/pl\/2021\/08\/27\/czy-wiek-zawodowego-kolarza-ma-znaczenie\/"]}]},{"@type":"ImageObject","inLanguage":"pl-PL","@id":"https:\/\/www.welovecycling.com\/pl\/2021\/08\/27\/czy-wiek-zawodowego-kolarza-ma-znaczenie\/#primaryimage","url":"https:\/\/d2p6e6u75xmxt8.cloudfront.net\/5\/2021\/08\/Tokyo-peloton-profimedia-0623070356-CvR-1024x450-1.jpg","contentUrl":"https:\/\/d2p6e6u75xmxt8.cloudfront.net\/5\/2021\/08\/Tokyo-peloton-profimedia-0623070356-CvR-1024x450-1.jpg","width":1024,"height":450},{"@type":"BreadcrumbList","@id":"https:\/\/www.welovecycling.com\/pl\/2021\/08\/27\/czy-wiek-zawodowego-kolarza-ma-znaczenie\/#breadcrumb","itemListElement":[{"@type":"ListItem","position":1,"name":"Home","item":"https:\/\/www.welovecycling.com\/pl\/"},{"@type":"ListItem","position":2,"name":"Czy wiek zawodowego kolarza ma znaczenie?"}]},{"@type":"WebSite","@id":"https:\/\/www.welovecycling.com\/pl\/#website","url":"https:\/\/www.welovecycling.com\/pl\/","name":"\u0160koda We Love Cycling - Poland","description":"","potentialAction":[{"@type":"SearchAction","target":{"@type":"EntryPoint","urlTemplate":"https:\/\/www.welovecycling.com\/pl\/?s={search_term_string}"},"query-input":{"@type":"PropertyValueSpecification","valueRequired":true,"valueName":"search_term_string"}}],"inLanguage":"pl-PL"},{"@type":"Person","@id":"https:\/\/www.welovecycling.com\/pl\/#\/schema\/person\/4a79bac7bd265aa6a35a1079d36648be","name":"oktawiamikulska","image":{"@type":"ImageObject","inLanguage":"pl-PL","@id":"https:\/\/www.welovecycling.com\/pl\/#\/schema\/person\/image\/","url":"https:\/\/secure.gravatar.com\/avatar\/b97a3f44e2de6d2f8dd358975937e49823662e12cbd810b9d1a2bff1c149e8a7?s=96&d=mm&r=g","contentUrl":"https:\/\/secure.gravatar.com\/avatar\/b97a3f44e2de6d2f8dd358975937e49823662e12cbd810b9d1a2bff1c149e8a7?s=96&d=mm&r=g","caption":"oktawiamikulska"},"url":"https:\/\/www.welovecycling.com\/pl\/author\/oktawiamikulska\/"}]}},"_links":{"self":[{"href":"https:\/\/www.welovecycling.com\/pl\/wp-json\/wp\/v2\/posts\/12082","targetHints":{"allow":["GET"]}}],"collection":[{"href":"https:\/\/www.welovecycling.com\/pl\/wp-json\/wp\/v2\/posts"}],"about":[{"href":"https:\/\/www.welovecycling.com\/pl\/wp-json\/wp\/v2\/types\/post"}],"author":[{"embeddable":true,"href":"https:\/\/www.welovecycling.com\/pl\/wp-json\/wp\/v2\/users\/125"}],"replies":[{"embeddable":true,"href":"https:\/\/www.welovecycling.com\/pl\/wp-json\/wp\/v2\/comments?post=12082"}],"version-history":[{"count":2,"href":"https:\/\/www.welovecycling.com\/pl\/wp-json\/wp\/v2\/posts\/12082\/revisions"}],"predecessor-version":[{"id":12085,"href":"https:\/\/www.welovecycling.com\/pl\/wp-json\/wp\/v2\/posts\/12082\/revisions\/12085"}],"wp:featuredmedia":[{"embeddable":true,"href":"https:\/\/www.welovecycling.com\/pl\/wp-json\/wp\/v2\/media\/12083"}],"wp:attachment":[{"href":"https:\/\/www.welovecycling.com\/pl\/wp-json\/wp\/v2\/media?parent=12082"}],"wp:term":[{"taxonomy":"category","embeddable":true,"href":"https:\/\/www.welovecycling.com\/pl\/wp-json\/wp\/v2\/categories?post=12082"},{"taxonomy":"post_tag","embeddable":true,"href":"https:\/\/www.welovecycling.com\/pl\/wp-json\/wp\/v2\/tags?post=12082"},{"taxonomy":"global-categories","embeddable":true,"href":"https:\/\/www.welovecycling.com\/pl\/wp-json\/wp\/v2\/global-categories?post=12082"}],"curies":[{"name":"wp","href":"https:\/\/api.w.org\/{rel}","templated":true}]}}