{"id":12062,"date":"2021-08-25T12:16:53","date_gmt":"2021-08-25T12:16:53","guid":{"rendered":"https:\/\/www.welovecycling.com\/pl\/?p=12062"},"modified":"2021-08-27T12:34:43","modified_gmt":"2021-08-27T12:34:43","slug":"zmiana-perspektyw-czyli-9-pytan-do-bartka-huzarskiego","status":"publish","type":"post","link":"https:\/\/www.welovecycling.com\/pl\/2021\/08\/25\/zmiana-perspektyw-czyli-9-pytan-do-bartka-huzarskiego\/","title":{"rendered":"Zmiana perspektyw, czyli 9 pyta\u0144 do Bartka Huzarskiego"},"content":{"rendered":"<h4><strong>1.\u0160koda w ramach akcji #rokbezpiecze\u0144stwa przygotowa\u0142a kampani\u0119 \u201eZmiana perspektywy\u201d z Twoim udzia\u0142em. Opowiesz nam o niej?<\/strong><\/h4>\n<p>To \u015bwietnie trafiona akcja maj\u0105ca pokaza\u0107, jakie problemy ma druga strona. Niejednokrotnie dopiero wej\u015bcie w buty innego uczestnika ruchu drogowego u\u015bwiadamia nam, z czym musi si\u0119 mierzy\u0107. W materiale chcieli\u015bmy pokaza\u0107 inn\u0105 perspektyw\u0119, kt\u00f3rej puent\u0105 jest nic innego jak wzajemny szacunek na drodze. Dla mnie taka zmiana nie by\u0142a niczym nowym, gdy\u017c sporo je\u017cd\u017c\u0119 zar\u00f3wno na rowerze, jak i samochodem. Jednak wydaje mi si\u0119, \u017ce wielu u\u017cytkownik\u00f3w drogi zmieni\u0142oby swoje nastawienie po takim eksperymencie.<br \/>\nTo troszk\u0119 adekwatna sytuacja do zmiany stylu jazdy po szkoleniu w Szkole Bezpiecznej Jazdy \u0160KODY. Kiedy kto\u015b naocznie poka\u017ce, jaka jest droga hamowania przy 50 km\/h, a jaka przy 60 km\/h \u2013 niby tylko 10 km\/h, ale jaka r\u00f3\u017cnica! Tutaj jest podobnie, dop\u00f3ki czego\u015b nie do\u015bwiadczymy, wydaje nam si\u0119, \u017ce druga strona wymy\u015bla i wyolbrzymia swoje problemy.<\/p>\n<figure id=\"attachment_12074\" aria-describedby=\"caption-attachment-12074\" style=\"width: 1920px\" class=\"wp-caption alignnone\"><a href=\"https:\/\/d2p6e6u75xmxt8.cloudfront.net\/5\/2021\/08\/IMG_20210531_093006-scaled.jpg\"><img loading=\"lazy\" decoding=\"async\" class=\"wp-image-12074 size-extra-large\" src=\"https:\/\/d2p6e6u75xmxt8.cloudfront.net\/5\/2021\/08\/IMG_20210531_093006-1920x1440.jpg\" alt=\"\" width=\"1920\" height=\"1440\" srcset=\"https:\/\/d2p6e6u75xmxt8.cloudfront.net\/5\/2021\/08\/IMG_20210531_093006-1920x1440.jpg 1920w, https:\/\/d2p6e6u75xmxt8.cloudfront.net\/5\/2021\/08\/IMG_20210531_093006-300x225.jpg 300w, https:\/\/d2p6e6u75xmxt8.cloudfront.net\/5\/2021\/08\/IMG_20210531_093006-1024x768.jpg 1024w, https:\/\/d2p6e6u75xmxt8.cloudfront.net\/5\/2021\/08\/IMG_20210531_093006-768x576.jpg 768w, https:\/\/d2p6e6u75xmxt8.cloudfront.net\/5\/2021\/08\/IMG_20210531_093006-1536x1152.jpg 1536w, https:\/\/d2p6e6u75xmxt8.cloudfront.net\/5\/2021\/08\/IMG_20210531_093006-2048x1536.jpg 2048w, https:\/\/d2p6e6u75xmxt8.cloudfront.net\/5\/2021\/08\/IMG_20210531_093006-1920x1440.jpg 1920w\" sizes=\"auto, (max-width: 1920px) 100vw, 1920px\" \/><\/a><figcaption id=\"caption-attachment-12074\" class=\"wp-caption-text\">Archiwum w\u0142asne Bartka Huzarskiego<\/figcaption><\/figure>\n<h4><strong>2.Co Ci\u0119 najbardziej zaskoczy\u0142o po zmianie perspektywy i zamianie dw\u00f3ch k\u00f3\u0142ek na cztery? <\/strong><\/h4>\n<p>Materia\u0142 kr\u0119cili\u015bmy w Warszawie i zaj\u0119\u0142o nam to oko\u0142o 12 godzin, warto o tym wspomnie\u0107. Przez tyle czasu musia\u0142em by\u0107 w pe\u0142ni skoncentrowany na poruszaniu si\u0119 w praktycznie obcym mi mie\u015bcie i uwa\u017ca\u0107 na pojawiaj\u0105ce si\u0119 nagle i bez ostrze\u017cenia przeszkody. A bior\u0105c pod uwag\u0119 fakt, \u017ce mieszkam w ma\u0142ej miejscowo\u015bci pod Wroc\u0142awiem i niezbyt cz\u0119sto musz\u0119 je\u017adzi\u0107 samochodem po mie\u015bcie, to po tym eksperymencie zdecydowanie bardziej zwracam uwag\u0119 na przebieg \u015bcie\u017cek rowerowych. P\u00f3\u0142 biedy, kiedy biegn\u0105 one r\u00f3wnolegle do drogi, ale nie zawsze tak przecie\u017c jest. Do tego podczas manewru skr\u0119tu, gdy przecinam \u015bcie\u017ck\u0119 rowerow\u0105, jestem dodatkowo ostro\u017cny, by nie zmusi\u0107 nikogo do niebezpiecznego nag\u0142ego hamowania lub co gorsza kogo\u015b nie potr\u0105ci\u0107. Rowerzyst\u00f3w wyprzedza\u0142em od zawsze z zachowaniem du\u017cego odst\u0119pu, ale to dlatego, \u017ce sam je\u017cd\u017c\u0119 du\u017co na rowerze i wiem, jak to jest wa\u017cne.<\/p>\n<h4><strong>3.A co najbardziej zaskoczy\u0142o Miko\u0142aja Marczyka, Rajdowego Mistrza Polski, kt\u00f3ry towarzyszy\u0142 Ci na planie? <\/strong><\/h4>\n<p>D\u0142ugo rozmawiali\u015bmy z Miko\u0142ajem po nagraniu. Wsp\u00f3lnie stwierdzili\u015bmy, \u017ce jazda na rowerze w ruchu miejskim wymaga ci\u0105g\u0142ej koncentracji. Na naszej drodze mo\u017ce pojawi\u0107 si\u0119 zar\u00f3wno roztargniony pieszy, jak i piesek, kt\u00f3rego akurat na drug\u0105 stron\u0119 chodnika zwabi\u0142 jaki\u015b interesuj\u0105cy zapach. Musimy uwa\u017ca\u0107 na elementy infrastruktury drogowej, takie jak wysepki czy studzienki kanalizacyjne. Na plus zaskoczy\u0142a Miko\u0142aja p\u0142ynno\u015b\u0107 poruszania si\u0119, omijanie pojazd\u00f3w stoj\u0105cych w korku oraz uprzywilejowanie rowerzysty w pewnych sytuacjach. R\u00f3wnie\u017c coraz lepsza sie\u0107 \u015bcie\u017cek i dr\u00f3g rowerowych zas\u0142uguje na pochwa\u0142\u0119 od nas obu.<\/p>\n<figure id=\"attachment_12069\" aria-describedby=\"caption-attachment-12069\" style=\"width: 720px\" class=\"wp-caption alignnone\"><a href=\"https:\/\/d2p6e6u75xmxt8.cloudfront.net\/5\/2021\/08\/FB_IMG_1629793681576.jpg\"><img loading=\"lazy\" decoding=\"async\" class=\"wp-image-12069 size-full\" src=\"https:\/\/d2p6e6u75xmxt8.cloudfront.net\/5\/2021\/08\/FB_IMG_1629793681576.jpg\" alt=\"\" width=\"720\" height=\"540\" srcset=\"https:\/\/d2p6e6u75xmxt8.cloudfront.net\/5\/2021\/08\/FB_IMG_1629793681576.jpg 720w, https:\/\/d2p6e6u75xmxt8.cloudfront.net\/5\/2021\/08\/FB_IMG_1629793681576-300x225.jpg 300w\" sizes=\"auto, (max-width: 720px) 100vw, 720px\" \/><\/a><figcaption id=\"caption-attachment-12069\" class=\"wp-caption-text\">Archiwum w\u0142asne Bartka Huzarskiego<\/figcaption><\/figure>\n<h4><strong>4.Na co Twoim zdaniem nale\u017cy zwraca\u0107 uwag\u0119 w mie\u015bcie podczas jazdy na rowerze?<\/strong><\/h4>\n<p>Tak naprawd\u0119 je\u017cd\u017c\u0105c w mie\u015bcie, trzeba mie\u0107 oczy dooko\u0142a g\u0142owy. Na rowerzyst\u00f3w czyha sporo niespodzianek. Ale patrz\u0105c na t\u0119 sytuacj\u0119 z perspektywy rowerzysty, warto podkre\u015bli\u0107 b\u0142\u0119dy kolarzy. Uwa\u017cajmy, szczeg\u00f3lnie gdy w\u0142\u0105czamy si\u0119 do ruchu i na skrzy\u017cowaniach, bo nie zawsze kierowca jest w stanie nas dostrzec. Na przyk\u0142ad zdarza si\u0119, \u017ce rowerzysta jest w martwym punkcie. Pami\u0119tajmy, \u017ce pasy i wszelkie linie malowane na asfalcie s\u0105 bardzo \u015bliskie, gdy jest mokro. No i nie mo\u017cemy by\u0107 rozkojarzeni, wi\u0119c odradzam s\u0142uchania muzyki czy podcast\u00f3w, a nawet rozmowy przez telefon podczas jazdy rowerem, zw\u0142aszcza przy u\u017cyciu s\u0142uchawek. Nie wciskajmy si\u0119 pomi\u0119dzy samochody, gdy stoj\u0105 na czerwonym \u015bwietle, i pami\u0119tajmy, \u017ceby zawsze je\u017adzi\u0107 w kasku.<\/p>\n<h4><strong>5.Jakie zachowania kierowc\u00f3w s\u0105 najniebezpieczniejsze dla rowerzyst\u00f3w?<\/strong><\/h4>\n<p>Zdecydowanie problemem numer jeden jest wyprzedzanie z zachowaniem zbyt ma\u0142ego odst\u0119pu, a ten zgodnie z przepisami powinien wynosi\u0107 jeden metr. Bywa, \u017ce kierowcy nie zachowuj\u0105 odpowiedniej ostro\u017cno\u015bci podczas manewru skr\u0119tu, kiedy przecinaj\u0105 biegn\u0105c\u0105 r\u00f3wnolegle do drogi \u015bcie\u017ck\u0119 rowerow\u0105. Kierowcy, kt\u00f3rzy sami nie je\u017cd\u017c\u0105 na rowerze, nie s\u0105 w stanie oceni\u0107 pr\u0119dko\u015bci, z jak\u0105 porusza si\u0119 rower, przez co bardzo cz\u0119sto dochodzi do wypadku, a p\u00f3\u017aniej s\u0142yszymy t\u0142umaczenia, \u017ce rowerzysta by\u0142 przecie\u017c tak daleko\u2026<br \/>\nNajwi\u0119kszym problemem naszych czas\u00f3w jest jednak rozkojarzenie, po\u015bpiech oraz nagminne korzystanie z telefon\u00f3w kom\u00f3rkowych przez kierowc\u00f3w samochod\u00f3w podczas jazdy.<\/p>\n<figure id=\"attachment_12073\" aria-describedby=\"caption-attachment-12073\" style=\"width: 1920px\" class=\"wp-caption alignnone\"><a href=\"https:\/\/d2p6e6u75xmxt8.cloudfront.net\/5\/2021\/08\/017-fot.Tadek-Ciechanowski-Race-Through-Poland.jpg\"><img loading=\"lazy\" decoding=\"async\" class=\"wp-image-12073 size-extra-large\" src=\"https:\/\/d2p6e6u75xmxt8.cloudfront.net\/5\/2021\/08\/017-fot.Tadek-Ciechanowski-Race-Through-Poland-1920x1080.jpg\" alt=\"\" width=\"1920\" height=\"1080\" srcset=\"https:\/\/d2p6e6u75xmxt8.cloudfront.net\/5\/2021\/08\/017-fot.Tadek-Ciechanowski-Race-Through-Poland-1920x1080.jpg 1920w, https:\/\/d2p6e6u75xmxt8.cloudfront.net\/5\/2021\/08\/017-fot.Tadek-Ciechanowski-Race-Through-Poland-300x169.jpg 300w, https:\/\/d2p6e6u75xmxt8.cloudfront.net\/5\/2021\/08\/017-fot.Tadek-Ciechanowski-Race-Through-Poland-1024x576.jpg 1024w, https:\/\/d2p6e6u75xmxt8.cloudfront.net\/5\/2021\/08\/017-fot.Tadek-Ciechanowski-Race-Through-Poland-768x432.jpg 768w, https:\/\/d2p6e6u75xmxt8.cloudfront.net\/5\/2021\/08\/017-fot.Tadek-Ciechanowski-Race-Through-Poland-1536x864.jpg 1536w, https:\/\/d2p6e6u75xmxt8.cloudfront.net\/5\/2021\/08\/017-fot.Tadek-Ciechanowski-Race-Through-Poland.jpg 2048w, https:\/\/d2p6e6u75xmxt8.cloudfront.net\/5\/2021\/08\/017-fot.Tadek-Ciechanowski-Race-Through-Poland-1920x1080.jpg 1920w\" sizes=\"auto, (max-width: 1920px) 100vw, 1920px\" \/><\/a><figcaption id=\"caption-attachment-12073\" class=\"wp-caption-text\">Zdj\u0119cie Tadeusz Ciechanowski<\/figcaption><\/figure>\n<h4><strong>6.Jakie zachowania rowerzyst\u00f3w s\u0105 ryzykowne dla kierowc\u00f3w?<\/strong><\/h4>\n<p>Nag\u0142e wtargni\u0119cie na drog\u0119, gdy nieoczekiwanie ko\u0144czy si\u0119 \u015bcie\u017cka rowerowa. Brak sygnalizowania swoich zamiar\u00f3w, szczeg\u00f3lnie skr\u0119tu. Du\u017cym problemem jest nieodpowiedni str\u00f3j, tak popularny w\u015br\u00f3d rowerzyst\u00f3w kolor czarny jest bardzo ma\u0142o widoczny. Nawet w po\u0142\u0105czeniu z lampkami rowerzysta jest wci\u0105\u017c s\u0142abo widoczny z boku, czyli przy doje\u017cd\u017caniu do skrzy\u017cowania. Oczywi\u015bcie zdarza si\u0119, \u017ce rowerzy\u015bci przeje\u017cd\u017caj\u0105 przez skrzy\u017cowanie na tak zwanym wczesnym czerwonym, co podobnie jak w przypadku kierowcy jest naganne i bardzo ryzykowne. Na koniec doda\u0142bym co\u015b, o czym ju\u017c m\u00f3wi\u0142em, czyli brak kontaktu z otoczeniem przez s\u0142uchanie muzyki przez s\u0142uchawki. Zawsze lepiej s\u0142ysze\u0107, \u017ce co\u015b si\u0119 zbli\u017ca.<\/p>\n<h4><strong>7.Jak najlepiej zadba\u0107 o wsp\u00f3lne bezpiecze\u0144stwo na drodze? Niezale\u017cnie od tego, czy jeste\u015bmy kierowcami dw\u00f3ch, czy czterech k\u00f3\u0142ek.<\/strong><\/h4>\n<p>Zdecydowanie najwa\u017cniejsze jest respektowanie przepis\u00f3w, wzajemny szacunek, a tak\u017ce wyrozumia\u0142o\u015b\u0107. Bardzo cz\u0119sto naruszenie jednej z tych zasad lawinowo burzy pozosta\u0142e, przez co jeste\u015bmy \u015bwiadkami drogowej agresji, kt\u00f3ra miejscami wr\u0119cz przeradza si\u0119 w wojn\u0119 kierowc\u00f3w i rowerzyst\u00f3w. Gdy wychodzimy z pracy, nie zabierajmy swoich problem\u00f3w i rozterek do samochodu czy na rower, je\u015bli to w\u0142a\u015bnie nim doje\u017cd\u017camy do pracy. To, \u017ce wy\u017cyjemy si\u0119 na innym uczestniku ruchu, mo\u017ce mie\u0107 op\u0142akane skutki, bo zaburzy porz\u0105dek bezpiecze\u0144stwa na drodze. Nawet je\u015bli ta agresja ostatecznie rykoszetem nie wr\u00f3ci do nas, to mo\u017ce si\u0119 odbi\u0107 na kim\u015b innym. A \u017ce karma wraca, to za dzie\u0144 lub dwa przez nerwy kogo\u015b innego my sami mo\u017cemy ucierpie\u0107. Tak wi\u0119c gdy wsiadamy na rower czy do samochodu, proponuj\u0119 by\u0107 nie tylko skoncentrowanym, ale te\u017c wyrozumia\u0142ym. Jedna minuta szybciej w domu niewiele zmieni, a przez po\u015bpiech liczba pope\u0142nianych b\u0142\u0119d\u00f3w mo\u017ce mie\u0107 op\u0142akane skutki.<\/p>\n<figure id=\"attachment_12068\" aria-describedby=\"caption-attachment-12068\" style=\"width: 1920px\" class=\"wp-caption alignnone\"><a href=\"https:\/\/d2p6e6u75xmxt8.cloudfront.net\/5\/2021\/08\/GOPR5230.JPG-scaled.jpg\"><img loading=\"lazy\" decoding=\"async\" class=\"wp-image-12068 size-extra-large\" src=\"https:\/\/d2p6e6u75xmxt8.cloudfront.net\/5\/2021\/08\/GOPR5230.JPG-1920x1440.jpg\" alt=\"\" width=\"1920\" height=\"1440\" srcset=\"https:\/\/d2p6e6u75xmxt8.cloudfront.net\/5\/2021\/08\/GOPR5230.JPG-1920x1440.jpg 1920w, https:\/\/d2p6e6u75xmxt8.cloudfront.net\/5\/2021\/08\/GOPR5230.JPG-300x225.jpg 300w, https:\/\/d2p6e6u75xmxt8.cloudfront.net\/5\/2021\/08\/GOPR5230.JPG-1024x768.jpg 1024w, https:\/\/d2p6e6u75xmxt8.cloudfront.net\/5\/2021\/08\/GOPR5230.JPG-768x576.jpg 768w, https:\/\/d2p6e6u75xmxt8.cloudfront.net\/5\/2021\/08\/GOPR5230.JPG-1536x1152.jpg 1536w, https:\/\/d2p6e6u75xmxt8.cloudfront.net\/5\/2021\/08\/GOPR5230.JPG-2048x1536.jpg 2048w, https:\/\/d2p6e6u75xmxt8.cloudfront.net\/5\/2021\/08\/GOPR5230.JPG-1920x1440.jpg 1920w\" sizes=\"auto, (max-width: 1920px) 100vw, 1920px\" \/><\/a><figcaption id=\"caption-attachment-12068\" class=\"wp-caption-text\">Archiwum w\u0142asne Bartka Huzarskiego<\/figcaption><\/figure>\n<h4><strong>8.Jaki str\u00f3j zwi\u0119ksza bezpiecze\u0144stwo rowerzysty na drodze?<\/strong><\/h4>\n<p>Kolorowe rzeczy odr\u00f3\u017cniaj\u0105ce si\u0119 od otoczenia maj\u0105 du\u017cy wp\u0142yw na nasz\u0105 widoczno\u015b\u0107. Optymalny, a wr\u0119cz idealny kolor to fluorescencyjna ziele\u0144. Troch\u0119 gorzej, ale wci\u0105\u017c ca\u0142kiem dobrze wypada czerwie\u0144. Najgorsze, co mo\u017ce zrobi\u0107 rowerzysta, to w pochmurny dzie\u0144 ubra\u0107 si\u0119 w szary lub czarny str\u00f3j. Je\u015bli nie mamy innego wyj\u015bcia, zadbajmy o dodatki, kt\u00f3re zwi\u0119ksz\u0105 nasz\u0105 widoczno\u015b\u0107. Jaskrawy kask, jakie\u015b odblaski, do tego o\u015bwietlenie, nawet takie do jazdy w dzie\u0144. Ka\u017cdy ma\u0142y detal pomo\u017ce nam unikn\u0105\u0107 skrajnie niebezpiecznych sytuacji, tego, \u017ce nie zostaniemy zauwa\u017ceni przez innego uczestnika ruchu. Przy okazji <a href=\"https:\/\/www.welovecycling.com\/pl\/2017\/10\/12\/safety-first-czyli-o-bezpieczenstwie-drodze\/.\">odsy\u0142am do materia\u0142u<\/a>, w kt\u00f3rym kiedy\u015b poruszali\u015bmy ten temat.<\/p>\n<p>A je\u015bli kto\u015b lubi je\u017adzi\u0107 rowerem o zmroku, pewne wskaz\u00f3wki mo\u017ce znale\u017a\u0107 <a href=\"https:\/\/www.welovecycling.com\/pl\/2019\/11\/15\/bartosz-huzarski-rowerem-o-zmroku\/.\">tutaj.<\/a><\/p>\n<figure id=\"attachment_12070\" aria-describedby=\"caption-attachment-12070\" style=\"width: 1920px\" class=\"wp-caption alignnone\"><a href=\"https:\/\/d2p6e6u75xmxt8.cloudfront.net\/5\/2021\/08\/DSC05298.jpg\"><img loading=\"lazy\" decoding=\"async\" class=\"wp-image-12070 size-extra-large\" src=\"https:\/\/d2p6e6u75xmxt8.cloudfront.net\/5\/2021\/08\/DSC05298-1920x1281.jpg\" alt=\"\" width=\"1920\" height=\"1281\" srcset=\"https:\/\/d2p6e6u75xmxt8.cloudfront.net\/5\/2021\/08\/DSC05298-1920x1281.jpg 1920w, https:\/\/d2p6e6u75xmxt8.cloudfront.net\/5\/2021\/08\/DSC05298-300x200.jpg 300w, https:\/\/d2p6e6u75xmxt8.cloudfront.net\/5\/2021\/08\/DSC05298-1024x683.jpg 1024w, https:\/\/d2p6e6u75xmxt8.cloudfront.net\/5\/2021\/08\/DSC05298-768x512.jpg 768w, https:\/\/d2p6e6u75xmxt8.cloudfront.net\/5\/2021\/08\/DSC05298-1536x1025.jpg 1536w, https:\/\/d2p6e6u75xmxt8.cloudfront.net\/5\/2021\/08\/DSC05298-272x182.jpg 272w, https:\/\/d2p6e6u75xmxt8.cloudfront.net\/5\/2021\/08\/DSC05298.jpg 2000w, https:\/\/d2p6e6u75xmxt8.cloudfront.net\/5\/2021\/08\/DSC05298-1920x1281.jpg 1920w\" sizes=\"auto, (max-width: 1920px) 100vw, 1920px\" \/><\/a><figcaption id=\"caption-attachment-12070\" class=\"wp-caption-text\">Archiwum w\u0142asne Bartka Huzarskiego<\/figcaption><\/figure>\n<p><strong>9.Mo\u017ce chcia\u0142by\u015b si\u0119 jeszcze z nami czym\u015b podzieli\u0107 w kontek\u015bcie dbania o wsp\u00f3lne bezpiecze\u0144stwo na drodze? Masz jakie\u015b rady dla naszych czytelnik\u00f3w?<br \/>\n<\/strong>Zar\u00f3wno kieruj\u0105cy rowerem, jak i samochodem maj\u0105 swoje prawa i obowi\u0105zki. Jeden i drugi spos\u00f3b poruszania si\u0119 potrafi dawa\u0107 ogrom frajdy i pozytywnych emocji. Znam osoby, kt\u00f3re codziennie doje\u017cd\u017caj\u0105 rowerem do pracy, znam te\u017c takie, kt\u00f3re wsz\u0119dzie je\u017cd\u017c\u0105 samochodem. Obie grupy mog\u0105 spokojnie funkcjonowa\u0107 obok siebie. Musimy tylko chcie\u0107 i skupi\u0107 si\u0119 na innych uczestnikach ruchu, szanowa\u0107 ich i przestrzega\u0107 przepis\u00f3w oraz zasad \u2013 tych pisanych i niepisanych. Jak si\u0119 dogadamy, b\u0119dzie nam si\u0119 lepiej, skuteczniej i przyjemniej funkcjonowa\u0107. Wsp\u00f3lne dzielenie drogi to wcale nie jest \u017cadna utopia \u2013 skoro w innych krajach doskonale dzia\u0142a, to zadzia\u0142a i u nas.<\/p>\n<p>&nbsp;<\/p>\n<p><span data-sheets-value=\"{&quot;1&quot;:2,&quot;2&quot;:&quot;Artyku\u0142 powsta\u0142 we wsp\u00f3\u0142pracy ze skoda-auto.pl&quot;}\" data-sheets-userformat=\"{&quot;2&quot;:1,&quot;3&quot;:{&quot;1&quot;:0}}\" data-sheets-hyperlink=\"http:\/\/www.skoda-auto.pl\/\"><a class=\"in-cell-link\" href=\"http:\/\/www.skoda-auto.pl\/\" target=\"_blank\" rel=\"noopener noreferrer\">Artyku\u0142 powsta\u0142 we wsp\u00f3\u0142pracy ze skoda-auto.pl<\/a><\/span><\/p>\n<p><a href=\"https:\/\/www.skoda-auto.pl\/modele\/superb\"><img loading=\"lazy\" decoding=\"async\" class=\"alignnone size-full wp-image-11628 aligncenter\" src=\"https:\/\/d2p6e6u75xmxt8.cloudfront.net\/5\/2021\/12\/640x350-2-1.jpg\" alt=\"\" width=\"640\" height=\"350\" srcset=\"https:\/\/d2p6e6u75xmxt8.cloudfront.net\/5\/2021\/12\/640x350-2-1.jpg 640w, https:\/\/d2p6e6u75xmxt8.cloudfront.net\/5\/2021\/12\/640x350-2-1-300x164.jpg 300w\" sizes=\"auto, (max-width: 640px) 100vw, 640px\" \/><\/a><\/p>\n","protected":false},"excerpt":{"rendered":"<p>1.\u0160koda w ramach akcji #rokbezpiecze\u0144stwa przygotowa\u0142a kampani\u0119 \u201eZmiana perspektywy\u201d z Twoim udzia\u0142em. Opowiesz nam o niej? To \u015bwietnie trafiona akcja [&hellip;]<\/p>\n","protected":false},"author":125,"featured_media":12068,"comment_status":"open","ping_status":"open","sticky":false,"template":"","format":"standard","meta":{"footnotes":""},"categories":[203,231],"tags":[108],"global-categories":[303],"class_list":["post-12062","post","type-post","status-publish","format-standard","has-post-thumbnail","hentry","category-bartosz-huzarski","category-dlatego-jezdzimy","tag-bartosz-huzarski","global-categories-cycling"],"yoast_head":"<!-- This site is optimized with the Yoast SEO Premium plugin v25.3 (Yoast SEO v25.9) - https:\/\/yoast.com\/wordpress\/plugins\/seo\/ -->\n<title>Zmiana perspektyw, czyli 9 pyta\u0144 do Bartka Huzarskiego - \u0160koda We Love Cycling - Poland<\/title>\n<meta name=\"robots\" content=\"index, follow, max-snippet:-1, max-image-preview:large, max-video-preview:-1\" \/>\n<link rel=\"canonical\" href=\"https:\/\/www.welovecycling.com\/pl\/2021\/08\/25\/zmiana-perspektyw-czyli-9-pytan-do-bartka-huzarskiego\/\" \/>\n<meta property=\"og:locale\" content=\"pl_PL\" \/>\n<meta property=\"og:type\" content=\"article\" \/>\n<meta property=\"og:title\" content=\"Zmiana perspektyw, czyli 9 pyta\u0144 do Bartka Huzarskiego\" \/>\n<meta property=\"og:description\" content=\"1.\u0160koda w ramach akcji #rokbezpiecze\u0144stwa przygotowa\u0142a kampani\u0119 \u201eZmiana perspektywy\u201d z Twoim udzia\u0142em. Opowiesz nam o niej? To \u015bwietnie trafiona akcja [&hellip;]\" \/>\n<meta property=\"og:url\" content=\"https:\/\/www.welovecycling.com\/pl\/2021\/08\/25\/zmiana-perspektyw-czyli-9-pytan-do-bartka-huzarskiego\/\" \/>\n<meta property=\"og:site_name\" content=\"\u0160koda We Love Cycling - Poland\" \/>\n<meta property=\"article:published_time\" content=\"2021-08-25T12:16:53+00:00\" \/>\n<meta property=\"article:modified_time\" content=\"2021-08-27T12:34:43+00:00\" \/>\n<meta property=\"og:image\" content=\"https:\/\/d2p6e6u75xmxt8.cloudfront.net\/5\/2021\/08\/GOPR5230.JPG-scaled.jpg\" \/>\n\t<meta property=\"og:image:width\" content=\"2560\" \/>\n\t<meta property=\"og:image:height\" content=\"1920\" \/>\n\t<meta property=\"og:image:type\" content=\"image\/jpeg\" \/>\n<meta name=\"author\" content=\"oktawiamikulska\" \/>\n<meta name=\"twitter:card\" content=\"summary_large_image\" \/>\n<meta name=\"twitter:label1\" content=\"Written by\" \/>\n\t<meta name=\"twitter:data1\" content=\"Bartosz Huzarski\" \/>\n\t<meta name=\"twitter:label2\" content=\"Est. reading time\" \/>\n\t<meta name=\"twitter:data2\" content=\"7 minutes\" \/>\n<script type=\"application\/ld+json\" class=\"yoast-schema-graph\">{\"@context\":\"https:\/\/schema.org\",\"@graph\":[{\"@type\":\"WebPage\",\"@id\":\"https:\/\/www.welovecycling.com\/pl\/2021\/08\/25\/zmiana-perspektyw-czyli-9-pytan-do-bartka-huzarskiego\/\",\"url\":\"https:\/\/www.welovecycling.com\/pl\/2021\/08\/25\/zmiana-perspektyw-czyli-9-pytan-do-bartka-huzarskiego\/\",\"name\":\"Zmiana perspektyw, czyli 9 pyta\u0144 do Bartka Huzarskiego - \u0160koda We Love Cycling - Poland\",\"isPartOf\":{\"@id\":\"https:\/\/www.welovecycling.com\/pl\/#website\"},\"primaryImageOfPage\":{\"@id\":\"https:\/\/www.welovecycling.com\/pl\/2021\/08\/25\/zmiana-perspektyw-czyli-9-pytan-do-bartka-huzarskiego\/#primaryimage\"},\"image\":{\"@id\":\"https:\/\/www.welovecycling.com\/pl\/2021\/08\/25\/zmiana-perspektyw-czyli-9-pytan-do-bartka-huzarskiego\/#primaryimage\"},\"thumbnailUrl\":\"https:\/\/d2p6e6u75xmxt8.cloudfront.net\/5\/2021\/08\/GOPR5230.JPG-scaled.jpg\",\"datePublished\":\"2021-08-25T12:16:53+00:00\",\"dateModified\":\"2021-08-27T12:34:43+00:00\",\"author\":{\"@id\":\"https:\/\/www.welovecycling.com\/pl\/#\/schema\/person\/4a79bac7bd265aa6a35a1079d36648be\"},\"breadcrumb\":{\"@id\":\"https:\/\/www.welovecycling.com\/pl\/2021\/08\/25\/zmiana-perspektyw-czyli-9-pytan-do-bartka-huzarskiego\/#breadcrumb\"},\"inLanguage\":\"pl-PL\",\"potentialAction\":[{\"@type\":\"ReadAction\",\"target\":[\"https:\/\/www.welovecycling.com\/pl\/2021\/08\/25\/zmiana-perspektyw-czyli-9-pytan-do-bartka-huzarskiego\/\"]}]},{\"@type\":\"ImageObject\",\"inLanguage\":\"pl-PL\",\"@id\":\"https:\/\/www.welovecycling.com\/pl\/2021\/08\/25\/zmiana-perspektyw-czyli-9-pytan-do-bartka-huzarskiego\/#primaryimage\",\"url\":\"https:\/\/d2p6e6u75xmxt8.cloudfront.net\/5\/2021\/08\/GOPR5230.JPG-scaled.jpg\",\"contentUrl\":\"https:\/\/d2p6e6u75xmxt8.cloudfront.net\/5\/2021\/08\/GOPR5230.JPG-scaled.jpg\",\"width\":2560,\"height\":1920},{\"@type\":\"BreadcrumbList\",\"@id\":\"https:\/\/www.welovecycling.com\/pl\/2021\/08\/25\/zmiana-perspektyw-czyli-9-pytan-do-bartka-huzarskiego\/#breadcrumb\",\"itemListElement\":[{\"@type\":\"ListItem\",\"position\":1,\"name\":\"Home\",\"item\":\"https:\/\/www.welovecycling.com\/pl\/\"},{\"@type\":\"ListItem\",\"position\":2,\"name\":\"Zmiana perspektyw, czyli 9 pyta\u0144 do Bartka Huzarskiego\"}]},{\"@type\":\"WebSite\",\"@id\":\"https:\/\/www.welovecycling.com\/pl\/#website\",\"url\":\"https:\/\/www.welovecycling.com\/pl\/\",\"name\":\"\u0160koda We Love Cycling - Poland\",\"description\":\"\",\"potentialAction\":[{\"@type\":\"SearchAction\",\"target\":{\"@type\":\"EntryPoint\",\"urlTemplate\":\"https:\/\/www.welovecycling.com\/pl\/?s={search_term_string}\"},\"query-input\":{\"@type\":\"PropertyValueSpecification\",\"valueRequired\":true,\"valueName\":\"search_term_string\"}}],\"inLanguage\":\"pl-PL\"},{\"@type\":\"Person\",\"@id\":\"https:\/\/www.welovecycling.com\/pl\/#\/schema\/person\/4a79bac7bd265aa6a35a1079d36648be\",\"name\":\"oktawiamikulska\",\"image\":{\"@type\":\"ImageObject\",\"inLanguage\":\"pl-PL\",\"@id\":\"https:\/\/www.welovecycling.com\/pl\/#\/schema\/person\/image\/\",\"url\":\"https:\/\/secure.gravatar.com\/avatar\/b97a3f44e2de6d2f8dd358975937e49823662e12cbd810b9d1a2bff1c149e8a7?s=96&d=mm&r=g\",\"contentUrl\":\"https:\/\/secure.gravatar.com\/avatar\/b97a3f44e2de6d2f8dd358975937e49823662e12cbd810b9d1a2bff1c149e8a7?s=96&d=mm&r=g\",\"caption\":\"oktawiamikulska\"},\"url\":\"https:\/\/www.welovecycling.com\/pl\/author\/oktawiamikulska\/\"}]}<\/script>\n<!-- \/ Yoast SEO Premium plugin. -->","yoast_head_json":{"title":"Zmiana perspektyw, czyli 9 pyta\u0144 do Bartka Huzarskiego - \u0160koda We Love Cycling - Poland","robots":{"index":"index","follow":"follow","max-snippet":"max-snippet:-1","max-image-preview":"max-image-preview:large","max-video-preview":"max-video-preview:-1"},"canonical":"https:\/\/www.welovecycling.com\/pl\/2021\/08\/25\/zmiana-perspektyw-czyli-9-pytan-do-bartka-huzarskiego\/","og_locale":"pl_PL","og_type":"article","og_title":"Zmiana perspektyw, czyli 9 pyta\u0144 do Bartka Huzarskiego","og_description":"1.\u0160koda w ramach akcji #rokbezpiecze\u0144stwa przygotowa\u0142a kampani\u0119 \u201eZmiana perspektywy\u201d z Twoim udzia\u0142em. Opowiesz nam o niej? To \u015bwietnie trafiona akcja [&hellip;]","og_url":"https:\/\/www.welovecycling.com\/pl\/2021\/08\/25\/zmiana-perspektyw-czyli-9-pytan-do-bartka-huzarskiego\/","og_site_name":"\u0160koda We Love Cycling - Poland","article_published_time":"2021-08-25T12:16:53+00:00","article_modified_time":"2021-08-27T12:34:43+00:00","og_image":[{"width":2560,"height":1920,"url":"https:\/\/d2p6e6u75xmxt8.cloudfront.net\/5\/2021\/08\/GOPR5230.JPG-scaled.jpg","type":"image\/jpeg"}],"author":"oktawiamikulska","twitter_card":"summary_large_image","twitter_misc":{"Written by":"Bartosz Huzarski","Est. reading time":"7 minutes"},"schema":{"@context":"https:\/\/schema.org","@graph":[{"@type":"WebPage","@id":"https:\/\/www.welovecycling.com\/pl\/2021\/08\/25\/zmiana-perspektyw-czyli-9-pytan-do-bartka-huzarskiego\/","url":"https:\/\/www.welovecycling.com\/pl\/2021\/08\/25\/zmiana-perspektyw-czyli-9-pytan-do-bartka-huzarskiego\/","name":"Zmiana perspektyw, czyli 9 pyta\u0144 do Bartka Huzarskiego - \u0160koda We Love Cycling - Poland","isPartOf":{"@id":"https:\/\/www.welovecycling.com\/pl\/#website"},"primaryImageOfPage":{"@id":"https:\/\/www.welovecycling.com\/pl\/2021\/08\/25\/zmiana-perspektyw-czyli-9-pytan-do-bartka-huzarskiego\/#primaryimage"},"image":{"@id":"https:\/\/www.welovecycling.com\/pl\/2021\/08\/25\/zmiana-perspektyw-czyli-9-pytan-do-bartka-huzarskiego\/#primaryimage"},"thumbnailUrl":"https:\/\/d2p6e6u75xmxt8.cloudfront.net\/5\/2021\/08\/GOPR5230.JPG-scaled.jpg","datePublished":"2021-08-25T12:16:53+00:00","dateModified":"2021-08-27T12:34:43+00:00","author":{"@id":"https:\/\/www.welovecycling.com\/pl\/#\/schema\/person\/4a79bac7bd265aa6a35a1079d36648be"},"breadcrumb":{"@id":"https:\/\/www.welovecycling.com\/pl\/2021\/08\/25\/zmiana-perspektyw-czyli-9-pytan-do-bartka-huzarskiego\/#breadcrumb"},"inLanguage":"pl-PL","potentialAction":[{"@type":"ReadAction","target":["https:\/\/www.welovecycling.com\/pl\/2021\/08\/25\/zmiana-perspektyw-czyli-9-pytan-do-bartka-huzarskiego\/"]}]},{"@type":"ImageObject","inLanguage":"pl-PL","@id":"https:\/\/www.welovecycling.com\/pl\/2021\/08\/25\/zmiana-perspektyw-czyli-9-pytan-do-bartka-huzarskiego\/#primaryimage","url":"https:\/\/d2p6e6u75xmxt8.cloudfront.net\/5\/2021\/08\/GOPR5230.JPG-scaled.jpg","contentUrl":"https:\/\/d2p6e6u75xmxt8.cloudfront.net\/5\/2021\/08\/GOPR5230.JPG-scaled.jpg","width":2560,"height":1920},{"@type":"BreadcrumbList","@id":"https:\/\/www.welovecycling.com\/pl\/2021\/08\/25\/zmiana-perspektyw-czyli-9-pytan-do-bartka-huzarskiego\/#breadcrumb","itemListElement":[{"@type":"ListItem","position":1,"name":"Home","item":"https:\/\/www.welovecycling.com\/pl\/"},{"@type":"ListItem","position":2,"name":"Zmiana perspektyw, czyli 9 pyta\u0144 do Bartka Huzarskiego"}]},{"@type":"WebSite","@id":"https:\/\/www.welovecycling.com\/pl\/#website","url":"https:\/\/www.welovecycling.com\/pl\/","name":"\u0160koda We Love Cycling - Poland","description":"","potentialAction":[{"@type":"SearchAction","target":{"@type":"EntryPoint","urlTemplate":"https:\/\/www.welovecycling.com\/pl\/?s={search_term_string}"},"query-input":{"@type":"PropertyValueSpecification","valueRequired":true,"valueName":"search_term_string"}}],"inLanguage":"pl-PL"},{"@type":"Person","@id":"https:\/\/www.welovecycling.com\/pl\/#\/schema\/person\/4a79bac7bd265aa6a35a1079d36648be","name":"oktawiamikulska","image":{"@type":"ImageObject","inLanguage":"pl-PL","@id":"https:\/\/www.welovecycling.com\/pl\/#\/schema\/person\/image\/","url":"https:\/\/secure.gravatar.com\/avatar\/b97a3f44e2de6d2f8dd358975937e49823662e12cbd810b9d1a2bff1c149e8a7?s=96&d=mm&r=g","contentUrl":"https:\/\/secure.gravatar.com\/avatar\/b97a3f44e2de6d2f8dd358975937e49823662e12cbd810b9d1a2bff1c149e8a7?s=96&d=mm&r=g","caption":"oktawiamikulska"},"url":"https:\/\/www.welovecycling.com\/pl\/author\/oktawiamikulska\/"}]}},"_links":{"self":[{"href":"https:\/\/www.welovecycling.com\/pl\/wp-json\/wp\/v2\/posts\/12062","targetHints":{"allow":["GET"]}}],"collection":[{"href":"https:\/\/www.welovecycling.com\/pl\/wp-json\/wp\/v2\/posts"}],"about":[{"href":"https:\/\/www.welovecycling.com\/pl\/wp-json\/wp\/v2\/types\/post"}],"author":[{"embeddable":true,"href":"https:\/\/www.welovecycling.com\/pl\/wp-json\/wp\/v2\/users\/125"}],"replies":[{"embeddable":true,"href":"https:\/\/www.welovecycling.com\/pl\/wp-json\/wp\/v2\/comments?post=12062"}],"version-history":[{"count":2,"href":"https:\/\/www.welovecycling.com\/pl\/wp-json\/wp\/v2\/posts\/12062\/revisions"}],"predecessor-version":[{"id":12081,"href":"https:\/\/www.welovecycling.com\/pl\/wp-json\/wp\/v2\/posts\/12062\/revisions\/12081"}],"wp:featuredmedia":[{"embeddable":true,"href":"https:\/\/www.welovecycling.com\/pl\/wp-json\/wp\/v2\/media\/12068"}],"wp:attachment":[{"href":"https:\/\/www.welovecycling.com\/pl\/wp-json\/wp\/v2\/media?parent=12062"}],"wp:term":[{"taxonomy":"category","embeddable":true,"href":"https:\/\/www.welovecycling.com\/pl\/wp-json\/wp\/v2\/categories?post=12062"},{"taxonomy":"post_tag","embeddable":true,"href":"https:\/\/www.welovecycling.com\/pl\/wp-json\/wp\/v2\/tags?post=12062"},{"taxonomy":"global-categories","embeddable":true,"href":"https:\/\/www.welovecycling.com\/pl\/wp-json\/wp\/v2\/global-categories?post=12062"}],"curies":[{"name":"wp","href":"https:\/\/api.w.org\/{rel}","templated":true}]}}