{"id":12054,"date":"2021-08-23T11:57:26","date_gmt":"2021-08-23T11:57:26","guid":{"rendered":"https:\/\/www.welovecycling.com\/pl\/?p=12054"},"modified":"2021-08-27T12:04:01","modified_gmt":"2021-08-27T12:04:01","slug":"trwa-piekna-i-bezwzgledna-vuelta-a-espana","status":"publish","type":"post","link":"https:\/\/www.welovecycling.com\/pl\/2021\/08\/23\/trwa-piekna-i-bezwzgledna-vuelta-a-espana\/","title":{"rendered":"Trwa pi\u0119kna i bezwzgl\u0119dna Vuelta a Espana"},"content":{"rendered":"<p><strong>Kolarstwo dostarcza niezapomnianych emocji, ale nie wybacza te\u017c najmniejszych b\u0142\u0119d\u00f3w. W Vuleta a Espana trwa w\u0142a\u015bnie walka do upad\u0142ego. I to dos\u0142ownie.<\/strong><\/p>\n<p>Na razie wy\u015bcig wygl\u0105da tak, \u017ce rywale ca\u0142y czas podje\u017cd\u017caj\u0105 i pr\u00f3buj\u0105 si\u0142owa\u0107 si\u0119 z Primo\u017cem Rogliciem (Jumbo-Visma), ale S\u0142oweniec skutecznie odpiera ich ataki. Czy wytrzyma do ko\u0144ca? Czy przeciwnicy szykuj\u0105 co\u015b specjalnego na kolejn\u0105 cz\u0119\u015b\u0107 wy\u015bcigu? I w ko\u0144cu, jak wielki wp\u0142yw na tegoroczne \u015bciganie b\u0119dzie mia\u0142 pech, jaki dopad\u0142 m.in. do\u015bwiadczonego Alejandro Valverde? Pyta\u0144 jest wiele, odpowiedzi otrzymamy niebawem.<\/p>\n<h2><strong>Wygrana na oparach<\/strong><\/h2>\n<p>Rogli\u0107 na razie pilnuje swoich najgro\u017aniejszych rywali, dzi\u0119ki czemu okazj\u0119 do pokazania si\u0119 maj\u0105 zawodnicy, kt\u00f3rzy rzadziej walcz\u0105 o zwyci\u0119stwa etapowe. Jednym z nich by\u0142 Rafa\u0142 Majka (UAE Team Emirates), kt\u00f3ry przede wszystkim ma pomaga\u0107 Davidowi de la Cruzowi, ale w g\u00f3rach mo\u017ce pozwoli\u0107 sobie na nieco wi\u0119cej. W niedziel\u0119 Polak depta\u0142 po pi\u0119tach prowadz\u0105cemu Damianowi Caruso (Bahrain Victorious), ale w ko\u0144cu musia\u0142 odpu\u015bci\u0107, a W\u0142och &#8211; jad\u0105c ju\u017c na parach energii &#8211; po ponad pi\u0119ciogodzinnym boju zdo\u0142a\u0142 jako pierwszy przeci\u0105\u0107 lini\u0119 mety.<\/p>\n<p>https:\/\/twitter.com\/lavuelta\/status\/1429482748570439691?s=20<\/p>\n<p>Niedzielny etap niewiele jednak zmieni\u0142 w klasyfikacji generalnej, gdzie wci\u0105\u017c prowadzi Rogli\u0107, a za nim czaj\u0105 si\u0119 zawodnicy Movistaru: Enric Mas (28 sekund straty) oraz Miguel Angel Lopez (1 minuta i 21 sekund straty). &#8211; By\u0142o ci\u0119\u017cko, upalny dzie\u0144 i strome g\u00f3ry da\u0142y si\u0119 we znaki. Moi koledzy z zespo\u0142u wykonali jednak \u015bwietn\u0105 robot\u0119, a ja mia\u0142em wystarczaj\u0105co du\u017co si\u0142y, by wyko\u0144czy\u0107 ich prac\u0119 \u2013 m\u00f3wi\u0142 na mecie Rogli\u0107, kt\u00f3ry podczas dziewi\u0105tego etapu zaj\u0105\u0142 drugie miejsce.<\/p>\n<div class=\"embed-controller-wrapper\">\n<blockquote class=\"twitter-tweet\" data-width=\"500\" data-dnt=\"true\">\n<p lang=\"es\" dir=\"ltr\">\u2764\ufe0f<a href=\"https:\/\/twitter.com\/rogla?ref_src=twsrc%5Etfw\">@rogla<\/a> ha tenido que responder en primera persona para defender el liderato en Velefique.<br \/>\ud83c\udfac \u00a1Disfruta del minuto de La Roja!<\/p>\n<p> \u2764\ufe0f<a href=\"https:\/\/twitter.com\/rogla?ref_src=twsrc%5Etfw\">@rogla<\/a> had to take the responsibility to defend his leader jersey in Velefique!<br \/>\ud83c\udfac Tune in for the red jersey minute!<a href=\"https:\/\/twitter.com\/CarrefourES?ref_src=twsrc%5Etfw\">@CarrefourES<\/a> <a href=\"https:\/\/t.co\/OWcQtSPaZO\">pic.twitter.com\/OWcQtSPaZO<\/a><\/p>\n<p>&mdash; La Vuelta (@lavuelta) <a href=\"https:\/\/twitter.com\/lavuelta\/status\/1429486254823989254?ref_src=twsrc%5Etfw\">August 22, 2021<\/a><\/p><\/blockquote>\n<p><script async data-src=\"https:\/\/platform.twitter.com\/widgets.js\" charset=\"utf-8\"><\/script><\/div>\n<p>Zaci\u0119ta walka trwa r\u00f3wnie\u017c o wygran\u0105 w pozosta\u0142ych klasyfikacjach. W m\u0142odzie\u017cowej prowadzi Egan Bernal (Ineos Grenadiers), w g\u00f3rskiej Damiano Caruso, a w punktowej Fabio Jakobsen (Deceuninck &#8211; Quick &#8211; Step) na razie skutecznie ucieka Jasperowi Philipsenowi (Alpecin &#8211; Fenix) i ma nad nim 16 punkt\u00f3w przewagi.<\/p>\n<p>https:\/\/twitter.com\/lavuelta\/status\/1429495343960502274?s=20<\/p>\n<h2><strong>Paskudny wypadek Valverde<\/strong><\/h2>\n<p>W wy\u015bcigu niestety nie jedzie ju\u017c Alejandro Valverde. 41-letni Hiszpan by\u0142 w czo\u0142\u00f3wce klasyfikacji generalnej, ale podczas pi\u0105tkowego etapu udowodni\u0142, \u017ce nawet najbardziej do\u015bwiadczony zawodnik ani na moment nie mo\u017ce straci\u0107 koncentracji. Valverde\u00a0 mia\u0142 te\u017c pecha, bo podczas zjazdu nier\u00f3wno\u015b\u0107 podbi\u0142a jego ko\u0142o, straci\u0142 panowanie nad rowerem i wypad\u0142 z trasy w miejscu, gdzie akurat nie by\u0142o barierek.<\/p>\n<div class=\"embed-controller-wrapper\">\n<blockquote class=\"twitter-tweet\" data-width=\"500\" data-dnt=\"true\">\n<p lang=\"es\" dir=\"ltr\"><a href=\"https:\/\/twitter.com\/hashtag\/LaVuelta21?src=hash&amp;ref_src=twsrc%5Etfw\">#LaVuelta21<\/a> Horrible lo de Valverde, anim\u00f3 la carrera y sufri\u00f3 la ca\u00edda en cosa de minutos<a href=\"https:\/\/t.co\/IEir981Hlr\">pic.twitter.com\/IEir981Hlr<\/a><\/p>\n<p>&mdash; Hern\u00e1n Bustos Mella (@Hernan_Ale15) <a href=\"https:\/\/twitter.com\/Hernan_Ale15\/status\/1428727188740837386?ref_src=twsrc%5Etfw\">August 20, 2021<\/a><\/p><\/blockquote>\n<p><script async data-src=\"https:\/\/platform.twitter.com\/widgets.js\" charset=\"utf-8\"><\/script><\/div>\n<p>Szcz\u0119\u015bliwie zawodnik Movistaru nie stoczy\u0142 si\u0119 ze skarpy, ale z pomoc\u0105 koleg\u00f3w znalaz\u0142 si\u0119 na trasie. Pr\u00f3bowa\u0142 nawet powrotu do \u015bcigania, ale b\u00f3l by\u0142 zbyt du\u017cy. Valverde ze \u0142zami w oczach musia\u0142 si\u0119 wycofa\u0107 z Vuelty, a kto wie, czy to nie by\u0142 dla niego ostatni wy\u015bcig w karierze.<\/p>\n<div class=\"embed-controller-wrapper\">\n<blockquote class=\"twitter-tweet\" data-width=\"500\" data-dnt=\"true\">\n<p lang=\"nl\" dir=\"ltr\">Valverde ligt voorovergebogen op zijn stuur en verlaat de Vuelta: &quot;Het zal je maar overkomen: aanvallen en dan zo brutaal weg.&quot; <a href=\"https:\/\/twitter.com\/hashtag\/LaVuelta21?src=hash&amp;ref_src=twsrc%5Etfw\">#LaVuelta21<\/a> <a href=\"https:\/\/t.co\/Rgn2rOB9gT\">pic.twitter.com\/Rgn2rOB9gT<\/a><\/p>\n<p>&mdash; Sporza \ud83d\udeb4 (@sporza_koers) <a href=\"https:\/\/twitter.com\/sporza_koers\/status\/1428730753412648961?ref_src=twsrc%5Etfw\">August 20, 2021<\/a><\/p><\/blockquote>\n<p><script async data-src=\"https:\/\/platform.twitter.com\/widgets.js\" charset=\"utf-8\"><\/script><\/div>\n<p>Nazajutrz Hiszpan przeszed\u0142 operacj\u0119, bo okaza\u0142o si\u0119, \u017ce podczas upadku z\u0142ama\u0142 prawy obojczyk. Zabieg odby\u0142 si\u0119 w szpitalu w Murcji. \u2013 Wszystko odby\u0142o si\u0119 bez komplikacji \u2013 poinformowa\u0142 Movistar.<\/p>\n<h2><strong>Wy\u015bcig dopiero si\u0119 rozkr\u0119ca<\/strong><\/h2>\n<p>Dzi\u015b zawodnicy maj\u0105 przerw\u0119 w \u015bciganiu, kt\u00f3r\u0105 w pe\u0142ni przeznacz\u0105 na regeneracj\u0119, bo za kilka dni zaczn\u0105 si\u0119 prawdziwe m\u0119ki. Od wtorku kolarze b\u0119d\u0105 jechali jeszcze cztery etapy p\u0142askie i pag\u00f3rkowate, ale od kolejnego weekendu zabawa rozkr\u0119ci si\u0119 na dobre. Na deser organizatorzy przygotowali bowiem a\u017c pi\u0119\u0107 etap\u00f3w g\u00f3rskich oraz czas\u00f3wk\u0119 Padron \u2013 Santiago de Compostela, kt\u00f3ra 5 wrze\u015bnia zako\u0144czy ostatni z tegorocznych wy\u015bcig\u00f3w z serii Grand Depart. &#8211; Czeka\u0142em na ten dzie\u0144 przerwy, bo po nim nadchodz\u0105 pi\u0119kne etapy, w kt\u00f3rych mo\u017cemy spodziewa\u0107 si\u0119 naprawd\u0119 trudnej jazdy \u2013 przyznaje Rogli\u0107.<\/p>\n<p><span data-sheets-value=\"{&quot;1&quot;:2,&quot;2&quot;:&quot;Artyku\u0142 powsta\u0142 we wsp\u00f3\u0142pracy ze skoda-auto.pl&quot;}\" data-sheets-userformat=\"{&quot;2&quot;:1,&quot;3&quot;:{&quot;1&quot;:0}}\" data-sheets-hyperlink=\"http:\/\/www.skoda-auto.pl\/\"><a class=\"in-cell-link\" href=\"http:\/\/www.skoda-auto.pl\/\" target=\"_blank\" rel=\"noopener noreferrer\">Artyku\u0142 powsta\u0142 we wsp\u00f3\u0142pracy ze skoda-auto.pl<\/a><\/span><\/p>\n<p><a href=\"https:\/\/www.skoda-auto.pl\/modele\/karoq\"><img loading=\"lazy\" decoding=\"async\" class=\"size-full wp-image-11629 aligncenter\" src=\"https:\/\/d2p6e6u75xmxt8.cloudfront.net\/5\/2021\/12\/640x350-3-1.jpg\" alt=\"\" width=\"640\" height=\"350\" srcset=\"https:\/\/d2p6e6u75xmxt8.cloudfront.net\/5\/2021\/12\/640x350-3-1.jpg 640w, https:\/\/d2p6e6u75xmxt8.cloudfront.net\/5\/2021\/12\/640x350-3-1-300x164.jpg 300w\" sizes=\"auto, (max-width: 640px) 100vw, 640px\" \/><\/a><\/p>\n","protected":false},"excerpt":{"rendered":"<p>Kolarstwo dostarcza niezapomnianych emocji, ale nie wybacza te\u017c najmniejszych b\u0142\u0119d\u00f3w. W Vuleta a Espana trwa w\u0142a\u015bnie walka do upad\u0142ego. I [&hellip;]<\/p>\n","protected":false},"author":125,"featured_media":12060,"comment_status":"open","ping_status":"open","sticky":false,"template":"","format":"standard","meta":{"footnotes":""},"categories":[361],"tags":[],"global-categories":[303],"class_list":["post-12054","post","type-post","status-publish","format-standard","has-post-thumbnail","hentry","category-vuelta-a-espana","global-categories-cycling"],"yoast_head":"<!-- This site is optimized with the Yoast SEO Premium plugin v25.3 (Yoast SEO v25.9) - https:\/\/yoast.com\/wordpress\/plugins\/seo\/ -->\n<title>Trwa pi\u0119kna i bezwzgl\u0119dna Vuelta a Espana - \u0160koda We Love Cycling - Poland<\/title>\n<meta name=\"robots\" content=\"index, follow, max-snippet:-1, max-image-preview:large, max-video-preview:-1\" \/>\n<link rel=\"canonical\" href=\"https:\/\/www.welovecycling.com\/pl\/2021\/08\/23\/trwa-piekna-i-bezwzgledna-vuelta-a-espana\/\" \/>\n<meta property=\"og:locale\" content=\"pl_PL\" \/>\n<meta property=\"og:type\" content=\"article\" \/>\n<meta property=\"og:title\" content=\"Trwa pi\u0119kna i bezwzgl\u0119dna Vuelta a Espana\" \/>\n<meta property=\"og:description\" content=\"Kolarstwo dostarcza niezapomnianych emocji, ale nie wybacza te\u017c najmniejszych b\u0142\u0119d\u00f3w. W Vuleta a Espana trwa w\u0142a\u015bnie walka do upad\u0142ego. I [&hellip;]\" \/>\n<meta property=\"og:url\" content=\"https:\/\/www.welovecycling.com\/pl\/2021\/08\/23\/trwa-piekna-i-bezwzgledna-vuelta-a-espana\/\" \/>\n<meta property=\"og:site_name\" content=\"\u0160koda We Love Cycling - Poland\" \/>\n<meta property=\"article:published_time\" content=\"2021-08-23T11:57:26+00:00\" \/>\n<meta property=\"article:modified_time\" content=\"2021-08-27T12:04:01+00:00\" \/>\n<meta property=\"og:image\" content=\"https:\/\/d2p6e6u75xmxt8.cloudfront.net\/5\/2021\/08\/Roglic-La-Vuelta-profimedia-0628317281-CVR-1024x450-1.jpg\" \/>\n\t<meta property=\"og:image:width\" content=\"1024\" \/>\n\t<meta property=\"og:image:height\" content=\"450\" \/>\n\t<meta property=\"og:image:type\" content=\"image\/jpeg\" \/>\n<meta name=\"author\" content=\"oktawiamikulska\" \/>\n<meta name=\"twitter:card\" content=\"summary_large_image\" \/>\n<meta name=\"twitter:label1\" content=\"Written by\" \/>\n\t<meta name=\"twitter:data1\" content=\"Piotr Nowik\" \/>\n\t<meta name=\"twitter:label2\" content=\"Est. reading time\" \/>\n\t<meta name=\"twitter:data2\" content=\"3 minutes\" \/>\n<script type=\"application\/ld+json\" class=\"yoast-schema-graph\">{\"@context\":\"https:\/\/schema.org\",\"@graph\":[{\"@type\":\"WebPage\",\"@id\":\"https:\/\/www.welovecycling.com\/pl\/2021\/08\/23\/trwa-piekna-i-bezwzgledna-vuelta-a-espana\/\",\"url\":\"https:\/\/www.welovecycling.com\/pl\/2021\/08\/23\/trwa-piekna-i-bezwzgledna-vuelta-a-espana\/\",\"name\":\"Trwa pi\u0119kna i bezwzgl\u0119dna Vuelta a Espana - \u0160koda We Love Cycling - Poland\",\"isPartOf\":{\"@id\":\"https:\/\/www.welovecycling.com\/pl\/#website\"},\"primaryImageOfPage\":{\"@id\":\"https:\/\/www.welovecycling.com\/pl\/2021\/08\/23\/trwa-piekna-i-bezwzgledna-vuelta-a-espana\/#primaryimage\"},\"image\":{\"@id\":\"https:\/\/www.welovecycling.com\/pl\/2021\/08\/23\/trwa-piekna-i-bezwzgledna-vuelta-a-espana\/#primaryimage\"},\"thumbnailUrl\":\"https:\/\/d2p6e6u75xmxt8.cloudfront.net\/5\/2021\/08\/Roglic-La-Vuelta-profimedia-0628317281-CVR-1024x450-1.jpg\",\"datePublished\":\"2021-08-23T11:57:26+00:00\",\"dateModified\":\"2021-08-27T12:04:01+00:00\",\"author\":{\"@id\":\"https:\/\/www.welovecycling.com\/pl\/#\/schema\/person\/4a79bac7bd265aa6a35a1079d36648be\"},\"breadcrumb\":{\"@id\":\"https:\/\/www.welovecycling.com\/pl\/2021\/08\/23\/trwa-piekna-i-bezwzgledna-vuelta-a-espana\/#breadcrumb\"},\"inLanguage\":\"pl-PL\",\"potentialAction\":[{\"@type\":\"ReadAction\",\"target\":[\"https:\/\/www.welovecycling.com\/pl\/2021\/08\/23\/trwa-piekna-i-bezwzgledna-vuelta-a-espana\/\"]}]},{\"@type\":\"ImageObject\",\"inLanguage\":\"pl-PL\",\"@id\":\"https:\/\/www.welovecycling.com\/pl\/2021\/08\/23\/trwa-piekna-i-bezwzgledna-vuelta-a-espana\/#primaryimage\",\"url\":\"https:\/\/d2p6e6u75xmxt8.cloudfront.net\/5\/2021\/08\/Roglic-La-Vuelta-profimedia-0628317281-CVR-1024x450-1.jpg\",\"contentUrl\":\"https:\/\/d2p6e6u75xmxt8.cloudfront.net\/5\/2021\/08\/Roglic-La-Vuelta-profimedia-0628317281-CVR-1024x450-1.jpg\",\"width\":1024,\"height\":450},{\"@type\":\"BreadcrumbList\",\"@id\":\"https:\/\/www.welovecycling.com\/pl\/2021\/08\/23\/trwa-piekna-i-bezwzgledna-vuelta-a-espana\/#breadcrumb\",\"itemListElement\":[{\"@type\":\"ListItem\",\"position\":1,\"name\":\"Home\",\"item\":\"https:\/\/www.welovecycling.com\/pl\/\"},{\"@type\":\"ListItem\",\"position\":2,\"name\":\"Trwa pi\u0119kna i bezwzgl\u0119dna Vuelta a Espana\"}]},{\"@type\":\"WebSite\",\"@id\":\"https:\/\/www.welovecycling.com\/pl\/#website\",\"url\":\"https:\/\/www.welovecycling.com\/pl\/\",\"name\":\"\u0160koda We Love Cycling - Poland\",\"description\":\"\",\"potentialAction\":[{\"@type\":\"SearchAction\",\"target\":{\"@type\":\"EntryPoint\",\"urlTemplate\":\"https:\/\/www.welovecycling.com\/pl\/?s={search_term_string}\"},\"query-input\":{\"@type\":\"PropertyValueSpecification\",\"valueRequired\":true,\"valueName\":\"search_term_string\"}}],\"inLanguage\":\"pl-PL\"},{\"@type\":\"Person\",\"@id\":\"https:\/\/www.welovecycling.com\/pl\/#\/schema\/person\/4a79bac7bd265aa6a35a1079d36648be\",\"name\":\"oktawiamikulska\",\"image\":{\"@type\":\"ImageObject\",\"inLanguage\":\"pl-PL\",\"@id\":\"https:\/\/www.welovecycling.com\/pl\/#\/schema\/person\/image\/\",\"url\":\"https:\/\/secure.gravatar.com\/avatar\/b97a3f44e2de6d2f8dd358975937e49823662e12cbd810b9d1a2bff1c149e8a7?s=96&d=mm&r=g\",\"contentUrl\":\"https:\/\/secure.gravatar.com\/avatar\/b97a3f44e2de6d2f8dd358975937e49823662e12cbd810b9d1a2bff1c149e8a7?s=96&d=mm&r=g\",\"caption\":\"oktawiamikulska\"},\"url\":\"https:\/\/www.welovecycling.com\/pl\/author\/oktawiamikulska\/\"}]}<\/script>\n<!-- \/ Yoast SEO Premium plugin. -->","yoast_head_json":{"title":"Trwa pi\u0119kna i bezwzgl\u0119dna Vuelta a Espana - \u0160koda We Love Cycling - Poland","robots":{"index":"index","follow":"follow","max-snippet":"max-snippet:-1","max-image-preview":"max-image-preview:large","max-video-preview":"max-video-preview:-1"},"canonical":"https:\/\/www.welovecycling.com\/pl\/2021\/08\/23\/trwa-piekna-i-bezwzgledna-vuelta-a-espana\/","og_locale":"pl_PL","og_type":"article","og_title":"Trwa pi\u0119kna i bezwzgl\u0119dna Vuelta a Espana","og_description":"Kolarstwo dostarcza niezapomnianych emocji, ale nie wybacza te\u017c najmniejszych b\u0142\u0119d\u00f3w. W Vuleta a Espana trwa w\u0142a\u015bnie walka do upad\u0142ego. I [&hellip;]","og_url":"https:\/\/www.welovecycling.com\/pl\/2021\/08\/23\/trwa-piekna-i-bezwzgledna-vuelta-a-espana\/","og_site_name":"\u0160koda We Love Cycling - Poland","article_published_time":"2021-08-23T11:57:26+00:00","article_modified_time":"2021-08-27T12:04:01+00:00","og_image":[{"width":1024,"height":450,"url":"https:\/\/d2p6e6u75xmxt8.cloudfront.net\/5\/2021\/08\/Roglic-La-Vuelta-profimedia-0628317281-CVR-1024x450-1.jpg","type":"image\/jpeg"}],"author":"oktawiamikulska","twitter_card":"summary_large_image","twitter_misc":{"Written by":"Piotr Nowik","Est. reading time":"3 minutes"},"schema":{"@context":"https:\/\/schema.org","@graph":[{"@type":"WebPage","@id":"https:\/\/www.welovecycling.com\/pl\/2021\/08\/23\/trwa-piekna-i-bezwzgledna-vuelta-a-espana\/","url":"https:\/\/www.welovecycling.com\/pl\/2021\/08\/23\/trwa-piekna-i-bezwzgledna-vuelta-a-espana\/","name":"Trwa pi\u0119kna i bezwzgl\u0119dna Vuelta a Espana - \u0160koda We Love Cycling - Poland","isPartOf":{"@id":"https:\/\/www.welovecycling.com\/pl\/#website"},"primaryImageOfPage":{"@id":"https:\/\/www.welovecycling.com\/pl\/2021\/08\/23\/trwa-piekna-i-bezwzgledna-vuelta-a-espana\/#primaryimage"},"image":{"@id":"https:\/\/www.welovecycling.com\/pl\/2021\/08\/23\/trwa-piekna-i-bezwzgledna-vuelta-a-espana\/#primaryimage"},"thumbnailUrl":"https:\/\/d2p6e6u75xmxt8.cloudfront.net\/5\/2021\/08\/Roglic-La-Vuelta-profimedia-0628317281-CVR-1024x450-1.jpg","datePublished":"2021-08-23T11:57:26+00:00","dateModified":"2021-08-27T12:04:01+00:00","author":{"@id":"https:\/\/www.welovecycling.com\/pl\/#\/schema\/person\/4a79bac7bd265aa6a35a1079d36648be"},"breadcrumb":{"@id":"https:\/\/www.welovecycling.com\/pl\/2021\/08\/23\/trwa-piekna-i-bezwzgledna-vuelta-a-espana\/#breadcrumb"},"inLanguage":"pl-PL","potentialAction":[{"@type":"ReadAction","target":["https:\/\/www.welovecycling.com\/pl\/2021\/08\/23\/trwa-piekna-i-bezwzgledna-vuelta-a-espana\/"]}]},{"@type":"ImageObject","inLanguage":"pl-PL","@id":"https:\/\/www.welovecycling.com\/pl\/2021\/08\/23\/trwa-piekna-i-bezwzgledna-vuelta-a-espana\/#primaryimage","url":"https:\/\/d2p6e6u75xmxt8.cloudfront.net\/5\/2021\/08\/Roglic-La-Vuelta-profimedia-0628317281-CVR-1024x450-1.jpg","contentUrl":"https:\/\/d2p6e6u75xmxt8.cloudfront.net\/5\/2021\/08\/Roglic-La-Vuelta-profimedia-0628317281-CVR-1024x450-1.jpg","width":1024,"height":450},{"@type":"BreadcrumbList","@id":"https:\/\/www.welovecycling.com\/pl\/2021\/08\/23\/trwa-piekna-i-bezwzgledna-vuelta-a-espana\/#breadcrumb","itemListElement":[{"@type":"ListItem","position":1,"name":"Home","item":"https:\/\/www.welovecycling.com\/pl\/"},{"@type":"ListItem","position":2,"name":"Trwa pi\u0119kna i bezwzgl\u0119dna Vuelta a Espana"}]},{"@type":"WebSite","@id":"https:\/\/www.welovecycling.com\/pl\/#website","url":"https:\/\/www.welovecycling.com\/pl\/","name":"\u0160koda We Love Cycling - Poland","description":"","potentialAction":[{"@type":"SearchAction","target":{"@type":"EntryPoint","urlTemplate":"https:\/\/www.welovecycling.com\/pl\/?s={search_term_string}"},"query-input":{"@type":"PropertyValueSpecification","valueRequired":true,"valueName":"search_term_string"}}],"inLanguage":"pl-PL"},{"@type":"Person","@id":"https:\/\/www.welovecycling.com\/pl\/#\/schema\/person\/4a79bac7bd265aa6a35a1079d36648be","name":"oktawiamikulska","image":{"@type":"ImageObject","inLanguage":"pl-PL","@id":"https:\/\/www.welovecycling.com\/pl\/#\/schema\/person\/image\/","url":"https:\/\/secure.gravatar.com\/avatar\/b97a3f44e2de6d2f8dd358975937e49823662e12cbd810b9d1a2bff1c149e8a7?s=96&d=mm&r=g","contentUrl":"https:\/\/secure.gravatar.com\/avatar\/b97a3f44e2de6d2f8dd358975937e49823662e12cbd810b9d1a2bff1c149e8a7?s=96&d=mm&r=g","caption":"oktawiamikulska"},"url":"https:\/\/www.welovecycling.com\/pl\/author\/oktawiamikulska\/"}]}},"_links":{"self":[{"href":"https:\/\/www.welovecycling.com\/pl\/wp-json\/wp\/v2\/posts\/12054","targetHints":{"allow":["GET"]}}],"collection":[{"href":"https:\/\/www.welovecycling.com\/pl\/wp-json\/wp\/v2\/posts"}],"about":[{"href":"https:\/\/www.welovecycling.com\/pl\/wp-json\/wp\/v2\/types\/post"}],"author":[{"embeddable":true,"href":"https:\/\/www.welovecycling.com\/pl\/wp-json\/wp\/v2\/users\/125"}],"replies":[{"embeddable":true,"href":"https:\/\/www.welovecycling.com\/pl\/wp-json\/wp\/v2\/comments?post=12054"}],"version-history":[{"count":1,"href":"https:\/\/www.welovecycling.com\/pl\/wp-json\/wp\/v2\/posts\/12054\/revisions"}],"predecessor-version":[{"id":12061,"href":"https:\/\/www.welovecycling.com\/pl\/wp-json\/wp\/v2\/posts\/12054\/revisions\/12061"}],"wp:featuredmedia":[{"embeddable":true,"href":"https:\/\/www.welovecycling.com\/pl\/wp-json\/wp\/v2\/media\/12060"}],"wp:attachment":[{"href":"https:\/\/www.welovecycling.com\/pl\/wp-json\/wp\/v2\/media?parent=12054"}],"wp:term":[{"taxonomy":"category","embeddable":true,"href":"https:\/\/www.welovecycling.com\/pl\/wp-json\/wp\/v2\/categories?post=12054"},{"taxonomy":"post_tag","embeddable":true,"href":"https:\/\/www.welovecycling.com\/pl\/wp-json\/wp\/v2\/tags?post=12054"},{"taxonomy":"global-categories","embeddable":true,"href":"https:\/\/www.welovecycling.com\/pl\/wp-json\/wp\/v2\/global-categories?post=12054"}],"curies":[{"name":"wp","href":"https:\/\/api.w.org\/{rel}","templated":true}]}}