{"id":12044,"date":"2021-08-20T14:16:30","date_gmt":"2021-08-20T14:16:30","guid":{"rendered":"https:\/\/www.welovecycling.com\/pl\/?p=12044"},"modified":"2021-08-20T14:18:29","modified_gmt":"2021-08-20T14:18:29","slug":"na-vuelcie-trwa-zabawa-w-kotka-i-myszke","status":"publish","type":"post","link":"https:\/\/www.welovecycling.com\/pl\/2021\/08\/20\/na-vuelcie-trwa-zabawa-w-kotka-i-myszke\/","title":{"rendered":"Na Vuelcie trwa zabawa w kotka i myszk\u0119"},"content":{"rendered":"<p><strong>Primo\u017c Rogli\u0107 ucieka, a goni go wataha z Movistaru \u2013 tak wygl\u0105da sytuacja po pierwszych etapach Vuelta a Espana, kt\u00f3ra w tym roku zapowiada si\u0119 wyj\u0105tkowo emocjonuj\u0105co. R\u00f3wnie ciekawie wygl\u0105da walka o zielon\u0105 koszulk\u0119.<\/strong><\/p>\n<p>Sze\u015b\u0107 etap\u00f3w i a\u017c trzech lider\u00f3w \u2013 podczas tegorocznej Vulety na razie nie da si\u0119 nudzi\u0107. Najpierw na czele by\u0142 Primo\u017c Rogli\u0107 (Jumbo &#8211; Visma), nast\u0119pnie do gry wszed\u0142 Esto\u0144czyk Rein Taaramaae (Intermarche &#8211; Wanty &#8211; Gobert Materiaux), p\u00f3\u017aniej na jeden dzie\u0144 czerwon\u0105 koszulk\u0119 przej\u0105\u0142 Francuz Kenny Elissonde, by w czwartek zn\u00f3w wr\u00f3ci\u0142a do Roglicia.<\/p>\n<div class=\"embed-controller-wrapper\">\n<blockquote class=\"twitter-tweet\" data-width=\"500\" data-dnt=\"true\">\n<p lang=\"es\" dir=\"ltr\">\u2764\ufe0fLos abanicos han dejado atr\u00e1s a <a href=\"https:\/\/twitter.com\/KennyElissonde?ref_src=twsrc%5Etfw\">@KennyElissonde<\/a>, que cede el liderato de <a href=\"https:\/\/twitter.com\/hashtag\/LaVuelta21?src=hash&amp;ref_src=twsrc%5Etfw\">#LaVuelta21<\/a>.<br \/>\ud83c\udfac \u00a1Disfruta del minuto de La Roja!<\/p>\n<p> \u2764\ufe0f <a href=\"https:\/\/twitter.com\/rogla?ref_src=twsrc%5Etfw\">@rogla<\/a> is the new leader as Kenny Elissonde suffered in the crosswinds heading to Cullera!<br \/>\ud83c\udfac Tune in for the red jersey minute!<a href=\"https:\/\/twitter.com\/CarrefourES?ref_src=twsrc%5Etfw\">@CarrefourES<\/a> <a href=\"https:\/\/t.co\/KXRwtwvYo8\">pic.twitter.com\/KXRwtwvYo8<\/a><\/p>\n<p>&mdash; La Vuelta (@lavuelta) <a href=\"https:\/\/twitter.com\/lavuelta\/status\/1428398837161410572?ref_src=twsrc%5Etfw\">August 19, 2021<\/a><\/p><\/blockquote>\n<p><script async data-src=\"https:\/\/platform.twitter.com\/widgets.js\" charset=\"utf-8\"><\/script><\/div>\n<h2><strong>\u201eBy\u0142 silniejszy ode mnie\u201d<\/strong><\/h2>\n<p>Odebranie trykotu nie by\u0142o jednak tak\u0105 prost\u0105 spraw\u0105, cho\u0107 S\u0142oweniec planowa\u0142 to zrobi\u0107 z przytupem. Najpierw na ucieczk\u0119 zdecydowa\u0142a si\u0119 grupa pi\u0119ciu zawodnik\u00f3w, ale na ostatnich serpentynach dopad\u0142a j\u0105 grupa po\u015bcigowa. Kilometr przed met\u0105 na czo\u0142o wyskoczy\u0142 Magnus Cort (EF Education-Nippo), ale inny plan na ten wy\u015bcig mia\u0142 Rogli\u0107. Z jednej strony goni\u0142 Du\u0144czyka, ale z drugiej broni\u0142 pozycji lidera klasyfikacji generalnej. Cort tego dnia okaza\u0142 si\u0119 jednak lepszy.<\/p>\n<div class=\"embed-controller-wrapper\">\n<blockquote class=\"twitter-tweet\" data-width=\"500\" data-dnt=\"true\">\n<p lang=\"es\" dir=\"ltr\">\ud83c\udfa5Disfruta de las mejores im\u00e1genes on board de la etapa 6 de <a href=\"https:\/\/twitter.com\/hashtag\/LaVuelta21?src=hash&amp;ref_src=twsrc%5Etfw\">#LaVuelta21<\/a> gracias a Europcar \ud83d\ude0a<\/p>\n<p>\ud83c\udfa5The best images from the riders camera&#39;s in today&#39;s stage to Cullera thanks to Europcar \ud83e\udd18 <a href=\"https:\/\/t.co\/dUGyUtigR7\">pic.twitter.com\/dUGyUtigR7<\/a><\/p>\n<p>&mdash; La Vuelta (@lavuelta) <a href=\"https:\/\/twitter.com\/lavuelta\/status\/1428429884494389248?ref_src=twsrc%5Etfw\">August 19, 2021<\/a><\/p><\/blockquote>\n<p><script async data-src=\"https:\/\/platform.twitter.com\/widgets.js\" charset=\"utf-8\"><\/script><\/div>\n<p>&#8211; By\u0142\u00a0 silniejszy ode mnie, zas\u0142u\u017cy\u0142 na zwyci\u0119stwo. Mnie jednak tak bardzo nie chodzi\u0142o o wygranie etapu, ale o\u00a0 to, by nie ponie\u015b\u0107 du\u017cych strat w klasyfikacji generalnej \u2013 m\u00f3wi\u0142 na mecie Rogli\u0107.<\/p>\n<p>Cort: &#8211; To dla mnie co\u015b wyj\u0105tkowego. Jestem bardzo szcz\u0119\u015bliwy, \u017ce pokaza\u0142em, i\u017c mog\u0119 wygrywa\u0107 tak\u017ce w inny spos\u00f3b, a nie tylko po finiszu z peletonu.<\/p>\n<div class=\"embed-controller-wrapper\">\n<blockquote class=\"twitter-tweet\" data-width=\"500\" data-dnt=\"true\">\n<p lang=\"ca\" dir=\"ltr\">\ud83c\udfa5\u00a1Las primeras reacciones de <a href=\"https:\/\/twitter.com\/MagnusCort?ref_src=twsrc%5Etfw\">@MagnusCort<\/a> despu\u00e9s de su victoria en Cullera!<\/p>\n<p>\ud83d\ude0d &quot;Great win!&quot; The emotions from Magnus Cort <a href=\"https:\/\/twitter.com\/EFprocycling?ref_src=twsrc%5Etfw\">@EFprocycling<\/a> after a great victory over <a href=\"https:\/\/twitter.com\/rogla?ref_src=twsrc%5Etfw\">@rogla<\/a>.<a href=\"https:\/\/twitter.com\/hashtag\/LaVuelta21?src=hash&amp;ref_src=twsrc%5Etfw\">#LaVuelta21<\/a> <a href=\"https:\/\/t.co\/529nJnArmn\">pic.twitter.com\/529nJnArmn<\/a><\/p>\n<p>&mdash; La Vuelta (@lavuelta) <a href=\"https:\/\/twitter.com\/lavuelta\/status\/1428389094778941447?ref_src=twsrc%5Etfw\">August 19, 2021<\/a><\/p><\/blockquote>\n<p><script async data-src=\"https:\/\/platform.twitter.com\/widgets.js\" charset=\"utf-8\"><\/script><\/div>\n<h2><strong>Czas na polowanie<\/strong><\/h2>\n<p>Kolejne dni zapowiadaj\u0105 si\u0119 jak zabawa kotka z myszk\u0105. A raczej kotk\u00f3w, kt\u00f3rymi b\u0119d\u0105 zawodnicy Movistaru, chc\u0105cy upolowa\u0107 Roglicia. Za plecami S\u0142owe\u0144ca w klasyfikacji generalnej jest bowiem a\u017c trzech zawodnik\u00f3w z zespo\u0142u je\u017cd\u017c\u0105cego na co dzie\u0144 w niebieskich koszulkach (Enric Mas, Miguel Lopez oraz Alejandro Valverde), ale ka\u017cdy z nich ch\u0119tnie zamieni\u0142by b\u0142\u0119kit na czerwie\u0144.<\/p>\n<div class=\"embed-controller-wrapper\">\n<blockquote class=\"twitter-tweet\" data-width=\"500\" data-dnt=\"true\">\n<p lang=\"qme\" dir=\"ltr\">\ud83d\udd28\ud83c\udf91\ud83d\udc99 <a href=\"https:\/\/twitter.com\/hashtag\/RodamosJuntos?src=hash&amp;ref_src=twsrc%5Etfw\">#RodamosJuntos<\/a> <a href=\"https:\/\/twitter.com\/hashtag\/LaVuelta21?src=hash&amp;ref_src=twsrc%5Etfw\">#LaVuelta21<\/a> <a href=\"https:\/\/t.co\/Q1iNIv43ps\">https:\/\/t.co\/Q1iNIv43ps<\/a><\/p>\n<p>\ud83d\udcf8 <a href=\"https:\/\/twitter.com\/PhotoGomezSport?ref_src=twsrc%5Etfw\">@PhotoGomezSport<\/a> <a href=\"https:\/\/t.co\/kC5l7GkIYm\">pic.twitter.com\/kC5l7GkIYm<\/a><\/p>\n<p>&mdash; Movistar Team (@Movistar_Team) <a href=\"https:\/\/twitter.com\/Movistar_Team\/status\/1428401408081109000?ref_src=twsrc%5Etfw\">August 19, 2021<\/a><\/p><\/blockquote>\n<p><script async data-src=\"https:\/\/platform.twitter.com\/widgets.js\" charset=\"utf-8\"><\/script><\/div>\n<p>Tymczasem dla Roglicia Vuelta jest ostatni\u0105 szans\u0105 na powetowanie sobie \u015brednio udanego sezonu, w kt\u00f3rym przygotowywa\u0142 si\u0119 na rewan\u017c podczas Tour de France, ale musia\u0142 wycofa\u0107 si\u0119 z Wielkiej P\u0119tli z powodu kontuzji. W ekipie Jumbo \u2013 Visma doskonale zdaj\u0105 sobie jednak spraw\u0119, \u017ce nawet w ci\u0105gu jednego dnia ca\u0142a klasyfikacja mo\u017ce przewr\u00f3ci\u0107 si\u0119 do g\u00f3ry nogami, a do roli rewolucjonist\u00f3w pretenduje tak\u017ce ekipa Ineos Grenadiers z Eganem Bernalem na czele. &#8211; Musimy spr\u00f3bowa\u0107, gdy nadarzy si\u0119 szansa \u2013 podkre\u015bla\u0142 Kolumbijczyk, kt\u00f3ry w przypadku triumfu w Vuelcie zostanie najm\u0142odszym zawodnikiem w historii, kt\u00f3ry skompletowa\u0142 wygrane\u00a0 we wszystkich wy\u015bcigach z cyklu Grand Tour.<\/p>\n<h2><strong>Ciekawe etapy na horyzoncie<\/strong><\/h2>\n<p>R\u00f3wnie ciekawie wygl\u0105da walka w klasyfikacji punktowej. Na razie w zielonej koszulce jedzie Jasper Philipsen (Alpecin &#8211; Fenix), ale ma tylko punkt wi\u0119cej od Fabio Jakobsena (Deceuninck &#8211; Quick \u2013 Step). Z kolei w klasyfikacji g\u00f3rskiej prowadzi Taaramaae, a w m\u0142odzie\u017cowej Bernal.,<\/p>\n<div class=\"embed-controller-wrapper\">\n<blockquote class=\"twitter-tweet\" data-width=\"500\" data-dnt=\"true\">\n<p lang=\"fi\" dir=\"ltr\">\ud83c\udfc6 L\u00edderes tras la etapa 6 | Leaders after stage 6<\/p>\n<p>\u2764\ufe0f\ud83c\uddf8\ud83c\uddee  <a href=\"https:\/\/twitter.com\/rogla?ref_src=twsrc%5Etfw\">@rogla<\/a> <br \/>\ud83d\udc9a\ud83c\udde7\ud83c\uddea <a href=\"https:\/\/twitter.com\/JasperPhilipsen?ref_src=twsrc%5Etfw\">@JasperPhilipsen<\/a> <br \/>\ud83d\udd35\ud83c\uddea\ud83c\uddea Rein Taaram\u00e4e<br \/>\u26aa\ud83c\udde8\ud83c\uddf4 <a href=\"https:\/\/twitter.com\/Eganbernal?ref_src=twsrc%5Etfw\">@Eganbernal<\/a>  <a href=\"https:\/\/twitter.com\/hashtag\/LaVuelta21?src=hash&amp;ref_src=twsrc%5Etfw\">#LaVuelta21<\/a> <a href=\"https:\/\/t.co\/2wgsdSoQwD\">pic.twitter.com\/2wgsdSoQwD<\/a><\/p>\n<p>&mdash; La Vuelta (@lavuelta) <a href=\"https:\/\/twitter.com\/lavuelta\/status\/1428410655942533121?ref_src=twsrc%5Etfw\">August 19, 2021<\/a><\/p><\/blockquote>\n<p><script async data-src=\"https:\/\/platform.twitter.com\/widgets.js\" charset=\"utf-8\"><\/script><\/div>\n<p>Na Vuelcie wiele jednak mo\u017ce si\u0119 jeszcze zdarzy\u0107, a ciekawe rozstrzygni\u0119cia mog\u0105 zapa\u015b\u0107 ju\u017c w ten weekend. W pi\u0105tek kolarzy czeka bowiem g\u00f3rski etap Gandia \u2013 Balcon de Alicante, nast\u0119pnie p\u0142aski odcinek z Santa Pola do La Manga del Mar Menor, a w niedziel\u0119 zn\u00f3w g\u00f3ry na etapie Puerto Lumbreras \u2013 Alto de Velefique,<\/p>\n<p><span data-sheets-value=\"{&quot;1&quot;:2,&quot;2&quot;:&quot;Artyku\u0142 powsta\u0142 we wsp\u00f3\u0142pracy ze skoda-auto.pl&quot;}\" data-sheets-userformat=\"{&quot;2&quot;:1,&quot;3&quot;:{&quot;1&quot;:0}}\" data-sheets-hyperlink=\"http:\/\/www.skoda-auto.pl\/\"><a class=\"in-cell-link\" href=\"http:\/\/www.skoda-auto.pl\/\" target=\"_blank\" rel=\"noopener noreferrer\">Artyku\u0142 powsta\u0142 we wsp\u00f3\u0142pracy ze skoda-auto.pl<\/a><\/span><\/p>\n<p><a href=\"https:\/\/www.skoda-auto.pl\/modele\/karoq\"><img loading=\"lazy\" decoding=\"async\" class=\"size-full wp-image-11629 aligncenter\" src=\"https:\/\/d2p6e6u75xmxt8.cloudfront.net\/5\/2021\/12\/640x350-3-1.jpg\" alt=\"\" width=\"640\" height=\"350\" srcset=\"https:\/\/d2p6e6u75xmxt8.cloudfront.net\/5\/2021\/12\/640x350-3-1.jpg 640w, https:\/\/d2p6e6u75xmxt8.cloudfront.net\/5\/2021\/12\/640x350-3-1-300x164.jpg 300w\" sizes=\"auto, (max-width: 640px) 100vw, 640px\" \/><\/a><\/p>\n","protected":false},"excerpt":{"rendered":"<p>Primo\u017c Rogli\u0107 ucieka, a goni go wataha z Movistaru \u2013 tak wygl\u0105da sytuacja po pierwszych etapach Vuelta a Espana, kt\u00f3ra [&hellip;]<\/p>\n","protected":false},"author":125,"featured_media":12050,"comment_status":"open","ping_status":"open","sticky":false,"template":"","format":"standard","meta":{"footnotes":""},"categories":[361],"tags":[],"global-categories":[303],"class_list":["post-12044","post","type-post","status-publish","format-standard","has-post-thumbnail","hentry","category-vuelta-a-espana","global-categories-cycling"],"yoast_head":"<!-- This site is optimized with the Yoast SEO Premium plugin v25.3 (Yoast SEO v25.9) - https:\/\/yoast.com\/wordpress\/plugins\/seo\/ -->\n<title>Na Vuelcie trwa zabawa w kotka i myszk\u0119 - \u0160koda We Love Cycling - Poland<\/title>\n<meta name=\"robots\" content=\"index, follow, max-snippet:-1, max-image-preview:large, max-video-preview:-1\" \/>\n<link rel=\"canonical\" href=\"https:\/\/www.welovecycling.com\/pl\/2021\/08\/20\/na-vuelcie-trwa-zabawa-w-kotka-i-myszke\/\" \/>\n<meta property=\"og:locale\" content=\"pl_PL\" \/>\n<meta property=\"og:type\" content=\"article\" \/>\n<meta property=\"og:title\" content=\"Na Vuelcie trwa zabawa w kotka i myszk\u0119\" \/>\n<meta property=\"og:description\" content=\"Primo\u017c Rogli\u0107 ucieka, a goni go wataha z Movistaru \u2013 tak wygl\u0105da sytuacja po pierwszych etapach Vuelta a Espana, kt\u00f3ra [&hellip;]\" \/>\n<meta property=\"og:url\" content=\"https:\/\/www.welovecycling.com\/pl\/2021\/08\/20\/na-vuelcie-trwa-zabawa-w-kotka-i-myszke\/\" \/>\n<meta property=\"og:site_name\" content=\"\u0160koda We Love Cycling - Poland\" \/>\n<meta property=\"article:published_time\" content=\"2021-08-20T14:16:30+00:00\" \/>\n<meta property=\"article:modified_time\" content=\"2021-08-20T14:18:29+00:00\" \/>\n<meta property=\"og:image\" content=\"https:\/\/d2p6e6u75xmxt8.cloudfront.net\/5\/2021\/08\/Jasper-Philpsen-profimedia-0627890799-CVR-1024x450-1.jpg\" \/>\n\t<meta property=\"og:image:width\" content=\"1024\" \/>\n\t<meta property=\"og:image:height\" content=\"450\" \/>\n\t<meta property=\"og:image:type\" content=\"image\/jpeg\" \/>\n<meta name=\"author\" content=\"oktawiamikulska\" \/>\n<meta name=\"twitter:card\" content=\"summary_large_image\" \/>\n<meta name=\"twitter:label1\" content=\"Written by\" \/>\n\t<meta name=\"twitter:data1\" content=\"Piotr Nowik\" \/>\n\t<meta name=\"twitter:label2\" content=\"Est. reading time\" \/>\n\t<meta name=\"twitter:data2\" content=\"3 minutes\" \/>\n<script type=\"application\/ld+json\" class=\"yoast-schema-graph\">{\"@context\":\"https:\/\/schema.org\",\"@graph\":[{\"@type\":\"WebPage\",\"@id\":\"https:\/\/www.welovecycling.com\/pl\/2021\/08\/20\/na-vuelcie-trwa-zabawa-w-kotka-i-myszke\/\",\"url\":\"https:\/\/www.welovecycling.com\/pl\/2021\/08\/20\/na-vuelcie-trwa-zabawa-w-kotka-i-myszke\/\",\"name\":\"Na Vuelcie trwa zabawa w kotka i myszk\u0119 - \u0160koda We Love Cycling - Poland\",\"isPartOf\":{\"@id\":\"https:\/\/www.welovecycling.com\/pl\/#website\"},\"primaryImageOfPage\":{\"@id\":\"https:\/\/www.welovecycling.com\/pl\/2021\/08\/20\/na-vuelcie-trwa-zabawa-w-kotka-i-myszke\/#primaryimage\"},\"image\":{\"@id\":\"https:\/\/www.welovecycling.com\/pl\/2021\/08\/20\/na-vuelcie-trwa-zabawa-w-kotka-i-myszke\/#primaryimage\"},\"thumbnailUrl\":\"https:\/\/d2p6e6u75xmxt8.cloudfront.net\/5\/2021\/08\/Jasper-Philpsen-profimedia-0627890799-CVR-1024x450-1.jpg\",\"datePublished\":\"2021-08-20T14:16:30+00:00\",\"dateModified\":\"2021-08-20T14:18:29+00:00\",\"author\":{\"@id\":\"https:\/\/www.welovecycling.com\/pl\/#\/schema\/person\/4a79bac7bd265aa6a35a1079d36648be\"},\"breadcrumb\":{\"@id\":\"https:\/\/www.welovecycling.com\/pl\/2021\/08\/20\/na-vuelcie-trwa-zabawa-w-kotka-i-myszke\/#breadcrumb\"},\"inLanguage\":\"pl-PL\",\"potentialAction\":[{\"@type\":\"ReadAction\",\"target\":[\"https:\/\/www.welovecycling.com\/pl\/2021\/08\/20\/na-vuelcie-trwa-zabawa-w-kotka-i-myszke\/\"]}]},{\"@type\":\"ImageObject\",\"inLanguage\":\"pl-PL\",\"@id\":\"https:\/\/www.welovecycling.com\/pl\/2021\/08\/20\/na-vuelcie-trwa-zabawa-w-kotka-i-myszke\/#primaryimage\",\"url\":\"https:\/\/d2p6e6u75xmxt8.cloudfront.net\/5\/2021\/08\/Jasper-Philpsen-profimedia-0627890799-CVR-1024x450-1.jpg\",\"contentUrl\":\"https:\/\/d2p6e6u75xmxt8.cloudfront.net\/5\/2021\/08\/Jasper-Philpsen-profimedia-0627890799-CVR-1024x450-1.jpg\",\"width\":1024,\"height\":450},{\"@type\":\"BreadcrumbList\",\"@id\":\"https:\/\/www.welovecycling.com\/pl\/2021\/08\/20\/na-vuelcie-trwa-zabawa-w-kotka-i-myszke\/#breadcrumb\",\"itemListElement\":[{\"@type\":\"ListItem\",\"position\":1,\"name\":\"Home\",\"item\":\"https:\/\/www.welovecycling.com\/pl\/\"},{\"@type\":\"ListItem\",\"position\":2,\"name\":\"Na Vuelcie trwa zabawa w kotka i myszk\u0119\"}]},{\"@type\":\"WebSite\",\"@id\":\"https:\/\/www.welovecycling.com\/pl\/#website\",\"url\":\"https:\/\/www.welovecycling.com\/pl\/\",\"name\":\"\u0160koda We Love Cycling - Poland\",\"description\":\"\",\"potentialAction\":[{\"@type\":\"SearchAction\",\"target\":{\"@type\":\"EntryPoint\",\"urlTemplate\":\"https:\/\/www.welovecycling.com\/pl\/?s={search_term_string}\"},\"query-input\":{\"@type\":\"PropertyValueSpecification\",\"valueRequired\":true,\"valueName\":\"search_term_string\"}}],\"inLanguage\":\"pl-PL\"},{\"@type\":\"Person\",\"@id\":\"https:\/\/www.welovecycling.com\/pl\/#\/schema\/person\/4a79bac7bd265aa6a35a1079d36648be\",\"name\":\"oktawiamikulska\",\"image\":{\"@type\":\"ImageObject\",\"inLanguage\":\"pl-PL\",\"@id\":\"https:\/\/www.welovecycling.com\/pl\/#\/schema\/person\/image\/\",\"url\":\"https:\/\/secure.gravatar.com\/avatar\/b97a3f44e2de6d2f8dd358975937e49823662e12cbd810b9d1a2bff1c149e8a7?s=96&d=mm&r=g\",\"contentUrl\":\"https:\/\/secure.gravatar.com\/avatar\/b97a3f44e2de6d2f8dd358975937e49823662e12cbd810b9d1a2bff1c149e8a7?s=96&d=mm&r=g\",\"caption\":\"oktawiamikulska\"},\"url\":\"https:\/\/www.welovecycling.com\/pl\/author\/oktawiamikulska\/\"}]}<\/script>\n<!-- \/ Yoast SEO Premium plugin. -->","yoast_head_json":{"title":"Na Vuelcie trwa zabawa w kotka i myszk\u0119 - \u0160koda We Love Cycling - Poland","robots":{"index":"index","follow":"follow","max-snippet":"max-snippet:-1","max-image-preview":"max-image-preview:large","max-video-preview":"max-video-preview:-1"},"canonical":"https:\/\/www.welovecycling.com\/pl\/2021\/08\/20\/na-vuelcie-trwa-zabawa-w-kotka-i-myszke\/","og_locale":"pl_PL","og_type":"article","og_title":"Na Vuelcie trwa zabawa w kotka i myszk\u0119","og_description":"Primo\u017c Rogli\u0107 ucieka, a goni go wataha z Movistaru \u2013 tak wygl\u0105da sytuacja po pierwszych etapach Vuelta a Espana, kt\u00f3ra [&hellip;]","og_url":"https:\/\/www.welovecycling.com\/pl\/2021\/08\/20\/na-vuelcie-trwa-zabawa-w-kotka-i-myszke\/","og_site_name":"\u0160koda We Love Cycling - Poland","article_published_time":"2021-08-20T14:16:30+00:00","article_modified_time":"2021-08-20T14:18:29+00:00","og_image":[{"width":1024,"height":450,"url":"https:\/\/d2p6e6u75xmxt8.cloudfront.net\/5\/2021\/08\/Jasper-Philpsen-profimedia-0627890799-CVR-1024x450-1.jpg","type":"image\/jpeg"}],"author":"oktawiamikulska","twitter_card":"summary_large_image","twitter_misc":{"Written by":"Piotr Nowik","Est. reading time":"3 minutes"},"schema":{"@context":"https:\/\/schema.org","@graph":[{"@type":"WebPage","@id":"https:\/\/www.welovecycling.com\/pl\/2021\/08\/20\/na-vuelcie-trwa-zabawa-w-kotka-i-myszke\/","url":"https:\/\/www.welovecycling.com\/pl\/2021\/08\/20\/na-vuelcie-trwa-zabawa-w-kotka-i-myszke\/","name":"Na Vuelcie trwa zabawa w kotka i myszk\u0119 - \u0160koda We Love Cycling - Poland","isPartOf":{"@id":"https:\/\/www.welovecycling.com\/pl\/#website"},"primaryImageOfPage":{"@id":"https:\/\/www.welovecycling.com\/pl\/2021\/08\/20\/na-vuelcie-trwa-zabawa-w-kotka-i-myszke\/#primaryimage"},"image":{"@id":"https:\/\/www.welovecycling.com\/pl\/2021\/08\/20\/na-vuelcie-trwa-zabawa-w-kotka-i-myszke\/#primaryimage"},"thumbnailUrl":"https:\/\/d2p6e6u75xmxt8.cloudfront.net\/5\/2021\/08\/Jasper-Philpsen-profimedia-0627890799-CVR-1024x450-1.jpg","datePublished":"2021-08-20T14:16:30+00:00","dateModified":"2021-08-20T14:18:29+00:00","author":{"@id":"https:\/\/www.welovecycling.com\/pl\/#\/schema\/person\/4a79bac7bd265aa6a35a1079d36648be"},"breadcrumb":{"@id":"https:\/\/www.welovecycling.com\/pl\/2021\/08\/20\/na-vuelcie-trwa-zabawa-w-kotka-i-myszke\/#breadcrumb"},"inLanguage":"pl-PL","potentialAction":[{"@type":"ReadAction","target":["https:\/\/www.welovecycling.com\/pl\/2021\/08\/20\/na-vuelcie-trwa-zabawa-w-kotka-i-myszke\/"]}]},{"@type":"ImageObject","inLanguage":"pl-PL","@id":"https:\/\/www.welovecycling.com\/pl\/2021\/08\/20\/na-vuelcie-trwa-zabawa-w-kotka-i-myszke\/#primaryimage","url":"https:\/\/d2p6e6u75xmxt8.cloudfront.net\/5\/2021\/08\/Jasper-Philpsen-profimedia-0627890799-CVR-1024x450-1.jpg","contentUrl":"https:\/\/d2p6e6u75xmxt8.cloudfront.net\/5\/2021\/08\/Jasper-Philpsen-profimedia-0627890799-CVR-1024x450-1.jpg","width":1024,"height":450},{"@type":"BreadcrumbList","@id":"https:\/\/www.welovecycling.com\/pl\/2021\/08\/20\/na-vuelcie-trwa-zabawa-w-kotka-i-myszke\/#breadcrumb","itemListElement":[{"@type":"ListItem","position":1,"name":"Home","item":"https:\/\/www.welovecycling.com\/pl\/"},{"@type":"ListItem","position":2,"name":"Na Vuelcie trwa zabawa w kotka i myszk\u0119"}]},{"@type":"WebSite","@id":"https:\/\/www.welovecycling.com\/pl\/#website","url":"https:\/\/www.welovecycling.com\/pl\/","name":"\u0160koda We Love Cycling - Poland","description":"","potentialAction":[{"@type":"SearchAction","target":{"@type":"EntryPoint","urlTemplate":"https:\/\/www.welovecycling.com\/pl\/?s={search_term_string}"},"query-input":{"@type":"PropertyValueSpecification","valueRequired":true,"valueName":"search_term_string"}}],"inLanguage":"pl-PL"},{"@type":"Person","@id":"https:\/\/www.welovecycling.com\/pl\/#\/schema\/person\/4a79bac7bd265aa6a35a1079d36648be","name":"oktawiamikulska","image":{"@type":"ImageObject","inLanguage":"pl-PL","@id":"https:\/\/www.welovecycling.com\/pl\/#\/schema\/person\/image\/","url":"https:\/\/secure.gravatar.com\/avatar\/b97a3f44e2de6d2f8dd358975937e49823662e12cbd810b9d1a2bff1c149e8a7?s=96&d=mm&r=g","contentUrl":"https:\/\/secure.gravatar.com\/avatar\/b97a3f44e2de6d2f8dd358975937e49823662e12cbd810b9d1a2bff1c149e8a7?s=96&d=mm&r=g","caption":"oktawiamikulska"},"url":"https:\/\/www.welovecycling.com\/pl\/author\/oktawiamikulska\/"}]}},"_links":{"self":[{"href":"https:\/\/www.welovecycling.com\/pl\/wp-json\/wp\/v2\/posts\/12044","targetHints":{"allow":["GET"]}}],"collection":[{"href":"https:\/\/www.welovecycling.com\/pl\/wp-json\/wp\/v2\/posts"}],"about":[{"href":"https:\/\/www.welovecycling.com\/pl\/wp-json\/wp\/v2\/types\/post"}],"author":[{"embeddable":true,"href":"https:\/\/www.welovecycling.com\/pl\/wp-json\/wp\/v2\/users\/125"}],"replies":[{"embeddable":true,"href":"https:\/\/www.welovecycling.com\/pl\/wp-json\/wp\/v2\/comments?post=12044"}],"version-history":[{"count":1,"href":"https:\/\/www.welovecycling.com\/pl\/wp-json\/wp\/v2\/posts\/12044\/revisions"}],"predecessor-version":[{"id":12051,"href":"https:\/\/www.welovecycling.com\/pl\/wp-json\/wp\/v2\/posts\/12044\/revisions\/12051"}],"wp:featuredmedia":[{"embeddable":true,"href":"https:\/\/www.welovecycling.com\/pl\/wp-json\/wp\/v2\/media\/12050"}],"wp:attachment":[{"href":"https:\/\/www.welovecycling.com\/pl\/wp-json\/wp\/v2\/media?parent=12044"}],"wp:term":[{"taxonomy":"category","embeddable":true,"href":"https:\/\/www.welovecycling.com\/pl\/wp-json\/wp\/v2\/categories?post=12044"},{"taxonomy":"post_tag","embeddable":true,"href":"https:\/\/www.welovecycling.com\/pl\/wp-json\/wp\/v2\/tags?post=12044"},{"taxonomy":"global-categories","embeddable":true,"href":"https:\/\/www.welovecycling.com\/pl\/wp-json\/wp\/v2\/global-categories?post=12044"}],"curies":[{"name":"wp","href":"https:\/\/api.w.org\/{rel}","templated":true}]}}