{"id":12041,"date":"2021-07-30T15:01:29","date_gmt":"2021-07-30T15:01:29","guid":{"rendered":"https:\/\/www.welovecycling.com\/pl\/?p=12041"},"modified":"2021-08-19T15:09:06","modified_gmt":"2021-08-19T15:09:06","slug":"najlepsze-kosze-rowerowe-na-lato","status":"publish","type":"post","link":"https:\/\/www.welovecycling.com\/pl\/2021\/07\/30\/najlepsze-kosze-rowerowe-na-lato\/","title":{"rendered":"Najlepsze kosze rowerowe na lato"},"content":{"rendered":"<p><strong>Kosze rowerowe bardzo si\u0119 zmieni\u0142y w ci\u0105gu ostatniej dekady. Nadal mo\u017cesz znale\u017a\u0107 klasyczne z wikliny, ale teraz masz r\u00f3wnie\u017c dost\u0119p do szerokiej gamy modeli, kt\u00f3re oferuj\u0105 r\u00f3\u017cne funkcje. Niezale\u017cnie od tego, czy szukasz czego\u015b do przewo\u017cenia artyku\u0142\u00f3w spo\u017cywczych, psiego towarzysza lub przedmiot\u00f3w z wyprzeda\u017cy gara\u017cowej, znajdziesz odpowiedni do tego kosz. Przyjrzymy si\u0119 paru rzeczom, kt\u00f3re nale\u017cy rozwa\u017cy\u0107 przed zakupem. Nast\u0119pnie opiszemy kilka naszym zdaniem najlepszych propozycji spo\u015br\u00f3d zr\u00f3\u017cnicowanej kolekcji wsp\u00f3\u0142czesnych koszy rowerowych.<\/strong><\/p>\n<h2><strong>Co wzi\u0105\u0107 pod uwag\u0119 przed zakupem<\/strong><\/h2>\n<p>Chocia\u017c wymagania dotycz\u0105ce kosza rowerowego mog\u0105 z czasem ulec zmianie, warto kupi\u0107 co\u015b, co zaspokoi Twoje potrzeby ju\u017c teraz. Je\u015bli chcesz wozi\u0107 torebk\u0119 lub kilka artyku\u0142\u00f3w spo\u017cywczych, nie musisz inwestowa\u0107 w wytrzyma\u0142\u0105 konstrukcj\u0119. Waga jest najwa\u017cniejszym czynnikiem, o kt\u00f3rym nale\u017cy pami\u0119ta\u0107. Je\u015bli chcesz przewozi\u0107 rzeczy o wadze powy\u017cej 10 kg, rozwa\u017c wyb\u00f3r tylnego kosza montowanego na baga\u017cniku, poniewa\u017c ty\u0142 roweru mo\u017ce wytrzyma\u0107 wi\u0119cej bez znacznego utrudniania kierowania. Inne cechy, na kt\u00f3re warto zwr\u00f3ci\u0107 uwag\u0119, to czy kosz wymaga dodatkowego stojaka i jak \u0142atwo jest go zamontowa\u0107 i zdemontowa\u0107. Okre\u015bl kwot\u0119, jak\u0105 chcesz wyda\u0107 oraz jakie masz estetyczne preferencje. Teraz jeste\u015b gotowy do zakup\u00f3w!<\/p>\n<p>Oto kilka polecanych przez nas koszy rowerowych.<\/p>\n<figure id=\"attachment_184409\" aria-describedby=\"caption-attachment-184409\" style=\"width: 1024px\" class=\"wp-caption alignnone\"><img loading=\"lazy\" decoding=\"async\" class=\"initial loaded wp-image-184409 size-large\" src=\"https:\/\/d2p6e6u75xmxt8.cloudfront.net\/2\/2021\/07\/Bicycle-with-basket-profimedia-0615243750-1024x682.jpg\" sizes=\"auto, (max-width: 1024px) 100vw, 1024px\" srcset=\"https:\/\/d2p6e6u75xmxt8.cloudfront.net\/2\/2021\/07\/Bicycle-with-basket-profimedia-0615243750-1024x682.jpg 1024w, https:\/\/d2p6e6u75xmxt8.cloudfront.net\/2\/2021\/07\/Bicycle-with-basket-profimedia-0615243750-300x200.jpg 300w, https:\/\/d2p6e6u75xmxt8.cloudfront.net\/2\/2021\/07\/Bicycle-with-basket-profimedia-0615243750-768x511.jpg 768w, https:\/\/d2p6e6u75xmxt8.cloudfront.net\/2\/2021\/07\/Bicycle-with-basket-profimedia-0615243750-272x182.jpg 272w, https:\/\/d2p6e6u75xmxt8.cloudfront.net\/2\/2021\/07\/Bicycle-with-basket-profimedia-0615243750.jpg 1080w\" alt=\"Bicycle with a basket\" width=\"1024\" height=\"682\" data-was-processed=\"true\" \/><figcaption id=\"caption-attachment-184409\" class=\"wp-caption-text\">Szukasz kosza rowerowego? \u00a9 Profimedia<\/figcaption><\/figure>\n<h2><strong>Kosz miejski Ortlieb Up-Town<\/strong><\/h2>\n<p>Zaczniemy od uniwersalnego, ca\u0142orocznego i <a href=\"https:\/\/www.ortlieb.com\/en_us\/up-town-city+F79702\"><u>niezawodnego produktu<\/u><\/a>. Ten przetestowany przez nas kosz jest przyjazny dla os\u00f3b doje\u017cd\u017caj\u0105cych do pracy i zapewni bezpiecze\u0144stwo i sucho\u015b\u0107 Twoich rzeczy niezale\u017cnie od pogody. Jest wyposa\u017cony w ca\u0142kowicie wodoodporn\u0105 pow\u0142ok\u0119, kt\u00f3r\u0105 mo\u017cesz naci\u0105gn\u0105\u0107 na rzeczy w przypadku deszczu. Kosz jest r\u00f3wnie\u017c \u0142atwy do zamocowania i zdejmowania, poniewa\u017c ma uniwersalny uchwyt monta\u017cowy z systemem KLICKfix. Sam wodoodporny worek zaczepia si\u0119 na aluminiowej ramie. Po zamkni\u0119ciu pokrywy kosz jest ca\u0142kowicie szczelny. Ma r\u00f3wnie\u017c wygodn\u0105 kiesze\u0144 wewn\u0119trzn\u0105 do oddzielania ma\u0142ych przedmiot\u00f3w od wi\u0119kszego maksymalnego obci\u0105\u017cenia wynosz\u0105cego 17,5 l \/ 5 kg.<\/p>\n<p><strong>Cena: 49,46 euro<\/strong><\/p>\n<h2><strong>Kosz przedni Tote &amp; Kari<\/strong><\/h2>\n<p><img loading=\"lazy\" decoding=\"async\" class=\"alignnone size-full wp-image-184404 loading\" src=\"https:\/\/d2p6e6u75xmxt8.cloudfront.net\/2\/2021\/07\/TOTEKARI_bicycle_basket-1.jpg\" sizes=\"auto, (max-width: 872px) 100vw, 872px\" srcset=\"https:\/\/d2p6e6u75xmxt8.cloudfront.net\/2\/2021\/07\/TOTEKARI_bicycle_basket-1.jpg 872w, https:\/\/d2p6e6u75xmxt8.cloudfront.net\/2\/2021\/07\/TOTEKARI_bicycle_basket-1-300x193.jpg 300w, https:\/\/d2p6e6u75xmxt8.cloudfront.net\/2\/2021\/07\/TOTEKARI_bicycle_basket-1-768x494.jpg 768w\" alt=\"TOTE&amp;KARI Bicycle Basket\" width=\"872\" height=\"561\" data-was-processed=\"true\" \/><\/p>\n<p>Je\u015bli nie je\u017adzisz na rowerze w deszczu i szukasz bardziej stylu ni\u017c wysokiej funkcjonalno\u015bci, ten kosz mo\u017ce by\u0107 dla Ciebie. Ca\u0142a konstrukcja (sp\u00f3d, boki i pokrywa) jest zrobiona z rattanu, naturalnego materia\u0142u przypominaj\u0105cego trzcin\u0119, dzi\u0119ki kt\u00f3remu kosz umieszczony z przodu wygl\u0105da casualowo, a przy tym r\u00f3wnie\u017c elegancko. Ma sk\u00f3rzane paski, kt\u00f3re dodaj\u0105 \u0142adnego, rustykalnego charakteru ka\u017cdemu rowerowi vintage (lub inspirowanemu tym stylem). Ostrzegamy, \u017ce paski s\u0105 zabezpieczone klamrami, co oznacza nieco wi\u0119ksze chybotanie podczas jazdy i mniej precyzyjne dopasowanie kosza. Niemniej z \u0142atwo\u015bci\u0105 pomie\u015bcisz w nim rzeczy na piknik oraz zabierzesz w drog\u0119 kaw\u0119, poniewa\u017c kosz ma solidny uchwyt na kubek.<\/p>\n<p><strong>Cena: 50,40 euro<\/strong><\/p>\n<h2><strong>Kosz przedni Bobbin Steel<\/strong><\/h2>\n<p><img loading=\"lazy\" decoding=\"async\" class=\"alignnone size-large wp-image-184403 loading\" src=\"https:\/\/d2p6e6u75xmxt8.cloudfront.net\/2\/2021\/07\/Bobbin-bicycle-basket-1024x684.jpg\" sizes=\"auto, (max-width: 1024px) 100vw, 1024px\" srcset=\"https:\/\/d2p6e6u75xmxt8.cloudfront.net\/2\/2021\/07\/Bobbin-bicycle-basket-1024x684.jpg 1024w, https:\/\/d2p6e6u75xmxt8.cloudfront.net\/2\/2021\/07\/Bobbin-bicycle-basket-300x201.jpg 300w, https:\/\/d2p6e6u75xmxt8.cloudfront.net\/2\/2021\/07\/Bobbin-bicycle-basket-768x513.jpg 768w, https:\/\/d2p6e6u75xmxt8.cloudfront.net\/2\/2021\/07\/Bobbin-bicycle-basket-272x182.jpg 272w, https:\/\/d2p6e6u75xmxt8.cloudfront.net\/2\/2021\/07\/Bobbin-bicycle-basket.jpg 1188w\" alt=\"Bobbin steel front basket\" width=\"1024\" height=\"684\" data-was-processed=\"true\" \/><\/p>\n<p>Forma i funkcjonalno\u015b\u0107 spotykaj\u0105 si\u0119 w tym prostym, ale eleganckim <a href=\"https:\/\/bobbinbikes.com\/products\/steel-front-basket\"><u>przednim koszu<\/u><\/a>. Wykonany jest ze stali malowanej proszkowo, ma wysok\u0105 trwa\u0142o\u015b\u0107 i dopasuje si\u0119 do ka\u017cdego roweru z kierownic\u0105 o \u015brednicy 22,2 mm, z ko\u0142ami 26\u201d lub 700c. Prosta konstrukcja jest dost\u0119pna z matowym srebrnym lub b\u0142yszcz\u0105cym czarnym wyko\u0144czeniem i ma wszystkie potrzebne akcesoria. To idealny kosz rowerowy dla tych, kt\u00f3rzy lubi\u0105 klasyczny styl i chc\u0105 produktu, kt\u00f3ry b\u0119dzie trwa\u0142y.<\/p>\n<p><strong>Cena: 38,56 euro<\/strong><\/p>\n<h2><strong>Sk\u0142adany tylny kosz Wald 582<\/strong><\/h2>\n<p><img loading=\"lazy\" decoding=\"async\" class=\"alignnone size-large wp-image-184402 loading\" src=\"https:\/\/d2p6e6u75xmxt8.cloudfront.net\/2\/2021\/07\/Wald_folding_basket_for_bicycle-1024x973.jpg\" sizes=\"auto, (max-width: 1024px) 100vw, 1024px\" srcset=\"https:\/\/d2p6e6u75xmxt8.cloudfront.net\/2\/2021\/07\/Wald_folding_basket_for_bicycle-1024x973.jpg 1024w, https:\/\/d2p6e6u75xmxt8.cloudfront.net\/2\/2021\/07\/Wald_folding_basket_for_bicycle-300x285.jpg 300w, https:\/\/d2p6e6u75xmxt8.cloudfront.net\/2\/2021\/07\/Wald_folding_basket_for_bicycle-768x730.jpg 768w, https:\/\/d2p6e6u75xmxt8.cloudfront.net\/2\/2021\/07\/Wald_folding_basket_for_bicycle.jpg 1086w\" alt=\"Wald bicycle basket\" width=\"1024\" height=\"973\" data-was-processed=\"true\" \/><\/p>\n<p><a href=\"https:\/\/waldsports.com\/store\/rear-baskets\/582-rear-folding-basket\/\"><u>Ten elegancki kosz<\/u><\/a> montuje si\u0119 po bokach tylnego baga\u017cnika i wygodnie sk\u0142ada si\u0119 na p\u0142asko, gdy nie jest u\u017cywany. Zasadniczo jest to kosz dla tych, kt\u00f3rzy chc\u0105 zwi\u0119kszy\u0107 zdolno\u015b\u0107 przewozow\u0105, nie zmieniaj\u0105c przy tym wygl\u0105du swojego roweru. Kosz jest bardzo lekki i mo\u017cna go \u0142atwo przymocowa\u0107 z boku wi\u0119kszo\u015bci tylnych baga\u017cnik\u00f3w za pomoc\u0105 trzech przykr\u0119canych zacisk\u00f3w. Po z\u0142o\u017ceniu przestrze\u0144 \u0142adunkowa ma oko\u0142o 33 cm szeroko\u015bci i 18 cm g\u0142\u0119boko\u015bci. Je\u015bli jeszcze bardziej chcesz zwi\u0119kszy\u0107 obci\u0105\u017cenie, mo\u017cesz je zamocowa\u0107 po obu stronach.<\/p>\n<p><strong>Cena: 33,50 euro<\/strong><\/p>\n<h2><strong>Sk\u0142adany kosz rowerowy ANZOME do transportu ma\u0142ego zwierzaka<\/strong><\/h2>\n<p><img loading=\"lazy\" decoding=\"async\" class=\"alignnone size-large wp-image-184405 loading\" src=\"https:\/\/d2p6e6u75xmxt8.cloudfront.net\/2\/2021\/07\/Anzome_dog_bicycle_basket-1024x789.jpg\" sizes=\"auto, (max-width: 1024px) 100vw, 1024px\" srcset=\"https:\/\/d2p6e6u75xmxt8.cloudfront.net\/2\/2021\/07\/Anzome_dog_bicycle_basket-1024x789.jpg 1024w, https:\/\/d2p6e6u75xmxt8.cloudfront.net\/2\/2021\/07\/Anzome_dog_bicycle_basket-300x231.jpg 300w, https:\/\/d2p6e6u75xmxt8.cloudfront.net\/2\/2021\/07\/Anzome_dog_bicycle_basket-768x592.jpg 768w, https:\/\/d2p6e6u75xmxt8.cloudfront.net\/2\/2021\/07\/Anzome_dog_bicycle_basket.jpg 1184w\" alt=\"ANZOME Pet Carrier\" width=\"1024\" height=\"789\" data-was-processed=\"true\" \/><\/p>\n<p>Je\u015bli szukasz kosza rowerowego, w kt\u00f3rym przewieziesz swojego najlepszego przyjaciela, sprawd\u017a <a href=\"https:\/\/www.amazon.com\/ANZOME-Removable-Handlebar-Detachable-Mountain\/dp\/B078HD1PQS\"><u>model od ANZOME<\/u>.<\/a> Kosz jest \u0142atwo odpinany i sk\u0142adany, szybko si\u0119 go zdejmuje, a jednocze\u015bnie zapewnia pe\u0142ne bezpiecze\u0144stwo podczas transportu zwierzaka. Idealny dla ma\u0142ych ps\u00f3w, mo\u017ce pomie\u015bci\u0107 zwierz\u0119 wa\u017c\u0105ce oko\u0142o 5 kg. Je\u015bli zdecydujesz si\u0119 u\u017cywa\u0107 go do przewozu psa, z pewno\u015bci\u0105 docenisz jego szybki demonta\u017c, poniewa\u017c mo\u017cesz go wygodnie zdejmowa\u0107 i u\u017cywa\u0107 jako legowisko lub baga\u017cnik dla psa. \u0141atwo go czy\u015bci\u0107, wi\u0119c nie musisz si\u0119 stresowa\u0107, \u017ce Tw\u00f3j psiak ubrudzi\u0142 si\u0119 w parku.<\/p>\n<p><strong>Cena: 24,28 euro<\/strong><\/p>\n<h2><strong>Sk\u0142adany tylny kosz MTX Topeak Unisex&#8217;s TrolleyTote<\/strong><\/h2>\n<p><img loading=\"lazy\" decoding=\"async\" class=\"alignnone size-full wp-image-184406 loading\" src=\"https:\/\/d2p6e6u75xmxt8.cloudfront.net\/2\/2021\/07\/TOPEAK-Bicycle-basket.jpg\" sizes=\"auto, (max-width: 960px) 100vw, 960px\" srcset=\"https:\/\/d2p6e6u75xmxt8.cloudfront.net\/2\/2021\/07\/TOPEAK-Bicycle-basket.jpg 960w, https:\/\/d2p6e6u75xmxt8.cloudfront.net\/2\/2021\/07\/TOPEAK-Bicycle-basket-300x225.jpg 300w, https:\/\/d2p6e6u75xmxt8.cloudfront.net\/2\/2021\/07\/TOPEAK-Bicycle-basket-768x576.jpg 768w\" alt=\"Topeak Bicycle Basket\" width=\"960\" height=\"720\" data-was-processed=\"true\" \/><\/p>\n<p>Je\u015bli chcesz mie\u0107 mo\u017cliwo\u015b\u0107 robienia wi\u0119kszych zakup\u00f3w spo\u017cywczych i za\u0142atwiasz wiele spraw na rowerze, <a href=\"https:\/\/www.topeak.com\/global\/en\/products\/161-Basket\/323-TROLLEYTOTE-FOLDING-MTX-REAR-BASKET\"><u>ten kosz<\/u><\/a> jest bardzo dobr\u0105 opcj\u0105. Oferuje teleskopowy uchwyt i k\u00f3\u0142ka w\u00f3zka u\u0142atwiaj\u0105ce obs\u0142ug\u0119, a wytrzyma\u0142a rama o du\u017cej pojemno\u015bci jest sk\u0142adana, co u\u0142atwia jego przechowywanie. TrolleyTote jest kompatybilny z MTX QuickTrack\u00ae, co zapewnia bezpieczny monta\u017c i demonta\u017c na wszystkich stojakach Topeak MTX. Dzi\u0119ki pojemno\u015bci 25 l i maksymalnemu obci\u0105\u017ceniu prawie 10 kg b\u0119dzie to Tw\u00f3j niezawodny towarzysz.<\/p>\n<p><strong>Cena: 66,96 euro<\/strong><\/p>\n<p>\u017byczymy Ci wielu udanych wycieczek z idealnie dopasowanym do Twoich potrzeb koszem rowerowym!<\/p>\n<p><span data-sheets-value=\"{&quot;1&quot;:2,&quot;2&quot;:&quot;Artyku\u0142 powsta\u0142 we wsp\u00f3\u0142pracy ze skoda-auto.pl&quot;}\" data-sheets-userformat=\"{&quot;2&quot;:1,&quot;3&quot;:{&quot;1&quot;:0}}\" data-sheets-hyperlink=\"http:\/\/www.skoda-auto.pl\/\"><a class=\"in-cell-link\" href=\"http:\/\/www.skoda-auto.pl\/\" target=\"_blank\" rel=\"noopener noreferrer\">Artyku\u0142 powsta\u0142 we wsp\u00f3\u0142pracy ze skoda-auto.pl<\/a><\/span><\/p>\n<p><a href=\"https:\/\/sklep.skoda.pl\/pl\/sklep\/b\/331\/rowery-i-akcesoria-rowery.html\"><img loading=\"lazy\" decoding=\"async\" class=\"aligncenter wp-image-9608 size-full loading\" src=\"https:\/\/d2p6e6u75xmxt8.cloudfront.net\/5\/2019\/08\/baner_WLC_640x350_3.png\" sizes=\"auto, (max-width: 640px) 100vw, 640px\" srcset=\"https:\/\/d2p6e6u75xmxt8.cloudfront.net\/5\/2019\/08\/baner_WLC_640x350_3.png 640w, https:\/\/d2p6e6u75xmxt8.cloudfront.net\/5\/2019\/08\/baner_WLC_640x350_3-300x164.png 300w\" alt=\"\" width=\"640\" height=\"350\" data-was-processed=\"true\" \/><\/a><\/p>\n<p>&nbsp;<\/p>\n","protected":false},"excerpt":{"rendered":"<p>Kosze rowerowe bardzo si\u0119 zmieni\u0142y w ci\u0105gu ostatniej dekady. Nadal mo\u017cesz znale\u017a\u0107 klasyczne z wikliny, ale teraz masz r\u00f3wnie\u017c dost\u0119p [&hellip;]<\/p>\n","protected":false},"author":125,"featured_media":12042,"comment_status":"open","ping_status":"open","sticky":false,"template":"","format":"standard","meta":{"footnotes":""},"categories":[332],"tags":[],"global-categories":[303],"class_list":["post-12041","post","type-post","status-publish","format-standard","has-post-thumbnail","hentry","category-lifestyle","global-categories-cycling"],"yoast_head":"<!-- This site is optimized with the Yoast SEO Premium plugin v25.3 (Yoast SEO v25.9) - https:\/\/yoast.com\/wordpress\/plugins\/seo\/ -->\n<title>Najlepsze kosze rowerowe na lato - \u0160koda We Love Cycling - Poland<\/title>\n<meta name=\"robots\" content=\"index, follow, max-snippet:-1, max-image-preview:large, max-video-preview:-1\" \/>\n<link rel=\"canonical\" href=\"https:\/\/www.welovecycling.com\/pl\/2021\/07\/30\/najlepsze-kosze-rowerowe-na-lato\/\" \/>\n<meta property=\"og:locale\" content=\"pl_PL\" \/>\n<meta property=\"og:type\" content=\"article\" \/>\n<meta property=\"og:title\" content=\"Najlepsze kosze rowerowe na lato\" \/>\n<meta property=\"og:description\" content=\"Kosze rowerowe bardzo si\u0119 zmieni\u0142y w ci\u0105gu ostatniej dekady. Nadal mo\u017cesz znale\u017a\u0107 klasyczne z wikliny, ale teraz masz r\u00f3wnie\u017c dost\u0119p [&hellip;]\" \/>\n<meta property=\"og:url\" content=\"https:\/\/www.welovecycling.com\/pl\/2021\/07\/30\/najlepsze-kosze-rowerowe-na-lato\/\" \/>\n<meta property=\"og:site_name\" content=\"\u0160koda We Love Cycling - Poland\" \/>\n<meta property=\"article:published_time\" content=\"2021-07-30T15:01:29+00:00\" \/>\n<meta property=\"article:modified_time\" content=\"2021-08-19T15:09:06+00:00\" \/>\n<meta property=\"og:image\" content=\"https:\/\/d2p6e6u75xmxt8.cloudfront.net\/5\/2021\/08\/Bicycle-baskets-profimedia-0353548734-CVR-1024x450-1.jpg\" \/>\n\t<meta property=\"og:image:width\" content=\"1024\" \/>\n\t<meta property=\"og:image:height\" content=\"450\" \/>\n\t<meta property=\"og:image:type\" content=\"image\/jpeg\" \/>\n<meta name=\"author\" content=\"oktawiamikulska\" \/>\n<meta name=\"twitter:card\" content=\"summary_large_image\" \/>\n<meta name=\"twitter:label1\" content=\"Written by\" \/>\n\t<meta name=\"twitter:data1\" content=\"oktawiamikulska\" \/>\n\t<meta name=\"twitter:label2\" content=\"Est. reading time\" \/>\n\t<meta name=\"twitter:data2\" content=\"5 minutes\" \/>\n<script type=\"application\/ld+json\" class=\"yoast-schema-graph\">{\"@context\":\"https:\/\/schema.org\",\"@graph\":[{\"@type\":\"WebPage\",\"@id\":\"https:\/\/www.welovecycling.com\/pl\/2021\/07\/30\/najlepsze-kosze-rowerowe-na-lato\/\",\"url\":\"https:\/\/www.welovecycling.com\/pl\/2021\/07\/30\/najlepsze-kosze-rowerowe-na-lato\/\",\"name\":\"Najlepsze kosze rowerowe na lato - \u0160koda We Love Cycling - Poland\",\"isPartOf\":{\"@id\":\"https:\/\/www.welovecycling.com\/pl\/#website\"},\"primaryImageOfPage\":{\"@id\":\"https:\/\/www.welovecycling.com\/pl\/2021\/07\/30\/najlepsze-kosze-rowerowe-na-lato\/#primaryimage\"},\"image\":{\"@id\":\"https:\/\/www.welovecycling.com\/pl\/2021\/07\/30\/najlepsze-kosze-rowerowe-na-lato\/#primaryimage\"},\"thumbnailUrl\":\"https:\/\/d2p6e6u75xmxt8.cloudfront.net\/5\/2021\/08\/Bicycle-baskets-profimedia-0353548734-CVR-1024x450-1.jpg\",\"datePublished\":\"2021-07-30T15:01:29+00:00\",\"dateModified\":\"2021-08-19T15:09:06+00:00\",\"author\":{\"@id\":\"https:\/\/www.welovecycling.com\/pl\/#\/schema\/person\/4a79bac7bd265aa6a35a1079d36648be\"},\"breadcrumb\":{\"@id\":\"https:\/\/www.welovecycling.com\/pl\/2021\/07\/30\/najlepsze-kosze-rowerowe-na-lato\/#breadcrumb\"},\"inLanguage\":\"pl-PL\",\"potentialAction\":[{\"@type\":\"ReadAction\",\"target\":[\"https:\/\/www.welovecycling.com\/pl\/2021\/07\/30\/najlepsze-kosze-rowerowe-na-lato\/\"]}]},{\"@type\":\"ImageObject\",\"inLanguage\":\"pl-PL\",\"@id\":\"https:\/\/www.welovecycling.com\/pl\/2021\/07\/30\/najlepsze-kosze-rowerowe-na-lato\/#primaryimage\",\"url\":\"https:\/\/d2p6e6u75xmxt8.cloudfront.net\/5\/2021\/08\/Bicycle-baskets-profimedia-0353548734-CVR-1024x450-1.jpg\",\"contentUrl\":\"https:\/\/d2p6e6u75xmxt8.cloudfront.net\/5\/2021\/08\/Bicycle-baskets-profimedia-0353548734-CVR-1024x450-1.jpg\",\"width\":1024,\"height\":450},{\"@type\":\"BreadcrumbList\",\"@id\":\"https:\/\/www.welovecycling.com\/pl\/2021\/07\/30\/najlepsze-kosze-rowerowe-na-lato\/#breadcrumb\",\"itemListElement\":[{\"@type\":\"ListItem\",\"position\":1,\"name\":\"Home\",\"item\":\"https:\/\/www.welovecycling.com\/pl\/\"},{\"@type\":\"ListItem\",\"position\":2,\"name\":\"Najlepsze kosze rowerowe na lato\"}]},{\"@type\":\"WebSite\",\"@id\":\"https:\/\/www.welovecycling.com\/pl\/#website\",\"url\":\"https:\/\/www.welovecycling.com\/pl\/\",\"name\":\"\u0160koda We Love Cycling - Poland\",\"description\":\"\",\"potentialAction\":[{\"@type\":\"SearchAction\",\"target\":{\"@type\":\"EntryPoint\",\"urlTemplate\":\"https:\/\/www.welovecycling.com\/pl\/?s={search_term_string}\"},\"query-input\":{\"@type\":\"PropertyValueSpecification\",\"valueRequired\":true,\"valueName\":\"search_term_string\"}}],\"inLanguage\":\"pl-PL\"},{\"@type\":\"Person\",\"@id\":\"https:\/\/www.welovecycling.com\/pl\/#\/schema\/person\/4a79bac7bd265aa6a35a1079d36648be\",\"name\":\"oktawiamikulska\",\"image\":{\"@type\":\"ImageObject\",\"inLanguage\":\"pl-PL\",\"@id\":\"https:\/\/www.welovecycling.com\/pl\/#\/schema\/person\/image\/\",\"url\":\"https:\/\/secure.gravatar.com\/avatar\/b97a3f44e2de6d2f8dd358975937e49823662e12cbd810b9d1a2bff1c149e8a7?s=96&d=mm&r=g\",\"contentUrl\":\"https:\/\/secure.gravatar.com\/avatar\/b97a3f44e2de6d2f8dd358975937e49823662e12cbd810b9d1a2bff1c149e8a7?s=96&d=mm&r=g\",\"caption\":\"oktawiamikulska\"},\"url\":\"https:\/\/www.welovecycling.com\/pl\/author\/oktawiamikulska\/\"}]}<\/script>\n<!-- \/ Yoast SEO Premium plugin. -->","yoast_head_json":{"title":"Najlepsze kosze rowerowe na lato - \u0160koda We Love Cycling - Poland","robots":{"index":"index","follow":"follow","max-snippet":"max-snippet:-1","max-image-preview":"max-image-preview:large","max-video-preview":"max-video-preview:-1"},"canonical":"https:\/\/www.welovecycling.com\/pl\/2021\/07\/30\/najlepsze-kosze-rowerowe-na-lato\/","og_locale":"pl_PL","og_type":"article","og_title":"Najlepsze kosze rowerowe na lato","og_description":"Kosze rowerowe bardzo si\u0119 zmieni\u0142y w ci\u0105gu ostatniej dekady. Nadal mo\u017cesz znale\u017a\u0107 klasyczne z wikliny, ale teraz masz r\u00f3wnie\u017c dost\u0119p [&hellip;]","og_url":"https:\/\/www.welovecycling.com\/pl\/2021\/07\/30\/najlepsze-kosze-rowerowe-na-lato\/","og_site_name":"\u0160koda We Love Cycling - Poland","article_published_time":"2021-07-30T15:01:29+00:00","article_modified_time":"2021-08-19T15:09:06+00:00","og_image":[{"width":1024,"height":450,"url":"https:\/\/d2p6e6u75xmxt8.cloudfront.net\/5\/2021\/08\/Bicycle-baskets-profimedia-0353548734-CVR-1024x450-1.jpg","type":"image\/jpeg"}],"author":"oktawiamikulska","twitter_card":"summary_large_image","twitter_misc":{"Written by":"oktawiamikulska","Est. reading time":"5 minutes"},"schema":{"@context":"https:\/\/schema.org","@graph":[{"@type":"WebPage","@id":"https:\/\/www.welovecycling.com\/pl\/2021\/07\/30\/najlepsze-kosze-rowerowe-na-lato\/","url":"https:\/\/www.welovecycling.com\/pl\/2021\/07\/30\/najlepsze-kosze-rowerowe-na-lato\/","name":"Najlepsze kosze rowerowe na lato - \u0160koda We Love Cycling - Poland","isPartOf":{"@id":"https:\/\/www.welovecycling.com\/pl\/#website"},"primaryImageOfPage":{"@id":"https:\/\/www.welovecycling.com\/pl\/2021\/07\/30\/najlepsze-kosze-rowerowe-na-lato\/#primaryimage"},"image":{"@id":"https:\/\/www.welovecycling.com\/pl\/2021\/07\/30\/najlepsze-kosze-rowerowe-na-lato\/#primaryimage"},"thumbnailUrl":"https:\/\/d2p6e6u75xmxt8.cloudfront.net\/5\/2021\/08\/Bicycle-baskets-profimedia-0353548734-CVR-1024x450-1.jpg","datePublished":"2021-07-30T15:01:29+00:00","dateModified":"2021-08-19T15:09:06+00:00","author":{"@id":"https:\/\/www.welovecycling.com\/pl\/#\/schema\/person\/4a79bac7bd265aa6a35a1079d36648be"},"breadcrumb":{"@id":"https:\/\/www.welovecycling.com\/pl\/2021\/07\/30\/najlepsze-kosze-rowerowe-na-lato\/#breadcrumb"},"inLanguage":"pl-PL","potentialAction":[{"@type":"ReadAction","target":["https:\/\/www.welovecycling.com\/pl\/2021\/07\/30\/najlepsze-kosze-rowerowe-na-lato\/"]}]},{"@type":"ImageObject","inLanguage":"pl-PL","@id":"https:\/\/www.welovecycling.com\/pl\/2021\/07\/30\/najlepsze-kosze-rowerowe-na-lato\/#primaryimage","url":"https:\/\/d2p6e6u75xmxt8.cloudfront.net\/5\/2021\/08\/Bicycle-baskets-profimedia-0353548734-CVR-1024x450-1.jpg","contentUrl":"https:\/\/d2p6e6u75xmxt8.cloudfront.net\/5\/2021\/08\/Bicycle-baskets-profimedia-0353548734-CVR-1024x450-1.jpg","width":1024,"height":450},{"@type":"BreadcrumbList","@id":"https:\/\/www.welovecycling.com\/pl\/2021\/07\/30\/najlepsze-kosze-rowerowe-na-lato\/#breadcrumb","itemListElement":[{"@type":"ListItem","position":1,"name":"Home","item":"https:\/\/www.welovecycling.com\/pl\/"},{"@type":"ListItem","position":2,"name":"Najlepsze kosze rowerowe na lato"}]},{"@type":"WebSite","@id":"https:\/\/www.welovecycling.com\/pl\/#website","url":"https:\/\/www.welovecycling.com\/pl\/","name":"\u0160koda We Love Cycling - Poland","description":"","potentialAction":[{"@type":"SearchAction","target":{"@type":"EntryPoint","urlTemplate":"https:\/\/www.welovecycling.com\/pl\/?s={search_term_string}"},"query-input":{"@type":"PropertyValueSpecification","valueRequired":true,"valueName":"search_term_string"}}],"inLanguage":"pl-PL"},{"@type":"Person","@id":"https:\/\/www.welovecycling.com\/pl\/#\/schema\/person\/4a79bac7bd265aa6a35a1079d36648be","name":"oktawiamikulska","image":{"@type":"ImageObject","inLanguage":"pl-PL","@id":"https:\/\/www.welovecycling.com\/pl\/#\/schema\/person\/image\/","url":"https:\/\/secure.gravatar.com\/avatar\/b97a3f44e2de6d2f8dd358975937e49823662e12cbd810b9d1a2bff1c149e8a7?s=96&d=mm&r=g","contentUrl":"https:\/\/secure.gravatar.com\/avatar\/b97a3f44e2de6d2f8dd358975937e49823662e12cbd810b9d1a2bff1c149e8a7?s=96&d=mm&r=g","caption":"oktawiamikulska"},"url":"https:\/\/www.welovecycling.com\/pl\/author\/oktawiamikulska\/"}]}},"_links":{"self":[{"href":"https:\/\/www.welovecycling.com\/pl\/wp-json\/wp\/v2\/posts\/12041","targetHints":{"allow":["GET"]}}],"collection":[{"href":"https:\/\/www.welovecycling.com\/pl\/wp-json\/wp\/v2\/posts"}],"about":[{"href":"https:\/\/www.welovecycling.com\/pl\/wp-json\/wp\/v2\/types\/post"}],"author":[{"embeddable":true,"href":"https:\/\/www.welovecycling.com\/pl\/wp-json\/wp\/v2\/users\/125"}],"replies":[{"embeddable":true,"href":"https:\/\/www.welovecycling.com\/pl\/wp-json\/wp\/v2\/comments?post=12041"}],"version-history":[{"count":1,"href":"https:\/\/www.welovecycling.com\/pl\/wp-json\/wp\/v2\/posts\/12041\/revisions"}],"predecessor-version":[{"id":12043,"href":"https:\/\/www.welovecycling.com\/pl\/wp-json\/wp\/v2\/posts\/12041\/revisions\/12043"}],"wp:featuredmedia":[{"embeddable":true,"href":"https:\/\/www.welovecycling.com\/pl\/wp-json\/wp\/v2\/media\/12042"}],"wp:attachment":[{"href":"https:\/\/www.welovecycling.com\/pl\/wp-json\/wp\/v2\/media?parent=12041"}],"wp:term":[{"taxonomy":"category","embeddable":true,"href":"https:\/\/www.welovecycling.com\/pl\/wp-json\/wp\/v2\/categories?post=12041"},{"taxonomy":"post_tag","embeddable":true,"href":"https:\/\/www.welovecycling.com\/pl\/wp-json\/wp\/v2\/tags?post=12041"},{"taxonomy":"global-categories","embeddable":true,"href":"https:\/\/www.welovecycling.com\/pl\/wp-json\/wp\/v2\/global-categories?post=12041"}],"curies":[{"name":"wp","href":"https:\/\/api.w.org\/{rel}","templated":true}]}}