{"id":12030,"date":"2021-08-16T08:44:36","date_gmt":"2021-08-16T08:44:36","guid":{"rendered":"https:\/\/www.welovecycling.com\/pl\/?p=12030"},"modified":"2021-08-16T08:45:19","modified_gmt":"2021-08-16T08:45:19","slug":"niejednego-scisnelo-za-gardlo-piekne-zakonczenie-tour-de-pologne","status":"publish","type":"post","link":"https:\/\/www.welovecycling.com\/pl\/2021\/08\/16\/niejednego-scisnelo-za-gardlo-piekne-zakonczenie-tour-de-pologne\/","title":{"rendered":"Niejednego \u015bcisn\u0119\u0142o za gard\u0142o\u2026 Pi\u0119kne zako\u0144czenie Tour de Pologne"},"content":{"rendered":"<p><strong>Emocjonuj\u0105ce \u015bciganie, \u015bwietna rywalizacja i wzruszaj\u0105ce po\u017cegnania. Joao Almeida (Deceuninck-Quick Step) wygra\u0142 78. Tour de Pologne, o kt\u00f3rym m\u00f3wi\u0142o si\u0119 na ca\u0142ym \u015bwiecie.<\/strong><\/p>\n<p>7 etap\u00f3w, 1140 kilometr\u00f3w i wiele emocji oraz wzrusze\u0144. Najwi\u0119kszy polski wy\u015bcig zn\u00f3w przyci\u0105gn\u0105\u0142 tysi\u0105ce fan\u00f3w kolarstwa i zaserwowa\u0142 rywalizacj\u0119 godn\u0105 UCI World Tour.<\/p>\n<h2><strong>Najwi\u0119kszy sukces w karierze<\/strong><\/h2>\n<p>Niemal od pocz\u0105tku wy\u015bcigu w klasyfikacji generalnej prowadzi\u0142 Joao Almeida. Tylko po pierwszym etapie koszulk\u0119 lidera mia\u0142 Phil Bauhaus (Bahrain Victorious), ale p\u00f3\u017aniej to Portugalczyk rozdawa\u0142 karty w peletonie i triumfowa\u0142 w pierwszym wy\u015bcigu etapowym w karierze.<\/p>\n<div class=\"embed-controller-wrapper\">\n<blockquote class=\"twitter-tweet\" data-width=\"500\" data-dnt=\"true\">\n<p lang=\"und\" dir=\"ltr\">Klasyfikacja generalna 78. Tour de Pologne:<\/p>\n<p>General classification of the 78th Tour de Pologne: <\/p>\n<p>1. Jo\u00e3o Almeida \ud83c\uddf5\ud83c\uddf9<a href=\"https:\/\/twitter.com\/JooAlmeida98?ref_src=twsrc%5Etfw\">@JooAlmeida98<\/a> <a href=\"https:\/\/twitter.com\/deceuninck_qst?ref_src=twsrc%5Etfw\">@deceuninck_qst<\/a> <br \/>2. Matej Mohori\u010d \ud83c\uddf8\ud83c\uddee<a href=\"https:\/\/twitter.com\/matmohoric?ref_src=twsrc%5Etfw\">@matmohoric<\/a> <a href=\"https:\/\/twitter.com\/BHRVictorious?ref_src=twsrc%5Etfw\">@BHRVictorious<\/a> <br \/>3. Micha\u0142 Kwiatkowski \ud83c\uddf5\ud83c\uddf1<a href=\"https:\/\/twitter.com\/kwiato?ref_src=twsrc%5Etfw\">@kwiato<\/a> <a href=\"https:\/\/twitter.com\/INEOSGrenadiers?ref_src=twsrc%5Etfw\">@ineosgrenadiers<\/a> <\/p>\n<p>Sponsor g\u0142\u00f3wny: <a href=\"https:\/\/twitter.com\/CarrefourPolska?ref_src=twsrc%5Etfw\">@CarrefourPolska<\/a> <a href=\"https:\/\/t.co\/dYDOPV1QF8\">pic.twitter.com\/dYDOPV1QF8<\/a><\/p>\n<p>&mdash; Tour de Pologne (@Tour_de_Pologne) <a href=\"https:\/\/twitter.com\/Tour_de_Pologne\/status\/1426979636618186756?ref_src=twsrc%5Etfw\">August 15, 2021<\/a><\/p><\/blockquote>\n<p><script async data-src=\"https:\/\/platform.twitter.com\/widgets.js\" charset=\"utf-8\"><\/script><\/div>\n<p>Almeida wygra\u0142 drugi etap z Zamo\u015bcia do Przemy\u015bla, wskoczy\u0142 na pierwsze miejsce klasyfikacji generalnej i sta\u0142 si\u0119 g\u0142\u00f3wnym faworytem do wygranej. P\u00f3\u017aniej zgarn\u0105\u0142 jeszcze czwarty etap z Tarnowa do Bukowiny Tatrza\u0144skiej, nie da\u0142 plamy na czas\u00f3wce w Katowicach i przed ostatnim dniem ekipa Deceuninck-Quick Step mog\u0142a ju\u017c wk\u0142ada\u0107 szampany do zamra\u017carki.<\/p>\n<h2><strong>Polscy kibice do ko\u0144ca trzymali kciuki<\/strong><\/h2>\n<p>&#8211; To nie b\u0119dzie \u0142atwy etap, zawodnicy b\u0119d\u0105 musieli przejecha\u0107 po lekkich g\u00f3rkach, a rywalizacj\u0119 sko\u0144cz\u0105 na krakowskich B\u0142oniach. W klasyfikacji generalnej chyba niewiele jednak si\u0119 zmieni, bo wszystkie dru\u017cyny b\u0119d\u0105 pilnowa\u0142y swoich lider\u00f3w, a to s\u0105 bardzo mocne ekipy \u2013 przewidywa\u0142 przed niedzielnym \u015bciganiem Czes\u0142aw Lang, dyrektor generalny Tour de Pologne.<\/p>\n<p>I mia\u0142 racj\u0119 \u2013 Almeida dowi\u00f3z\u0142 \u017c\u00f3\u0142t\u0105 koszulk\u0119 do Krakowa, cho\u0107 polscy kibice do ko\u0144ca liczyli na szale\u0144czy atak Micha\u0142a Kwiatkowskiego. Czo\u0142owy polski kolarz przez ca\u0142y wy\u015bcig by\u0142 w czo\u0142\u00f3wce klasyfikacji generalnej, po sz\u00f3stym etapie wskoczy\u0142 na podium, a w niedziel\u0119 zaj\u0105\u0142 24. pozycj\u0119 po finiszu z peletonu (wygra\u0142 Julius van den Berg z EF Education \u2013 Nippo) i do rewolucji w wynikach nie dosz\u0142o. W klasyfikacji generalnej za Almedi\u0105 uplasowa\u0142 si\u0119 Matej Mohori\u0107 (Bahrain \u2013 Victorious), a na trzeciej pozycji sko\u0144czy\u0142 Kwiatkowski.<\/p>\n<div class=\"embed-controller-wrapper\">\n<blockquote class=\"twitter-tweet\" data-width=\"500\" data-dnt=\"true\">\n<p lang=\"pl\" dir=\"ltr\">Krak\u00f3w! <a href=\"https:\/\/t.co\/H38kMfMQFm\">https:\/\/t.co\/H38kMfMQFm<\/a><\/p>\n<p>&mdash; Tour de Pologne (@Tour_de_Pologne) <a href=\"https:\/\/twitter.com\/Tour_de_Pologne\/status\/1426940221208338432?ref_src=twsrc%5Etfw\">August 15, 2021<\/a><\/p><\/blockquote>\n<p><script async data-src=\"https:\/\/platform.twitter.com\/widgets.js\" charset=\"utf-8\"><\/script><\/div>\n<p>&#8211; Ciesz\u0119 si\u0119, \u017ce jestem na podium. Nie uda\u0142o si\u0119 wygra\u0107, ale jako ekipa jeste\u015bmy usatysfakcjonowani, \u017ce walczyli\u015bmy do ko\u0144ca.\u00a0 Mohori\u0107 i Almeida byli ode mnie po prostu lepsi, ale jestem zadowolony, \u017ce uda\u0142o mi si\u0119 co\u015b osi\u0105gn\u0105\u0107. Wy\u015bcig do ko\u0144ca by\u0142 emocjonuj\u0105cy \u2013 m\u00f3wi\u0142 na mecie Kwiatkowski, kt\u00f3ry zaj\u0105\u0142 tak\u017ce drugie miejsce w klasyfikacji punktowej (wygra\u0142 j\u0105 r\u00f3wnie\u017c Almeida, a w g\u00f3rskiej triumfowa\u0142 \u0141ukasz Owsian).<\/p>\n<div class=\"embed-controller-wrapper\">\n<blockquote class=\"twitter-tweet\" data-width=\"500\" data-dnt=\"true\">\n<p lang=\"pl\" dir=\"ltr\">Specjalna wiadomo\u015b\u0107 od <a href=\"https:\/\/twitter.com\/kwiato?ref_src=twsrc%5Etfw\">@kwiato<\/a> <a href=\"https:\/\/twitter.com\/INEOSGrenadiers?ref_src=twsrc%5Etfw\">@INEOSGrenadiers<\/a> dla kibic\u00f3w i fan\u00f3w! Dzi\u0119kujemy za walk\u0119, mn\u00f3stwo emocji i gratulujemy 3-go miejsca w klasyfikacji generalnej 78. Tour de Pologne! \ud83d\udc4f\ud83c\udffc \ud83d\udeb4\ud83e\udd49 Do zobaczenia podczas 79. edycji! <a href=\"https:\/\/t.co\/5q2QN5ukkc\">pic.twitter.com\/5q2QN5ukkc<\/a><\/p>\n<p>&mdash; Tour de Pologne (@Tour_de_Pologne) <a href=\"https:\/\/twitter.com\/Tour_de_Pologne\/status\/1426958149416853506?ref_src=twsrc%5Etfw\">August 15, 2021<\/a><\/p><\/blockquote>\n<p><script async data-src=\"https:\/\/platform.twitter.com\/widgets.js\" charset=\"utf-8\"><\/script><\/div>\n<h2><strong>Emocjonalne po\u017cegnania<\/strong><\/h2>\n<p>U niekt\u00f3rych zawodnik\u00f3w najwi\u0119ksze emocje pojawi\u0142y si\u0119 jednak po wy\u015bcigu. Ju\u017c wcze\u015bniej by\u0142o wiadomo, \u017ce b\u0119dzie to ostatni Tour de Pologne dla dw\u00f3ch eksportowych polskich kolarzy \u2013 37-letniego Tomasza Marczy\u0144skiego (Lotto Soudal) i jego r\u00f3wnie\u015bnika Micha\u0142a Go\u0142asia (INEOS Grenadiers). Obaj ko\u0144cz\u0105 kariery.<\/p>\n<p>\u201eOstatnie 25 lat by\u0142o wspania\u0142\u0105 podr\u00f3\u017c\u0105, ale wszystko kiedy\u015b musi si\u0119 sko\u0144czy\u0107. [\u2026] Bra\u0142em udzia\u0142 w najbardziej presti\u017cowych wy\u015bcigach, by\u0142em cz\u0119\u015bci\u0105 najlepszych dru\u017cyn na \u015bwiecie i mam wiele cudownych wspomnie\u0144. My\u015bl\u0119, \u017ce udowodni\u0142em, \u017ce ci\u0119\u017ck\u0105 prac\u0105, mo\u017cna dokona\u0107 wi\u0119cej ni\u017c jeste\u015bmy w stanie sobie wyobrazi\u0107. [\u2026] Kolarstwo jest ogromn\u0105 cz\u0119\u015bci\u0105 mojego \u017cycia. Cho\u0107 nie boj\u0119 si\u0119 przewr\u00f3ci\u0107 strony, \u017ceby zacz\u0105\u0107 nowy rozdzia\u0142, to czuj\u0119, \u017ce tak pozostanie na zawsze\u201d \u2013 poinformowa\u0142 w emocjonalnym wpisie Go\u0142a\u015b.<\/p>\n<div class=\"embed-controller-wrapper\">\n<blockquote class=\"twitter-tweet\" data-width=\"500\" data-dnt=\"true\">\n<p lang=\"en\" dir=\"ltr\">It\u2019s been a great ride, but I can see the finish line!\ud83d\ude01 <a href=\"https:\/\/t.co\/Lc4l5tQTCU\">pic.twitter.com\/Lc4l5tQTCU<\/a><\/p>\n<p>&mdash; Micha\u0142 Go\u0142a\u015b (@golasmichal) <a href=\"https:\/\/twitter.com\/golasmichal\/status\/1423918480647200772?ref_src=twsrc%5Etfw\">August 7, 2021<\/a><\/p><\/blockquote>\n<p><script async data-src=\"https:\/\/platform.twitter.com\/widgets.js\" charset=\"utf-8\"><\/script><\/div>\n<p><span data-sheets-value=\"{&quot;1&quot;:2,&quot;2&quot;:&quot;Artyku\u0142 powsta\u0142 we wsp\u00f3\u0142pracy ze skoda-auto.pl&quot;}\" data-sheets-userformat=\"{&quot;2&quot;:1,&quot;3&quot;:{&quot;1&quot;:0}}\" data-sheets-hyperlink=\"http:\/\/www.skoda-auto.pl\/\"><a class=\"in-cell-link\" href=\"http:\/\/www.skoda-auto.pl\/\" target=\"_blank\" rel=\"noopener noreferrer\">Artyku\u0142 powsta\u0142 we wsp\u00f3\u0142pracy ze skoda-auto.pl<\/a><\/span><\/p>\n<p><a href=\"https:\/\/www.skoda-auto.pl\/modele\/nowa-octavia\"><img loading=\"lazy\" decoding=\"async\" class=\"alignnone size-full wp-image-11630 aligncenter\" src=\"https:\/\/d2p6e6u75xmxt8.cloudfront.net\/5\/2021\/12\/640x350-1.jpg\" alt=\"\" width=\"640\" height=\"350\" srcset=\"https:\/\/d2p6e6u75xmxt8.cloudfront.net\/5\/2021\/12\/640x350-1.jpg 640w, https:\/\/d2p6e6u75xmxt8.cloudfront.net\/5\/2021\/12\/640x350-1-300x164.jpg 300w\" sizes=\"auto, (max-width: 640px) 100vw, 640px\" \/><\/a><\/p>\n<p>&nbsp;<\/p>\n","protected":false},"excerpt":{"rendered":"<p>Emocjonuj\u0105ce \u015bciganie, \u015bwietna rywalizacja i wzruszaj\u0105ce po\u017cegnania. Joao Almeida (Deceuninck-Quick Step) wygra\u0142 78. Tour de Pologne, o kt\u00f3rym m\u00f3wi\u0142o si\u0119 [&hellip;]<\/p>\n","protected":false},"author":125,"featured_media":11275,"comment_status":"open","ping_status":"open","sticky":false,"template":"","format":"standard","meta":{"footnotes":""},"categories":[360],"tags":[],"global-categories":[303],"class_list":["post-12030","post","type-post","status-publish","format-standard","has-post-thumbnail","hentry","category-tour-de-pologne-2021","global-categories-cycling"],"yoast_head":"<!-- This site is optimized with the Yoast SEO Premium plugin v25.3 (Yoast SEO v25.9) - https:\/\/yoast.com\/wordpress\/plugins\/seo\/ -->\n<title>Niejednego \u015bcisn\u0119\u0142o za gard\u0142o\u2026 Pi\u0119kne zako\u0144czenie Tour de Pologne - \u0160koda We Love Cycling - Poland<\/title>\n<meta name=\"robots\" content=\"index, follow, max-snippet:-1, max-image-preview:large, max-video-preview:-1\" \/>\n<link rel=\"canonical\" href=\"https:\/\/www.welovecycling.com\/pl\/2021\/08\/16\/niejednego-scisnelo-za-gardlo-piekne-zakonczenie-tour-de-pologne\/\" \/>\n<meta property=\"og:locale\" content=\"pl_PL\" \/>\n<meta property=\"og:type\" content=\"article\" \/>\n<meta property=\"og:title\" content=\"Niejednego \u015bcisn\u0119\u0142o za gard\u0142o\u2026 Pi\u0119kne zako\u0144czenie Tour de Pologne\" \/>\n<meta property=\"og:description\" content=\"Emocjonuj\u0105ce \u015bciganie, \u015bwietna rywalizacja i wzruszaj\u0105ce po\u017cegnania. Joao Almeida (Deceuninck-Quick Step) wygra\u0142 78. Tour de Pologne, o kt\u00f3rym m\u00f3wi\u0142o si\u0119 [&hellip;]\" \/>\n<meta property=\"og:url\" content=\"https:\/\/www.welovecycling.com\/pl\/2021\/08\/16\/niejednego-scisnelo-za-gardlo-piekne-zakonczenie-tour-de-pologne\/\" \/>\n<meta property=\"og:site_name\" content=\"\u0160koda We Love Cycling - Poland\" \/>\n<meta property=\"article:published_time\" content=\"2021-08-16T08:44:36+00:00\" \/>\n<meta property=\"article:modified_time\" content=\"2021-08-16T08:45:19+00:00\" \/>\n<meta property=\"og:image\" content=\"https:\/\/d2p6e6u75xmxt8.cloudfront.net\/5\/2020\/11\/La-Vuelta-profimedia-0566026637-CVR-1024x450-1.jpg\" \/>\n\t<meta property=\"og:image:width\" content=\"1024\" \/>\n\t<meta property=\"og:image:height\" content=\"450\" \/>\n\t<meta property=\"og:image:type\" content=\"image\/jpeg\" \/>\n<meta name=\"author\" content=\"oktawiamikulska\" \/>\n<meta name=\"twitter:card\" content=\"summary_large_image\" \/>\n<meta name=\"twitter:label1\" content=\"Written by\" \/>\n\t<meta name=\"twitter:data1\" content=\"Piotr Nowik\" \/>\n\t<meta name=\"twitter:label2\" content=\"Est. reading time\" \/>\n\t<meta name=\"twitter:data2\" content=\"3 minutes\" \/>\n<script type=\"application\/ld+json\" class=\"yoast-schema-graph\">{\"@context\":\"https:\/\/schema.org\",\"@graph\":[{\"@type\":\"WebPage\",\"@id\":\"https:\/\/www.welovecycling.com\/pl\/2021\/08\/16\/niejednego-scisnelo-za-gardlo-piekne-zakonczenie-tour-de-pologne\/\",\"url\":\"https:\/\/www.welovecycling.com\/pl\/2021\/08\/16\/niejednego-scisnelo-za-gardlo-piekne-zakonczenie-tour-de-pologne\/\",\"name\":\"Niejednego \u015bcisn\u0119\u0142o za gard\u0142o\u2026 Pi\u0119kne zako\u0144czenie Tour de Pologne - \u0160koda We Love Cycling - Poland\",\"isPartOf\":{\"@id\":\"https:\/\/www.welovecycling.com\/pl\/#website\"},\"primaryImageOfPage\":{\"@id\":\"https:\/\/www.welovecycling.com\/pl\/2021\/08\/16\/niejednego-scisnelo-za-gardlo-piekne-zakonczenie-tour-de-pologne\/#primaryimage\"},\"image\":{\"@id\":\"https:\/\/www.welovecycling.com\/pl\/2021\/08\/16\/niejednego-scisnelo-za-gardlo-piekne-zakonczenie-tour-de-pologne\/#primaryimage\"},\"thumbnailUrl\":\"https:\/\/d2p6e6u75xmxt8.cloudfront.net\/5\/2020\/11\/La-Vuelta-profimedia-0566026637-CVR-1024x450-1.jpg\",\"datePublished\":\"2021-08-16T08:44:36+00:00\",\"dateModified\":\"2021-08-16T08:45:19+00:00\",\"author\":{\"@id\":\"https:\/\/www.welovecycling.com\/pl\/#\/schema\/person\/4a79bac7bd265aa6a35a1079d36648be\"},\"breadcrumb\":{\"@id\":\"https:\/\/www.welovecycling.com\/pl\/2021\/08\/16\/niejednego-scisnelo-za-gardlo-piekne-zakonczenie-tour-de-pologne\/#breadcrumb\"},\"inLanguage\":\"pl-PL\",\"potentialAction\":[{\"@type\":\"ReadAction\",\"target\":[\"https:\/\/www.welovecycling.com\/pl\/2021\/08\/16\/niejednego-scisnelo-za-gardlo-piekne-zakonczenie-tour-de-pologne\/\"]}]},{\"@type\":\"ImageObject\",\"inLanguage\":\"pl-PL\",\"@id\":\"https:\/\/www.welovecycling.com\/pl\/2021\/08\/16\/niejednego-scisnelo-za-gardlo-piekne-zakonczenie-tour-de-pologne\/#primaryimage\",\"url\":\"https:\/\/d2p6e6u75xmxt8.cloudfront.net\/5\/2020\/11\/La-Vuelta-profimedia-0566026637-CVR-1024x450-1.jpg\",\"contentUrl\":\"https:\/\/d2p6e6u75xmxt8.cloudfront.net\/5\/2020\/11\/La-Vuelta-profimedia-0566026637-CVR-1024x450-1.jpg\",\"width\":1024,\"height\":450},{\"@type\":\"BreadcrumbList\",\"@id\":\"https:\/\/www.welovecycling.com\/pl\/2021\/08\/16\/niejednego-scisnelo-za-gardlo-piekne-zakonczenie-tour-de-pologne\/#breadcrumb\",\"itemListElement\":[{\"@type\":\"ListItem\",\"position\":1,\"name\":\"Home\",\"item\":\"https:\/\/www.welovecycling.com\/pl\/\"},{\"@type\":\"ListItem\",\"position\":2,\"name\":\"Niejednego \u015bcisn\u0119\u0142o za gard\u0142o\u2026 Pi\u0119kne zako\u0144czenie Tour de Pologne\"}]},{\"@type\":\"WebSite\",\"@id\":\"https:\/\/www.welovecycling.com\/pl\/#website\",\"url\":\"https:\/\/www.welovecycling.com\/pl\/\",\"name\":\"\u0160koda We Love Cycling - Poland\",\"description\":\"\",\"potentialAction\":[{\"@type\":\"SearchAction\",\"target\":{\"@type\":\"EntryPoint\",\"urlTemplate\":\"https:\/\/www.welovecycling.com\/pl\/?s={search_term_string}\"},\"query-input\":{\"@type\":\"PropertyValueSpecification\",\"valueRequired\":true,\"valueName\":\"search_term_string\"}}],\"inLanguage\":\"pl-PL\"},{\"@type\":\"Person\",\"@id\":\"https:\/\/www.welovecycling.com\/pl\/#\/schema\/person\/4a79bac7bd265aa6a35a1079d36648be\",\"name\":\"oktawiamikulska\",\"image\":{\"@type\":\"ImageObject\",\"inLanguage\":\"pl-PL\",\"@id\":\"https:\/\/www.welovecycling.com\/pl\/#\/schema\/person\/image\/\",\"url\":\"https:\/\/secure.gravatar.com\/avatar\/b97a3f44e2de6d2f8dd358975937e49823662e12cbd810b9d1a2bff1c149e8a7?s=96&d=mm&r=g\",\"contentUrl\":\"https:\/\/secure.gravatar.com\/avatar\/b97a3f44e2de6d2f8dd358975937e49823662e12cbd810b9d1a2bff1c149e8a7?s=96&d=mm&r=g\",\"caption\":\"oktawiamikulska\"},\"url\":\"https:\/\/www.welovecycling.com\/pl\/author\/oktawiamikulska\/\"}]}<\/script>\n<!-- \/ Yoast SEO Premium plugin. -->","yoast_head_json":{"title":"Niejednego \u015bcisn\u0119\u0142o za gard\u0142o\u2026 Pi\u0119kne zako\u0144czenie Tour de Pologne - \u0160koda We Love Cycling - Poland","robots":{"index":"index","follow":"follow","max-snippet":"max-snippet:-1","max-image-preview":"max-image-preview:large","max-video-preview":"max-video-preview:-1"},"canonical":"https:\/\/www.welovecycling.com\/pl\/2021\/08\/16\/niejednego-scisnelo-za-gardlo-piekne-zakonczenie-tour-de-pologne\/","og_locale":"pl_PL","og_type":"article","og_title":"Niejednego \u015bcisn\u0119\u0142o za gard\u0142o\u2026 Pi\u0119kne zako\u0144czenie Tour de Pologne","og_description":"Emocjonuj\u0105ce \u015bciganie, \u015bwietna rywalizacja i wzruszaj\u0105ce po\u017cegnania. Joao Almeida (Deceuninck-Quick Step) wygra\u0142 78. Tour de Pologne, o kt\u00f3rym m\u00f3wi\u0142o si\u0119 [&hellip;]","og_url":"https:\/\/www.welovecycling.com\/pl\/2021\/08\/16\/niejednego-scisnelo-za-gardlo-piekne-zakonczenie-tour-de-pologne\/","og_site_name":"\u0160koda We Love Cycling - Poland","article_published_time":"2021-08-16T08:44:36+00:00","article_modified_time":"2021-08-16T08:45:19+00:00","og_image":[{"width":1024,"height":450,"url":"https:\/\/d2p6e6u75xmxt8.cloudfront.net\/5\/2020\/11\/La-Vuelta-profimedia-0566026637-CVR-1024x450-1.jpg","type":"image\/jpeg"}],"author":"oktawiamikulska","twitter_card":"summary_large_image","twitter_misc":{"Written by":"Piotr Nowik","Est. reading time":"3 minutes"},"schema":{"@context":"https:\/\/schema.org","@graph":[{"@type":"WebPage","@id":"https:\/\/www.welovecycling.com\/pl\/2021\/08\/16\/niejednego-scisnelo-za-gardlo-piekne-zakonczenie-tour-de-pologne\/","url":"https:\/\/www.welovecycling.com\/pl\/2021\/08\/16\/niejednego-scisnelo-za-gardlo-piekne-zakonczenie-tour-de-pologne\/","name":"Niejednego \u015bcisn\u0119\u0142o za gard\u0142o\u2026 Pi\u0119kne zako\u0144czenie Tour de Pologne - \u0160koda We Love Cycling - Poland","isPartOf":{"@id":"https:\/\/www.welovecycling.com\/pl\/#website"},"primaryImageOfPage":{"@id":"https:\/\/www.welovecycling.com\/pl\/2021\/08\/16\/niejednego-scisnelo-za-gardlo-piekne-zakonczenie-tour-de-pologne\/#primaryimage"},"image":{"@id":"https:\/\/www.welovecycling.com\/pl\/2021\/08\/16\/niejednego-scisnelo-za-gardlo-piekne-zakonczenie-tour-de-pologne\/#primaryimage"},"thumbnailUrl":"https:\/\/d2p6e6u75xmxt8.cloudfront.net\/5\/2020\/11\/La-Vuelta-profimedia-0566026637-CVR-1024x450-1.jpg","datePublished":"2021-08-16T08:44:36+00:00","dateModified":"2021-08-16T08:45:19+00:00","author":{"@id":"https:\/\/www.welovecycling.com\/pl\/#\/schema\/person\/4a79bac7bd265aa6a35a1079d36648be"},"breadcrumb":{"@id":"https:\/\/www.welovecycling.com\/pl\/2021\/08\/16\/niejednego-scisnelo-za-gardlo-piekne-zakonczenie-tour-de-pologne\/#breadcrumb"},"inLanguage":"pl-PL","potentialAction":[{"@type":"ReadAction","target":["https:\/\/www.welovecycling.com\/pl\/2021\/08\/16\/niejednego-scisnelo-za-gardlo-piekne-zakonczenie-tour-de-pologne\/"]}]},{"@type":"ImageObject","inLanguage":"pl-PL","@id":"https:\/\/www.welovecycling.com\/pl\/2021\/08\/16\/niejednego-scisnelo-za-gardlo-piekne-zakonczenie-tour-de-pologne\/#primaryimage","url":"https:\/\/d2p6e6u75xmxt8.cloudfront.net\/5\/2020\/11\/La-Vuelta-profimedia-0566026637-CVR-1024x450-1.jpg","contentUrl":"https:\/\/d2p6e6u75xmxt8.cloudfront.net\/5\/2020\/11\/La-Vuelta-profimedia-0566026637-CVR-1024x450-1.jpg","width":1024,"height":450},{"@type":"BreadcrumbList","@id":"https:\/\/www.welovecycling.com\/pl\/2021\/08\/16\/niejednego-scisnelo-za-gardlo-piekne-zakonczenie-tour-de-pologne\/#breadcrumb","itemListElement":[{"@type":"ListItem","position":1,"name":"Home","item":"https:\/\/www.welovecycling.com\/pl\/"},{"@type":"ListItem","position":2,"name":"Niejednego \u015bcisn\u0119\u0142o za gard\u0142o\u2026 Pi\u0119kne zako\u0144czenie Tour de Pologne"}]},{"@type":"WebSite","@id":"https:\/\/www.welovecycling.com\/pl\/#website","url":"https:\/\/www.welovecycling.com\/pl\/","name":"\u0160koda We Love Cycling - Poland","description":"","potentialAction":[{"@type":"SearchAction","target":{"@type":"EntryPoint","urlTemplate":"https:\/\/www.welovecycling.com\/pl\/?s={search_term_string}"},"query-input":{"@type":"PropertyValueSpecification","valueRequired":true,"valueName":"search_term_string"}}],"inLanguage":"pl-PL"},{"@type":"Person","@id":"https:\/\/www.welovecycling.com\/pl\/#\/schema\/person\/4a79bac7bd265aa6a35a1079d36648be","name":"oktawiamikulska","image":{"@type":"ImageObject","inLanguage":"pl-PL","@id":"https:\/\/www.welovecycling.com\/pl\/#\/schema\/person\/image\/","url":"https:\/\/secure.gravatar.com\/avatar\/b97a3f44e2de6d2f8dd358975937e49823662e12cbd810b9d1a2bff1c149e8a7?s=96&d=mm&r=g","contentUrl":"https:\/\/secure.gravatar.com\/avatar\/b97a3f44e2de6d2f8dd358975937e49823662e12cbd810b9d1a2bff1c149e8a7?s=96&d=mm&r=g","caption":"oktawiamikulska"},"url":"https:\/\/www.welovecycling.com\/pl\/author\/oktawiamikulska\/"}]}},"_links":{"self":[{"href":"https:\/\/www.welovecycling.com\/pl\/wp-json\/wp\/v2\/posts\/12030","targetHints":{"allow":["GET"]}}],"collection":[{"href":"https:\/\/www.welovecycling.com\/pl\/wp-json\/wp\/v2\/posts"}],"about":[{"href":"https:\/\/www.welovecycling.com\/pl\/wp-json\/wp\/v2\/types\/post"}],"author":[{"embeddable":true,"href":"https:\/\/www.welovecycling.com\/pl\/wp-json\/wp\/v2\/users\/125"}],"replies":[{"embeddable":true,"href":"https:\/\/www.welovecycling.com\/pl\/wp-json\/wp\/v2\/comments?post=12030"}],"version-history":[{"count":1,"href":"https:\/\/www.welovecycling.com\/pl\/wp-json\/wp\/v2\/posts\/12030\/revisions"}],"predecessor-version":[{"id":12035,"href":"https:\/\/www.welovecycling.com\/pl\/wp-json\/wp\/v2\/posts\/12030\/revisions\/12035"}],"wp:featuredmedia":[{"embeddable":true,"href":"https:\/\/www.welovecycling.com\/pl\/wp-json\/wp\/v2\/media\/11275"}],"wp:attachment":[{"href":"https:\/\/www.welovecycling.com\/pl\/wp-json\/wp\/v2\/media?parent=12030"}],"wp:term":[{"taxonomy":"category","embeddable":true,"href":"https:\/\/www.welovecycling.com\/pl\/wp-json\/wp\/v2\/categories?post=12030"},{"taxonomy":"post_tag","embeddable":true,"href":"https:\/\/www.welovecycling.com\/pl\/wp-json\/wp\/v2\/tags?post=12030"},{"taxonomy":"global-categories","embeddable":true,"href":"https:\/\/www.welovecycling.com\/pl\/wp-json\/wp\/v2\/global-categories?post=12030"}],"curies":[{"name":"wp","href":"https:\/\/api.w.org\/{rel}","templated":true}]}}