{"id":12023,"date":"2021-08-13T06:48:32","date_gmt":"2021-08-13T06:48:32","guid":{"rendered":"https:\/\/www.welovecycling.com\/pl\/?p=12023"},"modified":"2021-08-16T06:52:36","modified_gmt":"2021-08-16T06:52:36","slug":"czas-na-deser-tegoroczna-vuelta-a-espana-zapowiada-sie-wyjatkowo","status":"publish","type":"post","link":"https:\/\/www.welovecycling.com\/pl\/2021\/08\/13\/czas-na-deser-tegoroczna-vuelta-a-espana-zapowiada-sie-wyjatkowo\/","title":{"rendered":"Czas na deser! Tegoroczna Vuelta a Espana zapowiada si\u0119 wyj\u0105tkowo"},"content":{"rendered":"<p><strong>Ju\u017c sam start zwiastuje niezwyk\u0142e emocje, a ca\u0142y wy\u015bcig ma by\u0107 podsumowaniem kapitalnego sezonu. W sobot\u0119 zaczyna si\u0119 Vuelta a Espana, ostatnie w tym roku zawody z cyklu Grand Tour.<\/strong><\/p>\n<p>Start? Wn\u0119trze ko\u015bcio\u0142a. Meta? Miejsce pielgrzymek milion\u00f3w chrze\u015bcijan. Cel? Dostarczy\u0107 jak najwi\u0119cej emocji fanom kolarstwa. Cho\u0107 Vuelta a Espana to najm\u0142odszy z Grand Tour\u00f3w (w sobot\u0119 zacznie si\u0119 76. edycja, podczas gdy Giro d\u2019Italia startowa\u0142o ju\u017c 104, a Tour de France \u2013 108 razy), to wcale nie oznacza, \u017ce najmniej ciekawy. Wr\u0119cz przeciwnie \u2013 Hiszpanie wiedz\u0105, \u017ce marketingowo ich wy\u015bcig nie jest tak mocny jak np. Wielka P\u0119tla, wi\u0119c r\u00f3\u017cnice pr\u00f3buj\u0105 nadrabia\u0107 na ka\u017cdym innym polu. I oby w tym roku by\u0142o tak samo.<\/p>\n<h2><strong>Egan Bernal wjedzie do historii?<\/strong><\/h2>\n<p>Tegoroczna Vuelta a Espana mo\u017ce przej\u015b\u0107 do historii dzi\u0119ki Eganowi Bernalowi. To w\u0142a\u015bnie teraz, i w\u0142a\u015bnie w Hiszpanii Kolumbijczyk chce przebi\u0107 wszystkich najznakomitszych kolarzy \u015bwiata. By to zrobi\u0107, musi 5 wrze\u015bnia stan\u0105\u0107 na najwy\u017cszym stopniu podium klasyfikacji generalnej. Wygrana w Vuelta a Espana uczyni go bowiem najm\u0142odszym zawodnikiem, kt\u00f3ry wygra\u0142 wszystkie trzy Grand Toury. Do tej pory uda\u0142o si\u0119 to tylko siedmiu zawodnikom, ale \u017caden nie mia\u0142 zaledwie 24 lat jak Bernal. Dwa lata temu Kolumbijczyk zwyci\u0119\u017cy\u0142 w Tour de France, w maju wygra\u0142 Giro d\u2019Italia, wi\u0119c do skompletowania zostaje mu ju\u017c tylko triumf w Vuelta a Espana.<\/p>\n<p>https:\/\/twitter.com\/Eganbernal\/status\/1399076931996426244?s=20<\/p>\n<p>Bernal na Vuelcie pojedzie w bardzo mocnej ekipie. Ineos Grenadiers do Hiszpanii posy\u0142aj\u0105 bowiem tak\u017ce mistrza olimpijskiego ze startu wsp\u00f3lnego Richarda Carapaza, mistrza olimpijskiego w cross-country Toma Pidcocka oraz Adama Yatesa. To w\u0142a\u015bnie ci zawodnicy maj\u0105 mi\u0119dzy sob\u0105 rozstrzygn\u0105\u0107, kto b\u0119dzie liderem ekipy, a wspomaga\u0107 ich b\u0119d\u0105 Pavel Sivakov, Dylan van Baarle, Salvatore Puccio i Jonathan Narvaez.<\/p>\n<p>Z kolei polscy kibice b\u0119d\u0105 uwa\u017cnie \u015bledzili jazd\u0119 Rafa\u0142a Majki w UAE Team Emirates. Ekipa ju\u017c ods\u0142oni\u0142a karty, a d\u017cokerem ma by\u0107 David de la Cruz<\/p>\n<div class=\"embed-controller-wrapper\">\n<blockquote class=\"twitter-tweet\" data-width=\"500\" data-dnt=\"true\">\n<p lang=\"en\" dir=\"ltr\">The final Grand Tour of the year is here! <\/p>\n<p>Here&#39;s our lineup for <a href=\"https:\/\/twitter.com\/lavuelta?ref_src=twsrc%5Etfw\">@lavuelta<\/a> \ud83c\uddea\ud83c\uddf8:<a href=\"https:\/\/twitter.com\/iamdlax?ref_src=twsrc%5Etfw\">@iamdlax<\/a> \ud83c\uddea\ud83c\uddf8<a href=\"https:\/\/twitter.com\/JoeDombro?ref_src=twsrc%5Etfw\">@JoeDombro<\/a> \ud83c\uddfa\ud83c\uddf8<a href=\"https:\/\/twitter.com\/RyanGibbons23?ref_src=twsrc%5Etfw\">@RyanGibbons23<\/a> \ud83c\uddff\ud83c\udde6<a href=\"https:\/\/twitter.com\/majkaformal?ref_src=twsrc%5Etfw\">@majkaformal<\/a> \ud83c\uddf5\ud83c\uddf1<a href=\"https:\/\/twitter.com\/sebasmolano_?ref_src=twsrc%5Etfw\">@sebasmolano_<\/a> \ud83c\udde8\ud83c\uddf4<a href=\"https:\/\/twitter.com\/roliveira57?ref_src=twsrc%5Etfw\">@roliveira57<\/a> \ud83c\uddf5\ud83c\uddf9<a href=\"https:\/\/twitter.com\/PolancJan?ref_src=twsrc%5Etfw\">@PolancJan<\/a> \ud83c\uddf8\ud83c\uddee<a href=\"https:\/\/twitter.com\/MATTEOTRENTIN?ref_src=twsrc%5Etfw\">@MATTEOTRENTIN<\/a> \ud83c\uddee\ud83c\uddf9<\/p>\n<p>\ud83d\udcdd&gt; <a href=\"https:\/\/t.co\/g8ZwgaE3e5\">https:\/\/t.co\/g8ZwgaE3e5<\/a><a href=\"https:\/\/twitter.com\/hashtag\/UAETeamEmirates?src=hash&amp;ref_src=twsrc%5Etfw\">#UAETeamEmirates<\/a> <a href=\"https:\/\/twitter.com\/hashtag\/RideTogether?src=hash&amp;ref_src=twsrc%5Etfw\">#RideTogether<\/a> <a href=\"https:\/\/twitter.com\/hashtag\/LaVuelta21?src=hash&amp;ref_src=twsrc%5Etfw\">#LaVuelta21<\/a> <a href=\"https:\/\/t.co\/hINF9F38UG\">pic.twitter.com\/hINF9F38UG<\/a><\/p>\n<p>&mdash; @UAE-TeamEmirates (@TeamEmiratesUAE) <a href=\"https:\/\/twitter.com\/TeamEmiratesUAE\/status\/1425373089139920896?ref_src=twsrc%5Etfw\">August 11, 2021<\/a><\/p><\/blockquote>\n<p><script async data-src=\"https:\/\/platform.twitter.com\/widgets.js\" charset=\"utf-8\"><\/script><\/div>\n<p>Z\u0119by na zwyci\u0119stwo w swoim kraju ostrzy sobie Mikel Landa (Bahrain Victorious), a specjalnie na \u015bciganie w Vuelcie tradycyjnie przygotowuje si\u0119 ca\u0142a ekipa Movistaru, na czele z 41-letnim weteranem Alejandro Valverde<\/p>\n<div class=\"embed-controller-wrapper\">\n<blockquote class=\"twitter-tweet\" data-width=\"500\" data-dnt=\"true\">\n<p lang=\"es\" dir=\"ltr\">\ud83c\uddea\ud83c\uddf8\ud83d\udc99 Llega la gran carrera de casa: <a href=\"https:\/\/twitter.com\/lavuelta?ref_src=twsrc%5Etfw\">@lavuelta<\/a> arranca el s\u00e1bado \ud83e\udd17 <a href=\"https:\/\/twitter.com\/hashtag\/LaVuelta21?src=hash&amp;ref_src=twsrc%5Etfw\">#LaVuelta21<\/a> <\/p>\n<p>\ud83d\udeb4\u200d\u2642\ufe0f\ud83d\udcaa <a href=\"https:\/\/twitter.com\/SupermanlopezN?ref_src=twsrc%5Etfw\">@SupermanlopezN<\/a>, <a href=\"https:\/\/twitter.com\/EnricMasNicolau?ref_src=twsrc%5Etfw\">@EnricMasNicolau<\/a>, <a href=\"https:\/\/twitter.com\/Nelsoliveira89?ref_src=twsrc%5Etfw\">@Nelsoliveira89<\/a>, <a href=\"https:\/\/twitter.com\/Carlos_Verona?ref_src=twsrc%5Etfw\">@Carlos_Verona<\/a>, <a href=\"https:\/\/twitter.com\/alejanvalverde?ref_src=twsrc%5Etfw\">@alejanvalverde<\/a>, <a href=\"https:\/\/twitter.com\/johanjacbs?ref_src=twsrc%5Etfw\">@johanjacbs<\/a>, <a href=\"https:\/\/twitter.com\/jjrojillas?ref_src=twsrc%5Etfw\">@jjrojillas<\/a>, <a href=\"https:\/\/twitter.com\/ImanolErviti?ref_src=twsrc%5Etfw\">@ImanolErviti<\/a> <\/p>\n<p>\ud83d\uddd2\ufe0f Nuestra Gu\u00eda \u2192 <a href=\"https:\/\/t.co\/2qKfgi6C4R\">https:\/\/t.co\/2qKfgi6C4R<\/a><a href=\"https:\/\/twitter.com\/hashtag\/RodamosJuntos?src=hash&amp;ref_src=twsrc%5Etfw\">#RodamosJuntos<\/a> <a href=\"https:\/\/t.co\/lEkSmSwe35\">pic.twitter.com\/lEkSmSwe35<\/a><\/p>\n<p>&mdash; Movistar Team (@Movistar_Team) <a href=\"https:\/\/twitter.com\/Movistar_Team\/status\/1424639943809413122?ref_src=twsrc%5Etfw\">August 9, 2021<\/a><\/p><\/blockquote>\n<p><script async data-src=\"https:\/\/platform.twitter.com\/widgets.js\" charset=\"utf-8\"><\/script><\/div>\n<p>Zanim jednak rozpocznie si\u0119 wy\u015bcig, to ju\u017c mo\u017cna przyzna\u0107 nagrod\u0119 za najciekawsz\u0105 prezentacj\u0119 zespo\u0142u. W tym roku wygrywa ekipa Trek Segafredo<\/p>\n<div class=\"embed-controller-wrapper\">\n<blockquote class=\"twitter-tweet\" data-width=\"500\" data-dnt=\"true\">\n<p lang=\"en\" dir=\"ltr\">These guys are preparing the <a href=\"https:\/\/twitter.com\/lavuelta?ref_src=twsrc%5Etfw\">@lavuelta<\/a> heist \ud83d\ude09<\/p>\n<p>\ud83c\uddee\ud83c\uddf9 <a href=\"https:\/\/twitter.com\/giuliocicco1?ref_src=twsrc%5Etfw\">@giuliocicco1<\/a> <br \/>\ud83c\uddee\ud83c\uddf9 <a href=\"https:\/\/twitter.com\/glbrambilla?ref_src=twsrc%5Etfw\">@glbrambilla<\/a> <br \/>\ud83c\uddeb\ud83c\uddf7 <a href=\"https:\/\/twitter.com\/KennyElissonde?ref_src=twsrc%5Etfw\">@KennyElissonde<\/a> <br \/>\ud83c\uddf1\ud83c\uddfa <a href=\"https:\/\/twitter.com\/alexkirsch92?ref_src=twsrc%5Etfw\">@alexkirsch92<\/a> <br \/>\ud83c\uddea\ud83c\uddf8 <a href=\"https:\/\/twitter.com\/juanpelopez97?ref_src=twsrc%5Etfw\">@juanpelopez97<\/a> <br \/>\ud83c\uddee\ud83c\uddf9 <a href=\"https:\/\/twitter.com\/AntonioNibali?ref_src=twsrc%5Etfw\">@AntonioNibali<\/a> <br \/>\ud83c\uddfa\ud83c\uddf8 @Kielreijnen <br \/>\ud83c\uddfa\ud83c\uddf8 <a href=\"https:\/\/twitter.com\/QuinnSimmons9?ref_src=twsrc%5Etfw\">@QuinnSimmons9<\/a> <a href=\"https:\/\/t.co\/auxLT2K2m9\">pic.twitter.com\/auxLT2K2m9<\/a><\/p>\n<p>&mdash; Lidl-Trek (@LidlTrek) <a href=\"https:\/\/twitter.com\/LidlTrek\/status\/1423582595359592452?ref_src=twsrc%5Etfw\">August 6, 2021<\/a><\/p><\/blockquote>\n<p><script async data-src=\"https:\/\/platform.twitter.com\/widgets.js\" charset=\"utf-8\"><\/script><\/div>\n<h2><strong>G\u00f3ry, du\u017co g\u00f3r<\/strong><\/h2>\n<p>Ju\u017c sam start 76. Vuelta a Espana zwiastuje, \u017ce podczas wy\u015bcigu mog\u0105 dzia\u0107 si\u0119 rzeczy niesamowite. Pierwszy etap rozpocznie si\u0119 bowiem we\u2026 wn\u0119trzu katedry \u015bw. Marii w Burgos. Budowa tego ko\u015bcio\u0142a rozpocz\u0119\u0142a si\u0119 w 1221 r., a zako\u0144czy\u0142a blisko 350 lat p\u00f3\u017aniej. Dzi\u015b to jeden z najwa\u017cniejszych zabytk\u00f3w Hiszpanii, znajduj\u0105cy si\u0119 na li\u015bcie \u015bwiatowego dziedzictwa UNESCO. I to w\u0142a\u015bnie z przedsionka tej katedry kolarze zaczn\u0105 8-kilometrow\u0105 jazd\u0119 na czas.<\/p>\n<div class=\"embed-controller-wrapper\">\n<blockquote class=\"twitter-tweet\" data-width=\"500\" data-dnt=\"true\">\n<p lang=\"es\" dir=\"ltr\">\u26ea\ufe0f <a href=\"https:\/\/twitter.com\/hashtag\/LaVuelta21?src=hash&amp;ref_src=twsrc%5Etfw\">#LaVuelta21<\/a> saldr\u00e1 desde el interior de la Catedral de Burgos en el VIII Centenario del templo<\/p>\n<p>\u26ea\ufe0f <a href=\"https:\/\/twitter.com\/hashtag\/LaVuelta21?src=hash&amp;ref_src=twsrc%5Etfw\">#LaVuelta21<\/a> will start from inside the Burgos Cathedral to celebrate its 800th anniversary<\/p>\n<p>\ud83d\udd17\u27ab <a href=\"https:\/\/t.co\/1mNh0FhNLk\">https:\/\/t.co\/1mNh0FhNLk<\/a><\/p>\n<p>\ud83d\udcf8 @baixaulistudio <a href=\"https:\/\/t.co\/sFWSCrLq3U\">pic.twitter.com\/sFWSCrLq3U<\/a><\/p>\n<p>&mdash; La Vuelta (@lavuelta) <a href=\"https:\/\/twitter.com\/lavuelta\/status\/1321897591966064640?ref_src=twsrc%5Etfw\">October 29, 2020<\/a><\/p><\/blockquote>\n<p><script async data-src=\"https:\/\/platform.twitter.com\/widgets.js\" charset=\"utf-8\"><\/script><\/div>\n<p>Nast\u0119pnie zaplanowane s\u0105 etapy p\u0142askie i pag\u00f3rkowate, ale ju\u017c si\u00f3dmego i dziewi\u0105tego dnia kolarze zmierz\u0105 si\u0119 z g\u00f3rami. Najpierw pojad\u0105 152 km z Gandii do Balcon de Alicante, a nast\u0119pnie 188 km z Puerto Lumbreras do Alto de Velefique. Dzi\u0119ki temu ju\u017c w pierwszym dniu przerwy (23 sierpnia) eksperci b\u0119d\u0105 mieli sporo materia\u0142u, by spekulowa\u0107, kto jest faworytem do wygranie klasyfikacji generalnej. W tej sytuacji ciekawe b\u0119dzie r\u00f3wnie\u017c zachowanie zespo\u0142\u00f3w, bo taktyka na kolejne etapy mo\u017ce by\u0107 bardzo zr\u00f3\u017cnicowana. Szczeg\u00f3lnie, \u017ce mniejsze lub wi\u0119ksze podjazdy b\u0119d\u0105 towarzyszy\u0142y zawodnikom ju\u017c do niemal ostatniego dnia.<\/p>\n<div class=\"embed-controller-wrapper\">\n<blockquote class=\"twitter-tweet\" data-width=\"500\" data-dnt=\"true\">\n<p lang=\"es\" dir=\"ltr\">\ud83d\udd34 Una nueva carrera se acerca\u2026 <a href=\"https:\/\/twitter.com\/hashtag\/LaVuelta21?src=hash&amp;ref_src=twsrc%5Etfw\">#LaVuelta21<\/a><\/p>\n<p>\ud83d\udd34 A new race is coming\u2026 <a href=\"https:\/\/twitter.com\/hashtag\/LaVuelta21?src=hash&amp;ref_src=twsrc%5Etfw\">#LaVuelta21<\/a><\/p>\n<p>\ud83d\udcc6 14\/8 \u2013 5\/9 <a href=\"https:\/\/t.co\/PhbRmJWy8o\">pic.twitter.com\/PhbRmJWy8o<\/a><\/p>\n<p>&mdash; La Vuelta (@lavuelta) <a href=\"https:\/\/twitter.com\/lavuelta\/status\/1424082919098814467?ref_src=twsrc%5Etfw\">August 7, 2021<\/a><\/p><\/blockquote>\n<p><script async data-src=\"https:\/\/platform.twitter.com\/widgets.js\" charset=\"utf-8\"><\/script><\/div>\n<p>Sytuacja mo\u017ce si\u0119 zmienia\u0107 a\u017c do ko\u0144ca, poniewa\u017c z o\u015bmiu ostatnich etap\u00f3w, a\u017c pi\u0119\u0107 zostanie rozegranych w g\u00f3rach, a do tego dochodzi jeszcze fina\u0142owa jazda na czas. Meta \u2013 podobnie jak start ca\u0142ego wy\u015bcigu \u2013 usytuowana jest w miejscu kultu religijnego. Santiago de Compostela, miejsce spoczynku \u015bw. Jakuba, od \u015bredniowiecza jest celem pielgrzymek milion\u00f3w chrze\u015bcijan z ca\u0142ego \u015bwiata. A 5 wrze\u015bnia w stron\u0119 tego hiszpa\u0144skiego miasta skierowane b\u0119d\u0105 oczy wszystkich fan\u00f3w kolarstwa.<\/p>\n<p>Kto w tym niezwyk\u0142ym miejscu b\u0119dzie cieszy\u0142 si\u0119 najbardziej? Ostatni z Grand Tour\u00f3w czas zacz\u0105\u0107!<\/p>\n<p><span data-sheets-value=\"{&quot;1&quot;:2,&quot;2&quot;:&quot;Artyku\u0142 powsta\u0142 we wsp\u00f3\u0142pracy ze skoda-auto.pl&quot;}\" data-sheets-userformat=\"{&quot;2&quot;:1,&quot;3&quot;:{&quot;1&quot;:0}}\" data-sheets-hyperlink=\"http:\/\/www.skoda-auto.pl\/\"><a class=\"in-cell-link\" href=\"http:\/\/www.skoda-auto.pl\/\" target=\"_blank\" rel=\"noopener noreferrer\">Artyku\u0142 powsta\u0142 we wsp\u00f3\u0142pracy ze skoda-auto.pl<\/a><\/span><\/p>\n<p><a href=\"https:\/\/www.skoda-auto.pl\/modele\/superb\"><img loading=\"lazy\" decoding=\"async\" class=\"alignnone size-full wp-image-11628 aligncenter\" src=\"https:\/\/d2p6e6u75xmxt8.cloudfront.net\/5\/2021\/12\/640x350-2-1.jpg\" alt=\"\" width=\"640\" height=\"350\" srcset=\"https:\/\/d2p6e6u75xmxt8.cloudfront.net\/5\/2021\/12\/640x350-2-1.jpg 640w, https:\/\/d2p6e6u75xmxt8.cloudfront.net\/5\/2021\/12\/640x350-2-1-300x164.jpg 300w\" sizes=\"auto, (max-width: 640px) 100vw, 640px\" \/><\/a><\/p>\n","protected":false},"excerpt":{"rendered":"<p>Ju\u017c sam start zwiastuje niezwyk\u0142e emocje, a ca\u0142y wy\u015bcig ma by\u0107 podsumowaniem kapitalnego sezonu. W sobot\u0119 zaczyna si\u0119 Vuelta a [&hellip;]<\/p>\n","protected":false},"author":125,"featured_media":12028,"comment_status":"open","ping_status":"open","sticky":false,"template":"","format":"standard","meta":{"footnotes":""},"categories":[6,295],"tags":[],"global-categories":[303],"class_list":["post-12023","post","type-post","status-publish","format-standard","has-post-thumbnail","hentry","category-kolarstwo-szosowe","category-zawody","global-categories-cycling"],"yoast_head":"<!-- This site is optimized with the Yoast SEO Premium plugin v25.3 (Yoast SEO v25.9) - https:\/\/yoast.com\/wordpress\/plugins\/seo\/ -->\n<title>Czas na deser! Tegoroczna Vuelta a Espana zapowiada si\u0119 wyj\u0105tkowo - \u0160koda We Love Cycling - Poland<\/title>\n<meta name=\"description\" content=\"Ju\u017c sam start zwiastuje niezwyk\u0142e emocje, a ca\u0142y wy\u015bcig ma by\u0107 podsumowaniem kapitalnego sezonu. W sobot\u0119 zaczyna si\u0119 Vuelta a Espana, ostatnie w tym roku zawody z cyklu Grand Tour.\" \/>\n<meta name=\"robots\" content=\"index, follow, max-snippet:-1, max-image-preview:large, max-video-preview:-1\" \/>\n<link rel=\"canonical\" href=\"https:\/\/www.welovecycling.com\/pl\/2021\/08\/13\/czas-na-deser-tegoroczna-vuelta-a-espana-zapowiada-sie-wyjatkowo\/\" \/>\n<meta property=\"og:locale\" content=\"pl_PL\" \/>\n<meta property=\"og:type\" content=\"article\" \/>\n<meta property=\"og:title\" content=\"Czas na deser! Tegoroczna Vuelta a Espana zapowiada si\u0119 wyj\u0105tkowo\" \/>\n<meta property=\"og:description\" content=\"Ju\u017c sam start zwiastuje niezwyk\u0142e emocje, a ca\u0142y wy\u015bcig ma by\u0107 podsumowaniem kapitalnego sezonu. W sobot\u0119 zaczyna si\u0119 Vuelta a Espana, ostatnie w tym roku zawody z cyklu Grand Tour.\" \/>\n<meta property=\"og:url\" content=\"https:\/\/www.welovecycling.com\/pl\/2021\/08\/13\/czas-na-deser-tegoroczna-vuelta-a-espana-zapowiada-sie-wyjatkowo\/\" \/>\n<meta property=\"og:site_name\" content=\"\u0160koda We Love Cycling - Poland\" \/>\n<meta property=\"article:published_time\" content=\"2021-08-13T06:48:32+00:00\" \/>\n<meta property=\"article:modified_time\" content=\"2021-08-16T06:52:36+00:00\" \/>\n<meta property=\"og:image\" content=\"https:\/\/d2p6e6u75xmxt8.cloudfront.net\/5\/2021\/08\/La-Vuelta-profimedia-0566229672-CVR-1024x450-1.jpg\" \/>\n\t<meta property=\"og:image:width\" content=\"1024\" \/>\n\t<meta property=\"og:image:height\" content=\"450\" \/>\n\t<meta property=\"og:image:type\" content=\"image\/jpeg\" \/>\n<meta name=\"author\" content=\"oktawiamikulska\" \/>\n<meta name=\"twitter:card\" content=\"summary_large_image\" \/>\n<meta name=\"twitter:label1\" content=\"Written by\" \/>\n\t<meta name=\"twitter:data1\" content=\"Piotr Nowik\" \/>\n\t<meta name=\"twitter:label2\" content=\"Est. reading time\" \/>\n\t<meta name=\"twitter:data2\" content=\"4 minutes\" \/>\n<script type=\"application\/ld+json\" class=\"yoast-schema-graph\">{\"@context\":\"https:\/\/schema.org\",\"@graph\":[{\"@type\":\"WebPage\",\"@id\":\"https:\/\/www.welovecycling.com\/pl\/2021\/08\/13\/czas-na-deser-tegoroczna-vuelta-a-espana-zapowiada-sie-wyjatkowo\/\",\"url\":\"https:\/\/www.welovecycling.com\/pl\/2021\/08\/13\/czas-na-deser-tegoroczna-vuelta-a-espana-zapowiada-sie-wyjatkowo\/\",\"name\":\"Czas na deser! Tegoroczna Vuelta a Espana zapowiada si\u0119 wyj\u0105tkowo - \u0160koda We Love Cycling - Poland\",\"isPartOf\":{\"@id\":\"https:\/\/www.welovecycling.com\/pl\/#website\"},\"primaryImageOfPage\":{\"@id\":\"https:\/\/www.welovecycling.com\/pl\/2021\/08\/13\/czas-na-deser-tegoroczna-vuelta-a-espana-zapowiada-sie-wyjatkowo\/#primaryimage\"},\"image\":{\"@id\":\"https:\/\/www.welovecycling.com\/pl\/2021\/08\/13\/czas-na-deser-tegoroczna-vuelta-a-espana-zapowiada-sie-wyjatkowo\/#primaryimage\"},\"thumbnailUrl\":\"https:\/\/d2p6e6u75xmxt8.cloudfront.net\/5\/2021\/08\/La-Vuelta-profimedia-0566229672-CVR-1024x450-1.jpg\",\"datePublished\":\"2021-08-13T06:48:32+00:00\",\"dateModified\":\"2021-08-16T06:52:36+00:00\",\"author\":{\"@id\":\"https:\/\/www.welovecycling.com\/pl\/#\/schema\/person\/4a79bac7bd265aa6a35a1079d36648be\"},\"description\":\"Ju\u017c sam start zwiastuje niezwyk\u0142e emocje, a ca\u0142y wy\u015bcig ma by\u0107 podsumowaniem kapitalnego sezonu. W sobot\u0119 zaczyna si\u0119 Vuelta a Espana, ostatnie w tym roku zawody z cyklu Grand Tour.\",\"breadcrumb\":{\"@id\":\"https:\/\/www.welovecycling.com\/pl\/2021\/08\/13\/czas-na-deser-tegoroczna-vuelta-a-espana-zapowiada-sie-wyjatkowo\/#breadcrumb\"},\"inLanguage\":\"pl-PL\",\"potentialAction\":[{\"@type\":\"ReadAction\",\"target\":[\"https:\/\/www.welovecycling.com\/pl\/2021\/08\/13\/czas-na-deser-tegoroczna-vuelta-a-espana-zapowiada-sie-wyjatkowo\/\"]}]},{\"@type\":\"ImageObject\",\"inLanguage\":\"pl-PL\",\"@id\":\"https:\/\/www.welovecycling.com\/pl\/2021\/08\/13\/czas-na-deser-tegoroczna-vuelta-a-espana-zapowiada-sie-wyjatkowo\/#primaryimage\",\"url\":\"https:\/\/d2p6e6u75xmxt8.cloudfront.net\/5\/2021\/08\/La-Vuelta-profimedia-0566229672-CVR-1024x450-1.jpg\",\"contentUrl\":\"https:\/\/d2p6e6u75xmxt8.cloudfront.net\/5\/2021\/08\/La-Vuelta-profimedia-0566229672-CVR-1024x450-1.jpg\",\"width\":1024,\"height\":450},{\"@type\":\"BreadcrumbList\",\"@id\":\"https:\/\/www.welovecycling.com\/pl\/2021\/08\/13\/czas-na-deser-tegoroczna-vuelta-a-espana-zapowiada-sie-wyjatkowo\/#breadcrumb\",\"itemListElement\":[{\"@type\":\"ListItem\",\"position\":1,\"name\":\"Home\",\"item\":\"https:\/\/www.welovecycling.com\/pl\/\"},{\"@type\":\"ListItem\",\"position\":2,\"name\":\"Czas na deser! Tegoroczna Vuelta a Espana zapowiada si\u0119 wyj\u0105tkowo\"}]},{\"@type\":\"WebSite\",\"@id\":\"https:\/\/www.welovecycling.com\/pl\/#website\",\"url\":\"https:\/\/www.welovecycling.com\/pl\/\",\"name\":\"\u0160koda We Love Cycling - Poland\",\"description\":\"\",\"potentialAction\":[{\"@type\":\"SearchAction\",\"target\":{\"@type\":\"EntryPoint\",\"urlTemplate\":\"https:\/\/www.welovecycling.com\/pl\/?s={search_term_string}\"},\"query-input\":{\"@type\":\"PropertyValueSpecification\",\"valueRequired\":true,\"valueName\":\"search_term_string\"}}],\"inLanguage\":\"pl-PL\"},{\"@type\":\"Person\",\"@id\":\"https:\/\/www.welovecycling.com\/pl\/#\/schema\/person\/4a79bac7bd265aa6a35a1079d36648be\",\"name\":\"oktawiamikulska\",\"image\":{\"@type\":\"ImageObject\",\"inLanguage\":\"pl-PL\",\"@id\":\"https:\/\/www.welovecycling.com\/pl\/#\/schema\/person\/image\/\",\"url\":\"https:\/\/secure.gravatar.com\/avatar\/b97a3f44e2de6d2f8dd358975937e49823662e12cbd810b9d1a2bff1c149e8a7?s=96&d=mm&r=g\",\"contentUrl\":\"https:\/\/secure.gravatar.com\/avatar\/b97a3f44e2de6d2f8dd358975937e49823662e12cbd810b9d1a2bff1c149e8a7?s=96&d=mm&r=g\",\"caption\":\"oktawiamikulska\"},\"url\":\"https:\/\/www.welovecycling.com\/pl\/author\/oktawiamikulska\/\"}]}<\/script>\n<!-- \/ Yoast SEO Premium plugin. -->","yoast_head_json":{"title":"Czas na deser! Tegoroczna Vuelta a Espana zapowiada si\u0119 wyj\u0105tkowo - \u0160koda We Love Cycling - Poland","description":"Ju\u017c sam start zwiastuje niezwyk\u0142e emocje, a ca\u0142y wy\u015bcig ma by\u0107 podsumowaniem kapitalnego sezonu. W sobot\u0119 zaczyna si\u0119 Vuelta a Espana, ostatnie w tym roku zawody z cyklu Grand Tour.","robots":{"index":"index","follow":"follow","max-snippet":"max-snippet:-1","max-image-preview":"max-image-preview:large","max-video-preview":"max-video-preview:-1"},"canonical":"https:\/\/www.welovecycling.com\/pl\/2021\/08\/13\/czas-na-deser-tegoroczna-vuelta-a-espana-zapowiada-sie-wyjatkowo\/","og_locale":"pl_PL","og_type":"article","og_title":"Czas na deser! Tegoroczna Vuelta a Espana zapowiada si\u0119 wyj\u0105tkowo","og_description":"Ju\u017c sam start zwiastuje niezwyk\u0142e emocje, a ca\u0142y wy\u015bcig ma by\u0107 podsumowaniem kapitalnego sezonu. W sobot\u0119 zaczyna si\u0119 Vuelta a Espana, ostatnie w tym roku zawody z cyklu Grand Tour.","og_url":"https:\/\/www.welovecycling.com\/pl\/2021\/08\/13\/czas-na-deser-tegoroczna-vuelta-a-espana-zapowiada-sie-wyjatkowo\/","og_site_name":"\u0160koda We Love Cycling - Poland","article_published_time":"2021-08-13T06:48:32+00:00","article_modified_time":"2021-08-16T06:52:36+00:00","og_image":[{"width":1024,"height":450,"url":"https:\/\/d2p6e6u75xmxt8.cloudfront.net\/5\/2021\/08\/La-Vuelta-profimedia-0566229672-CVR-1024x450-1.jpg","type":"image\/jpeg"}],"author":"oktawiamikulska","twitter_card":"summary_large_image","twitter_misc":{"Written by":"Piotr Nowik","Est. reading time":"4 minutes"},"schema":{"@context":"https:\/\/schema.org","@graph":[{"@type":"WebPage","@id":"https:\/\/www.welovecycling.com\/pl\/2021\/08\/13\/czas-na-deser-tegoroczna-vuelta-a-espana-zapowiada-sie-wyjatkowo\/","url":"https:\/\/www.welovecycling.com\/pl\/2021\/08\/13\/czas-na-deser-tegoroczna-vuelta-a-espana-zapowiada-sie-wyjatkowo\/","name":"Czas na deser! Tegoroczna Vuelta a Espana zapowiada si\u0119 wyj\u0105tkowo - \u0160koda We Love Cycling - Poland","isPartOf":{"@id":"https:\/\/www.welovecycling.com\/pl\/#website"},"primaryImageOfPage":{"@id":"https:\/\/www.welovecycling.com\/pl\/2021\/08\/13\/czas-na-deser-tegoroczna-vuelta-a-espana-zapowiada-sie-wyjatkowo\/#primaryimage"},"image":{"@id":"https:\/\/www.welovecycling.com\/pl\/2021\/08\/13\/czas-na-deser-tegoroczna-vuelta-a-espana-zapowiada-sie-wyjatkowo\/#primaryimage"},"thumbnailUrl":"https:\/\/d2p6e6u75xmxt8.cloudfront.net\/5\/2021\/08\/La-Vuelta-profimedia-0566229672-CVR-1024x450-1.jpg","datePublished":"2021-08-13T06:48:32+00:00","dateModified":"2021-08-16T06:52:36+00:00","author":{"@id":"https:\/\/www.welovecycling.com\/pl\/#\/schema\/person\/4a79bac7bd265aa6a35a1079d36648be"},"description":"Ju\u017c sam start zwiastuje niezwyk\u0142e emocje, a ca\u0142y wy\u015bcig ma by\u0107 podsumowaniem kapitalnego sezonu. W sobot\u0119 zaczyna si\u0119 Vuelta a Espana, ostatnie w tym roku zawody z cyklu Grand Tour.","breadcrumb":{"@id":"https:\/\/www.welovecycling.com\/pl\/2021\/08\/13\/czas-na-deser-tegoroczna-vuelta-a-espana-zapowiada-sie-wyjatkowo\/#breadcrumb"},"inLanguage":"pl-PL","potentialAction":[{"@type":"ReadAction","target":["https:\/\/www.welovecycling.com\/pl\/2021\/08\/13\/czas-na-deser-tegoroczna-vuelta-a-espana-zapowiada-sie-wyjatkowo\/"]}]},{"@type":"ImageObject","inLanguage":"pl-PL","@id":"https:\/\/www.welovecycling.com\/pl\/2021\/08\/13\/czas-na-deser-tegoroczna-vuelta-a-espana-zapowiada-sie-wyjatkowo\/#primaryimage","url":"https:\/\/d2p6e6u75xmxt8.cloudfront.net\/5\/2021\/08\/La-Vuelta-profimedia-0566229672-CVR-1024x450-1.jpg","contentUrl":"https:\/\/d2p6e6u75xmxt8.cloudfront.net\/5\/2021\/08\/La-Vuelta-profimedia-0566229672-CVR-1024x450-1.jpg","width":1024,"height":450},{"@type":"BreadcrumbList","@id":"https:\/\/www.welovecycling.com\/pl\/2021\/08\/13\/czas-na-deser-tegoroczna-vuelta-a-espana-zapowiada-sie-wyjatkowo\/#breadcrumb","itemListElement":[{"@type":"ListItem","position":1,"name":"Home","item":"https:\/\/www.welovecycling.com\/pl\/"},{"@type":"ListItem","position":2,"name":"Czas na deser! Tegoroczna Vuelta a Espana zapowiada si\u0119 wyj\u0105tkowo"}]},{"@type":"WebSite","@id":"https:\/\/www.welovecycling.com\/pl\/#website","url":"https:\/\/www.welovecycling.com\/pl\/","name":"\u0160koda We Love Cycling - Poland","description":"","potentialAction":[{"@type":"SearchAction","target":{"@type":"EntryPoint","urlTemplate":"https:\/\/www.welovecycling.com\/pl\/?s={search_term_string}"},"query-input":{"@type":"PropertyValueSpecification","valueRequired":true,"valueName":"search_term_string"}}],"inLanguage":"pl-PL"},{"@type":"Person","@id":"https:\/\/www.welovecycling.com\/pl\/#\/schema\/person\/4a79bac7bd265aa6a35a1079d36648be","name":"oktawiamikulska","image":{"@type":"ImageObject","inLanguage":"pl-PL","@id":"https:\/\/www.welovecycling.com\/pl\/#\/schema\/person\/image\/","url":"https:\/\/secure.gravatar.com\/avatar\/b97a3f44e2de6d2f8dd358975937e49823662e12cbd810b9d1a2bff1c149e8a7?s=96&d=mm&r=g","contentUrl":"https:\/\/secure.gravatar.com\/avatar\/b97a3f44e2de6d2f8dd358975937e49823662e12cbd810b9d1a2bff1c149e8a7?s=96&d=mm&r=g","caption":"oktawiamikulska"},"url":"https:\/\/www.welovecycling.com\/pl\/author\/oktawiamikulska\/"}]}},"_links":{"self":[{"href":"https:\/\/www.welovecycling.com\/pl\/wp-json\/wp\/v2\/posts\/12023","targetHints":{"allow":["GET"]}}],"collection":[{"href":"https:\/\/www.welovecycling.com\/pl\/wp-json\/wp\/v2\/posts"}],"about":[{"href":"https:\/\/www.welovecycling.com\/pl\/wp-json\/wp\/v2\/types\/post"}],"author":[{"embeddable":true,"href":"https:\/\/www.welovecycling.com\/pl\/wp-json\/wp\/v2\/users\/125"}],"replies":[{"embeddable":true,"href":"https:\/\/www.welovecycling.com\/pl\/wp-json\/wp\/v2\/comments?post=12023"}],"version-history":[{"count":1,"href":"https:\/\/www.welovecycling.com\/pl\/wp-json\/wp\/v2\/posts\/12023\/revisions"}],"predecessor-version":[{"id":12029,"href":"https:\/\/www.welovecycling.com\/pl\/wp-json\/wp\/v2\/posts\/12023\/revisions\/12029"}],"wp:featuredmedia":[{"embeddable":true,"href":"https:\/\/www.welovecycling.com\/pl\/wp-json\/wp\/v2\/media\/12028"}],"wp:attachment":[{"href":"https:\/\/www.welovecycling.com\/pl\/wp-json\/wp\/v2\/media?parent=12023"}],"wp:term":[{"taxonomy":"category","embeddable":true,"href":"https:\/\/www.welovecycling.com\/pl\/wp-json\/wp\/v2\/categories?post=12023"},{"taxonomy":"post_tag","embeddable":true,"href":"https:\/\/www.welovecycling.com\/pl\/wp-json\/wp\/v2\/tags?post=12023"},{"taxonomy":"global-categories","embeddable":true,"href":"https:\/\/www.welovecycling.com\/pl\/wp-json\/wp\/v2\/global-categories?post=12023"}],"curies":[{"name":"wp","href":"https:\/\/api.w.org\/{rel}","templated":true}]}}