{"id":12005,"date":"2021-08-09T11:19:52","date_gmt":"2021-08-09T11:19:52","guid":{"rendered":"https:\/\/www.welovecycling.com\/pl\/?p=12005"},"modified":"2021-08-27T12:32:48","modified_gmt":"2021-08-27T12:32:48","slug":"nie-zwalniamy-czas-na-tour-de-pologne","status":"publish","type":"post","link":"https:\/\/www.welovecycling.com\/pl\/2021\/08\/09\/nie-zwalniamy-czas-na-tour-de-pologne\/","title":{"rendered":"Nie zwalniamy. Czas na Tour de Pologne"},"content":{"rendered":"<p><strong>Tour de France przemkn\u0105\u0142 przez Francj\u0119 niczym poci\u0105g TGV, z kt\u00f3rego w wielkim po\u015bpiechu kolarze przesiedli si\u0119 do samolot\u00f3w lec\u0105cych do Tokio. Igrzyska olimpijskie \u2013 cho\u0107 w kolarstwie medalowo dla nas nieudane \u2013 dostarczy\u0142y wielu emocji i pokaza\u0142y wielkie serce do walki Bia\u0142o-Czerwonych. Po ostatnim gwizdku na olimpijskich arenach rozpoczyna si\u0119 nasz narodowy Tour de Pologne.<\/strong><\/p>\n<h2><strong>Trasa<\/strong><\/h2>\n<p>W tym roku teren tego najwi\u0119kszego sportowo-logistycznego przedsi\u0119wzi\u0119cia, na kt\u00f3rym b\u0119dzie mo\u017cna na \u017cywo zobaczy\u0107 kolarzy, b\u0119dzie nieco wi\u0119kszy. 78. edycja najwa\u017cniejszego w Polsce wy\u015bcigu etapowego rozpocz\u0119\u0142a si\u0119 w Lublinie 9 sierpnia, punktualnie o godzinie 13:10. Meta etapu znajduje si\u0119 w Che\u0142mie. Wy\u015bcig zosta\u0142 podzielony na siedem odcink\u00f3w w a\u017c czterech wojew\u00f3dztwach. Pierwsze dni kolarze sp\u0119dz\u0105 w Lubelskiem i Podkarpackiem. Nast\u0119pnie przez wojew\u00f3dztwo ma\u0142opolskie przejad\u0105 do \u015bl\u0105skiego, by ca\u0142o\u015b\u0107 zako\u0144czy\u0142a si\u0119 w Krakowie.<\/p>\n<figure id=\"attachment_12015\" aria-describedby=\"caption-attachment-12015\" style=\"width: 1920px\" class=\"wp-caption alignnone\"><a href=\"https:\/\/d2p6e6u75xmxt8.cloudfront.net\/5\/2021\/08\/1226-scaled.jpg\"><img loading=\"lazy\" decoding=\"async\" class=\"wp-image-12015 size-extra-large\" src=\"https:\/\/d2p6e6u75xmxt8.cloudfront.net\/5\/2021\/08\/1226-1920x1277.jpg\" alt=\"\" width=\"1920\" height=\"1277\" srcset=\"https:\/\/d2p6e6u75xmxt8.cloudfront.net\/5\/2021\/08\/1226-1920x1277.jpg 1920w, https:\/\/d2p6e6u75xmxt8.cloudfront.net\/5\/2021\/08\/1226-300x200.jpg 300w, https:\/\/d2p6e6u75xmxt8.cloudfront.net\/5\/2021\/08\/1226-1024x681.jpg 1024w, https:\/\/d2p6e6u75xmxt8.cloudfront.net\/5\/2021\/08\/1226-768x511.jpg 768w, https:\/\/d2p6e6u75xmxt8.cloudfront.net\/5\/2021\/08\/1226-1536x1022.jpg 1536w, https:\/\/d2p6e6u75xmxt8.cloudfront.net\/5\/2021\/08\/1226-2048x1363.jpg 2048w, https:\/\/d2p6e6u75xmxt8.cloudfront.net\/5\/2021\/08\/1226-272x182.jpg 272w, https:\/\/d2p6e6u75xmxt8.cloudfront.net\/5\/2021\/08\/1226-1920x1277.jpg 1920w\" sizes=\"auto, (max-width: 1920px) 100vw, 1920px\" \/><\/a><figcaption id=\"caption-attachment-12015\" class=\"wp-caption-text\">Autorem zdj\u0119cia jest Szymon Gruchalski.<\/figcaption><\/figure>\n<p>Tegoroczna edycja zosta\u0142a zaplanowana ca\u0142kiem inaczej, ni\u017c przyzwyczai\u0142 nas TdP w latach poprzednich. Przede wszystkim etapy zosta\u0142y wyd\u0142u\u017cone \u2013 po pierwszych trzech dniach kolarze b\u0119d\u0105 mieli w nogach ponad 640 km. Drugi etap z met\u0105 w Przemy\u015blu uzna\u0107 mo\u017cna za kr\u00f3lewski, bardzo wa\u017cny, ale nie decyduj\u0105cy. Na tras\u0119 w tym roku powraca jazda indywidualna na czas w Katowicach (pi\u0105tego dnia), a to w\u0142a\u015bnie w takiej konfiguracji wy\u015bcig wygra\u0142 w 2014 roku Rafa\u0142 Majka. Do tego przejedziemy przez pi\u0119kne Roztocze oraz malownicze i pofa\u0142dowane Podkarpacie, a przed met\u0105 etapu w Bukowinie podziwia\u0107 b\u0119dziemy g\u00f3ruj\u0105ce nad okolic\u0105 Tatry. Wiele miejsc na trasie 78. Tour de Pologne b\u0119dzie nowych, w wielu wy\u015bcig ju\u017c go\u015bci\u0142, ale jako \u017ce bior\u0105 w nim udzia\u0142 22 dru\u017cyny, a ka\u017cda ma inny interes i inn\u0105 strategi\u0119, takie wydarzenia zawsze s\u0105 nieprzewidywalne.<\/p>\n<h2><strong>Polacy<\/strong><\/h2>\n<p>Zawodnik\u00f3w z bia\u0142o-czerwon\u0105 flag\u0105 przy nazwisku b\u0119dzie 12. W\u015br\u00f3d nich siedmiu kolarzy startuj\u0105cych jako reprezentacja Polski oraz zawodnicy, kt\u00f3rych przedstawia\u0107 nie trzeba, czyli Micha\u0142 Kwiatkowski, Maciej Bodnar i Micha\u0142 Go\u0142a\u015b. To b\u0119dzie \u201eostatni taniec\u201d w wykonaniu Tomka Marczy\u0144skiego, kt\u00f3ry w tym roku \u017cegna si\u0119 z Tour de Pologne, a by\u0107 mo\u017ce i z zawodowym peletonem, cho\u0107 nie m\u00f3wi o tym oficjalnie. Oficjalnie za to o zako\u0144czeniu kariery powiedzia\u0142 Micha\u0142 Go\u0142a\u015b, dla kt\u00f3rego TdP b\u0119dzie po\u017cegnaniem z polskimi kibicami. Ciekawy jestem, co panowie przygotowali na te siedem dni \u015bcigania w Polsce, bo potrafili tutaj walczy\u0107. A gdyby tak jeden na koniec zawodowej kariery stan\u0105\u0142 na podium klasyfikacji generalnej, a drugi wywalczy\u0142 jak\u0105\u015b koszulk\u0119\u2026 Tomek, Micha\u0142, jako kibice nie mamy nic przeciwko! Osobi\u015bcie licz\u0119 te\u017c na to, \u017ce ekstra zmotywowany narodzinami dziecka Micha\u0142 Kwiatkowski zrobi niespodziank\u0119. Wygrywa\u0142 nasz narodowy tour, i to nie wcale w jakich\u015b zamierzch\u0142ych czasach, bo ostatnio sta\u0142 na najwy\u017cszym stopniu podium w 2018 roku. Nasi kolarze z reprezentacji b\u0119d\u0105 zapewne widoczni w ucieczkach, akcjach zaczepnych oraz w walce o punkty na lotnych premiach. By\u0107 mo\u017ce \u017cadnego odjazdu z Bia\u0142o-Czerwonymi w sk\u0142adzie nie dogoni\u0105, jednak historia zna ju\u017c takie przypadki, cho\u0107 prawd\u0119 m\u00f3wi\u0105c niewiele. Z dobrej strony w je\u017adzie na czas na pewno b\u0119dzie chcia\u0142 si\u0119 pokaza\u0107 aktualny mistrz kraju w tej specjalno\u015bci, czyli Maciej Bodnar.<\/p>\n<figure id=\"attachment_12009\" aria-describedby=\"caption-attachment-12009\" style=\"width: 1920px\" class=\"wp-caption alignnone\"><a href=\"https:\/\/d2p6e6u75xmxt8.cloudfront.net\/5\/2021\/08\/1230-scaled.jpg\"><img loading=\"lazy\" decoding=\"async\" class=\"wp-image-12009 size-extra-large\" src=\"https:\/\/d2p6e6u75xmxt8.cloudfront.net\/5\/2021\/08\/1230-1920x1278.jpg\" alt=\"\" width=\"1920\" height=\"1278\" srcset=\"https:\/\/d2p6e6u75xmxt8.cloudfront.net\/5\/2021\/08\/1230-1920x1278.jpg 1920w, https:\/\/d2p6e6u75xmxt8.cloudfront.net\/5\/2021\/08\/1230-300x200.jpg 300w, https:\/\/d2p6e6u75xmxt8.cloudfront.net\/5\/2021\/08\/1230-1024x682.jpg 1024w, https:\/\/d2p6e6u75xmxt8.cloudfront.net\/5\/2021\/08\/1230-768x511.jpg 768w, https:\/\/d2p6e6u75xmxt8.cloudfront.net\/5\/2021\/08\/1230-1536x1022.jpg 1536w, https:\/\/d2p6e6u75xmxt8.cloudfront.net\/5\/2021\/08\/1230-2048x1363.jpg 2048w, https:\/\/d2p6e6u75xmxt8.cloudfront.net\/5\/2021\/08\/1230-272x182.jpg 272w, https:\/\/d2p6e6u75xmxt8.cloudfront.net\/5\/2021\/08\/1230-1920x1278.jpg 1920w\" sizes=\"auto, (max-width: 1920px) 100vw, 1920px\" \/><\/a><figcaption id=\"caption-attachment-12009\" class=\"wp-caption-text\">Autorem zdj\u0119cia jest Szymon Gruchalski.<\/figcaption><\/figure>\n<h2><strong>Faworyci<\/strong><\/h2>\n<p>Trudno wskaza\u0107 jednoznacznie jedno, dwa czy trzy nazwiska, co jest w sumie bardzo dobr\u0105 sytuacj\u0105, bo gwarantuje sporo niespodzianek. Oczywi\u015bcie sami zawodnicy wiedz\u0105 lepiej, kto jest w jakiej formie i komu tegoroczna trasa mo\u017ce \u201ele\u017ce\u0107\u201d bardziej, a komu mniej. Pokrywaj\u0105cy si\u0119 z naszym TdP wy\u015bcig hiszpa\u0144skiej Vuelty spowodowa\u0142, \u017ce w sk\u0142adach, kt\u00f3re przyjecha\u0142y do Polski, jest sporo m\u0142odo\u015bci i nieprzewidywalno\u015bci.<\/p>\n<p>W ka\u017cdej z dru\u017cyn, kt\u00f3ra stanie na starcie pierwszego etapu, mamy albo kogo\u015b, kto powinien zakr\u0119ci\u0107 si\u0119 w okolicy najlepszej dziesi\u0105tki klasyfikacji generalnej, albo specjalist\u0119 od klasyk\u00f3w, albo dobrego sprintera. Wiele wi\u0119c b\u0119dzie sytuacji, w kt\u00f3rych poszczeg\u00f3lne dru\u017cyny b\u0119d\u0105 pr\u00f3bowa\u0142y przechytrzy\u0107 konkurencj\u0119, atakuj\u0105c daleko od mety przy wykorzystaniu ukszta\u0142towania terenu lub wiatru, kt\u00f3ry szczeg\u00f3lnie na pierwszych trzech etapach mo\u017ce by\u0107 znacz\u0105cym czynnikiem. W\u015br\u00f3d specjalist\u00f3w od klasyfikacji generalnej spokojnie mo\u017cemy wymieni\u0107 doskonale nam znanego zwyci\u0119zc\u0119 Giro d\u2019Italia Tao Goeghegan Harta z Team Ineos Grenadiers, cho\u0107 zgodnie z zapewnieniami dru\u017cyny w Polsce wyst\u0105pi jako pomocnik Micha\u0142a Kwiatkowskiego. Wydawa\u0142o si\u0119, \u017ce pod w\u0142osk\u0105 bander\u0105 o zwyci\u0119stwo w ca\u0142ym wy\u015bcigu walczy\u0107 powinien Diego Ulissi, dru\u017cynowy kolega Rafa\u0142a Majki, zosta\u0142 jednak oddelegowany do Hiszpanii. Kolejne warte uwagi nazwisko nale\u017cy do Portugalczyka Joao Almeidy z dru\u017cyny Deceuninck \u2013 Quick Step. Na pewno widoczni w ko\u0144c\u00f3wce decyduj\u0105cych etap\u00f3w b\u0119d\u0105 Hindley, Wellens, Valter, Fabbro oraz Aleotti.<\/p>\n<figure id=\"attachment_12013\" aria-describedby=\"caption-attachment-12013\" style=\"width: 1920px\" class=\"wp-caption alignnone\"><a href=\"https:\/\/d2p6e6u75xmxt8.cloudfront.net\/5\/2021\/08\/1224-scaled.jpg\"><img loading=\"lazy\" decoding=\"async\" class=\"wp-image-12013 size-extra-large\" src=\"https:\/\/d2p6e6u75xmxt8.cloudfront.net\/5\/2021\/08\/1224-1920x1277.jpg\" alt=\"\" width=\"1920\" height=\"1277\" srcset=\"https:\/\/d2p6e6u75xmxt8.cloudfront.net\/5\/2021\/08\/1224-1920x1277.jpg 1920w, https:\/\/d2p6e6u75xmxt8.cloudfront.net\/5\/2021\/08\/1224-300x200.jpg 300w, https:\/\/d2p6e6u75xmxt8.cloudfront.net\/5\/2021\/08\/1224-1024x681.jpg 1024w, https:\/\/d2p6e6u75xmxt8.cloudfront.net\/5\/2021\/08\/1224-768x511.jpg 768w, https:\/\/d2p6e6u75xmxt8.cloudfront.net\/5\/2021\/08\/1224-1536x1022.jpg 1536w, https:\/\/d2p6e6u75xmxt8.cloudfront.net\/5\/2021\/08\/1224-2048x1363.jpg 2048w, https:\/\/d2p6e6u75xmxt8.cloudfront.net\/5\/2021\/08\/1224-272x182.jpg 272w, https:\/\/d2p6e6u75xmxt8.cloudfront.net\/5\/2021\/08\/1224-1920x1277.jpg 1920w\" sizes=\"auto, (max-width: 1920px) 100vw, 1920px\" \/><\/a><figcaption id=\"caption-attachment-12013\" class=\"wp-caption-text\">Autorem zdj\u0119cia jest Szymon Gruchalski.<\/figcaption><\/figure>\n<p>Zawodnicy dysponuj\u0105cy najlepszym finiszem nie b\u0119d\u0105 mieli \u0142atwego zadania, bo typowo p\u0142aski i szybki finisz b\u0119dziemy mie\u0107 tylko w Rzeszowie i Krakowie. Niemniej lista sprinter\u00f3w jest zacna. Numerem jeden powinien by\u0107 Niemiec Pascal Ackermann z dru\u017cyny Bora \u2013 hansgrohe, kt\u00f3ry b\u0119dzie bezpo\u015brednio rywalizowa\u0142 z Sonnym Colbrellim i Fernando Gaviri\u0105. W tym gronie b\u0119dzie chcia\u0142 si\u0119 przebi\u0107 do czuba Stanis\u0142aw Anio\u0142kowski, kt\u00f3ry \u015bwietnie poczyna sobie w tegorocznych sprintach. W ten spos\u00f3b zreszt\u0105 w zesz\u0142ym roku wywalczy\u0142 tytu\u0142 mistrza kraju w wy\u015bcigu ze startu wsp\u00f3lnego. Na p\u0142askich ko\u0144c\u00f3wkach etap\u00f3w musz\u0119 wspomnie\u0107 nazwiska Bauhausa i Degenkolba.<\/p>\n<h2><strong>Jazda indywidualna na czas \u2013 ITT<\/strong><\/h2>\n<p>Sz\u00f3sty etap b\u0119dzie decyduj\u0105cy. Zawodnicy, kt\u00f3rzy przetrwaj\u0105 mocne tempo naszych podjazd\u00f3w (kr\u00f3tkich, ale dynamicznych) i nie strac\u0105 nigdzie po drodze wa\u017cnych sekund, rozstrzygn\u0105 pomi\u0119dzy sob\u0105 losy klasyfikacji generalnej. 19 kilometr\u00f3w ca\u0142kowicie miejskiej jazdy indywidualnej na czas ze startem i met\u0105 przy katowickim spodku b\u0119dzie etapem rozstrzygaj\u0105cym o losach klasyfikacji generalnej. Tego dnia liczy\u0107 si\u0119 b\u0119dzie ka\u017cdy detal, doskona\u0142a znajomo\u015b\u0107 trasy, roz\u0142o\u017cenie si\u0142, perfekcyjnie przygotowany rower oraz pewno\u015b\u0107 siebie. Jazda indywidualna na czas to walka tylko z samym sob\u0105, tutaj nie mo\u017cna liczy\u0107 na wsparcie koleg\u00f3w z dru\u017cyny. Jeden ma\u0142y b\u0142\u0105d mo\u017ce zawa\u017cy\u0107 na wyniku i zniweczy\u0107 pi\u0119\u0107 bardzo ci\u0119\u017ckich dni.<\/p>\n<p><span data-sheets-value=\"{&quot;1&quot;:2,&quot;2&quot;:&quot;Artyku\u0142 powsta\u0142 we wsp\u00f3\u0142pracy ze skoda-auto.pl&quot;}\" data-sheets-userformat=\"{&quot;2&quot;:1,&quot;3&quot;:{&quot;1&quot;:0}}\" data-sheets-hyperlink=\"http:\/\/www.skoda-auto.pl\/\"><a class=\"in-cell-link\" href=\"http:\/\/www.skoda-auto.pl\/\" target=\"_blank\" rel=\"noopener noreferrer\">Artyku\u0142 powsta\u0142 we wsp\u00f3\u0142pracy ze skoda-auto.pl<\/a><\/span><\/p>\n<p><a href=\"https:\/\/www.skoda-auto.pl\/modele\/nowa-octavia\"><img loading=\"lazy\" decoding=\"async\" class=\"alignnone size-full wp-image-11630 aligncenter\" src=\"https:\/\/d2p6e6u75xmxt8.cloudfront.net\/5\/2021\/12\/640x350-1.jpg\" alt=\"\" width=\"640\" height=\"350\" srcset=\"https:\/\/d2p6e6u75xmxt8.cloudfront.net\/5\/2021\/12\/640x350-1.jpg 640w, https:\/\/d2p6e6u75xmxt8.cloudfront.net\/5\/2021\/12\/640x350-1-300x164.jpg 300w\" sizes=\"auto, (max-width: 640px) 100vw, 640px\" \/><\/a><\/p>\n","protected":false},"excerpt":{"rendered":"<p>Tour de France przemkn\u0105\u0142 przez Francj\u0119 niczym poci\u0105g TGV, z kt\u00f3rego w wielkim po\u015bpiechu kolarze przesiedli si\u0119 do samolot\u00f3w lec\u0105cych [&hellip;]<\/p>\n","protected":false},"author":125,"featured_media":12010,"comment_status":"open","ping_status":"open","sticky":false,"template":"","format":"standard","meta":{"footnotes":""},"categories":[203,360],"tags":[108],"global-categories":[303],"class_list":["post-12005","post","type-post","status-publish","format-standard","has-post-thumbnail","hentry","category-bartosz-huzarski","category-tour-de-pologne-2021","tag-bartosz-huzarski","global-categories-cycling"],"yoast_head":"<!-- This site is optimized with the Yoast SEO Premium plugin v25.3 (Yoast SEO v25.9) - https:\/\/yoast.com\/wordpress\/plugins\/seo\/ -->\n<title>Nie zwalniamy. Czas na Tour de Pologne - \u0160koda We Love Cycling - Poland<\/title>\n<meta name=\"description\" content=\"Tour de France przemkn\u0105\u0142 przez Francj\u0119 niczym poci\u0105g TGV, z kt\u00f3rego w wielkim po\u015bpiechu kolarze przesiedli si\u0119 do samolot\u00f3w lec\u0105cych do Tokio. Igrzyska olimpijskie \u2013 cho\u0107 w kolarstwie medalowo dla nas nieudane \u2013 dostarczy\u0142y wielu emocji i pokaza\u0142y wielkie serce do walki Bia\u0142o-Czerwonych. Po ostatnim gwizdku na olimpijskich arenach rozpoczyna si\u0119 nasz narodowy Tour de Pologne.\" \/>\n<meta name=\"robots\" content=\"index, follow, max-snippet:-1, max-image-preview:large, max-video-preview:-1\" \/>\n<link rel=\"canonical\" href=\"https:\/\/www.welovecycling.com\/pl\/2021\/08\/09\/nie-zwalniamy-czas-na-tour-de-pologne\/\" \/>\n<meta property=\"og:locale\" content=\"pl_PL\" \/>\n<meta property=\"og:type\" content=\"article\" \/>\n<meta property=\"og:title\" content=\"Nie zwalniamy. Czas na Tour de Pologne\" \/>\n<meta property=\"og:description\" content=\"Tour de France przemkn\u0105\u0142 przez Francj\u0119 niczym poci\u0105g TGV, z kt\u00f3rego w wielkim po\u015bpiechu kolarze przesiedli si\u0119 do samolot\u00f3w lec\u0105cych do Tokio. Igrzyska olimpijskie \u2013 cho\u0107 w kolarstwie medalowo dla nas nieudane \u2013 dostarczy\u0142y wielu emocji i pokaza\u0142y wielkie serce do walki Bia\u0142o-Czerwonych. Po ostatnim gwizdku na olimpijskich arenach rozpoczyna si\u0119 nasz narodowy Tour de Pologne.\" \/>\n<meta property=\"og:url\" content=\"https:\/\/www.welovecycling.com\/pl\/2021\/08\/09\/nie-zwalniamy-czas-na-tour-de-pologne\/\" \/>\n<meta property=\"og:site_name\" content=\"\u0160koda We Love Cycling - Poland\" \/>\n<meta property=\"article:published_time\" content=\"2021-08-09T11:19:52+00:00\" \/>\n<meta property=\"article:modified_time\" content=\"2021-08-27T12:32:48+00:00\" \/>\n<meta property=\"og:image\" content=\"https:\/\/d2p6e6u75xmxt8.cloudfront.net\/5\/2021\/08\/1231-scaled.jpg\" \/>\n\t<meta property=\"og:image:width\" content=\"2560\" \/>\n\t<meta property=\"og:image:height\" content=\"1704\" \/>\n\t<meta property=\"og:image:type\" content=\"image\/jpeg\" \/>\n<meta name=\"author\" content=\"oktawiamikulska\" \/>\n<meta name=\"twitter:card\" content=\"summary_large_image\" \/>\n<meta name=\"twitter:label1\" content=\"Written by\" \/>\n\t<meta name=\"twitter:data1\" content=\"Bartosz Huzarski\" \/>\n\t<meta name=\"twitter:label2\" content=\"Est. reading time\" \/>\n\t<meta name=\"twitter:data2\" content=\"6 minutes\" \/>\n<script type=\"application\/ld+json\" class=\"yoast-schema-graph\">{\"@context\":\"https:\/\/schema.org\",\"@graph\":[{\"@type\":\"WebPage\",\"@id\":\"https:\/\/www.welovecycling.com\/pl\/2021\/08\/09\/nie-zwalniamy-czas-na-tour-de-pologne\/\",\"url\":\"https:\/\/www.welovecycling.com\/pl\/2021\/08\/09\/nie-zwalniamy-czas-na-tour-de-pologne\/\",\"name\":\"Nie zwalniamy. Czas na Tour de Pologne - \u0160koda We Love Cycling - Poland\",\"isPartOf\":{\"@id\":\"https:\/\/www.welovecycling.com\/pl\/#website\"},\"primaryImageOfPage\":{\"@id\":\"https:\/\/www.welovecycling.com\/pl\/2021\/08\/09\/nie-zwalniamy-czas-na-tour-de-pologne\/#primaryimage\"},\"image\":{\"@id\":\"https:\/\/www.welovecycling.com\/pl\/2021\/08\/09\/nie-zwalniamy-czas-na-tour-de-pologne\/#primaryimage\"},\"thumbnailUrl\":\"https:\/\/d2p6e6u75xmxt8.cloudfront.net\/5\/2021\/08\/1231-scaled.jpg\",\"datePublished\":\"2021-08-09T11:19:52+00:00\",\"dateModified\":\"2021-08-27T12:32:48+00:00\",\"author\":{\"@id\":\"https:\/\/www.welovecycling.com\/pl\/#\/schema\/person\/4a79bac7bd265aa6a35a1079d36648be\"},\"description\":\"Tour de France przemkn\u0105\u0142 przez Francj\u0119 niczym poci\u0105g TGV, z kt\u00f3rego w wielkim po\u015bpiechu kolarze przesiedli si\u0119 do samolot\u00f3w lec\u0105cych do Tokio. Igrzyska olimpijskie \u2013 cho\u0107 w kolarstwie medalowo dla nas nieudane \u2013 dostarczy\u0142y wielu emocji i pokaza\u0142y wielkie serce do walki Bia\u0142o-Czerwonych. Po ostatnim gwizdku na olimpijskich arenach rozpoczyna si\u0119 nasz narodowy Tour de Pologne.\",\"breadcrumb\":{\"@id\":\"https:\/\/www.welovecycling.com\/pl\/2021\/08\/09\/nie-zwalniamy-czas-na-tour-de-pologne\/#breadcrumb\"},\"inLanguage\":\"pl-PL\",\"potentialAction\":[{\"@type\":\"ReadAction\",\"target\":[\"https:\/\/www.welovecycling.com\/pl\/2021\/08\/09\/nie-zwalniamy-czas-na-tour-de-pologne\/\"]}]},{\"@type\":\"ImageObject\",\"inLanguage\":\"pl-PL\",\"@id\":\"https:\/\/www.welovecycling.com\/pl\/2021\/08\/09\/nie-zwalniamy-czas-na-tour-de-pologne\/#primaryimage\",\"url\":\"https:\/\/d2p6e6u75xmxt8.cloudfront.net\/5\/2021\/08\/1231-scaled.jpg\",\"contentUrl\":\"https:\/\/d2p6e6u75xmxt8.cloudfront.net\/5\/2021\/08\/1231-scaled.jpg\",\"width\":2560,\"height\":1704},{\"@type\":\"BreadcrumbList\",\"@id\":\"https:\/\/www.welovecycling.com\/pl\/2021\/08\/09\/nie-zwalniamy-czas-na-tour-de-pologne\/#breadcrumb\",\"itemListElement\":[{\"@type\":\"ListItem\",\"position\":1,\"name\":\"Home\",\"item\":\"https:\/\/www.welovecycling.com\/pl\/\"},{\"@type\":\"ListItem\",\"position\":2,\"name\":\"Nie zwalniamy. Czas na Tour de Pologne\"}]},{\"@type\":\"WebSite\",\"@id\":\"https:\/\/www.welovecycling.com\/pl\/#website\",\"url\":\"https:\/\/www.welovecycling.com\/pl\/\",\"name\":\"\u0160koda We Love Cycling - Poland\",\"description\":\"\",\"potentialAction\":[{\"@type\":\"SearchAction\",\"target\":{\"@type\":\"EntryPoint\",\"urlTemplate\":\"https:\/\/www.welovecycling.com\/pl\/?s={search_term_string}\"},\"query-input\":{\"@type\":\"PropertyValueSpecification\",\"valueRequired\":true,\"valueName\":\"search_term_string\"}}],\"inLanguage\":\"pl-PL\"},{\"@type\":\"Person\",\"@id\":\"https:\/\/www.welovecycling.com\/pl\/#\/schema\/person\/4a79bac7bd265aa6a35a1079d36648be\",\"name\":\"oktawiamikulska\",\"image\":{\"@type\":\"ImageObject\",\"inLanguage\":\"pl-PL\",\"@id\":\"https:\/\/www.welovecycling.com\/pl\/#\/schema\/person\/image\/\",\"url\":\"https:\/\/secure.gravatar.com\/avatar\/b97a3f44e2de6d2f8dd358975937e49823662e12cbd810b9d1a2bff1c149e8a7?s=96&d=mm&r=g\",\"contentUrl\":\"https:\/\/secure.gravatar.com\/avatar\/b97a3f44e2de6d2f8dd358975937e49823662e12cbd810b9d1a2bff1c149e8a7?s=96&d=mm&r=g\",\"caption\":\"oktawiamikulska\"},\"url\":\"https:\/\/www.welovecycling.com\/pl\/author\/oktawiamikulska\/\"}]}<\/script>\n<!-- \/ Yoast SEO Premium plugin. -->","yoast_head_json":{"title":"Nie zwalniamy. Czas na Tour de Pologne - \u0160koda We Love Cycling - Poland","description":"Tour de France przemkn\u0105\u0142 przez Francj\u0119 niczym poci\u0105g TGV, z kt\u00f3rego w wielkim po\u015bpiechu kolarze przesiedli si\u0119 do samolot\u00f3w lec\u0105cych do Tokio. Igrzyska olimpijskie \u2013 cho\u0107 w kolarstwie medalowo dla nas nieudane \u2013 dostarczy\u0142y wielu emocji i pokaza\u0142y wielkie serce do walki Bia\u0142o-Czerwonych. Po ostatnim gwizdku na olimpijskich arenach rozpoczyna si\u0119 nasz narodowy Tour de Pologne.","robots":{"index":"index","follow":"follow","max-snippet":"max-snippet:-1","max-image-preview":"max-image-preview:large","max-video-preview":"max-video-preview:-1"},"canonical":"https:\/\/www.welovecycling.com\/pl\/2021\/08\/09\/nie-zwalniamy-czas-na-tour-de-pologne\/","og_locale":"pl_PL","og_type":"article","og_title":"Nie zwalniamy. Czas na Tour de Pologne","og_description":"Tour de France przemkn\u0105\u0142 przez Francj\u0119 niczym poci\u0105g TGV, z kt\u00f3rego w wielkim po\u015bpiechu kolarze przesiedli si\u0119 do samolot\u00f3w lec\u0105cych do Tokio. Igrzyska olimpijskie \u2013 cho\u0107 w kolarstwie medalowo dla nas nieudane \u2013 dostarczy\u0142y wielu emocji i pokaza\u0142y wielkie serce do walki Bia\u0142o-Czerwonych. Po ostatnim gwizdku na olimpijskich arenach rozpoczyna si\u0119 nasz narodowy Tour de Pologne.","og_url":"https:\/\/www.welovecycling.com\/pl\/2021\/08\/09\/nie-zwalniamy-czas-na-tour-de-pologne\/","og_site_name":"\u0160koda We Love Cycling - Poland","article_published_time":"2021-08-09T11:19:52+00:00","article_modified_time":"2021-08-27T12:32:48+00:00","og_image":[{"width":2560,"height":1704,"url":"https:\/\/d2p6e6u75xmxt8.cloudfront.net\/5\/2021\/08\/1231-scaled.jpg","type":"image\/jpeg"}],"author":"oktawiamikulska","twitter_card":"summary_large_image","twitter_misc":{"Written by":"Bartosz Huzarski","Est. reading time":"6 minutes"},"schema":{"@context":"https:\/\/schema.org","@graph":[{"@type":"WebPage","@id":"https:\/\/www.welovecycling.com\/pl\/2021\/08\/09\/nie-zwalniamy-czas-na-tour-de-pologne\/","url":"https:\/\/www.welovecycling.com\/pl\/2021\/08\/09\/nie-zwalniamy-czas-na-tour-de-pologne\/","name":"Nie zwalniamy. Czas na Tour de Pologne - \u0160koda We Love Cycling - Poland","isPartOf":{"@id":"https:\/\/www.welovecycling.com\/pl\/#website"},"primaryImageOfPage":{"@id":"https:\/\/www.welovecycling.com\/pl\/2021\/08\/09\/nie-zwalniamy-czas-na-tour-de-pologne\/#primaryimage"},"image":{"@id":"https:\/\/www.welovecycling.com\/pl\/2021\/08\/09\/nie-zwalniamy-czas-na-tour-de-pologne\/#primaryimage"},"thumbnailUrl":"https:\/\/d2p6e6u75xmxt8.cloudfront.net\/5\/2021\/08\/1231-scaled.jpg","datePublished":"2021-08-09T11:19:52+00:00","dateModified":"2021-08-27T12:32:48+00:00","author":{"@id":"https:\/\/www.welovecycling.com\/pl\/#\/schema\/person\/4a79bac7bd265aa6a35a1079d36648be"},"description":"Tour de France przemkn\u0105\u0142 przez Francj\u0119 niczym poci\u0105g TGV, z kt\u00f3rego w wielkim po\u015bpiechu kolarze przesiedli si\u0119 do samolot\u00f3w lec\u0105cych do Tokio. Igrzyska olimpijskie \u2013 cho\u0107 w kolarstwie medalowo dla nas nieudane \u2013 dostarczy\u0142y wielu emocji i pokaza\u0142y wielkie serce do walki Bia\u0142o-Czerwonych. Po ostatnim gwizdku na olimpijskich arenach rozpoczyna si\u0119 nasz narodowy Tour de Pologne.","breadcrumb":{"@id":"https:\/\/www.welovecycling.com\/pl\/2021\/08\/09\/nie-zwalniamy-czas-na-tour-de-pologne\/#breadcrumb"},"inLanguage":"pl-PL","potentialAction":[{"@type":"ReadAction","target":["https:\/\/www.welovecycling.com\/pl\/2021\/08\/09\/nie-zwalniamy-czas-na-tour-de-pologne\/"]}]},{"@type":"ImageObject","inLanguage":"pl-PL","@id":"https:\/\/www.welovecycling.com\/pl\/2021\/08\/09\/nie-zwalniamy-czas-na-tour-de-pologne\/#primaryimage","url":"https:\/\/d2p6e6u75xmxt8.cloudfront.net\/5\/2021\/08\/1231-scaled.jpg","contentUrl":"https:\/\/d2p6e6u75xmxt8.cloudfront.net\/5\/2021\/08\/1231-scaled.jpg","width":2560,"height":1704},{"@type":"BreadcrumbList","@id":"https:\/\/www.welovecycling.com\/pl\/2021\/08\/09\/nie-zwalniamy-czas-na-tour-de-pologne\/#breadcrumb","itemListElement":[{"@type":"ListItem","position":1,"name":"Home","item":"https:\/\/www.welovecycling.com\/pl\/"},{"@type":"ListItem","position":2,"name":"Nie zwalniamy. Czas na Tour de Pologne"}]},{"@type":"WebSite","@id":"https:\/\/www.welovecycling.com\/pl\/#website","url":"https:\/\/www.welovecycling.com\/pl\/","name":"\u0160koda We Love Cycling - Poland","description":"","potentialAction":[{"@type":"SearchAction","target":{"@type":"EntryPoint","urlTemplate":"https:\/\/www.welovecycling.com\/pl\/?s={search_term_string}"},"query-input":{"@type":"PropertyValueSpecification","valueRequired":true,"valueName":"search_term_string"}}],"inLanguage":"pl-PL"},{"@type":"Person","@id":"https:\/\/www.welovecycling.com\/pl\/#\/schema\/person\/4a79bac7bd265aa6a35a1079d36648be","name":"oktawiamikulska","image":{"@type":"ImageObject","inLanguage":"pl-PL","@id":"https:\/\/www.welovecycling.com\/pl\/#\/schema\/person\/image\/","url":"https:\/\/secure.gravatar.com\/avatar\/b97a3f44e2de6d2f8dd358975937e49823662e12cbd810b9d1a2bff1c149e8a7?s=96&d=mm&r=g","contentUrl":"https:\/\/secure.gravatar.com\/avatar\/b97a3f44e2de6d2f8dd358975937e49823662e12cbd810b9d1a2bff1c149e8a7?s=96&d=mm&r=g","caption":"oktawiamikulska"},"url":"https:\/\/www.welovecycling.com\/pl\/author\/oktawiamikulska\/"}]}},"_links":{"self":[{"href":"https:\/\/www.welovecycling.com\/pl\/wp-json\/wp\/v2\/posts\/12005","targetHints":{"allow":["GET"]}}],"collection":[{"href":"https:\/\/www.welovecycling.com\/pl\/wp-json\/wp\/v2\/posts"}],"about":[{"href":"https:\/\/www.welovecycling.com\/pl\/wp-json\/wp\/v2\/types\/post"}],"author":[{"embeddable":true,"href":"https:\/\/www.welovecycling.com\/pl\/wp-json\/wp\/v2\/users\/125"}],"replies":[{"embeddable":true,"href":"https:\/\/www.welovecycling.com\/pl\/wp-json\/wp\/v2\/comments?post=12005"}],"version-history":[{"count":1,"href":"https:\/\/www.welovecycling.com\/pl\/wp-json\/wp\/v2\/posts\/12005\/revisions"}],"predecessor-version":[{"id":12016,"href":"https:\/\/www.welovecycling.com\/pl\/wp-json\/wp\/v2\/posts\/12005\/revisions\/12016"}],"wp:featuredmedia":[{"embeddable":true,"href":"https:\/\/www.welovecycling.com\/pl\/wp-json\/wp\/v2\/media\/12010"}],"wp:attachment":[{"href":"https:\/\/www.welovecycling.com\/pl\/wp-json\/wp\/v2\/media?parent=12005"}],"wp:term":[{"taxonomy":"category","embeddable":true,"href":"https:\/\/www.welovecycling.com\/pl\/wp-json\/wp\/v2\/categories?post=12005"},{"taxonomy":"post_tag","embeddable":true,"href":"https:\/\/www.welovecycling.com\/pl\/wp-json\/wp\/v2\/tags?post=12005"},{"taxonomy":"global-categories","embeddable":true,"href":"https:\/\/www.welovecycling.com\/pl\/wp-json\/wp\/v2\/global-categories?post=12005"}],"curies":[{"name":"wp","href":"https:\/\/api.w.org\/{rel}","templated":true}]}}