{"id":11997,"date":"2021-08-04T14:55:26","date_gmt":"2021-08-04T14:55:26","guid":{"rendered":"https:\/\/www.welovecycling.com\/pl\/?p=11997"},"modified":"2023-07-19T07:24:15","modified_gmt":"2023-07-19T07:24:15","slug":"czego-sie-spodziewac-po-womens-worldtour-2022","status":"publish","type":"post","link":"https:\/\/www.welovecycling.com\/pl\/2021\/08\/04\/czego-sie-spodziewac-po-womens-worldtour-2022\/","title":{"rendered":"Czego si\u0119 spodziewa\u0107 po Women\u2019s WorldTour 2022?"},"content":{"rendered":"<p><strong>Wcze\u015bniej tego lata UCI (Mi\u0119dzynarodowa Unia Kolarska) wypu\u015bci\u0142a oficjalny kalendarz Women\u2019s WorldTour 2022 \u2013 czeka nas kilka przyjemnych niespodzianek! Niecierpliwili\u015bmy si\u0119 na wy\u015bcig szosowy kobiet podczas igrzysk olimpijskich w Tokio, ale dobrze jest te\u017c wiedzie\u0107, \u017ce mo\u017cemy wyczekiwa\u0107 jeszcze wielu ekscytuj\u0105cych wydarze\u0144 \u2013 pomaga nam to unikn\u0105\u0107 tak zwanego post-race blues, przygn\u0119bienia mi\u0119dzy wy\u015bcigami. Czy jeste\u015b zagorza\u0142ym fanem od lat, czy dopiero odkrywasz dynamizm i zaciek\u0142o\u015b\u0107 kobiecego peletonu \u2013 oferujemy Ci przedsmak tego, co czeka Ci\u0119 w przysz\u0142ym roku.<\/strong><\/p>\n<h2><strong>Przegl\u0105d wczesnego sezonu<\/strong><\/h2>\n<p>Kalendarz WWT rozpoczyna si\u0119 5 marca klasycznym wy\u015bcigiem Strade Bianche po \u201ebia\u0142ych drogach\u201d Toskanii. W sumie obejmuje 22 wydarze\u0144, z kt\u00f3rych a\u017c 10 to wy\u015bcigi etapowe, znane jako stage races. Po piaszczysto-\u017cwirowych doznaniach Strade Bianche dojedziemy pe\u0142ni entuzjazmu do Ronde van Drenthe, rozpoczynaj\u0105cego si\u0119 tydzie\u0144 p\u00f3\u017aniej. A to dopiero pocz\u0105tek wra\u017ce\u0144, jakie czekaj\u0105 nas przysz\u0142ej wiosny! Pierwsza po\u0142owa sezonu to r\u00f3wnie\u017c Trofeo Alfredo Binda, Oxyclean Classic Brugge-De Panne, Gandawa-Wevelgem, Tour of Flanders (Dooko\u0142a Flandrii), Pary\u017c-Roubaix, Amstel Gold Race, Fl\u00e8che Wallonne (Walo\u0144ska Strza\u0142a) i \u201eStaruszek\u201d Li\u00e8ge-Bastogne-Li\u00e8ge.<\/p>\n<figure id=\"attachment_184815\" aria-describedby=\"caption-attachment-184815\" style=\"width: 1000px\" class=\"wp-caption alignnone\"><img loading=\"lazy\" decoding=\"async\" class=\"initial loaded wp-image-184815 size-full\" src=\"https:\/\/d2p6e6u75xmxt8.cloudfront.net\/2\/2021\/07\/Liege-Bastogne-Liege-women-profimedia-0607785001.jpg\" sizes=\"auto, (max-width: 1000px) 100vw, 1000px\" srcset=\"https:\/\/d2p6e6u75xmxt8.cloudfront.net\/2\/2021\/07\/Liege-Bastogne-Liege-women-profimedia-0607785001.jpg 1000w, https:\/\/d2p6e6u75xmxt8.cloudfront.net\/2\/2021\/07\/Liege-Bastogne-Liege-women-profimedia-0607785001-300x200.jpg 300w, https:\/\/d2p6e6u75xmxt8.cloudfront.net\/2\/2021\/07\/Liege-Bastogne-Liege-women-profimedia-0607785001-768x511.jpg 768w, https:\/\/d2p6e6u75xmxt8.cloudfront.net\/2\/2021\/07\/Liege-Bastogne-Liege-women-profimedia-0607785001-272x182.jpg 272w\" alt=\"Li\u00e8ge-Bastogne-Li\u00e8ge Women\" width=\"1000\" height=\"666\" data-was-processed=\"true\" \/><figcaption id=\"caption-attachment-184815\" class=\"wp-caption-text\">Demi Vollering wins the 2021 Li\u00e8ge-Bastogne-Li\u00e8ge. \u00a9 Profimedia<\/figcaption><\/figure>\n<h2><strong>Tour de France Femmes pere\u0142k\u0105 WWT<\/strong><\/h2>\n<p>Oczywi\u015bcie nie mog\u0142o zabrakn\u0105\u0107 wielkiej gwiazdy nadchodz\u0105cego sezonu \u2013 <a href=\"https:\/\/www.welovecycling.com\/wide\/2021\/07\/16\/a-womens-tour-de-france-is-coming-next-year-what-does-this-mean-to-the-cycling-community\/\">pierwszego w historii Tour de France kobiet<\/a>. D\u0142ugo wyczekiwany \u2013 wreszcie jest! Tydzie\u0144 po wy\u015bcigu m\u0119\u017cczyzn, a wi\u0119c mi\u0119dzy 24 a 31 lipca, b\u0119dziemy mogli prze\u017cywa\u0107 to niesamowite wydarzenie. Wygl\u0105da na to, \u017ce jednodniowy <a href=\"https:\/\/www.welovecycling.com\/wide\/2021\/06\/28\/demi-vollering-shows-no-mercy-at-the-8th-and-final-edition-of-la-course\/\">La Course<\/a> \u2013 jak brzydkie kacz\u0105tko z ba\u015bni H. Ch. Andersena \u2013 zmieni\u0142 si\u0119 w pi\u0119knego \u0142ab\u0119dzia, tj. wy\u015bcig kobiet, gdy\u017c nie znajdujemy go w kalendarzu na 2022 rok.<\/p>\n<p>Mimo \u017ce zdecydowanie kr\u00f3tszy, Tour the France Femmes b\u0119dzie oparty na tych samych warto\u015bciach i zasadach co wy\u015bcig m\u0119\u017cczyzn \u2013 jak zapowiada ASO (Amaury Sport Organisation). Kobiety rozpoczn\u0105 to wiekopomne wydarzenie tego samego dnia, kiedy m\u0119\u017cczy\u017ani sko\u0144cz\u0105 ostatni etap swojego wy\u015bcigu. W rezultacie obie edycje b\u0119d\u0105 mia\u0142y sw\u00f3j fina\u0142 24 lipca na Polach Elizejskich w Pary\u017cu.<\/p>\n<p>Dzi\u0119ki ogromnemu zainteresowaniu fan\u00f3w kolarstwa sponsorem wy\u015bcigu kobiet b\u0119dzie globalna platforma fitness, Zwift. Partnerstwo z firm\u0105 zaplanowane jest wst\u0119pnie na cztery lata. Oznacza to, \u017ce oficjalna nazwa wy\u015bcigu kobiet w tym czasie b\u0119dzie brzmie\u0107 \u201eTour de France Femmes avec Zwift\u201d.<\/p>\n<div class=\"embed-controller-wrapper\">\n<blockquote class=\"twitter-tweet\" data-width=\"500\" data-dnt=\"true\">\n<p lang=\"en\" dir=\"ltr\">\ud83d\udce2  WOMEN&#39;S TOUR DE FRANCE! \ud83d\udce2<\/p>\n<p>The ASO is launching a new women&#39;s race, the &quot;Tour de France Femmes avec Zwift,&quot; in 2022, with 8 stages and live TV broadcast.<\/p>\n<p>\ud83d\udd17 Find out more here: <a href=\"https:\/\/t.co\/tuH9js6xvu\">https:\/\/t.co\/tuH9js6xvu<\/a><a href=\"https:\/\/twitter.com\/hashtag\/tdf?src=hash&amp;ref_src=twsrc%5Etfw\">#tdf<\/a> <a href=\"https:\/\/twitter.com\/GoZwift?ref_src=twsrc%5Etfw\">@gozwift<\/a> <a href=\"https:\/\/twitter.com\/LeTour?ref_src=twsrc%5Etfw\">@letour<\/a> <a href=\"https:\/\/t.co\/l87D0obYKF\">pic.twitter.com\/l87D0obYKF<\/a><\/p>\n<p>&mdash; Voxwomen (@Voxwomen) <a href=\"https:\/\/twitter.com\/Voxwomen\/status\/1405541241627021314?ref_src=twsrc%5Etfw\">June 17, 2021<\/a><\/p><\/blockquote>\n<p><script async data-src=\"https:\/\/platform.twitter.com\/widgets.js\" charset=\"utf-8\"><\/script><\/div>\n<p>\u201eTakie wydarzenie jak Tour de France Femmes avec Zwift oferuje kobiecemu kolarstwu cenn\u0105 przestrze\u0144 do wy\u0142onienia wspania\u0142ych sportowc\u00f3w\u201d \u2013 <a href=\"https:\/\/www.letourfemmes.fr\/en\/news\/2021\/the-tour-de-france-launches-the-tour-de-france-femmes-avec-zwift\/1291778\">stwierdzi\u0142<\/a> Christian Prudhomme,\u00a0<a href=\"https:\/\/www.welovecycling.com\/wide\/2021\/06\/29\/creating-the-red-enyaq-iv-how-does-it-feel-to-be-the-tour-de-france-director\/\">dyrektor Tour the France<\/a>. W swojej wypowiedzi podkre\u015bli\u0142 te\u017c: \u201enarodziny tego wy\u015bcigu daj\u0105 nadziej\u0119 na to, \u017ce kt\u00f3rego\u015b dnia kolarstwo kobiet doczeka si\u0119 swojego miejsca na szczycie \u015bwiatowego sportu\u201d.<\/p>\n<p>Wi\u0119cej szczeg\u00f3\u0142\u00f3w odno\u015bnie wy\u015bcigu kobiet powinno zosta\u0107 og\u0142oszone 14 pa\u017adziernika, kiedy to <a href=\"https:\/\/www.letour.fr\/en\">Tour the France<\/a> zostanie zapowiedziany w Pa\u0142acu Kongresowym w Pary\u017cu.<\/p>\n<h2><strong>\u00a0<\/strong><strong>Giro Rosa powraca<\/strong><\/h2>\n<p>Kolejna ekscytuj\u0105ca zmiana w kalendarzu UCI 2022 \u2013 Giro d\u2019Italia Femminile wraca do \u0142ask Women\u2019s World Tour. Znany i kochany pod nazw\u0105 Giro Rosa wy\u015bcig zosta\u0142 przywr\u00f3cony do WWT po tym, jak zdegradowano go w 2021 roku do kategorii 2. Pro w klasyfikacji wy\u015bcig\u00f3w UCI. Ulubie\u0144cem zar\u00f3wno fan\u00f3w, jak i uczestniczek b\u0119dzie mo\u017cna si\u0119 nacieszy\u0107 mi\u0119dzy 1 a 10 lipca, na dwa tygodnie przed Tour de France kobiet.<\/p>\n<figure id=\"attachment_184817\" aria-describedby=\"caption-attachment-184817\" style=\"width: 1024px\" class=\"wp-caption alignnone\"><img loading=\"lazy\" decoding=\"async\" class=\"loading wp-image-184817 size-large\" src=\"https:\/\/d2p6e6u75xmxt8.cloudfront.net\/2\/2021\/07\/Giro-Donne-Women-profimedia-0619286746-1024x681.jpg\" sizes=\"auto, (max-width: 1024px) 100vw, 1024px\" srcset=\"https:\/\/d2p6e6u75xmxt8.cloudfront.net\/2\/2021\/07\/Giro-Donne-Women-profimedia-0619286746-1024x681.jpg 1024w, https:\/\/d2p6e6u75xmxt8.cloudfront.net\/2\/2021\/07\/Giro-Donne-Women-profimedia-0619286746-300x199.jpg 300w, https:\/\/d2p6e6u75xmxt8.cloudfront.net\/2\/2021\/07\/Giro-Donne-Women-profimedia-0619286746-768x511.jpg 768w, https:\/\/d2p6e6u75xmxt8.cloudfront.net\/2\/2021\/07\/Giro-Donne-Women-profimedia-0619286746-272x182.jpg 272w, https:\/\/d2p6e6u75xmxt8.cloudfront.net\/2\/2021\/07\/Giro-Donne-Women-profimedia-0619286746.jpg 1250w\" alt=\"Giro Rosa\" width=\"1024\" height=\"681\" data-was-processed=\"true\" \/><figcaption id=\"caption-attachment-184817\" class=\"wp-caption-text\">The Giro Rosa will be back in 2022. \u00a9 Profimedia<\/figcaption><\/figure>\n<h2><strong>Wi\u0119cej d\u0142ugodystansowych wy\u015bcig\u00f3w etapowych<\/strong><\/h2>\n<p>Kolejna nowo\u015b\u0107 w\u015br\u00f3d nowo\u015bci \u2013 dwa inne wy\u015bcigi etapowe otrzymaj\u0105 kilka dni ekstra w sezonie 2022. Ladies Tour of Norway zyska miano Battle of the North i potrwa nie cztery, a a\u017c sze\u015b\u0107 sierpniowych dni. Zaplanowany na wrzesie\u0144 wy\u015bcig Wyzwanie Ceratizit firmy La Vuelta tak\u017ce wyd\u0142u\u017cy si\u0119 z trzech do czterech dni.<\/p>\n<p>Ponadto UCI postanowi\u0142a przywr\u00f3ci\u0107 do kalendarza kolejne dwa wydarzenia. Brytyjski Prudential RideLondon-Surrey Classic zaplanowano na weekend 27-29 maja, a Postnord \u2013 wy\u015bcig szosowy na czas (tzw. time trail) w miejsowo\u015bci V\u00e5rg\u00e5rda w zachodniej Szwecji \u2013 na 6-7 sierpnia.<\/p>\n<h2><strong>Wi\u0119cej dru\u017cyn, wi\u0119ksza konkurencja<\/strong><\/h2>\n<p>Na koniec ekscytuj\u0105ca zmiana w strukturze WWT na 2022 rok dotycz\u0105ca sposobu zapraszania dru\u017cyn do udzia\u0142u w imprezach UCI Women&#8217;s WorldTour. Od przysz\u0142ego sezonu organizatorzy wy\u015bcig\u00f3w b\u0119d\u0105 zobowi\u0105zani do zapraszania nie tylko 15 dru\u017cyn z UCI Women&#8217;s WorldTeams, ale tak\u017ce dw\u00f3ch najlepszych dru\u017cyn z UCI Women&#8217;s Continental Teams. Jest to naprawd\u0119 porywaj\u0105ca wiadomo\u015b\u0107 dla wielu \u015bwie\u017co upieczonych kolarek, a <a href=\"https:\/\/www.uci.org\/inside-uci\/press-releases\/the-uci-adopts-preventive-measures-to-fight-against-abuse-in-cycling-and-reinforces-its-arsenal-in-the-fight-against-technological-fraud\">jak twierdzi UCI<\/a>, zwi\u0119kszenie liczby zapraszanych dru\u017cyn z 15 do 17 \u201ema na celu stymulowanie rozwoju dru\u017cyn kobiecych\u201d.<\/p>\n<p>To z pewno\u015bci\u0105 zmiana, kt\u00f3rej mo\u017cemy przyklasn\u0105\u0107! Kompletny kalendarz Elite Women&#8217;s WorldTour mo\u017cna znale\u017a\u0107 <a href=\"https:\/\/www.uci.org\/road\/calendar\">tutaj<\/a>.<\/p>\n<p><a href=\"https:\/\/www.welovecycling.com\/wide\/2021\/07\/30\/what-can-we-expect-from-the-2022-womens-worldtour\/\">https:\/\/www.welovecycling.com\/wide\/2021\/07\/30\/what-can-we-expect-from-the-2022-womens-worldtour\/<\/a><\/p>\n<p><span data-sheets-value=\"{&quot;1&quot;:2,&quot;2&quot;:&quot;Artyku\u0142 powsta\u0142 we wsp\u00f3\u0142pracy ze skoda-auto.pl&quot;}\" data-sheets-userformat=\"{&quot;2&quot;:1,&quot;3&quot;:{&quot;1&quot;:0}}\" data-sheets-hyperlink=\"http:\/\/www.skoda-auto.pl\/\"><a class=\"in-cell-link\" href=\"http:\/\/www.skoda-auto.pl\/\" target=\"_blank\" rel=\"noopener noreferrer\">Artyku\u0142 powsta\u0142 we wsp\u00f3\u0142pracy ze skoda-auto.pl<\/a><\/span><\/p>\n<p><a href=\"https:\/\/www.skoda-auto.pl\/modele\/karoq\"><img loading=\"lazy\" decoding=\"async\" class=\"aligncenter wp-image-9609 size-full loading\" src=\"https:\/\/d2p6e6u75xmxt8.cloudfront.net\/5\/2019\/08\/baner_WLC_640x350_4.png\" sizes=\"auto, (max-width: 640px) 100vw, 640px\" srcset=\"https:\/\/d2p6e6u75xmxt8.cloudfront.net\/5\/2019\/08\/baner_WLC_640x350_4.png 640w, https:\/\/d2p6e6u75xmxt8.cloudfront.net\/5\/2019\/08\/baner_WLC_640x350_4-300x164.png 300w\" alt=\"\" width=\"640\" height=\"350\" data-was-processed=\"true\" \/><\/a><\/p>\n<p>&nbsp;<\/p>\n<p>&nbsp;<\/p>\n","protected":false},"excerpt":{"rendered":"<p>Wcze\u015bniej tego lata UCI (Mi\u0119dzynarodowa Unia Kolarska) wypu\u015bci\u0142a oficjalny kalendarz Women\u2019s WorldTour 2022 \u2013 czeka nas kilka przyjemnych niespodzianek! Niecierpliwili\u015bmy [&hellip;]<\/p>\n","protected":false},"author":125,"featured_media":11999,"comment_status":"open","ping_status":"open","sticky":false,"template":"","format":"standard","meta":{"footnotes":""},"categories":[337],"tags":[176,77,406,146],"global-categories":[303],"class_list":["post-11997","post","type-post","status-publish","format-standard","has-post-thumbnail","hentry","category-tour-de-france","tag-kolarstwo","tag-tour-de-france","tag-tour-de-france-femmes","tag-wyscig","global-categories-cycling"],"yoast_head":"<!-- This site is optimized with the Yoast SEO Premium plugin v25.3 (Yoast SEO v25.9) - https:\/\/yoast.com\/wordpress\/plugins\/seo\/ -->\n<title>Czego si\u0119 spodziewa\u0107 po Women\u2019s WorldTour 2022? - \u0160koda We Love Cycling - Poland<\/title>\n<meta name=\"robots\" content=\"index, follow, max-snippet:-1, max-image-preview:large, max-video-preview:-1\" \/>\n<link rel=\"canonical\" href=\"https:\/\/www.welovecycling.com\/pl\/2021\/08\/04\/czego-sie-spodziewac-po-womens-worldtour-2022\/\" \/>\n<meta property=\"og:locale\" content=\"pl_PL\" \/>\n<meta property=\"og:type\" content=\"article\" \/>\n<meta property=\"og:title\" content=\"Czego si\u0119 spodziewa\u0107 po Women\u2019s WorldTour 2022?\" \/>\n<meta property=\"og:description\" content=\"Wcze\u015bniej tego lata UCI (Mi\u0119dzynarodowa Unia Kolarska) wypu\u015bci\u0142a oficjalny kalendarz Women\u2019s WorldTour 2022 \u2013 czeka nas kilka przyjemnych niespodzianek! Niecierpliwili\u015bmy [&hellip;]\" \/>\n<meta property=\"og:url\" content=\"https:\/\/www.welovecycling.com\/pl\/2021\/08\/04\/czego-sie-spodziewac-po-womens-worldtour-2022\/\" \/>\n<meta property=\"og:site_name\" content=\"\u0160koda We Love Cycling - Poland\" \/>\n<meta property=\"article:published_time\" content=\"2021-08-04T14:55:26+00:00\" \/>\n<meta property=\"article:modified_time\" content=\"2023-07-19T07:24:15+00:00\" \/>\n<meta property=\"og:image\" content=\"https:\/\/d2p6e6u75xmxt8.cloudfront.net\/5\/2021\/08\/Strade-Bianche-Women-profimedia-0595622332-CVR-1024x450-1.jpg\" \/>\n\t<meta property=\"og:image:width\" content=\"1024\" \/>\n\t<meta property=\"og:image:height\" content=\"450\" \/>\n\t<meta property=\"og:image:type\" content=\"image\/jpeg\" \/>\n<meta name=\"author\" content=\"oktawiamikulska\" \/>\n<meta name=\"twitter:card\" content=\"summary_large_image\" \/>\n<meta name=\"twitter:label1\" content=\"Written by\" \/>\n\t<meta name=\"twitter:data1\" content=\"Megan Flottorp\" \/>\n\t<meta name=\"twitter:label2\" content=\"Est. reading time\" \/>\n\t<meta name=\"twitter:data2\" content=\"4 minutes\" \/>\n<script type=\"application\/ld+json\" class=\"yoast-schema-graph\">{\"@context\":\"https:\/\/schema.org\",\"@graph\":[{\"@type\":\"WebPage\",\"@id\":\"https:\/\/www.welovecycling.com\/pl\/2021\/08\/04\/czego-sie-spodziewac-po-womens-worldtour-2022\/\",\"url\":\"https:\/\/www.welovecycling.com\/pl\/2021\/08\/04\/czego-sie-spodziewac-po-womens-worldtour-2022\/\",\"name\":\"Czego si\u0119 spodziewa\u0107 po Women\u2019s WorldTour 2022? - \u0160koda We Love Cycling - Poland\",\"isPartOf\":{\"@id\":\"https:\/\/www.welovecycling.com\/pl\/#website\"},\"primaryImageOfPage\":{\"@id\":\"https:\/\/www.welovecycling.com\/pl\/2021\/08\/04\/czego-sie-spodziewac-po-womens-worldtour-2022\/#primaryimage\"},\"image\":{\"@id\":\"https:\/\/www.welovecycling.com\/pl\/2021\/08\/04\/czego-sie-spodziewac-po-womens-worldtour-2022\/#primaryimage\"},\"thumbnailUrl\":\"https:\/\/d2p6e6u75xmxt8.cloudfront.net\/5\/2021\/08\/Strade-Bianche-Women-profimedia-0595622332-CVR-1024x450-1.jpg\",\"datePublished\":\"2021-08-04T14:55:26+00:00\",\"dateModified\":\"2023-07-19T07:24:15+00:00\",\"author\":{\"@id\":\"https:\/\/www.welovecycling.com\/pl\/#\/schema\/person\/4a79bac7bd265aa6a35a1079d36648be\"},\"breadcrumb\":{\"@id\":\"https:\/\/www.welovecycling.com\/pl\/2021\/08\/04\/czego-sie-spodziewac-po-womens-worldtour-2022\/#breadcrumb\"},\"inLanguage\":\"pl-PL\",\"potentialAction\":[{\"@type\":\"ReadAction\",\"target\":[\"https:\/\/www.welovecycling.com\/pl\/2021\/08\/04\/czego-sie-spodziewac-po-womens-worldtour-2022\/\"]}]},{\"@type\":\"ImageObject\",\"inLanguage\":\"pl-PL\",\"@id\":\"https:\/\/www.welovecycling.com\/pl\/2021\/08\/04\/czego-sie-spodziewac-po-womens-worldtour-2022\/#primaryimage\",\"url\":\"https:\/\/d2p6e6u75xmxt8.cloudfront.net\/5\/2021\/08\/Strade-Bianche-Women-profimedia-0595622332-CVR-1024x450-1.jpg\",\"contentUrl\":\"https:\/\/d2p6e6u75xmxt8.cloudfront.net\/5\/2021\/08\/Strade-Bianche-Women-profimedia-0595622332-CVR-1024x450-1.jpg\",\"width\":1024,\"height\":450},{\"@type\":\"BreadcrumbList\",\"@id\":\"https:\/\/www.welovecycling.com\/pl\/2021\/08\/04\/czego-sie-spodziewac-po-womens-worldtour-2022\/#breadcrumb\",\"itemListElement\":[{\"@type\":\"ListItem\",\"position\":1,\"name\":\"Home\",\"item\":\"https:\/\/www.welovecycling.com\/pl\/\"},{\"@type\":\"ListItem\",\"position\":2,\"name\":\"Czego si\u0119 spodziewa\u0107 po Women\u2019s WorldTour 2022?\"}]},{\"@type\":\"WebSite\",\"@id\":\"https:\/\/www.welovecycling.com\/pl\/#website\",\"url\":\"https:\/\/www.welovecycling.com\/pl\/\",\"name\":\"\u0160koda We Love Cycling - Poland\",\"description\":\"\",\"potentialAction\":[{\"@type\":\"SearchAction\",\"target\":{\"@type\":\"EntryPoint\",\"urlTemplate\":\"https:\/\/www.welovecycling.com\/pl\/?s={search_term_string}\"},\"query-input\":{\"@type\":\"PropertyValueSpecification\",\"valueRequired\":true,\"valueName\":\"search_term_string\"}}],\"inLanguage\":\"pl-PL\"},{\"@type\":\"Person\",\"@id\":\"https:\/\/www.welovecycling.com\/pl\/#\/schema\/person\/4a79bac7bd265aa6a35a1079d36648be\",\"name\":\"oktawiamikulska\",\"image\":{\"@type\":\"ImageObject\",\"inLanguage\":\"pl-PL\",\"@id\":\"https:\/\/www.welovecycling.com\/pl\/#\/schema\/person\/image\/\",\"url\":\"https:\/\/secure.gravatar.com\/avatar\/b97a3f44e2de6d2f8dd358975937e49823662e12cbd810b9d1a2bff1c149e8a7?s=96&d=mm&r=g\",\"contentUrl\":\"https:\/\/secure.gravatar.com\/avatar\/b97a3f44e2de6d2f8dd358975937e49823662e12cbd810b9d1a2bff1c149e8a7?s=96&d=mm&r=g\",\"caption\":\"oktawiamikulska\"},\"url\":\"https:\/\/www.welovecycling.com\/pl\/author\/oktawiamikulska\/\"}]}<\/script>\n<!-- \/ Yoast SEO Premium plugin. -->","yoast_head_json":{"title":"Czego si\u0119 spodziewa\u0107 po Women\u2019s WorldTour 2022? - \u0160koda We Love Cycling - Poland","robots":{"index":"index","follow":"follow","max-snippet":"max-snippet:-1","max-image-preview":"max-image-preview:large","max-video-preview":"max-video-preview:-1"},"canonical":"https:\/\/www.welovecycling.com\/pl\/2021\/08\/04\/czego-sie-spodziewac-po-womens-worldtour-2022\/","og_locale":"pl_PL","og_type":"article","og_title":"Czego si\u0119 spodziewa\u0107 po Women\u2019s WorldTour 2022?","og_description":"Wcze\u015bniej tego lata UCI (Mi\u0119dzynarodowa Unia Kolarska) wypu\u015bci\u0142a oficjalny kalendarz Women\u2019s WorldTour 2022 \u2013 czeka nas kilka przyjemnych niespodzianek! Niecierpliwili\u015bmy [&hellip;]","og_url":"https:\/\/www.welovecycling.com\/pl\/2021\/08\/04\/czego-sie-spodziewac-po-womens-worldtour-2022\/","og_site_name":"\u0160koda We Love Cycling - Poland","article_published_time":"2021-08-04T14:55:26+00:00","article_modified_time":"2023-07-19T07:24:15+00:00","og_image":[{"width":1024,"height":450,"url":"https:\/\/d2p6e6u75xmxt8.cloudfront.net\/5\/2021\/08\/Strade-Bianche-Women-profimedia-0595622332-CVR-1024x450-1.jpg","type":"image\/jpeg"}],"author":"oktawiamikulska","twitter_card":"summary_large_image","twitter_misc":{"Written by":"Megan Flottorp","Est. reading time":"4 minutes"},"schema":{"@context":"https:\/\/schema.org","@graph":[{"@type":"WebPage","@id":"https:\/\/www.welovecycling.com\/pl\/2021\/08\/04\/czego-sie-spodziewac-po-womens-worldtour-2022\/","url":"https:\/\/www.welovecycling.com\/pl\/2021\/08\/04\/czego-sie-spodziewac-po-womens-worldtour-2022\/","name":"Czego si\u0119 spodziewa\u0107 po Women\u2019s WorldTour 2022? - \u0160koda We Love Cycling - Poland","isPartOf":{"@id":"https:\/\/www.welovecycling.com\/pl\/#website"},"primaryImageOfPage":{"@id":"https:\/\/www.welovecycling.com\/pl\/2021\/08\/04\/czego-sie-spodziewac-po-womens-worldtour-2022\/#primaryimage"},"image":{"@id":"https:\/\/www.welovecycling.com\/pl\/2021\/08\/04\/czego-sie-spodziewac-po-womens-worldtour-2022\/#primaryimage"},"thumbnailUrl":"https:\/\/d2p6e6u75xmxt8.cloudfront.net\/5\/2021\/08\/Strade-Bianche-Women-profimedia-0595622332-CVR-1024x450-1.jpg","datePublished":"2021-08-04T14:55:26+00:00","dateModified":"2023-07-19T07:24:15+00:00","author":{"@id":"https:\/\/www.welovecycling.com\/pl\/#\/schema\/person\/4a79bac7bd265aa6a35a1079d36648be"},"breadcrumb":{"@id":"https:\/\/www.welovecycling.com\/pl\/2021\/08\/04\/czego-sie-spodziewac-po-womens-worldtour-2022\/#breadcrumb"},"inLanguage":"pl-PL","potentialAction":[{"@type":"ReadAction","target":["https:\/\/www.welovecycling.com\/pl\/2021\/08\/04\/czego-sie-spodziewac-po-womens-worldtour-2022\/"]}]},{"@type":"ImageObject","inLanguage":"pl-PL","@id":"https:\/\/www.welovecycling.com\/pl\/2021\/08\/04\/czego-sie-spodziewac-po-womens-worldtour-2022\/#primaryimage","url":"https:\/\/d2p6e6u75xmxt8.cloudfront.net\/5\/2021\/08\/Strade-Bianche-Women-profimedia-0595622332-CVR-1024x450-1.jpg","contentUrl":"https:\/\/d2p6e6u75xmxt8.cloudfront.net\/5\/2021\/08\/Strade-Bianche-Women-profimedia-0595622332-CVR-1024x450-1.jpg","width":1024,"height":450},{"@type":"BreadcrumbList","@id":"https:\/\/www.welovecycling.com\/pl\/2021\/08\/04\/czego-sie-spodziewac-po-womens-worldtour-2022\/#breadcrumb","itemListElement":[{"@type":"ListItem","position":1,"name":"Home","item":"https:\/\/www.welovecycling.com\/pl\/"},{"@type":"ListItem","position":2,"name":"Czego si\u0119 spodziewa\u0107 po Women\u2019s WorldTour 2022?"}]},{"@type":"WebSite","@id":"https:\/\/www.welovecycling.com\/pl\/#website","url":"https:\/\/www.welovecycling.com\/pl\/","name":"\u0160koda We Love Cycling - Poland","description":"","potentialAction":[{"@type":"SearchAction","target":{"@type":"EntryPoint","urlTemplate":"https:\/\/www.welovecycling.com\/pl\/?s={search_term_string}"},"query-input":{"@type":"PropertyValueSpecification","valueRequired":true,"valueName":"search_term_string"}}],"inLanguage":"pl-PL"},{"@type":"Person","@id":"https:\/\/www.welovecycling.com\/pl\/#\/schema\/person\/4a79bac7bd265aa6a35a1079d36648be","name":"oktawiamikulska","image":{"@type":"ImageObject","inLanguage":"pl-PL","@id":"https:\/\/www.welovecycling.com\/pl\/#\/schema\/person\/image\/","url":"https:\/\/secure.gravatar.com\/avatar\/b97a3f44e2de6d2f8dd358975937e49823662e12cbd810b9d1a2bff1c149e8a7?s=96&d=mm&r=g","contentUrl":"https:\/\/secure.gravatar.com\/avatar\/b97a3f44e2de6d2f8dd358975937e49823662e12cbd810b9d1a2bff1c149e8a7?s=96&d=mm&r=g","caption":"oktawiamikulska"},"url":"https:\/\/www.welovecycling.com\/pl\/author\/oktawiamikulska\/"}]}},"_links":{"self":[{"href":"https:\/\/www.welovecycling.com\/pl\/wp-json\/wp\/v2\/posts\/11997","targetHints":{"allow":["GET"]}}],"collection":[{"href":"https:\/\/www.welovecycling.com\/pl\/wp-json\/wp\/v2\/posts"}],"about":[{"href":"https:\/\/www.welovecycling.com\/pl\/wp-json\/wp\/v2\/types\/post"}],"author":[{"embeddable":true,"href":"https:\/\/www.welovecycling.com\/pl\/wp-json\/wp\/v2\/users\/125"}],"replies":[{"embeddable":true,"href":"https:\/\/www.welovecycling.com\/pl\/wp-json\/wp\/v2\/comments?post=11997"}],"version-history":[{"count":1,"href":"https:\/\/www.welovecycling.com\/pl\/wp-json\/wp\/v2\/posts\/11997\/revisions"}],"predecessor-version":[{"id":12000,"href":"https:\/\/www.welovecycling.com\/pl\/wp-json\/wp\/v2\/posts\/11997\/revisions\/12000"}],"wp:featuredmedia":[{"embeddable":true,"href":"https:\/\/www.welovecycling.com\/pl\/wp-json\/wp\/v2\/media\/11999"}],"wp:attachment":[{"href":"https:\/\/www.welovecycling.com\/pl\/wp-json\/wp\/v2\/media?parent=11997"}],"wp:term":[{"taxonomy":"category","embeddable":true,"href":"https:\/\/www.welovecycling.com\/pl\/wp-json\/wp\/v2\/categories?post=11997"},{"taxonomy":"post_tag","embeddable":true,"href":"https:\/\/www.welovecycling.com\/pl\/wp-json\/wp\/v2\/tags?post=11997"},{"taxonomy":"global-categories","embeddable":true,"href":"https:\/\/www.welovecycling.com\/pl\/wp-json\/wp\/v2\/global-categories?post=11997"}],"curies":[{"name":"wp","href":"https:\/\/api.w.org\/{rel}","templated":true}]}}