{"id":11975,"date":"2021-07-23T15:51:16","date_gmt":"2021-07-23T15:51:16","guid":{"rendered":"https:\/\/www.welovecycling.com\/pl\/?p=11975"},"modified":"2021-07-23T15:51:16","modified_gmt":"2021-07-23T15:51:16","slug":"jak-wybrac-idealny-kask-miejski-do-dojazdow-do-pracy","status":"publish","type":"post","link":"https:\/\/www.welovecycling.com\/pl\/2021\/07\/23\/jak-wybrac-idealny-kask-miejski-do-dojazdow-do-pracy\/","title":{"rendered":"Jak wybra\u0107 idealny kask miejski do dojazd\u00f3w do pracy"},"content":{"rendered":"<p><strong>Je\u015bli szukasz miejskich kask\u00f3w rowerowych, prawdopodobnie nie musimy Ci\u0119 ju\u017c przekonywa\u0107 o skuteczno\u015bci tego rodzaju ochrony. Niezale\u017cnie od tego, czy wymaga tego prawo, czy nie, zawsze lepiej zachowa\u0107 ostro\u017cno\u015b\u0107. Chyba wszyscy mo\u017cemy si\u0119 zgodzi\u0107, \u017ce obszary miejskie \u2013 z ich nat\u0119\u017ceniem ruchu pieszego, rowerowego i samochodowego \u2013 s\u0105 epicentrami potencjalnych wypadk\u00f3w, wi\u0119c szczeg\u00f3lnie tutaj warto zadba\u0107 o bezpiecze\u0144stwo. Przyjrzyjmy si\u0119 kilku zasadom, kt\u00f3re dobrze zna\u0107 podczas wybierania odpowiedniego kasku miejskiego. Mamy te\u017c dla Ciebie kilka wskaz\u00f3wek dotycz\u0105cych konkretnych produkt\u00f3w.<\/strong><\/p>\n<h2><strong>Prawid\u0142owe oszacowanie rozmiaru ma kluczowe znaczenie przy wyborze kasku<\/strong><\/h2>\n<p>Twoim pierwszym i najwa\u017cniejszym zadaniem jest dok\u0142adny pomiar. \u0179le dopasowany kask ma zmniejszon\u0105 funkcjonalno\u015b\u0107 oraz ochron\u0119 i staje si\u0119 kosztownym, lecz bezu\u017cytecznym przedmiotem. Dlatego te\u017c raczej nie powiniene\u015b korzysta\u0107 z czyjego\u015b kasku ani po\u017cycza\u0107 swojego, ju\u017c wyregulowanego. No chyba \u017ce Wasze g\u0142owy mieszcz\u0105 si\u0119 w tej samej kategorii rozmiar\u00f3w i zgadzacie si\u0119 na ka\u017cdorazowe wprowadzanie zmian w ustawieniach kasku przy po\u017cyczaniu go sobie.<\/p>\n<figure id=\"attachment_184136\" aria-describedby=\"caption-attachment-184136\" style=\"width: 1000px\" class=\"wp-caption alignnone\"><img loading=\"lazy\" decoding=\"async\" class=\"loading wp-image-184136 size-full\" src=\"https:\/\/d2p6e6u75xmxt8.cloudfront.net\/2\/2021\/06\/Urban-cycling-profimedia-0403435200.jpg\" sizes=\"auto, (max-width: 1000px) 100vw, 1000px\" srcset=\"https:\/\/d2p6e6u75xmxt8.cloudfront.net\/2\/2021\/06\/Urban-cycling-profimedia-0403435200.jpg 1000w, https:\/\/d2p6e6u75xmxt8.cloudfront.net\/2\/2021\/06\/Urban-cycling-profimedia-0403435200-300x200.jpg 300w, https:\/\/d2p6e6u75xmxt8.cloudfront.net\/2\/2021\/06\/Urban-cycling-profimedia-0403435200-768x512.jpg 768w, https:\/\/d2p6e6u75xmxt8.cloudfront.net\/2\/2021\/06\/Urban-cycling-profimedia-0403435200-272x182.jpg 272w\" alt=\"Urban cycling\" width=\"1000\" height=\"667\" data-was-processed=\"true\" \/><figcaption id=\"caption-attachment-184136\" class=\"wp-caption-text\">Wiele organizacji zajmuj\u0105cych si\u0119 bezpiecze\u0144stwem, stowarzysze\u0144 kolarskich i innych interesariuszy rowerowych od lat nalega\u0142o, aby rozwi\u0105zaniem problemu uraz\u00f3w g\u0142owy i ofiar \u015bmiertelnych wypadk\u00f3w na rowerach by\u0142o noszenie kasku. \u00a9 Profimedia<\/figcaption><\/figure>\n<p>Najpierw musisz zmierzy\u0107 obw\u00f3d czaszki za pomoc\u0105 miarki. Zacznij oko\u0142o 2,5 cm nad brwiami i owi\u0144 ni\u0105 ca\u0142\u0105 g\u0142ow\u0119 w najszerszym miejscu. Trzymaj miark\u0119 poziomo i nad uszami, w razie potrzeby sprawd\u017a w lustrze, czy jest ustawiona prosto. Wynik tego pomiaru to rozmiar Twojego kasku. Wskaz\u00f3wka dla profesjonalist\u00f3w: je\u015bli jeste\u015b rozdarty mi\u0119dzy dwoma rozmiarami, wybierz mniejszy, a je\u015bli kask nadal wydaje si\u0119 wi\u0119kszy, mo\u017cesz za\u0142o\u017cy\u0107 czapk\u0119 pod sp\u00f3d lub w\u0142o\u017cy\u0107 dodatkow\u0105 wy\u015bci\u00f3\u0142k\u0119.<\/p>\n<p>Poni\u017csza tabela zawiera typowe rozmiary u\u017cywane w bran\u017cy kolarskiej, ale zawsze warto te\u017c sprawdzi\u0107 wymiary u\u017cywane przez wybranego producenta.<\/p>\n<table width=\"816\">\n<tbody>\n<tr>\n<td width=\"171\"><strong>Rozmiar <\/strong><\/td>\n<td width=\"135\"><strong>X Ma\u0142y<\/strong><\/td>\n<td width=\"135\"><strong>Ma\u0142y<\/strong><\/td>\n<td width=\"135\"><strong>\u015aredni<\/strong><\/td>\n<td width=\"135\"><strong>Du\u017cy<\/strong><\/td>\n<td width=\"107\"><strong>Bardzo du\u017cy<\/strong><\/td>\n<\/tr>\n<tr>\n<td>Obw\u00f3d g\u0142owy<\/td>\n<td>47 \u2013 51cm<\/td>\n<td>51 \u2013 55cm<\/td>\n<td>55 \u2013 59cm<\/td>\n<td>59 \u2013 63cm<\/td>\n<td>61 \u2013 65cm<\/td>\n<\/tr>\n<\/tbody>\n<\/table>\n<h2><strong>Dopasowanie kasku<\/strong><\/h2>\n<p>Dobrze dopasowany kask nie mo\u017ce by\u0107 za ciasny i musi wygodnie le\u017ce\u0107 na g\u0142owie oko\u0142o 2,5 cm nad brwiami, aby chroni\u0107 czo\u0142o. Nie powinien te\u017c zsuwa\u0107 si\u0119 do ty\u0142u. Wiele kask\u00f3w ma pokr\u0119t\u0142o regulacji, wi\u0119c korzystaj z niego, a\u017c dopasowanie b\u0119dzie ciasne, ale zarazem wygodne; alternatywnie dostosuj wewn\u0119trzn\u0105 wy\u015bci\u00f3\u0142k\u0119.<\/p>\n<p>Nast\u0119pnie zajmij si\u0119 paskiem pod brod\u0105. Boki paska powinny tworzy\u0107 spoczynkowy kszta\u0142t litery \u201eV\u201d wok\u00f3\u0142 ka\u017cdego ucha i nie powinny w \u017caden spos\u00f3b ich uciska\u0107 ani trze\u0107. Aby sprawdzi\u0107, czy napr\u0119\u017cenie paska jest odpowiednie, otw\u00f3rz szeroko usta \u2013 kask powinien naciska\u0107 na czubek g\u0142owy. Je\u015bli tak si\u0119 nie stanie, wyreguluj pasek, ale unikaj niewygodnego, nadmiernego naci\u0105gni\u0119cia. Kask nie powinien w \u017cadnym wypadku utrudnia\u0107 widzenia.<\/p>\n<figure id=\"attachment_184137\" aria-describedby=\"caption-attachment-184137\" style=\"width: 1000px\" class=\"wp-caption alignnone\"><img loading=\"lazy\" decoding=\"async\" class=\"loading wp-image-184137 size-full\" src=\"https:\/\/d2p6e6u75xmxt8.cloudfront.net\/2\/2021\/06\/Commuter-cyclist-profimedia-0214926175.jpg\" sizes=\"auto, (max-width: 1000px) 100vw, 1000px\" srcset=\"https:\/\/d2p6e6u75xmxt8.cloudfront.net\/2\/2021\/06\/Commuter-cyclist-profimedia-0214926175.jpg 1000w, https:\/\/d2p6e6u75xmxt8.cloudfront.net\/2\/2021\/06\/Commuter-cyclist-profimedia-0214926175-300x200.jpg 300w, https:\/\/d2p6e6u75xmxt8.cloudfront.net\/2\/2021\/06\/Commuter-cyclist-profimedia-0214926175-768x511.jpg 768w, https:\/\/d2p6e6u75xmxt8.cloudfront.net\/2\/2021\/06\/Commuter-cyclist-profimedia-0214926175-272x182.jpg 272w\" alt=\"Bicycle commuter\" width=\"1000\" height=\"666\" data-was-processed=\"true\" \/><figcaption id=\"caption-attachment-184137\" class=\"wp-caption-text\">W ci\u0105gu ostatnich kilku dekad producenci wzmocnili kaski dla wi\u0119kszego bezpiecze\u0144stwa, zmniejszyli ich wag\u0119, zapewnili lepsz\u0105 wentylacj\u0119 i aerodynamik\u0119. \u00a9 Profimedia<\/figcaption><\/figure>\n<p>M\u00f3wi\u0105c o bezpiecze\u0144stwie, warto przyjrze\u0107 si\u0119 kaskom MIPS. MIPS to skr\u00f3t od Multi-Directional Impact Protection System, kt\u00f3ry jest technologi\u0105 p\u0142aszczyzny po\u015blizgu opracowan\u0105 przez czo\u0142owych neurochirurg\u00f3w. System ten znajduje si\u0119 wewn\u0105trz kasku i ma na celu zmniejszenie si\u0142 obrotowych, kt\u00f3re mog\u0105 wynika\u0107 z niekt\u00f3rych uderze\u0144.<\/p>\n<h2><strong>Inne rodzaje kask\u00f3w rowerowych<\/strong><\/h2>\n<p>Ustalili\u015bmy ju\u017c, \u017ce ten artyku\u0142 koncentruje si\u0119 na kaskach miejskich, ale nie nale\u017cy lekcewa\u017cy\u0107 innych rodzaj\u00f3w, kt\u00f3re napotkasz podczas przegl\u0105dania internetu. We\u017a pod uwag\u0119 wszystkie swoje aktywno\u015bci rowerowe. Je\u017adzisz w weekendy na szosowe wycieczki? Kup kask szosowy, kt\u00f3ry mo\u017cna nosi\u0107 r\u00f3wnie\u017c w mie\u015bcie. Czasami bierzesz udzia\u0142 w lekkich i niezobowi\u0105zuj\u0105cych wypadach MTB? Wybierz kask o mocniejszej konstrukcji i wi\u0119kszej liczbie funkcji ochronnych, takich jak daszek lub (zdejmowany) wizjer. A je\u015bli kr\u0119ci Ci\u0119 kask pasuj\u0105cy do koloru Twojego roweru i sprz\u0119tu, zaszalej i kup go. W przypadku sprz\u0119tu zapewniaj\u0105cego bezpiecze\u0144stwo istnieje pewna prawid\u0142owo\u015b\u0107: je\u015bli przedmiot jest estetyczny i \u0142adny, ludzie s\u0105 bardziej sk\u0142onni go nosi\u0107.<\/p>\n<h2><strong>Piel\u0119gnacja kasku i regularna wymiana<\/strong><\/h2>\n<p>Nie nale\u017cy przechowywa\u0107 kasku w miejscach, w kt\u00f3rych b\u0119dzie mia\u0142 tendencj\u0119 do akumulacji ciep\u0142a, np. na strychu, w szopie ogrodowej, baga\u017cniku samochodowym itp. Nadmierne ciep\u0142o mo\u017ce spowodowa\u0107 uszkodzenie konstrukcji \u2013 w plastiku powstan\u0105 b\u0105belki i uczyni\u0105 kask potencjalnie niebezpiecznym w u\u017cyciu. Unikaj r\u00f3wnie\u017c u\u017cywania rozpuszczalnik\u00f3w chemicznych do czyszczenia kasku. Mi\u0119kka g\u0105bka i zwyk\u0142y detergent wystarcz\u0105 do wyczyszczenia zewn\u0119trznej powierzchni, a wewn\u0119trzne wyjmowane podk\u0142adki i cz\u0119\u015bci mo\u017cna potraktowa\u0107 myd\u0142em i wod\u0105.<\/p>\n<p>Ostatnia wskaz\u00f3wka: nie zapomnij od czasu do czasu wymieni\u0107 kasku. Sk\u0105d masz wiedzie\u0107, \u017ce to ju\u017c czas? Kaski rowerowe s\u0105 jednolit\u0105 konstrukcj\u0105, wi\u0119c zawsze zak\u0142adaj, \u017ce kask, kt\u00f3ry uleg\u0142 wypadkowi, nie nadaje si\u0119 ju\u017c do noszenia, nawet je\u015bli wygl\u0105da dobrze. Ponadto zaleca si\u0119 wymian\u0119 kasku rowerowego co pi\u0119\u0107 lat, poniewa\u017c pot, zanieczyszczenia i promieniowanie UV mog\u0105 z czasem uszkodzi\u0107 i os\u0142abi\u0107 jego elementy.<\/p>\n<p>Teraz gdy znasz ju\u017c og\u00f3lne zasady, zr\u00f3bmy przegl\u0105d najciekawszych kask\u00f3w.<\/p>\n<h2><strong>Giro Camden MIPS<\/strong><\/h2>\n<p><img loading=\"lazy\" decoding=\"async\" class=\"alignnone size-large wp-image-184125 loading\" src=\"https:\/\/d2p6e6u75xmxt8.cloudfront.net\/2\/2021\/06\/GIRO_Helmet-1024x754.jpg\" sizes=\"auto, (max-width: 1024px) 100vw, 1024px\" srcset=\"https:\/\/d2p6e6u75xmxt8.cloudfront.net\/2\/2021\/06\/GIRO_Helmet-1024x754.jpg 1024w, https:\/\/d2p6e6u75xmxt8.cloudfront.net\/2\/2021\/06\/GIRO_Helmet-300x221.jpg 300w, https:\/\/d2p6e6u75xmxt8.cloudfront.net\/2\/2021\/06\/GIRO_Helmet-768x566.jpg 768w, https:\/\/d2p6e6u75xmxt8.cloudfront.net\/2\/2021\/06\/GIRO_Helmet.jpg 1200w\" alt=\"Giro Camden Cycling Helmet\" width=\"1024\" height=\"754\" data-was-processed=\"true\" \/><\/p>\n<p><a href=\"https:\/\/www.giro.co.uk\/products\/detail\/GIHCAMMB\/camden-mips\/\"><u>Camden MIPS<\/u><\/a> to niskoprofilowy kask przeznaczony do jazdy po mie\u015bcie. Zapewnia rozszerzone pokrycie, antybakteryjne wk\u0142adki wewn\u0119trzne, zintegrowane tylne \u015bwiat\u0142o i lepsz\u0105 wentylacj\u0119. Je\u015bli szukasz kasku, kt\u00f3ry nie sprawi, \u017ce Twoja g\u0142owa b\u0119dzie wygl\u0105da\u0107 dziwnie, a jednocze\u015bnie b\u0119dzie bezpieczna, to mo\u017ce by\u0107 dobry wyb\u00f3r.<\/p>\n<h2><strong>Kask rowerowy POC Omne Air Spin<\/strong><\/h2>\n<p><img loading=\"lazy\" decoding=\"async\" class=\"alignnone size-large wp-image-184126 loading\" src=\"https:\/\/d2p6e6u75xmxt8.cloudfront.net\/2\/2021\/06\/POC-Omne-Air-Spin-1024x728.jpg\" sizes=\"auto, (max-width: 1024px) 100vw, 1024px\" srcset=\"https:\/\/d2p6e6u75xmxt8.cloudfront.net\/2\/2021\/06\/POC-Omne-Air-Spin-1024x728.jpg 1024w, https:\/\/d2p6e6u75xmxt8.cloudfront.net\/2\/2021\/06\/POC-Omne-Air-Spin-300x213.jpg 300w, https:\/\/d2p6e6u75xmxt8.cloudfront.net\/2\/2021\/06\/POC-Omne-Air-Spin-768x546.jpg 768w, https:\/\/d2p6e6u75xmxt8.cloudfront.net\/2\/2021\/06\/POC-Omne-Air-Spin.jpg 1049w\" alt=\"POC Omne Air Spin\" width=\"1024\" height=\"728\" data-was-processed=\"true\" \/><\/p>\n<p>POC wyrobi\u0142 sobie renom\u0119 w bran\u017cy rowerowej dzi\u0119ki najnowocze\u015bniejszemu sprz\u0119towi oraz kaskom \u2013 i z <a href=\"https:\/\/www.pocsports.com\/products\/omne-air-spin\"><u>Omne Air Spin<\/u><\/a> nie jest inaczej. Optymalna g\u0119sto\u015b\u0107 wk\u0142adki i grubsze strefy ochronne rdzenia zapewniaj\u0105 idealn\u0105, uniwersaln\u0105 ochron\u0119. Wyst\u0119puje w szerokiej gamie pi\u0119knych odcieni.<\/p>\n<h2><strong>Moebius<\/strong><\/h2>\n<p><img loading=\"lazy\" decoding=\"async\" class=\"alignnone size-full wp-image-184127 loading\" src=\"https:\/\/d2p6e6u75xmxt8.cloudfront.net\/2\/2021\/06\/kask-moebius-wg11-helmet.jpeg\" sizes=\"auto, (max-width: 1000px) 100vw, 1000px\" srcset=\"https:\/\/d2p6e6u75xmxt8.cloudfront.net\/2\/2021\/06\/kask-moebius-wg11-helmet.jpeg 1000w, https:\/\/d2p6e6u75xmxt8.cloudfront.net\/2\/2021\/06\/kask-moebius-wg11-helmet-300x300.jpeg 300w, https:\/\/d2p6e6u75xmxt8.cloudfront.net\/2\/2021\/06\/kask-moebius-wg11-helmet-150x150.jpeg 150w, https:\/\/d2p6e6u75xmxt8.cloudfront.net\/2\/2021\/06\/kask-moebius-wg11-helmet-768x768.jpeg 768w\" alt=\"Kask Moebius helmet\" width=\"1000\" height=\"1000\" data-was-processed=\"true\" \/><\/p>\n<p>Ten stylowy i odporny na zarysowania kask b\u0119dzie idealny do dojazd\u00f3w do pracy. Jest niezwykle wygodny, ma doskona\u0142e w\u0142a\u015bciwo\u015bci przep\u0142ywu powietrza, trwa\u0142\u0105 konstrukcj\u0119 i odpinany daszek. <a href=\"https:\/\/www.kask.com\/en\/cycling\/helmets\/moebius_24_97.htm\"><u>Kask Moebius<\/u><\/a> spe\u0142ni Twoje wymagania zar\u00f3wno w zakresie bezpiecze\u0144stwa, jak i mody.<\/p>\n<h2><strong>Kask Bontrager Solstice MIPS<\/strong><\/h2>\n<p><img loading=\"lazy\" decoding=\"async\" class=\"alignnone size-large wp-image-184128 loading\" src=\"https:\/\/d2p6e6u75xmxt8.cloudfront.net\/2\/2021\/06\/Bontrager-Solstice-Helmet-1024x669.jpg\" sizes=\"auto, (max-width: 1024px) 100vw, 1024px\" srcset=\"https:\/\/d2p6e6u75xmxt8.cloudfront.net\/2\/2021\/06\/Bontrager-Solstice-Helmet-1024x669.jpg 1024w, https:\/\/d2p6e6u75xmxt8.cloudfront.net\/2\/2021\/06\/Bontrager-Solstice-Helmet-300x196.jpg 300w, https:\/\/d2p6e6u75xmxt8.cloudfront.net\/2\/2021\/06\/Bontrager-Solstice-Helmet-768x502.jpg 768w, https:\/\/d2p6e6u75xmxt8.cloudfront.net\/2\/2021\/06\/Bontrager-Solstice-Helmet.jpg 1093w\" alt=\"Bontrager Solstice MIPS helmet\" width=\"1024\" height=\"669\" data-was-processed=\"true\" \/><\/p>\n<p>Ten bardzo lekki i wytrzyma\u0142y kask jest jednym z najpopularniejszych modeli r\u00f3wnie\u017c ze wzgl\u0119du na cen\u0119. <a href=\"https:\/\/www.trekbikes.com\/us\/en_US\/equipment\/bike-accessories\/bike-helmets\/fitness-bike-helmets\/bontrager-solstice-mips-bike-helmet\/p\/30466\/\"><u>Solstice MIPS<\/u><\/a> to doskona\u0142y wyb\u00f3r do codziennych dojazd\u00f3w do biura lub na zakupy.<\/p>\n<h2><strong>Kask rowerowy Bern Hudson MIPS<\/strong><\/h2>\n<p><img loading=\"lazy\" decoding=\"async\" class=\"alignnone size-large wp-image-184130 loading\" src=\"https:\/\/d2p6e6u75xmxt8.cloudfront.net\/2\/2021\/06\/Hudson-MIPS-Matte-Black-1024x1024.png\" sizes=\"auto, (max-width: 1024px) 100vw, 1024px\" srcset=\"https:\/\/d2p6e6u75xmxt8.cloudfront.net\/2\/2021\/06\/Hudson-MIPS-Matte-Black-1024x1024.png 1024w, https:\/\/d2p6e6u75xmxt8.cloudfront.net\/2\/2021\/06\/Hudson-MIPS-Matte-Black-300x300.png 300w, https:\/\/d2p6e6u75xmxt8.cloudfront.net\/2\/2021\/06\/Hudson-MIPS-Matte-Black-150x150.png 150w, https:\/\/d2p6e6u75xmxt8.cloudfront.net\/2\/2021\/06\/Hudson-MIPS-Matte-Black-768x768.png 768w, https:\/\/d2p6e6u75xmxt8.cloudfront.net\/2\/2021\/06\/Hudson-MIPS-Matte-Black.png 1200w\" alt=\"Bern Hudson Bike Helmet\" width=\"1024\" height=\"1024\" data-was-processed=\"true\" \/><\/p>\n<p>Ten wytrzyma\u0142y i kompaktowy kask zdoby\u0142 nagrod\u0119 Innovation Award 2021 od Outdoor Retailer, co wiele m\u00f3wi o jego zaletach. <a href=\"https:\/\/www.bernhelmets.com\/collections\/bike\/products\/hudson\"><u>Hudson MIPS<\/u><\/a> zapewnia o 25% wi\u0119ksz\u0105 amortyzacj\u0119 uderze\u0144 w por\u00f3wnaniu z poprzednio opisanymi modelami, a tak\u017ce jest zatwierdzony do rower\u00f3w i hulajn\u00f3g elektrycznych, co czyni go idealnym kaskiem do mikromobilno\u015bci.<\/p>\n<p><strong>Kask Thousand Chapter MIPS<\/strong><\/p>\n<p><img loading=\"lazy\" decoding=\"async\" class=\"alignnone size-full wp-image-184131 loading\" src=\"https:\/\/d2p6e6u75xmxt8.cloudfront.net\/2\/2021\/06\/Thousand-Chapter-Helmet.jpeg\" sizes=\"auto, (max-width: 600px) 100vw, 600px\" srcset=\"https:\/\/d2p6e6u75xmxt8.cloudfront.net\/2\/2021\/06\/Thousand-Chapter-Helmet.jpeg 600w, https:\/\/d2p6e6u75xmxt8.cloudfront.net\/2\/2021\/06\/Thousand-Chapter-Helmet-300x192.jpeg 300w\" alt=\"Thousand Chapter MIPS helmet\" width=\"600\" height=\"384\" data-was-processed=\"true\" \/><\/p>\n<p>Ulubieniec wszystkich os\u00f3b doje\u017cd\u017caj\u0105cych do pracy pod wzgl\u0119dem stylu i ceny. Jego g\u0142adki, kompaktowy kszta\u0142t zawiera wspomnian\u0105 wy\u017cej technologi\u0119 MIPS, strategiczn\u0105 aktywn\u0105 wentylacj\u0119, wielofunkcyjne \u015bwiat\u0142o magnetyczne, a nawet tajn\u0105 blokad\u0119 pop-lock, dzi\u0119ki czemu mo\u017cesz zablokowa\u0107 kask za pomoc\u0105 U-locka i zostawi\u0107 wraz z rowerem. <a href=\"https:\/\/www.explorethousand.com\/products\/mips-helmet?color=racer-black&amp;size=small\"><u>Kask Chapter MIPS<\/u><\/a> jest r\u00f3wnie\u017c lekki i zawiera pokr\u0119t\u0142o regulacji.<\/p>\n<p>Mamy nadziej\u0119, \u017ce pomogli\u015bmy Ci podj\u0105\u0107 decyzj\u0119 co do wyboru najlepszego dla Ciebie kasku.<\/p>\n<p><span data-sheets-value=\"{&quot;1&quot;:2,&quot;2&quot;:&quot;Artyku\u0142 powsta\u0142 we wsp\u00f3\u0142pracy ze skoda-auto.pl&quot;}\" data-sheets-userformat=\"{&quot;2&quot;:1,&quot;3&quot;:{&quot;1&quot;:0}}\" data-sheets-hyperlink=\"http:\/\/www.skoda-auto.pl\/\"><a class=\"in-cell-link\" href=\"http:\/\/www.skoda-auto.pl\/\" target=\"_blank\" rel=\"noopener noreferrer\">Artyku\u0142 powsta\u0142 we wsp\u00f3\u0142pracy ze skoda-auto.pl<\/a><\/span><\/p>\n<p><a href=\"https:\/\/www.skoda-auto.pl\/modele\/karoq\"><img loading=\"lazy\" decoding=\"async\" class=\"size-full wp-image-11629 aligncenter\" src=\"https:\/\/d2p6e6u75xmxt8.cloudfront.net\/5\/2021\/12\/640x350-3-1.jpg\" alt=\"\" width=\"640\" height=\"350\" srcset=\"https:\/\/d2p6e6u75xmxt8.cloudfront.net\/5\/2021\/12\/640x350-3-1.jpg 640w, https:\/\/d2p6e6u75xmxt8.cloudfront.net\/5\/2021\/12\/640x350-3-1-300x164.jpg 300w\" sizes=\"auto, (max-width: 640px) 100vw, 640px\" \/><\/a><\/p>\n","protected":false},"excerpt":{"rendered":"<p>Je\u015bli szukasz miejskich kask\u00f3w rowerowych, prawdopodobnie nie musimy Ci\u0119 ju\u017c przekonywa\u0107 o skuteczno\u015bci tego rodzaju ochrony. Niezale\u017cnie od tego, czy [&hellip;]<\/p>\n","protected":false},"author":125,"featured_media":11976,"comment_status":"open","ping_status":"open","sticky":false,"template":"","format":"standard","meta":{"footnotes":""},"categories":[301],"tags":[],"global-categories":[303],"class_list":["post-11975","post","type-post","status-publish","format-standard","has-post-thumbnail","hentry","category-safety","global-categories-cycling"],"yoast_head":"<!-- This site is optimized with the Yoast SEO Premium plugin v25.3 (Yoast SEO v25.9) - https:\/\/yoast.com\/wordpress\/plugins\/seo\/ -->\n<title>Jak wybra\u0107 idealny kask miejski do dojazd\u00f3w do pracy - \u0160koda We Love Cycling - Poland<\/title>\n<meta name=\"robots\" content=\"index, follow, max-snippet:-1, max-image-preview:large, max-video-preview:-1\" \/>\n<link rel=\"canonical\" href=\"https:\/\/www.welovecycling.com\/pl\/2021\/07\/23\/jak-wybrac-idealny-kask-miejski-do-dojazdow-do-pracy\/\" \/>\n<meta property=\"og:locale\" content=\"pl_PL\" \/>\n<meta property=\"og:type\" content=\"article\" \/>\n<meta property=\"og:title\" content=\"Jak wybra\u0107 idealny kask miejski do dojazd\u00f3w do pracy\" \/>\n<meta property=\"og:description\" content=\"Je\u015bli szukasz miejskich kask\u00f3w rowerowych, prawdopodobnie nie musimy Ci\u0119 ju\u017c przekonywa\u0107 o skuteczno\u015bci tego rodzaju ochrony. Niezale\u017cnie od tego, czy [&hellip;]\" \/>\n<meta property=\"og:url\" content=\"https:\/\/www.welovecycling.com\/pl\/2021\/07\/23\/jak-wybrac-idealny-kask-miejski-do-dojazdow-do-pracy\/\" \/>\n<meta property=\"og:site_name\" content=\"\u0160koda We Love Cycling - Poland\" \/>\n<meta property=\"article:published_time\" content=\"2021-07-23T15:51:16+00:00\" \/>\n<meta property=\"og:image\" content=\"https:\/\/d2p6e6u75xmxt8.cloudfront.net\/5\/2021\/07\/Commuter-cyclist-profimedia-0416642154-CVR-1024x447-1.jpg\" \/>\n\t<meta property=\"og:image:width\" content=\"1024\" \/>\n\t<meta property=\"og:image:height\" content=\"447\" \/>\n\t<meta property=\"og:image:type\" content=\"image\/jpeg\" \/>\n<meta name=\"author\" content=\"oktawiamikulska\" \/>\n<meta name=\"twitter:card\" content=\"summary_large_image\" \/>\n<meta name=\"twitter:label1\" content=\"Written by\" \/>\n\t<meta name=\"twitter:data1\" content=\"Frantiska Blazkova\" \/>\n\t<meta name=\"twitter:label2\" content=\"Est. reading time\" \/>\n\t<meta name=\"twitter:data2\" content=\"6 minutes\" \/>\n<script type=\"application\/ld+json\" class=\"yoast-schema-graph\">{\"@context\":\"https:\/\/schema.org\",\"@graph\":[{\"@type\":\"WebPage\",\"@id\":\"https:\/\/www.welovecycling.com\/pl\/2021\/07\/23\/jak-wybrac-idealny-kask-miejski-do-dojazdow-do-pracy\/\",\"url\":\"https:\/\/www.welovecycling.com\/pl\/2021\/07\/23\/jak-wybrac-idealny-kask-miejski-do-dojazdow-do-pracy\/\",\"name\":\"Jak wybra\u0107 idealny kask miejski do dojazd\u00f3w do pracy - \u0160koda We Love Cycling - Poland\",\"isPartOf\":{\"@id\":\"https:\/\/www.welovecycling.com\/pl\/#website\"},\"primaryImageOfPage\":{\"@id\":\"https:\/\/www.welovecycling.com\/pl\/2021\/07\/23\/jak-wybrac-idealny-kask-miejski-do-dojazdow-do-pracy\/#primaryimage\"},\"image\":{\"@id\":\"https:\/\/www.welovecycling.com\/pl\/2021\/07\/23\/jak-wybrac-idealny-kask-miejski-do-dojazdow-do-pracy\/#primaryimage\"},\"thumbnailUrl\":\"https:\/\/d2p6e6u75xmxt8.cloudfront.net\/5\/2021\/07\/Commuter-cyclist-profimedia-0416642154-CVR-1024x447-1.jpg\",\"datePublished\":\"2021-07-23T15:51:16+00:00\",\"author\":{\"@id\":\"https:\/\/www.welovecycling.com\/pl\/#\/schema\/person\/4a79bac7bd265aa6a35a1079d36648be\"},\"breadcrumb\":{\"@id\":\"https:\/\/www.welovecycling.com\/pl\/2021\/07\/23\/jak-wybrac-idealny-kask-miejski-do-dojazdow-do-pracy\/#breadcrumb\"},\"inLanguage\":\"pl-PL\",\"potentialAction\":[{\"@type\":\"ReadAction\",\"target\":[\"https:\/\/www.welovecycling.com\/pl\/2021\/07\/23\/jak-wybrac-idealny-kask-miejski-do-dojazdow-do-pracy\/\"]}]},{\"@type\":\"ImageObject\",\"inLanguage\":\"pl-PL\",\"@id\":\"https:\/\/www.welovecycling.com\/pl\/2021\/07\/23\/jak-wybrac-idealny-kask-miejski-do-dojazdow-do-pracy\/#primaryimage\",\"url\":\"https:\/\/d2p6e6u75xmxt8.cloudfront.net\/5\/2021\/07\/Commuter-cyclist-profimedia-0416642154-CVR-1024x447-1.jpg\",\"contentUrl\":\"https:\/\/d2p6e6u75xmxt8.cloudfront.net\/5\/2021\/07\/Commuter-cyclist-profimedia-0416642154-CVR-1024x447-1.jpg\",\"width\":1024,\"height\":447},{\"@type\":\"BreadcrumbList\",\"@id\":\"https:\/\/www.welovecycling.com\/pl\/2021\/07\/23\/jak-wybrac-idealny-kask-miejski-do-dojazdow-do-pracy\/#breadcrumb\",\"itemListElement\":[{\"@type\":\"ListItem\",\"position\":1,\"name\":\"Home\",\"item\":\"https:\/\/www.welovecycling.com\/pl\/\"},{\"@type\":\"ListItem\",\"position\":2,\"name\":\"Jak wybra\u0107 idealny kask miejski do dojazd\u00f3w do pracy\"}]},{\"@type\":\"WebSite\",\"@id\":\"https:\/\/www.welovecycling.com\/pl\/#website\",\"url\":\"https:\/\/www.welovecycling.com\/pl\/\",\"name\":\"\u0160koda We Love Cycling - Poland\",\"description\":\"\",\"potentialAction\":[{\"@type\":\"SearchAction\",\"target\":{\"@type\":\"EntryPoint\",\"urlTemplate\":\"https:\/\/www.welovecycling.com\/pl\/?s={search_term_string}\"},\"query-input\":{\"@type\":\"PropertyValueSpecification\",\"valueRequired\":true,\"valueName\":\"search_term_string\"}}],\"inLanguage\":\"pl-PL\"},{\"@type\":\"Person\",\"@id\":\"https:\/\/www.welovecycling.com\/pl\/#\/schema\/person\/4a79bac7bd265aa6a35a1079d36648be\",\"name\":\"oktawiamikulska\",\"image\":{\"@type\":\"ImageObject\",\"inLanguage\":\"pl-PL\",\"@id\":\"https:\/\/www.welovecycling.com\/pl\/#\/schema\/person\/image\/\",\"url\":\"https:\/\/secure.gravatar.com\/avatar\/b97a3f44e2de6d2f8dd358975937e49823662e12cbd810b9d1a2bff1c149e8a7?s=96&d=mm&r=g\",\"contentUrl\":\"https:\/\/secure.gravatar.com\/avatar\/b97a3f44e2de6d2f8dd358975937e49823662e12cbd810b9d1a2bff1c149e8a7?s=96&d=mm&r=g\",\"caption\":\"oktawiamikulska\"},\"url\":\"https:\/\/www.welovecycling.com\/pl\/author\/oktawiamikulska\/\"}]}<\/script>\n<!-- \/ Yoast SEO Premium plugin. -->","yoast_head_json":{"title":"Jak wybra\u0107 idealny kask miejski do dojazd\u00f3w do pracy - \u0160koda We Love Cycling - Poland","robots":{"index":"index","follow":"follow","max-snippet":"max-snippet:-1","max-image-preview":"max-image-preview:large","max-video-preview":"max-video-preview:-1"},"canonical":"https:\/\/www.welovecycling.com\/pl\/2021\/07\/23\/jak-wybrac-idealny-kask-miejski-do-dojazdow-do-pracy\/","og_locale":"pl_PL","og_type":"article","og_title":"Jak wybra\u0107 idealny kask miejski do dojazd\u00f3w do pracy","og_description":"Je\u015bli szukasz miejskich kask\u00f3w rowerowych, prawdopodobnie nie musimy Ci\u0119 ju\u017c przekonywa\u0107 o skuteczno\u015bci tego rodzaju ochrony. Niezale\u017cnie od tego, czy [&hellip;]","og_url":"https:\/\/www.welovecycling.com\/pl\/2021\/07\/23\/jak-wybrac-idealny-kask-miejski-do-dojazdow-do-pracy\/","og_site_name":"\u0160koda We Love Cycling - Poland","article_published_time":"2021-07-23T15:51:16+00:00","og_image":[{"width":1024,"height":447,"url":"https:\/\/d2p6e6u75xmxt8.cloudfront.net\/5\/2021\/07\/Commuter-cyclist-profimedia-0416642154-CVR-1024x447-1.jpg","type":"image\/jpeg"}],"author":"oktawiamikulska","twitter_card":"summary_large_image","twitter_misc":{"Written by":"Frantiska Blazkova","Est. reading time":"6 minutes"},"schema":{"@context":"https:\/\/schema.org","@graph":[{"@type":"WebPage","@id":"https:\/\/www.welovecycling.com\/pl\/2021\/07\/23\/jak-wybrac-idealny-kask-miejski-do-dojazdow-do-pracy\/","url":"https:\/\/www.welovecycling.com\/pl\/2021\/07\/23\/jak-wybrac-idealny-kask-miejski-do-dojazdow-do-pracy\/","name":"Jak wybra\u0107 idealny kask miejski do dojazd\u00f3w do pracy - \u0160koda We Love Cycling - Poland","isPartOf":{"@id":"https:\/\/www.welovecycling.com\/pl\/#website"},"primaryImageOfPage":{"@id":"https:\/\/www.welovecycling.com\/pl\/2021\/07\/23\/jak-wybrac-idealny-kask-miejski-do-dojazdow-do-pracy\/#primaryimage"},"image":{"@id":"https:\/\/www.welovecycling.com\/pl\/2021\/07\/23\/jak-wybrac-idealny-kask-miejski-do-dojazdow-do-pracy\/#primaryimage"},"thumbnailUrl":"https:\/\/d2p6e6u75xmxt8.cloudfront.net\/5\/2021\/07\/Commuter-cyclist-profimedia-0416642154-CVR-1024x447-1.jpg","datePublished":"2021-07-23T15:51:16+00:00","author":{"@id":"https:\/\/www.welovecycling.com\/pl\/#\/schema\/person\/4a79bac7bd265aa6a35a1079d36648be"},"breadcrumb":{"@id":"https:\/\/www.welovecycling.com\/pl\/2021\/07\/23\/jak-wybrac-idealny-kask-miejski-do-dojazdow-do-pracy\/#breadcrumb"},"inLanguage":"pl-PL","potentialAction":[{"@type":"ReadAction","target":["https:\/\/www.welovecycling.com\/pl\/2021\/07\/23\/jak-wybrac-idealny-kask-miejski-do-dojazdow-do-pracy\/"]}]},{"@type":"ImageObject","inLanguage":"pl-PL","@id":"https:\/\/www.welovecycling.com\/pl\/2021\/07\/23\/jak-wybrac-idealny-kask-miejski-do-dojazdow-do-pracy\/#primaryimage","url":"https:\/\/d2p6e6u75xmxt8.cloudfront.net\/5\/2021\/07\/Commuter-cyclist-profimedia-0416642154-CVR-1024x447-1.jpg","contentUrl":"https:\/\/d2p6e6u75xmxt8.cloudfront.net\/5\/2021\/07\/Commuter-cyclist-profimedia-0416642154-CVR-1024x447-1.jpg","width":1024,"height":447},{"@type":"BreadcrumbList","@id":"https:\/\/www.welovecycling.com\/pl\/2021\/07\/23\/jak-wybrac-idealny-kask-miejski-do-dojazdow-do-pracy\/#breadcrumb","itemListElement":[{"@type":"ListItem","position":1,"name":"Home","item":"https:\/\/www.welovecycling.com\/pl\/"},{"@type":"ListItem","position":2,"name":"Jak wybra\u0107 idealny kask miejski do dojazd\u00f3w do pracy"}]},{"@type":"WebSite","@id":"https:\/\/www.welovecycling.com\/pl\/#website","url":"https:\/\/www.welovecycling.com\/pl\/","name":"\u0160koda We Love Cycling - Poland","description":"","potentialAction":[{"@type":"SearchAction","target":{"@type":"EntryPoint","urlTemplate":"https:\/\/www.welovecycling.com\/pl\/?s={search_term_string}"},"query-input":{"@type":"PropertyValueSpecification","valueRequired":true,"valueName":"search_term_string"}}],"inLanguage":"pl-PL"},{"@type":"Person","@id":"https:\/\/www.welovecycling.com\/pl\/#\/schema\/person\/4a79bac7bd265aa6a35a1079d36648be","name":"oktawiamikulska","image":{"@type":"ImageObject","inLanguage":"pl-PL","@id":"https:\/\/www.welovecycling.com\/pl\/#\/schema\/person\/image\/","url":"https:\/\/secure.gravatar.com\/avatar\/b97a3f44e2de6d2f8dd358975937e49823662e12cbd810b9d1a2bff1c149e8a7?s=96&d=mm&r=g","contentUrl":"https:\/\/secure.gravatar.com\/avatar\/b97a3f44e2de6d2f8dd358975937e49823662e12cbd810b9d1a2bff1c149e8a7?s=96&d=mm&r=g","caption":"oktawiamikulska"},"url":"https:\/\/www.welovecycling.com\/pl\/author\/oktawiamikulska\/"}]}},"_links":{"self":[{"href":"https:\/\/www.welovecycling.com\/pl\/wp-json\/wp\/v2\/posts\/11975","targetHints":{"allow":["GET"]}}],"collection":[{"href":"https:\/\/www.welovecycling.com\/pl\/wp-json\/wp\/v2\/posts"}],"about":[{"href":"https:\/\/www.welovecycling.com\/pl\/wp-json\/wp\/v2\/types\/post"}],"author":[{"embeddable":true,"href":"https:\/\/www.welovecycling.com\/pl\/wp-json\/wp\/v2\/users\/125"}],"replies":[{"embeddable":true,"href":"https:\/\/www.welovecycling.com\/pl\/wp-json\/wp\/v2\/comments?post=11975"}],"version-history":[{"count":1,"href":"https:\/\/www.welovecycling.com\/pl\/wp-json\/wp\/v2\/posts\/11975\/revisions"}],"predecessor-version":[{"id":11977,"href":"https:\/\/www.welovecycling.com\/pl\/wp-json\/wp\/v2\/posts\/11975\/revisions\/11977"}],"wp:featuredmedia":[{"embeddable":true,"href":"https:\/\/www.welovecycling.com\/pl\/wp-json\/wp\/v2\/media\/11976"}],"wp:attachment":[{"href":"https:\/\/www.welovecycling.com\/pl\/wp-json\/wp\/v2\/media?parent=11975"}],"wp:term":[{"taxonomy":"category","embeddable":true,"href":"https:\/\/www.welovecycling.com\/pl\/wp-json\/wp\/v2\/categories?post=11975"},{"taxonomy":"post_tag","embeddable":true,"href":"https:\/\/www.welovecycling.com\/pl\/wp-json\/wp\/v2\/tags?post=11975"},{"taxonomy":"global-categories","embeddable":true,"href":"https:\/\/www.welovecycling.com\/pl\/wp-json\/wp\/v2\/global-categories?post=11975"}],"curies":[{"name":"wp","href":"https:\/\/api.w.org\/{rel}","templated":true}]}}