{"id":11972,"date":"2021-07-21T14:08:59","date_gmt":"2021-07-21T14:08:59","guid":{"rendered":"https:\/\/www.welovecycling.com\/pl\/?p=11972"},"modified":"2021-07-21T14:08:59","modified_gmt":"2021-07-21T14:08:59","slug":"dlaczego-kochamy-tour-de-france","status":"publish","type":"post","link":"https:\/\/www.welovecycling.com\/pl\/2021\/07\/21\/dlaczego-kochamy-tour-de-france\/","title":{"rendered":"Dlaczego kochamy Tour de France"},"content":{"rendered":"<p><strong>Tegoroczny Tour de France w\u0142a\u015bnie dobieg\u0142 ko\u0144ca i jak zwykle budzi\u0142 ogromne emocje. Po d\u0142ugim okresie niepewno\u015bci zwi\u0105zanym z wszelkiego rodzaju imprezami masowymi spo\u0142eczno\u015b\u0107 kolarska mog\u0142a odetchn\u0105\u0107 z ulg\u0105, kiedy okaza\u0142o si\u0119, \u017ce Le Grande Boucle finalnie si\u0119 odb\u0119dzie. Wiesz, dlaczego Tour co roku wywo\u0142uje tak ogromn\u0105 ekscytacj\u0119 u fan\u00f3w kolarstwa?<\/strong><\/p>\n<p>Bez wzgl\u0119du na to, po kt\u00f3rej stronie <u>Tour<\/u> si\u0119 jest, ten wy\u015bcig zawsze jest absolutnie wyj\u0105tkowy. Zar\u00f3wno uczestnicy, jak i widzowie czuj\u0105 si\u0119 cz\u0119\u015bci\u0105 czego\u015b wielkiego i trwa\u0142ego, a energia, kt\u00f3ra temu towarzyszy, jest niezwykle zara\u017aliwa.<\/p>\n<figure id=\"attachment_184222\" class=\"wp-caption alignnone\" aria-describedby=\"caption-attachment-184222\">\n<p><figure id=\"attachment_184222\" aria-describedby=\"caption-attachment-184222\" style=\"width: 1024px\" class=\"wp-caption alignnone\"><a class=\"colorbox-initialized cboxElement\" href=\"https:\/\/d2p6e6u75xmxt8.cloudfront.net\/2\/2021\/06\/Tour-finish-profimedia-0558506741.jpg\"><img loading=\"lazy\" decoding=\"async\" class=\"initial loaded wp-image-184222 size-large\" src=\"https:\/\/d2p6e6u75xmxt8.cloudfront.net\/2\/2021\/06\/Tour-finish-profimedia-0558506741-1024x682.jpg\" sizes=\"auto, (max-width: 1024px) 100vw, 1024px\" srcset=\"https:\/\/d2p6e6u75xmxt8.cloudfront.net\/2\/2021\/06\/Tour-finish-profimedia-0558506741-1024x682.jpg 1024w, https:\/\/d2p6e6u75xmxt8.cloudfront.net\/2\/2021\/06\/Tour-finish-profimedia-0558506741-300x200.jpg 300w, https:\/\/d2p6e6u75xmxt8.cloudfront.net\/2\/2021\/06\/Tour-finish-profimedia-0558506741-768x512.jpg 768w, https:\/\/d2p6e6u75xmxt8.cloudfront.net\/2\/2021\/06\/Tour-finish-profimedia-0558506741-272x182.jpg 272w, https:\/\/d2p6e6u75xmxt8.cloudfront.net\/2\/2021\/06\/Tour-finish-profimedia-0558506741.jpg 1250w\" alt=\"Tour de France\" width=\"1024\" height=\"682\" data-was-processed=\"true\" \/><\/a><figcaption id=\"caption-attachment-184222\" class=\"wp-caption-text\">Emocje zwi\u0105zane z Tourem s\u0105 niemal namacalne. \u00a9 Profimedia<\/figcaption><\/figure><\/figure>\n<div id=\"gallery-2\" class=\"gallery galleryid-184091 gallery-columns-3 gallery-size-large\">\n<figure class=\"gallery-item\">\n<div class=\"gallery-icon landscape\"><a class=\"colorbox-initialized cboxElement\" href=\"https:\/\/d2p6e6u75xmxt8.cloudfront.net\/2\/2021\/06\/Tour-circus-profimedia-0459995060.jpg\"><img loading=\"lazy\" decoding=\"async\" class=\"attachment-large size-large istretcher-finished loading\" src=\"https:\/\/d2p6e6u75xmxt8.cloudfront.net\/2\/2021\/06\/Tour-circus-profimedia-0459995060.jpg\" sizes=\"auto, (max-width: 813px) 100vw, 813px\" srcset=\"https:\/\/d2p6e6u75xmxt8.cloudfront.net\/2\/2021\/06\/Tour-circus-profimedia-0459995060.jpg 813w, https:\/\/d2p6e6u75xmxt8.cloudfront.net\/2\/2021\/06\/Tour-circus-profimedia-0459995060-300x200.jpg 300w, https:\/\/d2p6e6u75xmxt8.cloudfront.net\/2\/2021\/06\/Tour-circus-profimedia-0459995060-768x511.jpg 768w, https:\/\/d2p6e6u75xmxt8.cloudfront.net\/2\/2021\/06\/Tour-circus-profimedia-0459995060-272x182.jpg 272w\" alt=\"The beautiful circus attacks all senses. \u00a9 Profimedia\" width=\"813\" height=\"541\" data-was-processed=\"true\" \/><\/a><\/div>\n<\/figure>\n<figure class=\"gallery-item\">\n<div class=\"gallery-icon landscape\"><a class=\"colorbox-initialized cboxElement\" href=\"https:\/\/d2p6e6u75xmxt8.cloudfront.net\/2\/2021\/06\/Tour-circus-profimedia-0460831404.jpg\"><img loading=\"lazy\" decoding=\"async\" class=\"attachment-large size-large istretcher-finished loading\" src=\"https:\/\/d2p6e6u75xmxt8.cloudfront.net\/2\/2021\/06\/Tour-circus-profimedia-0460831404.jpg\" sizes=\"auto, (max-width: 813px) 100vw, 813px\" srcset=\"https:\/\/d2p6e6u75xmxt8.cloudfront.net\/2\/2021\/06\/Tour-circus-profimedia-0460831404.jpg 813w, https:\/\/d2p6e6u75xmxt8.cloudfront.net\/2\/2021\/06\/Tour-circus-profimedia-0460831404-300x200.jpg 300w, https:\/\/d2p6e6u75xmxt8.cloudfront.net\/2\/2021\/06\/Tour-circus-profimedia-0460831404-768x511.jpg 768w, https:\/\/d2p6e6u75xmxt8.cloudfront.net\/2\/2021\/06\/Tour-circus-profimedia-0460831404-272x182.jpg 272w\" alt=\"The atmosphere is co-created by all the participants. \u00a9 Profimedia\" width=\"813\" height=\"541\" data-was-processed=\"true\" \/><\/a><\/div>\n<\/figure>\n<figure class=\"gallery-item\">\n<div class=\"gallery-icon landscape\"><a class=\"colorbox-initialized cboxElement\" href=\"https:\/\/d2p6e6u75xmxt8.cloudfront.net\/2\/2021\/06\/Tour-circus-profimedia-0558288434.jpg\"><img loading=\"lazy\" decoding=\"async\" class=\"attachment-large size-large istretcher-finished loading\" src=\"https:\/\/d2p6e6u75xmxt8.cloudfront.net\/2\/2021\/06\/Tour-circus-profimedia-0558288434.jpg\" sizes=\"auto, (max-width: 813px) 100vw, 813px\" srcset=\"https:\/\/d2p6e6u75xmxt8.cloudfront.net\/2\/2021\/06\/Tour-circus-profimedia-0558288434.jpg 813w, https:\/\/d2p6e6u75xmxt8.cloudfront.net\/2\/2021\/06\/Tour-circus-profimedia-0558288434-300x200.jpg 300w, https:\/\/d2p6e6u75xmxt8.cloudfront.net\/2\/2021\/06\/Tour-circus-profimedia-0558288434-768x511.jpg 768w, https:\/\/d2p6e6u75xmxt8.cloudfront.net\/2\/2021\/06\/Tour-circus-profimedia-0558288434-272x182.jpg 272w\" alt=\"You simply have to love it. \u00a9 Profimedia\" width=\"813\" height=\"541\" data-was-processed=\"true\" \/><\/a><\/div>\n<\/figure>\n<\/div>\n<p>TdF mo\u017cna por\u00f3wna\u0107 do pi\u0119knych wyst\u0119p\u00f3w cyrkowych. Zawodnicy wydaj\u0105 si\u0119 przyci\u0105ga\u0107 najwi\u0119cej uwagi, ale aktor\u00f3w wprawiaj\u0105cych ca\u0142e przedstawienie w ruch jest znacznie wi\u0119cej, cho\u0107 jedni s\u0105 bardziej widoczni od innych. Nale\u017c\u0105 do nich zespo\u0142y i neutralne ekipy asystuj\u0105ce w samochodach pomocniczych \u0160koda, s\u0119dziowie pilnuj\u0105cy przebiegu TdF, dyrektor wy\u015bcigu machaj\u0105cy flag\u0105 s\u0142ynnej Velvet Red w \u0160KODZIE SUPERB iV na niekt\u00f3rych etapach i \u0160KODZIE ENYAQ iV na innych. Poza tym s\u0105 te\u017c setki pomocnik\u00f3w zajmuj\u0105cych si\u0119 wszystkim \u2013 od cateringu po oznakowanie tras \u2013 oraz oczywi\u015bcie dziesi\u0105tki tysi\u0119cy widz\u00f3w maj\u0105cych sw\u00f3j wk\u0142ad w tworzenie wyj\u0105tkowej atmosfery.<\/p>\n<p>Miasta i wioski na trasie s\u0105 bardzo dumne z tego, \u017ce wybiera si\u0119 je do przejazdu peletonu. Z rado\u015bci\u0105 przygotowuj\u0105 si\u0119 na to wydarzenie, ozdabiaj\u0105 tras\u0119 i gor\u0105co witaj\u0105 kolarzy. Na przyk\u0142ad Nuits-Saint-Georges w 2017 roku udekorowa\u0142 swoje ulice ponad 400 r\u0119cznie robionymi na drutach male\u0144kimi zwyci\u0119skimi koszulkami. Nie tylko miasta i wioski, ale r\u00f3wnie\u017c ca\u0142y \u015bwiat zatrzymuje si\u0119 na d\u017awi\u0119k pistoletu startowego, a nast\u0119pnie rusza z szalon\u0105 pr\u0119dko\u015bci\u0105.<\/p>\n<figure id=\"attachment_184094\" aria-describedby=\"caption-attachment-184094\" style=\"width: 1024px\" class=\"wp-caption alignnone\"><img loading=\"lazy\" decoding=\"async\" class=\"loading wp-image-184094 size-large\" src=\"https:\/\/d2p6e6u75xmxt8.cloudfront.net\/2\/2021\/06\/Didi-Senft-El-Diablo-profimedia-0556273005-1024x682.jpg\" sizes=\"auto, (max-width: 1024px) 100vw, 1024px\" srcset=\"https:\/\/d2p6e6u75xmxt8.cloudfront.net\/2\/2021\/06\/Didi-Senft-El-Diablo-profimedia-0556273005-1024x682.jpg 1024w, https:\/\/d2p6e6u75xmxt8.cloudfront.net\/2\/2021\/06\/Didi-Senft-El-Diablo-profimedia-0556273005-300x200.jpg 300w, https:\/\/d2p6e6u75xmxt8.cloudfront.net\/2\/2021\/06\/Didi-Senft-El-Diablo-profimedia-0556273005-768x512.jpg 768w, https:\/\/d2p6e6u75xmxt8.cloudfront.net\/2\/2021\/06\/Didi-Senft-El-Diablo-profimedia-0556273005-272x182.jpg 272w, https:\/\/d2p6e6u75xmxt8.cloudfront.net\/2\/2021\/06\/Didi-Senft-El-Diablo-profimedia-0556273005.jpg 1250w\" alt=\"Didi Senft\" width=\"1024\" height=\"682\" data-was-processed=\"true\" \/><figcaption id=\"caption-attachment-184094\" class=\"wp-caption-text\">Didi Senft, aka El Diablo, to kolejna cz\u0119\u015b\u0107 pi\u0119knego wyst\u0119pu. \u00a9 Profimedia<\/figcaption><\/figure>\n<p>Je\u015bli jeste\u015b na trasie po raz pierwszy, nic nie jest w stanie przygotowa\u0107 Ci\u0119 na to, czego wkr\u00f3tce do\u015bwiadczysz. Mo\u017cesz odrobi\u0107 prac\u0119 domow\u0105 i obejrze\u0107 setki godzin komentarzy i materia\u0142\u00f3w filmowych, przeczyta\u0107 mn\u00f3stwo artyku\u0142\u00f3w z pierwszej r\u0119ki i blog\u00f3w. Jednak mimo to mo\u017cesz nie zrozumie\u0107 w pe\u0142ni tych wielkich emocji, osza\u0142amiaj\u0105cych chwil i ogromu wra\u017ce\u0144, kt\u00f3re czekaj\u0105 na fan\u00f3w TdF. Spodziewaj si\u0119 pi\u0119knego chaosu, kt\u00f3ry sprawi, \u017ce pod koniec dnia poczujesz si\u0119 wyczerpany, ale nie b\u0119dziesz m\u00f3g\u0142 zasn\u0105\u0107 w nocy, czekaj\u0105c z ut\u0119sknieniem na nast\u0119pny poranek.<\/p>\n<p>Kiedy zawodnik upada, wszyscy czuj\u0105 jego b\u00f3l, jak w przypadku przera\u017caj\u0105cego wypadku Philippe&#8217;a Gilberta w 2018 roku. Kiedy zwyci\u0119zca szturmuje met\u0119 z r\u0119kami uniesionymi w g\u00f3r\u0119 i z wyrazem ca\u0142kowitego wyczerpania, a zarazem wielkiej rado\u015bci na twarzy, wszyscy czuj\u0105 to szcz\u0119\u015bcie. Tak by\u0142o z Peterem Saganem, znanym ze swoich wybryk\u00f3w na mecie.<\/p>\n<p>TdF to trwaj\u0105cy trzy tygodnie emocjonalny rollercoaster, ale to dla niego my, fani kolarstwa, \u017cyjemy.<\/p>\n<p>Kolejne takie emocje ju\u017c za rok, na 109. Tour de France!<\/p>\n<p><span data-sheets-value=\"{&quot;1&quot;:2,&quot;2&quot;:&quot;Artyku\u0142 powsta\u0142 we wsp\u00f3\u0142pracy ze skoda-auto.pl&quot;}\" data-sheets-userformat=\"{&quot;2&quot;:1,&quot;3&quot;:{&quot;1&quot;:0}}\" data-sheets-hyperlink=\"http:\/\/www.skoda-auto.pl\/\"><a class=\"in-cell-link\" href=\"http:\/\/www.skoda-auto.pl\/\" target=\"_blank\" rel=\"noopener noreferrer\">Artyku\u0142 powsta\u0142 we wsp\u00f3\u0142pracy ze skoda-auto.pl<\/a><\/span><\/p>\n<p><a href=\"https:\/\/www.skoda-auto.pl\/modele\/karoq\"><img loading=\"lazy\" decoding=\"async\" class=\"size-full wp-image-11629 aligncenter\" src=\"https:\/\/d2p6e6u75xmxt8.cloudfront.net\/5\/2021\/12\/640x350-3-1.jpg\" alt=\"\" width=\"640\" height=\"350\" srcset=\"https:\/\/d2p6e6u75xmxt8.cloudfront.net\/5\/2021\/12\/640x350-3-1.jpg 640w, https:\/\/d2p6e6u75xmxt8.cloudfront.net\/5\/2021\/12\/640x350-3-1-300x164.jpg 300w\" sizes=\"auto, (max-width: 640px) 100vw, 640px\" \/><\/a><\/p>\n","protected":false},"excerpt":{"rendered":"<p>Tegoroczny Tour de France w\u0142a\u015bnie dobieg\u0142 ko\u0144ca i jak zwykle budzi\u0142 ogromne emocje. Po d\u0142ugim okresie niepewno\u015bci zwi\u0105zanym z wszelkiego [&hellip;]<\/p>\n","protected":false},"author":125,"featured_media":11973,"comment_status":"open","ping_status":"open","sticky":false,"template":"","format":"standard","meta":{"footnotes":""},"categories":[358],"tags":[359],"global-categories":[303],"class_list":["post-11972","post","type-post","status-publish","format-standard","has-post-thumbnail","hentry","category-tour-de-france-2021","tag-tour-de-france-2021","global-categories-cycling"],"yoast_head":"<!-- This site is optimized with the Yoast SEO Premium plugin v25.3 (Yoast SEO v25.9) - https:\/\/yoast.com\/wordpress\/plugins\/seo\/ -->\n<title>Dlaczego kochamy Tour de France - \u0160koda We Love Cycling - Poland<\/title>\n<meta name=\"description\" content=\"https:\/\/d2p6e6u75xmxt8.cloudfront.net\/2\/2021\/07\/Mark-Cavendish-profimedia-0621596810-CVR-1024x450.jpg\" \/>\n<meta name=\"robots\" content=\"index, follow, max-snippet:-1, max-image-preview:large, max-video-preview:-1\" \/>\n<link rel=\"canonical\" href=\"https:\/\/www.welovecycling.com\/pl\/2021\/07\/21\/dlaczego-kochamy-tour-de-france\/\" \/>\n<meta property=\"og:locale\" content=\"pl_PL\" \/>\n<meta property=\"og:type\" content=\"article\" \/>\n<meta property=\"og:title\" content=\"Dlaczego kochamy Tour de France\" \/>\n<meta property=\"og:description\" content=\"https:\/\/d2p6e6u75xmxt8.cloudfront.net\/2\/2021\/07\/Mark-Cavendish-profimedia-0621596810-CVR-1024x450.jpg\" \/>\n<meta property=\"og:url\" content=\"https:\/\/www.welovecycling.com\/pl\/2021\/07\/21\/dlaczego-kochamy-tour-de-france\/\" \/>\n<meta property=\"og:site_name\" content=\"\u0160koda We Love Cycling - Poland\" \/>\n<meta property=\"article:published_time\" content=\"2021-07-21T14:08:59+00:00\" \/>\n<meta property=\"og:image\" content=\"https:\/\/d2p6e6u75xmxt8.cloudfront.net\/5\/2021\/07\/Mark-Cavendish-profimedia-0621596810-CVR-1024x450-1.jpg\" \/>\n\t<meta property=\"og:image:width\" content=\"1024\" \/>\n\t<meta property=\"og:image:height\" content=\"450\" \/>\n\t<meta property=\"og:image:type\" content=\"image\/jpeg\" \/>\n<meta name=\"author\" content=\"oktawiamikulska\" \/>\n<meta name=\"twitter:card\" content=\"summary_large_image\" \/>\n<meta name=\"twitter:label1\" content=\"Written by\" \/>\n\t<meta name=\"twitter:data1\" content=\"We Love Cycling\" \/>\n\t<meta name=\"twitter:label2\" content=\"Est. reading time\" \/>\n\t<meta name=\"twitter:data2\" content=\"3 minutes\" \/>\n<script type=\"application\/ld+json\" class=\"yoast-schema-graph\">{\"@context\":\"https:\/\/schema.org\",\"@graph\":[{\"@type\":\"WebPage\",\"@id\":\"https:\/\/www.welovecycling.com\/pl\/2021\/07\/21\/dlaczego-kochamy-tour-de-france\/\",\"url\":\"https:\/\/www.welovecycling.com\/pl\/2021\/07\/21\/dlaczego-kochamy-tour-de-france\/\",\"name\":\"Dlaczego kochamy Tour de France - \u0160koda We Love Cycling - Poland\",\"isPartOf\":{\"@id\":\"https:\/\/www.welovecycling.com\/pl\/#website\"},\"primaryImageOfPage\":{\"@id\":\"https:\/\/www.welovecycling.com\/pl\/2021\/07\/21\/dlaczego-kochamy-tour-de-france\/#primaryimage\"},\"image\":{\"@id\":\"https:\/\/www.welovecycling.com\/pl\/2021\/07\/21\/dlaczego-kochamy-tour-de-france\/#primaryimage\"},\"thumbnailUrl\":\"https:\/\/d2p6e6u75xmxt8.cloudfront.net\/5\/2021\/07\/Mark-Cavendish-profimedia-0621596810-CVR-1024x450-1.jpg\",\"datePublished\":\"2021-07-21T14:08:59+00:00\",\"author\":{\"@id\":\"https:\/\/www.welovecycling.com\/pl\/#\/schema\/person\/4a79bac7bd265aa6a35a1079d36648be\"},\"description\":\"https:\/\/d2p6e6u75xmxt8.cloudfront.net\/2\/2021\/07\/Mark-Cavendish-profimedia-0621596810-CVR-1024x450.jpg\",\"breadcrumb\":{\"@id\":\"https:\/\/www.welovecycling.com\/pl\/2021\/07\/21\/dlaczego-kochamy-tour-de-france\/#breadcrumb\"},\"inLanguage\":\"pl-PL\",\"potentialAction\":[{\"@type\":\"ReadAction\",\"target\":[\"https:\/\/www.welovecycling.com\/pl\/2021\/07\/21\/dlaczego-kochamy-tour-de-france\/\"]}]},{\"@type\":\"ImageObject\",\"inLanguage\":\"pl-PL\",\"@id\":\"https:\/\/www.welovecycling.com\/pl\/2021\/07\/21\/dlaczego-kochamy-tour-de-france\/#primaryimage\",\"url\":\"https:\/\/d2p6e6u75xmxt8.cloudfront.net\/5\/2021\/07\/Mark-Cavendish-profimedia-0621596810-CVR-1024x450-1.jpg\",\"contentUrl\":\"https:\/\/d2p6e6u75xmxt8.cloudfront.net\/5\/2021\/07\/Mark-Cavendish-profimedia-0621596810-CVR-1024x450-1.jpg\",\"width\":1024,\"height\":450},{\"@type\":\"BreadcrumbList\",\"@id\":\"https:\/\/www.welovecycling.com\/pl\/2021\/07\/21\/dlaczego-kochamy-tour-de-france\/#breadcrumb\",\"itemListElement\":[{\"@type\":\"ListItem\",\"position\":1,\"name\":\"Home\",\"item\":\"https:\/\/www.welovecycling.com\/pl\/\"},{\"@type\":\"ListItem\",\"position\":2,\"name\":\"Dlaczego kochamy Tour de France\"}]},{\"@type\":\"WebSite\",\"@id\":\"https:\/\/www.welovecycling.com\/pl\/#website\",\"url\":\"https:\/\/www.welovecycling.com\/pl\/\",\"name\":\"\u0160koda We Love Cycling - Poland\",\"description\":\"\",\"potentialAction\":[{\"@type\":\"SearchAction\",\"target\":{\"@type\":\"EntryPoint\",\"urlTemplate\":\"https:\/\/www.welovecycling.com\/pl\/?s={search_term_string}\"},\"query-input\":{\"@type\":\"PropertyValueSpecification\",\"valueRequired\":true,\"valueName\":\"search_term_string\"}}],\"inLanguage\":\"pl-PL\"},{\"@type\":\"Person\",\"@id\":\"https:\/\/www.welovecycling.com\/pl\/#\/schema\/person\/4a79bac7bd265aa6a35a1079d36648be\",\"name\":\"oktawiamikulska\",\"image\":{\"@type\":\"ImageObject\",\"inLanguage\":\"pl-PL\",\"@id\":\"https:\/\/www.welovecycling.com\/pl\/#\/schema\/person\/image\/\",\"url\":\"https:\/\/secure.gravatar.com\/avatar\/b97a3f44e2de6d2f8dd358975937e49823662e12cbd810b9d1a2bff1c149e8a7?s=96&d=mm&r=g\",\"contentUrl\":\"https:\/\/secure.gravatar.com\/avatar\/b97a3f44e2de6d2f8dd358975937e49823662e12cbd810b9d1a2bff1c149e8a7?s=96&d=mm&r=g\",\"caption\":\"oktawiamikulska\"},\"url\":\"https:\/\/www.welovecycling.com\/pl\/author\/oktawiamikulska\/\"}]}<\/script>\n<!-- \/ Yoast SEO Premium plugin. -->","yoast_head_json":{"title":"Dlaczego kochamy Tour de France - \u0160koda We Love Cycling - Poland","description":"https:\/\/d2p6e6u75xmxt8.cloudfront.net\/2\/2021\/07\/Mark-Cavendish-profimedia-0621596810-CVR-1024x450.jpg","robots":{"index":"index","follow":"follow","max-snippet":"max-snippet:-1","max-image-preview":"max-image-preview:large","max-video-preview":"max-video-preview:-1"},"canonical":"https:\/\/www.welovecycling.com\/pl\/2021\/07\/21\/dlaczego-kochamy-tour-de-france\/","og_locale":"pl_PL","og_type":"article","og_title":"Dlaczego kochamy Tour de France","og_description":"https:\/\/d2p6e6u75xmxt8.cloudfront.net\/2\/2021\/07\/Mark-Cavendish-profimedia-0621596810-CVR-1024x450.jpg","og_url":"https:\/\/www.welovecycling.com\/pl\/2021\/07\/21\/dlaczego-kochamy-tour-de-france\/","og_site_name":"\u0160koda We Love Cycling - Poland","article_published_time":"2021-07-21T14:08:59+00:00","og_image":[{"width":1024,"height":450,"url":"https:\/\/d2p6e6u75xmxt8.cloudfront.net\/5\/2021\/07\/Mark-Cavendish-profimedia-0621596810-CVR-1024x450-1.jpg","type":"image\/jpeg"}],"author":"oktawiamikulska","twitter_card":"summary_large_image","twitter_misc":{"Written by":"We Love Cycling","Est. reading time":"3 minutes"},"schema":{"@context":"https:\/\/schema.org","@graph":[{"@type":"WebPage","@id":"https:\/\/www.welovecycling.com\/pl\/2021\/07\/21\/dlaczego-kochamy-tour-de-france\/","url":"https:\/\/www.welovecycling.com\/pl\/2021\/07\/21\/dlaczego-kochamy-tour-de-france\/","name":"Dlaczego kochamy Tour de France - \u0160koda We Love Cycling - Poland","isPartOf":{"@id":"https:\/\/www.welovecycling.com\/pl\/#website"},"primaryImageOfPage":{"@id":"https:\/\/www.welovecycling.com\/pl\/2021\/07\/21\/dlaczego-kochamy-tour-de-france\/#primaryimage"},"image":{"@id":"https:\/\/www.welovecycling.com\/pl\/2021\/07\/21\/dlaczego-kochamy-tour-de-france\/#primaryimage"},"thumbnailUrl":"https:\/\/d2p6e6u75xmxt8.cloudfront.net\/5\/2021\/07\/Mark-Cavendish-profimedia-0621596810-CVR-1024x450-1.jpg","datePublished":"2021-07-21T14:08:59+00:00","author":{"@id":"https:\/\/www.welovecycling.com\/pl\/#\/schema\/person\/4a79bac7bd265aa6a35a1079d36648be"},"description":"https:\/\/d2p6e6u75xmxt8.cloudfront.net\/2\/2021\/07\/Mark-Cavendish-profimedia-0621596810-CVR-1024x450.jpg","breadcrumb":{"@id":"https:\/\/www.welovecycling.com\/pl\/2021\/07\/21\/dlaczego-kochamy-tour-de-france\/#breadcrumb"},"inLanguage":"pl-PL","potentialAction":[{"@type":"ReadAction","target":["https:\/\/www.welovecycling.com\/pl\/2021\/07\/21\/dlaczego-kochamy-tour-de-france\/"]}]},{"@type":"ImageObject","inLanguage":"pl-PL","@id":"https:\/\/www.welovecycling.com\/pl\/2021\/07\/21\/dlaczego-kochamy-tour-de-france\/#primaryimage","url":"https:\/\/d2p6e6u75xmxt8.cloudfront.net\/5\/2021\/07\/Mark-Cavendish-profimedia-0621596810-CVR-1024x450-1.jpg","contentUrl":"https:\/\/d2p6e6u75xmxt8.cloudfront.net\/5\/2021\/07\/Mark-Cavendish-profimedia-0621596810-CVR-1024x450-1.jpg","width":1024,"height":450},{"@type":"BreadcrumbList","@id":"https:\/\/www.welovecycling.com\/pl\/2021\/07\/21\/dlaczego-kochamy-tour-de-france\/#breadcrumb","itemListElement":[{"@type":"ListItem","position":1,"name":"Home","item":"https:\/\/www.welovecycling.com\/pl\/"},{"@type":"ListItem","position":2,"name":"Dlaczego kochamy Tour de France"}]},{"@type":"WebSite","@id":"https:\/\/www.welovecycling.com\/pl\/#website","url":"https:\/\/www.welovecycling.com\/pl\/","name":"\u0160koda We Love Cycling - Poland","description":"","potentialAction":[{"@type":"SearchAction","target":{"@type":"EntryPoint","urlTemplate":"https:\/\/www.welovecycling.com\/pl\/?s={search_term_string}"},"query-input":{"@type":"PropertyValueSpecification","valueRequired":true,"valueName":"search_term_string"}}],"inLanguage":"pl-PL"},{"@type":"Person","@id":"https:\/\/www.welovecycling.com\/pl\/#\/schema\/person\/4a79bac7bd265aa6a35a1079d36648be","name":"oktawiamikulska","image":{"@type":"ImageObject","inLanguage":"pl-PL","@id":"https:\/\/www.welovecycling.com\/pl\/#\/schema\/person\/image\/","url":"https:\/\/secure.gravatar.com\/avatar\/b97a3f44e2de6d2f8dd358975937e49823662e12cbd810b9d1a2bff1c149e8a7?s=96&d=mm&r=g","contentUrl":"https:\/\/secure.gravatar.com\/avatar\/b97a3f44e2de6d2f8dd358975937e49823662e12cbd810b9d1a2bff1c149e8a7?s=96&d=mm&r=g","caption":"oktawiamikulska"},"url":"https:\/\/www.welovecycling.com\/pl\/author\/oktawiamikulska\/"}]}},"_links":{"self":[{"href":"https:\/\/www.welovecycling.com\/pl\/wp-json\/wp\/v2\/posts\/11972","targetHints":{"allow":["GET"]}}],"collection":[{"href":"https:\/\/www.welovecycling.com\/pl\/wp-json\/wp\/v2\/posts"}],"about":[{"href":"https:\/\/www.welovecycling.com\/pl\/wp-json\/wp\/v2\/types\/post"}],"author":[{"embeddable":true,"href":"https:\/\/www.welovecycling.com\/pl\/wp-json\/wp\/v2\/users\/125"}],"replies":[{"embeddable":true,"href":"https:\/\/www.welovecycling.com\/pl\/wp-json\/wp\/v2\/comments?post=11972"}],"version-history":[{"count":1,"href":"https:\/\/www.welovecycling.com\/pl\/wp-json\/wp\/v2\/posts\/11972\/revisions"}],"predecessor-version":[{"id":11974,"href":"https:\/\/www.welovecycling.com\/pl\/wp-json\/wp\/v2\/posts\/11972\/revisions\/11974"}],"wp:featuredmedia":[{"embeddable":true,"href":"https:\/\/www.welovecycling.com\/pl\/wp-json\/wp\/v2\/media\/11973"}],"wp:attachment":[{"href":"https:\/\/www.welovecycling.com\/pl\/wp-json\/wp\/v2\/media?parent=11972"}],"wp:term":[{"taxonomy":"category","embeddable":true,"href":"https:\/\/www.welovecycling.com\/pl\/wp-json\/wp\/v2\/categories?post=11972"},{"taxonomy":"post_tag","embeddable":true,"href":"https:\/\/www.welovecycling.com\/pl\/wp-json\/wp\/v2\/tags?post=11972"},{"taxonomy":"global-categories","embeddable":true,"href":"https:\/\/www.welovecycling.com\/pl\/wp-json\/wp\/v2\/global-categories?post=11972"}],"curies":[{"name":"wp","href":"https:\/\/api.w.org\/{rel}","templated":true}]}}