{"id":11941,"date":"2021-07-16T13:31:17","date_gmt":"2021-07-16T13:31:17","guid":{"rendered":"https:\/\/www.welovecycling.com\/pl\/?p=11941"},"modified":"2021-07-16T13:31:17","modified_gmt":"2021-07-16T13:31:17","slug":"faworyt-razy-trzy-ale-to-nie-koniec-emocji-na-tour-de-france","status":"publish","type":"post","link":"https:\/\/www.welovecycling.com\/pl\/2021\/07\/16\/faworyt-razy-trzy-ale-to-nie-koniec-emocji-na-tour-de-france\/","title":{"rendered":"Faworyt razy trzy! Ale to nie koniec emocji na Tour de France"},"content":{"rendered":"<p><strong>Pokaz si\u0142y Tadeja Pogacara! W Pirenejach S\u0142oweniec zaprezentowa\u0142 si\u0119 jak kolarz z innej planety i tylko katastrofa mo\u017ce odebra\u0107 mu triumf w Tour de France. To jednak wcale nie oznacza ko\u0144ca emocji na Wielkiej P\u0119tli.<\/strong><\/p>\n<p>Czwartkowy etap zamkn\u0105\u0107 mo\u017cna w cyfrze trzy \u2013 trzeci wygrany etap Pogacara, jego prowadzenie w trzech klasyfikacjach i trzy kroki do wygrania ca\u0142ej Wielkiej P\u0119tli. S\u0142oweniec zn\u00f3w pokaza\u0142 moc i je\u015bli nie wydarzy si\u0119 nic niespodziewanego, to w niedziel\u0119 b\u0119dzie \u015bwi\u0119towa\u0142 na Polach Elizejskich.<\/p>\n<div class=\"embed-controller-wrapper\">\n<blockquote class=\"twitter-tweet\" data-width=\"500\" data-dnt=\"true\">\n<p lang=\"fr\" dir=\"ltr\">\ud83d\udc9b RT &amp; follow for the chance to win an <a href=\"https:\/\/twitter.com\/TamauPogi?ref_src=twsrc%5Etfw\">@tamaupogi<\/a> Yellow Jersey with <a href=\"https:\/\/twitter.com\/MaillotjauneLCL?ref_src=twsrc%5Etfw\">@MaillotjauneLCL<\/a> <\/p>\n<p>\ud83d\udc9b RT &amp; follow pour tenter de gagner un Maillot Jaune d\u00e9dicac\u00e9 par <a href=\"https:\/\/twitter.com\/TamauPogi?ref_src=twsrc%5Etfw\">@tamaupogi<\/a> avec <a href=\"https:\/\/twitter.com\/MaillotjauneLCL?ref_src=twsrc%5Etfw\">@MaillotjauneLCL<\/a> <a href=\"https:\/\/twitter.com\/hashtag\/TDF2021?src=hash&amp;ref_src=twsrc%5Etfw\">#TDF2021<\/a> <a href=\"https:\/\/t.co\/ggIHuauczd\">pic.twitter.com\/ggIHuauczd<\/a><\/p>\n<p>&mdash; Tour de France\u2122 (@LeTour) <a href=\"https:\/\/twitter.com\/LeTour\/status\/1415721572577464324?ref_src=twsrc%5Etfw\">July 15, 2021<\/a><\/p><\/blockquote>\n<p><script async data-src=\"https:\/\/platform.twitter.com\/widgets.js\" charset=\"utf-8\"><\/script><\/div>\n<h2><strong>Rywale pr\u00f3bowali\u2026<\/strong><\/h2>\n<p>Pytanie raczej nie brzmia\u0142o: \u201eczy?\u201d, ale \u201ejak\u201d w Pirenejach Pogacar poka\u017ce si\u0142\u0119. No i pokaza\u0142 w najlepszy mo\u017cliwy spos\u00f3b, wygrywaj\u0105c zar\u00f3wno w \u015brod\u0119, jak i w czwartek. &#8211; To niesamowite. Po pierwszym g\u00f3rskim etapie czu\u0142em si\u0119 dobrze, a teraz jestem bardzo szcz\u0119\u015bliwy. By\u0142o ci\u0119\u017cko, ale to wszystko jest szalone \u2013 cieszy\u0142y si\u0119 na mecie Pogacar.<\/p>\n<p>23-letni S\u0142oweniec zaatakowa\u0142 niewiele ponad 3 km przed met\u0105. Rywale pr\u00f3bowali jeszcze walczy\u0107, wyskakiwali na czo\u0142o, ale to do Pogacara nale\u017ca\u0142o ostatnie s\u0142owo.<\/p>\n<div class=\"embed-controller-wrapper\">\n<blockquote class=\"twitter-tweet\" data-width=\"500\" data-dnt=\"true\">\n<p lang=\"fr\" dir=\"ltr\">\ud83c\uddf8\ud83c\uddee <a href=\"https:\/\/twitter.com\/TamauPogi?ref_src=twsrc%5Etfw\">@TamauPogi<\/a> tightened his already firm grip on the \ud83d\udc9b with another strong performance as he claimed his 3rd stage on the <a href=\"https:\/\/twitter.com\/hashtag\/TDF2021?src=hash&amp;ref_src=twsrc%5Etfw\">#TDF2021<\/a>! \ud83c\udfc5<\/p>\n<p>The last KM \u2b07\ufe0f<\/p>\n<p>\ud83c\uddf8\ud83c\uddee <a href=\"https:\/\/twitter.com\/TamauPogi?ref_src=twsrc%5Etfw\">@TamauPogi<\/a> a d\u00e9montr\u00e9 qu&#39;il \u00e9tait le plus fort de ce <a href=\"https:\/\/twitter.com\/hashtag\/TDF2021?src=hash&amp;ref_src=twsrc%5Etfw\">#TDF2021<\/a> ! \u00c0 Luz Ardiden, il remporte une 3\u00e8me victoire d&#39;\u00e9tape ! <a href=\"https:\/\/t.co\/IkT4ol04Mf\">pic.twitter.com\/IkT4ol04Mf<\/a><\/p>\n<p>&mdash; Tour de France\u2122 (@LeTour) <a href=\"https:\/\/twitter.com\/LeTour\/status\/1415695901214101515?ref_src=twsrc%5Etfw\">July 15, 2021<\/a><\/p><\/blockquote>\n<p><script async data-src=\"https:\/\/platform.twitter.com\/widgets.js\" charset=\"utf-8\"><\/script><\/div>\n<p>Na met\u0119 wjecha\u0142 samotnie, przed Jonasem Vingegaardem (Jumbo-Visma) i Richardem Carapazem (INEOS Grenadiers). Tym samym S\u0142oweniec powi\u0119kszy\u0142 przewag\u0119 w klasyfikacji generalnej i ju\u017c tylko kataklizm jest mu w stanie odebra\u0107 zwyci\u0119stwo. Pogacar woli jednak dmucha\u0107 na zimne. \u2013 Daj\u0119 sobie 50 proc. szans na wygranie Touru, bo nigdy nie wiadomo, co si\u0119 wydarzy. Do ko\u0144ca zosta\u0142y 3 dni, ale wygl\u0105da to dobrze \u2013 przyznaje.<\/p>\n<h2><strong>Ogromna przewaga<\/strong><\/h2>\n<p>Dzi\u015b zawodnik\u00f3w czeka jeszcze p\u0142aski etap z Mourenx do Libourne (207 km), a po nim kolarze zmierz\u0105 si\u0119 w indywidualnej je\u017adzie na czas. Tym razem b\u0119d\u0105 rywalizowali na niespe\u0142na 31-kilometrowej trasie z Libourne do Saint-Emilion. &#8211; Jazda na czas to konkurencja, w kt\u00f3rej zawsze daj\u0119 z siebie wszystko. Nie mog\u0119 ju\u017c si\u0119 jej doczeka\u0107 \u2013 przyznaje Pogacar.<\/p>\n<div class=\"embed-controller-wrapper\">\n<blockquote class=\"twitter-tweet\" data-width=\"500\" data-dnt=\"true\">\n<p lang=\"en\" dir=\"ltr\">\ud83d\udcaa Another battle between <a href=\"https:\/\/twitter.com\/TamauPogi?ref_src=twsrc%5Etfw\">@TamauPogi<\/a> and his main opponents. The Yellow Jersey triumphs again! \ud83d\udc9b<\/p>\n<p>\ud83d\udcaa Une nouvelle bataille entre Tadej Pogacar et ses principaux rivaux. Le Maillot Jaune triomphe encore ! \ud83d\udc9b<a href=\"https:\/\/twitter.com\/hashtag\/TDF2021?src=hash&amp;ref_src=twsrc%5Etfw\">#TDF2021<\/a> <a href=\"https:\/\/t.co\/8tgSWQfLO4\">pic.twitter.com\/8tgSWQfLO4<\/a><\/p>\n<p>&mdash; Tour de France\u2122 (@LeTour) <a href=\"https:\/\/twitter.com\/LeTour\/status\/1415710499182813190?ref_src=twsrc%5Etfw\">July 15, 2021<\/a><\/p><\/blockquote>\n<p><script async data-src=\"https:\/\/platform.twitter.com\/widgets.js\" charset=\"utf-8\"><\/script><\/div>\n<p>To w\u0142a\u015bnie podczas tzw. czas\u00f3wki S\u0142oweniec rok temu wyrwa\u0142 wygran\u0105 Primo\u017cowi Roglicowi. Dzi\u015b jednak przewaga Pogacara wydaje si\u0119 zbyt du\u017ca, poza tym w\u015br\u00f3d rywali ju\u017c nie wida\u0107 nadziei na przewr\u00f3cenie klasyfikacji generalnej. Jonas Vingegaard (Jumbo-Visma) i Richard Carapaz (INEOS Grenadiers) trac\u0105 do lidera ju\u017c blisko sze\u015b\u0107 minut, a kolejni zawodnicy \u2013 ponad osiem.<\/p>\n<h2><strong>Emocje do samego ko\u0144ca<\/strong><\/h2>\n<p>Pokaz si\u0142y Pogacara nie oznacza jednak, \u017ce emocje na Tour de France si\u0119 sko\u0144czy\u0142y. Ci\u0105gle trwa bowiem walka o triumf w klasyfikacji punktowej, gdzie na prowadzeniu jest Mark Cavendish (Deceuninck \u2013 Quick Step), ale po pi\u0119tach depcze mu Michael Matthews (Team Bikeexchange).<\/p>\n<div class=\"embed-controller-wrapper\">\n<blockquote class=\"twitter-tweet\" data-width=\"500\" data-dnt=\"true\">\n<p lang=\"en\" dir=\"ltr\">Pop up the champagne, <a href=\"https:\/\/twitter.com\/MarkCavendish?ref_src=twsrc%5Etfw\">@MarkCavendish<\/a> rolls over the <a href=\"https:\/\/twitter.com\/hashtag\/TDF2021?src=hash&amp;ref_src=twsrc%5Etfw\">#TDF2021<\/a>\u00a0 line with seven minutes to spare \ud83d\ude01 <a href=\"https:\/\/t.co\/o3ovErj3UO\">pic.twitter.com\/o3ovErj3UO<\/a><\/p>\n<p>&mdash; Soudal Quick-Step Pro Cycling Team (@soudalquickstep) <a href=\"https:\/\/twitter.com\/soudalquickstep\/status\/1415702146062987264?ref_src=twsrc%5Etfw\">July 15, 2021<\/a><\/p><\/blockquote>\n<p><script async data-src=\"https:\/\/platform.twitter.com\/widgets.js\" charset=\"utf-8\"><\/script><\/div>\n<p>Cavendish walczy jednak nie tylko o zielon\u0105 koszulk\u0119, ale r\u00f3wnie\u017c o pobicie rekordu Eddy\u2019ego Merckxa. Je\u015bli Brytyjczyk wygra jeszcze jeden etap, stanie si\u0119 zawodnikiem z najwi\u0119ksz\u0105 liczb\u0105 triumf\u00f3w etapowych w historii Wielkiej P\u0119tli! Wiele wskazuje, \u017ce Cavendish w niepewno\u015bci b\u0119dzie trzyma\u0142 kibic\u00f3w do ostatniego dnia, bo to w\u0142a\u015bnie \u015bciganie na Polach Elizejskich swego czasu by\u0142o jego specjalno\u015bci\u0105. Zmieni\u0142 si\u0119 z kolei lider klasyfikacji g\u00f3rskiej, a zosta\u0142 nim\u2026 Pogacar i je\u015bli nie wydarzy si\u0119 nic niespodziewanego, to S\u0142oweniec zgarnie trzy nagrody \u2013 za triumf w klasyfikacji generalnej, m\u0142odzie\u017cowej i w\u0142a\u015bnie g\u00f3rskiej.<\/p>\n<div class=\"embed-controller-wrapper\">\n<blockquote class=\"twitter-tweet\" data-width=\"500\" data-dnt=\"true\">\n<p lang=\"fr\" dir=\"ltr\">Jerseys after Stage 18<br \/>Maillots apr\u00e8s l\u2019\u00e9tape 18<\/p>\n<p>\ud83d\udc9b <a href=\"https:\/\/twitter.com\/TamauPogi?ref_src=twsrc%5Etfw\">@tamaupogi<\/a><br \/>\ud83d\udc9a <a href=\"https:\/\/twitter.com\/MarkCavendish?ref_src=twsrc%5Etfw\">@MarkCavendish<\/a><br \/>\ud83d\udd34 <a href=\"https:\/\/twitter.com\/TamauPogi?ref_src=twsrc%5Etfw\">@tamaupogi<\/a><br \/>\ud83d\udc76 <a href=\"https:\/\/twitter.com\/TamauPogi?ref_src=twsrc%5Etfw\">@tamaupogi<\/a><a href=\"https:\/\/twitter.com\/hashtag\/TDF2021?src=hash&amp;ref_src=twsrc%5Etfw\">#TDF2021<\/a> <a href=\"https:\/\/t.co\/c3XzOJuh7f\">pic.twitter.com\/c3XzOJuh7f<\/a><\/p>\n<p>&mdash; Tour de France\u2122 (@LeTour) <a href=\"https:\/\/twitter.com\/LeTour\/status\/1415708125211111435?ref_src=twsrc%5Etfw\">July 15, 2021<\/a><\/p><\/blockquote>\n<p><script async data-src=\"https:\/\/platform.twitter.com\/widgets.js\" charset=\"utf-8\"><\/script><\/div>\n<p><span data-sheets-value=\"{&quot;1&quot;:2,&quot;2&quot;:&quot;Artyku\u0142 powsta\u0142 we wsp\u00f3\u0142pracy ze skoda-auto.pl&quot;}\" data-sheets-userformat=\"{&quot;2&quot;:1,&quot;3&quot;:{&quot;1&quot;:0}}\" data-sheets-hyperlink=\"http:\/\/www.skoda-auto.pl\/\"><a class=\"in-cell-link\" href=\"http:\/\/www.skoda-auto.pl\/\" target=\"_blank\" rel=\"noopener noreferrer\">Artyku\u0142 powsta\u0142 we wsp\u00f3\u0142pracy ze skoda-auto.pl<\/a><\/span><\/p>\n<p><a href=\"https:\/\/www.skoda-auto.pl\/modele\/nowa-octavia\"><img loading=\"lazy\" decoding=\"async\" class=\"alignnone size-full wp-image-11630 aligncenter\" src=\"https:\/\/d2p6e6u75xmxt8.cloudfront.net\/5\/2021\/12\/640x350-1.jpg\" alt=\"\" width=\"640\" height=\"350\" srcset=\"https:\/\/d2p6e6u75xmxt8.cloudfront.net\/5\/2021\/12\/640x350-1.jpg 640w, https:\/\/d2p6e6u75xmxt8.cloudfront.net\/5\/2021\/12\/640x350-1-300x164.jpg 300w\" sizes=\"auto, (max-width: 640px) 100vw, 640px\" \/><\/a><\/p>\n","protected":false},"excerpt":{"rendered":"<p>Pokaz si\u0142y Tadeja Pogacara! W Pirenejach S\u0142oweniec zaprezentowa\u0142 si\u0119 jak kolarz z innej planety i tylko katastrofa mo\u017ce odebra\u0107 mu [&hellip;]<\/p>\n","protected":false},"author":125,"featured_media":11947,"comment_status":"open","ping_status":"open","sticky":false,"template":"","format":"standard","meta":{"footnotes":""},"categories":[358],"tags":[359],"global-categories":[303],"class_list":["post-11941","post","type-post","status-publish","format-standard","has-post-thumbnail","hentry","category-tour-de-france-2021","tag-tour-de-france-2021","global-categories-cycling"],"yoast_head":"<!-- This site is optimized with the Yoast SEO Premium plugin v25.3 (Yoast SEO v25.9) - https:\/\/yoast.com\/wordpress\/plugins\/seo\/ -->\n<title>Faworyt razy trzy! Ale to nie koniec emocji na Tour de France - \u0160koda We Love Cycling - Poland<\/title>\n<meta name=\"description\" content=\"Pokaz si\u0142y Tadeja Pogacara! W Pirenejach S\u0142oweniec zaprezentowa\u0142 si\u0119 jak kolarz z innej planety i tylko katastrofa mo\u017ce odebra\u0107 mu triumf w Tour de France. To jednak wcale nie oznacza ko\u0144ca emocji na Wielkiej P\u0119tli.\" \/>\n<meta name=\"robots\" content=\"index, follow, max-snippet:-1, max-image-preview:large, max-video-preview:-1\" \/>\n<link rel=\"canonical\" href=\"https:\/\/www.welovecycling.com\/pl\/2021\/07\/16\/faworyt-razy-trzy-ale-to-nie-koniec-emocji-na-tour-de-france\/\" \/>\n<meta property=\"og:locale\" content=\"pl_PL\" \/>\n<meta property=\"og:type\" content=\"article\" \/>\n<meta property=\"og:title\" content=\"Faworyt razy trzy! Ale to nie koniec emocji na Tour de France\" \/>\n<meta property=\"og:description\" content=\"Pokaz si\u0142y Tadeja Pogacara! W Pirenejach S\u0142oweniec zaprezentowa\u0142 si\u0119 jak kolarz z innej planety i tylko katastrofa mo\u017ce odebra\u0107 mu triumf w Tour de France. To jednak wcale nie oznacza ko\u0144ca emocji na Wielkiej P\u0119tli.\" \/>\n<meta property=\"og:url\" content=\"https:\/\/www.welovecycling.com\/pl\/2021\/07\/16\/faworyt-razy-trzy-ale-to-nie-koniec-emocji-na-tour-de-france\/\" \/>\n<meta property=\"og:site_name\" content=\"\u0160koda We Love Cycling - Poland\" \/>\n<meta property=\"article:published_time\" content=\"2021-07-16T13:31:17+00:00\" \/>\n<meta property=\"og:image\" content=\"https:\/\/d2p6e6u75xmxt8.cloudfront.net\/5\/2021\/07\/Pogacar-Drinks-profimedia-0621477871-CVR-1024x450-1.jpg\" \/>\n\t<meta property=\"og:image:width\" content=\"1024\" \/>\n\t<meta property=\"og:image:height\" content=\"450\" \/>\n\t<meta property=\"og:image:type\" content=\"image\/jpeg\" \/>\n<meta name=\"author\" content=\"oktawiamikulska\" \/>\n<meta name=\"twitter:card\" content=\"summary_large_image\" \/>\n<meta name=\"twitter:label1\" content=\"Written by\" \/>\n\t<meta name=\"twitter:data1\" content=\"Piotr Nowik\" \/>\n\t<meta name=\"twitter:label2\" content=\"Est. reading time\" \/>\n\t<meta name=\"twitter:data2\" content=\"3 minutes\" \/>\n<script type=\"application\/ld+json\" class=\"yoast-schema-graph\">{\"@context\":\"https:\/\/schema.org\",\"@graph\":[{\"@type\":\"WebPage\",\"@id\":\"https:\/\/www.welovecycling.com\/pl\/2021\/07\/16\/faworyt-razy-trzy-ale-to-nie-koniec-emocji-na-tour-de-france\/\",\"url\":\"https:\/\/www.welovecycling.com\/pl\/2021\/07\/16\/faworyt-razy-trzy-ale-to-nie-koniec-emocji-na-tour-de-france\/\",\"name\":\"Faworyt razy trzy! Ale to nie koniec emocji na Tour de France - \u0160koda We Love Cycling - Poland\",\"isPartOf\":{\"@id\":\"https:\/\/www.welovecycling.com\/pl\/#website\"},\"primaryImageOfPage\":{\"@id\":\"https:\/\/www.welovecycling.com\/pl\/2021\/07\/16\/faworyt-razy-trzy-ale-to-nie-koniec-emocji-na-tour-de-france\/#primaryimage\"},\"image\":{\"@id\":\"https:\/\/www.welovecycling.com\/pl\/2021\/07\/16\/faworyt-razy-trzy-ale-to-nie-koniec-emocji-na-tour-de-france\/#primaryimage\"},\"thumbnailUrl\":\"https:\/\/d2p6e6u75xmxt8.cloudfront.net\/5\/2021\/07\/Pogacar-Drinks-profimedia-0621477871-CVR-1024x450-1.jpg\",\"datePublished\":\"2021-07-16T13:31:17+00:00\",\"author\":{\"@id\":\"https:\/\/www.welovecycling.com\/pl\/#\/schema\/person\/4a79bac7bd265aa6a35a1079d36648be\"},\"description\":\"Pokaz si\u0142y Tadeja Pogacara! W Pirenejach S\u0142oweniec zaprezentowa\u0142 si\u0119 jak kolarz z innej planety i tylko katastrofa mo\u017ce odebra\u0107 mu triumf w Tour de France. To jednak wcale nie oznacza ko\u0144ca emocji na Wielkiej P\u0119tli.\",\"breadcrumb\":{\"@id\":\"https:\/\/www.welovecycling.com\/pl\/2021\/07\/16\/faworyt-razy-trzy-ale-to-nie-koniec-emocji-na-tour-de-france\/#breadcrumb\"},\"inLanguage\":\"pl-PL\",\"potentialAction\":[{\"@type\":\"ReadAction\",\"target\":[\"https:\/\/www.welovecycling.com\/pl\/2021\/07\/16\/faworyt-razy-trzy-ale-to-nie-koniec-emocji-na-tour-de-france\/\"]}]},{\"@type\":\"ImageObject\",\"inLanguage\":\"pl-PL\",\"@id\":\"https:\/\/www.welovecycling.com\/pl\/2021\/07\/16\/faworyt-razy-trzy-ale-to-nie-koniec-emocji-na-tour-de-france\/#primaryimage\",\"url\":\"https:\/\/d2p6e6u75xmxt8.cloudfront.net\/5\/2021\/07\/Pogacar-Drinks-profimedia-0621477871-CVR-1024x450-1.jpg\",\"contentUrl\":\"https:\/\/d2p6e6u75xmxt8.cloudfront.net\/5\/2021\/07\/Pogacar-Drinks-profimedia-0621477871-CVR-1024x450-1.jpg\",\"width\":1024,\"height\":450},{\"@type\":\"BreadcrumbList\",\"@id\":\"https:\/\/www.welovecycling.com\/pl\/2021\/07\/16\/faworyt-razy-trzy-ale-to-nie-koniec-emocji-na-tour-de-france\/#breadcrumb\",\"itemListElement\":[{\"@type\":\"ListItem\",\"position\":1,\"name\":\"Home\",\"item\":\"https:\/\/www.welovecycling.com\/pl\/\"},{\"@type\":\"ListItem\",\"position\":2,\"name\":\"Faworyt razy trzy! Ale to nie koniec emocji na Tour de France\"}]},{\"@type\":\"WebSite\",\"@id\":\"https:\/\/www.welovecycling.com\/pl\/#website\",\"url\":\"https:\/\/www.welovecycling.com\/pl\/\",\"name\":\"\u0160koda We Love Cycling - Poland\",\"description\":\"\",\"potentialAction\":[{\"@type\":\"SearchAction\",\"target\":{\"@type\":\"EntryPoint\",\"urlTemplate\":\"https:\/\/www.welovecycling.com\/pl\/?s={search_term_string}\"},\"query-input\":{\"@type\":\"PropertyValueSpecification\",\"valueRequired\":true,\"valueName\":\"search_term_string\"}}],\"inLanguage\":\"pl-PL\"},{\"@type\":\"Person\",\"@id\":\"https:\/\/www.welovecycling.com\/pl\/#\/schema\/person\/4a79bac7bd265aa6a35a1079d36648be\",\"name\":\"oktawiamikulska\",\"image\":{\"@type\":\"ImageObject\",\"inLanguage\":\"pl-PL\",\"@id\":\"https:\/\/www.welovecycling.com\/pl\/#\/schema\/person\/image\/\",\"url\":\"https:\/\/secure.gravatar.com\/avatar\/b97a3f44e2de6d2f8dd358975937e49823662e12cbd810b9d1a2bff1c149e8a7?s=96&d=mm&r=g\",\"contentUrl\":\"https:\/\/secure.gravatar.com\/avatar\/b97a3f44e2de6d2f8dd358975937e49823662e12cbd810b9d1a2bff1c149e8a7?s=96&d=mm&r=g\",\"caption\":\"oktawiamikulska\"},\"url\":\"https:\/\/www.welovecycling.com\/pl\/author\/oktawiamikulska\/\"}]}<\/script>\n<!-- \/ Yoast SEO Premium plugin. -->","yoast_head_json":{"title":"Faworyt razy trzy! Ale to nie koniec emocji na Tour de France - \u0160koda We Love Cycling - Poland","description":"Pokaz si\u0142y Tadeja Pogacara! W Pirenejach S\u0142oweniec zaprezentowa\u0142 si\u0119 jak kolarz z innej planety i tylko katastrofa mo\u017ce odebra\u0107 mu triumf w Tour de France. To jednak wcale nie oznacza ko\u0144ca emocji na Wielkiej P\u0119tli.","robots":{"index":"index","follow":"follow","max-snippet":"max-snippet:-1","max-image-preview":"max-image-preview:large","max-video-preview":"max-video-preview:-1"},"canonical":"https:\/\/www.welovecycling.com\/pl\/2021\/07\/16\/faworyt-razy-trzy-ale-to-nie-koniec-emocji-na-tour-de-france\/","og_locale":"pl_PL","og_type":"article","og_title":"Faworyt razy trzy! Ale to nie koniec emocji na Tour de France","og_description":"Pokaz si\u0142y Tadeja Pogacara! W Pirenejach S\u0142oweniec zaprezentowa\u0142 si\u0119 jak kolarz z innej planety i tylko katastrofa mo\u017ce odebra\u0107 mu triumf w Tour de France. To jednak wcale nie oznacza ko\u0144ca emocji na Wielkiej P\u0119tli.","og_url":"https:\/\/www.welovecycling.com\/pl\/2021\/07\/16\/faworyt-razy-trzy-ale-to-nie-koniec-emocji-na-tour-de-france\/","og_site_name":"\u0160koda We Love Cycling - Poland","article_published_time":"2021-07-16T13:31:17+00:00","og_image":[{"width":1024,"height":450,"url":"https:\/\/d2p6e6u75xmxt8.cloudfront.net\/5\/2021\/07\/Pogacar-Drinks-profimedia-0621477871-CVR-1024x450-1.jpg","type":"image\/jpeg"}],"author":"oktawiamikulska","twitter_card":"summary_large_image","twitter_misc":{"Written by":"Piotr Nowik","Est. reading time":"3 minutes"},"schema":{"@context":"https:\/\/schema.org","@graph":[{"@type":"WebPage","@id":"https:\/\/www.welovecycling.com\/pl\/2021\/07\/16\/faworyt-razy-trzy-ale-to-nie-koniec-emocji-na-tour-de-france\/","url":"https:\/\/www.welovecycling.com\/pl\/2021\/07\/16\/faworyt-razy-trzy-ale-to-nie-koniec-emocji-na-tour-de-france\/","name":"Faworyt razy trzy! Ale to nie koniec emocji na Tour de France - \u0160koda We Love Cycling - Poland","isPartOf":{"@id":"https:\/\/www.welovecycling.com\/pl\/#website"},"primaryImageOfPage":{"@id":"https:\/\/www.welovecycling.com\/pl\/2021\/07\/16\/faworyt-razy-trzy-ale-to-nie-koniec-emocji-na-tour-de-france\/#primaryimage"},"image":{"@id":"https:\/\/www.welovecycling.com\/pl\/2021\/07\/16\/faworyt-razy-trzy-ale-to-nie-koniec-emocji-na-tour-de-france\/#primaryimage"},"thumbnailUrl":"https:\/\/d2p6e6u75xmxt8.cloudfront.net\/5\/2021\/07\/Pogacar-Drinks-profimedia-0621477871-CVR-1024x450-1.jpg","datePublished":"2021-07-16T13:31:17+00:00","author":{"@id":"https:\/\/www.welovecycling.com\/pl\/#\/schema\/person\/4a79bac7bd265aa6a35a1079d36648be"},"description":"Pokaz si\u0142y Tadeja Pogacara! W Pirenejach S\u0142oweniec zaprezentowa\u0142 si\u0119 jak kolarz z innej planety i tylko katastrofa mo\u017ce odebra\u0107 mu triumf w Tour de France. To jednak wcale nie oznacza ko\u0144ca emocji na Wielkiej P\u0119tli.","breadcrumb":{"@id":"https:\/\/www.welovecycling.com\/pl\/2021\/07\/16\/faworyt-razy-trzy-ale-to-nie-koniec-emocji-na-tour-de-france\/#breadcrumb"},"inLanguage":"pl-PL","potentialAction":[{"@type":"ReadAction","target":["https:\/\/www.welovecycling.com\/pl\/2021\/07\/16\/faworyt-razy-trzy-ale-to-nie-koniec-emocji-na-tour-de-france\/"]}]},{"@type":"ImageObject","inLanguage":"pl-PL","@id":"https:\/\/www.welovecycling.com\/pl\/2021\/07\/16\/faworyt-razy-trzy-ale-to-nie-koniec-emocji-na-tour-de-france\/#primaryimage","url":"https:\/\/d2p6e6u75xmxt8.cloudfront.net\/5\/2021\/07\/Pogacar-Drinks-profimedia-0621477871-CVR-1024x450-1.jpg","contentUrl":"https:\/\/d2p6e6u75xmxt8.cloudfront.net\/5\/2021\/07\/Pogacar-Drinks-profimedia-0621477871-CVR-1024x450-1.jpg","width":1024,"height":450},{"@type":"BreadcrumbList","@id":"https:\/\/www.welovecycling.com\/pl\/2021\/07\/16\/faworyt-razy-trzy-ale-to-nie-koniec-emocji-na-tour-de-france\/#breadcrumb","itemListElement":[{"@type":"ListItem","position":1,"name":"Home","item":"https:\/\/www.welovecycling.com\/pl\/"},{"@type":"ListItem","position":2,"name":"Faworyt razy trzy! Ale to nie koniec emocji na Tour de France"}]},{"@type":"WebSite","@id":"https:\/\/www.welovecycling.com\/pl\/#website","url":"https:\/\/www.welovecycling.com\/pl\/","name":"\u0160koda We Love Cycling - Poland","description":"","potentialAction":[{"@type":"SearchAction","target":{"@type":"EntryPoint","urlTemplate":"https:\/\/www.welovecycling.com\/pl\/?s={search_term_string}"},"query-input":{"@type":"PropertyValueSpecification","valueRequired":true,"valueName":"search_term_string"}}],"inLanguage":"pl-PL"},{"@type":"Person","@id":"https:\/\/www.welovecycling.com\/pl\/#\/schema\/person\/4a79bac7bd265aa6a35a1079d36648be","name":"oktawiamikulska","image":{"@type":"ImageObject","inLanguage":"pl-PL","@id":"https:\/\/www.welovecycling.com\/pl\/#\/schema\/person\/image\/","url":"https:\/\/secure.gravatar.com\/avatar\/b97a3f44e2de6d2f8dd358975937e49823662e12cbd810b9d1a2bff1c149e8a7?s=96&d=mm&r=g","contentUrl":"https:\/\/secure.gravatar.com\/avatar\/b97a3f44e2de6d2f8dd358975937e49823662e12cbd810b9d1a2bff1c149e8a7?s=96&d=mm&r=g","caption":"oktawiamikulska"},"url":"https:\/\/www.welovecycling.com\/pl\/author\/oktawiamikulska\/"}]}},"_links":{"self":[{"href":"https:\/\/www.welovecycling.com\/pl\/wp-json\/wp\/v2\/posts\/11941","targetHints":{"allow":["GET"]}}],"collection":[{"href":"https:\/\/www.welovecycling.com\/pl\/wp-json\/wp\/v2\/posts"}],"about":[{"href":"https:\/\/www.welovecycling.com\/pl\/wp-json\/wp\/v2\/types\/post"}],"author":[{"embeddable":true,"href":"https:\/\/www.welovecycling.com\/pl\/wp-json\/wp\/v2\/users\/125"}],"replies":[{"embeddable":true,"href":"https:\/\/www.welovecycling.com\/pl\/wp-json\/wp\/v2\/comments?post=11941"}],"version-history":[{"count":1,"href":"https:\/\/www.welovecycling.com\/pl\/wp-json\/wp\/v2\/posts\/11941\/revisions"}],"predecessor-version":[{"id":11948,"href":"https:\/\/www.welovecycling.com\/pl\/wp-json\/wp\/v2\/posts\/11941\/revisions\/11948"}],"wp:featuredmedia":[{"embeddable":true,"href":"https:\/\/www.welovecycling.com\/pl\/wp-json\/wp\/v2\/media\/11947"}],"wp:attachment":[{"href":"https:\/\/www.welovecycling.com\/pl\/wp-json\/wp\/v2\/media?parent=11941"}],"wp:term":[{"taxonomy":"category","embeddable":true,"href":"https:\/\/www.welovecycling.com\/pl\/wp-json\/wp\/v2\/categories?post=11941"},{"taxonomy":"post_tag","embeddable":true,"href":"https:\/\/www.welovecycling.com\/pl\/wp-json\/wp\/v2\/tags?post=11941"},{"taxonomy":"global-categories","embeddable":true,"href":"https:\/\/www.welovecycling.com\/pl\/wp-json\/wp\/v2\/global-categories?post=11941"}],"curies":[{"name":"wp","href":"https:\/\/api.w.org\/{rel}","templated":true}]}}