{"id":11926,"date":"2021-07-09T14:28:58","date_gmt":"2021-07-09T14:28:58","guid":{"rendered":"https:\/\/www.welovecycling.com\/pl\/?p=11926"},"modified":"2021-07-13T14:36:41","modified_gmt":"2021-07-13T14:36:41","slug":"sadny-tydzien-na-tour-de-france-dwie-wielkie-niewiadome","status":"publish","type":"post","link":"https:\/\/www.welovecycling.com\/pl\/2021\/07\/09\/sadny-tydzien-na-tour-de-france-dwie-wielkie-niewiadome\/","title":{"rendered":"S\u0105dny tydzie\u0144 na Tour de France. Dwie wielkie niewiadome"},"content":{"rendered":"<p><strong>Tadej Pogacar walczy z ca\u0142ym peletonem, Mark Cavendish z rekordem legendy, a Rafa\u0142 Majka z samym sob\u0105. Przed nami ostatni tydzie\u0144 Tour de France, kt\u00f3ry zapowiada si\u0119 niezwykle interesuj\u0105co.<\/strong><\/p>\n<h2><strong>Rekord wyr\u00f3wnany!<\/strong><\/h2>\n<p>To nie niespodzianka, ale sensacja. I nie roku, ale co najmniej dekady. Mark Cavendish udowodni\u0142, \u017ce w sporcie niemo\u017cliwe nie istnieje \u2013 wygra\u0142 czwarty etap w tegorocznej Wielkiej P\u0119tli i wyr\u00f3wna\u0142 rekord triumf\u00f3w legendarnego Eddy\u2019ego Merckxa. Tak, ten sam Cavendish, kt\u00f3ry by\u0142 w\u0142os od tego, by wielkie wy\u015bcigi kolarskie \u015bledzi\u0107 ju\u017c tylko przed telewizorem, a nie z serca peletonu. Ten sam Cavendish, kt\u00f3ry w ostatnich latach mocniej ni\u017c z rywalami, walczy\u0142 z depresj\u0105 i ci\u0119\u017ck\u0105 chorob\u0105. W ko\u0144cu ten sam, kt\u00f3ry odbija\u0142 si\u0119 od drzwi najwi\u0119kszych zespo\u0142\u00f3w \u015bwiata. Piszemy o nim co kilka dni, ale co kilka dni zaskakuje ca\u0142y kolarski \u015bwiat. A prawdziw\u0105 bomb\u0119 odpali\u0142 w pi\u0105tek, gdy po raz 34. wygra\u0142 etap Tour de France i wyr\u00f3wna\u0142 rekord wielkiego Merckxa. I to rekord, kt\u00f3ry ma blisko 50 lat!<\/p>\n<p>https:\/\/www.instagram.com\/p\/CRHy4Pyr_2P\/?utm_source=ig_web_copy_link<\/p>\n<p>&#8211; 34 zwyci\u0119stw na Tour de France. Nie do wiary. Je\u015bli kiedykolwiek by\u0142oby to mo\u017cliwe, to tylko z grup\u0105 Deceuninck-Quick Step \u2013 odda\u0142 szacunek swoim kolegom z zespo\u0142u Cavendish. Brytyjczyk ma za co dzi\u0119kowa\u0107, bo ca\u0142y zesp\u00f3\u0142 jedzie dla niego, a w zamian na mecie jest rado\u015b\u0107 i \u0142zy prawdziwych twardzieli. S\u0142owem &#8211; ca\u0142e pi\u0119kno kolarstwa zamkni\u0119te w jednym zespole.<\/p>\n<h2><strong>Serca polskich kibic\u00f3w zamar\u0142y<\/strong><\/h2>\n<p>Rado\u015bnie jest r\u00f3wnie\u017c w obozie UAE Team Emirates, cho\u0107 zdarzy\u0142y si\u0119 r\u00f3wnie\u017c chwile strachu. Cel zespo\u0142u od pocz\u0105tku by\u0142 jeden \u2013 wszyscy kolarze maj\u0105 wypluwa\u0107 p\u0142uca po to, by Tadej Pogacar zn\u00f3w wygra\u0142 Tour de France. Przed rokiem S\u0142oweniec zwyci\u0119\u017cy\u0142 rzutem na ta\u015bm\u0119, ale w tym szybo rozdzieli\u0142 role w peletonie. Co jednak nie oznacza, \u017ce mo\u017ce pozwoli\u0107 sobie na chwil\u0119 dekoncentracji. O triumf Pogacara walczy r\u00f3wnie\u017c Rafa\u0142 Majka, kt\u00f3ry na 13. etapie mia\u0142 jednak gro\u017anie wygl\u0105daj\u0105cy wypadek. Podczas kraksy kolarze wypadli z trasy i zsun\u0119li si\u0119 ze wzg\u00f3rza. Wskutek obra\u017ce\u0144 np. Simon Yates (Mitchelton-Scott) musia\u0142 wycofa\u0107 si\u0119 z wy\u015bcigu, ale obra\u017cenia Polaka okaza\u0142y si\u0119 mniej gro\u017ane, cho\u0107 na pewno bardzo bolesne.<\/p>\n<div class=\"embed-controller-wrapper\">\n<blockquote class=\"twitter-tweet\" data-width=\"500\" data-dnt=\"true\">\n<p lang=\"en\" dir=\"ltr\">He&#39;s down but not out. <br \/>After a heavy fall yesterday, <a href=\"https:\/\/twitter.com\/majkaformal?ref_src=twsrc%5Etfw\">@majkaformal<\/a> is back and ready to help defend yellow. <\/p>\n<p>Bravo Rafa \ud83d\udc4f\ud83c\udffc<a href=\"https:\/\/twitter.com\/hashtag\/UAETeamEmirates?src=hash&amp;ref_src=twsrc%5Etfw\">#UAETeamEmirates<\/a> <a href=\"https:\/\/twitter.com\/hashtag\/RideTogether?src=hash&amp;ref_src=twsrc%5Etfw\">#RideTogether<\/a> <a href=\"https:\/\/twitter.com\/hashtag\/TDF2021?src=hash&amp;ref_src=twsrc%5Etfw\">#TDF2021<\/a> <a href=\"https:\/\/t.co\/VvvI3GVwgT\">pic.twitter.com\/VvvI3GVwgT<\/a><\/p>\n<p>&mdash; @UAE-TeamEmirates (@TeamEmiratesUAE) <a href=\"https:\/\/twitter.com\/TeamEmiratesUAE\/status\/1413845114577956866?ref_src=twsrc%5Etfw\">July 10, 2021<\/a><\/p><\/blockquote>\n<p><script async data-src=\"https:\/\/platform.twitter.com\/widgets.js\" charset=\"utf-8\"><\/script><\/div>\n<p>&#8211; Rafa\u0142 wraca\u00a0 i jest gotowy pom\u00f3c w obronieniu \u017c\u00f3\u0142tej koszulki lidera \u2013 poinformowa\u0142 UAE Team Emirates.<\/p>\n<p>W\u00f3wczas kamie\u0144 z serca spad\u0142 tak\u017ce polskim kibicom, poniewa\u017c Majka jest w kadrze na igrzyska olimpijskie w Tokio i gdyby okaza\u0142o si\u0119, \u017ce ma jakie\u015b z\u0142amania, to jego wyst\u0119p by\u0142by wykluczony. A przypomnijmy, \u017ce Polak broni br\u0105zowego medalu z olimpiady w Rio de Janeiro.<\/p>\n<h2><strong>Dwa kluczowe pytania<\/strong><\/h2>\n<p>Po 15 etapach w klasyfikacji generalnej 108. Tour de France prowadzi Pogacar, w punktowej Cavendish, a w g\u00f3rskiej Wouter Poels (Bahrain Victorious).<\/p>\n<div class=\"embed-controller-wrapper\">\n<blockquote class=\"twitter-tweet\" data-width=\"500\" data-dnt=\"true\">\n<p lang=\"fr\" dir=\"ltr\">\ud83c\udfc6 Rankings Stage\/Etape 15<\/p>\n<p>The Jerseys and rankings following stage 15. \u2b07\ufe0f <\/p>\n<p>Les maillots distinctifs et les classements apr\u00e8s l&#39;\u00e9tape 15. \u2b07\ufe0f <a href=\"https:\/\/twitter.com\/hashtag\/TDF2021?src=hash&amp;ref_src=twsrc%5Etfw\">#TDF2021<\/a> <a href=\"https:\/\/t.co\/gSFDM48BRr\">pic.twitter.com\/gSFDM48BRr<\/a><\/p>\n<p>&mdash; Tour de France\u2122 (@LeTour) <a href=\"https:\/\/twitter.com\/LeTour\/status\/1414269222671327240?ref_src=twsrc%5Etfw\">July 11, 2021<\/a><\/p><\/blockquote>\n<p><script async data-src=\"https:\/\/platform.twitter.com\/widgets.js\" charset=\"utf-8\"><\/script><\/div>\n<p>W poniedzia\u0142ek zawodnicy maj\u0105 dzie\u0144 przerwy, czyli b\u0119dzie to ostatnia szansa na regeneracj\u0119. Po nim nast\u0105pi\u0105 trzy etapy p\u0142askie, dwa g\u00f3rskie i jedna czas\u00f3wka. Najwa\u017cniejsze pytania s\u0105 dwa \u2013 czy Pogacar obroni \u017c\u00f3\u0142t\u0105 koszulk\u0119? I czy Cavendish zdo\u0142a pobi\u0107 rekord Merckxa? Kolarstwo jest nieprzewidywalne, ale S\u0142oweniec wydaje si\u0119 na tyle silny, \u017ce tylko jaki\u015b nieszcz\u0119\u015bliwy zbieg okoliczno\u015bci m\u00f3g\u0142by mu odebra\u0107 zwyci\u0119stwo. A je\u015bli chodzi o Cavendisha, to na pewno nie odpu\u015bci. W ko\u0144cu w swojej bogatej karierze na Polach Elizejskich triumfowa\u0142 ju\u017c czterokrotnie!<\/p>\n<p><span data-sheets-value=\"{&quot;1&quot;:2,&quot;2&quot;:&quot;Artyku\u0142 powsta\u0142 we wsp\u00f3\u0142pracy ze skoda-auto.pl&quot;}\" data-sheets-userformat=\"{&quot;2&quot;:1,&quot;3&quot;:{&quot;1&quot;:0}}\" data-sheets-hyperlink=\"http:\/\/www.skoda-auto.pl\/\"><a class=\"in-cell-link\" href=\"http:\/\/www.skoda-auto.pl\/\" target=\"_blank\" rel=\"noopener noreferrer\">Artyku\u0142 powsta\u0142 we wsp\u00f3\u0142pracy ze skoda-auto.pl<\/a><\/span><\/p>\n<p><a href=\"https:\/\/www.skoda-auto.pl\/modele\/superb\"><img loading=\"lazy\" decoding=\"async\" class=\"alignnone size-full wp-image-11628 aligncenter\" src=\"https:\/\/d2p6e6u75xmxt8.cloudfront.net\/5\/2021\/12\/640x350-2-1.jpg\" alt=\"\" width=\"640\" height=\"350\" srcset=\"https:\/\/d2p6e6u75xmxt8.cloudfront.net\/5\/2021\/12\/640x350-2-1.jpg 640w, https:\/\/d2p6e6u75xmxt8.cloudfront.net\/5\/2021\/12\/640x350-2-1-300x164.jpg 300w\" sizes=\"auto, (max-width: 640px) 100vw, 640px\" \/><\/a><\/p>\n","protected":false},"excerpt":{"rendered":"<p>Tadej Pogacar walczy z ca\u0142ym peletonem, Mark Cavendish z rekordem legendy, a Rafa\u0142 Majka z samym sob\u0105. Przed nami ostatni [&hellip;]<\/p>\n","protected":false},"author":125,"featured_media":11930,"comment_status":"open","ping_status":"open","sticky":false,"template":"","format":"standard","meta":{"footnotes":""},"categories":[358],"tags":[359],"global-categories":[303],"class_list":["post-11926","post","type-post","status-publish","format-standard","has-post-thumbnail","hentry","category-tour-de-france-2021","tag-tour-de-france-2021","global-categories-cycling"],"yoast_head":"<!-- This site is optimized with the Yoast SEO Premium plugin v25.3 (Yoast SEO v25.9) - https:\/\/yoast.com\/wordpress\/plugins\/seo\/ -->\n<title>S\u0105dny tydzie\u0144 na Tour de France. Dwie wielkie niewiadome - \u0160koda We Love Cycling - Poland<\/title>\n<meta name=\"description\" content=\"Tadej Pogacar walczy z ca\u0142ym peletonem, Mark Cavendish z rekordem legendy, a Rafa\u0142 Majka z samym sob\u0105. Przed nami ostatni tydzie\u0144 Tour de France, kt\u00f3ry zapowiada si\u0119 niezwykle interesuj\u0105co.\" \/>\n<meta name=\"robots\" content=\"index, follow, max-snippet:-1, max-image-preview:large, max-video-preview:-1\" \/>\n<link rel=\"canonical\" href=\"https:\/\/www.welovecycling.com\/pl\/2021\/07\/09\/sadny-tydzien-na-tour-de-france-dwie-wielkie-niewiadome\/\" \/>\n<meta property=\"og:locale\" content=\"pl_PL\" \/>\n<meta property=\"og:type\" content=\"article\" \/>\n<meta property=\"og:title\" content=\"S\u0105dny tydzie\u0144 na Tour de France. Dwie wielkie niewiadome\" \/>\n<meta property=\"og:description\" content=\"Tadej Pogacar walczy z ca\u0142ym peletonem, Mark Cavendish z rekordem legendy, a Rafa\u0142 Majka z samym sob\u0105. Przed nami ostatni tydzie\u0144 Tour de France, kt\u00f3ry zapowiada si\u0119 niezwykle interesuj\u0105co.\" \/>\n<meta property=\"og:url\" content=\"https:\/\/www.welovecycling.com\/pl\/2021\/07\/09\/sadny-tydzien-na-tour-de-france-dwie-wielkie-niewiadome\/\" \/>\n<meta property=\"og:site_name\" content=\"\u0160koda We Love Cycling - Poland\" \/>\n<meta property=\"article:published_time\" content=\"2021-07-09T14:28:58+00:00\" \/>\n<meta property=\"article:modified_time\" content=\"2021-07-13T14:36:41+00:00\" \/>\n<meta property=\"og:image\" content=\"https:\/\/d2p6e6u75xmxt8.cloudfront.net\/5\/2021\/07\/Jumbo-Visma-Superb-CVR-1024x447-1.jpg\" \/>\n\t<meta property=\"og:image:width\" content=\"1024\" \/>\n\t<meta property=\"og:image:height\" content=\"447\" \/>\n\t<meta property=\"og:image:type\" content=\"image\/jpeg\" \/>\n<meta name=\"author\" content=\"oktawiamikulska\" \/>\n<meta name=\"twitter:card\" content=\"summary_large_image\" \/>\n<meta name=\"twitter:label1\" content=\"Written by\" \/>\n\t<meta name=\"twitter:data1\" content=\"Piotr Nowik\" \/>\n\t<meta name=\"twitter:label2\" content=\"Est. reading time\" \/>\n\t<meta name=\"twitter:data2\" content=\"3 minutes\" \/>\n<script type=\"application\/ld+json\" class=\"yoast-schema-graph\">{\"@context\":\"https:\/\/schema.org\",\"@graph\":[{\"@type\":\"WebPage\",\"@id\":\"https:\/\/www.welovecycling.com\/pl\/2021\/07\/09\/sadny-tydzien-na-tour-de-france-dwie-wielkie-niewiadome\/\",\"url\":\"https:\/\/www.welovecycling.com\/pl\/2021\/07\/09\/sadny-tydzien-na-tour-de-france-dwie-wielkie-niewiadome\/\",\"name\":\"S\u0105dny tydzie\u0144 na Tour de France. Dwie wielkie niewiadome - \u0160koda We Love Cycling - Poland\",\"isPartOf\":{\"@id\":\"https:\/\/www.welovecycling.com\/pl\/#website\"},\"primaryImageOfPage\":{\"@id\":\"https:\/\/www.welovecycling.com\/pl\/2021\/07\/09\/sadny-tydzien-na-tour-de-france-dwie-wielkie-niewiadome\/#primaryimage\"},\"image\":{\"@id\":\"https:\/\/www.welovecycling.com\/pl\/2021\/07\/09\/sadny-tydzien-na-tour-de-france-dwie-wielkie-niewiadome\/#primaryimage\"},\"thumbnailUrl\":\"https:\/\/d2p6e6u75xmxt8.cloudfront.net\/5\/2021\/07\/Jumbo-Visma-Superb-CVR-1024x447-1.jpg\",\"datePublished\":\"2021-07-09T14:28:58+00:00\",\"dateModified\":\"2021-07-13T14:36:41+00:00\",\"author\":{\"@id\":\"https:\/\/www.welovecycling.com\/pl\/#\/schema\/person\/4a79bac7bd265aa6a35a1079d36648be\"},\"description\":\"Tadej Pogacar walczy z ca\u0142ym peletonem, Mark Cavendish z rekordem legendy, a Rafa\u0142 Majka z samym sob\u0105. Przed nami ostatni tydzie\u0144 Tour de France, kt\u00f3ry zapowiada si\u0119 niezwykle interesuj\u0105co.\",\"breadcrumb\":{\"@id\":\"https:\/\/www.welovecycling.com\/pl\/2021\/07\/09\/sadny-tydzien-na-tour-de-france-dwie-wielkie-niewiadome\/#breadcrumb\"},\"inLanguage\":\"pl-PL\",\"potentialAction\":[{\"@type\":\"ReadAction\",\"target\":[\"https:\/\/www.welovecycling.com\/pl\/2021\/07\/09\/sadny-tydzien-na-tour-de-france-dwie-wielkie-niewiadome\/\"]}]},{\"@type\":\"ImageObject\",\"inLanguage\":\"pl-PL\",\"@id\":\"https:\/\/www.welovecycling.com\/pl\/2021\/07\/09\/sadny-tydzien-na-tour-de-france-dwie-wielkie-niewiadome\/#primaryimage\",\"url\":\"https:\/\/d2p6e6u75xmxt8.cloudfront.net\/5\/2021\/07\/Jumbo-Visma-Superb-CVR-1024x447-1.jpg\",\"contentUrl\":\"https:\/\/d2p6e6u75xmxt8.cloudfront.net\/5\/2021\/07\/Jumbo-Visma-Superb-CVR-1024x447-1.jpg\",\"width\":1024,\"height\":447},{\"@type\":\"BreadcrumbList\",\"@id\":\"https:\/\/www.welovecycling.com\/pl\/2021\/07\/09\/sadny-tydzien-na-tour-de-france-dwie-wielkie-niewiadome\/#breadcrumb\",\"itemListElement\":[{\"@type\":\"ListItem\",\"position\":1,\"name\":\"Home\",\"item\":\"https:\/\/www.welovecycling.com\/pl\/\"},{\"@type\":\"ListItem\",\"position\":2,\"name\":\"S\u0105dny tydzie\u0144 na Tour de France. Dwie wielkie niewiadome\"}]},{\"@type\":\"WebSite\",\"@id\":\"https:\/\/www.welovecycling.com\/pl\/#website\",\"url\":\"https:\/\/www.welovecycling.com\/pl\/\",\"name\":\"\u0160koda We Love Cycling - Poland\",\"description\":\"\",\"potentialAction\":[{\"@type\":\"SearchAction\",\"target\":{\"@type\":\"EntryPoint\",\"urlTemplate\":\"https:\/\/www.welovecycling.com\/pl\/?s={search_term_string}\"},\"query-input\":{\"@type\":\"PropertyValueSpecification\",\"valueRequired\":true,\"valueName\":\"search_term_string\"}}],\"inLanguage\":\"pl-PL\"},{\"@type\":\"Person\",\"@id\":\"https:\/\/www.welovecycling.com\/pl\/#\/schema\/person\/4a79bac7bd265aa6a35a1079d36648be\",\"name\":\"oktawiamikulska\",\"image\":{\"@type\":\"ImageObject\",\"inLanguage\":\"pl-PL\",\"@id\":\"https:\/\/www.welovecycling.com\/pl\/#\/schema\/person\/image\/\",\"url\":\"https:\/\/secure.gravatar.com\/avatar\/b97a3f44e2de6d2f8dd358975937e49823662e12cbd810b9d1a2bff1c149e8a7?s=96&d=mm&r=g\",\"contentUrl\":\"https:\/\/secure.gravatar.com\/avatar\/b97a3f44e2de6d2f8dd358975937e49823662e12cbd810b9d1a2bff1c149e8a7?s=96&d=mm&r=g\",\"caption\":\"oktawiamikulska\"},\"url\":\"https:\/\/www.welovecycling.com\/pl\/author\/oktawiamikulska\/\"}]}<\/script>\n<!-- \/ Yoast SEO Premium plugin. -->","yoast_head_json":{"title":"S\u0105dny tydzie\u0144 na Tour de France. Dwie wielkie niewiadome - \u0160koda We Love Cycling - Poland","description":"Tadej Pogacar walczy z ca\u0142ym peletonem, Mark Cavendish z rekordem legendy, a Rafa\u0142 Majka z samym sob\u0105. Przed nami ostatni tydzie\u0144 Tour de France, kt\u00f3ry zapowiada si\u0119 niezwykle interesuj\u0105co.","robots":{"index":"index","follow":"follow","max-snippet":"max-snippet:-1","max-image-preview":"max-image-preview:large","max-video-preview":"max-video-preview:-1"},"canonical":"https:\/\/www.welovecycling.com\/pl\/2021\/07\/09\/sadny-tydzien-na-tour-de-france-dwie-wielkie-niewiadome\/","og_locale":"pl_PL","og_type":"article","og_title":"S\u0105dny tydzie\u0144 na Tour de France. Dwie wielkie niewiadome","og_description":"Tadej Pogacar walczy z ca\u0142ym peletonem, Mark Cavendish z rekordem legendy, a Rafa\u0142 Majka z samym sob\u0105. Przed nami ostatni tydzie\u0144 Tour de France, kt\u00f3ry zapowiada si\u0119 niezwykle interesuj\u0105co.","og_url":"https:\/\/www.welovecycling.com\/pl\/2021\/07\/09\/sadny-tydzien-na-tour-de-france-dwie-wielkie-niewiadome\/","og_site_name":"\u0160koda We Love Cycling - Poland","article_published_time":"2021-07-09T14:28:58+00:00","article_modified_time":"2021-07-13T14:36:41+00:00","og_image":[{"width":1024,"height":447,"url":"https:\/\/d2p6e6u75xmxt8.cloudfront.net\/5\/2021\/07\/Jumbo-Visma-Superb-CVR-1024x447-1.jpg","type":"image\/jpeg"}],"author":"oktawiamikulska","twitter_card":"summary_large_image","twitter_misc":{"Written by":"Piotr Nowik","Est. reading time":"3 minutes"},"schema":{"@context":"https:\/\/schema.org","@graph":[{"@type":"WebPage","@id":"https:\/\/www.welovecycling.com\/pl\/2021\/07\/09\/sadny-tydzien-na-tour-de-france-dwie-wielkie-niewiadome\/","url":"https:\/\/www.welovecycling.com\/pl\/2021\/07\/09\/sadny-tydzien-na-tour-de-france-dwie-wielkie-niewiadome\/","name":"S\u0105dny tydzie\u0144 na Tour de France. Dwie wielkie niewiadome - \u0160koda We Love Cycling - Poland","isPartOf":{"@id":"https:\/\/www.welovecycling.com\/pl\/#website"},"primaryImageOfPage":{"@id":"https:\/\/www.welovecycling.com\/pl\/2021\/07\/09\/sadny-tydzien-na-tour-de-france-dwie-wielkie-niewiadome\/#primaryimage"},"image":{"@id":"https:\/\/www.welovecycling.com\/pl\/2021\/07\/09\/sadny-tydzien-na-tour-de-france-dwie-wielkie-niewiadome\/#primaryimage"},"thumbnailUrl":"https:\/\/d2p6e6u75xmxt8.cloudfront.net\/5\/2021\/07\/Jumbo-Visma-Superb-CVR-1024x447-1.jpg","datePublished":"2021-07-09T14:28:58+00:00","dateModified":"2021-07-13T14:36:41+00:00","author":{"@id":"https:\/\/www.welovecycling.com\/pl\/#\/schema\/person\/4a79bac7bd265aa6a35a1079d36648be"},"description":"Tadej Pogacar walczy z ca\u0142ym peletonem, Mark Cavendish z rekordem legendy, a Rafa\u0142 Majka z samym sob\u0105. Przed nami ostatni tydzie\u0144 Tour de France, kt\u00f3ry zapowiada si\u0119 niezwykle interesuj\u0105co.","breadcrumb":{"@id":"https:\/\/www.welovecycling.com\/pl\/2021\/07\/09\/sadny-tydzien-na-tour-de-france-dwie-wielkie-niewiadome\/#breadcrumb"},"inLanguage":"pl-PL","potentialAction":[{"@type":"ReadAction","target":["https:\/\/www.welovecycling.com\/pl\/2021\/07\/09\/sadny-tydzien-na-tour-de-france-dwie-wielkie-niewiadome\/"]}]},{"@type":"ImageObject","inLanguage":"pl-PL","@id":"https:\/\/www.welovecycling.com\/pl\/2021\/07\/09\/sadny-tydzien-na-tour-de-france-dwie-wielkie-niewiadome\/#primaryimage","url":"https:\/\/d2p6e6u75xmxt8.cloudfront.net\/5\/2021\/07\/Jumbo-Visma-Superb-CVR-1024x447-1.jpg","contentUrl":"https:\/\/d2p6e6u75xmxt8.cloudfront.net\/5\/2021\/07\/Jumbo-Visma-Superb-CVR-1024x447-1.jpg","width":1024,"height":447},{"@type":"BreadcrumbList","@id":"https:\/\/www.welovecycling.com\/pl\/2021\/07\/09\/sadny-tydzien-na-tour-de-france-dwie-wielkie-niewiadome\/#breadcrumb","itemListElement":[{"@type":"ListItem","position":1,"name":"Home","item":"https:\/\/www.welovecycling.com\/pl\/"},{"@type":"ListItem","position":2,"name":"S\u0105dny tydzie\u0144 na Tour de France. Dwie wielkie niewiadome"}]},{"@type":"WebSite","@id":"https:\/\/www.welovecycling.com\/pl\/#website","url":"https:\/\/www.welovecycling.com\/pl\/","name":"\u0160koda We Love Cycling - Poland","description":"","potentialAction":[{"@type":"SearchAction","target":{"@type":"EntryPoint","urlTemplate":"https:\/\/www.welovecycling.com\/pl\/?s={search_term_string}"},"query-input":{"@type":"PropertyValueSpecification","valueRequired":true,"valueName":"search_term_string"}}],"inLanguage":"pl-PL"},{"@type":"Person","@id":"https:\/\/www.welovecycling.com\/pl\/#\/schema\/person\/4a79bac7bd265aa6a35a1079d36648be","name":"oktawiamikulska","image":{"@type":"ImageObject","inLanguage":"pl-PL","@id":"https:\/\/www.welovecycling.com\/pl\/#\/schema\/person\/image\/","url":"https:\/\/secure.gravatar.com\/avatar\/b97a3f44e2de6d2f8dd358975937e49823662e12cbd810b9d1a2bff1c149e8a7?s=96&d=mm&r=g","contentUrl":"https:\/\/secure.gravatar.com\/avatar\/b97a3f44e2de6d2f8dd358975937e49823662e12cbd810b9d1a2bff1c149e8a7?s=96&d=mm&r=g","caption":"oktawiamikulska"},"url":"https:\/\/www.welovecycling.com\/pl\/author\/oktawiamikulska\/"}]}},"_links":{"self":[{"href":"https:\/\/www.welovecycling.com\/pl\/wp-json\/wp\/v2\/posts\/11926","targetHints":{"allow":["GET"]}}],"collection":[{"href":"https:\/\/www.welovecycling.com\/pl\/wp-json\/wp\/v2\/posts"}],"about":[{"href":"https:\/\/www.welovecycling.com\/pl\/wp-json\/wp\/v2\/types\/post"}],"author":[{"embeddable":true,"href":"https:\/\/www.welovecycling.com\/pl\/wp-json\/wp\/v2\/users\/125"}],"replies":[{"embeddable":true,"href":"https:\/\/www.welovecycling.com\/pl\/wp-json\/wp\/v2\/comments?post=11926"}],"version-history":[{"count":1,"href":"https:\/\/www.welovecycling.com\/pl\/wp-json\/wp\/v2\/posts\/11926\/revisions"}],"predecessor-version":[{"id":11931,"href":"https:\/\/www.welovecycling.com\/pl\/wp-json\/wp\/v2\/posts\/11926\/revisions\/11931"}],"wp:featuredmedia":[{"embeddable":true,"href":"https:\/\/www.welovecycling.com\/pl\/wp-json\/wp\/v2\/media\/11930"}],"wp:attachment":[{"href":"https:\/\/www.welovecycling.com\/pl\/wp-json\/wp\/v2\/media?parent=11926"}],"wp:term":[{"taxonomy":"category","embeddable":true,"href":"https:\/\/www.welovecycling.com\/pl\/wp-json\/wp\/v2\/categories?post=11926"},{"taxonomy":"post_tag","embeddable":true,"href":"https:\/\/www.welovecycling.com\/pl\/wp-json\/wp\/v2\/tags?post=11926"},{"taxonomy":"global-categories","embeddable":true,"href":"https:\/\/www.welovecycling.com\/pl\/wp-json\/wp\/v2\/global-categories?post=11926"}],"curies":[{"name":"wp","href":"https:\/\/api.w.org\/{rel}","templated":true}]}}