{"id":11911,"date":"2021-07-05T14:39:30","date_gmt":"2021-07-05T14:39:30","guid":{"rendered":"https:\/\/www.welovecycling.com\/pl\/?p=11911"},"modified":"2021-07-06T14:45:13","modified_gmt":"2021-07-06T14:45:13","slug":"szalony-weekend-na-tour-de-france-pogacar-zaskoczyl-wszystkich","status":"publish","type":"post","link":"https:\/\/www.welovecycling.com\/pl\/2021\/07\/05\/szalony-weekend-na-tour-de-france-pogacar-zaskoczyl-wszystkich\/","title":{"rendered":"Szalony weekend na Tour de France! Pogacar zaskoczy\u0142 wszystkich?"},"content":{"rendered":"<p><strong>By\u0107 mo\u017ce dzisiejsza przerwa pozwoli zregenerowa\u0107 si\u0119 fizycznie, ale 24 godziny to mo\u017ce by\u0107 za ma\u0142o, by poj\u0105\u0107 wszystko, co w weekend wydarzy\u0142o si\u0119 na Tour de France.<\/strong><\/p>\n<p>Je\u015bli znacie kogo\u015b, kto sprowadza kolarstwo do wielogodzinnej monotonnej jazdy, to sobotnie i niedzielne \u015bciganie powinni\u015bcie zadedykowa\u0107 w\u0142a\u015bnie tej osobie. Na Tour de France dawno bowiem nie by\u0142o tak emocjonuj\u0105cego weekendu! Spodziewali\u015bmy si\u0119, \u017ce mo\u017ce by\u0107 ciekawie, ale \u017ce a\u017c tak? Oczywi\u015bcie \u2013 Alpy od zawsze kojarz\u0105 si\u0119 z niesamowitymi wyst\u0119pami, ale w tegorocznej Wielkiej P\u0119tli ju\u017c pierwsze g\u00f3rskie etapy da\u0142y odpowied\u017a na wiele wa\u017cnych pyta\u0144.<\/p>\n<h2><strong>Wszyscy pod g\u00f3r\u0119, Pogacar po p\u0142askim<\/strong><\/h2>\n<p>W kolarstwie tylko laik m\u00f3g\u0142by powiedzie\u0107, \u017ce po pierwszym tygodniu \u015bcigania na Tour de France ju\u017c wszystko jest wyja\u015bnione, ale trzeba przyzna\u0107, \u017ce je\u015bli chodzi o \u017c\u00f3\u0142t\u0105 koszulk\u0119 lidera, to wiemy ju\u017c bardzo wiele. Co prawda Tadej Pogacar (UAE Team Emirates) jednym z faworyt\u00f3w by\u0142 ju\u017c przed startem ca\u0142ego wy\u015bcigu, ale teraz sta\u0142 si\u0119 faworytem murowanym. A wystarczy\u0142 do tego sobotni etap, czyli pierwsze \u015bciganie w g\u00f3rach. Jak s\u0142usznie skomentowa\u0142 jeden z kibic\u00f3w: \u201epod g\u00f3r\u0119 to jecha\u0142 ca\u0142y peleton, a Pogacar sun\u0105\u0142 sobie jak po p\u0142askim\u201d. Na 150-kilometrowej trasie z Oyonnax do Le Grand-Bornard g\u0142\u00f3wni pretendenci do wygrania Wielkiej P\u0119tli trzymali si\u0119 razem, ale na 31 km przed met\u0105 Pogacar wrzuci\u0142 drugi bieg. I okaza\u0142o si\u0119, \u017ce jego drugi bieg jest mocniejszy ni\u017c trzeci, czwarty, pi\u0105ty, a nawet sz\u00f3sty u jego rywali. S\u0142oweniec odjecha\u0142 jak nap\u0119dzany paliwem rakietowym, pr\u00f3bowa\u0142 stawi\u0107 mu czo\u0142a jeszcze Richard Carapaz, ale zawodnik Ineos Grenadiers w ko\u0144cu te\u017c musia\u0142 odpu\u015bci\u0107.<\/p>\n<div class=\"embed-controller-wrapper\">\n<blockquote class=\"twitter-tweet\" data-width=\"500\" data-dnt=\"true\">\n<p lang=\"fr\" dir=\"ltr\">\ud83e\udd0d Tadej Pogacar attacks! The big battle as begun!<\/p>\n<p>\ud83e\udd0d \ud83c\uddf8\ud83c\uddee <a href=\"https:\/\/twitter.com\/TamauPogi?ref_src=twsrc%5Etfw\">@TamauPogi<\/a> attaque ! La grande bagarre des favoris a commenc\u00e9 !<a href=\"https:\/\/twitter.com\/hashtag\/TDF2021?src=hash&amp;ref_src=twsrc%5Etfw\">#TDF2021<\/a> <a href=\"https:\/\/t.co\/vpIrYZbEXE\">pic.twitter.com\/vpIrYZbEXE<\/a><\/p>\n<p>&mdash; Tour de France\u2122 (@LeTour) <a href=\"https:\/\/twitter.com\/LeTour\/status\/1411329054024908800?ref_src=twsrc%5Etfw\">July 3, 2021<\/a><\/p><\/blockquote>\n<p><script async data-src=\"https:\/\/platform.twitter.com\/widgets.js\" charset=\"utf-8\"><\/script><\/div>\n<p>Efekt? Przed etapem Pogacar do prowadz\u0105cego Mathieu van der Poela (Alpecin &#8211; Fenix) mia\u0142 blisko 4 minuty straty, a po etapie naci\u0105gn\u0105\u0142 na siebie \u017c\u00f3\u0142t\u0105 koszulk\u0119 z blisko 2 minutami przewagi nad\u00a0 Wout van Aertem (Jumbo &#8211; Visma). &#8211; Czy znokautowa\u0142em rywali? Nie wiem, po prostu da\u0142em z siebie wszystko i mia\u0142em dobry dzie\u0144. Podjazdy by\u0142y trudne, wszyscy na nich cierpieli. Moi koledzy z zespo\u0142u wykonali \u015bwietn\u0105 prac\u0119. Pokazali\u015bmy, \u017ce mamy wystarczaj\u0105co mocn\u0105 ekip\u0119, by wzi\u0105\u0107 na siebie ci\u0119\u017car wy\u015bcigu \u2013 m\u00f3wi\u0142 skromnie na mecie Pogacar, ale kolarski \u015bwiat jest pe\u0142en podziwu. St\u0105d m.in. takie memy:<\/p>\n<div class=\"embed-controller-wrapper\">\n<blockquote class=\"twitter-tweet\" data-width=\"500\" data-dnt=\"true\">\n<p lang=\"en\" dir=\"ltr\">Tadej Pogacar during time trails in the Tour de France <a href=\"https:\/\/twitter.com\/hashtag\/TDF2021?src=hash&amp;ref_src=twsrc%5Etfw\">#TDF2021<\/a> <a href=\"https:\/\/t.co\/RZcr08LLhy\">pic.twitter.com\/RZcr08LLhy<\/a><\/p>\n<p>&mdash; Cycling Memes (@Cycling_Memes1) <a href=\"https:\/\/twitter.com\/Cycling_Memes1\/status\/1410261118929547265?ref_src=twsrc%5Etfw\">June 30, 2021<\/a><\/p><\/blockquote>\n<p><script async data-src=\"https:\/\/platform.twitter.com\/widgets.js\" charset=\"utf-8\"><\/script><\/div>\n<h2><strong>\u201eJestem rozczarowany, \u017ce musz\u0119 opu\u015bci\u0107 Tour de France\u201d<\/strong><\/h2>\n<p>Sobotni etap jeszcze d\u0142ugo b\u0119dzie odbija\u0142 si\u0119 czkawk\u0105 inny faworytom, bo ogromne straty ponie\u015bli m.in. Geraint Thomas (Ineos Grenadiers) i Primo\u017c Rogli\u0107 (Jumbo-Visma). Zreszt\u0105 tego drugiego ju\u017c na Wielkiej P\u0119tli nie ma. Przed niedzielnym etapem S\u0142oweniec powiedzia\u0142 \u201edo\u015b\u0107\u201d, a powodem by\u0142y m.in. obra\u017cenia, kt\u00f3rych nabawi\u0142 si\u0119 podczas kraksy na trzecim etapie.<\/p>\n<div class=\"embed-controller-wrapper\">\n<blockquote class=\"twitter-tweet\" data-width=\"500\" data-dnt=\"true\">\n<p lang=\"en\" dir=\"ltr\">\ud83c\uddeb\ud83c\uddf7 <a href=\"https:\/\/twitter.com\/hashtag\/TDF2021?src=hash&amp;ref_src=twsrc%5Etfw\">#TDF2021<\/a> <\/p>\n<p>Primoz Roglic won\u2019t start in today\u2019s stage of <a href=\"https:\/\/twitter.com\/LeTour?ref_src=twsrc%5Etfw\">@LeTour<\/a>. He suffers too much from his injuries.<\/p>\n<p>Get well soon <a href=\"https:\/\/twitter.com\/rogla?ref_src=twsrc%5Etfw\">@rogla<\/a> \ud83c\udf40<\/p>\n<p>&mdash; Team Visma | Lease a Bike (@vismaleaseabike) <a href=\"https:\/\/twitter.com\/vismaleaseabike\/status\/1411584060724592642?ref_src=twsrc%5Etfw\">July 4, 2021<\/a><\/p><\/blockquote>\n<p><script async data-src=\"https:\/\/platform.twitter.com\/widgets.js\" charset=\"utf-8\"><\/script><\/div>\n<p>&#8211; Nie ma sensu kontynuowa\u0107 tego wy\u015bcigu. Teraz jest czas na to, by wyzdrowie\u0107 i skoncentrowa\u0107 si\u0119 na nowych celach. Jestem bardzo rozczarowany, \u017ce musz\u0119 opu\u015bci\u0107 Tour de France, ale musz\u0119 to zaakceptowa\u0107. Mimo wszystko z optymizmem patrz\u0119 w przysz\u0142o\u015b\u0107 \u2013 m\u00f3wi Rogli\u0107 oficjalnej stronie swojego zespo\u0142u.<\/p>\n<h2><strong>Czas na igrzyska olimpijskie<\/strong><\/h2>\n<p>A co z Mathieu van der Poelem, kt\u00f3ry niemal ca\u0142y pierwszy tydzie\u0144 Wielkiej P\u0119tli paradowa\u0142 w \u017c\u00f3\u0142tej koszulce lidera klasyfikacji generalnej? No c\u00f3\u017c, po niedzielnym \u015bciganiu r\u00f3wnie\u017c postanowi\u0142 po\u017cegna\u0107 si\u0119 z wy\u015bcigiem. W jego przypadku nie by\u0142o to jednak wymuszone kontuzj\u0105 czy wielki stratami, ale\u2026 ch\u0142odn\u0105 kalkulacj\u0105. Wi\u0119cej \u2013 taki by\u0142 nawet plan jego oraz zespo\u0142u! Holender ju\u017c wcze\u015bniej podkre\u015bla\u0142, \u017ce nawet nie b\u0119dzie pr\u00f3bowa\u0142 walczy\u0107 o wysokie miejsca w Wielkiej P\u0119tli, poniewa\u017c jego celem s\u0105 igrzyska olimpijskie w Tokio.<\/p>\n<div class=\"embed-controller-wrapper\">\n<blockquote class=\"twitter-tweet\" data-width=\"500\" data-dnt=\"true\">\n<p lang=\"en\" dir=\"ltr\">Thank you for an amazing week and all those unforgettable moments, Mathieu! \ud83d\udc9b<a href=\"https:\/\/twitter.com\/hashtag\/TDF2021?src=hash&amp;ref_src=twsrc%5Etfw\">#TDF2021<\/a> <a href=\"https:\/\/t.co\/0Vgz7m9hP4\">pic.twitter.com\/0Vgz7m9hP4<\/a><\/p>\n<p>&mdash; Alpecin-Deceuninck Cycling Team (@AlpecinDCK) <a href=\"https:\/\/twitter.com\/AlpecinDCK\/status\/1411634132115918850?ref_src=twsrc%5Etfw\">July 4, 2021<\/a><\/p><\/blockquote>\n<p><script async data-src=\"https:\/\/platform.twitter.com\/widgets.js\" charset=\"utf-8\"><\/script><\/div>\n<h2><strong>Czas na dzie\u0144 przerwy<\/strong><\/h2>\n<p>Po 9 etapach w klasyfikacji generalnej prowadzi Pogacar, przed Benem O\u2019Connorem (AG2R Citroen) i Rigoberto Uranem (EF Education &#8211; Nippo). Klasyfikacji punktowej przewodzi Mark Cavendish (Deceuninck &#8211; Quick-Step), a g\u00f3rskiej Nairo Quintana (Team Arkea &#8211; Samsic). W poniedzia\u0142ek zawodnik\u00f3w czeka dzie\u0144 przerwy, a we wtorek b\u0119d\u0105 \u015bcigali si\u0119 po p\u0142askim etapie z Albertville do Valence.<\/p>\n<p><span data-sheets-value=\"{&quot;1&quot;:2,&quot;2&quot;:&quot;Artyku\u0142 powsta\u0142 we wsp\u00f3\u0142pracy ze skoda-auto.pl&quot;}\" data-sheets-userformat=\"{&quot;2&quot;:1,&quot;3&quot;:{&quot;1&quot;:0}}\" data-sheets-hyperlink=\"http:\/\/www.skoda-auto.pl\/\"><a class=\"in-cell-link\" href=\"http:\/\/www.skoda-auto.pl\/\" target=\"_blank\" rel=\"noopener noreferrer\">Artyku\u0142 powsta\u0142 we wsp\u00f3\u0142pracy ze skoda-auto.pl<\/a><\/span><\/p>\n<p><a href=\"https:\/\/www.skoda-auto.pl\/modele\/karoq\"><img loading=\"lazy\" decoding=\"async\" class=\"size-full wp-image-11629 aligncenter\" src=\"https:\/\/d2p6e6u75xmxt8.cloudfront.net\/5\/2021\/12\/640x350-3-1.jpg\" alt=\"\" width=\"640\" height=\"350\" srcset=\"https:\/\/d2p6e6u75xmxt8.cloudfront.net\/5\/2021\/12\/640x350-3-1.jpg 640w, https:\/\/d2p6e6u75xmxt8.cloudfront.net\/5\/2021\/12\/640x350-3-1-300x164.jpg 300w\" sizes=\"auto, (max-width: 640px) 100vw, 640px\" \/><\/a><\/p>\n<p>&nbsp;<\/p>\n","protected":false},"excerpt":{"rendered":"<p>By\u0107 mo\u017ce dzisiejsza przerwa pozwoli zregenerowa\u0107 si\u0119 fizycznie, ale 24 godziny to mo\u017ce by\u0107 za ma\u0142o, by poj\u0105\u0107 wszystko, co [&hellip;]<\/p>\n","protected":false},"author":125,"featured_media":11916,"comment_status":"open","ping_status":"open","sticky":false,"template":"","format":"standard","meta":{"footnotes":""},"categories":[358],"tags":[359],"global-categories":[303],"class_list":["post-11911","post","type-post","status-publish","format-standard","has-post-thumbnail","hentry","category-tour-de-france-2021","tag-tour-de-france-2021","global-categories-cycling"],"yoast_head":"<!-- This site is optimized with the Yoast SEO Premium plugin v25.3 (Yoast SEO v25.9) - https:\/\/yoast.com\/wordpress\/plugins\/seo\/ -->\n<title>Szalony weekend na Tour de France! Pogacar zaskoczy\u0142 wszystkich? - \u0160koda We Love Cycling - Poland<\/title>\n<meta name=\"description\" content=\"By\u0107 mo\u017ce dzisiejsza przerwa pozwoli zregenerowa\u0107 si\u0119 fizycznie, ale 24 godziny to mo\u017ce by\u0107 za ma\u0142o, by poj\u0105\u0107 wszystko, co w weekend wydarzy\u0142o si\u0119 na Tour de France.\" \/>\n<meta name=\"robots\" content=\"index, follow, max-snippet:-1, max-image-preview:large, max-video-preview:-1\" \/>\n<link rel=\"canonical\" href=\"https:\/\/www.welovecycling.com\/pl\/2021\/07\/05\/szalony-weekend-na-tour-de-france-pogacar-zaskoczyl-wszystkich\/\" \/>\n<meta property=\"og:locale\" content=\"pl_PL\" \/>\n<meta property=\"og:type\" content=\"article\" \/>\n<meta property=\"og:title\" content=\"Szalony weekend na Tour de France! Pogacar zaskoczy\u0142 wszystkich?\" \/>\n<meta property=\"og:description\" content=\"By\u0107 mo\u017ce dzisiejsza przerwa pozwoli zregenerowa\u0107 si\u0119 fizycznie, ale 24 godziny to mo\u017ce by\u0107 za ma\u0142o, by poj\u0105\u0107 wszystko, co w weekend wydarzy\u0142o si\u0119 na Tour de France.\" \/>\n<meta property=\"og:url\" content=\"https:\/\/www.welovecycling.com\/pl\/2021\/07\/05\/szalony-weekend-na-tour-de-france-pogacar-zaskoczyl-wszystkich\/\" \/>\n<meta property=\"og:site_name\" content=\"\u0160koda We Love Cycling - Poland\" \/>\n<meta property=\"article:published_time\" content=\"2021-07-05T14:39:30+00:00\" \/>\n<meta property=\"article:modified_time\" content=\"2021-07-06T14:45:13+00:00\" \/>\n<meta property=\"og:image\" content=\"https:\/\/d2p6e6u75xmxt8.cloudfront.net\/5\/2021\/07\/profimedia-0619640037-1024x683-1.jpg\" \/>\n\t<meta property=\"og:image:width\" content=\"1024\" \/>\n\t<meta property=\"og:image:height\" content=\"683\" \/>\n\t<meta property=\"og:image:type\" content=\"image\/jpeg\" \/>\n<meta name=\"author\" content=\"oktawiamikulska\" \/>\n<meta name=\"twitter:card\" content=\"summary_large_image\" \/>\n<meta name=\"twitter:label1\" content=\"Written by\" \/>\n\t<meta name=\"twitter:data1\" content=\"Piotr Nowik\" \/>\n\t<meta name=\"twitter:label2\" content=\"Est. reading time\" \/>\n\t<meta name=\"twitter:data2\" content=\"4 minutes\" \/>\n<script type=\"application\/ld+json\" class=\"yoast-schema-graph\">{\"@context\":\"https:\/\/schema.org\",\"@graph\":[{\"@type\":\"WebPage\",\"@id\":\"https:\/\/www.welovecycling.com\/pl\/2021\/07\/05\/szalony-weekend-na-tour-de-france-pogacar-zaskoczyl-wszystkich\/\",\"url\":\"https:\/\/www.welovecycling.com\/pl\/2021\/07\/05\/szalony-weekend-na-tour-de-france-pogacar-zaskoczyl-wszystkich\/\",\"name\":\"Szalony weekend na Tour de France! Pogacar zaskoczy\u0142 wszystkich? - \u0160koda We Love Cycling - Poland\",\"isPartOf\":{\"@id\":\"https:\/\/www.welovecycling.com\/pl\/#website\"},\"primaryImageOfPage\":{\"@id\":\"https:\/\/www.welovecycling.com\/pl\/2021\/07\/05\/szalony-weekend-na-tour-de-france-pogacar-zaskoczyl-wszystkich\/#primaryimage\"},\"image\":{\"@id\":\"https:\/\/www.welovecycling.com\/pl\/2021\/07\/05\/szalony-weekend-na-tour-de-france-pogacar-zaskoczyl-wszystkich\/#primaryimage\"},\"thumbnailUrl\":\"https:\/\/d2p6e6u75xmxt8.cloudfront.net\/5\/2021\/07\/profimedia-0619640037-1024x683-1.jpg\",\"datePublished\":\"2021-07-05T14:39:30+00:00\",\"dateModified\":\"2021-07-06T14:45:13+00:00\",\"author\":{\"@id\":\"https:\/\/www.welovecycling.com\/pl\/#\/schema\/person\/4a79bac7bd265aa6a35a1079d36648be\"},\"description\":\"By\u0107 mo\u017ce dzisiejsza przerwa pozwoli zregenerowa\u0107 si\u0119 fizycznie, ale 24 godziny to mo\u017ce by\u0107 za ma\u0142o, by poj\u0105\u0107 wszystko, co w weekend wydarzy\u0142o si\u0119 na Tour de France.\",\"breadcrumb\":{\"@id\":\"https:\/\/www.welovecycling.com\/pl\/2021\/07\/05\/szalony-weekend-na-tour-de-france-pogacar-zaskoczyl-wszystkich\/#breadcrumb\"},\"inLanguage\":\"pl-PL\",\"potentialAction\":[{\"@type\":\"ReadAction\",\"target\":[\"https:\/\/www.welovecycling.com\/pl\/2021\/07\/05\/szalony-weekend-na-tour-de-france-pogacar-zaskoczyl-wszystkich\/\"]}]},{\"@type\":\"ImageObject\",\"inLanguage\":\"pl-PL\",\"@id\":\"https:\/\/www.welovecycling.com\/pl\/2021\/07\/05\/szalony-weekend-na-tour-de-france-pogacar-zaskoczyl-wszystkich\/#primaryimage\",\"url\":\"https:\/\/d2p6e6u75xmxt8.cloudfront.net\/5\/2021\/07\/profimedia-0619640037-1024x683-1.jpg\",\"contentUrl\":\"https:\/\/d2p6e6u75xmxt8.cloudfront.net\/5\/2021\/07\/profimedia-0619640037-1024x683-1.jpg\",\"width\":1024,\"height\":683},{\"@type\":\"BreadcrumbList\",\"@id\":\"https:\/\/www.welovecycling.com\/pl\/2021\/07\/05\/szalony-weekend-na-tour-de-france-pogacar-zaskoczyl-wszystkich\/#breadcrumb\",\"itemListElement\":[{\"@type\":\"ListItem\",\"position\":1,\"name\":\"Home\",\"item\":\"https:\/\/www.welovecycling.com\/pl\/\"},{\"@type\":\"ListItem\",\"position\":2,\"name\":\"Szalony weekend na Tour de France! Pogacar zaskoczy\u0142 wszystkich?\"}]},{\"@type\":\"WebSite\",\"@id\":\"https:\/\/www.welovecycling.com\/pl\/#website\",\"url\":\"https:\/\/www.welovecycling.com\/pl\/\",\"name\":\"\u0160koda We Love Cycling - Poland\",\"description\":\"\",\"potentialAction\":[{\"@type\":\"SearchAction\",\"target\":{\"@type\":\"EntryPoint\",\"urlTemplate\":\"https:\/\/www.welovecycling.com\/pl\/?s={search_term_string}\"},\"query-input\":{\"@type\":\"PropertyValueSpecification\",\"valueRequired\":true,\"valueName\":\"search_term_string\"}}],\"inLanguage\":\"pl-PL\"},{\"@type\":\"Person\",\"@id\":\"https:\/\/www.welovecycling.com\/pl\/#\/schema\/person\/4a79bac7bd265aa6a35a1079d36648be\",\"name\":\"oktawiamikulska\",\"image\":{\"@type\":\"ImageObject\",\"inLanguage\":\"pl-PL\",\"@id\":\"https:\/\/www.welovecycling.com\/pl\/#\/schema\/person\/image\/\",\"url\":\"https:\/\/secure.gravatar.com\/avatar\/b97a3f44e2de6d2f8dd358975937e49823662e12cbd810b9d1a2bff1c149e8a7?s=96&d=mm&r=g\",\"contentUrl\":\"https:\/\/secure.gravatar.com\/avatar\/b97a3f44e2de6d2f8dd358975937e49823662e12cbd810b9d1a2bff1c149e8a7?s=96&d=mm&r=g\",\"caption\":\"oktawiamikulska\"},\"url\":\"https:\/\/www.welovecycling.com\/pl\/author\/oktawiamikulska\/\"}]}<\/script>\n<!-- \/ Yoast SEO Premium plugin. -->","yoast_head_json":{"title":"Szalony weekend na Tour de France! Pogacar zaskoczy\u0142 wszystkich? - \u0160koda We Love Cycling - Poland","description":"By\u0107 mo\u017ce dzisiejsza przerwa pozwoli zregenerowa\u0107 si\u0119 fizycznie, ale 24 godziny to mo\u017ce by\u0107 za ma\u0142o, by poj\u0105\u0107 wszystko, co w weekend wydarzy\u0142o si\u0119 na Tour de France.","robots":{"index":"index","follow":"follow","max-snippet":"max-snippet:-1","max-image-preview":"max-image-preview:large","max-video-preview":"max-video-preview:-1"},"canonical":"https:\/\/www.welovecycling.com\/pl\/2021\/07\/05\/szalony-weekend-na-tour-de-france-pogacar-zaskoczyl-wszystkich\/","og_locale":"pl_PL","og_type":"article","og_title":"Szalony weekend na Tour de France! Pogacar zaskoczy\u0142 wszystkich?","og_description":"By\u0107 mo\u017ce dzisiejsza przerwa pozwoli zregenerowa\u0107 si\u0119 fizycznie, ale 24 godziny to mo\u017ce by\u0107 za ma\u0142o, by poj\u0105\u0107 wszystko, co w weekend wydarzy\u0142o si\u0119 na Tour de France.","og_url":"https:\/\/www.welovecycling.com\/pl\/2021\/07\/05\/szalony-weekend-na-tour-de-france-pogacar-zaskoczyl-wszystkich\/","og_site_name":"\u0160koda We Love Cycling - Poland","article_published_time":"2021-07-05T14:39:30+00:00","article_modified_time":"2021-07-06T14:45:13+00:00","og_image":[{"width":1024,"height":683,"url":"https:\/\/d2p6e6u75xmxt8.cloudfront.net\/5\/2021\/07\/profimedia-0619640037-1024x683-1.jpg","type":"image\/jpeg"}],"author":"oktawiamikulska","twitter_card":"summary_large_image","twitter_misc":{"Written by":"Piotr Nowik","Est. reading time":"4 minutes"},"schema":{"@context":"https:\/\/schema.org","@graph":[{"@type":"WebPage","@id":"https:\/\/www.welovecycling.com\/pl\/2021\/07\/05\/szalony-weekend-na-tour-de-france-pogacar-zaskoczyl-wszystkich\/","url":"https:\/\/www.welovecycling.com\/pl\/2021\/07\/05\/szalony-weekend-na-tour-de-france-pogacar-zaskoczyl-wszystkich\/","name":"Szalony weekend na Tour de France! Pogacar zaskoczy\u0142 wszystkich? - \u0160koda We Love Cycling - Poland","isPartOf":{"@id":"https:\/\/www.welovecycling.com\/pl\/#website"},"primaryImageOfPage":{"@id":"https:\/\/www.welovecycling.com\/pl\/2021\/07\/05\/szalony-weekend-na-tour-de-france-pogacar-zaskoczyl-wszystkich\/#primaryimage"},"image":{"@id":"https:\/\/www.welovecycling.com\/pl\/2021\/07\/05\/szalony-weekend-na-tour-de-france-pogacar-zaskoczyl-wszystkich\/#primaryimage"},"thumbnailUrl":"https:\/\/d2p6e6u75xmxt8.cloudfront.net\/5\/2021\/07\/profimedia-0619640037-1024x683-1.jpg","datePublished":"2021-07-05T14:39:30+00:00","dateModified":"2021-07-06T14:45:13+00:00","author":{"@id":"https:\/\/www.welovecycling.com\/pl\/#\/schema\/person\/4a79bac7bd265aa6a35a1079d36648be"},"description":"By\u0107 mo\u017ce dzisiejsza przerwa pozwoli zregenerowa\u0107 si\u0119 fizycznie, ale 24 godziny to mo\u017ce by\u0107 za ma\u0142o, by poj\u0105\u0107 wszystko, co w weekend wydarzy\u0142o si\u0119 na Tour de France.","breadcrumb":{"@id":"https:\/\/www.welovecycling.com\/pl\/2021\/07\/05\/szalony-weekend-na-tour-de-france-pogacar-zaskoczyl-wszystkich\/#breadcrumb"},"inLanguage":"pl-PL","potentialAction":[{"@type":"ReadAction","target":["https:\/\/www.welovecycling.com\/pl\/2021\/07\/05\/szalony-weekend-na-tour-de-france-pogacar-zaskoczyl-wszystkich\/"]}]},{"@type":"ImageObject","inLanguage":"pl-PL","@id":"https:\/\/www.welovecycling.com\/pl\/2021\/07\/05\/szalony-weekend-na-tour-de-france-pogacar-zaskoczyl-wszystkich\/#primaryimage","url":"https:\/\/d2p6e6u75xmxt8.cloudfront.net\/5\/2021\/07\/profimedia-0619640037-1024x683-1.jpg","contentUrl":"https:\/\/d2p6e6u75xmxt8.cloudfront.net\/5\/2021\/07\/profimedia-0619640037-1024x683-1.jpg","width":1024,"height":683},{"@type":"BreadcrumbList","@id":"https:\/\/www.welovecycling.com\/pl\/2021\/07\/05\/szalony-weekend-na-tour-de-france-pogacar-zaskoczyl-wszystkich\/#breadcrumb","itemListElement":[{"@type":"ListItem","position":1,"name":"Home","item":"https:\/\/www.welovecycling.com\/pl\/"},{"@type":"ListItem","position":2,"name":"Szalony weekend na Tour de France! Pogacar zaskoczy\u0142 wszystkich?"}]},{"@type":"WebSite","@id":"https:\/\/www.welovecycling.com\/pl\/#website","url":"https:\/\/www.welovecycling.com\/pl\/","name":"\u0160koda We Love Cycling - Poland","description":"","potentialAction":[{"@type":"SearchAction","target":{"@type":"EntryPoint","urlTemplate":"https:\/\/www.welovecycling.com\/pl\/?s={search_term_string}"},"query-input":{"@type":"PropertyValueSpecification","valueRequired":true,"valueName":"search_term_string"}}],"inLanguage":"pl-PL"},{"@type":"Person","@id":"https:\/\/www.welovecycling.com\/pl\/#\/schema\/person\/4a79bac7bd265aa6a35a1079d36648be","name":"oktawiamikulska","image":{"@type":"ImageObject","inLanguage":"pl-PL","@id":"https:\/\/www.welovecycling.com\/pl\/#\/schema\/person\/image\/","url":"https:\/\/secure.gravatar.com\/avatar\/b97a3f44e2de6d2f8dd358975937e49823662e12cbd810b9d1a2bff1c149e8a7?s=96&d=mm&r=g","contentUrl":"https:\/\/secure.gravatar.com\/avatar\/b97a3f44e2de6d2f8dd358975937e49823662e12cbd810b9d1a2bff1c149e8a7?s=96&d=mm&r=g","caption":"oktawiamikulska"},"url":"https:\/\/www.welovecycling.com\/pl\/author\/oktawiamikulska\/"}]}},"_links":{"self":[{"href":"https:\/\/www.welovecycling.com\/pl\/wp-json\/wp\/v2\/posts\/11911","targetHints":{"allow":["GET"]}}],"collection":[{"href":"https:\/\/www.welovecycling.com\/pl\/wp-json\/wp\/v2\/posts"}],"about":[{"href":"https:\/\/www.welovecycling.com\/pl\/wp-json\/wp\/v2\/types\/post"}],"author":[{"embeddable":true,"href":"https:\/\/www.welovecycling.com\/pl\/wp-json\/wp\/v2\/users\/125"}],"replies":[{"embeddable":true,"href":"https:\/\/www.welovecycling.com\/pl\/wp-json\/wp\/v2\/comments?post=11911"}],"version-history":[{"count":1,"href":"https:\/\/www.welovecycling.com\/pl\/wp-json\/wp\/v2\/posts\/11911\/revisions"}],"predecessor-version":[{"id":11917,"href":"https:\/\/www.welovecycling.com\/pl\/wp-json\/wp\/v2\/posts\/11911\/revisions\/11917"}],"wp:featuredmedia":[{"embeddable":true,"href":"https:\/\/www.welovecycling.com\/pl\/wp-json\/wp\/v2\/media\/11916"}],"wp:attachment":[{"href":"https:\/\/www.welovecycling.com\/pl\/wp-json\/wp\/v2\/media?parent=11911"}],"wp:term":[{"taxonomy":"category","embeddable":true,"href":"https:\/\/www.welovecycling.com\/pl\/wp-json\/wp\/v2\/categories?post=11911"},{"taxonomy":"post_tag","embeddable":true,"href":"https:\/\/www.welovecycling.com\/pl\/wp-json\/wp\/v2\/tags?post=11911"},{"taxonomy":"global-categories","embeddable":true,"href":"https:\/\/www.welovecycling.com\/pl\/wp-json\/wp\/v2\/global-categories?post=11911"}],"curies":[{"name":"wp","href":"https:\/\/api.w.org\/{rel}","templated":true}]}}