{"id":11890,"date":"2021-06-30T14:30:54","date_gmt":"2021-06-30T14:30:54","guid":{"rendered":"https:\/\/www.welovecycling.com\/pl\/?p=11890"},"modified":"2021-08-19T14:59:11","modified_gmt":"2021-08-19T14:59:11","slug":"kolejna-piekna-historia-na-tour-de-france","status":"publish","type":"post","link":"https:\/\/www.welovecycling.com\/pl\/2021\/06\/30\/kolejna-piekna-historia-na-tour-de-france\/","title":{"rendered":"Kolejna pi\u0119kna historia na Tour de France!"},"content":{"rendered":"<p><strong>Tour de France napisa\u0142 kolejn\u0105 pi\u0119kn\u0105 histori\u0119, a tym razem jej bohaterem zosta\u0142 Mark Cavendish (Deceuninck-Quick Step). \u201eCav is back!\u201d \u2013 zachwycaj\u0105 si\u0119 kibice.<\/strong><\/p>\n<p>Tym razem jest to historia o sile, walce, wytrwa\u0142o\u015bci, ale tak\u017ce d\u0142ugich okresach zw\u0105tpienia. Historia, kt\u00f3ra sw\u00f3j pi\u0119kny happy end mia\u0142a w\u0142a\u015bnie na Tour de France. Cho\u0107 kto wie, mo\u017ce to jeszcze nie koniec?<\/p>\n<h2><strong>Zegar bi\u0142 coraz szybciej\u2026<\/strong><\/h2>\n<p>Jaki\u015b czas temu wydawa\u0142o si\u0119, \u017ce Cavendish zrezygnuje z kolarstwa. Szuka\u0142 formy, nie omija\u0142y go kontuzje, mia\u0142 te\u017c problemy ze znalezieniem zespo\u0142u, kt\u00f3ry chcia\u0142by na niego postawi\u0107. Miesi\u0105ce mija\u0142y i zegar Cavendisha bi\u0142 jakby szybciej. Kolejne wy\u015bcigi wygrywali coraz m\u0142odsi zawodnicy, kt\u00f3rzy w peletonie mogliby si\u0119 do niego zwraca\u0107 per pan, a Cavendish zastanawia\u0142 si\u0119, czy to nie odpowiedni czas na zako\u0144czenie kariery. We wtorek 36-letni Brytyjczyk udowodni\u0142 jednak, \u017ce peleton jeszcze sporo mo\u017ce si\u0119 od niego nauczy\u0107.<\/p>\n<div class=\"embed-controller-wrapper\">\n<blockquote class=\"twitter-tweet\" data-width=\"500\" data-dnt=\"true\">\n<p lang=\"en\" dir=\"ltr\">\ud83d\udc9a \ud83c\uddee\ud83c\uddf2\ud83c\uddec\ud83c\udde7 <a href=\"https:\/\/twitter.com\/MarkCavendish?ref_src=twsrc%5Etfw\">@MarkCavendish<\/a> on his \ud835\udfd1\ud835\udfcfst! In Foug\u00e8res, the Manx Missile was launched to win the stage and the green jersey on a day that nearly saw \ud83c\udde7\ud83c\uddea <a href=\"https:\/\/twitter.com\/Brentvanmoer?ref_src=twsrc%5Etfw\">@Brentvanmoer<\/a> defy all expectations!<\/p>\n<p>\ud83e\udd29 Here are the highlights of the <a href=\"https:\/\/twitter.com\/hashtag\/TDF2021?src=hash&amp;ref_src=twsrc%5Etfw\">#TDF2021<\/a>&#39;s 4th stage. <a href=\"https:\/\/t.co\/jvBR3VVtY1\">pic.twitter.com\/jvBR3VVtY1<\/a><\/p>\n<p>&mdash; Tour de France\u2122 (@LeTour) <a href=\"https:\/\/twitter.com\/LeTour\/status\/1409932174304976896?ref_src=twsrc%5Etfw\">June 29, 2021<\/a><\/p><\/blockquote>\n<p><script async data-src=\"https:\/\/platform.twitter.com\/widgets.js\" charset=\"utf-8\"><\/script><\/div>\n<h2><strong>\u201eKocham ten wy\u015bcig\u201d<\/strong><\/h2>\n<p>Na pocz\u0105tku etapu nic nie wskazywa\u0142o, \u017ce to w\u0142a\u015bnie Cavendish jako pierwszy przetnie lini\u0119 mety. Na trasie trwa\u0142y kolarskie szachy, dopiero kilkadziesi\u0105t kilometr\u00f3w przed met\u0105 Brytyjczyk w\u0142\u0105czy\u0142 si\u0119 do rywalizacji o lotn\u0105 premi\u0119. Na finiszu te\u017c by\u0142 jednym z wielu, kt\u00f3rzy walczyli o wygran\u0105, ale w ostatnie metry jakby w\u0142o\u017cy\u0142 ca\u0142\u0105 z\u0142o\u015b\u0107 i frustracj\u0119, kt\u00f3re mog\u0142y w nim siedzie\u0107 przez ostatnie miesi\u0105ce, a nawet lata. Kr\u0119ci\u0142 tak mocno, \u017ce od samego ogl\u0105dania pali\u0142y mi\u0119\u015bnie. R\u0119ce do g\u00f3ry podni\u00f3s\u0142 dopiero za met\u0105, a chwil\u0119 p\u00f3\u017aniej rozp\u0142aka\u0142 si\u0119 jak dziecko.<\/p>\n<div class=\"embed-controller-wrapper\">\n<blockquote class=\"twitter-tweet\" data-width=\"500\" data-dnt=\"true\">\n<p lang=\"fr\" dir=\"ltr\">\ud83e\udd29 Every Tour stage win is special, but this one is incredibly meaningful for <a href=\"https:\/\/twitter.com\/MarkCavendish?ref_src=twsrc%5Etfw\">@MarkCavendish<\/a>! Share his emotion post victory.<\/p>\n<p>\ud83e\udd29 Chaque victoire sur le Tour est sp\u00e9ciale, mais celle-ci l&#39;est peut-\u00eatre encore plus ! Partagez l&#39;\u00e9motion de <a href=\"https:\/\/twitter.com\/MarkCavendish?ref_src=twsrc%5Etfw\">@MarkCavendish<\/a> !<a href=\"https:\/\/twitter.com\/hashtag\/TDF2021?src=hash&amp;ref_src=twsrc%5Etfw\">#TDF2021<\/a> <a href=\"https:\/\/t.co\/OomcVhoolr\">pic.twitter.com\/OomcVhoolr<\/a><\/p>\n<p>&mdash; Tour de France\u2122 (@LeTour) <a href=\"https:\/\/twitter.com\/LeTour\/status\/1409910783191011337?ref_src=twsrc%5Etfw\">June 29, 2021<\/a><\/p><\/blockquote>\n<p><script async data-src=\"https:\/\/platform.twitter.com\/widgets.js\" charset=\"utf-8\"><\/script><\/div>\n<p>&#8211; Nie wiem, co powiedzie\u0107. To by\u0142o co\u015b niesamowitego, cho\u0107 dalej nie mog\u0119 uwierzy\u0107 w to zwyci\u0119stwo. Kocham ten wy\u015bcig, ale nie spodziewa\u0142em si\u0119, \u017ce jeszcze kiedy\u015b w nim wystartuj\u0119. Ogromnie dzi\u0119kuj\u0119 ca\u0142emu mojemu zespo\u0142owi za pomoc. Oni nigdy nie przestali we mnie wierzy\u0107 \u2013 m\u00f3wi\u0142 szcz\u0119\u015bliwy Cavendish.<\/p>\n<h2><strong>Wyj\u0105tkowo wygrana<\/strong><\/h2>\n<p>To 31. etap Tour de France wygrany przez Cavendisha. Po raz pierwszy w Wielkiej P\u0119tli wystartowa\u0142 w 2007 roku, a w latach 2009-2012 wygrywa\u0142 ostatnie etapy na Polach Elizejskich. Od jego ostatniego triumfu min\u0119\u0142o jednak a\u017c 5 lat! &#8211; I mia\u0142 on miejsce r\u00f3wnie\u017c tutaj, w Fougeres [miasto, w kt\u00f3rym zlokalizowana by\u0142a meta 4. etapu \u2013 przy. red,], wi\u0119c ta wygrana jest tym bardziej szczeg\u00f3lna. Zwyci\u0119\u017cy\u0142em w karierze wiele razy, ale ten triumf smakuje wyj\u0105tkowo \u2013 podkre\u015bla\u0142 Cavendish.<\/p>\n<h2><strong>Co dalej?<\/strong><\/h2>\n<p>Kibice zadaj\u0105 sobie teraz pytanie, czy ta pi\u0119kna historia b\u0119dzie mia\u0142a ci\u0105g dalszy. Dzi\u0119ki wtorkowemu zwyci\u0119stwu Cavendishowi brakuje ju\u017c tylko wygrania czterech etap\u00f3w Tour de France, by pod tym wzgl\u0119dem wyr\u00f3wna\u0107 rekord legendarnego Eddy\u2019ego Merckxa. Zadanie b\u0119dzie piekielnie trudne, ale przed zawodnikami jeszcze sporo \u015bcigania. W \u015brod\u0119 odb\u0119dzie si\u0119 jazda indywidualna na czas, a po niej kolejne dwa etapy, w kt\u00f3rych dzieli\u0107 i rz\u0105dzi\u0107 b\u0119d\u0105 sprinterzy. P\u00f3\u017aniej kolarze na dwa dni wjad\u0105 w g\u00f3ry, ale nast\u0119pnie czeka ich jeszcze kilka etap\u00f3w, w kt\u00f3rych Cavendish mo\u017ce pokaza\u0107 si\u0119 z dobrej strony.<\/p>\n<div class=\"embed-controller-wrapper\">\n<blockquote class=\"twitter-tweet\" data-width=\"500\" data-dnt=\"true\">\n<p lang=\"und\" dir=\"ltr\">3\u03380\u0338  \ud83c\udfc6 \u27a1\ufe0f 31 \ud83c\udfc6<\/p>\n<p>\ud83d\ude04 <a href=\"https:\/\/twitter.com\/MarkCavendish?ref_src=twsrc%5Etfw\">@MarkCavendish<\/a> \ud83d\ude04<a href=\"https:\/\/twitter.com\/hashtag\/TDF2021?src=hash&amp;ref_src=twsrc%5Etfw\">#TDF2021<\/a> <a href=\"https:\/\/t.co\/aas2B2xggh\">pic.twitter.com\/aas2B2xggh<\/a><\/p>\n<p>&mdash; Tour de France\u2122 (@LeTour) <a href=\"https:\/\/twitter.com\/LeTour\/status\/1409914615786528770?ref_src=twsrc%5Etfw\">June 29, 2021<\/a><\/p><\/blockquote>\n<p><script async data-src=\"https:\/\/platform.twitter.com\/widgets.js\" charset=\"utf-8\"><\/script><\/div>\n<p>Na razie Brytyjczyka mo\u017cna rozpozna\u0107 po zielonej koszulce, poniewa\u017c jest liderem klasyfikacji punktowej. Z kolei w generalnej prowadzi\u00a0 Mathieu van der Poel (Alpecin-Fenix), przed Julianem Alaphilippem (Deceuninck \u2013 Quick Step) oraz Richardem Carapazem (Ineos Grenadiers).<\/p>\n<p><span data-sheets-value=\"{&quot;1&quot;:2,&quot;2&quot;:&quot;Artyku\u0142 powsta\u0142 we wsp\u00f3\u0142pracy ze skoda-auto.pl&quot;}\" data-sheets-userformat=\"{&quot;2&quot;:1,&quot;3&quot;:{&quot;1&quot;:0}}\" data-sheets-hyperlink=\"http:\/\/www.skoda-auto.pl\/\"><a class=\"in-cell-link\" href=\"http:\/\/www.skoda-auto.pl\/\" target=\"_blank\" rel=\"noopener noreferrer\">Artyku\u0142 powsta\u0142 we wsp\u00f3\u0142pracy ze skoda-auto.pl<\/a><\/span><\/p>\n<p><a href=\"https:\/\/sklep.skoda.pl\/pl\/sklep\/b\/331\/rowery-i-akcesoria-rowery.html\"><img loading=\"lazy\" decoding=\"async\" class=\"aligncenter wp-image-9608 size-full loading\" src=\"https:\/\/d2p6e6u75xmxt8.cloudfront.net\/5\/2019\/08\/baner_WLC_640x350_3.png\" sizes=\"auto, (max-width: 640px) 100vw, 640px\" srcset=\"https:\/\/d2p6e6u75xmxt8.cloudfront.net\/5\/2019\/08\/baner_WLC_640x350_3.png 640w, https:\/\/d2p6e6u75xmxt8.cloudfront.net\/5\/2019\/08\/baner_WLC_640x350_3-300x164.png 300w\" alt=\"\" width=\"640\" height=\"350\" data-was-processed=\"true\" \/><\/a><\/p>\n","protected":false},"excerpt":{"rendered":"<p>Tour de France napisa\u0142 kolejn\u0105 pi\u0119kn\u0105 histori\u0119, a tym razem jej bohaterem zosta\u0142 Mark Cavendish (Deceuninck-Quick Step). \u201eCav is back!\u201d [&hellip;]<\/p>\n","protected":false},"author":125,"featured_media":11894,"comment_status":"open","ping_status":"open","sticky":false,"template":"","format":"standard","meta":{"footnotes":""},"categories":[358],"tags":[359],"global-categories":[303],"class_list":["post-11890","post","type-post","status-publish","format-standard","has-post-thumbnail","hentry","category-tour-de-france-2021","tag-tour-de-france-2021","global-categories-cycling"],"yoast_head":"<!-- This site is optimized with the Yoast SEO Premium plugin v25.3 (Yoast SEO v25.9) - https:\/\/yoast.com\/wordpress\/plugins\/seo\/ -->\n<title>Kolejna pi\u0119kna historia na Tour de France! - \u0160koda We Love Cycling - Poland<\/title>\n<meta name=\"description\" content=\"Tour de France napisa\u0142 kolejn\u0105 pi\u0119kn\u0105 histori\u0119, a tym razem jej bohaterem zosta\u0142 Mark Cavendish (Deceuninck-Quick Step). \u201eCav is back!\u201d \u2013 zachwycaj\u0105 si\u0119 kibice.\" \/>\n<meta name=\"robots\" content=\"index, follow, max-snippet:-1, max-image-preview:large, max-video-preview:-1\" \/>\n<link rel=\"canonical\" href=\"https:\/\/www.welovecycling.com\/pl\/2021\/06\/30\/kolejna-piekna-historia-na-tour-de-france\/\" \/>\n<meta property=\"og:locale\" content=\"pl_PL\" \/>\n<meta property=\"og:type\" content=\"article\" \/>\n<meta property=\"og:title\" content=\"Kolejna pi\u0119kna historia na Tour de France!\" \/>\n<meta property=\"og:description\" content=\"Tour de France napisa\u0142 kolejn\u0105 pi\u0119kn\u0105 histori\u0119, a tym razem jej bohaterem zosta\u0142 Mark Cavendish (Deceuninck-Quick Step). \u201eCav is back!\u201d \u2013 zachwycaj\u0105 si\u0119 kibice.\" \/>\n<meta property=\"og:url\" content=\"https:\/\/www.welovecycling.com\/pl\/2021\/06\/30\/kolejna-piekna-historia-na-tour-de-france\/\" \/>\n<meta property=\"og:site_name\" content=\"\u0160koda We Love Cycling - Poland\" \/>\n<meta property=\"article:published_time\" content=\"2021-06-30T14:30:54+00:00\" \/>\n<meta property=\"article:modified_time\" content=\"2021-08-19T14:59:11+00:00\" \/>\n<meta property=\"og:image\" content=\"https:\/\/d2p6e6u75xmxt8.cloudfront.net\/5\/2021\/06\/Cavendish-2021-Tour-profimedia-0618582461-CVR-1024x447-1.jpg\" \/>\n\t<meta property=\"og:image:width\" content=\"1024\" \/>\n\t<meta property=\"og:image:height\" content=\"447\" \/>\n\t<meta property=\"og:image:type\" content=\"image\/jpeg\" \/>\n<meta name=\"author\" content=\"oktawiamikulska\" \/>\n<meta name=\"twitter:card\" content=\"summary_large_image\" \/>\n<meta name=\"twitter:label1\" content=\"Written by\" \/>\n\t<meta name=\"twitter:data1\" content=\"Piotr Nowik\" \/>\n\t<meta name=\"twitter:label2\" content=\"Est. reading time\" \/>\n\t<meta name=\"twitter:data2\" content=\"3 minutes\" \/>\n<script type=\"application\/ld+json\" class=\"yoast-schema-graph\">{\"@context\":\"https:\/\/schema.org\",\"@graph\":[{\"@type\":\"WebPage\",\"@id\":\"https:\/\/www.welovecycling.com\/pl\/2021\/06\/30\/kolejna-piekna-historia-na-tour-de-france\/\",\"url\":\"https:\/\/www.welovecycling.com\/pl\/2021\/06\/30\/kolejna-piekna-historia-na-tour-de-france\/\",\"name\":\"Kolejna pi\u0119kna historia na Tour de France! - \u0160koda We Love Cycling - Poland\",\"isPartOf\":{\"@id\":\"https:\/\/www.welovecycling.com\/pl\/#website\"},\"primaryImageOfPage\":{\"@id\":\"https:\/\/www.welovecycling.com\/pl\/2021\/06\/30\/kolejna-piekna-historia-na-tour-de-france\/#primaryimage\"},\"image\":{\"@id\":\"https:\/\/www.welovecycling.com\/pl\/2021\/06\/30\/kolejna-piekna-historia-na-tour-de-france\/#primaryimage\"},\"thumbnailUrl\":\"https:\/\/d2p6e6u75xmxt8.cloudfront.net\/5\/2021\/06\/Cavendish-2021-Tour-profimedia-0618582461-CVR-1024x447-1.jpg\",\"datePublished\":\"2021-06-30T14:30:54+00:00\",\"dateModified\":\"2021-08-19T14:59:11+00:00\",\"author\":{\"@id\":\"https:\/\/www.welovecycling.com\/pl\/#\/schema\/person\/4a79bac7bd265aa6a35a1079d36648be\"},\"description\":\"Tour de France napisa\u0142 kolejn\u0105 pi\u0119kn\u0105 histori\u0119, a tym razem jej bohaterem zosta\u0142 Mark Cavendish (Deceuninck-Quick Step). \u201eCav is back!\u201d \u2013 zachwycaj\u0105 si\u0119 kibice.\",\"breadcrumb\":{\"@id\":\"https:\/\/www.welovecycling.com\/pl\/2021\/06\/30\/kolejna-piekna-historia-na-tour-de-france\/#breadcrumb\"},\"inLanguage\":\"pl-PL\",\"potentialAction\":[{\"@type\":\"ReadAction\",\"target\":[\"https:\/\/www.welovecycling.com\/pl\/2021\/06\/30\/kolejna-piekna-historia-na-tour-de-france\/\"]}]},{\"@type\":\"ImageObject\",\"inLanguage\":\"pl-PL\",\"@id\":\"https:\/\/www.welovecycling.com\/pl\/2021\/06\/30\/kolejna-piekna-historia-na-tour-de-france\/#primaryimage\",\"url\":\"https:\/\/d2p6e6u75xmxt8.cloudfront.net\/5\/2021\/06\/Cavendish-2021-Tour-profimedia-0618582461-CVR-1024x447-1.jpg\",\"contentUrl\":\"https:\/\/d2p6e6u75xmxt8.cloudfront.net\/5\/2021\/06\/Cavendish-2021-Tour-profimedia-0618582461-CVR-1024x447-1.jpg\",\"width\":1024,\"height\":447},{\"@type\":\"BreadcrumbList\",\"@id\":\"https:\/\/www.welovecycling.com\/pl\/2021\/06\/30\/kolejna-piekna-historia-na-tour-de-france\/#breadcrumb\",\"itemListElement\":[{\"@type\":\"ListItem\",\"position\":1,\"name\":\"Home\",\"item\":\"https:\/\/www.welovecycling.com\/pl\/\"},{\"@type\":\"ListItem\",\"position\":2,\"name\":\"Kolejna pi\u0119kna historia na Tour de France!\"}]},{\"@type\":\"WebSite\",\"@id\":\"https:\/\/www.welovecycling.com\/pl\/#website\",\"url\":\"https:\/\/www.welovecycling.com\/pl\/\",\"name\":\"\u0160koda We Love Cycling - Poland\",\"description\":\"\",\"potentialAction\":[{\"@type\":\"SearchAction\",\"target\":{\"@type\":\"EntryPoint\",\"urlTemplate\":\"https:\/\/www.welovecycling.com\/pl\/?s={search_term_string}\"},\"query-input\":{\"@type\":\"PropertyValueSpecification\",\"valueRequired\":true,\"valueName\":\"search_term_string\"}}],\"inLanguage\":\"pl-PL\"},{\"@type\":\"Person\",\"@id\":\"https:\/\/www.welovecycling.com\/pl\/#\/schema\/person\/4a79bac7bd265aa6a35a1079d36648be\",\"name\":\"oktawiamikulska\",\"image\":{\"@type\":\"ImageObject\",\"inLanguage\":\"pl-PL\",\"@id\":\"https:\/\/www.welovecycling.com\/pl\/#\/schema\/person\/image\/\",\"url\":\"https:\/\/secure.gravatar.com\/avatar\/b97a3f44e2de6d2f8dd358975937e49823662e12cbd810b9d1a2bff1c149e8a7?s=96&d=mm&r=g\",\"contentUrl\":\"https:\/\/secure.gravatar.com\/avatar\/b97a3f44e2de6d2f8dd358975937e49823662e12cbd810b9d1a2bff1c149e8a7?s=96&d=mm&r=g\",\"caption\":\"oktawiamikulska\"},\"url\":\"https:\/\/www.welovecycling.com\/pl\/author\/oktawiamikulska\/\"}]}<\/script>\n<!-- \/ Yoast SEO Premium plugin. -->","yoast_head_json":{"title":"Kolejna pi\u0119kna historia na Tour de France! - \u0160koda We Love Cycling - Poland","description":"Tour de France napisa\u0142 kolejn\u0105 pi\u0119kn\u0105 histori\u0119, a tym razem jej bohaterem zosta\u0142 Mark Cavendish (Deceuninck-Quick Step). \u201eCav is back!\u201d \u2013 zachwycaj\u0105 si\u0119 kibice.","robots":{"index":"index","follow":"follow","max-snippet":"max-snippet:-1","max-image-preview":"max-image-preview:large","max-video-preview":"max-video-preview:-1"},"canonical":"https:\/\/www.welovecycling.com\/pl\/2021\/06\/30\/kolejna-piekna-historia-na-tour-de-france\/","og_locale":"pl_PL","og_type":"article","og_title":"Kolejna pi\u0119kna historia na Tour de France!","og_description":"Tour de France napisa\u0142 kolejn\u0105 pi\u0119kn\u0105 histori\u0119, a tym razem jej bohaterem zosta\u0142 Mark Cavendish (Deceuninck-Quick Step). \u201eCav is back!\u201d \u2013 zachwycaj\u0105 si\u0119 kibice.","og_url":"https:\/\/www.welovecycling.com\/pl\/2021\/06\/30\/kolejna-piekna-historia-na-tour-de-france\/","og_site_name":"\u0160koda We Love Cycling - Poland","article_published_time":"2021-06-30T14:30:54+00:00","article_modified_time":"2021-08-19T14:59:11+00:00","og_image":[{"width":1024,"height":447,"url":"https:\/\/d2p6e6u75xmxt8.cloudfront.net\/5\/2021\/06\/Cavendish-2021-Tour-profimedia-0618582461-CVR-1024x447-1.jpg","type":"image\/jpeg"}],"author":"oktawiamikulska","twitter_card":"summary_large_image","twitter_misc":{"Written by":"Piotr Nowik","Est. reading time":"3 minutes"},"schema":{"@context":"https:\/\/schema.org","@graph":[{"@type":"WebPage","@id":"https:\/\/www.welovecycling.com\/pl\/2021\/06\/30\/kolejna-piekna-historia-na-tour-de-france\/","url":"https:\/\/www.welovecycling.com\/pl\/2021\/06\/30\/kolejna-piekna-historia-na-tour-de-france\/","name":"Kolejna pi\u0119kna historia na Tour de France! - \u0160koda We Love Cycling - Poland","isPartOf":{"@id":"https:\/\/www.welovecycling.com\/pl\/#website"},"primaryImageOfPage":{"@id":"https:\/\/www.welovecycling.com\/pl\/2021\/06\/30\/kolejna-piekna-historia-na-tour-de-france\/#primaryimage"},"image":{"@id":"https:\/\/www.welovecycling.com\/pl\/2021\/06\/30\/kolejna-piekna-historia-na-tour-de-france\/#primaryimage"},"thumbnailUrl":"https:\/\/d2p6e6u75xmxt8.cloudfront.net\/5\/2021\/06\/Cavendish-2021-Tour-profimedia-0618582461-CVR-1024x447-1.jpg","datePublished":"2021-06-30T14:30:54+00:00","dateModified":"2021-08-19T14:59:11+00:00","author":{"@id":"https:\/\/www.welovecycling.com\/pl\/#\/schema\/person\/4a79bac7bd265aa6a35a1079d36648be"},"description":"Tour de France napisa\u0142 kolejn\u0105 pi\u0119kn\u0105 histori\u0119, a tym razem jej bohaterem zosta\u0142 Mark Cavendish (Deceuninck-Quick Step). \u201eCav is back!\u201d \u2013 zachwycaj\u0105 si\u0119 kibice.","breadcrumb":{"@id":"https:\/\/www.welovecycling.com\/pl\/2021\/06\/30\/kolejna-piekna-historia-na-tour-de-france\/#breadcrumb"},"inLanguage":"pl-PL","potentialAction":[{"@type":"ReadAction","target":["https:\/\/www.welovecycling.com\/pl\/2021\/06\/30\/kolejna-piekna-historia-na-tour-de-france\/"]}]},{"@type":"ImageObject","inLanguage":"pl-PL","@id":"https:\/\/www.welovecycling.com\/pl\/2021\/06\/30\/kolejna-piekna-historia-na-tour-de-france\/#primaryimage","url":"https:\/\/d2p6e6u75xmxt8.cloudfront.net\/5\/2021\/06\/Cavendish-2021-Tour-profimedia-0618582461-CVR-1024x447-1.jpg","contentUrl":"https:\/\/d2p6e6u75xmxt8.cloudfront.net\/5\/2021\/06\/Cavendish-2021-Tour-profimedia-0618582461-CVR-1024x447-1.jpg","width":1024,"height":447},{"@type":"BreadcrumbList","@id":"https:\/\/www.welovecycling.com\/pl\/2021\/06\/30\/kolejna-piekna-historia-na-tour-de-france\/#breadcrumb","itemListElement":[{"@type":"ListItem","position":1,"name":"Home","item":"https:\/\/www.welovecycling.com\/pl\/"},{"@type":"ListItem","position":2,"name":"Kolejna pi\u0119kna historia na Tour de France!"}]},{"@type":"WebSite","@id":"https:\/\/www.welovecycling.com\/pl\/#website","url":"https:\/\/www.welovecycling.com\/pl\/","name":"\u0160koda We Love Cycling - Poland","description":"","potentialAction":[{"@type":"SearchAction","target":{"@type":"EntryPoint","urlTemplate":"https:\/\/www.welovecycling.com\/pl\/?s={search_term_string}"},"query-input":{"@type":"PropertyValueSpecification","valueRequired":true,"valueName":"search_term_string"}}],"inLanguage":"pl-PL"},{"@type":"Person","@id":"https:\/\/www.welovecycling.com\/pl\/#\/schema\/person\/4a79bac7bd265aa6a35a1079d36648be","name":"oktawiamikulska","image":{"@type":"ImageObject","inLanguage":"pl-PL","@id":"https:\/\/www.welovecycling.com\/pl\/#\/schema\/person\/image\/","url":"https:\/\/secure.gravatar.com\/avatar\/b97a3f44e2de6d2f8dd358975937e49823662e12cbd810b9d1a2bff1c149e8a7?s=96&d=mm&r=g","contentUrl":"https:\/\/secure.gravatar.com\/avatar\/b97a3f44e2de6d2f8dd358975937e49823662e12cbd810b9d1a2bff1c149e8a7?s=96&d=mm&r=g","caption":"oktawiamikulska"},"url":"https:\/\/www.welovecycling.com\/pl\/author\/oktawiamikulska\/"}]}},"_links":{"self":[{"href":"https:\/\/www.welovecycling.com\/pl\/wp-json\/wp\/v2\/posts\/11890","targetHints":{"allow":["GET"]}}],"collection":[{"href":"https:\/\/www.welovecycling.com\/pl\/wp-json\/wp\/v2\/posts"}],"about":[{"href":"https:\/\/www.welovecycling.com\/pl\/wp-json\/wp\/v2\/types\/post"}],"author":[{"embeddable":true,"href":"https:\/\/www.welovecycling.com\/pl\/wp-json\/wp\/v2\/users\/125"}],"replies":[{"embeddable":true,"href":"https:\/\/www.welovecycling.com\/pl\/wp-json\/wp\/v2\/comments?post=11890"}],"version-history":[{"count":1,"href":"https:\/\/www.welovecycling.com\/pl\/wp-json\/wp\/v2\/posts\/11890\/revisions"}],"predecessor-version":[{"id":11895,"href":"https:\/\/www.welovecycling.com\/pl\/wp-json\/wp\/v2\/posts\/11890\/revisions\/11895"}],"wp:featuredmedia":[{"embeddable":true,"href":"https:\/\/www.welovecycling.com\/pl\/wp-json\/wp\/v2\/media\/11894"}],"wp:attachment":[{"href":"https:\/\/www.welovecycling.com\/pl\/wp-json\/wp\/v2\/media?parent=11890"}],"wp:term":[{"taxonomy":"category","embeddable":true,"href":"https:\/\/www.welovecycling.com\/pl\/wp-json\/wp\/v2\/categories?post=11890"},{"taxonomy":"post_tag","embeddable":true,"href":"https:\/\/www.welovecycling.com\/pl\/wp-json\/wp\/v2\/tags?post=11890"},{"taxonomy":"global-categories","embeddable":true,"href":"https:\/\/www.welovecycling.com\/pl\/wp-json\/wp\/v2\/global-categories?post=11890"}],"curies":[{"name":"wp","href":"https:\/\/api.w.org\/{rel}","templated":true}]}}