{"id":11883,"date":"2021-06-29T14:15:45","date_gmt":"2021-06-29T14:15:45","guid":{"rendered":"https:\/\/www.welovecycling.com\/pl\/?p=11883"},"modified":"2021-06-30T14:24:53","modified_gmt":"2021-06-30T14:24:53","slug":"w-skodzie-na-tour-de-france-po-raz-osiemnasty","status":"publish","type":"post","link":"https:\/\/www.welovecycling.com\/pl\/2021\/06\/29\/w-skodzie-na-tour-de-france-po-raz-osiemnasty\/","title":{"rendered":"W \u0160KODZIE na Tour de France po raz osiemnasty"},"content":{"rendered":"<p><strong>Ruszy\u0142 najwi\u0119kszy, najbardziej stresuj\u0105cy, wymagaj\u0105cy i medialny etapowy wy\u015bcig kolarski \u015bwiata. 108. edycja Tour de France z dwoma Polakami w sk\u0142adzie czyli Rafa\u0142em Majk\u0105 oraz zesz\u0142orocznym etapowym zwyci\u0119zc\u0105 Micha\u0142em Kwiatkowskim, po raz kolejny b\u0119dzie obs\u0142ugiwana przez flot\u0119 \u0160KODY. Sami zawodnicy przejad\u0105 przez 21 dni nieco ponad 3 414 kilometr\u00f3w wy\u015bcigowych, ale ca\u0142a kolumna w tym czasie zrobi ich zapewne ze dwa razy tyle. 23 dru\u017cyny i 184 zawodnik\u00f3w na trasie z Brestu do Pary\u017ca b\u0119dzie walczy\u0107 o swoje indywidualne oraz dru\u017cynowe cele. Taktycznie kolarstwo jest ci\u0119\u017ckie do wyt\u0142umaczenia osobie, kt\u00f3ra si\u0119 nim nie interesuje. Jednak prosz\u0119 mi wierzy\u0107, \u017ce opr\u00f3cz silnych n\u00f3g trzeba na bie\u017c\u0105co analizowa\u0107 bardzo du\u017co informacji czyli wysila\u0107 do pracy r\u00f3wnie\u017c szare kom\u00f3rki. Oczywi\u015bcie zapraszam na <a href=\"https:\/\/www.welovecycling.com\/pl\/category\/bartosz-huzarski\/\">m\u00f3j kana\u0142<\/a> gdzie wyja\u015bniam nieco wi\u0119cej kolarskich zagadnie\u0144. Tutaj jest bardzo du\u017co kalkulacji, przeliczania, taktyki i analiz. Na ka\u017cdym wy\u015bcigu tak si\u0119 dzieje, ale na TDF szczeg\u00f3lnie. Tutaj jeden dobry dzie\u0144 mo\u017ce ustawi\u0107 zar\u00f3wno dru\u017cyn\u0119, jak i poszczeg\u00f3lnych kolarzy na dobre kilka lat.<\/strong><\/p>\n<figure id=\"attachment_11884\" aria-describedby=\"caption-attachment-11884\" style=\"width: 1920px\" class=\"wp-caption alignnone\"><a href=\"https:\/\/d2p6e6u75xmxt8.cloudfront.net\/5\/2021\/06\/PSX_20190714_184242-scaled.jpg\"><img loading=\"lazy\" decoding=\"async\" class=\"wp-image-11884 size-extra-large\" src=\"https:\/\/d2p6e6u75xmxt8.cloudfront.net\/5\/2021\/06\/PSX_20190714_184242-1920x1658.jpg\" alt=\"\" width=\"1920\" height=\"1658\" srcset=\"https:\/\/d2p6e6u75xmxt8.cloudfront.net\/5\/2021\/06\/PSX_20190714_184242-1920x1658.jpg 1920w, https:\/\/d2p6e6u75xmxt8.cloudfront.net\/5\/2021\/06\/PSX_20190714_184242-300x259.jpg 300w, https:\/\/d2p6e6u75xmxt8.cloudfront.net\/5\/2021\/06\/PSX_20190714_184242-1024x884.jpg 1024w, https:\/\/d2p6e6u75xmxt8.cloudfront.net\/5\/2021\/06\/PSX_20190714_184242-768x663.jpg 768w, https:\/\/d2p6e6u75xmxt8.cloudfront.net\/5\/2021\/06\/PSX_20190714_184242-1536x1327.jpg 1536w, https:\/\/d2p6e6u75xmxt8.cloudfront.net\/5\/2021\/06\/PSX_20190714_184242-2048x1769.jpg 2048w, https:\/\/d2p6e6u75xmxt8.cloudfront.net\/5\/2021\/06\/PSX_20190714_184242-1920x1658.jpg 1920w\" sizes=\"auto, (max-width: 1920px) 100vw, 1920px\" \/><\/a><figcaption id=\"caption-attachment-11884\" class=\"wp-caption-text\">Archiwum prywatne Bartosza Huzarskiego.<\/figcaption><\/figure>\n<h2><strong>S\u0142ynna czerwona \u0160koda.<\/strong><\/h2>\n<p>Wy\u015bcig prowadzony w tym roku przez czerwon\u0105, w pe\u0142ni elektryczn\u0105 \u0160KOD\u0118 ENYAQ iV, w kt\u00f3rej na tylnym siedzeniu zasiada wygodnie dyrektor Tour de France Christian Prudhomme. Podczas tej edycji podzielony zosta\u0142 na:<\/p>\n<p>&#8211; 5 etap\u00f3w p\u0142askich,<br \/>\n&#8211; 6 etap\u00f3w p\u0142askich z p\u0142askim finiszem,<br \/>\n&#8211; 2 etapy p\u0142askie z finiszem pod g\u00f3r\u0119,<br \/>\n&#8211; 5 etap\u00f3w g\u00f3rskich z p\u0142askim finiszem,<br \/>\n&#8211; 3 etapy g\u00f3rskie z finiszem pod g\u00f3r\u0119.<\/p>\n<h2><strong>Weterani i debiutanci rami\u0119\u00a0 w rami\u0119. <\/strong><\/h2>\n<p>W mi\u0119dzynarodowej stawce \u0142\u0105cz\u0105cej pokolenia kolarskich weteran\u00f3w i bardzo m\u0142odych kolarzy, ale ju\u017c przebojowych, mamy dru\u017cyny \u00a0kt\u00f3re bardzo r\u00f3\u017cnorodnie dobiera\u0142y zawodnik\u00f3w. Team DSM, przywi\u00f3z\u0142 sk\u0142ad ze \u015bredni\u0105 25 lat i 230 dni, a z drugiej strony jest \u00a0zesp\u00f3\u0142 czterokrotnego zwyci\u0119zcy tego wy\u015bcigu, Israel Start-Up Nation, w kt\u00f3rym \u015brednia wieku wynosi 33 lata i 44 dni. Czy m\u0142odo\u015b\u0107 wygra z do\u015bwiadczeniem? Z odpowiedzi\u0105 na to pytanie b\u0119dziemy musieli poczeka\u0107 do 18 lipca, ale uwa\u017cam, \u017ce ca\u0142ego wy\u015bcigu nie wygra nikt z wcze\u015bniej wymienionych ekip. Wprawdzie Chris Froome wraca do formy po bardzo gro\u017anym wypadku, ale to jeszcze nie to, analizuj\u0105c jego postaw\u0119 na poprzednich wy\u015bcigach w tym roku.<\/p>\n<figure id=\"attachment_11885\" aria-describedby=\"caption-attachment-11885\" style=\"width: 1920px\" class=\"wp-caption alignnone\"><a href=\"https:\/\/d2p6e6u75xmxt8.cloudfront.net\/5\/2021\/06\/PSX_20190726_173013-scaled.jpg\"><img loading=\"lazy\" decoding=\"async\" class=\"wp-image-11885 size-extra-large\" src=\"https:\/\/d2p6e6u75xmxt8.cloudfront.net\/5\/2021\/06\/PSX_20190726_173013-1920x1440.jpg\" alt=\"\" width=\"1920\" height=\"1440\" srcset=\"https:\/\/d2p6e6u75xmxt8.cloudfront.net\/5\/2021\/06\/PSX_20190726_173013-1920x1440.jpg 1920w, https:\/\/d2p6e6u75xmxt8.cloudfront.net\/5\/2021\/06\/PSX_20190726_173013-300x225.jpg 300w, https:\/\/d2p6e6u75xmxt8.cloudfront.net\/5\/2021\/06\/PSX_20190726_173013-1024x768.jpg 1024w, https:\/\/d2p6e6u75xmxt8.cloudfront.net\/5\/2021\/06\/PSX_20190726_173013-768x576.jpg 768w, https:\/\/d2p6e6u75xmxt8.cloudfront.net\/5\/2021\/06\/PSX_20190726_173013-1536x1152.jpg 1536w, https:\/\/d2p6e6u75xmxt8.cloudfront.net\/5\/2021\/06\/PSX_20190726_173013-2048x1536.jpg 2048w, https:\/\/d2p6e6u75xmxt8.cloudfront.net\/5\/2021\/06\/PSX_20190726_173013-1920x1440.jpg 1920w\" sizes=\"auto, (max-width: 1920px) 100vw, 1920px\" \/><\/a><figcaption id=\"caption-attachment-11885\" class=\"wp-caption-text\">Archiwum prywatne Bartosza Huzarskiego.<\/figcaption><\/figure>\n<h2><strong>Wy\u015bcig dost\u0119pny nie tylko w TV.<\/strong><\/h2>\n<p>Chc\u0105c \u015bledzi\u0107 na bie\u017c\u0105co losy zmaga\u0144 r\u00f3\u017cnobarwnego peletonu, najnowsze informacje, statystyki oraz newsy z wn\u0119trza grupy, warto zainstalowa\u0107 oficjaln\u0105 aplikacj\u0119 Tour de France, kt\u00f3rej partnerem jest r\u00f3wnie\u017c \u0160koda. Jak wi\u0119c wida\u0107, zaanga\u017cowanie w wy\u015bcig czeskiego producenta samochod\u00f3w, kt\u00f3ry \u2013 tutaj ciekawostka \u2013 zaczyna\u0142 od produkcji rower\u00f3w, jest bardzo du\u017ce. Samo przekazanie do kolumny organizatora 250 (!) samochod\u00f3w to ogromne przedsi\u0119wzi\u0119cie. Opr\u00f3cz tego kilka dru\u017cyn oraz wiele redakcji jad\u0105cych za wy\u015bcigiem r\u00f3wnie\u017c korzysta z pojazd\u00f3w tej marki. Podczas ostatniego wyjazdu na TDF z ekip\u0105 Eurosport Polska r\u00f3wnie\u017c mieli\u015bmy do dyspozycji \u0160KOD\u0118 KODIAQ, kt\u00f3r\u0105 zrobili\u015bmy oko\u0142o 8000 km w ci\u0105gu miesi\u0105ca. Jak wygl\u0105da\u0142 nasz dzie\u0144 na najwi\u0119kszym wy\u015bcigu \u015bwiata &#8211; mo\u017cecie zobaczy\u0107 <a href=\"https:\/\/www.welovecycling.com\/pl\/2019\/09\/04\/bartosz-huzarski-na-trasie-tour-de-france-jeden-dzien-z-zycia-dziennikarza-sportowego\/\">klikaj\u0105c link.<\/a><\/p>\n<figure id=\"attachment_11886\" aria-describedby=\"caption-attachment-11886\" style=\"width: 1920px\" class=\"wp-caption alignnone\"><a href=\"https:\/\/d2p6e6u75xmxt8.cloudfront.net\/5\/2021\/06\/PSX_20190718_163832-scaled.jpg\"><img loading=\"lazy\" decoding=\"async\" class=\"wp-image-11886 size-extra-large\" src=\"https:\/\/d2p6e6u75xmxt8.cloudfront.net\/5\/2021\/06\/PSX_20190718_163832-1920x1440.jpg\" alt=\"\" width=\"1920\" height=\"1440\" srcset=\"https:\/\/d2p6e6u75xmxt8.cloudfront.net\/5\/2021\/06\/PSX_20190718_163832-1920x1440.jpg 1920w, https:\/\/d2p6e6u75xmxt8.cloudfront.net\/5\/2021\/06\/PSX_20190718_163832-300x225.jpg 300w, https:\/\/d2p6e6u75xmxt8.cloudfront.net\/5\/2021\/06\/PSX_20190718_163832-1024x768.jpg 1024w, https:\/\/d2p6e6u75xmxt8.cloudfront.net\/5\/2021\/06\/PSX_20190718_163832-768x576.jpg 768w, https:\/\/d2p6e6u75xmxt8.cloudfront.net\/5\/2021\/06\/PSX_20190718_163832-1536x1152.jpg 1536w, https:\/\/d2p6e6u75xmxt8.cloudfront.net\/5\/2021\/06\/PSX_20190718_163832-2048x1536.jpg 2048w, https:\/\/d2p6e6u75xmxt8.cloudfront.net\/5\/2021\/06\/PSX_20190718_163832-1920x1440.jpg 1920w\" sizes=\"auto, (max-width: 1920px) 100vw, 1920px\" \/><\/a><figcaption id=\"caption-attachment-11886\" class=\"wp-caption-text\">Archiwum prywatne Bartosza Huzarskiego.<\/figcaption><\/figure>\n<h2><strong>Logistyka hoteli a start i meta. <\/strong><\/h2>\n<p>W tym roku \u0142\u0105czna suma kilometr\u00f3w wy\u015bcigowych \u00a0to 3 414 i jest ona jest statystycznie sta\u0142a \u2013 dzieje si\u0119 tak, gdy\u017c d\u0142ugo\u015b\u0107 takiego wy\u015bcigu reguluj\u0105 przepisy Mi\u0119dzynarodowej Unii Kolarskiej. Suma zaplanowanych kilometr\u00f3w wy\u015bcigu musi si\u0119 zamkn\u0105\u0107 w pewnych wide\u0142kach. To samo tyczy si\u0119 dojazd\u00f3w do i z hotelu dla poszczeg\u00f3lnych ekip. Je\u015bli \u00a0wi\u0119c\u00a0 kto\u015b jednego dnia \u015bpi w mie\u015bcie mety, musi si\u0119 liczy\u0107 z tym, \u017ce nast\u0119pnego dnia mo\u017ce go czeka\u0107 nawet ponad 100 km dojazdu do miejsca startu kolejnego etapu. Na szcz\u0119\u015bcie dru\u017cyny kolarskie maj\u0105 do swojej dyspozycji wygodne, specjalnie budowane autobusy z prysznicami, \u0142azienk\u0105 i kuchni\u0105. Ka\u017cdy kolarz otrzymuje sw\u00f3j wygodny fotel, po to \u017ceby czas pomi\u0119dzy etapami by\u0142 jak najlepiej wykorzystany na regeneracj\u0119. Logistyka tak du\u017cej imprezy jest niesamowicie skomplikowana, st\u0105d ekipa organizacyjna potrzebuje sporej floty, \u017ceby przygotowa\u0107 ca\u0142y wy\u015bcig.<\/p>\n<h2><strong>Maraton w trakcie TDF \u2013 czemu nie \u2013 dla zawodowc\u00f3w to nie problem. <\/strong><\/h2>\n<p>Najd\u0142u\u017cszy tegoroczny etap ma d\u0142ugo\u015b\u0107 249 km i jest rekordowym od 2000 roku, kiedy to zawodnicy musieli przejecha\u0107 w jeden dzie\u0144 troch\u0119 ponad 254 km. Najkr\u00f3tszy odcinek, nie licz\u0105c jazd indywidualnych na czas, mierzy tylko 108 km i jest to ostatni dzie\u0144 rywalizacji, czyli s\u0142ynny etap przyja\u017ani. Nie mo\u017cna wi\u0119c powiedzie\u0107, \u017ce zawodnicy odetchn\u0105 po drodze, nie na Tour de France \u2013 tutaj jest pe\u0142na mobilizacja ka\u017cdego dnia. Owszem, w tym roku, podobnie jak w latach poprzednich, zaplanowane s\u0105 dwa dni wolne, ale ma\u0142o kto traktuje ten dzie\u0144 jako wolny od roweru i sportu. Raczej jest to dzie\u0144 na regeneracj\u0119 g\u0142owy ni\u017c le\u017cenie w \u0142\u00f3\u017cku. Wybicie organizmu z treningowego rytmu, na kt\u00f3re wystarczy czasem jeden dzie\u0144, mo\u017ce by\u0107 bardzo nieprzyjemne w skutkach. Na tak d\u0142ugich wy\u015bcigach po dniu wolnym dziej\u0105 si\u0119 czasem r\u00f3\u017cne rzeczy, szczeg\u00f3lnie w\u015br\u00f3d grupy mniej do\u015bwiadczonych kolarzy, kt\u00f3rzy jeszcze dobrze nie znaj\u0105 swoich mo\u017cliwo\u015bci. W ca\u0142ej stawce mamy 8 zawodnik\u00f3w w wieku 22 lat i to w\u0142a\u015bnie w tej grupie jest zesz\u0142oroczny zwyci\u0119zca, jad\u0105cy z nr. 1 Tadej Poga\u010dar. Czy m\u0142odziutkiemu S\u0142owe\u0144cowi uda si\u0119 powt\u00f3rzy\u0107 zesz\u0142oroczny sukces? Mo\u017ce mie\u0107 ci\u0119\u017cko, z jednej strony rywale bardziej b\u0119d\u0105 na niego uwa\u017ca\u0107 ni\u017c w 2020 roku z drugiej strony by\u0107 mo\u017ce i wi\u0119ksz\u0105 presj\u0119 na\u0142o\u017cy sam na siebie. Apetyt ro\u015bnie w miar\u0119 jedzenia a dla obro\u0144cy tytu\u0142u 2 miejsce b\u0119dzie pora\u017ck\u0105. Na pewno z Pogacarem \u00a0trzeba si\u0119 liczy\u0107, gdy\u017c w tym roku pokaza\u0142 ju\u017c, \u017ce zim\u0119 przepracowa\u0142 dobrze. Jednak na \u00a0Tour de France liczy si\u0119 nie tylko mocny organizm, nerwy ze stali oraz zgrana dru\u017cyna. Tutaj potrzebne jest jeszcze szcz\u0119\u015bcie. Kraksy, defekty, b\u0142\u0119dy w od\u017cywaniu oraz \u015bnie \u2013 wszystkie przeciwno\u015bci losu lepiej omija\u0107 z daleka.<\/p>\n<figure id=\"attachment_11887\" aria-describedby=\"caption-attachment-11887\" style=\"width: 1920px\" class=\"wp-caption alignnone\"><a href=\"https:\/\/d2p6e6u75xmxt8.cloudfront.net\/5\/2021\/06\/PSX_20190727_114844-scaled.jpg\"><img loading=\"lazy\" decoding=\"async\" class=\"wp-image-11887 size-extra-large\" src=\"https:\/\/d2p6e6u75xmxt8.cloudfront.net\/5\/2021\/06\/PSX_20190727_114844-1920x1440.jpg\" alt=\"\" width=\"1920\" height=\"1440\" srcset=\"https:\/\/d2p6e6u75xmxt8.cloudfront.net\/5\/2021\/06\/PSX_20190727_114844-1920x1440.jpg 1920w, https:\/\/d2p6e6u75xmxt8.cloudfront.net\/5\/2021\/06\/PSX_20190727_114844-300x225.jpg 300w, https:\/\/d2p6e6u75xmxt8.cloudfront.net\/5\/2021\/06\/PSX_20190727_114844-1024x768.jpg 1024w, https:\/\/d2p6e6u75xmxt8.cloudfront.net\/5\/2021\/06\/PSX_20190727_114844-768x576.jpg 768w, https:\/\/d2p6e6u75xmxt8.cloudfront.net\/5\/2021\/06\/PSX_20190727_114844-1536x1152.jpg 1536w, https:\/\/d2p6e6u75xmxt8.cloudfront.net\/5\/2021\/06\/PSX_20190727_114844-2048x1536.jpg 2048w, https:\/\/d2p6e6u75xmxt8.cloudfront.net\/5\/2021\/06\/PSX_20190727_114844-1920x1440.jpg 1920w\" sizes=\"auto, (max-width: 1920px) 100vw, 1920px\" \/><\/a><figcaption id=\"caption-attachment-11887\" class=\"wp-caption-text\">Archiwum prywatne Bartosza Huzarskiego.<\/figcaption><\/figure>\n<h2><strong>Wiek to tylko liczba m\u00f3wi Alejandro Valverde. <\/strong><\/h2>\n<p>Po drugiej stronie kalendarza, cho\u0107 wieku wypomina\u0107 nikomu nie chc\u0119, jest weteran, ale jak\u017ce charyzmatyczny i waleczny \u2013 czterdziestojednoletni Alejandro Valverde. Najstarszy kolarz w stawce wszystkich kt\u00f3rzy stan\u0119li na starcie pierwszego etapu liczy na kolejne miejsce w TOP 10 klasyfikacji generalnej, a z jego przedstartowych wywiad\u00f3w wynika jasno, \u017ce na koniec kariery bardzo chcia\u0142by wygra\u0107 na wielkiej p\u0119tli etap. Z ca\u0142ego serca \u017cycz\u0119 mu jak najlepiej. Cho\u0107 58 km jazdy indywidualnej na czas mo\u017ce by\u0107 dla Alejandra niema\u0142\u0105 przeszkod\u0105 w walce o najlepsz\u0105 dziesi\u0105tk\u0119, kiedy niejednokrotnie r\u00f3\u017cnice pomi\u0119dzy zawodnikami na tych pozycjach oscyluj\u0105 w okolicy pojedynczych sekund. Najmniejsz\u0105 odnotowan\u0105 do tej pory r\u00f3\u017cnic\u0105 pomi\u0119dzy pierwszym a drugim zawodnikiem na mecie w Pary\u017cu. By\u0142o 8 sekund, kiedy to Greg LeMond pokona\u0142 Laurenta Fingona w 1989 r.<\/p>\n<p>Historycznie najwi\u0119cej razy, bo 36, wy\u015bcig wygrywali Francuzi, na drugim miejscu w tej tabeli statystyk plasuj\u0105 si\u0119 Belgowie z liczb\u0105 18 zwyci\u0119stw. Za\u015b na trzecim Hiszpanie, wygrywaj\u0105cy ca\u0142y Tour de France 12 razy.<\/p>\n<h2><strong>Ca\u0142y kolarski \u015bwiat w jednym miejscu. <\/strong><\/h2>\n<p>R\u00f3\u017cnorodno\u015b\u0107 narodowo\u015bciowa tego wy\u015bcigu jest tak samo wielka jak i on sam. Przekaz telewizyjny trafia do ponad 180 kraj\u00f3w, a dru\u017cyny, rejestrowane w r\u00f3\u017cnych pa\u0144stwach, maj\u0105 w swoich sk\u0142adach bardzo wiele narodowo\u015bci. Ka\u017cda grupa kolarska mo\u017ce w wy\u015bcigu wystawi\u0107 o\u015bmioosobowy sk\u0142ad i a\u017c trzy wystawi\u0142y taki, w kt\u00f3rym ka\u017cdy z zawodnik\u00f3w legitymuje si\u0119 paszportem innego kraju. UAE TEAM Emirates z naszym Rafa\u0142em Majk\u0105 w sk\u0142adzie, Bahrain-Victorius oraz Team Qhubeka ASSOS. Ka\u017cda dru\u017cyna decyduje wtedy, jaki b\u0119dzie oficjalny j\u0119zyk komunikacji, ale i tak w sytuacjach mocno stresowych mo\u017ce dochodzi\u0107 do ma\u0142ych nieporozumie\u0144 na tym tle.<\/p>\n<h2><strong>A i tak zawsze pierwsza na met\u0119 wje\u017cd\u017ca \u0160koda ENYAQ iV. <\/strong><\/h2>\n<p>Peleton rowerowych heros\u00f3w szosy przemierza drogi Francji. Na ich czele sunie cicho, niemal\u017ce bezszelestnie specjalnie wyposa\u017cona \u0160koda ENYAQ iV dyrektora TDF. Centrum dowodzenia na ko\u0142ach to niesamowicie wa\u017cny element wy\u015bcigu. To st\u0105d wychodz\u0105 najwa\u017cniejsze decyzje, maj\u0105ce na celu przeprowadzenie imprezy sprawnie i bezpiecznie. Samoch\u00f3d ten musi by\u0107 niezawodny, ale te\u017c wygodny, gdy\u017c jako\u015b\u0107 pracy przy tak ogromnym poziomie stresu nie jest bez znaczenia. \u00a0\u017byczymy powodzenia wszystkim zawodnikom, trzymamy kciuki za naszych rodak\u00f3w oraz z przyjemno\u015bci\u0105 b\u0119dziemy obserwowa\u0107 poczynania \u0160KODY ENYAQ iV na imprezie tej rangi.<\/p>\n<p><span data-sheets-value=\"{&quot;1&quot;:2,&quot;2&quot;:&quot;Artyku\u0142 powsta\u0142 we wsp\u00f3\u0142pracy ze skoda-auto.pl&quot;}\" data-sheets-userformat=\"{&quot;2&quot;:1,&quot;3&quot;:{&quot;1&quot;:0}}\" data-sheets-hyperlink=\"http:\/\/www.skoda-auto.pl\/\"><a class=\"in-cell-link\" href=\"http:\/\/www.skoda-auto.pl\/\" target=\"_blank\" rel=\"noopener noreferrer\">Artyku\u0142 powsta\u0142 we wsp\u00f3\u0142pracy ze skoda-auto.pl<\/a><\/span><\/p>\n<p><a href=\"https:\/\/www.skoda-auto.pl\/modele\/karoq\"><img loading=\"lazy\" decoding=\"async\" class=\"size-full wp-image-11629 aligncenter\" src=\"https:\/\/d2p6e6u75xmxt8.cloudfront.net\/5\/2021\/12\/640x350-3-1.jpg\" alt=\"\" width=\"640\" height=\"350\" srcset=\"https:\/\/d2p6e6u75xmxt8.cloudfront.net\/5\/2021\/12\/640x350-3-1.jpg 640w, https:\/\/d2p6e6u75xmxt8.cloudfront.net\/5\/2021\/12\/640x350-3-1-300x164.jpg 300w\" sizes=\"auto, (max-width: 640px) 100vw, 640px\" \/><\/a><\/p>\n","protected":false},"excerpt":{"rendered":"<p>Ruszy\u0142 najwi\u0119kszy, najbardziej stresuj\u0105cy, wymagaj\u0105cy i medialny etapowy wy\u015bcig kolarski \u015bwiata. 108. edycja Tour de France z dwoma Polakami w [&hellip;]<\/p>\n","protected":false},"author":125,"featured_media":11888,"comment_status":"open","ping_status":"open","sticky":false,"template":"","format":"standard","meta":{"footnotes":""},"categories":[203,358],"tags":[108,359],"global-categories":[303],"class_list":["post-11883","post","type-post","status-publish","format-standard","has-post-thumbnail","hentry","category-bartosz-huzarski","category-tour-de-france-2021","tag-bartosz-huzarski","tag-tour-de-france-2021","global-categories-cycling"],"yoast_head":"<!-- This site is optimized with the Yoast SEO Premium plugin v25.3 (Yoast SEO v25.9) - https:\/\/yoast.com\/wordpress\/plugins\/seo\/ -->\n<title>W \u0160KODZIE na Tour de France po raz osiemnasty - \u0160koda We Love Cycling - Poland<\/title>\n<meta name=\"description\" content=\"Ruszy\u0142 najwi\u0119kszy, najbardziej stresuj\u0105cy, wymagaj\u0105cy i medialny etapowy wy\u015bcig kolarski \u015bwiata. 108. edycja Tour de France z dwoma Polakami w sk\u0142adzie czyli Rafa\u0142em Majk\u0105 oraz zesz\u0142orocznym etapowym zwyci\u0119zc\u0105 Micha\u0142em Kwiatkowskim, po raz kolejny b\u0119dzie obs\u0142ugiwana przez flot\u0119 \u0160KODY. Sami zawodnicy przejad\u0105 przez 21 dni nieco ponad 3 414 kilometr\u00f3w wy\u015bcigowych, ale ca\u0142a kolumna w tym czasie zrobi ich zapewne ze dwa razy tyle.\" \/>\n<meta name=\"robots\" content=\"index, follow, max-snippet:-1, max-image-preview:large, max-video-preview:-1\" \/>\n<link rel=\"canonical\" href=\"https:\/\/www.welovecycling.com\/pl\/2021\/06\/29\/w-skodzie-na-tour-de-france-po-raz-osiemnasty\/\" \/>\n<meta property=\"og:locale\" content=\"pl_PL\" \/>\n<meta property=\"og:type\" content=\"article\" \/>\n<meta property=\"og:title\" content=\"W \u0160KODZIE na Tour de France po raz osiemnasty\" \/>\n<meta property=\"og:description\" content=\"Ruszy\u0142 najwi\u0119kszy, najbardziej stresuj\u0105cy, wymagaj\u0105cy i medialny etapowy wy\u015bcig kolarski \u015bwiata. 108. edycja Tour de France z dwoma Polakami w sk\u0142adzie czyli Rafa\u0142em Majk\u0105 oraz zesz\u0142orocznym etapowym zwyci\u0119zc\u0105 Micha\u0142em Kwiatkowskim, po raz kolejny b\u0119dzie obs\u0142ugiwana przez flot\u0119 \u0160KODY. Sami zawodnicy przejad\u0105 przez 21 dni nieco ponad 3 414 kilometr\u00f3w wy\u015bcigowych, ale ca\u0142a kolumna w tym czasie zrobi ich zapewne ze dwa razy tyle.\" \/>\n<meta property=\"og:url\" content=\"https:\/\/www.welovecycling.com\/pl\/2021\/06\/29\/w-skodzie-na-tour-de-france-po-raz-osiemnasty\/\" \/>\n<meta property=\"og:site_name\" content=\"\u0160koda We Love Cycling - Poland\" \/>\n<meta property=\"article:published_time\" content=\"2021-06-29T14:15:45+00:00\" \/>\n<meta property=\"article:modified_time\" content=\"2021-06-30T14:24:53+00:00\" \/>\n<meta property=\"og:image\" content=\"https:\/\/d2p6e6u75xmxt8.cloudfront.net\/5\/2021\/06\/ENYAQ-iV-CVR-1024x447-1.jpg\" \/>\n\t<meta property=\"og:image:width\" content=\"1024\" \/>\n\t<meta property=\"og:image:height\" content=\"447\" \/>\n\t<meta property=\"og:image:type\" content=\"image\/jpeg\" \/>\n<meta name=\"author\" content=\"oktawiamikulska\" \/>\n<meta name=\"twitter:card\" content=\"summary_large_image\" \/>\n<meta name=\"twitter:label1\" content=\"Written by\" \/>\n\t<meta name=\"twitter:data1\" content=\"Bartosz Huzarski\" \/>\n\t<meta name=\"twitter:label2\" content=\"Est. reading time\" \/>\n\t<meta name=\"twitter:data2\" content=\"8 minutes\" \/>\n<script type=\"application\/ld+json\" class=\"yoast-schema-graph\">{\"@context\":\"https:\/\/schema.org\",\"@graph\":[{\"@type\":\"WebPage\",\"@id\":\"https:\/\/www.welovecycling.com\/pl\/2021\/06\/29\/w-skodzie-na-tour-de-france-po-raz-osiemnasty\/\",\"url\":\"https:\/\/www.welovecycling.com\/pl\/2021\/06\/29\/w-skodzie-na-tour-de-france-po-raz-osiemnasty\/\",\"name\":\"W \u0160KODZIE na Tour de France po raz osiemnasty - \u0160koda We Love Cycling - Poland\",\"isPartOf\":{\"@id\":\"https:\/\/www.welovecycling.com\/pl\/#website\"},\"primaryImageOfPage\":{\"@id\":\"https:\/\/www.welovecycling.com\/pl\/2021\/06\/29\/w-skodzie-na-tour-de-france-po-raz-osiemnasty\/#primaryimage\"},\"image\":{\"@id\":\"https:\/\/www.welovecycling.com\/pl\/2021\/06\/29\/w-skodzie-na-tour-de-france-po-raz-osiemnasty\/#primaryimage\"},\"thumbnailUrl\":\"https:\/\/d2p6e6u75xmxt8.cloudfront.net\/5\/2021\/06\/ENYAQ-iV-CVR-1024x447-1.jpg\",\"datePublished\":\"2021-06-29T14:15:45+00:00\",\"dateModified\":\"2021-06-30T14:24:53+00:00\",\"author\":{\"@id\":\"https:\/\/www.welovecycling.com\/pl\/#\/schema\/person\/4a79bac7bd265aa6a35a1079d36648be\"},\"description\":\"Ruszy\u0142 najwi\u0119kszy, najbardziej stresuj\u0105cy, wymagaj\u0105cy i medialny etapowy wy\u015bcig kolarski \u015bwiata. 108. edycja Tour de France z dwoma Polakami w sk\u0142adzie czyli Rafa\u0142em Majk\u0105 oraz zesz\u0142orocznym etapowym zwyci\u0119zc\u0105 Micha\u0142em Kwiatkowskim, po raz kolejny b\u0119dzie obs\u0142ugiwana przez flot\u0119 \u0160KODY. Sami zawodnicy przejad\u0105 przez 21 dni nieco ponad 3 414 kilometr\u00f3w wy\u015bcigowych, ale ca\u0142a kolumna w tym czasie zrobi ich zapewne ze dwa razy tyle.\",\"breadcrumb\":{\"@id\":\"https:\/\/www.welovecycling.com\/pl\/2021\/06\/29\/w-skodzie-na-tour-de-france-po-raz-osiemnasty\/#breadcrumb\"},\"inLanguage\":\"pl-PL\",\"potentialAction\":[{\"@type\":\"ReadAction\",\"target\":[\"https:\/\/www.welovecycling.com\/pl\/2021\/06\/29\/w-skodzie-na-tour-de-france-po-raz-osiemnasty\/\"]}]},{\"@type\":\"ImageObject\",\"inLanguage\":\"pl-PL\",\"@id\":\"https:\/\/www.welovecycling.com\/pl\/2021\/06\/29\/w-skodzie-na-tour-de-france-po-raz-osiemnasty\/#primaryimage\",\"url\":\"https:\/\/d2p6e6u75xmxt8.cloudfront.net\/5\/2021\/06\/ENYAQ-iV-CVR-1024x447-1.jpg\",\"contentUrl\":\"https:\/\/d2p6e6u75xmxt8.cloudfront.net\/5\/2021\/06\/ENYAQ-iV-CVR-1024x447-1.jpg\",\"width\":1024,\"height\":447},{\"@type\":\"BreadcrumbList\",\"@id\":\"https:\/\/www.welovecycling.com\/pl\/2021\/06\/29\/w-skodzie-na-tour-de-france-po-raz-osiemnasty\/#breadcrumb\",\"itemListElement\":[{\"@type\":\"ListItem\",\"position\":1,\"name\":\"Home\",\"item\":\"https:\/\/www.welovecycling.com\/pl\/\"},{\"@type\":\"ListItem\",\"position\":2,\"name\":\"W \u0160KODZIE na Tour de France po raz osiemnasty\"}]},{\"@type\":\"WebSite\",\"@id\":\"https:\/\/www.welovecycling.com\/pl\/#website\",\"url\":\"https:\/\/www.welovecycling.com\/pl\/\",\"name\":\"\u0160koda We Love Cycling - Poland\",\"description\":\"\",\"potentialAction\":[{\"@type\":\"SearchAction\",\"target\":{\"@type\":\"EntryPoint\",\"urlTemplate\":\"https:\/\/www.welovecycling.com\/pl\/?s={search_term_string}\"},\"query-input\":{\"@type\":\"PropertyValueSpecification\",\"valueRequired\":true,\"valueName\":\"search_term_string\"}}],\"inLanguage\":\"pl-PL\"},{\"@type\":\"Person\",\"@id\":\"https:\/\/www.welovecycling.com\/pl\/#\/schema\/person\/4a79bac7bd265aa6a35a1079d36648be\",\"name\":\"oktawiamikulska\",\"image\":{\"@type\":\"ImageObject\",\"inLanguage\":\"pl-PL\",\"@id\":\"https:\/\/www.welovecycling.com\/pl\/#\/schema\/person\/image\/\",\"url\":\"https:\/\/secure.gravatar.com\/avatar\/b97a3f44e2de6d2f8dd358975937e49823662e12cbd810b9d1a2bff1c149e8a7?s=96&d=mm&r=g\",\"contentUrl\":\"https:\/\/secure.gravatar.com\/avatar\/b97a3f44e2de6d2f8dd358975937e49823662e12cbd810b9d1a2bff1c149e8a7?s=96&d=mm&r=g\",\"caption\":\"oktawiamikulska\"},\"url\":\"https:\/\/www.welovecycling.com\/pl\/author\/oktawiamikulska\/\"}]}<\/script>\n<!-- \/ Yoast SEO Premium plugin. -->","yoast_head_json":{"title":"W \u0160KODZIE na Tour de France po raz osiemnasty - \u0160koda We Love Cycling - Poland","description":"Ruszy\u0142 najwi\u0119kszy, najbardziej stresuj\u0105cy, wymagaj\u0105cy i medialny etapowy wy\u015bcig kolarski \u015bwiata. 108. edycja Tour de France z dwoma Polakami w sk\u0142adzie czyli Rafa\u0142em Majk\u0105 oraz zesz\u0142orocznym etapowym zwyci\u0119zc\u0105 Micha\u0142em Kwiatkowskim, po raz kolejny b\u0119dzie obs\u0142ugiwana przez flot\u0119 \u0160KODY. Sami zawodnicy przejad\u0105 przez 21 dni nieco ponad 3 414 kilometr\u00f3w wy\u015bcigowych, ale ca\u0142a kolumna w tym czasie zrobi ich zapewne ze dwa razy tyle.","robots":{"index":"index","follow":"follow","max-snippet":"max-snippet:-1","max-image-preview":"max-image-preview:large","max-video-preview":"max-video-preview:-1"},"canonical":"https:\/\/www.welovecycling.com\/pl\/2021\/06\/29\/w-skodzie-na-tour-de-france-po-raz-osiemnasty\/","og_locale":"pl_PL","og_type":"article","og_title":"W \u0160KODZIE na Tour de France po raz osiemnasty","og_description":"Ruszy\u0142 najwi\u0119kszy, najbardziej stresuj\u0105cy, wymagaj\u0105cy i medialny etapowy wy\u015bcig kolarski \u015bwiata. 108. edycja Tour de France z dwoma Polakami w sk\u0142adzie czyli Rafa\u0142em Majk\u0105 oraz zesz\u0142orocznym etapowym zwyci\u0119zc\u0105 Micha\u0142em Kwiatkowskim, po raz kolejny b\u0119dzie obs\u0142ugiwana przez flot\u0119 \u0160KODY. Sami zawodnicy przejad\u0105 przez 21 dni nieco ponad 3 414 kilometr\u00f3w wy\u015bcigowych, ale ca\u0142a kolumna w tym czasie zrobi ich zapewne ze dwa razy tyle.","og_url":"https:\/\/www.welovecycling.com\/pl\/2021\/06\/29\/w-skodzie-na-tour-de-france-po-raz-osiemnasty\/","og_site_name":"\u0160koda We Love Cycling - Poland","article_published_time":"2021-06-29T14:15:45+00:00","article_modified_time":"2021-06-30T14:24:53+00:00","og_image":[{"width":1024,"height":447,"url":"https:\/\/d2p6e6u75xmxt8.cloudfront.net\/5\/2021\/06\/ENYAQ-iV-CVR-1024x447-1.jpg","type":"image\/jpeg"}],"author":"oktawiamikulska","twitter_card":"summary_large_image","twitter_misc":{"Written by":"Bartosz Huzarski","Est. reading time":"8 minutes"},"schema":{"@context":"https:\/\/schema.org","@graph":[{"@type":"WebPage","@id":"https:\/\/www.welovecycling.com\/pl\/2021\/06\/29\/w-skodzie-na-tour-de-france-po-raz-osiemnasty\/","url":"https:\/\/www.welovecycling.com\/pl\/2021\/06\/29\/w-skodzie-na-tour-de-france-po-raz-osiemnasty\/","name":"W \u0160KODZIE na Tour de France po raz osiemnasty - \u0160koda We Love Cycling - Poland","isPartOf":{"@id":"https:\/\/www.welovecycling.com\/pl\/#website"},"primaryImageOfPage":{"@id":"https:\/\/www.welovecycling.com\/pl\/2021\/06\/29\/w-skodzie-na-tour-de-france-po-raz-osiemnasty\/#primaryimage"},"image":{"@id":"https:\/\/www.welovecycling.com\/pl\/2021\/06\/29\/w-skodzie-na-tour-de-france-po-raz-osiemnasty\/#primaryimage"},"thumbnailUrl":"https:\/\/d2p6e6u75xmxt8.cloudfront.net\/5\/2021\/06\/ENYAQ-iV-CVR-1024x447-1.jpg","datePublished":"2021-06-29T14:15:45+00:00","dateModified":"2021-06-30T14:24:53+00:00","author":{"@id":"https:\/\/www.welovecycling.com\/pl\/#\/schema\/person\/4a79bac7bd265aa6a35a1079d36648be"},"description":"Ruszy\u0142 najwi\u0119kszy, najbardziej stresuj\u0105cy, wymagaj\u0105cy i medialny etapowy wy\u015bcig kolarski \u015bwiata. 108. edycja Tour de France z dwoma Polakami w sk\u0142adzie czyli Rafa\u0142em Majk\u0105 oraz zesz\u0142orocznym etapowym zwyci\u0119zc\u0105 Micha\u0142em Kwiatkowskim, po raz kolejny b\u0119dzie obs\u0142ugiwana przez flot\u0119 \u0160KODY. Sami zawodnicy przejad\u0105 przez 21 dni nieco ponad 3 414 kilometr\u00f3w wy\u015bcigowych, ale ca\u0142a kolumna w tym czasie zrobi ich zapewne ze dwa razy tyle.","breadcrumb":{"@id":"https:\/\/www.welovecycling.com\/pl\/2021\/06\/29\/w-skodzie-na-tour-de-france-po-raz-osiemnasty\/#breadcrumb"},"inLanguage":"pl-PL","potentialAction":[{"@type":"ReadAction","target":["https:\/\/www.welovecycling.com\/pl\/2021\/06\/29\/w-skodzie-na-tour-de-france-po-raz-osiemnasty\/"]}]},{"@type":"ImageObject","inLanguage":"pl-PL","@id":"https:\/\/www.welovecycling.com\/pl\/2021\/06\/29\/w-skodzie-na-tour-de-france-po-raz-osiemnasty\/#primaryimage","url":"https:\/\/d2p6e6u75xmxt8.cloudfront.net\/5\/2021\/06\/ENYAQ-iV-CVR-1024x447-1.jpg","contentUrl":"https:\/\/d2p6e6u75xmxt8.cloudfront.net\/5\/2021\/06\/ENYAQ-iV-CVR-1024x447-1.jpg","width":1024,"height":447},{"@type":"BreadcrumbList","@id":"https:\/\/www.welovecycling.com\/pl\/2021\/06\/29\/w-skodzie-na-tour-de-france-po-raz-osiemnasty\/#breadcrumb","itemListElement":[{"@type":"ListItem","position":1,"name":"Home","item":"https:\/\/www.welovecycling.com\/pl\/"},{"@type":"ListItem","position":2,"name":"W \u0160KODZIE na Tour de France po raz osiemnasty"}]},{"@type":"WebSite","@id":"https:\/\/www.welovecycling.com\/pl\/#website","url":"https:\/\/www.welovecycling.com\/pl\/","name":"\u0160koda We Love Cycling - Poland","description":"","potentialAction":[{"@type":"SearchAction","target":{"@type":"EntryPoint","urlTemplate":"https:\/\/www.welovecycling.com\/pl\/?s={search_term_string}"},"query-input":{"@type":"PropertyValueSpecification","valueRequired":true,"valueName":"search_term_string"}}],"inLanguage":"pl-PL"},{"@type":"Person","@id":"https:\/\/www.welovecycling.com\/pl\/#\/schema\/person\/4a79bac7bd265aa6a35a1079d36648be","name":"oktawiamikulska","image":{"@type":"ImageObject","inLanguage":"pl-PL","@id":"https:\/\/www.welovecycling.com\/pl\/#\/schema\/person\/image\/","url":"https:\/\/secure.gravatar.com\/avatar\/b97a3f44e2de6d2f8dd358975937e49823662e12cbd810b9d1a2bff1c149e8a7?s=96&d=mm&r=g","contentUrl":"https:\/\/secure.gravatar.com\/avatar\/b97a3f44e2de6d2f8dd358975937e49823662e12cbd810b9d1a2bff1c149e8a7?s=96&d=mm&r=g","caption":"oktawiamikulska"},"url":"https:\/\/www.welovecycling.com\/pl\/author\/oktawiamikulska\/"}]}},"_links":{"self":[{"href":"https:\/\/www.welovecycling.com\/pl\/wp-json\/wp\/v2\/posts\/11883","targetHints":{"allow":["GET"]}}],"collection":[{"href":"https:\/\/www.welovecycling.com\/pl\/wp-json\/wp\/v2\/posts"}],"about":[{"href":"https:\/\/www.welovecycling.com\/pl\/wp-json\/wp\/v2\/types\/post"}],"author":[{"embeddable":true,"href":"https:\/\/www.welovecycling.com\/pl\/wp-json\/wp\/v2\/users\/125"}],"replies":[{"embeddable":true,"href":"https:\/\/www.welovecycling.com\/pl\/wp-json\/wp\/v2\/comments?post=11883"}],"version-history":[{"count":1,"href":"https:\/\/www.welovecycling.com\/pl\/wp-json\/wp\/v2\/posts\/11883\/revisions"}],"predecessor-version":[{"id":11889,"href":"https:\/\/www.welovecycling.com\/pl\/wp-json\/wp\/v2\/posts\/11883\/revisions\/11889"}],"wp:featuredmedia":[{"embeddable":true,"href":"https:\/\/www.welovecycling.com\/pl\/wp-json\/wp\/v2\/media\/11888"}],"wp:attachment":[{"href":"https:\/\/www.welovecycling.com\/pl\/wp-json\/wp\/v2\/media?parent=11883"}],"wp:term":[{"taxonomy":"category","embeddable":true,"href":"https:\/\/www.welovecycling.com\/pl\/wp-json\/wp\/v2\/categories?post=11883"},{"taxonomy":"post_tag","embeddable":true,"href":"https:\/\/www.welovecycling.com\/pl\/wp-json\/wp\/v2\/tags?post=11883"},{"taxonomy":"global-categories","embeddable":true,"href":"https:\/\/www.welovecycling.com\/pl\/wp-json\/wp\/v2\/global-categories?post=11883"}],"curies":[{"name":"wp","href":"https:\/\/api.w.org\/{rel}","templated":true}]}}