{"id":11876,"date":"2021-06-28T13:03:22","date_gmt":"2021-06-28T13:03:22","guid":{"rendered":"https:\/\/www.welovecycling.com\/pl\/?p=11876"},"modified":"2021-06-28T13:07:14","modified_gmt":"2021-06-28T13:07:14","slug":"zaczelo-sie-wzruszajace-i-dramatyczne-historie-na-tour-de-france","status":"publish","type":"post","link":"https:\/\/www.welovecycling.com\/pl\/2021\/06\/28\/zaczelo-sie-wzruszajace-i-dramatyczne-historie-na-tour-de-france\/","title":{"rendered":"Zacz\u0119\u0142o si\u0119! Wzruszaj\u0105ce i dramatyczne historie na Tour de France"},"content":{"rendered":"<p><strong>By\u0142o wszystko: dramaty, zaskoczenia i pi\u0119kne historie. Za nami otwarcie Tour de France, kt\u00f3re po raz kolejny udowodni\u0142o, \u017ce to wy\u015bcig absolutnie wyj\u0105tkowy.<\/strong><\/p>\n<p>Je\u015bli kto\u015b zastanawia\u0142 si\u0119, czy wielki zegar w Bre\u015bcie odliczaj\u0105cy czas do startu to nie przesada, to ju\u017c po pierwszych dw\u00f3ch dniach przekona\u0142 si\u0119, \u017ce ca\u0142y kolarski \u015bwiata czeka\u0142 na co\u015b wyj\u0105tkowego. W tegorocznym Grand Depart by\u0142y pi\u0119kne zwyci\u0119stwa, bolesne pora\u017cki, chwile mro\u017c\u0105ce krew w \u017cy\u0142ach, ale te\u017c pokazy si\u0142y, charakteru oraz \u0142zy wzruszenia. Ale po kolei.<\/p>\n<h2><strong>Nieodpowiedzialno\u015b\u0107<\/strong><\/h2>\n<p>Po pierwszym dniu najwi\u0119cej m\u00f3wi\u0142o si\u0119 o\u2026 pewnej kibicce, kt\u00f3ra doprowadzi\u0142a do wielkiej kraksy. Organizatorzy Tour de France od lat prosz\u0105 fan\u00f3w o ostro\u017cno\u015b\u0107, ale co roku w\u015br\u00f3d tysi\u0119cy ludzi przy trasie znajduje si\u0119 kto\u015b nieodpowiedzialny. Tym razem, 45 kilometr\u00f3w przed met\u0105, kobieta prezentowa\u0142a tektur\u0119, na kt\u00f3rej by\u0142 napis pozdrawiaj\u0105cy jej dziadk\u00f3w. Niby nic nowego, bo takich sytuacji na ka\u017cdym etapie s\u0105 setki, ale kobieta zrobi\u0142a to wyj\u0105tkowo nieodpowiedzialnie i w jej tektur\u0119 wjecha\u0142 Tony Martin (Jumbo-Visma), tym samym rozpoczynaj\u0105c efekt domina.<\/p>\n<div class=\"embed-controller-wrapper\">\n<blockquote class=\"twitter-tweet\" data-width=\"500\" data-dnt=\"true\">\n<p lang=\"fr\" dir=\"ltr\">Premi\u00e8re \u00e9tape du Tour de France, premier crash, premier partisan \u00e0 bl\u00e2mer <a href=\"https:\/\/t.co\/6i3yhBtwv7\">pic.twitter.com\/6i3yhBtwv7<\/a><\/p>\n<p>&mdash; Julien Lamoureux (@julienlamoureux) <a href=\"https:\/\/twitter.com\/julienlamoureux\/status\/1408790600296681474?ref_src=twsrc%5Etfw\">June 26, 2021<\/a><\/p><\/blockquote>\n<p><script async data-src=\"https:\/\/platform.twitter.com\/widgets.js\" charset=\"utf-8\"><\/script><\/div>\n<p>&#8211; To najgorsza kraksa w historii Tour de France, jak\u0105 kiedykolwiek widzia\u0142em \u2013 pisali kibice, a z lotu ptaka wygl\u0105da\u0142o to tak:<\/p>\n<div class=\"embed-controller-wrapper\">\n<blockquote class=\"twitter-tweet\" data-width=\"500\" data-dnt=\"true\">\n<p lang=\"en\" dir=\"ltr\">The worst Tour de France crash I&#39;ve ever seen <a href=\"https:\/\/t.co\/1jngQE1pYg\">pic.twitter.com\/1jngQE1pYg<\/a><\/p>\n<p>&mdash; daniel mcmahon (@cyclingreporter) <a href=\"https:\/\/twitter.com\/cyclingreporter\/status\/1408790550195625984?ref_src=twsrc%5Etfw\">June 26, 2021<\/a><\/p><\/blockquote>\n<p><script async data-src=\"https:\/\/platform.twitter.com\/widgets.js\" charset=\"utf-8\"><\/script><\/div>\n<p>Organizatorzy wy\u015bcigu ju\u017c zapowiedzieli, \u017ce nie b\u0119d\u0105 tolerowali tak nieodpowiedzialnego zachowania i wobec kobiety zostan\u0105 wyci\u0105gni\u0119te konsekwencje.<\/p>\n<h2><strong>Francuzi triumfuj\u0105<\/strong><\/h2>\n<p>7 km do ko\u0144ca pierwszego etapu dosz\u0142o do kolejnej kraksy, w kt\u00f3rej zn\u00f3w wzi\u0119\u0142a udzia\u0142 wi\u0119kszo\u015b\u0107 peletonu. Mocno poobijamy by\u0142 m.in. Christopher Froome (Israel Start-Up Nation), dla kt\u00f3rego mia\u0142 to by\u0107 szczeg\u00f3lny wy\u015bcig. Upadek by\u0142 tak bolesny, \u017ce pi\u0119ciokrotny zwyci\u0119zca Wielkiej P\u0119tli rozwa\u017ca\u0142 wycofanie si\u0119, ale nazajutrz stan\u0105\u0142 jednak na starcie.<\/p>\n<p>Pierwszy, dramatyczny etap, wygra\u0142 Julian Alaphilippe (Deceuninck \u2013 Quick Step), kt\u00f3ry wyprzedzi\u0142 Michaela Matthewsa (Team BikeExchange) i Primo\u017ca Roglicia (Team Jumbo-Visma).<\/p>\n<div class=\"embed-controller-wrapper\">\n<blockquote class=\"twitter-tweet\" data-width=\"500\" data-dnt=\"true\">\n<p lang=\"fr\" dir=\"ltr\">\ud83c\udfac Revivez la tension et l&#39;\u00e9motion de cette premi\u00e8re \u00e9tape h\u00e9las marqu\u00e9e par des chutes mais aussi par le magnifique num\u00e9ro du champion du monde \ud83c\uddeb\ud83c\uddf7 <a href=\"https:\/\/twitter.com\/alafpolak1?ref_src=twsrc%5Etfw\">@alafpolak1<\/a> ! <\/p>\n<p>\u23e9 Voici le r\u00e9sum\u00e9 de l&#39;\u00e9tape 1 du <a href=\"https:\/\/twitter.com\/hashtag\/TDF2021?src=hash&amp;ref_src=twsrc%5Etfw\">#TDF2021<\/a> <a href=\"https:\/\/t.co\/6kXzKAFgaP\">pic.twitter.com\/6kXzKAFgaP<\/a><\/p>\n<p>&mdash; Tour de France\u2122 (@LeTour) <a href=\"https:\/\/twitter.com\/LeTour\/status\/1408873149798797314?ref_src=twsrc%5Etfw\">June 26, 2021<\/a><\/p><\/blockquote>\n<p><script async data-src=\"https:\/\/platform.twitter.com\/widgets.js\" charset=\"utf-8\"><\/script><\/div>\n<p>&#8211; Zesp\u00f3\u0142 wykona\u0142 dla mnie kawa\u0142 roboty. By\u0142em im winny t\u0105 wygran\u0105. Ca\u0142y czas we mnie wierzyli \u2013 cieszy\u0142 si\u0119 na mecie Francuz.<\/p>\n<h2><strong>Zwyci\u0119stwo dla dziadka<\/strong><\/h2>\n<p>Z kolei w niedziel\u0119 szampany wystrzeli\u0142 w ekipie Alpecin-Fenix, bo pierwszy na met\u0119 wpad\u0142 Mathieu van der Poel, kt\u00f3ry wyprzedzi\u0142 Tadeja Pogacara (UAE Team Emirates) i Roglicia.<\/p>\n<p>Van der Poel od pocz\u0105tku by\u0142 bardzo aktywny, zbiera\u0142 g\u00f3rskie bonifikaty i nie do\u015b\u0107, \u017ce wygra\u0142 etap, to jeszcze przej\u0105\u0142 \u017c\u00f3\u0142t\u0105 koszulk\u0119 lidera.<\/p>\n<p>&#8211; Dowiedzia\u0142em si\u0119 o tym jakie\u015b pi\u0119\u0107 minut po mini\u0119ciu linii mety. To co\u015b niesamowitego! O czym my\u015bla\u0142em na finiszu? Oczywi\u015bcie o moim dziadku \u2013 m\u00f3wi\u0142 wzruszony Holender.<\/p>\n<div class=\"embed-controller-wrapper\">\n<blockquote class=\"twitter-tweet\" data-width=\"500\" data-dnt=\"true\">\n<p lang=\"fr\" dir=\"ltr\">\ud83d\udc9b \ud83c\uddf3\ud83c\uddf1<a href=\"https:\/\/twitter.com\/mathieuvdpoel?ref_src=twsrc%5Etfw\">@mathieuvdpoel<\/a> au nom du Grand-P\u00e8re ! <\/p>\n<p>\ud83c\udfc6 A M\u00fbr-de-Bretagne, le petit-fils de Poupou remporte l&#39;\u00e9tape et prend le fameux Maillot Jaune !<\/p>\n<p>\ud83c\udfac Voici le r\u00e9sum\u00e9 de l&#39;\u00e9tape 2 du <a href=\"https:\/\/twitter.com\/hashtag\/TDF2021?src=hash&amp;ref_src=twsrc%5Etfw\">#TDF2021<\/a> <a href=\"https:\/\/t.co\/3ms2sbSYzx\">pic.twitter.com\/3ms2sbSYzx<\/a><\/p>\n<p>&mdash; Tour de France\u2122 (@LeTour) <a href=\"https:\/\/twitter.com\/LeTour\/status\/1409208361992740864?ref_src=twsrc%5Etfw\">June 27, 2021<\/a><\/p><\/blockquote>\n<p><script async data-src=\"https:\/\/platform.twitter.com\/widgets.js\" charset=\"utf-8\"><\/script><\/div>\n<p>Tym samym tegoroczny Tour de France napisa\u0142 pierwsz\u0105 pi\u0119kn\u0105 histori\u0119, bo dziadek van der Poela to Raymond Poulidor. Legendarny medalista mistrzostw \u015bwiata, zwyci\u0119zca klasyfikacji generalnej Vuelta a Espana w 1964 r. oraz siedmiokrotny zwyci\u0119zca etapu Tour de France,\u00a0 na kt\u00f3rego podium klasyfikacji generalnej sta\u0142 a\u017c osiem razy! I to w\u0142a\u015bnie zmar\u0142emu p\u00f3\u0142tora roku temu Poulidorowi cze\u015b\u0107 oddali zawodnicy Alpecin-Fenix tu\u017c przed startem Tour de France, wykonuj\u0105c sesj\u0119 zdj\u0119ciow\u0105 stylizowan\u0105 na czas, gdy legendarny sportowiec dzieli\u0142 i rz\u0105dzi\u0142 na kolarskich trasach.<\/p>\n<p>https:\/\/www.instagram.com\/p\/CQgol_chR7S\/?utm_source=ig_web_copy_link<\/p>\n<p>Najpi\u0119kniejszy ho\u0142d odda\u0142 mu jednak wnuk, niedzielnym zwyci\u0119stwem na drugim etapie Wielkiej P\u0119tli.<\/p>\n<h2><strong>Jedziemy dalej!<\/strong><\/h2>\n<p>Teraz zawodnik\u00f3w czekaj\u0105 dwa dni \u015bcigania po p\u0142askich trasach, a w \u015brod\u0119 odb\u0119dzie si\u0119 jazda na czas z Change do Laval (27,2 km). Z kolei nast\u0119pny weekend zawodnicy sp\u0119dz\u0105 ju\u017c w g\u00f3rach. No to jedziemy!<\/p>\n<p><strong><span data-sheets-value=\"{&quot;1&quot;:2,&quot;2&quot;:&quot;Artyku\u0142 powsta\u0142 we wsp\u00f3\u0142pracy ze skoda-auto.pl&quot;}\" data-sheets-userformat=\"{&quot;2&quot;:1,&quot;3&quot;:{&quot;1&quot;:0}}\" data-sheets-hyperlink=\"http:\/\/www.skoda-auto.pl\/\"><a class=\"in-cell-link\" href=\"http:\/\/www.skoda-auto.pl\/\" target=\"_blank\" rel=\"noopener noreferrer\">Artyku\u0142 powsta\u0142 we wsp\u00f3\u0142pracy ze skoda-auto.pl<\/a><\/span><\/strong><\/p>\n<p><a href=\"https:\/\/www.skoda-auto.pl\/modele\/karoq\"><img loading=\"lazy\" decoding=\"async\" class=\"size-full wp-image-11629 aligncenter\" src=\"https:\/\/d2p6e6u75xmxt8.cloudfront.net\/5\/2021\/12\/640x350-3-1.jpg\" alt=\"\" width=\"640\" height=\"350\" srcset=\"https:\/\/d2p6e6u75xmxt8.cloudfront.net\/5\/2021\/12\/640x350-3-1.jpg 640w, https:\/\/d2p6e6u75xmxt8.cloudfront.net\/5\/2021\/12\/640x350-3-1-300x164.jpg 300w\" sizes=\"auto, (max-width: 640px) 100vw, 640px\" \/><\/a><\/p>\n","protected":false},"excerpt":{"rendered":"<p>By\u0142o wszystko: dramaty, zaskoczenia i pi\u0119kne historie. Za nami otwarcie Tour de France, kt\u00f3re po raz kolejny udowodni\u0142o, \u017ce to [&hellip;]<\/p>\n","protected":false},"author":125,"featured_media":11879,"comment_status":"open","ping_status":"open","sticky":false,"template":"","format":"standard","meta":{"footnotes":""},"categories":[358],"tags":[359],"global-categories":[303],"class_list":["post-11876","post","type-post","status-publish","format-standard","has-post-thumbnail","hentry","category-tour-de-france-2021","tag-tour-de-france-2021","global-categories-cycling"],"yoast_head":"<!-- This site is optimized with the Yoast SEO Premium plugin v25.3 (Yoast SEO v25.9) - https:\/\/yoast.com\/wordpress\/plugins\/seo\/ -->\n<title>Zacz\u0119\u0142o si\u0119! Wzruszaj\u0105ce i dramatyczne historie na Tour de France - \u0160koda We Love Cycling - Poland<\/title>\n<meta name=\"robots\" content=\"index, follow, max-snippet:-1, max-image-preview:large, max-video-preview:-1\" \/>\n<link rel=\"canonical\" href=\"https:\/\/www.welovecycling.com\/pl\/2021\/06\/28\/zaczelo-sie-wzruszajace-i-dramatyczne-historie-na-tour-de-france\/\" \/>\n<meta property=\"og:locale\" content=\"pl_PL\" \/>\n<meta property=\"og:type\" content=\"article\" \/>\n<meta property=\"og:title\" content=\"Zacz\u0119\u0142o si\u0119! Wzruszaj\u0105ce i dramatyczne historie na Tour de France\" \/>\n<meta property=\"og:description\" content=\"By\u0142o wszystko: dramaty, zaskoczenia i pi\u0119kne historie. Za nami otwarcie Tour de France, kt\u00f3re po raz kolejny udowodni\u0142o, \u017ce to [&hellip;]\" \/>\n<meta property=\"og:url\" content=\"https:\/\/www.welovecycling.com\/pl\/2021\/06\/28\/zaczelo-sie-wzruszajace-i-dramatyczne-historie-na-tour-de-france\/\" \/>\n<meta property=\"og:site_name\" content=\"\u0160koda We Love Cycling - Poland\" \/>\n<meta property=\"article:published_time\" content=\"2021-06-28T13:03:22+00:00\" \/>\n<meta property=\"article:modified_time\" content=\"2021-06-28T13:07:14+00:00\" \/>\n<meta property=\"og:image\" content=\"https:\/\/d2p6e6u75xmxt8.cloudfront.net\/5\/2021\/06\/Tour-de-France-SUPERB-profimedia-0558309229-CVR-1024x447-1.jpg\" \/>\n\t<meta property=\"og:image:width\" content=\"1024\" \/>\n\t<meta property=\"og:image:height\" content=\"447\" \/>\n\t<meta property=\"og:image:type\" content=\"image\/jpeg\" \/>\n<meta name=\"author\" content=\"oktawiamikulska\" \/>\n<meta name=\"twitter:card\" content=\"summary_large_image\" \/>\n<meta name=\"twitter:label1\" content=\"Written by\" \/>\n\t<meta name=\"twitter:data1\" content=\"Piotr Nowik\" \/>\n\t<meta name=\"twitter:label2\" content=\"Est. reading time\" \/>\n\t<meta name=\"twitter:data2\" content=\"3 minutes\" \/>\n<script type=\"application\/ld+json\" class=\"yoast-schema-graph\">{\"@context\":\"https:\/\/schema.org\",\"@graph\":[{\"@type\":\"WebPage\",\"@id\":\"https:\/\/www.welovecycling.com\/pl\/2021\/06\/28\/zaczelo-sie-wzruszajace-i-dramatyczne-historie-na-tour-de-france\/\",\"url\":\"https:\/\/www.welovecycling.com\/pl\/2021\/06\/28\/zaczelo-sie-wzruszajace-i-dramatyczne-historie-na-tour-de-france\/\",\"name\":\"Zacz\u0119\u0142o si\u0119! Wzruszaj\u0105ce i dramatyczne historie na Tour de France - \u0160koda We Love Cycling - Poland\",\"isPartOf\":{\"@id\":\"https:\/\/www.welovecycling.com\/pl\/#website\"},\"primaryImageOfPage\":{\"@id\":\"https:\/\/www.welovecycling.com\/pl\/2021\/06\/28\/zaczelo-sie-wzruszajace-i-dramatyczne-historie-na-tour-de-france\/#primaryimage\"},\"image\":{\"@id\":\"https:\/\/www.welovecycling.com\/pl\/2021\/06\/28\/zaczelo-sie-wzruszajace-i-dramatyczne-historie-na-tour-de-france\/#primaryimage\"},\"thumbnailUrl\":\"https:\/\/d2p6e6u75xmxt8.cloudfront.net\/5\/2021\/06\/Tour-de-France-SUPERB-profimedia-0558309229-CVR-1024x447-1.jpg\",\"datePublished\":\"2021-06-28T13:03:22+00:00\",\"dateModified\":\"2021-06-28T13:07:14+00:00\",\"author\":{\"@id\":\"https:\/\/www.welovecycling.com\/pl\/#\/schema\/person\/4a79bac7bd265aa6a35a1079d36648be\"},\"breadcrumb\":{\"@id\":\"https:\/\/www.welovecycling.com\/pl\/2021\/06\/28\/zaczelo-sie-wzruszajace-i-dramatyczne-historie-na-tour-de-france\/#breadcrumb\"},\"inLanguage\":\"pl-PL\",\"potentialAction\":[{\"@type\":\"ReadAction\",\"target\":[\"https:\/\/www.welovecycling.com\/pl\/2021\/06\/28\/zaczelo-sie-wzruszajace-i-dramatyczne-historie-na-tour-de-france\/\"]}]},{\"@type\":\"ImageObject\",\"inLanguage\":\"pl-PL\",\"@id\":\"https:\/\/www.welovecycling.com\/pl\/2021\/06\/28\/zaczelo-sie-wzruszajace-i-dramatyczne-historie-na-tour-de-france\/#primaryimage\",\"url\":\"https:\/\/d2p6e6u75xmxt8.cloudfront.net\/5\/2021\/06\/Tour-de-France-SUPERB-profimedia-0558309229-CVR-1024x447-1.jpg\",\"contentUrl\":\"https:\/\/d2p6e6u75xmxt8.cloudfront.net\/5\/2021\/06\/Tour-de-France-SUPERB-profimedia-0558309229-CVR-1024x447-1.jpg\",\"width\":1024,\"height\":447},{\"@type\":\"BreadcrumbList\",\"@id\":\"https:\/\/www.welovecycling.com\/pl\/2021\/06\/28\/zaczelo-sie-wzruszajace-i-dramatyczne-historie-na-tour-de-france\/#breadcrumb\",\"itemListElement\":[{\"@type\":\"ListItem\",\"position\":1,\"name\":\"Home\",\"item\":\"https:\/\/www.welovecycling.com\/pl\/\"},{\"@type\":\"ListItem\",\"position\":2,\"name\":\"Zacz\u0119\u0142o si\u0119! Wzruszaj\u0105ce i dramatyczne historie na Tour de France\"}]},{\"@type\":\"WebSite\",\"@id\":\"https:\/\/www.welovecycling.com\/pl\/#website\",\"url\":\"https:\/\/www.welovecycling.com\/pl\/\",\"name\":\"\u0160koda We Love Cycling - Poland\",\"description\":\"\",\"potentialAction\":[{\"@type\":\"SearchAction\",\"target\":{\"@type\":\"EntryPoint\",\"urlTemplate\":\"https:\/\/www.welovecycling.com\/pl\/?s={search_term_string}\"},\"query-input\":{\"@type\":\"PropertyValueSpecification\",\"valueRequired\":true,\"valueName\":\"search_term_string\"}}],\"inLanguage\":\"pl-PL\"},{\"@type\":\"Person\",\"@id\":\"https:\/\/www.welovecycling.com\/pl\/#\/schema\/person\/4a79bac7bd265aa6a35a1079d36648be\",\"name\":\"oktawiamikulska\",\"image\":{\"@type\":\"ImageObject\",\"inLanguage\":\"pl-PL\",\"@id\":\"https:\/\/www.welovecycling.com\/pl\/#\/schema\/person\/image\/\",\"url\":\"https:\/\/secure.gravatar.com\/avatar\/b97a3f44e2de6d2f8dd358975937e49823662e12cbd810b9d1a2bff1c149e8a7?s=96&d=mm&r=g\",\"contentUrl\":\"https:\/\/secure.gravatar.com\/avatar\/b97a3f44e2de6d2f8dd358975937e49823662e12cbd810b9d1a2bff1c149e8a7?s=96&d=mm&r=g\",\"caption\":\"oktawiamikulska\"},\"url\":\"https:\/\/www.welovecycling.com\/pl\/author\/oktawiamikulska\/\"}]}<\/script>\n<!-- \/ Yoast SEO Premium plugin. -->","yoast_head_json":{"title":"Zacz\u0119\u0142o si\u0119! Wzruszaj\u0105ce i dramatyczne historie na Tour de France - \u0160koda We Love Cycling - Poland","robots":{"index":"index","follow":"follow","max-snippet":"max-snippet:-1","max-image-preview":"max-image-preview:large","max-video-preview":"max-video-preview:-1"},"canonical":"https:\/\/www.welovecycling.com\/pl\/2021\/06\/28\/zaczelo-sie-wzruszajace-i-dramatyczne-historie-na-tour-de-france\/","og_locale":"pl_PL","og_type":"article","og_title":"Zacz\u0119\u0142o si\u0119! Wzruszaj\u0105ce i dramatyczne historie na Tour de France","og_description":"By\u0142o wszystko: dramaty, zaskoczenia i pi\u0119kne historie. Za nami otwarcie Tour de France, kt\u00f3re po raz kolejny udowodni\u0142o, \u017ce to [&hellip;]","og_url":"https:\/\/www.welovecycling.com\/pl\/2021\/06\/28\/zaczelo-sie-wzruszajace-i-dramatyczne-historie-na-tour-de-france\/","og_site_name":"\u0160koda We Love Cycling - Poland","article_published_time":"2021-06-28T13:03:22+00:00","article_modified_time":"2021-06-28T13:07:14+00:00","og_image":[{"width":1024,"height":447,"url":"https:\/\/d2p6e6u75xmxt8.cloudfront.net\/5\/2021\/06\/Tour-de-France-SUPERB-profimedia-0558309229-CVR-1024x447-1.jpg","type":"image\/jpeg"}],"author":"oktawiamikulska","twitter_card":"summary_large_image","twitter_misc":{"Written by":"Piotr Nowik","Est. reading time":"3 minutes"},"schema":{"@context":"https:\/\/schema.org","@graph":[{"@type":"WebPage","@id":"https:\/\/www.welovecycling.com\/pl\/2021\/06\/28\/zaczelo-sie-wzruszajace-i-dramatyczne-historie-na-tour-de-france\/","url":"https:\/\/www.welovecycling.com\/pl\/2021\/06\/28\/zaczelo-sie-wzruszajace-i-dramatyczne-historie-na-tour-de-france\/","name":"Zacz\u0119\u0142o si\u0119! Wzruszaj\u0105ce i dramatyczne historie na Tour de France - \u0160koda We Love Cycling - Poland","isPartOf":{"@id":"https:\/\/www.welovecycling.com\/pl\/#website"},"primaryImageOfPage":{"@id":"https:\/\/www.welovecycling.com\/pl\/2021\/06\/28\/zaczelo-sie-wzruszajace-i-dramatyczne-historie-na-tour-de-france\/#primaryimage"},"image":{"@id":"https:\/\/www.welovecycling.com\/pl\/2021\/06\/28\/zaczelo-sie-wzruszajace-i-dramatyczne-historie-na-tour-de-france\/#primaryimage"},"thumbnailUrl":"https:\/\/d2p6e6u75xmxt8.cloudfront.net\/5\/2021\/06\/Tour-de-France-SUPERB-profimedia-0558309229-CVR-1024x447-1.jpg","datePublished":"2021-06-28T13:03:22+00:00","dateModified":"2021-06-28T13:07:14+00:00","author":{"@id":"https:\/\/www.welovecycling.com\/pl\/#\/schema\/person\/4a79bac7bd265aa6a35a1079d36648be"},"breadcrumb":{"@id":"https:\/\/www.welovecycling.com\/pl\/2021\/06\/28\/zaczelo-sie-wzruszajace-i-dramatyczne-historie-na-tour-de-france\/#breadcrumb"},"inLanguage":"pl-PL","potentialAction":[{"@type":"ReadAction","target":["https:\/\/www.welovecycling.com\/pl\/2021\/06\/28\/zaczelo-sie-wzruszajace-i-dramatyczne-historie-na-tour-de-france\/"]}]},{"@type":"ImageObject","inLanguage":"pl-PL","@id":"https:\/\/www.welovecycling.com\/pl\/2021\/06\/28\/zaczelo-sie-wzruszajace-i-dramatyczne-historie-na-tour-de-france\/#primaryimage","url":"https:\/\/d2p6e6u75xmxt8.cloudfront.net\/5\/2021\/06\/Tour-de-France-SUPERB-profimedia-0558309229-CVR-1024x447-1.jpg","contentUrl":"https:\/\/d2p6e6u75xmxt8.cloudfront.net\/5\/2021\/06\/Tour-de-France-SUPERB-profimedia-0558309229-CVR-1024x447-1.jpg","width":1024,"height":447},{"@type":"BreadcrumbList","@id":"https:\/\/www.welovecycling.com\/pl\/2021\/06\/28\/zaczelo-sie-wzruszajace-i-dramatyczne-historie-na-tour-de-france\/#breadcrumb","itemListElement":[{"@type":"ListItem","position":1,"name":"Home","item":"https:\/\/www.welovecycling.com\/pl\/"},{"@type":"ListItem","position":2,"name":"Zacz\u0119\u0142o si\u0119! Wzruszaj\u0105ce i dramatyczne historie na Tour de France"}]},{"@type":"WebSite","@id":"https:\/\/www.welovecycling.com\/pl\/#website","url":"https:\/\/www.welovecycling.com\/pl\/","name":"\u0160koda We Love Cycling - Poland","description":"","potentialAction":[{"@type":"SearchAction","target":{"@type":"EntryPoint","urlTemplate":"https:\/\/www.welovecycling.com\/pl\/?s={search_term_string}"},"query-input":{"@type":"PropertyValueSpecification","valueRequired":true,"valueName":"search_term_string"}}],"inLanguage":"pl-PL"},{"@type":"Person","@id":"https:\/\/www.welovecycling.com\/pl\/#\/schema\/person\/4a79bac7bd265aa6a35a1079d36648be","name":"oktawiamikulska","image":{"@type":"ImageObject","inLanguage":"pl-PL","@id":"https:\/\/www.welovecycling.com\/pl\/#\/schema\/person\/image\/","url":"https:\/\/secure.gravatar.com\/avatar\/b97a3f44e2de6d2f8dd358975937e49823662e12cbd810b9d1a2bff1c149e8a7?s=96&d=mm&r=g","contentUrl":"https:\/\/secure.gravatar.com\/avatar\/b97a3f44e2de6d2f8dd358975937e49823662e12cbd810b9d1a2bff1c149e8a7?s=96&d=mm&r=g","caption":"oktawiamikulska"},"url":"https:\/\/www.welovecycling.com\/pl\/author\/oktawiamikulska\/"}]}},"_links":{"self":[{"href":"https:\/\/www.welovecycling.com\/pl\/wp-json\/wp\/v2\/posts\/11876","targetHints":{"allow":["GET"]}}],"collection":[{"href":"https:\/\/www.welovecycling.com\/pl\/wp-json\/wp\/v2\/posts"}],"about":[{"href":"https:\/\/www.welovecycling.com\/pl\/wp-json\/wp\/v2\/types\/post"}],"author":[{"embeddable":true,"href":"https:\/\/www.welovecycling.com\/pl\/wp-json\/wp\/v2\/users\/125"}],"replies":[{"embeddable":true,"href":"https:\/\/www.welovecycling.com\/pl\/wp-json\/wp\/v2\/comments?post=11876"}],"version-history":[{"count":2,"href":"https:\/\/www.welovecycling.com\/pl\/wp-json\/wp\/v2\/posts\/11876\/revisions"}],"predecessor-version":[{"id":11881,"href":"https:\/\/www.welovecycling.com\/pl\/wp-json\/wp\/v2\/posts\/11876\/revisions\/11881"}],"wp:featuredmedia":[{"embeddable":true,"href":"https:\/\/www.welovecycling.com\/pl\/wp-json\/wp\/v2\/media\/11879"}],"wp:attachment":[{"href":"https:\/\/www.welovecycling.com\/pl\/wp-json\/wp\/v2\/media?parent=11876"}],"wp:term":[{"taxonomy":"category","embeddable":true,"href":"https:\/\/www.welovecycling.com\/pl\/wp-json\/wp\/v2\/categories?post=11876"},{"taxonomy":"post_tag","embeddable":true,"href":"https:\/\/www.welovecycling.com\/pl\/wp-json\/wp\/v2\/tags?post=11876"},{"taxonomy":"global-categories","embeddable":true,"href":"https:\/\/www.welovecycling.com\/pl\/wp-json\/wp\/v2\/global-categories?post=11876"}],"curies":[{"name":"wp","href":"https:\/\/api.w.org\/{rel}","templated":true}]}}