{"id":11863,"date":"2021-06-25T11:56:50","date_gmt":"2021-06-25T11:56:50","guid":{"rendered":"https:\/\/www.welovecycling.com\/pl\/?p=11863"},"modified":"2021-06-28T13:07:40","modified_gmt":"2021-06-28T13:07:40","slug":"kolarski-swiat-czekal-miesiacami-startuje-tour-de-france","status":"publish","type":"post","link":"https:\/\/www.welovecycling.com\/pl\/2021\/06\/25\/kolarski-swiat-czekal-miesiacami-startuje-tour-de-france\/","title":{"rendered":"Kolarski \u015bwiat czeka\u0142 miesi\u0105cami\u2026 Startuje Tour de France!"},"content":{"rendered":"<p><strong>Terminarz przeanalizowany? Czas zarezerwowany? Trasa rozpracowana? No to ruszamy z najwi\u0119kszym wy\u015bcigiem \u015bwiata! W sobot\u0119 rozpoczyna si\u0119 108. Tour de France.<\/strong><\/p>\n<p>Ju\u017c tylko godziny dziel\u0105 nas od startu kolarskiego \u015bwi\u0119ta. Mechanicy dokonuj\u0105 ostatnich poprawek, zawodnicy analizuj\u0105 najbli\u017csze etapy, a kibice ostrz\u0105 sobie z\u0119by. A jest na co, bo tegoroczny Tour de France zapowiada si\u0119 wyj\u0105tkowo smakowicie.<\/p>\n<h2><strong>Zosta\u0142y ju\u017c tylko godziny\u2026<\/strong><\/h2>\n<p>Jeszcze kilka miesi\u0119cy temu ca\u0142y kolarski \u015bwiat zastanawia\u0142 si\u0119, czy ta pi\u0119kna impreza oprze si\u0119 koronawirusowi. Do tej pory Wielk\u0105 P\u0119tl\u0119 w stanie by\u0142y zatrzyma\u0107 tylko wojny \u015bwiatowe, ale tym razem magia sportu te\u017c zwyci\u0119\u017cy\u0142a i na starcie zn\u00f3w b\u0119dzie pi\u0119knie i normalnie. Tegoroczna Wielka P\u0119tla mia\u0142a zaczyna\u0107 si\u0119 w Danii, ale z racji rozgrywanych tam mistrzostw Europy w pi\u0142ce no\u017cnej postanowiono, \u017ce Grand Depart w Kopenhadze odb\u0119dzie si\u0119 w 2022 r., za to tegoroczny w Bre\u015bcie. W centrum miasta po\u0142o\u017conego w p\u00f3\u0142nocno-zachodniej Francji ju\u017c kilka miesi\u0119cy temu postawiono wielki zegar, kt\u00f3ry odlicza czas do godziny zero, czyli sobotniego startu.<\/p>\n<div class=\"embed-controller-wrapper\">\n<blockquote class=\"twitter-tweet\" data-width=\"500\" data-dnt=\"true\">\n<p lang=\"fr\" dir=\"ltr\">ICYMI<\/p>\n<p>\u23f3 The Grand D\u00e9part countdown clock has been installed in Brest! See you there on the 26th June for the 1st stage&#8230;<\/p>\n<p>\u23f3 Le compte-\u00e0-rebours officiel du Grand D\u00e9part a \u00e9t\u00e9 install\u00e9 \u00e0 Brest ! Rendez-vous le 26 juin pour la premi\u00e8re \u00e9tape !<a href=\"https:\/\/twitter.com\/hashtag\/TDF2021?src=hash&amp;ref_src=twsrc%5Etfw\">#TDF2021<\/a> <a href=\"https:\/\/t.co\/2RSMqeOYKX\">pic.twitter.com\/2RSMqeOYKX<\/a><\/p>\n<p>&mdash; Tour de France\u2122 (@LeTour) <a href=\"https:\/\/twitter.com\/LeTour\/status\/1324724468984487936?ref_src=twsrc%5Etfw\">November 6, 2020<\/a><\/p><\/blockquote>\n<p><script async data-src=\"https:\/\/platform.twitter.com\/widgets.js\" charset=\"utf-8\"><\/script><\/div>\n<h2><strong>Droga na Pola Elizejskie<\/strong><\/h2>\n<p>Pierwszy etap b\u0119dzie liczy\u0142 blisko 200 km, poprowadzi z Brestu do Landerneau i rozpocznie jazd\u0119 po terenie p\u0142askim oraz pag\u00f3rkowatym. Tak b\u0119dzie wygl\u0105da\u0142 niemal ca\u0142y pierwszy tydzie\u0144 \u015bcigania (w \u015brod\u0119 zostanie rozegrana czas\u00f3wka), kt\u00f3ry zako\u0144czy pi\u0105tkowy i najd\u0142u\u017cszy etap w tegorocznym Tour de France, czyli blisko 250-kilometrowy przejazd z Vierzon do Le Creusot. P\u00f3\u017aniej do g\u0142osu dojd\u0105 g\u00f3rale, kt\u00f3rzy sprawdz\u0105 si\u0142y w alpejskich podjazdach. Po dw\u00f3ch g\u00f3rskich przejazdach nast\u0105pi dzie\u0144 przerwy, po kt\u00f3rych zn\u00f3w zaczn\u0105 si\u0119 blisko 200-kilometrowe etapy, kt\u00f3re poprowadz\u0105 zawodnik\u00f3w pod Mont Ventoux. Legendarna kolarska g\u00f3ra, kt\u00f3ra niekt\u00f3rym zawodnikom \u015bni si\u0119 w koszmarach, mo\u017ce mocno rozerwa\u0107 peleton i oddzieli\u0107 zawodnik\u00f3w, kt\u00f3rzy b\u0119d\u0105 walczyli o zwyci\u0119stwo od tych, kt\u00f3rych zadaniem b\u0119dzie ju\u017c tylko przejechanie wy\u015bcigu, ewentualnie wygranie etapu. Wiele wyja\u015bni si\u0119 mi\u0119dzy 11 a 15 lipca, gdy zawodnicy zahacz\u0105 o Andor\u0119 i stocz\u0105 bitw\u0119 w Pirenejach. Ci, kt\u00f3rym s\u0142abiej p\u00f3jdzie w g\u00f3rach, b\u0119d\u0105 jeszcze mogli odku\u0107 si\u0119 jeszcze podczas jazdy na czas z Libourne do Saint-Emilion (30,8 km). Po niej b\u0119dzie ju\u017c wiadomo, kto nazajutrz b\u0119dzie \u015bwi\u0119towa\u0142 na Polach Elizejskich.<\/p>\n<div class=\"embed-controller-wrapper\">\n<blockquote class=\"twitter-tweet\" data-width=\"500\" data-dnt=\"true\">\n<p lang=\"en\" dir=\"ltr\">\ud83d\udc9b Ready to re-discover the Tour de France?<\/p>\n<p>\ud83e\udd29 Join the Tour de France Club free!<\/p>\n<p>\ud83d\udcfb Listen to Radio Tour<br \/> \ud83d\udcaa Vote for the <a href=\"https:\/\/twitter.com\/PrixAntargaz?ref_src=twsrc%5Etfw\">@PrixAntargaz<\/a> everyday<br \/>\u23e9 Watch exclusive videos<br \/>And more&#8230;<\/p>\n<p>\ud83d\udcf2 <a href=\"https:\/\/t.co\/AqDOcH66Xg\">https:\/\/t.co\/AqDOcH66Xg<\/a> <a href=\"https:\/\/t.co\/x3U9QyywlF\">pic.twitter.com\/x3U9QyywlF<\/a><\/p>\n<p>&mdash; Tour de France\u2122 (@LeTour) <a href=\"https:\/\/twitter.com\/LeTour\/status\/1406926619822989315?ref_src=twsrc%5Etfw\">June 21, 2021<\/a><\/p><\/blockquote>\n<p><script async data-src=\"https:\/\/platform.twitter.com\/widgets.js\" charset=\"utf-8\"><\/script><\/div>\n<h2><strong>Walka lider\u00f3w <\/strong><\/h2>\n<p>Wed\u0142ug ekspert\u00f3w g\u0142\u00f3wnym faworytem do wygrania Tour de France jest zesz\u0142oroczny zwyci\u0119zca Tadej Pogacar (UAE team Emirates). Ogromn\u0105 ch\u0119\u0107 rewan\u017cu ma jednak Primo\u017c Rogli\u0107, kt\u00f3ry w poprzedniej edycji wygran\u0105 straci\u0142 niemal na ostatniej prostej. Plany S\u0142owe\u0144com chce pokrzy\u017cowa\u0107 ekipa Ineos Grenadiers z Eganem Bernalem i Richardem Carapazem na czele, kt\u00f3ra w poprzedniej edycji zosta\u0142a zdetronizowana (zawodnicy tego zespo\u0142y wygrali pi\u0119\u0107 wcze\u015bniejszych Tour de France z rz\u0119du). Po\u015brednio b\u0119d\u0105 ze sob\u0105 rywalizowali r\u00f3wnie\u017c Polacy. Micha\u0142 Kwiatkowski zosta\u0142 g\u0142\u00f3wnym pomocnikiem lider\u00f3w Ineos Grenadiers, za to Rafa\u0142 Majka b\u0119dzie torowa\u0142 drog\u0119 Pogacarowi. \u2013 Jestem liderem naszego zespo\u0142u, ale w roli kapitana ekipy lepiej ode mnie sprawdz\u0105 si\u0119 Rafa\u0142, Vegard Stake Laengen czy Rui Costa \u2013 m\u00f3wi\u0142 Pogacar na konferencji przed startem <a href=\"https:\/\/twitter.com\/i\/broadcasts\/1YpKkzNwmvVxj\">Wielkiej P\u0119tli<\/a>.<\/p>\n<p>Fani kolarstwa, jeste\u015bcie gotowi? No to startujemy! Pocz\u0105tek 108. Tour de France w sobot\u0119, zako\u0144czenie 18 lipca.<\/p>\n<p><span data-sheets-value=\"{&quot;1&quot;:2,&quot;2&quot;:&quot;Artyku\u0142 powsta\u0142 we wsp\u00f3\u0142pracy ze skoda-auto.pl&quot;}\" data-sheets-userformat=\"{&quot;2&quot;:1,&quot;3&quot;:{&quot;1&quot;:0}}\" data-sheets-hyperlink=\"http:\/\/www.skoda-auto.pl\/\"><a class=\"in-cell-link\" href=\"http:\/\/www.skoda-auto.pl\/\" target=\"_blank\" rel=\"noopener noreferrer\">Artyku\u0142 powsta\u0142 we wsp\u00f3\u0142pracy ze skoda-auto.pl<\/a>\u00a0<\/span><\/p>\n<p><a href=\"https:\/\/www.skoda-auto.pl\/modele\/nowa-octavia\"><img loading=\"lazy\" decoding=\"async\" class=\"alignnone size-full wp-image-11630 aligncenter\" src=\"https:\/\/d2p6e6u75xmxt8.cloudfront.net\/5\/2021\/12\/640x350-1.jpg\" alt=\"\" width=\"640\" height=\"350\" srcset=\"https:\/\/d2p6e6u75xmxt8.cloudfront.net\/5\/2021\/12\/640x350-1.jpg 640w, https:\/\/d2p6e6u75xmxt8.cloudfront.net\/5\/2021\/12\/640x350-1-300x164.jpg 300w\" sizes=\"auto, (max-width: 640px) 100vw, 640px\" \/><\/a><\/p>\n","protected":false},"excerpt":{"rendered":"<p>Terminarz przeanalizowany? Czas zarezerwowany? Trasa rozpracowana? No to ruszamy z najwi\u0119kszym wy\u015bcigiem \u015bwiata! W sobot\u0119 rozpoczyna si\u0119 108. Tour de [&hellip;]<\/p>\n","protected":false},"author":125,"featured_media":11866,"comment_status":"open","ping_status":"open","sticky":false,"template":"","format":"standard","meta":{"footnotes":""},"categories":[358],"tags":[359],"global-categories":[303],"class_list":["post-11863","post","type-post","status-publish","format-standard","has-post-thumbnail","hentry","category-tour-de-france-2021","tag-tour-de-france-2021","global-categories-cycling"],"yoast_head":"<!-- This site is optimized with the Yoast SEO Premium plugin v25.3 (Yoast SEO v25.9) - https:\/\/yoast.com\/wordpress\/plugins\/seo\/ -->\n<title>Kolarski \u015bwiat czeka\u0142 miesi\u0105cami\u2026 Startuje Tour de France! - \u0160koda We Love Cycling - Poland<\/title>\n<meta name=\"description\" content=\"Terminarz przeanalizowany? Czas zarezerwowany? Trasa rozpracowana? No to ruszamy z najwi\u0119kszym wy\u015bcigiem \u015bwiata! W sobot\u0119 rozpoczyna si\u0119 108. Tour de France.\" \/>\n<meta name=\"robots\" content=\"index, follow, max-snippet:-1, max-image-preview:large, max-video-preview:-1\" \/>\n<link rel=\"canonical\" href=\"https:\/\/www.welovecycling.com\/pl\/2021\/06\/25\/kolarski-swiat-czekal-miesiacami-startuje-tour-de-france\/\" \/>\n<meta property=\"og:locale\" content=\"pl_PL\" \/>\n<meta property=\"og:type\" content=\"article\" \/>\n<meta property=\"og:title\" content=\"Kolarski \u015bwiat czeka\u0142 miesi\u0105cami\u2026 Startuje Tour de France!\" \/>\n<meta property=\"og:description\" content=\"Terminarz przeanalizowany? Czas zarezerwowany? Trasa rozpracowana? No to ruszamy z najwi\u0119kszym wy\u015bcigiem \u015bwiata! W sobot\u0119 rozpoczyna si\u0119 108. Tour de France.\" \/>\n<meta property=\"og:url\" content=\"https:\/\/www.welovecycling.com\/pl\/2021\/06\/25\/kolarski-swiat-czekal-miesiacami-startuje-tour-de-france\/\" \/>\n<meta property=\"og:site_name\" content=\"\u0160koda We Love Cycling - Poland\" \/>\n<meta property=\"article:published_time\" content=\"2021-06-25T11:56:50+00:00\" \/>\n<meta property=\"article:modified_time\" content=\"2021-06-28T13:07:40+00:00\" \/>\n<meta property=\"og:image\" content=\"https:\/\/d2p6e6u75xmxt8.cloudfront.net\/5\/2021\/06\/Tour-de-France-profimedia-0557094496-CVR-1024x447-1.jpg\" \/>\n\t<meta property=\"og:image:width\" content=\"1024\" \/>\n\t<meta property=\"og:image:height\" content=\"447\" \/>\n\t<meta property=\"og:image:type\" content=\"image\/jpeg\" \/>\n<meta name=\"author\" content=\"oktawiamikulska\" \/>\n<meta name=\"twitter:card\" content=\"summary_large_image\" \/>\n<meta name=\"twitter:label1\" content=\"Written by\" \/>\n\t<meta name=\"twitter:data1\" content=\"Piotr Nowik\" \/>\n\t<meta name=\"twitter:label2\" content=\"Est. reading time\" \/>\n\t<meta name=\"twitter:data2\" content=\"3 minutes\" \/>\n<script type=\"application\/ld+json\" class=\"yoast-schema-graph\">{\"@context\":\"https:\/\/schema.org\",\"@graph\":[{\"@type\":\"WebPage\",\"@id\":\"https:\/\/www.welovecycling.com\/pl\/2021\/06\/25\/kolarski-swiat-czekal-miesiacami-startuje-tour-de-france\/\",\"url\":\"https:\/\/www.welovecycling.com\/pl\/2021\/06\/25\/kolarski-swiat-czekal-miesiacami-startuje-tour-de-france\/\",\"name\":\"Kolarski \u015bwiat czeka\u0142 miesi\u0105cami\u2026 Startuje Tour de France! - \u0160koda We Love Cycling - Poland\",\"isPartOf\":{\"@id\":\"https:\/\/www.welovecycling.com\/pl\/#website\"},\"primaryImageOfPage\":{\"@id\":\"https:\/\/www.welovecycling.com\/pl\/2021\/06\/25\/kolarski-swiat-czekal-miesiacami-startuje-tour-de-france\/#primaryimage\"},\"image\":{\"@id\":\"https:\/\/www.welovecycling.com\/pl\/2021\/06\/25\/kolarski-swiat-czekal-miesiacami-startuje-tour-de-france\/#primaryimage\"},\"thumbnailUrl\":\"https:\/\/d2p6e6u75xmxt8.cloudfront.net\/5\/2021\/06\/Tour-de-France-profimedia-0557094496-CVR-1024x447-1.jpg\",\"datePublished\":\"2021-06-25T11:56:50+00:00\",\"dateModified\":\"2021-06-28T13:07:40+00:00\",\"author\":{\"@id\":\"https:\/\/www.welovecycling.com\/pl\/#\/schema\/person\/4a79bac7bd265aa6a35a1079d36648be\"},\"description\":\"Terminarz przeanalizowany? Czas zarezerwowany? Trasa rozpracowana? No to ruszamy z najwi\u0119kszym wy\u015bcigiem \u015bwiata! W sobot\u0119 rozpoczyna si\u0119 108. Tour de France.\",\"breadcrumb\":{\"@id\":\"https:\/\/www.welovecycling.com\/pl\/2021\/06\/25\/kolarski-swiat-czekal-miesiacami-startuje-tour-de-france\/#breadcrumb\"},\"inLanguage\":\"pl-PL\",\"potentialAction\":[{\"@type\":\"ReadAction\",\"target\":[\"https:\/\/www.welovecycling.com\/pl\/2021\/06\/25\/kolarski-swiat-czekal-miesiacami-startuje-tour-de-france\/\"]}]},{\"@type\":\"ImageObject\",\"inLanguage\":\"pl-PL\",\"@id\":\"https:\/\/www.welovecycling.com\/pl\/2021\/06\/25\/kolarski-swiat-czekal-miesiacami-startuje-tour-de-france\/#primaryimage\",\"url\":\"https:\/\/d2p6e6u75xmxt8.cloudfront.net\/5\/2021\/06\/Tour-de-France-profimedia-0557094496-CVR-1024x447-1.jpg\",\"contentUrl\":\"https:\/\/d2p6e6u75xmxt8.cloudfront.net\/5\/2021\/06\/Tour-de-France-profimedia-0557094496-CVR-1024x447-1.jpg\",\"width\":1024,\"height\":447},{\"@type\":\"BreadcrumbList\",\"@id\":\"https:\/\/www.welovecycling.com\/pl\/2021\/06\/25\/kolarski-swiat-czekal-miesiacami-startuje-tour-de-france\/#breadcrumb\",\"itemListElement\":[{\"@type\":\"ListItem\",\"position\":1,\"name\":\"Home\",\"item\":\"https:\/\/www.welovecycling.com\/pl\/\"},{\"@type\":\"ListItem\",\"position\":2,\"name\":\"Kolarski \u015bwiat czeka\u0142 miesi\u0105cami\u2026 Startuje Tour de France!\"}]},{\"@type\":\"WebSite\",\"@id\":\"https:\/\/www.welovecycling.com\/pl\/#website\",\"url\":\"https:\/\/www.welovecycling.com\/pl\/\",\"name\":\"\u0160koda We Love Cycling - Poland\",\"description\":\"\",\"potentialAction\":[{\"@type\":\"SearchAction\",\"target\":{\"@type\":\"EntryPoint\",\"urlTemplate\":\"https:\/\/www.welovecycling.com\/pl\/?s={search_term_string}\"},\"query-input\":{\"@type\":\"PropertyValueSpecification\",\"valueRequired\":true,\"valueName\":\"search_term_string\"}}],\"inLanguage\":\"pl-PL\"},{\"@type\":\"Person\",\"@id\":\"https:\/\/www.welovecycling.com\/pl\/#\/schema\/person\/4a79bac7bd265aa6a35a1079d36648be\",\"name\":\"oktawiamikulska\",\"image\":{\"@type\":\"ImageObject\",\"inLanguage\":\"pl-PL\",\"@id\":\"https:\/\/www.welovecycling.com\/pl\/#\/schema\/person\/image\/\",\"url\":\"https:\/\/secure.gravatar.com\/avatar\/b97a3f44e2de6d2f8dd358975937e49823662e12cbd810b9d1a2bff1c149e8a7?s=96&d=mm&r=g\",\"contentUrl\":\"https:\/\/secure.gravatar.com\/avatar\/b97a3f44e2de6d2f8dd358975937e49823662e12cbd810b9d1a2bff1c149e8a7?s=96&d=mm&r=g\",\"caption\":\"oktawiamikulska\"},\"url\":\"https:\/\/www.welovecycling.com\/pl\/author\/oktawiamikulska\/\"}]}<\/script>\n<!-- \/ Yoast SEO Premium plugin. -->","yoast_head_json":{"title":"Kolarski \u015bwiat czeka\u0142 miesi\u0105cami\u2026 Startuje Tour de France! - \u0160koda We Love Cycling - Poland","description":"Terminarz przeanalizowany? Czas zarezerwowany? Trasa rozpracowana? No to ruszamy z najwi\u0119kszym wy\u015bcigiem \u015bwiata! W sobot\u0119 rozpoczyna si\u0119 108. Tour de France.","robots":{"index":"index","follow":"follow","max-snippet":"max-snippet:-1","max-image-preview":"max-image-preview:large","max-video-preview":"max-video-preview:-1"},"canonical":"https:\/\/www.welovecycling.com\/pl\/2021\/06\/25\/kolarski-swiat-czekal-miesiacami-startuje-tour-de-france\/","og_locale":"pl_PL","og_type":"article","og_title":"Kolarski \u015bwiat czeka\u0142 miesi\u0105cami\u2026 Startuje Tour de France!","og_description":"Terminarz przeanalizowany? Czas zarezerwowany? Trasa rozpracowana? No to ruszamy z najwi\u0119kszym wy\u015bcigiem \u015bwiata! W sobot\u0119 rozpoczyna si\u0119 108. Tour de France.","og_url":"https:\/\/www.welovecycling.com\/pl\/2021\/06\/25\/kolarski-swiat-czekal-miesiacami-startuje-tour-de-france\/","og_site_name":"\u0160koda We Love Cycling - Poland","article_published_time":"2021-06-25T11:56:50+00:00","article_modified_time":"2021-06-28T13:07:40+00:00","og_image":[{"width":1024,"height":447,"url":"https:\/\/d2p6e6u75xmxt8.cloudfront.net\/5\/2021\/06\/Tour-de-France-profimedia-0557094496-CVR-1024x447-1.jpg","type":"image\/jpeg"}],"author":"oktawiamikulska","twitter_card":"summary_large_image","twitter_misc":{"Written by":"Piotr Nowik","Est. reading time":"3 minutes"},"schema":{"@context":"https:\/\/schema.org","@graph":[{"@type":"WebPage","@id":"https:\/\/www.welovecycling.com\/pl\/2021\/06\/25\/kolarski-swiat-czekal-miesiacami-startuje-tour-de-france\/","url":"https:\/\/www.welovecycling.com\/pl\/2021\/06\/25\/kolarski-swiat-czekal-miesiacami-startuje-tour-de-france\/","name":"Kolarski \u015bwiat czeka\u0142 miesi\u0105cami\u2026 Startuje Tour de France! - \u0160koda We Love Cycling - Poland","isPartOf":{"@id":"https:\/\/www.welovecycling.com\/pl\/#website"},"primaryImageOfPage":{"@id":"https:\/\/www.welovecycling.com\/pl\/2021\/06\/25\/kolarski-swiat-czekal-miesiacami-startuje-tour-de-france\/#primaryimage"},"image":{"@id":"https:\/\/www.welovecycling.com\/pl\/2021\/06\/25\/kolarski-swiat-czekal-miesiacami-startuje-tour-de-france\/#primaryimage"},"thumbnailUrl":"https:\/\/d2p6e6u75xmxt8.cloudfront.net\/5\/2021\/06\/Tour-de-France-profimedia-0557094496-CVR-1024x447-1.jpg","datePublished":"2021-06-25T11:56:50+00:00","dateModified":"2021-06-28T13:07:40+00:00","author":{"@id":"https:\/\/www.welovecycling.com\/pl\/#\/schema\/person\/4a79bac7bd265aa6a35a1079d36648be"},"description":"Terminarz przeanalizowany? Czas zarezerwowany? Trasa rozpracowana? No to ruszamy z najwi\u0119kszym wy\u015bcigiem \u015bwiata! W sobot\u0119 rozpoczyna si\u0119 108. Tour de France.","breadcrumb":{"@id":"https:\/\/www.welovecycling.com\/pl\/2021\/06\/25\/kolarski-swiat-czekal-miesiacami-startuje-tour-de-france\/#breadcrumb"},"inLanguage":"pl-PL","potentialAction":[{"@type":"ReadAction","target":["https:\/\/www.welovecycling.com\/pl\/2021\/06\/25\/kolarski-swiat-czekal-miesiacami-startuje-tour-de-france\/"]}]},{"@type":"ImageObject","inLanguage":"pl-PL","@id":"https:\/\/www.welovecycling.com\/pl\/2021\/06\/25\/kolarski-swiat-czekal-miesiacami-startuje-tour-de-france\/#primaryimage","url":"https:\/\/d2p6e6u75xmxt8.cloudfront.net\/5\/2021\/06\/Tour-de-France-profimedia-0557094496-CVR-1024x447-1.jpg","contentUrl":"https:\/\/d2p6e6u75xmxt8.cloudfront.net\/5\/2021\/06\/Tour-de-France-profimedia-0557094496-CVR-1024x447-1.jpg","width":1024,"height":447},{"@type":"BreadcrumbList","@id":"https:\/\/www.welovecycling.com\/pl\/2021\/06\/25\/kolarski-swiat-czekal-miesiacami-startuje-tour-de-france\/#breadcrumb","itemListElement":[{"@type":"ListItem","position":1,"name":"Home","item":"https:\/\/www.welovecycling.com\/pl\/"},{"@type":"ListItem","position":2,"name":"Kolarski \u015bwiat czeka\u0142 miesi\u0105cami\u2026 Startuje Tour de France!"}]},{"@type":"WebSite","@id":"https:\/\/www.welovecycling.com\/pl\/#website","url":"https:\/\/www.welovecycling.com\/pl\/","name":"\u0160koda We Love Cycling - Poland","description":"","potentialAction":[{"@type":"SearchAction","target":{"@type":"EntryPoint","urlTemplate":"https:\/\/www.welovecycling.com\/pl\/?s={search_term_string}"},"query-input":{"@type":"PropertyValueSpecification","valueRequired":true,"valueName":"search_term_string"}}],"inLanguage":"pl-PL"},{"@type":"Person","@id":"https:\/\/www.welovecycling.com\/pl\/#\/schema\/person\/4a79bac7bd265aa6a35a1079d36648be","name":"oktawiamikulska","image":{"@type":"ImageObject","inLanguage":"pl-PL","@id":"https:\/\/www.welovecycling.com\/pl\/#\/schema\/person\/image\/","url":"https:\/\/secure.gravatar.com\/avatar\/b97a3f44e2de6d2f8dd358975937e49823662e12cbd810b9d1a2bff1c149e8a7?s=96&d=mm&r=g","contentUrl":"https:\/\/secure.gravatar.com\/avatar\/b97a3f44e2de6d2f8dd358975937e49823662e12cbd810b9d1a2bff1c149e8a7?s=96&d=mm&r=g","caption":"oktawiamikulska"},"url":"https:\/\/www.welovecycling.com\/pl\/author\/oktawiamikulska\/"}]}},"_links":{"self":[{"href":"https:\/\/www.welovecycling.com\/pl\/wp-json\/wp\/v2\/posts\/11863","targetHints":{"allow":["GET"]}}],"collection":[{"href":"https:\/\/www.welovecycling.com\/pl\/wp-json\/wp\/v2\/posts"}],"about":[{"href":"https:\/\/www.welovecycling.com\/pl\/wp-json\/wp\/v2\/types\/post"}],"author":[{"embeddable":true,"href":"https:\/\/www.welovecycling.com\/pl\/wp-json\/wp\/v2\/users\/125"}],"replies":[{"embeddable":true,"href":"https:\/\/www.welovecycling.com\/pl\/wp-json\/wp\/v2\/comments?post=11863"}],"version-history":[{"count":2,"href":"https:\/\/www.welovecycling.com\/pl\/wp-json\/wp\/v2\/posts\/11863\/revisions"}],"predecessor-version":[{"id":11868,"href":"https:\/\/www.welovecycling.com\/pl\/wp-json\/wp\/v2\/posts\/11863\/revisions\/11868"}],"wp:featuredmedia":[{"embeddable":true,"href":"https:\/\/www.welovecycling.com\/pl\/wp-json\/wp\/v2\/media\/11866"}],"wp:attachment":[{"href":"https:\/\/www.welovecycling.com\/pl\/wp-json\/wp\/v2\/media?parent=11863"}],"wp:term":[{"taxonomy":"category","embeddable":true,"href":"https:\/\/www.welovecycling.com\/pl\/wp-json\/wp\/v2\/categories?post=11863"},{"taxonomy":"post_tag","embeddable":true,"href":"https:\/\/www.welovecycling.com\/pl\/wp-json\/wp\/v2\/tags?post=11863"},{"taxonomy":"global-categories","embeddable":true,"href":"https:\/\/www.welovecycling.com\/pl\/wp-json\/wp\/v2\/global-categories?post=11863"}],"curies":[{"name":"wp","href":"https:\/\/api.w.org\/{rel}","templated":true}]}}