{"id":11845,"date":"2021-06-23T09:25:49","date_gmt":"2021-06-23T09:25:49","guid":{"rendered":"https:\/\/www.welovecycling.com\/pl\/?p=11845"},"modified":"2021-06-28T13:08:27","modified_gmt":"2021-06-28T13:08:27","slug":"koniec-tajemnic-za-trzy-dni-startuje-tour-de-france","status":"publish","type":"post","link":"https:\/\/www.welovecycling.com\/pl\/2021\/06\/23\/koniec-tajemnic-za-trzy-dni-startuje-tour-de-france\/","title":{"rendered":"Koniec tajemnic! Za trzy dni startuje Tour de France"},"content":{"rendered":"<p><strong>Karty wy\u0142o\u017cone na st\u00f3\u0142, wi\u0119c kibice mog\u0105 zacz\u0105\u0107 zabaw\u0119 w typowanie faworyt\u00f3w. W\u0142a\u015bnie poznali\u015bmy sk\u0142ady ekip, kt\u00f3re w sobot\u0119 rozpoczn\u0105 rywalizacj\u0119 w najwi\u0119kszym wy\u015bcigu \u015bwiata \u2013 Tour de France!<\/strong><\/p>\n<p>Zacz\u0119\u0142o si\u0119 ko\u0144cowe odliczanie. Organizatorzy dopinaj\u0105 ostatnie szczeg\u00f3\u0142y na trasie, kibice analizuj\u0105 plany transmisji, a zespo\u0142y w\u0142a\u015bnie og\u0142osi\u0142y sk\u0142ady. Jedni kolarze celuj\u0105 w zwyci\u0119stwo etapowe, innych interesuje tylko klasyfikacja generalna. Dla polskich kibic\u00f3w dobra wiadomo\u015b\u0107 jest taka, \u017ce w najwi\u0119kszym wy\u015bcigu \u015bwiata pojedzie nie jeden, ale dw\u00f3ch Polak\u00f3w.<\/p>\n<p>Sprawa d\u0142ugo wisia\u0142a na w\u0142osku za spraw\u0105 Rafa\u0142a Majki. W UAE Team Emirates d\u0142ugo analizowali, czy Polak jest gotowy na trudy Wielkiej P\u0119tli, ale w ko\u0144cu zdecydowano, \u017ce b\u0119dzie jednym z najwa\u017cniejszych pomocnik\u00f3w Tadeja Pogacara, kt\u00f3ry broni zwyci\u0119stwa sprzed roku.<\/p>\n<div class=\"embed-controller-wrapper\">\n<blockquote class=\"twitter-tweet\" data-width=\"500\" data-dnt=\"true\">\n<p lang=\"en\" dir=\"ltr\">\ud83c\uddeb\ud83c\uddf7 Our <a href=\"https:\/\/twitter.com\/hashtag\/TDF2021?src=hash&amp;ref_src=twsrc%5Etfw\">#TDF2021<\/a> line-up is complete. Eight riders. Eight nationalities. One team. One goal.<a href=\"https:\/\/twitter.com\/mikkelbbjerg?ref_src=twsrc%5Etfw\">@mikkelbbjerg<\/a> \ud83c\udde9\ud83c\uddf0<a href=\"https:\/\/twitter.com\/RuiCostaCyclist?ref_src=twsrc%5Etfw\">@RuiCostaCyclist<\/a> \ud83c\uddf5\ud83c\uddf9<a href=\"https:\/\/twitter.com\/davideformolo?ref_src=twsrc%5Etfw\">@davideformolo<\/a> \ud83c\uddee\ud83c\uddf9<a href=\"https:\/\/twitter.com\/MarcHirschi?ref_src=twsrc%5Etfw\">@MarcHirschi<\/a> \ud83c\udde8\ud83c\udded<a href=\"https:\/\/twitter.com\/VSLaengen?ref_src=twsrc%5Etfw\">@VSLaengen<\/a> \ud83c\uddf3\ud83c\uddf4<a href=\"https:\/\/twitter.com\/majkaformal?ref_src=twsrc%5Etfw\">@majkaformal<\/a> \ud83c\uddf5\ud83c\uddf1<a href=\"https:\/\/twitter.com\/BrandonMcNult?ref_src=twsrc%5Etfw\">@BrandonMcNult<\/a> \ud83c\uddfa\ud83c\uddf8<a href=\"https:\/\/twitter.com\/TamauPogi?ref_src=twsrc%5Etfw\">@TamauPogi<\/a> \ud83c\uddf8\ud83c\uddee<a href=\"https:\/\/twitter.com\/hashtag\/UAETeamEmirates?src=hash&amp;ref_src=twsrc%5Etfw\">#UAETeamEmirates<\/a> <a href=\"https:\/\/twitter.com\/hashtag\/RideTogether?src=hash&amp;ref_src=twsrc%5Etfw\">#RideTogether<\/a> <a href=\"https:\/\/t.co\/vXlyCFNVJL\">pic.twitter.com\/vXlyCFNVJL<\/a><\/p>\n<p>&mdash; @UAE-TeamEmirates (@TeamEmiratesUAE) <a href=\"https:\/\/twitter.com\/TeamEmiratesUAE\/status\/1407250208099078144?ref_src=twsrc%5Etfw\">June 22, 2021<\/a><\/p><\/blockquote>\n<p><script async data-src=\"https:\/\/platform.twitter.com\/widgets.js\" charset=\"utf-8\"><\/script><\/div>\n<p>Majka pocz\u0105tek sezonu mia\u0142 niezbyt udany. Szuka\u0142 formy, nie je\u017adzi\u0142 zgodnie z planem, ale wygl\u0105da na to, \u017ce na Tour de France wr\u00f3ci\u0142 do wysokiej dyspozycji. Dow\u00f3d? Niedawno zako\u0144czony Tour of Slovenia, w kt\u00f3rym Polak zaj\u0105\u0142 wysokie czwarte miejsce.<\/p>\n<p>To zdecydowa\u0142o, \u017ce Majka od szef\u00f3w zespo\u0142u otrzyma\u0142 bardzo wa\u017cne zadanie \u2013 zrobi\u0107 wszystko, by po raz drugi z rz\u0119du wy\u015bcig wygra\u0142 Tadej Pogacar. Majka z Tour de France w wi\u0119kszo\u015bci ma dobre wspomnienia. W tym wy\u015bcigu jecha\u0142 pi\u0119ciokrotnie i cho\u0107 nigdy nie zawojowa\u0142 klasyfikacji generalnej, to jednak w 2014 i 2016 r. sta\u0142 na podium na Polach Elizejskich w koszulce najlepszego g\u00f3rala. Opr\u00f3cz tego, jako drugi Polak w historii, wygra\u0142 etap Tour de France i to trzykrotnie.<\/p>\n<p>Teraz Majka mo\u017ce pr\u00f3bowa\u0107 zbiera\u0107 indywidualne laury, ale jego g\u0142\u00f3wnym zadaniem b\u0119dzie pomaganie Pogacarowi. S\u0142owe\u0144cowi ma by\u0107 odrobin\u0119 \u0142atwiej o zwyci\u0119stwo, bo jest ju\u017c pewne, \u017ce w Wielkiej P\u0119tli nie pojedzie zwyci\u0119zca sprzed dw\u00f3ch lat &#8211; Egan Bernal (Ineos Grenadiers). Kolumbijczyk ma inny cel \u2013 jako najm\u0142odszy zawodnik w historii kolarstwa zamierza skompletowa\u0107 zwyci\u0119stwa w Grand Tourach. W 2019 r. wygra\u0142 Tour de France, kilka tygodni temu triumfowa\u0142 w Giro d\u2019Italia, wi\u0119c teraz chce by\u0107 najlepszy w Vuelta a Espana i w\u0142a\u015bnie do tego wy\u015bcigu si\u0119 przygotowuje (14 sierpnia &#8211; 5 wrze\u015bnia).<\/p>\n<p>To jednak nie oznacza, \u017ce ekipa Ineos Grenadiers sk\u0142ada bro\u0144. Nic z tych rzeczy \u2013 zawodnicy tej ekipy wygrali pi\u0119\u0107 z ostatnich sze\u015bciu edycji Tour de France i w tym roku r\u00f3wnie\u017c celuj\u0105 w triumf. O zwyci\u0119stwo dla zespo\u0142u z Wielkiej Brytanii maj\u0105 walczy\u0107 Richard Carapaz oraz Geraint Thomas, kt\u00f3rego przygotowania wjecha\u0142y na ostatni\u0105 prost\u0105<\/p>\n<div class=\"embed-controller-wrapper\">\n<blockquote class=\"twitter-tweet\" data-width=\"500\" data-dnt=\"true\">\n<p lang=\"en\" dir=\"ltr\">My 11th pre Tour chop&#8230; This one could take a while\u2702\ufe0f <a href=\"https:\/\/t.co\/urRMNcV1lD\">pic.twitter.com\/urRMNcV1lD<\/a><\/p>\n<p>&mdash; Geraint Thomas (@GeraintThomas86) <a href=\"https:\/\/twitter.com\/GeraintThomas86\/status\/1407330798668242955?ref_src=twsrc%5Etfw\">June 22, 2021<\/a><\/p><\/blockquote>\n<p><script async data-src=\"https:\/\/platform.twitter.com\/widgets.js\" charset=\"utf-8\"><\/script><\/div>\n<p>Zreszt\u0105 z okazji 108. Tour de France ekipa Ineos Grenadiers przygotowa\u0142a ciekawy film, kt\u00f3ry zdradza, w jaki spos\u00f3b Carapaz przygotowuje si\u0119 do Wielkiej P\u0119tli. Niekt\u00f3re uj\u0119cia mog\u0105 zaskoczy\u0107 fan\u00f3w kolarstwa, bo pokazuj\u0105 smaczki, o kt\u00f3rych fani rower\u00f3w wcze\u015bniej mogli nie wiedzie\u0107<\/p>\n<lite-youtube videoid=aNiiO-pUFWI params=\"enablejsapi=1\" style=\"background-image: url('https:\/\/i.ytimg.com\/vi_webp\/aNiiO-pUFWI\/maxresdefault.webp');\"><\/lite-youtube>\n<p>Tradycyjnie rol\u0119 kluczowego pomocnika dla lider\u00f3w Ineos Grenadiers b\u0119dzie pe\u0142ni\u0142 drugi i ostatni Polak podczas tegorocznego Tour de France, czyli Micha\u0142 Kwiatkowski. Nie jest jednak wykluczone, \u017ce na kt\u00f3rym\u015b z etap\u00f3w \u201eKwiato\u201d zn\u00f3w dostanie zielone \u015bwiat\u0142o i powalczy o zwyci\u0119stwo etapowe, jak mia\u0142o to miejsce w poprzednim roku, gdy jako pierwszy przeci\u0105\u0142 lini\u0119 mety 18. etapu i przeszed\u0142 do historii polskiego kolarstwa.<\/p>\n<p>Z\u0119by na rewan\u017c za pora\u017ck\u0119 sprzed roku ostrzy sobie za to Primo\u017c Rogli\u0107 (Jumbo Visma). S\u0142oweniec przed rokiem prowadzi\u0142 a\u017c do przedostatniego etapu, ale wtedy niesamowit\u0105 moc pokaza\u0142 jego rodak \u2013 Pogacar \u2013 i wyrwa\u0142 mu triumf w klasyfikacji generalnej tu\u017c przed Pary\u017cem. Rogli\u0107 w\u0142a\u015bnie po\u017cegna\u0142 si\u0119 z rodzin\u0105 i wyruszy\u0142 na trzytygodniowy podb\u00f3j Francji<\/p>\n<p>https:\/\/www.instagram.com\/p\/CQVyDk7hfaz\/?utm_source=ig_web_copy_link<\/p>\n<p>W tym roku Wielka P\u0119tla zapewne zn\u00f3w nas czym\u015b zaskoczy. Mi\u0142o\u015bnicy romantycznych historii kolarstwa b\u0119d\u0105 trzymali kciuki za <a href=\"https:\/\/www.instagram.com\/reel\/CQJJMdJHmUJ\/?utm_source=ig_web_copy_link\">Christophera Froome\u2019a<\/a> (Israel Start-up Nation), kt\u00f3ry wraca na Tour de France po bardzo ci\u0119\u017ckiej kontuzji. Brytyjczyk marzy, by spe\u0142ni\u0107 swoje wielkie marzenie \u2013 wygra\u0107 klasyfikacj\u0119 generaln\u0105 po raz pi\u0105ty i przej\u015b\u0107 do historii. Patrz\u0105c jednak na jego ci\u0119\u017ck\u0105 walk\u0119 o powr\u00f3t do \u015bcigania, mo\u017cna powiedzie\u0107, \u017ce ju\u017c osi\u0105gn\u0105\u0142 co\u015b niezwyk\u0142ego<\/p>\n<p>Tour de France startuje w sobot\u0119 z Brestu. Meta tradycyjnie w Pary\u017cu 18 lipca.<\/p>\n<p><strong><span data-sheets-value=\"{&quot;1&quot;:2,&quot;2&quot;:&quot;Artyku\u0142 powsta\u0142 we wsp\u00f3\u0142pracy ze skoda-auto.pl&quot;}\" data-sheets-userformat=\"{&quot;2&quot;:1,&quot;3&quot;:{&quot;1&quot;:0}}\" data-sheets-hyperlink=\"http:\/\/www.skoda-auto.pl\/\"><a class=\"in-cell-link\" href=\"http:\/\/www.skoda-auto.pl\/\" target=\"_blank\" rel=\"noopener noreferrer\">Artyku\u0142 powsta\u0142 we wsp\u00f3\u0142pracy ze skoda-auto.pl<\/a><\/span>\u00a0<\/strong><\/p>\n<p><a href=\"https:\/\/www.skoda-auto.pl\/modele\/nowa-octavia\"><img loading=\"lazy\" decoding=\"async\" class=\"alignnone size-full wp-image-11630 aligncenter\" src=\"https:\/\/d2p6e6u75xmxt8.cloudfront.net\/5\/2021\/12\/640x350-1.jpg\" alt=\"\" width=\"640\" height=\"350\" srcset=\"https:\/\/d2p6e6u75xmxt8.cloudfront.net\/5\/2021\/12\/640x350-1.jpg 640w, https:\/\/d2p6e6u75xmxt8.cloudfront.net\/5\/2021\/12\/640x350-1-300x164.jpg 300w\" sizes=\"auto, (max-width: 640px) 100vw, 640px\" \/><\/a><\/p>\n","protected":false},"excerpt":{"rendered":"<p>Karty wy\u0142o\u017cone na st\u00f3\u0142, wi\u0119c kibice mog\u0105 zacz\u0105\u0107 zabaw\u0119 w typowanie faworyt\u00f3w. W\u0142a\u015bnie poznali\u015bmy sk\u0142ady ekip, kt\u00f3re w sobot\u0119 rozpoczn\u0105 [&hellip;]<\/p>\n","protected":false},"author":125,"featured_media":11591,"comment_status":"open","ping_status":"open","sticky":false,"template":"","format":"standard","meta":{"footnotes":""},"categories":[358],"tags":[359],"global-categories":[303],"class_list":["post-11845","post","type-post","status-publish","format-standard","has-post-thumbnail","hentry","category-tour-de-france-2021","tag-tour-de-france-2021","global-categories-cycling"],"yoast_head":"<!-- This site is optimized with the Yoast SEO Premium plugin v25.3 (Yoast SEO v25.9) - https:\/\/yoast.com\/wordpress\/plugins\/seo\/ -->\n<title>Koniec tajemnic! Za trzy dni startuje Tour de France - \u0160koda We Love Cycling - Poland<\/title>\n<meta name=\"description\" content=\"Karty wy\u0142o\u017cone na st\u00f3\u0142, wi\u0119c kibice mog\u0105 zacz\u0105\u0107 zabaw\u0119 w typowanie faworyt\u00f3w. W\u0142a\u015bnie poznali\u015bmy sk\u0142ady ekip, kt\u00f3re w sobot\u0119 rozpoczn\u0105 rywalizacj\u0119 w najwi\u0119kszym wy\u015bcigu \u015bwiata \u2013 Tour de France!\" \/>\n<meta name=\"robots\" content=\"index, follow, max-snippet:-1, max-image-preview:large, max-video-preview:-1\" \/>\n<link rel=\"canonical\" href=\"https:\/\/www.welovecycling.com\/pl\/2021\/06\/23\/koniec-tajemnic-za-trzy-dni-startuje-tour-de-france\/\" \/>\n<meta property=\"og:locale\" content=\"pl_PL\" \/>\n<meta property=\"og:type\" content=\"article\" \/>\n<meta property=\"og:title\" content=\"Koniec tajemnic! Za trzy dni startuje Tour de France\" \/>\n<meta property=\"og:description\" content=\"Karty wy\u0142o\u017cone na st\u00f3\u0142, wi\u0119c kibice mog\u0105 zacz\u0105\u0107 zabaw\u0119 w typowanie faworyt\u00f3w. W\u0142a\u015bnie poznali\u015bmy sk\u0142ady ekip, kt\u00f3re w sobot\u0119 rozpoczn\u0105 rywalizacj\u0119 w najwi\u0119kszym wy\u015bcigu \u015bwiata \u2013 Tour de France!\" \/>\n<meta property=\"og:url\" content=\"https:\/\/www.welovecycling.com\/pl\/2021\/06\/23\/koniec-tajemnic-za-trzy-dni-startuje-tour-de-france\/\" \/>\n<meta property=\"og:site_name\" content=\"\u0160koda We Love Cycling - Poland\" \/>\n<meta property=\"article:published_time\" content=\"2021-06-23T09:25:49+00:00\" \/>\n<meta property=\"article:modified_time\" content=\"2021-06-28T13:08:27+00:00\" \/>\n<meta property=\"og:image\" content=\"https:\/\/d2p6e6u75xmxt8.cloudfront.net\/5\/2021\/03\/Paris-Roubaix-profimedia-0426126609-CVR-1024x450-1.jpg\" \/>\n\t<meta property=\"og:image:width\" content=\"1024\" \/>\n\t<meta property=\"og:image:height\" content=\"450\" \/>\n\t<meta property=\"og:image:type\" content=\"image\/jpeg\" \/>\n<meta name=\"author\" content=\"oktawiamikulska\" \/>\n<meta name=\"twitter:card\" content=\"summary_large_image\" \/>\n<meta name=\"twitter:label1\" content=\"Written by\" \/>\n\t<meta name=\"twitter:data1\" content=\"Piotr Nowik\" \/>\n\t<meta name=\"twitter:label2\" content=\"Est. reading time\" \/>\n\t<meta name=\"twitter:data2\" content=\"4 minutes\" \/>\n<script type=\"application\/ld+json\" class=\"yoast-schema-graph\">{\"@context\":\"https:\/\/schema.org\",\"@graph\":[{\"@type\":\"WebPage\",\"@id\":\"https:\/\/www.welovecycling.com\/pl\/2021\/06\/23\/koniec-tajemnic-za-trzy-dni-startuje-tour-de-france\/\",\"url\":\"https:\/\/www.welovecycling.com\/pl\/2021\/06\/23\/koniec-tajemnic-za-trzy-dni-startuje-tour-de-france\/\",\"name\":\"Koniec tajemnic! Za trzy dni startuje Tour de France - \u0160koda We Love Cycling - Poland\",\"isPartOf\":{\"@id\":\"https:\/\/www.welovecycling.com\/pl\/#website\"},\"primaryImageOfPage\":{\"@id\":\"https:\/\/www.welovecycling.com\/pl\/2021\/06\/23\/koniec-tajemnic-za-trzy-dni-startuje-tour-de-france\/#primaryimage\"},\"image\":{\"@id\":\"https:\/\/www.welovecycling.com\/pl\/2021\/06\/23\/koniec-tajemnic-za-trzy-dni-startuje-tour-de-france\/#primaryimage\"},\"thumbnailUrl\":\"https:\/\/d2p6e6u75xmxt8.cloudfront.net\/5\/2021\/03\/Paris-Roubaix-profimedia-0426126609-CVR-1024x450-1.jpg\",\"datePublished\":\"2021-06-23T09:25:49+00:00\",\"dateModified\":\"2021-06-28T13:08:27+00:00\",\"author\":{\"@id\":\"https:\/\/www.welovecycling.com\/pl\/#\/schema\/person\/4a79bac7bd265aa6a35a1079d36648be\"},\"description\":\"Karty wy\u0142o\u017cone na st\u00f3\u0142, wi\u0119c kibice mog\u0105 zacz\u0105\u0107 zabaw\u0119 w typowanie faworyt\u00f3w. W\u0142a\u015bnie poznali\u015bmy sk\u0142ady ekip, kt\u00f3re w sobot\u0119 rozpoczn\u0105 rywalizacj\u0119 w najwi\u0119kszym wy\u015bcigu \u015bwiata \u2013 Tour de France!\",\"breadcrumb\":{\"@id\":\"https:\/\/www.welovecycling.com\/pl\/2021\/06\/23\/koniec-tajemnic-za-trzy-dni-startuje-tour-de-france\/#breadcrumb\"},\"inLanguage\":\"pl-PL\",\"potentialAction\":[{\"@type\":\"ReadAction\",\"target\":[\"https:\/\/www.welovecycling.com\/pl\/2021\/06\/23\/koniec-tajemnic-za-trzy-dni-startuje-tour-de-france\/\"]}]},{\"@type\":\"ImageObject\",\"inLanguage\":\"pl-PL\",\"@id\":\"https:\/\/www.welovecycling.com\/pl\/2021\/06\/23\/koniec-tajemnic-za-trzy-dni-startuje-tour-de-france\/#primaryimage\",\"url\":\"https:\/\/d2p6e6u75xmxt8.cloudfront.net\/5\/2021\/03\/Paris-Roubaix-profimedia-0426126609-CVR-1024x450-1.jpg\",\"contentUrl\":\"https:\/\/d2p6e6u75xmxt8.cloudfront.net\/5\/2021\/03\/Paris-Roubaix-profimedia-0426126609-CVR-1024x450-1.jpg\",\"width\":1024,\"height\":450},{\"@type\":\"BreadcrumbList\",\"@id\":\"https:\/\/www.welovecycling.com\/pl\/2021\/06\/23\/koniec-tajemnic-za-trzy-dni-startuje-tour-de-france\/#breadcrumb\",\"itemListElement\":[{\"@type\":\"ListItem\",\"position\":1,\"name\":\"Home\",\"item\":\"https:\/\/www.welovecycling.com\/pl\/\"},{\"@type\":\"ListItem\",\"position\":2,\"name\":\"Koniec tajemnic! Za trzy dni startuje Tour de France\"}]},{\"@type\":\"WebSite\",\"@id\":\"https:\/\/www.welovecycling.com\/pl\/#website\",\"url\":\"https:\/\/www.welovecycling.com\/pl\/\",\"name\":\"\u0160koda We Love Cycling - Poland\",\"description\":\"\",\"potentialAction\":[{\"@type\":\"SearchAction\",\"target\":{\"@type\":\"EntryPoint\",\"urlTemplate\":\"https:\/\/www.welovecycling.com\/pl\/?s={search_term_string}\"},\"query-input\":{\"@type\":\"PropertyValueSpecification\",\"valueRequired\":true,\"valueName\":\"search_term_string\"}}],\"inLanguage\":\"pl-PL\"},{\"@type\":\"Person\",\"@id\":\"https:\/\/www.welovecycling.com\/pl\/#\/schema\/person\/4a79bac7bd265aa6a35a1079d36648be\",\"name\":\"oktawiamikulska\",\"image\":{\"@type\":\"ImageObject\",\"inLanguage\":\"pl-PL\",\"@id\":\"https:\/\/www.welovecycling.com\/pl\/#\/schema\/person\/image\/\",\"url\":\"https:\/\/secure.gravatar.com\/avatar\/b97a3f44e2de6d2f8dd358975937e49823662e12cbd810b9d1a2bff1c149e8a7?s=96&d=mm&r=g\",\"contentUrl\":\"https:\/\/secure.gravatar.com\/avatar\/b97a3f44e2de6d2f8dd358975937e49823662e12cbd810b9d1a2bff1c149e8a7?s=96&d=mm&r=g\",\"caption\":\"oktawiamikulska\"},\"url\":\"https:\/\/www.welovecycling.com\/pl\/author\/oktawiamikulska\/\"}]}<\/script>\n<!-- \/ Yoast SEO Premium plugin. -->","yoast_head_json":{"title":"Koniec tajemnic! Za trzy dni startuje Tour de France - \u0160koda We Love Cycling - Poland","description":"Karty wy\u0142o\u017cone na st\u00f3\u0142, wi\u0119c kibice mog\u0105 zacz\u0105\u0107 zabaw\u0119 w typowanie faworyt\u00f3w. W\u0142a\u015bnie poznali\u015bmy sk\u0142ady ekip, kt\u00f3re w sobot\u0119 rozpoczn\u0105 rywalizacj\u0119 w najwi\u0119kszym wy\u015bcigu \u015bwiata \u2013 Tour de France!","robots":{"index":"index","follow":"follow","max-snippet":"max-snippet:-1","max-image-preview":"max-image-preview:large","max-video-preview":"max-video-preview:-1"},"canonical":"https:\/\/www.welovecycling.com\/pl\/2021\/06\/23\/koniec-tajemnic-za-trzy-dni-startuje-tour-de-france\/","og_locale":"pl_PL","og_type":"article","og_title":"Koniec tajemnic! Za trzy dni startuje Tour de France","og_description":"Karty wy\u0142o\u017cone na st\u00f3\u0142, wi\u0119c kibice mog\u0105 zacz\u0105\u0107 zabaw\u0119 w typowanie faworyt\u00f3w. W\u0142a\u015bnie poznali\u015bmy sk\u0142ady ekip, kt\u00f3re w sobot\u0119 rozpoczn\u0105 rywalizacj\u0119 w najwi\u0119kszym wy\u015bcigu \u015bwiata \u2013 Tour de France!","og_url":"https:\/\/www.welovecycling.com\/pl\/2021\/06\/23\/koniec-tajemnic-za-trzy-dni-startuje-tour-de-france\/","og_site_name":"\u0160koda We Love Cycling - Poland","article_published_time":"2021-06-23T09:25:49+00:00","article_modified_time":"2021-06-28T13:08:27+00:00","og_image":[{"width":1024,"height":450,"url":"https:\/\/d2p6e6u75xmxt8.cloudfront.net\/5\/2021\/03\/Paris-Roubaix-profimedia-0426126609-CVR-1024x450-1.jpg","type":"image\/jpeg"}],"author":"oktawiamikulska","twitter_card":"summary_large_image","twitter_misc":{"Written by":"Piotr Nowik","Est. reading time":"4 minutes"},"schema":{"@context":"https:\/\/schema.org","@graph":[{"@type":"WebPage","@id":"https:\/\/www.welovecycling.com\/pl\/2021\/06\/23\/koniec-tajemnic-za-trzy-dni-startuje-tour-de-france\/","url":"https:\/\/www.welovecycling.com\/pl\/2021\/06\/23\/koniec-tajemnic-za-trzy-dni-startuje-tour-de-france\/","name":"Koniec tajemnic! Za trzy dni startuje Tour de France - \u0160koda We Love Cycling - Poland","isPartOf":{"@id":"https:\/\/www.welovecycling.com\/pl\/#website"},"primaryImageOfPage":{"@id":"https:\/\/www.welovecycling.com\/pl\/2021\/06\/23\/koniec-tajemnic-za-trzy-dni-startuje-tour-de-france\/#primaryimage"},"image":{"@id":"https:\/\/www.welovecycling.com\/pl\/2021\/06\/23\/koniec-tajemnic-za-trzy-dni-startuje-tour-de-france\/#primaryimage"},"thumbnailUrl":"https:\/\/d2p6e6u75xmxt8.cloudfront.net\/5\/2021\/03\/Paris-Roubaix-profimedia-0426126609-CVR-1024x450-1.jpg","datePublished":"2021-06-23T09:25:49+00:00","dateModified":"2021-06-28T13:08:27+00:00","author":{"@id":"https:\/\/www.welovecycling.com\/pl\/#\/schema\/person\/4a79bac7bd265aa6a35a1079d36648be"},"description":"Karty wy\u0142o\u017cone na st\u00f3\u0142, wi\u0119c kibice mog\u0105 zacz\u0105\u0107 zabaw\u0119 w typowanie faworyt\u00f3w. W\u0142a\u015bnie poznali\u015bmy sk\u0142ady ekip, kt\u00f3re w sobot\u0119 rozpoczn\u0105 rywalizacj\u0119 w najwi\u0119kszym wy\u015bcigu \u015bwiata \u2013 Tour de France!","breadcrumb":{"@id":"https:\/\/www.welovecycling.com\/pl\/2021\/06\/23\/koniec-tajemnic-za-trzy-dni-startuje-tour-de-france\/#breadcrumb"},"inLanguage":"pl-PL","potentialAction":[{"@type":"ReadAction","target":["https:\/\/www.welovecycling.com\/pl\/2021\/06\/23\/koniec-tajemnic-za-trzy-dni-startuje-tour-de-france\/"]}]},{"@type":"ImageObject","inLanguage":"pl-PL","@id":"https:\/\/www.welovecycling.com\/pl\/2021\/06\/23\/koniec-tajemnic-za-trzy-dni-startuje-tour-de-france\/#primaryimage","url":"https:\/\/d2p6e6u75xmxt8.cloudfront.net\/5\/2021\/03\/Paris-Roubaix-profimedia-0426126609-CVR-1024x450-1.jpg","contentUrl":"https:\/\/d2p6e6u75xmxt8.cloudfront.net\/5\/2021\/03\/Paris-Roubaix-profimedia-0426126609-CVR-1024x450-1.jpg","width":1024,"height":450},{"@type":"BreadcrumbList","@id":"https:\/\/www.welovecycling.com\/pl\/2021\/06\/23\/koniec-tajemnic-za-trzy-dni-startuje-tour-de-france\/#breadcrumb","itemListElement":[{"@type":"ListItem","position":1,"name":"Home","item":"https:\/\/www.welovecycling.com\/pl\/"},{"@type":"ListItem","position":2,"name":"Koniec tajemnic! Za trzy dni startuje Tour de France"}]},{"@type":"WebSite","@id":"https:\/\/www.welovecycling.com\/pl\/#website","url":"https:\/\/www.welovecycling.com\/pl\/","name":"\u0160koda We Love Cycling - Poland","description":"","potentialAction":[{"@type":"SearchAction","target":{"@type":"EntryPoint","urlTemplate":"https:\/\/www.welovecycling.com\/pl\/?s={search_term_string}"},"query-input":{"@type":"PropertyValueSpecification","valueRequired":true,"valueName":"search_term_string"}}],"inLanguage":"pl-PL"},{"@type":"Person","@id":"https:\/\/www.welovecycling.com\/pl\/#\/schema\/person\/4a79bac7bd265aa6a35a1079d36648be","name":"oktawiamikulska","image":{"@type":"ImageObject","inLanguage":"pl-PL","@id":"https:\/\/www.welovecycling.com\/pl\/#\/schema\/person\/image\/","url":"https:\/\/secure.gravatar.com\/avatar\/b97a3f44e2de6d2f8dd358975937e49823662e12cbd810b9d1a2bff1c149e8a7?s=96&d=mm&r=g","contentUrl":"https:\/\/secure.gravatar.com\/avatar\/b97a3f44e2de6d2f8dd358975937e49823662e12cbd810b9d1a2bff1c149e8a7?s=96&d=mm&r=g","caption":"oktawiamikulska"},"url":"https:\/\/www.welovecycling.com\/pl\/author\/oktawiamikulska\/"}]}},"_links":{"self":[{"href":"https:\/\/www.welovecycling.com\/pl\/wp-json\/wp\/v2\/posts\/11845","targetHints":{"allow":["GET"]}}],"collection":[{"href":"https:\/\/www.welovecycling.com\/pl\/wp-json\/wp\/v2\/posts"}],"about":[{"href":"https:\/\/www.welovecycling.com\/pl\/wp-json\/wp\/v2\/types\/post"}],"author":[{"embeddable":true,"href":"https:\/\/www.welovecycling.com\/pl\/wp-json\/wp\/v2\/users\/125"}],"replies":[{"embeddable":true,"href":"https:\/\/www.welovecycling.com\/pl\/wp-json\/wp\/v2\/comments?post=11845"}],"version-history":[{"count":2,"href":"https:\/\/www.welovecycling.com\/pl\/wp-json\/wp\/v2\/posts\/11845\/revisions"}],"predecessor-version":[{"id":11853,"href":"https:\/\/www.welovecycling.com\/pl\/wp-json\/wp\/v2\/posts\/11845\/revisions\/11853"}],"wp:featuredmedia":[{"embeddable":true,"href":"https:\/\/www.welovecycling.com\/pl\/wp-json\/wp\/v2\/media\/11591"}],"wp:attachment":[{"href":"https:\/\/www.welovecycling.com\/pl\/wp-json\/wp\/v2\/media?parent=11845"}],"wp:term":[{"taxonomy":"category","embeddable":true,"href":"https:\/\/www.welovecycling.com\/pl\/wp-json\/wp\/v2\/categories?post=11845"},{"taxonomy":"post_tag","embeddable":true,"href":"https:\/\/www.welovecycling.com\/pl\/wp-json\/wp\/v2\/tags?post=11845"},{"taxonomy":"global-categories","embeddable":true,"href":"https:\/\/www.welovecycling.com\/pl\/wp-json\/wp\/v2\/global-categories?post=11845"}],"curies":[{"name":"wp","href":"https:\/\/api.w.org\/{rel}","templated":true}]}}