{"id":11838,"date":"2021-06-18T14:07:46","date_gmt":"2021-06-18T14:07:46","guid":{"rendered":"https:\/\/www.welovecycling.com\/pl\/?p=11838"},"modified":"2021-06-18T14:07:46","modified_gmt":"2021-06-18T14:07:46","slug":"czy-mezczyzna-moze-jezdzic-na-rowerze-damskim","status":"publish","type":"post","link":"https:\/\/www.welovecycling.com\/pl\/2021\/06\/18\/czy-mezczyzna-moze-jezdzic-na-rowerze-damskim\/","title":{"rendered":"Czy m\u0119\u017cczyzna mo\u017ce je\u017adzi\u0107 na rowerze damskim?"},"content":{"rendered":"<p><strong>Sporo m\u00f3wili\u015bmy o tym, dlaczego m\u0119ski rower mo\u017ce by\u0107 lepszy dla niekt\u00f3rych kobiet, i narzekali\u015bmy na bardzo ma\u0142y wyb\u00f3r pojazd\u00f3w dla pa\u0144. W tym artykule zastanowimy si\u0119, czy m\u0119\u017cczy\u017ani mog\u0105 je\u017adzi\u0107 na damskich rowerach. Czy jest to dobry pomys\u0142 i sprawdzi si\u0119 w praktyce, a mo\u017ce wr\u0119cz oka\u017ce si\u0119, \u017ce jest to rozwi\u0105zanie, kt\u00f3rego poszukuje mn\u00f3stwo pan\u00f3w?<\/strong><\/p>\n<p>Odpowied\u017a na pytanie \u201eCzy m\u0119\u017cczyzna mo\u017ce je\u017adzi\u0107 na damskim rowerze?\u201d brzmi: oczywi\u015bcie, \u017ce tak! Rower to rower, a kiedy ju\u017c nauczysz si\u0119 je\u017adzi\u0107, \u015bwiat dw\u00f3ch k\u00f3\u0142ek stoi przed Tob\u0105 otworem. Okazuje si\u0119, \u017ce m\u0119\u017cczyzna nie tylko mo\u017ce je\u017adzi\u0107 na damskim rowerze, ale s\u0105 nawet przypadki, kiedy powinien. Przyjrzyjmy si\u0119 temu bli\u017cej.<\/p>\n<h2><strong>Dopasowanie roweru nie ma nic wsp\u00f3lnego z p\u0142ci\u0105<\/strong><\/h2>\n<p>\u017badne dwa cia\u0142a nie s\u0105 identyczne, a ka\u017cdy rowerzysta wie, \u017ce im lepiej rower pasuje do jego sylwetki, tym wygodniej b\u0119dzie si\u0119 na nim je\u017adzi\u0107. Og\u00f3lnie rzecz bior\u0105c, rowery damskie s\u0105 zaprojektowane tak, aby pasowa\u0142y do osoby ni\u017cszego wzrostu. Jednak m\u0119skie sylwetki te\u017c maj\u0105 r\u00f3\u017cne kszta\u0142ty i rozmiary. Zdarza si\u0119, \u017ce m\u0119\u017cczyzna stara si\u0119 znale\u017a\u0107 idealne dopasowanie z linii m\u0119skiej, a okazuje si\u0119, \u017ce rower damski jest rozwi\u0105zaniem, kt\u00f3rego szuka. Poza tym rowery damskie s\u0105 projektowane zgodnie z zasad\u0105, \u017ce kobiety maj\u0105 d\u0142u\u017csze nogi i kr\u00f3tszy tors, wi\u0119c je\u015bli jeste\u015b m\u0119\u017cczyzn\u0105, kt\u00f3ry ma takie proporcje, wyb\u00f3r pojazdu z linii damskiej mo\u017ce by\u0107 strza\u0142em w dziesi\u0105tk\u0119.<\/p>\n<figure id=\"attachment_183854\" aria-describedby=\"caption-attachment-183854\" style=\"width: 1024px\" class=\"wp-caption alignnone\"><img loading=\"lazy\" decoding=\"async\" class=\"loading wp-image-183854 size-large\" src=\"https:\/\/d2p6e6u75xmxt8.cloudfront.net\/2\/2021\/06\/Cycling-in-Madrid-profimedia-0614107386-1024x682.jpg\" sizes=\"auto, (max-width: 1024px) 100vw, 1024px\" srcset=\"https:\/\/d2p6e6u75xmxt8.cloudfront.net\/2\/2021\/06\/Cycling-in-Madrid-profimedia-0614107386-1024x682.jpg 1024w, https:\/\/d2p6e6u75xmxt8.cloudfront.net\/2\/2021\/06\/Cycling-in-Madrid-profimedia-0614107386-300x200.jpg 300w, https:\/\/d2p6e6u75xmxt8.cloudfront.net\/2\/2021\/06\/Cycling-in-Madrid-profimedia-0614107386-768x512.jpg 768w, https:\/\/d2p6e6u75xmxt8.cloudfront.net\/2\/2021\/06\/Cycling-in-Madrid-profimedia-0614107386-272x182.jpg 272w, https:\/\/d2p6e6u75xmxt8.cloudfront.net\/2\/2021\/06\/Cycling-in-Madrid-profimedia-0614107386.jpg 1250w\" alt=\"Cycling in Madrid\" width=\"1024\" height=\"682\" data-was-processed=\"true\" \/><figcaption id=\"caption-attachment-183854\" class=\"wp-caption-text\">Rowery damskie projektowane s\u0105 w my\u015bl zasady, \u017ce kobiety maj\u0105 d\u0142u\u017csze nogi i kr\u00f3tszy tors.<\/figcaption><\/figure>\n<h2><strong>Stylistyka roweru nie ma nic wsp\u00f3lnego z p\u0142ci\u0105<\/strong><\/h2>\n<p>Niekt\u00f3rych m\u0119\u017cczyzn przyci\u0105gaj\u0105 r\u00f3\u017cnice w kolorze, stylistyce lub ozdobach dost\u0119pnych w rowerach damskich. By\u0142y globalny mened\u017cer ds. marketingu w Liv (siostrzanej marce Gianta) tak wypowiedzia\u0142 si\u0119 dla<a href=\"https:\/\/www.bicycling.com\/bikes-gear\/a20043449\/why-men-should-try-womens-specific-bikes\/\"><u> Bicycling.com<\/u><\/a>: \u201eWielu m\u0119\u017cczyzn naprawd\u0119 lubi nasze kolory, pytaj\u0105 r\u00f3wnie\u017c o nazwy nadane poszczeg\u00f3lnym modelom. Osobi\u015bcie najcz\u0119\u015bciej mia\u0142em do czynienia z m\u0119\u017cczyznami szukaj\u0105cymi modelu Lust (Po\u017c\u0105danie). Je\u015bli jeste\u015b facetem, a wygl\u0105d konkretnego roweru przykuwa Twoj\u0105 uwag\u0119 lub odzwierciedla Tw\u00f3j osobisty styl, nie pozw\u00f3l, aby fakt, \u017ce zosta\u0142 zaprojektowany z my\u015bl\u0105 o kobietach, powstrzyma\u0142 Ci\u0119 przed wybraniem go\u201d.<\/p>\n<h2><strong>Ramy step-through sprawiaj\u0105, \u017ce jazda na rowerze jest \u0142atwiejsza<\/strong><\/h2>\n<p>Istnieje szeroka gama rower\u00f3w typu step-through, zw\u0142aszcza je\u015bli uwzgl\u0119dnisz przy tym te zaprojektowane z my\u015bl\u0105 o kobietach. Jest to klasyczna cecha roweru damskiego \u2013 z opadaj\u0105c\u0105 w d\u00f3\u0142 ram\u0105 g\u00f3rn\u0105 \u2013 i si\u0119ga czas\u00f3w, kiedy kobiety nosi\u0142y d\u0142ugie sp\u00f3dnice. Wiele os\u00f3b nadal woli rowery typu step-through, bynajmniej nie ze wzgl\u0119du na sp\u00f3dnice. Na rower tego typu \u0142atwiej jest wsi\u0105\u015b\u0107, nie ma konieczno\u015bci podnoszenia nogi w g\u00f3r\u0119 i nad tylnym ko\u0142em. Po prostu siadasz okrakiem, dzi\u0119ki czemu wsiadanie i zsiadanie jest wygodne i \u0142atwe. Je\u015bli brzmi to dla Ciebie atrakcyjnie, mo\u017ce rozszerz swoje poszukiwania o modele damskie.<\/p>\n<figure id=\"attachment_183855\" aria-describedby=\"caption-attachment-183855\" style=\"width: 1024px\" class=\"wp-caption alignnone\"><img loading=\"lazy\" decoding=\"async\" class=\"loading wp-image-183855 size-large\" src=\"https:\/\/d2p6e6u75xmxt8.cloudfront.net\/2\/2021\/06\/Step-through-bicycle-profimedia-0411862296-1024x682.jpg\" sizes=\"auto, (max-width: 1024px) 100vw, 1024px\" srcset=\"https:\/\/d2p6e6u75xmxt8.cloudfront.net\/2\/2021\/06\/Step-through-bicycle-profimedia-0411862296-1024x682.jpg 1024w, https:\/\/d2p6e6u75xmxt8.cloudfront.net\/2\/2021\/06\/Step-through-bicycle-profimedia-0411862296-300x200.jpg 300w, https:\/\/d2p6e6u75xmxt8.cloudfront.net\/2\/2021\/06\/Step-through-bicycle-profimedia-0411862296-768x512.jpg 768w, https:\/\/d2p6e6u75xmxt8.cloudfront.net\/2\/2021\/06\/Step-through-bicycle-profimedia-0411862296-272x182.jpg 272w, https:\/\/d2p6e6u75xmxt8.cloudfront.net\/2\/2021\/06\/Step-through-bicycle-profimedia-0411862296.jpg 1250w\" alt=\"Step-through bike\" width=\"1024\" height=\"682\" data-was-processed=\"true\" \/><figcaption id=\"caption-attachment-183855\" class=\"wp-caption-text\">Wiele os\u00f3b woli rowery typu step-through.<\/figcaption><\/figure>\n<h2><strong>Niekt\u00f3rzy m\u0119\u017cczy\u017ani maj\u0105 w\u0105skie ramiona<\/strong><\/h2>\n<p>Wracaj\u0105c do kwestii dopasowania, konstrukcja rower\u00f3w damskich zazwyczaj opiera si\u0119 na og\u00f3lnej zasadzie: kobiety maj\u0105 w\u0119\u017csze ramiona ni\u017c m\u0119\u017cczy\u017ani. Je\u015bli jako m\u0119\u017cczyzna cz\u0119sto odczuwasz b\u00f3l ramion po je\u017adzie, przymierzenie si\u0119 do roweru damskiego pomo\u017ce rozwi\u0105za\u0107 ten problem. Zbyt szeroka kierownica powoduje r\u00f3\u017cnego rodzaju niewygody, a tak\u017ce utrudnia prowadzenie roweru, wi\u0119c nie ignoruj \u200b\u200b\u200b\u200btej wa\u017cnej wskaz\u00f3wki.<\/p>\n<h2><strong>Rowery damskie umo\u017cliwiaj\u0105 bardziej wyprostowan\u0105 jazd\u0119<\/strong><\/h2>\n<p>Niekt\u00f3re rowery damskie maj\u0105 g\u00f3rne ramy przechylaj\u0105ce si\u0119 do peda\u0142\u00f3w, co skraca odleg\u0142o\u015b\u0107 mi\u0119dzy siode\u0142kiem a kierownic\u0105. Umo\u017cliwia to przyj\u0119cie bardziej wyprostowanej pozycji i zapewnia wielu rowerzystom \u2013 i m\u0119\u017cczyznom, i kobietom \u2013 wygodniejsz\u0105 jazd\u0119. To bardziej \u201estroma\u201d rura podsiod\u0142owa stanowi r\u00f3\u017cnic\u0119 pomi\u0119dzy \u0142atwo dost\u0119pnym wsiadaniem a mo\u017cliwo\u015bci\u0105 zachowania komfortu i zrelaksowania si\u0119 na d\u0142u\u017cszych dystansach, zar\u00f3wno na rowerach szosowych, jak i g\u00f3rskich.<\/p>\n<h2><strong>Jeste\u015b gotowy na jazd\u0119 pr\u00f3bn\u0105 na damskim modelu?<\/strong><\/h2>\n<p>Patrz\u0105c na przysz\u0142o\u015b\u0107 projektowania rower\u00f3w, prawdopodobnie rowery typu unisex zdominuj\u0105 rynek. Wygl\u0105da na to, \u017ce nasze ewoluuj\u0105ce rozumienie p\u0142ci znajduje odzwierciedlenie w zmieniaj\u0105cych si\u0119 danych dotycz\u0105cych dopasowania rower\u00f3w. W zwi\u0105zku z tym zapewne wi\u0119cej marek rowerowych przejdzie na pojazdy neutralne pod wzgl\u0119dem p\u0142ci i wprowadzi na przyk\u0142ad pi\u0119\u0107 og\u00f3lnych rozmiar\u00f3w zamiast czterech \u201em\u0119skich\u201d i czterech \u201edamskich\u201d w modelu.<\/p>\n<p>Jednak na razie im wi\u0119cej rower\u00f3w wypr\u00f3bujesz, tym wi\u0119ksze prawdopodobie\u0144stwo, \u017ce znajdziesz ten, kt\u00f3ry jest dla Ciebie odpowiedni. Tak wi\u0119c niezale\u017cnie od Twojej to\u017csamo\u015bci p\u0142ciowej radzimy rozszerzy\u0107 poszukiwania idealnego roweru o wszystkie dost\u0119pne opcje.<\/p>\n<p><span data-sheets-value=\"{&quot;1&quot;:2,&quot;2&quot;:&quot;Artyku\u0142 powsta\u0142 we wsp\u00f3\u0142pracy ze skoda-auto.pl&quot;}\" data-sheets-userformat=\"{&quot;2&quot;:1,&quot;3&quot;:{&quot;1&quot;:0}}\" data-sheets-hyperlink=\"http:\/\/www.skoda-auto.pl\/\"><a class=\"in-cell-link\" href=\"http:\/\/www.skoda-auto.pl\/\" target=\"_blank\" rel=\"noopener noreferrer\">Artyku\u0142 powsta\u0142 we wsp\u00f3\u0142pracy ze skoda-auto.pl<\/a><\/span><\/p>\n<p><a href=\"https:\/\/sklep.skoda.pl\/pl\/sklep\/b\/331\/rowery-i-akcesoria-rowery.html\"><img loading=\"lazy\" decoding=\"async\" class=\"aligncenter wp-image-9608 size-full loading\" src=\"https:\/\/d2p6e6u75xmxt8.cloudfront.net\/5\/2019\/08\/baner_WLC_640x350_3.png\" sizes=\"auto, (max-width: 640px) 100vw, 640px\" srcset=\"https:\/\/d2p6e6u75xmxt8.cloudfront.net\/5\/2019\/08\/baner_WLC_640x350_3.png 640w, https:\/\/d2p6e6u75xmxt8.cloudfront.net\/5\/2019\/08\/baner_WLC_640x350_3-300x164.png 300w\" alt=\"\" width=\"640\" height=\"350\" data-was-processed=\"true\" \/><\/a><\/p>\n","protected":false},"excerpt":{"rendered":"<p>Sporo m\u00f3wili\u015bmy o tym, dlaczego m\u0119ski rower mo\u017ce by\u0107 lepszy dla niekt\u00f3rych kobiet, i narzekali\u015bmy na bardzo ma\u0142y wyb\u00f3r pojazd\u00f3w [&hellip;]<\/p>\n","protected":false},"author":125,"featured_media":11839,"comment_status":"open","ping_status":"open","sticky":false,"template":"","format":"standard","meta":{"footnotes":""},"categories":[332],"tags":[],"global-categories":[303],"class_list":["post-11838","post","type-post","status-publish","format-standard","has-post-thumbnail","hentry","category-lifestyle","global-categories-cycling"],"yoast_head":"<!-- This site is optimized with the Yoast SEO Premium plugin v25.3 (Yoast SEO v25.9) - https:\/\/yoast.com\/wordpress\/plugins\/seo\/ -->\n<title>Czy m\u0119\u017cczyzna mo\u017ce je\u017adzi\u0107 na rowerze damskim? - \u0160koda We Love Cycling - Poland<\/title>\n<meta name=\"robots\" content=\"index, follow, max-snippet:-1, max-image-preview:large, max-video-preview:-1\" \/>\n<link rel=\"canonical\" href=\"https:\/\/www.welovecycling.com\/pl\/2021\/06\/18\/czy-mezczyzna-moze-jezdzic-na-rowerze-damskim\/\" \/>\n<meta property=\"og:locale\" content=\"pl_PL\" \/>\n<meta property=\"og:type\" content=\"article\" \/>\n<meta property=\"og:title\" content=\"Czy m\u0119\u017cczyzna mo\u017ce je\u017adzi\u0107 na rowerze damskim?\" \/>\n<meta property=\"og:description\" content=\"Sporo m\u00f3wili\u015bmy o tym, dlaczego m\u0119ski rower mo\u017ce by\u0107 lepszy dla niekt\u00f3rych kobiet, i narzekali\u015bmy na bardzo ma\u0142y wyb\u00f3r pojazd\u00f3w [&hellip;]\" \/>\n<meta property=\"og:url\" content=\"https:\/\/www.welovecycling.com\/pl\/2021\/06\/18\/czy-mezczyzna-moze-jezdzic-na-rowerze-damskim\/\" \/>\n<meta property=\"og:site_name\" content=\"\u0160koda We Love Cycling - Poland\" \/>\n<meta property=\"article:published_time\" content=\"2021-06-18T14:07:46+00:00\" \/>\n<meta property=\"og:image\" content=\"https:\/\/d2p6e6u75xmxt8.cloudfront.net\/5\/2021\/06\/Cyclist-legsprofimedia-0566852947-CVR-1024x450-1.jpg\" \/>\n\t<meta property=\"og:image:width\" content=\"1024\" \/>\n\t<meta property=\"og:image:height\" content=\"450\" \/>\n\t<meta property=\"og:image:type\" content=\"image\/jpeg\" \/>\n<meta name=\"author\" content=\"oktawiamikulska\" \/>\n<meta name=\"twitter:card\" content=\"summary_large_image\" \/>\n<meta name=\"twitter:label1\" content=\"Written by\" \/>\n\t<meta name=\"twitter:data1\" content=\"Megan Flottorp\" \/>\n\t<meta name=\"twitter:label2\" content=\"Est. reading time\" \/>\n\t<meta name=\"twitter:data2\" content=\"4 minutes\" \/>\n<script type=\"application\/ld+json\" class=\"yoast-schema-graph\">{\"@context\":\"https:\/\/schema.org\",\"@graph\":[{\"@type\":\"WebPage\",\"@id\":\"https:\/\/www.welovecycling.com\/pl\/2021\/06\/18\/czy-mezczyzna-moze-jezdzic-na-rowerze-damskim\/\",\"url\":\"https:\/\/www.welovecycling.com\/pl\/2021\/06\/18\/czy-mezczyzna-moze-jezdzic-na-rowerze-damskim\/\",\"name\":\"Czy m\u0119\u017cczyzna mo\u017ce je\u017adzi\u0107 na rowerze damskim? - \u0160koda We Love Cycling - Poland\",\"isPartOf\":{\"@id\":\"https:\/\/www.welovecycling.com\/pl\/#website\"},\"primaryImageOfPage\":{\"@id\":\"https:\/\/www.welovecycling.com\/pl\/2021\/06\/18\/czy-mezczyzna-moze-jezdzic-na-rowerze-damskim\/#primaryimage\"},\"image\":{\"@id\":\"https:\/\/www.welovecycling.com\/pl\/2021\/06\/18\/czy-mezczyzna-moze-jezdzic-na-rowerze-damskim\/#primaryimage\"},\"thumbnailUrl\":\"https:\/\/d2p6e6u75xmxt8.cloudfront.net\/5\/2021\/06\/Cyclist-legsprofimedia-0566852947-CVR-1024x450-1.jpg\",\"datePublished\":\"2021-06-18T14:07:46+00:00\",\"author\":{\"@id\":\"https:\/\/www.welovecycling.com\/pl\/#\/schema\/person\/4a79bac7bd265aa6a35a1079d36648be\"},\"breadcrumb\":{\"@id\":\"https:\/\/www.welovecycling.com\/pl\/2021\/06\/18\/czy-mezczyzna-moze-jezdzic-na-rowerze-damskim\/#breadcrumb\"},\"inLanguage\":\"pl-PL\",\"potentialAction\":[{\"@type\":\"ReadAction\",\"target\":[\"https:\/\/www.welovecycling.com\/pl\/2021\/06\/18\/czy-mezczyzna-moze-jezdzic-na-rowerze-damskim\/\"]}]},{\"@type\":\"ImageObject\",\"inLanguage\":\"pl-PL\",\"@id\":\"https:\/\/www.welovecycling.com\/pl\/2021\/06\/18\/czy-mezczyzna-moze-jezdzic-na-rowerze-damskim\/#primaryimage\",\"url\":\"https:\/\/d2p6e6u75xmxt8.cloudfront.net\/5\/2021\/06\/Cyclist-legsprofimedia-0566852947-CVR-1024x450-1.jpg\",\"contentUrl\":\"https:\/\/d2p6e6u75xmxt8.cloudfront.net\/5\/2021\/06\/Cyclist-legsprofimedia-0566852947-CVR-1024x450-1.jpg\",\"width\":1024,\"height\":450},{\"@type\":\"BreadcrumbList\",\"@id\":\"https:\/\/www.welovecycling.com\/pl\/2021\/06\/18\/czy-mezczyzna-moze-jezdzic-na-rowerze-damskim\/#breadcrumb\",\"itemListElement\":[{\"@type\":\"ListItem\",\"position\":1,\"name\":\"Home\",\"item\":\"https:\/\/www.welovecycling.com\/pl\/\"},{\"@type\":\"ListItem\",\"position\":2,\"name\":\"Czy m\u0119\u017cczyzna mo\u017ce je\u017adzi\u0107 na rowerze damskim?\"}]},{\"@type\":\"WebSite\",\"@id\":\"https:\/\/www.welovecycling.com\/pl\/#website\",\"url\":\"https:\/\/www.welovecycling.com\/pl\/\",\"name\":\"\u0160koda We Love Cycling - Poland\",\"description\":\"\",\"potentialAction\":[{\"@type\":\"SearchAction\",\"target\":{\"@type\":\"EntryPoint\",\"urlTemplate\":\"https:\/\/www.welovecycling.com\/pl\/?s={search_term_string}\"},\"query-input\":{\"@type\":\"PropertyValueSpecification\",\"valueRequired\":true,\"valueName\":\"search_term_string\"}}],\"inLanguage\":\"pl-PL\"},{\"@type\":\"Person\",\"@id\":\"https:\/\/www.welovecycling.com\/pl\/#\/schema\/person\/4a79bac7bd265aa6a35a1079d36648be\",\"name\":\"oktawiamikulska\",\"image\":{\"@type\":\"ImageObject\",\"inLanguage\":\"pl-PL\",\"@id\":\"https:\/\/www.welovecycling.com\/pl\/#\/schema\/person\/image\/\",\"url\":\"https:\/\/secure.gravatar.com\/avatar\/b97a3f44e2de6d2f8dd358975937e49823662e12cbd810b9d1a2bff1c149e8a7?s=96&d=mm&r=g\",\"contentUrl\":\"https:\/\/secure.gravatar.com\/avatar\/b97a3f44e2de6d2f8dd358975937e49823662e12cbd810b9d1a2bff1c149e8a7?s=96&d=mm&r=g\",\"caption\":\"oktawiamikulska\"},\"url\":\"https:\/\/www.welovecycling.com\/pl\/author\/oktawiamikulska\/\"}]}<\/script>\n<!-- \/ Yoast SEO Premium plugin. -->","yoast_head_json":{"title":"Czy m\u0119\u017cczyzna mo\u017ce je\u017adzi\u0107 na rowerze damskim? - \u0160koda We Love Cycling - Poland","robots":{"index":"index","follow":"follow","max-snippet":"max-snippet:-1","max-image-preview":"max-image-preview:large","max-video-preview":"max-video-preview:-1"},"canonical":"https:\/\/www.welovecycling.com\/pl\/2021\/06\/18\/czy-mezczyzna-moze-jezdzic-na-rowerze-damskim\/","og_locale":"pl_PL","og_type":"article","og_title":"Czy m\u0119\u017cczyzna mo\u017ce je\u017adzi\u0107 na rowerze damskim?","og_description":"Sporo m\u00f3wili\u015bmy o tym, dlaczego m\u0119ski rower mo\u017ce by\u0107 lepszy dla niekt\u00f3rych kobiet, i narzekali\u015bmy na bardzo ma\u0142y wyb\u00f3r pojazd\u00f3w [&hellip;]","og_url":"https:\/\/www.welovecycling.com\/pl\/2021\/06\/18\/czy-mezczyzna-moze-jezdzic-na-rowerze-damskim\/","og_site_name":"\u0160koda We Love Cycling - Poland","article_published_time":"2021-06-18T14:07:46+00:00","og_image":[{"width":1024,"height":450,"url":"https:\/\/d2p6e6u75xmxt8.cloudfront.net\/5\/2021\/06\/Cyclist-legsprofimedia-0566852947-CVR-1024x450-1.jpg","type":"image\/jpeg"}],"author":"oktawiamikulska","twitter_card":"summary_large_image","twitter_misc":{"Written by":"Megan Flottorp","Est. reading time":"4 minutes"},"schema":{"@context":"https:\/\/schema.org","@graph":[{"@type":"WebPage","@id":"https:\/\/www.welovecycling.com\/pl\/2021\/06\/18\/czy-mezczyzna-moze-jezdzic-na-rowerze-damskim\/","url":"https:\/\/www.welovecycling.com\/pl\/2021\/06\/18\/czy-mezczyzna-moze-jezdzic-na-rowerze-damskim\/","name":"Czy m\u0119\u017cczyzna mo\u017ce je\u017adzi\u0107 na rowerze damskim? - \u0160koda We Love Cycling - Poland","isPartOf":{"@id":"https:\/\/www.welovecycling.com\/pl\/#website"},"primaryImageOfPage":{"@id":"https:\/\/www.welovecycling.com\/pl\/2021\/06\/18\/czy-mezczyzna-moze-jezdzic-na-rowerze-damskim\/#primaryimage"},"image":{"@id":"https:\/\/www.welovecycling.com\/pl\/2021\/06\/18\/czy-mezczyzna-moze-jezdzic-na-rowerze-damskim\/#primaryimage"},"thumbnailUrl":"https:\/\/d2p6e6u75xmxt8.cloudfront.net\/5\/2021\/06\/Cyclist-legsprofimedia-0566852947-CVR-1024x450-1.jpg","datePublished":"2021-06-18T14:07:46+00:00","author":{"@id":"https:\/\/www.welovecycling.com\/pl\/#\/schema\/person\/4a79bac7bd265aa6a35a1079d36648be"},"breadcrumb":{"@id":"https:\/\/www.welovecycling.com\/pl\/2021\/06\/18\/czy-mezczyzna-moze-jezdzic-na-rowerze-damskim\/#breadcrumb"},"inLanguage":"pl-PL","potentialAction":[{"@type":"ReadAction","target":["https:\/\/www.welovecycling.com\/pl\/2021\/06\/18\/czy-mezczyzna-moze-jezdzic-na-rowerze-damskim\/"]}]},{"@type":"ImageObject","inLanguage":"pl-PL","@id":"https:\/\/www.welovecycling.com\/pl\/2021\/06\/18\/czy-mezczyzna-moze-jezdzic-na-rowerze-damskim\/#primaryimage","url":"https:\/\/d2p6e6u75xmxt8.cloudfront.net\/5\/2021\/06\/Cyclist-legsprofimedia-0566852947-CVR-1024x450-1.jpg","contentUrl":"https:\/\/d2p6e6u75xmxt8.cloudfront.net\/5\/2021\/06\/Cyclist-legsprofimedia-0566852947-CVR-1024x450-1.jpg","width":1024,"height":450},{"@type":"BreadcrumbList","@id":"https:\/\/www.welovecycling.com\/pl\/2021\/06\/18\/czy-mezczyzna-moze-jezdzic-na-rowerze-damskim\/#breadcrumb","itemListElement":[{"@type":"ListItem","position":1,"name":"Home","item":"https:\/\/www.welovecycling.com\/pl\/"},{"@type":"ListItem","position":2,"name":"Czy m\u0119\u017cczyzna mo\u017ce je\u017adzi\u0107 na rowerze damskim?"}]},{"@type":"WebSite","@id":"https:\/\/www.welovecycling.com\/pl\/#website","url":"https:\/\/www.welovecycling.com\/pl\/","name":"\u0160koda We Love Cycling - Poland","description":"","potentialAction":[{"@type":"SearchAction","target":{"@type":"EntryPoint","urlTemplate":"https:\/\/www.welovecycling.com\/pl\/?s={search_term_string}"},"query-input":{"@type":"PropertyValueSpecification","valueRequired":true,"valueName":"search_term_string"}}],"inLanguage":"pl-PL"},{"@type":"Person","@id":"https:\/\/www.welovecycling.com\/pl\/#\/schema\/person\/4a79bac7bd265aa6a35a1079d36648be","name":"oktawiamikulska","image":{"@type":"ImageObject","inLanguage":"pl-PL","@id":"https:\/\/www.welovecycling.com\/pl\/#\/schema\/person\/image\/","url":"https:\/\/secure.gravatar.com\/avatar\/b97a3f44e2de6d2f8dd358975937e49823662e12cbd810b9d1a2bff1c149e8a7?s=96&d=mm&r=g","contentUrl":"https:\/\/secure.gravatar.com\/avatar\/b97a3f44e2de6d2f8dd358975937e49823662e12cbd810b9d1a2bff1c149e8a7?s=96&d=mm&r=g","caption":"oktawiamikulska"},"url":"https:\/\/www.welovecycling.com\/pl\/author\/oktawiamikulska\/"}]}},"_links":{"self":[{"href":"https:\/\/www.welovecycling.com\/pl\/wp-json\/wp\/v2\/posts\/11838","targetHints":{"allow":["GET"]}}],"collection":[{"href":"https:\/\/www.welovecycling.com\/pl\/wp-json\/wp\/v2\/posts"}],"about":[{"href":"https:\/\/www.welovecycling.com\/pl\/wp-json\/wp\/v2\/types\/post"}],"author":[{"embeddable":true,"href":"https:\/\/www.welovecycling.com\/pl\/wp-json\/wp\/v2\/users\/125"}],"replies":[{"embeddable":true,"href":"https:\/\/www.welovecycling.com\/pl\/wp-json\/wp\/v2\/comments?post=11838"}],"version-history":[{"count":1,"href":"https:\/\/www.welovecycling.com\/pl\/wp-json\/wp\/v2\/posts\/11838\/revisions"}],"predecessor-version":[{"id":11840,"href":"https:\/\/www.welovecycling.com\/pl\/wp-json\/wp\/v2\/posts\/11838\/revisions\/11840"}],"wp:featuredmedia":[{"embeddable":true,"href":"https:\/\/www.welovecycling.com\/pl\/wp-json\/wp\/v2\/media\/11839"}],"wp:attachment":[{"href":"https:\/\/www.welovecycling.com\/pl\/wp-json\/wp\/v2\/media?parent=11838"}],"wp:term":[{"taxonomy":"category","embeddable":true,"href":"https:\/\/www.welovecycling.com\/pl\/wp-json\/wp\/v2\/categories?post=11838"},{"taxonomy":"post_tag","embeddable":true,"href":"https:\/\/www.welovecycling.com\/pl\/wp-json\/wp\/v2\/tags?post=11838"},{"taxonomy":"global-categories","embeddable":true,"href":"https:\/\/www.welovecycling.com\/pl\/wp-json\/wp\/v2\/global-categories?post=11838"}],"curies":[{"name":"wp","href":"https:\/\/api.w.org\/{rel}","templated":true}]}}