{"id":11810,"date":"2021-06-01T12:36:53","date_gmt":"2021-06-01T12:36:53","guid":{"rendered":"https:\/\/www.welovecycling.com\/pl\/?p=11810"},"modified":"2021-06-02T12:38:40","modified_gmt":"2021-06-02T12:38:40","slug":"w-ten-szczegolny-dzien-podaruj-dziecku-milosc-do-roweru-po-latach-sie-odwzajemni","status":"publish","type":"post","link":"https:\/\/www.welovecycling.com\/pl\/2021\/06\/01\/w-ten-szczegolny-dzien-podaruj-dziecku-milosc-do-roweru-po-latach-sie-odwzajemni\/","title":{"rendered":"W ten szczeg\u00f3lny dzie\u0144 podaruj dziecku mi\u0142o\u015b\u0107 do roweru. Po latach si\u0119 odwzajemni"},"content":{"rendered":"<p><strong>Zaczyna si\u0119 od kr\u00f3tkich przeja\u017cd\u017cek i\u2026 na tym mo\u017ce te\u017c si\u0119 sko\u0144czy\u0107. Warto jednak przekona\u0107 si\u0119, \u017ce wsp\u00f3lne wycieczki rowerowe przez ca\u0142e \u017cycie mog\u0105 zacie\u015bnia\u0107 wi\u0119zi mi\u0119dzy dzieckiem a rodzicem. Trzeba tylko da\u0107 im szans\u0119.<\/strong><\/p>\n<p>Czasem samo: \u201echod\u017a na rower\u201d nie wystarcza, by dziecko z\u0142apa\u0142o bakcyla. Pociecha musi bowiem widzie\u0107 sens i poczu\u0107 otoczk\u0119 wycieczki rowerowej, bo samo kr\u0119cenie peda\u0142ami na pocz\u0105tku mo\u017ce wydawa\u0107 si\u0119 jej zbyt nudne. Dlatego warto zadba\u0107 o to, by wypad na rower by\u0142 czym\u015b wi\u0119cej ni\u017c sam\u0105 wycieczk\u0105. A gdy stanie si\u0119 ju\u017c Waszym rytua\u0142em, trwa\u0107 mo\u017ce przez dziesi\u0105tki lat.<\/p>\n<figure id=\"attachment_183776\" aria-describedby=\"caption-attachment-183776\" style=\"width: 1000px\" class=\"wp-caption alignnone\"><img loading=\"lazy\" decoding=\"async\" class=\"loading wp-image-183776 size-full\" src=\"https:\/\/d2p6e6u75xmxt8.cloudfront.net\/2\/2021\/05\/Cycling-family-profimedia-0612963084.jpg\" sizes=\"auto, (max-width: 1000px) 100vw, 1000px\" srcset=\"https:\/\/d2p6e6u75xmxt8.cloudfront.net\/2\/2021\/05\/Cycling-family-profimedia-0612963084.jpg 1000w, https:\/\/d2p6e6u75xmxt8.cloudfront.net\/2\/2021\/05\/Cycling-family-profimedia-0612963084-300x200.jpg 300w, https:\/\/d2p6e6u75xmxt8.cloudfront.net\/2\/2021\/05\/Cycling-family-profimedia-0612963084-768x512.jpg 768w, https:\/\/d2p6e6u75xmxt8.cloudfront.net\/2\/2021\/05\/Cycling-family-profimedia-0612963084-272x182.jpg 272w\" alt=\"Cycling with a child\" width=\"1000\" height=\"667\" data-was-processed=\"true\" \/><figcaption id=\"caption-attachment-183776\" class=\"wp-caption-text\">\u00a9 Profimedia<\/figcaption><\/figure>\n<h2><strong>Jak zaszczepi\u0107 mi\u0142o\u015b\u0107 do roweru?<\/strong><\/h2>\n<p>Dziecku frajd\u0119 mo\u017ce sprawi\u0107 ju\u017c samo wytyczanie trasy &#8211; pokazywanie na komputerze zdj\u0119\u0107 miejsc, do kt\u00f3rych planujemy dojecha\u0107, lub film\u00f3w zachwalaj\u0105cych dane destynacje. Poza tym dziecko czuje w\u00f3wczas, \u017ce jest cz\u0119\u015bci\u0105 wycieczki rowerowej i nie traktuje jej jako polecenia ze strony rodzica.<\/p>\n<p>Tak\u017ce pakowanie si\u0119 na wycieczk\u0119 mo\u017ce by\u0107 niez\u0142\u0105 zabaw\u0105. Wyposa\u017cenie dziecka np. w jego w\u0142asny bidon sprawi, \u017ce poczuje si\u0119 jak zawodowiec, a wrzucenie do sakwy lub plecaka pe\u0142nowarto\u015bciowego batona z musli sprawi, \u017ce zaspokoi nie tylko ochot\u0119 na s\u0142odycze, ale te\u017c poczuje si\u0119 jak podczas uzupe\u0142niania energii na trasie wy\u015bcigu.<\/p>\n<p>Najwa\u017cniejszy jest jednak cel. O ile doro\u015bli cz\u0119sto je\u017cd\u017c\u0105 na czas lub liczb\u0119 przebytych kilometr\u00f3w, to dziecko lubi wiedzie\u0107 gdzie i po co jedzie. Punktami na trasie mog\u0105 by\u0107 np. place zabaw (dla m\u0142odszych dzieci), miejsca tajemnicze lub zwi\u0105zane z rozrywk\u0105 (dla starszych) albo po prostu k\u0105pieliska, baseny, kina, lodziarnie, cukiernie itp. Mo\u017cna te\u017c um\u00f3wi\u0107 si\u0119 na powr\u00f3t poci\u0105giem, co r\u00f3wnie\u017c potrafi da\u0107 sporo rado\u015bci.<\/p>\n<figure id=\"attachment_175953\" aria-describedby=\"caption-attachment-175953\" style=\"width: 1024px\" class=\"wp-caption alignnone\"><img loading=\"lazy\" decoding=\"async\" class=\"loaded wp-image-175953 size-large\" src=\"https:\/\/d2p6e6u75xmxt8.cloudfront.net\/2\/2019\/11\/profimedia-0397940235-1024x683.jpg\" sizes=\"auto, (max-width: 1024px) 100vw, 1024px\" srcset=\"https:\/\/d2p6e6u75xmxt8.cloudfront.net\/2\/2019\/11\/profimedia-0397940235-1024x683.jpg 1024w, https:\/\/d2p6e6u75xmxt8.cloudfront.net\/2\/2019\/11\/profimedia-0397940235-300x200.jpg 300w, https:\/\/d2p6e6u75xmxt8.cloudfront.net\/2\/2019\/11\/profimedia-0397940235-768x512.jpg 768w, https:\/\/d2p6e6u75xmxt8.cloudfront.net\/2\/2019\/11\/profimedia-0397940235-272x182.jpg 272w, https:\/\/d2p6e6u75xmxt8.cloudfront.net\/2\/2019\/11\/profimedia-0397940235.jpg 1800w\" alt=\"Family cycling\" width=\"1024\" height=\"683\" data-was-processed=\"true\" \/><figcaption id=\"caption-attachment-175953\" class=\"wp-caption-text\">\u00a9 Profimedia<\/figcaption><\/figure>\n<p>Starsze dzieci czasem frajd\u0119 odnajduj\u0105 w samym nawigowaniu. Co prawda rzadko kiedy u\u017cywa si\u0119 do tego kompasu lub mapy, ale ju\u017c samo decydowanie gdzie i kiedy skr\u0119ci\u0107 (np. dzi\u0119ki nawigacji w telefonie) daje starszemu dziecku poczucie wsp\u00f3\u0142odpowiedzialno\u015bci oraz wsp\u00f3\u0142organizacji wyprawy.<\/p>\n<p>Dla m\u0142odszych ciekaw\u0105 motywacj\u0105 jest zbieranie piecz\u0105tek, kt\u00f3re mo\u017cna dosta\u0107 w r\u00f3\u017cnych schroniskach lub miejscach turystycznych. Inni rodzice zbieraj\u0105 z dzie\u0107mi przejechanie kilometry. M\u0142odsi robi\u0105 to w telefonach rodzic\u00f3w, starsi instaluj\u0105 aplikacje w swoich smartfonach. \u00a0Za zebranymi kilometrami mog\u0105 i\u015b\u0107 nagrody, cho\u0107 gdy dziecko po\u0142knie bakcyla, to cz\u0119sto wystarcza sama satysfakcja.<\/p>\n<p>Takie zbieranie kilometr\u00f3w ju\u017c si\u0119 zreszt\u0105 sprawdza. W ca\u0142ej Polsce w\u0142a\u015bnie zako\u0144czy\u0142a si\u0119 kolejna edycja akcji \u201eRowerowy Maj\u201d, kt\u00f3rej warunki uczestnictwa by\u0142y proste \u2013 dzieci do szko\u0142y lub przedszkola mia\u0142y przyje\u017cd\u017ca\u0107 rowerami, hulajnogami lub na rolkach, a w zamian kolekcjonowa\u0142y naklejki. Efekt? Blisko 80 tys. uczestnik\u00f3w, kt\u00f3rzy zaliczyli ponad 1,5 mln przejazd\u00f3w.<\/p>\n<figure id=\"attachment_183775\" aria-describedby=\"caption-attachment-183775\" style=\"width: 1000px\" class=\"wp-caption alignnone\"><img loading=\"lazy\" decoding=\"async\" class=\"loading wp-image-183775 size-full\" src=\"https:\/\/d2p6e6u75xmxt8.cloudfront.net\/2\/2021\/05\/Father-and-son-cycling-profimedia-0612886788.jpg\" sizes=\"auto, (max-width: 1000px) 100vw, 1000px\" srcset=\"https:\/\/d2p6e6u75xmxt8.cloudfront.net\/2\/2021\/05\/Father-and-son-cycling-profimedia-0612886788.jpg 1000w, https:\/\/d2p6e6u75xmxt8.cloudfront.net\/2\/2021\/05\/Father-and-son-cycling-profimedia-0612886788-300x200.jpg 300w, https:\/\/d2p6e6u75xmxt8.cloudfront.net\/2\/2021\/05\/Father-and-son-cycling-profimedia-0612886788-768x512.jpg 768w, https:\/\/d2p6e6u75xmxt8.cloudfront.net\/2\/2021\/05\/Father-and-son-cycling-profimedia-0612886788-272x182.jpg 272w\" alt=\"Family cycling\" width=\"1000\" height=\"667\" data-was-processed=\"true\" \/><figcaption id=\"caption-attachment-183775\" class=\"wp-caption-text\">\u00a9 Profimedia<\/figcaption><\/figure>\n<h2><strong>Zamknij oczy\u2026<\/strong><\/h2>\n<p>A teraz, Rodzicu, zamknij oczy i wyobra\u017a sobie, \u017ce m\u00f3wisz dziecku: \u201eZ okazji Twojego \u015bwi\u0119ta, p\u00f3jdziemy na rower\u201d. Nie za bardzo dzia\u0142a, prawda? A teraz spr\u00f3buj tak: \u201eZ okazji Twojego \u015bwi\u0119ta urz\u0105dzimy sobie tajemnicz\u0105 wypraw\u0119 rowerow\u0105, podczas kt\u00f3rej b\u0119dzie mieli misje do wykonania, a Ty b\u0119dziesz dowodzi\u0107. Je\u015bli wszystko si\u0119 uda, na ko\u0144cu czeka na nas nagroda. A teraz cho\u0107, musimy spakowa\u0107 specjalny sprz\u0119t!\u201d.<\/p>\n<p>Lepiej, prawda? A to ju\u017c pierwszy krok do tego, by za kilkana\u015bcie lub kilkadziesi\u0105t lat, to dziecko zadzwoni\u0142o z propozycj\u0105: \u201eTo co, zgodnie z tradycj\u0105 idziemy dzi\u015b na rower?\u201d.<\/p>\n<p><span data-sheets-value=\"{&quot;1&quot;:2,&quot;2&quot;:&quot;Artyku\u0142 powsta\u0142 we wsp\u00f3\u0142pracy ze skoda-auto.pl&quot;}\" data-sheets-userformat=\"{&quot;2&quot;:1,&quot;3&quot;:{&quot;1&quot;:0}}\" data-sheets-hyperlink=\"http:\/\/www.skoda-auto.pl\/\"><a class=\"in-cell-link\" href=\"http:\/\/www.skoda-auto.pl\/\" target=\"_blank\" rel=\"noopener noreferrer\">Artyku\u0142 powsta\u0142 we wsp\u00f3\u0142pracy ze skoda-auto.pl<\/a><\/span><\/p>\n<p><a href=\"https:\/\/www.skoda-auto.pl\/modele\/kodiaq\"><img loading=\"lazy\" decoding=\"async\" class=\"aligncenter wp-image-9607 size-full\" src=\"https:\/\/d2p6e6u75xmxt8.cloudfront.net\/5\/2019\/08\/baner_WLC_640x350_2.png\" alt=\"\" width=\"640\" height=\"350\" srcset=\"https:\/\/d2p6e6u75xmxt8.cloudfront.net\/5\/2019\/08\/baner_WLC_640x350_2.png 640w, https:\/\/d2p6e6u75xmxt8.cloudfront.net\/5\/2019\/08\/baner_WLC_640x350_2-300x164.png 300w\" sizes=\"auto, (max-width: 640px) 100vw, 640px\" \/><\/a><\/p>\n","protected":false},"excerpt":{"rendered":"<p>Zaczyna si\u0119 od kr\u00f3tkich przeja\u017cd\u017cek i\u2026 na tym mo\u017ce te\u017c si\u0119 sko\u0144czy\u0107. Warto jednak przekona\u0107 si\u0119, \u017ce wsp\u00f3lne wycieczki rowerowe [&hellip;]<\/p>\n","protected":false},"author":125,"featured_media":11562,"comment_status":"open","ping_status":"open","sticky":false,"template":"","format":"standard","meta":{"footnotes":""},"categories":[268],"tags":[],"global-categories":[303],"class_list":["post-11810","post","type-post","status-publish","format-standard","has-post-thumbnail","hentry","category-rodzina","global-categories-cycling"],"yoast_head":"<!-- This site is optimized with the Yoast SEO Premium plugin v25.3 (Yoast SEO v25.9) - https:\/\/yoast.com\/wordpress\/plugins\/seo\/ -->\n<title>W ten szczeg\u00f3lny dzie\u0144 podaruj dziecku mi\u0142o\u015b\u0107 do roweru. Po latach si\u0119 odwzajemni - \u0160koda We Love Cycling - Poland<\/title>\n<meta name=\"description\" content=\"Zaczyna si\u0119 od kr\u00f3tkich przeja\u017cd\u017cek i\u2026 na tym mo\u017ce te\u017c si\u0119 sko\u0144czy\u0107. Warto jednak przekona\u0107 si\u0119, \u017ce wsp\u00f3lne wycieczki rowerowe przez ca\u0142e \u017cycie mog\u0105 zacie\u015bnia\u0107 wi\u0119zi mi\u0119dzy dzieckiem a rodzicem. Trzeba tylko da\u0107 im szans\u0119.\" \/>\n<meta name=\"robots\" content=\"index, follow, max-snippet:-1, max-image-preview:large, max-video-preview:-1\" \/>\n<link rel=\"canonical\" href=\"https:\/\/www.welovecycling.com\/pl\/2021\/06\/01\/w-ten-szczegolny-dzien-podaruj-dziecku-milosc-do-roweru-po-latach-sie-odwzajemni\/\" \/>\n<meta property=\"og:locale\" content=\"pl_PL\" \/>\n<meta property=\"og:type\" content=\"article\" \/>\n<meta property=\"og:title\" content=\"W ten szczeg\u00f3lny dzie\u0144 podaruj dziecku mi\u0142o\u015b\u0107 do roweru. Po latach si\u0119 odwzajemni\" \/>\n<meta property=\"og:description\" content=\"Zaczyna si\u0119 od kr\u00f3tkich przeja\u017cd\u017cek i\u2026 na tym mo\u017ce te\u017c si\u0119 sko\u0144czy\u0107. Warto jednak przekona\u0107 si\u0119, \u017ce wsp\u00f3lne wycieczki rowerowe przez ca\u0142e \u017cycie mog\u0105 zacie\u015bnia\u0107 wi\u0119zi mi\u0119dzy dzieckiem a rodzicem. Trzeba tylko da\u0107 im szans\u0119.\" \/>\n<meta property=\"og:url\" content=\"https:\/\/www.welovecycling.com\/pl\/2021\/06\/01\/w-ten-szczegolny-dzien-podaruj-dziecku-milosc-do-roweru-po-latach-sie-odwzajemni\/\" \/>\n<meta property=\"og:site_name\" content=\"\u0160koda We Love Cycling - Poland\" \/>\n<meta property=\"article:published_time\" content=\"2021-06-01T12:36:53+00:00\" \/>\n<meta property=\"article:modified_time\" content=\"2021-06-02T12:38:40+00:00\" \/>\n<meta property=\"og:image\" content=\"https:\/\/d2p6e6u75xmxt8.cloudfront.net\/5\/2021\/03\/Family-bikepacking-profimedia-0388843203-CVR-1024x450-1.jpg\" \/>\n\t<meta property=\"og:image:width\" content=\"1024\" \/>\n\t<meta property=\"og:image:height\" content=\"450\" \/>\n\t<meta property=\"og:image:type\" content=\"image\/jpeg\" \/>\n<meta name=\"author\" content=\"oktawiamikulska\" \/>\n<meta name=\"twitter:card\" content=\"summary_large_image\" \/>\n<meta name=\"twitter:label1\" content=\"Written by\" \/>\n\t<meta name=\"twitter:data1\" content=\"Piotr Jawor\" \/>\n\t<meta name=\"twitter:label2\" content=\"Est. reading time\" \/>\n\t<meta name=\"twitter:data2\" content=\"3 minutes\" \/>\n<script type=\"application\/ld+json\" class=\"yoast-schema-graph\">{\"@context\":\"https:\/\/schema.org\",\"@graph\":[{\"@type\":\"WebPage\",\"@id\":\"https:\/\/www.welovecycling.com\/pl\/2021\/06\/01\/w-ten-szczegolny-dzien-podaruj-dziecku-milosc-do-roweru-po-latach-sie-odwzajemni\/\",\"url\":\"https:\/\/www.welovecycling.com\/pl\/2021\/06\/01\/w-ten-szczegolny-dzien-podaruj-dziecku-milosc-do-roweru-po-latach-sie-odwzajemni\/\",\"name\":\"W ten szczeg\u00f3lny dzie\u0144 podaruj dziecku mi\u0142o\u015b\u0107 do roweru. Po latach si\u0119 odwzajemni - \u0160koda We Love Cycling - Poland\",\"isPartOf\":{\"@id\":\"https:\/\/www.welovecycling.com\/pl\/#website\"},\"primaryImageOfPage\":{\"@id\":\"https:\/\/www.welovecycling.com\/pl\/2021\/06\/01\/w-ten-szczegolny-dzien-podaruj-dziecku-milosc-do-roweru-po-latach-sie-odwzajemni\/#primaryimage\"},\"image\":{\"@id\":\"https:\/\/www.welovecycling.com\/pl\/2021\/06\/01\/w-ten-szczegolny-dzien-podaruj-dziecku-milosc-do-roweru-po-latach-sie-odwzajemni\/#primaryimage\"},\"thumbnailUrl\":\"https:\/\/d2p6e6u75xmxt8.cloudfront.net\/5\/2021\/03\/Family-bikepacking-profimedia-0388843203-CVR-1024x450-1.jpg\",\"datePublished\":\"2021-06-01T12:36:53+00:00\",\"dateModified\":\"2021-06-02T12:38:40+00:00\",\"author\":{\"@id\":\"https:\/\/www.welovecycling.com\/pl\/#\/schema\/person\/4a79bac7bd265aa6a35a1079d36648be\"},\"description\":\"Zaczyna si\u0119 od kr\u00f3tkich przeja\u017cd\u017cek i\u2026 na tym mo\u017ce te\u017c si\u0119 sko\u0144czy\u0107. Warto jednak przekona\u0107 si\u0119, \u017ce wsp\u00f3lne wycieczki rowerowe przez ca\u0142e \u017cycie mog\u0105 zacie\u015bnia\u0107 wi\u0119zi mi\u0119dzy dzieckiem a rodzicem. Trzeba tylko da\u0107 im szans\u0119.\",\"breadcrumb\":{\"@id\":\"https:\/\/www.welovecycling.com\/pl\/2021\/06\/01\/w-ten-szczegolny-dzien-podaruj-dziecku-milosc-do-roweru-po-latach-sie-odwzajemni\/#breadcrumb\"},\"inLanguage\":\"pl-PL\",\"potentialAction\":[{\"@type\":\"ReadAction\",\"target\":[\"https:\/\/www.welovecycling.com\/pl\/2021\/06\/01\/w-ten-szczegolny-dzien-podaruj-dziecku-milosc-do-roweru-po-latach-sie-odwzajemni\/\"]}]},{\"@type\":\"ImageObject\",\"inLanguage\":\"pl-PL\",\"@id\":\"https:\/\/www.welovecycling.com\/pl\/2021\/06\/01\/w-ten-szczegolny-dzien-podaruj-dziecku-milosc-do-roweru-po-latach-sie-odwzajemni\/#primaryimage\",\"url\":\"https:\/\/d2p6e6u75xmxt8.cloudfront.net\/5\/2021\/03\/Family-bikepacking-profimedia-0388843203-CVR-1024x450-1.jpg\",\"contentUrl\":\"https:\/\/d2p6e6u75xmxt8.cloudfront.net\/5\/2021\/03\/Family-bikepacking-profimedia-0388843203-CVR-1024x450-1.jpg\",\"width\":1024,\"height\":450},{\"@type\":\"BreadcrumbList\",\"@id\":\"https:\/\/www.welovecycling.com\/pl\/2021\/06\/01\/w-ten-szczegolny-dzien-podaruj-dziecku-milosc-do-roweru-po-latach-sie-odwzajemni\/#breadcrumb\",\"itemListElement\":[{\"@type\":\"ListItem\",\"position\":1,\"name\":\"Home\",\"item\":\"https:\/\/www.welovecycling.com\/pl\/\"},{\"@type\":\"ListItem\",\"position\":2,\"name\":\"W ten szczeg\u00f3lny dzie\u0144 podaruj dziecku mi\u0142o\u015b\u0107 do roweru. Po latach si\u0119 odwzajemni\"}]},{\"@type\":\"WebSite\",\"@id\":\"https:\/\/www.welovecycling.com\/pl\/#website\",\"url\":\"https:\/\/www.welovecycling.com\/pl\/\",\"name\":\"\u0160koda We Love Cycling - Poland\",\"description\":\"\",\"potentialAction\":[{\"@type\":\"SearchAction\",\"target\":{\"@type\":\"EntryPoint\",\"urlTemplate\":\"https:\/\/www.welovecycling.com\/pl\/?s={search_term_string}\"},\"query-input\":{\"@type\":\"PropertyValueSpecification\",\"valueRequired\":true,\"valueName\":\"search_term_string\"}}],\"inLanguage\":\"pl-PL\"},{\"@type\":\"Person\",\"@id\":\"https:\/\/www.welovecycling.com\/pl\/#\/schema\/person\/4a79bac7bd265aa6a35a1079d36648be\",\"name\":\"oktawiamikulska\",\"image\":{\"@type\":\"ImageObject\",\"inLanguage\":\"pl-PL\",\"@id\":\"https:\/\/www.welovecycling.com\/pl\/#\/schema\/person\/image\/\",\"url\":\"https:\/\/secure.gravatar.com\/avatar\/b97a3f44e2de6d2f8dd358975937e49823662e12cbd810b9d1a2bff1c149e8a7?s=96&d=mm&r=g\",\"contentUrl\":\"https:\/\/secure.gravatar.com\/avatar\/b97a3f44e2de6d2f8dd358975937e49823662e12cbd810b9d1a2bff1c149e8a7?s=96&d=mm&r=g\",\"caption\":\"oktawiamikulska\"},\"url\":\"https:\/\/www.welovecycling.com\/pl\/author\/oktawiamikulska\/\"}]}<\/script>\n<!-- \/ Yoast SEO Premium plugin. -->","yoast_head_json":{"title":"W ten szczeg\u00f3lny dzie\u0144 podaruj dziecku mi\u0142o\u015b\u0107 do roweru. Po latach si\u0119 odwzajemni - \u0160koda We Love Cycling - Poland","description":"Zaczyna si\u0119 od kr\u00f3tkich przeja\u017cd\u017cek i\u2026 na tym mo\u017ce te\u017c si\u0119 sko\u0144czy\u0107. Warto jednak przekona\u0107 si\u0119, \u017ce wsp\u00f3lne wycieczki rowerowe przez ca\u0142e \u017cycie mog\u0105 zacie\u015bnia\u0107 wi\u0119zi mi\u0119dzy dzieckiem a rodzicem. Trzeba tylko da\u0107 im szans\u0119.","robots":{"index":"index","follow":"follow","max-snippet":"max-snippet:-1","max-image-preview":"max-image-preview:large","max-video-preview":"max-video-preview:-1"},"canonical":"https:\/\/www.welovecycling.com\/pl\/2021\/06\/01\/w-ten-szczegolny-dzien-podaruj-dziecku-milosc-do-roweru-po-latach-sie-odwzajemni\/","og_locale":"pl_PL","og_type":"article","og_title":"W ten szczeg\u00f3lny dzie\u0144 podaruj dziecku mi\u0142o\u015b\u0107 do roweru. Po latach si\u0119 odwzajemni","og_description":"Zaczyna si\u0119 od kr\u00f3tkich przeja\u017cd\u017cek i\u2026 na tym mo\u017ce te\u017c si\u0119 sko\u0144czy\u0107. Warto jednak przekona\u0107 si\u0119, \u017ce wsp\u00f3lne wycieczki rowerowe przez ca\u0142e \u017cycie mog\u0105 zacie\u015bnia\u0107 wi\u0119zi mi\u0119dzy dzieckiem a rodzicem. Trzeba tylko da\u0107 im szans\u0119.","og_url":"https:\/\/www.welovecycling.com\/pl\/2021\/06\/01\/w-ten-szczegolny-dzien-podaruj-dziecku-milosc-do-roweru-po-latach-sie-odwzajemni\/","og_site_name":"\u0160koda We Love Cycling - Poland","article_published_time":"2021-06-01T12:36:53+00:00","article_modified_time":"2021-06-02T12:38:40+00:00","og_image":[{"width":1024,"height":450,"url":"https:\/\/d2p6e6u75xmxt8.cloudfront.net\/5\/2021\/03\/Family-bikepacking-profimedia-0388843203-CVR-1024x450-1.jpg","type":"image\/jpeg"}],"author":"oktawiamikulska","twitter_card":"summary_large_image","twitter_misc":{"Written by":"Piotr Jawor","Est. reading time":"3 minutes"},"schema":{"@context":"https:\/\/schema.org","@graph":[{"@type":"WebPage","@id":"https:\/\/www.welovecycling.com\/pl\/2021\/06\/01\/w-ten-szczegolny-dzien-podaruj-dziecku-milosc-do-roweru-po-latach-sie-odwzajemni\/","url":"https:\/\/www.welovecycling.com\/pl\/2021\/06\/01\/w-ten-szczegolny-dzien-podaruj-dziecku-milosc-do-roweru-po-latach-sie-odwzajemni\/","name":"W ten szczeg\u00f3lny dzie\u0144 podaruj dziecku mi\u0142o\u015b\u0107 do roweru. Po latach si\u0119 odwzajemni - \u0160koda We Love Cycling - Poland","isPartOf":{"@id":"https:\/\/www.welovecycling.com\/pl\/#website"},"primaryImageOfPage":{"@id":"https:\/\/www.welovecycling.com\/pl\/2021\/06\/01\/w-ten-szczegolny-dzien-podaruj-dziecku-milosc-do-roweru-po-latach-sie-odwzajemni\/#primaryimage"},"image":{"@id":"https:\/\/www.welovecycling.com\/pl\/2021\/06\/01\/w-ten-szczegolny-dzien-podaruj-dziecku-milosc-do-roweru-po-latach-sie-odwzajemni\/#primaryimage"},"thumbnailUrl":"https:\/\/d2p6e6u75xmxt8.cloudfront.net\/5\/2021\/03\/Family-bikepacking-profimedia-0388843203-CVR-1024x450-1.jpg","datePublished":"2021-06-01T12:36:53+00:00","dateModified":"2021-06-02T12:38:40+00:00","author":{"@id":"https:\/\/www.welovecycling.com\/pl\/#\/schema\/person\/4a79bac7bd265aa6a35a1079d36648be"},"description":"Zaczyna si\u0119 od kr\u00f3tkich przeja\u017cd\u017cek i\u2026 na tym mo\u017ce te\u017c si\u0119 sko\u0144czy\u0107. Warto jednak przekona\u0107 si\u0119, \u017ce wsp\u00f3lne wycieczki rowerowe przez ca\u0142e \u017cycie mog\u0105 zacie\u015bnia\u0107 wi\u0119zi mi\u0119dzy dzieckiem a rodzicem. Trzeba tylko da\u0107 im szans\u0119.","breadcrumb":{"@id":"https:\/\/www.welovecycling.com\/pl\/2021\/06\/01\/w-ten-szczegolny-dzien-podaruj-dziecku-milosc-do-roweru-po-latach-sie-odwzajemni\/#breadcrumb"},"inLanguage":"pl-PL","potentialAction":[{"@type":"ReadAction","target":["https:\/\/www.welovecycling.com\/pl\/2021\/06\/01\/w-ten-szczegolny-dzien-podaruj-dziecku-milosc-do-roweru-po-latach-sie-odwzajemni\/"]}]},{"@type":"ImageObject","inLanguage":"pl-PL","@id":"https:\/\/www.welovecycling.com\/pl\/2021\/06\/01\/w-ten-szczegolny-dzien-podaruj-dziecku-milosc-do-roweru-po-latach-sie-odwzajemni\/#primaryimage","url":"https:\/\/d2p6e6u75xmxt8.cloudfront.net\/5\/2021\/03\/Family-bikepacking-profimedia-0388843203-CVR-1024x450-1.jpg","contentUrl":"https:\/\/d2p6e6u75xmxt8.cloudfront.net\/5\/2021\/03\/Family-bikepacking-profimedia-0388843203-CVR-1024x450-1.jpg","width":1024,"height":450},{"@type":"BreadcrumbList","@id":"https:\/\/www.welovecycling.com\/pl\/2021\/06\/01\/w-ten-szczegolny-dzien-podaruj-dziecku-milosc-do-roweru-po-latach-sie-odwzajemni\/#breadcrumb","itemListElement":[{"@type":"ListItem","position":1,"name":"Home","item":"https:\/\/www.welovecycling.com\/pl\/"},{"@type":"ListItem","position":2,"name":"W ten szczeg\u00f3lny dzie\u0144 podaruj dziecku mi\u0142o\u015b\u0107 do roweru. Po latach si\u0119 odwzajemni"}]},{"@type":"WebSite","@id":"https:\/\/www.welovecycling.com\/pl\/#website","url":"https:\/\/www.welovecycling.com\/pl\/","name":"\u0160koda We Love Cycling - Poland","description":"","potentialAction":[{"@type":"SearchAction","target":{"@type":"EntryPoint","urlTemplate":"https:\/\/www.welovecycling.com\/pl\/?s={search_term_string}"},"query-input":{"@type":"PropertyValueSpecification","valueRequired":true,"valueName":"search_term_string"}}],"inLanguage":"pl-PL"},{"@type":"Person","@id":"https:\/\/www.welovecycling.com\/pl\/#\/schema\/person\/4a79bac7bd265aa6a35a1079d36648be","name":"oktawiamikulska","image":{"@type":"ImageObject","inLanguage":"pl-PL","@id":"https:\/\/www.welovecycling.com\/pl\/#\/schema\/person\/image\/","url":"https:\/\/secure.gravatar.com\/avatar\/b97a3f44e2de6d2f8dd358975937e49823662e12cbd810b9d1a2bff1c149e8a7?s=96&d=mm&r=g","contentUrl":"https:\/\/secure.gravatar.com\/avatar\/b97a3f44e2de6d2f8dd358975937e49823662e12cbd810b9d1a2bff1c149e8a7?s=96&d=mm&r=g","caption":"oktawiamikulska"},"url":"https:\/\/www.welovecycling.com\/pl\/author\/oktawiamikulska\/"}]}},"_links":{"self":[{"href":"https:\/\/www.welovecycling.com\/pl\/wp-json\/wp\/v2\/posts\/11810","targetHints":{"allow":["GET"]}}],"collection":[{"href":"https:\/\/www.welovecycling.com\/pl\/wp-json\/wp\/v2\/posts"}],"about":[{"href":"https:\/\/www.welovecycling.com\/pl\/wp-json\/wp\/v2\/types\/post"}],"author":[{"embeddable":true,"href":"https:\/\/www.welovecycling.com\/pl\/wp-json\/wp\/v2\/users\/125"}],"replies":[{"embeddable":true,"href":"https:\/\/www.welovecycling.com\/pl\/wp-json\/wp\/v2\/comments?post=11810"}],"version-history":[{"count":1,"href":"https:\/\/www.welovecycling.com\/pl\/wp-json\/wp\/v2\/posts\/11810\/revisions"}],"predecessor-version":[{"id":11811,"href":"https:\/\/www.welovecycling.com\/pl\/wp-json\/wp\/v2\/posts\/11810\/revisions\/11811"}],"wp:featuredmedia":[{"embeddable":true,"href":"https:\/\/www.welovecycling.com\/pl\/wp-json\/wp\/v2\/media\/11562"}],"wp:attachment":[{"href":"https:\/\/www.welovecycling.com\/pl\/wp-json\/wp\/v2\/media?parent=11810"}],"wp:term":[{"taxonomy":"category","embeddable":true,"href":"https:\/\/www.welovecycling.com\/pl\/wp-json\/wp\/v2\/categories?post=11810"},{"taxonomy":"post_tag","embeddable":true,"href":"https:\/\/www.welovecycling.com\/pl\/wp-json\/wp\/v2\/tags?post=11810"},{"taxonomy":"global-categories","embeddable":true,"href":"https:\/\/www.welovecycling.com\/pl\/wp-json\/wp\/v2\/global-categories?post=11810"}],"curies":[{"name":"wp","href":"https:\/\/api.w.org\/{rel}","templated":true}]}}