{"id":11801,"date":"2021-05-31T14:07:13","date_gmt":"2021-05-31T14:07:13","guid":{"rendered":"https:\/\/www.welovecycling.com\/pl\/?p=11801"},"modified":"2021-05-31T14:43:52","modified_gmt":"2021-05-31T14:43:52","slug":"wyscig-z-historia-trwa-kolejne-wspaniale-zwyciestwo-egana-bernala","status":"publish","type":"post","link":"https:\/\/www.welovecycling.com\/pl\/2021\/05\/31\/wyscig-z-historia-trwa-kolejne-wspaniale-zwyciestwo-egana-bernala\/","title":{"rendered":"Wy\u015bcig z histori\u0105 trwa! Kolejne wspania\u0142e zwyci\u0119stwo Egana Bernala"},"content":{"rendered":"<p><strong>Ma to! Kolumbijczyk Egan Bernal (Ineos Grenadiers) wygra\u0142 Giro d\u2019Italia i jest o krok od przej\u015bcia do historii. Czy uda mu si\u0119 to jeszcze w tym roku?<\/strong><\/p>\n<p>To by\u0142o \u015bwietny i emocjonuj\u0105cy wy\u015bcig, mimo \u017ce od po\u0142owy karty rozdawa\u0142 tylko jeden zawodnik. Bernal, cho\u0107 ma dopiero 24 lata, spisa\u0142 si\u0119 jak stary wyjadacz. Nie szar\u017cowa\u0142, ca\u0142y czas kontrolowa\u0142 rywali i jecha\u0142 po zwyci\u0119stwo jak po swoje.<\/p>\n<div class=\"embed-controller-wrapper\">\n<blockquote class=\"twitter-tweet\" data-width=\"500\" data-dnt=\"true\">\n<p lang=\"es\" dir=\"ltr\">\ud83d\udc97 El d\u00eda en que <a href=\"https:\/\/twitter.com\/Eganbernal?ref_src=twsrc%5Etfw\">@Eganbernal<\/a> vincul\u00f3 su nombre para siempre al Giro d&#39;Italia y a Italia.<\/p>\n<p>\ud83d\udc97 Il giorno in cui <a href=\"https:\/\/twitter.com\/Eganbernal?ref_src=twsrc%5Etfw\">@Eganbernal<\/a> ha legato per sempre il suo nome all&#39;Italia e al Giro d&#39;Italia.<a href=\"https:\/\/twitter.com\/hashtag\/Giro?src=hash&amp;ref_src=twsrc%5Etfw\">#Giro<\/a> <a href=\"https:\/\/t.co\/gS5X5XXYDQ\">pic.twitter.com\/gS5X5XXYDQ<\/a><\/p>\n<p>&mdash; Giro d&#39;Italia (@giroditalia) <a href=\"https:\/\/twitter.com\/giroditalia\/status\/1399090737128554500?ref_src=twsrc%5Etfw\">May 30, 2021<\/a><\/p><\/blockquote>\n<p><script async data-src=\"https:\/\/platform.twitter.com\/widgets.js\" charset=\"utf-8\"><\/script><\/div>\n<p>&#8211; Wjazd na met\u0119 by\u0142 wyj\u0105tkowy. Wsz\u0119dzie by\u0142o du\u017co kolumbijskich flag, dopingowa\u0142o mnie wielu kibic\u00f3w. Wtedy zda\u0142em sobie spraw\u0119, \u017ce wygra\u0142em Giro. To niesamowite uczucie. Nie potrafi\u0119 opisa\u0107 tego, co czuj\u0119 \u2013 m\u00f3wi\u0142 na mecie szcz\u0119\u015bliwy Bernal.<\/p>\n<div class=\"embed-controller-wrapper\">\n<blockquote class=\"twitter-tweet\" data-width=\"500\" data-dnt=\"true\">\n<p lang=\"it\" dir=\"ltr\">\ud83c\udde8\ud83c\uddf4 <a href=\"https:\/\/twitter.com\/Eganbernal?ref_src=twsrc%5Etfw\">@Eganbernal<\/a> triunfa en el Giro d&#39;Italia 2021!<\/p>\n<p>\ud83c\udde8\ud83c\uddf4 <a href=\"https:\/\/twitter.com\/Eganbernal?ref_src=twsrc%5Etfw\">@Eganbernal<\/a> wins the Giro d&#39;Italia 2021!<\/p>\n<p>\ud83c\udde8\ud83c\uddf4 <a href=\"https:\/\/twitter.com\/Eganbernal?ref_src=twsrc%5Etfw\">@Eganbernal<\/a> vince il Giro d&#39;Italia 2021!<a href=\"https:\/\/twitter.com\/hashtag\/Giro?src=hash&amp;ref_src=twsrc%5Etfw\">#Giro<\/a> <a href=\"https:\/\/t.co\/5KN9do0VX3\">pic.twitter.com\/5KN9do0VX3<\/a><\/p>\n<p>&mdash; Giro d&#39;Italia (@giroditalia) <a href=\"https:\/\/twitter.com\/giroditalia\/status\/1399022074073653248?ref_src=twsrc%5Etfw\">May 30, 2021<\/a><\/p><\/blockquote>\n<p><script async data-src=\"https:\/\/platform.twitter.com\/widgets.js\" charset=\"utf-8\"><\/script><\/div>\n<p>Nie ma w\u0105tpliwo\u015bci, \u017ce Giro wygra\u0142 najlepszy zawodnik, cho\u0107 na pocz\u0105tku powody do rado\u015bci mieli kibice gospodarzy. Najpierw w klasyfikacji generalnej prowadzi\u0142 W\u0142och Filippo Ganna (Ineos Grenadiers), nast\u0119pnie Alessandro De Marchi (Israel Start-Up Nation), a p\u00f3\u017aniej nadesz\u0142o kilka dni zaskoczenia, bo przez trzy etapy w r\u00f3\u017cowej koszulce lidera jecha\u0142 22-letni W\u0119gier Attila Valter (Groupama-FDJ), kt\u00f3ry w poprzednim sezonie reprezentowa\u0142 polsk\u0105 ekip\u0119 CCC Team.<\/p>\n<p>W ko\u0144cu do g\u0142osu doszed\u0142 jednak Bernal. Wygra\u0142 dziewi\u0105ty etap, wyszed\u0142 na prowadzenie w klasyfikacji generalnej i nie odda\u0142 go ju\u017c do ko\u0144ca. Nie zm\u0119czy\u0142y go g\u00f3ry, nie przerazi\u0142a jazda na czas. Do tego Kolumbijczyk do\u0142o\u017cy\u0142 jeszcze wygran\u0105 w 16., g\u00f3rskim etapie i wtedy by\u0142o ju\u017c wiadomo, \u017ce wydrze\u0107 r\u00f3\u017cowy trykot b\u0119dzie mu bardzo trudno.<\/p>\n<p>Przed ostatnim etapem \u2013 niedzieln\u0105 jazd\u0105 na czas \u2013 Bernal mia\u0142 blisko dwie minuty przewagi.<\/p>\n<p>&#8211; Koncentrowa\u0142em si\u0119 na sobie, \u017ceby nie pope\u0142ni\u0107 \u017cadnego b\u0142\u0119du. Gdy mog\u0142em, jecha\u0142em \u201ena maksa\u201d, ale podczas zakr\u0119t\u00f3w nie ryzykowa\u0142em. To by\u0142a moja pierwsza jazda indywidualna na czas, kt\u00f3ra naprawd\u0119 mi si\u0119 podoba\u0142a. Podczas \u201eczas\u00f3wek\u201d zawsze cierpi\u0119, ale dzi\u015b by\u0142o wyj\u0105tkowo \u2013 przyzna\u0142 Bernal.<\/p>\n<div class=\"embed-controller-wrapper\">\n<blockquote class=\"twitter-tweet\" data-width=\"500\" data-dnt=\"true\">\n<p lang=\"en\" dir=\"ltr\">\ud83d\udc97Giro 2021 &#8211; Stage 2\u20e31\u20e3<br \/>\u23f1\ufe0f Senago &#8211; Milano ITT <a href=\"https:\/\/twitter.com\/TISSOT?ref_src=twsrc%5Etfw\">@TISSOT<\/a> <\/p>\n<p>\ud83c\udde8\ud83c\uddf4 <a href=\"https:\/\/twitter.com\/Eganbernal?ref_src=twsrc%5Etfw\">@Eganbernal<\/a>&#39;s arrival<a href=\"https:\/\/twitter.com\/hashtag\/Giro?src=hash&amp;ref_src=twsrc%5Etfw\">#Giro<\/a> <a href=\"https:\/\/t.co\/P1JCT4aRyR\">pic.twitter.com\/P1JCT4aRyR<\/a><\/p>\n<p>&mdash; Giro d&#39;Italia (@giroditalia) <a href=\"https:\/\/twitter.com\/giroditalia\/status\/1399027483849236481?ref_src=twsrc%5Etfw\">May 30, 2021<\/a><\/p><\/blockquote>\n<p><script async data-src=\"https:\/\/platform.twitter.com\/widgets.js\" charset=\"utf-8\"><\/script><\/div>\n<p>Dla 24-letniego Kolumbijczyka to szczeg\u00f3lna wygrana, bo potwierdzi\u0142, \u017ce przez najbli\u017csze lata w ciemno mo\u017cna go wpisywa\u0107 na list\u0119 faworyt\u00f3w do wygrania najwi\u0119kszych wy\u015bcig\u00f3w \u015bwiata. Dwa lata temu zwyci\u0119\u017cy\u0142 w Tour de France, teraz w Giro d\u2019Italia, wi\u0119c do skompletowania wygranych w Grand Tourach zostaje mu tylko triumf w Vuelta a Espana. Je\u015bli wygra go ju\u017c w tym roku, to przejdzie do historii kolarstwa jako najm\u0142odszy triumfator wszystkich najwi\u0119kszych tour\u00f3w.<\/p>\n<div class=\"embed-controller-wrapper\">\n<blockquote class=\"twitter-tweet\" data-width=\"500\" data-dnt=\"true\">\n<p lang=\"it\" dir=\"ltr\">Buonanotte \ud83c\udf14<\/p>\n<p>Powered by <a href=\"https:\/\/twitter.com\/ENIT_italia?ref_src=twsrc%5Etfw\">@ENIT_italia<\/a> <a href=\"https:\/\/twitter.com\/hashtag\/Giro?src=hash&amp;ref_src=twsrc%5Etfw\">#Giro<\/a> <a href=\"https:\/\/t.co\/gtrGeiXuUh\">pic.twitter.com\/gtrGeiXuUh<\/a><\/p>\n<p>&mdash; Giro d&#39;Italia (@giroditalia) <a href=\"https:\/\/twitter.com\/giroditalia\/status\/1399122194387505154?ref_src=twsrc%5Etfw\">May 30, 2021<\/a><\/p><\/blockquote>\n<p><script async data-src=\"https:\/\/platform.twitter.com\/widgets.js\" charset=\"utf-8\"><\/script><\/div>\n<p>Drugie miejsce w Giro d\u2019Italia zaj\u0105\u0142 W\u0142och Damiano Caruso (Bahrain Victorious), a trzecie Brytyjczyk Simon Yates (Team BikeExchange). Z kolei klasyfikacj\u0119 punktow\u0105 wygra\u0142 S\u0142owak Peter Sagan (Bora-Hansgrohe), g\u00f3rsk\u0105 Francuz Geoffrey Bouchard (AG2R Citroen), sprintersk\u0105 Belg Dries De Bondt (Alpecin-Fenix), m\u0142odzie\u017cow\u0105 Bernal, a dru\u017cynow\u0105 brytyjska ekipa Ineos Grenadiers<\/p>\n<p>Podczas gdy cz\u0119\u015b\u0107 zawodnik\u00f3w ko\u0144czy\u0142a Giro d\u2019Italia, inni zaczynali rywalizacj\u0119 w Criterium du Dauphine. Pierwszy etap, po ca\u0142odniowej ucieczce, wygra\u0142 Brent Van Moer (Lotto Soudal). Przed zawodnikami jeszcze tydzie\u0144 \u015bcigania (zako\u0144czenie Criterium 6 czerwca), a p\u00f3\u017aniej kibice zaczn\u0105 ostateczne odliczanie do Tour de France. Wielka P\u0119tla startuje 26 czerwca, a zako\u0144czy si\u0119 18 lipca.<\/p>\n<p><span data-sheets-value=\"{&quot;1&quot;:2,&quot;2&quot;:&quot;Artyku\u0142 powsta\u0142 we wsp\u00f3\u0142pracy ze skoda-auto.pl&quot;}\" data-sheets-userformat=\"{&quot;2&quot;:1,&quot;3&quot;:{&quot;1&quot;:0}}\" data-sheets-hyperlink=\"http:\/\/www.skoda-auto.pl\/\"><a class=\"in-cell-link\" href=\"http:\/\/www.skoda-auto.pl\/\" target=\"_blank\" rel=\"noopener noreferrer\">Artyku\u0142 powsta\u0142 we wsp\u00f3\u0142pracy ze skoda-auto.pl<\/a><\/span><\/p>\n<p><a href=\"https:\/\/www.skoda-auto.pl\/modele\/nowa-octavia\"><img loading=\"lazy\" decoding=\"async\" class=\"alignnone size-full wp-image-11630 aligncenter\" src=\"https:\/\/d2p6e6u75xmxt8.cloudfront.net\/5\/2021\/12\/640x350-1.jpg\" alt=\"\" width=\"640\" height=\"350\" srcset=\"https:\/\/d2p6e6u75xmxt8.cloudfront.net\/5\/2021\/12\/640x350-1.jpg 640w, https:\/\/d2p6e6u75xmxt8.cloudfront.net\/5\/2021\/12\/640x350-1-300x164.jpg 300w\" sizes=\"auto, (max-width: 640px) 100vw, 640px\" \/><\/a><\/p>\n","protected":false},"excerpt":{"rendered":"<p>Ma to! Kolumbijczyk Egan Bernal (Ineos Grenadiers) wygra\u0142 Giro d\u2019Italia i jest o krok od przej\u015bcia do historii. Czy uda [&hellip;]<\/p>\n","protected":false},"author":125,"featured_media":11805,"comment_status":"open","ping_status":"open","sticky":false,"template":"","format":"standard","meta":{"footnotes":""},"categories":[6,295],"tags":[],"global-categories":[303],"class_list":["post-11801","post","type-post","status-publish","format-standard","has-post-thumbnail","hentry","category-kolarstwo-szosowe","category-zawody","global-categories-cycling"],"yoast_head":"<!-- This site is optimized with the Yoast SEO Premium plugin v25.3 (Yoast SEO v25.9) - https:\/\/yoast.com\/wordpress\/plugins\/seo\/ -->\n<title>Wy\u015bcig z histori\u0105 trwa! Kolejne wspania\u0142e zwyci\u0119stwo Egana Bernala - \u0160koda We Love Cycling - Poland<\/title>\n<meta name=\"description\" content=\"Ma to! Kolumbijczyk Egan Bernal (Ineos Grenadiers) wygra\u0142 Giro d\u2019Italia i jest o krok od przej\u015bcia do historii. Czy uda mu si\u0119 to jeszcze w tym roku?\" \/>\n<meta name=\"robots\" content=\"index, follow, max-snippet:-1, max-image-preview:large, max-video-preview:-1\" \/>\n<link rel=\"canonical\" href=\"https:\/\/www.welovecycling.com\/pl\/2021\/05\/31\/wyscig-z-historia-trwa-kolejne-wspaniale-zwyciestwo-egana-bernala\/\" \/>\n<meta property=\"og:locale\" content=\"pl_PL\" \/>\n<meta property=\"og:type\" content=\"article\" \/>\n<meta property=\"og:title\" content=\"Wy\u015bcig z histori\u0105 trwa! Kolejne wspania\u0142e zwyci\u0119stwo Egana Bernala\" \/>\n<meta property=\"og:description\" content=\"Ma to! Kolumbijczyk Egan Bernal (Ineos Grenadiers) wygra\u0142 Giro d\u2019Italia i jest o krok od przej\u015bcia do historii. Czy uda mu si\u0119 to jeszcze w tym roku?\" \/>\n<meta property=\"og:url\" content=\"https:\/\/www.welovecycling.com\/pl\/2021\/05\/31\/wyscig-z-historia-trwa-kolejne-wspaniale-zwyciestwo-egana-bernala\/\" \/>\n<meta property=\"og:site_name\" content=\"\u0160koda We Love Cycling - Poland\" \/>\n<meta property=\"article:published_time\" content=\"2021-05-31T14:07:13+00:00\" \/>\n<meta property=\"article:modified_time\" content=\"2021-05-31T14:43:52+00:00\" \/>\n<meta property=\"og:image\" content=\"https:\/\/d2p6e6u75xmxt8.cloudfront.net\/5\/2021\/05\/Bernal-2021-Giro-profimedia-0613273335-CVR-1024x450-1.jpg\" \/>\n\t<meta property=\"og:image:width\" content=\"1024\" \/>\n\t<meta property=\"og:image:height\" content=\"450\" \/>\n\t<meta property=\"og:image:type\" content=\"image\/jpeg\" \/>\n<meta name=\"author\" content=\"oktawiamikulska\" \/>\n<meta name=\"twitter:card\" content=\"summary_large_image\" \/>\n<meta name=\"twitter:label1\" content=\"Written by\" \/>\n\t<meta name=\"twitter:data1\" content=\"oktawiamikulska\" \/>\n\t<meta name=\"twitter:label2\" content=\"Est. reading time\" \/>\n\t<meta name=\"twitter:data2\" content=\"3 minutes\" \/>\n<script type=\"application\/ld+json\" class=\"yoast-schema-graph\">{\"@context\":\"https:\/\/schema.org\",\"@graph\":[{\"@type\":\"WebPage\",\"@id\":\"https:\/\/www.welovecycling.com\/pl\/2021\/05\/31\/wyscig-z-historia-trwa-kolejne-wspaniale-zwyciestwo-egana-bernala\/\",\"url\":\"https:\/\/www.welovecycling.com\/pl\/2021\/05\/31\/wyscig-z-historia-trwa-kolejne-wspaniale-zwyciestwo-egana-bernala\/\",\"name\":\"Wy\u015bcig z histori\u0105 trwa! Kolejne wspania\u0142e zwyci\u0119stwo Egana Bernala - \u0160koda We Love Cycling - Poland\",\"isPartOf\":{\"@id\":\"https:\/\/www.welovecycling.com\/pl\/#website\"},\"primaryImageOfPage\":{\"@id\":\"https:\/\/www.welovecycling.com\/pl\/2021\/05\/31\/wyscig-z-historia-trwa-kolejne-wspaniale-zwyciestwo-egana-bernala\/#primaryimage\"},\"image\":{\"@id\":\"https:\/\/www.welovecycling.com\/pl\/2021\/05\/31\/wyscig-z-historia-trwa-kolejne-wspaniale-zwyciestwo-egana-bernala\/#primaryimage\"},\"thumbnailUrl\":\"https:\/\/d2p6e6u75xmxt8.cloudfront.net\/5\/2021\/05\/Bernal-2021-Giro-profimedia-0613273335-CVR-1024x450-1.jpg\",\"datePublished\":\"2021-05-31T14:07:13+00:00\",\"dateModified\":\"2021-05-31T14:43:52+00:00\",\"author\":{\"@id\":\"https:\/\/www.welovecycling.com\/pl\/#\/schema\/person\/4a79bac7bd265aa6a35a1079d36648be\"},\"description\":\"Ma to! Kolumbijczyk Egan Bernal (Ineos Grenadiers) wygra\u0142 Giro d\u2019Italia i jest o krok od przej\u015bcia do historii. Czy uda mu si\u0119 to jeszcze w tym roku?\",\"breadcrumb\":{\"@id\":\"https:\/\/www.welovecycling.com\/pl\/2021\/05\/31\/wyscig-z-historia-trwa-kolejne-wspaniale-zwyciestwo-egana-bernala\/#breadcrumb\"},\"inLanguage\":\"pl-PL\",\"potentialAction\":[{\"@type\":\"ReadAction\",\"target\":[\"https:\/\/www.welovecycling.com\/pl\/2021\/05\/31\/wyscig-z-historia-trwa-kolejne-wspaniale-zwyciestwo-egana-bernala\/\"]}]},{\"@type\":\"ImageObject\",\"inLanguage\":\"pl-PL\",\"@id\":\"https:\/\/www.welovecycling.com\/pl\/2021\/05\/31\/wyscig-z-historia-trwa-kolejne-wspaniale-zwyciestwo-egana-bernala\/#primaryimage\",\"url\":\"https:\/\/d2p6e6u75xmxt8.cloudfront.net\/5\/2021\/05\/Bernal-2021-Giro-profimedia-0613273335-CVR-1024x450-1.jpg\",\"contentUrl\":\"https:\/\/d2p6e6u75xmxt8.cloudfront.net\/5\/2021\/05\/Bernal-2021-Giro-profimedia-0613273335-CVR-1024x450-1.jpg\",\"width\":1024,\"height\":450},{\"@type\":\"BreadcrumbList\",\"@id\":\"https:\/\/www.welovecycling.com\/pl\/2021\/05\/31\/wyscig-z-historia-trwa-kolejne-wspaniale-zwyciestwo-egana-bernala\/#breadcrumb\",\"itemListElement\":[{\"@type\":\"ListItem\",\"position\":1,\"name\":\"Home\",\"item\":\"https:\/\/www.welovecycling.com\/pl\/\"},{\"@type\":\"ListItem\",\"position\":2,\"name\":\"Wy\u015bcig z histori\u0105 trwa! Kolejne wspania\u0142e zwyci\u0119stwo Egana Bernala\"}]},{\"@type\":\"WebSite\",\"@id\":\"https:\/\/www.welovecycling.com\/pl\/#website\",\"url\":\"https:\/\/www.welovecycling.com\/pl\/\",\"name\":\"\u0160koda We Love Cycling - Poland\",\"description\":\"\",\"potentialAction\":[{\"@type\":\"SearchAction\",\"target\":{\"@type\":\"EntryPoint\",\"urlTemplate\":\"https:\/\/www.welovecycling.com\/pl\/?s={search_term_string}\"},\"query-input\":{\"@type\":\"PropertyValueSpecification\",\"valueRequired\":true,\"valueName\":\"search_term_string\"}}],\"inLanguage\":\"pl-PL\"},{\"@type\":\"Person\",\"@id\":\"https:\/\/www.welovecycling.com\/pl\/#\/schema\/person\/4a79bac7bd265aa6a35a1079d36648be\",\"name\":\"oktawiamikulska\",\"image\":{\"@type\":\"ImageObject\",\"inLanguage\":\"pl-PL\",\"@id\":\"https:\/\/www.welovecycling.com\/pl\/#\/schema\/person\/image\/\",\"url\":\"https:\/\/secure.gravatar.com\/avatar\/b97a3f44e2de6d2f8dd358975937e49823662e12cbd810b9d1a2bff1c149e8a7?s=96&d=mm&r=g\",\"contentUrl\":\"https:\/\/secure.gravatar.com\/avatar\/b97a3f44e2de6d2f8dd358975937e49823662e12cbd810b9d1a2bff1c149e8a7?s=96&d=mm&r=g\",\"caption\":\"oktawiamikulska\"},\"url\":\"https:\/\/www.welovecycling.com\/pl\/author\/oktawiamikulska\/\"}]}<\/script>\n<!-- \/ Yoast SEO Premium plugin. -->","yoast_head_json":{"title":"Wy\u015bcig z histori\u0105 trwa! Kolejne wspania\u0142e zwyci\u0119stwo Egana Bernala - \u0160koda We Love Cycling - Poland","description":"Ma to! Kolumbijczyk Egan Bernal (Ineos Grenadiers) wygra\u0142 Giro d\u2019Italia i jest o krok od przej\u015bcia do historii. Czy uda mu si\u0119 to jeszcze w tym roku?","robots":{"index":"index","follow":"follow","max-snippet":"max-snippet:-1","max-image-preview":"max-image-preview:large","max-video-preview":"max-video-preview:-1"},"canonical":"https:\/\/www.welovecycling.com\/pl\/2021\/05\/31\/wyscig-z-historia-trwa-kolejne-wspaniale-zwyciestwo-egana-bernala\/","og_locale":"pl_PL","og_type":"article","og_title":"Wy\u015bcig z histori\u0105 trwa! Kolejne wspania\u0142e zwyci\u0119stwo Egana Bernala","og_description":"Ma to! Kolumbijczyk Egan Bernal (Ineos Grenadiers) wygra\u0142 Giro d\u2019Italia i jest o krok od przej\u015bcia do historii. Czy uda mu si\u0119 to jeszcze w tym roku?","og_url":"https:\/\/www.welovecycling.com\/pl\/2021\/05\/31\/wyscig-z-historia-trwa-kolejne-wspaniale-zwyciestwo-egana-bernala\/","og_site_name":"\u0160koda We Love Cycling - Poland","article_published_time":"2021-05-31T14:07:13+00:00","article_modified_time":"2021-05-31T14:43:52+00:00","og_image":[{"width":1024,"height":450,"url":"https:\/\/d2p6e6u75xmxt8.cloudfront.net\/5\/2021\/05\/Bernal-2021-Giro-profimedia-0613273335-CVR-1024x450-1.jpg","type":"image\/jpeg"}],"author":"oktawiamikulska","twitter_card":"summary_large_image","twitter_misc":{"Written by":"oktawiamikulska","Est. reading time":"3 minutes"},"schema":{"@context":"https:\/\/schema.org","@graph":[{"@type":"WebPage","@id":"https:\/\/www.welovecycling.com\/pl\/2021\/05\/31\/wyscig-z-historia-trwa-kolejne-wspaniale-zwyciestwo-egana-bernala\/","url":"https:\/\/www.welovecycling.com\/pl\/2021\/05\/31\/wyscig-z-historia-trwa-kolejne-wspaniale-zwyciestwo-egana-bernala\/","name":"Wy\u015bcig z histori\u0105 trwa! Kolejne wspania\u0142e zwyci\u0119stwo Egana Bernala - \u0160koda We Love Cycling - Poland","isPartOf":{"@id":"https:\/\/www.welovecycling.com\/pl\/#website"},"primaryImageOfPage":{"@id":"https:\/\/www.welovecycling.com\/pl\/2021\/05\/31\/wyscig-z-historia-trwa-kolejne-wspaniale-zwyciestwo-egana-bernala\/#primaryimage"},"image":{"@id":"https:\/\/www.welovecycling.com\/pl\/2021\/05\/31\/wyscig-z-historia-trwa-kolejne-wspaniale-zwyciestwo-egana-bernala\/#primaryimage"},"thumbnailUrl":"https:\/\/d2p6e6u75xmxt8.cloudfront.net\/5\/2021\/05\/Bernal-2021-Giro-profimedia-0613273335-CVR-1024x450-1.jpg","datePublished":"2021-05-31T14:07:13+00:00","dateModified":"2021-05-31T14:43:52+00:00","author":{"@id":"https:\/\/www.welovecycling.com\/pl\/#\/schema\/person\/4a79bac7bd265aa6a35a1079d36648be"},"description":"Ma to! Kolumbijczyk Egan Bernal (Ineos Grenadiers) wygra\u0142 Giro d\u2019Italia i jest o krok od przej\u015bcia do historii. Czy uda mu si\u0119 to jeszcze w tym roku?","breadcrumb":{"@id":"https:\/\/www.welovecycling.com\/pl\/2021\/05\/31\/wyscig-z-historia-trwa-kolejne-wspaniale-zwyciestwo-egana-bernala\/#breadcrumb"},"inLanguage":"pl-PL","potentialAction":[{"@type":"ReadAction","target":["https:\/\/www.welovecycling.com\/pl\/2021\/05\/31\/wyscig-z-historia-trwa-kolejne-wspaniale-zwyciestwo-egana-bernala\/"]}]},{"@type":"ImageObject","inLanguage":"pl-PL","@id":"https:\/\/www.welovecycling.com\/pl\/2021\/05\/31\/wyscig-z-historia-trwa-kolejne-wspaniale-zwyciestwo-egana-bernala\/#primaryimage","url":"https:\/\/d2p6e6u75xmxt8.cloudfront.net\/5\/2021\/05\/Bernal-2021-Giro-profimedia-0613273335-CVR-1024x450-1.jpg","contentUrl":"https:\/\/d2p6e6u75xmxt8.cloudfront.net\/5\/2021\/05\/Bernal-2021-Giro-profimedia-0613273335-CVR-1024x450-1.jpg","width":1024,"height":450},{"@type":"BreadcrumbList","@id":"https:\/\/www.welovecycling.com\/pl\/2021\/05\/31\/wyscig-z-historia-trwa-kolejne-wspaniale-zwyciestwo-egana-bernala\/#breadcrumb","itemListElement":[{"@type":"ListItem","position":1,"name":"Home","item":"https:\/\/www.welovecycling.com\/pl\/"},{"@type":"ListItem","position":2,"name":"Wy\u015bcig z histori\u0105 trwa! Kolejne wspania\u0142e zwyci\u0119stwo Egana Bernala"}]},{"@type":"WebSite","@id":"https:\/\/www.welovecycling.com\/pl\/#website","url":"https:\/\/www.welovecycling.com\/pl\/","name":"\u0160koda We Love Cycling - Poland","description":"","potentialAction":[{"@type":"SearchAction","target":{"@type":"EntryPoint","urlTemplate":"https:\/\/www.welovecycling.com\/pl\/?s={search_term_string}"},"query-input":{"@type":"PropertyValueSpecification","valueRequired":true,"valueName":"search_term_string"}}],"inLanguage":"pl-PL"},{"@type":"Person","@id":"https:\/\/www.welovecycling.com\/pl\/#\/schema\/person\/4a79bac7bd265aa6a35a1079d36648be","name":"oktawiamikulska","image":{"@type":"ImageObject","inLanguage":"pl-PL","@id":"https:\/\/www.welovecycling.com\/pl\/#\/schema\/person\/image\/","url":"https:\/\/secure.gravatar.com\/avatar\/b97a3f44e2de6d2f8dd358975937e49823662e12cbd810b9d1a2bff1c149e8a7?s=96&d=mm&r=g","contentUrl":"https:\/\/secure.gravatar.com\/avatar\/b97a3f44e2de6d2f8dd358975937e49823662e12cbd810b9d1a2bff1c149e8a7?s=96&d=mm&r=g","caption":"oktawiamikulska"},"url":"https:\/\/www.welovecycling.com\/pl\/author\/oktawiamikulska\/"}]}},"_links":{"self":[{"href":"https:\/\/www.welovecycling.com\/pl\/wp-json\/wp\/v2\/posts\/11801","targetHints":{"allow":["GET"]}}],"collection":[{"href":"https:\/\/www.welovecycling.com\/pl\/wp-json\/wp\/v2\/posts"}],"about":[{"href":"https:\/\/www.welovecycling.com\/pl\/wp-json\/wp\/v2\/types\/post"}],"author":[{"embeddable":true,"href":"https:\/\/www.welovecycling.com\/pl\/wp-json\/wp\/v2\/users\/125"}],"replies":[{"embeddable":true,"href":"https:\/\/www.welovecycling.com\/pl\/wp-json\/wp\/v2\/comments?post=11801"}],"version-history":[{"count":2,"href":"https:\/\/www.welovecycling.com\/pl\/wp-json\/wp\/v2\/posts\/11801\/revisions"}],"predecessor-version":[{"id":11807,"href":"https:\/\/www.welovecycling.com\/pl\/wp-json\/wp\/v2\/posts\/11801\/revisions\/11807"}],"wp:featuredmedia":[{"embeddable":true,"href":"https:\/\/www.welovecycling.com\/pl\/wp-json\/wp\/v2\/media\/11805"}],"wp:attachment":[{"href":"https:\/\/www.welovecycling.com\/pl\/wp-json\/wp\/v2\/media?parent=11801"}],"wp:term":[{"taxonomy":"category","embeddable":true,"href":"https:\/\/www.welovecycling.com\/pl\/wp-json\/wp\/v2\/categories?post=11801"},{"taxonomy":"post_tag","embeddable":true,"href":"https:\/\/www.welovecycling.com\/pl\/wp-json\/wp\/v2\/tags?post=11801"},{"taxonomy":"global-categories","embeddable":true,"href":"https:\/\/www.welovecycling.com\/pl\/wp-json\/wp\/v2\/global-categories?post=11801"}],"curies":[{"name":"wp","href":"https:\/\/api.w.org\/{rel}","templated":true}]}}