{"id":11792,"date":"2021-05-26T08:20:30","date_gmt":"2021-05-26T08:20:30","guid":{"rendered":"https:\/\/www.welovecycling.com\/pl\/?p=11792"},"modified":"2023-07-19T07:24:36","modified_gmt":"2023-07-19T07:24:36","slug":"odwazny-francuz-pomogl-wywrocic-tour-de-france-do-gory-nogami","status":"publish","type":"post","link":"https:\/\/www.welovecycling.com\/pl\/2021\/05\/26\/odwazny-francuz-pomogl-wywrocic-tour-de-france-do-gory-nogami\/","title":{"rendered":"Odwa\u017cny Francuz pom\u00f3g\u0142 wywr\u00f3ci\u0107 Tour de France do g\u00f3ry nogami"},"content":{"rendered":"<p><strong>Cz\u0119sto zostaj\u0105 w cieniu, a z ka\u017cdym rokiem ich sukcesy s\u0105 coraz bardziej zapominane. O pracy, jak\u0105 dla Tour de France wykona\u0142 Jean-Pierre Carenso, organizatorzy wy\u015bcigu nie pozwol\u0105 jednak zapomnie\u0107 i to w\u0142a\u015bnie pami\u0119\u0107 modernizatora oraz by\u0142ego dyrektora wy\u015bcigu zostanie uczczona podczas zbli\u017caj\u0105cej si\u0119 Wielkiej P\u0119tli.<\/strong><\/p>\n<p>W latach 80. Tour de France znacznie r\u00f3\u017cni\u0142o si\u0119 od dzisiejszego show sportowo-medialnego.<\/p>\n<p>\u201eW\u00f3wczas Wielka P\u0119tla sprawia\u0142a wra\u017cenie zm\u0119czonego cyrku w\u0119drownego. Wiele rzeczy, kt\u00f3re dzi\u015b uwa\u017camy za oczywiste, nie istnia\u0142o. Nie by\u0142o wielkiego rozpocz\u0119cia ca\u0142ego wy\u015bcigu, \u0142uku nad lini\u0105 mety, a tak\u017ce tak uroczystej ceremonii dekoracji na podium\u2026 Wszystko to jeszcze nie zosta\u0142o wynalezione\u201d \u2013 wspomina portal The Inner Ring.<\/p>\n<p>Wiele zmieni\u0142o si\u0119 w latach 80., a jednym z motor\u00f3w nap\u0119dowych marketingowej rewolucji by\u0142 w\u0142a\u015bnie Carenso.<\/p>\n<div class=\"embed-controller-wrapper\">\n<blockquote class=\"twitter-tweet\" data-width=\"500\" data-dnt=\"true\">\n<p lang=\"fr\" dir=\"ltr\">Hommage \u00e0 Jean-Pierre Carenso, directeur g\u00e9n\u00e9ral de la Soci\u00e9t\u00e9 du Tour de France de 1989 \u00e0 1994.<\/p>\n<p>\ud83d\udcf8 Deschamps\/L&#39;\u00c9quipe <a href=\"https:\/\/t.co\/H6DPynv4zF\">pic.twitter.com\/H6DPynv4zF<\/a><\/p>\n<p>&mdash; Tour de France\u2122 (@LeTour) <a href=\"https:\/\/twitter.com\/LeTour\/status\/1330800412459470848?ref_src=twsrc%5Etfw\">November 23, 2020<\/a><\/p><\/blockquote>\n<p><script async data-src=\"https:\/\/platform.twitter.com\/widgets.js\" charset=\"utf-8\"><\/script><\/div>\n<p>Nie pcha\u0142 si\u0119 do spraw sportowych, kt\u00f3re wola\u0142 zostawia\u0107 swoim wsp\u00f3\u0142pracownikom. Sam za to skupia\u0142 si\u0119 na tym, by kolarska rywalizacja mia\u0142a jak najlepsz\u0105 otoczk\u0119. To w\u0142a\u015bnie w latach 80. wymy\u015blono, \u017ce przedstawienie trasy wy\u015bcigu b\u0119dzie wielkim wydarzeniem odbywaj\u0105cym si\u0119 w teatrze, kt\u00f3re dzi\u015b transmitowane jest na ca\u0142y \u015bwiat. Wcze\u015bniej bowiem rozpisk\u0119 poszczeg\u00f3lnych etap\u00f3w dziennikarze otrzymywali\u2026 w pokojach hotelowych.<\/p>\n<p>Stworzono r\u00f3wnie\u017c strefy VIP, gdzie podejmowano najwa\u017cniejszych go\u015bci, zwi\u0119kszono te\u017c ekspozycj\u0119 i rang\u0119 najwi\u0119kszych reklamodawc\u00f3w. Oczywi\u015bcie nie wszystkie pomys\u0142y nale\u017ca\u0142y do Carenso, ale Francuz by\u0142 w ekipie, kt\u00f3ra otworzy\u0142a Wielk\u0105 P\u0119tl\u0119 na \u015bwiat marketingu i reklamy.<\/p>\n<p>&#8211; To by\u0142a barwna posta\u0107. Pod jego kierownictwem Tour de France rozpocz\u0105\u0142 powa\u017cn\u0105 transformacj\u0119 marketingow\u0105, szczeg\u00f3lnie pod k\u0105tem partnerstwa oraz wygl\u0105du i odbioru wy\u015bcigu \u2013 wspomina Carenso gazeta \u201eL&#8217;Equipe\u201d.<\/p>\n<p>&#8211; Jean-Pierre pokaza\u0142 drog\u0119 i metody, kt\u00f3re pozwoli\u0142y naszej firmie w ci\u0105gu 25 lat zebra\u0107 wok\u00f3\u0142 siebie wielkie postacie sportu i sta\u0107 si\u0119 dla nich istotnym partnerem \u2013 tak z kolei swojego pierwszego dyrektora opisuje firma Sporsora.<\/p>\n<div class=\"embed-controller-wrapper\">\n<blockquote class=\"twitter-tweet\" data-width=\"500\" data-dnt=\"true\">\n<p lang=\"fr\" dir=\"ltr\">Ancien patron du Tour de France, le Mentonnais Jean-Pierre Carenso a fait ses adieux \u00e0 la Grande boucle <a href=\"https:\/\/t.co\/fwBIYPSfQZ\">https:\/\/t.co\/fwBIYPSfQZ<\/a> <a href=\"https:\/\/t.co\/naBsHwRz8U\">pic.twitter.com\/naBsHwRz8U<\/a><\/p>\n<p>&mdash; Nice-Matin (@Nice_Matin) <a href=\"https:\/\/twitter.com\/Nice_Matin\/status\/1333844532878856195?ref_src=twsrc%5Etfw\">December 1, 2020<\/a><\/p><\/blockquote>\n<p><script async data-src=\"https:\/\/platform.twitter.com\/widgets.js\" charset=\"utf-8\"><\/script><\/div>\n<p>Za pi\u0119cioletnich rz\u0105d\u00f3w Carenso wy\u015bcig zosta\u0142 mocno skomercjalizowany, co na pocz\u0105tku nie wszystkim si\u0119 podoba\u0142o. Dzi\u015b ju\u017c jednak wiadomo, \u017ce gdyby nie pewne \u015bmia\u0142e zmiany, to Tour de France m\u00f3g\u0142by straci\u0107 tytu\u0142 najwi\u0119kszego wy\u015bcigu \u015bwiata.<\/p>\n<p>Wcze\u015bniej np. poszczeg\u00f3lne ekipy musia\u0142y p\u0142aci\u0107 za mo\u017cliwo\u015b\u0107 startu w Wielkiej P\u0119tli, ale p\u00f3\u017aniej te koszty wzi\u0105\u0142 na siebie organizator, w zamian znajduj\u0105c znacznie wi\u0119ksze wsparcie u reklamodawc\u00f3w, kt\u00f3rzy coraz lepiej mogli promowa\u0107 si\u0119 podczas wy\u015bcigu. Zmieni\u0142y si\u0119 r\u00f3wnie\u017c zasady dystrybucji praw telewizyjnych oraz prowadzenia relacji.<\/p>\n<p>\u2013 Dzi\u015b ludzi podobnych do Carenso w sporcie ju\u017c nie ma. Wraz ze wsp\u00f3\u0142pracownikami, w kr\u00f3tkim czasie zrobili wiele, by Tour de France wygl\u0105da\u0142 tak, jak dzisiaj, czyli by\u0142 po\u0142\u0105czeniem sportu i biznesu \u2013 nie ma w\u0105tpliwo\u015bci The Inner Ring.<\/p>\n<p>Carenso dyrektorem Tour de France by\u0142 w latach 1989 &#8211; 1994. Zmar\u0142 w wieku 86 lat, a ho\u0142d zostanie oddany mu podczas tegorocznej Wielkiej P\u0119tli, kt\u00f3ra startuje ju\u017c 26 czerwca.<\/p>\n<p><span data-sheets-value=\"{&quot;1&quot;:2,&quot;2&quot;:&quot;Artyku\u0142 powsta\u0142 we wsp\u00f3\u0142pracy ze skoda-auto.pl&quot;}\" data-sheets-userformat=\"{&quot;2&quot;:1,&quot;3&quot;:{&quot;1&quot;:0}}\" data-sheets-hyperlink=\"http:\/\/www.skoda-auto.pl\/\"><a class=\"in-cell-link\" href=\"http:\/\/www.skoda-auto.pl\/\" target=\"_blank\" rel=\"noopener noreferrer\">Artyku\u0142 powsta\u0142 we wsp\u00f3\u0142pracy ze skoda-auto.pl<\/a><\/span><\/p>\n<p><a href=\"https:\/\/www.skoda-auto.pl\/modele\/karoq\"><img loading=\"lazy\" decoding=\"async\" class=\"size-full wp-image-11629 aligncenter\" src=\"https:\/\/d2p6e6u75xmxt8.cloudfront.net\/5\/2021\/12\/640x350-3-1.jpg\" alt=\"\" width=\"640\" height=\"350\" srcset=\"https:\/\/d2p6e6u75xmxt8.cloudfront.net\/5\/2021\/12\/640x350-3-1.jpg 640w, https:\/\/d2p6e6u75xmxt8.cloudfront.net\/5\/2021\/12\/640x350-3-1-300x164.jpg 300w\" sizes=\"auto, (max-width: 640px) 100vw, 640px\" \/><\/a><\/p>\n","protected":false},"excerpt":{"rendered":"<p>Cz\u0119sto zostaj\u0105 w cieniu, a z ka\u017cdym rokiem ich sukcesy s\u0105 coraz bardziej zapominane. O pracy, jak\u0105 dla Tour de [&hellip;]<\/p>\n","protected":false},"author":125,"featured_media":11795,"comment_status":"open","ping_status":"open","sticky":false,"template":"","format":"standard","meta":{"footnotes":""},"categories":[337],"tags":[176,77,146],"global-categories":[303],"class_list":["post-11792","post","type-post","status-publish","format-standard","has-post-thumbnail","hentry","category-tour-de-france","tag-kolarstwo","tag-tour-de-france","tag-wyscig","global-categories-cycling"],"yoast_head":"<!-- This site is optimized with the Yoast SEO Premium plugin v25.3 (Yoast SEO v25.9) - https:\/\/yoast.com\/wordpress\/plugins\/seo\/ -->\n<title>Odwa\u017cny Francuz pom\u00f3g\u0142 wywr\u00f3ci\u0107 Tour de France do g\u00f3ry nogami - \u0160koda We Love Cycling - Poland<\/title>\n<meta name=\"description\" content=\"Cz\u0119sto zostaj\u0105 w cieniu, a z ka\u017cdym rokiem ich sukcesy s\u0105 coraz bardziej zapominane. O pracy, jak\u0105 dla Tour de France wykona\u0142 Jean-Pierre Carenso, organizatorzy wy\u015bcigu nie pozwol\u0105 jednak zapomnie\u0107 i to w\u0142a\u015bnie pami\u0119\u0107 modernizatora oraz by\u0142ego dyrektora wy\u015bcigu zostanie uczczona podczas zbli\u017caj\u0105cej si\u0119 Wielkiej P\u0119tli.\" \/>\n<meta name=\"robots\" content=\"index, follow, max-snippet:-1, max-image-preview:large, max-video-preview:-1\" \/>\n<link rel=\"canonical\" href=\"https:\/\/www.welovecycling.com\/pl\/2021\/05\/26\/odwazny-francuz-pomogl-wywrocic-tour-de-france-do-gory-nogami\/\" \/>\n<meta property=\"og:locale\" content=\"pl_PL\" \/>\n<meta property=\"og:type\" content=\"article\" \/>\n<meta property=\"og:title\" content=\"Odwa\u017cny Francuz pom\u00f3g\u0142 wywr\u00f3ci\u0107 Tour de France do g\u00f3ry nogami\" \/>\n<meta property=\"og:description\" content=\"Cz\u0119sto zostaj\u0105 w cieniu, a z ka\u017cdym rokiem ich sukcesy s\u0105 coraz bardziej zapominane. O pracy, jak\u0105 dla Tour de France wykona\u0142 Jean-Pierre Carenso, organizatorzy wy\u015bcigu nie pozwol\u0105 jednak zapomnie\u0107 i to w\u0142a\u015bnie pami\u0119\u0107 modernizatora oraz by\u0142ego dyrektora wy\u015bcigu zostanie uczczona podczas zbli\u017caj\u0105cej si\u0119 Wielkiej P\u0119tli.\" \/>\n<meta property=\"og:url\" content=\"https:\/\/www.welovecycling.com\/pl\/2021\/05\/26\/odwazny-francuz-pomogl-wywrocic-tour-de-france-do-gory-nogami\/\" \/>\n<meta property=\"og:site_name\" content=\"\u0160koda We Love Cycling - Poland\" \/>\n<meta property=\"article:published_time\" content=\"2021-05-26T08:20:30+00:00\" \/>\n<meta property=\"article:modified_time\" content=\"2023-07-19T07:24:36+00:00\" \/>\n<meta property=\"og:image\" content=\"https:\/\/d2p6e6u75xmxt8.cloudfront.net\/5\/2021\/05\/Tour-de-France-peloton-profimedia-0559058623-CVR-1024x450-1.jpg\" \/>\n\t<meta property=\"og:image:width\" content=\"1024\" \/>\n\t<meta property=\"og:image:height\" content=\"450\" \/>\n\t<meta property=\"og:image:type\" content=\"image\/jpeg\" \/>\n<meta name=\"author\" content=\"oktawiamikulska\" \/>\n<meta name=\"twitter:card\" content=\"summary_large_image\" \/>\n<meta name=\"twitter:label1\" content=\"Written by\" \/>\n\t<meta name=\"twitter:data1\" content=\"Piotr Jawor\" \/>\n\t<meta name=\"twitter:label2\" content=\"Est. reading time\" \/>\n\t<meta name=\"twitter:data2\" content=\"3 minutes\" \/>\n<script type=\"application\/ld+json\" class=\"yoast-schema-graph\">{\"@context\":\"https:\/\/schema.org\",\"@graph\":[{\"@type\":\"WebPage\",\"@id\":\"https:\/\/www.welovecycling.com\/pl\/2021\/05\/26\/odwazny-francuz-pomogl-wywrocic-tour-de-france-do-gory-nogami\/\",\"url\":\"https:\/\/www.welovecycling.com\/pl\/2021\/05\/26\/odwazny-francuz-pomogl-wywrocic-tour-de-france-do-gory-nogami\/\",\"name\":\"Odwa\u017cny Francuz pom\u00f3g\u0142 wywr\u00f3ci\u0107 Tour de France do g\u00f3ry nogami - \u0160koda We Love Cycling - Poland\",\"isPartOf\":{\"@id\":\"https:\/\/www.welovecycling.com\/pl\/#website\"},\"primaryImageOfPage\":{\"@id\":\"https:\/\/www.welovecycling.com\/pl\/2021\/05\/26\/odwazny-francuz-pomogl-wywrocic-tour-de-france-do-gory-nogami\/#primaryimage\"},\"image\":{\"@id\":\"https:\/\/www.welovecycling.com\/pl\/2021\/05\/26\/odwazny-francuz-pomogl-wywrocic-tour-de-france-do-gory-nogami\/#primaryimage\"},\"thumbnailUrl\":\"https:\/\/d2p6e6u75xmxt8.cloudfront.net\/5\/2021\/05\/Tour-de-France-peloton-profimedia-0559058623-CVR-1024x450-1.jpg\",\"datePublished\":\"2021-05-26T08:20:30+00:00\",\"dateModified\":\"2023-07-19T07:24:36+00:00\",\"author\":{\"@id\":\"https:\/\/www.welovecycling.com\/pl\/#\/schema\/person\/4a79bac7bd265aa6a35a1079d36648be\"},\"description\":\"Cz\u0119sto zostaj\u0105 w cieniu, a z ka\u017cdym rokiem ich sukcesy s\u0105 coraz bardziej zapominane. O pracy, jak\u0105 dla Tour de France wykona\u0142 Jean-Pierre Carenso, organizatorzy wy\u015bcigu nie pozwol\u0105 jednak zapomnie\u0107 i to w\u0142a\u015bnie pami\u0119\u0107 modernizatora oraz by\u0142ego dyrektora wy\u015bcigu zostanie uczczona podczas zbli\u017caj\u0105cej si\u0119 Wielkiej P\u0119tli.\",\"breadcrumb\":{\"@id\":\"https:\/\/www.welovecycling.com\/pl\/2021\/05\/26\/odwazny-francuz-pomogl-wywrocic-tour-de-france-do-gory-nogami\/#breadcrumb\"},\"inLanguage\":\"pl-PL\",\"potentialAction\":[{\"@type\":\"ReadAction\",\"target\":[\"https:\/\/www.welovecycling.com\/pl\/2021\/05\/26\/odwazny-francuz-pomogl-wywrocic-tour-de-france-do-gory-nogami\/\"]}]},{\"@type\":\"ImageObject\",\"inLanguage\":\"pl-PL\",\"@id\":\"https:\/\/www.welovecycling.com\/pl\/2021\/05\/26\/odwazny-francuz-pomogl-wywrocic-tour-de-france-do-gory-nogami\/#primaryimage\",\"url\":\"https:\/\/d2p6e6u75xmxt8.cloudfront.net\/5\/2021\/05\/Tour-de-France-peloton-profimedia-0559058623-CVR-1024x450-1.jpg\",\"contentUrl\":\"https:\/\/d2p6e6u75xmxt8.cloudfront.net\/5\/2021\/05\/Tour-de-France-peloton-profimedia-0559058623-CVR-1024x450-1.jpg\",\"width\":1024,\"height\":450},{\"@type\":\"BreadcrumbList\",\"@id\":\"https:\/\/www.welovecycling.com\/pl\/2021\/05\/26\/odwazny-francuz-pomogl-wywrocic-tour-de-france-do-gory-nogami\/#breadcrumb\",\"itemListElement\":[{\"@type\":\"ListItem\",\"position\":1,\"name\":\"Home\",\"item\":\"https:\/\/www.welovecycling.com\/pl\/\"},{\"@type\":\"ListItem\",\"position\":2,\"name\":\"Odwa\u017cny Francuz pom\u00f3g\u0142 wywr\u00f3ci\u0107 Tour de France do g\u00f3ry nogami\"}]},{\"@type\":\"WebSite\",\"@id\":\"https:\/\/www.welovecycling.com\/pl\/#website\",\"url\":\"https:\/\/www.welovecycling.com\/pl\/\",\"name\":\"\u0160koda We Love Cycling - Poland\",\"description\":\"\",\"potentialAction\":[{\"@type\":\"SearchAction\",\"target\":{\"@type\":\"EntryPoint\",\"urlTemplate\":\"https:\/\/www.welovecycling.com\/pl\/?s={search_term_string}\"},\"query-input\":{\"@type\":\"PropertyValueSpecification\",\"valueRequired\":true,\"valueName\":\"search_term_string\"}}],\"inLanguage\":\"pl-PL\"},{\"@type\":\"Person\",\"@id\":\"https:\/\/www.welovecycling.com\/pl\/#\/schema\/person\/4a79bac7bd265aa6a35a1079d36648be\",\"name\":\"oktawiamikulska\",\"image\":{\"@type\":\"ImageObject\",\"inLanguage\":\"pl-PL\",\"@id\":\"https:\/\/www.welovecycling.com\/pl\/#\/schema\/person\/image\/\",\"url\":\"https:\/\/secure.gravatar.com\/avatar\/b97a3f44e2de6d2f8dd358975937e49823662e12cbd810b9d1a2bff1c149e8a7?s=96&d=mm&r=g\",\"contentUrl\":\"https:\/\/secure.gravatar.com\/avatar\/b97a3f44e2de6d2f8dd358975937e49823662e12cbd810b9d1a2bff1c149e8a7?s=96&d=mm&r=g\",\"caption\":\"oktawiamikulska\"},\"url\":\"https:\/\/www.welovecycling.com\/pl\/author\/oktawiamikulska\/\"}]}<\/script>\n<!-- \/ Yoast SEO Premium plugin. -->","yoast_head_json":{"title":"Odwa\u017cny Francuz pom\u00f3g\u0142 wywr\u00f3ci\u0107 Tour de France do g\u00f3ry nogami - \u0160koda We Love Cycling - Poland","description":"Cz\u0119sto zostaj\u0105 w cieniu, a z ka\u017cdym rokiem ich sukcesy s\u0105 coraz bardziej zapominane. O pracy, jak\u0105 dla Tour de France wykona\u0142 Jean-Pierre Carenso, organizatorzy wy\u015bcigu nie pozwol\u0105 jednak zapomnie\u0107 i to w\u0142a\u015bnie pami\u0119\u0107 modernizatora oraz by\u0142ego dyrektora wy\u015bcigu zostanie uczczona podczas zbli\u017caj\u0105cej si\u0119 Wielkiej P\u0119tli.","robots":{"index":"index","follow":"follow","max-snippet":"max-snippet:-1","max-image-preview":"max-image-preview:large","max-video-preview":"max-video-preview:-1"},"canonical":"https:\/\/www.welovecycling.com\/pl\/2021\/05\/26\/odwazny-francuz-pomogl-wywrocic-tour-de-france-do-gory-nogami\/","og_locale":"pl_PL","og_type":"article","og_title":"Odwa\u017cny Francuz pom\u00f3g\u0142 wywr\u00f3ci\u0107 Tour de France do g\u00f3ry nogami","og_description":"Cz\u0119sto zostaj\u0105 w cieniu, a z ka\u017cdym rokiem ich sukcesy s\u0105 coraz bardziej zapominane. O pracy, jak\u0105 dla Tour de France wykona\u0142 Jean-Pierre Carenso, organizatorzy wy\u015bcigu nie pozwol\u0105 jednak zapomnie\u0107 i to w\u0142a\u015bnie pami\u0119\u0107 modernizatora oraz by\u0142ego dyrektora wy\u015bcigu zostanie uczczona podczas zbli\u017caj\u0105cej si\u0119 Wielkiej P\u0119tli.","og_url":"https:\/\/www.welovecycling.com\/pl\/2021\/05\/26\/odwazny-francuz-pomogl-wywrocic-tour-de-france-do-gory-nogami\/","og_site_name":"\u0160koda We Love Cycling - Poland","article_published_time":"2021-05-26T08:20:30+00:00","article_modified_time":"2023-07-19T07:24:36+00:00","og_image":[{"width":1024,"height":450,"url":"https:\/\/d2p6e6u75xmxt8.cloudfront.net\/5\/2021\/05\/Tour-de-France-peloton-profimedia-0559058623-CVR-1024x450-1.jpg","type":"image\/jpeg"}],"author":"oktawiamikulska","twitter_card":"summary_large_image","twitter_misc":{"Written by":"Piotr Jawor","Est. reading time":"3 minutes"},"schema":{"@context":"https:\/\/schema.org","@graph":[{"@type":"WebPage","@id":"https:\/\/www.welovecycling.com\/pl\/2021\/05\/26\/odwazny-francuz-pomogl-wywrocic-tour-de-france-do-gory-nogami\/","url":"https:\/\/www.welovecycling.com\/pl\/2021\/05\/26\/odwazny-francuz-pomogl-wywrocic-tour-de-france-do-gory-nogami\/","name":"Odwa\u017cny Francuz pom\u00f3g\u0142 wywr\u00f3ci\u0107 Tour de France do g\u00f3ry nogami - \u0160koda We Love Cycling - Poland","isPartOf":{"@id":"https:\/\/www.welovecycling.com\/pl\/#website"},"primaryImageOfPage":{"@id":"https:\/\/www.welovecycling.com\/pl\/2021\/05\/26\/odwazny-francuz-pomogl-wywrocic-tour-de-france-do-gory-nogami\/#primaryimage"},"image":{"@id":"https:\/\/www.welovecycling.com\/pl\/2021\/05\/26\/odwazny-francuz-pomogl-wywrocic-tour-de-france-do-gory-nogami\/#primaryimage"},"thumbnailUrl":"https:\/\/d2p6e6u75xmxt8.cloudfront.net\/5\/2021\/05\/Tour-de-France-peloton-profimedia-0559058623-CVR-1024x450-1.jpg","datePublished":"2021-05-26T08:20:30+00:00","dateModified":"2023-07-19T07:24:36+00:00","author":{"@id":"https:\/\/www.welovecycling.com\/pl\/#\/schema\/person\/4a79bac7bd265aa6a35a1079d36648be"},"description":"Cz\u0119sto zostaj\u0105 w cieniu, a z ka\u017cdym rokiem ich sukcesy s\u0105 coraz bardziej zapominane. O pracy, jak\u0105 dla Tour de France wykona\u0142 Jean-Pierre Carenso, organizatorzy wy\u015bcigu nie pozwol\u0105 jednak zapomnie\u0107 i to w\u0142a\u015bnie pami\u0119\u0107 modernizatora oraz by\u0142ego dyrektora wy\u015bcigu zostanie uczczona podczas zbli\u017caj\u0105cej si\u0119 Wielkiej P\u0119tli.","breadcrumb":{"@id":"https:\/\/www.welovecycling.com\/pl\/2021\/05\/26\/odwazny-francuz-pomogl-wywrocic-tour-de-france-do-gory-nogami\/#breadcrumb"},"inLanguage":"pl-PL","potentialAction":[{"@type":"ReadAction","target":["https:\/\/www.welovecycling.com\/pl\/2021\/05\/26\/odwazny-francuz-pomogl-wywrocic-tour-de-france-do-gory-nogami\/"]}]},{"@type":"ImageObject","inLanguage":"pl-PL","@id":"https:\/\/www.welovecycling.com\/pl\/2021\/05\/26\/odwazny-francuz-pomogl-wywrocic-tour-de-france-do-gory-nogami\/#primaryimage","url":"https:\/\/d2p6e6u75xmxt8.cloudfront.net\/5\/2021\/05\/Tour-de-France-peloton-profimedia-0559058623-CVR-1024x450-1.jpg","contentUrl":"https:\/\/d2p6e6u75xmxt8.cloudfront.net\/5\/2021\/05\/Tour-de-France-peloton-profimedia-0559058623-CVR-1024x450-1.jpg","width":1024,"height":450},{"@type":"BreadcrumbList","@id":"https:\/\/www.welovecycling.com\/pl\/2021\/05\/26\/odwazny-francuz-pomogl-wywrocic-tour-de-france-do-gory-nogami\/#breadcrumb","itemListElement":[{"@type":"ListItem","position":1,"name":"Home","item":"https:\/\/www.welovecycling.com\/pl\/"},{"@type":"ListItem","position":2,"name":"Odwa\u017cny Francuz pom\u00f3g\u0142 wywr\u00f3ci\u0107 Tour de France do g\u00f3ry nogami"}]},{"@type":"WebSite","@id":"https:\/\/www.welovecycling.com\/pl\/#website","url":"https:\/\/www.welovecycling.com\/pl\/","name":"\u0160koda We Love Cycling - Poland","description":"","potentialAction":[{"@type":"SearchAction","target":{"@type":"EntryPoint","urlTemplate":"https:\/\/www.welovecycling.com\/pl\/?s={search_term_string}"},"query-input":{"@type":"PropertyValueSpecification","valueRequired":true,"valueName":"search_term_string"}}],"inLanguage":"pl-PL"},{"@type":"Person","@id":"https:\/\/www.welovecycling.com\/pl\/#\/schema\/person\/4a79bac7bd265aa6a35a1079d36648be","name":"oktawiamikulska","image":{"@type":"ImageObject","inLanguage":"pl-PL","@id":"https:\/\/www.welovecycling.com\/pl\/#\/schema\/person\/image\/","url":"https:\/\/secure.gravatar.com\/avatar\/b97a3f44e2de6d2f8dd358975937e49823662e12cbd810b9d1a2bff1c149e8a7?s=96&d=mm&r=g","contentUrl":"https:\/\/secure.gravatar.com\/avatar\/b97a3f44e2de6d2f8dd358975937e49823662e12cbd810b9d1a2bff1c149e8a7?s=96&d=mm&r=g","caption":"oktawiamikulska"},"url":"https:\/\/www.welovecycling.com\/pl\/author\/oktawiamikulska\/"}]}},"_links":{"self":[{"href":"https:\/\/www.welovecycling.com\/pl\/wp-json\/wp\/v2\/posts\/11792","targetHints":{"allow":["GET"]}}],"collection":[{"href":"https:\/\/www.welovecycling.com\/pl\/wp-json\/wp\/v2\/posts"}],"about":[{"href":"https:\/\/www.welovecycling.com\/pl\/wp-json\/wp\/v2\/types\/post"}],"author":[{"embeddable":true,"href":"https:\/\/www.welovecycling.com\/pl\/wp-json\/wp\/v2\/users\/125"}],"replies":[{"embeddable":true,"href":"https:\/\/www.welovecycling.com\/pl\/wp-json\/wp\/v2\/comments?post=11792"}],"version-history":[{"count":1,"href":"https:\/\/www.welovecycling.com\/pl\/wp-json\/wp\/v2\/posts\/11792\/revisions"}],"predecessor-version":[{"id":11796,"href":"https:\/\/www.welovecycling.com\/pl\/wp-json\/wp\/v2\/posts\/11792\/revisions\/11796"}],"wp:featuredmedia":[{"embeddable":true,"href":"https:\/\/www.welovecycling.com\/pl\/wp-json\/wp\/v2\/media\/11795"}],"wp:attachment":[{"href":"https:\/\/www.welovecycling.com\/pl\/wp-json\/wp\/v2\/media?parent=11792"}],"wp:term":[{"taxonomy":"category","embeddable":true,"href":"https:\/\/www.welovecycling.com\/pl\/wp-json\/wp\/v2\/categories?post=11792"},{"taxonomy":"post_tag","embeddable":true,"href":"https:\/\/www.welovecycling.com\/pl\/wp-json\/wp\/v2\/tags?post=11792"},{"taxonomy":"global-categories","embeddable":true,"href":"https:\/\/www.welovecycling.com\/pl\/wp-json\/wp\/v2\/global-categories?post=11792"}],"curies":[{"name":"wp","href":"https:\/\/api.w.org\/{rel}","templated":true}]}}