{"id":11776,"date":"2021-05-19T15:18:05","date_gmt":"2021-05-19T15:18:05","guid":{"rendered":"https:\/\/www.welovecycling.com\/pl\/?p=11776"},"modified":"2023-07-19T07:25:02","modified_gmt":"2023-07-19T07:25:02","slug":"tego-widoku-nie-zapomni-do-konca-zycia-oto-superbohater-tour-de-france","status":"publish","type":"post","link":"https:\/\/www.welovecycling.com\/pl\/2021\/05\/19\/tego-widoku-nie-zapomni-do-konca-zycia-oto-superbohater-tour-de-france\/","title":{"rendered":"Tego widoku nie zapomni do ko\u0144ca \u017cycia\u2026 Oto superbohater Tour de France!"},"content":{"rendered":"<p><strong>Tour de France 2021 ma swojego superbohatera! Poznajcie Maxoo, oficjaln\u0105 maskotk\u0119 najwi\u0119kszego wy\u015bcigu na \u015bwiecie.<\/strong><\/p>\n<p>Czarny str\u00f3j ma nadawa\u0107 tajemniczo\u015bci, a \u017c\u00f3\u0142te b\u0142yskawice kojarzy\u0107 si\u0119 z szybko\u015bci\u0105, przebieg\u0142o\u015bci\u0105 i nadludzkimi mocami. Do tego charakterystyczny znaczek, przypominaj\u0105cy symbol innego superbohatera \u2013 Batmana, kt\u00f3ry zawsze stawa\u0142 po stronie s\u0142abszych i bezbronnych.<\/p>\n<p>Maxoo te\u017c ma czyni\u0107 wiele dobrego, cho\u0107 w troch\u0119 innym spos\u00f3b. B\u0119dzie dba\u0142 o klimat, promowa\u0142 jazd\u0119 na rowerze i ekologiczne rozwi\u0105zania. To wszystko kie\u0142kowa\u0142o w nim od najm\u0142odszych lat, co dok\u0142adnie opisuje oficjalna strona Tour de France.<\/p>\n<div class=\"embed-controller-wrapper\">\n<blockquote class=\"twitter-tweet\" data-width=\"500\" data-dnt=\"true\">\n<p lang=\"fr\" dir=\"ltr\">\ud83d\ude03 Say hi to Maxoo, the official Tour de France mascot! He is a young cycling fan eager to meet all of the Tour\u2019s fans!<\/p>\n<p>\ud83d\ude03 Voici Maxoo, la mascotte officielle du Tour de France ! Un jeune passionn\u00e9 de cyclisme plein de vie qui a h\u00e2te de rencontrer les fans du Tour ! <a href=\"https:\/\/t.co\/89SjZmvC7Q\">pic.twitter.com\/89SjZmvC7Q<\/a><\/p>\n<p>&mdash; Tour de France\u2122 (@LeTour) <a href=\"https:\/\/twitter.com\/LeTour\/status\/1372495494618828805?ref_src=twsrc%5Etfw\">March 18, 2021<\/a><\/p><\/blockquote>\n<p><script async data-src=\"https:\/\/platform.twitter.com\/widgets.js\" charset=\"utf-8\"><\/script><\/div>\n<p>Max od najm\u0142odszych lat uwielbia\u0142 odkrywa\u0107 drogi, doliny i szczyty podczas wsp\u00f3lnych wycieczek rowerowych ze swoim ojcem. Razem siedzieli i patrzyli w s\u0142o\u0144ce, a Max ws\u0142uchiwa\u0142 si\u0119 we wspania\u0142e historie taty.<\/p>\n<p>Pewnego dnia do ich miasteczka zawita\u0142o Tour de France. Pocz\u0105tkowo uwag\u0119 Maxoo przyku\u0142y niezwyk\u0142e niespodzianki: grupy kamper\u00f3w ustawionych na poboczu drogi, a tak\u017ce parada przy d\u017awi\u0119ku klakson\u00f3w i radosnych \u015bmiechach kibic\u00f3w. Ale gdy zobaczy\u0142 jak wygl\u0105da peleton, a w nim rowerzysta z emblematem s\u0142o\u0144ca wznosz\u0105cego si\u0119 ku niebu, dozna\u0142 objawienia!<\/p>\n<p>Nast\u0119pnego dnia, kiedy zwyci\u0119zca etapu przekroczy\u0142 lini\u0119 mety w \u017c\u00f3\u0142tej koszulce lidera, przy odg\u0142osach wiwatuj\u0105cego t\u0142umu, sta\u0142o si\u0119 \u2013 Maxoo zosta\u0142 fanem kolarstwa na ca\u0142e \u017cycie!<\/p>\n<p>Tak maskotk\u0119 Tour de France 2021 przedstawiaj\u0105 organizatorzy wy\u015bcigu, kt\u00f3rzy stworzyli Maxoo g\u0142\u00f3wnie z my\u015bl\u0105 o najm\u0142odszych. I nie chodzi tylko o fan\u00f3w kolarstwa, ale przede wszystkim o tych, kt\u00f3rych magia Wielkiej P\u0119tli ma dopiero wci\u0105gn\u0105\u0107.<\/p>\n<p>&#8211; Aby jeszcze bardziej zach\u0119ci\u0107 i wzbogaci\u0107 wra\u017cenia widz\u00f3w, zw\u0142aszcza dzieci, Tour de France zdecydowa\u0142o si\u0119 stworzy\u0107 oficjaln\u0105 maskotk\u0119, jako uzupe\u0142nienie sportowej rozrywki. Maxoo to ikona, kt\u00f3ra ma podkre\u015bla\u0107 korzy\u015bci p\u0142yn\u0105ce z jazdy na rowerze \u2013 wyja\u015bniaj\u0105 organizatorzy Wielkiej P\u0119tli.<\/p>\n<p>Sympatyczny ch\u0142opiec z charakterystyczn\u0105 \u017c\u00f3\u0142t\u0105 liter\u0105 \u201eM\u201d ju\u017c przemierza Francj\u0119. Po ca\u0142ym kraju og\u0142asza, \u017ce wy\u015bcig zbli\u017ca si\u0119 wielki krokami\u2026<\/p>\n<div class=\"embed-controller-wrapper\">\n<blockquote class=\"twitter-tweet\" data-width=\"500\" data-dnt=\"true\">\n<p lang=\"fr\" dir=\"ltr\">\ud83c\udf89 J -100 avant le Tour de France !<\/p>\n<p>\ud83d\udeb4 Plus que 100 jours avant le Grand D\u00e9part Bretagne qui s&#39;\u00e9lancera de <a href=\"https:\/\/twitter.com\/hashtag\/Brest?src=hash&amp;ref_src=twsrc%5Etfw\">#Brest<\/a> le 26 juin 2021.<\/p>\n<p>Jusqu&#39;au 21 mars, on vous fait vivre les temps forts organis\u00e9s dans les 8 villes \u00e9tapes.<\/p>\n<p>\u27a1\ufe0f <a href=\"https:\/\/t.co\/Vk4L3wB4g0\">https:\/\/t.co\/Vk4L3wB4g0<\/a><a href=\"https:\/\/twitter.com\/hashtag\/TDF2021?src=hash&amp;ref_src=twsrc%5Etfw\">#TDF2021<\/a><a href=\"https:\/\/twitter.com\/hashtag\/LaBretagneEnT%C3%AAte?src=hash&amp;ref_src=twsrc%5Etfw\">#LaBretagneEnT\u00eate<\/a> <a href=\"https:\/\/t.co\/RBTOwcfmZV\">pic.twitter.com\/RBTOwcfmZV<\/a><\/p>\n<p>&mdash; R\u00e9gion Bretagne (@regionbretagne) <a href=\"https:\/\/twitter.com\/regionbretagne\/status\/1372501966182567937?ref_src=twsrc%5Etfw\">March 18, 2021<\/a><\/p><\/blockquote>\n<p><script async data-src=\"https:\/\/platform.twitter.com\/widgets.js\" charset=\"utf-8\"><\/script><\/div>\n<p>\u2026 a tak\u017ce rozdaje gad\u017cety, organizuje konkursy, prowadzi dyktanda i przede wszystkim zach\u0119ca do jazdy na rowerze.<\/p>\n<div class=\"embed-controller-wrapper\">\n<blockquote class=\"twitter-tweet\" data-width=\"500\" data-dnt=\"true\">\n<p lang=\"fr\" dir=\"ltr\">Chose promise, chose due ! \ud83e\udd29 <\/p>\n<p>La mascotte de ce Tour de France 2021 Maxoo sera lui aussi de la partie dans ta la collection officielle de stickers Tour de France 2021 ! <a href=\"https:\/\/twitter.com\/hashtag\/tourdefrance?src=hash&amp;ref_src=twsrc%5Etfw\">#tourdefrance<\/a> <a href=\"https:\/\/twitter.com\/LeTour?ref_src=twsrc%5Etfw\">@LeTour<\/a> <a href=\"https:\/\/twitter.com\/hashtag\/cycling?src=hash&amp;ref_src=twsrc%5Etfw\">#cycling<\/a> <a href=\"https:\/\/twitter.com\/hashtag\/aso?src=hash&amp;ref_src=twsrc%5Etfw\">#aso<\/a> <a href=\"https:\/\/twitter.com\/hashtag\/uci?src=hash&amp;ref_src=twsrc%5Etfw\">#uci<\/a> <a href=\"https:\/\/t.co\/eFSz8vvakv\">pic.twitter.com\/eFSz8vvakv<\/a><\/p>\n<p>&mdash; Panini France (@Panini_fr) <a href=\"https:\/\/twitter.com\/Panini_fr\/status\/1388085974379335681?ref_src=twsrc%5Etfw\">April 30, 2021<\/a><\/p><\/blockquote>\n<p><script async data-src=\"https:\/\/platform.twitter.com\/widgets.js\" charset=\"utf-8\"><\/script><\/div>\n<p>Maxoo by\u0142 r\u00f3wnie\u017c go\u015bciem honorowym w Bre\u015bcie, sk\u0105d wystartuje tegoroczny Tour de France<\/p>\n<div class=\"embed-controller-wrapper\">\n<blockquote class=\"twitter-tweet\" data-width=\"500\" data-dnt=\"true\">\n<p lang=\"en\" dir=\"ltr\">How it started vs. How it&#39;s going Tour de France style&#8230;.<a href=\"https:\/\/twitter.com\/hashtag\/maxoo?src=hash&amp;ref_src=twsrc%5Etfw\">#maxoo<\/a><a href=\"https:\/\/twitter.com\/hashtag\/cycling?src=hash&amp;ref_src=twsrc%5Etfw\">#cycling<\/a><a href=\"https:\/\/twitter.com\/hashtag\/TDF2021?src=hash&amp;ref_src=twsrc%5Etfw\">#TDF2021<\/a> <a href=\"https:\/\/t.co\/TjtvF5ERRO\">pic.twitter.com\/TjtvF5ERRO<\/a><\/p>\n<p>&mdash; Godless Socialist (@ruby_roubaix) <a href=\"https:\/\/twitter.com\/ruby_roubaix\/status\/1372589192824381440?ref_src=twsrc%5Etfw\">March 18, 2021<\/a><\/p><\/blockquote>\n<p><script async data-src=\"https:\/\/platform.twitter.com\/widgets.js\" charset=\"utf-8\"><\/script><\/div>\n<p>Pocz\u0105tek 108. edycji Wielkiej P\u0119tli ju\u017c za niewiele ponad miesi\u0105c &#8211; 26 czerwca. Zawodnicy do przejechania b\u0119d\u0105 mieli 21 etap\u00f3w, a na mecie zamelduj\u0105 si\u0119 18 lipca. \u2013 Maxoo b\u0119dzie zar\u00f3wno na startach, jak i na metach etap\u00f3w. Nie przegapi \u017cadnego wa\u017cnego wydarzenia Tour de France \u2013 zapewniaj\u0105 organizatorzy.<\/p>\n<p><span data-sheets-value=\"{&quot;1&quot;:2,&quot;2&quot;:&quot;Artyku\u0142 powsta\u0142 we wsp\u00f3\u0142pracy ze skoda-auto.pl&quot;}\" data-sheets-userformat=\"{&quot;2&quot;:1,&quot;3&quot;:{&quot;1&quot;:0}}\" data-sheets-hyperlink=\"http:\/\/www.skoda-auto.pl\/\"><a class=\"in-cell-link\" href=\"http:\/\/www.skoda-auto.pl\/\" target=\"_blank\" rel=\"noopener noreferrer\">Artyku\u0142 powsta\u0142 we wsp\u00f3\u0142pracy ze skoda-auto.pl<\/a><\/span><\/p>\n<p><a href=\"https:\/\/www.skoda-auto.pl\/modele\/nowa-octavia\"><img loading=\"lazy\" decoding=\"async\" class=\"alignnone size-full wp-image-11630 aligncenter\" src=\"https:\/\/d2p6e6u75xmxt8.cloudfront.net\/5\/2021\/12\/640x350-1.jpg\" alt=\"\" width=\"640\" height=\"350\" srcset=\"https:\/\/d2p6e6u75xmxt8.cloudfront.net\/5\/2021\/12\/640x350-1.jpg 640w, https:\/\/d2p6e6u75xmxt8.cloudfront.net\/5\/2021\/12\/640x350-1-300x164.jpg 300w\" sizes=\"auto, (max-width: 640px) 100vw, 640px\" \/><\/a><\/p>\n","protected":false},"excerpt":{"rendered":"<p>Tour de France 2021 ma swojego superbohatera! Poznajcie Maxoo, oficjaln\u0105 maskotk\u0119 najwi\u0119kszego wy\u015bcigu na \u015bwiecie. Czarny str\u00f3j ma nadawa\u0107 tajemniczo\u015bci, [&hellip;]<\/p>\n","protected":false},"author":125,"featured_media":11426,"comment_status":"open","ping_status":"open","sticky":false,"template":"","format":"standard","meta":{"footnotes":""},"categories":[337,358],"tags":[176,77,359,146],"global-categories":[303],"class_list":["post-11776","post","type-post","status-publish","format-standard","has-post-thumbnail","hentry","category-tour-de-france","category-tour-de-france-2021","tag-kolarstwo","tag-tour-de-france","tag-tour-de-france-2021","tag-wyscig","global-categories-cycling"],"yoast_head":"<!-- This site is optimized with the Yoast SEO Premium plugin v25.3 (Yoast SEO v25.9) - https:\/\/yoast.com\/wordpress\/plugins\/seo\/ -->\n<title>Tego widoku nie zapomni do ko\u0144ca \u017cycia\u2026 Oto superbohater Tour de France! - \u0160koda We Love Cycling - Poland<\/title>\n<meta name=\"description\" content=\"Tour de France 2021 ma swojego superbohatera! Poznajcie Maxoo, oficjaln\u0105 maskotk\u0119 najwi\u0119kszego wy\u015bcigu na \u015bwiecie.\" \/>\n<meta name=\"robots\" content=\"index, follow, max-snippet:-1, max-image-preview:large, max-video-preview:-1\" \/>\n<link rel=\"canonical\" href=\"https:\/\/www.welovecycling.com\/pl\/2021\/05\/19\/tego-widoku-nie-zapomni-do-konca-zycia-oto-superbohater-tour-de-france\/\" \/>\n<meta property=\"og:locale\" content=\"pl_PL\" \/>\n<meta property=\"og:type\" content=\"article\" \/>\n<meta property=\"og:title\" content=\"Tego widoku nie zapomni do ko\u0144ca \u017cycia\u2026 Oto superbohater Tour de France!\" \/>\n<meta property=\"og:description\" content=\"Tour de France 2021 ma swojego superbohatera! Poznajcie Maxoo, oficjaln\u0105 maskotk\u0119 najwi\u0119kszego wy\u015bcigu na \u015bwiecie.\" \/>\n<meta property=\"og:url\" content=\"https:\/\/www.welovecycling.com\/pl\/2021\/05\/19\/tego-widoku-nie-zapomni-do-konca-zycia-oto-superbohater-tour-de-france\/\" \/>\n<meta property=\"og:site_name\" content=\"\u0160koda We Love Cycling - Poland\" \/>\n<meta property=\"article:published_time\" content=\"2021-05-19T15:18:05+00:00\" \/>\n<meta property=\"article:modified_time\" content=\"2023-07-19T07:25:02+00:00\" \/>\n<meta property=\"og:image\" content=\"https:\/\/d2p6e6u75xmxt8.cloudfront.net\/5\/2021\/01\/Arara-bicycle-profimedia-0362024803-CVR-1024x450-1.jpg\" \/>\n\t<meta property=\"og:image:width\" content=\"1024\" \/>\n\t<meta property=\"og:image:height\" content=\"450\" \/>\n\t<meta property=\"og:image:type\" content=\"image\/jpeg\" \/>\n<meta name=\"author\" content=\"oktawiamikulska\" \/>\n<meta name=\"twitter:card\" content=\"summary_large_image\" \/>\n<meta name=\"twitter:label1\" content=\"Written by\" \/>\n\t<meta name=\"twitter:data1\" content=\"Piotr Jawor\" \/>\n\t<meta name=\"twitter:label2\" content=\"Est. reading time\" \/>\n\t<meta name=\"twitter:data2\" content=\"2 minutes\" \/>\n<script type=\"application\/ld+json\" class=\"yoast-schema-graph\">{\"@context\":\"https:\/\/schema.org\",\"@graph\":[{\"@type\":\"WebPage\",\"@id\":\"https:\/\/www.welovecycling.com\/pl\/2021\/05\/19\/tego-widoku-nie-zapomni-do-konca-zycia-oto-superbohater-tour-de-france\/\",\"url\":\"https:\/\/www.welovecycling.com\/pl\/2021\/05\/19\/tego-widoku-nie-zapomni-do-konca-zycia-oto-superbohater-tour-de-france\/\",\"name\":\"Tego widoku nie zapomni do ko\u0144ca \u017cycia\u2026 Oto superbohater Tour de France! - \u0160koda We Love Cycling - Poland\",\"isPartOf\":{\"@id\":\"https:\/\/www.welovecycling.com\/pl\/#website\"},\"primaryImageOfPage\":{\"@id\":\"https:\/\/www.welovecycling.com\/pl\/2021\/05\/19\/tego-widoku-nie-zapomni-do-konca-zycia-oto-superbohater-tour-de-france\/#primaryimage\"},\"image\":{\"@id\":\"https:\/\/www.welovecycling.com\/pl\/2021\/05\/19\/tego-widoku-nie-zapomni-do-konca-zycia-oto-superbohater-tour-de-france\/#primaryimage\"},\"thumbnailUrl\":\"https:\/\/d2p6e6u75xmxt8.cloudfront.net\/5\/2021\/01\/Arara-bicycle-profimedia-0362024803-CVR-1024x450-1.jpg\",\"datePublished\":\"2021-05-19T15:18:05+00:00\",\"dateModified\":\"2023-07-19T07:25:02+00:00\",\"author\":{\"@id\":\"https:\/\/www.welovecycling.com\/pl\/#\/schema\/person\/4a79bac7bd265aa6a35a1079d36648be\"},\"description\":\"Tour de France 2021 ma swojego superbohatera! Poznajcie Maxoo, oficjaln\u0105 maskotk\u0119 najwi\u0119kszego wy\u015bcigu na \u015bwiecie.\",\"breadcrumb\":{\"@id\":\"https:\/\/www.welovecycling.com\/pl\/2021\/05\/19\/tego-widoku-nie-zapomni-do-konca-zycia-oto-superbohater-tour-de-france\/#breadcrumb\"},\"inLanguage\":\"pl-PL\",\"potentialAction\":[{\"@type\":\"ReadAction\",\"target\":[\"https:\/\/www.welovecycling.com\/pl\/2021\/05\/19\/tego-widoku-nie-zapomni-do-konca-zycia-oto-superbohater-tour-de-france\/\"]}]},{\"@type\":\"ImageObject\",\"inLanguage\":\"pl-PL\",\"@id\":\"https:\/\/www.welovecycling.com\/pl\/2021\/05\/19\/tego-widoku-nie-zapomni-do-konca-zycia-oto-superbohater-tour-de-france\/#primaryimage\",\"url\":\"https:\/\/d2p6e6u75xmxt8.cloudfront.net\/5\/2021\/01\/Arara-bicycle-profimedia-0362024803-CVR-1024x450-1.jpg\",\"contentUrl\":\"https:\/\/d2p6e6u75xmxt8.cloudfront.net\/5\/2021\/01\/Arara-bicycle-profimedia-0362024803-CVR-1024x450-1.jpg\",\"width\":1024,\"height\":450},{\"@type\":\"BreadcrumbList\",\"@id\":\"https:\/\/www.welovecycling.com\/pl\/2021\/05\/19\/tego-widoku-nie-zapomni-do-konca-zycia-oto-superbohater-tour-de-france\/#breadcrumb\",\"itemListElement\":[{\"@type\":\"ListItem\",\"position\":1,\"name\":\"Home\",\"item\":\"https:\/\/www.welovecycling.com\/pl\/\"},{\"@type\":\"ListItem\",\"position\":2,\"name\":\"Tego widoku nie zapomni do ko\u0144ca \u017cycia\u2026 Oto superbohater Tour de France!\"}]},{\"@type\":\"WebSite\",\"@id\":\"https:\/\/www.welovecycling.com\/pl\/#website\",\"url\":\"https:\/\/www.welovecycling.com\/pl\/\",\"name\":\"\u0160koda We Love Cycling - Poland\",\"description\":\"\",\"potentialAction\":[{\"@type\":\"SearchAction\",\"target\":{\"@type\":\"EntryPoint\",\"urlTemplate\":\"https:\/\/www.welovecycling.com\/pl\/?s={search_term_string}\"},\"query-input\":{\"@type\":\"PropertyValueSpecification\",\"valueRequired\":true,\"valueName\":\"search_term_string\"}}],\"inLanguage\":\"pl-PL\"},{\"@type\":\"Person\",\"@id\":\"https:\/\/www.welovecycling.com\/pl\/#\/schema\/person\/4a79bac7bd265aa6a35a1079d36648be\",\"name\":\"oktawiamikulska\",\"image\":{\"@type\":\"ImageObject\",\"inLanguage\":\"pl-PL\",\"@id\":\"https:\/\/www.welovecycling.com\/pl\/#\/schema\/person\/image\/\",\"url\":\"https:\/\/secure.gravatar.com\/avatar\/b97a3f44e2de6d2f8dd358975937e49823662e12cbd810b9d1a2bff1c149e8a7?s=96&d=mm&r=g\",\"contentUrl\":\"https:\/\/secure.gravatar.com\/avatar\/b97a3f44e2de6d2f8dd358975937e49823662e12cbd810b9d1a2bff1c149e8a7?s=96&d=mm&r=g\",\"caption\":\"oktawiamikulska\"},\"url\":\"https:\/\/www.welovecycling.com\/pl\/author\/oktawiamikulska\/\"}]}<\/script>\n<!-- \/ Yoast SEO Premium plugin. -->","yoast_head_json":{"title":"Tego widoku nie zapomni do ko\u0144ca \u017cycia\u2026 Oto superbohater Tour de France! - \u0160koda We Love Cycling - Poland","description":"Tour de France 2021 ma swojego superbohatera! Poznajcie Maxoo, oficjaln\u0105 maskotk\u0119 najwi\u0119kszego wy\u015bcigu na \u015bwiecie.","robots":{"index":"index","follow":"follow","max-snippet":"max-snippet:-1","max-image-preview":"max-image-preview:large","max-video-preview":"max-video-preview:-1"},"canonical":"https:\/\/www.welovecycling.com\/pl\/2021\/05\/19\/tego-widoku-nie-zapomni-do-konca-zycia-oto-superbohater-tour-de-france\/","og_locale":"pl_PL","og_type":"article","og_title":"Tego widoku nie zapomni do ko\u0144ca \u017cycia\u2026 Oto superbohater Tour de France!","og_description":"Tour de France 2021 ma swojego superbohatera! Poznajcie Maxoo, oficjaln\u0105 maskotk\u0119 najwi\u0119kszego wy\u015bcigu na \u015bwiecie.","og_url":"https:\/\/www.welovecycling.com\/pl\/2021\/05\/19\/tego-widoku-nie-zapomni-do-konca-zycia-oto-superbohater-tour-de-france\/","og_site_name":"\u0160koda We Love Cycling - Poland","article_published_time":"2021-05-19T15:18:05+00:00","article_modified_time":"2023-07-19T07:25:02+00:00","og_image":[{"width":1024,"height":450,"url":"https:\/\/d2p6e6u75xmxt8.cloudfront.net\/5\/2021\/01\/Arara-bicycle-profimedia-0362024803-CVR-1024x450-1.jpg","type":"image\/jpeg"}],"author":"oktawiamikulska","twitter_card":"summary_large_image","twitter_misc":{"Written by":"Piotr Jawor","Est. reading time":"2 minutes"},"schema":{"@context":"https:\/\/schema.org","@graph":[{"@type":"WebPage","@id":"https:\/\/www.welovecycling.com\/pl\/2021\/05\/19\/tego-widoku-nie-zapomni-do-konca-zycia-oto-superbohater-tour-de-france\/","url":"https:\/\/www.welovecycling.com\/pl\/2021\/05\/19\/tego-widoku-nie-zapomni-do-konca-zycia-oto-superbohater-tour-de-france\/","name":"Tego widoku nie zapomni do ko\u0144ca \u017cycia\u2026 Oto superbohater Tour de France! - \u0160koda We Love Cycling - Poland","isPartOf":{"@id":"https:\/\/www.welovecycling.com\/pl\/#website"},"primaryImageOfPage":{"@id":"https:\/\/www.welovecycling.com\/pl\/2021\/05\/19\/tego-widoku-nie-zapomni-do-konca-zycia-oto-superbohater-tour-de-france\/#primaryimage"},"image":{"@id":"https:\/\/www.welovecycling.com\/pl\/2021\/05\/19\/tego-widoku-nie-zapomni-do-konca-zycia-oto-superbohater-tour-de-france\/#primaryimage"},"thumbnailUrl":"https:\/\/d2p6e6u75xmxt8.cloudfront.net\/5\/2021\/01\/Arara-bicycle-profimedia-0362024803-CVR-1024x450-1.jpg","datePublished":"2021-05-19T15:18:05+00:00","dateModified":"2023-07-19T07:25:02+00:00","author":{"@id":"https:\/\/www.welovecycling.com\/pl\/#\/schema\/person\/4a79bac7bd265aa6a35a1079d36648be"},"description":"Tour de France 2021 ma swojego superbohatera! Poznajcie Maxoo, oficjaln\u0105 maskotk\u0119 najwi\u0119kszego wy\u015bcigu na \u015bwiecie.","breadcrumb":{"@id":"https:\/\/www.welovecycling.com\/pl\/2021\/05\/19\/tego-widoku-nie-zapomni-do-konca-zycia-oto-superbohater-tour-de-france\/#breadcrumb"},"inLanguage":"pl-PL","potentialAction":[{"@type":"ReadAction","target":["https:\/\/www.welovecycling.com\/pl\/2021\/05\/19\/tego-widoku-nie-zapomni-do-konca-zycia-oto-superbohater-tour-de-france\/"]}]},{"@type":"ImageObject","inLanguage":"pl-PL","@id":"https:\/\/www.welovecycling.com\/pl\/2021\/05\/19\/tego-widoku-nie-zapomni-do-konca-zycia-oto-superbohater-tour-de-france\/#primaryimage","url":"https:\/\/d2p6e6u75xmxt8.cloudfront.net\/5\/2021\/01\/Arara-bicycle-profimedia-0362024803-CVR-1024x450-1.jpg","contentUrl":"https:\/\/d2p6e6u75xmxt8.cloudfront.net\/5\/2021\/01\/Arara-bicycle-profimedia-0362024803-CVR-1024x450-1.jpg","width":1024,"height":450},{"@type":"BreadcrumbList","@id":"https:\/\/www.welovecycling.com\/pl\/2021\/05\/19\/tego-widoku-nie-zapomni-do-konca-zycia-oto-superbohater-tour-de-france\/#breadcrumb","itemListElement":[{"@type":"ListItem","position":1,"name":"Home","item":"https:\/\/www.welovecycling.com\/pl\/"},{"@type":"ListItem","position":2,"name":"Tego widoku nie zapomni do ko\u0144ca \u017cycia\u2026 Oto superbohater Tour de France!"}]},{"@type":"WebSite","@id":"https:\/\/www.welovecycling.com\/pl\/#website","url":"https:\/\/www.welovecycling.com\/pl\/","name":"\u0160koda We Love Cycling - Poland","description":"","potentialAction":[{"@type":"SearchAction","target":{"@type":"EntryPoint","urlTemplate":"https:\/\/www.welovecycling.com\/pl\/?s={search_term_string}"},"query-input":{"@type":"PropertyValueSpecification","valueRequired":true,"valueName":"search_term_string"}}],"inLanguage":"pl-PL"},{"@type":"Person","@id":"https:\/\/www.welovecycling.com\/pl\/#\/schema\/person\/4a79bac7bd265aa6a35a1079d36648be","name":"oktawiamikulska","image":{"@type":"ImageObject","inLanguage":"pl-PL","@id":"https:\/\/www.welovecycling.com\/pl\/#\/schema\/person\/image\/","url":"https:\/\/secure.gravatar.com\/avatar\/b97a3f44e2de6d2f8dd358975937e49823662e12cbd810b9d1a2bff1c149e8a7?s=96&d=mm&r=g","contentUrl":"https:\/\/secure.gravatar.com\/avatar\/b97a3f44e2de6d2f8dd358975937e49823662e12cbd810b9d1a2bff1c149e8a7?s=96&d=mm&r=g","caption":"oktawiamikulska"},"url":"https:\/\/www.welovecycling.com\/pl\/author\/oktawiamikulska\/"}]}},"_links":{"self":[{"href":"https:\/\/www.welovecycling.com\/pl\/wp-json\/wp\/v2\/posts\/11776","targetHints":{"allow":["GET"]}}],"collection":[{"href":"https:\/\/www.welovecycling.com\/pl\/wp-json\/wp\/v2\/posts"}],"about":[{"href":"https:\/\/www.welovecycling.com\/pl\/wp-json\/wp\/v2\/types\/post"}],"author":[{"embeddable":true,"href":"https:\/\/www.welovecycling.com\/pl\/wp-json\/wp\/v2\/users\/125"}],"replies":[{"embeddable":true,"href":"https:\/\/www.welovecycling.com\/pl\/wp-json\/wp\/v2\/comments?post=11776"}],"version-history":[{"count":1,"href":"https:\/\/www.welovecycling.com\/pl\/wp-json\/wp\/v2\/posts\/11776\/revisions"}],"predecessor-version":[{"id":11781,"href":"https:\/\/www.welovecycling.com\/pl\/wp-json\/wp\/v2\/posts\/11776\/revisions\/11781"}],"wp:featuredmedia":[{"embeddable":true,"href":"https:\/\/www.welovecycling.com\/pl\/wp-json\/wp\/v2\/media\/11426"}],"wp:attachment":[{"href":"https:\/\/www.welovecycling.com\/pl\/wp-json\/wp\/v2\/media?parent=11776"}],"wp:term":[{"taxonomy":"category","embeddable":true,"href":"https:\/\/www.welovecycling.com\/pl\/wp-json\/wp\/v2\/categories?post=11776"},{"taxonomy":"post_tag","embeddable":true,"href":"https:\/\/www.welovecycling.com\/pl\/wp-json\/wp\/v2\/tags?post=11776"},{"taxonomy":"global-categories","embeddable":true,"href":"https:\/\/www.welovecycling.com\/pl\/wp-json\/wp\/v2\/global-categories?post=11776"}],"curies":[{"name":"wp","href":"https:\/\/api.w.org\/{rel}","templated":true}]}}