{"id":1177,"date":"2016-06-10T16:36:42","date_gmt":"2016-06-10T16:36:42","guid":{"rendered":"http:\/\/skoda-rowery.pl\/?p=1177"},"modified":"2016-12-05T08:52:27","modified_gmt":"2016-12-05T08:52:27","slug":"10-powodow-zeby-zabrac-dzieci-na-rower","status":"publish","type":"post","link":"https:\/\/www.welovecycling.com\/pl\/2016\/06\/10\/10-powodow-zeby-zabrac-dzieci-na-rower\/","title":{"rendered":"10 powod\u00f3w \u017ceby zabra\u0107 dzieci na rower!"},"content":{"rendered":"<p style=\"text-align: justify\">Jazda na rowerze z dzie\u0107mi mo\u017ce by\u0107 wspania\u0142ym prze\u017cyciem i doskona\u0142\u0105 okazj\u0105 do aktywnego sp\u0119dzania czasu wsp\u00f3lnego. Sprawd\u017a, co przygotowa\u0107 przed wycieczk\u0105 rowerow\u0105 z dzie\u0107mi.<!--more--><\/p>\n<p style=\"text-align: justify\"><img loading=\"lazy\" decoding=\"async\" class=\"alignnone size-large wp-image-1178\" src=\"http:\/\/skoda-rowery.pl\/wp-content\/uploads\/2016\/06\/profimedia-0196152035-1024x682-1024x682.jpg\" alt=\"profimedia-0196152035-1024x682\" width=\"1024\" height=\"682\" srcset=\"https:\/\/d2p6e6u75xmxt8.cloudfront.net\/5\/2016\/06\/profimedia-0196152035-1024x682.jpg 1024w, https:\/\/d2p6e6u75xmxt8.cloudfront.net\/5\/2016\/06\/profimedia-0196152035-1024x682-300x200.jpg 300w, https:\/\/d2p6e6u75xmxt8.cloudfront.net\/5\/2016\/06\/profimedia-0196152035-1024x682-768x512.jpg 768w, https:\/\/d2p6e6u75xmxt8.cloudfront.net\/5\/2016\/06\/profimedia-0196152035-1024x682-272x182.jpg 272w\" sizes=\"auto, (max-width: 1024px) 100vw, 1024px\" \/><\/p>\n<p style=\"text-align: justify\">Kiedy dziecko idzie do szko\u0142y jest ju\u017c w wieku, w kt\u00f3rym mo\u017ce samodzielnie je\u017adzi\u0107 na rowerze, co wcale nie oznacza, \u017ce powinno je\u017adzi\u0107 bez towarzystwa doros\u0142ych. W wieku ok. 6 lat dziecko nie powinno przeje\u017cd\u017ca\u0107 na rowerze wi\u0119cej ni\u017c kilku kilometr\u00f3w. Mniej wi\u0119cej oko\u0142o 10-tego roku \u017cycia m\u0142ody rowerzysta jest ju\u017c gotowy na wzmo\u017cony wysi\u0142ek fizyczny. Samodzielna jazda na rowerze daje dziecku poczucie wolno\u015bci i dum\u0119 z osi\u0105gni\u0119\u0107.<\/p>\n<p style=\"text-align: justify\">Dzieci ucz\u0105 si\u0119 szybciej i rozwijaj\u0105 swoje umiej\u0119tno\u015bci za kierownic\u0105 b\u0142yskawicznie. Je\u015bli dasz im par\u0119 trafnych rad na pewno z nich skorzystaj\u0105. Pami\u0119taj, \u017ceby dawa\u0107 im dobry przyk\u0142ad i regularnie edukowa\u0107 na temat ruchu drogowego.<\/p>\n<p style=\"text-align: justify\">Przed wsp\u00f3ln\u0105 wycieczk\u0105 rowerow\u0105 upewnij si\u0119, \u017ce ca\u0142a rodzina jest komfortowo ubrana i odpowiednio przygotowana do wyjazdu. W dobr\u0105 pogod\u0119 warto ubiera\u0107 lekkie ciuchy, kt\u00f3re szybko odparowuj\u0105 wilgo\u0107, natomiast kiedy jest ch\u0142odniej najlepiej ubra\u0107 si\u0119 \u201ena cebulk\u0119\u201d.<\/p>\n<p style=\"text-align: justify\">Warto wzi\u0105\u0107 ze sob\u0105 zapas wody, okulary przeciws\u0142oneczne, krem z filtrem, czapeczki, zapinki do rower\u00f3w, pompk\u0119, ma\u0142y narz\u0119dziownik, kanapki i telefon kom\u00f3rkowy. Nie warto przesadza\u0107 z ilo\u015bci\u0105 zabieranych ze sob\u0105 rzeczy \u2013 przed wyjazdem upewnij si\u0119, \u017ce dzieci nie s\u0105 zbytnio przeci\u0105\u017cone. Mo\u017ce mie\u0107 to wp\u0142yw na ich poczucie r\u00f3wnowagi podczas jazdy.<\/p>\n<p style=\"text-align: justify\">Zaplanuj wycieczk\u0119 tak, \u017ceby odwiedzi\u0107 miejsca, kt\u00f3re s\u0105 najciekawsze dla Twoich maluch\u00f3w. Wyprawa na rower ma by\u0107 przygod\u0105! Nie zapominaj te\u017c o robieniu regularnych przerw. W czasie jazdy spr\u00f3buj dostosowa\u0107 swoj\u0105 pr\u0119dko\u015b\u0107 do najm\u0142odszego uczestnika wycieczki.<\/p>\n<p style=\"text-align: justify\"><img loading=\"lazy\" decoding=\"async\" class=\"alignnone size-large wp-image-1180\" src=\"http:\/\/skoda-rowery.pl\/wp-content\/uploads\/2016\/06\/profimedia-0253433981-1024x682-1024x682.jpg\" alt=\"profimedia-0253433981-1024x682\" width=\"1024\" height=\"682\" srcset=\"https:\/\/d2p6e6u75xmxt8.cloudfront.net\/5\/2016\/06\/profimedia-0253433981-1024x682.jpg 1024w, https:\/\/d2p6e6u75xmxt8.cloudfront.net\/5\/2016\/06\/profimedia-0253433981-1024x682-300x200.jpg 300w, https:\/\/d2p6e6u75xmxt8.cloudfront.net\/5\/2016\/06\/profimedia-0253433981-1024x682-768x512.jpg 768w, https:\/\/d2p6e6u75xmxt8.cloudfront.net\/5\/2016\/06\/profimedia-0253433981-1024x682-272x182.jpg 272w\" sizes=\"auto, (max-width: 1024px) 100vw, 1024px\" \/><\/p>\n<p style=\"text-align: justify\">Oto 10 powod\u00f3w, dla kt\u00f3rych warto je\u017adzi\u0107 z dzie\u0107mi:<\/p>\n<ol style=\"text-align: justify\">\n<li>Je\u017cd\u017c\u0105c na rowerze poprawiasz kondycj\u0119<\/li>\n<li>Jazda na rowerze uwalnia napi\u0119cie i pozytywnie wp\u0142ywa na rozw\u00f3j<\/li>\n<li>Dzi\u0119ki wycieczkom dbasz o relacje z dzie\u0107mi<\/li>\n<li>Jazda na rowerze nic nie kosztuje<\/li>\n<li>Je\u017cd\u017c\u0105c razem z dzie\u0107mi zara\u017casz je entuzjazmem do sportu<\/li>\n<li>Je\u017cd\u017c\u0105c robicie co\u015b dla ca\u0142ej rodziny i to na \u015bwie\u017cym powietrzu<\/li>\n<li>Jazda na rowerze pomaga zadba\u0107 o lini\u0119<\/li>\n<li>Kolarze maj\u0105 o 10 lat m\u0142odsze cia\u0142o od os\u00f3b, kt\u00f3re nie je\u017cd\u017c\u0105<\/li>\n<li>Jazda na rowerze \u015bwietnie wp\u0142ywa na mi\u0119\u015bnie brzucha i po\u015bladki<\/li>\n<li>Je\u017cd\u017c\u0105c na rowerze zdobywasz nowe do\u015bwiadczenia i eksplorujesz nowe miejsca.<\/li>\n<\/ol>\n<p style=\"text-align: justify\">Nie zwlekaj i zorganizuj dla swoich najbli\u017cszych wspania\u0142\u0105, rowerow\u0105 wycieczk\u0119. Szybko zobaczysz, \u017ce sp\u0119dzanie czasu na rowerze, to nie tylko sport, ale r\u00f3wnie\u017c dobry trening budowania pozytywnych relacji z dzie\u0107mi. No to w drog\u0119!<\/p>\n<p style=\"text-align: justify\">(\u017ar\u00f3d\u0142o: welovecycling.com)<\/p>\n","protected":false},"excerpt":{"rendered":"<p>Jazda na rowerze z dzie\u0107mi mo\u017ce by\u0107 wspania\u0142ym prze\u017cyciem i doskona\u0142\u0105 okazj\u0105 do aktywnego sp\u0119dzania czasu wsp\u00f3lnego. Sprawd\u017a, co przygotowa\u0107 [&hellip;]<\/p>\n","protected":false},"author":1,"featured_media":1179,"comment_status":"open","ping_status":"closed","sticky":false,"template":"","format":"standard","meta":{"footnotes":""},"categories":[4],"tags":[41,82],"global-categories":[],"class_list":["post-1177","post","type-post","status-publish","format-standard","has-post-thumbnail","hentry","category-zdrowie-i-trening","tag-cycling","tag-welovecycling"],"yoast_head":"<!-- This site is optimized with the Yoast SEO Premium plugin v25.3 (Yoast SEO v25.9) - https:\/\/yoast.com\/wordpress\/plugins\/seo\/ -->\n<title>10 powod\u00f3w \u017ceby zabra\u0107 dzieci na rower! - \u0160koda We Love Cycling - Poland<\/title>\n<meta name=\"robots\" content=\"index, follow, max-snippet:-1, max-image-preview:large, max-video-preview:-1\" \/>\n<link rel=\"canonical\" href=\"https:\/\/www.welovecycling.com\/pl\/2016\/06\/10\/10-powodow-zeby-zabrac-dzieci-na-rower\/\" \/>\n<meta property=\"og:locale\" content=\"pl_PL\" \/>\n<meta property=\"og:type\" content=\"article\" \/>\n<meta property=\"og:title\" content=\"10 powod\u00f3w \u017ceby zabra\u0107 dzieci na rower!\" \/>\n<meta property=\"og:description\" content=\"Jazda na rowerze z dzie\u0107mi mo\u017ce by\u0107 wspania\u0142ym prze\u017cyciem i doskona\u0142\u0105 okazj\u0105 do aktywnego sp\u0119dzania czasu wsp\u00f3lnego. Sprawd\u017a, co przygotowa\u0107 [&hellip;]\" \/>\n<meta property=\"og:url\" content=\"https:\/\/www.welovecycling.com\/pl\/2016\/06\/10\/10-powodow-zeby-zabrac-dzieci-na-rower\/\" \/>\n<meta property=\"og:site_name\" content=\"\u0160koda We Love Cycling - Poland\" \/>\n<meta property=\"article:published_time\" content=\"2016-06-10T16:36:42+00:00\" \/>\n<meta property=\"article:modified_time\" content=\"2016-12-05T08:52:27+00:00\" \/>\n<meta property=\"og:image\" content=\"https:\/\/d2p6e6u75xmxt8.cloudfront.net\/5\/2016\/06\/1313441_424421414.jpg\" \/>\n\t<meta property=\"og:image:width\" content=\"1375\" \/>\n\t<meta property=\"og:image:height\" content=\"600\" \/>\n\t<meta property=\"og:image:type\" content=\"image\/jpeg\" \/>\n<meta name=\"author\" content=\"WeLoveCycling\" \/>\n<meta name=\"twitter:card\" content=\"summary_large_image\" \/>\n<meta name=\"twitter:label1\" content=\"Written by\" \/>\n\t<meta name=\"twitter:data1\" content=\"WeLoveCycling\" \/>\n\t<meta name=\"twitter:label2\" content=\"Est. reading time\" \/>\n\t<meta name=\"twitter:data2\" content=\"2 minutes\" \/>\n<script type=\"application\/ld+json\" class=\"yoast-schema-graph\">{\"@context\":\"https:\/\/schema.org\",\"@graph\":[{\"@type\":\"WebPage\",\"@id\":\"https:\/\/www.welovecycling.com\/pl\/2016\/06\/10\/10-powodow-zeby-zabrac-dzieci-na-rower\/\",\"url\":\"https:\/\/www.welovecycling.com\/pl\/2016\/06\/10\/10-powodow-zeby-zabrac-dzieci-na-rower\/\",\"name\":\"10 powod\u00f3w \u017ceby zabra\u0107 dzieci na rower! - \u0160koda We Love Cycling - Poland\",\"isPartOf\":{\"@id\":\"https:\/\/www.welovecycling.com\/pl\/#website\"},\"primaryImageOfPage\":{\"@id\":\"https:\/\/www.welovecycling.com\/pl\/2016\/06\/10\/10-powodow-zeby-zabrac-dzieci-na-rower\/#primaryimage\"},\"image\":{\"@id\":\"https:\/\/www.welovecycling.com\/pl\/2016\/06\/10\/10-powodow-zeby-zabrac-dzieci-na-rower\/#primaryimage\"},\"thumbnailUrl\":\"https:\/\/d2p6e6u75xmxt8.cloudfront.net\/5\/2016\/06\/1313441_424421414.jpg\",\"datePublished\":\"2016-06-10T16:36:42+00:00\",\"dateModified\":\"2016-12-05T08:52:27+00:00\",\"author\":{\"@id\":\"https:\/\/www.welovecycling.com\/pl\/#\/schema\/person\/e5187c9cac8dd619ebc7b41bd73c2fd9\"},\"breadcrumb\":{\"@id\":\"https:\/\/www.welovecycling.com\/pl\/2016\/06\/10\/10-powodow-zeby-zabrac-dzieci-na-rower\/#breadcrumb\"},\"inLanguage\":\"pl-PL\",\"potentialAction\":[{\"@type\":\"ReadAction\",\"target\":[\"https:\/\/www.welovecycling.com\/pl\/2016\/06\/10\/10-powodow-zeby-zabrac-dzieci-na-rower\/\"]}]},{\"@type\":\"ImageObject\",\"inLanguage\":\"pl-PL\",\"@id\":\"https:\/\/www.welovecycling.com\/pl\/2016\/06\/10\/10-powodow-zeby-zabrac-dzieci-na-rower\/#primaryimage\",\"url\":\"https:\/\/d2p6e6u75xmxt8.cloudfront.net\/5\/2016\/06\/1313441_424421414.jpg\",\"contentUrl\":\"https:\/\/d2p6e6u75xmxt8.cloudfront.net\/5\/2016\/06\/1313441_424421414.jpg\",\"width\":1375,\"height\":600},{\"@type\":\"BreadcrumbList\",\"@id\":\"https:\/\/www.welovecycling.com\/pl\/2016\/06\/10\/10-powodow-zeby-zabrac-dzieci-na-rower\/#breadcrumb\",\"itemListElement\":[{\"@type\":\"ListItem\",\"position\":1,\"name\":\"Home\",\"item\":\"https:\/\/www.welovecycling.com\/pl\/\"},{\"@type\":\"ListItem\",\"position\":2,\"name\":\"10 powod\u00f3w \u017ceby zabra\u0107 dzieci na rower!\"}]},{\"@type\":\"WebSite\",\"@id\":\"https:\/\/www.welovecycling.com\/pl\/#website\",\"url\":\"https:\/\/www.welovecycling.com\/pl\/\",\"name\":\"\u0160koda We Love Cycling - Poland\",\"description\":\"\",\"potentialAction\":[{\"@type\":\"SearchAction\",\"target\":{\"@type\":\"EntryPoint\",\"urlTemplate\":\"https:\/\/www.welovecycling.com\/pl\/?s={search_term_string}\"},\"query-input\":{\"@type\":\"PropertyValueSpecification\",\"valueRequired\":true,\"valueName\":\"search_term_string\"}}],\"inLanguage\":\"pl-PL\"},{\"@type\":\"Person\",\"@id\":\"https:\/\/www.welovecycling.com\/pl\/#\/schema\/person\/e5187c9cac8dd619ebc7b41bd73c2fd9\",\"name\":\"WeLoveCycling\",\"image\":{\"@type\":\"ImageObject\",\"inLanguage\":\"pl-PL\",\"@id\":\"https:\/\/www.welovecycling.com\/pl\/#\/schema\/person\/image\/\",\"url\":\"https:\/\/secure.gravatar.com\/avatar\/7e1ee0ecc5e294b19ef32b9f6086e0afbb9da00c3cb0d465ba4695331f4a9187?s=96&d=mm&r=g\",\"contentUrl\":\"https:\/\/secure.gravatar.com\/avatar\/7e1ee0ecc5e294b19ef32b9f6086e0afbb9da00c3cb0d465ba4695331f4a9187?s=96&d=mm&r=g\",\"caption\":\"WeLoveCycling\"},\"url\":\"https:\/\/www.welovecycling.com\/pl\/author\/lukascech\/\"}]}<\/script>\n<!-- \/ Yoast SEO Premium plugin. -->","yoast_head_json":{"title":"10 powod\u00f3w \u017ceby zabra\u0107 dzieci na rower! - \u0160koda We Love Cycling - Poland","robots":{"index":"index","follow":"follow","max-snippet":"max-snippet:-1","max-image-preview":"max-image-preview:large","max-video-preview":"max-video-preview:-1"},"canonical":"https:\/\/www.welovecycling.com\/pl\/2016\/06\/10\/10-powodow-zeby-zabrac-dzieci-na-rower\/","og_locale":"pl_PL","og_type":"article","og_title":"10 powod\u00f3w \u017ceby zabra\u0107 dzieci na rower!","og_description":"Jazda na rowerze z dzie\u0107mi mo\u017ce by\u0107 wspania\u0142ym prze\u017cyciem i doskona\u0142\u0105 okazj\u0105 do aktywnego sp\u0119dzania czasu wsp\u00f3lnego. Sprawd\u017a, co przygotowa\u0107 [&hellip;]","og_url":"https:\/\/www.welovecycling.com\/pl\/2016\/06\/10\/10-powodow-zeby-zabrac-dzieci-na-rower\/","og_site_name":"\u0160koda We Love Cycling - Poland","article_published_time":"2016-06-10T16:36:42+00:00","article_modified_time":"2016-12-05T08:52:27+00:00","og_image":[{"width":1375,"height":600,"url":"https:\/\/d2p6e6u75xmxt8.cloudfront.net\/5\/2016\/06\/1313441_424421414.jpg","type":"image\/jpeg"}],"author":"WeLoveCycling","twitter_card":"summary_large_image","twitter_misc":{"Written by":"WeLoveCycling","Est. reading time":"2 minutes"},"schema":{"@context":"https:\/\/schema.org","@graph":[{"@type":"WebPage","@id":"https:\/\/www.welovecycling.com\/pl\/2016\/06\/10\/10-powodow-zeby-zabrac-dzieci-na-rower\/","url":"https:\/\/www.welovecycling.com\/pl\/2016\/06\/10\/10-powodow-zeby-zabrac-dzieci-na-rower\/","name":"10 powod\u00f3w \u017ceby zabra\u0107 dzieci na rower! - \u0160koda We Love Cycling - Poland","isPartOf":{"@id":"https:\/\/www.welovecycling.com\/pl\/#website"},"primaryImageOfPage":{"@id":"https:\/\/www.welovecycling.com\/pl\/2016\/06\/10\/10-powodow-zeby-zabrac-dzieci-na-rower\/#primaryimage"},"image":{"@id":"https:\/\/www.welovecycling.com\/pl\/2016\/06\/10\/10-powodow-zeby-zabrac-dzieci-na-rower\/#primaryimage"},"thumbnailUrl":"https:\/\/d2p6e6u75xmxt8.cloudfront.net\/5\/2016\/06\/1313441_424421414.jpg","datePublished":"2016-06-10T16:36:42+00:00","dateModified":"2016-12-05T08:52:27+00:00","author":{"@id":"https:\/\/www.welovecycling.com\/pl\/#\/schema\/person\/e5187c9cac8dd619ebc7b41bd73c2fd9"},"breadcrumb":{"@id":"https:\/\/www.welovecycling.com\/pl\/2016\/06\/10\/10-powodow-zeby-zabrac-dzieci-na-rower\/#breadcrumb"},"inLanguage":"pl-PL","potentialAction":[{"@type":"ReadAction","target":["https:\/\/www.welovecycling.com\/pl\/2016\/06\/10\/10-powodow-zeby-zabrac-dzieci-na-rower\/"]}]},{"@type":"ImageObject","inLanguage":"pl-PL","@id":"https:\/\/www.welovecycling.com\/pl\/2016\/06\/10\/10-powodow-zeby-zabrac-dzieci-na-rower\/#primaryimage","url":"https:\/\/d2p6e6u75xmxt8.cloudfront.net\/5\/2016\/06\/1313441_424421414.jpg","contentUrl":"https:\/\/d2p6e6u75xmxt8.cloudfront.net\/5\/2016\/06\/1313441_424421414.jpg","width":1375,"height":600},{"@type":"BreadcrumbList","@id":"https:\/\/www.welovecycling.com\/pl\/2016\/06\/10\/10-powodow-zeby-zabrac-dzieci-na-rower\/#breadcrumb","itemListElement":[{"@type":"ListItem","position":1,"name":"Home","item":"https:\/\/www.welovecycling.com\/pl\/"},{"@type":"ListItem","position":2,"name":"10 powod\u00f3w \u017ceby zabra\u0107 dzieci na rower!"}]},{"@type":"WebSite","@id":"https:\/\/www.welovecycling.com\/pl\/#website","url":"https:\/\/www.welovecycling.com\/pl\/","name":"\u0160koda We Love Cycling - Poland","description":"","potentialAction":[{"@type":"SearchAction","target":{"@type":"EntryPoint","urlTemplate":"https:\/\/www.welovecycling.com\/pl\/?s={search_term_string}"},"query-input":{"@type":"PropertyValueSpecification","valueRequired":true,"valueName":"search_term_string"}}],"inLanguage":"pl-PL"},{"@type":"Person","@id":"https:\/\/www.welovecycling.com\/pl\/#\/schema\/person\/e5187c9cac8dd619ebc7b41bd73c2fd9","name":"WeLoveCycling","image":{"@type":"ImageObject","inLanguage":"pl-PL","@id":"https:\/\/www.welovecycling.com\/pl\/#\/schema\/person\/image\/","url":"https:\/\/secure.gravatar.com\/avatar\/7e1ee0ecc5e294b19ef32b9f6086e0afbb9da00c3cb0d465ba4695331f4a9187?s=96&d=mm&r=g","contentUrl":"https:\/\/secure.gravatar.com\/avatar\/7e1ee0ecc5e294b19ef32b9f6086e0afbb9da00c3cb0d465ba4695331f4a9187?s=96&d=mm&r=g","caption":"WeLoveCycling"},"url":"https:\/\/www.welovecycling.com\/pl\/author\/lukascech\/"}]}},"_links":{"self":[{"href":"https:\/\/www.welovecycling.com\/pl\/wp-json\/wp\/v2\/posts\/1177","targetHints":{"allow":["GET"]}}],"collection":[{"href":"https:\/\/www.welovecycling.com\/pl\/wp-json\/wp\/v2\/posts"}],"about":[{"href":"https:\/\/www.welovecycling.com\/pl\/wp-json\/wp\/v2\/types\/post"}],"author":[{"embeddable":true,"href":"https:\/\/www.welovecycling.com\/pl\/wp-json\/wp\/v2\/users\/1"}],"replies":[{"embeddable":true,"href":"https:\/\/www.welovecycling.com\/pl\/wp-json\/wp\/v2\/comments?post=1177"}],"version-history":[{"count":1,"href":"https:\/\/www.welovecycling.com\/pl\/wp-json\/wp\/v2\/posts\/1177\/revisions"}],"predecessor-version":[{"id":2452,"href":"https:\/\/www.welovecycling.com\/pl\/wp-json\/wp\/v2\/posts\/1177\/revisions\/2452"}],"wp:featuredmedia":[{"embeddable":true,"href":"https:\/\/www.welovecycling.com\/pl\/wp-json\/wp\/v2\/media\/1179"}],"wp:attachment":[{"href":"https:\/\/www.welovecycling.com\/pl\/wp-json\/wp\/v2\/media?parent=1177"}],"wp:term":[{"taxonomy":"category","embeddable":true,"href":"https:\/\/www.welovecycling.com\/pl\/wp-json\/wp\/v2\/categories?post=1177"},{"taxonomy":"post_tag","embeddable":true,"href":"https:\/\/www.welovecycling.com\/pl\/wp-json\/wp\/v2\/tags?post=1177"},{"taxonomy":"global-categories","embeddable":true,"href":"https:\/\/www.welovecycling.com\/pl\/wp-json\/wp\/v2\/global-categories?post=1177"}],"curies":[{"name":"wp","href":"https:\/\/api.w.org\/{rel}","templated":true}]}}