{"id":11763,"date":"2021-05-12T13:03:44","date_gmt":"2021-05-12T13:03:44","guid":{"rendered":"https:\/\/www.welovecycling.com\/pl\/?p=11763"},"modified":"2023-07-19T07:25:25","modified_gmt":"2023-07-19T07:25:25","slug":"kolejka-chetnych-po-tour-de-france-skad-wystartuje-wielka-petla","status":"publish","type":"post","link":"https:\/\/www.welovecycling.com\/pl\/2021\/05\/12\/kolejka-chetnych-po-tour-de-france-skad-wystartuje-wielka-petla\/","title":{"rendered":"Kolejka ch\u0119tnych po Tour de France! Sk\u0105d wystartuje Wielka P\u0119tla?"},"content":{"rendered":"<p><strong>Brest, Kopenhaga i\u2026 Bilbao, a wkr\u00f3tce mo\u017ce tak\u017ce Holandia. Kolarze przygotowuj\u0105 si\u0119 do startu w tegorocznym Tour de France, za to organizatorzy wy\u015bcigu planami wybiegaj\u0105 ju\u017c poza pandemiczn\u0105 rzeczywisto\u015b\u0107. Jedna z ostatnich decyzji to start Wielkiej P\u0119tli z Kraju Bask\u00f3w, ale do goszczenia wy\u015bcigu zg\u0142aszaj\u0105 si\u0119 ju\u017c kolejni ch\u0119tni.<\/strong><\/p>\n<p>Rozpocz\u0119cie Tour de France, (czyli tzw. Grand Depart) poza Francj\u0105 to \u017cadna nowo\u015b\u0107. Do tej pory wy\u015bcig za granic\u0105 najcz\u0119\u015bciej zaczyna\u0142 si\u0119 w Belgii i Holandii (po 6 razy), w Niemczech (4), Luksemburgu (3), Wielkiej Brytanii (2) oraz Szwajcarii, Irlandii, Hiszpanii i Monako (1).<\/p>\n<p>W tym roku do tych dziewi\u0119ciu pa\u0144stw mia\u0142a do\u0142\u0105czy\u0107 Dania, ale pandemia koronawirusa oraz odbywaj\u0105ce si\u0119 w Kopenhadze mecze pi\u0142karskich mistrzostw Europy sprawi\u0142y, \u017ce Grand Depart w Danii zosta\u0142 wpisany do przysz\u0142orocznego kalendarza, a w tym kolarze wystartuj\u0105 z Brestu (26 czerwca).<\/p>\n<p>Po dw\u00f3ch latach zamkni\u0119cia tylko w granicach Francji, organizatorzy Wielkiej P\u0119tli jednak zn\u00f3w planuj\u0105 szeroko promowa\u0107 wy\u015bcig w ca\u0142ej Europie. Dlatego ju\u017c og\u0142oszono, \u017ce w 2023 r. Tour de France rozpocznie si\u0119 w Bilbao, a to oznacza, \u017ce do Kraju Bask\u00f3w wr\u00f3ci po 31 latach.<\/p>\n<div class=\"embed-controller-wrapper\">\n<blockquote class=\"twitter-tweet\" data-width=\"500\" data-dnt=\"true\">\n<p lang=\"fr\" dir=\"ltr\">\ud83d\udc9b Grand D\u00e9part <a href=\"https:\/\/twitter.com\/hashtag\/TDF2023?src=hash&amp;ref_src=twsrc%5Etfw\">#TDF2023<\/a><br \/>\ud83d\uddd3 1st July 2023<br \/>\ud83e\udd29 It&#39;s destination Bilbao and <a href=\"https:\/\/twitter.com\/Bizkaia?ref_src=twsrc%5Etfw\">@Bizkaia<\/a> for the start of the 110th edition of the Tour de France!<\/p>\n<p>\ud83d\udc9b Grand D\u00e9part <a href=\"https:\/\/twitter.com\/hashtag\/TDF2023?src=hash&amp;ref_src=twsrc%5Etfw\">#TDF2023<\/a><br \/>\ud83d\uddd3 1er juillet 2023<br \/>\ud83e\udd29 Direction le Pays Basque et Bilbao pour la 110\u00e8me \u00e9dition du Tour de France ! <a href=\"https:\/\/t.co\/bZkzChV6uG\">pic.twitter.com\/bZkzChV6uG<\/a><\/p>\n<p>&mdash; Tour de France\u2122 (@LeTour) <a href=\"https:\/\/twitter.com\/LeTour\/status\/1375406402131390464?ref_src=twsrc%5Etfw\">March 26, 2021<\/a><\/p><\/blockquote>\n<p><script async data-src=\"https:\/\/platform.twitter.com\/widgets.js\" charset=\"utf-8\"><\/script><\/div>\n<p>W 1992 r. w San Sebastian urz\u0105dzono wielkie kolarskie \u015bwi\u0119to. Nikt nie mia\u0142 w\u0105tpliwo\u015bci, \u017ce to dobry pomys\u0142, bo Baskowie w rowerach zakochani s\u0105 po uszy. Na r\u00f3wnie udany start organizatorzy Tour de France licz\u0105 w 2023 r. Szczeg\u00f3lnie, \u017ce wed\u0142ug francuskich i hiszpa\u0144skich medi\u00f3w negocjacje w tej sprawie zacz\u0119\u0142y si\u0119 a\u017c\u2026 siedem lat temu!<\/p>\n<p>W 2023 r. w Hiszpanii maj\u0105 si\u0119 zacz\u0105\u0107 trzy etapy: pierwszy w Bilbao, drugi na terenie prowincji Vizcaya, za to trzeci met\u0119 b\u0119dzie mia\u0142 ju\u017c po francuskiej stronie. Start wy\u015bcigu planowany jest na 1 lipca.<\/p>\n<p>Co ciekawe, ju\u017c pojawiaj\u0105 si\u0119 pierwsi faworyci do zorganizowania startu Tour de France w 2024 lub nawet 2025. Oficjalnie swoj\u0105 kandydatur\u0119 zg\u0142osi\u0142y bowiem Rotterdam oraz Haga, i je\u015bli to tam odby\u0142by si\u0119 Grand Depart, w\u00f3wczas Holandia sta\u0142aby si\u0119 pa\u0144stwem najcz\u0119\u015bciej goszcz\u0105cym pierwszy etap Tour de France w historii najstarszego wy\u015bcigu \u015bwiata.<\/p>\n<h2><strong>Wygrania Amerykanina polskiego pochodzenia<\/strong><\/h2>\n<p>Tymczasem ca\u0142y kolarski \u015bwiat wjecha\u0142 ju\u017c w najbardziej emocjonuj\u0105cy moment sezonu, czyli wy\u015bcigi z serii Grand Tour. Zawodnicy w\u0142a\u015bnie rywalizuj\u0105 w Giro d\u2019Italia, a wtorkowy etap do\u015b\u0107 niespodziewania wygra\u0142 Joe Dombrowski, Amerykanin polskiego pochodzenia.<\/p>\n<div class=\"embed-controller-wrapper\">\n<blockquote class=\"twitter-tweet\" data-width=\"500\" data-dnt=\"true\">\n<p lang=\"it\" dir=\"ltr\">\ud83d\udcfd\ufe0f Final kilometre, first times: first uphill finish, first win for <a href=\"https:\/\/twitter.com\/JoeDombro?ref_src=twsrc%5Etfw\">@JoeDombro<\/a>, first Maglia Rosa for <a href=\"https:\/\/twitter.com\/ADM_RossodiBuja?ref_src=twsrc%5Etfw\">@ADM_RossodiBuja<\/a>.<\/p>\n<p>\ud83d\udcfd\ufe0f Ultimo chilometro e prime volte.<br \/>Primo arrivo in salita, prima vittoria di <a href=\"https:\/\/twitter.com\/JoeDombro?ref_src=twsrc%5Etfw\">@JoeDombro<\/a>, prima Rosa di <a href=\"https:\/\/twitter.com\/ADM_RossodiBuja?ref_src=twsrc%5Etfw\">@ADM_RossodiBuja<\/a>. <\/p>\n<p>Powered by <a href=\"https:\/\/twitter.com\/supersapiensinc?ref_src=twsrc%5Etfw\">@supersapiensinc<\/a> <a href=\"https:\/\/twitter.com\/hashtag\/Giro?src=hash&amp;ref_src=twsrc%5Etfw\">#Giro<\/a> <a href=\"https:\/\/t.co\/vrh5GXX4XW\">pic.twitter.com\/vrh5GXX4XW<\/a><\/p>\n<p>&mdash; Giro d&#39;Italia (@giroditalia) <a href=\"https:\/\/twitter.com\/giroditalia\/status\/1392146953165737986?ref_src=twsrc%5Etfw\">May 11, 2021<\/a><\/p><\/blockquote>\n<p><script async data-src=\"https:\/\/platform.twitter.com\/widgets.js\" charset=\"utf-8\"><\/script><\/div>\n<p>Zawodnik UAE Emirates Team o 13 sekund wyprzedzi\u0142 Alessandro De Marchiego (Bahrain Victorious) oraz o 27 sekund Filippo Fiorellego (Bardiani-CSF-Faizane). Dzi\u0119ki drugiemu miejscu r\u00f3\u017cowa koszulka lidera znalaz\u0142a si\u0119 na plecach De Marchiego, kt\u00f3ry zabra\u0142 j\u0105 rodakowi &#8211;\u00a0 Filippo Gannie (INEOS Grenadiers). Drugie miejsce w klasyfikacji generalnej zajmuje w\u0142a\u015bnie Dombrowski, a trzecie Louis Vervaeke (Alpecin-Fenix).<\/p>\n<p>Giro d\u2019Italia potrwa do 30 maja, a p\u00f3\u017aniej oczy ca\u0142ego kolarskiego \u015bwiata zwr\u00f3cone zostan\u0105 ju\u017c na Francj\u0119. Start Wielkiej P\u0119tli 26 czerwca, zako\u0144czenie 18 lipca.<\/p>\n<p><span data-sheets-value=\"{&quot;1&quot;:2,&quot;2&quot;:&quot;Artyku\u0142 powsta\u0142 we wsp\u00f3\u0142pracy ze skoda-auto.pl&quot;}\" data-sheets-userformat=\"{&quot;2&quot;:1,&quot;3&quot;:{&quot;1&quot;:0}}\" data-sheets-hyperlink=\"http:\/\/www.skoda-auto.pl\/\"><a class=\"in-cell-link\" href=\"http:\/\/www.skoda-auto.pl\/\" target=\"_blank\" rel=\"noopener noreferrer\">Artyku\u0142 powsta\u0142 we wsp\u00f3\u0142pracy ze skoda-auto.pl<\/a><\/span><\/p>\n<p><a href=\"https:\/\/www.skoda-auto.pl\/modele\/karoq\">\u00a0<\/a><a href=\"https:\/\/www.skoda-auto.pl\/modele\/kodiaq\"><img loading=\"lazy\" decoding=\"async\" class=\"aligncenter wp-image-9607 size-full\" src=\"https:\/\/d2p6e6u75xmxt8.cloudfront.net\/5\/2019\/08\/baner_WLC_640x350_2.png\" alt=\"\" width=\"640\" height=\"350\" srcset=\"https:\/\/d2p6e6u75xmxt8.cloudfront.net\/5\/2019\/08\/baner_WLC_640x350_2.png 640w, https:\/\/d2p6e6u75xmxt8.cloudfront.net\/5\/2019\/08\/baner_WLC_640x350_2-300x164.png 300w\" sizes=\"auto, (max-width: 640px) 100vw, 640px\" \/><\/a><\/p>\n","protected":false},"excerpt":{"rendered":"<p>Brest, Kopenhaga i\u2026 Bilbao, a wkr\u00f3tce mo\u017ce tak\u017ce Holandia. Kolarze przygotowuj\u0105 si\u0119 do startu w tegorocznym Tour de France, za [&hellip;]<\/p>\n","protected":false},"author":125,"featured_media":11766,"comment_status":"open","ping_status":"open","sticky":false,"template":"","format":"standard","meta":{"footnotes":""},"categories":[337,358],"tags":[176,77,359,146],"global-categories":[303],"class_list":["post-11763","post","type-post","status-publish","format-standard","has-post-thumbnail","hentry","category-tour-de-france","category-tour-de-france-2021","tag-kolarstwo","tag-tour-de-france","tag-tour-de-france-2021","tag-wyscig","global-categories-cycling"],"yoast_head":"<!-- This site is optimized with the Yoast SEO Premium plugin v25.3 (Yoast SEO v25.9) - https:\/\/yoast.com\/wordpress\/plugins\/seo\/ -->\n<title>Kolejka ch\u0119tnych po Tour de France! Sk\u0105d wystartuje Wielka P\u0119tla? - \u0160koda We Love Cycling - Poland<\/title>\n<meta name=\"description\" content=\"Brest, Kopenhaga i\u2026 Bilbao, a wkr\u00f3tce mo\u017ce tak\u017ce Holandia. Kolarze przygotowuj\u0105 si\u0119 do startu w tegorocznym Tour de France, za to organizatorzy wy\u015bcigu planami wybiegaj\u0105 ju\u017c poza pandemiczn\u0105 rzeczywisto\u015b\u0107. Jedna z ostatnich decyzji to start Wielkiej P\u0119tli z Kraju Bask\u00f3w, ale do goszczenia wy\u015bcigu zg\u0142aszaj\u0105 si\u0119 ju\u017c kolejni ch\u0119tni.\" \/>\n<meta name=\"robots\" content=\"index, follow, max-snippet:-1, max-image-preview:large, max-video-preview:-1\" \/>\n<link rel=\"canonical\" href=\"https:\/\/www.welovecycling.com\/pl\/2021\/05\/12\/kolejka-chetnych-po-tour-de-france-skad-wystartuje-wielka-petla\/\" \/>\n<meta property=\"og:locale\" content=\"pl_PL\" \/>\n<meta property=\"og:type\" content=\"article\" \/>\n<meta property=\"og:title\" content=\"Kolejka ch\u0119tnych po Tour de France! Sk\u0105d wystartuje Wielka P\u0119tla?\" \/>\n<meta property=\"og:description\" content=\"Brest, Kopenhaga i\u2026 Bilbao, a wkr\u00f3tce mo\u017ce tak\u017ce Holandia. Kolarze przygotowuj\u0105 si\u0119 do startu w tegorocznym Tour de France, za to organizatorzy wy\u015bcigu planami wybiegaj\u0105 ju\u017c poza pandemiczn\u0105 rzeczywisto\u015b\u0107. Jedna z ostatnich decyzji to start Wielkiej P\u0119tli z Kraju Bask\u00f3w, ale do goszczenia wy\u015bcigu zg\u0142aszaj\u0105 si\u0119 ju\u017c kolejni ch\u0119tni.\" \/>\n<meta property=\"og:url\" content=\"https:\/\/www.welovecycling.com\/pl\/2021\/05\/12\/kolejka-chetnych-po-tour-de-france-skad-wystartuje-wielka-petla\/\" \/>\n<meta property=\"og:site_name\" content=\"\u0160koda We Love Cycling - Poland\" \/>\n<meta property=\"article:published_time\" content=\"2021-05-12T13:03:44+00:00\" \/>\n<meta property=\"article:modified_time\" content=\"2023-07-19T07:25:25+00:00\" \/>\n<meta property=\"og:image\" content=\"https:\/\/d2p6e6u75xmxt8.cloudfront.net\/5\/2021\/05\/Tom-Dumoulin-profimedia-0560191779-CVR-1024x450-1.jpg\" \/>\n\t<meta property=\"og:image:width\" content=\"1024\" \/>\n\t<meta property=\"og:image:height\" content=\"450\" \/>\n\t<meta property=\"og:image:type\" content=\"image\/jpeg\" \/>\n<meta name=\"author\" content=\"oktawiamikulska\" \/>\n<meta name=\"twitter:card\" content=\"summary_large_image\" \/>\n<meta name=\"twitter:label1\" content=\"Written by\" \/>\n\t<meta name=\"twitter:data1\" content=\"Piotr Jawor\" \/>\n\t<meta name=\"twitter:label2\" content=\"Est. reading time\" \/>\n\t<meta name=\"twitter:data2\" content=\"3 minutes\" \/>\n<script type=\"application\/ld+json\" class=\"yoast-schema-graph\">{\"@context\":\"https:\/\/schema.org\",\"@graph\":[{\"@type\":\"WebPage\",\"@id\":\"https:\/\/www.welovecycling.com\/pl\/2021\/05\/12\/kolejka-chetnych-po-tour-de-france-skad-wystartuje-wielka-petla\/\",\"url\":\"https:\/\/www.welovecycling.com\/pl\/2021\/05\/12\/kolejka-chetnych-po-tour-de-france-skad-wystartuje-wielka-petla\/\",\"name\":\"Kolejka ch\u0119tnych po Tour de France! Sk\u0105d wystartuje Wielka P\u0119tla? - \u0160koda We Love Cycling - Poland\",\"isPartOf\":{\"@id\":\"https:\/\/www.welovecycling.com\/pl\/#website\"},\"primaryImageOfPage\":{\"@id\":\"https:\/\/www.welovecycling.com\/pl\/2021\/05\/12\/kolejka-chetnych-po-tour-de-france-skad-wystartuje-wielka-petla\/#primaryimage\"},\"image\":{\"@id\":\"https:\/\/www.welovecycling.com\/pl\/2021\/05\/12\/kolejka-chetnych-po-tour-de-france-skad-wystartuje-wielka-petla\/#primaryimage\"},\"thumbnailUrl\":\"https:\/\/d2p6e6u75xmxt8.cloudfront.net\/5\/2021\/05\/Tom-Dumoulin-profimedia-0560191779-CVR-1024x450-1.jpg\",\"datePublished\":\"2021-05-12T13:03:44+00:00\",\"dateModified\":\"2023-07-19T07:25:25+00:00\",\"author\":{\"@id\":\"https:\/\/www.welovecycling.com\/pl\/#\/schema\/person\/4a79bac7bd265aa6a35a1079d36648be\"},\"description\":\"Brest, Kopenhaga i\u2026 Bilbao, a wkr\u00f3tce mo\u017ce tak\u017ce Holandia. Kolarze przygotowuj\u0105 si\u0119 do startu w tegorocznym Tour de France, za to organizatorzy wy\u015bcigu planami wybiegaj\u0105 ju\u017c poza pandemiczn\u0105 rzeczywisto\u015b\u0107. Jedna z ostatnich decyzji to start Wielkiej P\u0119tli z Kraju Bask\u00f3w, ale do goszczenia wy\u015bcigu zg\u0142aszaj\u0105 si\u0119 ju\u017c kolejni ch\u0119tni.\",\"breadcrumb\":{\"@id\":\"https:\/\/www.welovecycling.com\/pl\/2021\/05\/12\/kolejka-chetnych-po-tour-de-france-skad-wystartuje-wielka-petla\/#breadcrumb\"},\"inLanguage\":\"pl-PL\",\"potentialAction\":[{\"@type\":\"ReadAction\",\"target\":[\"https:\/\/www.welovecycling.com\/pl\/2021\/05\/12\/kolejka-chetnych-po-tour-de-france-skad-wystartuje-wielka-petla\/\"]}]},{\"@type\":\"ImageObject\",\"inLanguage\":\"pl-PL\",\"@id\":\"https:\/\/www.welovecycling.com\/pl\/2021\/05\/12\/kolejka-chetnych-po-tour-de-france-skad-wystartuje-wielka-petla\/#primaryimage\",\"url\":\"https:\/\/d2p6e6u75xmxt8.cloudfront.net\/5\/2021\/05\/Tom-Dumoulin-profimedia-0560191779-CVR-1024x450-1.jpg\",\"contentUrl\":\"https:\/\/d2p6e6u75xmxt8.cloudfront.net\/5\/2021\/05\/Tom-Dumoulin-profimedia-0560191779-CVR-1024x450-1.jpg\",\"width\":1024,\"height\":450},{\"@type\":\"BreadcrumbList\",\"@id\":\"https:\/\/www.welovecycling.com\/pl\/2021\/05\/12\/kolejka-chetnych-po-tour-de-france-skad-wystartuje-wielka-petla\/#breadcrumb\",\"itemListElement\":[{\"@type\":\"ListItem\",\"position\":1,\"name\":\"Home\",\"item\":\"https:\/\/www.welovecycling.com\/pl\/\"},{\"@type\":\"ListItem\",\"position\":2,\"name\":\"Kolejka ch\u0119tnych po Tour de France! Sk\u0105d wystartuje Wielka P\u0119tla?\"}]},{\"@type\":\"WebSite\",\"@id\":\"https:\/\/www.welovecycling.com\/pl\/#website\",\"url\":\"https:\/\/www.welovecycling.com\/pl\/\",\"name\":\"\u0160koda We Love Cycling - Poland\",\"description\":\"\",\"potentialAction\":[{\"@type\":\"SearchAction\",\"target\":{\"@type\":\"EntryPoint\",\"urlTemplate\":\"https:\/\/www.welovecycling.com\/pl\/?s={search_term_string}\"},\"query-input\":{\"@type\":\"PropertyValueSpecification\",\"valueRequired\":true,\"valueName\":\"search_term_string\"}}],\"inLanguage\":\"pl-PL\"},{\"@type\":\"Person\",\"@id\":\"https:\/\/www.welovecycling.com\/pl\/#\/schema\/person\/4a79bac7bd265aa6a35a1079d36648be\",\"name\":\"oktawiamikulska\",\"image\":{\"@type\":\"ImageObject\",\"inLanguage\":\"pl-PL\",\"@id\":\"https:\/\/www.welovecycling.com\/pl\/#\/schema\/person\/image\/\",\"url\":\"https:\/\/secure.gravatar.com\/avatar\/b97a3f44e2de6d2f8dd358975937e49823662e12cbd810b9d1a2bff1c149e8a7?s=96&d=mm&r=g\",\"contentUrl\":\"https:\/\/secure.gravatar.com\/avatar\/b97a3f44e2de6d2f8dd358975937e49823662e12cbd810b9d1a2bff1c149e8a7?s=96&d=mm&r=g\",\"caption\":\"oktawiamikulska\"},\"url\":\"https:\/\/www.welovecycling.com\/pl\/author\/oktawiamikulska\/\"}]}<\/script>\n<!-- \/ Yoast SEO Premium plugin. -->","yoast_head_json":{"title":"Kolejka ch\u0119tnych po Tour de France! Sk\u0105d wystartuje Wielka P\u0119tla? - \u0160koda We Love Cycling - Poland","description":"Brest, Kopenhaga i\u2026 Bilbao, a wkr\u00f3tce mo\u017ce tak\u017ce Holandia. Kolarze przygotowuj\u0105 si\u0119 do startu w tegorocznym Tour de France, za to organizatorzy wy\u015bcigu planami wybiegaj\u0105 ju\u017c poza pandemiczn\u0105 rzeczywisto\u015b\u0107. Jedna z ostatnich decyzji to start Wielkiej P\u0119tli z Kraju Bask\u00f3w, ale do goszczenia wy\u015bcigu zg\u0142aszaj\u0105 si\u0119 ju\u017c kolejni ch\u0119tni.","robots":{"index":"index","follow":"follow","max-snippet":"max-snippet:-1","max-image-preview":"max-image-preview:large","max-video-preview":"max-video-preview:-1"},"canonical":"https:\/\/www.welovecycling.com\/pl\/2021\/05\/12\/kolejka-chetnych-po-tour-de-france-skad-wystartuje-wielka-petla\/","og_locale":"pl_PL","og_type":"article","og_title":"Kolejka ch\u0119tnych po Tour de France! Sk\u0105d wystartuje Wielka P\u0119tla?","og_description":"Brest, Kopenhaga i\u2026 Bilbao, a wkr\u00f3tce mo\u017ce tak\u017ce Holandia. Kolarze przygotowuj\u0105 si\u0119 do startu w tegorocznym Tour de France, za to organizatorzy wy\u015bcigu planami wybiegaj\u0105 ju\u017c poza pandemiczn\u0105 rzeczywisto\u015b\u0107. Jedna z ostatnich decyzji to start Wielkiej P\u0119tli z Kraju Bask\u00f3w, ale do goszczenia wy\u015bcigu zg\u0142aszaj\u0105 si\u0119 ju\u017c kolejni ch\u0119tni.","og_url":"https:\/\/www.welovecycling.com\/pl\/2021\/05\/12\/kolejka-chetnych-po-tour-de-france-skad-wystartuje-wielka-petla\/","og_site_name":"\u0160koda We Love Cycling - Poland","article_published_time":"2021-05-12T13:03:44+00:00","article_modified_time":"2023-07-19T07:25:25+00:00","og_image":[{"width":1024,"height":450,"url":"https:\/\/d2p6e6u75xmxt8.cloudfront.net\/5\/2021\/05\/Tom-Dumoulin-profimedia-0560191779-CVR-1024x450-1.jpg","type":"image\/jpeg"}],"author":"oktawiamikulska","twitter_card":"summary_large_image","twitter_misc":{"Written by":"Piotr Jawor","Est. reading time":"3 minutes"},"schema":{"@context":"https:\/\/schema.org","@graph":[{"@type":"WebPage","@id":"https:\/\/www.welovecycling.com\/pl\/2021\/05\/12\/kolejka-chetnych-po-tour-de-france-skad-wystartuje-wielka-petla\/","url":"https:\/\/www.welovecycling.com\/pl\/2021\/05\/12\/kolejka-chetnych-po-tour-de-france-skad-wystartuje-wielka-petla\/","name":"Kolejka ch\u0119tnych po Tour de France! Sk\u0105d wystartuje Wielka P\u0119tla? - \u0160koda We Love Cycling - Poland","isPartOf":{"@id":"https:\/\/www.welovecycling.com\/pl\/#website"},"primaryImageOfPage":{"@id":"https:\/\/www.welovecycling.com\/pl\/2021\/05\/12\/kolejka-chetnych-po-tour-de-france-skad-wystartuje-wielka-petla\/#primaryimage"},"image":{"@id":"https:\/\/www.welovecycling.com\/pl\/2021\/05\/12\/kolejka-chetnych-po-tour-de-france-skad-wystartuje-wielka-petla\/#primaryimage"},"thumbnailUrl":"https:\/\/d2p6e6u75xmxt8.cloudfront.net\/5\/2021\/05\/Tom-Dumoulin-profimedia-0560191779-CVR-1024x450-1.jpg","datePublished":"2021-05-12T13:03:44+00:00","dateModified":"2023-07-19T07:25:25+00:00","author":{"@id":"https:\/\/www.welovecycling.com\/pl\/#\/schema\/person\/4a79bac7bd265aa6a35a1079d36648be"},"description":"Brest, Kopenhaga i\u2026 Bilbao, a wkr\u00f3tce mo\u017ce tak\u017ce Holandia. Kolarze przygotowuj\u0105 si\u0119 do startu w tegorocznym Tour de France, za to organizatorzy wy\u015bcigu planami wybiegaj\u0105 ju\u017c poza pandemiczn\u0105 rzeczywisto\u015b\u0107. Jedna z ostatnich decyzji to start Wielkiej P\u0119tli z Kraju Bask\u00f3w, ale do goszczenia wy\u015bcigu zg\u0142aszaj\u0105 si\u0119 ju\u017c kolejni ch\u0119tni.","breadcrumb":{"@id":"https:\/\/www.welovecycling.com\/pl\/2021\/05\/12\/kolejka-chetnych-po-tour-de-france-skad-wystartuje-wielka-petla\/#breadcrumb"},"inLanguage":"pl-PL","potentialAction":[{"@type":"ReadAction","target":["https:\/\/www.welovecycling.com\/pl\/2021\/05\/12\/kolejka-chetnych-po-tour-de-france-skad-wystartuje-wielka-petla\/"]}]},{"@type":"ImageObject","inLanguage":"pl-PL","@id":"https:\/\/www.welovecycling.com\/pl\/2021\/05\/12\/kolejka-chetnych-po-tour-de-france-skad-wystartuje-wielka-petla\/#primaryimage","url":"https:\/\/d2p6e6u75xmxt8.cloudfront.net\/5\/2021\/05\/Tom-Dumoulin-profimedia-0560191779-CVR-1024x450-1.jpg","contentUrl":"https:\/\/d2p6e6u75xmxt8.cloudfront.net\/5\/2021\/05\/Tom-Dumoulin-profimedia-0560191779-CVR-1024x450-1.jpg","width":1024,"height":450},{"@type":"BreadcrumbList","@id":"https:\/\/www.welovecycling.com\/pl\/2021\/05\/12\/kolejka-chetnych-po-tour-de-france-skad-wystartuje-wielka-petla\/#breadcrumb","itemListElement":[{"@type":"ListItem","position":1,"name":"Home","item":"https:\/\/www.welovecycling.com\/pl\/"},{"@type":"ListItem","position":2,"name":"Kolejka ch\u0119tnych po Tour de France! Sk\u0105d wystartuje Wielka P\u0119tla?"}]},{"@type":"WebSite","@id":"https:\/\/www.welovecycling.com\/pl\/#website","url":"https:\/\/www.welovecycling.com\/pl\/","name":"\u0160koda We Love Cycling - Poland","description":"","potentialAction":[{"@type":"SearchAction","target":{"@type":"EntryPoint","urlTemplate":"https:\/\/www.welovecycling.com\/pl\/?s={search_term_string}"},"query-input":{"@type":"PropertyValueSpecification","valueRequired":true,"valueName":"search_term_string"}}],"inLanguage":"pl-PL"},{"@type":"Person","@id":"https:\/\/www.welovecycling.com\/pl\/#\/schema\/person\/4a79bac7bd265aa6a35a1079d36648be","name":"oktawiamikulska","image":{"@type":"ImageObject","inLanguage":"pl-PL","@id":"https:\/\/www.welovecycling.com\/pl\/#\/schema\/person\/image\/","url":"https:\/\/secure.gravatar.com\/avatar\/b97a3f44e2de6d2f8dd358975937e49823662e12cbd810b9d1a2bff1c149e8a7?s=96&d=mm&r=g","contentUrl":"https:\/\/secure.gravatar.com\/avatar\/b97a3f44e2de6d2f8dd358975937e49823662e12cbd810b9d1a2bff1c149e8a7?s=96&d=mm&r=g","caption":"oktawiamikulska"},"url":"https:\/\/www.welovecycling.com\/pl\/author\/oktawiamikulska\/"}]}},"_links":{"self":[{"href":"https:\/\/www.welovecycling.com\/pl\/wp-json\/wp\/v2\/posts\/11763","targetHints":{"allow":["GET"]}}],"collection":[{"href":"https:\/\/www.welovecycling.com\/pl\/wp-json\/wp\/v2\/posts"}],"about":[{"href":"https:\/\/www.welovecycling.com\/pl\/wp-json\/wp\/v2\/types\/post"}],"author":[{"embeddable":true,"href":"https:\/\/www.welovecycling.com\/pl\/wp-json\/wp\/v2\/users\/125"}],"replies":[{"embeddable":true,"href":"https:\/\/www.welovecycling.com\/pl\/wp-json\/wp\/v2\/comments?post=11763"}],"version-history":[{"count":1,"href":"https:\/\/www.welovecycling.com\/pl\/wp-json\/wp\/v2\/posts\/11763\/revisions"}],"predecessor-version":[{"id":11767,"href":"https:\/\/www.welovecycling.com\/pl\/wp-json\/wp\/v2\/posts\/11763\/revisions\/11767"}],"wp:featuredmedia":[{"embeddable":true,"href":"https:\/\/www.welovecycling.com\/pl\/wp-json\/wp\/v2\/media\/11766"}],"wp:attachment":[{"href":"https:\/\/www.welovecycling.com\/pl\/wp-json\/wp\/v2\/media?parent=11763"}],"wp:term":[{"taxonomy":"category","embeddable":true,"href":"https:\/\/www.welovecycling.com\/pl\/wp-json\/wp\/v2\/categories?post=11763"},{"taxonomy":"post_tag","embeddable":true,"href":"https:\/\/www.welovecycling.com\/pl\/wp-json\/wp\/v2\/tags?post=11763"},{"taxonomy":"global-categories","embeddable":true,"href":"https:\/\/www.welovecycling.com\/pl\/wp-json\/wp\/v2\/global-categories?post=11763"}],"curies":[{"name":"wp","href":"https:\/\/api.w.org\/{rel}","templated":true}]}}