{"id":11747,"date":"2021-05-07T14:02:20","date_gmt":"2021-05-07T14:02:20","guid":{"rendered":"https:\/\/www.welovecycling.com\/pl\/?p=11747"},"modified":"2021-05-07T14:02:51","modified_gmt":"2021-05-07T14:02:51","slug":"to-bedzie-parada-gwiazd-zaczyna-sie-giro-ditalia","status":"publish","type":"post","link":"https:\/\/www.welovecycling.com\/pl\/2021\/05\/07\/to-bedzie-parada-gwiazd-zaczyna-sie-giro-ditalia\/","title":{"rendered":"\u201eTo b\u0119dzie parada gwiazd!\u201d. Zaczyna si\u0119 Giro d\u2019Italia"},"content":{"rendered":"<p><strong>Na t\u0119 rywalizacj\u0119 kibice czekali wiele zwariowanych miesi\u0119cy. 21 etap\u00f3w, 3 450 kilometr\u00f3w i emocje trudne do zmierzenia. W sobot\u0119 zaczyna si\u0119 Giro d\u2019Italia, pierwszy z trzech wy\u015bcig\u00f3w z cyklu Grand Tour.<\/strong><\/p>\n<p>Ciekawie jest ju\u017c przed startem, bo cz\u0119\u015b\u0107 dru\u017cyn tradycyjnie oszcz\u0119dza si\u0142y najlepszych zawodnik\u00f3w na najbardziej presti\u017cowy wy\u015bcig \u015bwiata, czyli Tour de France (26\u00a0 czerwca \u2013 18 lipca).<\/p>\n<p>Ju\u017c wiadomo, \u017ce we W\u0142oszech tytu\u0142u sprzed roku nie obroni Tao Geoghegan Hart. Brytyjczyk nie znalaz\u0142 si\u0119 w sk\u0142adzie Ineos Grenadiers, ale to nie znaczy, \u017ce ekipa odpuszcza pierwszy z Grand Tour\u00f3w, bo jej liderem b\u0119dzie Egan Bernal (zwyci\u0119zca Tour de France z 2019 r.). A oto jego pomocnicy:<\/p>\n<div class=\"embed-controller-wrapper\">\n<blockquote class=\"twitter-tweet\" data-width=\"500\" data-dnt=\"true\">\n<p lang=\"en\" dir=\"ltr\">\ud835\udc07\ud835\udc0e\ud835\udc13 \ud835\udc0e\ud835\udc05\ud835\udc05 \ud835\udc13\ud835\udc07\ud835\udc04 \ud835\udc0f\ud835\udc11\ud835\udc04\ud835\udc12\ud835\udc12 \ud83d\udd25<\/p>\n<p>Introducing your Grenadiers for the <a href=\"https:\/\/twitter.com\/hashtag\/Giro?src=hash&amp;ref_src=twsrc%5Etfw\">#Giro<\/a><\/p>\n<p>Bring. It. On. <a href=\"https:\/\/t.co\/kzSTHaZOTZ\">pic.twitter.com\/kzSTHaZOTZ<\/a><\/p>\n<p>&mdash; INEOS Grenadiers (@INEOSGrenadiers) <a href=\"https:\/\/twitter.com\/INEOSGrenadiers\/status\/1389618762010202116?ref_src=twsrc%5Etfw\">May 4, 2021<\/a><\/p><\/blockquote>\n<p><script async data-src=\"https:\/\/platform.twitter.com\/widgets.js\" charset=\"utf-8\"><\/script><\/div>\n<p>Wiadomo r\u00f3wnie\u017c, \u017ce w Giro d\u2019Italia nie zobaczymy bardzo dobrze radz\u0105cego sobie w tym wy\u015bcigu Rafa\u0142a Majki. W UAE Team Emirates zdecydowali bowiem, \u017ce Polak w tym sezonie bardziej przyda si\u0119 podczas Tour de France i Vuelta a Espana. Za to we W\u0142oszech z jego ekipy o wygran\u0105 powalczy Davide Formolo.<\/p>\n<p>https:\/\/twitter.com\/TeamEmiratesUAE\/status\/1389601367740792832?s=20<\/p>\n<p>We W\u0142oszech nie zabraknie jednak polskich akcent\u00f3w, bo w sk\u0142adach swoich dru\u017cyn awizowani s\u0105 Maciej Bodnar (Bora-Hansgrohe), \u0141ukasz Wi\u015bniowski (Qhubeka Assos) i Tomasz Marczy\u0144ski (Lotto Soudal). Co wi\u0119cej, ten ostatni ma spr\u00f3bowa\u0107 pokusi\u0107 si\u0119 o zwyci\u0119stwo etapowe.<\/p>\n<p>&#8211; Tomek zaprezentowa\u0142 dobr\u0105 form\u0119 podczas Li\u00e8ge \u2013 Bastogne &#8211; Li\u00e8ge, do tego w 2017 r. wygra\u0142 dwa etapy Vuelta a Espana. Udowodni\u0142, \u017ce potrafi odnale\u017a\u0107 si\u0119 w ucieczkach \u2013 m\u00f3wi o Polaku Mario Aerts, dyrektor belgijskiego zespo\u0142u.<\/p>\n<div class=\"embed-controller-wrapper\">\n<blockquote class=\"twitter-tweet\" data-width=\"500\" data-dnt=\"true\">\n<p lang=\"en\" dir=\"ltr\">These eight riders will take on the <a href=\"https:\/\/twitter.com\/giroditalia?ref_src=twsrc%5Etfw\">@giroditalia<\/a> \ud83d\ude4c<\/p>\n<p>\ud83d\udcddMore on our goals and ambitions: <a href=\"https:\/\/t.co\/jPdfkjDQlQ\">https:\/\/t.co\/jPdfkjDQlQ<\/a> <a href=\"https:\/\/t.co\/itNCsyHxWV\">pic.twitter.com\/itNCsyHxWV<\/a><\/p>\n<p>&mdash; Lotto Dstny (@lotto_dstny) <a href=\"https:\/\/twitter.com\/lotto_dstny\/status\/1388502237564055560?ref_src=twsrc%5Etfw\">May 1, 2021<\/a><\/p><\/blockquote>\n<p><script async data-src=\"https:\/\/platform.twitter.com\/widgets.js\" charset=\"utf-8\"><\/script><\/div>\n<p>Marczy\u0144ski b\u0119dzie mia\u0142 21 szans na wygran\u0105, bo tyle etap\u00f3w zaplanowano w Giro 2021. \u0141\u0105cznie zawodnicy maj\u0105 do przejechania 3 450 km, a zaczn\u0105 ju\u017c w sobot\u0119 w Turynie.<\/p>\n<p>Na pierwszy ogie\u0144 p\u00f3jdzie rywalizacja sprinter\u00f3w i to na bardzo kr\u00f3tkim dystansie &#8211; 9 km. Tu nie b\u0119dzie miejsca na pomy\u0142k\u0119, a ju\u017c od pierwszych metr\u00f3w zawodnicy b\u0119d\u0105 musieli da\u0107 z siebie wszystko.<\/p>\n<div class=\"embed-controller-wrapper\">\n<blockquote class=\"twitter-tweet\" data-width=\"500\" data-dnt=\"true\">\n<p lang=\"en\" dir=\"ltr\">The 2021 Giro d&#39;Italia will get underway in Torino with a nine-kilometer individual time trial.<a href=\"https:\/\/t.co\/snWKJ36qVj\">https:\/\/t.co\/snWKJ36qVj<\/a><a href=\"https:\/\/t.co\/FPGtGk0etl\">pic.twitter.com\/FPGtGk0etl<\/a><\/p>\n<p>&mdash; CyclingTips (@cyclingtips) <a href=\"https:\/\/twitter.com\/cyclingtips\/status\/1357408323071451138?ref_src=twsrc%5Etfw\">February 4, 2021<\/a><\/p><\/blockquote>\n<p><script async data-src=\"https:\/\/platform.twitter.com\/widgets.js\" charset=\"utf-8\"><\/script><\/div>\n<p>P\u00f3\u017aniej pole do popisu b\u0119d\u0105 mieli taktycy, bo kolejne etapy s\u0105 p\u0142askie lub pag\u00f3rkowate. Pierwsze wi\u0119ksze wzniesienia zaczn\u0105 si\u0119 podczas sz\u00f3stego etapu z Grotte di Frasassi do Ascoli Piceno.<\/p>\n<p>Prawdziwa gratka dla g\u00f3rali zacznie si\u0119 na dziewi\u0105tym etapie, gdy zawodnicy b\u0119d\u0105 mieli do przejechania 158 km z Castel di Sangro do Campo Felice.<\/p>\n<p>P\u00f3\u017aniej zn\u00f3w czekaj\u0105 nas etapy bardziej p\u0142askie oraz dzie\u0144 przerwy, a kolejne mordercze \u015bciganie zacznie si\u0119 na 14. etapie z Cittadella do Monte Zoncolan. To w\u0142a\u015bnie tutaj mog\u0105 wy\u0142oni\u0107 si\u0119 faworyci do wygrania ca\u0142ego wy\u015bcigu, a ju\u017c na pewno stworzy si\u0119 grupa zawodnik\u00f3w, kt\u00f3ra pogrzebie swoje szanse na dobry wynik ko\u0144cowy.<\/p>\n<p>Ostatni tydzie\u0144 to b\u0119dzie ju\u017c pr\u00f3ba dla najbardziej wytrwa\u0142ych. Cztery powa\u017cne etapy g\u00f3rskie zako\u0144czone 30-kilometrow\u0105 czas\u00f3wk\u0105 Senago \u2013 Mediolan wy\u0142oni\u0105 zwyci\u0119zc\u0119 104. Giro d\u2019Italia.<\/p>\n<div class=\"embed-controller-wrapper\">\n<div class=\"embed-wrapper\"><iframe title=\"Giro d&#039;Italia 2021 | The Route\" width=\"500\" height=\"281\" data-src=\"https:\/\/www.youtube.com\/embed\/-kYSWZaFAWQ?feature=oembed\" frameborder=\"0\" allow=\"accelerometer; autoplay; clipboard-write; encrypted-media; gyroscope; picture-in-picture; web-share\" referrerpolicy=\"strict-origin-when-cross-origin\" allowfullscreen><\/iframe><\/div>\n<\/div>\n<p>Najd\u0142u\u017cszy odcinek zawodnicy przejad\u0105 27 maja z Rovereto do Stradelli (228 km), a najkr\u00f3tszy ju\u017c w sobot\u0119 po ulicach Turynu (9 km). Zako\u0144czenie wy\u015bcigu 30 maja. \u201eTo b\u0119dzie parada gwiazd\u201d \u2013 zapowiadaj\u0105 organizatorzy, a my trzymamy kciuki, by mieli racj\u0119!<\/p>\n<div class=\"embed-controller-wrapper\">\n<blockquote class=\"twitter-tweet\" data-width=\"500\" data-dnt=\"true\">\n<p lang=\"en\" dir=\"ltr\">\ud83c\udf1f The Giro d&#39;Italia will be a parade of stars! \ud83c\udf1f <a href=\"https:\/\/twitter.com\/EnelGroupIT?ref_src=twsrc%5Etfw\">@EnelGroupIT<\/a> <a href=\"https:\/\/twitter.com\/hashtag\/Giro?src=hash&amp;ref_src=twsrc%5Etfw\">#Giro<\/a> <a href=\"https:\/\/twitter.com\/hashtag\/GirodItalia?src=hash&amp;ref_src=twsrc%5Etfw\">#GirodItalia<\/a> <a href=\"https:\/\/twitter.com\/hashtag\/MagliaRosa?src=hash&amp;ref_src=twsrc%5Etfw\">#MagliaRosa<\/a> <a href=\"https:\/\/t.co\/2Dms72fWlE\">pic.twitter.com\/2Dms72fWlE<\/a><\/p>\n<p>&mdash; Giro d&#39;Italia (@giroditalia) <a href=\"https:\/\/twitter.com\/giroditalia\/status\/1390010909251145728?ref_src=twsrc%5Etfw\">May 5, 2021<\/a><\/p><\/blockquote>\n<p><script async data-src=\"https:\/\/platform.twitter.com\/widgets.js\" charset=\"utf-8\"><\/script><\/div>\n<p><span data-sheets-value=\"{&quot;1&quot;:2,&quot;2&quot;:&quot;Artyku\u0142 powsta\u0142 we wsp\u00f3\u0142pracy ze skoda-auto.pl&quot;}\" data-sheets-userformat=\"{&quot;2&quot;:1,&quot;3&quot;:{&quot;1&quot;:0}}\" data-sheets-hyperlink=\"http:\/\/www.skoda-auto.pl\/\"><a class=\"in-cell-link\" href=\"http:\/\/www.skoda-auto.pl\/\" target=\"_blank\" rel=\"noopener noreferrer\">Artyku\u0142 powsta\u0142 we wsp\u00f3\u0142pracy ze skoda-auto.pl<\/a><\/span><\/p>\n<p><a href=\"https:\/\/www.skoda-auto.pl\/modele\/nowa-octavia\"><img loading=\"lazy\" decoding=\"async\" class=\"alignnone size-full wp-image-11630 aligncenter\" src=\"https:\/\/d2p6e6u75xmxt8.cloudfront.net\/5\/2021\/12\/640x350-1.jpg\" alt=\"\" width=\"640\" height=\"350\" srcset=\"https:\/\/d2p6e6u75xmxt8.cloudfront.net\/5\/2021\/12\/640x350-1.jpg 640w, https:\/\/d2p6e6u75xmxt8.cloudfront.net\/5\/2021\/12\/640x350-1-300x164.jpg 300w\" sizes=\"auto, (max-width: 640px) 100vw, 640px\" \/><\/a><\/p>\n<p>&nbsp;<\/p>\n","protected":false},"excerpt":{"rendered":"<p>Na t\u0119 rywalizacj\u0119 kibice czekali wiele zwariowanych miesi\u0119cy. 21 etap\u00f3w, 3 450 kilometr\u00f3w i emocje trudne do zmierzenia. W sobot\u0119 [&hellip;]<\/p>\n","protected":false},"author":125,"featured_media":11754,"comment_status":"open","ping_status":"open","sticky":false,"template":"","format":"standard","meta":{"footnotes":""},"categories":[6,295],"tags":[],"global-categories":[303],"class_list":["post-11747","post","type-post","status-publish","format-standard","has-post-thumbnail","hentry","category-kolarstwo-szosowe","category-zawody","global-categories-cycling"],"yoast_head":"<!-- This site is optimized with the Yoast SEO Premium plugin v25.3 (Yoast SEO v25.9) - https:\/\/yoast.com\/wordpress\/plugins\/seo\/ -->\n<title>\u201eTo b\u0119dzie parada gwiazd!\u201d. Zaczyna si\u0119 Giro d\u2019Italia - \u0160koda We Love Cycling - Poland<\/title>\n<meta name=\"description\" content=\"Na t\u0119 rywalizacj\u0119 kibice czekali wiele zwariowanych miesi\u0119cy. 21 etap\u00f3w, 3 450 kilometr\u00f3w i emocje trudne do zmierzenia. W sobot\u0119 zaczyna si\u0119 Giro d\u2019Italia, pierwszy z trzech wy\u015bcig\u00f3w z cyklu Grand Tour.\" \/>\n<meta name=\"robots\" content=\"index, follow, max-snippet:-1, max-image-preview:large, max-video-preview:-1\" \/>\n<link rel=\"canonical\" href=\"https:\/\/www.welovecycling.com\/pl\/2021\/05\/07\/to-bedzie-parada-gwiazd-zaczyna-sie-giro-ditalia\/\" \/>\n<meta property=\"og:locale\" content=\"pl_PL\" \/>\n<meta property=\"og:type\" content=\"article\" \/>\n<meta property=\"og:title\" content=\"\u201eTo b\u0119dzie parada gwiazd!\u201d. Zaczyna si\u0119 Giro d\u2019Italia\" \/>\n<meta property=\"og:description\" content=\"Na t\u0119 rywalizacj\u0119 kibice czekali wiele zwariowanych miesi\u0119cy. 21 etap\u00f3w, 3 450 kilometr\u00f3w i emocje trudne do zmierzenia. W sobot\u0119 zaczyna si\u0119 Giro d\u2019Italia, pierwszy z trzech wy\u015bcig\u00f3w z cyklu Grand Tour.\" \/>\n<meta property=\"og:url\" content=\"https:\/\/www.welovecycling.com\/pl\/2021\/05\/07\/to-bedzie-parada-gwiazd-zaczyna-sie-giro-ditalia\/\" \/>\n<meta property=\"og:site_name\" content=\"\u0160koda We Love Cycling - Poland\" \/>\n<meta property=\"article:published_time\" content=\"2021-05-07T14:02:20+00:00\" \/>\n<meta property=\"article:modified_time\" content=\"2021-05-07T14:02:51+00:00\" \/>\n<meta property=\"og:image\" content=\"https:\/\/d2p6e6u75xmxt8.cloudfront.net\/5\/2021\/05\/Geraint-Thomas-profimedia-0609026480-CVR-1024x450-1.jpg\" \/>\n\t<meta property=\"og:image:width\" content=\"1024\" \/>\n\t<meta property=\"og:image:height\" content=\"450\" \/>\n\t<meta property=\"og:image:type\" content=\"image\/jpeg\" \/>\n<meta name=\"author\" content=\"oktawiamikulska\" \/>\n<meta name=\"twitter:card\" content=\"summary_large_image\" \/>\n<meta name=\"twitter:label1\" content=\"Written by\" \/>\n\t<meta name=\"twitter:data1\" content=\"oktawiamikulska\" \/>\n\t<meta name=\"twitter:label2\" content=\"Est. reading time\" \/>\n\t<meta name=\"twitter:data2\" content=\"3 minutes\" \/>\n<script type=\"application\/ld+json\" class=\"yoast-schema-graph\">{\"@context\":\"https:\/\/schema.org\",\"@graph\":[{\"@type\":\"WebPage\",\"@id\":\"https:\/\/www.welovecycling.com\/pl\/2021\/05\/07\/to-bedzie-parada-gwiazd-zaczyna-sie-giro-ditalia\/\",\"url\":\"https:\/\/www.welovecycling.com\/pl\/2021\/05\/07\/to-bedzie-parada-gwiazd-zaczyna-sie-giro-ditalia\/\",\"name\":\"\u201eTo b\u0119dzie parada gwiazd!\u201d. Zaczyna si\u0119 Giro d\u2019Italia - \u0160koda We Love Cycling - Poland\",\"isPartOf\":{\"@id\":\"https:\/\/www.welovecycling.com\/pl\/#website\"},\"primaryImageOfPage\":{\"@id\":\"https:\/\/www.welovecycling.com\/pl\/2021\/05\/07\/to-bedzie-parada-gwiazd-zaczyna-sie-giro-ditalia\/#primaryimage\"},\"image\":{\"@id\":\"https:\/\/www.welovecycling.com\/pl\/2021\/05\/07\/to-bedzie-parada-gwiazd-zaczyna-sie-giro-ditalia\/#primaryimage\"},\"thumbnailUrl\":\"https:\/\/d2p6e6u75xmxt8.cloudfront.net\/5\/2021\/05\/Geraint-Thomas-profimedia-0609026480-CVR-1024x450-1.jpg\",\"datePublished\":\"2021-05-07T14:02:20+00:00\",\"dateModified\":\"2021-05-07T14:02:51+00:00\",\"author\":{\"@id\":\"https:\/\/www.welovecycling.com\/pl\/#\/schema\/person\/4a79bac7bd265aa6a35a1079d36648be\"},\"description\":\"Na t\u0119 rywalizacj\u0119 kibice czekali wiele zwariowanych miesi\u0119cy. 21 etap\u00f3w, 3 450 kilometr\u00f3w i emocje trudne do zmierzenia. W sobot\u0119 zaczyna si\u0119 Giro d\u2019Italia, pierwszy z trzech wy\u015bcig\u00f3w z cyklu Grand Tour.\",\"breadcrumb\":{\"@id\":\"https:\/\/www.welovecycling.com\/pl\/2021\/05\/07\/to-bedzie-parada-gwiazd-zaczyna-sie-giro-ditalia\/#breadcrumb\"},\"inLanguage\":\"pl-PL\",\"potentialAction\":[{\"@type\":\"ReadAction\",\"target\":[\"https:\/\/www.welovecycling.com\/pl\/2021\/05\/07\/to-bedzie-parada-gwiazd-zaczyna-sie-giro-ditalia\/\"]}]},{\"@type\":\"ImageObject\",\"inLanguage\":\"pl-PL\",\"@id\":\"https:\/\/www.welovecycling.com\/pl\/2021\/05\/07\/to-bedzie-parada-gwiazd-zaczyna-sie-giro-ditalia\/#primaryimage\",\"url\":\"https:\/\/d2p6e6u75xmxt8.cloudfront.net\/5\/2021\/05\/Geraint-Thomas-profimedia-0609026480-CVR-1024x450-1.jpg\",\"contentUrl\":\"https:\/\/d2p6e6u75xmxt8.cloudfront.net\/5\/2021\/05\/Geraint-Thomas-profimedia-0609026480-CVR-1024x450-1.jpg\",\"width\":1024,\"height\":450},{\"@type\":\"BreadcrumbList\",\"@id\":\"https:\/\/www.welovecycling.com\/pl\/2021\/05\/07\/to-bedzie-parada-gwiazd-zaczyna-sie-giro-ditalia\/#breadcrumb\",\"itemListElement\":[{\"@type\":\"ListItem\",\"position\":1,\"name\":\"Home\",\"item\":\"https:\/\/www.welovecycling.com\/pl\/\"},{\"@type\":\"ListItem\",\"position\":2,\"name\":\"\u201eTo b\u0119dzie parada gwiazd!\u201d. Zaczyna si\u0119 Giro d\u2019Italia\"}]},{\"@type\":\"WebSite\",\"@id\":\"https:\/\/www.welovecycling.com\/pl\/#website\",\"url\":\"https:\/\/www.welovecycling.com\/pl\/\",\"name\":\"\u0160koda We Love Cycling - Poland\",\"description\":\"\",\"potentialAction\":[{\"@type\":\"SearchAction\",\"target\":{\"@type\":\"EntryPoint\",\"urlTemplate\":\"https:\/\/www.welovecycling.com\/pl\/?s={search_term_string}\"},\"query-input\":{\"@type\":\"PropertyValueSpecification\",\"valueRequired\":true,\"valueName\":\"search_term_string\"}}],\"inLanguage\":\"pl-PL\"},{\"@type\":\"Person\",\"@id\":\"https:\/\/www.welovecycling.com\/pl\/#\/schema\/person\/4a79bac7bd265aa6a35a1079d36648be\",\"name\":\"oktawiamikulska\",\"image\":{\"@type\":\"ImageObject\",\"inLanguage\":\"pl-PL\",\"@id\":\"https:\/\/www.welovecycling.com\/pl\/#\/schema\/person\/image\/\",\"url\":\"https:\/\/secure.gravatar.com\/avatar\/b97a3f44e2de6d2f8dd358975937e49823662e12cbd810b9d1a2bff1c149e8a7?s=96&d=mm&r=g\",\"contentUrl\":\"https:\/\/secure.gravatar.com\/avatar\/b97a3f44e2de6d2f8dd358975937e49823662e12cbd810b9d1a2bff1c149e8a7?s=96&d=mm&r=g\",\"caption\":\"oktawiamikulska\"},\"url\":\"https:\/\/www.welovecycling.com\/pl\/author\/oktawiamikulska\/\"}]}<\/script>\n<!-- \/ Yoast SEO Premium plugin. -->","yoast_head_json":{"title":"\u201eTo b\u0119dzie parada gwiazd!\u201d. Zaczyna si\u0119 Giro d\u2019Italia - \u0160koda We Love Cycling - Poland","description":"Na t\u0119 rywalizacj\u0119 kibice czekali wiele zwariowanych miesi\u0119cy. 21 etap\u00f3w, 3 450 kilometr\u00f3w i emocje trudne do zmierzenia. W sobot\u0119 zaczyna si\u0119 Giro d\u2019Italia, pierwszy z trzech wy\u015bcig\u00f3w z cyklu Grand Tour.","robots":{"index":"index","follow":"follow","max-snippet":"max-snippet:-1","max-image-preview":"max-image-preview:large","max-video-preview":"max-video-preview:-1"},"canonical":"https:\/\/www.welovecycling.com\/pl\/2021\/05\/07\/to-bedzie-parada-gwiazd-zaczyna-sie-giro-ditalia\/","og_locale":"pl_PL","og_type":"article","og_title":"\u201eTo b\u0119dzie parada gwiazd!\u201d. Zaczyna si\u0119 Giro d\u2019Italia","og_description":"Na t\u0119 rywalizacj\u0119 kibice czekali wiele zwariowanych miesi\u0119cy. 21 etap\u00f3w, 3 450 kilometr\u00f3w i emocje trudne do zmierzenia. W sobot\u0119 zaczyna si\u0119 Giro d\u2019Italia, pierwszy z trzech wy\u015bcig\u00f3w z cyklu Grand Tour.","og_url":"https:\/\/www.welovecycling.com\/pl\/2021\/05\/07\/to-bedzie-parada-gwiazd-zaczyna-sie-giro-ditalia\/","og_site_name":"\u0160koda We Love Cycling - Poland","article_published_time":"2021-05-07T14:02:20+00:00","article_modified_time":"2021-05-07T14:02:51+00:00","og_image":[{"width":1024,"height":450,"url":"https:\/\/d2p6e6u75xmxt8.cloudfront.net\/5\/2021\/05\/Geraint-Thomas-profimedia-0609026480-CVR-1024x450-1.jpg","type":"image\/jpeg"}],"author":"oktawiamikulska","twitter_card":"summary_large_image","twitter_misc":{"Written by":"oktawiamikulska","Est. reading time":"3 minutes"},"schema":{"@context":"https:\/\/schema.org","@graph":[{"@type":"WebPage","@id":"https:\/\/www.welovecycling.com\/pl\/2021\/05\/07\/to-bedzie-parada-gwiazd-zaczyna-sie-giro-ditalia\/","url":"https:\/\/www.welovecycling.com\/pl\/2021\/05\/07\/to-bedzie-parada-gwiazd-zaczyna-sie-giro-ditalia\/","name":"\u201eTo b\u0119dzie parada gwiazd!\u201d. Zaczyna si\u0119 Giro d\u2019Italia - \u0160koda We Love Cycling - Poland","isPartOf":{"@id":"https:\/\/www.welovecycling.com\/pl\/#website"},"primaryImageOfPage":{"@id":"https:\/\/www.welovecycling.com\/pl\/2021\/05\/07\/to-bedzie-parada-gwiazd-zaczyna-sie-giro-ditalia\/#primaryimage"},"image":{"@id":"https:\/\/www.welovecycling.com\/pl\/2021\/05\/07\/to-bedzie-parada-gwiazd-zaczyna-sie-giro-ditalia\/#primaryimage"},"thumbnailUrl":"https:\/\/d2p6e6u75xmxt8.cloudfront.net\/5\/2021\/05\/Geraint-Thomas-profimedia-0609026480-CVR-1024x450-1.jpg","datePublished":"2021-05-07T14:02:20+00:00","dateModified":"2021-05-07T14:02:51+00:00","author":{"@id":"https:\/\/www.welovecycling.com\/pl\/#\/schema\/person\/4a79bac7bd265aa6a35a1079d36648be"},"description":"Na t\u0119 rywalizacj\u0119 kibice czekali wiele zwariowanych miesi\u0119cy. 21 etap\u00f3w, 3 450 kilometr\u00f3w i emocje trudne do zmierzenia. W sobot\u0119 zaczyna si\u0119 Giro d\u2019Italia, pierwszy z trzech wy\u015bcig\u00f3w z cyklu Grand Tour.","breadcrumb":{"@id":"https:\/\/www.welovecycling.com\/pl\/2021\/05\/07\/to-bedzie-parada-gwiazd-zaczyna-sie-giro-ditalia\/#breadcrumb"},"inLanguage":"pl-PL","potentialAction":[{"@type":"ReadAction","target":["https:\/\/www.welovecycling.com\/pl\/2021\/05\/07\/to-bedzie-parada-gwiazd-zaczyna-sie-giro-ditalia\/"]}]},{"@type":"ImageObject","inLanguage":"pl-PL","@id":"https:\/\/www.welovecycling.com\/pl\/2021\/05\/07\/to-bedzie-parada-gwiazd-zaczyna-sie-giro-ditalia\/#primaryimage","url":"https:\/\/d2p6e6u75xmxt8.cloudfront.net\/5\/2021\/05\/Geraint-Thomas-profimedia-0609026480-CVR-1024x450-1.jpg","contentUrl":"https:\/\/d2p6e6u75xmxt8.cloudfront.net\/5\/2021\/05\/Geraint-Thomas-profimedia-0609026480-CVR-1024x450-1.jpg","width":1024,"height":450},{"@type":"BreadcrumbList","@id":"https:\/\/www.welovecycling.com\/pl\/2021\/05\/07\/to-bedzie-parada-gwiazd-zaczyna-sie-giro-ditalia\/#breadcrumb","itemListElement":[{"@type":"ListItem","position":1,"name":"Home","item":"https:\/\/www.welovecycling.com\/pl\/"},{"@type":"ListItem","position":2,"name":"\u201eTo b\u0119dzie parada gwiazd!\u201d. Zaczyna si\u0119 Giro d\u2019Italia"}]},{"@type":"WebSite","@id":"https:\/\/www.welovecycling.com\/pl\/#website","url":"https:\/\/www.welovecycling.com\/pl\/","name":"\u0160koda We Love Cycling - Poland","description":"","potentialAction":[{"@type":"SearchAction","target":{"@type":"EntryPoint","urlTemplate":"https:\/\/www.welovecycling.com\/pl\/?s={search_term_string}"},"query-input":{"@type":"PropertyValueSpecification","valueRequired":true,"valueName":"search_term_string"}}],"inLanguage":"pl-PL"},{"@type":"Person","@id":"https:\/\/www.welovecycling.com\/pl\/#\/schema\/person\/4a79bac7bd265aa6a35a1079d36648be","name":"oktawiamikulska","image":{"@type":"ImageObject","inLanguage":"pl-PL","@id":"https:\/\/www.welovecycling.com\/pl\/#\/schema\/person\/image\/","url":"https:\/\/secure.gravatar.com\/avatar\/b97a3f44e2de6d2f8dd358975937e49823662e12cbd810b9d1a2bff1c149e8a7?s=96&d=mm&r=g","contentUrl":"https:\/\/secure.gravatar.com\/avatar\/b97a3f44e2de6d2f8dd358975937e49823662e12cbd810b9d1a2bff1c149e8a7?s=96&d=mm&r=g","caption":"oktawiamikulska"},"url":"https:\/\/www.welovecycling.com\/pl\/author\/oktawiamikulska\/"}]}},"_links":{"self":[{"href":"https:\/\/www.welovecycling.com\/pl\/wp-json\/wp\/v2\/posts\/11747","targetHints":{"allow":["GET"]}}],"collection":[{"href":"https:\/\/www.welovecycling.com\/pl\/wp-json\/wp\/v2\/posts"}],"about":[{"href":"https:\/\/www.welovecycling.com\/pl\/wp-json\/wp\/v2\/types\/post"}],"author":[{"embeddable":true,"href":"https:\/\/www.welovecycling.com\/pl\/wp-json\/wp\/v2\/users\/125"}],"replies":[{"embeddable":true,"href":"https:\/\/www.welovecycling.com\/pl\/wp-json\/wp\/v2\/comments?post=11747"}],"version-history":[{"count":2,"href":"https:\/\/www.welovecycling.com\/pl\/wp-json\/wp\/v2\/posts\/11747\/revisions"}],"predecessor-version":[{"id":11756,"href":"https:\/\/www.welovecycling.com\/pl\/wp-json\/wp\/v2\/posts\/11747\/revisions\/11756"}],"wp:featuredmedia":[{"embeddable":true,"href":"https:\/\/www.welovecycling.com\/pl\/wp-json\/wp\/v2\/media\/11754"}],"wp:attachment":[{"href":"https:\/\/www.welovecycling.com\/pl\/wp-json\/wp\/v2\/media?parent=11747"}],"wp:term":[{"taxonomy":"category","embeddable":true,"href":"https:\/\/www.welovecycling.com\/pl\/wp-json\/wp\/v2\/categories?post=11747"},{"taxonomy":"post_tag","embeddable":true,"href":"https:\/\/www.welovecycling.com\/pl\/wp-json\/wp\/v2\/tags?post=11747"},{"taxonomy":"global-categories","embeddable":true,"href":"https:\/\/www.welovecycling.com\/pl\/wp-json\/wp\/v2\/global-categories?post=11747"}],"curies":[{"name":"wp","href":"https:\/\/api.w.org\/{rel}","templated":true}]}}