{"id":11724,"date":"2021-04-26T14:20:29","date_gmt":"2021-04-26T14:20:29","guid":{"rendered":"https:\/\/www.welovecycling.com\/pl\/?p=11724"},"modified":"2021-04-26T14:20:29","modified_gmt":"2021-04-26T14:20:29","slug":"mlodzian-nie-odpuszcza-trwa-piekny-sen-slowenskiego-kolarza","status":"publish","type":"post","link":"https:\/\/www.welovecycling.com\/pl\/2021\/04\/26\/mlodzian-nie-odpuszcza-trwa-piekny-sen-slowenskiego-kolarza\/","title":{"rendered":"M\u0142odzian nie odpuszcza! Trwa pi\u0119kny sen s\u0142owe\u0144skiego kolarza"},"content":{"rendered":"<p><strong>Tadej Pogacar (UAE Team Emirates) nie zwalnia tempa! Triumfator ostatniego Tour de France tym razem zdoby\u0142 najstarszy kolarski monument &#8211; Liege \u2013 Bastogne \u2013 Liege. \u2013 To niesamowite, spe\u0142ni\u0142em swoje marzenie \u2013 cieszy\u0142 si\u0119 S\u0142oweniec. Bardzo dobrze spisa\u0142a si\u0119 r\u00f3wnie\u017c Katarzyna Niewiadoma.<\/strong><\/p>\n<p>To jeden z najd\u0142u\u017cszych kolarskich sn\u00f3w w historii. Dla Pogacara zacz\u0105\u0142 si\u0119 dok\u0142adnie 20 wrze\u015bnia, czyli w dniu, gdy wygra\u0142 Tour de France. Wtedy wielu wr\u00f3\u017cy\u0142o mu jednak szybkie wybudzenie, tymczasem S\u0142oweniec ani my\u015bli o przerwaniu pi\u0119knej serii.<\/p>\n<div class=\"embed-controller-wrapper\">\n<blockquote class=\"twitter-tweet\" data-width=\"500\" data-dnt=\"true\">\n<p lang=\"und\" dir=\"ltr\">\ud83d\udc4a\ud83c\udffb or \ud83e\udd1d<a href=\"https:\/\/twitter.com\/TamauPogi?ref_src=twsrc%5Etfw\">@TamauPogi<\/a> x <a href=\"https:\/\/twitter.com\/TeamEmiratesUAE?ref_src=twsrc%5Etfw\">@TeamEmiratesUAE<\/a> <a href=\"https:\/\/twitter.com\/hashtag\/LBL?src=hash&amp;ref_src=twsrc%5Etfw\">#LBL<\/a> <a href=\"https:\/\/t.co\/W0F8B20NUG\">pic.twitter.com\/W0F8B20NUG<\/a><\/p>\n<p>&mdash; Li\u00e8ge-Bastogne-Li\u00e8ge (@LiegeBastogneL) <a href=\"https:\/\/twitter.com\/LiegeBastogneL\/status\/1386364384054763521?ref_src=twsrc%5Etfw\">April 25, 2021<\/a><\/p><\/blockquote>\n<p><script async data-src=\"https:\/\/platform.twitter.com\/widgets.js\" charset=\"utf-8\"><\/script><\/div>\n<p>Jeszcze rok temu Pogacar by\u0142 jednym z wielu. Oczywi\u015bcie, widziano w nim talent, ale historia kolarstwa zna setki przypadk\u00f3w, gdy zawodnik z wielkim talentem popada\u0142 w przeci\u0119tno\u015b\u0107. Dzi\u015b jednak wiadomo, \u017ce z Pogacarem b\u0119dzie inaczej.<\/p>\n<p>23-letni zawodnik w poprzednim roku rzutem na ta\u015bm\u0119 pokona\u0142 Primo\u017ca Roglicia i w pi\u0119knym stylu wygra\u0142 Wielk\u0105 P\u0119tl\u0119. Na pocz\u0105tku tego roku do\u0142o\u017cy\u0142 wygran\u0105 w UAE Tour, pierwszym wieloetapowym wy\u015bcigu z serii UCI World Tour, a tak\u017ce w Tirreno &#8211; Adriatico. Wygrana w klasyku Liege \u2013 Bastogne \u2013 Liege to w jego kolekcji jednak pierwszy monument.<\/p>\n<p>Pi\u0119\u0107 kilometr\u00f3w przed met\u0105 w walce o zwyci\u0119stwo liczy\u0142o si\u0119 pi\u0119ciu zawodnik\u00f3w, a Pogacar ca\u0142y czas czai\u0142 si\u0119 za plecami Juliana Alaphilippe\u2019a (Deceuninck-Quick Step). Gdyby w\u00f3wczas bukmacherzy zacz\u0119li przyjmowa\u0107 zak\u0142ady na wygran\u0105, to pewnie wy\u017cej sta\u0142yby akcje \u015bwietnie finiszuj\u0105cego Francuza. Okaza\u0142o si\u0119 jednak, \u017ce Pogacar wykrzesa\u0142 z siebie jeszcze nadludzkie si\u0142y i pierwszy wpad\u0142 na met\u0119.<\/p>\n<div class=\"embed-controller-wrapper\">\n<blockquote class=\"twitter-tweet\" data-width=\"500\" data-dnt=\"true\">\n<p lang=\"en\" dir=\"ltr\">\ud83c\udfc1 \ud83c\uddf8\ud83c\uddee<a href=\"https:\/\/twitter.com\/TamauPogi?ref_src=twsrc%5Etfw\">@TamauPogi<\/a> bat \ud83c\uddeb\ud83c\uddf7<a href=\"https:\/\/twitter.com\/alafpolak1?ref_src=twsrc%5Etfw\">@alafpolak1<\/a> au sprint pour l&#39;emporter ! \ud83d\udcaa <\/p>\n<p>\ud83c\udfc1 \ud83c\uddf8\ud83c\uddee<a href=\"https:\/\/twitter.com\/TamauPogi?ref_src=twsrc%5Etfw\">@TamauPogi<\/a> outsprints \ud83c\uddeb\ud83c\uddf7<a href=\"https:\/\/twitter.com\/alafpolak1?ref_src=twsrc%5Etfw\">@alafpolak1<\/a> to claim the win! \ud83d\udcaa <a href=\"https:\/\/twitter.com\/hashtag\/LBL?src=hash&amp;ref_src=twsrc%5Etfw\">#LBL<\/a> <a href=\"https:\/\/t.co\/bk2vdUdsAI\">pic.twitter.com\/bk2vdUdsAI<\/a><\/p>\n<p>&mdash; Li\u00e8ge-Bastogne-Li\u00e8ge (@LiegeBastogneL) <a href=\"https:\/\/twitter.com\/LiegeBastogneL\/status\/1386334377022480390?ref_src=twsrc%5Etfw\">April 25, 2021<\/a><\/p><\/blockquote>\n<p><script async data-src=\"https:\/\/platform.twitter.com\/widgets.js\" charset=\"utf-8\"><\/script><\/div>\n<p>\u2013 Nie wiem, co mam powiedzie\u0107&#8230;. Uwielbiam ten wy\u015bcig i zwyci\u0119stwo przed tak wspania\u0142ymi kolarzami jest dla mnie czym\u015b niesamowitym. Wiedzia\u0142em, \u017ce Alaphilippe zaatakuje wcze\u015bniej, dlatego pozostawa\u0142em na jego kole. To niesamowite. Spe\u0142ni\u0142em swoje kolarskie marzenie \u2013 cieszy\u0142 si\u0119 na mecie Pogacar.<\/p>\n<div class=\"embed-controller-wrapper\">\n<blockquote class=\"twitter-tweet\" data-width=\"500\" data-dnt=\"true\">\n<p lang=\"en\" dir=\"ltr\">\u2b50 A 5-star final in Li\u00e8ge! \ud83d\udcaa<a href=\"https:\/\/twitter.com\/LeTour?ref_src=twsrc%5Etfw\">@letour<\/a> 2020 winner \ud83c\uddf8\ud83c\uddee<a href=\"https:\/\/twitter.com\/TamauPogi?ref_src=twsrc%5Etfw\">@TamauPogi<\/a> beats the World Champion \ud83c\uddeb\ud83c\uddf7<a href=\"https:\/\/twitter.com\/alafpolak1?ref_src=twsrc%5Etfw\">@alafpolak1<\/a> in the sprint to claim his 1st monument win. \ud83c\udfc1<\/p>\n<p>\ud83c\udfac Highlights of the 107th edition of La Doyenne. <a href=\"https:\/\/twitter.com\/hashtag\/LBL?src=hash&amp;ref_src=twsrc%5Etfw\">#LBL<\/a> <a href=\"https:\/\/t.co\/MUk91IxMXU\">pic.twitter.com\/MUk91IxMXU<\/a><\/p>\n<p>&mdash; Li\u00e8ge-Bastogne-Li\u00e8ge (@LiegeBastogneL) <a href=\"https:\/\/twitter.com\/LiegeBastogneL\/status\/1386371929687289857?ref_src=twsrc%5Etfw\">April 25, 2021<\/a><\/p><\/blockquote>\n<p><script async data-src=\"https:\/\/platform.twitter.com\/widgets.js\" charset=\"utf-8\"><\/script><\/div>\n<p>Powody do zadowolenia mia\u0142a r\u00f3wnie\u017c Katarzyna Niewiadoma (Canyon Sram Racing), kt\u00f3ra znalaz\u0142a si\u0119 tu\u017c za podium w \u017ce\u0144skim odpowiedniku Liege \u2013 Bastogne &#8211; Liege. Wygra\u0142a Demi Vollering (SD Worx), druga by\u0142a Annemiek van Vleuten (Movistar Team), trzecia Elisa Longo Borghini (Trek-Segafredo), a czwarta w\u0142a\u015bnie Niewiadoma.<\/p>\n<div class=\"embed-controller-wrapper\">\n<blockquote class=\"twitter-tweet\" data-width=\"500\" data-dnt=\"true\">\n<p lang=\"pl\" dir=\"ltr\">Katarzyna Niewiadoma na 4. miejscu w Liege-Bastogne-Liege kobiet \ud83d\udc4f Trwa wy\u015bcig m\u0119\u017cczyzn z udzia\u0142em mi\u0119dzy innymi Micha\u0142a Kwiatkowskiego \ud83d\udc4c <a href=\"https:\/\/twitter.com\/hashtag\/LBLwomen?src=hash&amp;ref_src=twsrc%5Etfw\">#LBLwomen<\/a> \ud83d\udeb4\ud83d\udeb4\ud83d\udeb4 <a href=\"https:\/\/t.co\/zZebIkldPQ\">https:\/\/t.co\/zZebIkldPQ<\/a><\/p>\n<p>&mdash; Mateusz Sta\u0144czyk (@mati_stanczyk) <a href=\"https:\/\/twitter.com\/mati_stanczyk\/status\/1386287380206850048?ref_src=twsrc%5Etfw\">April 25, 2021<\/a><\/p><\/blockquote>\n<p><script async data-src=\"https:\/\/platform.twitter.com\/widgets.js\" charset=\"utf-8\"><\/script><\/div>\n<p>Wy\u015bcigiem Liege \u2013 Bastogne \u2013 Liege zawodnicy weszli w cz\u0119\u015b\u0107 sezonu, gdzie kr\u00f3lowa\u0107 b\u0119d\u0105 ju\u017c wy\u015bcigi wieloetapowe. Na rozgrzewk\u0119 kolarze pojad\u0105 w Tour de Romandie (27 kwietnia \u2013 2 maja), a p\u00f3\u017aniej zaczn\u0105 si\u0119 ju\u017c zawody z serii Grand Tour.<\/p>\n<p>W dniach 8-30 maja rozegrane zostanie Giro d\u2019Italia, 26 czerwca \u2013 18 lipca Tour de France, a 14 sierpnia \u2013 5 wrze\u015bnia Vuelta a Espana. Do tego po drodze zawodnicy pojad\u0105 jeszcze w Criterium du Dauphine, Tour de Suisse, Tour de Pologne i rozstrzygn\u0105 spraw\u0119 medali olimpijskich. B\u0119dzie si\u0119 dzia\u0142o!<\/p>\n<p><span data-sheets-value=\"{&quot;1&quot;:2,&quot;2&quot;:&quot;Artyku\u0142 powsta\u0142 we wsp\u00f3\u0142pracy ze skoda-auto.pl&quot;}\" data-sheets-userformat=\"{&quot;2&quot;:1,&quot;3&quot;:{&quot;1&quot;:0}}\" data-sheets-hyperlink=\"http:\/\/www.skoda-auto.pl\/\"><a class=\"in-cell-link\" href=\"http:\/\/www.skoda-auto.pl\/\" target=\"_blank\" rel=\"noopener noreferrer\">Artyku\u0142 powsta\u0142 we wsp\u00f3\u0142pracy ze skoda-auto.pl<\/a><\/span><\/p>\n<p>&nbsp;<\/p>\n<p><a href=\"https:\/\/www.skoda-auto.pl\/modele\/karoq\"><img loading=\"lazy\" decoding=\"async\" class=\"aligncenter wp-image-9609 size-full loading\" src=\"https:\/\/d2p6e6u75xmxt8.cloudfront.net\/5\/2019\/08\/baner_WLC_640x350_4.png\" sizes=\"auto, (max-width: 640px) 100vw, 640px\" srcset=\"https:\/\/d2p6e6u75xmxt8.cloudfront.net\/5\/2019\/08\/baner_WLC_640x350_4.png 640w, https:\/\/d2p6e6u75xmxt8.cloudfront.net\/5\/2019\/08\/baner_WLC_640x350_4-300x164.png 300w\" alt=\"\" width=\"640\" height=\"350\" data-was-processed=\"true\" \/><\/a><\/p>\n<p>&nbsp;<\/p>\n<p>&nbsp;<\/p>\n<p>&nbsp;<\/p>\n<p><a href=\"https:\/\/www.skoda-auto.pl\/modele\/superb\"><img loading=\"lazy\" decoding=\"async\" class=\"alignnone size-full wp-image-11628 aligncenter\" src=\"https:\/\/d2p6e6u75xmxt8.cloudfront.net\/5\/2021\/12\/640x350-2-1.jpg\" alt=\"\" width=\"640\" height=\"350\" srcset=\"https:\/\/d2p6e6u75xmxt8.cloudfront.net\/5\/2021\/12\/640x350-2-1.jpg 640w, https:\/\/d2p6e6u75xmxt8.cloudfront.net\/5\/2021\/12\/640x350-2-1-300x164.jpg 300w\" sizes=\"auto, (max-width: 640px) 100vw, 640px\" \/><\/a><\/p>\n<p>&nbsp;<\/p>\n<p>&nbsp;<\/p>\n","protected":false},"excerpt":{"rendered":"<p>Tadej Pogacar (UAE Team Emirates) nie zwalnia tempa! Triumfator ostatniego Tour de France tym razem zdoby\u0142 najstarszy kolarski monument &#8211; [&hellip;]<\/p>\n","protected":false},"author":125,"featured_media":11729,"comment_status":"open","ping_status":"open","sticky":false,"template":"","format":"standard","meta":{"footnotes":""},"categories":[6,295],"tags":[],"global-categories":[303],"class_list":["post-11724","post","type-post","status-publish","format-standard","has-post-thumbnail","hentry","category-kolarstwo-szosowe","category-zawody","global-categories-cycling"],"yoast_head":"<!-- This site is optimized with the Yoast SEO Premium plugin v25.3 (Yoast SEO v25.9) - https:\/\/yoast.com\/wordpress\/plugins\/seo\/ -->\n<title>M\u0142odzian nie odpuszcza! Trwa pi\u0119kny sen s\u0142owe\u0144skiego kolarza - \u0160koda We Love Cycling - Poland<\/title>\n<meta name=\"description\" content=\"Tadej Pogacar (UAE Team Emirates) nie zwalnia tempa! Triumfator ostatniego Tour de France tym razem zdoby\u0142 najstarszy kolarski monument - Liege \u2013 Bastogne \u2013 Liege. \u2013 To niesamowite, spe\u0142ni\u0142em swoje marzenie \u2013 cieszy\u0142 si\u0119 S\u0142oweniec. Bardzo dobrze spisa\u0142a si\u0119 r\u00f3wnie\u017c Katarzyna Niewiadoma.\" \/>\n<meta name=\"robots\" content=\"index, follow, max-snippet:-1, max-image-preview:large, max-video-preview:-1\" \/>\n<link rel=\"canonical\" href=\"https:\/\/www.welovecycling.com\/pl\/2021\/04\/26\/mlodzian-nie-odpuszcza-trwa-piekny-sen-slowenskiego-kolarza\/\" \/>\n<meta property=\"og:locale\" content=\"pl_PL\" \/>\n<meta property=\"og:type\" content=\"article\" \/>\n<meta property=\"og:title\" content=\"M\u0142odzian nie odpuszcza! Trwa pi\u0119kny sen s\u0142owe\u0144skiego kolarza\" \/>\n<meta property=\"og:description\" content=\"Tadej Pogacar (UAE Team Emirates) nie zwalnia tempa! Triumfator ostatniego Tour de France tym razem zdoby\u0142 najstarszy kolarski monument - Liege \u2013 Bastogne \u2013 Liege. \u2013 To niesamowite, spe\u0142ni\u0142em swoje marzenie \u2013 cieszy\u0142 si\u0119 S\u0142oweniec. Bardzo dobrze spisa\u0142a si\u0119 r\u00f3wnie\u017c Katarzyna Niewiadoma.\" \/>\n<meta property=\"og:url\" content=\"https:\/\/www.welovecycling.com\/pl\/2021\/04\/26\/mlodzian-nie-odpuszcza-trwa-piekny-sen-slowenskiego-kolarza\/\" \/>\n<meta property=\"og:site_name\" content=\"\u0160koda We Love Cycling - Poland\" \/>\n<meta property=\"article:published_time\" content=\"2021-04-26T14:20:29+00:00\" \/>\n<meta property=\"og:image\" content=\"https:\/\/d2p6e6u75xmxt8.cloudfront.net\/5\/2021\/04\/Tadej-Pogacar-profimedia-0607830038-CVR-1024x450-1.jpg\" \/>\n\t<meta property=\"og:image:width\" content=\"1024\" \/>\n\t<meta property=\"og:image:height\" content=\"450\" \/>\n\t<meta property=\"og:image:type\" content=\"image\/jpeg\" \/>\n<meta name=\"author\" content=\"oktawiamikulska\" \/>\n<meta name=\"twitter:card\" content=\"summary_large_image\" \/>\n<meta name=\"twitter:label1\" content=\"Written by\" \/>\n\t<meta name=\"twitter:data1\" content=\"Piotr Jawor\" \/>\n\t<meta name=\"twitter:label2\" content=\"Est. reading time\" \/>\n\t<meta name=\"twitter:data2\" content=\"2 minutes\" \/>\n<script type=\"application\/ld+json\" class=\"yoast-schema-graph\">{\"@context\":\"https:\/\/schema.org\",\"@graph\":[{\"@type\":\"WebPage\",\"@id\":\"https:\/\/www.welovecycling.com\/pl\/2021\/04\/26\/mlodzian-nie-odpuszcza-trwa-piekny-sen-slowenskiego-kolarza\/\",\"url\":\"https:\/\/www.welovecycling.com\/pl\/2021\/04\/26\/mlodzian-nie-odpuszcza-trwa-piekny-sen-slowenskiego-kolarza\/\",\"name\":\"M\u0142odzian nie odpuszcza! Trwa pi\u0119kny sen s\u0142owe\u0144skiego kolarza - \u0160koda We Love Cycling - Poland\",\"isPartOf\":{\"@id\":\"https:\/\/www.welovecycling.com\/pl\/#website\"},\"primaryImageOfPage\":{\"@id\":\"https:\/\/www.welovecycling.com\/pl\/2021\/04\/26\/mlodzian-nie-odpuszcza-trwa-piekny-sen-slowenskiego-kolarza\/#primaryimage\"},\"image\":{\"@id\":\"https:\/\/www.welovecycling.com\/pl\/2021\/04\/26\/mlodzian-nie-odpuszcza-trwa-piekny-sen-slowenskiego-kolarza\/#primaryimage\"},\"thumbnailUrl\":\"https:\/\/d2p6e6u75xmxt8.cloudfront.net\/5\/2021\/04\/Tadej-Pogacar-profimedia-0607830038-CVR-1024x450-1.jpg\",\"datePublished\":\"2021-04-26T14:20:29+00:00\",\"author\":{\"@id\":\"https:\/\/www.welovecycling.com\/pl\/#\/schema\/person\/4a79bac7bd265aa6a35a1079d36648be\"},\"description\":\"Tadej Pogacar (UAE Team Emirates) nie zwalnia tempa! Triumfator ostatniego Tour de France tym razem zdoby\u0142 najstarszy kolarski monument - Liege \u2013 Bastogne \u2013 Liege. \u2013 To niesamowite, spe\u0142ni\u0142em swoje marzenie \u2013 cieszy\u0142 si\u0119 S\u0142oweniec. Bardzo dobrze spisa\u0142a si\u0119 r\u00f3wnie\u017c Katarzyna Niewiadoma.\",\"breadcrumb\":{\"@id\":\"https:\/\/www.welovecycling.com\/pl\/2021\/04\/26\/mlodzian-nie-odpuszcza-trwa-piekny-sen-slowenskiego-kolarza\/#breadcrumb\"},\"inLanguage\":\"pl-PL\",\"potentialAction\":[{\"@type\":\"ReadAction\",\"target\":[\"https:\/\/www.welovecycling.com\/pl\/2021\/04\/26\/mlodzian-nie-odpuszcza-trwa-piekny-sen-slowenskiego-kolarza\/\"]}]},{\"@type\":\"ImageObject\",\"inLanguage\":\"pl-PL\",\"@id\":\"https:\/\/www.welovecycling.com\/pl\/2021\/04\/26\/mlodzian-nie-odpuszcza-trwa-piekny-sen-slowenskiego-kolarza\/#primaryimage\",\"url\":\"https:\/\/d2p6e6u75xmxt8.cloudfront.net\/5\/2021\/04\/Tadej-Pogacar-profimedia-0607830038-CVR-1024x450-1.jpg\",\"contentUrl\":\"https:\/\/d2p6e6u75xmxt8.cloudfront.net\/5\/2021\/04\/Tadej-Pogacar-profimedia-0607830038-CVR-1024x450-1.jpg\",\"width\":1024,\"height\":450},{\"@type\":\"BreadcrumbList\",\"@id\":\"https:\/\/www.welovecycling.com\/pl\/2021\/04\/26\/mlodzian-nie-odpuszcza-trwa-piekny-sen-slowenskiego-kolarza\/#breadcrumb\",\"itemListElement\":[{\"@type\":\"ListItem\",\"position\":1,\"name\":\"Home\",\"item\":\"https:\/\/www.welovecycling.com\/pl\/\"},{\"@type\":\"ListItem\",\"position\":2,\"name\":\"M\u0142odzian nie odpuszcza! Trwa pi\u0119kny sen s\u0142owe\u0144skiego kolarza\"}]},{\"@type\":\"WebSite\",\"@id\":\"https:\/\/www.welovecycling.com\/pl\/#website\",\"url\":\"https:\/\/www.welovecycling.com\/pl\/\",\"name\":\"\u0160koda We Love Cycling - Poland\",\"description\":\"\",\"potentialAction\":[{\"@type\":\"SearchAction\",\"target\":{\"@type\":\"EntryPoint\",\"urlTemplate\":\"https:\/\/www.welovecycling.com\/pl\/?s={search_term_string}\"},\"query-input\":{\"@type\":\"PropertyValueSpecification\",\"valueRequired\":true,\"valueName\":\"search_term_string\"}}],\"inLanguage\":\"pl-PL\"},{\"@type\":\"Person\",\"@id\":\"https:\/\/www.welovecycling.com\/pl\/#\/schema\/person\/4a79bac7bd265aa6a35a1079d36648be\",\"name\":\"oktawiamikulska\",\"image\":{\"@type\":\"ImageObject\",\"inLanguage\":\"pl-PL\",\"@id\":\"https:\/\/www.welovecycling.com\/pl\/#\/schema\/person\/image\/\",\"url\":\"https:\/\/secure.gravatar.com\/avatar\/b97a3f44e2de6d2f8dd358975937e49823662e12cbd810b9d1a2bff1c149e8a7?s=96&d=mm&r=g\",\"contentUrl\":\"https:\/\/secure.gravatar.com\/avatar\/b97a3f44e2de6d2f8dd358975937e49823662e12cbd810b9d1a2bff1c149e8a7?s=96&d=mm&r=g\",\"caption\":\"oktawiamikulska\"},\"url\":\"https:\/\/www.welovecycling.com\/pl\/author\/oktawiamikulska\/\"}]}<\/script>\n<!-- \/ Yoast SEO Premium plugin. -->","yoast_head_json":{"title":"M\u0142odzian nie odpuszcza! Trwa pi\u0119kny sen s\u0142owe\u0144skiego kolarza - \u0160koda We Love Cycling - Poland","description":"Tadej Pogacar (UAE Team Emirates) nie zwalnia tempa! Triumfator ostatniego Tour de France tym razem zdoby\u0142 najstarszy kolarski monument - Liege \u2013 Bastogne \u2013 Liege. \u2013 To niesamowite, spe\u0142ni\u0142em swoje marzenie \u2013 cieszy\u0142 si\u0119 S\u0142oweniec. Bardzo dobrze spisa\u0142a si\u0119 r\u00f3wnie\u017c Katarzyna Niewiadoma.","robots":{"index":"index","follow":"follow","max-snippet":"max-snippet:-1","max-image-preview":"max-image-preview:large","max-video-preview":"max-video-preview:-1"},"canonical":"https:\/\/www.welovecycling.com\/pl\/2021\/04\/26\/mlodzian-nie-odpuszcza-trwa-piekny-sen-slowenskiego-kolarza\/","og_locale":"pl_PL","og_type":"article","og_title":"M\u0142odzian nie odpuszcza! Trwa pi\u0119kny sen s\u0142owe\u0144skiego kolarza","og_description":"Tadej Pogacar (UAE Team Emirates) nie zwalnia tempa! Triumfator ostatniego Tour de France tym razem zdoby\u0142 najstarszy kolarski monument - Liege \u2013 Bastogne \u2013 Liege. \u2013 To niesamowite, spe\u0142ni\u0142em swoje marzenie \u2013 cieszy\u0142 si\u0119 S\u0142oweniec. Bardzo dobrze spisa\u0142a si\u0119 r\u00f3wnie\u017c Katarzyna Niewiadoma.","og_url":"https:\/\/www.welovecycling.com\/pl\/2021\/04\/26\/mlodzian-nie-odpuszcza-trwa-piekny-sen-slowenskiego-kolarza\/","og_site_name":"\u0160koda We Love Cycling - Poland","article_published_time":"2021-04-26T14:20:29+00:00","og_image":[{"width":1024,"height":450,"url":"https:\/\/d2p6e6u75xmxt8.cloudfront.net\/5\/2021\/04\/Tadej-Pogacar-profimedia-0607830038-CVR-1024x450-1.jpg","type":"image\/jpeg"}],"author":"oktawiamikulska","twitter_card":"summary_large_image","twitter_misc":{"Written by":"Piotr Jawor","Est. reading time":"2 minutes"},"schema":{"@context":"https:\/\/schema.org","@graph":[{"@type":"WebPage","@id":"https:\/\/www.welovecycling.com\/pl\/2021\/04\/26\/mlodzian-nie-odpuszcza-trwa-piekny-sen-slowenskiego-kolarza\/","url":"https:\/\/www.welovecycling.com\/pl\/2021\/04\/26\/mlodzian-nie-odpuszcza-trwa-piekny-sen-slowenskiego-kolarza\/","name":"M\u0142odzian nie odpuszcza! Trwa pi\u0119kny sen s\u0142owe\u0144skiego kolarza - \u0160koda We Love Cycling - Poland","isPartOf":{"@id":"https:\/\/www.welovecycling.com\/pl\/#website"},"primaryImageOfPage":{"@id":"https:\/\/www.welovecycling.com\/pl\/2021\/04\/26\/mlodzian-nie-odpuszcza-trwa-piekny-sen-slowenskiego-kolarza\/#primaryimage"},"image":{"@id":"https:\/\/www.welovecycling.com\/pl\/2021\/04\/26\/mlodzian-nie-odpuszcza-trwa-piekny-sen-slowenskiego-kolarza\/#primaryimage"},"thumbnailUrl":"https:\/\/d2p6e6u75xmxt8.cloudfront.net\/5\/2021\/04\/Tadej-Pogacar-profimedia-0607830038-CVR-1024x450-1.jpg","datePublished":"2021-04-26T14:20:29+00:00","author":{"@id":"https:\/\/www.welovecycling.com\/pl\/#\/schema\/person\/4a79bac7bd265aa6a35a1079d36648be"},"description":"Tadej Pogacar (UAE Team Emirates) nie zwalnia tempa! Triumfator ostatniego Tour de France tym razem zdoby\u0142 najstarszy kolarski monument - Liege \u2013 Bastogne \u2013 Liege. \u2013 To niesamowite, spe\u0142ni\u0142em swoje marzenie \u2013 cieszy\u0142 si\u0119 S\u0142oweniec. Bardzo dobrze spisa\u0142a si\u0119 r\u00f3wnie\u017c Katarzyna Niewiadoma.","breadcrumb":{"@id":"https:\/\/www.welovecycling.com\/pl\/2021\/04\/26\/mlodzian-nie-odpuszcza-trwa-piekny-sen-slowenskiego-kolarza\/#breadcrumb"},"inLanguage":"pl-PL","potentialAction":[{"@type":"ReadAction","target":["https:\/\/www.welovecycling.com\/pl\/2021\/04\/26\/mlodzian-nie-odpuszcza-trwa-piekny-sen-slowenskiego-kolarza\/"]}]},{"@type":"ImageObject","inLanguage":"pl-PL","@id":"https:\/\/www.welovecycling.com\/pl\/2021\/04\/26\/mlodzian-nie-odpuszcza-trwa-piekny-sen-slowenskiego-kolarza\/#primaryimage","url":"https:\/\/d2p6e6u75xmxt8.cloudfront.net\/5\/2021\/04\/Tadej-Pogacar-profimedia-0607830038-CVR-1024x450-1.jpg","contentUrl":"https:\/\/d2p6e6u75xmxt8.cloudfront.net\/5\/2021\/04\/Tadej-Pogacar-profimedia-0607830038-CVR-1024x450-1.jpg","width":1024,"height":450},{"@type":"BreadcrumbList","@id":"https:\/\/www.welovecycling.com\/pl\/2021\/04\/26\/mlodzian-nie-odpuszcza-trwa-piekny-sen-slowenskiego-kolarza\/#breadcrumb","itemListElement":[{"@type":"ListItem","position":1,"name":"Home","item":"https:\/\/www.welovecycling.com\/pl\/"},{"@type":"ListItem","position":2,"name":"M\u0142odzian nie odpuszcza! Trwa pi\u0119kny sen s\u0142owe\u0144skiego kolarza"}]},{"@type":"WebSite","@id":"https:\/\/www.welovecycling.com\/pl\/#website","url":"https:\/\/www.welovecycling.com\/pl\/","name":"\u0160koda We Love Cycling - Poland","description":"","potentialAction":[{"@type":"SearchAction","target":{"@type":"EntryPoint","urlTemplate":"https:\/\/www.welovecycling.com\/pl\/?s={search_term_string}"},"query-input":{"@type":"PropertyValueSpecification","valueRequired":true,"valueName":"search_term_string"}}],"inLanguage":"pl-PL"},{"@type":"Person","@id":"https:\/\/www.welovecycling.com\/pl\/#\/schema\/person\/4a79bac7bd265aa6a35a1079d36648be","name":"oktawiamikulska","image":{"@type":"ImageObject","inLanguage":"pl-PL","@id":"https:\/\/www.welovecycling.com\/pl\/#\/schema\/person\/image\/","url":"https:\/\/secure.gravatar.com\/avatar\/b97a3f44e2de6d2f8dd358975937e49823662e12cbd810b9d1a2bff1c149e8a7?s=96&d=mm&r=g","contentUrl":"https:\/\/secure.gravatar.com\/avatar\/b97a3f44e2de6d2f8dd358975937e49823662e12cbd810b9d1a2bff1c149e8a7?s=96&d=mm&r=g","caption":"oktawiamikulska"},"url":"https:\/\/www.welovecycling.com\/pl\/author\/oktawiamikulska\/"}]}},"_links":{"self":[{"href":"https:\/\/www.welovecycling.com\/pl\/wp-json\/wp\/v2\/posts\/11724","targetHints":{"allow":["GET"]}}],"collection":[{"href":"https:\/\/www.welovecycling.com\/pl\/wp-json\/wp\/v2\/posts"}],"about":[{"href":"https:\/\/www.welovecycling.com\/pl\/wp-json\/wp\/v2\/types\/post"}],"author":[{"embeddable":true,"href":"https:\/\/www.welovecycling.com\/pl\/wp-json\/wp\/v2\/users\/125"}],"replies":[{"embeddable":true,"href":"https:\/\/www.welovecycling.com\/pl\/wp-json\/wp\/v2\/comments?post=11724"}],"version-history":[{"count":1,"href":"https:\/\/www.welovecycling.com\/pl\/wp-json\/wp\/v2\/posts\/11724\/revisions"}],"predecessor-version":[{"id":11730,"href":"https:\/\/www.welovecycling.com\/pl\/wp-json\/wp\/v2\/posts\/11724\/revisions\/11730"}],"wp:featuredmedia":[{"embeddable":true,"href":"https:\/\/www.welovecycling.com\/pl\/wp-json\/wp\/v2\/media\/11729"}],"wp:attachment":[{"href":"https:\/\/www.welovecycling.com\/pl\/wp-json\/wp\/v2\/media?parent=11724"}],"wp:term":[{"taxonomy":"category","embeddable":true,"href":"https:\/\/www.welovecycling.com\/pl\/wp-json\/wp\/v2\/categories?post=11724"},{"taxonomy":"post_tag","embeddable":true,"href":"https:\/\/www.welovecycling.com\/pl\/wp-json\/wp\/v2\/tags?post=11724"},{"taxonomy":"global-categories","embeddable":true,"href":"https:\/\/www.welovecycling.com\/pl\/wp-json\/wp\/v2\/global-categories?post=11724"}],"curies":[{"name":"wp","href":"https:\/\/api.w.org\/{rel}","templated":true}]}}