{"id":1172,"date":"2016-06-08T15:38:40","date_gmt":"2016-06-08T15:38:40","guid":{"rendered":"http:\/\/skoda-rowery.pl\/?p=1172"},"modified":"2016-12-05T08:52:35","modified_gmt":"2016-12-05T08:52:35","slug":"great-divide-to-dopiero-wyzwanie","status":"publish","type":"post","link":"https:\/\/www.welovecycling.com\/pl\/2016\/06\/08\/great-divide-to-dopiero-wyzwanie\/","title":{"rendered":"Great Divide \u2013 to dopiero wyzwanie!"},"content":{"rendered":"<p style=\"text-align: justify\">Nudzi Ci\u0119 kolarska rutyna? Spr\u00f3buj czego\u015b nowego! Co powiesz na tras\u0119 mierz\u0105c\u0105 4\u00a0339 km na rowerze z Kanady do granicy ameryka\u0144sko \u2013 meksyka\u0144skiej albo ponad 7\u00a0000 km z Wschodniego do Zachodniego Wybrze\u017ca Stan\u00f3w Zjednoczonych? W tym sezonie ju\u017c za p\u00f3\u017ano, \u017ceby zg\u0142osi\u0107 si\u0119 na Great Divide lub Am Bike Race, ale mo\u017ce za rok?<!--more--><\/p>\n<p style=\"text-align: justify\">\n<p style=\"text-align: justify\">Najwi\u0119kszy wy\u015bcig MTB na \u015bwiecie zaczyna si\u0119 ju\u017c 11 czerwca i nazywa si\u0119 Great Divide. Trasa wy\u015bcigu mierzy 4\u00a0339 km od Banff w Kanadzie do Antelope Wells w Nowym Meksyku. Wyprawa jest niezale\u017cnym przedsi\u0119wzi\u0119ciem, nie wspieranym przez sponsor\u00f3w. Za udzia\u0142 w Great Divide nie trzeba te\u017c nic p\u0142aci\u0107. Tylko najlepsi s\u0105 w stanie sprosta\u0107 trasie wy\u015bcigu.<\/p>\n<p style=\"text-align: justify\">Nazwa wy\u015bcigu wzi\u0119\u0142a si\u0119 od geograficznego okre\u015blenia Great Divide, b\u0119d\u0105cego naturaln\u0105 powierzchni\u0105 oddzielaj\u0105c\u0105 wody wpadaj\u0105ce do Oceanu Atlantyckiego od w\u00f3d, kt\u00f3re wpadaj\u0105 do Pacyfiku. Wzd\u0142u\u017c Great Divide przebiega szlak rowerowy, kt\u00f3ry jest najbardziej znanym szlakiem przeznaczonym dla rower\u00f3w g\u00f3rskich w ca\u0142ych Stanach Zjednoczonych, jak nie na ca\u0142ym \u015bwiecie.<\/p>\n<p style=\"text-align: justify\"><img loading=\"lazy\" decoding=\"async\" class=\"alignnone size-full wp-image-1173\" src=\"http:\/\/skoda-rowery.pl\/wp-content\/uploads\/2016\/06\/Great_Divide_Mountain_Bike_Route1.gif\" alt=\"Great_Divide_Mountain_Bike_Route1\" width=\"610\" height=\"393\" \/><\/p>\n<p style=\"text-align: justify\">Szlak zosta\u0142 zosta\u0142 oficjalnie oddany do u\u017cytku przez Adventure Cycling Association w 1998 roku \u2013 znan\u0105 organizacj\u0119 z Ameryki P\u00f3\u0142nocnej. \u015acie\u017cka wiedzie przez zapomniane drogi, kt\u00f3rymi cz\u0119sto przejecha\u0107 mog\u0105 jedynie Jeepy. \u0141\u0105czna suma wzniesie\u0144 do pokonania na tej trasie to a\u017c 40\u00a0000 metr\u00f3w, czyli 5 razy tyle, co Mount Everest.<\/p>\n<p style=\"text-align: justify\">\u015amia\u0142kowie, kt\u00f3rzy chc\u0105 wypr\u00f3bowa\u0107 szlak musz\u0105 by\u0107 nie tylko w doskona\u0142ej kondycji i gotowi na ponad 16 dni sp\u0119dzonych na siode\u0142ku roweru, ale r\u00f3wnie\u017c dobrze odnajdowa\u0107 si\u0119 w terenie. \u015acie\u017cki Great Divide nie zawsze s\u0105 dobrze oznaczone i cz\u0119sto nie figuruj\u0105 na mapie GPS. Mniej wi\u0119cej co 100 mil na szlaku pojawia si\u0119 mo\u017cliwo\u015b\u0107 skorzystania z serwisu i uzupe\u0142nienia zapas\u00f3w jedzenia i wody. Ka\u017cdego wieczoru na kolarzy jad\u0105cych szlakiem czeka wyzwanie \u2013 musz\u0105 poszuka\u0107 bezpiecznego miejsca do rozbicia namiotu. Zwa\u017cywszy na zmienne warunki pogodowe w g\u00f3rach trzeba by\u0107 wyposa\u017conym w bardzo przemy\u015blany ekwipunek. Ka\u017cdy, kto wyrusza na szlak ma sw\u00f3j cel \u2013 dla niekt\u00f3rych jest to 80 mil dziennie, dla niekt\u00f3rych 160, a czasem nawet wi\u0119cej!<\/p>\n<p style=\"text-align: justify\"><a href=\"https:\/\/www.instagram.com\/p\/BCBGdrzIJBw\/\"><img loading=\"lazy\" decoding=\"async\" class=\"alignnone wp-image-1174 size-full\" src=\"http:\/\/skoda-rowery.pl\/wp-content\/uploads\/2016\/06\/insta_bike.png\" alt=\"insta_bike\" width=\"870\" height=\"666\" srcset=\"https:\/\/d2p6e6u75xmxt8.cloudfront.net\/5\/2016\/06\/insta_bike.png 870w, https:\/\/d2p6e6u75xmxt8.cloudfront.net\/5\/2016\/06\/insta_bike-300x230.png 300w, https:\/\/d2p6e6u75xmxt8.cloudfront.net\/5\/2016\/06\/insta_bike-768x588.png 768w\" sizes=\"auto, (max-width: 870px) 100vw, 870px\" \/><\/a><\/p>\n<p style=\"text-align: justify\">\n<p style=\"text-align: justify\">Trans Am to wy\u015bcig, kt\u00f3rego odby\u0142y si\u0119 jak dot\u0105d 3 edycje, a jego dystans do ponad 7000 km wzd\u0142u\u017c Stan\u00f3w Zjednoczonych. Ca\u0142a frajda polega na tym, \u017ce jego uczestnicy nie s\u0105 w \u017caden spos\u00f3b wspierani podczas jazdy \u2013 nie je\u017adzi za nimi eskorta samochodowa i musz\u0105 liczy\u0107 tylko na siebie. Wy\u015bcig trwa 16 i p\u00f3\u0142 dnia.<\/p>\n<p style=\"text-align: justify\"><strong>Great Divide w liczbach:<\/strong><\/p>\n<p style=\"text-align: justify\">Dystans: 4\u00a0339 km<\/p>\n<p style=\"text-align: justify\">Dni: 15+<\/p>\n<p style=\"text-align: justify\">Drogi nieasflaltowe: 90%<\/p>\n<p style=\"text-align: justify\">Single-tracki: 5%<\/p>\n<p style=\"text-align: justify\">Poziom trudno\u015bci: 7<\/p>\n<p style=\"text-align: justify\">Suma nachyle\u0144: 45\u00a0618 m<\/p>\n<p style=\"text-align: justify\">Najwy\u017cszy punkt: 3\u00a0631 m<\/p>\n<p style=\"text-align: justify\">\n<p style=\"text-align: justify\">Great Divide: <a href=\"http:\/\/tourdivide.org\">http:\/\/tourdivide.org<\/a><\/p>\n<p style=\"text-align: justify\">Trans Am: <a href=\"http:\/\/transambikerace.com\">http:\/\/transambikerace.com<\/a><\/p>\n<p style=\"text-align: justify\">\n<p style=\"text-align: justify\">\n","protected":false},"excerpt":{"rendered":"<p>Nudzi Ci\u0119 kolarska rutyna? Spr\u00f3buj czego\u015b nowego! Co powiesz na tras\u0119 mierz\u0105c\u0105 4\u00a0339 km na rowerze z Kanady do granicy [&hellip;]<\/p>\n","protected":false},"author":1,"featured_media":1175,"comment_status":"open","ping_status":"closed","sticky":false,"template":"","format":"standard","meta":{"footnotes":""},"categories":[3],"tags":[],"global-categories":[],"class_list":["post-1172","post","type-post","status-publish","format-standard","has-post-thumbnail","hentry","category-adrenalina"],"yoast_head":"<!-- This site is optimized with the Yoast SEO Premium plugin v25.3 (Yoast SEO v25.9) - https:\/\/yoast.com\/wordpress\/plugins\/seo\/ -->\n<title>Great Divide \u2013 to dopiero wyzwanie! - \u0160koda We Love Cycling - Poland<\/title>\n<meta name=\"robots\" content=\"index, follow, max-snippet:-1, max-image-preview:large, max-video-preview:-1\" \/>\n<link rel=\"canonical\" href=\"https:\/\/www.welovecycling.com\/pl\/2016\/06\/08\/great-divide-to-dopiero-wyzwanie\/\" \/>\n<meta property=\"og:locale\" content=\"pl_PL\" \/>\n<meta property=\"og:type\" content=\"article\" \/>\n<meta property=\"og:title\" content=\"Great Divide \u2013 to dopiero wyzwanie!\" \/>\n<meta property=\"og:description\" content=\"Nudzi Ci\u0119 kolarska rutyna? Spr\u00f3buj czego\u015b nowego! Co powiesz na tras\u0119 mierz\u0105c\u0105 4\u00a0339 km na rowerze z Kanady do granicy [&hellip;]\" \/>\n<meta property=\"og:url\" content=\"https:\/\/www.welovecycling.com\/pl\/2016\/06\/08\/great-divide-to-dopiero-wyzwanie\/\" \/>\n<meta property=\"og:site_name\" content=\"\u0160koda We Love Cycling - Poland\" \/>\n<meta property=\"article:published_time\" content=\"2016-06-08T15:38:40+00:00\" \/>\n<meta property=\"article:modified_time\" content=\"2016-12-05T08:52:35+00:00\" \/>\n<meta property=\"og:image\" content=\"https:\/\/d2p6e6u75xmxt8.cloudfront.net\/5\/2016\/06\/4854874_484848.jpg\" \/>\n\t<meta property=\"og:image:width\" content=\"1375\" \/>\n\t<meta property=\"og:image:height\" content=\"600\" \/>\n\t<meta property=\"og:image:type\" content=\"image\/jpeg\" \/>\n<meta name=\"author\" content=\"WeLoveCycling\" \/>\n<meta name=\"twitter:card\" content=\"summary_large_image\" \/>\n<meta name=\"twitter:label1\" content=\"Written by\" \/>\n\t<meta name=\"twitter:data1\" content=\"WeLoveCycling\" \/>\n\t<meta name=\"twitter:label2\" content=\"Est. reading time\" \/>\n\t<meta name=\"twitter:data2\" content=\"2 minutes\" \/>\n<script type=\"application\/ld+json\" class=\"yoast-schema-graph\">{\"@context\":\"https:\/\/schema.org\",\"@graph\":[{\"@type\":\"WebPage\",\"@id\":\"https:\/\/www.welovecycling.com\/pl\/2016\/06\/08\/great-divide-to-dopiero-wyzwanie\/\",\"url\":\"https:\/\/www.welovecycling.com\/pl\/2016\/06\/08\/great-divide-to-dopiero-wyzwanie\/\",\"name\":\"Great Divide \u2013 to dopiero wyzwanie! - \u0160koda We Love Cycling - Poland\",\"isPartOf\":{\"@id\":\"https:\/\/www.welovecycling.com\/pl\/#website\"},\"primaryImageOfPage\":{\"@id\":\"https:\/\/www.welovecycling.com\/pl\/2016\/06\/08\/great-divide-to-dopiero-wyzwanie\/#primaryimage\"},\"image\":{\"@id\":\"https:\/\/www.welovecycling.com\/pl\/2016\/06\/08\/great-divide-to-dopiero-wyzwanie\/#primaryimage\"},\"thumbnailUrl\":\"https:\/\/d2p6e6u75xmxt8.cloudfront.net\/5\/2016\/06\/4854874_484848.jpg\",\"datePublished\":\"2016-06-08T15:38:40+00:00\",\"dateModified\":\"2016-12-05T08:52:35+00:00\",\"author\":{\"@id\":\"https:\/\/www.welovecycling.com\/pl\/#\/schema\/person\/e5187c9cac8dd619ebc7b41bd73c2fd9\"},\"breadcrumb\":{\"@id\":\"https:\/\/www.welovecycling.com\/pl\/2016\/06\/08\/great-divide-to-dopiero-wyzwanie\/#breadcrumb\"},\"inLanguage\":\"pl-PL\",\"potentialAction\":[{\"@type\":\"ReadAction\",\"target\":[\"https:\/\/www.welovecycling.com\/pl\/2016\/06\/08\/great-divide-to-dopiero-wyzwanie\/\"]}]},{\"@type\":\"ImageObject\",\"inLanguage\":\"pl-PL\",\"@id\":\"https:\/\/www.welovecycling.com\/pl\/2016\/06\/08\/great-divide-to-dopiero-wyzwanie\/#primaryimage\",\"url\":\"https:\/\/d2p6e6u75xmxt8.cloudfront.net\/5\/2016\/06\/4854874_484848.jpg\",\"contentUrl\":\"https:\/\/d2p6e6u75xmxt8.cloudfront.net\/5\/2016\/06\/4854874_484848.jpg\",\"width\":1375,\"height\":600},{\"@type\":\"BreadcrumbList\",\"@id\":\"https:\/\/www.welovecycling.com\/pl\/2016\/06\/08\/great-divide-to-dopiero-wyzwanie\/#breadcrumb\",\"itemListElement\":[{\"@type\":\"ListItem\",\"position\":1,\"name\":\"Home\",\"item\":\"https:\/\/www.welovecycling.com\/pl\/\"},{\"@type\":\"ListItem\",\"position\":2,\"name\":\"Great Divide \u2013 to dopiero wyzwanie!\"}]},{\"@type\":\"WebSite\",\"@id\":\"https:\/\/www.welovecycling.com\/pl\/#website\",\"url\":\"https:\/\/www.welovecycling.com\/pl\/\",\"name\":\"\u0160koda We Love Cycling - Poland\",\"description\":\"\",\"potentialAction\":[{\"@type\":\"SearchAction\",\"target\":{\"@type\":\"EntryPoint\",\"urlTemplate\":\"https:\/\/www.welovecycling.com\/pl\/?s={search_term_string}\"},\"query-input\":{\"@type\":\"PropertyValueSpecification\",\"valueRequired\":true,\"valueName\":\"search_term_string\"}}],\"inLanguage\":\"pl-PL\"},{\"@type\":\"Person\",\"@id\":\"https:\/\/www.welovecycling.com\/pl\/#\/schema\/person\/e5187c9cac8dd619ebc7b41bd73c2fd9\",\"name\":\"WeLoveCycling\",\"image\":{\"@type\":\"ImageObject\",\"inLanguage\":\"pl-PL\",\"@id\":\"https:\/\/www.welovecycling.com\/pl\/#\/schema\/person\/image\/\",\"url\":\"https:\/\/secure.gravatar.com\/avatar\/7e1ee0ecc5e294b19ef32b9f6086e0afbb9da00c3cb0d465ba4695331f4a9187?s=96&d=mm&r=g\",\"contentUrl\":\"https:\/\/secure.gravatar.com\/avatar\/7e1ee0ecc5e294b19ef32b9f6086e0afbb9da00c3cb0d465ba4695331f4a9187?s=96&d=mm&r=g\",\"caption\":\"WeLoveCycling\"},\"url\":\"https:\/\/www.welovecycling.com\/pl\/author\/lukascech\/\"}]}<\/script>\n<!-- \/ Yoast SEO Premium plugin. -->","yoast_head_json":{"title":"Great Divide \u2013 to dopiero wyzwanie! - \u0160koda We Love Cycling - Poland","robots":{"index":"index","follow":"follow","max-snippet":"max-snippet:-1","max-image-preview":"max-image-preview:large","max-video-preview":"max-video-preview:-1"},"canonical":"https:\/\/www.welovecycling.com\/pl\/2016\/06\/08\/great-divide-to-dopiero-wyzwanie\/","og_locale":"pl_PL","og_type":"article","og_title":"Great Divide \u2013 to dopiero wyzwanie!","og_description":"Nudzi Ci\u0119 kolarska rutyna? Spr\u00f3buj czego\u015b nowego! Co powiesz na tras\u0119 mierz\u0105c\u0105 4\u00a0339 km na rowerze z Kanady do granicy [&hellip;]","og_url":"https:\/\/www.welovecycling.com\/pl\/2016\/06\/08\/great-divide-to-dopiero-wyzwanie\/","og_site_name":"\u0160koda We Love Cycling - Poland","article_published_time":"2016-06-08T15:38:40+00:00","article_modified_time":"2016-12-05T08:52:35+00:00","og_image":[{"width":1375,"height":600,"url":"https:\/\/d2p6e6u75xmxt8.cloudfront.net\/5\/2016\/06\/4854874_484848.jpg","type":"image\/jpeg"}],"author":"WeLoveCycling","twitter_card":"summary_large_image","twitter_misc":{"Written by":"WeLoveCycling","Est. reading time":"2 minutes"},"schema":{"@context":"https:\/\/schema.org","@graph":[{"@type":"WebPage","@id":"https:\/\/www.welovecycling.com\/pl\/2016\/06\/08\/great-divide-to-dopiero-wyzwanie\/","url":"https:\/\/www.welovecycling.com\/pl\/2016\/06\/08\/great-divide-to-dopiero-wyzwanie\/","name":"Great Divide \u2013 to dopiero wyzwanie! - \u0160koda We Love Cycling - Poland","isPartOf":{"@id":"https:\/\/www.welovecycling.com\/pl\/#website"},"primaryImageOfPage":{"@id":"https:\/\/www.welovecycling.com\/pl\/2016\/06\/08\/great-divide-to-dopiero-wyzwanie\/#primaryimage"},"image":{"@id":"https:\/\/www.welovecycling.com\/pl\/2016\/06\/08\/great-divide-to-dopiero-wyzwanie\/#primaryimage"},"thumbnailUrl":"https:\/\/d2p6e6u75xmxt8.cloudfront.net\/5\/2016\/06\/4854874_484848.jpg","datePublished":"2016-06-08T15:38:40+00:00","dateModified":"2016-12-05T08:52:35+00:00","author":{"@id":"https:\/\/www.welovecycling.com\/pl\/#\/schema\/person\/e5187c9cac8dd619ebc7b41bd73c2fd9"},"breadcrumb":{"@id":"https:\/\/www.welovecycling.com\/pl\/2016\/06\/08\/great-divide-to-dopiero-wyzwanie\/#breadcrumb"},"inLanguage":"pl-PL","potentialAction":[{"@type":"ReadAction","target":["https:\/\/www.welovecycling.com\/pl\/2016\/06\/08\/great-divide-to-dopiero-wyzwanie\/"]}]},{"@type":"ImageObject","inLanguage":"pl-PL","@id":"https:\/\/www.welovecycling.com\/pl\/2016\/06\/08\/great-divide-to-dopiero-wyzwanie\/#primaryimage","url":"https:\/\/d2p6e6u75xmxt8.cloudfront.net\/5\/2016\/06\/4854874_484848.jpg","contentUrl":"https:\/\/d2p6e6u75xmxt8.cloudfront.net\/5\/2016\/06\/4854874_484848.jpg","width":1375,"height":600},{"@type":"BreadcrumbList","@id":"https:\/\/www.welovecycling.com\/pl\/2016\/06\/08\/great-divide-to-dopiero-wyzwanie\/#breadcrumb","itemListElement":[{"@type":"ListItem","position":1,"name":"Home","item":"https:\/\/www.welovecycling.com\/pl\/"},{"@type":"ListItem","position":2,"name":"Great Divide \u2013 to dopiero wyzwanie!"}]},{"@type":"WebSite","@id":"https:\/\/www.welovecycling.com\/pl\/#website","url":"https:\/\/www.welovecycling.com\/pl\/","name":"\u0160koda We Love Cycling - Poland","description":"","potentialAction":[{"@type":"SearchAction","target":{"@type":"EntryPoint","urlTemplate":"https:\/\/www.welovecycling.com\/pl\/?s={search_term_string}"},"query-input":{"@type":"PropertyValueSpecification","valueRequired":true,"valueName":"search_term_string"}}],"inLanguage":"pl-PL"},{"@type":"Person","@id":"https:\/\/www.welovecycling.com\/pl\/#\/schema\/person\/e5187c9cac8dd619ebc7b41bd73c2fd9","name":"WeLoveCycling","image":{"@type":"ImageObject","inLanguage":"pl-PL","@id":"https:\/\/www.welovecycling.com\/pl\/#\/schema\/person\/image\/","url":"https:\/\/secure.gravatar.com\/avatar\/7e1ee0ecc5e294b19ef32b9f6086e0afbb9da00c3cb0d465ba4695331f4a9187?s=96&d=mm&r=g","contentUrl":"https:\/\/secure.gravatar.com\/avatar\/7e1ee0ecc5e294b19ef32b9f6086e0afbb9da00c3cb0d465ba4695331f4a9187?s=96&d=mm&r=g","caption":"WeLoveCycling"},"url":"https:\/\/www.welovecycling.com\/pl\/author\/lukascech\/"}]}},"_links":{"self":[{"href":"https:\/\/www.welovecycling.com\/pl\/wp-json\/wp\/v2\/posts\/1172","targetHints":{"allow":["GET"]}}],"collection":[{"href":"https:\/\/www.welovecycling.com\/pl\/wp-json\/wp\/v2\/posts"}],"about":[{"href":"https:\/\/www.welovecycling.com\/pl\/wp-json\/wp\/v2\/types\/post"}],"author":[{"embeddable":true,"href":"https:\/\/www.welovecycling.com\/pl\/wp-json\/wp\/v2\/users\/1"}],"replies":[{"embeddable":true,"href":"https:\/\/www.welovecycling.com\/pl\/wp-json\/wp\/v2\/comments?post=1172"}],"version-history":[{"count":1,"href":"https:\/\/www.welovecycling.com\/pl\/wp-json\/wp\/v2\/posts\/1172\/revisions"}],"predecessor-version":[{"id":2453,"href":"https:\/\/www.welovecycling.com\/pl\/wp-json\/wp\/v2\/posts\/1172\/revisions\/2453"}],"wp:featuredmedia":[{"embeddable":true,"href":"https:\/\/www.welovecycling.com\/pl\/wp-json\/wp\/v2\/media\/1175"}],"wp:attachment":[{"href":"https:\/\/www.welovecycling.com\/pl\/wp-json\/wp\/v2\/media?parent=1172"}],"wp:term":[{"taxonomy":"category","embeddable":true,"href":"https:\/\/www.welovecycling.com\/pl\/wp-json\/wp\/v2\/categories?post=1172"},{"taxonomy":"post_tag","embeddable":true,"href":"https:\/\/www.welovecycling.com\/pl\/wp-json\/wp\/v2\/tags?post=1172"},{"taxonomy":"global-categories","embeddable":true,"href":"https:\/\/www.welovecycling.com\/pl\/wp-json\/wp\/v2\/global-categories?post=1172"}],"curies":[{"name":"wp","href":"https:\/\/api.w.org\/{rel}","templated":true}]}}