{"id":11702,"date":"2021-04-19T15:28:03","date_gmt":"2021-04-19T15:28:03","guid":{"rendered":"https:\/\/www.welovecycling.com\/pl\/?p=11702"},"modified":"2021-04-19T15:28:03","modified_gmt":"2021-04-19T15:28:03","slug":"najlepsza-odziez-dla-bikepackerow","status":"publish","type":"post","link":"https:\/\/www.welovecycling.com\/pl\/2021\/04\/19\/najlepsza-odziez-dla-bikepackerow\/","title":{"rendered":"Najlepsza odzie\u017c dla bikepacker\u00f3w"},"content":{"rendered":"<p><strong>Generalnie kolarstwo idzie w parze z natur\u0105, bo chodzi o to, aby poczu\u0107 wiatr we w\u0142osach podczas jazdy w\u015br\u00f3d zmieniaj\u0105cych si\u0119 krajobraz\u00f3w. My\u015bl\u0119, \u017ce bikepacking to takie ostateczne po\u0142\u0105czenie z przyrod\u0105. Podczas gdy pierwsza my\u015bl rowerzysty szosowego dotyczy ostrych zakr\u0119t\u00f3w i stromych podjazd\u00f3w, a g\u00f3rskiego \u2013 technicznych odcink\u00f3w, pierwszym celem bikepackera jest zjednoczenie si\u0119 z natur\u0105 i zatopienie si\u0119 w niej na wiele godzin lub dni. Uwa\u017cam, \u017ce ma to pewien zwi\u0105zek z coraz bardziej okre\u015blonym sposobem ubierania si\u0119, kt\u00f3ry wyspecjalizowane firmy odzie\u017cowe zaczynaj\u0105 nazywa\u0107 \u201eubraniem na ka\u017cde warunki\u201d.<\/strong><\/p>\n<p>Zakocha\u0142em si\u0119 w tym i zaanga\u017cowa\u0142em w to jaki\u015b czas temu, chocia\u017c pocz\u0105tkowo nie wiedzia\u0142em, \u017ce pod\u0105\u017cam za trendem. Wydaje mi si\u0119, \u017ce zainspirowa\u0142y mnie te niesamowite zdj\u0119cia ameryka\u0144skich bikepacker\u00f3w jad\u0105cych po nieko\u0144cz\u0105cych si\u0119 szutrowych drogach i po prostu poczu\u0142em, \u017ce to co\u015b dla mnie.<\/p>\n<figure id=\"attachment_182487\" aria-describedby=\"caption-attachment-182487\" style=\"width: 1024px\" class=\"wp-caption alignnone\"><img loading=\"lazy\" decoding=\"async\" class=\"initial loaded wp-image-182487 size-large\" src=\"https:\/\/d2p6e6u75xmxt8.cloudfront.net\/2\/2021\/03\/Filippo-bikepacking-1024x575.jpg\" sizes=\"auto, (max-width: 1024px) 100vw, 1024px\" srcset=\"https:\/\/d2p6e6u75xmxt8.cloudfront.net\/2\/2021\/03\/Filippo-bikepacking-1024x575.jpg 1024w, https:\/\/d2p6e6u75xmxt8.cloudfront.net\/2\/2021\/03\/Filippo-bikepacking-300x169.jpg 300w, https:\/\/d2p6e6u75xmxt8.cloudfront.net\/2\/2021\/03\/Filippo-bikepacking-768x432.jpg 768w, https:\/\/d2p6e6u75xmxt8.cloudfront.net\/2\/2021\/03\/Filippo-bikepacking.jpg 1210w\" alt=\"Bikepacking\" width=\"1024\" height=\"575\" data-was-processed=\"true\" \/><figcaption id=\"caption-attachment-182487\" class=\"wp-caption-text\">Jednym z cel\u00f3w bikepacker\u00f3w jest zjednoczenie si\u0119 z natur\u0105.<\/figcaption><\/figure>\n<p>Mam na my\u015bli spos\u00f3b ubierania si\u0119, kt\u00f3ry wygl\u0105da casualowo, lecz w rzeczywisto\u015bci wszystko w nim jest bardzo funkcjonalne. Zaawansowane technologicznie materia\u0142y \u0142\u0105czone s\u0105 z bardziej standardowymi, co nadaje ubraniom lu\u017any wygl\u0105d, ale jednocze\u015bnie sprawdzaj\u0105 si\u0119 one w trudnych warunkach. Na metkach mo\u017cna znale\u017a\u0107 r\u00f3\u017cne, wygl\u0105daj\u0105ce nieco magicznie kombinacje, np. 77% poliestru, 16% we\u0142ny i 7% elastanu. R\u00f3wnie\u017c kolory i materia\u0142y dobierane s\u0105 z my\u015bl\u0105 o naturze. Rzadko, zw\u0142aszcza w Stanach, w kt\u00f3rych rozpocz\u0105\u0142 si\u0119 ten trend, zobaczysz bikepacker\u00f3w ubranych w kolory fluo, kt\u00f3re wyr\u00f3\u017cnia\u0142yby si\u0119 w\u015br\u00f3d drzew i ska\u0142. Zazwyczaj nosz\u0105 oni naturalne barwy, kt\u00f3re nawi\u0105zuj\u0105 do otaczaj\u0105cego \u015brodowiska.<\/p>\n<p>I wreszcie bikepackerzy generalnie d\u0105\u017c\u0105 do r\u00f3wnowagi i \u2013 czy s\u0105 tego \u015bwiadomi, czy nie \u2013 stanowi\u0105 cz\u0119\u015b\u0107 ruchu o nazwie slow fashion, kt\u00f3ry opowiada si\u0119 za produkcj\u0105 odzie\u017cy z poszanowaniem ludzi, \u015brodowiska i zwierz\u0105t. Z tego te\u017c powodu odzie\u017c rowerowa wydaje si\u0119 wygl\u0105da\u0107 bardziej swobodnie ni\u017c klasyczna. Slow fashion to \u015bwiadomy spos\u00f3b robienia zakup\u00f3w, kt\u00f3ry stara si\u0119 zmniejszy\u0107 nadwy\u017cki produkcyjne. Propaguje posiadanie odzie\u017cy, kt\u00f3r\u0105 mo\u017cna wykorzysta\u0107 do r\u00f3\u017cnych cel\u00f3w, zamiast kupowania wielu ubra\u0144 na ka\u017cd\u0105 okazj\u0119. W biurze nosz\u0119 te same T-shirty i koszule, kt\u00f3rych u\u017cywam podczas bikepackingu.<\/p>\n<p>Przyjrzyjmy si\u0119 teraz szczeg\u00f3\u0142owo najbardziej kultowym ubraniom do bikepackingu.<\/p>\n<h2><strong>Puchowa kurtka z pierza<\/strong><\/h2>\n<p>Patagonia zawsze by\u0142a mark\u0105 wyj\u0105tkowo zr\u00f3wnowa\u017con\u0105 i dlatego bardzo popularn\u0105 w\u015br\u00f3d bikepacker\u00f3w. Przyjrza\u0142em si\u0119 ich ofercie, gdy po raz pierwszy potrzebowa\u0142em ubra\u0107 si\u0119 bardziej casualowo podczas jazdy. W\u015br\u00f3d wielu fajnych produkt\u00f3w jednym z najbardziej kultowych jest kurtka <a href=\"https:\/\/www.patagonia.com\/product\/mens-nano-puff-jacket\/84212.html?dwvar_84212_color=ADAB&amp;cgid=mens-new-jackets-vests\"><u>Nano Puff<\/u>.<\/a> Kiedy jecha\u0142em po Stanach, by\u0142em zszokowany, widz\u0105c, \u017ce prawie ka\u017cdy bikepacker mia\u0142 tak\u0105 w swojej torbie. Jest ona \u0142atwa do spakowania, lekka, ciep\u0142a, wiatroodporna, wodoodporna, wykonana w 100% z poliestru pochodz\u0105cego z recyklingu i produkowana przy zmniejszonej emisji CO<sub>2<\/sub>. I sprawia, \u017ce \u200b\u200bwygl\u0105dasz fajnie, r\u00f3wnie\u017c gdy zak\u0142adasz j\u0105 do pracy. Czego chcie\u0107 wi\u0119cej?<\/p>\n<figure id=\"attachment_182483\" aria-describedby=\"caption-attachment-182483\" style=\"width: 1000px\" class=\"wp-caption alignnone\"><img loading=\"lazy\" decoding=\"async\" class=\"loading wp-image-182483 size-full\" src=\"https:\/\/d2p6e6u75xmxt8.cloudfront.net\/2\/2021\/03\/Patagonia-Nano-Puff.jpg\" sizes=\"auto, (max-width: 1000px) 100vw, 1000px\" srcset=\"https:\/\/d2p6e6u75xmxt8.cloudfront.net\/2\/2021\/03\/Patagonia-Nano-Puff.jpg 1000w, https:\/\/d2p6e6u75xmxt8.cloudfront.net\/2\/2021\/03\/Patagonia-Nano-Puff-300x200.jpg 300w, https:\/\/d2p6e6u75xmxt8.cloudfront.net\/2\/2021\/03\/Patagonia-Nano-Puff-768x512.jpg 768w, https:\/\/d2p6e6u75xmxt8.cloudfront.net\/2\/2021\/03\/Patagonia-Nano-Puff-272x182.jpg 272w\" alt=\"Patagonia Nano Puff\" width=\"1000\" height=\"667\" data-was-processed=\"true\" \/><figcaption id=\"caption-attachment-182483\" class=\"wp-caption-text\">Nano Puff Jacket by Patagonia.<\/figcaption><\/figure>\n<h2><strong>Koszula zapinana na guziki<\/strong><\/h2>\n<p>Jestem wielkim fanem koszul flanelowych, wi\u0119c by\u0142em szcz\u0119\u015bliwy, gdy dowiedzia\u0142em si\u0119, \u017ce s\u0105 te\u017c takie specjalnie stworzone do kolarstwa. Kiedy\u015b przenios\u0142em si\u0119 nawet nad jezioro Garda, do jednej z najbardziej znanych europejskich lokalizacji, aby codziennie je\u017adzi\u0107 na \u015bwiatowej klasy szlakach. By\u0142em wi\u0119c bardzo zadowolony, gdy odkry\u0142em, \u017ce firma z tej okolicy produkuje jedn\u0105 z najlepszych koszulek bikepackingowych na \u015bwiecie. Marka nazywa si\u0119 Cascada, a jej koszula Land Wool to arcydzie\u0142o, zar\u00f3wno pod wzgl\u0119dem praktycznym, jak i estetycznym. Wygl\u0105da jak zwyk\u0142a koszula, wi\u0119c mo\u017cna j\u0105 nosi\u0107 prawie wsz\u0119dzie, ale jest wykonana z oddychaj\u0105cej mieszanki we\u0142ny i poliestru, dzi\u0119ki czemu zapewnia termoregulacj\u0119, kontrol\u0119 zapachu i izolacj\u0119 nawet po zamoczeniu. Niesamowite s\u0105 r\u00f3wnie\u017c detale, takie jak zapi\u0119cie na zatrzaski z przodu, ma\u0142y otw\u00f3r na jednej z przednich kieszeni, w kt\u00f3rym mog\u0119 umie\u015bci\u0107 okulary przeciws\u0142oneczne, oraz elastyczne mankiety.<\/p>\n<figure id=\"attachment_182484\" aria-describedby=\"caption-attachment-182484\" style=\"width: 1000px\" class=\"wp-caption alignnone\"><img loading=\"lazy\" decoding=\"async\" class=\"loading wp-image-182484 size-full\" src=\"https:\/\/d2p6e6u75xmxt8.cloudfront.net\/2\/2021\/03\/Land-wool-button-down-shirt.jpg\" sizes=\"auto, (max-width: 1000px) 100vw, 1000px\" srcset=\"https:\/\/d2p6e6u75xmxt8.cloudfront.net\/2\/2021\/03\/Land-wool-button-down-shirt.jpg 1000w, https:\/\/d2p6e6u75xmxt8.cloudfront.net\/2\/2021\/03\/Land-wool-button-down-shirt-300x200.jpg 300w, https:\/\/d2p6e6u75xmxt8.cloudfront.net\/2\/2021\/03\/Land-wool-button-down-shirt-768x512.jpg 768w, https:\/\/d2p6e6u75xmxt8.cloudfront.net\/2\/2021\/03\/Land-wool-button-down-shirt-272x182.jpg 272w\" alt=\"Button-down shirt\" width=\"1000\" height=\"667\" data-was-processed=\"true\" \/><figcaption id=\"caption-attachment-182484\" class=\"wp-caption-text\">We\u0142niana koszula Land firmy Cascada.<\/figcaption><\/figure>\n<h2><strong>Lu\u017ana koszulka<\/strong><\/h2>\n<p>Funkcjonalne T-shirty to nowe koszulki rowerowe, je\u015bli chodzi o bikepacker\u00f3w. Maj\u0105 mi\u0119kki i lu\u017any kr\u00f3j oraz s\u0105 wykonane z materia\u0142\u00f3w, kt\u00f3re szybko schn\u0105, co czyni je bardzo wszechstronnymi. Przetestowa\u0142em ich wiele, a obecnie moim ulubionym T-shirtem jest <a href=\"https:\/\/pedaled.com\/row_en\/kyoto-gravel-collection\/\"><u>Kyoto Gravel<\/u><\/a> marki PEdALED. Jest bardzo przyjemny w noszeniu i ma stylowy wygl\u0105d.<\/p>\n<figure id=\"attachment_182485\" aria-describedby=\"caption-attachment-182485\" style=\"width: 1024px\" class=\"wp-caption alignnone\"><img loading=\"lazy\" decoding=\"async\" class=\"loaded wp-image-182485 size-large\" src=\"https:\/\/d2p6e6u75xmxt8.cloudfront.net\/2\/2021\/03\/kyoto-jersey-pedaled-1024x699.jpg\" sizes=\"auto, (max-width: 1024px) 100vw, 1024px\" srcset=\"https:\/\/d2p6e6u75xmxt8.cloudfront.net\/2\/2021\/03\/kyoto-jersey-pedaled-1024x699.jpg 1024w, https:\/\/d2p6e6u75xmxt8.cloudfront.net\/2\/2021\/03\/kyoto-jersey-pedaled-300x205.jpg 300w, https:\/\/d2p6e6u75xmxt8.cloudfront.net\/2\/2021\/03\/kyoto-jersey-pedaled-768x524.jpg 768w, https:\/\/d2p6e6u75xmxt8.cloudfront.net\/2\/2021\/03\/kyoto-jersey-pedaled.jpg 1146w\" alt=\"Kyoto jersey\" width=\"1024\" height=\"699\" data-was-processed=\"true\" \/><figcaption id=\"caption-attachment-182485\" class=\"wp-caption-text\">T-shirt Kyoto Gravel marki PEdALED.<\/figcaption><\/figure>\n<h2><strong>Czapka kierowcy ci\u0119\u017car\u00f3wki<\/strong><\/h2>\n<p>Czapki typu trucker s\u0105 cz\u0119\u015bci\u0105 ameryka\u0144skiej kultury i przebi\u0142y si\u0119 nawet do odzie\u017cy bikepackingowej. Chocia\u017c czapka nigdy nie zast\u0105pi kasku, zawsze mam jedn\u0105 przymocowan\u0105 do sakw, wi\u0119c mog\u0119 \u0142atwo po ni\u0105 si\u0119gn\u0105\u0107. Podobnie jak tysi\u0105ce innych bikepacker\u00f3w lubi\u0119 nosi\u0107 czapk\u0119 poza rowerem. Na pewno ma to zwi\u0105zek ze stylem, ale czasami po wielu dniach sp\u0119dzonych w siode\u0142ku i nocach przy ognisku moja fryzura pozostawia wiele do \u017cyczenia, wi\u0119c czapka pomaga mi to ukry\u0107.<\/p>\n<p>Uwielbiam kombinacj\u0119 kolor\u00f3w Cascada <a href=\"https:\/\/cascada.cc\/en\/collections\/accessori\/products\/altitude-trucker-hat\"><u>Altitude Tracker<\/u><\/a>, ale mam te\u017c kilka<a href=\"https:\/\/www.patagonia.com\/shop\/mens-caps\"> <u>czapek Patagonii<\/u>.<\/a><\/p>\n<figure id=\"attachment_182486\" aria-describedby=\"caption-attachment-182486\" style=\"width: 1000px\" class=\"wp-caption alignnone\"><img loading=\"lazy\" decoding=\"async\" class=\"loading wp-image-182486 size-full\" src=\"https:\/\/d2p6e6u75xmxt8.cloudfront.net\/2\/2021\/03\/trucker-hat.jpg\" sizes=\"auto, (max-width: 1000px) 100vw, 1000px\" srcset=\"https:\/\/d2p6e6u75xmxt8.cloudfront.net\/2\/2021\/03\/trucker-hat.jpg 1000w, https:\/\/d2p6e6u75xmxt8.cloudfront.net\/2\/2021\/03\/trucker-hat-300x200.jpg 300w, https:\/\/d2p6e6u75xmxt8.cloudfront.net\/2\/2021\/03\/trucker-hat-768x512.jpg 768w, https:\/\/d2p6e6u75xmxt8.cloudfront.net\/2\/2021\/03\/trucker-hat-272x182.jpg 272w\" alt=\"Trucker hat\" width=\"1000\" height=\"667\" data-was-processed=\"true\" \/><figcaption id=\"caption-attachment-182486\" class=\"wp-caption-text\">Czapka Altitude Trucker marki Cascada<\/figcaption><\/figure>\n<h2><strong>Warstwy bazowe z merynos\u00f3w<\/strong><\/h2>\n<p>Oto kr\u00f3l bikepackingu \u2013 warstwa bazowa z we\u0142ny merynos\u00f3w. To niemal magiczny materia\u0142, kt\u00f3ry pomaga regulowa\u0107 temperatur\u0119 cia\u0142a w zimne dni, a jednocze\u015bnie daje ch\u0142\u00f3d i oddycha, gdy jest gor\u0105co. Tak wi\u0119c gdziekolwiek jad\u0119, mam ze sob\u0105 warstw\u0119 bazow\u0105. To najbardziej wszechstronne elementy odzie\u017cy bikepackingowej, jakie znam. Mog\u0119 r\u0119czy\u0107 za lini\u0119 merynos\u00f3w Endura o nazwie Baabaa, poniewa\u017c sam u\u017cywam ich<a href=\"https:\/\/www.endurasport.com\/Baabaa-Merino-We%26%23322%3Bniana-Bielizna\/p\/E3183-Black\"> <u>bielizny bazowej<\/u><\/a> i <a href=\"https:\/\/www.endurasport.com\/Bandana-Merino-Tech-Multitube\/p\/E0110-Black\"><u>ocieplaczy na szyj\u0119<\/u><\/a>. Mam te\u017c <a href=\"https:\/\/cascada.cc\/en\/collections\/uomo\/products\/merino-base-layer-short-sleeve-unisex\"><u>koszulk\u0119 z kr\u00f3tkim r\u0119kawem marki Cascada<\/u>.<\/a> Niekt\u00f3rzy lubi\u0105 je\u017adzi\u0107 w koszulce z merynos\u00f3w, ale ja wol\u0119 mie\u0107 merynosow\u0105 warstw\u0119 podstawow\u0105 pod funkcjonaln\u0105 koszulk\u0105, gdy\u017c mog\u0119 je wtedy \u0142\u0105czy\u0107 w zale\u017cno\u015bci od warunk\u00f3w pogodowych.<\/p>\n<p>Mam nadziej\u0119, \u017ce moje rekomendacje pomog\u0105 Ci skompletowa\u0107 odzie\u017c bikepackingow\u0105 w duchu slow fashion.<\/p>\n<p><span data-sheets-value=\"{&quot;1&quot;:2,&quot;2&quot;:&quot;Artyku\u0142 powsta\u0142 we wsp\u00f3\u0142pracy ze skoda-auto.pl&quot;}\" data-sheets-userformat=\"{&quot;2&quot;:1,&quot;3&quot;:{&quot;1&quot;:0}}\" data-sheets-hyperlink=\"http:\/\/www.skoda-auto.pl\/\"><a class=\"in-cell-link\" href=\"http:\/\/www.skoda-auto.pl\/\" target=\"_blank\" rel=\"noopener noreferrer\">Artyku\u0142 powsta\u0142 we wsp\u00f3\u0142pracy ze skoda-auto.pl<\/a><\/span><\/p>\n<p>&nbsp;<\/p>\n<p><a href=\"https:\/\/www.skoda-auto.pl\/modele\/nowa-octavia\"><img loading=\"lazy\" decoding=\"async\" class=\"alignnone size-full wp-image-11630 aligncenter\" src=\"https:\/\/d2p6e6u75xmxt8.cloudfront.net\/5\/2021\/12\/640x350-1.jpg\" alt=\"\" width=\"640\" height=\"350\" srcset=\"https:\/\/d2p6e6u75xmxt8.cloudfront.net\/5\/2021\/12\/640x350-1.jpg 640w, https:\/\/d2p6e6u75xmxt8.cloudfront.net\/5\/2021\/12\/640x350-1-300x164.jpg 300w\" sizes=\"auto, (max-width: 640px) 100vw, 640px\" \/><\/a><\/p>\n<p>&nbsp;<\/p>\n","protected":false},"excerpt":{"rendered":"<p>Generalnie kolarstwo idzie w parze z natur\u0105, bo chodzi o to, aby poczu\u0107 wiatr we w\u0142osach podczas jazdy w\u015br\u00f3d zmieniaj\u0105cych [&hellip;]<\/p>\n","protected":false},"author":125,"featured_media":11703,"comment_status":"open","ping_status":"open","sticky":false,"template":"","format":"standard","meta":{"footnotes":""},"categories":[5],"tags":[],"global-categories":[303],"class_list":["post-11702","post","type-post","status-publish","format-standard","has-post-thumbnail","hentry","category-outdoormtb","global-categories-cycling"],"yoast_head":"<!-- This site is optimized with the Yoast SEO Premium plugin v25.3 (Yoast SEO v25.9) - https:\/\/yoast.com\/wordpress\/plugins\/seo\/ -->\n<title>Najlepsza odzie\u017c dla bikepacker\u00f3w - \u0160koda We Love Cycling - Poland<\/title>\n<meta name=\"description\" content=\"Generalnie kolarstwo idzie w parze z natur\u0105, bo chodzi o to, aby poczu\u0107 wiatr we w\u0142osach podczas jazdy w\u015br\u00f3d zmieniaj\u0105cych si\u0119 krajobraz\u00f3w. My\u015bl\u0119, \u017ce bikepacking to takie ostateczne po\u0142\u0105czenie z przyrod\u0105. Podczas gdy pierwsza my\u015bl rowerzysty szosowego dotyczy ostrych zakr\u0119t\u00f3w i stromych podjazd\u00f3w, a g\u00f3rskiego \u2013 technicznych odcink\u00f3w, pierwszym celem bikepackera jest zjednoczenie si\u0119 z natur\u0105 i zatopienie si\u0119 w niej na wiele godzin lub dni.\" \/>\n<meta name=\"robots\" content=\"index, follow, max-snippet:-1, max-image-preview:large, max-video-preview:-1\" \/>\n<link rel=\"canonical\" href=\"https:\/\/www.welovecycling.com\/pl\/2021\/04\/19\/najlepsza-odziez-dla-bikepackerow\/\" \/>\n<meta property=\"og:locale\" content=\"pl_PL\" \/>\n<meta property=\"og:type\" content=\"article\" \/>\n<meta property=\"og:title\" content=\"Najlepsza odzie\u017c dla bikepacker\u00f3w\" \/>\n<meta property=\"og:description\" content=\"Generalnie kolarstwo idzie w parze z natur\u0105, bo chodzi o to, aby poczu\u0107 wiatr we w\u0142osach podczas jazdy w\u015br\u00f3d zmieniaj\u0105cych si\u0119 krajobraz\u00f3w. My\u015bl\u0119, \u017ce bikepacking to takie ostateczne po\u0142\u0105czenie z przyrod\u0105. Podczas gdy pierwsza my\u015bl rowerzysty szosowego dotyczy ostrych zakr\u0119t\u00f3w i stromych podjazd\u00f3w, a g\u00f3rskiego \u2013 technicznych odcink\u00f3w, pierwszym celem bikepackera jest zjednoczenie si\u0119 z natur\u0105 i zatopienie si\u0119 w niej na wiele godzin lub dni.\" \/>\n<meta property=\"og:url\" content=\"https:\/\/www.welovecycling.com\/pl\/2021\/04\/19\/najlepsza-odziez-dla-bikepackerow\/\" \/>\n<meta property=\"og:site_name\" content=\"\u0160koda We Love Cycling - Poland\" \/>\n<meta property=\"article:published_time\" content=\"2021-04-19T15:28:03+00:00\" \/>\n<meta property=\"og:image\" content=\"https:\/\/d2p6e6u75xmxt8.cloudfront.net\/5\/2021\/04\/Cycling-outdoor-profimedia-0580101504-CVR-1024x450-1.jpg\" \/>\n\t<meta property=\"og:image:width\" content=\"1024\" \/>\n\t<meta property=\"og:image:height\" content=\"450\" \/>\n\t<meta property=\"og:image:type\" content=\"image\/jpeg\" \/>\n<meta name=\"author\" content=\"oktawiamikulska\" \/>\n<meta name=\"twitter:card\" content=\"summary_large_image\" \/>\n<meta name=\"twitter:label1\" content=\"Written by\" \/>\n\t<meta name=\"twitter:data1\" content=\"Filippo Mari\" \/>\n\t<meta name=\"twitter:label2\" content=\"Est. reading time\" \/>\n\t<meta name=\"twitter:data2\" content=\"5 minutes\" \/>\n<script type=\"application\/ld+json\" class=\"yoast-schema-graph\">{\"@context\":\"https:\/\/schema.org\",\"@graph\":[{\"@type\":\"WebPage\",\"@id\":\"https:\/\/www.welovecycling.com\/pl\/2021\/04\/19\/najlepsza-odziez-dla-bikepackerow\/\",\"url\":\"https:\/\/www.welovecycling.com\/pl\/2021\/04\/19\/najlepsza-odziez-dla-bikepackerow\/\",\"name\":\"Najlepsza odzie\u017c dla bikepacker\u00f3w - \u0160koda We Love Cycling - Poland\",\"isPartOf\":{\"@id\":\"https:\/\/www.welovecycling.com\/pl\/#website\"},\"primaryImageOfPage\":{\"@id\":\"https:\/\/www.welovecycling.com\/pl\/2021\/04\/19\/najlepsza-odziez-dla-bikepackerow\/#primaryimage\"},\"image\":{\"@id\":\"https:\/\/www.welovecycling.com\/pl\/2021\/04\/19\/najlepsza-odziez-dla-bikepackerow\/#primaryimage\"},\"thumbnailUrl\":\"https:\/\/d2p6e6u75xmxt8.cloudfront.net\/5\/2021\/04\/Cycling-outdoor-profimedia-0580101504-CVR-1024x450-1.jpg\",\"datePublished\":\"2021-04-19T15:28:03+00:00\",\"author\":{\"@id\":\"https:\/\/www.welovecycling.com\/pl\/#\/schema\/person\/4a79bac7bd265aa6a35a1079d36648be\"},\"description\":\"Generalnie kolarstwo idzie w parze z natur\u0105, bo chodzi o to, aby poczu\u0107 wiatr we w\u0142osach podczas jazdy w\u015br\u00f3d zmieniaj\u0105cych si\u0119 krajobraz\u00f3w. My\u015bl\u0119, \u017ce bikepacking to takie ostateczne po\u0142\u0105czenie z przyrod\u0105. Podczas gdy pierwsza my\u015bl rowerzysty szosowego dotyczy ostrych zakr\u0119t\u00f3w i stromych podjazd\u00f3w, a g\u00f3rskiego \u2013 technicznych odcink\u00f3w, pierwszym celem bikepackera jest zjednoczenie si\u0119 z natur\u0105 i zatopienie si\u0119 w niej na wiele godzin lub dni.\",\"breadcrumb\":{\"@id\":\"https:\/\/www.welovecycling.com\/pl\/2021\/04\/19\/najlepsza-odziez-dla-bikepackerow\/#breadcrumb\"},\"inLanguage\":\"pl-PL\",\"potentialAction\":[{\"@type\":\"ReadAction\",\"target\":[\"https:\/\/www.welovecycling.com\/pl\/2021\/04\/19\/najlepsza-odziez-dla-bikepackerow\/\"]}]},{\"@type\":\"ImageObject\",\"inLanguage\":\"pl-PL\",\"@id\":\"https:\/\/www.welovecycling.com\/pl\/2021\/04\/19\/najlepsza-odziez-dla-bikepackerow\/#primaryimage\",\"url\":\"https:\/\/d2p6e6u75xmxt8.cloudfront.net\/5\/2021\/04\/Cycling-outdoor-profimedia-0580101504-CVR-1024x450-1.jpg\",\"contentUrl\":\"https:\/\/d2p6e6u75xmxt8.cloudfront.net\/5\/2021\/04\/Cycling-outdoor-profimedia-0580101504-CVR-1024x450-1.jpg\",\"width\":1024,\"height\":450},{\"@type\":\"BreadcrumbList\",\"@id\":\"https:\/\/www.welovecycling.com\/pl\/2021\/04\/19\/najlepsza-odziez-dla-bikepackerow\/#breadcrumb\",\"itemListElement\":[{\"@type\":\"ListItem\",\"position\":1,\"name\":\"Home\",\"item\":\"https:\/\/www.welovecycling.com\/pl\/\"},{\"@type\":\"ListItem\",\"position\":2,\"name\":\"Najlepsza odzie\u017c dla bikepacker\u00f3w\"}]},{\"@type\":\"WebSite\",\"@id\":\"https:\/\/www.welovecycling.com\/pl\/#website\",\"url\":\"https:\/\/www.welovecycling.com\/pl\/\",\"name\":\"\u0160koda We Love Cycling - Poland\",\"description\":\"\",\"potentialAction\":[{\"@type\":\"SearchAction\",\"target\":{\"@type\":\"EntryPoint\",\"urlTemplate\":\"https:\/\/www.welovecycling.com\/pl\/?s={search_term_string}\"},\"query-input\":{\"@type\":\"PropertyValueSpecification\",\"valueRequired\":true,\"valueName\":\"search_term_string\"}}],\"inLanguage\":\"pl-PL\"},{\"@type\":\"Person\",\"@id\":\"https:\/\/www.welovecycling.com\/pl\/#\/schema\/person\/4a79bac7bd265aa6a35a1079d36648be\",\"name\":\"oktawiamikulska\",\"image\":{\"@type\":\"ImageObject\",\"inLanguage\":\"pl-PL\",\"@id\":\"https:\/\/www.welovecycling.com\/pl\/#\/schema\/person\/image\/\",\"url\":\"https:\/\/secure.gravatar.com\/avatar\/b97a3f44e2de6d2f8dd358975937e49823662e12cbd810b9d1a2bff1c149e8a7?s=96&d=mm&r=g\",\"contentUrl\":\"https:\/\/secure.gravatar.com\/avatar\/b97a3f44e2de6d2f8dd358975937e49823662e12cbd810b9d1a2bff1c149e8a7?s=96&d=mm&r=g\",\"caption\":\"oktawiamikulska\"},\"url\":\"https:\/\/www.welovecycling.com\/pl\/author\/oktawiamikulska\/\"}]}<\/script>\n<!-- \/ Yoast SEO Premium plugin. -->","yoast_head_json":{"title":"Najlepsza odzie\u017c dla bikepacker\u00f3w - \u0160koda We Love Cycling - Poland","description":"Generalnie kolarstwo idzie w parze z natur\u0105, bo chodzi o to, aby poczu\u0107 wiatr we w\u0142osach podczas jazdy w\u015br\u00f3d zmieniaj\u0105cych si\u0119 krajobraz\u00f3w. My\u015bl\u0119, \u017ce bikepacking to takie ostateczne po\u0142\u0105czenie z przyrod\u0105. Podczas gdy pierwsza my\u015bl rowerzysty szosowego dotyczy ostrych zakr\u0119t\u00f3w i stromych podjazd\u00f3w, a g\u00f3rskiego \u2013 technicznych odcink\u00f3w, pierwszym celem bikepackera jest zjednoczenie si\u0119 z natur\u0105 i zatopienie si\u0119 w niej na wiele godzin lub dni.","robots":{"index":"index","follow":"follow","max-snippet":"max-snippet:-1","max-image-preview":"max-image-preview:large","max-video-preview":"max-video-preview:-1"},"canonical":"https:\/\/www.welovecycling.com\/pl\/2021\/04\/19\/najlepsza-odziez-dla-bikepackerow\/","og_locale":"pl_PL","og_type":"article","og_title":"Najlepsza odzie\u017c dla bikepacker\u00f3w","og_description":"Generalnie kolarstwo idzie w parze z natur\u0105, bo chodzi o to, aby poczu\u0107 wiatr we w\u0142osach podczas jazdy w\u015br\u00f3d zmieniaj\u0105cych si\u0119 krajobraz\u00f3w. My\u015bl\u0119, \u017ce bikepacking to takie ostateczne po\u0142\u0105czenie z przyrod\u0105. Podczas gdy pierwsza my\u015bl rowerzysty szosowego dotyczy ostrych zakr\u0119t\u00f3w i stromych podjazd\u00f3w, a g\u00f3rskiego \u2013 technicznych odcink\u00f3w, pierwszym celem bikepackera jest zjednoczenie si\u0119 z natur\u0105 i zatopienie si\u0119 w niej na wiele godzin lub dni.","og_url":"https:\/\/www.welovecycling.com\/pl\/2021\/04\/19\/najlepsza-odziez-dla-bikepackerow\/","og_site_name":"\u0160koda We Love Cycling - Poland","article_published_time":"2021-04-19T15:28:03+00:00","og_image":[{"width":1024,"height":450,"url":"https:\/\/d2p6e6u75xmxt8.cloudfront.net\/5\/2021\/04\/Cycling-outdoor-profimedia-0580101504-CVR-1024x450-1.jpg","type":"image\/jpeg"}],"author":"oktawiamikulska","twitter_card":"summary_large_image","twitter_misc":{"Written by":"Filippo Mari","Est. reading time":"5 minutes"},"schema":{"@context":"https:\/\/schema.org","@graph":[{"@type":"WebPage","@id":"https:\/\/www.welovecycling.com\/pl\/2021\/04\/19\/najlepsza-odziez-dla-bikepackerow\/","url":"https:\/\/www.welovecycling.com\/pl\/2021\/04\/19\/najlepsza-odziez-dla-bikepackerow\/","name":"Najlepsza odzie\u017c dla bikepacker\u00f3w - \u0160koda We Love Cycling - Poland","isPartOf":{"@id":"https:\/\/www.welovecycling.com\/pl\/#website"},"primaryImageOfPage":{"@id":"https:\/\/www.welovecycling.com\/pl\/2021\/04\/19\/najlepsza-odziez-dla-bikepackerow\/#primaryimage"},"image":{"@id":"https:\/\/www.welovecycling.com\/pl\/2021\/04\/19\/najlepsza-odziez-dla-bikepackerow\/#primaryimage"},"thumbnailUrl":"https:\/\/d2p6e6u75xmxt8.cloudfront.net\/5\/2021\/04\/Cycling-outdoor-profimedia-0580101504-CVR-1024x450-1.jpg","datePublished":"2021-04-19T15:28:03+00:00","author":{"@id":"https:\/\/www.welovecycling.com\/pl\/#\/schema\/person\/4a79bac7bd265aa6a35a1079d36648be"},"description":"Generalnie kolarstwo idzie w parze z natur\u0105, bo chodzi o to, aby poczu\u0107 wiatr we w\u0142osach podczas jazdy w\u015br\u00f3d zmieniaj\u0105cych si\u0119 krajobraz\u00f3w. My\u015bl\u0119, \u017ce bikepacking to takie ostateczne po\u0142\u0105czenie z przyrod\u0105. Podczas gdy pierwsza my\u015bl rowerzysty szosowego dotyczy ostrych zakr\u0119t\u00f3w i stromych podjazd\u00f3w, a g\u00f3rskiego \u2013 technicznych odcink\u00f3w, pierwszym celem bikepackera jest zjednoczenie si\u0119 z natur\u0105 i zatopienie si\u0119 w niej na wiele godzin lub dni.","breadcrumb":{"@id":"https:\/\/www.welovecycling.com\/pl\/2021\/04\/19\/najlepsza-odziez-dla-bikepackerow\/#breadcrumb"},"inLanguage":"pl-PL","potentialAction":[{"@type":"ReadAction","target":["https:\/\/www.welovecycling.com\/pl\/2021\/04\/19\/najlepsza-odziez-dla-bikepackerow\/"]}]},{"@type":"ImageObject","inLanguage":"pl-PL","@id":"https:\/\/www.welovecycling.com\/pl\/2021\/04\/19\/najlepsza-odziez-dla-bikepackerow\/#primaryimage","url":"https:\/\/d2p6e6u75xmxt8.cloudfront.net\/5\/2021\/04\/Cycling-outdoor-profimedia-0580101504-CVR-1024x450-1.jpg","contentUrl":"https:\/\/d2p6e6u75xmxt8.cloudfront.net\/5\/2021\/04\/Cycling-outdoor-profimedia-0580101504-CVR-1024x450-1.jpg","width":1024,"height":450},{"@type":"BreadcrumbList","@id":"https:\/\/www.welovecycling.com\/pl\/2021\/04\/19\/najlepsza-odziez-dla-bikepackerow\/#breadcrumb","itemListElement":[{"@type":"ListItem","position":1,"name":"Home","item":"https:\/\/www.welovecycling.com\/pl\/"},{"@type":"ListItem","position":2,"name":"Najlepsza odzie\u017c dla bikepacker\u00f3w"}]},{"@type":"WebSite","@id":"https:\/\/www.welovecycling.com\/pl\/#website","url":"https:\/\/www.welovecycling.com\/pl\/","name":"\u0160koda We Love Cycling - Poland","description":"","potentialAction":[{"@type":"SearchAction","target":{"@type":"EntryPoint","urlTemplate":"https:\/\/www.welovecycling.com\/pl\/?s={search_term_string}"},"query-input":{"@type":"PropertyValueSpecification","valueRequired":true,"valueName":"search_term_string"}}],"inLanguage":"pl-PL"},{"@type":"Person","@id":"https:\/\/www.welovecycling.com\/pl\/#\/schema\/person\/4a79bac7bd265aa6a35a1079d36648be","name":"oktawiamikulska","image":{"@type":"ImageObject","inLanguage":"pl-PL","@id":"https:\/\/www.welovecycling.com\/pl\/#\/schema\/person\/image\/","url":"https:\/\/secure.gravatar.com\/avatar\/b97a3f44e2de6d2f8dd358975937e49823662e12cbd810b9d1a2bff1c149e8a7?s=96&d=mm&r=g","contentUrl":"https:\/\/secure.gravatar.com\/avatar\/b97a3f44e2de6d2f8dd358975937e49823662e12cbd810b9d1a2bff1c149e8a7?s=96&d=mm&r=g","caption":"oktawiamikulska"},"url":"https:\/\/www.welovecycling.com\/pl\/author\/oktawiamikulska\/"}]}},"_links":{"self":[{"href":"https:\/\/www.welovecycling.com\/pl\/wp-json\/wp\/v2\/posts\/11702","targetHints":{"allow":["GET"]}}],"collection":[{"href":"https:\/\/www.welovecycling.com\/pl\/wp-json\/wp\/v2\/posts"}],"about":[{"href":"https:\/\/www.welovecycling.com\/pl\/wp-json\/wp\/v2\/types\/post"}],"author":[{"embeddable":true,"href":"https:\/\/www.welovecycling.com\/pl\/wp-json\/wp\/v2\/users\/125"}],"replies":[{"embeddable":true,"href":"https:\/\/www.welovecycling.com\/pl\/wp-json\/wp\/v2\/comments?post=11702"}],"version-history":[{"count":1,"href":"https:\/\/www.welovecycling.com\/pl\/wp-json\/wp\/v2\/posts\/11702\/revisions"}],"predecessor-version":[{"id":11704,"href":"https:\/\/www.welovecycling.com\/pl\/wp-json\/wp\/v2\/posts\/11702\/revisions\/11704"}],"wp:featuredmedia":[{"embeddable":true,"href":"https:\/\/www.welovecycling.com\/pl\/wp-json\/wp\/v2\/media\/11703"}],"wp:attachment":[{"href":"https:\/\/www.welovecycling.com\/pl\/wp-json\/wp\/v2\/media?parent=11702"}],"wp:term":[{"taxonomy":"category","embeddable":true,"href":"https:\/\/www.welovecycling.com\/pl\/wp-json\/wp\/v2\/categories?post=11702"},{"taxonomy":"post_tag","embeddable":true,"href":"https:\/\/www.welovecycling.com\/pl\/wp-json\/wp\/v2\/tags?post=11702"},{"taxonomy":"global-categories","embeddable":true,"href":"https:\/\/www.welovecycling.com\/pl\/wp-json\/wp\/v2\/global-categories?post=11702"}],"curies":[{"name":"wp","href":"https:\/\/api.w.org\/{rel}","templated":true}]}}