{"id":11681,"date":"2021-04-16T14:56:48","date_gmt":"2021-04-16T14:56:48","guid":{"rendered":"https:\/\/www.welovecycling.com\/pl\/?p=11681"},"modified":"2024-05-09T13:02:27","modified_gmt":"2024-05-09T13:02:27","slug":"po-jakim-swiecie-chcemy-sie-poruszac-czas-na-rokbezpiecznstwa","status":"publish","type":"post","link":"https:\/\/www.welovecycling.com\/pl\/2021\/04\/16\/po-jakim-swiecie-chcemy-sie-poruszac-czas-na-rokbezpiecznstwa\/","title":{"rendered":"Po jakim \u015bwiecie chcemy si\u0119 porusza\u0107? Czas na #ROKBEZPIECZ\u0143STWA!"},"content":{"rendered":"<p><strong>Mo\u017cemy go urz\u0105dzi\u0107 jak d\u017cungl\u0119: bez zasad, bez skrupu\u0142\u00f3w, z niebezpiecze\u0144stwem czyhaj\u0105cym za ka\u017cdym rogiem. Mo\u017cemy te\u017c jednak sprawi\u0107, \u017ce b\u0119dzie przewidywalny, bezpieczny i pe\u0142en wzajemnego szacunku. I w\u0142a\u015bnie taki \u015bwiat promuje \u0160koda w akcji #ROKBEZPIECZ\u0143STWA.<\/strong><\/p>\n<h2><strong>Dwa \u015bwiaty\u00a0<\/strong><\/h2>\n<p><em>\u015awiat nr 1: Samoch\u00f3d zajmuj\u0105c du\u017co miejsca na jezdni zmusza rowerzyst\u0119 do jazdy blisko kraw\u0119dzi, za to cyklista wykonuje skr\u0119t bez sygnalizacji, bo r\u0119k\u0119 zaj\u0119t\u0105 ma telefonem kom\u00f3rkowym. Za moment doje\u017cd\u017ca do niego kierowca i przeci\u0105gle tr\u0105bi, za co rowerzysta blokuje samoch\u00f3d jad\u0105c \u015brodkiem. W rewan\u017cu auto wje\u017cd\u017ca z impetem w ka\u0142u\u017c\u0119, ca\u0142\u0105 jej zawarto\u015bci\u0105 ochlapuj\u0105c rowerzyst\u0119.<\/em><\/p>\n<p>\u015awiat nr 2: Rowerzysta nie rozmawia przez telefon, wi\u0119c ma woln\u0105 r\u0119k\u0119, kt\u00f3r\u0105 odpowiednio wcze\u015bnie wyci\u0105ga przed skr\u0119tem. Samoch\u00f3d robi mu miejsce, a za moment to rowerzysta zje\u017cd\u017ca do kraw\u0119dzi, by zrobi\u0107 miejsce dla samochodu, kt\u00f3ry nast\u0119pnie \u015bwiat\u0142ami awaryjnymi dzi\u0119kuj\u0119 za drogow\u0105 uprzejmo\u015b\u0107. Rowerzysta pozdrawi,a go podniesion\u0105 r\u0119k\u0105 i obaj bezpiecznie kontynuuj\u0105 podr\u00f3\u017c.<\/p>\n<p><em>Zdecydowana wi\u0119kszo\u015b\u0107 u\u017cytkownik\u00f3w dr\u00f3g chce, \u017ceby wygl\u0105da\u0142y one tak, jak w drugim przypadku. By tak si\u0119 sta\u0142o, \u0160koda POLSKA w 2021 roku og\u0142osi\u0142a #ROKBEZPIECZ\u0143STWA.<\/em><\/p>\n<h2><strong>#ROKBEZPIECZE\u0143STWA<\/strong><\/h2>\n<p>Droga to \u015bwiat, w kt\u00f3rym spotykaj\u0105 si\u0119 kierowcy, rowerzy\u015bci oraz piesi. I w tym \u015bwiecie nikt nie jest ani bardziej, ani mniej wa\u017cny. Wszyscy s\u0105 r\u00f3wni i wszyscy maj\u0105 prawo czu\u0107 si\u0119 bezpiecznie.\u00a0 By tak by\u0142o, potrzebny jest wzajemny szacunek, przestrzeganie zasad, a tak\u017ce nale\u017cyta koncentracja.<\/p>\n<p>Jednym z dzia\u0142a\u0144 w ramach projektu #ROKBEZPIECZE\u0143STWA jest kampania u\u015bwiadamiaj\u0105ca jak wa\u017cne jest dbanie o bezpiecze\u0144stwo podczas jazdy na rowerze i nie tylko. A z bezpiecze\u0144stwem \u0142\u0105czy si\u0119 w\u0142a\u015bnie koncentracja. Kampania \u201eDzielimy Razem Drog\u0119\u201d wywo\u0142uje refleksje i edukuje wszystkich u\u017cytkownik\u00f3w drogi, informuj\u0105c jakie zagro\u017cenie niesie za sob\u0105 nieuwaga i brak zachowania podstawowych zasad bezpiecze\u0144stwa na drodze.<\/p>\n<p>Pierwszy etap kampanii z has\u0142em \u201eBy zadba\u0107 o wszystko, co wa\u017cne\u201d wystartowa\u0142 na pocz\u0105tku roku:<\/p>\n<h2><strong>Dzielimy razem drog\u0119<\/strong><\/h2>\n<p>Z kolei 12 kwietnia nabra\u0142a tempa akcja #ROKBEZPIECZE\u0143STWA.<\/p>\n<p>\u201eKierowcy, rowerzy\u015bci, piesi \u2013 wszyscy dzielimy razem drog\u0119 i jeste\u015bmy odpowiedzialni za siebie nawzajem. #ROKBEZPIECZE\u0143STWA to idealny czas na to, by skupi\u0107 si\u0119 na poprawie wzajemnych relacji i zrozumie\u0107 zagro\u017cenia, jakie czyhaj\u0105 na innych uczestnik\u00f3w ruchu. Skoncentrowanie na drodze i unikanie rozpraszaczy takich jak telefon to podstawa. B\u0105d\u017amy uwa\u017cni i wyrozumiali dla innych, unikajmy emocji i egoizmu oraz pami\u0119tajmy, \u017ce bezpiecze\u0144stwo to nasza wsp\u00f3lna sprawa\u201d &#8211; apeluje \u0160koda.<\/p>\n<p>By zadzia\u0142a\u0107 na wyobra\u017ani\u0119, w kampanii wykorzystano film, kt\u00f3rego g\u0142\u00f3wnymi bohaterami s\u0105 manekiny z laboratorium naukowego pokazane w trakcie test\u00f3w zderzeniowych. \u2013 Uwaga manekin\u00f3w jest rozproszona. Korzystanie z telefonu, odwracanie wzroku od trasy i interakcje z pasa\u017cerami sprawiaj\u0105, \u017ce bohaterowie nie docieraj\u0105 bezpiecznie do domu \u2013 opisuje zamys\u0142 filmu \u0160koda, a samo nagranie rzeczywi\u015bcie dzia\u0142a na wyobra\u017ani\u0119:<\/p>\n<div class=\"embed-controller-wrapper\">\n<div class=\"embed-wrapper\"><iframe title=\"Dzielimy razem drog\u0119. Zadbaj o innych uczestnik\u00f3w ruchu. #ROKBEZPIECZE\u0143STWA\" width=\"500\" height=\"281\" data-src=\"https:\/\/www.youtube.com\/embed\/CbVUM54U_bs?feature=oembed\" frameborder=\"0\" allow=\"accelerometer; autoplay; clipboard-write; encrypted-media; gyroscope; picture-in-picture; web-share\" referrerpolicy=\"strict-origin-when-cross-origin\" allowfullscreen><\/iframe><\/div>\n<\/div>\n<p>Pami\u0119tajmy \u2013 raz jeste\u015bmy kierowc\u0105, raz pieszym, a raz rowerzyst\u0105. A nawet je\u015bli nie, to kt\u00f3r\u0105\u015b z tych os\u00f3b s\u0105 nasze dzieci, rodzice, przyjaciele. I dlatego na drodze zachowujmy si\u0119 tak, jakby\u015bmy w\u0142a\u015bnie mijali kogo\u015b nam najbli\u017cszego.<\/p>\n<div id=\"pg-182354-14\" class=\"panel-grid panel-has-style\">\n<div class=\"siteorigin-panels-stretch panel-row-style panel-row-style-for-182354-14\" data-stretch-type=\"full\">\n<div id=\"pgc-182354-14-0\" class=\"panel-grid-cell\">\n<div id=\"panel-182354-14-0-0\" class=\"so-panel widget widget_sow-editor panel-first-child panel-last-child\" data-index=\"19\">\n<div class=\"container panel-widget-style panel-widget-style-for-182354-14-0-0\">\n<div class=\"so-widget-sow-editor so-widget-sow-editor-base\">\n<div class=\"siteorigin-widget-tinymce textwidget\">\n<h2>GALLERY<\/h2>\n<p><a class=\"colorbox colorbox-initialized cboxElement\" href=\"https:\/\/d2p6e6u75xmxt8.cloudfront.net\/2\/2021\/03\/T.jpg\" rel=\"dummies-g\"><img loading=\"lazy\" decoding=\"async\" class=\"alignnone wp-image-182363 size-full loading\" src=\"https:\/\/d2p6e6u75xmxt8.cloudfront.net\/2\/2021\/03\/T.jpg\" sizes=\"auto, (max-width: 1410px) 100vw, 1410px\" srcset=\"https:\/\/d2p6e6u75xmxt8.cloudfront.net\/2\/2021\/03\/T.jpg 1410w, https:\/\/d2p6e6u75xmxt8.cloudfront.net\/2\/2021\/03\/T-300x115.jpg 300w, https:\/\/d2p6e6u75xmxt8.cloudfront.net\/2\/2021\/03\/T-1024x394.jpg 1024w, https:\/\/d2p6e6u75xmxt8.cloudfront.net\/2\/2021\/03\/T-768x295.jpg 768w\" alt=\"\" width=\"1410\" height=\"542\" data-was-processed=\"true\" \/><\/a><\/p>\n<p>&nbsp;<\/p>\n<\/div>\n<\/div>\n<\/div>\n<\/div>\n<\/div>\n<\/div>\n<\/div>\n<div id=\"pg-182354-15\" class=\"panel-grid panel-has-style\">\n<div class=\"siteorigin-panels-stretch panel-row-style panel-row-style-for-182354-15\" data-stretch-type=\"full\">\n<div id=\"pgc-182354-15-0\" class=\"panel-grid-cell\">\n<div id=\"panel-182354-15-0-0\" class=\"so-panel widget widget_sow-editor panel-first-child panel-last-child\" data-index=\"20\">\n<div class=\"so-widget-sow-editor so-widget-sow-editor-base\">\n<div class=\"siteorigin-widget-tinymce textwidget\">\n<div class=\"container\">\n<table>\n<tbody>\n<tr>\n<td><a class=\"colorbox colorbox-initialized cboxElement\" href=\"https:\/\/d2p6e6u75xmxt8.cloudfront.net\/2\/2021\/04\/Traffic-Dummies-Expert.jpg\" rel=\"gallery\"><img loading=\"lazy\" decoding=\"async\" class=\"alignnone size-full wp-image-182924 loading\" src=\"https:\/\/d2p6e6u75xmxt8.cloudfront.net\/2\/2021\/04\/Traffic-Dummies-Expert.jpg\" sizes=\"auto, (max-width: 1001px) 100vw, 1001px\" srcset=\"https:\/\/d2p6e6u75xmxt8.cloudfront.net\/2\/2021\/04\/Traffic-Dummies-Expert.jpg 1001w, https:\/\/d2p6e6u75xmxt8.cloudfront.net\/2\/2021\/04\/Traffic-Dummies-Expert-300x200.jpg 300w, https:\/\/d2p6e6u75xmxt8.cloudfront.net\/2\/2021\/04\/Traffic-Dummies-Expert-768x513.jpg 768w, https:\/\/d2p6e6u75xmxt8.cloudfront.net\/2\/2021\/04\/Traffic-Dummies-Expert-272x182.jpg 272w\" alt=\"\" width=\"1001\" height=\"668\" data-was-processed=\"true\" \/><\/a><\/td>\n<td><a class=\"colorbox colorbox-initialized cboxElement\" href=\"https:\/\/d2p6e6u75xmxt8.cloudfront.net\/2\/2021\/04\/Traffic-Dummies-Phone-Maniac.jpg\" rel=\"gallery\"><img loading=\"lazy\" decoding=\"async\" class=\"alignnone size-full wp-image-182929 loading\" src=\"https:\/\/d2p6e6u75xmxt8.cloudfront.net\/2\/2021\/04\/Traffic-Dummies-Phone-Maniac.jpg\" sizes=\"auto, (max-width: 1001px) 100vw, 1001px\" srcset=\"https:\/\/d2p6e6u75xmxt8.cloudfront.net\/2\/2021\/04\/Traffic-Dummies-Phone-Maniac.jpg 1001w, https:\/\/d2p6e6u75xmxt8.cloudfront.net\/2\/2021\/04\/Traffic-Dummies-Phone-Maniac-300x200.jpg 300w, https:\/\/d2p6e6u75xmxt8.cloudfront.net\/2\/2021\/04\/Traffic-Dummies-Phone-Maniac-768x513.jpg 768w, https:\/\/d2p6e6u75xmxt8.cloudfront.net\/2\/2021\/04\/Traffic-Dummies-Phone-Maniac-272x182.jpg 272w\" alt=\"\" width=\"1001\" height=\"668\" data-was-processed=\"true\" \/><\/a><\/td>\n<td><a class=\"colorbox colorbox-initialized cboxElement\" href=\"https:\/\/d2p6e6u75xmxt8.cloudfront.net\/2\/2021\/04\/Traffic-Dummies-Music-Lover.jpg\" rel=\"gallery\"><img loading=\"lazy\" decoding=\"async\" class=\"alignnone size-full wp-image-182930 loading\" src=\"https:\/\/d2p6e6u75xmxt8.cloudfront.net\/2\/2021\/04\/Traffic-Dummies-Music-Lover.jpg\" sizes=\"auto, (max-width: 1024px) 100vw, 1024px\" srcset=\"https:\/\/d2p6e6u75xmxt8.cloudfront.net\/2\/2021\/04\/Traffic-Dummies-Music-Lover.jpg 1024w, https:\/\/d2p6e6u75xmxt8.cloudfront.net\/2\/2021\/04\/Traffic-Dummies-Music-Lover-300x200.jpg 300w, https:\/\/d2p6e6u75xmxt8.cloudfront.net\/2\/2021\/04\/Traffic-Dummies-Music-Lover-768x512.jpg 768w, https:\/\/d2p6e6u75xmxt8.cloudfront.net\/2\/2021\/04\/Traffic-Dummies-Music-Lover-272x182.jpg 272w\" alt=\"\" width=\"1024\" height=\"683\" data-was-processed=\"true\" \/><\/a><\/td>\n<td><a class=\"colorbox colorbox-initialized cboxElement\" href=\"https:\/\/d2p6e6u75xmxt8.cloudfront.net\/2\/2021\/04\/Traffic-Dummies-Crash.jpg\" rel=\"gallery\"><img loading=\"lazy\" decoding=\"async\" class=\"alignnone size-full wp-image-182931 loading\" src=\"https:\/\/d2p6e6u75xmxt8.cloudfront.net\/2\/2021\/04\/Traffic-Dummies-Crash.jpg\" sizes=\"auto, (max-width: 1024px) 100vw, 1024px\" srcset=\"https:\/\/d2p6e6u75xmxt8.cloudfront.net\/2\/2021\/04\/Traffic-Dummies-Crash.jpg 1024w, https:\/\/d2p6e6u75xmxt8.cloudfront.net\/2\/2021\/04\/Traffic-Dummies-Crash-300x200.jpg 300w, https:\/\/d2p6e6u75xmxt8.cloudfront.net\/2\/2021\/04\/Traffic-Dummies-Crash-768x512.jpg 768w, https:\/\/d2p6e6u75xmxt8.cloudfront.net\/2\/2021\/04\/Traffic-Dummies-Crash-272x182.jpg 272w\" alt=\"\" width=\"1024\" height=\"683\" data-was-processed=\"true\" \/><\/a><\/td>\n<\/tr>\n<\/tbody>\n<\/table>\n<\/div>\n<\/div>\n<\/div>\n<\/div>\n<\/div>\n<\/div>\n<\/div>\n<p><span style=\"color: #000000;\"><strong><span style=\"font-size: 24pt;\">Szerokiej drogi!<\/span><\/strong><\/span><\/p>\n<p><span data-sheets-value=\"{&quot;1&quot;:2,&quot;2&quot;:&quot;Artyku\u0142 powsta\u0142 we wsp\u00f3\u0142pracy ze skoda-auto.pl&quot;}\" data-sheets-userformat=\"{&quot;2&quot;:1,&quot;3&quot;:{&quot;1&quot;:0}}\" data-sheets-hyperlink=\"http:\/\/www.skoda-auto.pl\/\"><a class=\"in-cell-link\" href=\"http:\/\/www.skoda-auto.pl\/\" target=\"_blank\" rel=\"noopener noreferrer\">Artyku\u0142 powsta\u0142 we wsp\u00f3\u0142pracy ze skoda-auto.pl<\/a><\/span><\/p>\n<p><a href=\"https:\/\/www.skoda-auto.pl\/modele\/karoq\"><img loading=\"lazy\" decoding=\"async\" class=\"size-full wp-image-11629 aligncenter\" src=\"https:\/\/d2p6e6u75xmxt8.cloudfront.net\/5\/2021\/12\/640x350-3-1.jpg\" alt=\"\" width=\"640\" height=\"350\" srcset=\"https:\/\/d2p6e6u75xmxt8.cloudfront.net\/5\/2021\/12\/640x350-3-1.jpg 640w, https:\/\/d2p6e6u75xmxt8.cloudfront.net\/5\/2021\/12\/640x350-3-1-300x164.jpg 300w\" sizes=\"auto, (max-width: 640px) 100vw, 640px\" \/><\/a><\/p>\n<p>&nbsp;<\/p>\n","protected":false},"excerpt":{"rendered":"<p>Mo\u017cemy go urz\u0105dzi\u0107 jak d\u017cungl\u0119: bez zasad, bez skrupu\u0142\u00f3w, z niebezpiecze\u0144stwem czyhaj\u0105cym za ka\u017cdym rogiem. Mo\u017cemy te\u017c jednak sprawi\u0107, \u017ce [&hellip;]<\/p>\n","protected":false},"author":125,"featured_media":11691,"comment_status":"open","ping_status":"open","sticky":false,"template":"","format":"video","meta":{"footnotes":""},"categories":[357],"tags":[],"global-categories":[303],"class_list":["post-11681","post","type-post","status-publish","format-video","has-post-thumbnail","hentry","category-rok-bezpieczenstwa","post_format-post-format-video","global-categories-cycling"],"yoast_head":"<!-- This site is optimized with the Yoast SEO Premium plugin v25.3 (Yoast SEO v25.9) - https:\/\/yoast.com\/wordpress\/plugins\/seo\/ -->\n<title>Po jakim \u015bwiecie chcemy si\u0119 porusza\u0107? Czas na #ROKBEZPIECZ\u0143STWA! - \u0160koda We Love Cycling - Poland<\/title>\n<meta name=\"description\" content=\"Mo\u017cemy go urz\u0105dzi\u0107 jak d\u017cungl\u0119: bez zasad, bez skrupu\u0142\u00f3w, z niebezpiecze\u0144stwem czyhaj\u0105cym za ka\u017cdym rogiem. Mo\u017cemy te\u017c jednak sprawi\u0107, \u017ce b\u0119dzie przewidywalny, bezpieczny i pe\u0142en wzajemnego szacunku. I w\u0142a\u015bnie taki \u015bwiat promuje \u0160koda w akcji #ROKBEZPIECZ\u0143STWA.\" \/>\n<meta name=\"robots\" content=\"index, follow, max-snippet:-1, max-image-preview:large, max-video-preview:-1\" \/>\n<link rel=\"canonical\" href=\"https:\/\/www.welovecycling.com\/pl\/2021\/04\/16\/po-jakim-swiecie-chcemy-sie-poruszac-czas-na-rokbezpiecznstwa\/\" \/>\n<meta property=\"og:locale\" content=\"pl_PL\" \/>\n<meta property=\"og:type\" content=\"article\" \/>\n<meta property=\"og:title\" content=\"Po jakim \u015bwiecie chcemy si\u0119 porusza\u0107? Czas na #ROKBEZPIECZ\u0143STWA!\" \/>\n<meta property=\"og:description\" content=\"Mo\u017cemy go urz\u0105dzi\u0107 jak d\u017cungl\u0119: bez zasad, bez skrupu\u0142\u00f3w, z niebezpiecze\u0144stwem czyhaj\u0105cym za ka\u017cdym rogiem. Mo\u017cemy te\u017c jednak sprawi\u0107, \u017ce b\u0119dzie przewidywalny, bezpieczny i pe\u0142en wzajemnego szacunku. I w\u0142a\u015bnie taki \u015bwiat promuje \u0160koda w akcji #ROKBEZPIECZ\u0143STWA.\" \/>\n<meta property=\"og:url\" content=\"https:\/\/www.welovecycling.com\/pl\/2021\/04\/16\/po-jakim-swiecie-chcemy-sie-poruszac-czas-na-rokbezpiecznstwa\/\" \/>\n<meta property=\"og:site_name\" content=\"\u0160koda We Love Cycling - Poland\" \/>\n<meta property=\"article:published_time\" content=\"2021-04-16T14:56:48+00:00\" \/>\n<meta property=\"article:modified_time\" content=\"2024-05-09T13:02:27+00:00\" \/>\n<meta property=\"og:image\" content=\"https:\/\/d2p6e6u75xmxt8.cloudfront.net\/5\/2021\/04\/170905341_3838344072916076_5909410196118240314_n.jpg\" \/>\n\t<meta property=\"og:image:width\" content=\"2050\" \/>\n\t<meta property=\"og:image:height\" content=\"780\" \/>\n\t<meta property=\"og:image:type\" content=\"image\/jpeg\" \/>\n<meta name=\"author\" content=\"oktawiamikulska\" \/>\n<meta name=\"twitter:card\" content=\"summary_large_image\" \/>\n<meta name=\"twitter:label1\" content=\"Written by\" \/>\n\t<meta name=\"twitter:data1\" content=\"Piotr Jawor\" \/>\n\t<meta name=\"twitter:label2\" content=\"Est. reading time\" \/>\n\t<meta name=\"twitter:data2\" content=\"3 minutes\" \/>\n<script type=\"application\/ld+json\" class=\"yoast-schema-graph\">{\"@context\":\"https:\/\/schema.org\",\"@graph\":[{\"@type\":\"WebPage\",\"@id\":\"https:\/\/www.welovecycling.com\/pl\/2021\/04\/16\/po-jakim-swiecie-chcemy-sie-poruszac-czas-na-rokbezpiecznstwa\/\",\"url\":\"https:\/\/www.welovecycling.com\/pl\/2021\/04\/16\/po-jakim-swiecie-chcemy-sie-poruszac-czas-na-rokbezpiecznstwa\/\",\"name\":\"Po jakim \u015bwiecie chcemy si\u0119 porusza\u0107? Czas na #ROKBEZPIECZ\u0143STWA! - \u0160koda We Love Cycling - Poland\",\"isPartOf\":{\"@id\":\"https:\/\/www.welovecycling.com\/pl\/#website\"},\"primaryImageOfPage\":{\"@id\":\"https:\/\/www.welovecycling.com\/pl\/2021\/04\/16\/po-jakim-swiecie-chcemy-sie-poruszac-czas-na-rokbezpiecznstwa\/#primaryimage\"},\"image\":{\"@id\":\"https:\/\/www.welovecycling.com\/pl\/2021\/04\/16\/po-jakim-swiecie-chcemy-sie-poruszac-czas-na-rokbezpiecznstwa\/#primaryimage\"},\"thumbnailUrl\":\"https:\/\/d2p6e6u75xmxt8.cloudfront.net\/5\/2021\/04\/170905341_3838344072916076_5909410196118240314_n.jpg\",\"datePublished\":\"2021-04-16T14:56:48+00:00\",\"dateModified\":\"2024-05-09T13:02:27+00:00\",\"author\":{\"@id\":\"https:\/\/www.welovecycling.com\/pl\/#\/schema\/person\/4a79bac7bd265aa6a35a1079d36648be\"},\"description\":\"Mo\u017cemy go urz\u0105dzi\u0107 jak d\u017cungl\u0119: bez zasad, bez skrupu\u0142\u00f3w, z niebezpiecze\u0144stwem czyhaj\u0105cym za ka\u017cdym rogiem. Mo\u017cemy te\u017c jednak sprawi\u0107, \u017ce b\u0119dzie przewidywalny, bezpieczny i pe\u0142en wzajemnego szacunku. I w\u0142a\u015bnie taki \u015bwiat promuje \u0160koda w akcji #ROKBEZPIECZ\u0143STWA.\",\"breadcrumb\":{\"@id\":\"https:\/\/www.welovecycling.com\/pl\/2021\/04\/16\/po-jakim-swiecie-chcemy-sie-poruszac-czas-na-rokbezpiecznstwa\/#breadcrumb\"},\"inLanguage\":\"pl-PL\",\"potentialAction\":[{\"@type\":\"ReadAction\",\"target\":[\"https:\/\/www.welovecycling.com\/pl\/2021\/04\/16\/po-jakim-swiecie-chcemy-sie-poruszac-czas-na-rokbezpiecznstwa\/\"]}]},{\"@type\":\"ImageObject\",\"inLanguage\":\"pl-PL\",\"@id\":\"https:\/\/www.welovecycling.com\/pl\/2021\/04\/16\/po-jakim-swiecie-chcemy-sie-poruszac-czas-na-rokbezpiecznstwa\/#primaryimage\",\"url\":\"https:\/\/d2p6e6u75xmxt8.cloudfront.net\/5\/2021\/04\/170905341_3838344072916076_5909410196118240314_n.jpg\",\"contentUrl\":\"https:\/\/d2p6e6u75xmxt8.cloudfront.net\/5\/2021\/04\/170905341_3838344072916076_5909410196118240314_n.jpg\",\"width\":2050,\"height\":780},{\"@type\":\"BreadcrumbList\",\"@id\":\"https:\/\/www.welovecycling.com\/pl\/2021\/04\/16\/po-jakim-swiecie-chcemy-sie-poruszac-czas-na-rokbezpiecznstwa\/#breadcrumb\",\"itemListElement\":[{\"@type\":\"ListItem\",\"position\":1,\"name\":\"Home\",\"item\":\"https:\/\/www.welovecycling.com\/pl\/\"},{\"@type\":\"ListItem\",\"position\":2,\"name\":\"Po jakim \u015bwiecie chcemy si\u0119 porusza\u0107? Czas na #ROKBEZPIECZ\u0143STWA!\"}]},{\"@type\":\"WebSite\",\"@id\":\"https:\/\/www.welovecycling.com\/pl\/#website\",\"url\":\"https:\/\/www.welovecycling.com\/pl\/\",\"name\":\"\u0160koda We Love Cycling - Poland\",\"description\":\"\",\"potentialAction\":[{\"@type\":\"SearchAction\",\"target\":{\"@type\":\"EntryPoint\",\"urlTemplate\":\"https:\/\/www.welovecycling.com\/pl\/?s={search_term_string}\"},\"query-input\":{\"@type\":\"PropertyValueSpecification\",\"valueRequired\":true,\"valueName\":\"search_term_string\"}}],\"inLanguage\":\"pl-PL\"},{\"@type\":\"Person\",\"@id\":\"https:\/\/www.welovecycling.com\/pl\/#\/schema\/person\/4a79bac7bd265aa6a35a1079d36648be\",\"name\":\"oktawiamikulska\",\"image\":{\"@type\":\"ImageObject\",\"inLanguage\":\"pl-PL\",\"@id\":\"https:\/\/www.welovecycling.com\/pl\/#\/schema\/person\/image\/\",\"url\":\"https:\/\/secure.gravatar.com\/avatar\/b97a3f44e2de6d2f8dd358975937e49823662e12cbd810b9d1a2bff1c149e8a7?s=96&d=mm&r=g\",\"contentUrl\":\"https:\/\/secure.gravatar.com\/avatar\/b97a3f44e2de6d2f8dd358975937e49823662e12cbd810b9d1a2bff1c149e8a7?s=96&d=mm&r=g\",\"caption\":\"oktawiamikulska\"},\"url\":\"https:\/\/www.welovecycling.com\/pl\/author\/oktawiamikulska\/\"}]}<\/script>\n<!-- \/ Yoast SEO Premium plugin. -->","yoast_head_json":{"title":"Po jakim \u015bwiecie chcemy si\u0119 porusza\u0107? Czas na #ROKBEZPIECZ\u0143STWA! - \u0160koda We Love Cycling - Poland","description":"Mo\u017cemy go urz\u0105dzi\u0107 jak d\u017cungl\u0119: bez zasad, bez skrupu\u0142\u00f3w, z niebezpiecze\u0144stwem czyhaj\u0105cym za ka\u017cdym rogiem. Mo\u017cemy te\u017c jednak sprawi\u0107, \u017ce b\u0119dzie przewidywalny, bezpieczny i pe\u0142en wzajemnego szacunku. I w\u0142a\u015bnie taki \u015bwiat promuje \u0160koda w akcji #ROKBEZPIECZ\u0143STWA.","robots":{"index":"index","follow":"follow","max-snippet":"max-snippet:-1","max-image-preview":"max-image-preview:large","max-video-preview":"max-video-preview:-1"},"canonical":"https:\/\/www.welovecycling.com\/pl\/2021\/04\/16\/po-jakim-swiecie-chcemy-sie-poruszac-czas-na-rokbezpiecznstwa\/","og_locale":"pl_PL","og_type":"article","og_title":"Po jakim \u015bwiecie chcemy si\u0119 porusza\u0107? Czas na #ROKBEZPIECZ\u0143STWA!","og_description":"Mo\u017cemy go urz\u0105dzi\u0107 jak d\u017cungl\u0119: bez zasad, bez skrupu\u0142\u00f3w, z niebezpiecze\u0144stwem czyhaj\u0105cym za ka\u017cdym rogiem. Mo\u017cemy te\u017c jednak sprawi\u0107, \u017ce b\u0119dzie przewidywalny, bezpieczny i pe\u0142en wzajemnego szacunku. I w\u0142a\u015bnie taki \u015bwiat promuje \u0160koda w akcji #ROKBEZPIECZ\u0143STWA.","og_url":"https:\/\/www.welovecycling.com\/pl\/2021\/04\/16\/po-jakim-swiecie-chcemy-sie-poruszac-czas-na-rokbezpiecznstwa\/","og_site_name":"\u0160koda We Love Cycling - Poland","article_published_time":"2021-04-16T14:56:48+00:00","article_modified_time":"2024-05-09T13:02:27+00:00","og_image":[{"width":2050,"height":780,"url":"https:\/\/d2p6e6u75xmxt8.cloudfront.net\/5\/2021\/04\/170905341_3838344072916076_5909410196118240314_n.jpg","type":"image\/jpeg"}],"author":"oktawiamikulska","twitter_card":"summary_large_image","twitter_misc":{"Written by":"Piotr Jawor","Est. reading time":"3 minutes"},"schema":{"@context":"https:\/\/schema.org","@graph":[{"@type":"WebPage","@id":"https:\/\/www.welovecycling.com\/pl\/2021\/04\/16\/po-jakim-swiecie-chcemy-sie-poruszac-czas-na-rokbezpiecznstwa\/","url":"https:\/\/www.welovecycling.com\/pl\/2021\/04\/16\/po-jakim-swiecie-chcemy-sie-poruszac-czas-na-rokbezpiecznstwa\/","name":"Po jakim \u015bwiecie chcemy si\u0119 porusza\u0107? Czas na #ROKBEZPIECZ\u0143STWA! - \u0160koda We Love Cycling - Poland","isPartOf":{"@id":"https:\/\/www.welovecycling.com\/pl\/#website"},"primaryImageOfPage":{"@id":"https:\/\/www.welovecycling.com\/pl\/2021\/04\/16\/po-jakim-swiecie-chcemy-sie-poruszac-czas-na-rokbezpiecznstwa\/#primaryimage"},"image":{"@id":"https:\/\/www.welovecycling.com\/pl\/2021\/04\/16\/po-jakim-swiecie-chcemy-sie-poruszac-czas-na-rokbezpiecznstwa\/#primaryimage"},"thumbnailUrl":"https:\/\/d2p6e6u75xmxt8.cloudfront.net\/5\/2021\/04\/170905341_3838344072916076_5909410196118240314_n.jpg","datePublished":"2021-04-16T14:56:48+00:00","dateModified":"2024-05-09T13:02:27+00:00","author":{"@id":"https:\/\/www.welovecycling.com\/pl\/#\/schema\/person\/4a79bac7bd265aa6a35a1079d36648be"},"description":"Mo\u017cemy go urz\u0105dzi\u0107 jak d\u017cungl\u0119: bez zasad, bez skrupu\u0142\u00f3w, z niebezpiecze\u0144stwem czyhaj\u0105cym za ka\u017cdym rogiem. Mo\u017cemy te\u017c jednak sprawi\u0107, \u017ce b\u0119dzie przewidywalny, bezpieczny i pe\u0142en wzajemnego szacunku. I w\u0142a\u015bnie taki \u015bwiat promuje \u0160koda w akcji #ROKBEZPIECZ\u0143STWA.","breadcrumb":{"@id":"https:\/\/www.welovecycling.com\/pl\/2021\/04\/16\/po-jakim-swiecie-chcemy-sie-poruszac-czas-na-rokbezpiecznstwa\/#breadcrumb"},"inLanguage":"pl-PL","potentialAction":[{"@type":"ReadAction","target":["https:\/\/www.welovecycling.com\/pl\/2021\/04\/16\/po-jakim-swiecie-chcemy-sie-poruszac-czas-na-rokbezpiecznstwa\/"]}]},{"@type":"ImageObject","inLanguage":"pl-PL","@id":"https:\/\/www.welovecycling.com\/pl\/2021\/04\/16\/po-jakim-swiecie-chcemy-sie-poruszac-czas-na-rokbezpiecznstwa\/#primaryimage","url":"https:\/\/d2p6e6u75xmxt8.cloudfront.net\/5\/2021\/04\/170905341_3838344072916076_5909410196118240314_n.jpg","contentUrl":"https:\/\/d2p6e6u75xmxt8.cloudfront.net\/5\/2021\/04\/170905341_3838344072916076_5909410196118240314_n.jpg","width":2050,"height":780},{"@type":"BreadcrumbList","@id":"https:\/\/www.welovecycling.com\/pl\/2021\/04\/16\/po-jakim-swiecie-chcemy-sie-poruszac-czas-na-rokbezpiecznstwa\/#breadcrumb","itemListElement":[{"@type":"ListItem","position":1,"name":"Home","item":"https:\/\/www.welovecycling.com\/pl\/"},{"@type":"ListItem","position":2,"name":"Po jakim \u015bwiecie chcemy si\u0119 porusza\u0107? Czas na #ROKBEZPIECZ\u0143STWA!"}]},{"@type":"WebSite","@id":"https:\/\/www.welovecycling.com\/pl\/#website","url":"https:\/\/www.welovecycling.com\/pl\/","name":"\u0160koda We Love Cycling - Poland","description":"","potentialAction":[{"@type":"SearchAction","target":{"@type":"EntryPoint","urlTemplate":"https:\/\/www.welovecycling.com\/pl\/?s={search_term_string}"},"query-input":{"@type":"PropertyValueSpecification","valueRequired":true,"valueName":"search_term_string"}}],"inLanguage":"pl-PL"},{"@type":"Person","@id":"https:\/\/www.welovecycling.com\/pl\/#\/schema\/person\/4a79bac7bd265aa6a35a1079d36648be","name":"oktawiamikulska","image":{"@type":"ImageObject","inLanguage":"pl-PL","@id":"https:\/\/www.welovecycling.com\/pl\/#\/schema\/person\/image\/","url":"https:\/\/secure.gravatar.com\/avatar\/b97a3f44e2de6d2f8dd358975937e49823662e12cbd810b9d1a2bff1c149e8a7?s=96&d=mm&r=g","contentUrl":"https:\/\/secure.gravatar.com\/avatar\/b97a3f44e2de6d2f8dd358975937e49823662e12cbd810b9d1a2bff1c149e8a7?s=96&d=mm&r=g","caption":"oktawiamikulska"},"url":"https:\/\/www.welovecycling.com\/pl\/author\/oktawiamikulska\/"}]}},"_links":{"self":[{"href":"https:\/\/www.welovecycling.com\/pl\/wp-json\/wp\/v2\/posts\/11681","targetHints":{"allow":["GET"]}}],"collection":[{"href":"https:\/\/www.welovecycling.com\/pl\/wp-json\/wp\/v2\/posts"}],"about":[{"href":"https:\/\/www.welovecycling.com\/pl\/wp-json\/wp\/v2\/types\/post"}],"author":[{"embeddable":true,"href":"https:\/\/www.welovecycling.com\/pl\/wp-json\/wp\/v2\/users\/125"}],"replies":[{"embeddable":true,"href":"https:\/\/www.welovecycling.com\/pl\/wp-json\/wp\/v2\/comments?post=11681"}],"version-history":[{"count":3,"href":"https:\/\/www.welovecycling.com\/pl\/wp-json\/wp\/v2\/posts\/11681\/revisions"}],"predecessor-version":[{"id":14706,"href":"https:\/\/www.welovecycling.com\/pl\/wp-json\/wp\/v2\/posts\/11681\/revisions\/14706"}],"wp:featuredmedia":[{"embeddable":true,"href":"https:\/\/www.welovecycling.com\/pl\/wp-json\/wp\/v2\/media\/11691"}],"wp:attachment":[{"href":"https:\/\/www.welovecycling.com\/pl\/wp-json\/wp\/v2\/media?parent=11681"}],"wp:term":[{"taxonomy":"category","embeddable":true,"href":"https:\/\/www.welovecycling.com\/pl\/wp-json\/wp\/v2\/categories?post=11681"},{"taxonomy":"post_tag","embeddable":true,"href":"https:\/\/www.welovecycling.com\/pl\/wp-json\/wp\/v2\/tags?post=11681"},{"taxonomy":"global-categories","embeddable":true,"href":"https:\/\/www.welovecycling.com\/pl\/wp-json\/wp\/v2\/global-categories?post=11681"}],"curies":[{"name":"wp","href":"https:\/\/api.w.org\/{rel}","templated":true}]}}